{"id":56746,"date":"2022-02-19T13:16:43","date_gmt":"2022-02-19T11:16:43","guid":{"rendered":"https:\/\/ppdegalicia.com\/avelino-souto-debemos-seguir-escoitando-ao-noso-rural-para-encarar-os-grandes-desafios-aos-que-se-enfrontan-os-vecinos-destas-zonas\/"},"modified":"2022-02-19T13:16:43","modified_gmt":"2022-02-19T11:16:43","slug":"avelino-souto-debemos-seguir-escoitando-ao-noso-rural-para-encarar-os-grandes-desafios-aos-que-se-enfrontan-os-vecinos-destas-zonas","status":"publish","type":"post","link":"https:\/\/ppdegalicia.com\/es\/avelino-souto-debemos-seguir-escoitando-ao-noso-rural-para-encarar-os-grandes-desafios-aos-que-se-enfrontan-os-vecinos-destas-zonas\/","title":{"rendered":"Avelino Souto: \u201cDebemos seguir escoitando ao noso rural para encarar os grandes desaf\u00edos aos que se enfrontan os veci\u00f1os destas zonas\u201d"},"content":{"rendered":"<p><img fetchpriority=\"high\" decoding=\"async\" class=\" size-full wp-image-56745\" src=\"https:\/\/ppdegalicia.com\/wp-content\/uploads\/2022\/02\/85fab6ece2f857139abac6536d36e1d3.jpg\" alt=\"\" width=\"2048\" height=\"1365\" srcset=\"https:\/\/ppdegalicia.com\/wp-content\/uploads\/2022\/02\/85fab6ece2f857139abac6536d36e1d3.jpg 2048w, https:\/\/ppdegalicia.com\/wp-content\/uploads\/2022\/02\/85fab6ece2f857139abac6536d36e1d3-300x200.jpg 300w, https:\/\/ppdegalicia.com\/wp-content\/uploads\/2022\/02\/85fab6ece2f857139abac6536d36e1d3-1024x683.jpg 1024w, https:\/\/ppdegalicia.com\/wp-content\/uploads\/2022\/02\/85fab6ece2f857139abac6536d36e1d3-768x512.jpg 768w, https:\/\/ppdegalicia.com\/wp-content\/uploads\/2022\/02\/85fab6ece2f857139abac6536d36e1d3-1536x1024.jpg 1536w\" sizes=\"(max-width: 2048px) 100vw, 2048px\" \/><\/p>\n<p style=\"text-align: justify;\">\u00a0\u201cQueremos un rural sostible medioambientalmente, rendible, vivo e que sexa atractivo para vivir e para traballar\u201d, di na constituci\u00f3n da Comisi\u00f3n de Medio Rural do PPdeG, que preside<\/p>\n<p><!--more--><\/p>\n<p style=\"text-align: justify;\">\u201cSeguir escoitando ao noso rural\u201d \u00e9 o obxectivo co que nace a Comisi\u00f3n de Medio Rural do PPdeG, presidida polo coordinador do partido nesta \u00e1rea, Avelino Souto: \u201cQue as voces dos nosos alcaldes, portavoces e en xeral de todos os actores territoriais da Galicia rural cheguen directamente \u00e1 direcci\u00f3n da formaci\u00f3n e ao Goberno\u201d.<\/p>\n<p style=\"text-align: justify;\">\u00a0<\/p>\n<p style=\"text-align: justify;\">O foro que hoxe se constitu\u00edu conta 26 membros entre os que se atopan o secretario xeral dos populares galegos, Miguel Tellado, o conselleiro de Medio Rural, Jos\u00e9 Gonz\u00e1lez, a presidenta provincial do PP de Lugo, Elena Candia, as\u00ed como alcaldes, portavoces, deputados da Comisi\u00f3n de Agricultura, Alimentaci\u00f3n, Gandar\u00eda e Montes e diferentes actores territoriais do medio rural de Galicia que son -dixo Souto- \u201cos nosos ollos e o\u00eddos no territorio\u201d.<\/p>\n<p style=\"text-align: justify;\">\u00a0<\/p>\n<p style=\"text-align: justify;\">Como sinalou, a s\u00faa organizaci\u00f3n leva o rural no seu ADN, tendo unha ampla base territorial nesta contorna e cunha enorme sensibilidade cara aos desaf\u00edos dos veci\u00f1os nestas zonas da nosa terra. Nese senso, resaltou que o futuro da Comunidade \u00e9 tam\u00e9n o do noso rural, recordando que nos enfrontamos a cuesti\u00f3ns como o da s\u00faa pervivencia demogr\u00e1fica, o prezo dos servizos ou os problemas dos custos de produci\u00f3n, \u201cgrandes retos que nos preocupan e para os que tanto desde a formaci\u00f3n como desde o Goberno galego se inviste moito tempo e recursos en tratar de afrontalos\u201d.<\/p>\n<p style=\"text-align: justify;\">\u00a0<\/p>\n<p style=\"text-align: justify;\">\u201cQueremos un rural que sexa sostible medioambientalmente, rendible, econ\u00f3mico e vivo, un que sexa atractivo para vivir e para traballar, e as\u00ed o imos facer porque o \u00e9xito do noso rural ser\u00e1 o \u00e9xito de Galicia\u201d, subli\u00f1ou engadindo que o futuro tam\u00e9n pasa por lograr a igualdade de dereitos. Sobre isto, aclarou que, independentemente de nacer nunha cidade ou nunha vila pequena, os cidad\u00e1ns deben ter exactamente as mesmas oportunidades educativas, sanitarias, profesionais, as\u00ed como os mesmos servizos.<\/p>\n<p style=\"text-align: justify;\">\u00a0<\/p>\n<p style=\"text-align: justify;\">Nesta li\u00f1a, recordou que a nosa Comunidade xa \u00e9 un referente neste eido e salientou o traballo por parte da Xunta durante os \u00faltimos 13 anos. De todos modos, o coordinador indicou que a\u00ednda queda moito por facer, incidindo en que para poder facer fronte a estes retos \u00e9 preciso co\u00f1ecer de primeira man os problemas e as necesidades reais do noso rural, algo para o que destacou o papel fundamental da Comisi\u00f3n.<\/p>\n","protected":false},"excerpt":{"rendered":"<p>\u00a0\u201cQueremos un rural sostible medioambientalmente, rendible, vivo e que sexa atractivo para vivir e para traballar\u201d, di na constituci\u00f3n da Comisi\u00f3n de Medio Rural do PPdeG, que preside<\/p>\n","protected":false},"author":38,"featured_media":56745,"comment_status":"open","ping_status":"open","sticky":false,"template":"","format":"standard","meta":{"_acf_changed":false,"footnotes":""},"categories":[1],"tags":[],"class_list":["post-56746","post","type-post","status-publish","format-standard","has-post-thumbnail","hentry","category-pp-de-galicia"],"acf":[],"yoast_head":"<!-- This site is optimized with the Yoast SEO plugin v27.3 - https:\/\/yoast.com\/product\/yoast-seo-wordpress\/ -->\n<title>Avelino Souto: \u201cDebemos seguir escoitando ao noso rural para encarar os grandes desaf\u00edos aos que se enfrontan os veci\u00f1os destas zonas\u201d - PP de Galicia<\/title>\n<meta name=\"robots\" content=\"index, follow, max-snippet:-1, max-image-preview:large, max-video-preview:-1\" \/>\n<link rel=\"canonical\" href=\"https:\/\/ppdegalicia.com\/es\/avelino-souto-debemos-seguir-escoitando-ao-noso-rural-para-encarar-os-grandes-desafios-aos-que-se-enfrontan-os-vecinos-destas-zonas\/\" \/>\n<meta property=\"og:locale\" content=\"es_ES\" \/>\n<meta property=\"og:type\" content=\"article\" \/>\n<meta property=\"og:title\" content=\"Avelino Souto: \u201cDebemos seguir escoitando ao noso rural para encarar os grandes desaf\u00edos aos que se enfrontan os veci\u00f1os destas zonas\u201d - PP de Galicia\" \/>\n<meta property=\"og:description\" content=\"\u00a0\u201cQueremos un rural sostible medioambientalmente, rendible, vivo e que sexa atractivo para vivir e para traballar\u201d, di na constituci\u00f3n da Comisi\u00f3n de Medio Rural do PPdeG, que preside\" \/>\n<meta property=\"og:url\" content=\"https:\/\/ppdegalicia.com\/es\/avelino-souto-debemos-seguir-escoitando-ao-noso-rural-para-encarar-os-grandes-desafios-aos-que-se-enfrontan-os-vecinos-destas-zonas\/\" \/>\n<meta property=\"og:site_name\" content=\"PP de Galicia\" \/>\n<meta property=\"article:publisher\" content=\"https:\/\/www.instagram.com\/ppdegalicia\/\" \/>\n<meta property=\"article:published_time\" content=\"2022-02-19T11:16:43+00:00\" \/>\n<meta property=\"og:image\" content=\"https:\/\/ppdegalicia.com\/wp-content\/uploads\/2022\/02\/85fab6ece2f857139abac6536d36e1d3.jpg\" \/>\n\t<meta property=\"og:image:width\" content=\"2048\" \/>\n\t<meta property=\"og:image:height\" content=\"1365\" \/>\n\t<meta property=\"og:image:type\" content=\"image\/jpeg\" \/>\n<meta name=\"author\" content=\"ppdegaliciaredes\" \/>\n<meta name=\"twitter:card\" content=\"summary_large_image\" \/>\n<meta name=\"twitter:creator\" content=\"@ppdegalicia\" \/>\n<meta name=\"twitter:site\" content=\"@ppdegalicia\" \/>\n<meta name=\"twitter:label1\" content=\"Escrito por\" \/>\n\t<meta name=\"twitter:data1\" content=\"ppdegaliciaredes\" \/>\n\t<meta name=\"twitter:label2\" content=\"Tiempo de lectura\" \/>\n\t<meta name=\"twitter:data2\" content=\"2 minutos\" \/>\n<script type=\"application\/ld+json\" class=\"yoast-schema-graph\">{\"@context\":\"https:\\\/\\\/schema.org\",\"@graph\":[{\"@type\":\"Article\",\"@id\":\"https:\\\/\\\/ppdegalicia.com\\\/es\\\/avelino-souto-debemos-seguir-escoitando-ao-noso-rural-para-encarar-os-grandes-desafios-aos-que-se-enfrontan-os-vecinos-destas-zonas\\\/#article\",\"isPartOf\":{\"@id\":\"https:\\\/\\\/ppdegalicia.com\\\/es\\\/avelino-souto-debemos-seguir-escoitando-ao-noso-rural-para-encarar-os-grandes-desafios-aos-que-se-enfrontan-os-vecinos-destas-zonas\\\/\"},\"author\":{\"name\":\"ppdegaliciaredes\",\"@id\":\"https:\\\/\\\/ppdegalicia.com\\\/es\\\/#\\\/schema\\\/person\\\/5b822c6f59e872ebdd1142f307dbcb59\"},\"headline\":\"Avelino Souto: \u201cDebemos seguir escoitando ao noso rural para encarar os grandes desaf\u00edos aos que se enfrontan os veci\u00f1os destas zonas\u201d\",\"datePublished\":\"2022-02-19T11:16:43+00:00\",\"mainEntityOfPage\":{\"@id\":\"https:\\\/\\\/ppdegalicia.com\\\/es\\\/avelino-souto-debemos-seguir-escoitando-ao-noso-rural-para-encarar-os-grandes-desafios-aos-que-se-enfrontan-os-vecinos-destas-zonas\\\/\"},\"wordCount\":446,\"commentCount\":0,\"publisher\":{\"@id\":\"https:\\\/\\\/ppdegalicia.com\\\/es\\\/#organization\"},\"image\":{\"@id\":\"https:\\\/\\\/ppdegalicia.com\\\/es\\\/avelino-souto-debemos-seguir-escoitando-ao-noso-rural-para-encarar-os-grandes-desafios-aos-que-se-enfrontan-os-vecinos-destas-zonas\\\/#primaryimage\"},\"thumbnailUrl\":\"https:\\\/\\\/ppdegalicia.com\\\/wp-content\\\/uploads\\\/2022\\\/02\\\/85fab6ece2f857139abac6536d36e1d3.jpg\",\"articleSection\":[\"PP de Galicia\"],\"inLanguage\":\"es\",\"potentialAction\":[{\"@type\":\"CommentAction\",\"name\":\"Comment\",\"target\":[\"https:\\\/\\\/ppdegalicia.com\\\/es\\\/avelino-souto-debemos-seguir-escoitando-ao-noso-rural-para-encarar-os-grandes-desafios-aos-que-se-enfrontan-os-vecinos-destas-zonas\\\/#respond\"]}]},{\"@type\":\"WebPage\",\"@id\":\"https:\\\/\\\/ppdegalicia.com\\\/es\\\/avelino-souto-debemos-seguir-escoitando-ao-noso-rural-para-encarar-os-grandes-desafios-aos-que-se-enfrontan-os-vecinos-destas-zonas\\\/\",\"url\":\"https:\\\/\\\/ppdegalicia.com\\\/es\\\/avelino-souto-debemos-seguir-escoitando-ao-noso-rural-para-encarar-os-grandes-desafios-aos-que-se-enfrontan-os-vecinos-destas-zonas\\\/\",\"name\":\"Avelino Souto: \u201cDebemos seguir escoitando ao noso rural para encarar os grandes desaf\u00edos aos que se enfrontan os veci\u00f1os destas zonas\u201d - PP de Galicia\",\"isPartOf\":{\"@id\":\"https:\\\/\\\/ppdegalicia.com\\\/es\\\/#website\"},\"primaryImageOfPage\":{\"@id\":\"https:\\\/\\\/ppdegalicia.com\\\/es\\\/avelino-souto-debemos-seguir-escoitando-ao-noso-rural-para-encarar-os-grandes-desafios-aos-que-se-enfrontan-os-vecinos-destas-zonas\\\/#primaryimage\"},\"image\":{\"@id\":\"https:\\\/\\\/ppdegalicia.com\\\/es\\\/avelino-souto-debemos-seguir-escoitando-ao-noso-rural-para-encarar-os-grandes-desafios-aos-que-se-enfrontan-os-vecinos-destas-zonas\\\/#primaryimage\"},\"thumbnailUrl\":\"https:\\\/\\\/ppdegalicia.com\\\/wp-content\\\/uploads\\\/2022\\\/02\\\/85fab6ece2f857139abac6536d36e1d3.jpg\",\"datePublished\":\"2022-02-19T11:16:43+00:00\",\"breadcrumb\":{\"@id\":\"https:\\\/\\\/ppdegalicia.com\\\/es\\\/avelino-souto-debemos-seguir-escoitando-ao-noso-rural-para-encarar-os-grandes-desafios-aos-que-se-enfrontan-os-vecinos-destas-zonas\\\/#breadcrumb\"},\"inLanguage\":\"es\",\"potentialAction\":[{\"@type\":\"ReadAction\",\"target\":[\"https:\\\/\\\/ppdegalicia.com\\\/es\\\/avelino-souto-debemos-seguir-escoitando-ao-noso-rural-para-encarar-os-grandes-desafios-aos-que-se-enfrontan-os-vecinos-destas-zonas\\\/\"]}]},{\"@type\":\"ImageObject\",\"inLanguage\":\"es\",\"@id\":\"https:\\\/\\\/ppdegalicia.com\\\/es\\\/avelino-souto-debemos-seguir-escoitando-ao-noso-rural-para-encarar-os-grandes-desafios-aos-que-se-enfrontan-os-vecinos-destas-zonas\\\/#primaryimage\",\"url\":\"https:\\\/\\\/ppdegalicia.com\\\/wp-content\\\/uploads\\\/2022\\\/02\\\/85fab6ece2f857139abac6536d36e1d3.jpg\",\"contentUrl\":\"https:\\\/\\\/ppdegalicia.com\\\/wp-content\\\/uploads\\\/2022\\\/02\\\/85fab6ece2f857139abac6536d36e1d3.jpg\",\"width\":2048,\"height\":1365},{\"@type\":\"BreadcrumbList\",\"@id\":\"https:\\\/\\\/ppdegalicia.com\\\/es\\\/avelino-souto-debemos-seguir-escoitando-ao-noso-rural-para-encarar-os-grandes-desafios-aos-que-se-enfrontan-os-vecinos-destas-zonas\\\/#breadcrumb\",\"itemListElement\":[{\"@type\":\"ListItem\",\"position\":1,\"name\":\"Portada\",\"item\":\"https:\\\/\\\/ppdegalicia.com\\\/es\\\/\"},{\"@type\":\"ListItem\",\"position\":2,\"name\":\"Avelino Souto: \u201cDebemos seguir escoitando ao noso rural para encarar os grandes desaf\u00edos aos que se enfrontan os veci\u00f1os destas zonas\u201d\"}]},{\"@type\":\"WebSite\",\"@id\":\"https:\\\/\\\/ppdegalicia.com\\\/es\\\/#website\",\"url\":\"https:\\\/\\\/ppdegalicia.com\\\/es\\\/\",\"name\":\"Partido Popular de Galicia\",\"description\":\"Partido Popular de Galicia\",\"publisher\":{\"@id\":\"https:\\\/\\\/ppdegalicia.com\\\/es\\\/#organization\"},\"alternateName\":\"PP de Galicia\",\"potentialAction\":[{\"@type\":\"SearchAction\",\"target\":{\"@type\":\"EntryPoint\",\"urlTemplate\":\"https:\\\/\\\/ppdegalicia.com\\\/es\\\/?s={search_term_string}\"},\"query-input\":{\"@type\":\"PropertyValueSpecification\",\"valueRequired\":true,\"valueName\":\"search_term_string\"}}],\"inLanguage\":\"es\"},{\"@type\":\"Organization\",\"@id\":\"https:\\\/\\\/ppdegalicia.com\\\/es\\\/#organization\",\"name\":\"Partido Popular de Galicia\",\"alternateName\":\"PP de Galicia\",\"url\":\"https:\\\/\\\/ppdegalicia.com\\\/es\\\/\",\"logo\":{\"@type\":\"ImageObject\",\"inLanguage\":\"es\",\"@id\":\"https:\\\/\\\/ppdegalicia.com\\\/es\\\/#\\\/schema\\\/logo\\\/image\\\/\",\"url\":\"https:\\\/\\\/ppdegalicia.com\\\/wp-content\\\/uploads\\\/2023\\\/04\\\/logoPP512.png\",\"contentUrl\":\"https:\\\/\\\/ppdegalicia.com\\\/wp-content\\\/uploads\\\/2023\\\/04\\\/logoPP512.png\",\"width\":512,\"height\":512,\"caption\":\"Partido Popular de Galicia\"},\"image\":{\"@id\":\"https:\\\/\\\/ppdegalicia.com\\\/es\\\/#\\\/schema\\\/logo\\\/image\\\/\"},\"sameAs\":[\"https:\\\/\\\/www.instagram.com\\\/ppdegalicia\\\/\",\"https:\\\/\\\/x.com\\\/ppdegalicia\",\"https:\\\/\\\/www.tiktok.com\\\/@ppdegalicia\",\"https:\\\/\\\/www.youtube.com\\\/user\\\/ppdegalicia\"]},{\"@type\":\"Person\",\"@id\":\"https:\\\/\\\/ppdegalicia.com\\\/es\\\/#\\\/schema\\\/person\\\/5b822c6f59e872ebdd1142f307dbcb59\",\"name\":\"ppdegaliciaredes\",\"image\":{\"@type\":\"ImageObject\",\"inLanguage\":\"es\",\"@id\":\"https:\\\/\\\/secure.gravatar.com\\\/avatar\\\/3c9179cf0256d00c72a48d1f25783c58b6842cd56e85ef3a572881c8e28ccd59?s=96&d=mm&r=g\",\"url\":\"https:\\\/\\\/secure.gravatar.com\\\/avatar\\\/3c9179cf0256d00c72a48d1f25783c58b6842cd56e85ef3a572881c8e28ccd59?s=96&d=mm&r=g\",\"contentUrl\":\"https:\\\/\\\/secure.gravatar.com\\\/avatar\\\/3c9179cf0256d00c72a48d1f25783c58b6842cd56e85ef3a572881c8e28ccd59?s=96&d=mm&r=g\",\"caption\":\"ppdegaliciaredes\"},\"url\":\"https:\\\/\\\/ppdegalicia.com\\\/es\\\/author\\\/ppdegaliciaredes\\\/\"}]}<\/script>\n<!-- \/ Yoast SEO plugin. -->","yoast_head_json":{"title":"Avelino Souto: \u201cDebemos seguir escoitando ao noso rural para encarar os grandes desaf\u00edos aos que se enfrontan os veci\u00f1os destas zonas\u201d - PP de Galicia","robots":{"index":"index","follow":"follow","max-snippet":"max-snippet:-1","max-image-preview":"max-image-preview:large","max-video-preview":"max-video-preview:-1"},"canonical":"https:\/\/ppdegalicia.com\/es\/avelino-souto-debemos-seguir-escoitando-ao-noso-rural-para-encarar-os-grandes-desafios-aos-que-se-enfrontan-os-vecinos-destas-zonas\/","og_locale":"es_ES","og_type":"article","og_title":"Avelino Souto: \u201cDebemos seguir escoitando ao noso rural para encarar os grandes desaf\u00edos aos que se enfrontan os veci\u00f1os destas zonas\u201d - PP de Galicia","og_description":"\u00a0\u201cQueremos un rural sostible medioambientalmente, rendible, vivo e que sexa atractivo para vivir e para traballar\u201d, di na constituci\u00f3n da Comisi\u00f3n de Medio Rural do PPdeG, que preside","og_url":"https:\/\/ppdegalicia.com\/es\/avelino-souto-debemos-seguir-escoitando-ao-noso-rural-para-encarar-os-grandes-desafios-aos-que-se-enfrontan-os-vecinos-destas-zonas\/","og_site_name":"PP de Galicia","article_publisher":"https:\/\/www.instagram.com\/ppdegalicia\/","article_published_time":"2022-02-19T11:16:43+00:00","og_image":[{"width":2048,"height":1365,"url":"https:\/\/ppdegalicia.com\/wp-content\/uploads\/2022\/02\/85fab6ece2f857139abac6536d36e1d3.jpg","type":"image\/jpeg"}],"author":"ppdegaliciaredes","twitter_card":"summary_large_image","twitter_creator":"@ppdegalicia","twitter_site":"@ppdegalicia","twitter_misc":{"Escrito por":"ppdegaliciaredes","Tiempo de lectura":"2 minutos"},"schema":{"@context":"https:\/\/schema.org","@graph":[{"@type":"Article","@id":"https:\/\/ppdegalicia.com\/es\/avelino-souto-debemos-seguir-escoitando-ao-noso-rural-para-encarar-os-grandes-desafios-aos-que-se-enfrontan-os-vecinos-destas-zonas\/#article","isPartOf":{"@id":"https:\/\/ppdegalicia.com\/es\/avelino-souto-debemos-seguir-escoitando-ao-noso-rural-para-encarar-os-grandes-desafios-aos-que-se-enfrontan-os-vecinos-destas-zonas\/"},"author":{"name":"ppdegaliciaredes","@id":"https:\/\/ppdegalicia.com\/es\/#\/schema\/person\/5b822c6f59e872ebdd1142f307dbcb59"},"headline":"Avelino Souto: \u201cDebemos seguir escoitando ao noso rural para encarar os grandes desaf\u00edos aos que se enfrontan os veci\u00f1os destas zonas\u201d","datePublished":"2022-02-19T11:16:43+00:00","mainEntityOfPage":{"@id":"https:\/\/ppdegalicia.com\/es\/avelino-souto-debemos-seguir-escoitando-ao-noso-rural-para-encarar-os-grandes-desafios-aos-que-se-enfrontan-os-vecinos-destas-zonas\/"},"wordCount":446,"commentCount":0,"publisher":{"@id":"https:\/\/ppdegalicia.com\/es\/#organization"},"image":{"@id":"https:\/\/ppdegalicia.com\/es\/avelino-souto-debemos-seguir-escoitando-ao-noso-rural-para-encarar-os-grandes-desafios-aos-que-se-enfrontan-os-vecinos-destas-zonas\/#primaryimage"},"thumbnailUrl":"https:\/\/ppdegalicia.com\/wp-content\/uploads\/2022\/02\/85fab6ece2f857139abac6536d36e1d3.jpg","articleSection":["PP de Galicia"],"inLanguage":"es","potentialAction":[{"@type":"CommentAction","name":"Comment","target":["https:\/\/ppdegalicia.com\/es\/avelino-souto-debemos-seguir-escoitando-ao-noso-rural-para-encarar-os-grandes-desafios-aos-que-se-enfrontan-os-vecinos-destas-zonas\/#respond"]}]},{"@type":"WebPage","@id":"https:\/\/ppdegalicia.com\/es\/avelino-souto-debemos-seguir-escoitando-ao-noso-rural-para-encarar-os-grandes-desafios-aos-que-se-enfrontan-os-vecinos-destas-zonas\/","url":"https:\/\/ppdegalicia.com\/es\/avelino-souto-debemos-seguir-escoitando-ao-noso-rural-para-encarar-os-grandes-desafios-aos-que-se-enfrontan-os-vecinos-destas-zonas\/","name":"Avelino Souto: \u201cDebemos seguir escoitando ao noso rural para encarar os grandes desaf\u00edos aos que se enfrontan os veci\u00f1os destas zonas\u201d - PP de Galicia","isPartOf":{"@id":"https:\/\/ppdegalicia.com\/es\/#website"},"primaryImageOfPage":{"@id":"https:\/\/ppdegalicia.com\/es\/avelino-souto-debemos-seguir-escoitando-ao-noso-rural-para-encarar-os-grandes-desafios-aos-que-se-enfrontan-os-vecinos-destas-zonas\/#primaryimage"},"image":{"@id":"https:\/\/ppdegalicia.com\/es\/avelino-souto-debemos-seguir-escoitando-ao-noso-rural-para-encarar-os-grandes-desafios-aos-que-se-enfrontan-os-vecinos-destas-zonas\/#primaryimage"},"thumbnailUrl":"https:\/\/ppdegalicia.com\/wp-content\/uploads\/2022\/02\/85fab6ece2f857139abac6536d36e1d3.jpg","datePublished":"2022-02-19T11:16:43+00:00","breadcrumb":{"@id":"https:\/\/ppdegalicia.com\/es\/avelino-souto-debemos-seguir-escoitando-ao-noso-rural-para-encarar-os-grandes-desafios-aos-que-se-enfrontan-os-vecinos-destas-zonas\/#breadcrumb"},"inLanguage":"es","potentialAction":[{"@type":"ReadAction","target":["https:\/\/ppdegalicia.com\/es\/avelino-souto-debemos-seguir-escoitando-ao-noso-rural-para-encarar-os-grandes-desafios-aos-que-se-enfrontan-os-vecinos-destas-zonas\/"]}]},{"@type":"ImageObject","inLanguage":"es","@id":"https:\/\/ppdegalicia.com\/es\/avelino-souto-debemos-seguir-escoitando-ao-noso-rural-para-encarar-os-grandes-desafios-aos-que-se-enfrontan-os-vecinos-destas-zonas\/#primaryimage","url":"https:\/\/ppdegalicia.com\/wp-content\/uploads\/2022\/02\/85fab6ece2f857139abac6536d36e1d3.jpg","contentUrl":"https:\/\/ppdegalicia.com\/wp-content\/uploads\/2022\/02\/85fab6ece2f857139abac6536d36e1d3.jpg","width":2048,"height":1365},{"@type":"BreadcrumbList","@id":"https:\/\/ppdegalicia.com\/es\/avelino-souto-debemos-seguir-escoitando-ao-noso-rural-para-encarar-os-grandes-desafios-aos-que-se-enfrontan-os-vecinos-destas-zonas\/#breadcrumb","itemListElement":[{"@type":"ListItem","position":1,"name":"Portada","item":"https:\/\/ppdegalicia.com\/es\/"},{"@type":"ListItem","position":2,"name":"Avelino Souto: \u201cDebemos seguir escoitando ao noso rural para encarar os grandes desaf\u00edos aos que se enfrontan os veci\u00f1os destas zonas\u201d"}]},{"@type":"WebSite","@id":"https:\/\/ppdegalicia.com\/es\/#website","url":"https:\/\/ppdegalicia.com\/es\/","name":"Partido Popular de Galicia","description":"Partido Popular de Galicia","publisher":{"@id":"https:\/\/ppdegalicia.com\/es\/#organization"},"alternateName":"PP de Galicia","potentialAction":[{"@type":"SearchAction","target":{"@type":"EntryPoint","urlTemplate":"https:\/\/ppdegalicia.com\/es\/?s={search_term_string}"},"query-input":{"@type":"PropertyValueSpecification","valueRequired":true,"valueName":"search_term_string"}}],"inLanguage":"es"},{"@type":"Organization","@id":"https:\/\/ppdegalicia.com\/es\/#organization","name":"Partido Popular de Galicia","alternateName":"PP de Galicia","url":"https:\/\/ppdegalicia.com\/es\/","logo":{"@type":"ImageObject","inLanguage":"es","@id":"https:\/\/ppdegalicia.com\/es\/#\/schema\/logo\/image\/","url":"https:\/\/ppdegalicia.com\/wp-content\/uploads\/2023\/04\/logoPP512.png","contentUrl":"https:\/\/ppdegalicia.com\/wp-content\/uploads\/2023\/04\/logoPP512.png","width":512,"height":512,"caption":"Partido Popular de Galicia"},"image":{"@id":"https:\/\/ppdegalicia.com\/es\/#\/schema\/logo\/image\/"},"sameAs":["https:\/\/www.instagram.com\/ppdegalicia\/","https:\/\/x.com\/ppdegalicia","https:\/\/www.tiktok.com\/@ppdegalicia","https:\/\/www.youtube.com\/user\/ppdegalicia"]},{"@type":"Person","@id":"https:\/\/ppdegalicia.com\/es\/#\/schema\/person\/5b822c6f59e872ebdd1142f307dbcb59","name":"ppdegaliciaredes","image":{"@type":"ImageObject","inLanguage":"es","@id":"https:\/\/secure.gravatar.com\/avatar\/3c9179cf0256d00c72a48d1f25783c58b6842cd56e85ef3a572881c8e28ccd59?s=96&d=mm&r=g","url":"https:\/\/secure.gravatar.com\/avatar\/3c9179cf0256d00c72a48d1f25783c58b6842cd56e85ef3a572881c8e28ccd59?s=96&d=mm&r=g","contentUrl":"https:\/\/secure.gravatar.com\/avatar\/3c9179cf0256d00c72a48d1f25783c58b6842cd56e85ef3a572881c8e28ccd59?s=96&d=mm&r=g","caption":"ppdegaliciaredes"},"url":"https:\/\/ppdegalicia.com\/es\/author\/ppdegaliciaredes\/"}]}},"_links":{"self":[{"href":"https:\/\/ppdegalicia.com\/es\/wp-json\/wp\/v2\/posts\/56746","targetHints":{"allow":["GET"]}}],"collection":[{"href":"https:\/\/ppdegalicia.com\/es\/wp-json\/wp\/v2\/posts"}],"about":[{"href":"https:\/\/ppdegalicia.com\/es\/wp-json\/wp\/v2\/types\/post"}],"author":[{"embeddable":true,"href":"https:\/\/ppdegalicia.com\/es\/wp-json\/wp\/v2\/users\/38"}],"replies":[{"embeddable":true,"href":"https:\/\/ppdegalicia.com\/es\/wp-json\/wp\/v2\/comments?post=56746"}],"version-history":[{"count":0,"href":"https:\/\/ppdegalicia.com\/es\/wp-json\/wp\/v2\/posts\/56746\/revisions"}],"wp:featuredmedia":[{"embeddable":true,"href":"https:\/\/ppdegalicia.com\/es\/wp-json\/wp\/v2\/media\/56745"}],"wp:attachment":[{"href":"https:\/\/ppdegalicia.com\/es\/wp-json\/wp\/v2\/media?parent=56746"}],"wp:term":[{"taxonomy":"category","embeddable":true,"href":"https:\/\/ppdegalicia.com\/es\/wp-json\/wp\/v2\/categories?post=56746"},{"taxonomy":"post_tag","embeddable":true,"href":"https:\/\/ppdegalicia.com\/es\/wp-json\/wp\/v2\/tags?post=56746"}],"curies":[{"name":"wp","href":"https:\/\/api.w.org\/{rel}","templated":true}]}}