{"id":56748,"date":"2022-02-21T08:43:36","date_gmt":"2022-02-21T06:43:36","guid":{"rendered":"https:\/\/ppdegalicia.com\/convocatoria-dos-procesos-de-seleccion-de-persoal-ao-servizo-da-administracion-de-xustiza\/"},"modified":"2022-02-21T08:43:36","modified_gmt":"2022-02-21T06:43:36","slug":"convocatoria-dos-procesos-de-seleccion-de-persoal-ao-servizo-da-administracion-de-xustiza","status":"publish","type":"post","link":"https:\/\/ppdegalicia.com\/es\/convocatoria-dos-procesos-de-seleccion-de-persoal-ao-servizo-da-administracion-de-xustiza\/","title":{"rendered":"Convocatoria dos procesos de selecci\u00f3n de persoal ao servizo da Administraci\u00f3n de Xustiza"},"content":{"rendered":"<p><img fetchpriority=\"high\" decoding=\"async\" class=\" size-full wp-image-56747\" src=\"https:\/\/ppdegalicia.com\/wp-content\/uploads\/2022\/02\/783186a33c3f0090659e10577e0624df-scaled.jpg\" alt=\"\" width=\"2560\" height=\"1920\" srcset=\"https:\/\/ppdegalicia.com\/wp-content\/uploads\/2022\/02\/783186a33c3f0090659e10577e0624df-scaled.jpg 2560w, https:\/\/ppdegalicia.com\/wp-content\/uploads\/2022\/02\/783186a33c3f0090659e10577e0624df-300x225.jpg 300w, https:\/\/ppdegalicia.com\/wp-content\/uploads\/2022\/02\/783186a33c3f0090659e10577e0624df-1024x768.jpg 1024w, https:\/\/ppdegalicia.com\/wp-content\/uploads\/2022\/02\/783186a33c3f0090659e10577e0624df-768x576.jpg 768w, https:\/\/ppdegalicia.com\/wp-content\/uploads\/2022\/02\/783186a33c3f0090659e10577e0624df-1536x1152.jpg 1536w, https:\/\/ppdegalicia.com\/wp-content\/uploads\/2022\/02\/783186a33c3f0090659e10577e0624df-2048x1536.jpg 2048w\" sizes=\"(max-width: 2560px) 100vw, 2560px\" \/><\/p>\n<p>Iniciativa sobre as actuaci\u00f3ns da Xunta de Galicia perante o Ministerio de Xustiza para a convocatoria dos procesos de selecci\u00f3n de persoal ao servizo da Administraci\u00f3n de xustiza<\/p>\n<p><!--more--><\/p>\n<p>\u00a0<\/p>\n<p>Segundo se indica no dito Real decreto, d\u00e1se as\u00ed resposta \u00e1s necesidades previamente analizadas nos distintos \u00e1mbitos, nomeadamente no eido da Administraci\u00f3n de xustiza, sinalando que \u201ca oferta de emprego p\u00fablico define e cuantifica os efectivos en funci\u00f3ns das necesidades e prioridades derivadas da planificaci\u00f3n xeral dos recursos\u201d<\/p>\n<p>Concretamente, no que atinxe as prazas autorizadas de persoal ao servizo da Administraci\u00f3n de xustiza dos corpos de m\u00e9dicos forenses, xesti\u00f3n procesual e administrativa, tramitaci\u00f3n procesual e administrativa, e mais auxilio xudicial, ascenden a 1.339 prazas, das cales 976 son prazas que corresponden a comunidades aut\u00f3nomas con traspaso de medios persoais, segundo se determina no anexo II.<\/p>\n<p>Os indicados funcionarios da Administraci\u00f3n de xustiza integran corpos nacionais que, cando est\u00e1n destinados en Galicia, son xestionados pola Xunta logo do traspaso de funci\u00f3ns realizado polo Estado no ano 1998. Esta condici\u00f3n de pertenza a corpos de car\u00e1cter nacional deriva en que a oferta de emprego p\u00fablico e mais as convocatorias de procesos selectivos, corresponda ao Goberno central a trav\u00e9s do Ministerio de Xustiza para todo o territorio do Estado.<\/p>\n<p>\u00a0<\/p>\n<p>Por isto, e dada a taxa de interinidade actualmente existente no dito persoal funcionario en Galicia, c\u00f3mpre que o Ministerio de Xustiza proceda o m\u00e1is axi\u00f1a posible \u00e1 convocatoria das correspondentes prazas e \u00e1 axilizaci\u00f3n dos procesos delas dimanantes.<\/p>\n<p>Por iso, desde este Grupo Parlamentario, presentamos a seguinte proposici\u00f3n non de lei en Comisi\u00f3n:<\/p>\n<p><strong>\u201cO Parlamento galego insta \u00e1 Xunta de Galicia a urxir ao Ministerio de Xustiza que proceda canto antes \u00e1 convocatoria das prazas correspondentes aos corpos de m\u00e9dicos forenses, xesti\u00f3n procesual e administrativa, tramitaci\u00f3n procesual e administrativa, e mais auxilio xudicial, e \u00e1 axilizaci\u00f3n dos procesos delas dimanantes, co obxectivo de acadar o maior grado de profesionalizaci\u00f3n posible reducindo a taxa de interinidade na Administraci\u00f3n de xustiza en Galicia\u201d.<\/strong><\/p>\n<p>\u00a0<\/p>\n<p><strong>Rexistro Iniciativa:\u00a0<a href=\"https:\/\/www.parlamentodegalicia.es\/Expedientes\/11\/PNC-002080\">https:\/\/www.parlamentodegalicia.es\/Expedientes\/11\/PNC-002080<\/a><\/strong><\/p>\n<p>\u00a0<\/p>\n<p>\u00a0<\/p>\n<p><strong>Nota de prensa:\u00a0<a href=\"http:\/\/www.ppdegalicia.com\/index.php\/gl\/novas\/item\/5799-o-parlamento-urxe-ao-ministerio-de-xustiza-a-convocatoria-das-prazas-pendentes-de-persoal-nos-xulgados-galegos\">http:\/\/www.ppdegalicia.com\/index.php\/gl\/novas\/item\/5799-o-parlamento-urxe-ao-ministerio-de-xustiza-a-convocatoria-das-prazas-pendentes-de-persoal-nos-xulgados-galegos<\/a><\/strong><\/p>\n<p>\u00a0<\/p>\n","protected":false},"excerpt":{"rendered":"<p>Iniciativa sobre as actuaci\u00f3ns da Xunta de Galicia perante o Ministerio de Xustiza para a convocatoria dos procesos de selecci\u00f3n de persoal ao servizo da Administraci\u00f3n de xustiza<\/p>\n","protected":false},"author":38,"featured_media":56747,"comment_status":"open","ping_status":"open","sticky":false,"template":"","format":"standard","meta":{"_acf_changed":false,"footnotes":""},"categories":[1128,1],"tags":[],"class_list":["post-56748","post","type-post","status-publish","format-standard","has-post-thumbnail","hentry","category-actualidad-parlamento-de-galicia","category-pp-de-galicia"],"acf":[],"yoast_head":"<!-- This site is optimized with the Yoast SEO plugin v27.3 - https:\/\/yoast.com\/product\/yoast-seo-wordpress\/ -->\n<title>Convocatoria dos procesos de selecci\u00f3n de persoal ao servizo da Administraci\u00f3n de Xustiza - PP de Galicia<\/title>\n<meta name=\"robots\" content=\"index, follow, max-snippet:-1, max-image-preview:large, max-video-preview:-1\" \/>\n<link rel=\"canonical\" href=\"https:\/\/ppdegalicia.com\/es\/convocatoria-dos-procesos-de-seleccion-de-persoal-ao-servizo-da-administracion-de-xustiza\/\" \/>\n<meta property=\"og:locale\" content=\"es_ES\" \/>\n<meta property=\"og:type\" content=\"article\" \/>\n<meta property=\"og:title\" content=\"Convocatoria dos procesos de selecci\u00f3n de persoal ao servizo da Administraci\u00f3n de Xustiza - PP de Galicia\" \/>\n<meta property=\"og:description\" content=\"Iniciativa sobre as actuaci\u00f3ns da Xunta de Galicia perante o Ministerio de Xustiza para a convocatoria dos procesos de selecci\u00f3n de persoal ao servizo da Administraci\u00f3n de xustiza\" \/>\n<meta property=\"og:url\" content=\"https:\/\/ppdegalicia.com\/es\/convocatoria-dos-procesos-de-seleccion-de-persoal-ao-servizo-da-administracion-de-xustiza\/\" \/>\n<meta property=\"og:site_name\" content=\"PP de Galicia\" \/>\n<meta property=\"article:publisher\" content=\"https:\/\/www.instagram.com\/ppdegalicia\/\" \/>\n<meta property=\"article:published_time\" content=\"2022-02-21T06:43:36+00:00\" \/>\n<meta property=\"og:image\" content=\"https:\/\/ppdegalicia.com\/wp-content\/uploads\/2022\/02\/783186a33c3f0090659e10577e0624df-scaled.jpg\" \/>\n\t<meta property=\"og:image:width\" content=\"2560\" \/>\n\t<meta property=\"og:image:height\" content=\"1920\" \/>\n\t<meta property=\"og:image:type\" content=\"image\/jpeg\" \/>\n<meta name=\"author\" content=\"ppdegaliciaredes\" \/>\n<meta name=\"twitter:card\" content=\"summary_large_image\" \/>\n<meta name=\"twitter:creator\" content=\"@ppdegalicia\" \/>\n<meta name=\"twitter:site\" content=\"@ppdegalicia\" \/>\n<meta name=\"twitter:label1\" content=\"Escrito por\" \/>\n\t<meta name=\"twitter:data1\" content=\"ppdegaliciaredes\" \/>\n\t<meta name=\"twitter:label2\" content=\"Tiempo de lectura\" \/>\n\t<meta name=\"twitter:data2\" content=\"2 minutos\" \/>\n<script type=\"application\/ld+json\" class=\"yoast-schema-graph\">{\"@context\":\"https:\\\/\\\/schema.org\",\"@graph\":[{\"@type\":\"Article\",\"@id\":\"https:\\\/\\\/ppdegalicia.com\\\/es\\\/convocatoria-dos-procesos-de-seleccion-de-persoal-ao-servizo-da-administracion-de-xustiza\\\/#article\",\"isPartOf\":{\"@id\":\"https:\\\/\\\/ppdegalicia.com\\\/es\\\/convocatoria-dos-procesos-de-seleccion-de-persoal-ao-servizo-da-administracion-de-xustiza\\\/\"},\"author\":{\"name\":\"ppdegaliciaredes\",\"@id\":\"https:\\\/\\\/ppdegalicia.com\\\/es\\\/#\\\/schema\\\/person\\\/5b822c6f59e872ebdd1142f307dbcb59\"},\"headline\":\"Convocatoria dos procesos de selecci\u00f3n de persoal ao servizo da Administraci\u00f3n de Xustiza\",\"datePublished\":\"2022-02-21T06:43:36+00:00\",\"mainEntityOfPage\":{\"@id\":\"https:\\\/\\\/ppdegalicia.com\\\/es\\\/convocatoria-dos-procesos-de-seleccion-de-persoal-ao-servizo-da-administracion-de-xustiza\\\/\"},\"wordCount\":386,\"commentCount\":0,\"publisher\":{\"@id\":\"https:\\\/\\\/ppdegalicia.com\\\/es\\\/#organization\"},\"image\":{\"@id\":\"https:\\\/\\\/ppdegalicia.com\\\/es\\\/convocatoria-dos-procesos-de-seleccion-de-persoal-ao-servizo-da-administracion-de-xustiza\\\/#primaryimage\"},\"thumbnailUrl\":\"https:\\\/\\\/ppdegalicia.com\\\/wp-content\\\/uploads\\\/2022\\\/02\\\/783186a33c3f0090659e10577e0624df-scaled.jpg\",\"articleSection\":[\"Parlamento de Galicia\",\"PP de Galicia\"],\"inLanguage\":\"es\",\"potentialAction\":[{\"@type\":\"CommentAction\",\"name\":\"Comment\",\"target\":[\"https:\\\/\\\/ppdegalicia.com\\\/es\\\/convocatoria-dos-procesos-de-seleccion-de-persoal-ao-servizo-da-administracion-de-xustiza\\\/#respond\"]}]},{\"@type\":\"WebPage\",\"@id\":\"https:\\\/\\\/ppdegalicia.com\\\/es\\\/convocatoria-dos-procesos-de-seleccion-de-persoal-ao-servizo-da-administracion-de-xustiza\\\/\",\"url\":\"https:\\\/\\\/ppdegalicia.com\\\/es\\\/convocatoria-dos-procesos-de-seleccion-de-persoal-ao-servizo-da-administracion-de-xustiza\\\/\",\"name\":\"Convocatoria dos procesos de selecci\u00f3n de persoal ao servizo da Administraci\u00f3n de Xustiza - PP de Galicia\",\"isPartOf\":{\"@id\":\"https:\\\/\\\/ppdegalicia.com\\\/es\\\/#website\"},\"primaryImageOfPage\":{\"@id\":\"https:\\\/\\\/ppdegalicia.com\\\/es\\\/convocatoria-dos-procesos-de-seleccion-de-persoal-ao-servizo-da-administracion-de-xustiza\\\/#primaryimage\"},\"image\":{\"@id\":\"https:\\\/\\\/ppdegalicia.com\\\/es\\\/convocatoria-dos-procesos-de-seleccion-de-persoal-ao-servizo-da-administracion-de-xustiza\\\/#primaryimage\"},\"thumbnailUrl\":\"https:\\\/\\\/ppdegalicia.com\\\/wp-content\\\/uploads\\\/2022\\\/02\\\/783186a33c3f0090659e10577e0624df-scaled.jpg\",\"datePublished\":\"2022-02-21T06:43:36+00:00\",\"breadcrumb\":{\"@id\":\"https:\\\/\\\/ppdegalicia.com\\\/es\\\/convocatoria-dos-procesos-de-seleccion-de-persoal-ao-servizo-da-administracion-de-xustiza\\\/#breadcrumb\"},\"inLanguage\":\"es\",\"potentialAction\":[{\"@type\":\"ReadAction\",\"target\":[\"https:\\\/\\\/ppdegalicia.com\\\/es\\\/convocatoria-dos-procesos-de-seleccion-de-persoal-ao-servizo-da-administracion-de-xustiza\\\/\"]}]},{\"@type\":\"ImageObject\",\"inLanguage\":\"es\",\"@id\":\"https:\\\/\\\/ppdegalicia.com\\\/es\\\/convocatoria-dos-procesos-de-seleccion-de-persoal-ao-servizo-da-administracion-de-xustiza\\\/#primaryimage\",\"url\":\"https:\\\/\\\/ppdegalicia.com\\\/wp-content\\\/uploads\\\/2022\\\/02\\\/783186a33c3f0090659e10577e0624df-scaled.jpg\",\"contentUrl\":\"https:\\\/\\\/ppdegalicia.com\\\/wp-content\\\/uploads\\\/2022\\\/02\\\/783186a33c3f0090659e10577e0624df-scaled.jpg\",\"width\":2560,\"height\":1920},{\"@type\":\"BreadcrumbList\",\"@id\":\"https:\\\/\\\/ppdegalicia.com\\\/es\\\/convocatoria-dos-procesos-de-seleccion-de-persoal-ao-servizo-da-administracion-de-xustiza\\\/#breadcrumb\",\"itemListElement\":[{\"@type\":\"ListItem\",\"position\":1,\"name\":\"Portada\",\"item\":\"https:\\\/\\\/ppdegalicia.com\\\/es\\\/\"},{\"@type\":\"ListItem\",\"position\":2,\"name\":\"Convocatoria dos procesos de selecci\u00f3n de persoal ao servizo da Administraci\u00f3n de Xustiza\"}]},{\"@type\":\"WebSite\",\"@id\":\"https:\\\/\\\/ppdegalicia.com\\\/es\\\/#website\",\"url\":\"https:\\\/\\\/ppdegalicia.com\\\/es\\\/\",\"name\":\"Partido Popular de Galicia\",\"description\":\"Partido Popular de Galicia\",\"publisher\":{\"@id\":\"https:\\\/\\\/ppdegalicia.com\\\/es\\\/#organization\"},\"alternateName\":\"PP de Galicia\",\"potentialAction\":[{\"@type\":\"SearchAction\",\"target\":{\"@type\":\"EntryPoint\",\"urlTemplate\":\"https:\\\/\\\/ppdegalicia.com\\\/es\\\/?s={search_term_string}\"},\"query-input\":{\"@type\":\"PropertyValueSpecification\",\"valueRequired\":true,\"valueName\":\"search_term_string\"}}],\"inLanguage\":\"es\"},{\"@type\":\"Organization\",\"@id\":\"https:\\\/\\\/ppdegalicia.com\\\/es\\\/#organization\",\"name\":\"Partido Popular de Galicia\",\"alternateName\":\"PP de Galicia\",\"url\":\"https:\\\/\\\/ppdegalicia.com\\\/es\\\/\",\"logo\":{\"@type\":\"ImageObject\",\"inLanguage\":\"es\",\"@id\":\"https:\\\/\\\/ppdegalicia.com\\\/es\\\/#\\\/schema\\\/logo\\\/image\\\/\",\"url\":\"https:\\\/\\\/ppdegalicia.com\\\/wp-content\\\/uploads\\\/2023\\\/04\\\/logoPP512.png\",\"contentUrl\":\"https:\\\/\\\/ppdegalicia.com\\\/wp-content\\\/uploads\\\/2023\\\/04\\\/logoPP512.png\",\"width\":512,\"height\":512,\"caption\":\"Partido Popular de Galicia\"},\"image\":{\"@id\":\"https:\\\/\\\/ppdegalicia.com\\\/es\\\/#\\\/schema\\\/logo\\\/image\\\/\"},\"sameAs\":[\"https:\\\/\\\/www.instagram.com\\\/ppdegalicia\\\/\",\"https:\\\/\\\/x.com\\\/ppdegalicia\",\"https:\\\/\\\/www.tiktok.com\\\/@ppdegalicia\",\"https:\\\/\\\/www.youtube.com\\\/user\\\/ppdegalicia\"]},{\"@type\":\"Person\",\"@id\":\"https:\\\/\\\/ppdegalicia.com\\\/es\\\/#\\\/schema\\\/person\\\/5b822c6f59e872ebdd1142f307dbcb59\",\"name\":\"ppdegaliciaredes\",\"image\":{\"@type\":\"ImageObject\",\"inLanguage\":\"es\",\"@id\":\"https:\\\/\\\/secure.gravatar.com\\\/avatar\\\/3c9179cf0256d00c72a48d1f25783c58b6842cd56e85ef3a572881c8e28ccd59?s=96&d=mm&r=g\",\"url\":\"https:\\\/\\\/secure.gravatar.com\\\/avatar\\\/3c9179cf0256d00c72a48d1f25783c58b6842cd56e85ef3a572881c8e28ccd59?s=96&d=mm&r=g\",\"contentUrl\":\"https:\\\/\\\/secure.gravatar.com\\\/avatar\\\/3c9179cf0256d00c72a48d1f25783c58b6842cd56e85ef3a572881c8e28ccd59?s=96&d=mm&r=g\",\"caption\":\"ppdegaliciaredes\"},\"url\":\"https:\\\/\\\/ppdegalicia.com\\\/es\\\/author\\\/ppdegaliciaredes\\\/\"}]}<\/script>\n<!-- \/ Yoast SEO plugin. -->","yoast_head_json":{"title":"Convocatoria dos procesos de selecci\u00f3n de persoal ao servizo da Administraci\u00f3n de Xustiza - PP de Galicia","robots":{"index":"index","follow":"follow","max-snippet":"max-snippet:-1","max-image-preview":"max-image-preview:large","max-video-preview":"max-video-preview:-1"},"canonical":"https:\/\/ppdegalicia.com\/es\/convocatoria-dos-procesos-de-seleccion-de-persoal-ao-servizo-da-administracion-de-xustiza\/","og_locale":"es_ES","og_type":"article","og_title":"Convocatoria dos procesos de selecci\u00f3n de persoal ao servizo da Administraci\u00f3n de Xustiza - PP de Galicia","og_description":"Iniciativa sobre as actuaci\u00f3ns da Xunta de Galicia perante o Ministerio de Xustiza para a convocatoria dos procesos de selecci\u00f3n de persoal ao servizo da Administraci\u00f3n de xustiza","og_url":"https:\/\/ppdegalicia.com\/es\/convocatoria-dos-procesos-de-seleccion-de-persoal-ao-servizo-da-administracion-de-xustiza\/","og_site_name":"PP de Galicia","article_publisher":"https:\/\/www.instagram.com\/ppdegalicia\/","article_published_time":"2022-02-21T06:43:36+00:00","og_image":[{"width":2560,"height":1920,"url":"https:\/\/ppdegalicia.com\/wp-content\/uploads\/2022\/02\/783186a33c3f0090659e10577e0624df-scaled.jpg","type":"image\/jpeg"}],"author":"ppdegaliciaredes","twitter_card":"summary_large_image","twitter_creator":"@ppdegalicia","twitter_site":"@ppdegalicia","twitter_misc":{"Escrito por":"ppdegaliciaredes","Tiempo de lectura":"2 minutos"},"schema":{"@context":"https:\/\/schema.org","@graph":[{"@type":"Article","@id":"https:\/\/ppdegalicia.com\/es\/convocatoria-dos-procesos-de-seleccion-de-persoal-ao-servizo-da-administracion-de-xustiza\/#article","isPartOf":{"@id":"https:\/\/ppdegalicia.com\/es\/convocatoria-dos-procesos-de-seleccion-de-persoal-ao-servizo-da-administracion-de-xustiza\/"},"author":{"name":"ppdegaliciaredes","@id":"https:\/\/ppdegalicia.com\/es\/#\/schema\/person\/5b822c6f59e872ebdd1142f307dbcb59"},"headline":"Convocatoria dos procesos de selecci\u00f3n de persoal ao servizo da Administraci\u00f3n de Xustiza","datePublished":"2022-02-21T06:43:36+00:00","mainEntityOfPage":{"@id":"https:\/\/ppdegalicia.com\/es\/convocatoria-dos-procesos-de-seleccion-de-persoal-ao-servizo-da-administracion-de-xustiza\/"},"wordCount":386,"commentCount":0,"publisher":{"@id":"https:\/\/ppdegalicia.com\/es\/#organization"},"image":{"@id":"https:\/\/ppdegalicia.com\/es\/convocatoria-dos-procesos-de-seleccion-de-persoal-ao-servizo-da-administracion-de-xustiza\/#primaryimage"},"thumbnailUrl":"https:\/\/ppdegalicia.com\/wp-content\/uploads\/2022\/02\/783186a33c3f0090659e10577e0624df-scaled.jpg","articleSection":["Parlamento de Galicia","PP de Galicia"],"inLanguage":"es","potentialAction":[{"@type":"CommentAction","name":"Comment","target":["https:\/\/ppdegalicia.com\/es\/convocatoria-dos-procesos-de-seleccion-de-persoal-ao-servizo-da-administracion-de-xustiza\/#respond"]}]},{"@type":"WebPage","@id":"https:\/\/ppdegalicia.com\/es\/convocatoria-dos-procesos-de-seleccion-de-persoal-ao-servizo-da-administracion-de-xustiza\/","url":"https:\/\/ppdegalicia.com\/es\/convocatoria-dos-procesos-de-seleccion-de-persoal-ao-servizo-da-administracion-de-xustiza\/","name":"Convocatoria dos procesos de selecci\u00f3n de persoal ao servizo da Administraci\u00f3n de Xustiza - PP de Galicia","isPartOf":{"@id":"https:\/\/ppdegalicia.com\/es\/#website"},"primaryImageOfPage":{"@id":"https:\/\/ppdegalicia.com\/es\/convocatoria-dos-procesos-de-seleccion-de-persoal-ao-servizo-da-administracion-de-xustiza\/#primaryimage"},"image":{"@id":"https:\/\/ppdegalicia.com\/es\/convocatoria-dos-procesos-de-seleccion-de-persoal-ao-servizo-da-administracion-de-xustiza\/#primaryimage"},"thumbnailUrl":"https:\/\/ppdegalicia.com\/wp-content\/uploads\/2022\/02\/783186a33c3f0090659e10577e0624df-scaled.jpg","datePublished":"2022-02-21T06:43:36+00:00","breadcrumb":{"@id":"https:\/\/ppdegalicia.com\/es\/convocatoria-dos-procesos-de-seleccion-de-persoal-ao-servizo-da-administracion-de-xustiza\/#breadcrumb"},"inLanguage":"es","potentialAction":[{"@type":"ReadAction","target":["https:\/\/ppdegalicia.com\/es\/convocatoria-dos-procesos-de-seleccion-de-persoal-ao-servizo-da-administracion-de-xustiza\/"]}]},{"@type":"ImageObject","inLanguage":"es","@id":"https:\/\/ppdegalicia.com\/es\/convocatoria-dos-procesos-de-seleccion-de-persoal-ao-servizo-da-administracion-de-xustiza\/#primaryimage","url":"https:\/\/ppdegalicia.com\/wp-content\/uploads\/2022\/02\/783186a33c3f0090659e10577e0624df-scaled.jpg","contentUrl":"https:\/\/ppdegalicia.com\/wp-content\/uploads\/2022\/02\/783186a33c3f0090659e10577e0624df-scaled.jpg","width":2560,"height":1920},{"@type":"BreadcrumbList","@id":"https:\/\/ppdegalicia.com\/es\/convocatoria-dos-procesos-de-seleccion-de-persoal-ao-servizo-da-administracion-de-xustiza\/#breadcrumb","itemListElement":[{"@type":"ListItem","position":1,"name":"Portada","item":"https:\/\/ppdegalicia.com\/es\/"},{"@type":"ListItem","position":2,"name":"Convocatoria dos procesos de selecci\u00f3n de persoal ao servizo da Administraci\u00f3n de Xustiza"}]},{"@type":"WebSite","@id":"https:\/\/ppdegalicia.com\/es\/#website","url":"https:\/\/ppdegalicia.com\/es\/","name":"Partido Popular de Galicia","description":"Partido Popular de Galicia","publisher":{"@id":"https:\/\/ppdegalicia.com\/es\/#organization"},"alternateName":"PP de Galicia","potentialAction":[{"@type":"SearchAction","target":{"@type":"EntryPoint","urlTemplate":"https:\/\/ppdegalicia.com\/es\/?s={search_term_string}"},"query-input":{"@type":"PropertyValueSpecification","valueRequired":true,"valueName":"search_term_string"}}],"inLanguage":"es"},{"@type":"Organization","@id":"https:\/\/ppdegalicia.com\/es\/#organization","name":"Partido Popular de Galicia","alternateName":"PP de Galicia","url":"https:\/\/ppdegalicia.com\/es\/","logo":{"@type":"ImageObject","inLanguage":"es","@id":"https:\/\/ppdegalicia.com\/es\/#\/schema\/logo\/image\/","url":"https:\/\/ppdegalicia.com\/wp-content\/uploads\/2023\/04\/logoPP512.png","contentUrl":"https:\/\/ppdegalicia.com\/wp-content\/uploads\/2023\/04\/logoPP512.png","width":512,"height":512,"caption":"Partido Popular de Galicia"},"image":{"@id":"https:\/\/ppdegalicia.com\/es\/#\/schema\/logo\/image\/"},"sameAs":["https:\/\/www.instagram.com\/ppdegalicia\/","https:\/\/x.com\/ppdegalicia","https:\/\/www.tiktok.com\/@ppdegalicia","https:\/\/www.youtube.com\/user\/ppdegalicia"]},{"@type":"Person","@id":"https:\/\/ppdegalicia.com\/es\/#\/schema\/person\/5b822c6f59e872ebdd1142f307dbcb59","name":"ppdegaliciaredes","image":{"@type":"ImageObject","inLanguage":"es","@id":"https:\/\/secure.gravatar.com\/avatar\/3c9179cf0256d00c72a48d1f25783c58b6842cd56e85ef3a572881c8e28ccd59?s=96&d=mm&r=g","url":"https:\/\/secure.gravatar.com\/avatar\/3c9179cf0256d00c72a48d1f25783c58b6842cd56e85ef3a572881c8e28ccd59?s=96&d=mm&r=g","contentUrl":"https:\/\/secure.gravatar.com\/avatar\/3c9179cf0256d00c72a48d1f25783c58b6842cd56e85ef3a572881c8e28ccd59?s=96&d=mm&r=g","caption":"ppdegaliciaredes"},"url":"https:\/\/ppdegalicia.com\/es\/author\/ppdegaliciaredes\/"}]}},"_links":{"self":[{"href":"https:\/\/ppdegalicia.com\/es\/wp-json\/wp\/v2\/posts\/56748","targetHints":{"allow":["GET"]}}],"collection":[{"href":"https:\/\/ppdegalicia.com\/es\/wp-json\/wp\/v2\/posts"}],"about":[{"href":"https:\/\/ppdegalicia.com\/es\/wp-json\/wp\/v2\/types\/post"}],"author":[{"embeddable":true,"href":"https:\/\/ppdegalicia.com\/es\/wp-json\/wp\/v2\/users\/38"}],"replies":[{"embeddable":true,"href":"https:\/\/ppdegalicia.com\/es\/wp-json\/wp\/v2\/comments?post=56748"}],"version-history":[{"count":0,"href":"https:\/\/ppdegalicia.com\/es\/wp-json\/wp\/v2\/posts\/56748\/revisions"}],"wp:featuredmedia":[{"embeddable":true,"href":"https:\/\/ppdegalicia.com\/es\/wp-json\/wp\/v2\/media\/56747"}],"wp:attachment":[{"href":"https:\/\/ppdegalicia.com\/es\/wp-json\/wp\/v2\/media?parent=56748"}],"wp:term":[{"taxonomy":"category","embeddable":true,"href":"https:\/\/ppdegalicia.com\/es\/wp-json\/wp\/v2\/categories?post=56748"},{"taxonomy":"post_tag","embeddable":true,"href":"https:\/\/ppdegalicia.com\/es\/wp-json\/wp\/v2\/tags?post=56748"}],"curies":[{"name":"wp","href":"https:\/\/api.w.org\/{rel}","templated":true}]}}