{"id":56752,"date":"2022-02-21T13:27:25","date_gmt":"2022-02-21T11:27:25","guid":{"rendered":"https:\/\/ppdegalicia.com\/tellado-afirma-que-a-traxectoria-e-o-legado-de-rosalia-de-castro-son-unha-fonte-de-inspiracion-en-toda-espana-e-un-motivo-de-fondo-orgullo-para-galicia\/"},"modified":"2022-02-21T13:27:25","modified_gmt":"2022-02-21T11:27:25","slug":"tellado-afirma-que-a-traxectoria-e-o-legado-de-rosalia-de-castro-son-unha-fonte-de-inspiracion-en-toda-espana-e-un-motivo-de-fondo-orgullo-para-galicia","status":"publish","type":"post","link":"https:\/\/ppdegalicia.com\/es\/tellado-afirma-que-a-traxectoria-e-o-legado-de-rosalia-de-castro-son-unha-fonte-de-inspiracion-en-toda-espana-e-un-motivo-de-fondo-orgullo-para-galicia\/","title":{"rendered":"Tellado afirma que a traxectoria e o legado de Rosal\u00eda de Castro son unha fonte de inspiraci\u00f3n en toda Espa\u00f1a e un motivo de fondo orgullo para Galicia"},"content":{"rendered":"<p><img fetchpriority=\"high\" decoding=\"async\" class=\" size-full wp-image-56751\" src=\"https:\/\/ppdegalicia.com\/wp-content\/uploads\/2022\/02\/ac4082c3ae87dc7af6a5189a3f9796ed.jpg\" alt=\"\" width=\"2048\" height=\"1365\" srcset=\"https:\/\/ppdegalicia.com\/wp-content\/uploads\/2022\/02\/ac4082c3ae87dc7af6a5189a3f9796ed.jpg 2048w, https:\/\/ppdegalicia.com\/wp-content\/uploads\/2022\/02\/ac4082c3ae87dc7af6a5189a3f9796ed-300x200.jpg 300w, https:\/\/ppdegalicia.com\/wp-content\/uploads\/2022\/02\/ac4082c3ae87dc7af6a5189a3f9796ed-1024x683.jpg 1024w, https:\/\/ppdegalicia.com\/wp-content\/uploads\/2022\/02\/ac4082c3ae87dc7af6a5189a3f9796ed-768x512.jpg 768w, https:\/\/ppdegalicia.com\/wp-content\/uploads\/2022\/02\/ac4082c3ae87dc7af6a5189a3f9796ed-1536x1024.jpg 1536w\" sizes=\"(max-width: 2048px) 100vw, 2048px\" \/><\/p>\n<p style=\"text-align: justify;\">Reivindica a figura da autora, s\u00edmbolo de que a cultura e as linguas unen aos pobos, fronte ao empobrecemento dos nacionalismos exclu\u00edntes<\/p>\n<p style=\"text-align: justify;\">&#8212;<\/p>\n<p style=\"text-align: justify;\">O n\u00famero dous do PPdeG, Miguel Tellado, puxo en valor o legado de Rosal\u00eda de Castro, que \u00e9 unha fonte de inspiraci\u00f3n en toda Espa\u00f1a e un motivo de fondo orgullo para Galicia, engadindo tam\u00e9n que a s\u00faa traxectoria \u00e9 s\u00edmbolo do mellor da nosa cultura, un punto de encontro e un referente de que as linguas son ferramentas para unir aos pobos, nunca para dividilos.<\/p>\n<p style=\"text-align: justify;\"><strong>\u00a0<\/strong><\/p>\n<p style=\"text-align: justify;\">As\u00ed se expresaba na ofrenda floral que o partido celebrou en Padr\u00f3n en homenaxe \u00e1 gran poeta galega e referente da nosa literatura, conmemorando que esta semana se cumpren 185 anos do seu nacemento. Acompa\u00f1ado polo portavoz parlamentario, Pedro Puy, polos membros da Comisi\u00f3n de Cultura do PPdeG e polo resto de integrantes do Grupo Parlamentario Popular no Parlamento, insistiu en que reivindicar a Rosal\u00eda \u00e9 a mellor forma de homenaxear a cultura galega e espa\u00f1ola \u201crica e integradora\u201d.<\/p>\n<p style=\"text-align: justify;\">Tras salientar que os galegos constru\u00edmos sempre sumando e unindo, lamentou que na \u00faltima d\u00e9cada cobrasen forza en toda Espa\u00f1a nacionalismos exclu\u00edntes, forzas que definen a s\u00faa identidade en contraposici\u00f3n \u00e1s demais, que para facer valer o propio necesitan atacar o alleo, que levantan muros e que impo\u00f1en linguas e pensamentos \u00fanicos cunha visi\u00f3n limitada.<\/p>\n<p style=\"text-align: justify;\">Fronte aos que, a un lado e a outro, nos queren empobrecer, Tellado destacou a enorme riqueza dunha Galicia aberta e moderna e dunha Espa\u00f1a libre e plural das que a autora estar\u00eda profundamente orgullosa. Ademais, lembrou que Rosal\u00eda, \u00a0adiantada ao seu tempo, foi clave no rexurdimento das nosas letras, na recuperaci\u00f3n da conciencia galeguista e fundamental no panorama literario do s\u00e9culo XIX, rompendo barreiras e demostrando que o galego \u00e9 unha lingua que pode dialogar en igualdade coas grandes literaturas do mundo.<\/p>\n<p style=\"text-align: justify;\">Pola s\u00faa parte, Pedro Puy resaltou que o fundamental de Rosal\u00eda \u00e9 a s\u00faa capacidade para unir aos galegos en torno \u00e1 beleza da s\u00faa palabra e dos seus poemas, tanto en galego como en castel\u00e1n. Nese senso, fixo fincap\u00e9 na virtude da autora para conectar coa xente, algo que segue vixente: \u201cNingu\u00e9n puido expresar mellor que Rosal\u00eda os sentimentos universais e atemporais que engarzan coas nosas ra\u00edces e co noso pobo\u201d.<\/p>\n","protected":false},"excerpt":{"rendered":"<p>Reivindica a figura da autora, s\u00edmbolo de que a cultura e as linguas unen aos pobos, fronte ao empobrecemento dos nacionalismos exclu\u00edntes &#8212; O n\u00famero dous do PPdeG, Miguel Tellado, puxo en valor o legado de Rosal\u00eda de Castro, que \u00e9 unha fonte de inspiraci\u00f3n en toda Espa\u00f1a e un motivo de fondo orgullo para [&hellip;]<\/p>\n","protected":false},"author":38,"featured_media":56751,"comment_status":"open","ping_status":"open","sticky":false,"template":"","format":"standard","meta":{"_acf_changed":false,"footnotes":""},"categories":[1],"tags":[],"class_list":["post-56752","post","type-post","status-publish","format-standard","has-post-thumbnail","hentry","category-pp-de-galicia"],"acf":[],"yoast_head":"<!-- This site is optimized with the Yoast SEO plugin v27.3 - https:\/\/yoast.com\/product\/yoast-seo-wordpress\/ -->\n<title>Tellado afirma que a traxectoria e o legado de Rosal\u00eda de Castro son unha fonte de inspiraci\u00f3n en toda Espa\u00f1a e un motivo de fondo orgullo para Galicia - PP de Galicia<\/title>\n<meta name=\"robots\" content=\"index, follow, max-snippet:-1, max-image-preview:large, max-video-preview:-1\" \/>\n<link rel=\"canonical\" href=\"https:\/\/ppdegalicia.com\/es\/tellado-afirma-que-a-traxectoria-e-o-legado-de-rosalia-de-castro-son-unha-fonte-de-inspiracion-en-toda-espana-e-un-motivo-de-fondo-orgullo-para-galicia\/\" \/>\n<meta property=\"og:locale\" content=\"es_ES\" \/>\n<meta property=\"og:type\" content=\"article\" \/>\n<meta property=\"og:title\" content=\"Tellado afirma que a traxectoria e o legado de Rosal\u00eda de Castro son unha fonte de inspiraci\u00f3n en toda Espa\u00f1a e un motivo de fondo orgullo para Galicia - PP de Galicia\" \/>\n<meta property=\"og:description\" content=\"Reivindica a figura da autora, s\u00edmbolo de que a cultura e as linguas unen aos pobos, fronte ao empobrecemento dos nacionalismos exclu\u00edntes &#8212; O n\u00famero dous do PPdeG, Miguel Tellado, puxo en valor o legado de Rosal\u00eda de Castro, que \u00e9 unha fonte de inspiraci\u00f3n en toda Espa\u00f1a e un motivo de fondo orgullo para [&hellip;]\" \/>\n<meta property=\"og:url\" content=\"https:\/\/ppdegalicia.com\/es\/tellado-afirma-que-a-traxectoria-e-o-legado-de-rosalia-de-castro-son-unha-fonte-de-inspiracion-en-toda-espana-e-un-motivo-de-fondo-orgullo-para-galicia\/\" \/>\n<meta property=\"og:site_name\" content=\"PP de Galicia\" \/>\n<meta property=\"article:publisher\" content=\"https:\/\/www.instagram.com\/ppdegalicia\/\" \/>\n<meta property=\"article:published_time\" content=\"2022-02-21T11:27:25+00:00\" \/>\n<meta property=\"og:image\" content=\"https:\/\/ppdegalicia.com\/wp-content\/uploads\/2022\/02\/ac4082c3ae87dc7af6a5189a3f9796ed-1024x683.jpg\" \/>\n\t<meta property=\"og:image:width\" content=\"1024\" \/>\n\t<meta property=\"og:image:height\" content=\"683\" \/>\n\t<meta property=\"og:image:type\" content=\"image\/jpeg\" \/>\n<meta name=\"author\" content=\"ppdegaliciaredes\" \/>\n<meta name=\"twitter:card\" content=\"summary_large_image\" \/>\n<meta name=\"twitter:creator\" content=\"@ppdegalicia\" \/>\n<meta name=\"twitter:site\" content=\"@ppdegalicia\" \/>\n<meta name=\"twitter:label1\" content=\"Escrito por\" \/>\n\t<meta name=\"twitter:data1\" content=\"ppdegaliciaredes\" \/>\n\t<meta name=\"twitter:label2\" content=\"Tiempo de lectura\" \/>\n\t<meta name=\"twitter:data2\" content=\"2 minutos\" \/>\n<script type=\"application\/ld+json\" class=\"yoast-schema-graph\">{\"@context\":\"https:\\\/\\\/schema.org\",\"@graph\":[{\"@type\":\"Article\",\"@id\":\"https:\\\/\\\/ppdegalicia.com\\\/es\\\/tellado-afirma-que-a-traxectoria-e-o-legado-de-rosalia-de-castro-son-unha-fonte-de-inspiracion-en-toda-espana-e-un-motivo-de-fondo-orgullo-para-galicia\\\/#article\",\"isPartOf\":{\"@id\":\"https:\\\/\\\/ppdegalicia.com\\\/es\\\/tellado-afirma-que-a-traxectoria-e-o-legado-de-rosalia-de-castro-son-unha-fonte-de-inspiracion-en-toda-espana-e-un-motivo-de-fondo-orgullo-para-galicia\\\/\"},\"author\":{\"name\":\"ppdegaliciaredes\",\"@id\":\"https:\\\/\\\/ppdegalicia.com\\\/es\\\/#\\\/schema\\\/person\\\/5b822c6f59e872ebdd1142f307dbcb59\"},\"headline\":\"Tellado afirma que a traxectoria e o legado de Rosal\u00eda de Castro son unha fonte de inspiraci\u00f3n en toda Espa\u00f1a e un motivo de fondo orgullo para Galicia\",\"datePublished\":\"2022-02-21T11:27:25+00:00\",\"mainEntityOfPage\":{\"@id\":\"https:\\\/\\\/ppdegalicia.com\\\/es\\\/tellado-afirma-que-a-traxectoria-e-o-legado-de-rosalia-de-castro-son-unha-fonte-de-inspiracion-en-toda-espana-e-un-motivo-de-fondo-orgullo-para-galicia\\\/\"},\"wordCount\":436,\"commentCount\":0,\"publisher\":{\"@id\":\"https:\\\/\\\/ppdegalicia.com\\\/es\\\/#organization\"},\"image\":{\"@id\":\"https:\\\/\\\/ppdegalicia.com\\\/es\\\/tellado-afirma-que-a-traxectoria-e-o-legado-de-rosalia-de-castro-son-unha-fonte-de-inspiracion-en-toda-espana-e-un-motivo-de-fondo-orgullo-para-galicia\\\/#primaryimage\"},\"thumbnailUrl\":\"https:\\\/\\\/ppdegalicia.com\\\/wp-content\\\/uploads\\\/2022\\\/02\\\/ac4082c3ae87dc7af6a5189a3f9796ed.jpg\",\"articleSection\":[\"PP de Galicia\"],\"inLanguage\":\"es\",\"potentialAction\":[{\"@type\":\"CommentAction\",\"name\":\"Comment\",\"target\":[\"https:\\\/\\\/ppdegalicia.com\\\/es\\\/tellado-afirma-que-a-traxectoria-e-o-legado-de-rosalia-de-castro-son-unha-fonte-de-inspiracion-en-toda-espana-e-un-motivo-de-fondo-orgullo-para-galicia\\\/#respond\"]}]},{\"@type\":\"WebPage\",\"@id\":\"https:\\\/\\\/ppdegalicia.com\\\/es\\\/tellado-afirma-que-a-traxectoria-e-o-legado-de-rosalia-de-castro-son-unha-fonte-de-inspiracion-en-toda-espana-e-un-motivo-de-fondo-orgullo-para-galicia\\\/\",\"url\":\"https:\\\/\\\/ppdegalicia.com\\\/es\\\/tellado-afirma-que-a-traxectoria-e-o-legado-de-rosalia-de-castro-son-unha-fonte-de-inspiracion-en-toda-espana-e-un-motivo-de-fondo-orgullo-para-galicia\\\/\",\"name\":\"Tellado afirma que a traxectoria e o legado de Rosal\u00eda de Castro son unha fonte de inspiraci\u00f3n en toda Espa\u00f1a e un motivo de fondo orgullo para Galicia - PP de Galicia\",\"isPartOf\":{\"@id\":\"https:\\\/\\\/ppdegalicia.com\\\/es\\\/#website\"},\"primaryImageOfPage\":{\"@id\":\"https:\\\/\\\/ppdegalicia.com\\\/es\\\/tellado-afirma-que-a-traxectoria-e-o-legado-de-rosalia-de-castro-son-unha-fonte-de-inspiracion-en-toda-espana-e-un-motivo-de-fondo-orgullo-para-galicia\\\/#primaryimage\"},\"image\":{\"@id\":\"https:\\\/\\\/ppdegalicia.com\\\/es\\\/tellado-afirma-que-a-traxectoria-e-o-legado-de-rosalia-de-castro-son-unha-fonte-de-inspiracion-en-toda-espana-e-un-motivo-de-fondo-orgullo-para-galicia\\\/#primaryimage\"},\"thumbnailUrl\":\"https:\\\/\\\/ppdegalicia.com\\\/wp-content\\\/uploads\\\/2022\\\/02\\\/ac4082c3ae87dc7af6a5189a3f9796ed.jpg\",\"datePublished\":\"2022-02-21T11:27:25+00:00\",\"breadcrumb\":{\"@id\":\"https:\\\/\\\/ppdegalicia.com\\\/es\\\/tellado-afirma-que-a-traxectoria-e-o-legado-de-rosalia-de-castro-son-unha-fonte-de-inspiracion-en-toda-espana-e-un-motivo-de-fondo-orgullo-para-galicia\\\/#breadcrumb\"},\"inLanguage\":\"es\",\"potentialAction\":[{\"@type\":\"ReadAction\",\"target\":[\"https:\\\/\\\/ppdegalicia.com\\\/es\\\/tellado-afirma-que-a-traxectoria-e-o-legado-de-rosalia-de-castro-son-unha-fonte-de-inspiracion-en-toda-espana-e-un-motivo-de-fondo-orgullo-para-galicia\\\/\"]}]},{\"@type\":\"ImageObject\",\"inLanguage\":\"es\",\"@id\":\"https:\\\/\\\/ppdegalicia.com\\\/es\\\/tellado-afirma-que-a-traxectoria-e-o-legado-de-rosalia-de-castro-son-unha-fonte-de-inspiracion-en-toda-espana-e-un-motivo-de-fondo-orgullo-para-galicia\\\/#primaryimage\",\"url\":\"https:\\\/\\\/ppdegalicia.com\\\/wp-content\\\/uploads\\\/2022\\\/02\\\/ac4082c3ae87dc7af6a5189a3f9796ed.jpg\",\"contentUrl\":\"https:\\\/\\\/ppdegalicia.com\\\/wp-content\\\/uploads\\\/2022\\\/02\\\/ac4082c3ae87dc7af6a5189a3f9796ed.jpg\",\"width\":2048,\"height\":1365},{\"@type\":\"BreadcrumbList\",\"@id\":\"https:\\\/\\\/ppdegalicia.com\\\/es\\\/tellado-afirma-que-a-traxectoria-e-o-legado-de-rosalia-de-castro-son-unha-fonte-de-inspiracion-en-toda-espana-e-un-motivo-de-fondo-orgullo-para-galicia\\\/#breadcrumb\",\"itemListElement\":[{\"@type\":\"ListItem\",\"position\":1,\"name\":\"Portada\",\"item\":\"https:\\\/\\\/ppdegalicia.com\\\/es\\\/\"},{\"@type\":\"ListItem\",\"position\":2,\"name\":\"Tellado afirma que a traxectoria e o legado de Rosal\u00eda de Castro son unha fonte de inspiraci\u00f3n en toda Espa\u00f1a e un motivo de fondo orgullo para Galicia\"}]},{\"@type\":\"WebSite\",\"@id\":\"https:\\\/\\\/ppdegalicia.com\\\/es\\\/#website\",\"url\":\"https:\\\/\\\/ppdegalicia.com\\\/es\\\/\",\"name\":\"Partido Popular de Galicia\",\"description\":\"Partido Popular de Galicia\",\"publisher\":{\"@id\":\"https:\\\/\\\/ppdegalicia.com\\\/es\\\/#organization\"},\"alternateName\":\"PP de Galicia\",\"potentialAction\":[{\"@type\":\"SearchAction\",\"target\":{\"@type\":\"EntryPoint\",\"urlTemplate\":\"https:\\\/\\\/ppdegalicia.com\\\/es\\\/?s={search_term_string}\"},\"query-input\":{\"@type\":\"PropertyValueSpecification\",\"valueRequired\":true,\"valueName\":\"search_term_string\"}}],\"inLanguage\":\"es\"},{\"@type\":\"Organization\",\"@id\":\"https:\\\/\\\/ppdegalicia.com\\\/es\\\/#organization\",\"name\":\"Partido Popular de Galicia\",\"alternateName\":\"PP de Galicia\",\"url\":\"https:\\\/\\\/ppdegalicia.com\\\/es\\\/\",\"logo\":{\"@type\":\"ImageObject\",\"inLanguage\":\"es\",\"@id\":\"https:\\\/\\\/ppdegalicia.com\\\/es\\\/#\\\/schema\\\/logo\\\/image\\\/\",\"url\":\"https:\\\/\\\/ppdegalicia.com\\\/wp-content\\\/uploads\\\/2023\\\/04\\\/logoPP512.png\",\"contentUrl\":\"https:\\\/\\\/ppdegalicia.com\\\/wp-content\\\/uploads\\\/2023\\\/04\\\/logoPP512.png\",\"width\":512,\"height\":512,\"caption\":\"Partido Popular de Galicia\"},\"image\":{\"@id\":\"https:\\\/\\\/ppdegalicia.com\\\/es\\\/#\\\/schema\\\/logo\\\/image\\\/\"},\"sameAs\":[\"https:\\\/\\\/www.instagram.com\\\/ppdegalicia\\\/\",\"https:\\\/\\\/x.com\\\/ppdegalicia\",\"https:\\\/\\\/www.tiktok.com\\\/@ppdegalicia\",\"https:\\\/\\\/www.youtube.com\\\/user\\\/ppdegalicia\"]},{\"@type\":\"Person\",\"@id\":\"https:\\\/\\\/ppdegalicia.com\\\/es\\\/#\\\/schema\\\/person\\\/5b822c6f59e872ebdd1142f307dbcb59\",\"name\":\"ppdegaliciaredes\",\"image\":{\"@type\":\"ImageObject\",\"inLanguage\":\"es\",\"@id\":\"https:\\\/\\\/secure.gravatar.com\\\/avatar\\\/3c9179cf0256d00c72a48d1f25783c58b6842cd56e85ef3a572881c8e28ccd59?s=96&d=mm&r=g\",\"url\":\"https:\\\/\\\/secure.gravatar.com\\\/avatar\\\/3c9179cf0256d00c72a48d1f25783c58b6842cd56e85ef3a572881c8e28ccd59?s=96&d=mm&r=g\",\"contentUrl\":\"https:\\\/\\\/secure.gravatar.com\\\/avatar\\\/3c9179cf0256d00c72a48d1f25783c58b6842cd56e85ef3a572881c8e28ccd59?s=96&d=mm&r=g\",\"caption\":\"ppdegaliciaredes\"},\"url\":\"https:\\\/\\\/ppdegalicia.com\\\/es\\\/author\\\/ppdegaliciaredes\\\/\"}]}<\/script>\n<!-- \/ Yoast SEO plugin. -->","yoast_head_json":{"title":"Tellado afirma que a traxectoria e o legado de Rosal\u00eda de Castro son unha fonte de inspiraci\u00f3n en toda Espa\u00f1a e un motivo de fondo orgullo para Galicia - PP de Galicia","robots":{"index":"index","follow":"follow","max-snippet":"max-snippet:-1","max-image-preview":"max-image-preview:large","max-video-preview":"max-video-preview:-1"},"canonical":"https:\/\/ppdegalicia.com\/es\/tellado-afirma-que-a-traxectoria-e-o-legado-de-rosalia-de-castro-son-unha-fonte-de-inspiracion-en-toda-espana-e-un-motivo-de-fondo-orgullo-para-galicia\/","og_locale":"es_ES","og_type":"article","og_title":"Tellado afirma que a traxectoria e o legado de Rosal\u00eda de Castro son unha fonte de inspiraci\u00f3n en toda Espa\u00f1a e un motivo de fondo orgullo para Galicia - PP de Galicia","og_description":"Reivindica a figura da autora, s\u00edmbolo de que a cultura e as linguas unen aos pobos, fronte ao empobrecemento dos nacionalismos exclu\u00edntes &#8212; O n\u00famero dous do PPdeG, Miguel Tellado, puxo en valor o legado de Rosal\u00eda de Castro, que \u00e9 unha fonte de inspiraci\u00f3n en toda Espa\u00f1a e un motivo de fondo orgullo para [&hellip;]","og_url":"https:\/\/ppdegalicia.com\/es\/tellado-afirma-que-a-traxectoria-e-o-legado-de-rosalia-de-castro-son-unha-fonte-de-inspiracion-en-toda-espana-e-un-motivo-de-fondo-orgullo-para-galicia\/","og_site_name":"PP de Galicia","article_publisher":"https:\/\/www.instagram.com\/ppdegalicia\/","article_published_time":"2022-02-21T11:27:25+00:00","og_image":[{"width":1024,"height":683,"url":"https:\/\/ppdegalicia.com\/wp-content\/uploads\/2022\/02\/ac4082c3ae87dc7af6a5189a3f9796ed-1024x683.jpg","type":"image\/jpeg"}],"author":"ppdegaliciaredes","twitter_card":"summary_large_image","twitter_creator":"@ppdegalicia","twitter_site":"@ppdegalicia","twitter_misc":{"Escrito por":"ppdegaliciaredes","Tiempo de lectura":"2 minutos"},"schema":{"@context":"https:\/\/schema.org","@graph":[{"@type":"Article","@id":"https:\/\/ppdegalicia.com\/es\/tellado-afirma-que-a-traxectoria-e-o-legado-de-rosalia-de-castro-son-unha-fonte-de-inspiracion-en-toda-espana-e-un-motivo-de-fondo-orgullo-para-galicia\/#article","isPartOf":{"@id":"https:\/\/ppdegalicia.com\/es\/tellado-afirma-que-a-traxectoria-e-o-legado-de-rosalia-de-castro-son-unha-fonte-de-inspiracion-en-toda-espana-e-un-motivo-de-fondo-orgullo-para-galicia\/"},"author":{"name":"ppdegaliciaredes","@id":"https:\/\/ppdegalicia.com\/es\/#\/schema\/person\/5b822c6f59e872ebdd1142f307dbcb59"},"headline":"Tellado afirma que a traxectoria e o legado de Rosal\u00eda de Castro son unha fonte de inspiraci\u00f3n en toda Espa\u00f1a e un motivo de fondo orgullo para Galicia","datePublished":"2022-02-21T11:27:25+00:00","mainEntityOfPage":{"@id":"https:\/\/ppdegalicia.com\/es\/tellado-afirma-que-a-traxectoria-e-o-legado-de-rosalia-de-castro-son-unha-fonte-de-inspiracion-en-toda-espana-e-un-motivo-de-fondo-orgullo-para-galicia\/"},"wordCount":436,"commentCount":0,"publisher":{"@id":"https:\/\/ppdegalicia.com\/es\/#organization"},"image":{"@id":"https:\/\/ppdegalicia.com\/es\/tellado-afirma-que-a-traxectoria-e-o-legado-de-rosalia-de-castro-son-unha-fonte-de-inspiracion-en-toda-espana-e-un-motivo-de-fondo-orgullo-para-galicia\/#primaryimage"},"thumbnailUrl":"https:\/\/ppdegalicia.com\/wp-content\/uploads\/2022\/02\/ac4082c3ae87dc7af6a5189a3f9796ed.jpg","articleSection":["PP de Galicia"],"inLanguage":"es","potentialAction":[{"@type":"CommentAction","name":"Comment","target":["https:\/\/ppdegalicia.com\/es\/tellado-afirma-que-a-traxectoria-e-o-legado-de-rosalia-de-castro-son-unha-fonte-de-inspiracion-en-toda-espana-e-un-motivo-de-fondo-orgullo-para-galicia\/#respond"]}]},{"@type":"WebPage","@id":"https:\/\/ppdegalicia.com\/es\/tellado-afirma-que-a-traxectoria-e-o-legado-de-rosalia-de-castro-son-unha-fonte-de-inspiracion-en-toda-espana-e-un-motivo-de-fondo-orgullo-para-galicia\/","url":"https:\/\/ppdegalicia.com\/es\/tellado-afirma-que-a-traxectoria-e-o-legado-de-rosalia-de-castro-son-unha-fonte-de-inspiracion-en-toda-espana-e-un-motivo-de-fondo-orgullo-para-galicia\/","name":"Tellado afirma que a traxectoria e o legado de Rosal\u00eda de Castro son unha fonte de inspiraci\u00f3n en toda Espa\u00f1a e un motivo de fondo orgullo para Galicia - PP de Galicia","isPartOf":{"@id":"https:\/\/ppdegalicia.com\/es\/#website"},"primaryImageOfPage":{"@id":"https:\/\/ppdegalicia.com\/es\/tellado-afirma-que-a-traxectoria-e-o-legado-de-rosalia-de-castro-son-unha-fonte-de-inspiracion-en-toda-espana-e-un-motivo-de-fondo-orgullo-para-galicia\/#primaryimage"},"image":{"@id":"https:\/\/ppdegalicia.com\/es\/tellado-afirma-que-a-traxectoria-e-o-legado-de-rosalia-de-castro-son-unha-fonte-de-inspiracion-en-toda-espana-e-un-motivo-de-fondo-orgullo-para-galicia\/#primaryimage"},"thumbnailUrl":"https:\/\/ppdegalicia.com\/wp-content\/uploads\/2022\/02\/ac4082c3ae87dc7af6a5189a3f9796ed.jpg","datePublished":"2022-02-21T11:27:25+00:00","breadcrumb":{"@id":"https:\/\/ppdegalicia.com\/es\/tellado-afirma-que-a-traxectoria-e-o-legado-de-rosalia-de-castro-son-unha-fonte-de-inspiracion-en-toda-espana-e-un-motivo-de-fondo-orgullo-para-galicia\/#breadcrumb"},"inLanguage":"es","potentialAction":[{"@type":"ReadAction","target":["https:\/\/ppdegalicia.com\/es\/tellado-afirma-que-a-traxectoria-e-o-legado-de-rosalia-de-castro-son-unha-fonte-de-inspiracion-en-toda-espana-e-un-motivo-de-fondo-orgullo-para-galicia\/"]}]},{"@type":"ImageObject","inLanguage":"es","@id":"https:\/\/ppdegalicia.com\/es\/tellado-afirma-que-a-traxectoria-e-o-legado-de-rosalia-de-castro-son-unha-fonte-de-inspiracion-en-toda-espana-e-un-motivo-de-fondo-orgullo-para-galicia\/#primaryimage","url":"https:\/\/ppdegalicia.com\/wp-content\/uploads\/2022\/02\/ac4082c3ae87dc7af6a5189a3f9796ed.jpg","contentUrl":"https:\/\/ppdegalicia.com\/wp-content\/uploads\/2022\/02\/ac4082c3ae87dc7af6a5189a3f9796ed.jpg","width":2048,"height":1365},{"@type":"BreadcrumbList","@id":"https:\/\/ppdegalicia.com\/es\/tellado-afirma-que-a-traxectoria-e-o-legado-de-rosalia-de-castro-son-unha-fonte-de-inspiracion-en-toda-espana-e-un-motivo-de-fondo-orgullo-para-galicia\/#breadcrumb","itemListElement":[{"@type":"ListItem","position":1,"name":"Portada","item":"https:\/\/ppdegalicia.com\/es\/"},{"@type":"ListItem","position":2,"name":"Tellado afirma que a traxectoria e o legado de Rosal\u00eda de Castro son unha fonte de inspiraci\u00f3n en toda Espa\u00f1a e un motivo de fondo orgullo para Galicia"}]},{"@type":"WebSite","@id":"https:\/\/ppdegalicia.com\/es\/#website","url":"https:\/\/ppdegalicia.com\/es\/","name":"Partido Popular de Galicia","description":"Partido Popular de Galicia","publisher":{"@id":"https:\/\/ppdegalicia.com\/es\/#organization"},"alternateName":"PP de Galicia","potentialAction":[{"@type":"SearchAction","target":{"@type":"EntryPoint","urlTemplate":"https:\/\/ppdegalicia.com\/es\/?s={search_term_string}"},"query-input":{"@type":"PropertyValueSpecification","valueRequired":true,"valueName":"search_term_string"}}],"inLanguage":"es"},{"@type":"Organization","@id":"https:\/\/ppdegalicia.com\/es\/#organization","name":"Partido Popular de Galicia","alternateName":"PP de Galicia","url":"https:\/\/ppdegalicia.com\/es\/","logo":{"@type":"ImageObject","inLanguage":"es","@id":"https:\/\/ppdegalicia.com\/es\/#\/schema\/logo\/image\/","url":"https:\/\/ppdegalicia.com\/wp-content\/uploads\/2023\/04\/logoPP512.png","contentUrl":"https:\/\/ppdegalicia.com\/wp-content\/uploads\/2023\/04\/logoPP512.png","width":512,"height":512,"caption":"Partido Popular de Galicia"},"image":{"@id":"https:\/\/ppdegalicia.com\/es\/#\/schema\/logo\/image\/"},"sameAs":["https:\/\/www.instagram.com\/ppdegalicia\/","https:\/\/x.com\/ppdegalicia","https:\/\/www.tiktok.com\/@ppdegalicia","https:\/\/www.youtube.com\/user\/ppdegalicia"]},{"@type":"Person","@id":"https:\/\/ppdegalicia.com\/es\/#\/schema\/person\/5b822c6f59e872ebdd1142f307dbcb59","name":"ppdegaliciaredes","image":{"@type":"ImageObject","inLanguage":"es","@id":"https:\/\/secure.gravatar.com\/avatar\/3c9179cf0256d00c72a48d1f25783c58b6842cd56e85ef3a572881c8e28ccd59?s=96&d=mm&r=g","url":"https:\/\/secure.gravatar.com\/avatar\/3c9179cf0256d00c72a48d1f25783c58b6842cd56e85ef3a572881c8e28ccd59?s=96&d=mm&r=g","contentUrl":"https:\/\/secure.gravatar.com\/avatar\/3c9179cf0256d00c72a48d1f25783c58b6842cd56e85ef3a572881c8e28ccd59?s=96&d=mm&r=g","caption":"ppdegaliciaredes"},"url":"https:\/\/ppdegalicia.com\/es\/author\/ppdegaliciaredes\/"}]}},"_links":{"self":[{"href":"https:\/\/ppdegalicia.com\/es\/wp-json\/wp\/v2\/posts\/56752","targetHints":{"allow":["GET"]}}],"collection":[{"href":"https:\/\/ppdegalicia.com\/es\/wp-json\/wp\/v2\/posts"}],"about":[{"href":"https:\/\/ppdegalicia.com\/es\/wp-json\/wp\/v2\/types\/post"}],"author":[{"embeddable":true,"href":"https:\/\/ppdegalicia.com\/es\/wp-json\/wp\/v2\/users\/38"}],"replies":[{"embeddable":true,"href":"https:\/\/ppdegalicia.com\/es\/wp-json\/wp\/v2\/comments?post=56752"}],"version-history":[{"count":0,"href":"https:\/\/ppdegalicia.com\/es\/wp-json\/wp\/v2\/posts\/56752\/revisions"}],"wp:featuredmedia":[{"embeddable":true,"href":"https:\/\/ppdegalicia.com\/es\/wp-json\/wp\/v2\/media\/56751"}],"wp:attachment":[{"href":"https:\/\/ppdegalicia.com\/es\/wp-json\/wp\/v2\/media?parent=56752"}],"wp:term":[{"taxonomy":"category","embeddable":true,"href":"https:\/\/ppdegalicia.com\/es\/wp-json\/wp\/v2\/categories?post=56752"},{"taxonomy":"post_tag","embeddable":true,"href":"https:\/\/ppdegalicia.com\/es\/wp-json\/wp\/v2\/tags?post=56752"}],"curies":[{"name":"wp","href":"https:\/\/api.w.org\/{rel}","templated":true}]}}