{"id":56766,"date":"2022-02-24T11:09:24","date_gmt":"2022-02-24T09:09:24","guid":{"rendered":"https:\/\/ppdegalicia.com\/elaboracion-dun-plan-estatal-contra-a-exclusion-financeira\/"},"modified":"2022-02-24T11:09:24","modified_gmt":"2022-02-24T09:09:24","slug":"elaboracion-dun-plan-estatal-contra-a-exclusion-financeira","status":"publish","type":"post","link":"https:\/\/ppdegalicia.com\/es\/elaboracion-dun-plan-estatal-contra-a-exclusion-financeira\/","title":{"rendered":"Elaboraci\u00f3n dun plan estatal contra a exclusi\u00f3n financeira"},"content":{"rendered":"<p><img fetchpriority=\"high\" decoding=\"async\" class=\" size-full wp-image-56765\" src=\"https:\/\/ppdegalicia.com\/wp-content\/uploads\/2022\/02\/c7c00384406c35b81741b74b364344cf-scaled.jpg\" alt=\"\" width=\"2560\" height=\"1486\" srcset=\"https:\/\/ppdegalicia.com\/wp-content\/uploads\/2022\/02\/c7c00384406c35b81741b74b364344cf-scaled.jpg 2560w, https:\/\/ppdegalicia.com\/wp-content\/uploads\/2022\/02\/c7c00384406c35b81741b74b364344cf-300x174.jpg 300w, https:\/\/ppdegalicia.com\/wp-content\/uploads\/2022\/02\/c7c00384406c35b81741b74b364344cf-1024x595.jpg 1024w, https:\/\/ppdegalicia.com\/wp-content\/uploads\/2022\/02\/c7c00384406c35b81741b74b364344cf-768x446.jpg 768w, https:\/\/ppdegalicia.com\/wp-content\/uploads\/2022\/02\/c7c00384406c35b81741b74b364344cf-1536x892.jpg 1536w, https:\/\/ppdegalicia.com\/wp-content\/uploads\/2022\/02\/c7c00384406c35b81741b74b364344cf-2048x1189.jpg 2048w\" sizes=\"(max-width: 2560px) 100vw, 2560px\" \/><\/p>\n<p>\u00a0<\/p>\n<p>Iniciativa sobre\u00a0\u00a0a reiteraci\u00f3n por parte da Xunta de Galicia ante o Goberno de Espa\u00f1a da necesidade dun estudo que sirva de base para a elaboraci\u00f3n dun plan estatal contra a exclusi\u00f3n financeira<\/p>\n<p><!--more--><\/p>\n<p>\u00a0<\/p>\n<p>Segundo os datos do Banco de Espa\u00f1a correspondentes o pasado setembro, no \u00faltimo ano a banca pechou en Espa\u00f1a case un 11% das oficinas. As 20.421 sucursais actuais son case un 56% menos que as 46.118 do 2008. Galicia viu desaparecer nos \u00faltimos 12 meses 189 sucursais bancarias.<\/p>\n<p>Si comparamos os datos dos \u00faltimos 6 anos, a 30 de setembro de 2015 en Galicia hab\u00eda 1719 oficinas abertas, fronte as 1096 que se contabilizan no ano 2021, isto \u00e9, un<br \/>36% menos. Por\u00e9n, a nivel estatal este dato \u00e9 moito m\u00e1is preocupante, cunha perda de oficinas do 56%.<\/p>\n<p>As entidades financeiras est\u00e1n a priorizar o uso das novas tecnolox\u00edas para a realizaci\u00f3n da maior\u00eda dos tr\u00e1mites bancarios. A\u00ednda que a banca electr\u00f3nica aporta vantaxes de inmediatez e accesibilidade, unha implantaci\u00f3n precipitada dificulta o acceso a servizos financeiros b\u00e1sicos naqueles lugares onde a dixitalizaci\u00f3n a\u00ednda non se desenvolveu na s\u00faa plenitude ou naquelas persoas que te\u00f1en un menor desempe\u00f1o nas novas tecnolox\u00edas, con especial incidencia na poboaci\u00f3n envellecida e que vive soa.<\/p>\n<p>Todas as administraci\u00f3ns p\u00fablicas, en colaboraci\u00f3n coas entidades financeiras, deben garantir que toda a poboaci\u00f3n galega, con independencia do seu lugar de residencia e da s\u00faa idade, te\u00f1a acceso aos servizos bancarios e financeiros, prestando especial atenci\u00f3n ao \u00e1mbito rural e a poboaci\u00f3n envellecida.<\/p>\n<p>De feito, xa existen f\u00f3rmulas \u00fatiles neste \u00e1mbito, como a iniciativa promovida pola Xunta de Galicia, en colaboraci\u00f3n coa Fegamp, que permitir\u00e1 a moitas localidades que carecen de oficina bancaria dispo\u00f1er dun caixeiro no seu municipio e que os veci\u00f1os poidan contar con servizos de asistencia financeira e de formaci\u00f3n. Ademais a trav\u00e9s dos organismos auton\u00f3micos de Consumo tam\u00e9n se traballa na defensa dos usuarios de banca, mediante a organizaci\u00f3n de campa\u00f1as informativas e prestaci\u00f3n de asesoramento en materia de servizos financeiros.<br \/>Existen iniciativas semellantes ao longo do territorio espa\u00f1ol, nas que est\u00e1n involucradas outros gobernos auton\u00f3micos, deputaci\u00f3ns provinciais, concellos, ou incluso a empresa p\u00fablica estatal Correos que, segundo ten anunciado, pretende instalar caixeiros en concellos sen entidade bancaria.<\/p>\n<p>Dende o noso grupo parlamentar valoramos moi positivamente todas estas medidas, pero consideramos que deber\u00eda existir unha coordinaci\u00f3n e unha planificaci\u00f3n a nivel estatal para que realmente sexan eficaces, xa que non estamos ante un problema exclusivamente galego, sen\u00f3n que se da no conxunto de Espa\u00f1a, tal e como vemos nos medios de comunicaci\u00f3n, e no que todas as administraci\u00f3ns deben implicarse.<\/p>\n<p>Tal e como se recolle na moci\u00f3n aprobada no pleno do Senado o 9 de setembro, existe un amplo consenso para que o Goberno de Espa\u00f1a elabore un estudio detallado sobre a situaci\u00f3n real de exclusi\u00f3n financeira e se acorde un paquete de medidas global para abordar este problema.<\/p>\n<p>O grupo parlamentario popular o pasado mes de setembro levou a Pleno de este parlamento unha iniciativa neste sentido, de demanda do Goberno do Estado unha actuaci\u00f3n coordinada e a adopci\u00f3n das medidas recollidas no acordo plenario do Senado.<br \/>Meses despois, a problem\u00e1tica segue sen resolverse, e todo indica que continuar\u00e1 agrav\u00e1ndose non vindeiros anos, polo que \u00e9 necesaria \u00e9 urxente unha actuaci\u00f3n por parte do Goberno Estatal.<\/p>\n<p>Por todo o exposto, O Grupo Parlamentario Popular presentamos a seguinte proposici\u00f3n non de lei en Pleno.<\/p>\n<p><strong>\u201cO Parlamento de Galicia insta \u00e1 Xunta de Galicia a:<\/strong><\/p>\n<p><strong>Reiterar ante o Goberno de Espa\u00f1a a necesidade de elaborar un estudo, en colaboraci\u00f3n co Banco de Espa\u00f1a e a CNMC, sobre a situaci\u00f3n do mercado financeiro en Espa\u00f1a desde el punto de vista da concentraci\u00f3n bancaria, da competencia e do acceso aos servicios financeiros b\u00e1sicos, que sirva de base para a elaboraci\u00f3n e posta en marcha dun plan estatal contra a exclusi\u00f3n financeira, con medidas que faciliten o acceso da poboaci\u00f3n aos servizos financeiros.<\/strong><\/p>\n<p><strong>Entre estas medidas estar\u00eda a de impulsar unha normativa que regule a prestaci\u00f3n universal de servicios financeiros b\u00e1sicos ou esenciais, de xeito que se garanta \u00e1 s\u00faa prestaci\u00f3n para todos os usuarios, cunha calidade determinada e a un prezo asequible.\u201d<\/strong><\/p>\n<p>\u00a0<\/p>\n<p><strong>Rexistro Iniciativa :\u00a0<a href=\"https:\/\/www.parlamentodegalicia.es\/Expedientes\/11\/PNP-002587\">https:\/\/www.parlamentodegalicia.es\/Expedientes\/11\/PNP-002587<\/a><\/strong><\/p>\n<p>\u00a0<\/p>\n<p><strong>Nota de prensa:\u00a0<a href=\"http:\/\/www.ppdegalicia.com\/index.php\/gl\/novas\/item\/5812-o-parlamento-galego-demanda-ao-goberno-central-un-plan-nacional-contra-a-exclusion-financeira\">http:\/\/www.ppdegalicia.com\/index.php\/gl\/novas\/item\/5812-o-parlamento-galego-demanda-ao-goberno-central-un-plan-nacional-contra-a-exclusion-financeira<\/a><\/strong><\/p>\n<p>\u00a0<\/p>\n","protected":false},"excerpt":{"rendered":"<p>\u00a0 Iniciativa sobre\u00a0\u00a0a reiteraci\u00f3n por parte da Xunta de Galicia ante o Goberno de Espa\u00f1a da necesidade dun estudo que sirva de base para a elaboraci\u00f3n dun plan estatal contra a exclusi\u00f3n financeira<\/p>\n","protected":false},"author":38,"featured_media":56765,"comment_status":"open","ping_status":"open","sticky":false,"template":"","format":"standard","meta":{"_acf_changed":false,"footnotes":""},"categories":[1128,1],"tags":[],"class_list":["post-56766","post","type-post","status-publish","format-standard","has-post-thumbnail","hentry","category-actualidad-parlamento-de-galicia","category-pp-de-galicia"],"acf":[],"yoast_head":"<!-- This site is optimized with the Yoast SEO plugin v27.3 - https:\/\/yoast.com\/product\/yoast-seo-wordpress\/ -->\n<title>Elaboraci\u00f3n dun plan estatal contra a exclusi\u00f3n financeira - PP de Galicia<\/title>\n<meta name=\"robots\" content=\"index, follow, max-snippet:-1, max-image-preview:large, max-video-preview:-1\" \/>\n<link rel=\"canonical\" href=\"https:\/\/ppdegalicia.com\/es\/elaboracion-dun-plan-estatal-contra-a-exclusion-financeira\/\" \/>\n<meta property=\"og:locale\" content=\"es_ES\" \/>\n<meta property=\"og:type\" content=\"article\" \/>\n<meta property=\"og:title\" content=\"Elaboraci\u00f3n dun plan estatal contra a exclusi\u00f3n financeira - PP de Galicia\" \/>\n<meta property=\"og:description\" content=\"\u00a0 Iniciativa sobre\u00a0\u00a0a reiteraci\u00f3n por parte da Xunta de Galicia ante o Goberno de Espa\u00f1a da necesidade dun estudo que sirva de base para a elaboraci\u00f3n dun plan estatal contra a exclusi\u00f3n financeira\" \/>\n<meta property=\"og:url\" content=\"https:\/\/ppdegalicia.com\/es\/elaboracion-dun-plan-estatal-contra-a-exclusion-financeira\/\" \/>\n<meta property=\"og:site_name\" content=\"PP de Galicia\" \/>\n<meta property=\"article:publisher\" content=\"https:\/\/www.instagram.com\/ppdegalicia\/\" \/>\n<meta property=\"article:published_time\" content=\"2022-02-24T09:09:24+00:00\" \/>\n<meta property=\"og:image\" content=\"https:\/\/ppdegalicia.com\/wp-content\/uploads\/2022\/02\/c7c00384406c35b81741b74b364344cf-scaled.jpg\" \/>\n\t<meta property=\"og:image:width\" content=\"2560\" \/>\n\t<meta property=\"og:image:height\" content=\"1486\" \/>\n\t<meta property=\"og:image:type\" content=\"image\/jpeg\" \/>\n<meta name=\"author\" content=\"ppdegaliciaredes\" \/>\n<meta name=\"twitter:card\" content=\"summary_large_image\" \/>\n<meta name=\"twitter:creator\" content=\"@ppdegalicia\" \/>\n<meta name=\"twitter:site\" content=\"@ppdegalicia\" \/>\n<meta name=\"twitter:label1\" content=\"Escrito por\" \/>\n\t<meta name=\"twitter:data1\" content=\"ppdegaliciaredes\" \/>\n\t<meta name=\"twitter:label2\" content=\"Tiempo de lectura\" \/>\n\t<meta name=\"twitter:data2\" content=\"4 minutos\" \/>\n<script type=\"application\/ld+json\" class=\"yoast-schema-graph\">{\"@context\":\"https:\\\/\\\/schema.org\",\"@graph\":[{\"@type\":\"Article\",\"@id\":\"https:\\\/\\\/ppdegalicia.com\\\/es\\\/elaboracion-dun-plan-estatal-contra-a-exclusion-financeira\\\/#article\",\"isPartOf\":{\"@id\":\"https:\\\/\\\/ppdegalicia.com\\\/es\\\/elaboracion-dun-plan-estatal-contra-a-exclusion-financeira\\\/\"},\"author\":{\"name\":\"ppdegaliciaredes\",\"@id\":\"https:\\\/\\\/ppdegalicia.com\\\/es\\\/#\\\/schema\\\/person\\\/5b822c6f59e872ebdd1142f307dbcb59\"},\"headline\":\"Elaboraci\u00f3n dun plan estatal contra a exclusi\u00f3n financeira\",\"datePublished\":\"2022-02-24T09:09:24+00:00\",\"mainEntityOfPage\":{\"@id\":\"https:\\\/\\\/ppdegalicia.com\\\/es\\\/elaboracion-dun-plan-estatal-contra-a-exclusion-financeira\\\/\"},\"wordCount\":778,\"commentCount\":0,\"publisher\":{\"@id\":\"https:\\\/\\\/ppdegalicia.com\\\/es\\\/#organization\"},\"image\":{\"@id\":\"https:\\\/\\\/ppdegalicia.com\\\/es\\\/elaboracion-dun-plan-estatal-contra-a-exclusion-financeira\\\/#primaryimage\"},\"thumbnailUrl\":\"https:\\\/\\\/ppdegalicia.com\\\/wp-content\\\/uploads\\\/2022\\\/02\\\/c7c00384406c35b81741b74b364344cf-scaled.jpg\",\"articleSection\":[\"Parlamento de Galicia\",\"PP de Galicia\"],\"inLanguage\":\"es\",\"potentialAction\":[{\"@type\":\"CommentAction\",\"name\":\"Comment\",\"target\":[\"https:\\\/\\\/ppdegalicia.com\\\/es\\\/elaboracion-dun-plan-estatal-contra-a-exclusion-financeira\\\/#respond\"]}]},{\"@type\":\"WebPage\",\"@id\":\"https:\\\/\\\/ppdegalicia.com\\\/es\\\/elaboracion-dun-plan-estatal-contra-a-exclusion-financeira\\\/\",\"url\":\"https:\\\/\\\/ppdegalicia.com\\\/es\\\/elaboracion-dun-plan-estatal-contra-a-exclusion-financeira\\\/\",\"name\":\"Elaboraci\u00f3n dun plan estatal contra a exclusi\u00f3n financeira - PP de Galicia\",\"isPartOf\":{\"@id\":\"https:\\\/\\\/ppdegalicia.com\\\/es\\\/#website\"},\"primaryImageOfPage\":{\"@id\":\"https:\\\/\\\/ppdegalicia.com\\\/es\\\/elaboracion-dun-plan-estatal-contra-a-exclusion-financeira\\\/#primaryimage\"},\"image\":{\"@id\":\"https:\\\/\\\/ppdegalicia.com\\\/es\\\/elaboracion-dun-plan-estatal-contra-a-exclusion-financeira\\\/#primaryimage\"},\"thumbnailUrl\":\"https:\\\/\\\/ppdegalicia.com\\\/wp-content\\\/uploads\\\/2022\\\/02\\\/c7c00384406c35b81741b74b364344cf-scaled.jpg\",\"datePublished\":\"2022-02-24T09:09:24+00:00\",\"breadcrumb\":{\"@id\":\"https:\\\/\\\/ppdegalicia.com\\\/es\\\/elaboracion-dun-plan-estatal-contra-a-exclusion-financeira\\\/#breadcrumb\"},\"inLanguage\":\"es\",\"potentialAction\":[{\"@type\":\"ReadAction\",\"target\":[\"https:\\\/\\\/ppdegalicia.com\\\/es\\\/elaboracion-dun-plan-estatal-contra-a-exclusion-financeira\\\/\"]}]},{\"@type\":\"ImageObject\",\"inLanguage\":\"es\",\"@id\":\"https:\\\/\\\/ppdegalicia.com\\\/es\\\/elaboracion-dun-plan-estatal-contra-a-exclusion-financeira\\\/#primaryimage\",\"url\":\"https:\\\/\\\/ppdegalicia.com\\\/wp-content\\\/uploads\\\/2022\\\/02\\\/c7c00384406c35b81741b74b364344cf-scaled.jpg\",\"contentUrl\":\"https:\\\/\\\/ppdegalicia.com\\\/wp-content\\\/uploads\\\/2022\\\/02\\\/c7c00384406c35b81741b74b364344cf-scaled.jpg\",\"width\":2560,\"height\":1486},{\"@type\":\"BreadcrumbList\",\"@id\":\"https:\\\/\\\/ppdegalicia.com\\\/es\\\/elaboracion-dun-plan-estatal-contra-a-exclusion-financeira\\\/#breadcrumb\",\"itemListElement\":[{\"@type\":\"ListItem\",\"position\":1,\"name\":\"Portada\",\"item\":\"https:\\\/\\\/ppdegalicia.com\\\/es\\\/\"},{\"@type\":\"ListItem\",\"position\":2,\"name\":\"Elaboraci\u00f3n dun plan estatal contra a exclusi\u00f3n financeira\"}]},{\"@type\":\"WebSite\",\"@id\":\"https:\\\/\\\/ppdegalicia.com\\\/es\\\/#website\",\"url\":\"https:\\\/\\\/ppdegalicia.com\\\/es\\\/\",\"name\":\"Partido Popular de Galicia\",\"description\":\"Partido Popular de Galicia\",\"publisher\":{\"@id\":\"https:\\\/\\\/ppdegalicia.com\\\/es\\\/#organization\"},\"alternateName\":\"PP de Galicia\",\"potentialAction\":[{\"@type\":\"SearchAction\",\"target\":{\"@type\":\"EntryPoint\",\"urlTemplate\":\"https:\\\/\\\/ppdegalicia.com\\\/es\\\/?s={search_term_string}\"},\"query-input\":{\"@type\":\"PropertyValueSpecification\",\"valueRequired\":true,\"valueName\":\"search_term_string\"}}],\"inLanguage\":\"es\"},{\"@type\":\"Organization\",\"@id\":\"https:\\\/\\\/ppdegalicia.com\\\/es\\\/#organization\",\"name\":\"Partido Popular de Galicia\",\"alternateName\":\"PP de Galicia\",\"url\":\"https:\\\/\\\/ppdegalicia.com\\\/es\\\/\",\"logo\":{\"@type\":\"ImageObject\",\"inLanguage\":\"es\",\"@id\":\"https:\\\/\\\/ppdegalicia.com\\\/es\\\/#\\\/schema\\\/logo\\\/image\\\/\",\"url\":\"https:\\\/\\\/ppdegalicia.com\\\/wp-content\\\/uploads\\\/2023\\\/04\\\/logoPP512.png\",\"contentUrl\":\"https:\\\/\\\/ppdegalicia.com\\\/wp-content\\\/uploads\\\/2023\\\/04\\\/logoPP512.png\",\"width\":512,\"height\":512,\"caption\":\"Partido Popular de Galicia\"},\"image\":{\"@id\":\"https:\\\/\\\/ppdegalicia.com\\\/es\\\/#\\\/schema\\\/logo\\\/image\\\/\"},\"sameAs\":[\"https:\\\/\\\/www.instagram.com\\\/ppdegalicia\\\/\",\"https:\\\/\\\/x.com\\\/ppdegalicia\",\"https:\\\/\\\/www.tiktok.com\\\/@ppdegalicia\",\"https:\\\/\\\/www.youtube.com\\\/user\\\/ppdegalicia\"]},{\"@type\":\"Person\",\"@id\":\"https:\\\/\\\/ppdegalicia.com\\\/es\\\/#\\\/schema\\\/person\\\/5b822c6f59e872ebdd1142f307dbcb59\",\"name\":\"ppdegaliciaredes\",\"image\":{\"@type\":\"ImageObject\",\"inLanguage\":\"es\",\"@id\":\"https:\\\/\\\/secure.gravatar.com\\\/avatar\\\/3c9179cf0256d00c72a48d1f25783c58b6842cd56e85ef3a572881c8e28ccd59?s=96&d=mm&r=g\",\"url\":\"https:\\\/\\\/secure.gravatar.com\\\/avatar\\\/3c9179cf0256d00c72a48d1f25783c58b6842cd56e85ef3a572881c8e28ccd59?s=96&d=mm&r=g\",\"contentUrl\":\"https:\\\/\\\/secure.gravatar.com\\\/avatar\\\/3c9179cf0256d00c72a48d1f25783c58b6842cd56e85ef3a572881c8e28ccd59?s=96&d=mm&r=g\",\"caption\":\"ppdegaliciaredes\"},\"url\":\"https:\\\/\\\/ppdegalicia.com\\\/es\\\/author\\\/ppdegaliciaredes\\\/\"}]}<\/script>\n<!-- \/ Yoast SEO plugin. -->","yoast_head_json":{"title":"Elaboraci\u00f3n dun plan estatal contra a exclusi\u00f3n financeira - PP de Galicia","robots":{"index":"index","follow":"follow","max-snippet":"max-snippet:-1","max-image-preview":"max-image-preview:large","max-video-preview":"max-video-preview:-1"},"canonical":"https:\/\/ppdegalicia.com\/es\/elaboracion-dun-plan-estatal-contra-a-exclusion-financeira\/","og_locale":"es_ES","og_type":"article","og_title":"Elaboraci\u00f3n dun plan estatal contra a exclusi\u00f3n financeira - PP de Galicia","og_description":"\u00a0 Iniciativa sobre\u00a0\u00a0a reiteraci\u00f3n por parte da Xunta de Galicia ante o Goberno de Espa\u00f1a da necesidade dun estudo que sirva de base para a elaboraci\u00f3n dun plan estatal contra a exclusi\u00f3n financeira","og_url":"https:\/\/ppdegalicia.com\/es\/elaboracion-dun-plan-estatal-contra-a-exclusion-financeira\/","og_site_name":"PP de Galicia","article_publisher":"https:\/\/www.instagram.com\/ppdegalicia\/","article_published_time":"2022-02-24T09:09:24+00:00","og_image":[{"width":2560,"height":1486,"url":"https:\/\/ppdegalicia.com\/wp-content\/uploads\/2022\/02\/c7c00384406c35b81741b74b364344cf-scaled.jpg","type":"image\/jpeg"}],"author":"ppdegaliciaredes","twitter_card":"summary_large_image","twitter_creator":"@ppdegalicia","twitter_site":"@ppdegalicia","twitter_misc":{"Escrito por":"ppdegaliciaredes","Tiempo de lectura":"4 minutos"},"schema":{"@context":"https:\/\/schema.org","@graph":[{"@type":"Article","@id":"https:\/\/ppdegalicia.com\/es\/elaboracion-dun-plan-estatal-contra-a-exclusion-financeira\/#article","isPartOf":{"@id":"https:\/\/ppdegalicia.com\/es\/elaboracion-dun-plan-estatal-contra-a-exclusion-financeira\/"},"author":{"name":"ppdegaliciaredes","@id":"https:\/\/ppdegalicia.com\/es\/#\/schema\/person\/5b822c6f59e872ebdd1142f307dbcb59"},"headline":"Elaboraci\u00f3n dun plan estatal contra a exclusi\u00f3n financeira","datePublished":"2022-02-24T09:09:24+00:00","mainEntityOfPage":{"@id":"https:\/\/ppdegalicia.com\/es\/elaboracion-dun-plan-estatal-contra-a-exclusion-financeira\/"},"wordCount":778,"commentCount":0,"publisher":{"@id":"https:\/\/ppdegalicia.com\/es\/#organization"},"image":{"@id":"https:\/\/ppdegalicia.com\/es\/elaboracion-dun-plan-estatal-contra-a-exclusion-financeira\/#primaryimage"},"thumbnailUrl":"https:\/\/ppdegalicia.com\/wp-content\/uploads\/2022\/02\/c7c00384406c35b81741b74b364344cf-scaled.jpg","articleSection":["Parlamento de Galicia","PP de Galicia"],"inLanguage":"es","potentialAction":[{"@type":"CommentAction","name":"Comment","target":["https:\/\/ppdegalicia.com\/es\/elaboracion-dun-plan-estatal-contra-a-exclusion-financeira\/#respond"]}]},{"@type":"WebPage","@id":"https:\/\/ppdegalicia.com\/es\/elaboracion-dun-plan-estatal-contra-a-exclusion-financeira\/","url":"https:\/\/ppdegalicia.com\/es\/elaboracion-dun-plan-estatal-contra-a-exclusion-financeira\/","name":"Elaboraci\u00f3n dun plan estatal contra a exclusi\u00f3n financeira - PP de Galicia","isPartOf":{"@id":"https:\/\/ppdegalicia.com\/es\/#website"},"primaryImageOfPage":{"@id":"https:\/\/ppdegalicia.com\/es\/elaboracion-dun-plan-estatal-contra-a-exclusion-financeira\/#primaryimage"},"image":{"@id":"https:\/\/ppdegalicia.com\/es\/elaboracion-dun-plan-estatal-contra-a-exclusion-financeira\/#primaryimage"},"thumbnailUrl":"https:\/\/ppdegalicia.com\/wp-content\/uploads\/2022\/02\/c7c00384406c35b81741b74b364344cf-scaled.jpg","datePublished":"2022-02-24T09:09:24+00:00","breadcrumb":{"@id":"https:\/\/ppdegalicia.com\/es\/elaboracion-dun-plan-estatal-contra-a-exclusion-financeira\/#breadcrumb"},"inLanguage":"es","potentialAction":[{"@type":"ReadAction","target":["https:\/\/ppdegalicia.com\/es\/elaboracion-dun-plan-estatal-contra-a-exclusion-financeira\/"]}]},{"@type":"ImageObject","inLanguage":"es","@id":"https:\/\/ppdegalicia.com\/es\/elaboracion-dun-plan-estatal-contra-a-exclusion-financeira\/#primaryimage","url":"https:\/\/ppdegalicia.com\/wp-content\/uploads\/2022\/02\/c7c00384406c35b81741b74b364344cf-scaled.jpg","contentUrl":"https:\/\/ppdegalicia.com\/wp-content\/uploads\/2022\/02\/c7c00384406c35b81741b74b364344cf-scaled.jpg","width":2560,"height":1486},{"@type":"BreadcrumbList","@id":"https:\/\/ppdegalicia.com\/es\/elaboracion-dun-plan-estatal-contra-a-exclusion-financeira\/#breadcrumb","itemListElement":[{"@type":"ListItem","position":1,"name":"Portada","item":"https:\/\/ppdegalicia.com\/es\/"},{"@type":"ListItem","position":2,"name":"Elaboraci\u00f3n dun plan estatal contra a exclusi\u00f3n financeira"}]},{"@type":"WebSite","@id":"https:\/\/ppdegalicia.com\/es\/#website","url":"https:\/\/ppdegalicia.com\/es\/","name":"Partido Popular de Galicia","description":"Partido Popular de Galicia","publisher":{"@id":"https:\/\/ppdegalicia.com\/es\/#organization"},"alternateName":"PP de Galicia","potentialAction":[{"@type":"SearchAction","target":{"@type":"EntryPoint","urlTemplate":"https:\/\/ppdegalicia.com\/es\/?s={search_term_string}"},"query-input":{"@type":"PropertyValueSpecification","valueRequired":true,"valueName":"search_term_string"}}],"inLanguage":"es"},{"@type":"Organization","@id":"https:\/\/ppdegalicia.com\/es\/#organization","name":"Partido Popular de Galicia","alternateName":"PP de Galicia","url":"https:\/\/ppdegalicia.com\/es\/","logo":{"@type":"ImageObject","inLanguage":"es","@id":"https:\/\/ppdegalicia.com\/es\/#\/schema\/logo\/image\/","url":"https:\/\/ppdegalicia.com\/wp-content\/uploads\/2023\/04\/logoPP512.png","contentUrl":"https:\/\/ppdegalicia.com\/wp-content\/uploads\/2023\/04\/logoPP512.png","width":512,"height":512,"caption":"Partido Popular de Galicia"},"image":{"@id":"https:\/\/ppdegalicia.com\/es\/#\/schema\/logo\/image\/"},"sameAs":["https:\/\/www.instagram.com\/ppdegalicia\/","https:\/\/x.com\/ppdegalicia","https:\/\/www.tiktok.com\/@ppdegalicia","https:\/\/www.youtube.com\/user\/ppdegalicia"]},{"@type":"Person","@id":"https:\/\/ppdegalicia.com\/es\/#\/schema\/person\/5b822c6f59e872ebdd1142f307dbcb59","name":"ppdegaliciaredes","image":{"@type":"ImageObject","inLanguage":"es","@id":"https:\/\/secure.gravatar.com\/avatar\/3c9179cf0256d00c72a48d1f25783c58b6842cd56e85ef3a572881c8e28ccd59?s=96&d=mm&r=g","url":"https:\/\/secure.gravatar.com\/avatar\/3c9179cf0256d00c72a48d1f25783c58b6842cd56e85ef3a572881c8e28ccd59?s=96&d=mm&r=g","contentUrl":"https:\/\/secure.gravatar.com\/avatar\/3c9179cf0256d00c72a48d1f25783c58b6842cd56e85ef3a572881c8e28ccd59?s=96&d=mm&r=g","caption":"ppdegaliciaredes"},"url":"https:\/\/ppdegalicia.com\/es\/author\/ppdegaliciaredes\/"}]}},"_links":{"self":[{"href":"https:\/\/ppdegalicia.com\/es\/wp-json\/wp\/v2\/posts\/56766","targetHints":{"allow":["GET"]}}],"collection":[{"href":"https:\/\/ppdegalicia.com\/es\/wp-json\/wp\/v2\/posts"}],"about":[{"href":"https:\/\/ppdegalicia.com\/es\/wp-json\/wp\/v2\/types\/post"}],"author":[{"embeddable":true,"href":"https:\/\/ppdegalicia.com\/es\/wp-json\/wp\/v2\/users\/38"}],"replies":[{"embeddable":true,"href":"https:\/\/ppdegalicia.com\/es\/wp-json\/wp\/v2\/comments?post=56766"}],"version-history":[{"count":0,"href":"https:\/\/ppdegalicia.com\/es\/wp-json\/wp\/v2\/posts\/56766\/revisions"}],"wp:featuredmedia":[{"embeddable":true,"href":"https:\/\/ppdegalicia.com\/es\/wp-json\/wp\/v2\/media\/56765"}],"wp:attachment":[{"href":"https:\/\/ppdegalicia.com\/es\/wp-json\/wp\/v2\/media?parent=56766"}],"wp:term":[{"taxonomy":"category","embeddable":true,"href":"https:\/\/ppdegalicia.com\/es\/wp-json\/wp\/v2\/categories?post=56766"},{"taxonomy":"post_tag","embeddable":true,"href":"https:\/\/ppdegalicia.com\/es\/wp-json\/wp\/v2\/tags?post=56766"}],"curies":[{"name":"wp","href":"https:\/\/api.w.org\/{rel}","templated":true}]}}