{"id":56787,"date":"2022-03-01T12:51:46","date_gmt":"2022-03-01T10:51:46","guid":{"rendered":"https:\/\/ppdegalicia.com\/o-grupo-popular-centra-as-suas-iniciativas-do-pleno-da-vindeira-semana-na-consolidacion-e-o-avance-na-igualdade-entre-homes-e-mulleres\/"},"modified":"2022-03-01T12:51:46","modified_gmt":"2022-03-01T10:51:46","slug":"o-grupo-popular-centra-as-suas-iniciativas-do-pleno-da-vindeira-semana-na-consolidacion-e-o-avance-na-igualdade-entre-homes-e-mulleres","status":"publish","type":"post","link":"https:\/\/ppdegalicia.com\/es\/o-grupo-popular-centra-as-suas-iniciativas-do-pleno-da-vindeira-semana-na-consolidacion-e-o-avance-na-igualdade-entre-homes-e-mulleres\/","title":{"rendered":"O Grupo Popular centra as s\u00faas iniciativas do Pleno da vindeira semana na consolidaci\u00f3n e o avance na igualdade entre homes e mulleres"},"content":{"rendered":"<p><img fetchpriority=\"high\" decoding=\"async\" class=\" size-full wp-image-56786\" src=\"https:\/\/ppdegalicia.com\/wp-content\/uploads\/2022\/03\/a062ac008dd04aadc6c1d65536d91f9f.jpg\" alt=\"\" width=\"1900\" height=\"1267\" srcset=\"https:\/\/ppdegalicia.com\/wp-content\/uploads\/2022\/03\/a062ac008dd04aadc6c1d65536d91f9f.jpg 1900w, https:\/\/ppdegalicia.com\/wp-content\/uploads\/2022\/03\/a062ac008dd04aadc6c1d65536d91f9f-300x200.jpg 300w, https:\/\/ppdegalicia.com\/wp-content\/uploads\/2022\/03\/a062ac008dd04aadc6c1d65536d91f9f-1024x683.jpg 1024w, https:\/\/ppdegalicia.com\/wp-content\/uploads\/2022\/03\/a062ac008dd04aadc6c1d65536d91f9f-768x512.jpg 768w, https:\/\/ppdegalicia.com\/wp-content\/uploads\/2022\/03\/a062ac008dd04aadc6c1d65536d91f9f-1536x1024.jpg 1536w\" sizes=\"(max-width: 1900px) 100vw, 1900px\" \/><\/p>\n<p>Santiago, 1 de marzo de 2022.- O Grupo Popular centrar\u00e1 as s\u00faas iniciativas do Pleno da vindeira semana en consolidar e avanzar na igualdade real entre homes e mulleres, coincidindo coa celebraci\u00f3n do D\u00eda Internacional da Muller o vindeiro 8 de marzo. En concreto, a trav\u00e9s de d\u00faas proposici\u00f3ns non de lei e unha pregunta ao Goberno galego, demandar\u00e1 actuaci\u00f3ns en \u00e1mbitos como o sociolaboral, discapacidade, medio ambiente, cultura, publicidade ou deporte; as\u00ed como a modernizaci\u00f3n dos puntos de encontro familiar ou a posta en marcha do VIII Plan estrat\u00e9xico para a igualdade de oportunidades entre homes e mulleres.<\/p>\n<p><!--more--><\/p>\n<p>Ao remate da Xunta de Portavoces, a viceportavoz popular, Paula Prado, trasladou \u201ca nosa solidariedade coas mulleres, homes, nenas e nenos de Ucra\u00edna que est\u00e1n a sufrir a tan condenable situaci\u00f3n de guerra que estamos a vivir\u201d. Neste sentido, condenou \u201crotundamente a invasi\u00f3n que est\u00e1 facendo o r\u00e9xime comunista sovi\u00e9tico de Vladimir Putin e o seu interese por voltar \u00e1 antiga Uni\u00f3n de Rep\u00fablicas Socialistas Sovi\u00e9ticas, vulnerando dese xeito a liberdade e soberan\u00eda do pobo ucra\u00edno\u201d.<\/p>\n<p>\u00a0<\/p>\n<p><strong>AMPARO AOS REFUXIADOS DE UCRA\u00cdNA<\/strong><\/p>\n<p>\u00a0<\/p>\n<p>Paula Prado lembrou que \u201ca Xunta sempre amosou a m\u00e1xima solidariedade ante a situaci\u00f3n de inxustiza social que se est\u00e1 a vivir en Ucra\u00edna e puxo todos os recursos que ten ao seu alcance para poder dar amparo a todos os refuxiados de Ucra\u00edna\u201d. As\u00ed mesmo, sinalou que \u201camosou a s\u00faa disposici\u00f3n a acoller \u00e1 poboaci\u00f3n de Ucra\u00edna con necesidade de atenci\u00f3n sanitaria e as\u00ed llo ten trasladado ao Goberno central\u201d. Concretamente, ofreceuse unha unidade no Hospital \u00c1lvaro Cunqueiro de Vigo, e de ser necesario ampliarase unha unidade m\u00e1is en cada \u00e1rea sanitaria. Por\u00e9n, apuntou que \u201ca colaboraci\u00f3n neste tipo de circunstancias debe ser coordinada polo Goberno central que debe asumir a s\u00faa responsabilidade en materia de pol\u00edtica exterior e de control de fronteiras\u201d.<\/p>\n<p>\u00a0<\/p>\n<p>Sobre a orde do d\u00eda da sesi\u00f3n plenaria da vindeira semana, Paula Prado informou que est\u00e1 prevista a comparecencia do conselleiro de Cultura, Educaci\u00f3n e Universidade para expor o modelo educativo de Galicia.<\/p>\n<p>\u00a0<\/p>\n<p><strong>MEDIDAS POLA IGUALDADE REAL<\/strong><\/p>\n<p>\u00a0<\/p>\n<p>Dentro do apartado de proposici\u00f3ns non de lei, o Grupo Popular demandar\u00e1 ampliar os programas e axudas destinados \u00e1 inclusi\u00f3n sociolaboral de mulleres en situaci\u00f3n de vulnerabilidade ou en risco de exclusi\u00f3n social; consolidar os programas dirixidos a mulleres maiores ou con discapacidade; reforzar as perspectivas de x\u00e9nero nas pol\u00edticas medioambientais e de xesti\u00f3n do territorio; apoiar a promoci\u00f3n profesional das mulleres no \u00e1mbito cultural e a visibilizaci\u00f3n da s\u00faa produci\u00f3n art\u00edstica; fomentar as boas pr\u00e1cticas e a implicaci\u00f3n dos medios de comunicaci\u00f3n e eliminar o sexismo nas mensaxes publicitarias; realizar campa\u00f1as institucionais en torno \u00e1 igualdade entre homes e mulleres; e consolidar a perspectiva de x\u00e9nero na actividade de planificaci\u00f3n e xesti\u00f3n do deporte galego.<\/p>\n<p>\u00a0<\/p>\n<p>Unha segunda proposici\u00f3n non de lei do Grupo Popular ten como obxectivo a modernizaci\u00f3n e humanizaci\u00f3n dos puntos de encontro familiar que actualmente se atopan en funcionamento en Galicia, tal e como est\u00e1 previsto facer nos centros de nova creaci\u00f3n.<\/p>\n<p>\u00a0<\/p>\n<p>A celebraci\u00f3n do D\u00eda Internacional da Muller tam\u00e9n se ver\u00e1 reflectido nas preguntas que o Grupo Popular realizar\u00e1 ao Goberno galego. En concreto, solicitar\u00e1 a valoraci\u00f3n da Conseller\u00eda de Emprego e Igualdade sobre o cumprimento das medidas do VII Plan estrat\u00e9xico para a igualdade de oportunidades entre homes e mulleres, as\u00ed como a situaci\u00f3n actual e novidades que se poidan avanzar con respecto ao VIII Plan.<\/p>\n<p>\u00a0<\/p>\n<p>Por \u00faltimo, o Grupo Popular tam\u00e9n se interesar\u00e1 no apartado de preguntas polo reparto dos fondos europeos que est\u00e1 a levar a cabo o Goberno de Espa\u00f1a e o seu impacto en Galicia, as\u00ed como pola informaci\u00f3n de que disp\u00f3n a Xunta sobre o acordo adoptado e os compromisos adquiridos polo Goberno central e Alcoa para garantir o futuro da planta de San Cibrao na Mari\u00f1a de Lugo.<\/p>\n","protected":false},"excerpt":{"rendered":"<p>Santiago, 1 de marzo de 2022.- O Grupo Popular centrar\u00e1 as s\u00faas iniciativas do Pleno da vindeira semana en consolidar e avanzar na igualdade real entre homes e mulleres, coincidindo coa celebraci\u00f3n do D\u00eda Internacional da Muller o vindeiro 8 de marzo. En concreto, a trav\u00e9s de d\u00faas proposici\u00f3ns non de lei e unha pregunta [&hellip;]<\/p>\n","protected":false},"author":38,"featured_media":56786,"comment_status":"open","ping_status":"open","sticky":false,"template":"","format":"standard","meta":{"_acf_changed":false,"footnotes":""},"categories":[1],"tags":[],"class_list":["post-56787","post","type-post","status-publish","format-standard","has-post-thumbnail","hentry","category-pp-de-galicia"],"acf":[],"yoast_head":"<!-- This site is optimized with the Yoast SEO plugin v27.3 - https:\/\/yoast.com\/product\/yoast-seo-wordpress\/ -->\n<title>O Grupo Popular centra as s\u00faas iniciativas do Pleno da vindeira semana na consolidaci\u00f3n e o avance na igualdade entre homes e mulleres - PP de Galicia<\/title>\n<meta name=\"robots\" content=\"index, follow, max-snippet:-1, max-image-preview:large, max-video-preview:-1\" \/>\n<link rel=\"canonical\" href=\"https:\/\/ppdegalicia.com\/es\/o-grupo-popular-centra-as-suas-iniciativas-do-pleno-da-vindeira-semana-na-consolidacion-e-o-avance-na-igualdade-entre-homes-e-mulleres\/\" \/>\n<meta property=\"og:locale\" content=\"es_ES\" \/>\n<meta property=\"og:type\" content=\"article\" \/>\n<meta property=\"og:title\" content=\"O Grupo Popular centra as s\u00faas iniciativas do Pleno da vindeira semana na consolidaci\u00f3n e o avance na igualdade entre homes e mulleres - PP de Galicia\" \/>\n<meta property=\"og:description\" content=\"Santiago, 1 de marzo de 2022.- O Grupo Popular centrar\u00e1 as s\u00faas iniciativas do Pleno da vindeira semana en consolidar e avanzar na igualdade real entre homes e mulleres, coincidindo coa celebraci\u00f3n do D\u00eda Internacional da Muller o vindeiro 8 de marzo. En concreto, a trav\u00e9s de d\u00faas proposici\u00f3ns non de lei e unha pregunta [&hellip;]\" \/>\n<meta property=\"og:url\" content=\"https:\/\/ppdegalicia.com\/es\/o-grupo-popular-centra-as-suas-iniciativas-do-pleno-da-vindeira-semana-na-consolidacion-e-o-avance-na-igualdade-entre-homes-e-mulleres\/\" \/>\n<meta property=\"og:site_name\" content=\"PP de Galicia\" \/>\n<meta property=\"article:publisher\" content=\"https:\/\/www.instagram.com\/ppdegalicia\/\" \/>\n<meta property=\"article:published_time\" content=\"2022-03-01T10:51:46+00:00\" \/>\n<meta property=\"og:image\" content=\"https:\/\/ppdegalicia.com\/wp-content\/uploads\/2022\/03\/a062ac008dd04aadc6c1d65536d91f9f.jpg\" \/>\n\t<meta property=\"og:image:width\" content=\"1900\" \/>\n\t<meta property=\"og:image:height\" content=\"1267\" \/>\n\t<meta property=\"og:image:type\" content=\"image\/jpeg\" \/>\n<meta name=\"author\" content=\"ppdegaliciaredes\" \/>\n<meta name=\"twitter:card\" content=\"summary_large_image\" \/>\n<meta name=\"twitter:creator\" content=\"@ppdegalicia\" \/>\n<meta name=\"twitter:site\" content=\"@ppdegalicia\" \/>\n<meta name=\"twitter:label1\" content=\"Escrito por\" \/>\n\t<meta name=\"twitter:data1\" content=\"ppdegaliciaredes\" \/>\n\t<meta name=\"twitter:label2\" content=\"Tiempo de lectura\" \/>\n\t<meta name=\"twitter:data2\" content=\"3 minutos\" \/>\n<script type=\"application\/ld+json\" class=\"yoast-schema-graph\">{\"@context\":\"https:\\\/\\\/schema.org\",\"@graph\":[{\"@type\":\"Article\",\"@id\":\"https:\\\/\\\/ppdegalicia.com\\\/es\\\/o-grupo-popular-centra-as-suas-iniciativas-do-pleno-da-vindeira-semana-na-consolidacion-e-o-avance-na-igualdade-entre-homes-e-mulleres\\\/#article\",\"isPartOf\":{\"@id\":\"https:\\\/\\\/ppdegalicia.com\\\/es\\\/o-grupo-popular-centra-as-suas-iniciativas-do-pleno-da-vindeira-semana-na-consolidacion-e-o-avance-na-igualdade-entre-homes-e-mulleres\\\/\"},\"author\":{\"name\":\"ppdegaliciaredes\",\"@id\":\"https:\\\/\\\/ppdegalicia.com\\\/es\\\/#\\\/schema\\\/person\\\/5b822c6f59e872ebdd1142f307dbcb59\"},\"headline\":\"O Grupo Popular centra as s\u00faas iniciativas do Pleno da vindeira semana na consolidaci\u00f3n e o avance na igualdade entre homes e mulleres\",\"datePublished\":\"2022-03-01T10:51:46+00:00\",\"mainEntityOfPage\":{\"@id\":\"https:\\\/\\\/ppdegalicia.com\\\/es\\\/o-grupo-popular-centra-as-suas-iniciativas-do-pleno-da-vindeira-semana-na-consolidacion-e-o-avance-na-igualdade-entre-homes-e-mulleres\\\/\"},\"wordCount\":723,\"commentCount\":0,\"publisher\":{\"@id\":\"https:\\\/\\\/ppdegalicia.com\\\/es\\\/#organization\"},\"image\":{\"@id\":\"https:\\\/\\\/ppdegalicia.com\\\/es\\\/o-grupo-popular-centra-as-suas-iniciativas-do-pleno-da-vindeira-semana-na-consolidacion-e-o-avance-na-igualdade-entre-homes-e-mulleres\\\/#primaryimage\"},\"thumbnailUrl\":\"https:\\\/\\\/ppdegalicia.com\\\/wp-content\\\/uploads\\\/2022\\\/03\\\/a062ac008dd04aadc6c1d65536d91f9f.jpg\",\"articleSection\":[\"PP de Galicia\"],\"inLanguage\":\"es\",\"potentialAction\":[{\"@type\":\"CommentAction\",\"name\":\"Comment\",\"target\":[\"https:\\\/\\\/ppdegalicia.com\\\/es\\\/o-grupo-popular-centra-as-suas-iniciativas-do-pleno-da-vindeira-semana-na-consolidacion-e-o-avance-na-igualdade-entre-homes-e-mulleres\\\/#respond\"]}]},{\"@type\":\"WebPage\",\"@id\":\"https:\\\/\\\/ppdegalicia.com\\\/es\\\/o-grupo-popular-centra-as-suas-iniciativas-do-pleno-da-vindeira-semana-na-consolidacion-e-o-avance-na-igualdade-entre-homes-e-mulleres\\\/\",\"url\":\"https:\\\/\\\/ppdegalicia.com\\\/es\\\/o-grupo-popular-centra-as-suas-iniciativas-do-pleno-da-vindeira-semana-na-consolidacion-e-o-avance-na-igualdade-entre-homes-e-mulleres\\\/\",\"name\":\"O Grupo Popular centra as s\u00faas iniciativas do Pleno da vindeira semana na consolidaci\u00f3n e o avance na igualdade entre homes e mulleres - PP de Galicia\",\"isPartOf\":{\"@id\":\"https:\\\/\\\/ppdegalicia.com\\\/es\\\/#website\"},\"primaryImageOfPage\":{\"@id\":\"https:\\\/\\\/ppdegalicia.com\\\/es\\\/o-grupo-popular-centra-as-suas-iniciativas-do-pleno-da-vindeira-semana-na-consolidacion-e-o-avance-na-igualdade-entre-homes-e-mulleres\\\/#primaryimage\"},\"image\":{\"@id\":\"https:\\\/\\\/ppdegalicia.com\\\/es\\\/o-grupo-popular-centra-as-suas-iniciativas-do-pleno-da-vindeira-semana-na-consolidacion-e-o-avance-na-igualdade-entre-homes-e-mulleres\\\/#primaryimage\"},\"thumbnailUrl\":\"https:\\\/\\\/ppdegalicia.com\\\/wp-content\\\/uploads\\\/2022\\\/03\\\/a062ac008dd04aadc6c1d65536d91f9f.jpg\",\"datePublished\":\"2022-03-01T10:51:46+00:00\",\"breadcrumb\":{\"@id\":\"https:\\\/\\\/ppdegalicia.com\\\/es\\\/o-grupo-popular-centra-as-suas-iniciativas-do-pleno-da-vindeira-semana-na-consolidacion-e-o-avance-na-igualdade-entre-homes-e-mulleres\\\/#breadcrumb\"},\"inLanguage\":\"es\",\"potentialAction\":[{\"@type\":\"ReadAction\",\"target\":[\"https:\\\/\\\/ppdegalicia.com\\\/es\\\/o-grupo-popular-centra-as-suas-iniciativas-do-pleno-da-vindeira-semana-na-consolidacion-e-o-avance-na-igualdade-entre-homes-e-mulleres\\\/\"]}]},{\"@type\":\"ImageObject\",\"inLanguage\":\"es\",\"@id\":\"https:\\\/\\\/ppdegalicia.com\\\/es\\\/o-grupo-popular-centra-as-suas-iniciativas-do-pleno-da-vindeira-semana-na-consolidacion-e-o-avance-na-igualdade-entre-homes-e-mulleres\\\/#primaryimage\",\"url\":\"https:\\\/\\\/ppdegalicia.com\\\/wp-content\\\/uploads\\\/2022\\\/03\\\/a062ac008dd04aadc6c1d65536d91f9f.jpg\",\"contentUrl\":\"https:\\\/\\\/ppdegalicia.com\\\/wp-content\\\/uploads\\\/2022\\\/03\\\/a062ac008dd04aadc6c1d65536d91f9f.jpg\",\"width\":1900,\"height\":1267},{\"@type\":\"BreadcrumbList\",\"@id\":\"https:\\\/\\\/ppdegalicia.com\\\/es\\\/o-grupo-popular-centra-as-suas-iniciativas-do-pleno-da-vindeira-semana-na-consolidacion-e-o-avance-na-igualdade-entre-homes-e-mulleres\\\/#breadcrumb\",\"itemListElement\":[{\"@type\":\"ListItem\",\"position\":1,\"name\":\"Portada\",\"item\":\"https:\\\/\\\/ppdegalicia.com\\\/es\\\/\"},{\"@type\":\"ListItem\",\"position\":2,\"name\":\"O Grupo Popular centra as s\u00faas iniciativas do Pleno da vindeira semana na consolidaci\u00f3n e o avance na igualdade entre homes e mulleres\"}]},{\"@type\":\"WebSite\",\"@id\":\"https:\\\/\\\/ppdegalicia.com\\\/es\\\/#website\",\"url\":\"https:\\\/\\\/ppdegalicia.com\\\/es\\\/\",\"name\":\"Partido Popular de Galicia\",\"description\":\"Partido Popular de Galicia\",\"publisher\":{\"@id\":\"https:\\\/\\\/ppdegalicia.com\\\/es\\\/#organization\"},\"alternateName\":\"PP de Galicia\",\"potentialAction\":[{\"@type\":\"SearchAction\",\"target\":{\"@type\":\"EntryPoint\",\"urlTemplate\":\"https:\\\/\\\/ppdegalicia.com\\\/es\\\/?s={search_term_string}\"},\"query-input\":{\"@type\":\"PropertyValueSpecification\",\"valueRequired\":true,\"valueName\":\"search_term_string\"}}],\"inLanguage\":\"es\"},{\"@type\":\"Organization\",\"@id\":\"https:\\\/\\\/ppdegalicia.com\\\/es\\\/#organization\",\"name\":\"Partido Popular de Galicia\",\"alternateName\":\"PP de Galicia\",\"url\":\"https:\\\/\\\/ppdegalicia.com\\\/es\\\/\",\"logo\":{\"@type\":\"ImageObject\",\"inLanguage\":\"es\",\"@id\":\"https:\\\/\\\/ppdegalicia.com\\\/es\\\/#\\\/schema\\\/logo\\\/image\\\/\",\"url\":\"https:\\\/\\\/ppdegalicia.com\\\/wp-content\\\/uploads\\\/2023\\\/04\\\/logoPP512.png\",\"contentUrl\":\"https:\\\/\\\/ppdegalicia.com\\\/wp-content\\\/uploads\\\/2023\\\/04\\\/logoPP512.png\",\"width\":512,\"height\":512,\"caption\":\"Partido Popular de Galicia\"},\"image\":{\"@id\":\"https:\\\/\\\/ppdegalicia.com\\\/es\\\/#\\\/schema\\\/logo\\\/image\\\/\"},\"sameAs\":[\"https:\\\/\\\/www.instagram.com\\\/ppdegalicia\\\/\",\"https:\\\/\\\/x.com\\\/ppdegalicia\",\"https:\\\/\\\/www.tiktok.com\\\/@ppdegalicia\",\"https:\\\/\\\/www.youtube.com\\\/user\\\/ppdegalicia\"]},{\"@type\":\"Person\",\"@id\":\"https:\\\/\\\/ppdegalicia.com\\\/es\\\/#\\\/schema\\\/person\\\/5b822c6f59e872ebdd1142f307dbcb59\",\"name\":\"ppdegaliciaredes\",\"image\":{\"@type\":\"ImageObject\",\"inLanguage\":\"es\",\"@id\":\"https:\\\/\\\/secure.gravatar.com\\\/avatar\\\/3c9179cf0256d00c72a48d1f25783c58b6842cd56e85ef3a572881c8e28ccd59?s=96&d=mm&r=g\",\"url\":\"https:\\\/\\\/secure.gravatar.com\\\/avatar\\\/3c9179cf0256d00c72a48d1f25783c58b6842cd56e85ef3a572881c8e28ccd59?s=96&d=mm&r=g\",\"contentUrl\":\"https:\\\/\\\/secure.gravatar.com\\\/avatar\\\/3c9179cf0256d00c72a48d1f25783c58b6842cd56e85ef3a572881c8e28ccd59?s=96&d=mm&r=g\",\"caption\":\"ppdegaliciaredes\"},\"url\":\"https:\\\/\\\/ppdegalicia.com\\\/es\\\/author\\\/ppdegaliciaredes\\\/\"}]}<\/script>\n<!-- \/ Yoast SEO plugin. -->","yoast_head_json":{"title":"O Grupo Popular centra as s\u00faas iniciativas do Pleno da vindeira semana na consolidaci\u00f3n e o avance na igualdade entre homes e mulleres - PP de Galicia","robots":{"index":"index","follow":"follow","max-snippet":"max-snippet:-1","max-image-preview":"max-image-preview:large","max-video-preview":"max-video-preview:-1"},"canonical":"https:\/\/ppdegalicia.com\/es\/o-grupo-popular-centra-as-suas-iniciativas-do-pleno-da-vindeira-semana-na-consolidacion-e-o-avance-na-igualdade-entre-homes-e-mulleres\/","og_locale":"es_ES","og_type":"article","og_title":"O Grupo Popular centra as s\u00faas iniciativas do Pleno da vindeira semana na consolidaci\u00f3n e o avance na igualdade entre homes e mulleres - PP de Galicia","og_description":"Santiago, 1 de marzo de 2022.- O Grupo Popular centrar\u00e1 as s\u00faas iniciativas do Pleno da vindeira semana en consolidar e avanzar na igualdade real entre homes e mulleres, coincidindo coa celebraci\u00f3n do D\u00eda Internacional da Muller o vindeiro 8 de marzo. En concreto, a trav\u00e9s de d\u00faas proposici\u00f3ns non de lei e unha pregunta [&hellip;]","og_url":"https:\/\/ppdegalicia.com\/es\/o-grupo-popular-centra-as-suas-iniciativas-do-pleno-da-vindeira-semana-na-consolidacion-e-o-avance-na-igualdade-entre-homes-e-mulleres\/","og_site_name":"PP de Galicia","article_publisher":"https:\/\/www.instagram.com\/ppdegalicia\/","article_published_time":"2022-03-01T10:51:46+00:00","og_image":[{"width":1900,"height":1267,"url":"https:\/\/ppdegalicia.com\/wp-content\/uploads\/2022\/03\/a062ac008dd04aadc6c1d65536d91f9f.jpg","type":"image\/jpeg"}],"author":"ppdegaliciaredes","twitter_card":"summary_large_image","twitter_creator":"@ppdegalicia","twitter_site":"@ppdegalicia","twitter_misc":{"Escrito por":"ppdegaliciaredes","Tiempo de lectura":"3 minutos"},"schema":{"@context":"https:\/\/schema.org","@graph":[{"@type":"Article","@id":"https:\/\/ppdegalicia.com\/es\/o-grupo-popular-centra-as-suas-iniciativas-do-pleno-da-vindeira-semana-na-consolidacion-e-o-avance-na-igualdade-entre-homes-e-mulleres\/#article","isPartOf":{"@id":"https:\/\/ppdegalicia.com\/es\/o-grupo-popular-centra-as-suas-iniciativas-do-pleno-da-vindeira-semana-na-consolidacion-e-o-avance-na-igualdade-entre-homes-e-mulleres\/"},"author":{"name":"ppdegaliciaredes","@id":"https:\/\/ppdegalicia.com\/es\/#\/schema\/person\/5b822c6f59e872ebdd1142f307dbcb59"},"headline":"O Grupo Popular centra as s\u00faas iniciativas do Pleno da vindeira semana na consolidaci\u00f3n e o avance na igualdade entre homes e mulleres","datePublished":"2022-03-01T10:51:46+00:00","mainEntityOfPage":{"@id":"https:\/\/ppdegalicia.com\/es\/o-grupo-popular-centra-as-suas-iniciativas-do-pleno-da-vindeira-semana-na-consolidacion-e-o-avance-na-igualdade-entre-homes-e-mulleres\/"},"wordCount":723,"commentCount":0,"publisher":{"@id":"https:\/\/ppdegalicia.com\/es\/#organization"},"image":{"@id":"https:\/\/ppdegalicia.com\/es\/o-grupo-popular-centra-as-suas-iniciativas-do-pleno-da-vindeira-semana-na-consolidacion-e-o-avance-na-igualdade-entre-homes-e-mulleres\/#primaryimage"},"thumbnailUrl":"https:\/\/ppdegalicia.com\/wp-content\/uploads\/2022\/03\/a062ac008dd04aadc6c1d65536d91f9f.jpg","articleSection":["PP de Galicia"],"inLanguage":"es","potentialAction":[{"@type":"CommentAction","name":"Comment","target":["https:\/\/ppdegalicia.com\/es\/o-grupo-popular-centra-as-suas-iniciativas-do-pleno-da-vindeira-semana-na-consolidacion-e-o-avance-na-igualdade-entre-homes-e-mulleres\/#respond"]}]},{"@type":"WebPage","@id":"https:\/\/ppdegalicia.com\/es\/o-grupo-popular-centra-as-suas-iniciativas-do-pleno-da-vindeira-semana-na-consolidacion-e-o-avance-na-igualdade-entre-homes-e-mulleres\/","url":"https:\/\/ppdegalicia.com\/es\/o-grupo-popular-centra-as-suas-iniciativas-do-pleno-da-vindeira-semana-na-consolidacion-e-o-avance-na-igualdade-entre-homes-e-mulleres\/","name":"O Grupo Popular centra as s\u00faas iniciativas do Pleno da vindeira semana na consolidaci\u00f3n e o avance na igualdade entre homes e mulleres - PP de Galicia","isPartOf":{"@id":"https:\/\/ppdegalicia.com\/es\/#website"},"primaryImageOfPage":{"@id":"https:\/\/ppdegalicia.com\/es\/o-grupo-popular-centra-as-suas-iniciativas-do-pleno-da-vindeira-semana-na-consolidacion-e-o-avance-na-igualdade-entre-homes-e-mulleres\/#primaryimage"},"image":{"@id":"https:\/\/ppdegalicia.com\/es\/o-grupo-popular-centra-as-suas-iniciativas-do-pleno-da-vindeira-semana-na-consolidacion-e-o-avance-na-igualdade-entre-homes-e-mulleres\/#primaryimage"},"thumbnailUrl":"https:\/\/ppdegalicia.com\/wp-content\/uploads\/2022\/03\/a062ac008dd04aadc6c1d65536d91f9f.jpg","datePublished":"2022-03-01T10:51:46+00:00","breadcrumb":{"@id":"https:\/\/ppdegalicia.com\/es\/o-grupo-popular-centra-as-suas-iniciativas-do-pleno-da-vindeira-semana-na-consolidacion-e-o-avance-na-igualdade-entre-homes-e-mulleres\/#breadcrumb"},"inLanguage":"es","potentialAction":[{"@type":"ReadAction","target":["https:\/\/ppdegalicia.com\/es\/o-grupo-popular-centra-as-suas-iniciativas-do-pleno-da-vindeira-semana-na-consolidacion-e-o-avance-na-igualdade-entre-homes-e-mulleres\/"]}]},{"@type":"ImageObject","inLanguage":"es","@id":"https:\/\/ppdegalicia.com\/es\/o-grupo-popular-centra-as-suas-iniciativas-do-pleno-da-vindeira-semana-na-consolidacion-e-o-avance-na-igualdade-entre-homes-e-mulleres\/#primaryimage","url":"https:\/\/ppdegalicia.com\/wp-content\/uploads\/2022\/03\/a062ac008dd04aadc6c1d65536d91f9f.jpg","contentUrl":"https:\/\/ppdegalicia.com\/wp-content\/uploads\/2022\/03\/a062ac008dd04aadc6c1d65536d91f9f.jpg","width":1900,"height":1267},{"@type":"BreadcrumbList","@id":"https:\/\/ppdegalicia.com\/es\/o-grupo-popular-centra-as-suas-iniciativas-do-pleno-da-vindeira-semana-na-consolidacion-e-o-avance-na-igualdade-entre-homes-e-mulleres\/#breadcrumb","itemListElement":[{"@type":"ListItem","position":1,"name":"Portada","item":"https:\/\/ppdegalicia.com\/es\/"},{"@type":"ListItem","position":2,"name":"O Grupo Popular centra as s\u00faas iniciativas do Pleno da vindeira semana na consolidaci\u00f3n e o avance na igualdade entre homes e mulleres"}]},{"@type":"WebSite","@id":"https:\/\/ppdegalicia.com\/es\/#website","url":"https:\/\/ppdegalicia.com\/es\/","name":"Partido Popular de Galicia","description":"Partido Popular de Galicia","publisher":{"@id":"https:\/\/ppdegalicia.com\/es\/#organization"},"alternateName":"PP de Galicia","potentialAction":[{"@type":"SearchAction","target":{"@type":"EntryPoint","urlTemplate":"https:\/\/ppdegalicia.com\/es\/?s={search_term_string}"},"query-input":{"@type":"PropertyValueSpecification","valueRequired":true,"valueName":"search_term_string"}}],"inLanguage":"es"},{"@type":"Organization","@id":"https:\/\/ppdegalicia.com\/es\/#organization","name":"Partido Popular de Galicia","alternateName":"PP de Galicia","url":"https:\/\/ppdegalicia.com\/es\/","logo":{"@type":"ImageObject","inLanguage":"es","@id":"https:\/\/ppdegalicia.com\/es\/#\/schema\/logo\/image\/","url":"https:\/\/ppdegalicia.com\/wp-content\/uploads\/2023\/04\/logoPP512.png","contentUrl":"https:\/\/ppdegalicia.com\/wp-content\/uploads\/2023\/04\/logoPP512.png","width":512,"height":512,"caption":"Partido Popular de Galicia"},"image":{"@id":"https:\/\/ppdegalicia.com\/es\/#\/schema\/logo\/image\/"},"sameAs":["https:\/\/www.instagram.com\/ppdegalicia\/","https:\/\/x.com\/ppdegalicia","https:\/\/www.tiktok.com\/@ppdegalicia","https:\/\/www.youtube.com\/user\/ppdegalicia"]},{"@type":"Person","@id":"https:\/\/ppdegalicia.com\/es\/#\/schema\/person\/5b822c6f59e872ebdd1142f307dbcb59","name":"ppdegaliciaredes","image":{"@type":"ImageObject","inLanguage":"es","@id":"https:\/\/secure.gravatar.com\/avatar\/3c9179cf0256d00c72a48d1f25783c58b6842cd56e85ef3a572881c8e28ccd59?s=96&d=mm&r=g","url":"https:\/\/secure.gravatar.com\/avatar\/3c9179cf0256d00c72a48d1f25783c58b6842cd56e85ef3a572881c8e28ccd59?s=96&d=mm&r=g","contentUrl":"https:\/\/secure.gravatar.com\/avatar\/3c9179cf0256d00c72a48d1f25783c58b6842cd56e85ef3a572881c8e28ccd59?s=96&d=mm&r=g","caption":"ppdegaliciaredes"},"url":"https:\/\/ppdegalicia.com\/es\/author\/ppdegaliciaredes\/"}]}},"_links":{"self":[{"href":"https:\/\/ppdegalicia.com\/es\/wp-json\/wp\/v2\/posts\/56787","targetHints":{"allow":["GET"]}}],"collection":[{"href":"https:\/\/ppdegalicia.com\/es\/wp-json\/wp\/v2\/posts"}],"about":[{"href":"https:\/\/ppdegalicia.com\/es\/wp-json\/wp\/v2\/types\/post"}],"author":[{"embeddable":true,"href":"https:\/\/ppdegalicia.com\/es\/wp-json\/wp\/v2\/users\/38"}],"replies":[{"embeddable":true,"href":"https:\/\/ppdegalicia.com\/es\/wp-json\/wp\/v2\/comments?post=56787"}],"version-history":[{"count":0,"href":"https:\/\/ppdegalicia.com\/es\/wp-json\/wp\/v2\/posts\/56787\/revisions"}],"wp:featuredmedia":[{"embeddable":true,"href":"https:\/\/ppdegalicia.com\/es\/wp-json\/wp\/v2\/media\/56786"}],"wp:attachment":[{"href":"https:\/\/ppdegalicia.com\/es\/wp-json\/wp\/v2\/media?parent=56787"}],"wp:term":[{"taxonomy":"category","embeddable":true,"href":"https:\/\/ppdegalicia.com\/es\/wp-json\/wp\/v2\/categories?post=56787"},{"taxonomy":"post_tag","embeddable":true,"href":"https:\/\/ppdegalicia.com\/es\/wp-json\/wp\/v2\/tags?post=56787"}],"curies":[{"name":"wp","href":"https:\/\/api.w.org\/{rel}","templated":true}]}}