{"id":56829,"date":"2022-03-08T12:01:58","date_gmt":"2022-03-08T10:01:58","guid":{"rendered":"https:\/\/ppdegalicia.com\/o-ppdeg-critica-a-mala-conciencia-do-bng-ao-boicotear-unha-declaracion-institucional-proposta-por-cc-oo-en-lembranza-do-10-de-marzo-de-1972\/"},"modified":"2022-03-08T12:01:58","modified_gmt":"2022-03-08T10:01:58","slug":"o-ppdeg-critica-a-mala-conciencia-do-bng-ao-boicotear-unha-declaracion-institucional-proposta-por-cc-oo-en-lembranza-do-10-de-marzo-de-1972","status":"publish","type":"post","link":"https:\/\/ppdegalicia.com\/es\/o-ppdeg-critica-a-mala-conciencia-do-bng-ao-boicotear-unha-declaracion-institucional-proposta-por-cc-oo-en-lembranza-do-10-de-marzo-de-1972\/","title":{"rendered":"O PPdeG critica a mala conciencia do BNG ao boicotear unha declaraci\u00f3n institucional proposta por CC.OO en lembranza do 10 de marzo de 1972"},"content":{"rendered":"<p><img fetchpriority=\"high\" decoding=\"async\" class=\" size-full wp-image-56828\" src=\"https:\/\/ppdegalicia.com\/wp-content\/uploads\/2022\/03\/5fecdb2bc69575551c549848d9a76974.jpg\" alt=\"\" width=\"1900\" height=\"1267\" srcset=\"https:\/\/ppdegalicia.com\/wp-content\/uploads\/2022\/03\/5fecdb2bc69575551c549848d9a76974.jpg 1900w, https:\/\/ppdegalicia.com\/wp-content\/uploads\/2022\/03\/5fecdb2bc69575551c549848d9a76974-300x200.jpg 300w, https:\/\/ppdegalicia.com\/wp-content\/uploads\/2022\/03\/5fecdb2bc69575551c549848d9a76974-1024x683.jpg 1024w, https:\/\/ppdegalicia.com\/wp-content\/uploads\/2022\/03\/5fecdb2bc69575551c549848d9a76974-768x512.jpg 768w, https:\/\/ppdegalicia.com\/wp-content\/uploads\/2022\/03\/5fecdb2bc69575551c549848d9a76974-1536x1024.jpg 1536w\" sizes=\"(max-width: 1900px) 100vw, 1900px\" \/><\/p>\n<p>Santiago, 8 de marzo de 2022.- O deputado do Grupo Popular Jos\u00e9 Manuel Balseiro acusou hoxe ao BNG no Pleno de Parlamento galego de intentar \u201cbranquear a s\u00faa mala conciencia coa declaraci\u00f3n do 10 de marzo como D\u00eda da clase obreira galega logo de boicotear unha declaraci\u00f3n institucional proposta por Comisi\u00f3ns Obreiras en apoio e reco\u00f1ecemento dos feitos que aconteceran nesa data tr\u00e1xica de 1972 en Ferrol\u201d.<\/p>\n<p><!--more--><\/p>\n<p>Jos\u00e9 Manuel Balseiro reco\u00f1eceu que esa data \u201c\u00e9 unha referencia expl\u00edcita que se pode enmarcar na loita democr\u00e1tica da sociedade civil contra a ditadura\u201d. \u201cPodemos e debemos facer un esforzo por aprender da historia, porque un pobo que esquece a s\u00faa historia est\u00e1 condenado a repetila, e ningu\u00e9n quere repetir nada de todo aquilo, m\u00e1is ben ao contrario, a democracia foi conquistada por todos\u201d.<\/p>\n<p>\u00a0<\/p>\n<p><strong>ACORDO PARLAMENTARIO PLENAMENTE VIXENTE<\/strong><\/p>\n<p>\u00a0<\/p>\n<p>Na s\u00faa intervenci\u00f3n, Balseiro afirmou que o acordo adoptado polo Parlamento galego en apoio e conmemoraci\u00f3n do acontecido o 10 de marzo de 1972 est\u00e1 \u201cplenamente vixente, polo que non quix\u00e9ramos que a iniciativa do BNG contribu\u00edra a desvirtualo\u201d.<\/p>\n<p>\u00a0<\/p>\n<p>\u201cNon imos branquear a mala conciencia do BNG ao vetar a declaraci\u00f3n institucional proposta por Comisi\u00f3ns Obreiras a todos os grupos parlamentarios para conmemorar este ano o 50 aniversario daquel 10 de marzo\u201d, sinalou o deputado popular, quen explicou que CC.OO \u201cnon buscaba m\u00e1is que o xusto protagonismo que lle da a historia, cando non est\u00e1 terxiversada, xa que a declaraci\u00f3n s\u00f3 era unha homenaxe \u00e1 loita daquel d\u00eda e unha maneira de lembrar os tr\u00e1xicos sucesos\u201d.<\/p>\n<p>\u00a0<\/p>\n<p>Ademais, Jos\u00e9 Manuel Balseiro criticou que o BNG \u201cest\u00e1 obsesionado con levantar muros e diferenzas entre os galegos, reclamando a oficializaci\u00f3n do D\u00eda da clase obreira galega, en contraposici\u00f3n co primeiro de maio, celebrado en 80 pa\u00edses como data de consenso para ese d\u00eda mundial\u201d.<\/p>\n<p>\u00a0<\/p>\n<p>\u201cOs dereitos e intereses dos traballadores galegos non se defenden con slogans, sen\u00f3n con feitos, nin convert\u00e9ndose en meras marionetas do sindicato nacionalista irm\u00e1n, sen\u00f3n con pol\u00edticas activas de emprgo como as que est\u00e1 a levar adiante a Xunta para incrementar as oportunidades laborais dos galegos e as galegas\u201d, dixo o deputado popular.<\/p>\n","protected":false},"excerpt":{"rendered":"<p>Santiago, 8 de marzo de 2022.- O deputado do Grupo Popular Jos\u00e9 Manuel Balseiro acusou hoxe ao BNG no Pleno de Parlamento galego de intentar \u201cbranquear a s\u00faa mala conciencia coa declaraci\u00f3n do 10 de marzo como D\u00eda da clase obreira galega logo de boicotear unha declaraci\u00f3n institucional proposta por Comisi\u00f3ns Obreiras en apoio e [&hellip;]<\/p>\n","protected":false},"author":38,"featured_media":56828,"comment_status":"open","ping_status":"open","sticky":false,"template":"","format":"standard","meta":{"_acf_changed":false,"footnotes":""},"categories":[1],"tags":[],"class_list":["post-56829","post","type-post","status-publish","format-standard","has-post-thumbnail","hentry","category-pp-de-galicia"],"acf":[],"yoast_head":"<!-- This site is optimized with the Yoast SEO plugin v27.3 - https:\/\/yoast.com\/product\/yoast-seo-wordpress\/ -->\n<title>O PPdeG critica a mala conciencia do BNG ao boicotear unha declaraci\u00f3n institucional proposta por CC.OO en lembranza do 10 de marzo de 1972 - PP de Galicia<\/title>\n<meta name=\"robots\" content=\"index, follow, max-snippet:-1, max-image-preview:large, max-video-preview:-1\" \/>\n<link rel=\"canonical\" href=\"https:\/\/ppdegalicia.com\/es\/o-ppdeg-critica-a-mala-conciencia-do-bng-ao-boicotear-unha-declaracion-institucional-proposta-por-cc-oo-en-lembranza-do-10-de-marzo-de-1972\/\" \/>\n<meta property=\"og:locale\" content=\"es_ES\" \/>\n<meta property=\"og:type\" content=\"article\" \/>\n<meta property=\"og:title\" content=\"O PPdeG critica a mala conciencia do BNG ao boicotear unha declaraci\u00f3n institucional proposta por CC.OO en lembranza do 10 de marzo de 1972 - PP de Galicia\" \/>\n<meta property=\"og:description\" content=\"Santiago, 8 de marzo de 2022.- O deputado do Grupo Popular Jos\u00e9 Manuel Balseiro acusou hoxe ao BNG no Pleno de Parlamento galego de intentar \u201cbranquear a s\u00faa mala conciencia coa declaraci\u00f3n do 10 de marzo como D\u00eda da clase obreira galega logo de boicotear unha declaraci\u00f3n institucional proposta por Comisi\u00f3ns Obreiras en apoio e [&hellip;]\" \/>\n<meta property=\"og:url\" content=\"https:\/\/ppdegalicia.com\/es\/o-ppdeg-critica-a-mala-conciencia-do-bng-ao-boicotear-unha-declaracion-institucional-proposta-por-cc-oo-en-lembranza-do-10-de-marzo-de-1972\/\" \/>\n<meta property=\"og:site_name\" content=\"PP de Galicia\" \/>\n<meta property=\"article:publisher\" content=\"https:\/\/www.instagram.com\/ppdegalicia\/\" \/>\n<meta property=\"article:published_time\" content=\"2022-03-08T10:01:58+00:00\" \/>\n<meta property=\"og:image\" content=\"https:\/\/ppdegalicia.com\/wp-content\/uploads\/2022\/03\/5fecdb2bc69575551c549848d9a76974.jpg\" \/>\n\t<meta property=\"og:image:width\" content=\"1900\" \/>\n\t<meta property=\"og:image:height\" content=\"1267\" \/>\n\t<meta property=\"og:image:type\" content=\"image\/jpeg\" \/>\n<meta name=\"author\" content=\"ppdegaliciaredes\" \/>\n<meta name=\"twitter:card\" content=\"summary_large_image\" \/>\n<meta name=\"twitter:creator\" content=\"@ppdegalicia\" \/>\n<meta name=\"twitter:site\" content=\"@ppdegalicia\" \/>\n<meta name=\"twitter:label1\" content=\"Escrito por\" \/>\n\t<meta name=\"twitter:data1\" content=\"ppdegaliciaredes\" \/>\n\t<meta name=\"twitter:label2\" content=\"Tiempo de lectura\" \/>\n\t<meta name=\"twitter:data2\" content=\"2 minutos\" \/>\n<script type=\"application\/ld+json\" class=\"yoast-schema-graph\">{\"@context\":\"https:\\\/\\\/schema.org\",\"@graph\":[{\"@type\":\"Article\",\"@id\":\"https:\\\/\\\/ppdegalicia.com\\\/es\\\/o-ppdeg-critica-a-mala-conciencia-do-bng-ao-boicotear-unha-declaracion-institucional-proposta-por-cc-oo-en-lembranza-do-10-de-marzo-de-1972\\\/#article\",\"isPartOf\":{\"@id\":\"https:\\\/\\\/ppdegalicia.com\\\/es\\\/o-ppdeg-critica-a-mala-conciencia-do-bng-ao-boicotear-unha-declaracion-institucional-proposta-por-cc-oo-en-lembranza-do-10-de-marzo-de-1972\\\/\"},\"author\":{\"name\":\"ppdegaliciaredes\",\"@id\":\"https:\\\/\\\/ppdegalicia.com\\\/es\\\/#\\\/schema\\\/person\\\/5b822c6f59e872ebdd1142f307dbcb59\"},\"headline\":\"O PPdeG critica a mala conciencia do BNG ao boicotear unha declaraci\u00f3n institucional proposta por CC.OO en lembranza do 10 de marzo de 1972\",\"datePublished\":\"2022-03-08T10:01:58+00:00\",\"mainEntityOfPage\":{\"@id\":\"https:\\\/\\\/ppdegalicia.com\\\/es\\\/o-ppdeg-critica-a-mala-conciencia-do-bng-ao-boicotear-unha-declaracion-institucional-proposta-por-cc-oo-en-lembranza-do-10-de-marzo-de-1972\\\/\"},\"wordCount\":398,\"commentCount\":0,\"publisher\":{\"@id\":\"https:\\\/\\\/ppdegalicia.com\\\/es\\\/#organization\"},\"image\":{\"@id\":\"https:\\\/\\\/ppdegalicia.com\\\/es\\\/o-ppdeg-critica-a-mala-conciencia-do-bng-ao-boicotear-unha-declaracion-institucional-proposta-por-cc-oo-en-lembranza-do-10-de-marzo-de-1972\\\/#primaryimage\"},\"thumbnailUrl\":\"https:\\\/\\\/ppdegalicia.com\\\/wp-content\\\/uploads\\\/2022\\\/03\\\/5fecdb2bc69575551c549848d9a76974.jpg\",\"articleSection\":[\"PP de Galicia\"],\"inLanguage\":\"es\",\"potentialAction\":[{\"@type\":\"CommentAction\",\"name\":\"Comment\",\"target\":[\"https:\\\/\\\/ppdegalicia.com\\\/es\\\/o-ppdeg-critica-a-mala-conciencia-do-bng-ao-boicotear-unha-declaracion-institucional-proposta-por-cc-oo-en-lembranza-do-10-de-marzo-de-1972\\\/#respond\"]}]},{\"@type\":\"WebPage\",\"@id\":\"https:\\\/\\\/ppdegalicia.com\\\/es\\\/o-ppdeg-critica-a-mala-conciencia-do-bng-ao-boicotear-unha-declaracion-institucional-proposta-por-cc-oo-en-lembranza-do-10-de-marzo-de-1972\\\/\",\"url\":\"https:\\\/\\\/ppdegalicia.com\\\/es\\\/o-ppdeg-critica-a-mala-conciencia-do-bng-ao-boicotear-unha-declaracion-institucional-proposta-por-cc-oo-en-lembranza-do-10-de-marzo-de-1972\\\/\",\"name\":\"O PPdeG critica a mala conciencia do BNG ao boicotear unha declaraci\u00f3n institucional proposta por CC.OO en lembranza do 10 de marzo de 1972 - PP de Galicia\",\"isPartOf\":{\"@id\":\"https:\\\/\\\/ppdegalicia.com\\\/es\\\/#website\"},\"primaryImageOfPage\":{\"@id\":\"https:\\\/\\\/ppdegalicia.com\\\/es\\\/o-ppdeg-critica-a-mala-conciencia-do-bng-ao-boicotear-unha-declaracion-institucional-proposta-por-cc-oo-en-lembranza-do-10-de-marzo-de-1972\\\/#primaryimage\"},\"image\":{\"@id\":\"https:\\\/\\\/ppdegalicia.com\\\/es\\\/o-ppdeg-critica-a-mala-conciencia-do-bng-ao-boicotear-unha-declaracion-institucional-proposta-por-cc-oo-en-lembranza-do-10-de-marzo-de-1972\\\/#primaryimage\"},\"thumbnailUrl\":\"https:\\\/\\\/ppdegalicia.com\\\/wp-content\\\/uploads\\\/2022\\\/03\\\/5fecdb2bc69575551c549848d9a76974.jpg\",\"datePublished\":\"2022-03-08T10:01:58+00:00\",\"breadcrumb\":{\"@id\":\"https:\\\/\\\/ppdegalicia.com\\\/es\\\/o-ppdeg-critica-a-mala-conciencia-do-bng-ao-boicotear-unha-declaracion-institucional-proposta-por-cc-oo-en-lembranza-do-10-de-marzo-de-1972\\\/#breadcrumb\"},\"inLanguage\":\"es\",\"potentialAction\":[{\"@type\":\"ReadAction\",\"target\":[\"https:\\\/\\\/ppdegalicia.com\\\/es\\\/o-ppdeg-critica-a-mala-conciencia-do-bng-ao-boicotear-unha-declaracion-institucional-proposta-por-cc-oo-en-lembranza-do-10-de-marzo-de-1972\\\/\"]}]},{\"@type\":\"ImageObject\",\"inLanguage\":\"es\",\"@id\":\"https:\\\/\\\/ppdegalicia.com\\\/es\\\/o-ppdeg-critica-a-mala-conciencia-do-bng-ao-boicotear-unha-declaracion-institucional-proposta-por-cc-oo-en-lembranza-do-10-de-marzo-de-1972\\\/#primaryimage\",\"url\":\"https:\\\/\\\/ppdegalicia.com\\\/wp-content\\\/uploads\\\/2022\\\/03\\\/5fecdb2bc69575551c549848d9a76974.jpg\",\"contentUrl\":\"https:\\\/\\\/ppdegalicia.com\\\/wp-content\\\/uploads\\\/2022\\\/03\\\/5fecdb2bc69575551c549848d9a76974.jpg\",\"width\":1900,\"height\":1267},{\"@type\":\"BreadcrumbList\",\"@id\":\"https:\\\/\\\/ppdegalicia.com\\\/es\\\/o-ppdeg-critica-a-mala-conciencia-do-bng-ao-boicotear-unha-declaracion-institucional-proposta-por-cc-oo-en-lembranza-do-10-de-marzo-de-1972\\\/#breadcrumb\",\"itemListElement\":[{\"@type\":\"ListItem\",\"position\":1,\"name\":\"Portada\",\"item\":\"https:\\\/\\\/ppdegalicia.com\\\/es\\\/\"},{\"@type\":\"ListItem\",\"position\":2,\"name\":\"O PPdeG critica a mala conciencia do BNG ao boicotear unha declaraci\u00f3n institucional proposta por CC.OO en lembranza do 10 de marzo de 1972\"}]},{\"@type\":\"WebSite\",\"@id\":\"https:\\\/\\\/ppdegalicia.com\\\/es\\\/#website\",\"url\":\"https:\\\/\\\/ppdegalicia.com\\\/es\\\/\",\"name\":\"Partido Popular de Galicia\",\"description\":\"Partido Popular de Galicia\",\"publisher\":{\"@id\":\"https:\\\/\\\/ppdegalicia.com\\\/es\\\/#organization\"},\"alternateName\":\"PP de Galicia\",\"potentialAction\":[{\"@type\":\"SearchAction\",\"target\":{\"@type\":\"EntryPoint\",\"urlTemplate\":\"https:\\\/\\\/ppdegalicia.com\\\/es\\\/?s={search_term_string}\"},\"query-input\":{\"@type\":\"PropertyValueSpecification\",\"valueRequired\":true,\"valueName\":\"search_term_string\"}}],\"inLanguage\":\"es\"},{\"@type\":\"Organization\",\"@id\":\"https:\\\/\\\/ppdegalicia.com\\\/es\\\/#organization\",\"name\":\"Partido Popular de Galicia\",\"alternateName\":\"PP de Galicia\",\"url\":\"https:\\\/\\\/ppdegalicia.com\\\/es\\\/\",\"logo\":{\"@type\":\"ImageObject\",\"inLanguage\":\"es\",\"@id\":\"https:\\\/\\\/ppdegalicia.com\\\/es\\\/#\\\/schema\\\/logo\\\/image\\\/\",\"url\":\"https:\\\/\\\/ppdegalicia.com\\\/wp-content\\\/uploads\\\/2023\\\/04\\\/logoPP512.png\",\"contentUrl\":\"https:\\\/\\\/ppdegalicia.com\\\/wp-content\\\/uploads\\\/2023\\\/04\\\/logoPP512.png\",\"width\":512,\"height\":512,\"caption\":\"Partido Popular de Galicia\"},\"image\":{\"@id\":\"https:\\\/\\\/ppdegalicia.com\\\/es\\\/#\\\/schema\\\/logo\\\/image\\\/\"},\"sameAs\":[\"https:\\\/\\\/www.instagram.com\\\/ppdegalicia\\\/\",\"https:\\\/\\\/x.com\\\/ppdegalicia\",\"https:\\\/\\\/www.tiktok.com\\\/@ppdegalicia\",\"https:\\\/\\\/www.youtube.com\\\/user\\\/ppdegalicia\"]},{\"@type\":\"Person\",\"@id\":\"https:\\\/\\\/ppdegalicia.com\\\/es\\\/#\\\/schema\\\/person\\\/5b822c6f59e872ebdd1142f307dbcb59\",\"name\":\"ppdegaliciaredes\",\"image\":{\"@type\":\"ImageObject\",\"inLanguage\":\"es\",\"@id\":\"https:\\\/\\\/secure.gravatar.com\\\/avatar\\\/3c9179cf0256d00c72a48d1f25783c58b6842cd56e85ef3a572881c8e28ccd59?s=96&d=mm&r=g\",\"url\":\"https:\\\/\\\/secure.gravatar.com\\\/avatar\\\/3c9179cf0256d00c72a48d1f25783c58b6842cd56e85ef3a572881c8e28ccd59?s=96&d=mm&r=g\",\"contentUrl\":\"https:\\\/\\\/secure.gravatar.com\\\/avatar\\\/3c9179cf0256d00c72a48d1f25783c58b6842cd56e85ef3a572881c8e28ccd59?s=96&d=mm&r=g\",\"caption\":\"ppdegaliciaredes\"},\"url\":\"https:\\\/\\\/ppdegalicia.com\\\/es\\\/author\\\/ppdegaliciaredes\\\/\"}]}<\/script>\n<!-- \/ Yoast SEO plugin. -->","yoast_head_json":{"title":"O PPdeG critica a mala conciencia do BNG ao boicotear unha declaraci\u00f3n institucional proposta por CC.OO en lembranza do 10 de marzo de 1972 - PP de Galicia","robots":{"index":"index","follow":"follow","max-snippet":"max-snippet:-1","max-image-preview":"max-image-preview:large","max-video-preview":"max-video-preview:-1"},"canonical":"https:\/\/ppdegalicia.com\/es\/o-ppdeg-critica-a-mala-conciencia-do-bng-ao-boicotear-unha-declaracion-institucional-proposta-por-cc-oo-en-lembranza-do-10-de-marzo-de-1972\/","og_locale":"es_ES","og_type":"article","og_title":"O PPdeG critica a mala conciencia do BNG ao boicotear unha declaraci\u00f3n institucional proposta por CC.OO en lembranza do 10 de marzo de 1972 - PP de Galicia","og_description":"Santiago, 8 de marzo de 2022.- O deputado do Grupo Popular Jos\u00e9 Manuel Balseiro acusou hoxe ao BNG no Pleno de Parlamento galego de intentar \u201cbranquear a s\u00faa mala conciencia coa declaraci\u00f3n do 10 de marzo como D\u00eda da clase obreira galega logo de boicotear unha declaraci\u00f3n institucional proposta por Comisi\u00f3ns Obreiras en apoio e [&hellip;]","og_url":"https:\/\/ppdegalicia.com\/es\/o-ppdeg-critica-a-mala-conciencia-do-bng-ao-boicotear-unha-declaracion-institucional-proposta-por-cc-oo-en-lembranza-do-10-de-marzo-de-1972\/","og_site_name":"PP de Galicia","article_publisher":"https:\/\/www.instagram.com\/ppdegalicia\/","article_published_time":"2022-03-08T10:01:58+00:00","og_image":[{"width":1900,"height":1267,"url":"https:\/\/ppdegalicia.com\/wp-content\/uploads\/2022\/03\/5fecdb2bc69575551c549848d9a76974.jpg","type":"image\/jpeg"}],"author":"ppdegaliciaredes","twitter_card":"summary_large_image","twitter_creator":"@ppdegalicia","twitter_site":"@ppdegalicia","twitter_misc":{"Escrito por":"ppdegaliciaredes","Tiempo de lectura":"2 minutos"},"schema":{"@context":"https:\/\/schema.org","@graph":[{"@type":"Article","@id":"https:\/\/ppdegalicia.com\/es\/o-ppdeg-critica-a-mala-conciencia-do-bng-ao-boicotear-unha-declaracion-institucional-proposta-por-cc-oo-en-lembranza-do-10-de-marzo-de-1972\/#article","isPartOf":{"@id":"https:\/\/ppdegalicia.com\/es\/o-ppdeg-critica-a-mala-conciencia-do-bng-ao-boicotear-unha-declaracion-institucional-proposta-por-cc-oo-en-lembranza-do-10-de-marzo-de-1972\/"},"author":{"name":"ppdegaliciaredes","@id":"https:\/\/ppdegalicia.com\/es\/#\/schema\/person\/5b822c6f59e872ebdd1142f307dbcb59"},"headline":"O PPdeG critica a mala conciencia do BNG ao boicotear unha declaraci\u00f3n institucional proposta por CC.OO en lembranza do 10 de marzo de 1972","datePublished":"2022-03-08T10:01:58+00:00","mainEntityOfPage":{"@id":"https:\/\/ppdegalicia.com\/es\/o-ppdeg-critica-a-mala-conciencia-do-bng-ao-boicotear-unha-declaracion-institucional-proposta-por-cc-oo-en-lembranza-do-10-de-marzo-de-1972\/"},"wordCount":398,"commentCount":0,"publisher":{"@id":"https:\/\/ppdegalicia.com\/es\/#organization"},"image":{"@id":"https:\/\/ppdegalicia.com\/es\/o-ppdeg-critica-a-mala-conciencia-do-bng-ao-boicotear-unha-declaracion-institucional-proposta-por-cc-oo-en-lembranza-do-10-de-marzo-de-1972\/#primaryimage"},"thumbnailUrl":"https:\/\/ppdegalicia.com\/wp-content\/uploads\/2022\/03\/5fecdb2bc69575551c549848d9a76974.jpg","articleSection":["PP de Galicia"],"inLanguage":"es","potentialAction":[{"@type":"CommentAction","name":"Comment","target":["https:\/\/ppdegalicia.com\/es\/o-ppdeg-critica-a-mala-conciencia-do-bng-ao-boicotear-unha-declaracion-institucional-proposta-por-cc-oo-en-lembranza-do-10-de-marzo-de-1972\/#respond"]}]},{"@type":"WebPage","@id":"https:\/\/ppdegalicia.com\/es\/o-ppdeg-critica-a-mala-conciencia-do-bng-ao-boicotear-unha-declaracion-institucional-proposta-por-cc-oo-en-lembranza-do-10-de-marzo-de-1972\/","url":"https:\/\/ppdegalicia.com\/es\/o-ppdeg-critica-a-mala-conciencia-do-bng-ao-boicotear-unha-declaracion-institucional-proposta-por-cc-oo-en-lembranza-do-10-de-marzo-de-1972\/","name":"O PPdeG critica a mala conciencia do BNG ao boicotear unha declaraci\u00f3n institucional proposta por CC.OO en lembranza do 10 de marzo de 1972 - PP de Galicia","isPartOf":{"@id":"https:\/\/ppdegalicia.com\/es\/#website"},"primaryImageOfPage":{"@id":"https:\/\/ppdegalicia.com\/es\/o-ppdeg-critica-a-mala-conciencia-do-bng-ao-boicotear-unha-declaracion-institucional-proposta-por-cc-oo-en-lembranza-do-10-de-marzo-de-1972\/#primaryimage"},"image":{"@id":"https:\/\/ppdegalicia.com\/es\/o-ppdeg-critica-a-mala-conciencia-do-bng-ao-boicotear-unha-declaracion-institucional-proposta-por-cc-oo-en-lembranza-do-10-de-marzo-de-1972\/#primaryimage"},"thumbnailUrl":"https:\/\/ppdegalicia.com\/wp-content\/uploads\/2022\/03\/5fecdb2bc69575551c549848d9a76974.jpg","datePublished":"2022-03-08T10:01:58+00:00","breadcrumb":{"@id":"https:\/\/ppdegalicia.com\/es\/o-ppdeg-critica-a-mala-conciencia-do-bng-ao-boicotear-unha-declaracion-institucional-proposta-por-cc-oo-en-lembranza-do-10-de-marzo-de-1972\/#breadcrumb"},"inLanguage":"es","potentialAction":[{"@type":"ReadAction","target":["https:\/\/ppdegalicia.com\/es\/o-ppdeg-critica-a-mala-conciencia-do-bng-ao-boicotear-unha-declaracion-institucional-proposta-por-cc-oo-en-lembranza-do-10-de-marzo-de-1972\/"]}]},{"@type":"ImageObject","inLanguage":"es","@id":"https:\/\/ppdegalicia.com\/es\/o-ppdeg-critica-a-mala-conciencia-do-bng-ao-boicotear-unha-declaracion-institucional-proposta-por-cc-oo-en-lembranza-do-10-de-marzo-de-1972\/#primaryimage","url":"https:\/\/ppdegalicia.com\/wp-content\/uploads\/2022\/03\/5fecdb2bc69575551c549848d9a76974.jpg","contentUrl":"https:\/\/ppdegalicia.com\/wp-content\/uploads\/2022\/03\/5fecdb2bc69575551c549848d9a76974.jpg","width":1900,"height":1267},{"@type":"BreadcrumbList","@id":"https:\/\/ppdegalicia.com\/es\/o-ppdeg-critica-a-mala-conciencia-do-bng-ao-boicotear-unha-declaracion-institucional-proposta-por-cc-oo-en-lembranza-do-10-de-marzo-de-1972\/#breadcrumb","itemListElement":[{"@type":"ListItem","position":1,"name":"Portada","item":"https:\/\/ppdegalicia.com\/es\/"},{"@type":"ListItem","position":2,"name":"O PPdeG critica a mala conciencia do BNG ao boicotear unha declaraci\u00f3n institucional proposta por CC.OO en lembranza do 10 de marzo de 1972"}]},{"@type":"WebSite","@id":"https:\/\/ppdegalicia.com\/es\/#website","url":"https:\/\/ppdegalicia.com\/es\/","name":"Partido Popular de Galicia","description":"Partido Popular de Galicia","publisher":{"@id":"https:\/\/ppdegalicia.com\/es\/#organization"},"alternateName":"PP de Galicia","potentialAction":[{"@type":"SearchAction","target":{"@type":"EntryPoint","urlTemplate":"https:\/\/ppdegalicia.com\/es\/?s={search_term_string}"},"query-input":{"@type":"PropertyValueSpecification","valueRequired":true,"valueName":"search_term_string"}}],"inLanguage":"es"},{"@type":"Organization","@id":"https:\/\/ppdegalicia.com\/es\/#organization","name":"Partido Popular de Galicia","alternateName":"PP de Galicia","url":"https:\/\/ppdegalicia.com\/es\/","logo":{"@type":"ImageObject","inLanguage":"es","@id":"https:\/\/ppdegalicia.com\/es\/#\/schema\/logo\/image\/","url":"https:\/\/ppdegalicia.com\/wp-content\/uploads\/2023\/04\/logoPP512.png","contentUrl":"https:\/\/ppdegalicia.com\/wp-content\/uploads\/2023\/04\/logoPP512.png","width":512,"height":512,"caption":"Partido Popular de Galicia"},"image":{"@id":"https:\/\/ppdegalicia.com\/es\/#\/schema\/logo\/image\/"},"sameAs":["https:\/\/www.instagram.com\/ppdegalicia\/","https:\/\/x.com\/ppdegalicia","https:\/\/www.tiktok.com\/@ppdegalicia","https:\/\/www.youtube.com\/user\/ppdegalicia"]},{"@type":"Person","@id":"https:\/\/ppdegalicia.com\/es\/#\/schema\/person\/5b822c6f59e872ebdd1142f307dbcb59","name":"ppdegaliciaredes","image":{"@type":"ImageObject","inLanguage":"es","@id":"https:\/\/secure.gravatar.com\/avatar\/3c9179cf0256d00c72a48d1f25783c58b6842cd56e85ef3a572881c8e28ccd59?s=96&d=mm&r=g","url":"https:\/\/secure.gravatar.com\/avatar\/3c9179cf0256d00c72a48d1f25783c58b6842cd56e85ef3a572881c8e28ccd59?s=96&d=mm&r=g","contentUrl":"https:\/\/secure.gravatar.com\/avatar\/3c9179cf0256d00c72a48d1f25783c58b6842cd56e85ef3a572881c8e28ccd59?s=96&d=mm&r=g","caption":"ppdegaliciaredes"},"url":"https:\/\/ppdegalicia.com\/es\/author\/ppdegaliciaredes\/"}]}},"_links":{"self":[{"href":"https:\/\/ppdegalicia.com\/es\/wp-json\/wp\/v2\/posts\/56829","targetHints":{"allow":["GET"]}}],"collection":[{"href":"https:\/\/ppdegalicia.com\/es\/wp-json\/wp\/v2\/posts"}],"about":[{"href":"https:\/\/ppdegalicia.com\/es\/wp-json\/wp\/v2\/types\/post"}],"author":[{"embeddable":true,"href":"https:\/\/ppdegalicia.com\/es\/wp-json\/wp\/v2\/users\/38"}],"replies":[{"embeddable":true,"href":"https:\/\/ppdegalicia.com\/es\/wp-json\/wp\/v2\/comments?post=56829"}],"version-history":[{"count":0,"href":"https:\/\/ppdegalicia.com\/es\/wp-json\/wp\/v2\/posts\/56829\/revisions"}],"wp:featuredmedia":[{"embeddable":true,"href":"https:\/\/ppdegalicia.com\/es\/wp-json\/wp\/v2\/media\/56828"}],"wp:attachment":[{"href":"https:\/\/ppdegalicia.com\/es\/wp-json\/wp\/v2\/media?parent=56829"}],"wp:term":[{"taxonomy":"category","embeddable":true,"href":"https:\/\/ppdegalicia.com\/es\/wp-json\/wp\/v2\/categories?post=56829"},{"taxonomy":"post_tag","embeddable":true,"href":"https:\/\/ppdegalicia.com\/es\/wp-json\/wp\/v2\/tags?post=56829"}],"curies":[{"name":"wp","href":"https:\/\/api.w.org\/{rel}","templated":true}]}}