{"id":56831,"date":"2022-03-08T12:04:15","date_gmt":"2022-03-08T10:04:15","guid":{"rendered":"https:\/\/ppdegalicia.com\/o-grupo-popular-critica-que-o-psdeg-pida-que-retrocedamos-ao-bipartito-e-apliquemos-politicas-caducadas-de-emprego-e-igualdade-para-as-mulleres\/"},"modified":"2022-03-08T12:04:15","modified_gmt":"2022-03-08T10:04:15","slug":"o-grupo-popular-critica-que-o-psdeg-pida-que-retrocedamos-ao-bipartito-e-apliquemos-politicas-caducadas-de-emprego-e-igualdade-para-as-mulleres","status":"publish","type":"post","link":"https:\/\/ppdegalicia.com\/es\/o-grupo-popular-critica-que-o-psdeg-pida-que-retrocedamos-ao-bipartito-e-apliquemos-politicas-caducadas-de-emprego-e-igualdade-para-as-mulleres\/","title":{"rendered":"O Grupo Popular critica que o PSdeG pida que \u201cretrocedamos ao bipartito e apliquemos pol\u00edticas caducadas de emprego e igualdade para as mulleres\u201d"},"content":{"rendered":"<p><img fetchpriority=\"high\" decoding=\"async\" class=\" size-full wp-image-56830\" src=\"https:\/\/ppdegalicia.com\/wp-content\/uploads\/2022\/03\/9c4b682cf1a9a7a403cda4b2157151c7.jpg\" alt=\"\" width=\"1900\" height=\"1267\" srcset=\"https:\/\/ppdegalicia.com\/wp-content\/uploads\/2022\/03\/9c4b682cf1a9a7a403cda4b2157151c7.jpg 1900w, https:\/\/ppdegalicia.com\/wp-content\/uploads\/2022\/03\/9c4b682cf1a9a7a403cda4b2157151c7-300x200.jpg 300w, https:\/\/ppdegalicia.com\/wp-content\/uploads\/2022\/03\/9c4b682cf1a9a7a403cda4b2157151c7-1024x683.jpg 1024w, https:\/\/ppdegalicia.com\/wp-content\/uploads\/2022\/03\/9c4b682cf1a9a7a403cda4b2157151c7-768x512.jpg 768w, https:\/\/ppdegalicia.com\/wp-content\/uploads\/2022\/03\/9c4b682cf1a9a7a403cda4b2157151c7-1536x1024.jpg 1536w\" sizes=\"(max-width: 1900px) 100vw, 1900px\" \/><\/p>\n<p>Santiago, 8 de marzo de 2022.- A deputada do Grupo Popular Cristina Sanz criticou hoxe no Pleno do Parlamento galego que o PSdeG \u201cnos pida que retrocedamos ao tempo do bipartito e apliquemos pol\u00edticas de emprego e igualdade para as mulleres de hai 16 anos\u201d. \u201cSon pol\u00edticas que te\u00f1en caducado, que obedecen a unha realidade que non existe e que, ademais, xa foron xulgadas polos galegos en catro elecci\u00f3ns consecutivas\u201d, subli\u00f1ou.<\/p>\n<p><!--more--><\/p>\n<p>\u201cSospeito que far\u00e1n esta proposta porque os socialistas galegos est\u00e1n obsesionados con patrimonializar e apropiarse de todas as pol\u00edticas relativas \u00e1 igualdade, cando a realidade demostra que desde o PPdeG levamos moito tempo traballando nesta materia\u201d, sinalou a deputada popular, que puxo como exemplo o primeiro Plan auton\u00f3mico contra a violencia de x\u00e9nero, aprobado hai 30 anos; a primeira Lei de igualdade de Galicia, de 2004; ou o nomeamento de mulleres en postos de alta responsabilidade pol\u00edtica, ata ese momento s\u00f3 ocupados por homes.<\/p>\n<p>\u00a0<\/p>\n<p><strong>NOVA LEI DE IGUALDADE<\/strong><\/p>\n<p>\u00a0<\/p>\n<p>De cara ao futuro, Cristina Sanz lembrou o anuncio realizado no \u00faltimo Consello da Xunta de impulsar unha nova Lei de igualdade de mulleres e homes, \u201cque ter\u00e1 como un dos seus eixos principais elevar a rango de lei as pol\u00edticas que nos permitan seguir avanzando na igualdade laboral entre homes e mulleres e no compromiso co emprego feminino de calidade\u201d.<\/p>\n<p>\u00a0<\/p>\n<p>\u201cEsta normativa intentar\u00e1 erradicar fen\u00f3menos como o teito de cristal e introducir\u00e1 a idea de benestar laboral nas empresas, ao tempo que incluir\u00e1 un Estatuto das mulleres rurais e do mar co que se defender\u00e1 o compromiso de atender as s\u00faas necesidades nas pol\u00edticas de emprego auton\u00f3mico\u201d, puntualizou.<\/p>\n<p>\u00a0<\/p>\n<p>A deputada popular tam\u00e9n se referiu ao Plan Emprega muller, que cont\u00e9n apoios integrais para o acceso, o mantemento, a consolidaci\u00f3n e a promoci\u00f3n profesional das mulleres galegas; as actuaci\u00f3ns realizadas en materia de conciliaci\u00f3n, coa finalidade de minimizar as dificultades das mulleres para manterse ou volver ao mercado laboral; ou facilitar unha formaci\u00f3n accesible, flexible e actualidade en materia de igualdade laboral.<\/p>\n<p>\u00a0<\/p>\n<p>\u201cEn definitiva, hai un Goberno galego que traballa, que promove, que escoita e que acerta no impulso de iniciativas no \u00e1mbito da igualdade no mercado laboral, polo que non nos pidan nin pretendan que retrocedamos ao pasado\u201d, conclu\u00edu.<\/p>\n","protected":false},"excerpt":{"rendered":"<p>Santiago, 8 de marzo de 2022.- A deputada do Grupo Popular Cristina Sanz criticou hoxe no Pleno do Parlamento galego que o PSdeG \u201cnos pida que retrocedamos ao tempo do bipartito e apliquemos pol\u00edticas de emprego e igualdade para as mulleres de hai 16 anos\u201d. \u201cSon pol\u00edticas que te\u00f1en caducado, que obedecen a unha realidade [&hellip;]<\/p>\n","protected":false},"author":38,"featured_media":56830,"comment_status":"open","ping_status":"open","sticky":false,"template":"","format":"standard","meta":{"_acf_changed":false,"footnotes":""},"categories":[1],"tags":[],"class_list":["post-56831","post","type-post","status-publish","format-standard","has-post-thumbnail","hentry","category-pp-de-galicia"],"acf":[],"yoast_head":"<!-- This site is optimized with the Yoast SEO plugin v27.3 - https:\/\/yoast.com\/product\/yoast-seo-wordpress\/ -->\n<title>O Grupo Popular critica que o PSdeG pida que \u201cretrocedamos ao bipartito e apliquemos pol\u00edticas caducadas de emprego e igualdade para as mulleres\u201d - PP de Galicia<\/title>\n<meta name=\"robots\" content=\"index, follow, max-snippet:-1, max-image-preview:large, max-video-preview:-1\" \/>\n<link rel=\"canonical\" href=\"https:\/\/ppdegalicia.com\/es\/o-grupo-popular-critica-que-o-psdeg-pida-que-retrocedamos-ao-bipartito-e-apliquemos-politicas-caducadas-de-emprego-e-igualdade-para-as-mulleres\/\" \/>\n<meta property=\"og:locale\" content=\"es_ES\" \/>\n<meta property=\"og:type\" content=\"article\" \/>\n<meta property=\"og:title\" content=\"O Grupo Popular critica que o PSdeG pida que \u201cretrocedamos ao bipartito e apliquemos pol\u00edticas caducadas de emprego e igualdade para as mulleres\u201d - PP de Galicia\" \/>\n<meta property=\"og:description\" content=\"Santiago, 8 de marzo de 2022.- A deputada do Grupo Popular Cristina Sanz criticou hoxe no Pleno do Parlamento galego que o PSdeG \u201cnos pida que retrocedamos ao tempo do bipartito e apliquemos pol\u00edticas de emprego e igualdade para as mulleres de hai 16 anos\u201d. \u201cSon pol\u00edticas que te\u00f1en caducado, que obedecen a unha realidade [&hellip;]\" \/>\n<meta property=\"og:url\" content=\"https:\/\/ppdegalicia.com\/es\/o-grupo-popular-critica-que-o-psdeg-pida-que-retrocedamos-ao-bipartito-e-apliquemos-politicas-caducadas-de-emprego-e-igualdade-para-as-mulleres\/\" \/>\n<meta property=\"og:site_name\" content=\"PP de Galicia\" \/>\n<meta property=\"article:publisher\" content=\"https:\/\/www.instagram.com\/ppdegalicia\/\" \/>\n<meta property=\"article:published_time\" content=\"2022-03-08T10:04:15+00:00\" \/>\n<meta property=\"og:image\" content=\"https:\/\/ppdegalicia.com\/wp-content\/uploads\/2022\/03\/9c4b682cf1a9a7a403cda4b2157151c7.jpg\" \/>\n\t<meta property=\"og:image:width\" content=\"1900\" \/>\n\t<meta property=\"og:image:height\" content=\"1267\" \/>\n\t<meta property=\"og:image:type\" content=\"image\/jpeg\" \/>\n<meta name=\"author\" content=\"ppdegaliciaredes\" \/>\n<meta name=\"twitter:card\" content=\"summary_large_image\" \/>\n<meta name=\"twitter:creator\" content=\"@ppdegalicia\" \/>\n<meta name=\"twitter:site\" content=\"@ppdegalicia\" \/>\n<meta name=\"twitter:label1\" content=\"Escrito por\" \/>\n\t<meta name=\"twitter:data1\" content=\"ppdegaliciaredes\" \/>\n\t<meta name=\"twitter:label2\" content=\"Tiempo de lectura\" \/>\n\t<meta name=\"twitter:data2\" content=\"2 minutos\" \/>\n<script type=\"application\/ld+json\" class=\"yoast-schema-graph\">{\"@context\":\"https:\\\/\\\/schema.org\",\"@graph\":[{\"@type\":\"Article\",\"@id\":\"https:\\\/\\\/ppdegalicia.com\\\/es\\\/o-grupo-popular-critica-que-o-psdeg-pida-que-retrocedamos-ao-bipartito-e-apliquemos-politicas-caducadas-de-emprego-e-igualdade-para-as-mulleres\\\/#article\",\"isPartOf\":{\"@id\":\"https:\\\/\\\/ppdegalicia.com\\\/es\\\/o-grupo-popular-critica-que-o-psdeg-pida-que-retrocedamos-ao-bipartito-e-apliquemos-politicas-caducadas-de-emprego-e-igualdade-para-as-mulleres\\\/\"},\"author\":{\"name\":\"ppdegaliciaredes\",\"@id\":\"https:\\\/\\\/ppdegalicia.com\\\/es\\\/#\\\/schema\\\/person\\\/5b822c6f59e872ebdd1142f307dbcb59\"},\"headline\":\"O Grupo Popular critica que o PSdeG pida que \u201cretrocedamos ao bipartito e apliquemos pol\u00edticas caducadas de emprego e igualdade para as mulleres\u201d\",\"datePublished\":\"2022-03-08T10:04:15+00:00\",\"mainEntityOfPage\":{\"@id\":\"https:\\\/\\\/ppdegalicia.com\\\/es\\\/o-grupo-popular-critica-que-o-psdeg-pida-que-retrocedamos-ao-bipartito-e-apliquemos-politicas-caducadas-de-emprego-e-igualdade-para-as-mulleres\\\/\"},\"wordCount\":412,\"commentCount\":0,\"publisher\":{\"@id\":\"https:\\\/\\\/ppdegalicia.com\\\/es\\\/#organization\"},\"image\":{\"@id\":\"https:\\\/\\\/ppdegalicia.com\\\/es\\\/o-grupo-popular-critica-que-o-psdeg-pida-que-retrocedamos-ao-bipartito-e-apliquemos-politicas-caducadas-de-emprego-e-igualdade-para-as-mulleres\\\/#primaryimage\"},\"thumbnailUrl\":\"https:\\\/\\\/ppdegalicia.com\\\/wp-content\\\/uploads\\\/2022\\\/03\\\/9c4b682cf1a9a7a403cda4b2157151c7.jpg\",\"articleSection\":[\"PP de Galicia\"],\"inLanguage\":\"es\",\"potentialAction\":[{\"@type\":\"CommentAction\",\"name\":\"Comment\",\"target\":[\"https:\\\/\\\/ppdegalicia.com\\\/es\\\/o-grupo-popular-critica-que-o-psdeg-pida-que-retrocedamos-ao-bipartito-e-apliquemos-politicas-caducadas-de-emprego-e-igualdade-para-as-mulleres\\\/#respond\"]}]},{\"@type\":\"WebPage\",\"@id\":\"https:\\\/\\\/ppdegalicia.com\\\/es\\\/o-grupo-popular-critica-que-o-psdeg-pida-que-retrocedamos-ao-bipartito-e-apliquemos-politicas-caducadas-de-emprego-e-igualdade-para-as-mulleres\\\/\",\"url\":\"https:\\\/\\\/ppdegalicia.com\\\/es\\\/o-grupo-popular-critica-que-o-psdeg-pida-que-retrocedamos-ao-bipartito-e-apliquemos-politicas-caducadas-de-emprego-e-igualdade-para-as-mulleres\\\/\",\"name\":\"O Grupo Popular critica que o PSdeG pida que \u201cretrocedamos ao bipartito e apliquemos pol\u00edticas caducadas de emprego e igualdade para as mulleres\u201d - PP de Galicia\",\"isPartOf\":{\"@id\":\"https:\\\/\\\/ppdegalicia.com\\\/es\\\/#website\"},\"primaryImageOfPage\":{\"@id\":\"https:\\\/\\\/ppdegalicia.com\\\/es\\\/o-grupo-popular-critica-que-o-psdeg-pida-que-retrocedamos-ao-bipartito-e-apliquemos-politicas-caducadas-de-emprego-e-igualdade-para-as-mulleres\\\/#primaryimage\"},\"image\":{\"@id\":\"https:\\\/\\\/ppdegalicia.com\\\/es\\\/o-grupo-popular-critica-que-o-psdeg-pida-que-retrocedamos-ao-bipartito-e-apliquemos-politicas-caducadas-de-emprego-e-igualdade-para-as-mulleres\\\/#primaryimage\"},\"thumbnailUrl\":\"https:\\\/\\\/ppdegalicia.com\\\/wp-content\\\/uploads\\\/2022\\\/03\\\/9c4b682cf1a9a7a403cda4b2157151c7.jpg\",\"datePublished\":\"2022-03-08T10:04:15+00:00\",\"breadcrumb\":{\"@id\":\"https:\\\/\\\/ppdegalicia.com\\\/es\\\/o-grupo-popular-critica-que-o-psdeg-pida-que-retrocedamos-ao-bipartito-e-apliquemos-politicas-caducadas-de-emprego-e-igualdade-para-as-mulleres\\\/#breadcrumb\"},\"inLanguage\":\"es\",\"potentialAction\":[{\"@type\":\"ReadAction\",\"target\":[\"https:\\\/\\\/ppdegalicia.com\\\/es\\\/o-grupo-popular-critica-que-o-psdeg-pida-que-retrocedamos-ao-bipartito-e-apliquemos-politicas-caducadas-de-emprego-e-igualdade-para-as-mulleres\\\/\"]}]},{\"@type\":\"ImageObject\",\"inLanguage\":\"es\",\"@id\":\"https:\\\/\\\/ppdegalicia.com\\\/es\\\/o-grupo-popular-critica-que-o-psdeg-pida-que-retrocedamos-ao-bipartito-e-apliquemos-politicas-caducadas-de-emprego-e-igualdade-para-as-mulleres\\\/#primaryimage\",\"url\":\"https:\\\/\\\/ppdegalicia.com\\\/wp-content\\\/uploads\\\/2022\\\/03\\\/9c4b682cf1a9a7a403cda4b2157151c7.jpg\",\"contentUrl\":\"https:\\\/\\\/ppdegalicia.com\\\/wp-content\\\/uploads\\\/2022\\\/03\\\/9c4b682cf1a9a7a403cda4b2157151c7.jpg\",\"width\":1900,\"height\":1267},{\"@type\":\"BreadcrumbList\",\"@id\":\"https:\\\/\\\/ppdegalicia.com\\\/es\\\/o-grupo-popular-critica-que-o-psdeg-pida-que-retrocedamos-ao-bipartito-e-apliquemos-politicas-caducadas-de-emprego-e-igualdade-para-as-mulleres\\\/#breadcrumb\",\"itemListElement\":[{\"@type\":\"ListItem\",\"position\":1,\"name\":\"Portada\",\"item\":\"https:\\\/\\\/ppdegalicia.com\\\/es\\\/\"},{\"@type\":\"ListItem\",\"position\":2,\"name\":\"O Grupo Popular critica que o PSdeG pida que \u201cretrocedamos ao bipartito e apliquemos pol\u00edticas caducadas de emprego e igualdade para as mulleres\u201d\"}]},{\"@type\":\"WebSite\",\"@id\":\"https:\\\/\\\/ppdegalicia.com\\\/es\\\/#website\",\"url\":\"https:\\\/\\\/ppdegalicia.com\\\/es\\\/\",\"name\":\"Partido Popular de Galicia\",\"description\":\"Partido Popular de Galicia\",\"publisher\":{\"@id\":\"https:\\\/\\\/ppdegalicia.com\\\/es\\\/#organization\"},\"alternateName\":\"PP de Galicia\",\"potentialAction\":[{\"@type\":\"SearchAction\",\"target\":{\"@type\":\"EntryPoint\",\"urlTemplate\":\"https:\\\/\\\/ppdegalicia.com\\\/es\\\/?s={search_term_string}\"},\"query-input\":{\"@type\":\"PropertyValueSpecification\",\"valueRequired\":true,\"valueName\":\"search_term_string\"}}],\"inLanguage\":\"es\"},{\"@type\":\"Organization\",\"@id\":\"https:\\\/\\\/ppdegalicia.com\\\/es\\\/#organization\",\"name\":\"Partido Popular de Galicia\",\"alternateName\":\"PP de Galicia\",\"url\":\"https:\\\/\\\/ppdegalicia.com\\\/es\\\/\",\"logo\":{\"@type\":\"ImageObject\",\"inLanguage\":\"es\",\"@id\":\"https:\\\/\\\/ppdegalicia.com\\\/es\\\/#\\\/schema\\\/logo\\\/image\\\/\",\"url\":\"https:\\\/\\\/ppdegalicia.com\\\/wp-content\\\/uploads\\\/2023\\\/04\\\/logoPP512.png\",\"contentUrl\":\"https:\\\/\\\/ppdegalicia.com\\\/wp-content\\\/uploads\\\/2023\\\/04\\\/logoPP512.png\",\"width\":512,\"height\":512,\"caption\":\"Partido Popular de Galicia\"},\"image\":{\"@id\":\"https:\\\/\\\/ppdegalicia.com\\\/es\\\/#\\\/schema\\\/logo\\\/image\\\/\"},\"sameAs\":[\"https:\\\/\\\/www.instagram.com\\\/ppdegalicia\\\/\",\"https:\\\/\\\/x.com\\\/ppdegalicia\",\"https:\\\/\\\/www.tiktok.com\\\/@ppdegalicia\",\"https:\\\/\\\/www.youtube.com\\\/user\\\/ppdegalicia\"]},{\"@type\":\"Person\",\"@id\":\"https:\\\/\\\/ppdegalicia.com\\\/es\\\/#\\\/schema\\\/person\\\/5b822c6f59e872ebdd1142f307dbcb59\",\"name\":\"ppdegaliciaredes\",\"image\":{\"@type\":\"ImageObject\",\"inLanguage\":\"es\",\"@id\":\"https:\\\/\\\/secure.gravatar.com\\\/avatar\\\/3c9179cf0256d00c72a48d1f25783c58b6842cd56e85ef3a572881c8e28ccd59?s=96&d=mm&r=g\",\"url\":\"https:\\\/\\\/secure.gravatar.com\\\/avatar\\\/3c9179cf0256d00c72a48d1f25783c58b6842cd56e85ef3a572881c8e28ccd59?s=96&d=mm&r=g\",\"contentUrl\":\"https:\\\/\\\/secure.gravatar.com\\\/avatar\\\/3c9179cf0256d00c72a48d1f25783c58b6842cd56e85ef3a572881c8e28ccd59?s=96&d=mm&r=g\",\"caption\":\"ppdegaliciaredes\"},\"url\":\"https:\\\/\\\/ppdegalicia.com\\\/es\\\/author\\\/ppdegaliciaredes\\\/\"}]}<\/script>\n<!-- \/ Yoast SEO plugin. -->","yoast_head_json":{"title":"O Grupo Popular critica que o PSdeG pida que \u201cretrocedamos ao bipartito e apliquemos pol\u00edticas caducadas de emprego e igualdade para as mulleres\u201d - PP de Galicia","robots":{"index":"index","follow":"follow","max-snippet":"max-snippet:-1","max-image-preview":"max-image-preview:large","max-video-preview":"max-video-preview:-1"},"canonical":"https:\/\/ppdegalicia.com\/es\/o-grupo-popular-critica-que-o-psdeg-pida-que-retrocedamos-ao-bipartito-e-apliquemos-politicas-caducadas-de-emprego-e-igualdade-para-as-mulleres\/","og_locale":"es_ES","og_type":"article","og_title":"O Grupo Popular critica que o PSdeG pida que \u201cretrocedamos ao bipartito e apliquemos pol\u00edticas caducadas de emprego e igualdade para as mulleres\u201d - PP de Galicia","og_description":"Santiago, 8 de marzo de 2022.- A deputada do Grupo Popular Cristina Sanz criticou hoxe no Pleno do Parlamento galego que o PSdeG \u201cnos pida que retrocedamos ao tempo do bipartito e apliquemos pol\u00edticas de emprego e igualdade para as mulleres de hai 16 anos\u201d. \u201cSon pol\u00edticas que te\u00f1en caducado, que obedecen a unha realidade [&hellip;]","og_url":"https:\/\/ppdegalicia.com\/es\/o-grupo-popular-critica-que-o-psdeg-pida-que-retrocedamos-ao-bipartito-e-apliquemos-politicas-caducadas-de-emprego-e-igualdade-para-as-mulleres\/","og_site_name":"PP de Galicia","article_publisher":"https:\/\/www.instagram.com\/ppdegalicia\/","article_published_time":"2022-03-08T10:04:15+00:00","og_image":[{"width":1900,"height":1267,"url":"https:\/\/ppdegalicia.com\/wp-content\/uploads\/2022\/03\/9c4b682cf1a9a7a403cda4b2157151c7.jpg","type":"image\/jpeg"}],"author":"ppdegaliciaredes","twitter_card":"summary_large_image","twitter_creator":"@ppdegalicia","twitter_site":"@ppdegalicia","twitter_misc":{"Escrito por":"ppdegaliciaredes","Tiempo de lectura":"2 minutos"},"schema":{"@context":"https:\/\/schema.org","@graph":[{"@type":"Article","@id":"https:\/\/ppdegalicia.com\/es\/o-grupo-popular-critica-que-o-psdeg-pida-que-retrocedamos-ao-bipartito-e-apliquemos-politicas-caducadas-de-emprego-e-igualdade-para-as-mulleres\/#article","isPartOf":{"@id":"https:\/\/ppdegalicia.com\/es\/o-grupo-popular-critica-que-o-psdeg-pida-que-retrocedamos-ao-bipartito-e-apliquemos-politicas-caducadas-de-emprego-e-igualdade-para-as-mulleres\/"},"author":{"name":"ppdegaliciaredes","@id":"https:\/\/ppdegalicia.com\/es\/#\/schema\/person\/5b822c6f59e872ebdd1142f307dbcb59"},"headline":"O Grupo Popular critica que o PSdeG pida que \u201cretrocedamos ao bipartito e apliquemos pol\u00edticas caducadas de emprego e igualdade para as mulleres\u201d","datePublished":"2022-03-08T10:04:15+00:00","mainEntityOfPage":{"@id":"https:\/\/ppdegalicia.com\/es\/o-grupo-popular-critica-que-o-psdeg-pida-que-retrocedamos-ao-bipartito-e-apliquemos-politicas-caducadas-de-emprego-e-igualdade-para-as-mulleres\/"},"wordCount":412,"commentCount":0,"publisher":{"@id":"https:\/\/ppdegalicia.com\/es\/#organization"},"image":{"@id":"https:\/\/ppdegalicia.com\/es\/o-grupo-popular-critica-que-o-psdeg-pida-que-retrocedamos-ao-bipartito-e-apliquemos-politicas-caducadas-de-emprego-e-igualdade-para-as-mulleres\/#primaryimage"},"thumbnailUrl":"https:\/\/ppdegalicia.com\/wp-content\/uploads\/2022\/03\/9c4b682cf1a9a7a403cda4b2157151c7.jpg","articleSection":["PP de Galicia"],"inLanguage":"es","potentialAction":[{"@type":"CommentAction","name":"Comment","target":["https:\/\/ppdegalicia.com\/es\/o-grupo-popular-critica-que-o-psdeg-pida-que-retrocedamos-ao-bipartito-e-apliquemos-politicas-caducadas-de-emprego-e-igualdade-para-as-mulleres\/#respond"]}]},{"@type":"WebPage","@id":"https:\/\/ppdegalicia.com\/es\/o-grupo-popular-critica-que-o-psdeg-pida-que-retrocedamos-ao-bipartito-e-apliquemos-politicas-caducadas-de-emprego-e-igualdade-para-as-mulleres\/","url":"https:\/\/ppdegalicia.com\/es\/o-grupo-popular-critica-que-o-psdeg-pida-que-retrocedamos-ao-bipartito-e-apliquemos-politicas-caducadas-de-emprego-e-igualdade-para-as-mulleres\/","name":"O Grupo Popular critica que o PSdeG pida que \u201cretrocedamos ao bipartito e apliquemos pol\u00edticas caducadas de emprego e igualdade para as mulleres\u201d - PP de Galicia","isPartOf":{"@id":"https:\/\/ppdegalicia.com\/es\/#website"},"primaryImageOfPage":{"@id":"https:\/\/ppdegalicia.com\/es\/o-grupo-popular-critica-que-o-psdeg-pida-que-retrocedamos-ao-bipartito-e-apliquemos-politicas-caducadas-de-emprego-e-igualdade-para-as-mulleres\/#primaryimage"},"image":{"@id":"https:\/\/ppdegalicia.com\/es\/o-grupo-popular-critica-que-o-psdeg-pida-que-retrocedamos-ao-bipartito-e-apliquemos-politicas-caducadas-de-emprego-e-igualdade-para-as-mulleres\/#primaryimage"},"thumbnailUrl":"https:\/\/ppdegalicia.com\/wp-content\/uploads\/2022\/03\/9c4b682cf1a9a7a403cda4b2157151c7.jpg","datePublished":"2022-03-08T10:04:15+00:00","breadcrumb":{"@id":"https:\/\/ppdegalicia.com\/es\/o-grupo-popular-critica-que-o-psdeg-pida-que-retrocedamos-ao-bipartito-e-apliquemos-politicas-caducadas-de-emprego-e-igualdade-para-as-mulleres\/#breadcrumb"},"inLanguage":"es","potentialAction":[{"@type":"ReadAction","target":["https:\/\/ppdegalicia.com\/es\/o-grupo-popular-critica-que-o-psdeg-pida-que-retrocedamos-ao-bipartito-e-apliquemos-politicas-caducadas-de-emprego-e-igualdade-para-as-mulleres\/"]}]},{"@type":"ImageObject","inLanguage":"es","@id":"https:\/\/ppdegalicia.com\/es\/o-grupo-popular-critica-que-o-psdeg-pida-que-retrocedamos-ao-bipartito-e-apliquemos-politicas-caducadas-de-emprego-e-igualdade-para-as-mulleres\/#primaryimage","url":"https:\/\/ppdegalicia.com\/wp-content\/uploads\/2022\/03\/9c4b682cf1a9a7a403cda4b2157151c7.jpg","contentUrl":"https:\/\/ppdegalicia.com\/wp-content\/uploads\/2022\/03\/9c4b682cf1a9a7a403cda4b2157151c7.jpg","width":1900,"height":1267},{"@type":"BreadcrumbList","@id":"https:\/\/ppdegalicia.com\/es\/o-grupo-popular-critica-que-o-psdeg-pida-que-retrocedamos-ao-bipartito-e-apliquemos-politicas-caducadas-de-emprego-e-igualdade-para-as-mulleres\/#breadcrumb","itemListElement":[{"@type":"ListItem","position":1,"name":"Portada","item":"https:\/\/ppdegalicia.com\/es\/"},{"@type":"ListItem","position":2,"name":"O Grupo Popular critica que o PSdeG pida que \u201cretrocedamos ao bipartito e apliquemos pol\u00edticas caducadas de emprego e igualdade para as mulleres\u201d"}]},{"@type":"WebSite","@id":"https:\/\/ppdegalicia.com\/es\/#website","url":"https:\/\/ppdegalicia.com\/es\/","name":"Partido Popular de Galicia","description":"Partido Popular de Galicia","publisher":{"@id":"https:\/\/ppdegalicia.com\/es\/#organization"},"alternateName":"PP de Galicia","potentialAction":[{"@type":"SearchAction","target":{"@type":"EntryPoint","urlTemplate":"https:\/\/ppdegalicia.com\/es\/?s={search_term_string}"},"query-input":{"@type":"PropertyValueSpecification","valueRequired":true,"valueName":"search_term_string"}}],"inLanguage":"es"},{"@type":"Organization","@id":"https:\/\/ppdegalicia.com\/es\/#organization","name":"Partido Popular de Galicia","alternateName":"PP de Galicia","url":"https:\/\/ppdegalicia.com\/es\/","logo":{"@type":"ImageObject","inLanguage":"es","@id":"https:\/\/ppdegalicia.com\/es\/#\/schema\/logo\/image\/","url":"https:\/\/ppdegalicia.com\/wp-content\/uploads\/2023\/04\/logoPP512.png","contentUrl":"https:\/\/ppdegalicia.com\/wp-content\/uploads\/2023\/04\/logoPP512.png","width":512,"height":512,"caption":"Partido Popular de Galicia"},"image":{"@id":"https:\/\/ppdegalicia.com\/es\/#\/schema\/logo\/image\/"},"sameAs":["https:\/\/www.instagram.com\/ppdegalicia\/","https:\/\/x.com\/ppdegalicia","https:\/\/www.tiktok.com\/@ppdegalicia","https:\/\/www.youtube.com\/user\/ppdegalicia"]},{"@type":"Person","@id":"https:\/\/ppdegalicia.com\/es\/#\/schema\/person\/5b822c6f59e872ebdd1142f307dbcb59","name":"ppdegaliciaredes","image":{"@type":"ImageObject","inLanguage":"es","@id":"https:\/\/secure.gravatar.com\/avatar\/3c9179cf0256d00c72a48d1f25783c58b6842cd56e85ef3a572881c8e28ccd59?s=96&d=mm&r=g","url":"https:\/\/secure.gravatar.com\/avatar\/3c9179cf0256d00c72a48d1f25783c58b6842cd56e85ef3a572881c8e28ccd59?s=96&d=mm&r=g","contentUrl":"https:\/\/secure.gravatar.com\/avatar\/3c9179cf0256d00c72a48d1f25783c58b6842cd56e85ef3a572881c8e28ccd59?s=96&d=mm&r=g","caption":"ppdegaliciaredes"},"url":"https:\/\/ppdegalicia.com\/es\/author\/ppdegaliciaredes\/"}]}},"_links":{"self":[{"href":"https:\/\/ppdegalicia.com\/es\/wp-json\/wp\/v2\/posts\/56831","targetHints":{"allow":["GET"]}}],"collection":[{"href":"https:\/\/ppdegalicia.com\/es\/wp-json\/wp\/v2\/posts"}],"about":[{"href":"https:\/\/ppdegalicia.com\/es\/wp-json\/wp\/v2\/types\/post"}],"author":[{"embeddable":true,"href":"https:\/\/ppdegalicia.com\/es\/wp-json\/wp\/v2\/users\/38"}],"replies":[{"embeddable":true,"href":"https:\/\/ppdegalicia.com\/es\/wp-json\/wp\/v2\/comments?post=56831"}],"version-history":[{"count":0,"href":"https:\/\/ppdegalicia.com\/es\/wp-json\/wp\/v2\/posts\/56831\/revisions"}],"wp:featuredmedia":[{"embeddable":true,"href":"https:\/\/ppdegalicia.com\/es\/wp-json\/wp\/v2\/media\/56830"}],"wp:attachment":[{"href":"https:\/\/ppdegalicia.com\/es\/wp-json\/wp\/v2\/media?parent=56831"}],"wp:term":[{"taxonomy":"category","embeddable":true,"href":"https:\/\/ppdegalicia.com\/es\/wp-json\/wp\/v2\/categories?post=56831"},{"taxonomy":"post_tag","embeddable":true,"href":"https:\/\/ppdegalicia.com\/es\/wp-json\/wp\/v2\/tags?post=56831"}],"curies":[{"name":"wp","href":"https:\/\/api.w.org\/{rel}","templated":true}]}}