{"id":56837,"date":"2022-03-11T13:32:26","date_gmt":"2022-03-11T11:32:26","guid":{"rendered":"https:\/\/ppdegalicia.com\/o-ppdeg-propon-un-plan-de-apoio-aos-autonomos-que-incremente-as-medidas-de-estimulo-reduza-a-fiscalidade-e-free-a-escalada-de-prezos\/"},"modified":"2022-03-11T13:32:26","modified_gmt":"2022-03-11T11:32:26","slug":"o-ppdeg-propon-un-plan-de-apoio-aos-autonomos-que-incremente-as-medidas-de-estimulo-reduza-a-fiscalidade-e-free-a-escalada-de-prezos","status":"publish","type":"post","link":"https:\/\/ppdegalicia.com\/es\/o-ppdeg-propon-un-plan-de-apoio-aos-autonomos-que-incremente-as-medidas-de-estimulo-reduza-a-fiscalidade-e-free-a-escalada-de-prezos\/","title":{"rendered":"O PPdeG prop\u00f3n un plan de apoio aos aut\u00f3nomos que incremente as medidas de est\u00edmulo, reduza a fiscalidade e free a escalada de prezos"},"content":{"rendered":"<p><img fetchpriority=\"high\" decoding=\"async\" class=\" size-full wp-image-56836\" src=\"https:\/\/ppdegalicia.com\/wp-content\/uploads\/2022\/03\/c1e21b05a381c806381286f711913568.jpg\" alt=\"\" width=\"1024\" height=\"670\" srcset=\"https:\/\/ppdegalicia.com\/wp-content\/uploads\/2022\/03\/c1e21b05a381c806381286f711913568.jpg 1024w, https:\/\/ppdegalicia.com\/wp-content\/uploads\/2022\/03\/c1e21b05a381c806381286f711913568-300x196.jpg 300w, https:\/\/ppdegalicia.com\/wp-content\/uploads\/2022\/03\/c1e21b05a381c806381286f711913568-768x503.jpg 768w\" sizes=\"(max-width: 1024px) 100vw, 1024px\" \/><\/p>\n<p>Lugo, 11 de marzo de 2022.- O portavoz de Emprego do Grupo Popular, Jos\u00e9 Manuel Balseiro, demandou hoxe a posta en marcha desde as distintas administraci\u00f3ns dun plan de apoio aos aut\u00f3nomos \u201cconscientes de que son un dos colectivos que m\u00e1is est\u00e1n a sufrir as dificultades derivadas do actual contexto econ\u00f3mico\u201d.<\/p>\n<p><!--more--><\/p>\n<p>Este plan de choque, co que busca apoiar aos preto de 208.000 aut\u00f3nomos galegos, dos que 32.000 son lucenses, estar\u00eda baseado en tres eixos: novos est\u00edmulos para evitar peches e contribu\u00edr ao seu fortalecemento, reducir a fiscalidade que soporta este colectivo e, finalmente, medidas dirixidas a frear a escalada de prezos.<\/p>\n<p>\u00a0<\/p>\n<p>Segundo Balseiro, \u201cos aut\u00f3nomos, que son un colectivo prioritario pola s\u00faa capacidade de creaci\u00f3n de riqueza e de emprego, precisan de reacci\u00f3ns inmediatas para evitar que se po\u00f1a en risco o seu futuro, xa que a\u00ednda arrastran as consecuencias das restrici\u00f3ns derivadas da pandemia e no \u00faltimo ano soportan, ademais, a escalada dos prezos enerx\u00e9ticos, da escaseza e incremento dos prezos das materias primas, da alza da inflaci\u00f3n e da alza do salario m\u00ednimo\u201d.<\/p>\n<p>\u00a0<\/p>\n<p><strong>MEDIDAS DE EST\u00cdMULO<\/strong><\/p>\n<p>\u00a0<\/p>\n<p>No primeiro dos \u00e1mbitos, o portavoz popula puxo como modelo \u00e1 Xunta, insistindo na necesidade de dar continuidade \u00e1s medidas de apoio e de est\u00edmulo que contrib\u00faan \u00e1 viabilidade e consolidaci\u00f3n dos proxectos empresariais e da actividade econ\u00f3mica que realizan os aut\u00f3nomos.<\/p>\n<p>\u00a0<\/p>\n<p>As\u00ed, lembrou que s\u00f3 no pasado ano o Goberno galego ten inxectado m\u00e1is de 610 mill\u00f3ns de euros en axudas directas ao tecido produtivo galego, constitu\u00eddo na s\u00faa maior\u00eda (no 97%) por aut\u00f3nomos e microempresas.<\/p>\n<p>\u00a0<\/p>\n<p>O deputado popular tam\u00e9n cre que \u201ca li\u00f1a a seguir por outras administraci\u00f3ns deben ser a das reformas emprendidas polo actual Goberno galego, tales como a eliminaci\u00f3n de trabas burocr\u00e1ticas, a mellora das medidas de impulso ao traballo por conta propia, as\u00ed como a posta en marcha de axudas directas e de v\u00edas de asesoramento como a nova oficina virtual\u201d.<\/p>\n<p>\u00a0<\/p>\n<p><strong>REDUCIR A FISCALIDADE E A ALZA DE PREZOS<\/strong><\/p>\n<p>\u00a0<\/p>\n<p>Para Balseiro tam\u00e9n \u201c\u00e9 imprescindible unha reduci\u00f3n da presi\u00f3n fiscal que soportan os aut\u00f3nomos e, por suposto, desterrar calquera intento de subir o que pagan polas s\u00faas cotizaci\u00f3ns, como xa aconteceu o pasado decembro, coa suba que o Goberno de Pedro S\u00e1nchez inclu\u00edu nos orzamentos xerais do Estado, sen comunicaci\u00f3n previa nin di\u00e1logo co sector\u201d.<\/p>\n<p>Desde o PP, o novo sistema de cotizaci\u00f3ns para aut\u00f3nomos debe nacer do consenso e non debe permitirse que a maior\u00eda dos aut\u00f3nomos vexan incrementados os seus custos de xeito inxusto e co \u00fanico af\u00e1n recadatorio.<\/p>\n<p>Finalmente, Balseiro reclama tam\u00e9n medidas eficaces para conter a escalada de prezos actual. Neste sentido, censurou iniciativas do Goberno de Espa\u00f1a como a suba de impostos aos carburantes e do imposto de matriculaci\u00f3n e de circulaci\u00f3n; as novas tributaci\u00f3ns sobre pl\u00e1sticos e residuos; xunto \u00e1 harmonizaci\u00f3n fiscal \u00e1 alza. Tam\u00e9n son negativas iniciativas futuras, como establecemento de peaxes pola utilizaci\u00f3n das autov\u00edas, que supor\u00e1n que paguen m\u00e1is os aut\u00f3nomos.<\/p>\n","protected":false},"excerpt":{"rendered":"<p>Lugo, 11 de marzo de 2022.- O portavoz de Emprego do Grupo Popular, Jos\u00e9 Manuel Balseiro, demandou hoxe a posta en marcha desde as distintas administraci\u00f3ns dun plan de apoio aos aut\u00f3nomos \u201cconscientes de que son un dos colectivos que m\u00e1is est\u00e1n a sufrir as dificultades derivadas do actual contexto econ\u00f3mico\u201d.<\/p>\n","protected":false},"author":38,"featured_media":56836,"comment_status":"open","ping_status":"open","sticky":false,"template":"","format":"standard","meta":{"_acf_changed":false,"footnotes":""},"categories":[1],"tags":[],"class_list":["post-56837","post","type-post","status-publish","format-standard","has-post-thumbnail","hentry","category-pp-de-galicia"],"acf":[],"yoast_head":"<!-- This site is optimized with the Yoast SEO plugin v27.3 - https:\/\/yoast.com\/product\/yoast-seo-wordpress\/ -->\n<title>O PPdeG prop\u00f3n un plan de apoio aos aut\u00f3nomos que incremente as medidas de est\u00edmulo, reduza a fiscalidade e free a escalada de prezos - PP de Galicia<\/title>\n<meta name=\"robots\" content=\"index, follow, max-snippet:-1, max-image-preview:large, max-video-preview:-1\" \/>\n<link rel=\"canonical\" href=\"https:\/\/ppdegalicia.com\/es\/o-ppdeg-propon-un-plan-de-apoio-aos-autonomos-que-incremente-as-medidas-de-estimulo-reduza-a-fiscalidade-e-free-a-escalada-de-prezos\/\" \/>\n<meta property=\"og:locale\" content=\"es_ES\" \/>\n<meta property=\"og:type\" content=\"article\" \/>\n<meta property=\"og:title\" content=\"O PPdeG prop\u00f3n un plan de apoio aos aut\u00f3nomos que incremente as medidas de est\u00edmulo, reduza a fiscalidade e free a escalada de prezos - PP de Galicia\" \/>\n<meta property=\"og:description\" content=\"Lugo, 11 de marzo de 2022.- O portavoz de Emprego do Grupo Popular, Jos\u00e9 Manuel Balseiro, demandou hoxe a posta en marcha desde as distintas administraci\u00f3ns dun plan de apoio aos aut\u00f3nomos \u201cconscientes de que son un dos colectivos que m\u00e1is est\u00e1n a sufrir as dificultades derivadas do actual contexto econ\u00f3mico\u201d.\" \/>\n<meta property=\"og:url\" content=\"https:\/\/ppdegalicia.com\/es\/o-ppdeg-propon-un-plan-de-apoio-aos-autonomos-que-incremente-as-medidas-de-estimulo-reduza-a-fiscalidade-e-free-a-escalada-de-prezos\/\" \/>\n<meta property=\"og:site_name\" content=\"PP de Galicia\" \/>\n<meta property=\"article:publisher\" content=\"https:\/\/www.instagram.com\/ppdegalicia\/\" \/>\n<meta property=\"article:published_time\" content=\"2022-03-11T11:32:26+00:00\" \/>\n<meta property=\"og:image\" content=\"https:\/\/ppdegalicia.com\/wp-content\/uploads\/2022\/03\/c1e21b05a381c806381286f711913568.jpg\" \/>\n\t<meta property=\"og:image:width\" content=\"1024\" \/>\n\t<meta property=\"og:image:height\" content=\"670\" \/>\n\t<meta property=\"og:image:type\" content=\"image\/jpeg\" \/>\n<meta name=\"author\" content=\"ppdegaliciaredes\" \/>\n<meta name=\"twitter:card\" content=\"summary_large_image\" \/>\n<meta name=\"twitter:creator\" content=\"@ppdegalicia\" \/>\n<meta name=\"twitter:site\" content=\"@ppdegalicia\" \/>\n<meta name=\"twitter:label1\" content=\"Escrito por\" \/>\n\t<meta name=\"twitter:data1\" content=\"ppdegaliciaredes\" \/>\n\t<meta name=\"twitter:label2\" content=\"Tiempo de lectura\" \/>\n\t<meta name=\"twitter:data2\" content=\"3 minutos\" \/>\n<script type=\"application\/ld+json\" class=\"yoast-schema-graph\">{\"@context\":\"https:\\\/\\\/schema.org\",\"@graph\":[{\"@type\":\"Article\",\"@id\":\"https:\\\/\\\/ppdegalicia.com\\\/es\\\/o-ppdeg-propon-un-plan-de-apoio-aos-autonomos-que-incremente-as-medidas-de-estimulo-reduza-a-fiscalidade-e-free-a-escalada-de-prezos\\\/#article\",\"isPartOf\":{\"@id\":\"https:\\\/\\\/ppdegalicia.com\\\/es\\\/o-ppdeg-propon-un-plan-de-apoio-aos-autonomos-que-incremente-as-medidas-de-estimulo-reduza-a-fiscalidade-e-free-a-escalada-de-prezos\\\/\"},\"author\":{\"name\":\"ppdegaliciaredes\",\"@id\":\"https:\\\/\\\/ppdegalicia.com\\\/es\\\/#\\\/schema\\\/person\\\/5b822c6f59e872ebdd1142f307dbcb59\"},\"headline\":\"O PPdeG prop\u00f3n un plan de apoio aos aut\u00f3nomos que incremente as medidas de est\u00edmulo, reduza a fiscalidade e free a escalada de prezos\",\"datePublished\":\"2022-03-11T11:32:26+00:00\",\"mainEntityOfPage\":{\"@id\":\"https:\\\/\\\/ppdegalicia.com\\\/es\\\/o-ppdeg-propon-un-plan-de-apoio-aos-autonomos-que-incremente-as-medidas-de-estimulo-reduza-a-fiscalidade-e-free-a-escalada-de-prezos\\\/\"},\"wordCount\":566,\"commentCount\":0,\"publisher\":{\"@id\":\"https:\\\/\\\/ppdegalicia.com\\\/es\\\/#organization\"},\"image\":{\"@id\":\"https:\\\/\\\/ppdegalicia.com\\\/es\\\/o-ppdeg-propon-un-plan-de-apoio-aos-autonomos-que-incremente-as-medidas-de-estimulo-reduza-a-fiscalidade-e-free-a-escalada-de-prezos\\\/#primaryimage\"},\"thumbnailUrl\":\"https:\\\/\\\/ppdegalicia.com\\\/wp-content\\\/uploads\\\/2022\\\/03\\\/c1e21b05a381c806381286f711913568.jpg\",\"articleSection\":[\"PP de Galicia\"],\"inLanguage\":\"es\",\"potentialAction\":[{\"@type\":\"CommentAction\",\"name\":\"Comment\",\"target\":[\"https:\\\/\\\/ppdegalicia.com\\\/es\\\/o-ppdeg-propon-un-plan-de-apoio-aos-autonomos-que-incremente-as-medidas-de-estimulo-reduza-a-fiscalidade-e-free-a-escalada-de-prezos\\\/#respond\"]}]},{\"@type\":\"WebPage\",\"@id\":\"https:\\\/\\\/ppdegalicia.com\\\/es\\\/o-ppdeg-propon-un-plan-de-apoio-aos-autonomos-que-incremente-as-medidas-de-estimulo-reduza-a-fiscalidade-e-free-a-escalada-de-prezos\\\/\",\"url\":\"https:\\\/\\\/ppdegalicia.com\\\/es\\\/o-ppdeg-propon-un-plan-de-apoio-aos-autonomos-que-incremente-as-medidas-de-estimulo-reduza-a-fiscalidade-e-free-a-escalada-de-prezos\\\/\",\"name\":\"O PPdeG prop\u00f3n un plan de apoio aos aut\u00f3nomos que incremente as medidas de est\u00edmulo, reduza a fiscalidade e free a escalada de prezos - PP de Galicia\",\"isPartOf\":{\"@id\":\"https:\\\/\\\/ppdegalicia.com\\\/es\\\/#website\"},\"primaryImageOfPage\":{\"@id\":\"https:\\\/\\\/ppdegalicia.com\\\/es\\\/o-ppdeg-propon-un-plan-de-apoio-aos-autonomos-que-incremente-as-medidas-de-estimulo-reduza-a-fiscalidade-e-free-a-escalada-de-prezos\\\/#primaryimage\"},\"image\":{\"@id\":\"https:\\\/\\\/ppdegalicia.com\\\/es\\\/o-ppdeg-propon-un-plan-de-apoio-aos-autonomos-que-incremente-as-medidas-de-estimulo-reduza-a-fiscalidade-e-free-a-escalada-de-prezos\\\/#primaryimage\"},\"thumbnailUrl\":\"https:\\\/\\\/ppdegalicia.com\\\/wp-content\\\/uploads\\\/2022\\\/03\\\/c1e21b05a381c806381286f711913568.jpg\",\"datePublished\":\"2022-03-11T11:32:26+00:00\",\"breadcrumb\":{\"@id\":\"https:\\\/\\\/ppdegalicia.com\\\/es\\\/o-ppdeg-propon-un-plan-de-apoio-aos-autonomos-que-incremente-as-medidas-de-estimulo-reduza-a-fiscalidade-e-free-a-escalada-de-prezos\\\/#breadcrumb\"},\"inLanguage\":\"es\",\"potentialAction\":[{\"@type\":\"ReadAction\",\"target\":[\"https:\\\/\\\/ppdegalicia.com\\\/es\\\/o-ppdeg-propon-un-plan-de-apoio-aos-autonomos-que-incremente-as-medidas-de-estimulo-reduza-a-fiscalidade-e-free-a-escalada-de-prezos\\\/\"]}]},{\"@type\":\"ImageObject\",\"inLanguage\":\"es\",\"@id\":\"https:\\\/\\\/ppdegalicia.com\\\/es\\\/o-ppdeg-propon-un-plan-de-apoio-aos-autonomos-que-incremente-as-medidas-de-estimulo-reduza-a-fiscalidade-e-free-a-escalada-de-prezos\\\/#primaryimage\",\"url\":\"https:\\\/\\\/ppdegalicia.com\\\/wp-content\\\/uploads\\\/2022\\\/03\\\/c1e21b05a381c806381286f711913568.jpg\",\"contentUrl\":\"https:\\\/\\\/ppdegalicia.com\\\/wp-content\\\/uploads\\\/2022\\\/03\\\/c1e21b05a381c806381286f711913568.jpg\",\"width\":1024,\"height\":670},{\"@type\":\"BreadcrumbList\",\"@id\":\"https:\\\/\\\/ppdegalicia.com\\\/es\\\/o-ppdeg-propon-un-plan-de-apoio-aos-autonomos-que-incremente-as-medidas-de-estimulo-reduza-a-fiscalidade-e-free-a-escalada-de-prezos\\\/#breadcrumb\",\"itemListElement\":[{\"@type\":\"ListItem\",\"position\":1,\"name\":\"Portada\",\"item\":\"https:\\\/\\\/ppdegalicia.com\\\/es\\\/\"},{\"@type\":\"ListItem\",\"position\":2,\"name\":\"O PPdeG prop\u00f3n un plan de apoio aos aut\u00f3nomos que incremente as medidas de est\u00edmulo, reduza a fiscalidade e free a escalada de prezos\"}]},{\"@type\":\"WebSite\",\"@id\":\"https:\\\/\\\/ppdegalicia.com\\\/es\\\/#website\",\"url\":\"https:\\\/\\\/ppdegalicia.com\\\/es\\\/\",\"name\":\"Partido Popular de Galicia\",\"description\":\"Partido Popular de Galicia\",\"publisher\":{\"@id\":\"https:\\\/\\\/ppdegalicia.com\\\/es\\\/#organization\"},\"alternateName\":\"PP de Galicia\",\"potentialAction\":[{\"@type\":\"SearchAction\",\"target\":{\"@type\":\"EntryPoint\",\"urlTemplate\":\"https:\\\/\\\/ppdegalicia.com\\\/es\\\/?s={search_term_string}\"},\"query-input\":{\"@type\":\"PropertyValueSpecification\",\"valueRequired\":true,\"valueName\":\"search_term_string\"}}],\"inLanguage\":\"es\"},{\"@type\":\"Organization\",\"@id\":\"https:\\\/\\\/ppdegalicia.com\\\/es\\\/#organization\",\"name\":\"Partido Popular de Galicia\",\"alternateName\":\"PP de Galicia\",\"url\":\"https:\\\/\\\/ppdegalicia.com\\\/es\\\/\",\"logo\":{\"@type\":\"ImageObject\",\"inLanguage\":\"es\",\"@id\":\"https:\\\/\\\/ppdegalicia.com\\\/es\\\/#\\\/schema\\\/logo\\\/image\\\/\",\"url\":\"https:\\\/\\\/ppdegalicia.com\\\/wp-content\\\/uploads\\\/2023\\\/04\\\/logoPP512.png\",\"contentUrl\":\"https:\\\/\\\/ppdegalicia.com\\\/wp-content\\\/uploads\\\/2023\\\/04\\\/logoPP512.png\",\"width\":512,\"height\":512,\"caption\":\"Partido Popular de Galicia\"},\"image\":{\"@id\":\"https:\\\/\\\/ppdegalicia.com\\\/es\\\/#\\\/schema\\\/logo\\\/image\\\/\"},\"sameAs\":[\"https:\\\/\\\/www.instagram.com\\\/ppdegalicia\\\/\",\"https:\\\/\\\/x.com\\\/ppdegalicia\",\"https:\\\/\\\/www.tiktok.com\\\/@ppdegalicia\",\"https:\\\/\\\/www.youtube.com\\\/user\\\/ppdegalicia\"]},{\"@type\":\"Person\",\"@id\":\"https:\\\/\\\/ppdegalicia.com\\\/es\\\/#\\\/schema\\\/person\\\/5b822c6f59e872ebdd1142f307dbcb59\",\"name\":\"ppdegaliciaredes\",\"image\":{\"@type\":\"ImageObject\",\"inLanguage\":\"es\",\"@id\":\"https:\\\/\\\/secure.gravatar.com\\\/avatar\\\/3c9179cf0256d00c72a48d1f25783c58b6842cd56e85ef3a572881c8e28ccd59?s=96&d=mm&r=g\",\"url\":\"https:\\\/\\\/secure.gravatar.com\\\/avatar\\\/3c9179cf0256d00c72a48d1f25783c58b6842cd56e85ef3a572881c8e28ccd59?s=96&d=mm&r=g\",\"contentUrl\":\"https:\\\/\\\/secure.gravatar.com\\\/avatar\\\/3c9179cf0256d00c72a48d1f25783c58b6842cd56e85ef3a572881c8e28ccd59?s=96&d=mm&r=g\",\"caption\":\"ppdegaliciaredes\"},\"url\":\"https:\\\/\\\/ppdegalicia.com\\\/es\\\/author\\\/ppdegaliciaredes\\\/\"}]}<\/script>\n<!-- \/ Yoast SEO plugin. -->","yoast_head_json":{"title":"O PPdeG prop\u00f3n un plan de apoio aos aut\u00f3nomos que incremente as medidas de est\u00edmulo, reduza a fiscalidade e free a escalada de prezos - PP de Galicia","robots":{"index":"index","follow":"follow","max-snippet":"max-snippet:-1","max-image-preview":"max-image-preview:large","max-video-preview":"max-video-preview:-1"},"canonical":"https:\/\/ppdegalicia.com\/es\/o-ppdeg-propon-un-plan-de-apoio-aos-autonomos-que-incremente-as-medidas-de-estimulo-reduza-a-fiscalidade-e-free-a-escalada-de-prezos\/","og_locale":"es_ES","og_type":"article","og_title":"O PPdeG prop\u00f3n un plan de apoio aos aut\u00f3nomos que incremente as medidas de est\u00edmulo, reduza a fiscalidade e free a escalada de prezos - PP de Galicia","og_description":"Lugo, 11 de marzo de 2022.- O portavoz de Emprego do Grupo Popular, Jos\u00e9 Manuel Balseiro, demandou hoxe a posta en marcha desde as distintas administraci\u00f3ns dun plan de apoio aos aut\u00f3nomos \u201cconscientes de que son un dos colectivos que m\u00e1is est\u00e1n a sufrir as dificultades derivadas do actual contexto econ\u00f3mico\u201d.","og_url":"https:\/\/ppdegalicia.com\/es\/o-ppdeg-propon-un-plan-de-apoio-aos-autonomos-que-incremente-as-medidas-de-estimulo-reduza-a-fiscalidade-e-free-a-escalada-de-prezos\/","og_site_name":"PP de Galicia","article_publisher":"https:\/\/www.instagram.com\/ppdegalicia\/","article_published_time":"2022-03-11T11:32:26+00:00","og_image":[{"width":1024,"height":670,"url":"https:\/\/ppdegalicia.com\/wp-content\/uploads\/2022\/03\/c1e21b05a381c806381286f711913568.jpg","type":"image\/jpeg"}],"author":"ppdegaliciaredes","twitter_card":"summary_large_image","twitter_creator":"@ppdegalicia","twitter_site":"@ppdegalicia","twitter_misc":{"Escrito por":"ppdegaliciaredes","Tiempo de lectura":"3 minutos"},"schema":{"@context":"https:\/\/schema.org","@graph":[{"@type":"Article","@id":"https:\/\/ppdegalicia.com\/es\/o-ppdeg-propon-un-plan-de-apoio-aos-autonomos-que-incremente-as-medidas-de-estimulo-reduza-a-fiscalidade-e-free-a-escalada-de-prezos\/#article","isPartOf":{"@id":"https:\/\/ppdegalicia.com\/es\/o-ppdeg-propon-un-plan-de-apoio-aos-autonomos-que-incremente-as-medidas-de-estimulo-reduza-a-fiscalidade-e-free-a-escalada-de-prezos\/"},"author":{"name":"ppdegaliciaredes","@id":"https:\/\/ppdegalicia.com\/es\/#\/schema\/person\/5b822c6f59e872ebdd1142f307dbcb59"},"headline":"O PPdeG prop\u00f3n un plan de apoio aos aut\u00f3nomos que incremente as medidas de est\u00edmulo, reduza a fiscalidade e free a escalada de prezos","datePublished":"2022-03-11T11:32:26+00:00","mainEntityOfPage":{"@id":"https:\/\/ppdegalicia.com\/es\/o-ppdeg-propon-un-plan-de-apoio-aos-autonomos-que-incremente-as-medidas-de-estimulo-reduza-a-fiscalidade-e-free-a-escalada-de-prezos\/"},"wordCount":566,"commentCount":0,"publisher":{"@id":"https:\/\/ppdegalicia.com\/es\/#organization"},"image":{"@id":"https:\/\/ppdegalicia.com\/es\/o-ppdeg-propon-un-plan-de-apoio-aos-autonomos-que-incremente-as-medidas-de-estimulo-reduza-a-fiscalidade-e-free-a-escalada-de-prezos\/#primaryimage"},"thumbnailUrl":"https:\/\/ppdegalicia.com\/wp-content\/uploads\/2022\/03\/c1e21b05a381c806381286f711913568.jpg","articleSection":["PP de Galicia"],"inLanguage":"es","potentialAction":[{"@type":"CommentAction","name":"Comment","target":["https:\/\/ppdegalicia.com\/es\/o-ppdeg-propon-un-plan-de-apoio-aos-autonomos-que-incremente-as-medidas-de-estimulo-reduza-a-fiscalidade-e-free-a-escalada-de-prezos\/#respond"]}]},{"@type":"WebPage","@id":"https:\/\/ppdegalicia.com\/es\/o-ppdeg-propon-un-plan-de-apoio-aos-autonomos-que-incremente-as-medidas-de-estimulo-reduza-a-fiscalidade-e-free-a-escalada-de-prezos\/","url":"https:\/\/ppdegalicia.com\/es\/o-ppdeg-propon-un-plan-de-apoio-aos-autonomos-que-incremente-as-medidas-de-estimulo-reduza-a-fiscalidade-e-free-a-escalada-de-prezos\/","name":"O PPdeG prop\u00f3n un plan de apoio aos aut\u00f3nomos que incremente as medidas de est\u00edmulo, reduza a fiscalidade e free a escalada de prezos - PP de Galicia","isPartOf":{"@id":"https:\/\/ppdegalicia.com\/es\/#website"},"primaryImageOfPage":{"@id":"https:\/\/ppdegalicia.com\/es\/o-ppdeg-propon-un-plan-de-apoio-aos-autonomos-que-incremente-as-medidas-de-estimulo-reduza-a-fiscalidade-e-free-a-escalada-de-prezos\/#primaryimage"},"image":{"@id":"https:\/\/ppdegalicia.com\/es\/o-ppdeg-propon-un-plan-de-apoio-aos-autonomos-que-incremente-as-medidas-de-estimulo-reduza-a-fiscalidade-e-free-a-escalada-de-prezos\/#primaryimage"},"thumbnailUrl":"https:\/\/ppdegalicia.com\/wp-content\/uploads\/2022\/03\/c1e21b05a381c806381286f711913568.jpg","datePublished":"2022-03-11T11:32:26+00:00","breadcrumb":{"@id":"https:\/\/ppdegalicia.com\/es\/o-ppdeg-propon-un-plan-de-apoio-aos-autonomos-que-incremente-as-medidas-de-estimulo-reduza-a-fiscalidade-e-free-a-escalada-de-prezos\/#breadcrumb"},"inLanguage":"es","potentialAction":[{"@type":"ReadAction","target":["https:\/\/ppdegalicia.com\/es\/o-ppdeg-propon-un-plan-de-apoio-aos-autonomos-que-incremente-as-medidas-de-estimulo-reduza-a-fiscalidade-e-free-a-escalada-de-prezos\/"]}]},{"@type":"ImageObject","inLanguage":"es","@id":"https:\/\/ppdegalicia.com\/es\/o-ppdeg-propon-un-plan-de-apoio-aos-autonomos-que-incremente-as-medidas-de-estimulo-reduza-a-fiscalidade-e-free-a-escalada-de-prezos\/#primaryimage","url":"https:\/\/ppdegalicia.com\/wp-content\/uploads\/2022\/03\/c1e21b05a381c806381286f711913568.jpg","contentUrl":"https:\/\/ppdegalicia.com\/wp-content\/uploads\/2022\/03\/c1e21b05a381c806381286f711913568.jpg","width":1024,"height":670},{"@type":"BreadcrumbList","@id":"https:\/\/ppdegalicia.com\/es\/o-ppdeg-propon-un-plan-de-apoio-aos-autonomos-que-incremente-as-medidas-de-estimulo-reduza-a-fiscalidade-e-free-a-escalada-de-prezos\/#breadcrumb","itemListElement":[{"@type":"ListItem","position":1,"name":"Portada","item":"https:\/\/ppdegalicia.com\/es\/"},{"@type":"ListItem","position":2,"name":"O PPdeG prop\u00f3n un plan de apoio aos aut\u00f3nomos que incremente as medidas de est\u00edmulo, reduza a fiscalidade e free a escalada de prezos"}]},{"@type":"WebSite","@id":"https:\/\/ppdegalicia.com\/es\/#website","url":"https:\/\/ppdegalicia.com\/es\/","name":"Partido Popular de Galicia","description":"Partido Popular de Galicia","publisher":{"@id":"https:\/\/ppdegalicia.com\/es\/#organization"},"alternateName":"PP de Galicia","potentialAction":[{"@type":"SearchAction","target":{"@type":"EntryPoint","urlTemplate":"https:\/\/ppdegalicia.com\/es\/?s={search_term_string}"},"query-input":{"@type":"PropertyValueSpecification","valueRequired":true,"valueName":"search_term_string"}}],"inLanguage":"es"},{"@type":"Organization","@id":"https:\/\/ppdegalicia.com\/es\/#organization","name":"Partido Popular de Galicia","alternateName":"PP de Galicia","url":"https:\/\/ppdegalicia.com\/es\/","logo":{"@type":"ImageObject","inLanguage":"es","@id":"https:\/\/ppdegalicia.com\/es\/#\/schema\/logo\/image\/","url":"https:\/\/ppdegalicia.com\/wp-content\/uploads\/2023\/04\/logoPP512.png","contentUrl":"https:\/\/ppdegalicia.com\/wp-content\/uploads\/2023\/04\/logoPP512.png","width":512,"height":512,"caption":"Partido Popular de Galicia"},"image":{"@id":"https:\/\/ppdegalicia.com\/es\/#\/schema\/logo\/image\/"},"sameAs":["https:\/\/www.instagram.com\/ppdegalicia\/","https:\/\/x.com\/ppdegalicia","https:\/\/www.tiktok.com\/@ppdegalicia","https:\/\/www.youtube.com\/user\/ppdegalicia"]},{"@type":"Person","@id":"https:\/\/ppdegalicia.com\/es\/#\/schema\/person\/5b822c6f59e872ebdd1142f307dbcb59","name":"ppdegaliciaredes","image":{"@type":"ImageObject","inLanguage":"es","@id":"https:\/\/secure.gravatar.com\/avatar\/3c9179cf0256d00c72a48d1f25783c58b6842cd56e85ef3a572881c8e28ccd59?s=96&d=mm&r=g","url":"https:\/\/secure.gravatar.com\/avatar\/3c9179cf0256d00c72a48d1f25783c58b6842cd56e85ef3a572881c8e28ccd59?s=96&d=mm&r=g","contentUrl":"https:\/\/secure.gravatar.com\/avatar\/3c9179cf0256d00c72a48d1f25783c58b6842cd56e85ef3a572881c8e28ccd59?s=96&d=mm&r=g","caption":"ppdegaliciaredes"},"url":"https:\/\/ppdegalicia.com\/es\/author\/ppdegaliciaredes\/"}]}},"_links":{"self":[{"href":"https:\/\/ppdegalicia.com\/es\/wp-json\/wp\/v2\/posts\/56837","targetHints":{"allow":["GET"]}}],"collection":[{"href":"https:\/\/ppdegalicia.com\/es\/wp-json\/wp\/v2\/posts"}],"about":[{"href":"https:\/\/ppdegalicia.com\/es\/wp-json\/wp\/v2\/types\/post"}],"author":[{"embeddable":true,"href":"https:\/\/ppdegalicia.com\/es\/wp-json\/wp\/v2\/users\/38"}],"replies":[{"embeddable":true,"href":"https:\/\/ppdegalicia.com\/es\/wp-json\/wp\/v2\/comments?post=56837"}],"version-history":[{"count":0,"href":"https:\/\/ppdegalicia.com\/es\/wp-json\/wp\/v2\/posts\/56837\/revisions"}],"wp:featuredmedia":[{"embeddable":true,"href":"https:\/\/ppdegalicia.com\/es\/wp-json\/wp\/v2\/media\/56836"}],"wp:attachment":[{"href":"https:\/\/ppdegalicia.com\/es\/wp-json\/wp\/v2\/media?parent=56837"}],"wp:term":[{"taxonomy":"category","embeddable":true,"href":"https:\/\/ppdegalicia.com\/es\/wp-json\/wp\/v2\/categories?post=56837"},{"taxonomy":"post_tag","embeddable":true,"href":"https:\/\/ppdegalicia.com\/es\/wp-json\/wp\/v2\/tags?post=56837"}],"curies":[{"name":"wp","href":"https:\/\/api.w.org\/{rel}","templated":true}]}}