{"id":56885,"date":"2022-03-24T12:32:58","date_gmt":"2022-03-24T10:32:58","guid":{"rendered":"https:\/\/ppdegalicia.com\/o-parlamento-insta-a-xunta-a-adoptar-as-accions-xuridicas-pertinentes-contra-a-nova-lei-de-vivenda-estatal\/"},"modified":"2022-03-24T12:32:58","modified_gmt":"2022-03-24T10:32:58","slug":"o-parlamento-insta-a-xunta-a-adoptar-as-accions-xuridicas-pertinentes-contra-a-nova-lei-de-vivenda-estatal","status":"publish","type":"post","link":"https:\/\/ppdegalicia.com\/es\/o-parlamento-insta-a-xunta-a-adoptar-as-accions-xuridicas-pertinentes-contra-a-nova-lei-de-vivenda-estatal\/","title":{"rendered":"O Parlamento insta \u00e1 Xunta a adoptar as acci\u00f3ns xur\u00eddicas pertinentes contra a nova Lei de vivenda estatal"},"content":{"rendered":"<p><img fetchpriority=\"high\" decoding=\"async\" class=\" size-full wp-image-56884\" src=\"https:\/\/ppdegalicia.com\/wp-content\/uploads\/2022\/03\/a1c5da4e3fa31b9c435d8f57a858d430.jpg\" alt=\"\" width=\"1900\" height=\"1267\" srcset=\"https:\/\/ppdegalicia.com\/wp-content\/uploads\/2022\/03\/a1c5da4e3fa31b9c435d8f57a858d430.jpg 1900w, https:\/\/ppdegalicia.com\/wp-content\/uploads\/2022\/03\/a1c5da4e3fa31b9c435d8f57a858d430-300x200.jpg 300w, https:\/\/ppdegalicia.com\/wp-content\/uploads\/2022\/03\/a1c5da4e3fa31b9c435d8f57a858d430-1024x683.jpg 1024w, https:\/\/ppdegalicia.com\/wp-content\/uploads\/2022\/03\/a1c5da4e3fa31b9c435d8f57a858d430-768x512.jpg 768w, https:\/\/ppdegalicia.com\/wp-content\/uploads\/2022\/03\/a1c5da4e3fa31b9c435d8f57a858d430-1536x1024.jpg 1536w\" sizes=\"(max-width: 1900px) 100vw, 1900px\" \/><\/p>\n<p>Santiago, 24 de marzo de 2022.- O Parlamento de Galicia aprobou hoxe a proposici\u00f3n non de lei do Grupo Popular, sen o voto favorable de BNG nin de PSdeG, a trav\u00e9s da que se insta \u00e1 Xunta adoptar as acci\u00f3ns xur\u00eddicas pertinentes, inclu\u00edda a interposici\u00f3n dun recurso de inconstitucionalidade, ante a futura Lei estatal de vivenda, previo informe da asesor\u00eda xur\u00eddica que acredite a invasi\u00f3n das competencias exclusivas auton\u00f3micas en materia de vivenda.<\/p>\n<p><!--more--><\/p>\n<p>A deputada popular Bego\u00f1a Freire lembrou que o anteproxecto da futura Lei de vivenda \u201cnon se abordou nin debateu na correspondente Conferencia Sectorial, cando son as comunidades aut\u00f3nomas as que te\u00f1en as competencias nesta materia e as que deben xestionar as medidas propostas\u201d.<\/p>\n<p>\u00a0<\/p>\n<p><strong>MALA FE<\/strong><\/p>\n<p>\u00a0<\/p>\n<p>\u201cO Goberno de Pedro S\u00e1nchez actuou desde o primeiro momento de mala fe, porque a nova Lei estatal de vivenda non \u00e9 outra cousa que moeda de cambio para conseguir o apoio aos orzamentos xerais do Estado, co \u00fanico obxectivo de manter en pe ao Goberno de socialistas e Podemos\u201d, sinalou.<\/p>\n<p>\u00a0<\/p>\n<p>Diante desta situaci\u00f3n, a Xunta presentou un paquete de alegaci\u00f3ns ante as que o Goberno de Espa\u00f1a, lonxe de dar marcha atr\u00e1s, seguiu adiante de xeito unilateral. Bego\u00f1a Freire salientou que este posicionamento contrario do Goberno galego \u00e1 nova Lei estatal de vivenda \u201c\u00e9 compartido polo Consello Xeral do Poder Xudicial, que emitiu un informe claro e contundente recordando ao Goberno de Espa\u00f1a que a vivenda \u00e9 unha materia de titularidade auton\u00f3mica; e do Consello Galego de Competencia, que considera que a norma introduce medidas claramente ineficientes para cumprir o obxectivo de facilitar o acceso a unha vivenda \u00e1s persoas con m\u00e1is dificultades e frear o aumento dos prezos do alugueiro\u201d.<\/p>\n<p>\u00a0<\/p>\n<p><strong>POSTURA DO BNG POUCO ENTENDIBLE<\/strong><\/p>\n<p>\u00a0<\/p>\n<p>O proxecto de Lei estatal de vivenda superou o pasado 10 de marzo a s\u00faa primeira votaci\u00f3n no Congreso, a pesar de que cinco grupos parlamentarios pediran a s\u00faa devoluci\u00f3n ao Goberno. Deste xeito, a deputada popular criticou que o texto \u201cseguir\u00e1 adiante a s\u00faa tramitaci\u00f3n grazas non s\u00f3 ao voto dos grupos que a apoian, sen\u00f3n tam\u00e9n ao de partido como o BNG que se abstivo na votaci\u00f3n das emendas \u00e1 totalidade\u201d. \u201c\u00c9 pouco entendible que un partido nacionalista se abste\u00f1a ante un proxecto de lei co que o Estado, de forma unilateral, pretende invadir as competencias exclusivas en materia de vivenda que ten atribu\u00eddas a Comunidade galega\u201d, sinalou.<\/p>\n<p>\u00a0<\/p>\n<p>Bego\u00f1a Freire lamentou que \u201cBNG e PSdeG volveran demostrar hoxe unha vez mais que en vez de estar do lado de Galicia e dos intereses dos galegos, est\u00e1n do lado do Goberno de Pedro S\u00e1nchez, que pretende cercenar as notas competencias exclusivas en materia de vivenda e que pretende boicotear a Galicia\u201d.<\/p>\n<p>\u00a0<\/p>\n<p>\u201cNon \u00e9 desexable chegar \u00e1 v\u00eda xudicial, pero se o Goberno de Pedro S\u00e1nchez persiste en invadir as competencias que lle corresponden a Galicia e persiste en cercenar o noso Estatuto de Autonom\u00eda, desde logo que o Grupo Popular vai apoiar sen fisuras ao Goberno da Xunta na defensa dos intereses de Galicia\u201d, asegurou.<\/p>\n","protected":false},"excerpt":{"rendered":"<p>Santiago, 24 de marzo de 2022.- O Parlamento de Galicia aprobou hoxe a proposici\u00f3n non de lei do Grupo Popular, sen o voto favorable de BNG nin de PSdeG, a trav\u00e9s da que se insta \u00e1 Xunta adoptar as acci\u00f3ns xur\u00eddicas pertinentes, inclu\u00edda a interposici\u00f3n dun recurso de inconstitucionalidade, ante a futura Lei estatal de [&hellip;]<\/p>\n","protected":false},"author":38,"featured_media":56884,"comment_status":"open","ping_status":"open","sticky":false,"template":"","format":"standard","meta":{"_acf_changed":false,"footnotes":""},"categories":[1],"tags":[],"class_list":["post-56885","post","type-post","status-publish","format-standard","has-post-thumbnail","hentry","category-pp-de-galicia"],"acf":[],"yoast_head":"<!-- This site is optimized with the Yoast SEO plugin v27.3 - https:\/\/yoast.com\/product\/yoast-seo-wordpress\/ -->\n<title>O Parlamento insta \u00e1 Xunta a adoptar as acci\u00f3ns xur\u00eddicas pertinentes contra a nova Lei de vivenda estatal - PP de Galicia<\/title>\n<meta name=\"robots\" content=\"index, follow, max-snippet:-1, max-image-preview:large, max-video-preview:-1\" \/>\n<link rel=\"canonical\" href=\"https:\/\/ppdegalicia.com\/es\/o-parlamento-insta-a-xunta-a-adoptar-as-accions-xuridicas-pertinentes-contra-a-nova-lei-de-vivenda-estatal\/\" \/>\n<meta property=\"og:locale\" content=\"es_ES\" \/>\n<meta property=\"og:type\" content=\"article\" \/>\n<meta property=\"og:title\" content=\"O Parlamento insta \u00e1 Xunta a adoptar as acci\u00f3ns xur\u00eddicas pertinentes contra a nova Lei de vivenda estatal - PP de Galicia\" \/>\n<meta property=\"og:description\" content=\"Santiago, 24 de marzo de 2022.- O Parlamento de Galicia aprobou hoxe a proposici\u00f3n non de lei do Grupo Popular, sen o voto favorable de BNG nin de PSdeG, a trav\u00e9s da que se insta \u00e1 Xunta adoptar as acci\u00f3ns xur\u00eddicas pertinentes, inclu\u00edda a interposici\u00f3n dun recurso de inconstitucionalidade, ante a futura Lei estatal de [&hellip;]\" \/>\n<meta property=\"og:url\" content=\"https:\/\/ppdegalicia.com\/es\/o-parlamento-insta-a-xunta-a-adoptar-as-accions-xuridicas-pertinentes-contra-a-nova-lei-de-vivenda-estatal\/\" \/>\n<meta property=\"og:site_name\" content=\"PP de Galicia\" \/>\n<meta property=\"article:publisher\" content=\"https:\/\/www.instagram.com\/ppdegalicia\/\" \/>\n<meta property=\"article:published_time\" content=\"2022-03-24T10:32:58+00:00\" \/>\n<meta property=\"og:image\" content=\"https:\/\/ppdegalicia.com\/wp-content\/uploads\/2022\/03\/a1c5da4e3fa31b9c435d8f57a858d430.jpg\" \/>\n\t<meta property=\"og:image:width\" content=\"1900\" \/>\n\t<meta property=\"og:image:height\" content=\"1267\" \/>\n\t<meta property=\"og:image:type\" content=\"image\/jpeg\" \/>\n<meta name=\"author\" content=\"ppdegaliciaredes\" \/>\n<meta name=\"twitter:card\" content=\"summary_large_image\" \/>\n<meta name=\"twitter:creator\" content=\"@ppdegalicia\" \/>\n<meta name=\"twitter:site\" content=\"@ppdegalicia\" \/>\n<meta name=\"twitter:label1\" content=\"Escrito por\" \/>\n\t<meta name=\"twitter:data1\" content=\"ppdegaliciaredes\" \/>\n\t<meta name=\"twitter:label2\" content=\"Tiempo de lectura\" \/>\n\t<meta name=\"twitter:data2\" content=\"3 minutos\" \/>\n<script type=\"application\/ld+json\" class=\"yoast-schema-graph\">{\"@context\":\"https:\\\/\\\/schema.org\",\"@graph\":[{\"@type\":\"Article\",\"@id\":\"https:\\\/\\\/ppdegalicia.com\\\/es\\\/o-parlamento-insta-a-xunta-a-adoptar-as-accions-xuridicas-pertinentes-contra-a-nova-lei-de-vivenda-estatal\\\/#article\",\"isPartOf\":{\"@id\":\"https:\\\/\\\/ppdegalicia.com\\\/es\\\/o-parlamento-insta-a-xunta-a-adoptar-as-accions-xuridicas-pertinentes-contra-a-nova-lei-de-vivenda-estatal\\\/\"},\"author\":{\"name\":\"ppdegaliciaredes\",\"@id\":\"https:\\\/\\\/ppdegalicia.com\\\/es\\\/#\\\/schema\\\/person\\\/5b822c6f59e872ebdd1142f307dbcb59\"},\"headline\":\"O Parlamento insta \u00e1 Xunta a adoptar as acci\u00f3ns xur\u00eddicas pertinentes contra a nova Lei de vivenda estatal\",\"datePublished\":\"2022-03-24T10:32:58+00:00\",\"mainEntityOfPage\":{\"@id\":\"https:\\\/\\\/ppdegalicia.com\\\/es\\\/o-parlamento-insta-a-xunta-a-adoptar-as-accions-xuridicas-pertinentes-contra-a-nova-lei-de-vivenda-estatal\\\/\"},\"wordCount\":548,\"commentCount\":0,\"publisher\":{\"@id\":\"https:\\\/\\\/ppdegalicia.com\\\/es\\\/#organization\"},\"image\":{\"@id\":\"https:\\\/\\\/ppdegalicia.com\\\/es\\\/o-parlamento-insta-a-xunta-a-adoptar-as-accions-xuridicas-pertinentes-contra-a-nova-lei-de-vivenda-estatal\\\/#primaryimage\"},\"thumbnailUrl\":\"https:\\\/\\\/ppdegalicia.com\\\/wp-content\\\/uploads\\\/2022\\\/03\\\/a1c5da4e3fa31b9c435d8f57a858d430.jpg\",\"articleSection\":[\"PP de Galicia\"],\"inLanguage\":\"es\",\"potentialAction\":[{\"@type\":\"CommentAction\",\"name\":\"Comment\",\"target\":[\"https:\\\/\\\/ppdegalicia.com\\\/es\\\/o-parlamento-insta-a-xunta-a-adoptar-as-accions-xuridicas-pertinentes-contra-a-nova-lei-de-vivenda-estatal\\\/#respond\"]}]},{\"@type\":\"WebPage\",\"@id\":\"https:\\\/\\\/ppdegalicia.com\\\/es\\\/o-parlamento-insta-a-xunta-a-adoptar-as-accions-xuridicas-pertinentes-contra-a-nova-lei-de-vivenda-estatal\\\/\",\"url\":\"https:\\\/\\\/ppdegalicia.com\\\/es\\\/o-parlamento-insta-a-xunta-a-adoptar-as-accions-xuridicas-pertinentes-contra-a-nova-lei-de-vivenda-estatal\\\/\",\"name\":\"O Parlamento insta \u00e1 Xunta a adoptar as acci\u00f3ns xur\u00eddicas pertinentes contra a nova Lei de vivenda estatal - PP de Galicia\",\"isPartOf\":{\"@id\":\"https:\\\/\\\/ppdegalicia.com\\\/es\\\/#website\"},\"primaryImageOfPage\":{\"@id\":\"https:\\\/\\\/ppdegalicia.com\\\/es\\\/o-parlamento-insta-a-xunta-a-adoptar-as-accions-xuridicas-pertinentes-contra-a-nova-lei-de-vivenda-estatal\\\/#primaryimage\"},\"image\":{\"@id\":\"https:\\\/\\\/ppdegalicia.com\\\/es\\\/o-parlamento-insta-a-xunta-a-adoptar-as-accions-xuridicas-pertinentes-contra-a-nova-lei-de-vivenda-estatal\\\/#primaryimage\"},\"thumbnailUrl\":\"https:\\\/\\\/ppdegalicia.com\\\/wp-content\\\/uploads\\\/2022\\\/03\\\/a1c5da4e3fa31b9c435d8f57a858d430.jpg\",\"datePublished\":\"2022-03-24T10:32:58+00:00\",\"breadcrumb\":{\"@id\":\"https:\\\/\\\/ppdegalicia.com\\\/es\\\/o-parlamento-insta-a-xunta-a-adoptar-as-accions-xuridicas-pertinentes-contra-a-nova-lei-de-vivenda-estatal\\\/#breadcrumb\"},\"inLanguage\":\"es\",\"potentialAction\":[{\"@type\":\"ReadAction\",\"target\":[\"https:\\\/\\\/ppdegalicia.com\\\/es\\\/o-parlamento-insta-a-xunta-a-adoptar-as-accions-xuridicas-pertinentes-contra-a-nova-lei-de-vivenda-estatal\\\/\"]}]},{\"@type\":\"ImageObject\",\"inLanguage\":\"es\",\"@id\":\"https:\\\/\\\/ppdegalicia.com\\\/es\\\/o-parlamento-insta-a-xunta-a-adoptar-as-accions-xuridicas-pertinentes-contra-a-nova-lei-de-vivenda-estatal\\\/#primaryimage\",\"url\":\"https:\\\/\\\/ppdegalicia.com\\\/wp-content\\\/uploads\\\/2022\\\/03\\\/a1c5da4e3fa31b9c435d8f57a858d430.jpg\",\"contentUrl\":\"https:\\\/\\\/ppdegalicia.com\\\/wp-content\\\/uploads\\\/2022\\\/03\\\/a1c5da4e3fa31b9c435d8f57a858d430.jpg\",\"width\":1900,\"height\":1267},{\"@type\":\"BreadcrumbList\",\"@id\":\"https:\\\/\\\/ppdegalicia.com\\\/es\\\/o-parlamento-insta-a-xunta-a-adoptar-as-accions-xuridicas-pertinentes-contra-a-nova-lei-de-vivenda-estatal\\\/#breadcrumb\",\"itemListElement\":[{\"@type\":\"ListItem\",\"position\":1,\"name\":\"Portada\",\"item\":\"https:\\\/\\\/ppdegalicia.com\\\/es\\\/\"},{\"@type\":\"ListItem\",\"position\":2,\"name\":\"O Parlamento insta \u00e1 Xunta a adoptar as acci\u00f3ns xur\u00eddicas pertinentes contra a nova Lei de vivenda estatal\"}]},{\"@type\":\"WebSite\",\"@id\":\"https:\\\/\\\/ppdegalicia.com\\\/es\\\/#website\",\"url\":\"https:\\\/\\\/ppdegalicia.com\\\/es\\\/\",\"name\":\"Partido Popular de Galicia\",\"description\":\"Partido Popular de Galicia\",\"publisher\":{\"@id\":\"https:\\\/\\\/ppdegalicia.com\\\/es\\\/#organization\"},\"alternateName\":\"PP de Galicia\",\"potentialAction\":[{\"@type\":\"SearchAction\",\"target\":{\"@type\":\"EntryPoint\",\"urlTemplate\":\"https:\\\/\\\/ppdegalicia.com\\\/es\\\/?s={search_term_string}\"},\"query-input\":{\"@type\":\"PropertyValueSpecification\",\"valueRequired\":true,\"valueName\":\"search_term_string\"}}],\"inLanguage\":\"es\"},{\"@type\":\"Organization\",\"@id\":\"https:\\\/\\\/ppdegalicia.com\\\/es\\\/#organization\",\"name\":\"Partido Popular de Galicia\",\"alternateName\":\"PP de Galicia\",\"url\":\"https:\\\/\\\/ppdegalicia.com\\\/es\\\/\",\"logo\":{\"@type\":\"ImageObject\",\"inLanguage\":\"es\",\"@id\":\"https:\\\/\\\/ppdegalicia.com\\\/es\\\/#\\\/schema\\\/logo\\\/image\\\/\",\"url\":\"https:\\\/\\\/ppdegalicia.com\\\/wp-content\\\/uploads\\\/2023\\\/04\\\/logoPP512.png\",\"contentUrl\":\"https:\\\/\\\/ppdegalicia.com\\\/wp-content\\\/uploads\\\/2023\\\/04\\\/logoPP512.png\",\"width\":512,\"height\":512,\"caption\":\"Partido Popular de Galicia\"},\"image\":{\"@id\":\"https:\\\/\\\/ppdegalicia.com\\\/es\\\/#\\\/schema\\\/logo\\\/image\\\/\"},\"sameAs\":[\"https:\\\/\\\/www.instagram.com\\\/ppdegalicia\\\/\",\"https:\\\/\\\/x.com\\\/ppdegalicia\",\"https:\\\/\\\/www.tiktok.com\\\/@ppdegalicia\",\"https:\\\/\\\/www.youtube.com\\\/user\\\/ppdegalicia\"]},{\"@type\":\"Person\",\"@id\":\"https:\\\/\\\/ppdegalicia.com\\\/es\\\/#\\\/schema\\\/person\\\/5b822c6f59e872ebdd1142f307dbcb59\",\"name\":\"ppdegaliciaredes\",\"image\":{\"@type\":\"ImageObject\",\"inLanguage\":\"es\",\"@id\":\"https:\\\/\\\/secure.gravatar.com\\\/avatar\\\/3c9179cf0256d00c72a48d1f25783c58b6842cd56e85ef3a572881c8e28ccd59?s=96&d=mm&r=g\",\"url\":\"https:\\\/\\\/secure.gravatar.com\\\/avatar\\\/3c9179cf0256d00c72a48d1f25783c58b6842cd56e85ef3a572881c8e28ccd59?s=96&d=mm&r=g\",\"contentUrl\":\"https:\\\/\\\/secure.gravatar.com\\\/avatar\\\/3c9179cf0256d00c72a48d1f25783c58b6842cd56e85ef3a572881c8e28ccd59?s=96&d=mm&r=g\",\"caption\":\"ppdegaliciaredes\"},\"url\":\"https:\\\/\\\/ppdegalicia.com\\\/es\\\/author\\\/ppdegaliciaredes\\\/\"}]}<\/script>\n<!-- \/ Yoast SEO plugin. -->","yoast_head_json":{"title":"O Parlamento insta \u00e1 Xunta a adoptar as acci\u00f3ns xur\u00eddicas pertinentes contra a nova Lei de vivenda estatal - PP de Galicia","robots":{"index":"index","follow":"follow","max-snippet":"max-snippet:-1","max-image-preview":"max-image-preview:large","max-video-preview":"max-video-preview:-1"},"canonical":"https:\/\/ppdegalicia.com\/es\/o-parlamento-insta-a-xunta-a-adoptar-as-accions-xuridicas-pertinentes-contra-a-nova-lei-de-vivenda-estatal\/","og_locale":"es_ES","og_type":"article","og_title":"O Parlamento insta \u00e1 Xunta a adoptar as acci\u00f3ns xur\u00eddicas pertinentes contra a nova Lei de vivenda estatal - PP de Galicia","og_description":"Santiago, 24 de marzo de 2022.- O Parlamento de Galicia aprobou hoxe a proposici\u00f3n non de lei do Grupo Popular, sen o voto favorable de BNG nin de PSdeG, a trav\u00e9s da que se insta \u00e1 Xunta adoptar as acci\u00f3ns xur\u00eddicas pertinentes, inclu\u00edda a interposici\u00f3n dun recurso de inconstitucionalidade, ante a futura Lei estatal de [&hellip;]","og_url":"https:\/\/ppdegalicia.com\/es\/o-parlamento-insta-a-xunta-a-adoptar-as-accions-xuridicas-pertinentes-contra-a-nova-lei-de-vivenda-estatal\/","og_site_name":"PP de Galicia","article_publisher":"https:\/\/www.instagram.com\/ppdegalicia\/","article_published_time":"2022-03-24T10:32:58+00:00","og_image":[{"width":1900,"height":1267,"url":"https:\/\/ppdegalicia.com\/wp-content\/uploads\/2022\/03\/a1c5da4e3fa31b9c435d8f57a858d430.jpg","type":"image\/jpeg"}],"author":"ppdegaliciaredes","twitter_card":"summary_large_image","twitter_creator":"@ppdegalicia","twitter_site":"@ppdegalicia","twitter_misc":{"Escrito por":"ppdegaliciaredes","Tiempo de lectura":"3 minutos"},"schema":{"@context":"https:\/\/schema.org","@graph":[{"@type":"Article","@id":"https:\/\/ppdegalicia.com\/es\/o-parlamento-insta-a-xunta-a-adoptar-as-accions-xuridicas-pertinentes-contra-a-nova-lei-de-vivenda-estatal\/#article","isPartOf":{"@id":"https:\/\/ppdegalicia.com\/es\/o-parlamento-insta-a-xunta-a-adoptar-as-accions-xuridicas-pertinentes-contra-a-nova-lei-de-vivenda-estatal\/"},"author":{"name":"ppdegaliciaredes","@id":"https:\/\/ppdegalicia.com\/es\/#\/schema\/person\/5b822c6f59e872ebdd1142f307dbcb59"},"headline":"O Parlamento insta \u00e1 Xunta a adoptar as acci\u00f3ns xur\u00eddicas pertinentes contra a nova Lei de vivenda estatal","datePublished":"2022-03-24T10:32:58+00:00","mainEntityOfPage":{"@id":"https:\/\/ppdegalicia.com\/es\/o-parlamento-insta-a-xunta-a-adoptar-as-accions-xuridicas-pertinentes-contra-a-nova-lei-de-vivenda-estatal\/"},"wordCount":548,"commentCount":0,"publisher":{"@id":"https:\/\/ppdegalicia.com\/es\/#organization"},"image":{"@id":"https:\/\/ppdegalicia.com\/es\/o-parlamento-insta-a-xunta-a-adoptar-as-accions-xuridicas-pertinentes-contra-a-nova-lei-de-vivenda-estatal\/#primaryimage"},"thumbnailUrl":"https:\/\/ppdegalicia.com\/wp-content\/uploads\/2022\/03\/a1c5da4e3fa31b9c435d8f57a858d430.jpg","articleSection":["PP de Galicia"],"inLanguage":"es","potentialAction":[{"@type":"CommentAction","name":"Comment","target":["https:\/\/ppdegalicia.com\/es\/o-parlamento-insta-a-xunta-a-adoptar-as-accions-xuridicas-pertinentes-contra-a-nova-lei-de-vivenda-estatal\/#respond"]}]},{"@type":"WebPage","@id":"https:\/\/ppdegalicia.com\/es\/o-parlamento-insta-a-xunta-a-adoptar-as-accions-xuridicas-pertinentes-contra-a-nova-lei-de-vivenda-estatal\/","url":"https:\/\/ppdegalicia.com\/es\/o-parlamento-insta-a-xunta-a-adoptar-as-accions-xuridicas-pertinentes-contra-a-nova-lei-de-vivenda-estatal\/","name":"O Parlamento insta \u00e1 Xunta a adoptar as acci\u00f3ns xur\u00eddicas pertinentes contra a nova Lei de vivenda estatal - PP de Galicia","isPartOf":{"@id":"https:\/\/ppdegalicia.com\/es\/#website"},"primaryImageOfPage":{"@id":"https:\/\/ppdegalicia.com\/es\/o-parlamento-insta-a-xunta-a-adoptar-as-accions-xuridicas-pertinentes-contra-a-nova-lei-de-vivenda-estatal\/#primaryimage"},"image":{"@id":"https:\/\/ppdegalicia.com\/es\/o-parlamento-insta-a-xunta-a-adoptar-as-accions-xuridicas-pertinentes-contra-a-nova-lei-de-vivenda-estatal\/#primaryimage"},"thumbnailUrl":"https:\/\/ppdegalicia.com\/wp-content\/uploads\/2022\/03\/a1c5da4e3fa31b9c435d8f57a858d430.jpg","datePublished":"2022-03-24T10:32:58+00:00","breadcrumb":{"@id":"https:\/\/ppdegalicia.com\/es\/o-parlamento-insta-a-xunta-a-adoptar-as-accions-xuridicas-pertinentes-contra-a-nova-lei-de-vivenda-estatal\/#breadcrumb"},"inLanguage":"es","potentialAction":[{"@type":"ReadAction","target":["https:\/\/ppdegalicia.com\/es\/o-parlamento-insta-a-xunta-a-adoptar-as-accions-xuridicas-pertinentes-contra-a-nova-lei-de-vivenda-estatal\/"]}]},{"@type":"ImageObject","inLanguage":"es","@id":"https:\/\/ppdegalicia.com\/es\/o-parlamento-insta-a-xunta-a-adoptar-as-accions-xuridicas-pertinentes-contra-a-nova-lei-de-vivenda-estatal\/#primaryimage","url":"https:\/\/ppdegalicia.com\/wp-content\/uploads\/2022\/03\/a1c5da4e3fa31b9c435d8f57a858d430.jpg","contentUrl":"https:\/\/ppdegalicia.com\/wp-content\/uploads\/2022\/03\/a1c5da4e3fa31b9c435d8f57a858d430.jpg","width":1900,"height":1267},{"@type":"BreadcrumbList","@id":"https:\/\/ppdegalicia.com\/es\/o-parlamento-insta-a-xunta-a-adoptar-as-accions-xuridicas-pertinentes-contra-a-nova-lei-de-vivenda-estatal\/#breadcrumb","itemListElement":[{"@type":"ListItem","position":1,"name":"Portada","item":"https:\/\/ppdegalicia.com\/es\/"},{"@type":"ListItem","position":2,"name":"O Parlamento insta \u00e1 Xunta a adoptar as acci\u00f3ns xur\u00eddicas pertinentes contra a nova Lei de vivenda estatal"}]},{"@type":"WebSite","@id":"https:\/\/ppdegalicia.com\/es\/#website","url":"https:\/\/ppdegalicia.com\/es\/","name":"Partido Popular de Galicia","description":"Partido Popular de Galicia","publisher":{"@id":"https:\/\/ppdegalicia.com\/es\/#organization"},"alternateName":"PP de Galicia","potentialAction":[{"@type":"SearchAction","target":{"@type":"EntryPoint","urlTemplate":"https:\/\/ppdegalicia.com\/es\/?s={search_term_string}"},"query-input":{"@type":"PropertyValueSpecification","valueRequired":true,"valueName":"search_term_string"}}],"inLanguage":"es"},{"@type":"Organization","@id":"https:\/\/ppdegalicia.com\/es\/#organization","name":"Partido Popular de Galicia","alternateName":"PP de Galicia","url":"https:\/\/ppdegalicia.com\/es\/","logo":{"@type":"ImageObject","inLanguage":"es","@id":"https:\/\/ppdegalicia.com\/es\/#\/schema\/logo\/image\/","url":"https:\/\/ppdegalicia.com\/wp-content\/uploads\/2023\/04\/logoPP512.png","contentUrl":"https:\/\/ppdegalicia.com\/wp-content\/uploads\/2023\/04\/logoPP512.png","width":512,"height":512,"caption":"Partido Popular de Galicia"},"image":{"@id":"https:\/\/ppdegalicia.com\/es\/#\/schema\/logo\/image\/"},"sameAs":["https:\/\/www.instagram.com\/ppdegalicia\/","https:\/\/x.com\/ppdegalicia","https:\/\/www.tiktok.com\/@ppdegalicia","https:\/\/www.youtube.com\/user\/ppdegalicia"]},{"@type":"Person","@id":"https:\/\/ppdegalicia.com\/es\/#\/schema\/person\/5b822c6f59e872ebdd1142f307dbcb59","name":"ppdegaliciaredes","image":{"@type":"ImageObject","inLanguage":"es","@id":"https:\/\/secure.gravatar.com\/avatar\/3c9179cf0256d00c72a48d1f25783c58b6842cd56e85ef3a572881c8e28ccd59?s=96&d=mm&r=g","url":"https:\/\/secure.gravatar.com\/avatar\/3c9179cf0256d00c72a48d1f25783c58b6842cd56e85ef3a572881c8e28ccd59?s=96&d=mm&r=g","contentUrl":"https:\/\/secure.gravatar.com\/avatar\/3c9179cf0256d00c72a48d1f25783c58b6842cd56e85ef3a572881c8e28ccd59?s=96&d=mm&r=g","caption":"ppdegaliciaredes"},"url":"https:\/\/ppdegalicia.com\/es\/author\/ppdegaliciaredes\/"}]}},"_links":{"self":[{"href":"https:\/\/ppdegalicia.com\/es\/wp-json\/wp\/v2\/posts\/56885","targetHints":{"allow":["GET"]}}],"collection":[{"href":"https:\/\/ppdegalicia.com\/es\/wp-json\/wp\/v2\/posts"}],"about":[{"href":"https:\/\/ppdegalicia.com\/es\/wp-json\/wp\/v2\/types\/post"}],"author":[{"embeddable":true,"href":"https:\/\/ppdegalicia.com\/es\/wp-json\/wp\/v2\/users\/38"}],"replies":[{"embeddable":true,"href":"https:\/\/ppdegalicia.com\/es\/wp-json\/wp\/v2\/comments?post=56885"}],"version-history":[{"count":0,"href":"https:\/\/ppdegalicia.com\/es\/wp-json\/wp\/v2\/posts\/56885\/revisions"}],"wp:featuredmedia":[{"embeddable":true,"href":"https:\/\/ppdegalicia.com\/es\/wp-json\/wp\/v2\/media\/56884"}],"wp:attachment":[{"href":"https:\/\/ppdegalicia.com\/es\/wp-json\/wp\/v2\/media?parent=56885"}],"wp:term":[{"taxonomy":"category","embeddable":true,"href":"https:\/\/ppdegalicia.com\/es\/wp-json\/wp\/v2\/categories?post=56885"},{"taxonomy":"post_tag","embeddable":true,"href":"https:\/\/ppdegalicia.com\/es\/wp-json\/wp\/v2\/tags?post=56885"}],"curies":[{"name":"wp","href":"https:\/\/api.w.org\/{rel}","templated":true}]}}