{"id":56893,"date":"2022-03-30T08:17:54","date_gmt":"2022-03-30T06:17:54","guid":{"rendered":"https:\/\/ppdegalicia.com\/o-grupo-popular-pedira-no-pleno-ao-goberno-de-espana-que-cumpra-coas-medidas-comprometidas-na-conferencia-de-presidentes\/"},"modified":"2022-03-30T08:17:54","modified_gmt":"2022-03-30T06:17:54","slug":"o-grupo-popular-pedira-no-pleno-ao-goberno-de-espana-que-cumpra-coas-medidas-comprometidas-na-conferencia-de-presidentes","status":"publish","type":"post","link":"https:\/\/ppdegalicia.com\/es\/o-grupo-popular-pedira-no-pleno-ao-goberno-de-espana-que-cumpra-coas-medidas-comprometidas-na-conferencia-de-presidentes\/","title":{"rendered":"O Grupo Popular pedir\u00e1 no Pleno ao Goberno de Espa\u00f1a que cumpra coas medidas comprometidas na Conferencia de Presidentes"},"content":{"rendered":"<p><img fetchpriority=\"high\" decoding=\"async\" class=\" size-full wp-image-56892\" src=\"https:\/\/ppdegalicia.com\/wp-content\/uploads\/2022\/03\/905757b834d7fa30607f70a2350c1189.jpg\" alt=\"\" width=\"1900\" height=\"1267\" srcset=\"https:\/\/ppdegalicia.com\/wp-content\/uploads\/2022\/03\/905757b834d7fa30607f70a2350c1189.jpg 1900w, https:\/\/ppdegalicia.com\/wp-content\/uploads\/2022\/03\/905757b834d7fa30607f70a2350c1189-300x200.jpg 300w, https:\/\/ppdegalicia.com\/wp-content\/uploads\/2022\/03\/905757b834d7fa30607f70a2350c1189-1024x683.jpg 1024w, https:\/\/ppdegalicia.com\/wp-content\/uploads\/2022\/03\/905757b834d7fa30607f70a2350c1189-768x512.jpg 768w, https:\/\/ppdegalicia.com\/wp-content\/uploads\/2022\/03\/905757b834d7fa30607f70a2350c1189-1536x1024.jpg 1536w\" sizes=\"(max-width: 1900px) 100vw, 1900px\" \/><\/p>\n<p>Santiago, 29 de marzo de 2022.- O Grupo Popular solicitar\u00e1 no Pleno da vindeira semana que o Goberno de Espa\u00f1a faga efectivo o compromiso asumido na \u00faltima Conferencia de Presidentes e po\u00f1a en marcha medidas dirixidas a paliar as consecuencias da invasi\u00f3n de Ucra\u00edna como unha baixada dos impostos que gravan a electricidade e os combustibles, medidas efectivas para os sectores m\u00e1is afectados, rectificar a pol\u00edtica enerx\u00e9tica; ou descartar implantaci\u00f3n de peaxes nas autov\u00edas.<\/p>\n<p><!--more--><\/p>\n<p>As\u00ed mesmo, solicitar\u00e1 que a Xunta estenda a todos os centros de atenci\u00f3n primaria o protocolo de xesti\u00f3n integral da demanda en equipo (XIDE), a trav\u00e9s do que se dirixen as consultas de xeito directo ao profesional m\u00e1is axeitado \u00e1 necesidade do paciente.<\/p>\n<p>\u00a0<\/p>\n<p>Ao remate da Xunta de Portavoces, o portavoz popular, Pedro Puy, informou que a sesi\u00f3n plenaria, que dar\u00e1 comezo \u00e1s 10 da ma\u00f1\u00e1 do vindeiro luns, 4 de abril, dar\u00e1 comezo coa comparecencia do conselleiro do Medio Rural, a petici\u00f3n propia, para informar sobre a preocupante situaci\u00f3n do sector gandeiro galego polo incremento dos custos de produci\u00f3n e a falta de materias primas.<\/p>\n<p>\u00a0<\/p>\n<p>Puy lamentou que o Ministerio de Agricultura \u201cnon ten avanzado grandes actuaci\u00f3ns ante a gravidade da situaci\u00f3n que padece a agrogander\u00eda galega, ante a que a Xunta avanzar\u00e1 medidas para frear a venda a perdas, dar liquidez ao sector, evitar o desabastecemento de cereais, ampliar as superficies de cultivo e mellorar o r\u00e9xime fiscal e laboral dos agricultores e gandeiros.<\/p>\n<p>\u00a0<\/p>\n<p><strong>MINIMIZAR CONSECUENCIAS INVASI\u00d3N UCRA\u00cdNA<\/strong><\/p>\n<p>\u00a0<\/p>\n<p>Dentro do apartado de proposici\u00f3ns non de lei, o Grupo Popular demandar\u00e1 ao Goberno de Espa\u00f1a a adopci\u00f3n de medidas, de acordo co acordado na Conferencia de Presidentes celebrada o pasado 13 de marzo, para minimizar as consecuencias socioecon\u00f3micas nas empresas e nos cidad\u00e1ns logo da invasi\u00f3n de Ucra\u00edna por parte do ex\u00e9rcito de Rusia.<\/p>\n<p>\u00a0<\/p>\n<p>En concreto, solic\u00edtase unha baixada dos impostos que gravan a electricidade, o gas, a gasolina e o gas\u00f3leo; medidas espec\u00edficas para os sectores m\u00e1is afectados, como o transporte, industrias electrointensivas, pesca, agrogander\u00eda e turismo; rectificar a pol\u00edtica enerx\u00e9tica abrupta que v\u00e9n levando a cabo e apostar por unha planificaci\u00f3n enerx\u00e9tica planificada, proporcional e xusta; e descartar a implantaci\u00f3n de novos gravames, como a implantaci\u00f3n de peaxes nas autov\u00edas.<\/p>\n<p>\u00a0<\/p>\n<p>Pedro Puy amosou a disposici\u00f3n do Grupo Popular de \u201cchegar a acordos cos outros grupos\u201d para sacar adiante unha iniciativa co maior respaldo posible que responda as \u201ccuesti\u00f3ns que m\u00e1is preocupan \u00e1 sociedade nestes momentos\u201d, polo que avanzou a posibilidade de que, en funci\u00f3n de como discorran os acontecementos nos vindeiros d\u00edas, esta iniciativa poida actualizarse.<\/p>\n<p>XESTI\u00d3N CONSULTAS ATENCI\u00d3N PRIMARIA<\/p>\n<p>En segundo lugar, o Grupo Popular solicitar\u00e1 que a Xunta estenda a todos os centros de atenci\u00f3n primaria, ao longo do presente ano 2022, o protocolo de xesti\u00f3n integral da demanda en equipo (XIDE), a trav\u00e9s do que se dirixen as consultas de xeito directo ao profesional m\u00e1is axeitado \u00e1 necesidade do paciente, garantindo as\u00ed a s\u00faa atenci\u00f3n en tempos de resposta determinados segundo sexa a necesidade da consulta inmediata, no d\u00eda ou ordinaria. Puy lembrou que \u201ca Conseller\u00eda xa fixo unha proba piloto deste protocolo en centros sanitarios de Culleredo e Lugo, axilizando a atenci\u00f3n de todas as consultas e mobilizando a derivaci\u00f3n directa aos profesionais m\u00e1is axeitados\u201d.<\/p>\n<p>As\u00ed mesmo, dem\u00e1ndase que o Goberno galego informe periodicamente sobre a dispo\u00f1ibilidade de profesionais m\u00e9dicos de familia e pediatras para a contrataci\u00f3n no \u00e1mbito de atenci\u00f3n primaria, desagregada por \u00e1reas ou distritos sanitarios.<\/p>\n<p>Por \u00faltimo, e no apartado de preguntas ao Goberno galego, o Grupo Popular interesarase polas consecuencias derivadas da sentenza do Tribunal Superior de Xustiza de Galicia que da a raz\u00f3n a Xunta no conflito co Goberno central polo Plan Xeral de explotaci\u00f3n marisqueira para o trienio 2021-2023; as\u00ed como polos factores que te\u00f1en contribu\u00eddo a reducir a taxa de abandono nos derradeiros anos.<\/p>\n","protected":false},"excerpt":{"rendered":"<p>Santiago, 29 de marzo de 2022.- O Grupo Popular solicitar\u00e1 no Pleno da vindeira semana que o Goberno de Espa\u00f1a faga efectivo o compromiso asumido na \u00faltima Conferencia de Presidentes e po\u00f1a en marcha medidas dirixidas a paliar as consecuencias da invasi\u00f3n de Ucra\u00edna como unha baixada dos impostos que gravan a electricidade e os [&hellip;]<\/p>\n","protected":false},"author":38,"featured_media":56892,"comment_status":"open","ping_status":"open","sticky":false,"template":"","format":"standard","meta":{"_acf_changed":false,"footnotes":""},"categories":[1],"tags":[],"class_list":["post-56893","post","type-post","status-publish","format-standard","has-post-thumbnail","hentry","category-pp-de-galicia"],"acf":[],"yoast_head":"<!-- This site is optimized with the Yoast SEO plugin v27.3 - https:\/\/yoast.com\/product\/yoast-seo-wordpress\/ -->\n<title>O Grupo Popular pedir\u00e1 no Pleno ao Goberno de Espa\u00f1a que cumpra coas medidas comprometidas na Conferencia de Presidentes - PP de Galicia<\/title>\n<meta name=\"robots\" content=\"index, follow, max-snippet:-1, max-image-preview:large, max-video-preview:-1\" \/>\n<link rel=\"canonical\" href=\"https:\/\/ppdegalicia.com\/es\/o-grupo-popular-pedira-no-pleno-ao-goberno-de-espana-que-cumpra-coas-medidas-comprometidas-na-conferencia-de-presidentes\/\" \/>\n<meta property=\"og:locale\" content=\"es_ES\" \/>\n<meta property=\"og:type\" content=\"article\" \/>\n<meta property=\"og:title\" content=\"O Grupo Popular pedir\u00e1 no Pleno ao Goberno de Espa\u00f1a que cumpra coas medidas comprometidas na Conferencia de Presidentes - PP de Galicia\" \/>\n<meta property=\"og:description\" content=\"Santiago, 29 de marzo de 2022.- O Grupo Popular solicitar\u00e1 no Pleno da vindeira semana que o Goberno de Espa\u00f1a faga efectivo o compromiso asumido na \u00faltima Conferencia de Presidentes e po\u00f1a en marcha medidas dirixidas a paliar as consecuencias da invasi\u00f3n de Ucra\u00edna como unha baixada dos impostos que gravan a electricidade e os [&hellip;]\" \/>\n<meta property=\"og:url\" content=\"https:\/\/ppdegalicia.com\/es\/o-grupo-popular-pedira-no-pleno-ao-goberno-de-espana-que-cumpra-coas-medidas-comprometidas-na-conferencia-de-presidentes\/\" \/>\n<meta property=\"og:site_name\" content=\"PP de Galicia\" \/>\n<meta property=\"article:publisher\" content=\"https:\/\/www.instagram.com\/ppdegalicia\/\" \/>\n<meta property=\"article:published_time\" content=\"2022-03-30T06:17:54+00:00\" \/>\n<meta property=\"og:image\" content=\"https:\/\/ppdegalicia.com\/wp-content\/uploads\/2022\/03\/905757b834d7fa30607f70a2350c1189.jpg\" \/>\n\t<meta property=\"og:image:width\" content=\"1900\" \/>\n\t<meta property=\"og:image:height\" content=\"1267\" \/>\n\t<meta property=\"og:image:type\" content=\"image\/jpeg\" \/>\n<meta name=\"author\" content=\"ppdegaliciaredes\" \/>\n<meta name=\"twitter:card\" content=\"summary_large_image\" \/>\n<meta name=\"twitter:creator\" content=\"@ppdegalicia\" \/>\n<meta name=\"twitter:site\" content=\"@ppdegalicia\" \/>\n<meta name=\"twitter:label1\" content=\"Escrito por\" \/>\n\t<meta name=\"twitter:data1\" content=\"ppdegaliciaredes\" \/>\n\t<meta name=\"twitter:label2\" content=\"Tiempo de lectura\" \/>\n\t<meta name=\"twitter:data2\" content=\"3 minutos\" \/>\n<script type=\"application\/ld+json\" class=\"yoast-schema-graph\">{\"@context\":\"https:\\\/\\\/schema.org\",\"@graph\":[{\"@type\":\"Article\",\"@id\":\"https:\\\/\\\/ppdegalicia.com\\\/es\\\/o-grupo-popular-pedira-no-pleno-ao-goberno-de-espana-que-cumpra-coas-medidas-comprometidas-na-conferencia-de-presidentes\\\/#article\",\"isPartOf\":{\"@id\":\"https:\\\/\\\/ppdegalicia.com\\\/es\\\/o-grupo-popular-pedira-no-pleno-ao-goberno-de-espana-que-cumpra-coas-medidas-comprometidas-na-conferencia-de-presidentes\\\/\"},\"author\":{\"name\":\"ppdegaliciaredes\",\"@id\":\"https:\\\/\\\/ppdegalicia.com\\\/es\\\/#\\\/schema\\\/person\\\/5b822c6f59e872ebdd1142f307dbcb59\"},\"headline\":\"O Grupo Popular pedir\u00e1 no Pleno ao Goberno de Espa\u00f1a que cumpra coas medidas comprometidas na Conferencia de Presidentes\",\"datePublished\":\"2022-03-30T06:17:54+00:00\",\"mainEntityOfPage\":{\"@id\":\"https:\\\/\\\/ppdegalicia.com\\\/es\\\/o-grupo-popular-pedira-no-pleno-ao-goberno-de-espana-que-cumpra-coas-medidas-comprometidas-na-conferencia-de-presidentes\\\/\"},\"wordCount\":715,\"commentCount\":0,\"publisher\":{\"@id\":\"https:\\\/\\\/ppdegalicia.com\\\/es\\\/#organization\"},\"image\":{\"@id\":\"https:\\\/\\\/ppdegalicia.com\\\/es\\\/o-grupo-popular-pedira-no-pleno-ao-goberno-de-espana-que-cumpra-coas-medidas-comprometidas-na-conferencia-de-presidentes\\\/#primaryimage\"},\"thumbnailUrl\":\"https:\\\/\\\/ppdegalicia.com\\\/wp-content\\\/uploads\\\/2022\\\/03\\\/905757b834d7fa30607f70a2350c1189.jpg\",\"articleSection\":[\"PP de Galicia\"],\"inLanguage\":\"es\",\"potentialAction\":[{\"@type\":\"CommentAction\",\"name\":\"Comment\",\"target\":[\"https:\\\/\\\/ppdegalicia.com\\\/es\\\/o-grupo-popular-pedira-no-pleno-ao-goberno-de-espana-que-cumpra-coas-medidas-comprometidas-na-conferencia-de-presidentes\\\/#respond\"]}]},{\"@type\":\"WebPage\",\"@id\":\"https:\\\/\\\/ppdegalicia.com\\\/es\\\/o-grupo-popular-pedira-no-pleno-ao-goberno-de-espana-que-cumpra-coas-medidas-comprometidas-na-conferencia-de-presidentes\\\/\",\"url\":\"https:\\\/\\\/ppdegalicia.com\\\/es\\\/o-grupo-popular-pedira-no-pleno-ao-goberno-de-espana-que-cumpra-coas-medidas-comprometidas-na-conferencia-de-presidentes\\\/\",\"name\":\"O Grupo Popular pedir\u00e1 no Pleno ao Goberno de Espa\u00f1a que cumpra coas medidas comprometidas na Conferencia de Presidentes - PP de Galicia\",\"isPartOf\":{\"@id\":\"https:\\\/\\\/ppdegalicia.com\\\/es\\\/#website\"},\"primaryImageOfPage\":{\"@id\":\"https:\\\/\\\/ppdegalicia.com\\\/es\\\/o-grupo-popular-pedira-no-pleno-ao-goberno-de-espana-que-cumpra-coas-medidas-comprometidas-na-conferencia-de-presidentes\\\/#primaryimage\"},\"image\":{\"@id\":\"https:\\\/\\\/ppdegalicia.com\\\/es\\\/o-grupo-popular-pedira-no-pleno-ao-goberno-de-espana-que-cumpra-coas-medidas-comprometidas-na-conferencia-de-presidentes\\\/#primaryimage\"},\"thumbnailUrl\":\"https:\\\/\\\/ppdegalicia.com\\\/wp-content\\\/uploads\\\/2022\\\/03\\\/905757b834d7fa30607f70a2350c1189.jpg\",\"datePublished\":\"2022-03-30T06:17:54+00:00\",\"breadcrumb\":{\"@id\":\"https:\\\/\\\/ppdegalicia.com\\\/es\\\/o-grupo-popular-pedira-no-pleno-ao-goberno-de-espana-que-cumpra-coas-medidas-comprometidas-na-conferencia-de-presidentes\\\/#breadcrumb\"},\"inLanguage\":\"es\",\"potentialAction\":[{\"@type\":\"ReadAction\",\"target\":[\"https:\\\/\\\/ppdegalicia.com\\\/es\\\/o-grupo-popular-pedira-no-pleno-ao-goberno-de-espana-que-cumpra-coas-medidas-comprometidas-na-conferencia-de-presidentes\\\/\"]}]},{\"@type\":\"ImageObject\",\"inLanguage\":\"es\",\"@id\":\"https:\\\/\\\/ppdegalicia.com\\\/es\\\/o-grupo-popular-pedira-no-pleno-ao-goberno-de-espana-que-cumpra-coas-medidas-comprometidas-na-conferencia-de-presidentes\\\/#primaryimage\",\"url\":\"https:\\\/\\\/ppdegalicia.com\\\/wp-content\\\/uploads\\\/2022\\\/03\\\/905757b834d7fa30607f70a2350c1189.jpg\",\"contentUrl\":\"https:\\\/\\\/ppdegalicia.com\\\/wp-content\\\/uploads\\\/2022\\\/03\\\/905757b834d7fa30607f70a2350c1189.jpg\",\"width\":1900,\"height\":1267},{\"@type\":\"BreadcrumbList\",\"@id\":\"https:\\\/\\\/ppdegalicia.com\\\/es\\\/o-grupo-popular-pedira-no-pleno-ao-goberno-de-espana-que-cumpra-coas-medidas-comprometidas-na-conferencia-de-presidentes\\\/#breadcrumb\",\"itemListElement\":[{\"@type\":\"ListItem\",\"position\":1,\"name\":\"Portada\",\"item\":\"https:\\\/\\\/ppdegalicia.com\\\/es\\\/\"},{\"@type\":\"ListItem\",\"position\":2,\"name\":\"O Grupo Popular pedir\u00e1 no Pleno ao Goberno de Espa\u00f1a que cumpra coas medidas comprometidas na Conferencia de Presidentes\"}]},{\"@type\":\"WebSite\",\"@id\":\"https:\\\/\\\/ppdegalicia.com\\\/es\\\/#website\",\"url\":\"https:\\\/\\\/ppdegalicia.com\\\/es\\\/\",\"name\":\"Partido Popular de Galicia\",\"description\":\"Partido Popular de Galicia\",\"publisher\":{\"@id\":\"https:\\\/\\\/ppdegalicia.com\\\/es\\\/#organization\"},\"alternateName\":\"PP de Galicia\",\"potentialAction\":[{\"@type\":\"SearchAction\",\"target\":{\"@type\":\"EntryPoint\",\"urlTemplate\":\"https:\\\/\\\/ppdegalicia.com\\\/es\\\/?s={search_term_string}\"},\"query-input\":{\"@type\":\"PropertyValueSpecification\",\"valueRequired\":true,\"valueName\":\"search_term_string\"}}],\"inLanguage\":\"es\"},{\"@type\":\"Organization\",\"@id\":\"https:\\\/\\\/ppdegalicia.com\\\/es\\\/#organization\",\"name\":\"Partido Popular de Galicia\",\"alternateName\":\"PP de Galicia\",\"url\":\"https:\\\/\\\/ppdegalicia.com\\\/es\\\/\",\"logo\":{\"@type\":\"ImageObject\",\"inLanguage\":\"es\",\"@id\":\"https:\\\/\\\/ppdegalicia.com\\\/es\\\/#\\\/schema\\\/logo\\\/image\\\/\",\"url\":\"https:\\\/\\\/ppdegalicia.com\\\/wp-content\\\/uploads\\\/2023\\\/04\\\/logoPP512.png\",\"contentUrl\":\"https:\\\/\\\/ppdegalicia.com\\\/wp-content\\\/uploads\\\/2023\\\/04\\\/logoPP512.png\",\"width\":512,\"height\":512,\"caption\":\"Partido Popular de Galicia\"},\"image\":{\"@id\":\"https:\\\/\\\/ppdegalicia.com\\\/es\\\/#\\\/schema\\\/logo\\\/image\\\/\"},\"sameAs\":[\"https:\\\/\\\/www.instagram.com\\\/ppdegalicia\\\/\",\"https:\\\/\\\/x.com\\\/ppdegalicia\",\"https:\\\/\\\/www.tiktok.com\\\/@ppdegalicia\",\"https:\\\/\\\/www.youtube.com\\\/user\\\/ppdegalicia\"]},{\"@type\":\"Person\",\"@id\":\"https:\\\/\\\/ppdegalicia.com\\\/es\\\/#\\\/schema\\\/person\\\/5b822c6f59e872ebdd1142f307dbcb59\",\"name\":\"ppdegaliciaredes\",\"image\":{\"@type\":\"ImageObject\",\"inLanguage\":\"es\",\"@id\":\"https:\\\/\\\/secure.gravatar.com\\\/avatar\\\/3c9179cf0256d00c72a48d1f25783c58b6842cd56e85ef3a572881c8e28ccd59?s=96&d=mm&r=g\",\"url\":\"https:\\\/\\\/secure.gravatar.com\\\/avatar\\\/3c9179cf0256d00c72a48d1f25783c58b6842cd56e85ef3a572881c8e28ccd59?s=96&d=mm&r=g\",\"contentUrl\":\"https:\\\/\\\/secure.gravatar.com\\\/avatar\\\/3c9179cf0256d00c72a48d1f25783c58b6842cd56e85ef3a572881c8e28ccd59?s=96&d=mm&r=g\",\"caption\":\"ppdegaliciaredes\"},\"url\":\"https:\\\/\\\/ppdegalicia.com\\\/es\\\/author\\\/ppdegaliciaredes\\\/\"}]}<\/script>\n<!-- \/ Yoast SEO plugin. -->","yoast_head_json":{"title":"O Grupo Popular pedir\u00e1 no Pleno ao Goberno de Espa\u00f1a que cumpra coas medidas comprometidas na Conferencia de Presidentes - PP de Galicia","robots":{"index":"index","follow":"follow","max-snippet":"max-snippet:-1","max-image-preview":"max-image-preview:large","max-video-preview":"max-video-preview:-1"},"canonical":"https:\/\/ppdegalicia.com\/es\/o-grupo-popular-pedira-no-pleno-ao-goberno-de-espana-que-cumpra-coas-medidas-comprometidas-na-conferencia-de-presidentes\/","og_locale":"es_ES","og_type":"article","og_title":"O Grupo Popular pedir\u00e1 no Pleno ao Goberno de Espa\u00f1a que cumpra coas medidas comprometidas na Conferencia de Presidentes - PP de Galicia","og_description":"Santiago, 29 de marzo de 2022.- O Grupo Popular solicitar\u00e1 no Pleno da vindeira semana que o Goberno de Espa\u00f1a faga efectivo o compromiso asumido na \u00faltima Conferencia de Presidentes e po\u00f1a en marcha medidas dirixidas a paliar as consecuencias da invasi\u00f3n de Ucra\u00edna como unha baixada dos impostos que gravan a electricidade e os [&hellip;]","og_url":"https:\/\/ppdegalicia.com\/es\/o-grupo-popular-pedira-no-pleno-ao-goberno-de-espana-que-cumpra-coas-medidas-comprometidas-na-conferencia-de-presidentes\/","og_site_name":"PP de Galicia","article_publisher":"https:\/\/www.instagram.com\/ppdegalicia\/","article_published_time":"2022-03-30T06:17:54+00:00","og_image":[{"width":1900,"height":1267,"url":"https:\/\/ppdegalicia.com\/wp-content\/uploads\/2022\/03\/905757b834d7fa30607f70a2350c1189.jpg","type":"image\/jpeg"}],"author":"ppdegaliciaredes","twitter_card":"summary_large_image","twitter_creator":"@ppdegalicia","twitter_site":"@ppdegalicia","twitter_misc":{"Escrito por":"ppdegaliciaredes","Tiempo de lectura":"3 minutos"},"schema":{"@context":"https:\/\/schema.org","@graph":[{"@type":"Article","@id":"https:\/\/ppdegalicia.com\/es\/o-grupo-popular-pedira-no-pleno-ao-goberno-de-espana-que-cumpra-coas-medidas-comprometidas-na-conferencia-de-presidentes\/#article","isPartOf":{"@id":"https:\/\/ppdegalicia.com\/es\/o-grupo-popular-pedira-no-pleno-ao-goberno-de-espana-que-cumpra-coas-medidas-comprometidas-na-conferencia-de-presidentes\/"},"author":{"name":"ppdegaliciaredes","@id":"https:\/\/ppdegalicia.com\/es\/#\/schema\/person\/5b822c6f59e872ebdd1142f307dbcb59"},"headline":"O Grupo Popular pedir\u00e1 no Pleno ao Goberno de Espa\u00f1a que cumpra coas medidas comprometidas na Conferencia de Presidentes","datePublished":"2022-03-30T06:17:54+00:00","mainEntityOfPage":{"@id":"https:\/\/ppdegalicia.com\/es\/o-grupo-popular-pedira-no-pleno-ao-goberno-de-espana-que-cumpra-coas-medidas-comprometidas-na-conferencia-de-presidentes\/"},"wordCount":715,"commentCount":0,"publisher":{"@id":"https:\/\/ppdegalicia.com\/es\/#organization"},"image":{"@id":"https:\/\/ppdegalicia.com\/es\/o-grupo-popular-pedira-no-pleno-ao-goberno-de-espana-que-cumpra-coas-medidas-comprometidas-na-conferencia-de-presidentes\/#primaryimage"},"thumbnailUrl":"https:\/\/ppdegalicia.com\/wp-content\/uploads\/2022\/03\/905757b834d7fa30607f70a2350c1189.jpg","articleSection":["PP de Galicia"],"inLanguage":"es","potentialAction":[{"@type":"CommentAction","name":"Comment","target":["https:\/\/ppdegalicia.com\/es\/o-grupo-popular-pedira-no-pleno-ao-goberno-de-espana-que-cumpra-coas-medidas-comprometidas-na-conferencia-de-presidentes\/#respond"]}]},{"@type":"WebPage","@id":"https:\/\/ppdegalicia.com\/es\/o-grupo-popular-pedira-no-pleno-ao-goberno-de-espana-que-cumpra-coas-medidas-comprometidas-na-conferencia-de-presidentes\/","url":"https:\/\/ppdegalicia.com\/es\/o-grupo-popular-pedira-no-pleno-ao-goberno-de-espana-que-cumpra-coas-medidas-comprometidas-na-conferencia-de-presidentes\/","name":"O Grupo Popular pedir\u00e1 no Pleno ao Goberno de Espa\u00f1a que cumpra coas medidas comprometidas na Conferencia de Presidentes - PP de Galicia","isPartOf":{"@id":"https:\/\/ppdegalicia.com\/es\/#website"},"primaryImageOfPage":{"@id":"https:\/\/ppdegalicia.com\/es\/o-grupo-popular-pedira-no-pleno-ao-goberno-de-espana-que-cumpra-coas-medidas-comprometidas-na-conferencia-de-presidentes\/#primaryimage"},"image":{"@id":"https:\/\/ppdegalicia.com\/es\/o-grupo-popular-pedira-no-pleno-ao-goberno-de-espana-que-cumpra-coas-medidas-comprometidas-na-conferencia-de-presidentes\/#primaryimage"},"thumbnailUrl":"https:\/\/ppdegalicia.com\/wp-content\/uploads\/2022\/03\/905757b834d7fa30607f70a2350c1189.jpg","datePublished":"2022-03-30T06:17:54+00:00","breadcrumb":{"@id":"https:\/\/ppdegalicia.com\/es\/o-grupo-popular-pedira-no-pleno-ao-goberno-de-espana-que-cumpra-coas-medidas-comprometidas-na-conferencia-de-presidentes\/#breadcrumb"},"inLanguage":"es","potentialAction":[{"@type":"ReadAction","target":["https:\/\/ppdegalicia.com\/es\/o-grupo-popular-pedira-no-pleno-ao-goberno-de-espana-que-cumpra-coas-medidas-comprometidas-na-conferencia-de-presidentes\/"]}]},{"@type":"ImageObject","inLanguage":"es","@id":"https:\/\/ppdegalicia.com\/es\/o-grupo-popular-pedira-no-pleno-ao-goberno-de-espana-que-cumpra-coas-medidas-comprometidas-na-conferencia-de-presidentes\/#primaryimage","url":"https:\/\/ppdegalicia.com\/wp-content\/uploads\/2022\/03\/905757b834d7fa30607f70a2350c1189.jpg","contentUrl":"https:\/\/ppdegalicia.com\/wp-content\/uploads\/2022\/03\/905757b834d7fa30607f70a2350c1189.jpg","width":1900,"height":1267},{"@type":"BreadcrumbList","@id":"https:\/\/ppdegalicia.com\/es\/o-grupo-popular-pedira-no-pleno-ao-goberno-de-espana-que-cumpra-coas-medidas-comprometidas-na-conferencia-de-presidentes\/#breadcrumb","itemListElement":[{"@type":"ListItem","position":1,"name":"Portada","item":"https:\/\/ppdegalicia.com\/es\/"},{"@type":"ListItem","position":2,"name":"O Grupo Popular pedir\u00e1 no Pleno ao Goberno de Espa\u00f1a que cumpra coas medidas comprometidas na Conferencia de Presidentes"}]},{"@type":"WebSite","@id":"https:\/\/ppdegalicia.com\/es\/#website","url":"https:\/\/ppdegalicia.com\/es\/","name":"Partido Popular de Galicia","description":"Partido Popular de Galicia","publisher":{"@id":"https:\/\/ppdegalicia.com\/es\/#organization"},"alternateName":"PP de Galicia","potentialAction":[{"@type":"SearchAction","target":{"@type":"EntryPoint","urlTemplate":"https:\/\/ppdegalicia.com\/es\/?s={search_term_string}"},"query-input":{"@type":"PropertyValueSpecification","valueRequired":true,"valueName":"search_term_string"}}],"inLanguage":"es"},{"@type":"Organization","@id":"https:\/\/ppdegalicia.com\/es\/#organization","name":"Partido Popular de Galicia","alternateName":"PP de Galicia","url":"https:\/\/ppdegalicia.com\/es\/","logo":{"@type":"ImageObject","inLanguage":"es","@id":"https:\/\/ppdegalicia.com\/es\/#\/schema\/logo\/image\/","url":"https:\/\/ppdegalicia.com\/wp-content\/uploads\/2023\/04\/logoPP512.png","contentUrl":"https:\/\/ppdegalicia.com\/wp-content\/uploads\/2023\/04\/logoPP512.png","width":512,"height":512,"caption":"Partido Popular de Galicia"},"image":{"@id":"https:\/\/ppdegalicia.com\/es\/#\/schema\/logo\/image\/"},"sameAs":["https:\/\/www.instagram.com\/ppdegalicia\/","https:\/\/x.com\/ppdegalicia","https:\/\/www.tiktok.com\/@ppdegalicia","https:\/\/www.youtube.com\/user\/ppdegalicia"]},{"@type":"Person","@id":"https:\/\/ppdegalicia.com\/es\/#\/schema\/person\/5b822c6f59e872ebdd1142f307dbcb59","name":"ppdegaliciaredes","image":{"@type":"ImageObject","inLanguage":"es","@id":"https:\/\/secure.gravatar.com\/avatar\/3c9179cf0256d00c72a48d1f25783c58b6842cd56e85ef3a572881c8e28ccd59?s=96&d=mm&r=g","url":"https:\/\/secure.gravatar.com\/avatar\/3c9179cf0256d00c72a48d1f25783c58b6842cd56e85ef3a572881c8e28ccd59?s=96&d=mm&r=g","contentUrl":"https:\/\/secure.gravatar.com\/avatar\/3c9179cf0256d00c72a48d1f25783c58b6842cd56e85ef3a572881c8e28ccd59?s=96&d=mm&r=g","caption":"ppdegaliciaredes"},"url":"https:\/\/ppdegalicia.com\/es\/author\/ppdegaliciaredes\/"}]}},"_links":{"self":[{"href":"https:\/\/ppdegalicia.com\/es\/wp-json\/wp\/v2\/posts\/56893","targetHints":{"allow":["GET"]}}],"collection":[{"href":"https:\/\/ppdegalicia.com\/es\/wp-json\/wp\/v2\/posts"}],"about":[{"href":"https:\/\/ppdegalicia.com\/es\/wp-json\/wp\/v2\/types\/post"}],"author":[{"embeddable":true,"href":"https:\/\/ppdegalicia.com\/es\/wp-json\/wp\/v2\/users\/38"}],"replies":[{"embeddable":true,"href":"https:\/\/ppdegalicia.com\/es\/wp-json\/wp\/v2\/comments?post=56893"}],"version-history":[{"count":0,"href":"https:\/\/ppdegalicia.com\/es\/wp-json\/wp\/v2\/posts\/56893\/revisions"}],"wp:featuredmedia":[{"embeddable":true,"href":"https:\/\/ppdegalicia.com\/es\/wp-json\/wp\/v2\/media\/56892"}],"wp:attachment":[{"href":"https:\/\/ppdegalicia.com\/es\/wp-json\/wp\/v2\/media?parent=56893"}],"wp:term":[{"taxonomy":"category","embeddable":true,"href":"https:\/\/ppdegalicia.com\/es\/wp-json\/wp\/v2\/categories?post=56893"},{"taxonomy":"post_tag","embeddable":true,"href":"https:\/\/ppdegalicia.com\/es\/wp-json\/wp\/v2\/tags?post=56893"}],"curies":[{"name":"wp","href":"https:\/\/api.w.org\/{rel}","templated":true}]}}