{"id":56951,"date":"2022-04-21T10:15:25","date_gmt":"2022-04-21T08:15:25","guid":{"rendered":"https:\/\/ppdegalicia.com\/garantia-da-proteccion-sanitaria-dos-socios-e-do-patrimonio-da-casa-de-galicia-de-montevideo\/"},"modified":"2022-04-21T10:15:25","modified_gmt":"2022-04-21T08:15:25","slug":"garantia-da-proteccion-sanitaria-dos-socios-e-do-patrimonio-da-casa-de-galicia-de-montevideo","status":"publish","type":"post","link":"https:\/\/ppdegalicia.com\/es\/garantia-da-proteccion-sanitaria-dos-socios-e-do-patrimonio-da-casa-de-galicia-de-montevideo\/","title":{"rendered":"Garant\u00eda da protecci\u00f3n sanitaria dos socios e do patrimonio da Casa de Galicia de Montevideo"},"content":{"rendered":"<p><img fetchpriority=\"high\" decoding=\"async\" class=\" size-full wp-image-56950\" src=\"https:\/\/ppdegalicia.com\/wp-content\/uploads\/2022\/04\/662c7f372db51f3297825546ab53cf42.jpg\" alt=\"\" width=\"2222\" height=\"1652\" srcset=\"https:\/\/ppdegalicia.com\/wp-content\/uploads\/2022\/04\/662c7f372db51f3297825546ab53cf42.jpg 2222w, https:\/\/ppdegalicia.com\/wp-content\/uploads\/2022\/04\/662c7f372db51f3297825546ab53cf42-300x223.jpg 300w, https:\/\/ppdegalicia.com\/wp-content\/uploads\/2022\/04\/662c7f372db51f3297825546ab53cf42-1024x761.jpg 1024w, https:\/\/ppdegalicia.com\/wp-content\/uploads\/2022\/04\/662c7f372db51f3297825546ab53cf42-768x571.jpg 768w, https:\/\/ppdegalicia.com\/wp-content\/uploads\/2022\/04\/662c7f372db51f3297825546ab53cf42-1536x1142.jpg 1536w, https:\/\/ppdegalicia.com\/wp-content\/uploads\/2022\/04\/662c7f372db51f3297825546ab53cf42-2048x1523.jpg 2048w\" sizes=\"(max-width: 2222px) 100vw, 2222px\" \/><\/p>\n<p>\u00a0<\/p>\n<p>Iniciativa sobre\u00a0as actuaci\u00f3ns que debe levar a cabo a Xunta de Galicia e as que debe demandar do Goberno de Espa\u00f1a respecto da garant\u00eda da protecci\u00f3n sanitaria dos socios e do patrimonio da Casa de Galicia de Montevideo<\/p>\n<p><!--more--><\/p>\n<p>\u00a0<\/p>\n<p>Casa de Galicia de Montevideo nace no ano 1917 como una sociedade de instruci\u00f3n, recreo, beneficencia, sanidade e protecci\u00f3n ao traballo. A s\u00faa forma orixinar responde a necesidade de crear organizaci\u00f3n que se ergueran como referentes sociais, culturais e tam\u00e9n para contar cos medios econ\u00f3micos necesarios ante continxencias da colectividade no pa\u00eds, \u00e9 dicir, un medio de protecci\u00f3n grupal de car\u00e1cter solidario.<\/p>\n<p>Ao longo de m\u00e1is dun s\u00e9culo estas instituci\u00f3n formou parte do Servicio Social de asistencia a la salud do pa\u00eds. Na actualidade, estas mutualistas enc\u00f3ntranse dentro da regulaci\u00f3n xeral das Instituci\u00f3ns de Asistencia M\u00e9dica Colectiva, e tipif\u00edcanse como asociaci\u00f3ns civ\u00eds, es dicir, persoas xur\u00eddicas de dereito privado, cuxo obxecto \u00e9 a prestaci\u00f3n de servizos de asistencia m\u00e9dica integral por sistema de prepago, sen prexu\u00edzo de que tam\u00e9n desenvolvan outras actividades sociais e culturais. Organicamente, as mutualistas son dirixidas por autoridades electas por voto secreto e directo dos seus socios.<\/p>\n<p>Durante os \u00faltimos meses Casa de Galicia sofre unha situaci\u00f3n preocupante. A finais do pasado ano \u00e9 intervida por terceira vez polo Estado Uruguaio (xa sufrira situaci\u00f3ns semellantes en 2002 e 2006) e posteriormente proc\u00e9dese a s\u00faa intervenci\u00f3n xudicial que a declara en concurso de acredores e o cese da s\u00faa actividade.<br \/>A preocupaci\u00f3n neste senso \u00e9 dobre, por un lado, a protecci\u00f3n sanitaria dos seus socios, de maneira particular dos galegos, e por outro, da protecci\u00f3n dos seu patrimonio e a garant\u00eda da s\u00faa continuidade.<\/p>\n<p>Por todo isto, o Grupo Parlamentario Popular presenta a seguinte proposici\u00f3n non de lei en Comisi\u00f3n:<\/p>\n<p><strong>\u201cO Parlamento de Galicia, insta \u00e1 Xunta de Galicia, que tam\u00e9n se dirixa ao Goberno de<\/strong><br \/><strong>Espa\u00f1a para:<\/strong><\/p>\n<p><strong>1.- Reiterar a solicitude \u00e1s Autoridades competentes de Uruguai para que se tomen todas as medidas necesarias para garantir a protecci\u00f3n sanitaria dos socios de Casa de Galicia, as\u00ed como todas aquelas que, axustadas a dereito, garantan a protecci\u00f3n e a integridade do patrimonio cultural, art\u00edstico e hist\u00f3rico de Casa de Galicia.<\/strong><\/p>\n<p><strong>2.- Continuar coas medidas que correspondan dentro das s\u00faas competencias, Estado e Xunta de Galicia, para asegurar a protecci\u00f3n socio-sanitaria dos emigrantes galegos\u201d.<\/strong><\/p>\n<p>\u00a0<\/p>\n<p><strong>Rexistro:\u00a0<a href=\"https:\/\/www.parlamentodegalicia.es\/Rexistros\/qXgdtH_u9ivOnP4DKda6ETNPzbpi6sPUZrbp_ePsLZQ=\">https:\/\/www.parlamentodegalicia.es\/Rexistros\/qXgdtH_u9ivOnP4DKda6ETNPzbpi6sPUZrbp_ePsLZQ=<\/a><\/strong><\/p>\n<p>\u00a0<\/p>\n<p><strong>Nota de prensa:\u00a0<a href=\"http:\/\/www.ppdegalicia.com\/index.php\/gl\/novas\/item\/5905-o-parlamento-demanda-as-autoridades-de-uruguai-que-garantan-a-atencion-sanitaria-aos-socios-da-casa-de-galicia-e-a-integridade-do-patrimonio-cultural-e-artistico-desta-entidade\">http:\/\/www.ppdegalicia.com\/index.php\/gl\/novas\/item\/5905-o-parlamento-demanda-as-autoridades-de-uruguai-que-garantan-a-atencion-sanitaria-aos-socios-da-casa-de-galicia-e-a-integridade-do-patrimonio-cultural-e-artistico-desta-entidade<\/a><\/strong><\/p>\n<p>\u00a0<\/p>\n","protected":false},"excerpt":{"rendered":"<p>\u00a0 Iniciativa sobre\u00a0as actuaci\u00f3ns que debe levar a cabo a Xunta de Galicia e as que debe demandar do Goberno de Espa\u00f1a respecto da garant\u00eda da protecci\u00f3n sanitaria dos socios e do patrimonio da Casa de Galicia de Montevideo<\/p>\n","protected":false},"author":38,"featured_media":56950,"comment_status":"open","ping_status":"open","sticky":false,"template":"","format":"standard","meta":{"_acf_changed":false,"footnotes":""},"categories":[1128,1],"tags":[],"class_list":["post-56951","post","type-post","status-publish","format-standard","has-post-thumbnail","hentry","category-actualidad-parlamento-de-galicia","category-pp-de-galicia"],"acf":[],"yoast_head":"<!-- This site is optimized with the Yoast SEO plugin v27.3 - https:\/\/yoast.com\/product\/yoast-seo-wordpress\/ -->\n<title>Garant\u00eda da protecci\u00f3n sanitaria dos socios e do patrimonio da Casa de Galicia de Montevideo - PP de Galicia<\/title>\n<meta name=\"robots\" content=\"index, follow, max-snippet:-1, max-image-preview:large, max-video-preview:-1\" \/>\n<link rel=\"canonical\" href=\"https:\/\/ppdegalicia.com\/es\/garantia-da-proteccion-sanitaria-dos-socios-e-do-patrimonio-da-casa-de-galicia-de-montevideo\/\" \/>\n<meta property=\"og:locale\" content=\"es_ES\" \/>\n<meta property=\"og:type\" content=\"article\" \/>\n<meta property=\"og:title\" content=\"Garant\u00eda da protecci\u00f3n sanitaria dos socios e do patrimonio da Casa de Galicia de Montevideo - PP de Galicia\" \/>\n<meta property=\"og:description\" content=\"\u00a0 Iniciativa sobre\u00a0as actuaci\u00f3ns que debe levar a cabo a Xunta de Galicia e as que debe demandar do Goberno de Espa\u00f1a respecto da garant\u00eda da protecci\u00f3n sanitaria dos socios e do patrimonio da Casa de Galicia de Montevideo\" \/>\n<meta property=\"og:url\" content=\"https:\/\/ppdegalicia.com\/es\/garantia-da-proteccion-sanitaria-dos-socios-e-do-patrimonio-da-casa-de-galicia-de-montevideo\/\" \/>\n<meta property=\"og:site_name\" content=\"PP de Galicia\" \/>\n<meta property=\"article:publisher\" content=\"https:\/\/www.instagram.com\/ppdegalicia\/\" \/>\n<meta property=\"article:published_time\" content=\"2022-04-21T08:15:25+00:00\" \/>\n<meta property=\"og:image\" content=\"https:\/\/ppdegalicia.com\/wp-content\/uploads\/2022\/04\/662c7f372db51f3297825546ab53cf42-1024x761.jpg\" \/>\n\t<meta property=\"og:image:width\" content=\"1024\" \/>\n\t<meta property=\"og:image:height\" content=\"761\" \/>\n\t<meta property=\"og:image:type\" content=\"image\/jpeg\" \/>\n<meta name=\"author\" content=\"ppdegaliciaredes\" \/>\n<meta name=\"twitter:card\" content=\"summary_large_image\" \/>\n<meta name=\"twitter:creator\" content=\"@ppdegalicia\" \/>\n<meta name=\"twitter:site\" content=\"@ppdegalicia\" \/>\n<meta name=\"twitter:label1\" content=\"Escrito por\" \/>\n\t<meta name=\"twitter:data1\" content=\"ppdegaliciaredes\" \/>\n\t<meta name=\"twitter:label2\" content=\"Tiempo de lectura\" \/>\n\t<meta name=\"twitter:data2\" content=\"2 minutos\" \/>\n<script type=\"application\/ld+json\" class=\"yoast-schema-graph\">{\"@context\":\"https:\\\/\\\/schema.org\",\"@graph\":[{\"@type\":\"Article\",\"@id\":\"https:\\\/\\\/ppdegalicia.com\\\/es\\\/garantia-da-proteccion-sanitaria-dos-socios-e-do-patrimonio-da-casa-de-galicia-de-montevideo\\\/#article\",\"isPartOf\":{\"@id\":\"https:\\\/\\\/ppdegalicia.com\\\/es\\\/garantia-da-proteccion-sanitaria-dos-socios-e-do-patrimonio-da-casa-de-galicia-de-montevideo\\\/\"},\"author\":{\"name\":\"ppdegaliciaredes\",\"@id\":\"https:\\\/\\\/ppdegalicia.com\\\/es\\\/#\\\/schema\\\/person\\\/5b822c6f59e872ebdd1142f307dbcb59\"},\"headline\":\"Garant\u00eda da protecci\u00f3n sanitaria dos socios e do patrimonio da Casa de Galicia de Montevideo\",\"datePublished\":\"2022-04-21T08:15:25+00:00\",\"mainEntityOfPage\":{\"@id\":\"https:\\\/\\\/ppdegalicia.com\\\/es\\\/garantia-da-proteccion-sanitaria-dos-socios-e-do-patrimonio-da-casa-de-galicia-de-montevideo\\\/\"},\"wordCount\":470,\"commentCount\":0,\"publisher\":{\"@id\":\"https:\\\/\\\/ppdegalicia.com\\\/es\\\/#organization\"},\"image\":{\"@id\":\"https:\\\/\\\/ppdegalicia.com\\\/es\\\/garantia-da-proteccion-sanitaria-dos-socios-e-do-patrimonio-da-casa-de-galicia-de-montevideo\\\/#primaryimage\"},\"thumbnailUrl\":\"https:\\\/\\\/ppdegalicia.com\\\/wp-content\\\/uploads\\\/2022\\\/04\\\/662c7f372db51f3297825546ab53cf42.jpg\",\"articleSection\":[\"Parlamento de Galicia\",\"PP de Galicia\"],\"inLanguage\":\"es\",\"potentialAction\":[{\"@type\":\"CommentAction\",\"name\":\"Comment\",\"target\":[\"https:\\\/\\\/ppdegalicia.com\\\/es\\\/garantia-da-proteccion-sanitaria-dos-socios-e-do-patrimonio-da-casa-de-galicia-de-montevideo\\\/#respond\"]}]},{\"@type\":\"WebPage\",\"@id\":\"https:\\\/\\\/ppdegalicia.com\\\/es\\\/garantia-da-proteccion-sanitaria-dos-socios-e-do-patrimonio-da-casa-de-galicia-de-montevideo\\\/\",\"url\":\"https:\\\/\\\/ppdegalicia.com\\\/es\\\/garantia-da-proteccion-sanitaria-dos-socios-e-do-patrimonio-da-casa-de-galicia-de-montevideo\\\/\",\"name\":\"Garant\u00eda da protecci\u00f3n sanitaria dos socios e do patrimonio da Casa de Galicia de Montevideo - PP de Galicia\",\"isPartOf\":{\"@id\":\"https:\\\/\\\/ppdegalicia.com\\\/es\\\/#website\"},\"primaryImageOfPage\":{\"@id\":\"https:\\\/\\\/ppdegalicia.com\\\/es\\\/garantia-da-proteccion-sanitaria-dos-socios-e-do-patrimonio-da-casa-de-galicia-de-montevideo\\\/#primaryimage\"},\"image\":{\"@id\":\"https:\\\/\\\/ppdegalicia.com\\\/es\\\/garantia-da-proteccion-sanitaria-dos-socios-e-do-patrimonio-da-casa-de-galicia-de-montevideo\\\/#primaryimage\"},\"thumbnailUrl\":\"https:\\\/\\\/ppdegalicia.com\\\/wp-content\\\/uploads\\\/2022\\\/04\\\/662c7f372db51f3297825546ab53cf42.jpg\",\"datePublished\":\"2022-04-21T08:15:25+00:00\",\"breadcrumb\":{\"@id\":\"https:\\\/\\\/ppdegalicia.com\\\/es\\\/garantia-da-proteccion-sanitaria-dos-socios-e-do-patrimonio-da-casa-de-galicia-de-montevideo\\\/#breadcrumb\"},\"inLanguage\":\"es\",\"potentialAction\":[{\"@type\":\"ReadAction\",\"target\":[\"https:\\\/\\\/ppdegalicia.com\\\/es\\\/garantia-da-proteccion-sanitaria-dos-socios-e-do-patrimonio-da-casa-de-galicia-de-montevideo\\\/\"]}]},{\"@type\":\"ImageObject\",\"inLanguage\":\"es\",\"@id\":\"https:\\\/\\\/ppdegalicia.com\\\/es\\\/garantia-da-proteccion-sanitaria-dos-socios-e-do-patrimonio-da-casa-de-galicia-de-montevideo\\\/#primaryimage\",\"url\":\"https:\\\/\\\/ppdegalicia.com\\\/wp-content\\\/uploads\\\/2022\\\/04\\\/662c7f372db51f3297825546ab53cf42.jpg\",\"contentUrl\":\"https:\\\/\\\/ppdegalicia.com\\\/wp-content\\\/uploads\\\/2022\\\/04\\\/662c7f372db51f3297825546ab53cf42.jpg\",\"width\":2222,\"height\":1652},{\"@type\":\"BreadcrumbList\",\"@id\":\"https:\\\/\\\/ppdegalicia.com\\\/es\\\/garantia-da-proteccion-sanitaria-dos-socios-e-do-patrimonio-da-casa-de-galicia-de-montevideo\\\/#breadcrumb\",\"itemListElement\":[{\"@type\":\"ListItem\",\"position\":1,\"name\":\"Portada\",\"item\":\"https:\\\/\\\/ppdegalicia.com\\\/es\\\/\"},{\"@type\":\"ListItem\",\"position\":2,\"name\":\"Garant\u00eda da protecci\u00f3n sanitaria dos socios e do patrimonio da Casa de Galicia de Montevideo\"}]},{\"@type\":\"WebSite\",\"@id\":\"https:\\\/\\\/ppdegalicia.com\\\/es\\\/#website\",\"url\":\"https:\\\/\\\/ppdegalicia.com\\\/es\\\/\",\"name\":\"Partido Popular de Galicia\",\"description\":\"Partido Popular de Galicia\",\"publisher\":{\"@id\":\"https:\\\/\\\/ppdegalicia.com\\\/es\\\/#organization\"},\"alternateName\":\"PP de Galicia\",\"potentialAction\":[{\"@type\":\"SearchAction\",\"target\":{\"@type\":\"EntryPoint\",\"urlTemplate\":\"https:\\\/\\\/ppdegalicia.com\\\/es\\\/?s={search_term_string}\"},\"query-input\":{\"@type\":\"PropertyValueSpecification\",\"valueRequired\":true,\"valueName\":\"search_term_string\"}}],\"inLanguage\":\"es\"},{\"@type\":\"Organization\",\"@id\":\"https:\\\/\\\/ppdegalicia.com\\\/es\\\/#organization\",\"name\":\"Partido Popular de Galicia\",\"alternateName\":\"PP de Galicia\",\"url\":\"https:\\\/\\\/ppdegalicia.com\\\/es\\\/\",\"logo\":{\"@type\":\"ImageObject\",\"inLanguage\":\"es\",\"@id\":\"https:\\\/\\\/ppdegalicia.com\\\/es\\\/#\\\/schema\\\/logo\\\/image\\\/\",\"url\":\"https:\\\/\\\/ppdegalicia.com\\\/wp-content\\\/uploads\\\/2023\\\/04\\\/logoPP512.png\",\"contentUrl\":\"https:\\\/\\\/ppdegalicia.com\\\/wp-content\\\/uploads\\\/2023\\\/04\\\/logoPP512.png\",\"width\":512,\"height\":512,\"caption\":\"Partido Popular de Galicia\"},\"image\":{\"@id\":\"https:\\\/\\\/ppdegalicia.com\\\/es\\\/#\\\/schema\\\/logo\\\/image\\\/\"},\"sameAs\":[\"https:\\\/\\\/www.instagram.com\\\/ppdegalicia\\\/\",\"https:\\\/\\\/x.com\\\/ppdegalicia\",\"https:\\\/\\\/www.tiktok.com\\\/@ppdegalicia\",\"https:\\\/\\\/www.youtube.com\\\/user\\\/ppdegalicia\"]},{\"@type\":\"Person\",\"@id\":\"https:\\\/\\\/ppdegalicia.com\\\/es\\\/#\\\/schema\\\/person\\\/5b822c6f59e872ebdd1142f307dbcb59\",\"name\":\"ppdegaliciaredes\",\"image\":{\"@type\":\"ImageObject\",\"inLanguage\":\"es\",\"@id\":\"https:\\\/\\\/secure.gravatar.com\\\/avatar\\\/3c9179cf0256d00c72a48d1f25783c58b6842cd56e85ef3a572881c8e28ccd59?s=96&d=mm&r=g\",\"url\":\"https:\\\/\\\/secure.gravatar.com\\\/avatar\\\/3c9179cf0256d00c72a48d1f25783c58b6842cd56e85ef3a572881c8e28ccd59?s=96&d=mm&r=g\",\"contentUrl\":\"https:\\\/\\\/secure.gravatar.com\\\/avatar\\\/3c9179cf0256d00c72a48d1f25783c58b6842cd56e85ef3a572881c8e28ccd59?s=96&d=mm&r=g\",\"caption\":\"ppdegaliciaredes\"},\"url\":\"https:\\\/\\\/ppdegalicia.com\\\/es\\\/author\\\/ppdegaliciaredes\\\/\"}]}<\/script>\n<!-- \/ Yoast SEO plugin. -->","yoast_head_json":{"title":"Garant\u00eda da protecci\u00f3n sanitaria dos socios e do patrimonio da Casa de Galicia de Montevideo - PP de Galicia","robots":{"index":"index","follow":"follow","max-snippet":"max-snippet:-1","max-image-preview":"max-image-preview:large","max-video-preview":"max-video-preview:-1"},"canonical":"https:\/\/ppdegalicia.com\/es\/garantia-da-proteccion-sanitaria-dos-socios-e-do-patrimonio-da-casa-de-galicia-de-montevideo\/","og_locale":"es_ES","og_type":"article","og_title":"Garant\u00eda da protecci\u00f3n sanitaria dos socios e do patrimonio da Casa de Galicia de Montevideo - PP de Galicia","og_description":"\u00a0 Iniciativa sobre\u00a0as actuaci\u00f3ns que debe levar a cabo a Xunta de Galicia e as que debe demandar do Goberno de Espa\u00f1a respecto da garant\u00eda da protecci\u00f3n sanitaria dos socios e do patrimonio da Casa de Galicia de Montevideo","og_url":"https:\/\/ppdegalicia.com\/es\/garantia-da-proteccion-sanitaria-dos-socios-e-do-patrimonio-da-casa-de-galicia-de-montevideo\/","og_site_name":"PP de Galicia","article_publisher":"https:\/\/www.instagram.com\/ppdegalicia\/","article_published_time":"2022-04-21T08:15:25+00:00","og_image":[{"width":1024,"height":761,"url":"https:\/\/ppdegalicia.com\/wp-content\/uploads\/2022\/04\/662c7f372db51f3297825546ab53cf42-1024x761.jpg","type":"image\/jpeg"}],"author":"ppdegaliciaredes","twitter_card":"summary_large_image","twitter_creator":"@ppdegalicia","twitter_site":"@ppdegalicia","twitter_misc":{"Escrito por":"ppdegaliciaredes","Tiempo de lectura":"2 minutos"},"schema":{"@context":"https:\/\/schema.org","@graph":[{"@type":"Article","@id":"https:\/\/ppdegalicia.com\/es\/garantia-da-proteccion-sanitaria-dos-socios-e-do-patrimonio-da-casa-de-galicia-de-montevideo\/#article","isPartOf":{"@id":"https:\/\/ppdegalicia.com\/es\/garantia-da-proteccion-sanitaria-dos-socios-e-do-patrimonio-da-casa-de-galicia-de-montevideo\/"},"author":{"name":"ppdegaliciaredes","@id":"https:\/\/ppdegalicia.com\/es\/#\/schema\/person\/5b822c6f59e872ebdd1142f307dbcb59"},"headline":"Garant\u00eda da protecci\u00f3n sanitaria dos socios e do patrimonio da Casa de Galicia de Montevideo","datePublished":"2022-04-21T08:15:25+00:00","mainEntityOfPage":{"@id":"https:\/\/ppdegalicia.com\/es\/garantia-da-proteccion-sanitaria-dos-socios-e-do-patrimonio-da-casa-de-galicia-de-montevideo\/"},"wordCount":470,"commentCount":0,"publisher":{"@id":"https:\/\/ppdegalicia.com\/es\/#organization"},"image":{"@id":"https:\/\/ppdegalicia.com\/es\/garantia-da-proteccion-sanitaria-dos-socios-e-do-patrimonio-da-casa-de-galicia-de-montevideo\/#primaryimage"},"thumbnailUrl":"https:\/\/ppdegalicia.com\/wp-content\/uploads\/2022\/04\/662c7f372db51f3297825546ab53cf42.jpg","articleSection":["Parlamento de Galicia","PP de Galicia"],"inLanguage":"es","potentialAction":[{"@type":"CommentAction","name":"Comment","target":["https:\/\/ppdegalicia.com\/es\/garantia-da-proteccion-sanitaria-dos-socios-e-do-patrimonio-da-casa-de-galicia-de-montevideo\/#respond"]}]},{"@type":"WebPage","@id":"https:\/\/ppdegalicia.com\/es\/garantia-da-proteccion-sanitaria-dos-socios-e-do-patrimonio-da-casa-de-galicia-de-montevideo\/","url":"https:\/\/ppdegalicia.com\/es\/garantia-da-proteccion-sanitaria-dos-socios-e-do-patrimonio-da-casa-de-galicia-de-montevideo\/","name":"Garant\u00eda da protecci\u00f3n sanitaria dos socios e do patrimonio da Casa de Galicia de Montevideo - PP de Galicia","isPartOf":{"@id":"https:\/\/ppdegalicia.com\/es\/#website"},"primaryImageOfPage":{"@id":"https:\/\/ppdegalicia.com\/es\/garantia-da-proteccion-sanitaria-dos-socios-e-do-patrimonio-da-casa-de-galicia-de-montevideo\/#primaryimage"},"image":{"@id":"https:\/\/ppdegalicia.com\/es\/garantia-da-proteccion-sanitaria-dos-socios-e-do-patrimonio-da-casa-de-galicia-de-montevideo\/#primaryimage"},"thumbnailUrl":"https:\/\/ppdegalicia.com\/wp-content\/uploads\/2022\/04\/662c7f372db51f3297825546ab53cf42.jpg","datePublished":"2022-04-21T08:15:25+00:00","breadcrumb":{"@id":"https:\/\/ppdegalicia.com\/es\/garantia-da-proteccion-sanitaria-dos-socios-e-do-patrimonio-da-casa-de-galicia-de-montevideo\/#breadcrumb"},"inLanguage":"es","potentialAction":[{"@type":"ReadAction","target":["https:\/\/ppdegalicia.com\/es\/garantia-da-proteccion-sanitaria-dos-socios-e-do-patrimonio-da-casa-de-galicia-de-montevideo\/"]}]},{"@type":"ImageObject","inLanguage":"es","@id":"https:\/\/ppdegalicia.com\/es\/garantia-da-proteccion-sanitaria-dos-socios-e-do-patrimonio-da-casa-de-galicia-de-montevideo\/#primaryimage","url":"https:\/\/ppdegalicia.com\/wp-content\/uploads\/2022\/04\/662c7f372db51f3297825546ab53cf42.jpg","contentUrl":"https:\/\/ppdegalicia.com\/wp-content\/uploads\/2022\/04\/662c7f372db51f3297825546ab53cf42.jpg","width":2222,"height":1652},{"@type":"BreadcrumbList","@id":"https:\/\/ppdegalicia.com\/es\/garantia-da-proteccion-sanitaria-dos-socios-e-do-patrimonio-da-casa-de-galicia-de-montevideo\/#breadcrumb","itemListElement":[{"@type":"ListItem","position":1,"name":"Portada","item":"https:\/\/ppdegalicia.com\/es\/"},{"@type":"ListItem","position":2,"name":"Garant\u00eda da protecci\u00f3n sanitaria dos socios e do patrimonio da Casa de Galicia de Montevideo"}]},{"@type":"WebSite","@id":"https:\/\/ppdegalicia.com\/es\/#website","url":"https:\/\/ppdegalicia.com\/es\/","name":"Partido Popular de Galicia","description":"Partido Popular de Galicia","publisher":{"@id":"https:\/\/ppdegalicia.com\/es\/#organization"},"alternateName":"PP de Galicia","potentialAction":[{"@type":"SearchAction","target":{"@type":"EntryPoint","urlTemplate":"https:\/\/ppdegalicia.com\/es\/?s={search_term_string}"},"query-input":{"@type":"PropertyValueSpecification","valueRequired":true,"valueName":"search_term_string"}}],"inLanguage":"es"},{"@type":"Organization","@id":"https:\/\/ppdegalicia.com\/es\/#organization","name":"Partido Popular de Galicia","alternateName":"PP de Galicia","url":"https:\/\/ppdegalicia.com\/es\/","logo":{"@type":"ImageObject","inLanguage":"es","@id":"https:\/\/ppdegalicia.com\/es\/#\/schema\/logo\/image\/","url":"https:\/\/ppdegalicia.com\/wp-content\/uploads\/2023\/04\/logoPP512.png","contentUrl":"https:\/\/ppdegalicia.com\/wp-content\/uploads\/2023\/04\/logoPP512.png","width":512,"height":512,"caption":"Partido Popular de Galicia"},"image":{"@id":"https:\/\/ppdegalicia.com\/es\/#\/schema\/logo\/image\/"},"sameAs":["https:\/\/www.instagram.com\/ppdegalicia\/","https:\/\/x.com\/ppdegalicia","https:\/\/www.tiktok.com\/@ppdegalicia","https:\/\/www.youtube.com\/user\/ppdegalicia"]},{"@type":"Person","@id":"https:\/\/ppdegalicia.com\/es\/#\/schema\/person\/5b822c6f59e872ebdd1142f307dbcb59","name":"ppdegaliciaredes","image":{"@type":"ImageObject","inLanguage":"es","@id":"https:\/\/secure.gravatar.com\/avatar\/3c9179cf0256d00c72a48d1f25783c58b6842cd56e85ef3a572881c8e28ccd59?s=96&d=mm&r=g","url":"https:\/\/secure.gravatar.com\/avatar\/3c9179cf0256d00c72a48d1f25783c58b6842cd56e85ef3a572881c8e28ccd59?s=96&d=mm&r=g","contentUrl":"https:\/\/secure.gravatar.com\/avatar\/3c9179cf0256d00c72a48d1f25783c58b6842cd56e85ef3a572881c8e28ccd59?s=96&d=mm&r=g","caption":"ppdegaliciaredes"},"url":"https:\/\/ppdegalicia.com\/es\/author\/ppdegaliciaredes\/"}]}},"_links":{"self":[{"href":"https:\/\/ppdegalicia.com\/es\/wp-json\/wp\/v2\/posts\/56951","targetHints":{"allow":["GET"]}}],"collection":[{"href":"https:\/\/ppdegalicia.com\/es\/wp-json\/wp\/v2\/posts"}],"about":[{"href":"https:\/\/ppdegalicia.com\/es\/wp-json\/wp\/v2\/types\/post"}],"author":[{"embeddable":true,"href":"https:\/\/ppdegalicia.com\/es\/wp-json\/wp\/v2\/users\/38"}],"replies":[{"embeddable":true,"href":"https:\/\/ppdegalicia.com\/es\/wp-json\/wp\/v2\/comments?post=56951"}],"version-history":[{"count":0,"href":"https:\/\/ppdegalicia.com\/es\/wp-json\/wp\/v2\/posts\/56951\/revisions"}],"wp:featuredmedia":[{"embeddable":true,"href":"https:\/\/ppdegalicia.com\/es\/wp-json\/wp\/v2\/media\/56950"}],"wp:attachment":[{"href":"https:\/\/ppdegalicia.com\/es\/wp-json\/wp\/v2\/media?parent=56951"}],"wp:term":[{"taxonomy":"category","embeddable":true,"href":"https:\/\/ppdegalicia.com\/es\/wp-json\/wp\/v2\/categories?post=56951"},{"taxonomy":"post_tag","embeddable":true,"href":"https:\/\/ppdegalicia.com\/es\/wp-json\/wp\/v2\/tags?post=56951"}],"curies":[{"name":"wp","href":"https:\/\/api.w.org\/{rel}","templated":true}]}}