{"id":56969,"date":"2022-04-26T12:42:21","date_gmt":"2022-04-26T10:42:21","guid":{"rendered":"https:\/\/ppdegalicia.com\/diego-calvo-acusa-a-psoe-e-bng-de-rebentar-o-debate-sobre-a-lei-de-mellora-do-ciclo-da-auga-sen-tan-sequera-ter-lido-o-texto\/"},"modified":"2022-04-26T12:42:21","modified_gmt":"2022-04-26T10:42:21","slug":"diego-calvo-acusa-a-psoe-e-bng-de-rebentar-o-debate-sobre-a-lei-de-mellora-do-ciclo-da-auga-sen-tan-sequera-ter-lido-o-texto","status":"publish","type":"post","link":"https:\/\/ppdegalicia.com\/es\/diego-calvo-acusa-a-psoe-e-bng-de-rebentar-o-debate-sobre-a-lei-de-mellora-do-ciclo-da-auga-sen-tan-sequera-ter-lido-o-texto\/","title":{"rendered":"Diego Calvo acusa a PSOE e BNG de \u201crebentar\u201d o debate sobre a lei de mellora do ciclo da auga sen tan sequera ter lido o texto"},"content":{"rendered":"<p><img fetchpriority=\"high\" decoding=\"async\" class=\" size-full wp-image-56968\" src=\"https:\/\/ppdegalicia.com\/wp-content\/uploads\/2022\/04\/2e923bc0e4658ef1d532502a51b13896.jpg\" alt=\"\" width=\"1900\" height=\"1267\" srcset=\"https:\/\/ppdegalicia.com\/wp-content\/uploads\/2022\/04\/2e923bc0e4658ef1d532502a51b13896.jpg 1900w, https:\/\/ppdegalicia.com\/wp-content\/uploads\/2022\/04\/2e923bc0e4658ef1d532502a51b13896-300x200.jpg 300w, https:\/\/ppdegalicia.com\/wp-content\/uploads\/2022\/04\/2e923bc0e4658ef1d532502a51b13896-1024x683.jpg 1024w, https:\/\/ppdegalicia.com\/wp-content\/uploads\/2022\/04\/2e923bc0e4658ef1d532502a51b13896-768x512.jpg 768w, https:\/\/ppdegalicia.com\/wp-content\/uploads\/2022\/04\/2e923bc0e4658ef1d532502a51b13896-1536x1024.jpg 1536w\" sizes=\"(max-width: 1900px) 100vw, 1900px\" \/><\/p>\n<p>Santiago, 26 de abril de 2022.- O deputado popular Diego Calvo criticou duramente a actitude do BNG e o PSdeG en todo o relativo ao debate parlamentario da Lei de mellora do ciclo integral da auga. Asegurou que acudiron ao pleno \u201ca mentir\u201d e a \u201crebentar o debate\u201d sen ter lido este texto lexislativo. \u201cNon se pode vir aqu\u00ed a dicir non porque non, a contradicirse varias veces nunha mesma intervenci\u00f3n e a acusar \u00e1 Xunta de asumir competencias municipais e de non asumilas ao mesmo tempo\u201d, asegurou.<\/p>\n<p><!--more--><\/p>\n<p>Durante a s\u00faa intervenci\u00f3n, salientou que a lei nace co \u00fanico obxectivo de axudar aos concellos nas s\u00faas competencias en materia de abastecemento, saneamento e depuraci\u00f3n da auga, coa fin de dotar de marco legal e normativo a algo que xa est\u00e1 a facer a Xunta de Galicia coa meirande parte dos concellos de Galicia.<\/p>\n<p>\u00a0<\/p>\n<p>\u201cA\u00ednda que nacionalistas e socialistas menten e falan s\u00f3 de investimentos nalg\u00fans concellos, a verdade \u00e9 que a Xunta asume obras hidr\u00e1ulicas en toda a comunidade, empezando por Pontevedra, a \u00fanica cidade que non xestiona a s\u00faa propia depuradora; e seguindo por Vilagarc\u00eda, onde se invisten 22 mill\u00f3ns para reducir nun 97 por cento os vertidos \u00e1 r\u00eda; en Viveiro, con 8 mill\u00f3ns para ampliar un 50 por cento a capacidade da depuradora; en Cabanas e Pontedeume, con 9 mill\u00f3ns para mellorar o saneamento; ou en Rianxo, cun investimento de 14 mill\u00f3ns destinado a diversas actuaci\u00f3ns en depuraci\u00f3n e saneamento municipal\u201d, concretou.<\/p>\n<p>\u00a0<\/p>\n<p><strong>UNHA ADHESI\u00d3N VOLUNTARIA<\/strong><\/p>\n<p>\u00a0<\/p>\n<p>Diego Calvo lembrou tam\u00e9n que a adhesi\u00f3n \u00e1s cuesti\u00f3ns inclu\u00eddas no novo texto lexislativo \u00e9 totalmente voluntaria, e que ning\u00fan concello se ver\u00e1 na obriga de sumarse. \u201cVeremos cantos dos 28 municipios que ven como agora xestiona a Xunta a s\u00faa depuradora deciden asumir eles esa responsabilidade\u201d, ironizou o popular ante as cr\u00edticas do BNG de que a administraci\u00f3n auton\u00f3mica s\u00f3 busca incrementar os seus ingresos.<\/p>\n<p>\u00a0<\/p>\n<p>\u201cMenten cando din que a Xunta imp\u00f3n algo aos concellos, e menten tam\u00e9n cando din que imos subir taxas, porque saben perfectamente que os que cobran aos veci\u00f1os son os concellos\u201d, apuntou Calvo, e lembrou como subiron os importes en todo o relativo \u00e1 xesti\u00f3n da auga en puntos como Carballo ou Tomi\u00f1o, ambos gobernados polo BNG.<\/p>\n<p>\u00a0<\/p>\n<p>\u201cNon todo vale, e non poden vir aqu\u00ed a mentir sen ning\u00fan pudor. Sigan as\u00ed e seguir\u00e1n onde est\u00e1n, onde levan xa moitos anos: na oposici\u00f3n\u201d, espetoulles aos voceiros tanto do PSdeG como do BNG, aos que acusou de \u201csentirse a gusto s\u00f3 detr\u00e1s dunha pancarta e protestando sen argumentos\u201d.<\/p>\n<p>\u00a0<\/p>\n<p><strong>PLANIFICACI\u00d3N E TRANSPARENCIA<\/strong><\/p>\n<p>\u00a0<\/p>\n<p>Finalmente, Diego Calvo tam\u00e9n afeou aos grupos da oposici\u00f3n a s\u00faa falta de talante no debate, onde criticaron unha suposta falta de transparencia cando \u201cpoucos textos lexislativos foron tan explicados, tan debatidos e, ademais, obxecto de d\u00faas ampliaci\u00f3ns dos prazos para formular alegaci\u00f3ns e suxesti\u00f3ns\u201d. De feito, lembrou que foi precisamente unha alegaci\u00f3n impulsada pola Deputaci\u00f3n da Pontevedra a que deixa \u201cm\u00e1is desprotexidos aos concellos\u201d ao negarse a asumir unha parte econ\u00f3mica dos investimentos en infraestruturas que sexan necesarios acometer para a correcta xesti\u00f3n do ciclo da auga.<\/p>\n<p>\u00a0<\/p>\n<p>En canto \u00e1 suposta falta de planificaci\u00f3n, criticada tam\u00e9n pola oposici\u00f3n, Calvo lembrou que existen numerosas normativas en Galicia relacionadas co tratamento da auga, e que os t\u00e9cnicos de Augas de Galicia co\u00f1ecen perfectamente o territorio, te\u00f1en estudadas as necesidades dos municipios e as s\u00faas instalaci\u00f3ns e, por tanto, fixeron de xeito impecable o seu traballo para a redacci\u00f3n dun texto que, insistiu, \u201cs\u00f3 pretende facilitar aos municipios de Galicia algo tan importante e tan t\u00e9cnico e \u00e1s veces tan complicado como \u00e9 a xesti\u00f3n do ciclo integral da auga\u201d. <\/p>\n","protected":false},"excerpt":{"rendered":"<p>Santiago, 26 de abril de 2022.- O deputado popular Diego Calvo criticou duramente a actitude do BNG e o PSdeG en todo o relativo ao debate parlamentario da Lei de mellora do ciclo integral da auga. Asegurou que acudiron ao pleno \u201ca mentir\u201d e a \u201crebentar o debate\u201d sen ter lido este texto lexislativo. \u201cNon [&hellip;]<\/p>\n","protected":false},"author":38,"featured_media":56968,"comment_status":"open","ping_status":"open","sticky":false,"template":"","format":"standard","meta":{"_acf_changed":false,"footnotes":""},"categories":[1],"tags":[],"class_list":["post-56969","post","type-post","status-publish","format-standard","has-post-thumbnail","hentry","category-pp-de-galicia"],"acf":[],"yoast_head":"<!-- This site is optimized with the Yoast SEO plugin v27.3 - https:\/\/yoast.com\/product\/yoast-seo-wordpress\/ -->\n<title>Diego Calvo acusa a PSOE e BNG de \u201crebentar\u201d o debate sobre a lei de mellora do ciclo da auga sen tan sequera ter lido o texto - PP de Galicia<\/title>\n<meta name=\"robots\" content=\"index, follow, max-snippet:-1, max-image-preview:large, max-video-preview:-1\" \/>\n<link rel=\"canonical\" href=\"https:\/\/ppdegalicia.com\/es\/diego-calvo-acusa-a-psoe-e-bng-de-rebentar-o-debate-sobre-a-lei-de-mellora-do-ciclo-da-auga-sen-tan-sequera-ter-lido-o-texto\/\" \/>\n<meta property=\"og:locale\" content=\"es_ES\" \/>\n<meta property=\"og:type\" content=\"article\" \/>\n<meta property=\"og:title\" content=\"Diego Calvo acusa a PSOE e BNG de \u201crebentar\u201d o debate sobre a lei de mellora do ciclo da auga sen tan sequera ter lido o texto - PP de Galicia\" \/>\n<meta property=\"og:description\" content=\"Santiago, 26 de abril de 2022.- O deputado popular Diego Calvo criticou duramente a actitude do BNG e o PSdeG en todo o relativo ao debate parlamentario da Lei de mellora do ciclo integral da auga. Asegurou que acudiron ao pleno \u201ca mentir\u201d e a \u201crebentar o debate\u201d sen ter lido este texto lexislativo. \u201cNon [&hellip;]\" \/>\n<meta property=\"og:url\" content=\"https:\/\/ppdegalicia.com\/es\/diego-calvo-acusa-a-psoe-e-bng-de-rebentar-o-debate-sobre-a-lei-de-mellora-do-ciclo-da-auga-sen-tan-sequera-ter-lido-o-texto\/\" \/>\n<meta property=\"og:site_name\" content=\"PP de Galicia\" \/>\n<meta property=\"article:publisher\" content=\"https:\/\/www.instagram.com\/ppdegalicia\/\" \/>\n<meta property=\"article:published_time\" content=\"2022-04-26T10:42:21+00:00\" \/>\n<meta property=\"og:image\" content=\"https:\/\/ppdegalicia.com\/wp-content\/uploads\/2022\/04\/2e923bc0e4658ef1d532502a51b13896.jpg\" \/>\n\t<meta property=\"og:image:width\" content=\"1900\" \/>\n\t<meta property=\"og:image:height\" content=\"1267\" \/>\n\t<meta property=\"og:image:type\" content=\"image\/jpeg\" \/>\n<meta name=\"author\" content=\"ppdegaliciaredes\" \/>\n<meta name=\"twitter:card\" content=\"summary_large_image\" \/>\n<meta name=\"twitter:creator\" content=\"@ppdegalicia\" \/>\n<meta name=\"twitter:site\" content=\"@ppdegalicia\" \/>\n<meta name=\"twitter:label1\" content=\"Escrito por\" \/>\n\t<meta name=\"twitter:data1\" content=\"ppdegaliciaredes\" \/>\n\t<meta name=\"twitter:label2\" content=\"Tiempo de lectura\" \/>\n\t<meta name=\"twitter:data2\" content=\"3 minutos\" \/>\n<script type=\"application\/ld+json\" class=\"yoast-schema-graph\">{\"@context\":\"https:\\\/\\\/schema.org\",\"@graph\":[{\"@type\":\"Article\",\"@id\":\"https:\\\/\\\/ppdegalicia.com\\\/es\\\/diego-calvo-acusa-a-psoe-e-bng-de-rebentar-o-debate-sobre-a-lei-de-mellora-do-ciclo-da-auga-sen-tan-sequera-ter-lido-o-texto\\\/#article\",\"isPartOf\":{\"@id\":\"https:\\\/\\\/ppdegalicia.com\\\/es\\\/diego-calvo-acusa-a-psoe-e-bng-de-rebentar-o-debate-sobre-a-lei-de-mellora-do-ciclo-da-auga-sen-tan-sequera-ter-lido-o-texto\\\/\"},\"author\":{\"name\":\"ppdegaliciaredes\",\"@id\":\"https:\\\/\\\/ppdegalicia.com\\\/es\\\/#\\\/schema\\\/person\\\/5b822c6f59e872ebdd1142f307dbcb59\"},\"headline\":\"Diego Calvo acusa a PSOE e BNG de \u201crebentar\u201d o debate sobre a lei de mellora do ciclo da auga sen tan sequera ter lido o texto\",\"datePublished\":\"2022-04-26T10:42:21+00:00\",\"mainEntityOfPage\":{\"@id\":\"https:\\\/\\\/ppdegalicia.com\\\/es\\\/diego-calvo-acusa-a-psoe-e-bng-de-rebentar-o-debate-sobre-a-lei-de-mellora-do-ciclo-da-auga-sen-tan-sequera-ter-lido-o-texto\\\/\"},\"wordCount\":675,\"commentCount\":0,\"publisher\":{\"@id\":\"https:\\\/\\\/ppdegalicia.com\\\/es\\\/#organization\"},\"image\":{\"@id\":\"https:\\\/\\\/ppdegalicia.com\\\/es\\\/diego-calvo-acusa-a-psoe-e-bng-de-rebentar-o-debate-sobre-a-lei-de-mellora-do-ciclo-da-auga-sen-tan-sequera-ter-lido-o-texto\\\/#primaryimage\"},\"thumbnailUrl\":\"https:\\\/\\\/ppdegalicia.com\\\/wp-content\\\/uploads\\\/2022\\\/04\\\/2e923bc0e4658ef1d532502a51b13896.jpg\",\"articleSection\":[\"PP de Galicia\"],\"inLanguage\":\"es\",\"potentialAction\":[{\"@type\":\"CommentAction\",\"name\":\"Comment\",\"target\":[\"https:\\\/\\\/ppdegalicia.com\\\/es\\\/diego-calvo-acusa-a-psoe-e-bng-de-rebentar-o-debate-sobre-a-lei-de-mellora-do-ciclo-da-auga-sen-tan-sequera-ter-lido-o-texto\\\/#respond\"]}]},{\"@type\":\"WebPage\",\"@id\":\"https:\\\/\\\/ppdegalicia.com\\\/es\\\/diego-calvo-acusa-a-psoe-e-bng-de-rebentar-o-debate-sobre-a-lei-de-mellora-do-ciclo-da-auga-sen-tan-sequera-ter-lido-o-texto\\\/\",\"url\":\"https:\\\/\\\/ppdegalicia.com\\\/es\\\/diego-calvo-acusa-a-psoe-e-bng-de-rebentar-o-debate-sobre-a-lei-de-mellora-do-ciclo-da-auga-sen-tan-sequera-ter-lido-o-texto\\\/\",\"name\":\"Diego Calvo acusa a PSOE e BNG de \u201crebentar\u201d o debate sobre a lei de mellora do ciclo da auga sen tan sequera ter lido o texto - PP de Galicia\",\"isPartOf\":{\"@id\":\"https:\\\/\\\/ppdegalicia.com\\\/es\\\/#website\"},\"primaryImageOfPage\":{\"@id\":\"https:\\\/\\\/ppdegalicia.com\\\/es\\\/diego-calvo-acusa-a-psoe-e-bng-de-rebentar-o-debate-sobre-a-lei-de-mellora-do-ciclo-da-auga-sen-tan-sequera-ter-lido-o-texto\\\/#primaryimage\"},\"image\":{\"@id\":\"https:\\\/\\\/ppdegalicia.com\\\/es\\\/diego-calvo-acusa-a-psoe-e-bng-de-rebentar-o-debate-sobre-a-lei-de-mellora-do-ciclo-da-auga-sen-tan-sequera-ter-lido-o-texto\\\/#primaryimage\"},\"thumbnailUrl\":\"https:\\\/\\\/ppdegalicia.com\\\/wp-content\\\/uploads\\\/2022\\\/04\\\/2e923bc0e4658ef1d532502a51b13896.jpg\",\"datePublished\":\"2022-04-26T10:42:21+00:00\",\"breadcrumb\":{\"@id\":\"https:\\\/\\\/ppdegalicia.com\\\/es\\\/diego-calvo-acusa-a-psoe-e-bng-de-rebentar-o-debate-sobre-a-lei-de-mellora-do-ciclo-da-auga-sen-tan-sequera-ter-lido-o-texto\\\/#breadcrumb\"},\"inLanguage\":\"es\",\"potentialAction\":[{\"@type\":\"ReadAction\",\"target\":[\"https:\\\/\\\/ppdegalicia.com\\\/es\\\/diego-calvo-acusa-a-psoe-e-bng-de-rebentar-o-debate-sobre-a-lei-de-mellora-do-ciclo-da-auga-sen-tan-sequera-ter-lido-o-texto\\\/\"]}]},{\"@type\":\"ImageObject\",\"inLanguage\":\"es\",\"@id\":\"https:\\\/\\\/ppdegalicia.com\\\/es\\\/diego-calvo-acusa-a-psoe-e-bng-de-rebentar-o-debate-sobre-a-lei-de-mellora-do-ciclo-da-auga-sen-tan-sequera-ter-lido-o-texto\\\/#primaryimage\",\"url\":\"https:\\\/\\\/ppdegalicia.com\\\/wp-content\\\/uploads\\\/2022\\\/04\\\/2e923bc0e4658ef1d532502a51b13896.jpg\",\"contentUrl\":\"https:\\\/\\\/ppdegalicia.com\\\/wp-content\\\/uploads\\\/2022\\\/04\\\/2e923bc0e4658ef1d532502a51b13896.jpg\",\"width\":1900,\"height\":1267},{\"@type\":\"BreadcrumbList\",\"@id\":\"https:\\\/\\\/ppdegalicia.com\\\/es\\\/diego-calvo-acusa-a-psoe-e-bng-de-rebentar-o-debate-sobre-a-lei-de-mellora-do-ciclo-da-auga-sen-tan-sequera-ter-lido-o-texto\\\/#breadcrumb\",\"itemListElement\":[{\"@type\":\"ListItem\",\"position\":1,\"name\":\"Portada\",\"item\":\"https:\\\/\\\/ppdegalicia.com\\\/es\\\/\"},{\"@type\":\"ListItem\",\"position\":2,\"name\":\"Diego Calvo acusa a PSOE e BNG de \u201crebentar\u201d o debate sobre a lei de mellora do ciclo da auga sen tan sequera ter lido o texto\"}]},{\"@type\":\"WebSite\",\"@id\":\"https:\\\/\\\/ppdegalicia.com\\\/es\\\/#website\",\"url\":\"https:\\\/\\\/ppdegalicia.com\\\/es\\\/\",\"name\":\"Partido Popular de Galicia\",\"description\":\"Partido Popular de Galicia\",\"publisher\":{\"@id\":\"https:\\\/\\\/ppdegalicia.com\\\/es\\\/#organization\"},\"alternateName\":\"PP de Galicia\",\"potentialAction\":[{\"@type\":\"SearchAction\",\"target\":{\"@type\":\"EntryPoint\",\"urlTemplate\":\"https:\\\/\\\/ppdegalicia.com\\\/es\\\/?s={search_term_string}\"},\"query-input\":{\"@type\":\"PropertyValueSpecification\",\"valueRequired\":true,\"valueName\":\"search_term_string\"}}],\"inLanguage\":\"es\"},{\"@type\":\"Organization\",\"@id\":\"https:\\\/\\\/ppdegalicia.com\\\/es\\\/#organization\",\"name\":\"Partido Popular de Galicia\",\"alternateName\":\"PP de Galicia\",\"url\":\"https:\\\/\\\/ppdegalicia.com\\\/es\\\/\",\"logo\":{\"@type\":\"ImageObject\",\"inLanguage\":\"es\",\"@id\":\"https:\\\/\\\/ppdegalicia.com\\\/es\\\/#\\\/schema\\\/logo\\\/image\\\/\",\"url\":\"https:\\\/\\\/ppdegalicia.com\\\/wp-content\\\/uploads\\\/2023\\\/04\\\/logoPP512.png\",\"contentUrl\":\"https:\\\/\\\/ppdegalicia.com\\\/wp-content\\\/uploads\\\/2023\\\/04\\\/logoPP512.png\",\"width\":512,\"height\":512,\"caption\":\"Partido Popular de Galicia\"},\"image\":{\"@id\":\"https:\\\/\\\/ppdegalicia.com\\\/es\\\/#\\\/schema\\\/logo\\\/image\\\/\"},\"sameAs\":[\"https:\\\/\\\/www.instagram.com\\\/ppdegalicia\\\/\",\"https:\\\/\\\/x.com\\\/ppdegalicia\",\"https:\\\/\\\/www.tiktok.com\\\/@ppdegalicia\",\"https:\\\/\\\/www.youtube.com\\\/user\\\/ppdegalicia\"]},{\"@type\":\"Person\",\"@id\":\"https:\\\/\\\/ppdegalicia.com\\\/es\\\/#\\\/schema\\\/person\\\/5b822c6f59e872ebdd1142f307dbcb59\",\"name\":\"ppdegaliciaredes\",\"image\":{\"@type\":\"ImageObject\",\"inLanguage\":\"es\",\"@id\":\"https:\\\/\\\/secure.gravatar.com\\\/avatar\\\/3c9179cf0256d00c72a48d1f25783c58b6842cd56e85ef3a572881c8e28ccd59?s=96&d=mm&r=g\",\"url\":\"https:\\\/\\\/secure.gravatar.com\\\/avatar\\\/3c9179cf0256d00c72a48d1f25783c58b6842cd56e85ef3a572881c8e28ccd59?s=96&d=mm&r=g\",\"contentUrl\":\"https:\\\/\\\/secure.gravatar.com\\\/avatar\\\/3c9179cf0256d00c72a48d1f25783c58b6842cd56e85ef3a572881c8e28ccd59?s=96&d=mm&r=g\",\"caption\":\"ppdegaliciaredes\"},\"url\":\"https:\\\/\\\/ppdegalicia.com\\\/es\\\/author\\\/ppdegaliciaredes\\\/\"}]}<\/script>\n<!-- \/ Yoast SEO plugin. -->","yoast_head_json":{"title":"Diego Calvo acusa a PSOE e BNG de \u201crebentar\u201d o debate sobre a lei de mellora do ciclo da auga sen tan sequera ter lido o texto - PP de Galicia","robots":{"index":"index","follow":"follow","max-snippet":"max-snippet:-1","max-image-preview":"max-image-preview:large","max-video-preview":"max-video-preview:-1"},"canonical":"https:\/\/ppdegalicia.com\/es\/diego-calvo-acusa-a-psoe-e-bng-de-rebentar-o-debate-sobre-a-lei-de-mellora-do-ciclo-da-auga-sen-tan-sequera-ter-lido-o-texto\/","og_locale":"es_ES","og_type":"article","og_title":"Diego Calvo acusa a PSOE e BNG de \u201crebentar\u201d o debate sobre a lei de mellora do ciclo da auga sen tan sequera ter lido o texto - PP de Galicia","og_description":"Santiago, 26 de abril de 2022.- O deputado popular Diego Calvo criticou duramente a actitude do BNG e o PSdeG en todo o relativo ao debate parlamentario da Lei de mellora do ciclo integral da auga. Asegurou que acudiron ao pleno \u201ca mentir\u201d e a \u201crebentar o debate\u201d sen ter lido este texto lexislativo. \u201cNon [&hellip;]","og_url":"https:\/\/ppdegalicia.com\/es\/diego-calvo-acusa-a-psoe-e-bng-de-rebentar-o-debate-sobre-a-lei-de-mellora-do-ciclo-da-auga-sen-tan-sequera-ter-lido-o-texto\/","og_site_name":"PP de Galicia","article_publisher":"https:\/\/www.instagram.com\/ppdegalicia\/","article_published_time":"2022-04-26T10:42:21+00:00","og_image":[{"width":1900,"height":1267,"url":"https:\/\/ppdegalicia.com\/wp-content\/uploads\/2022\/04\/2e923bc0e4658ef1d532502a51b13896.jpg","type":"image\/jpeg"}],"author":"ppdegaliciaredes","twitter_card":"summary_large_image","twitter_creator":"@ppdegalicia","twitter_site":"@ppdegalicia","twitter_misc":{"Escrito por":"ppdegaliciaredes","Tiempo de lectura":"3 minutos"},"schema":{"@context":"https:\/\/schema.org","@graph":[{"@type":"Article","@id":"https:\/\/ppdegalicia.com\/es\/diego-calvo-acusa-a-psoe-e-bng-de-rebentar-o-debate-sobre-a-lei-de-mellora-do-ciclo-da-auga-sen-tan-sequera-ter-lido-o-texto\/#article","isPartOf":{"@id":"https:\/\/ppdegalicia.com\/es\/diego-calvo-acusa-a-psoe-e-bng-de-rebentar-o-debate-sobre-a-lei-de-mellora-do-ciclo-da-auga-sen-tan-sequera-ter-lido-o-texto\/"},"author":{"name":"ppdegaliciaredes","@id":"https:\/\/ppdegalicia.com\/es\/#\/schema\/person\/5b822c6f59e872ebdd1142f307dbcb59"},"headline":"Diego Calvo acusa a PSOE e BNG de \u201crebentar\u201d o debate sobre a lei de mellora do ciclo da auga sen tan sequera ter lido o texto","datePublished":"2022-04-26T10:42:21+00:00","mainEntityOfPage":{"@id":"https:\/\/ppdegalicia.com\/es\/diego-calvo-acusa-a-psoe-e-bng-de-rebentar-o-debate-sobre-a-lei-de-mellora-do-ciclo-da-auga-sen-tan-sequera-ter-lido-o-texto\/"},"wordCount":675,"commentCount":0,"publisher":{"@id":"https:\/\/ppdegalicia.com\/es\/#organization"},"image":{"@id":"https:\/\/ppdegalicia.com\/es\/diego-calvo-acusa-a-psoe-e-bng-de-rebentar-o-debate-sobre-a-lei-de-mellora-do-ciclo-da-auga-sen-tan-sequera-ter-lido-o-texto\/#primaryimage"},"thumbnailUrl":"https:\/\/ppdegalicia.com\/wp-content\/uploads\/2022\/04\/2e923bc0e4658ef1d532502a51b13896.jpg","articleSection":["PP de Galicia"],"inLanguage":"es","potentialAction":[{"@type":"CommentAction","name":"Comment","target":["https:\/\/ppdegalicia.com\/es\/diego-calvo-acusa-a-psoe-e-bng-de-rebentar-o-debate-sobre-a-lei-de-mellora-do-ciclo-da-auga-sen-tan-sequera-ter-lido-o-texto\/#respond"]}]},{"@type":"WebPage","@id":"https:\/\/ppdegalicia.com\/es\/diego-calvo-acusa-a-psoe-e-bng-de-rebentar-o-debate-sobre-a-lei-de-mellora-do-ciclo-da-auga-sen-tan-sequera-ter-lido-o-texto\/","url":"https:\/\/ppdegalicia.com\/es\/diego-calvo-acusa-a-psoe-e-bng-de-rebentar-o-debate-sobre-a-lei-de-mellora-do-ciclo-da-auga-sen-tan-sequera-ter-lido-o-texto\/","name":"Diego Calvo acusa a PSOE e BNG de \u201crebentar\u201d o debate sobre a lei de mellora do ciclo da auga sen tan sequera ter lido o texto - PP de Galicia","isPartOf":{"@id":"https:\/\/ppdegalicia.com\/es\/#website"},"primaryImageOfPage":{"@id":"https:\/\/ppdegalicia.com\/es\/diego-calvo-acusa-a-psoe-e-bng-de-rebentar-o-debate-sobre-a-lei-de-mellora-do-ciclo-da-auga-sen-tan-sequera-ter-lido-o-texto\/#primaryimage"},"image":{"@id":"https:\/\/ppdegalicia.com\/es\/diego-calvo-acusa-a-psoe-e-bng-de-rebentar-o-debate-sobre-a-lei-de-mellora-do-ciclo-da-auga-sen-tan-sequera-ter-lido-o-texto\/#primaryimage"},"thumbnailUrl":"https:\/\/ppdegalicia.com\/wp-content\/uploads\/2022\/04\/2e923bc0e4658ef1d532502a51b13896.jpg","datePublished":"2022-04-26T10:42:21+00:00","breadcrumb":{"@id":"https:\/\/ppdegalicia.com\/es\/diego-calvo-acusa-a-psoe-e-bng-de-rebentar-o-debate-sobre-a-lei-de-mellora-do-ciclo-da-auga-sen-tan-sequera-ter-lido-o-texto\/#breadcrumb"},"inLanguage":"es","potentialAction":[{"@type":"ReadAction","target":["https:\/\/ppdegalicia.com\/es\/diego-calvo-acusa-a-psoe-e-bng-de-rebentar-o-debate-sobre-a-lei-de-mellora-do-ciclo-da-auga-sen-tan-sequera-ter-lido-o-texto\/"]}]},{"@type":"ImageObject","inLanguage":"es","@id":"https:\/\/ppdegalicia.com\/es\/diego-calvo-acusa-a-psoe-e-bng-de-rebentar-o-debate-sobre-a-lei-de-mellora-do-ciclo-da-auga-sen-tan-sequera-ter-lido-o-texto\/#primaryimage","url":"https:\/\/ppdegalicia.com\/wp-content\/uploads\/2022\/04\/2e923bc0e4658ef1d532502a51b13896.jpg","contentUrl":"https:\/\/ppdegalicia.com\/wp-content\/uploads\/2022\/04\/2e923bc0e4658ef1d532502a51b13896.jpg","width":1900,"height":1267},{"@type":"BreadcrumbList","@id":"https:\/\/ppdegalicia.com\/es\/diego-calvo-acusa-a-psoe-e-bng-de-rebentar-o-debate-sobre-a-lei-de-mellora-do-ciclo-da-auga-sen-tan-sequera-ter-lido-o-texto\/#breadcrumb","itemListElement":[{"@type":"ListItem","position":1,"name":"Portada","item":"https:\/\/ppdegalicia.com\/es\/"},{"@type":"ListItem","position":2,"name":"Diego Calvo acusa a PSOE e BNG de \u201crebentar\u201d o debate sobre a lei de mellora do ciclo da auga sen tan sequera ter lido o texto"}]},{"@type":"WebSite","@id":"https:\/\/ppdegalicia.com\/es\/#website","url":"https:\/\/ppdegalicia.com\/es\/","name":"Partido Popular de Galicia","description":"Partido Popular de Galicia","publisher":{"@id":"https:\/\/ppdegalicia.com\/es\/#organization"},"alternateName":"PP de Galicia","potentialAction":[{"@type":"SearchAction","target":{"@type":"EntryPoint","urlTemplate":"https:\/\/ppdegalicia.com\/es\/?s={search_term_string}"},"query-input":{"@type":"PropertyValueSpecification","valueRequired":true,"valueName":"search_term_string"}}],"inLanguage":"es"},{"@type":"Organization","@id":"https:\/\/ppdegalicia.com\/es\/#organization","name":"Partido Popular de Galicia","alternateName":"PP de Galicia","url":"https:\/\/ppdegalicia.com\/es\/","logo":{"@type":"ImageObject","inLanguage":"es","@id":"https:\/\/ppdegalicia.com\/es\/#\/schema\/logo\/image\/","url":"https:\/\/ppdegalicia.com\/wp-content\/uploads\/2023\/04\/logoPP512.png","contentUrl":"https:\/\/ppdegalicia.com\/wp-content\/uploads\/2023\/04\/logoPP512.png","width":512,"height":512,"caption":"Partido Popular de Galicia"},"image":{"@id":"https:\/\/ppdegalicia.com\/es\/#\/schema\/logo\/image\/"},"sameAs":["https:\/\/www.instagram.com\/ppdegalicia\/","https:\/\/x.com\/ppdegalicia","https:\/\/www.tiktok.com\/@ppdegalicia","https:\/\/www.youtube.com\/user\/ppdegalicia"]},{"@type":"Person","@id":"https:\/\/ppdegalicia.com\/es\/#\/schema\/person\/5b822c6f59e872ebdd1142f307dbcb59","name":"ppdegaliciaredes","image":{"@type":"ImageObject","inLanguage":"es","@id":"https:\/\/secure.gravatar.com\/avatar\/3c9179cf0256d00c72a48d1f25783c58b6842cd56e85ef3a572881c8e28ccd59?s=96&d=mm&r=g","url":"https:\/\/secure.gravatar.com\/avatar\/3c9179cf0256d00c72a48d1f25783c58b6842cd56e85ef3a572881c8e28ccd59?s=96&d=mm&r=g","contentUrl":"https:\/\/secure.gravatar.com\/avatar\/3c9179cf0256d00c72a48d1f25783c58b6842cd56e85ef3a572881c8e28ccd59?s=96&d=mm&r=g","caption":"ppdegaliciaredes"},"url":"https:\/\/ppdegalicia.com\/es\/author\/ppdegaliciaredes\/"}]}},"_links":{"self":[{"href":"https:\/\/ppdegalicia.com\/es\/wp-json\/wp\/v2\/posts\/56969","targetHints":{"allow":["GET"]}}],"collection":[{"href":"https:\/\/ppdegalicia.com\/es\/wp-json\/wp\/v2\/posts"}],"about":[{"href":"https:\/\/ppdegalicia.com\/es\/wp-json\/wp\/v2\/types\/post"}],"author":[{"embeddable":true,"href":"https:\/\/ppdegalicia.com\/es\/wp-json\/wp\/v2\/users\/38"}],"replies":[{"embeddable":true,"href":"https:\/\/ppdegalicia.com\/es\/wp-json\/wp\/v2\/comments?post=56969"}],"version-history":[{"count":0,"href":"https:\/\/ppdegalicia.com\/es\/wp-json\/wp\/v2\/posts\/56969\/revisions"}],"wp:featuredmedia":[{"embeddable":true,"href":"https:\/\/ppdegalicia.com\/es\/wp-json\/wp\/v2\/media\/56968"}],"wp:attachment":[{"href":"https:\/\/ppdegalicia.com\/es\/wp-json\/wp\/v2\/media?parent=56969"}],"wp:term":[{"taxonomy":"category","embeddable":true,"href":"https:\/\/ppdegalicia.com\/es\/wp-json\/wp\/v2\/categories?post=56969"},{"taxonomy":"post_tag","embeddable":true,"href":"https:\/\/ppdegalicia.com\/es\/wp-json\/wp\/v2\/tags?post=56969"}],"curies":[{"name":"wp","href":"https:\/\/api.w.org\/{rel}","templated":true}]}}