{"id":56981,"date":"2022-05-01T14:33:21","date_gmt":"2022-05-01T12:33:21","guid":{"rendered":"https:\/\/ppdegalicia.com\/rueda-destaca-a-normalidade-extraordinaria-coa-que-o-ppdeg-encara-o-proceso-de-sucesion\/"},"modified":"2022-05-01T14:33:21","modified_gmt":"2022-05-01T12:33:21","slug":"rueda-destaca-a-normalidade-extraordinaria-coa-que-o-ppdeg-encara-o-proceso-de-sucesion","status":"publish","type":"post","link":"https:\/\/ppdegalicia.com\/es\/rueda-destaca-a-normalidade-extraordinaria-coa-que-o-ppdeg-encara-o-proceso-de-sucesion\/","title":{"rendered":"Rueda destaca a normalidade extraordinaria coa que o PPdeG encara o proceso de sucesi\u00f3n"},"content":{"rendered":"<p><img fetchpriority=\"high\" decoding=\"async\" class=\" size-full wp-image-56980\" src=\"https:\/\/ppdegalicia.com\/wp-content\/uploads\/2022\/05\/1f21b938c702440a1e6e31145d8bf811-scaled.jpg\" alt=\"\" width=\"2560\" height=\"1820\" srcset=\"https:\/\/ppdegalicia.com\/wp-content\/uploads\/2022\/05\/1f21b938c702440a1e6e31145d8bf811-scaled.jpg 2560w, https:\/\/ppdegalicia.com\/wp-content\/uploads\/2022\/05\/1f21b938c702440a1e6e31145d8bf811-300x213.jpg 300w, https:\/\/ppdegalicia.com\/wp-content\/uploads\/2022\/05\/1f21b938c702440a1e6e31145d8bf811-1024x728.jpg 1024w, https:\/\/ppdegalicia.com\/wp-content\/uploads\/2022\/05\/1f21b938c702440a1e6e31145d8bf811-768x546.jpg 768w, https:\/\/ppdegalicia.com\/wp-content\/uploads\/2022\/05\/1f21b938c702440a1e6e31145d8bf811-1536x1092.jpg 1536w, https:\/\/ppdegalicia.com\/wp-content\/uploads\/2022\/05\/1f21b938c702440a1e6e31145d8bf811-2048x1456.jpg 2048w\" sizes=\"(max-width: 2560px) 100vw, 2560px\" \/><\/p>\n<p style=\"text-align: justify;\">Indica que non hai un PP de Albor, de Fraga, de Feij\u00f3o, nin haber\u00e1 un de Rueda, sen\u00f3n un Partido Popular de Galicia no que todos contan e suman<\/p>\n<p><!--more--><\/p>\n<p style=\"text-align: justify;\">O candidato \u00e1 Presidencia do PPdeG, Alfonso Rueda, destacou a normalidade extraordinaria coa que o seu partido encara o seu proceso de sucesi\u00f3n, manifestando que \u201co cami\u00f1o a seguir fac\u00e9molo entre todos\u201d.<\/p>\n<p style=\"text-align: justify;\">\u00a0<\/p>\n<p style=\"text-align: justify;\">Durante a Xunta Directiva do PP da provincia de Lugo, na que estivo acompa\u00f1ado pola presidenta provincial, Elena Candia, amosouse orgulloso de que a s\u00faa formaci\u00f3n volvese demostrar que est\u00e1 \u00e1 altura das circunstancias, algo que non lle sorprende porque no ADN do Partido Popular de Galicia vai a s\u00faa cohesi\u00f3n, a s\u00faa forza, a s\u00faa responsabilidade e o seu compromiso.<\/p>\n<p style=\"text-align: justify;\">\u00a0<\/p>\n<p style=\"text-align: justify;\">Pola contra, admitiu que a situaci\u00f3n dos populares si poida resultar in\u00e9dita para outras organizaci\u00f3ns que converten a pol\u00edtica nun continuo <em>reality show<\/em>, que viven instaladas na batalla interna e que est\u00e1n permanentemente elixindo l\u00edderes para ver se acertan con alg\u00fan.<\/p>\n<p style=\"text-align: justify;\">\u00a0<\/p>\n<p style=\"text-align: justify;\"><strong><u>CONTINUIDADE NON \u00c9 CONTINU\u00cdSMO<\/u><\/strong><\/p>\n<p style=\"text-align: justify;\">Tras po\u00f1er en valor o patrimonio de unidade, estabilidade e xesti\u00f3n do PPdeG, Rueda reco\u00f1eceu que o baleiro que deixa o presidente Alberto N\u00fa\u00f1ez Feij\u00f3o s\u00f3 pode compararse co seu inmenso legado, deixando unha Galicia moito mellor do que a encontrou.<\/p>\n<p style=\"text-align: justify;\">\u00a0<\/p>\n<p style=\"text-align: justify;\">Nese senso, apuntou que quere asumir a herdanza dos populares na Comunidade, pero aclarou unha diferenza: \u201cSi \u00e1 continuidade e non ao continu\u00edsmo\u201d. Deste modo, explicou que non pensa que todo est\u00e1 conseguido, non se deixar\u00e1 levar pola inercia, nin tampouco parar\u00e1 de facer as cousas \u00e1 s\u00faa maneira, sen\u00f3n que recoller\u00e1 toda a experiencia e sumar\u00e1 todas as ideas e enerx\u00edas para facer unha Galicia a\u00ednda m\u00e1is forte.<\/p>\n<p style=\"text-align: justify;\">\u00a0<\/p>\n<p style=\"text-align: justify;\"><strong><u>NO PPdeG TODOS CONTAN<\/u><\/strong><\/p>\n<p style=\"text-align: justify;\">\u201cNon hai un PP de Albor, un PP de Fraga, un PP de Feij\u00f3o, nin vai haber un PP de Rueda. Hai un Partido Popular de Galicia\u201d, recalcou o candidato mentres insist\u00eda en que \u201ceste \u00e9 o partido que m\u00e1is se parece a Galicia e por iso aqu\u00ed cabemos todos, contamos todos e sumamos todos\u201d.<\/p>\n<p style=\"text-align: justify;\">\u00a0<\/p>\n<p style=\"text-align: justify;\">Igualmente, precisou que a s\u00faa formaci\u00f3n a\u00ednda pode ser m\u00e1is grande, facer m\u00e1is historia e acadar algo in\u00e9dito no pa\u00eds como a quinta maior\u00eda absoluta. Ao mesmo tempo, incidiu na importancia de non po\u00f1erse teitos para lograr unha Comunidade m\u00e1is puxante na econom\u00eda, con m\u00e1is servizos p\u00fablicos, m\u00e1is conciliaci\u00f3n e m\u00e1is infraestruturas, e que a\u00ednda sexa m\u00e1is referente en Espa\u00f1a pola s\u00faa estabilidade pol\u00edtica e reco\u00f1ecida por afastar pol\u00edticas fracasadas e modelos que s\u00f3 enfrontan e dividen.<\/p>\n<p style=\"text-align: justify;\">\u00a0<\/p>\n<p style=\"text-align: justify;\"><strong><u>O CAMI\u00d1O A SEGUIR<\/u><\/strong><\/p>\n<p style=\"text-align: justify;\">Na a s\u00faa intervenci\u00f3n, Rueda p\u00faxese \u00e1 disposici\u00f3n dos seus compa\u00f1eiros de formaci\u00f3n para agrandar o partido cun proxecto unido e forte, motivado por chegar \u00e1 meta dun cami\u00f1o que quere facer en equipo e cun ritmo esixente para chegar cada vez m\u00e1is lonxe, pois ese \u00e9 seu estilo.<\/p>\n<p style=\"text-align: justify;\">\u00a0<\/p>\n<p style=\"text-align: justify;\">Ademais, asegurou que os populares te\u00f1en claro cal \u00e9 o cami\u00f1o que mellor lles parece aos galegos, baseado en ser un partido amplo que goberna para a maior\u00eda, que fai a pol\u00edtica real que mellora a vida da xente e centrado nas preocupaci\u00f3ns dos cidad\u00e1ns.<\/p>\n<p style=\"text-align: justify;\">\u00a0<\/p>\n<p style=\"text-align: justify;\">Do mesmo xeito, afirmou saber cal \u00e9 a senda a seguir, aquela que os levou ao \u00e9xito, a que ten permitido derrotar \u00e1 suma do nacionalismo, do socialismo e mesmo do populismo e pola que avanzan para deixar unha Comunidade con mellores servizos p\u00fablicos e menos impostos; remarcando tam\u00e9n cal \u00e9 o destino e a prioridade dos populares: Galicia.<\/p>\n","protected":false},"excerpt":{"rendered":"<p>Indica que non hai un PP de Albor, de Fraga, de Feij\u00f3o, nin haber\u00e1 un de Rueda, sen\u00f3n un Partido Popular de Galicia no que todos contan e suman<\/p>\n","protected":false},"author":38,"featured_media":56980,"comment_status":"open","ping_status":"open","sticky":false,"template":"","format":"standard","meta":{"_acf_changed":false,"footnotes":""},"categories":[1],"tags":[],"class_list":["post-56981","post","type-post","status-publish","format-standard","has-post-thumbnail","hentry","category-pp-de-galicia"],"acf":[],"yoast_head":"<!-- This site is optimized with the Yoast SEO plugin v27.3 - https:\/\/yoast.com\/product\/yoast-seo-wordpress\/ -->\n<title>Rueda destaca a normalidade extraordinaria coa que o PPdeG encara o proceso de sucesi\u00f3n - PP de Galicia<\/title>\n<meta name=\"robots\" content=\"index, follow, max-snippet:-1, max-image-preview:large, max-video-preview:-1\" \/>\n<link rel=\"canonical\" href=\"https:\/\/ppdegalicia.com\/es\/rueda-destaca-a-normalidade-extraordinaria-coa-que-o-ppdeg-encara-o-proceso-de-sucesion\/\" \/>\n<meta property=\"og:locale\" content=\"es_ES\" \/>\n<meta property=\"og:type\" content=\"article\" \/>\n<meta property=\"og:title\" content=\"Rueda destaca a normalidade extraordinaria coa que o PPdeG encara o proceso de sucesi\u00f3n - PP de Galicia\" \/>\n<meta property=\"og:description\" content=\"Indica que non hai un PP de Albor, de Fraga, de Feij\u00f3o, nin haber\u00e1 un de Rueda, sen\u00f3n un Partido Popular de Galicia no que todos contan e suman\" \/>\n<meta property=\"og:url\" content=\"https:\/\/ppdegalicia.com\/es\/rueda-destaca-a-normalidade-extraordinaria-coa-que-o-ppdeg-encara-o-proceso-de-sucesion\/\" \/>\n<meta property=\"og:site_name\" content=\"PP de Galicia\" \/>\n<meta property=\"article:publisher\" content=\"https:\/\/www.instagram.com\/ppdegalicia\/\" \/>\n<meta property=\"article:published_time\" content=\"2022-05-01T12:33:21+00:00\" \/>\n<meta property=\"og:image\" content=\"https:\/\/ppdegalicia.com\/wp-content\/uploads\/2022\/05\/1f21b938c702440a1e6e31145d8bf811-scaled.jpg\" \/>\n\t<meta property=\"og:image:width\" content=\"2560\" \/>\n\t<meta property=\"og:image:height\" content=\"1820\" \/>\n\t<meta property=\"og:image:type\" content=\"image\/jpeg\" \/>\n<meta name=\"author\" content=\"ppdegaliciaredes\" \/>\n<meta name=\"twitter:card\" content=\"summary_large_image\" \/>\n<meta name=\"twitter:creator\" content=\"@ppdegalicia\" \/>\n<meta name=\"twitter:site\" content=\"@ppdegalicia\" \/>\n<meta name=\"twitter:label1\" content=\"Escrito por\" \/>\n\t<meta name=\"twitter:data1\" content=\"ppdegaliciaredes\" \/>\n\t<meta name=\"twitter:label2\" content=\"Tiempo de lectura\" \/>\n\t<meta name=\"twitter:data2\" content=\"3 minutos\" \/>\n<script type=\"application\/ld+json\" class=\"yoast-schema-graph\">{\"@context\":\"https:\\\/\\\/schema.org\",\"@graph\":[{\"@type\":\"Article\",\"@id\":\"https:\\\/\\\/ppdegalicia.com\\\/es\\\/rueda-destaca-a-normalidade-extraordinaria-coa-que-o-ppdeg-encara-o-proceso-de-sucesion\\\/#article\",\"isPartOf\":{\"@id\":\"https:\\\/\\\/ppdegalicia.com\\\/es\\\/rueda-destaca-a-normalidade-extraordinaria-coa-que-o-ppdeg-encara-o-proceso-de-sucesion\\\/\"},\"author\":{\"name\":\"ppdegaliciaredes\",\"@id\":\"https:\\\/\\\/ppdegalicia.com\\\/es\\\/#\\\/schema\\\/person\\\/5b822c6f59e872ebdd1142f307dbcb59\"},\"headline\":\"Rueda destaca a normalidade extraordinaria coa que o PPdeG encara o proceso de sucesi\u00f3n\",\"datePublished\":\"2022-05-01T12:33:21+00:00\",\"mainEntityOfPage\":{\"@id\":\"https:\\\/\\\/ppdegalicia.com\\\/es\\\/rueda-destaca-a-normalidade-extraordinaria-coa-que-o-ppdeg-encara-o-proceso-de-sucesion\\\/\"},\"wordCount\":646,\"commentCount\":0,\"publisher\":{\"@id\":\"https:\\\/\\\/ppdegalicia.com\\\/es\\\/#organization\"},\"image\":{\"@id\":\"https:\\\/\\\/ppdegalicia.com\\\/es\\\/rueda-destaca-a-normalidade-extraordinaria-coa-que-o-ppdeg-encara-o-proceso-de-sucesion\\\/#primaryimage\"},\"thumbnailUrl\":\"https:\\\/\\\/ppdegalicia.com\\\/wp-content\\\/uploads\\\/2022\\\/05\\\/1f21b938c702440a1e6e31145d8bf811-scaled.jpg\",\"articleSection\":[\"PP de Galicia\"],\"inLanguage\":\"es\",\"potentialAction\":[{\"@type\":\"CommentAction\",\"name\":\"Comment\",\"target\":[\"https:\\\/\\\/ppdegalicia.com\\\/es\\\/rueda-destaca-a-normalidade-extraordinaria-coa-que-o-ppdeg-encara-o-proceso-de-sucesion\\\/#respond\"]}]},{\"@type\":\"WebPage\",\"@id\":\"https:\\\/\\\/ppdegalicia.com\\\/es\\\/rueda-destaca-a-normalidade-extraordinaria-coa-que-o-ppdeg-encara-o-proceso-de-sucesion\\\/\",\"url\":\"https:\\\/\\\/ppdegalicia.com\\\/es\\\/rueda-destaca-a-normalidade-extraordinaria-coa-que-o-ppdeg-encara-o-proceso-de-sucesion\\\/\",\"name\":\"Rueda destaca a normalidade extraordinaria coa que o PPdeG encara o proceso de sucesi\u00f3n - PP de Galicia\",\"isPartOf\":{\"@id\":\"https:\\\/\\\/ppdegalicia.com\\\/es\\\/#website\"},\"primaryImageOfPage\":{\"@id\":\"https:\\\/\\\/ppdegalicia.com\\\/es\\\/rueda-destaca-a-normalidade-extraordinaria-coa-que-o-ppdeg-encara-o-proceso-de-sucesion\\\/#primaryimage\"},\"image\":{\"@id\":\"https:\\\/\\\/ppdegalicia.com\\\/es\\\/rueda-destaca-a-normalidade-extraordinaria-coa-que-o-ppdeg-encara-o-proceso-de-sucesion\\\/#primaryimage\"},\"thumbnailUrl\":\"https:\\\/\\\/ppdegalicia.com\\\/wp-content\\\/uploads\\\/2022\\\/05\\\/1f21b938c702440a1e6e31145d8bf811-scaled.jpg\",\"datePublished\":\"2022-05-01T12:33:21+00:00\",\"breadcrumb\":{\"@id\":\"https:\\\/\\\/ppdegalicia.com\\\/es\\\/rueda-destaca-a-normalidade-extraordinaria-coa-que-o-ppdeg-encara-o-proceso-de-sucesion\\\/#breadcrumb\"},\"inLanguage\":\"es\",\"potentialAction\":[{\"@type\":\"ReadAction\",\"target\":[\"https:\\\/\\\/ppdegalicia.com\\\/es\\\/rueda-destaca-a-normalidade-extraordinaria-coa-que-o-ppdeg-encara-o-proceso-de-sucesion\\\/\"]}]},{\"@type\":\"ImageObject\",\"inLanguage\":\"es\",\"@id\":\"https:\\\/\\\/ppdegalicia.com\\\/es\\\/rueda-destaca-a-normalidade-extraordinaria-coa-que-o-ppdeg-encara-o-proceso-de-sucesion\\\/#primaryimage\",\"url\":\"https:\\\/\\\/ppdegalicia.com\\\/wp-content\\\/uploads\\\/2022\\\/05\\\/1f21b938c702440a1e6e31145d8bf811-scaled.jpg\",\"contentUrl\":\"https:\\\/\\\/ppdegalicia.com\\\/wp-content\\\/uploads\\\/2022\\\/05\\\/1f21b938c702440a1e6e31145d8bf811-scaled.jpg\",\"width\":2560,\"height\":1820},{\"@type\":\"BreadcrumbList\",\"@id\":\"https:\\\/\\\/ppdegalicia.com\\\/es\\\/rueda-destaca-a-normalidade-extraordinaria-coa-que-o-ppdeg-encara-o-proceso-de-sucesion\\\/#breadcrumb\",\"itemListElement\":[{\"@type\":\"ListItem\",\"position\":1,\"name\":\"Portada\",\"item\":\"https:\\\/\\\/ppdegalicia.com\\\/es\\\/\"},{\"@type\":\"ListItem\",\"position\":2,\"name\":\"Rueda destaca a normalidade extraordinaria coa que o PPdeG encara o proceso de sucesi\u00f3n\"}]},{\"@type\":\"WebSite\",\"@id\":\"https:\\\/\\\/ppdegalicia.com\\\/es\\\/#website\",\"url\":\"https:\\\/\\\/ppdegalicia.com\\\/es\\\/\",\"name\":\"Partido Popular de Galicia\",\"description\":\"Partido Popular de Galicia\",\"publisher\":{\"@id\":\"https:\\\/\\\/ppdegalicia.com\\\/es\\\/#organization\"},\"alternateName\":\"PP de Galicia\",\"potentialAction\":[{\"@type\":\"SearchAction\",\"target\":{\"@type\":\"EntryPoint\",\"urlTemplate\":\"https:\\\/\\\/ppdegalicia.com\\\/es\\\/?s={search_term_string}\"},\"query-input\":{\"@type\":\"PropertyValueSpecification\",\"valueRequired\":true,\"valueName\":\"search_term_string\"}}],\"inLanguage\":\"es\"},{\"@type\":\"Organization\",\"@id\":\"https:\\\/\\\/ppdegalicia.com\\\/es\\\/#organization\",\"name\":\"Partido Popular de Galicia\",\"alternateName\":\"PP de Galicia\",\"url\":\"https:\\\/\\\/ppdegalicia.com\\\/es\\\/\",\"logo\":{\"@type\":\"ImageObject\",\"inLanguage\":\"es\",\"@id\":\"https:\\\/\\\/ppdegalicia.com\\\/es\\\/#\\\/schema\\\/logo\\\/image\\\/\",\"url\":\"https:\\\/\\\/ppdegalicia.com\\\/wp-content\\\/uploads\\\/2023\\\/04\\\/logoPP512.png\",\"contentUrl\":\"https:\\\/\\\/ppdegalicia.com\\\/wp-content\\\/uploads\\\/2023\\\/04\\\/logoPP512.png\",\"width\":512,\"height\":512,\"caption\":\"Partido Popular de Galicia\"},\"image\":{\"@id\":\"https:\\\/\\\/ppdegalicia.com\\\/es\\\/#\\\/schema\\\/logo\\\/image\\\/\"},\"sameAs\":[\"https:\\\/\\\/www.instagram.com\\\/ppdegalicia\\\/\",\"https:\\\/\\\/x.com\\\/ppdegalicia\",\"https:\\\/\\\/www.tiktok.com\\\/@ppdegalicia\",\"https:\\\/\\\/www.youtube.com\\\/user\\\/ppdegalicia\"]},{\"@type\":\"Person\",\"@id\":\"https:\\\/\\\/ppdegalicia.com\\\/es\\\/#\\\/schema\\\/person\\\/5b822c6f59e872ebdd1142f307dbcb59\",\"name\":\"ppdegaliciaredes\",\"image\":{\"@type\":\"ImageObject\",\"inLanguage\":\"es\",\"@id\":\"https:\\\/\\\/secure.gravatar.com\\\/avatar\\\/3c9179cf0256d00c72a48d1f25783c58b6842cd56e85ef3a572881c8e28ccd59?s=96&d=mm&r=g\",\"url\":\"https:\\\/\\\/secure.gravatar.com\\\/avatar\\\/3c9179cf0256d00c72a48d1f25783c58b6842cd56e85ef3a572881c8e28ccd59?s=96&d=mm&r=g\",\"contentUrl\":\"https:\\\/\\\/secure.gravatar.com\\\/avatar\\\/3c9179cf0256d00c72a48d1f25783c58b6842cd56e85ef3a572881c8e28ccd59?s=96&d=mm&r=g\",\"caption\":\"ppdegaliciaredes\"},\"url\":\"https:\\\/\\\/ppdegalicia.com\\\/es\\\/author\\\/ppdegaliciaredes\\\/\"}]}<\/script>\n<!-- \/ Yoast SEO plugin. -->","yoast_head_json":{"title":"Rueda destaca a normalidade extraordinaria coa que o PPdeG encara o proceso de sucesi\u00f3n - PP de Galicia","robots":{"index":"index","follow":"follow","max-snippet":"max-snippet:-1","max-image-preview":"max-image-preview:large","max-video-preview":"max-video-preview:-1"},"canonical":"https:\/\/ppdegalicia.com\/es\/rueda-destaca-a-normalidade-extraordinaria-coa-que-o-ppdeg-encara-o-proceso-de-sucesion\/","og_locale":"es_ES","og_type":"article","og_title":"Rueda destaca a normalidade extraordinaria coa que o PPdeG encara o proceso de sucesi\u00f3n - PP de Galicia","og_description":"Indica que non hai un PP de Albor, de Fraga, de Feij\u00f3o, nin haber\u00e1 un de Rueda, sen\u00f3n un Partido Popular de Galicia no que todos contan e suman","og_url":"https:\/\/ppdegalicia.com\/es\/rueda-destaca-a-normalidade-extraordinaria-coa-que-o-ppdeg-encara-o-proceso-de-sucesion\/","og_site_name":"PP de Galicia","article_publisher":"https:\/\/www.instagram.com\/ppdegalicia\/","article_published_time":"2022-05-01T12:33:21+00:00","og_image":[{"width":2560,"height":1820,"url":"https:\/\/ppdegalicia.com\/wp-content\/uploads\/2022\/05\/1f21b938c702440a1e6e31145d8bf811-scaled.jpg","type":"image\/jpeg"}],"author":"ppdegaliciaredes","twitter_card":"summary_large_image","twitter_creator":"@ppdegalicia","twitter_site":"@ppdegalicia","twitter_misc":{"Escrito por":"ppdegaliciaredes","Tiempo de lectura":"3 minutos"},"schema":{"@context":"https:\/\/schema.org","@graph":[{"@type":"Article","@id":"https:\/\/ppdegalicia.com\/es\/rueda-destaca-a-normalidade-extraordinaria-coa-que-o-ppdeg-encara-o-proceso-de-sucesion\/#article","isPartOf":{"@id":"https:\/\/ppdegalicia.com\/es\/rueda-destaca-a-normalidade-extraordinaria-coa-que-o-ppdeg-encara-o-proceso-de-sucesion\/"},"author":{"name":"ppdegaliciaredes","@id":"https:\/\/ppdegalicia.com\/es\/#\/schema\/person\/5b822c6f59e872ebdd1142f307dbcb59"},"headline":"Rueda destaca a normalidade extraordinaria coa que o PPdeG encara o proceso de sucesi\u00f3n","datePublished":"2022-05-01T12:33:21+00:00","mainEntityOfPage":{"@id":"https:\/\/ppdegalicia.com\/es\/rueda-destaca-a-normalidade-extraordinaria-coa-que-o-ppdeg-encara-o-proceso-de-sucesion\/"},"wordCount":646,"commentCount":0,"publisher":{"@id":"https:\/\/ppdegalicia.com\/es\/#organization"},"image":{"@id":"https:\/\/ppdegalicia.com\/es\/rueda-destaca-a-normalidade-extraordinaria-coa-que-o-ppdeg-encara-o-proceso-de-sucesion\/#primaryimage"},"thumbnailUrl":"https:\/\/ppdegalicia.com\/wp-content\/uploads\/2022\/05\/1f21b938c702440a1e6e31145d8bf811-scaled.jpg","articleSection":["PP de Galicia"],"inLanguage":"es","potentialAction":[{"@type":"CommentAction","name":"Comment","target":["https:\/\/ppdegalicia.com\/es\/rueda-destaca-a-normalidade-extraordinaria-coa-que-o-ppdeg-encara-o-proceso-de-sucesion\/#respond"]}]},{"@type":"WebPage","@id":"https:\/\/ppdegalicia.com\/es\/rueda-destaca-a-normalidade-extraordinaria-coa-que-o-ppdeg-encara-o-proceso-de-sucesion\/","url":"https:\/\/ppdegalicia.com\/es\/rueda-destaca-a-normalidade-extraordinaria-coa-que-o-ppdeg-encara-o-proceso-de-sucesion\/","name":"Rueda destaca a normalidade extraordinaria coa que o PPdeG encara o proceso de sucesi\u00f3n - PP de Galicia","isPartOf":{"@id":"https:\/\/ppdegalicia.com\/es\/#website"},"primaryImageOfPage":{"@id":"https:\/\/ppdegalicia.com\/es\/rueda-destaca-a-normalidade-extraordinaria-coa-que-o-ppdeg-encara-o-proceso-de-sucesion\/#primaryimage"},"image":{"@id":"https:\/\/ppdegalicia.com\/es\/rueda-destaca-a-normalidade-extraordinaria-coa-que-o-ppdeg-encara-o-proceso-de-sucesion\/#primaryimage"},"thumbnailUrl":"https:\/\/ppdegalicia.com\/wp-content\/uploads\/2022\/05\/1f21b938c702440a1e6e31145d8bf811-scaled.jpg","datePublished":"2022-05-01T12:33:21+00:00","breadcrumb":{"@id":"https:\/\/ppdegalicia.com\/es\/rueda-destaca-a-normalidade-extraordinaria-coa-que-o-ppdeg-encara-o-proceso-de-sucesion\/#breadcrumb"},"inLanguage":"es","potentialAction":[{"@type":"ReadAction","target":["https:\/\/ppdegalicia.com\/es\/rueda-destaca-a-normalidade-extraordinaria-coa-que-o-ppdeg-encara-o-proceso-de-sucesion\/"]}]},{"@type":"ImageObject","inLanguage":"es","@id":"https:\/\/ppdegalicia.com\/es\/rueda-destaca-a-normalidade-extraordinaria-coa-que-o-ppdeg-encara-o-proceso-de-sucesion\/#primaryimage","url":"https:\/\/ppdegalicia.com\/wp-content\/uploads\/2022\/05\/1f21b938c702440a1e6e31145d8bf811-scaled.jpg","contentUrl":"https:\/\/ppdegalicia.com\/wp-content\/uploads\/2022\/05\/1f21b938c702440a1e6e31145d8bf811-scaled.jpg","width":2560,"height":1820},{"@type":"BreadcrumbList","@id":"https:\/\/ppdegalicia.com\/es\/rueda-destaca-a-normalidade-extraordinaria-coa-que-o-ppdeg-encara-o-proceso-de-sucesion\/#breadcrumb","itemListElement":[{"@type":"ListItem","position":1,"name":"Portada","item":"https:\/\/ppdegalicia.com\/es\/"},{"@type":"ListItem","position":2,"name":"Rueda destaca a normalidade extraordinaria coa que o PPdeG encara o proceso de sucesi\u00f3n"}]},{"@type":"WebSite","@id":"https:\/\/ppdegalicia.com\/es\/#website","url":"https:\/\/ppdegalicia.com\/es\/","name":"Partido Popular de Galicia","description":"Partido Popular de Galicia","publisher":{"@id":"https:\/\/ppdegalicia.com\/es\/#organization"},"alternateName":"PP de Galicia","potentialAction":[{"@type":"SearchAction","target":{"@type":"EntryPoint","urlTemplate":"https:\/\/ppdegalicia.com\/es\/?s={search_term_string}"},"query-input":{"@type":"PropertyValueSpecification","valueRequired":true,"valueName":"search_term_string"}}],"inLanguage":"es"},{"@type":"Organization","@id":"https:\/\/ppdegalicia.com\/es\/#organization","name":"Partido Popular de Galicia","alternateName":"PP de Galicia","url":"https:\/\/ppdegalicia.com\/es\/","logo":{"@type":"ImageObject","inLanguage":"es","@id":"https:\/\/ppdegalicia.com\/es\/#\/schema\/logo\/image\/","url":"https:\/\/ppdegalicia.com\/wp-content\/uploads\/2023\/04\/logoPP512.png","contentUrl":"https:\/\/ppdegalicia.com\/wp-content\/uploads\/2023\/04\/logoPP512.png","width":512,"height":512,"caption":"Partido Popular de Galicia"},"image":{"@id":"https:\/\/ppdegalicia.com\/es\/#\/schema\/logo\/image\/"},"sameAs":["https:\/\/www.instagram.com\/ppdegalicia\/","https:\/\/x.com\/ppdegalicia","https:\/\/www.tiktok.com\/@ppdegalicia","https:\/\/www.youtube.com\/user\/ppdegalicia"]},{"@type":"Person","@id":"https:\/\/ppdegalicia.com\/es\/#\/schema\/person\/5b822c6f59e872ebdd1142f307dbcb59","name":"ppdegaliciaredes","image":{"@type":"ImageObject","inLanguage":"es","@id":"https:\/\/secure.gravatar.com\/avatar\/3c9179cf0256d00c72a48d1f25783c58b6842cd56e85ef3a572881c8e28ccd59?s=96&d=mm&r=g","url":"https:\/\/secure.gravatar.com\/avatar\/3c9179cf0256d00c72a48d1f25783c58b6842cd56e85ef3a572881c8e28ccd59?s=96&d=mm&r=g","contentUrl":"https:\/\/secure.gravatar.com\/avatar\/3c9179cf0256d00c72a48d1f25783c58b6842cd56e85ef3a572881c8e28ccd59?s=96&d=mm&r=g","caption":"ppdegaliciaredes"},"url":"https:\/\/ppdegalicia.com\/es\/author\/ppdegaliciaredes\/"}]}},"_links":{"self":[{"href":"https:\/\/ppdegalicia.com\/es\/wp-json\/wp\/v2\/posts\/56981","targetHints":{"allow":["GET"]}}],"collection":[{"href":"https:\/\/ppdegalicia.com\/es\/wp-json\/wp\/v2\/posts"}],"about":[{"href":"https:\/\/ppdegalicia.com\/es\/wp-json\/wp\/v2\/types\/post"}],"author":[{"embeddable":true,"href":"https:\/\/ppdegalicia.com\/es\/wp-json\/wp\/v2\/users\/38"}],"replies":[{"embeddable":true,"href":"https:\/\/ppdegalicia.com\/es\/wp-json\/wp\/v2\/comments?post=56981"}],"version-history":[{"count":0,"href":"https:\/\/ppdegalicia.com\/es\/wp-json\/wp\/v2\/posts\/56981\/revisions"}],"wp:featuredmedia":[{"embeddable":true,"href":"https:\/\/ppdegalicia.com\/es\/wp-json\/wp\/v2\/media\/56980"}],"wp:attachment":[{"href":"https:\/\/ppdegalicia.com\/es\/wp-json\/wp\/v2\/media?parent=56981"}],"wp:term":[{"taxonomy":"category","embeddable":true,"href":"https:\/\/ppdegalicia.com\/es\/wp-json\/wp\/v2\/categories?post=56981"},{"taxonomy":"post_tag","embeddable":true,"href":"https:\/\/ppdegalicia.com\/es\/wp-json\/wp\/v2\/tags?post=56981"}],"curies":[{"name":"wp","href":"https:\/\/api.w.org\/{rel}","templated":true}]}}