{"id":56997,"date":"2022-05-03T12:42:21","date_gmt":"2022-05-03T10:42:21","guid":{"rendered":"https:\/\/ppdegalicia.com\/o-ppdeg-salienta-que-a-xunta-fai-os-deberes-para-recuperar-o-marisqueo-na-ria-de-ferrol-fronte-ao-goberno-central-que-non-fixo-nada-do-prometido\/"},"modified":"2022-05-03T12:42:21","modified_gmt":"2022-05-03T10:42:21","slug":"o-ppdeg-salienta-que-a-xunta-fai-os-deberes-para-recuperar-o-marisqueo-na-ria-de-ferrol-fronte-ao-goberno-central-que-non-fixo-nada-do-prometido","status":"publish","type":"post","link":"https:\/\/ppdegalicia.com\/es\/o-ppdeg-salienta-que-a-xunta-fai-os-deberes-para-recuperar-o-marisqueo-na-ria-de-ferrol-fronte-ao-goberno-central-que-non-fixo-nada-do-prometido\/","title":{"rendered":"O PPdeG salienta que a Xunta \u201cfai os deberes para recuperar o marisqueo na r\u00eda de Ferrol\u201d fronte ao Goberno central que \u201cnon fixo nada do prometido\u201d"},"content":{"rendered":"<p><img fetchpriority=\"high\" decoding=\"async\" class=\" size-full wp-image-56996\" src=\"https:\/\/ppdegalicia.com\/wp-content\/uploads\/2022\/05\/dfb8cfd1ec6c52df3849a64b6c24c576.jpg\" alt=\"\" width=\"1900\" height=\"1267\" srcset=\"https:\/\/ppdegalicia.com\/wp-content\/uploads\/2022\/05\/dfb8cfd1ec6c52df3849a64b6c24c576.jpg 1900w, https:\/\/ppdegalicia.com\/wp-content\/uploads\/2022\/05\/dfb8cfd1ec6c52df3849a64b6c24c576-300x200.jpg 300w, https:\/\/ppdegalicia.com\/wp-content\/uploads\/2022\/05\/dfb8cfd1ec6c52df3849a64b6c24c576-1024x683.jpg 1024w, https:\/\/ppdegalicia.com\/wp-content\/uploads\/2022\/05\/dfb8cfd1ec6c52df3849a64b6c24c576-768x512.jpg 768w, https:\/\/ppdegalicia.com\/wp-content\/uploads\/2022\/05\/dfb8cfd1ec6c52df3849a64b6c24c576-1536x1024.jpg 1536w\" sizes=\"(max-width: 1900px) 100vw, 1900px\" \/><\/p>\n<p>Santiago, 3 de maio de 2022.- A deputada do Grupo Popular Bego\u00f1a Freire salientou hoxe no Parlamento galego que \u201ca Xunta est\u00e1 a facer os seus deberes para recuperar a produci\u00f3n marisqueira na r\u00eda de Ferrol\u201d e criticou que o Goberno central \u201cnon fixo nada do prometido nin acometeu actuaci\u00f3n algunha para acadar unha soluci\u00f3n, mesmo po\u00f1endo trabas legais para o acceso ao cese de actividade\u201d.<\/p>\n<p><!--more--><\/p>\n<p>Bego\u00f1a Freire explicou que a Xunta \u201crealiza un seguimento constante das poboaci\u00f3ns de moluscos bivalvos de interese comercial da r\u00eda de Ferrol e segue a realizar actuaci\u00f3ns para a mellora da produtividade dos bancos marisqueiros\u201d. \u201cEse seguimento \u00e9 o que permitiu aos t\u00e9cnicos comprobar que a reduci\u00f3n do n\u00famero de exemplares de talle comercial no banco das P\u00edas non era suficiente para comezar a campa\u00f1a de extracci\u00f3n no mes de abril, decidindo pospo\u00f1ela ata xu\u00f1o co obxectivo de preservar, na medida do posible, a presenza de produtores durante a primavera\u201d, engadiu.<\/p>\n<p>\u00a0<\/p>\n<p><strong>MAIOR PRESENZA DE DEPREDADORES<\/strong><\/p>\n<p>\u00a0<\/p>\n<p>\u201cTodo parece indicar que ese descenso nos exemplares se debe a que as condici\u00f3ns meteorol\u00f3xicas e mar\u00edtimas favoreceron unha maior presenza de depredadores na zona, polo que se van intensificar os traballos de retirada destas especies\u201d, manifestou.<\/p>\n<p>\u00a0<\/p>\n<p>A deputada popular salientou que a Conseller\u00eda do Mar adoptou desde 2019 distintas medidas para a mellora dos bancos marisqueiros na r\u00eda de Ferrol, que contaron cun orzamento de arredor de 800.000 euros \u201ce que fixeron que a r\u00eda mostre certos signos de recuperaci\u00f3n, como a mellora da taxa de reproduci\u00f3n da ameixa babosa\u201d.<\/p>\n<p>\u00a0<\/p>\n<p>\u201cA Xunta de Galicia vai sempre as xuntanzas da Mesa de traballo da R\u00eda de Ferrol, con estudos realizados e con proposta de medidas e asumiu o coste de varios estudos, mentres o Goberno Central promete e non cumpre, mant\u00e9ndose como mero espectador\u201d, dixo.<\/p>\n<p>\u00a0<\/p>\n<p>Para rematar, Bego\u00f1a Freire criticou que tanto o BNG como o PSdeG \u201cestean a defender a inacci\u00f3n do Goberno central na r\u00eda de Ferrol, derivando cara a Galicia e os ferrol\u00e1ns os custes que debera asumir o Goberno de Pedro S\u00e1nchez\u201d. <\/p>\n","protected":false},"excerpt":{"rendered":"<p>Santiago, 3 de maio de 2022.- A deputada do Grupo Popular Bego\u00f1a Freire salientou hoxe no Parlamento galego que \u201ca Xunta est\u00e1 a facer os seus deberes para recuperar a produci\u00f3n marisqueira na r\u00eda de Ferrol\u201d e criticou que o Goberno central \u201cnon fixo nada do prometido nin acometeu actuaci\u00f3n algunha para acadar unha soluci\u00f3n, [&hellip;]<\/p>\n","protected":false},"author":38,"featured_media":56996,"comment_status":"open","ping_status":"open","sticky":false,"template":"","format":"standard","meta":{"_acf_changed":false,"footnotes":""},"categories":[1],"tags":[],"class_list":["post-56997","post","type-post","status-publish","format-standard","has-post-thumbnail","hentry","category-pp-de-galicia"],"acf":[],"yoast_head":"<!-- This site is optimized with the Yoast SEO plugin v27.3 - https:\/\/yoast.com\/product\/yoast-seo-wordpress\/ -->\n<title>O PPdeG salienta que a Xunta \u201cfai os deberes para recuperar o marisqueo na r\u00eda de Ferrol\u201d fronte ao Goberno central que \u201cnon fixo nada do prometido\u201d - PP de Galicia<\/title>\n<meta name=\"robots\" content=\"index, follow, max-snippet:-1, max-image-preview:large, max-video-preview:-1\" \/>\n<link rel=\"canonical\" href=\"https:\/\/ppdegalicia.com\/es\/o-ppdeg-salienta-que-a-xunta-fai-os-deberes-para-recuperar-o-marisqueo-na-ria-de-ferrol-fronte-ao-goberno-central-que-non-fixo-nada-do-prometido\/\" \/>\n<meta property=\"og:locale\" content=\"es_ES\" \/>\n<meta property=\"og:type\" content=\"article\" \/>\n<meta property=\"og:title\" content=\"O PPdeG salienta que a Xunta \u201cfai os deberes para recuperar o marisqueo na r\u00eda de Ferrol\u201d fronte ao Goberno central que \u201cnon fixo nada do prometido\u201d - PP de Galicia\" \/>\n<meta property=\"og:description\" content=\"Santiago, 3 de maio de 2022.- A deputada do Grupo Popular Bego\u00f1a Freire salientou hoxe no Parlamento galego que \u201ca Xunta est\u00e1 a facer os seus deberes para recuperar a produci\u00f3n marisqueira na r\u00eda de Ferrol\u201d e criticou que o Goberno central \u201cnon fixo nada do prometido nin acometeu actuaci\u00f3n algunha para acadar unha soluci\u00f3n, [&hellip;]\" \/>\n<meta property=\"og:url\" content=\"https:\/\/ppdegalicia.com\/es\/o-ppdeg-salienta-que-a-xunta-fai-os-deberes-para-recuperar-o-marisqueo-na-ria-de-ferrol-fronte-ao-goberno-central-que-non-fixo-nada-do-prometido\/\" \/>\n<meta property=\"og:site_name\" content=\"PP de Galicia\" \/>\n<meta property=\"article:publisher\" content=\"https:\/\/www.instagram.com\/ppdegalicia\/\" \/>\n<meta property=\"article:published_time\" content=\"2022-05-03T10:42:21+00:00\" \/>\n<meta property=\"og:image\" content=\"https:\/\/ppdegalicia.com\/wp-content\/uploads\/2022\/05\/dfb8cfd1ec6c52df3849a64b6c24c576.jpg\" \/>\n\t<meta property=\"og:image:width\" content=\"1900\" \/>\n\t<meta property=\"og:image:height\" content=\"1267\" \/>\n\t<meta property=\"og:image:type\" content=\"image\/jpeg\" \/>\n<meta name=\"author\" content=\"ppdegaliciaredes\" \/>\n<meta name=\"twitter:card\" content=\"summary_large_image\" \/>\n<meta name=\"twitter:creator\" content=\"@ppdegalicia\" \/>\n<meta name=\"twitter:site\" content=\"@ppdegalicia\" \/>\n<meta name=\"twitter:label1\" content=\"Escrito por\" \/>\n\t<meta name=\"twitter:data1\" content=\"ppdegaliciaredes\" \/>\n\t<meta name=\"twitter:label2\" content=\"Tiempo de lectura\" \/>\n\t<meta name=\"twitter:data2\" content=\"2 minutos\" \/>\n<script type=\"application\/ld+json\" class=\"yoast-schema-graph\">{\"@context\":\"https:\\\/\\\/schema.org\",\"@graph\":[{\"@type\":\"Article\",\"@id\":\"https:\\\/\\\/ppdegalicia.com\\\/es\\\/o-ppdeg-salienta-que-a-xunta-fai-os-deberes-para-recuperar-o-marisqueo-na-ria-de-ferrol-fronte-ao-goberno-central-que-non-fixo-nada-do-prometido\\\/#article\",\"isPartOf\":{\"@id\":\"https:\\\/\\\/ppdegalicia.com\\\/es\\\/o-ppdeg-salienta-que-a-xunta-fai-os-deberes-para-recuperar-o-marisqueo-na-ria-de-ferrol-fronte-ao-goberno-central-que-non-fixo-nada-do-prometido\\\/\"},\"author\":{\"name\":\"ppdegaliciaredes\",\"@id\":\"https:\\\/\\\/ppdegalicia.com\\\/es\\\/#\\\/schema\\\/person\\\/5b822c6f59e872ebdd1142f307dbcb59\"},\"headline\":\"O PPdeG salienta que a Xunta \u201cfai os deberes para recuperar o marisqueo na r\u00eda de Ferrol\u201d fronte ao Goberno central que \u201cnon fixo nada do prometido\u201d\",\"datePublished\":\"2022-05-03T10:42:21+00:00\",\"mainEntityOfPage\":{\"@id\":\"https:\\\/\\\/ppdegalicia.com\\\/es\\\/o-ppdeg-salienta-que-a-xunta-fai-os-deberes-para-recuperar-o-marisqueo-na-ria-de-ferrol-fronte-ao-goberno-central-que-non-fixo-nada-do-prometido\\\/\"},\"wordCount\":394,\"commentCount\":0,\"publisher\":{\"@id\":\"https:\\\/\\\/ppdegalicia.com\\\/es\\\/#organization\"},\"image\":{\"@id\":\"https:\\\/\\\/ppdegalicia.com\\\/es\\\/o-ppdeg-salienta-que-a-xunta-fai-os-deberes-para-recuperar-o-marisqueo-na-ria-de-ferrol-fronte-ao-goberno-central-que-non-fixo-nada-do-prometido\\\/#primaryimage\"},\"thumbnailUrl\":\"https:\\\/\\\/ppdegalicia.com\\\/wp-content\\\/uploads\\\/2022\\\/05\\\/dfb8cfd1ec6c52df3849a64b6c24c576.jpg\",\"articleSection\":[\"PP de Galicia\"],\"inLanguage\":\"es\",\"potentialAction\":[{\"@type\":\"CommentAction\",\"name\":\"Comment\",\"target\":[\"https:\\\/\\\/ppdegalicia.com\\\/es\\\/o-ppdeg-salienta-que-a-xunta-fai-os-deberes-para-recuperar-o-marisqueo-na-ria-de-ferrol-fronte-ao-goberno-central-que-non-fixo-nada-do-prometido\\\/#respond\"]}]},{\"@type\":\"WebPage\",\"@id\":\"https:\\\/\\\/ppdegalicia.com\\\/es\\\/o-ppdeg-salienta-que-a-xunta-fai-os-deberes-para-recuperar-o-marisqueo-na-ria-de-ferrol-fronte-ao-goberno-central-que-non-fixo-nada-do-prometido\\\/\",\"url\":\"https:\\\/\\\/ppdegalicia.com\\\/es\\\/o-ppdeg-salienta-que-a-xunta-fai-os-deberes-para-recuperar-o-marisqueo-na-ria-de-ferrol-fronte-ao-goberno-central-que-non-fixo-nada-do-prometido\\\/\",\"name\":\"O PPdeG salienta que a Xunta \u201cfai os deberes para recuperar o marisqueo na r\u00eda de Ferrol\u201d fronte ao Goberno central que \u201cnon fixo nada do prometido\u201d - PP de Galicia\",\"isPartOf\":{\"@id\":\"https:\\\/\\\/ppdegalicia.com\\\/es\\\/#website\"},\"primaryImageOfPage\":{\"@id\":\"https:\\\/\\\/ppdegalicia.com\\\/es\\\/o-ppdeg-salienta-que-a-xunta-fai-os-deberes-para-recuperar-o-marisqueo-na-ria-de-ferrol-fronte-ao-goberno-central-que-non-fixo-nada-do-prometido\\\/#primaryimage\"},\"image\":{\"@id\":\"https:\\\/\\\/ppdegalicia.com\\\/es\\\/o-ppdeg-salienta-que-a-xunta-fai-os-deberes-para-recuperar-o-marisqueo-na-ria-de-ferrol-fronte-ao-goberno-central-que-non-fixo-nada-do-prometido\\\/#primaryimage\"},\"thumbnailUrl\":\"https:\\\/\\\/ppdegalicia.com\\\/wp-content\\\/uploads\\\/2022\\\/05\\\/dfb8cfd1ec6c52df3849a64b6c24c576.jpg\",\"datePublished\":\"2022-05-03T10:42:21+00:00\",\"breadcrumb\":{\"@id\":\"https:\\\/\\\/ppdegalicia.com\\\/es\\\/o-ppdeg-salienta-que-a-xunta-fai-os-deberes-para-recuperar-o-marisqueo-na-ria-de-ferrol-fronte-ao-goberno-central-que-non-fixo-nada-do-prometido\\\/#breadcrumb\"},\"inLanguage\":\"es\",\"potentialAction\":[{\"@type\":\"ReadAction\",\"target\":[\"https:\\\/\\\/ppdegalicia.com\\\/es\\\/o-ppdeg-salienta-que-a-xunta-fai-os-deberes-para-recuperar-o-marisqueo-na-ria-de-ferrol-fronte-ao-goberno-central-que-non-fixo-nada-do-prometido\\\/\"]}]},{\"@type\":\"ImageObject\",\"inLanguage\":\"es\",\"@id\":\"https:\\\/\\\/ppdegalicia.com\\\/es\\\/o-ppdeg-salienta-que-a-xunta-fai-os-deberes-para-recuperar-o-marisqueo-na-ria-de-ferrol-fronte-ao-goberno-central-que-non-fixo-nada-do-prometido\\\/#primaryimage\",\"url\":\"https:\\\/\\\/ppdegalicia.com\\\/wp-content\\\/uploads\\\/2022\\\/05\\\/dfb8cfd1ec6c52df3849a64b6c24c576.jpg\",\"contentUrl\":\"https:\\\/\\\/ppdegalicia.com\\\/wp-content\\\/uploads\\\/2022\\\/05\\\/dfb8cfd1ec6c52df3849a64b6c24c576.jpg\",\"width\":1900,\"height\":1267},{\"@type\":\"BreadcrumbList\",\"@id\":\"https:\\\/\\\/ppdegalicia.com\\\/es\\\/o-ppdeg-salienta-que-a-xunta-fai-os-deberes-para-recuperar-o-marisqueo-na-ria-de-ferrol-fronte-ao-goberno-central-que-non-fixo-nada-do-prometido\\\/#breadcrumb\",\"itemListElement\":[{\"@type\":\"ListItem\",\"position\":1,\"name\":\"Portada\",\"item\":\"https:\\\/\\\/ppdegalicia.com\\\/es\\\/\"},{\"@type\":\"ListItem\",\"position\":2,\"name\":\"O PPdeG salienta que a Xunta \u201cfai os deberes para recuperar o marisqueo na r\u00eda de Ferrol\u201d fronte ao Goberno central que \u201cnon fixo nada do prometido\u201d\"}]},{\"@type\":\"WebSite\",\"@id\":\"https:\\\/\\\/ppdegalicia.com\\\/es\\\/#website\",\"url\":\"https:\\\/\\\/ppdegalicia.com\\\/es\\\/\",\"name\":\"Partido Popular de Galicia\",\"description\":\"Partido Popular de Galicia\",\"publisher\":{\"@id\":\"https:\\\/\\\/ppdegalicia.com\\\/es\\\/#organization\"},\"alternateName\":\"PP de Galicia\",\"potentialAction\":[{\"@type\":\"SearchAction\",\"target\":{\"@type\":\"EntryPoint\",\"urlTemplate\":\"https:\\\/\\\/ppdegalicia.com\\\/es\\\/?s={search_term_string}\"},\"query-input\":{\"@type\":\"PropertyValueSpecification\",\"valueRequired\":true,\"valueName\":\"search_term_string\"}}],\"inLanguage\":\"es\"},{\"@type\":\"Organization\",\"@id\":\"https:\\\/\\\/ppdegalicia.com\\\/es\\\/#organization\",\"name\":\"Partido Popular de Galicia\",\"alternateName\":\"PP de Galicia\",\"url\":\"https:\\\/\\\/ppdegalicia.com\\\/es\\\/\",\"logo\":{\"@type\":\"ImageObject\",\"inLanguage\":\"es\",\"@id\":\"https:\\\/\\\/ppdegalicia.com\\\/es\\\/#\\\/schema\\\/logo\\\/image\\\/\",\"url\":\"https:\\\/\\\/ppdegalicia.com\\\/wp-content\\\/uploads\\\/2023\\\/04\\\/logoPP512.png\",\"contentUrl\":\"https:\\\/\\\/ppdegalicia.com\\\/wp-content\\\/uploads\\\/2023\\\/04\\\/logoPP512.png\",\"width\":512,\"height\":512,\"caption\":\"Partido Popular de Galicia\"},\"image\":{\"@id\":\"https:\\\/\\\/ppdegalicia.com\\\/es\\\/#\\\/schema\\\/logo\\\/image\\\/\"},\"sameAs\":[\"https:\\\/\\\/www.instagram.com\\\/ppdegalicia\\\/\",\"https:\\\/\\\/x.com\\\/ppdegalicia\",\"https:\\\/\\\/www.tiktok.com\\\/@ppdegalicia\",\"https:\\\/\\\/www.youtube.com\\\/user\\\/ppdegalicia\"]},{\"@type\":\"Person\",\"@id\":\"https:\\\/\\\/ppdegalicia.com\\\/es\\\/#\\\/schema\\\/person\\\/5b822c6f59e872ebdd1142f307dbcb59\",\"name\":\"ppdegaliciaredes\",\"image\":{\"@type\":\"ImageObject\",\"inLanguage\":\"es\",\"@id\":\"https:\\\/\\\/secure.gravatar.com\\\/avatar\\\/3c9179cf0256d00c72a48d1f25783c58b6842cd56e85ef3a572881c8e28ccd59?s=96&d=mm&r=g\",\"url\":\"https:\\\/\\\/secure.gravatar.com\\\/avatar\\\/3c9179cf0256d00c72a48d1f25783c58b6842cd56e85ef3a572881c8e28ccd59?s=96&d=mm&r=g\",\"contentUrl\":\"https:\\\/\\\/secure.gravatar.com\\\/avatar\\\/3c9179cf0256d00c72a48d1f25783c58b6842cd56e85ef3a572881c8e28ccd59?s=96&d=mm&r=g\",\"caption\":\"ppdegaliciaredes\"},\"url\":\"https:\\\/\\\/ppdegalicia.com\\\/es\\\/author\\\/ppdegaliciaredes\\\/\"}]}<\/script>\n<!-- \/ Yoast SEO plugin. -->","yoast_head_json":{"title":"O PPdeG salienta que a Xunta \u201cfai os deberes para recuperar o marisqueo na r\u00eda de Ferrol\u201d fronte ao Goberno central que \u201cnon fixo nada do prometido\u201d - PP de Galicia","robots":{"index":"index","follow":"follow","max-snippet":"max-snippet:-1","max-image-preview":"max-image-preview:large","max-video-preview":"max-video-preview:-1"},"canonical":"https:\/\/ppdegalicia.com\/es\/o-ppdeg-salienta-que-a-xunta-fai-os-deberes-para-recuperar-o-marisqueo-na-ria-de-ferrol-fronte-ao-goberno-central-que-non-fixo-nada-do-prometido\/","og_locale":"es_ES","og_type":"article","og_title":"O PPdeG salienta que a Xunta \u201cfai os deberes para recuperar o marisqueo na r\u00eda de Ferrol\u201d fronte ao Goberno central que \u201cnon fixo nada do prometido\u201d - PP de Galicia","og_description":"Santiago, 3 de maio de 2022.- A deputada do Grupo Popular Bego\u00f1a Freire salientou hoxe no Parlamento galego que \u201ca Xunta est\u00e1 a facer os seus deberes para recuperar a produci\u00f3n marisqueira na r\u00eda de Ferrol\u201d e criticou que o Goberno central \u201cnon fixo nada do prometido nin acometeu actuaci\u00f3n algunha para acadar unha soluci\u00f3n, [&hellip;]","og_url":"https:\/\/ppdegalicia.com\/es\/o-ppdeg-salienta-que-a-xunta-fai-os-deberes-para-recuperar-o-marisqueo-na-ria-de-ferrol-fronte-ao-goberno-central-que-non-fixo-nada-do-prometido\/","og_site_name":"PP de Galicia","article_publisher":"https:\/\/www.instagram.com\/ppdegalicia\/","article_published_time":"2022-05-03T10:42:21+00:00","og_image":[{"width":1900,"height":1267,"url":"https:\/\/ppdegalicia.com\/wp-content\/uploads\/2022\/05\/dfb8cfd1ec6c52df3849a64b6c24c576.jpg","type":"image\/jpeg"}],"author":"ppdegaliciaredes","twitter_card":"summary_large_image","twitter_creator":"@ppdegalicia","twitter_site":"@ppdegalicia","twitter_misc":{"Escrito por":"ppdegaliciaredes","Tiempo de lectura":"2 minutos"},"schema":{"@context":"https:\/\/schema.org","@graph":[{"@type":"Article","@id":"https:\/\/ppdegalicia.com\/es\/o-ppdeg-salienta-que-a-xunta-fai-os-deberes-para-recuperar-o-marisqueo-na-ria-de-ferrol-fronte-ao-goberno-central-que-non-fixo-nada-do-prometido\/#article","isPartOf":{"@id":"https:\/\/ppdegalicia.com\/es\/o-ppdeg-salienta-que-a-xunta-fai-os-deberes-para-recuperar-o-marisqueo-na-ria-de-ferrol-fronte-ao-goberno-central-que-non-fixo-nada-do-prometido\/"},"author":{"name":"ppdegaliciaredes","@id":"https:\/\/ppdegalicia.com\/es\/#\/schema\/person\/5b822c6f59e872ebdd1142f307dbcb59"},"headline":"O PPdeG salienta que a Xunta \u201cfai os deberes para recuperar o marisqueo na r\u00eda de Ferrol\u201d fronte ao Goberno central que \u201cnon fixo nada do prometido\u201d","datePublished":"2022-05-03T10:42:21+00:00","mainEntityOfPage":{"@id":"https:\/\/ppdegalicia.com\/es\/o-ppdeg-salienta-que-a-xunta-fai-os-deberes-para-recuperar-o-marisqueo-na-ria-de-ferrol-fronte-ao-goberno-central-que-non-fixo-nada-do-prometido\/"},"wordCount":394,"commentCount":0,"publisher":{"@id":"https:\/\/ppdegalicia.com\/es\/#organization"},"image":{"@id":"https:\/\/ppdegalicia.com\/es\/o-ppdeg-salienta-que-a-xunta-fai-os-deberes-para-recuperar-o-marisqueo-na-ria-de-ferrol-fronte-ao-goberno-central-que-non-fixo-nada-do-prometido\/#primaryimage"},"thumbnailUrl":"https:\/\/ppdegalicia.com\/wp-content\/uploads\/2022\/05\/dfb8cfd1ec6c52df3849a64b6c24c576.jpg","articleSection":["PP de Galicia"],"inLanguage":"es","potentialAction":[{"@type":"CommentAction","name":"Comment","target":["https:\/\/ppdegalicia.com\/es\/o-ppdeg-salienta-que-a-xunta-fai-os-deberes-para-recuperar-o-marisqueo-na-ria-de-ferrol-fronte-ao-goberno-central-que-non-fixo-nada-do-prometido\/#respond"]}]},{"@type":"WebPage","@id":"https:\/\/ppdegalicia.com\/es\/o-ppdeg-salienta-que-a-xunta-fai-os-deberes-para-recuperar-o-marisqueo-na-ria-de-ferrol-fronte-ao-goberno-central-que-non-fixo-nada-do-prometido\/","url":"https:\/\/ppdegalicia.com\/es\/o-ppdeg-salienta-que-a-xunta-fai-os-deberes-para-recuperar-o-marisqueo-na-ria-de-ferrol-fronte-ao-goberno-central-que-non-fixo-nada-do-prometido\/","name":"O PPdeG salienta que a Xunta \u201cfai os deberes para recuperar o marisqueo na r\u00eda de Ferrol\u201d fronte ao Goberno central que \u201cnon fixo nada do prometido\u201d - PP de Galicia","isPartOf":{"@id":"https:\/\/ppdegalicia.com\/es\/#website"},"primaryImageOfPage":{"@id":"https:\/\/ppdegalicia.com\/es\/o-ppdeg-salienta-que-a-xunta-fai-os-deberes-para-recuperar-o-marisqueo-na-ria-de-ferrol-fronte-ao-goberno-central-que-non-fixo-nada-do-prometido\/#primaryimage"},"image":{"@id":"https:\/\/ppdegalicia.com\/es\/o-ppdeg-salienta-que-a-xunta-fai-os-deberes-para-recuperar-o-marisqueo-na-ria-de-ferrol-fronte-ao-goberno-central-que-non-fixo-nada-do-prometido\/#primaryimage"},"thumbnailUrl":"https:\/\/ppdegalicia.com\/wp-content\/uploads\/2022\/05\/dfb8cfd1ec6c52df3849a64b6c24c576.jpg","datePublished":"2022-05-03T10:42:21+00:00","breadcrumb":{"@id":"https:\/\/ppdegalicia.com\/es\/o-ppdeg-salienta-que-a-xunta-fai-os-deberes-para-recuperar-o-marisqueo-na-ria-de-ferrol-fronte-ao-goberno-central-que-non-fixo-nada-do-prometido\/#breadcrumb"},"inLanguage":"es","potentialAction":[{"@type":"ReadAction","target":["https:\/\/ppdegalicia.com\/es\/o-ppdeg-salienta-que-a-xunta-fai-os-deberes-para-recuperar-o-marisqueo-na-ria-de-ferrol-fronte-ao-goberno-central-que-non-fixo-nada-do-prometido\/"]}]},{"@type":"ImageObject","inLanguage":"es","@id":"https:\/\/ppdegalicia.com\/es\/o-ppdeg-salienta-que-a-xunta-fai-os-deberes-para-recuperar-o-marisqueo-na-ria-de-ferrol-fronte-ao-goberno-central-que-non-fixo-nada-do-prometido\/#primaryimage","url":"https:\/\/ppdegalicia.com\/wp-content\/uploads\/2022\/05\/dfb8cfd1ec6c52df3849a64b6c24c576.jpg","contentUrl":"https:\/\/ppdegalicia.com\/wp-content\/uploads\/2022\/05\/dfb8cfd1ec6c52df3849a64b6c24c576.jpg","width":1900,"height":1267},{"@type":"BreadcrumbList","@id":"https:\/\/ppdegalicia.com\/es\/o-ppdeg-salienta-que-a-xunta-fai-os-deberes-para-recuperar-o-marisqueo-na-ria-de-ferrol-fronte-ao-goberno-central-que-non-fixo-nada-do-prometido\/#breadcrumb","itemListElement":[{"@type":"ListItem","position":1,"name":"Portada","item":"https:\/\/ppdegalicia.com\/es\/"},{"@type":"ListItem","position":2,"name":"O PPdeG salienta que a Xunta \u201cfai os deberes para recuperar o marisqueo na r\u00eda de Ferrol\u201d fronte ao Goberno central que \u201cnon fixo nada do prometido\u201d"}]},{"@type":"WebSite","@id":"https:\/\/ppdegalicia.com\/es\/#website","url":"https:\/\/ppdegalicia.com\/es\/","name":"Partido Popular de Galicia","description":"Partido Popular de Galicia","publisher":{"@id":"https:\/\/ppdegalicia.com\/es\/#organization"},"alternateName":"PP de Galicia","potentialAction":[{"@type":"SearchAction","target":{"@type":"EntryPoint","urlTemplate":"https:\/\/ppdegalicia.com\/es\/?s={search_term_string}"},"query-input":{"@type":"PropertyValueSpecification","valueRequired":true,"valueName":"search_term_string"}}],"inLanguage":"es"},{"@type":"Organization","@id":"https:\/\/ppdegalicia.com\/es\/#organization","name":"Partido Popular de Galicia","alternateName":"PP de Galicia","url":"https:\/\/ppdegalicia.com\/es\/","logo":{"@type":"ImageObject","inLanguage":"es","@id":"https:\/\/ppdegalicia.com\/es\/#\/schema\/logo\/image\/","url":"https:\/\/ppdegalicia.com\/wp-content\/uploads\/2023\/04\/logoPP512.png","contentUrl":"https:\/\/ppdegalicia.com\/wp-content\/uploads\/2023\/04\/logoPP512.png","width":512,"height":512,"caption":"Partido Popular de Galicia"},"image":{"@id":"https:\/\/ppdegalicia.com\/es\/#\/schema\/logo\/image\/"},"sameAs":["https:\/\/www.instagram.com\/ppdegalicia\/","https:\/\/x.com\/ppdegalicia","https:\/\/www.tiktok.com\/@ppdegalicia","https:\/\/www.youtube.com\/user\/ppdegalicia"]},{"@type":"Person","@id":"https:\/\/ppdegalicia.com\/es\/#\/schema\/person\/5b822c6f59e872ebdd1142f307dbcb59","name":"ppdegaliciaredes","image":{"@type":"ImageObject","inLanguage":"es","@id":"https:\/\/secure.gravatar.com\/avatar\/3c9179cf0256d00c72a48d1f25783c58b6842cd56e85ef3a572881c8e28ccd59?s=96&d=mm&r=g","url":"https:\/\/secure.gravatar.com\/avatar\/3c9179cf0256d00c72a48d1f25783c58b6842cd56e85ef3a572881c8e28ccd59?s=96&d=mm&r=g","contentUrl":"https:\/\/secure.gravatar.com\/avatar\/3c9179cf0256d00c72a48d1f25783c58b6842cd56e85ef3a572881c8e28ccd59?s=96&d=mm&r=g","caption":"ppdegaliciaredes"},"url":"https:\/\/ppdegalicia.com\/es\/author\/ppdegaliciaredes\/"}]}},"_links":{"self":[{"href":"https:\/\/ppdegalicia.com\/es\/wp-json\/wp\/v2\/posts\/56997","targetHints":{"allow":["GET"]}}],"collection":[{"href":"https:\/\/ppdegalicia.com\/es\/wp-json\/wp\/v2\/posts"}],"about":[{"href":"https:\/\/ppdegalicia.com\/es\/wp-json\/wp\/v2\/types\/post"}],"author":[{"embeddable":true,"href":"https:\/\/ppdegalicia.com\/es\/wp-json\/wp\/v2\/users\/38"}],"replies":[{"embeddable":true,"href":"https:\/\/ppdegalicia.com\/es\/wp-json\/wp\/v2\/comments?post=56997"}],"version-history":[{"count":0,"href":"https:\/\/ppdegalicia.com\/es\/wp-json\/wp\/v2\/posts\/56997\/revisions"}],"wp:featuredmedia":[{"embeddable":true,"href":"https:\/\/ppdegalicia.com\/es\/wp-json\/wp\/v2\/media\/56996"}],"wp:attachment":[{"href":"https:\/\/ppdegalicia.com\/es\/wp-json\/wp\/v2\/media?parent=56997"}],"wp:term":[{"taxonomy":"category","embeddable":true,"href":"https:\/\/ppdegalicia.com\/es\/wp-json\/wp\/v2\/categories?post=56997"},{"taxonomy":"post_tag","embeddable":true,"href":"https:\/\/ppdegalicia.com\/es\/wp-json\/wp\/v2\/tags?post=56997"}],"curies":[{"name":"wp","href":"https:\/\/api.w.org\/{rel}","templated":true}]}}