{"id":57001,"date":"2022-05-04T12:06:00","date_gmt":"2022-05-04T10:06:00","guid":{"rendered":"https:\/\/ppdegalicia.com\/o-parlamento-demanda-reforzar-as-medidas-para-un-desenvolvemento-eolico-ordenado-compatible-co-medio-ambiente-e-impulsor-de-riqueza\/"},"modified":"2022-05-04T12:06:00","modified_gmt":"2022-05-04T10:06:00","slug":"o-parlamento-demanda-reforzar-as-medidas-para-un-desenvolvemento-eolico-ordenado-compatible-co-medio-ambiente-e-impulsor-de-riqueza","status":"publish","type":"post","link":"https:\/\/ppdegalicia.com\/es\/o-parlamento-demanda-reforzar-as-medidas-para-un-desenvolvemento-eolico-ordenado-compatible-co-medio-ambiente-e-impulsor-de-riqueza\/","title":{"rendered":"O Parlamento demanda reforzar as medidas para un desenvolvemento e\u00f3lico ordenado, compatible co medio ambiente e impulsor de riqueza"},"content":{"rendered":"<p><img fetchpriority=\"high\" decoding=\"async\" class=\" size-full wp-image-57000\" src=\"https:\/\/ppdegalicia.com\/wp-content\/uploads\/2022\/05\/fe43debe365c3734b050f80797ad9725.jpg\" alt=\"\" width=\"1900\" height=\"1267\" srcset=\"https:\/\/ppdegalicia.com\/wp-content\/uploads\/2022\/05\/fe43debe365c3734b050f80797ad9725.jpg 1900w, https:\/\/ppdegalicia.com\/wp-content\/uploads\/2022\/05\/fe43debe365c3734b050f80797ad9725-300x200.jpg 300w, https:\/\/ppdegalicia.com\/wp-content\/uploads\/2022\/05\/fe43debe365c3734b050f80797ad9725-1024x683.jpg 1024w, https:\/\/ppdegalicia.com\/wp-content\/uploads\/2022\/05\/fe43debe365c3734b050f80797ad9725-768x512.jpg 768w, https:\/\/ppdegalicia.com\/wp-content\/uploads\/2022\/05\/fe43debe365c3734b050f80797ad9725-1536x1024.jpg 1536w\" sizes=\"(max-width: 1900px) 100vw, 1900px\" \/><\/p>\n<p>Santiago, 4 de maio de 2022.- O Parlamento de Galicia aprobou hoxe a proposici\u00f3n non de lei do Grupo Popular, co voto en contra de BNG e PSdeG, a trav\u00e9s da que se insta \u00e1 Xunta a avanzar na pol\u00edtica enerx\u00e9tica impulsada nos \u00faltimos anos, consolidando e reforzando as medidas adoptadas en favor dun desenvolvemento e\u00f3lico ordenado, compatible coa protecci\u00f3n do medio ambiente e impulsor de riqueza e emprego.<\/p>\n<p><!--more--><\/p>\n<p>A portavoz de Enerx\u00eda, Marta N\u00f3voa, manifestou que \u201cestamos nun momento de m\u00e1xima incerteza econ\u00f3mica e unha das principais causas \u00e9 o elevado prezo da enerx\u00eda, motivado por unha pol\u00edtica de transici\u00f3n enerx\u00e9tica desordenada, inxusta e claramente ideol\u00f3xica do Goberno central, que non foi capaz de prever as consecuencias sobre a industria, as pequenas e medianas empresas, os aut\u00f3nomos e as familias\u201d.<\/p>\n<p>\u00a0<\/p>\n<p><strong>M\u00c1XIMAS GARANT\u00cdAS<\/strong><\/p>\n<p>\u00a0<\/p>\n<p>\u201cNeste escenario existe unha necesidade de establecer un compromiso claro para que Galicia contin\u00fae liderando un desenvolvemento e\u00f3lico compatible e que mante\u00f1a as m\u00e1ximas garant\u00edas t\u00e9cnicas, xur\u00eddicas e ambientais necesarias para os proxectos que resulten aprobados tras unha tramitaci\u00f3n transparente e de conformidade co marco legal vixente\u201d, sinalou.<\/p>\n<p>\u00a0<\/p>\n<p>En primeiro lugar, a proposici\u00f3n non de lei aprobada hoxe solicita que se asegure a vixencia do Plan E\u00f3lico de Galicia como un instrumento espec\u00edfico de ordenaci\u00f3n territorial que est\u00e1 a permitir racionalizar o aproveitamento desta enerx\u00eda renovable e maximizar o valor engadido deste investimento sobre o tecido industrial e social da Comunidade Aut\u00f3noma. Neste sentido, Marta N\u00f3voa concretou que este plan \u201cdefine unhas \u00e1reas de desenvolvemento concreta, que, xunto \u00e1 prohibici\u00f3n de implantar parques e\u00f3licos en espazos da Rede Natura, garanten que o 77,5 por cento do territorio galego estea exento de e\u00f3licos\u201d.<\/p>\n<p>\u00a0<\/p>\n<p>As\u00ed mesmo, reit\u00e9rase a modificaci\u00f3n da distancia para a colocaci\u00f3n dos aeroxeneradores, que consiste en aplicar 5 veces a altura do aeroxerador para os novos proxectos; ao tempo que solicita que se mante\u00f1a ata o 30 de xu\u00f1o de 2023 a moratoria para novos proxectos, co obxecto de xestionar coas m\u00e1ximas garant\u00edas os 275 expedientes de tramitaci\u00f3n auton\u00f3mica existentes, a excepci\u00f3n daqueles que pos\u00faan unha funci\u00f3n vertebradora e estructurante no territorio.<\/p>\n<p>\u00a0<\/p>\n<p>A iniciativa aprobada hoxe tam\u00e9n pide reforzar a transparencia, achegando informaci\u00f3n aos concellos, \u00e1 cidadan\u00eda e ao resto de entidades interesadas; impulsar unha modificaci\u00f3n lexislativa aos efectos de dar prioridade na tramitaci\u00f3n aos proxectos e\u00f3licos en Galicia que destinen o 50 por cento da enerx\u00eda que produzan \u00e1 industria asentada en Galicia, a trav\u00e9s de contratos a largo prazo do prezo da enerx\u00eda.<\/p>\n<p>\u00a0<\/p>\n<p><strong>COMPROMISO DO GOBERNO CENTRAL<\/strong><\/p>\n<p>\u00a0<\/p>\n<p>A proposici\u00f3n no de lei considera necesario o compromiso do Goberno central un desenvolvemento \u00e1xil, ordenado e garantista do sector e\u00f3lico, polo que tam\u00e9n se lle solicita o cumprimento do marco legal establecido en Galicia no exercicio das competencias auton\u00f3micas, con motivo da tramitaci\u00f3n dos proxectos e\u00f3licos de m\u00e1is de 50 MW de potencia, facendo decaer aqueles expedientes que non cumpran coa normativa galega e te\u00f1an sido informados negativamente pola Xunta de Galicia.<\/p>\n<p>\u00a0<\/p>\n<p>As\u00ed mesmo, dem\u00e1ndase a sinatura dun convenio de colaboraci\u00f3n entre o Ministerio para a Transici\u00f3n Ecol\u00f3xica e o Reto Demogr\u00e1fico e a Xunta de Galicia para coordinar o desenvolvemento e\u00f3lico no territorio galego; o establecemento de figuras de priorizaci\u00f3n na tramitaci\u00f3n dos proxectos que sexan de competencia estatal en favor daqueles que estean vencellados \u00e1 consolidaci\u00f3n da industria e emprego en Galicia; e, por \u00faltimo, evitar volver a considerar o canon e\u00f3lico como un suplemento territorial, na medida que se trata dun tributo medioambiental dirixido a compensar o impacto no territorio.<\/p>\n","protected":false},"excerpt":{"rendered":"<p>Santiago, 4 de maio de 2022.- O Parlamento de Galicia aprobou hoxe a proposici\u00f3n non de lei do Grupo Popular, co voto en contra de BNG e PSdeG, a trav\u00e9s da que se insta \u00e1 Xunta a avanzar na pol\u00edtica enerx\u00e9tica impulsada nos \u00faltimos anos, consolidando e reforzando as medidas adoptadas en favor dun desenvolvemento [&hellip;]<\/p>\n","protected":false},"author":38,"featured_media":57000,"comment_status":"open","ping_status":"open","sticky":false,"template":"","format":"standard","meta":{"_acf_changed":false,"footnotes":""},"categories":[1],"tags":[],"class_list":["post-57001","post","type-post","status-publish","format-standard","has-post-thumbnail","hentry","category-pp-de-galicia"],"acf":[],"yoast_head":"<!-- This site is optimized with the Yoast SEO plugin v27.3 - https:\/\/yoast.com\/product\/yoast-seo-wordpress\/ -->\n<title>O Parlamento demanda reforzar as medidas para un desenvolvemento e\u00f3lico ordenado, compatible co medio ambiente e impulsor de riqueza - PP de Galicia<\/title>\n<meta name=\"robots\" content=\"index, follow, max-snippet:-1, max-image-preview:large, max-video-preview:-1\" \/>\n<link rel=\"canonical\" href=\"https:\/\/ppdegalicia.com\/es\/o-parlamento-demanda-reforzar-as-medidas-para-un-desenvolvemento-eolico-ordenado-compatible-co-medio-ambiente-e-impulsor-de-riqueza\/\" \/>\n<meta property=\"og:locale\" content=\"es_ES\" \/>\n<meta property=\"og:type\" content=\"article\" \/>\n<meta property=\"og:title\" content=\"O Parlamento demanda reforzar as medidas para un desenvolvemento e\u00f3lico ordenado, compatible co medio ambiente e impulsor de riqueza - PP de Galicia\" \/>\n<meta property=\"og:description\" content=\"Santiago, 4 de maio de 2022.- O Parlamento de Galicia aprobou hoxe a proposici\u00f3n non de lei do Grupo Popular, co voto en contra de BNG e PSdeG, a trav\u00e9s da que se insta \u00e1 Xunta a avanzar na pol\u00edtica enerx\u00e9tica impulsada nos \u00faltimos anos, consolidando e reforzando as medidas adoptadas en favor dun desenvolvemento [&hellip;]\" \/>\n<meta property=\"og:url\" content=\"https:\/\/ppdegalicia.com\/es\/o-parlamento-demanda-reforzar-as-medidas-para-un-desenvolvemento-eolico-ordenado-compatible-co-medio-ambiente-e-impulsor-de-riqueza\/\" \/>\n<meta property=\"og:site_name\" content=\"PP de Galicia\" \/>\n<meta property=\"article:publisher\" content=\"https:\/\/www.instagram.com\/ppdegalicia\/\" \/>\n<meta property=\"article:published_time\" content=\"2022-05-04T10:06:00+00:00\" \/>\n<meta property=\"og:image\" content=\"https:\/\/ppdegalicia.com\/wp-content\/uploads\/2022\/05\/fe43debe365c3734b050f80797ad9725.jpg\" \/>\n\t<meta property=\"og:image:width\" content=\"1900\" \/>\n\t<meta property=\"og:image:height\" content=\"1267\" \/>\n\t<meta property=\"og:image:type\" content=\"image\/jpeg\" \/>\n<meta name=\"author\" content=\"ppdegaliciaredes\" \/>\n<meta name=\"twitter:card\" content=\"summary_large_image\" \/>\n<meta name=\"twitter:creator\" content=\"@ppdegalicia\" \/>\n<meta name=\"twitter:site\" content=\"@ppdegalicia\" \/>\n<meta name=\"twitter:label1\" content=\"Escrito por\" \/>\n\t<meta name=\"twitter:data1\" content=\"ppdegaliciaredes\" \/>\n\t<meta name=\"twitter:label2\" content=\"Tiempo de lectura\" \/>\n\t<meta name=\"twitter:data2\" content=\"3 minutos\" \/>\n<script type=\"application\/ld+json\" class=\"yoast-schema-graph\">{\"@context\":\"https:\\\/\\\/schema.org\",\"@graph\":[{\"@type\":\"Article\",\"@id\":\"https:\\\/\\\/ppdegalicia.com\\\/es\\\/o-parlamento-demanda-reforzar-as-medidas-para-un-desenvolvemento-eolico-ordenado-compatible-co-medio-ambiente-e-impulsor-de-riqueza\\\/#article\",\"isPartOf\":{\"@id\":\"https:\\\/\\\/ppdegalicia.com\\\/es\\\/o-parlamento-demanda-reforzar-as-medidas-para-un-desenvolvemento-eolico-ordenado-compatible-co-medio-ambiente-e-impulsor-de-riqueza\\\/\"},\"author\":{\"name\":\"ppdegaliciaredes\",\"@id\":\"https:\\\/\\\/ppdegalicia.com\\\/es\\\/#\\\/schema\\\/person\\\/5b822c6f59e872ebdd1142f307dbcb59\"},\"headline\":\"O Parlamento demanda reforzar as medidas para un desenvolvemento e\u00f3lico ordenado, compatible co medio ambiente e impulsor de riqueza\",\"datePublished\":\"2022-05-04T10:06:00+00:00\",\"mainEntityOfPage\":{\"@id\":\"https:\\\/\\\/ppdegalicia.com\\\/es\\\/o-parlamento-demanda-reforzar-as-medidas-para-un-desenvolvemento-eolico-ordenado-compatible-co-medio-ambiente-e-impulsor-de-riqueza\\\/\"},\"wordCount\":658,\"commentCount\":0,\"publisher\":{\"@id\":\"https:\\\/\\\/ppdegalicia.com\\\/es\\\/#organization\"},\"image\":{\"@id\":\"https:\\\/\\\/ppdegalicia.com\\\/es\\\/o-parlamento-demanda-reforzar-as-medidas-para-un-desenvolvemento-eolico-ordenado-compatible-co-medio-ambiente-e-impulsor-de-riqueza\\\/#primaryimage\"},\"thumbnailUrl\":\"https:\\\/\\\/ppdegalicia.com\\\/wp-content\\\/uploads\\\/2022\\\/05\\\/fe43debe365c3734b050f80797ad9725.jpg\",\"articleSection\":[\"PP de Galicia\"],\"inLanguage\":\"es\",\"potentialAction\":[{\"@type\":\"CommentAction\",\"name\":\"Comment\",\"target\":[\"https:\\\/\\\/ppdegalicia.com\\\/es\\\/o-parlamento-demanda-reforzar-as-medidas-para-un-desenvolvemento-eolico-ordenado-compatible-co-medio-ambiente-e-impulsor-de-riqueza\\\/#respond\"]}]},{\"@type\":\"WebPage\",\"@id\":\"https:\\\/\\\/ppdegalicia.com\\\/es\\\/o-parlamento-demanda-reforzar-as-medidas-para-un-desenvolvemento-eolico-ordenado-compatible-co-medio-ambiente-e-impulsor-de-riqueza\\\/\",\"url\":\"https:\\\/\\\/ppdegalicia.com\\\/es\\\/o-parlamento-demanda-reforzar-as-medidas-para-un-desenvolvemento-eolico-ordenado-compatible-co-medio-ambiente-e-impulsor-de-riqueza\\\/\",\"name\":\"O Parlamento demanda reforzar as medidas para un desenvolvemento e\u00f3lico ordenado, compatible co medio ambiente e impulsor de riqueza - PP de Galicia\",\"isPartOf\":{\"@id\":\"https:\\\/\\\/ppdegalicia.com\\\/es\\\/#website\"},\"primaryImageOfPage\":{\"@id\":\"https:\\\/\\\/ppdegalicia.com\\\/es\\\/o-parlamento-demanda-reforzar-as-medidas-para-un-desenvolvemento-eolico-ordenado-compatible-co-medio-ambiente-e-impulsor-de-riqueza\\\/#primaryimage\"},\"image\":{\"@id\":\"https:\\\/\\\/ppdegalicia.com\\\/es\\\/o-parlamento-demanda-reforzar-as-medidas-para-un-desenvolvemento-eolico-ordenado-compatible-co-medio-ambiente-e-impulsor-de-riqueza\\\/#primaryimage\"},\"thumbnailUrl\":\"https:\\\/\\\/ppdegalicia.com\\\/wp-content\\\/uploads\\\/2022\\\/05\\\/fe43debe365c3734b050f80797ad9725.jpg\",\"datePublished\":\"2022-05-04T10:06:00+00:00\",\"breadcrumb\":{\"@id\":\"https:\\\/\\\/ppdegalicia.com\\\/es\\\/o-parlamento-demanda-reforzar-as-medidas-para-un-desenvolvemento-eolico-ordenado-compatible-co-medio-ambiente-e-impulsor-de-riqueza\\\/#breadcrumb\"},\"inLanguage\":\"es\",\"potentialAction\":[{\"@type\":\"ReadAction\",\"target\":[\"https:\\\/\\\/ppdegalicia.com\\\/es\\\/o-parlamento-demanda-reforzar-as-medidas-para-un-desenvolvemento-eolico-ordenado-compatible-co-medio-ambiente-e-impulsor-de-riqueza\\\/\"]}]},{\"@type\":\"ImageObject\",\"inLanguage\":\"es\",\"@id\":\"https:\\\/\\\/ppdegalicia.com\\\/es\\\/o-parlamento-demanda-reforzar-as-medidas-para-un-desenvolvemento-eolico-ordenado-compatible-co-medio-ambiente-e-impulsor-de-riqueza\\\/#primaryimage\",\"url\":\"https:\\\/\\\/ppdegalicia.com\\\/wp-content\\\/uploads\\\/2022\\\/05\\\/fe43debe365c3734b050f80797ad9725.jpg\",\"contentUrl\":\"https:\\\/\\\/ppdegalicia.com\\\/wp-content\\\/uploads\\\/2022\\\/05\\\/fe43debe365c3734b050f80797ad9725.jpg\",\"width\":1900,\"height\":1267},{\"@type\":\"BreadcrumbList\",\"@id\":\"https:\\\/\\\/ppdegalicia.com\\\/es\\\/o-parlamento-demanda-reforzar-as-medidas-para-un-desenvolvemento-eolico-ordenado-compatible-co-medio-ambiente-e-impulsor-de-riqueza\\\/#breadcrumb\",\"itemListElement\":[{\"@type\":\"ListItem\",\"position\":1,\"name\":\"Portada\",\"item\":\"https:\\\/\\\/ppdegalicia.com\\\/es\\\/\"},{\"@type\":\"ListItem\",\"position\":2,\"name\":\"O Parlamento demanda reforzar as medidas para un desenvolvemento e\u00f3lico ordenado, compatible co medio ambiente e impulsor de riqueza\"}]},{\"@type\":\"WebSite\",\"@id\":\"https:\\\/\\\/ppdegalicia.com\\\/es\\\/#website\",\"url\":\"https:\\\/\\\/ppdegalicia.com\\\/es\\\/\",\"name\":\"Partido Popular de Galicia\",\"description\":\"Partido Popular de Galicia\",\"publisher\":{\"@id\":\"https:\\\/\\\/ppdegalicia.com\\\/es\\\/#organization\"},\"alternateName\":\"PP de Galicia\",\"potentialAction\":[{\"@type\":\"SearchAction\",\"target\":{\"@type\":\"EntryPoint\",\"urlTemplate\":\"https:\\\/\\\/ppdegalicia.com\\\/es\\\/?s={search_term_string}\"},\"query-input\":{\"@type\":\"PropertyValueSpecification\",\"valueRequired\":true,\"valueName\":\"search_term_string\"}}],\"inLanguage\":\"es\"},{\"@type\":\"Organization\",\"@id\":\"https:\\\/\\\/ppdegalicia.com\\\/es\\\/#organization\",\"name\":\"Partido Popular de Galicia\",\"alternateName\":\"PP de Galicia\",\"url\":\"https:\\\/\\\/ppdegalicia.com\\\/es\\\/\",\"logo\":{\"@type\":\"ImageObject\",\"inLanguage\":\"es\",\"@id\":\"https:\\\/\\\/ppdegalicia.com\\\/es\\\/#\\\/schema\\\/logo\\\/image\\\/\",\"url\":\"https:\\\/\\\/ppdegalicia.com\\\/wp-content\\\/uploads\\\/2023\\\/04\\\/logoPP512.png\",\"contentUrl\":\"https:\\\/\\\/ppdegalicia.com\\\/wp-content\\\/uploads\\\/2023\\\/04\\\/logoPP512.png\",\"width\":512,\"height\":512,\"caption\":\"Partido Popular de Galicia\"},\"image\":{\"@id\":\"https:\\\/\\\/ppdegalicia.com\\\/es\\\/#\\\/schema\\\/logo\\\/image\\\/\"},\"sameAs\":[\"https:\\\/\\\/www.instagram.com\\\/ppdegalicia\\\/\",\"https:\\\/\\\/x.com\\\/ppdegalicia\",\"https:\\\/\\\/www.tiktok.com\\\/@ppdegalicia\",\"https:\\\/\\\/www.youtube.com\\\/user\\\/ppdegalicia\"]},{\"@type\":\"Person\",\"@id\":\"https:\\\/\\\/ppdegalicia.com\\\/es\\\/#\\\/schema\\\/person\\\/5b822c6f59e872ebdd1142f307dbcb59\",\"name\":\"ppdegaliciaredes\",\"image\":{\"@type\":\"ImageObject\",\"inLanguage\":\"es\",\"@id\":\"https:\\\/\\\/secure.gravatar.com\\\/avatar\\\/3c9179cf0256d00c72a48d1f25783c58b6842cd56e85ef3a572881c8e28ccd59?s=96&d=mm&r=g\",\"url\":\"https:\\\/\\\/secure.gravatar.com\\\/avatar\\\/3c9179cf0256d00c72a48d1f25783c58b6842cd56e85ef3a572881c8e28ccd59?s=96&d=mm&r=g\",\"contentUrl\":\"https:\\\/\\\/secure.gravatar.com\\\/avatar\\\/3c9179cf0256d00c72a48d1f25783c58b6842cd56e85ef3a572881c8e28ccd59?s=96&d=mm&r=g\",\"caption\":\"ppdegaliciaredes\"},\"url\":\"https:\\\/\\\/ppdegalicia.com\\\/es\\\/author\\\/ppdegaliciaredes\\\/\"}]}<\/script>\n<!-- \/ Yoast SEO plugin. -->","yoast_head_json":{"title":"O Parlamento demanda reforzar as medidas para un desenvolvemento e\u00f3lico ordenado, compatible co medio ambiente e impulsor de riqueza - PP de Galicia","robots":{"index":"index","follow":"follow","max-snippet":"max-snippet:-1","max-image-preview":"max-image-preview:large","max-video-preview":"max-video-preview:-1"},"canonical":"https:\/\/ppdegalicia.com\/es\/o-parlamento-demanda-reforzar-as-medidas-para-un-desenvolvemento-eolico-ordenado-compatible-co-medio-ambiente-e-impulsor-de-riqueza\/","og_locale":"es_ES","og_type":"article","og_title":"O Parlamento demanda reforzar as medidas para un desenvolvemento e\u00f3lico ordenado, compatible co medio ambiente e impulsor de riqueza - PP de Galicia","og_description":"Santiago, 4 de maio de 2022.- O Parlamento de Galicia aprobou hoxe a proposici\u00f3n non de lei do Grupo Popular, co voto en contra de BNG e PSdeG, a trav\u00e9s da que se insta \u00e1 Xunta a avanzar na pol\u00edtica enerx\u00e9tica impulsada nos \u00faltimos anos, consolidando e reforzando as medidas adoptadas en favor dun desenvolvemento [&hellip;]","og_url":"https:\/\/ppdegalicia.com\/es\/o-parlamento-demanda-reforzar-as-medidas-para-un-desenvolvemento-eolico-ordenado-compatible-co-medio-ambiente-e-impulsor-de-riqueza\/","og_site_name":"PP de Galicia","article_publisher":"https:\/\/www.instagram.com\/ppdegalicia\/","article_published_time":"2022-05-04T10:06:00+00:00","og_image":[{"width":1900,"height":1267,"url":"https:\/\/ppdegalicia.com\/wp-content\/uploads\/2022\/05\/fe43debe365c3734b050f80797ad9725.jpg","type":"image\/jpeg"}],"author":"ppdegaliciaredes","twitter_card":"summary_large_image","twitter_creator":"@ppdegalicia","twitter_site":"@ppdegalicia","twitter_misc":{"Escrito por":"ppdegaliciaredes","Tiempo de lectura":"3 minutos"},"schema":{"@context":"https:\/\/schema.org","@graph":[{"@type":"Article","@id":"https:\/\/ppdegalicia.com\/es\/o-parlamento-demanda-reforzar-as-medidas-para-un-desenvolvemento-eolico-ordenado-compatible-co-medio-ambiente-e-impulsor-de-riqueza\/#article","isPartOf":{"@id":"https:\/\/ppdegalicia.com\/es\/o-parlamento-demanda-reforzar-as-medidas-para-un-desenvolvemento-eolico-ordenado-compatible-co-medio-ambiente-e-impulsor-de-riqueza\/"},"author":{"name":"ppdegaliciaredes","@id":"https:\/\/ppdegalicia.com\/es\/#\/schema\/person\/5b822c6f59e872ebdd1142f307dbcb59"},"headline":"O Parlamento demanda reforzar as medidas para un desenvolvemento e\u00f3lico ordenado, compatible co medio ambiente e impulsor de riqueza","datePublished":"2022-05-04T10:06:00+00:00","mainEntityOfPage":{"@id":"https:\/\/ppdegalicia.com\/es\/o-parlamento-demanda-reforzar-as-medidas-para-un-desenvolvemento-eolico-ordenado-compatible-co-medio-ambiente-e-impulsor-de-riqueza\/"},"wordCount":658,"commentCount":0,"publisher":{"@id":"https:\/\/ppdegalicia.com\/es\/#organization"},"image":{"@id":"https:\/\/ppdegalicia.com\/es\/o-parlamento-demanda-reforzar-as-medidas-para-un-desenvolvemento-eolico-ordenado-compatible-co-medio-ambiente-e-impulsor-de-riqueza\/#primaryimage"},"thumbnailUrl":"https:\/\/ppdegalicia.com\/wp-content\/uploads\/2022\/05\/fe43debe365c3734b050f80797ad9725.jpg","articleSection":["PP de Galicia"],"inLanguage":"es","potentialAction":[{"@type":"CommentAction","name":"Comment","target":["https:\/\/ppdegalicia.com\/es\/o-parlamento-demanda-reforzar-as-medidas-para-un-desenvolvemento-eolico-ordenado-compatible-co-medio-ambiente-e-impulsor-de-riqueza\/#respond"]}]},{"@type":"WebPage","@id":"https:\/\/ppdegalicia.com\/es\/o-parlamento-demanda-reforzar-as-medidas-para-un-desenvolvemento-eolico-ordenado-compatible-co-medio-ambiente-e-impulsor-de-riqueza\/","url":"https:\/\/ppdegalicia.com\/es\/o-parlamento-demanda-reforzar-as-medidas-para-un-desenvolvemento-eolico-ordenado-compatible-co-medio-ambiente-e-impulsor-de-riqueza\/","name":"O Parlamento demanda reforzar as medidas para un desenvolvemento e\u00f3lico ordenado, compatible co medio ambiente e impulsor de riqueza - PP de Galicia","isPartOf":{"@id":"https:\/\/ppdegalicia.com\/es\/#website"},"primaryImageOfPage":{"@id":"https:\/\/ppdegalicia.com\/es\/o-parlamento-demanda-reforzar-as-medidas-para-un-desenvolvemento-eolico-ordenado-compatible-co-medio-ambiente-e-impulsor-de-riqueza\/#primaryimage"},"image":{"@id":"https:\/\/ppdegalicia.com\/es\/o-parlamento-demanda-reforzar-as-medidas-para-un-desenvolvemento-eolico-ordenado-compatible-co-medio-ambiente-e-impulsor-de-riqueza\/#primaryimage"},"thumbnailUrl":"https:\/\/ppdegalicia.com\/wp-content\/uploads\/2022\/05\/fe43debe365c3734b050f80797ad9725.jpg","datePublished":"2022-05-04T10:06:00+00:00","breadcrumb":{"@id":"https:\/\/ppdegalicia.com\/es\/o-parlamento-demanda-reforzar-as-medidas-para-un-desenvolvemento-eolico-ordenado-compatible-co-medio-ambiente-e-impulsor-de-riqueza\/#breadcrumb"},"inLanguage":"es","potentialAction":[{"@type":"ReadAction","target":["https:\/\/ppdegalicia.com\/es\/o-parlamento-demanda-reforzar-as-medidas-para-un-desenvolvemento-eolico-ordenado-compatible-co-medio-ambiente-e-impulsor-de-riqueza\/"]}]},{"@type":"ImageObject","inLanguage":"es","@id":"https:\/\/ppdegalicia.com\/es\/o-parlamento-demanda-reforzar-as-medidas-para-un-desenvolvemento-eolico-ordenado-compatible-co-medio-ambiente-e-impulsor-de-riqueza\/#primaryimage","url":"https:\/\/ppdegalicia.com\/wp-content\/uploads\/2022\/05\/fe43debe365c3734b050f80797ad9725.jpg","contentUrl":"https:\/\/ppdegalicia.com\/wp-content\/uploads\/2022\/05\/fe43debe365c3734b050f80797ad9725.jpg","width":1900,"height":1267},{"@type":"BreadcrumbList","@id":"https:\/\/ppdegalicia.com\/es\/o-parlamento-demanda-reforzar-as-medidas-para-un-desenvolvemento-eolico-ordenado-compatible-co-medio-ambiente-e-impulsor-de-riqueza\/#breadcrumb","itemListElement":[{"@type":"ListItem","position":1,"name":"Portada","item":"https:\/\/ppdegalicia.com\/es\/"},{"@type":"ListItem","position":2,"name":"O Parlamento demanda reforzar as medidas para un desenvolvemento e\u00f3lico ordenado, compatible co medio ambiente e impulsor de riqueza"}]},{"@type":"WebSite","@id":"https:\/\/ppdegalicia.com\/es\/#website","url":"https:\/\/ppdegalicia.com\/es\/","name":"Partido Popular de Galicia","description":"Partido Popular de Galicia","publisher":{"@id":"https:\/\/ppdegalicia.com\/es\/#organization"},"alternateName":"PP de Galicia","potentialAction":[{"@type":"SearchAction","target":{"@type":"EntryPoint","urlTemplate":"https:\/\/ppdegalicia.com\/es\/?s={search_term_string}"},"query-input":{"@type":"PropertyValueSpecification","valueRequired":true,"valueName":"search_term_string"}}],"inLanguage":"es"},{"@type":"Organization","@id":"https:\/\/ppdegalicia.com\/es\/#organization","name":"Partido Popular de Galicia","alternateName":"PP de Galicia","url":"https:\/\/ppdegalicia.com\/es\/","logo":{"@type":"ImageObject","inLanguage":"es","@id":"https:\/\/ppdegalicia.com\/es\/#\/schema\/logo\/image\/","url":"https:\/\/ppdegalicia.com\/wp-content\/uploads\/2023\/04\/logoPP512.png","contentUrl":"https:\/\/ppdegalicia.com\/wp-content\/uploads\/2023\/04\/logoPP512.png","width":512,"height":512,"caption":"Partido Popular de Galicia"},"image":{"@id":"https:\/\/ppdegalicia.com\/es\/#\/schema\/logo\/image\/"},"sameAs":["https:\/\/www.instagram.com\/ppdegalicia\/","https:\/\/x.com\/ppdegalicia","https:\/\/www.tiktok.com\/@ppdegalicia","https:\/\/www.youtube.com\/user\/ppdegalicia"]},{"@type":"Person","@id":"https:\/\/ppdegalicia.com\/es\/#\/schema\/person\/5b822c6f59e872ebdd1142f307dbcb59","name":"ppdegaliciaredes","image":{"@type":"ImageObject","inLanguage":"es","@id":"https:\/\/secure.gravatar.com\/avatar\/3c9179cf0256d00c72a48d1f25783c58b6842cd56e85ef3a572881c8e28ccd59?s=96&d=mm&r=g","url":"https:\/\/secure.gravatar.com\/avatar\/3c9179cf0256d00c72a48d1f25783c58b6842cd56e85ef3a572881c8e28ccd59?s=96&d=mm&r=g","contentUrl":"https:\/\/secure.gravatar.com\/avatar\/3c9179cf0256d00c72a48d1f25783c58b6842cd56e85ef3a572881c8e28ccd59?s=96&d=mm&r=g","caption":"ppdegaliciaredes"},"url":"https:\/\/ppdegalicia.com\/es\/author\/ppdegaliciaredes\/"}]}},"_links":{"self":[{"href":"https:\/\/ppdegalicia.com\/es\/wp-json\/wp\/v2\/posts\/57001","targetHints":{"allow":["GET"]}}],"collection":[{"href":"https:\/\/ppdegalicia.com\/es\/wp-json\/wp\/v2\/posts"}],"about":[{"href":"https:\/\/ppdegalicia.com\/es\/wp-json\/wp\/v2\/types\/post"}],"author":[{"embeddable":true,"href":"https:\/\/ppdegalicia.com\/es\/wp-json\/wp\/v2\/users\/38"}],"replies":[{"embeddable":true,"href":"https:\/\/ppdegalicia.com\/es\/wp-json\/wp\/v2\/comments?post=57001"}],"version-history":[{"count":0,"href":"https:\/\/ppdegalicia.com\/es\/wp-json\/wp\/v2\/posts\/57001\/revisions"}],"wp:featuredmedia":[{"embeddable":true,"href":"https:\/\/ppdegalicia.com\/es\/wp-json\/wp\/v2\/media\/57000"}],"wp:attachment":[{"href":"https:\/\/ppdegalicia.com\/es\/wp-json\/wp\/v2\/media?parent=57001"}],"wp:term":[{"taxonomy":"category","embeddable":true,"href":"https:\/\/ppdegalicia.com\/es\/wp-json\/wp\/v2\/categories?post=57001"},{"taxonomy":"post_tag","embeddable":true,"href":"https:\/\/ppdegalicia.com\/es\/wp-json\/wp\/v2\/tags?post=57001"}],"curies":[{"name":"wp","href":"https:\/\/api.w.org\/{rel}","templated":true}]}}