{"id":57029,"date":"2022-05-10T10:34:42","date_gmt":"2022-05-10T08:34:42","guid":{"rendered":"https:\/\/ppdegalicia.com\/puy-cualifica-o-discurso-de-alfonso-rueda-como-acaido-e-que-garante-a-estabilidade-politica-de-galicia\/"},"modified":"2022-05-10T10:34:42","modified_gmt":"2022-05-10T08:34:42","slug":"puy-cualifica-o-discurso-de-alfonso-rueda-como-acaido-e-que-garante-a-estabilidade-politica-de-galicia","status":"publish","type":"post","link":"https:\/\/ppdegalicia.com\/es\/puy-cualifica-o-discurso-de-alfonso-rueda-como-acaido-e-que-garante-a-estabilidade-politica-de-galicia\/","title":{"rendered":"Puy cualifica o discurso de Alfonso Rueda como \u201caca\u00eddo e que garante a estabilidade pol\u00edtica de Galicia\u201d"},"content":{"rendered":"<p><img fetchpriority=\"high\" decoding=\"async\" class=\" size-full wp-image-57028\" src=\"https:\/\/ppdegalicia.com\/wp-content\/uploads\/2022\/05\/11817c95f9b80e26f43a76dca447c5a3.jpg\" alt=\"\" width=\"1900\" height=\"1267\" srcset=\"https:\/\/ppdegalicia.com\/wp-content\/uploads\/2022\/05\/11817c95f9b80e26f43a76dca447c5a3.jpg 1900w, https:\/\/ppdegalicia.com\/wp-content\/uploads\/2022\/05\/11817c95f9b80e26f43a76dca447c5a3-300x200.jpg 300w, https:\/\/ppdegalicia.com\/wp-content\/uploads\/2022\/05\/11817c95f9b80e26f43a76dca447c5a3-1024x683.jpg 1024w, https:\/\/ppdegalicia.com\/wp-content\/uploads\/2022\/05\/11817c95f9b80e26f43a76dca447c5a3-768x512.jpg 768w, https:\/\/ppdegalicia.com\/wp-content\/uploads\/2022\/05\/11817c95f9b80e26f43a76dca447c5a3-1536x1024.jpg 1536w\" sizes=\"(max-width: 1900px) 100vw, 1900px\" \/><\/p>\n<p>Santiago, 10 de maio de 2022.- O portavoz do Grupo Popular, Pedro Puy, valorou hoxe o discurso de investidura do candidato \u00e1 Presidencia da Xunta, Alfonso Rueda, como \u201caca\u00eddo e que garante a estabilidade pol\u00edtica da Comunidade galega\u201d. As s\u00faas propostas \u201cdar\u00e1n continuidade a unhas pol\u00edticas que nos \u00faltimos anos te\u00f1en dado bos resultados, pero que, desde a moderaci\u00f3n e o reformismo, van recibir un novo pulo\u201d, manifestou.<\/p>\n<p><!--more--><\/p>\n<p>Pedro Puy salientou que a sesi\u00f3n celebrada hoxe no Parlamento de Galicia \u201cda moita estabilidade institucional \u00e1 Comunidade galega, derivada da aplicaci\u00f3n das normas estatutarias, onde o Presidente da Xunta \u00e9 elixido pola C\u00e1mara, presenta o seu programa de Goberno e os grupos debaten estas propostas\u201d.<\/p>\n<p>\u00a0<\/p>\n<p><strong>PRIORIDADES DO PA\u00cdS<\/strong><\/p>\n<p>\u00a0<\/p>\n<p>Na s\u00faa intervenci\u00f3n, \u201co candidato fixou claramente as prioridades do pa\u00eds\u201d, explicou o portavoz popular. As\u00ed, en primeiro lugar, destacou as medidas econ\u00f3micas dirixidas a potenciar o emprego e paliar os efectos da inflaci\u00f3n, \u201cque est\u00e1 a afogar a actividade econ\u00f3mica e o consumo das familias\u201d. \u201cNeste contexto, baixar o IRPF vai permitir \u00e1s familias sortear a crise sen que se impulse a inflaci\u00f3n de segunda ronda\u201d, afirmou.<\/p>\n<p>\u00a0<\/p>\n<p>\u201cTam\u00e9n \u00e9 moi aca\u00eddo apostar polos sectores innovadores nos que Galicia est\u00e1 comezando a ser unha potencia, como o sector aeron\u00e1utico ou o biotecnol\u00f3xico, impulsando ao mesmo tempo o potencial de industrias que, lonxe de ser maduras, te\u00f1en capacidade de adaptaci\u00f3n para o futuro, como o t\u00e9xtil, o sector agroalimentario ou o autom\u00f3bil\u201d, indicou.<\/p>\n<p>\u00a0<\/p>\n<p><strong>OPORTUNIDADES PARA AS FAMILIAS<\/strong><\/p>\n<p>\u00a0<\/p>\n<p>Pedro Puy considera que Alfonso Rueda \u201ctam\u00e9n acertou pensando nas oportunidades para as familias\u201d. En concreto, apostando por un novo impulso \u00e1 formaci\u00f3n profesional, onde Galicia situouse \u201c\u00e1 cabeza de Espa\u00f1a en persoas matriculadas e que obte\u00f1en un traballo gracias \u00e1s reformas realizadas e \u00e1s que agora se lle quere dar un novo pulo\u201d. Ademais, salientou a proposta de facer estables os traballos dos investigadores.<\/p>\n<p>\u00a0<\/p>\n<p>No \u00e1mbito dos servizos sociais, Puy lembrou a proposta de traer ao Parlamento a nova Lei de inclusi\u00f3n social e avanzar no novo modelo de residencias, as\u00ed como a \u201cproposta pioneira de facilitar puntos de atenci\u00f3n espec\u00edficos para as persoas maiores con car\u00e1cter presencial en todas as oficinas da Xunta\u201d.<\/p>\n<p>\u00a0<\/p>\n<p>\u201cTodos coincidimos que o principal punto d\u00e9bil da sanidade \u00e9 a atenci\u00f3n primaria, polo que \u00e9 de destacar o compromiso de contratar e formar a todos os m\u00e9dicos de familia que nos deixe a Administraci\u00f3n Xeral do Estado\u201d, sinalou o portavoz popular. Neste sentido, lamentou que o Goberno central \u201csiga sen atender demandas tan l\u00f3xicas que lle fixemos desde Galicia como crear unha especialidade de urxencias ou ampliar a formaci\u00f3n MIR\u201d.<\/p>\n<p>EMPREGO E VIVENDA PARA A XUVENTUDE<\/p>\n<p>Polo que respecta \u00e1 xuventude, Pedro Puy manifestou que Rueda reco\u00f1eceu que te\u00f1en dous problemas fundamentais. O primeiro \u00e9 o emprego, para o que xa anunciou que Galicia manter\u00e1 as taxas universitarias m\u00e1is baixas de todo o Estado e daralle pulo \u00e1 formaci\u00f3n profesional como \u201cmellor maneira de garantir a s\u00faa empregabilidade, xunto co potenciamento das habilidades t\u00e9cnicas\u201d.<\/p>\n<p>\u201cAo mesmo tempo, respecto ao problema da vivenda, fixo dous anuncios interesantes, tanto no n\u00famero de vivendas sociais que pretende mobilizar como, sobre todo, na axuda que se lle dar\u00e1 \u00e1s persoas novas cubrindo cun aval a parte dos recursos que necesitan para adquirir unha vivenda e que os bancos non lle dan como pr\u00e9stamo\u201d.<\/p>\n<p>Por \u00faltimo, Puy salientou que o candidato mante\u00f1a de cara ao futuro \u201cunha pol\u00edtica de man aberta e cooperaci\u00f3n con todas as administraci\u00f3ns, participando na gobernabilidade de Espa\u00f1a ao mesmo tempo que se impulsa a construci\u00f3n de Europa\u201d. \u201cEsa v\u00eda, moderada e reformista baseada na cooperaci\u00f3n, non s\u00f3 \u00e9 o que Galicia precisa, sen\u00f3n o que Espa\u00f1a demanda e o que Europa necesita\u201d, rematou. <\/p>\n","protected":false},"excerpt":{"rendered":"<p>Santiago, 10 de maio de 2022.- O portavoz do Grupo Popular, Pedro Puy, valorou hoxe o discurso de investidura do candidato \u00e1 Presidencia da Xunta, Alfonso Rueda, como \u201caca\u00eddo e que garante a estabilidade pol\u00edtica da Comunidade galega\u201d. As s\u00faas propostas \u201cdar\u00e1n continuidade a unhas pol\u00edticas que nos \u00faltimos anos te\u00f1en dado bos resultados, pero [&hellip;]<\/p>\n","protected":false},"author":38,"featured_media":57028,"comment_status":"open","ping_status":"open","sticky":false,"template":"","format":"standard","meta":{"_acf_changed":false,"footnotes":""},"categories":[1],"tags":[],"class_list":["post-57029","post","type-post","status-publish","format-standard","has-post-thumbnail","hentry","category-pp-de-galicia"],"acf":[],"yoast_head":"<!-- This site is optimized with the Yoast SEO plugin v27.3 - https:\/\/yoast.com\/product\/yoast-seo-wordpress\/ -->\n<title>Puy cualifica o discurso de Alfonso Rueda como \u201caca\u00eddo e que garante a estabilidade pol\u00edtica de Galicia\u201d - PP de Galicia<\/title>\n<meta name=\"robots\" content=\"index, follow, max-snippet:-1, max-image-preview:large, max-video-preview:-1\" \/>\n<link rel=\"canonical\" href=\"https:\/\/ppdegalicia.com\/es\/puy-cualifica-o-discurso-de-alfonso-rueda-como-acaido-e-que-garante-a-estabilidade-politica-de-galicia\/\" \/>\n<meta property=\"og:locale\" content=\"es_ES\" \/>\n<meta property=\"og:type\" content=\"article\" \/>\n<meta property=\"og:title\" content=\"Puy cualifica o discurso de Alfonso Rueda como \u201caca\u00eddo e que garante a estabilidade pol\u00edtica de Galicia\u201d - PP de Galicia\" \/>\n<meta property=\"og:description\" content=\"Santiago, 10 de maio de 2022.- O portavoz do Grupo Popular, Pedro Puy, valorou hoxe o discurso de investidura do candidato \u00e1 Presidencia da Xunta, Alfonso Rueda, como \u201caca\u00eddo e que garante a estabilidade pol\u00edtica da Comunidade galega\u201d. As s\u00faas propostas \u201cdar\u00e1n continuidade a unhas pol\u00edticas que nos \u00faltimos anos te\u00f1en dado bos resultados, pero [&hellip;]\" \/>\n<meta property=\"og:url\" content=\"https:\/\/ppdegalicia.com\/es\/puy-cualifica-o-discurso-de-alfonso-rueda-como-acaido-e-que-garante-a-estabilidade-politica-de-galicia\/\" \/>\n<meta property=\"og:site_name\" content=\"PP de Galicia\" \/>\n<meta property=\"article:publisher\" content=\"https:\/\/www.instagram.com\/ppdegalicia\/\" \/>\n<meta property=\"article:published_time\" content=\"2022-05-10T08:34:42+00:00\" \/>\n<meta property=\"og:image\" content=\"https:\/\/ppdegalicia.com\/wp-content\/uploads\/2022\/05\/11817c95f9b80e26f43a76dca447c5a3.jpg\" \/>\n\t<meta property=\"og:image:width\" content=\"1900\" \/>\n\t<meta property=\"og:image:height\" content=\"1267\" \/>\n\t<meta property=\"og:image:type\" content=\"image\/jpeg\" \/>\n<meta name=\"author\" content=\"ppdegaliciaredes\" \/>\n<meta name=\"twitter:card\" content=\"summary_large_image\" \/>\n<meta name=\"twitter:creator\" content=\"@ppdegalicia\" \/>\n<meta name=\"twitter:site\" content=\"@ppdegalicia\" \/>\n<meta name=\"twitter:label1\" content=\"Escrito por\" \/>\n\t<meta name=\"twitter:data1\" content=\"ppdegaliciaredes\" \/>\n\t<meta name=\"twitter:label2\" content=\"Tiempo de lectura\" \/>\n\t<meta name=\"twitter:data2\" content=\"3 minutos\" \/>\n<script type=\"application\/ld+json\" class=\"yoast-schema-graph\">{\"@context\":\"https:\\\/\\\/schema.org\",\"@graph\":[{\"@type\":\"Article\",\"@id\":\"https:\\\/\\\/ppdegalicia.com\\\/es\\\/puy-cualifica-o-discurso-de-alfonso-rueda-como-acaido-e-que-garante-a-estabilidade-politica-de-galicia\\\/#article\",\"isPartOf\":{\"@id\":\"https:\\\/\\\/ppdegalicia.com\\\/es\\\/puy-cualifica-o-discurso-de-alfonso-rueda-como-acaido-e-que-garante-a-estabilidade-politica-de-galicia\\\/\"},\"author\":{\"name\":\"ppdegaliciaredes\",\"@id\":\"https:\\\/\\\/ppdegalicia.com\\\/es\\\/#\\\/schema\\\/person\\\/5b822c6f59e872ebdd1142f307dbcb59\"},\"headline\":\"Puy cualifica o discurso de Alfonso Rueda como \u201caca\u00eddo e que garante a estabilidade pol\u00edtica de Galicia\u201d\",\"datePublished\":\"2022-05-10T08:34:42+00:00\",\"mainEntityOfPage\":{\"@id\":\"https:\\\/\\\/ppdegalicia.com\\\/es\\\/puy-cualifica-o-discurso-de-alfonso-rueda-como-acaido-e-que-garante-a-estabilidade-politica-de-galicia\\\/\"},\"wordCount\":676,\"commentCount\":0,\"publisher\":{\"@id\":\"https:\\\/\\\/ppdegalicia.com\\\/es\\\/#organization\"},\"image\":{\"@id\":\"https:\\\/\\\/ppdegalicia.com\\\/es\\\/puy-cualifica-o-discurso-de-alfonso-rueda-como-acaido-e-que-garante-a-estabilidade-politica-de-galicia\\\/#primaryimage\"},\"thumbnailUrl\":\"https:\\\/\\\/ppdegalicia.com\\\/wp-content\\\/uploads\\\/2022\\\/05\\\/11817c95f9b80e26f43a76dca447c5a3.jpg\",\"articleSection\":[\"PP de Galicia\"],\"inLanguage\":\"es\",\"potentialAction\":[{\"@type\":\"CommentAction\",\"name\":\"Comment\",\"target\":[\"https:\\\/\\\/ppdegalicia.com\\\/es\\\/puy-cualifica-o-discurso-de-alfonso-rueda-como-acaido-e-que-garante-a-estabilidade-politica-de-galicia\\\/#respond\"]}]},{\"@type\":\"WebPage\",\"@id\":\"https:\\\/\\\/ppdegalicia.com\\\/es\\\/puy-cualifica-o-discurso-de-alfonso-rueda-como-acaido-e-que-garante-a-estabilidade-politica-de-galicia\\\/\",\"url\":\"https:\\\/\\\/ppdegalicia.com\\\/es\\\/puy-cualifica-o-discurso-de-alfonso-rueda-como-acaido-e-que-garante-a-estabilidade-politica-de-galicia\\\/\",\"name\":\"Puy cualifica o discurso de Alfonso Rueda como \u201caca\u00eddo e que garante a estabilidade pol\u00edtica de Galicia\u201d - PP de Galicia\",\"isPartOf\":{\"@id\":\"https:\\\/\\\/ppdegalicia.com\\\/es\\\/#website\"},\"primaryImageOfPage\":{\"@id\":\"https:\\\/\\\/ppdegalicia.com\\\/es\\\/puy-cualifica-o-discurso-de-alfonso-rueda-como-acaido-e-que-garante-a-estabilidade-politica-de-galicia\\\/#primaryimage\"},\"image\":{\"@id\":\"https:\\\/\\\/ppdegalicia.com\\\/es\\\/puy-cualifica-o-discurso-de-alfonso-rueda-como-acaido-e-que-garante-a-estabilidade-politica-de-galicia\\\/#primaryimage\"},\"thumbnailUrl\":\"https:\\\/\\\/ppdegalicia.com\\\/wp-content\\\/uploads\\\/2022\\\/05\\\/11817c95f9b80e26f43a76dca447c5a3.jpg\",\"datePublished\":\"2022-05-10T08:34:42+00:00\",\"breadcrumb\":{\"@id\":\"https:\\\/\\\/ppdegalicia.com\\\/es\\\/puy-cualifica-o-discurso-de-alfonso-rueda-como-acaido-e-que-garante-a-estabilidade-politica-de-galicia\\\/#breadcrumb\"},\"inLanguage\":\"es\",\"potentialAction\":[{\"@type\":\"ReadAction\",\"target\":[\"https:\\\/\\\/ppdegalicia.com\\\/es\\\/puy-cualifica-o-discurso-de-alfonso-rueda-como-acaido-e-que-garante-a-estabilidade-politica-de-galicia\\\/\"]}]},{\"@type\":\"ImageObject\",\"inLanguage\":\"es\",\"@id\":\"https:\\\/\\\/ppdegalicia.com\\\/es\\\/puy-cualifica-o-discurso-de-alfonso-rueda-como-acaido-e-que-garante-a-estabilidade-politica-de-galicia\\\/#primaryimage\",\"url\":\"https:\\\/\\\/ppdegalicia.com\\\/wp-content\\\/uploads\\\/2022\\\/05\\\/11817c95f9b80e26f43a76dca447c5a3.jpg\",\"contentUrl\":\"https:\\\/\\\/ppdegalicia.com\\\/wp-content\\\/uploads\\\/2022\\\/05\\\/11817c95f9b80e26f43a76dca447c5a3.jpg\",\"width\":1900,\"height\":1267},{\"@type\":\"BreadcrumbList\",\"@id\":\"https:\\\/\\\/ppdegalicia.com\\\/es\\\/puy-cualifica-o-discurso-de-alfonso-rueda-como-acaido-e-que-garante-a-estabilidade-politica-de-galicia\\\/#breadcrumb\",\"itemListElement\":[{\"@type\":\"ListItem\",\"position\":1,\"name\":\"Portada\",\"item\":\"https:\\\/\\\/ppdegalicia.com\\\/es\\\/\"},{\"@type\":\"ListItem\",\"position\":2,\"name\":\"Puy cualifica o discurso de Alfonso Rueda como \u201caca\u00eddo e que garante a estabilidade pol\u00edtica de Galicia\u201d\"}]},{\"@type\":\"WebSite\",\"@id\":\"https:\\\/\\\/ppdegalicia.com\\\/es\\\/#website\",\"url\":\"https:\\\/\\\/ppdegalicia.com\\\/es\\\/\",\"name\":\"Partido Popular de Galicia\",\"description\":\"Partido Popular de Galicia\",\"publisher\":{\"@id\":\"https:\\\/\\\/ppdegalicia.com\\\/es\\\/#organization\"},\"alternateName\":\"PP de Galicia\",\"potentialAction\":[{\"@type\":\"SearchAction\",\"target\":{\"@type\":\"EntryPoint\",\"urlTemplate\":\"https:\\\/\\\/ppdegalicia.com\\\/es\\\/?s={search_term_string}\"},\"query-input\":{\"@type\":\"PropertyValueSpecification\",\"valueRequired\":true,\"valueName\":\"search_term_string\"}}],\"inLanguage\":\"es\"},{\"@type\":\"Organization\",\"@id\":\"https:\\\/\\\/ppdegalicia.com\\\/es\\\/#organization\",\"name\":\"Partido Popular de Galicia\",\"alternateName\":\"PP de Galicia\",\"url\":\"https:\\\/\\\/ppdegalicia.com\\\/es\\\/\",\"logo\":{\"@type\":\"ImageObject\",\"inLanguage\":\"es\",\"@id\":\"https:\\\/\\\/ppdegalicia.com\\\/es\\\/#\\\/schema\\\/logo\\\/image\\\/\",\"url\":\"https:\\\/\\\/ppdegalicia.com\\\/wp-content\\\/uploads\\\/2023\\\/04\\\/logoPP512.png\",\"contentUrl\":\"https:\\\/\\\/ppdegalicia.com\\\/wp-content\\\/uploads\\\/2023\\\/04\\\/logoPP512.png\",\"width\":512,\"height\":512,\"caption\":\"Partido Popular de Galicia\"},\"image\":{\"@id\":\"https:\\\/\\\/ppdegalicia.com\\\/es\\\/#\\\/schema\\\/logo\\\/image\\\/\"},\"sameAs\":[\"https:\\\/\\\/www.instagram.com\\\/ppdegalicia\\\/\",\"https:\\\/\\\/x.com\\\/ppdegalicia\",\"https:\\\/\\\/www.tiktok.com\\\/@ppdegalicia\",\"https:\\\/\\\/www.youtube.com\\\/user\\\/ppdegalicia\"]},{\"@type\":\"Person\",\"@id\":\"https:\\\/\\\/ppdegalicia.com\\\/es\\\/#\\\/schema\\\/person\\\/5b822c6f59e872ebdd1142f307dbcb59\",\"name\":\"ppdegaliciaredes\",\"image\":{\"@type\":\"ImageObject\",\"inLanguage\":\"es\",\"@id\":\"https:\\\/\\\/secure.gravatar.com\\\/avatar\\\/3c9179cf0256d00c72a48d1f25783c58b6842cd56e85ef3a572881c8e28ccd59?s=96&d=mm&r=g\",\"url\":\"https:\\\/\\\/secure.gravatar.com\\\/avatar\\\/3c9179cf0256d00c72a48d1f25783c58b6842cd56e85ef3a572881c8e28ccd59?s=96&d=mm&r=g\",\"contentUrl\":\"https:\\\/\\\/secure.gravatar.com\\\/avatar\\\/3c9179cf0256d00c72a48d1f25783c58b6842cd56e85ef3a572881c8e28ccd59?s=96&d=mm&r=g\",\"caption\":\"ppdegaliciaredes\"},\"url\":\"https:\\\/\\\/ppdegalicia.com\\\/es\\\/author\\\/ppdegaliciaredes\\\/\"}]}<\/script>\n<!-- \/ Yoast SEO plugin. -->","yoast_head_json":{"title":"Puy cualifica o discurso de Alfonso Rueda como \u201caca\u00eddo e que garante a estabilidade pol\u00edtica de Galicia\u201d - PP de Galicia","robots":{"index":"index","follow":"follow","max-snippet":"max-snippet:-1","max-image-preview":"max-image-preview:large","max-video-preview":"max-video-preview:-1"},"canonical":"https:\/\/ppdegalicia.com\/es\/puy-cualifica-o-discurso-de-alfonso-rueda-como-acaido-e-que-garante-a-estabilidade-politica-de-galicia\/","og_locale":"es_ES","og_type":"article","og_title":"Puy cualifica o discurso de Alfonso Rueda como \u201caca\u00eddo e que garante a estabilidade pol\u00edtica de Galicia\u201d - PP de Galicia","og_description":"Santiago, 10 de maio de 2022.- O portavoz do Grupo Popular, Pedro Puy, valorou hoxe o discurso de investidura do candidato \u00e1 Presidencia da Xunta, Alfonso Rueda, como \u201caca\u00eddo e que garante a estabilidade pol\u00edtica da Comunidade galega\u201d. As s\u00faas propostas \u201cdar\u00e1n continuidade a unhas pol\u00edticas que nos \u00faltimos anos te\u00f1en dado bos resultados, pero [&hellip;]","og_url":"https:\/\/ppdegalicia.com\/es\/puy-cualifica-o-discurso-de-alfonso-rueda-como-acaido-e-que-garante-a-estabilidade-politica-de-galicia\/","og_site_name":"PP de Galicia","article_publisher":"https:\/\/www.instagram.com\/ppdegalicia\/","article_published_time":"2022-05-10T08:34:42+00:00","og_image":[{"width":1900,"height":1267,"url":"https:\/\/ppdegalicia.com\/wp-content\/uploads\/2022\/05\/11817c95f9b80e26f43a76dca447c5a3.jpg","type":"image\/jpeg"}],"author":"ppdegaliciaredes","twitter_card":"summary_large_image","twitter_creator":"@ppdegalicia","twitter_site":"@ppdegalicia","twitter_misc":{"Escrito por":"ppdegaliciaredes","Tiempo de lectura":"3 minutos"},"schema":{"@context":"https:\/\/schema.org","@graph":[{"@type":"Article","@id":"https:\/\/ppdegalicia.com\/es\/puy-cualifica-o-discurso-de-alfonso-rueda-como-acaido-e-que-garante-a-estabilidade-politica-de-galicia\/#article","isPartOf":{"@id":"https:\/\/ppdegalicia.com\/es\/puy-cualifica-o-discurso-de-alfonso-rueda-como-acaido-e-que-garante-a-estabilidade-politica-de-galicia\/"},"author":{"name":"ppdegaliciaredes","@id":"https:\/\/ppdegalicia.com\/es\/#\/schema\/person\/5b822c6f59e872ebdd1142f307dbcb59"},"headline":"Puy cualifica o discurso de Alfonso Rueda como \u201caca\u00eddo e que garante a estabilidade pol\u00edtica de Galicia\u201d","datePublished":"2022-05-10T08:34:42+00:00","mainEntityOfPage":{"@id":"https:\/\/ppdegalicia.com\/es\/puy-cualifica-o-discurso-de-alfonso-rueda-como-acaido-e-que-garante-a-estabilidade-politica-de-galicia\/"},"wordCount":676,"commentCount":0,"publisher":{"@id":"https:\/\/ppdegalicia.com\/es\/#organization"},"image":{"@id":"https:\/\/ppdegalicia.com\/es\/puy-cualifica-o-discurso-de-alfonso-rueda-como-acaido-e-que-garante-a-estabilidade-politica-de-galicia\/#primaryimage"},"thumbnailUrl":"https:\/\/ppdegalicia.com\/wp-content\/uploads\/2022\/05\/11817c95f9b80e26f43a76dca447c5a3.jpg","articleSection":["PP de Galicia"],"inLanguage":"es","potentialAction":[{"@type":"CommentAction","name":"Comment","target":["https:\/\/ppdegalicia.com\/es\/puy-cualifica-o-discurso-de-alfonso-rueda-como-acaido-e-que-garante-a-estabilidade-politica-de-galicia\/#respond"]}]},{"@type":"WebPage","@id":"https:\/\/ppdegalicia.com\/es\/puy-cualifica-o-discurso-de-alfonso-rueda-como-acaido-e-que-garante-a-estabilidade-politica-de-galicia\/","url":"https:\/\/ppdegalicia.com\/es\/puy-cualifica-o-discurso-de-alfonso-rueda-como-acaido-e-que-garante-a-estabilidade-politica-de-galicia\/","name":"Puy cualifica o discurso de Alfonso Rueda como \u201caca\u00eddo e que garante a estabilidade pol\u00edtica de Galicia\u201d - PP de Galicia","isPartOf":{"@id":"https:\/\/ppdegalicia.com\/es\/#website"},"primaryImageOfPage":{"@id":"https:\/\/ppdegalicia.com\/es\/puy-cualifica-o-discurso-de-alfonso-rueda-como-acaido-e-que-garante-a-estabilidade-politica-de-galicia\/#primaryimage"},"image":{"@id":"https:\/\/ppdegalicia.com\/es\/puy-cualifica-o-discurso-de-alfonso-rueda-como-acaido-e-que-garante-a-estabilidade-politica-de-galicia\/#primaryimage"},"thumbnailUrl":"https:\/\/ppdegalicia.com\/wp-content\/uploads\/2022\/05\/11817c95f9b80e26f43a76dca447c5a3.jpg","datePublished":"2022-05-10T08:34:42+00:00","breadcrumb":{"@id":"https:\/\/ppdegalicia.com\/es\/puy-cualifica-o-discurso-de-alfonso-rueda-como-acaido-e-que-garante-a-estabilidade-politica-de-galicia\/#breadcrumb"},"inLanguage":"es","potentialAction":[{"@type":"ReadAction","target":["https:\/\/ppdegalicia.com\/es\/puy-cualifica-o-discurso-de-alfonso-rueda-como-acaido-e-que-garante-a-estabilidade-politica-de-galicia\/"]}]},{"@type":"ImageObject","inLanguage":"es","@id":"https:\/\/ppdegalicia.com\/es\/puy-cualifica-o-discurso-de-alfonso-rueda-como-acaido-e-que-garante-a-estabilidade-politica-de-galicia\/#primaryimage","url":"https:\/\/ppdegalicia.com\/wp-content\/uploads\/2022\/05\/11817c95f9b80e26f43a76dca447c5a3.jpg","contentUrl":"https:\/\/ppdegalicia.com\/wp-content\/uploads\/2022\/05\/11817c95f9b80e26f43a76dca447c5a3.jpg","width":1900,"height":1267},{"@type":"BreadcrumbList","@id":"https:\/\/ppdegalicia.com\/es\/puy-cualifica-o-discurso-de-alfonso-rueda-como-acaido-e-que-garante-a-estabilidade-politica-de-galicia\/#breadcrumb","itemListElement":[{"@type":"ListItem","position":1,"name":"Portada","item":"https:\/\/ppdegalicia.com\/es\/"},{"@type":"ListItem","position":2,"name":"Puy cualifica o discurso de Alfonso Rueda como \u201caca\u00eddo e que garante a estabilidade pol\u00edtica de Galicia\u201d"}]},{"@type":"WebSite","@id":"https:\/\/ppdegalicia.com\/es\/#website","url":"https:\/\/ppdegalicia.com\/es\/","name":"Partido Popular de Galicia","description":"Partido Popular de Galicia","publisher":{"@id":"https:\/\/ppdegalicia.com\/es\/#organization"},"alternateName":"PP de Galicia","potentialAction":[{"@type":"SearchAction","target":{"@type":"EntryPoint","urlTemplate":"https:\/\/ppdegalicia.com\/es\/?s={search_term_string}"},"query-input":{"@type":"PropertyValueSpecification","valueRequired":true,"valueName":"search_term_string"}}],"inLanguage":"es"},{"@type":"Organization","@id":"https:\/\/ppdegalicia.com\/es\/#organization","name":"Partido Popular de Galicia","alternateName":"PP de Galicia","url":"https:\/\/ppdegalicia.com\/es\/","logo":{"@type":"ImageObject","inLanguage":"es","@id":"https:\/\/ppdegalicia.com\/es\/#\/schema\/logo\/image\/","url":"https:\/\/ppdegalicia.com\/wp-content\/uploads\/2023\/04\/logoPP512.png","contentUrl":"https:\/\/ppdegalicia.com\/wp-content\/uploads\/2023\/04\/logoPP512.png","width":512,"height":512,"caption":"Partido Popular de Galicia"},"image":{"@id":"https:\/\/ppdegalicia.com\/es\/#\/schema\/logo\/image\/"},"sameAs":["https:\/\/www.instagram.com\/ppdegalicia\/","https:\/\/x.com\/ppdegalicia","https:\/\/www.tiktok.com\/@ppdegalicia","https:\/\/www.youtube.com\/user\/ppdegalicia"]},{"@type":"Person","@id":"https:\/\/ppdegalicia.com\/es\/#\/schema\/person\/5b822c6f59e872ebdd1142f307dbcb59","name":"ppdegaliciaredes","image":{"@type":"ImageObject","inLanguage":"es","@id":"https:\/\/secure.gravatar.com\/avatar\/3c9179cf0256d00c72a48d1f25783c58b6842cd56e85ef3a572881c8e28ccd59?s=96&d=mm&r=g","url":"https:\/\/secure.gravatar.com\/avatar\/3c9179cf0256d00c72a48d1f25783c58b6842cd56e85ef3a572881c8e28ccd59?s=96&d=mm&r=g","contentUrl":"https:\/\/secure.gravatar.com\/avatar\/3c9179cf0256d00c72a48d1f25783c58b6842cd56e85ef3a572881c8e28ccd59?s=96&d=mm&r=g","caption":"ppdegaliciaredes"},"url":"https:\/\/ppdegalicia.com\/es\/author\/ppdegaliciaredes\/"}]}},"_links":{"self":[{"href":"https:\/\/ppdegalicia.com\/es\/wp-json\/wp\/v2\/posts\/57029","targetHints":{"allow":["GET"]}}],"collection":[{"href":"https:\/\/ppdegalicia.com\/es\/wp-json\/wp\/v2\/posts"}],"about":[{"href":"https:\/\/ppdegalicia.com\/es\/wp-json\/wp\/v2\/types\/post"}],"author":[{"embeddable":true,"href":"https:\/\/ppdegalicia.com\/es\/wp-json\/wp\/v2\/users\/38"}],"replies":[{"embeddable":true,"href":"https:\/\/ppdegalicia.com\/es\/wp-json\/wp\/v2\/comments?post=57029"}],"version-history":[{"count":0,"href":"https:\/\/ppdegalicia.com\/es\/wp-json\/wp\/v2\/posts\/57029\/revisions"}],"wp:featuredmedia":[{"embeddable":true,"href":"https:\/\/ppdegalicia.com\/es\/wp-json\/wp\/v2\/media\/57028"}],"wp:attachment":[{"href":"https:\/\/ppdegalicia.com\/es\/wp-json\/wp\/v2\/media?parent=57029"}],"wp:term":[{"taxonomy":"category","embeddable":true,"href":"https:\/\/ppdegalicia.com\/es\/wp-json\/wp\/v2\/categories?post=57029"},{"taxonomy":"post_tag","embeddable":true,"href":"https:\/\/ppdegalicia.com\/es\/wp-json\/wp\/v2\/tags?post=57029"}],"curies":[{"name":"wp","href":"https:\/\/api.w.org\/{rel}","templated":true}]}}