{"id":57043,"date":"2022-05-19T10:30:11","date_gmt":"2022-05-19T08:30:11","guid":{"rendered":"https:\/\/ppdegalicia.com\/o-ppdeg-afirma-que-o-constante-incremento-de-usuarios-e-o-mellor-exponente-de-que-o-plan-de-transporte-publico-de-galicia-funciona-ben\/"},"modified":"2022-05-19T10:30:11","modified_gmt":"2022-05-19T08:30:11","slug":"o-ppdeg-afirma-que-o-constante-incremento-de-usuarios-e-o-mellor-exponente-de-que-o-plan-de-transporte-publico-de-galicia-funciona-ben","status":"publish","type":"post","link":"https:\/\/ppdegalicia.com\/es\/o-ppdeg-afirma-que-o-constante-incremento-de-usuarios-e-o-mellor-exponente-de-que-o-plan-de-transporte-publico-de-galicia-funciona-ben\/","title":{"rendered":"O PPdeG afirma que \u201co constante incremento de usuarios \u00e9 o mellor expo\u00f1ente de que o Plan de Transporte P\u00fablico de Galicia funciona ben\u201d"},"content":{"rendered":"<p><img fetchpriority=\"high\" decoding=\"async\" class=\" size-full wp-image-57042\" src=\"https:\/\/ppdegalicia.com\/wp-content\/uploads\/2022\/05\/2f7669ed91f9d147f687082445582940.jpg\" alt=\"\" width=\"1900\" height=\"1267\" srcset=\"https:\/\/ppdegalicia.com\/wp-content\/uploads\/2022\/05\/2f7669ed91f9d147f687082445582940.jpg 1900w, https:\/\/ppdegalicia.com\/wp-content\/uploads\/2022\/05\/2f7669ed91f9d147f687082445582940-300x200.jpg 300w, https:\/\/ppdegalicia.com\/wp-content\/uploads\/2022\/05\/2f7669ed91f9d147f687082445582940-1024x683.jpg 1024w, https:\/\/ppdegalicia.com\/wp-content\/uploads\/2022\/05\/2f7669ed91f9d147f687082445582940-768x512.jpg 768w, https:\/\/ppdegalicia.com\/wp-content\/uploads\/2022\/05\/2f7669ed91f9d147f687082445582940-1536x1024.jpg 1536w\" sizes=\"(max-width: 1900px) 100vw, 1900px\" \/><\/p>\n<p>Santiago, 19 de maio de 2022.- A deputada do Grupo Popular Bego\u00f1a Freire afirmou hoxe no Parlamento galego que \u201co constante incremento dos usuarios \u00e9 o mellor expo\u00f1ente de que o Plan de Transporte P\u00fablico de Galicia funciona ben\u201d. Por\u00e9n, lamentou que o Goberno central \u201cestea atentando contra as necesidades de mobilidade dos galegos co seu proxecto de Lei de mobilidade sostible, coa desatenci\u00f3n do ferrocarril e co novo mapa dos autobuses intercomunitarios\u201d.<\/p>\n<p><!--more--><\/p>\n<p>Bego\u00f1a Freire salientou que \u201co traballo desenvolvido pola Xunta nos \u00faltimos anos foi inxente e complexo para renovar e modernizar todas as concesi\u00f3ns de transporte interurbano, e que permitiu dotar a Galicia dun transporte p\u00fablico por estrada eficaz, competitivo e mellor adaptado \u00e1s s\u00faas necesidades\u201d.<\/p>\n<p>\u00a0<\/p>\n<p><strong>INCREMENTO DE LI\u00d1AS E USUARIOS<\/strong><\/p>\n<p>\u00a0<\/p>\n<p>En concreto, lembrou que se activaron 127 contratos que configuran hoxe a rede auton\u00f3mica de transporte; se renovaron 3.436 li\u00f1as de autob\u00fas; se habilitaron 53.000 paradas; se ofreceron cada ano m\u00e1is de 2,3 mill\u00f3ns de horarios; e se percorreron m\u00e1is de 57 mill\u00f3ns de quil\u00f3metros, movendo, de media, preto de 3 mill\u00f3ns de viaxeiros ao mes. \u201cTodo isto supuxo un incremento da demanda dun 70 por cento, chegando aos 23,2 mill\u00f3ns de viaxes\u201d, dixo.<\/p>\n<p>\u00a0<\/p>\n<p>\u201cO Plan de Transporte P\u00fablico de Galicia est\u00e1 en constante mellora e ampliaci\u00f3n para adecuarse \u00e1s necesidades de mobilidade dos usuarios, como as\u00ed o demostran os continuos axustes que se est\u00e1n a realizar\u201d, sinalou a deputada popular.<\/p>\n<p>\u00a0<\/p>\n<p>Por\u00e9n, Freire criticou que o Goberno central \u201cestea atentando constantemente contra as necesidades de mobilidade dos galegos\u201d. As\u00ed, apuntou que o proxecto de Lei de mobilidade sostible supor\u00e1 \u201cun enorme agravio para Galicia e, m\u00e1is en concreto, contra o medio rural\u201d.<\/p>\n<p>\u00a0<\/p>\n<p><strong>ABANDONO DO RURAL<\/strong><\/p>\n<p>Esta nova lei pretende supeditar a planificaci\u00f3n das infraestruturas de transporte estatal \u00e1 rendibilidade econ\u00f3mica; avoga por suprimir o transporte de tren no rural, impedindo que as comunidades aut\u00f3nomas poidan beneficiarse do Fondo estatal para o sostemento da mobilidade, que se reserva aos concellos e deixa f\u00f3ra o transporte metropolitano que prestan as autonom\u00edas; e, ademais, contempla a revisi\u00f3n dos criterios para declarar Obrigaci\u00f3ns de Servicio P\u00fablico fac\u00e9ndoos m\u00e1is restritivos.<\/p>\n<p>\u00a0<\/p>\n<p>Bego\u00f1a Freire tam\u00e9n se referiu ao novo mapa concesional de servizos regulares de transporte por estrada de competencia estatal, que elimina a metade das paradas das li\u00f1as de autob\u00fas estatais, priorizando as conexi\u00f3ns entre grandes cidades e capitais de provincia, \u201co que supor\u00e1 deixar sen servizo a moitas poboaci\u00f3ns pequenas, condenando as\u00ed ao rural a unha perda radical de servizos e de conectividade en transporte p\u00fablico\u201d.<\/p>\n<p>\u00a0<\/p>\n<p>Diante desta situaci\u00f3n, a deputada popular recordou que \u201ca Xunta, do mesmo xeito que fixo co proxecto de Lei de mobilidade sostible, xa anunciou que presentar\u00e1 alegaci\u00f3ns a este novo mapa de concesi\u00f3ns para que se te\u00f1an en conta as peculiaridades de Galicia, se garanta a conectividade do rural e se aposte pola vertebraci\u00f3n territorial\u201d. <\/p>\n","protected":false},"excerpt":{"rendered":"<p>Santiago, 19 de maio de 2022.- A deputada do Grupo Popular Bego\u00f1a Freire afirmou hoxe no Parlamento galego que \u201co constante incremento dos usuarios \u00e9 o mellor expo\u00f1ente de que o Plan de Transporte P\u00fablico de Galicia funciona ben\u201d. Por\u00e9n, lamentou que o Goberno central \u201cestea atentando contra as necesidades de mobilidade dos galegos co [&hellip;]<\/p>\n","protected":false},"author":38,"featured_media":57042,"comment_status":"open","ping_status":"open","sticky":false,"template":"","format":"standard","meta":{"_acf_changed":false,"footnotes":""},"categories":[1],"tags":[],"class_list":["post-57043","post","type-post","status-publish","format-standard","has-post-thumbnail","hentry","category-pp-de-galicia"],"acf":[],"yoast_head":"<!-- This site is optimized with the Yoast SEO plugin v27.3 - https:\/\/yoast.com\/product\/yoast-seo-wordpress\/ -->\n<title>O PPdeG afirma que \u201co constante incremento de usuarios \u00e9 o mellor expo\u00f1ente de que o Plan de Transporte P\u00fablico de Galicia funciona ben\u201d - PP de Galicia<\/title>\n<meta name=\"robots\" content=\"index, follow, max-snippet:-1, max-image-preview:large, max-video-preview:-1\" \/>\n<link rel=\"canonical\" href=\"https:\/\/ppdegalicia.com\/es\/o-ppdeg-afirma-que-o-constante-incremento-de-usuarios-e-o-mellor-exponente-de-que-o-plan-de-transporte-publico-de-galicia-funciona-ben\/\" \/>\n<meta property=\"og:locale\" content=\"es_ES\" \/>\n<meta property=\"og:type\" content=\"article\" \/>\n<meta property=\"og:title\" content=\"O PPdeG afirma que \u201co constante incremento de usuarios \u00e9 o mellor expo\u00f1ente de que o Plan de Transporte P\u00fablico de Galicia funciona ben\u201d - PP de Galicia\" \/>\n<meta property=\"og:description\" content=\"Santiago, 19 de maio de 2022.- A deputada do Grupo Popular Bego\u00f1a Freire afirmou hoxe no Parlamento galego que \u201co constante incremento dos usuarios \u00e9 o mellor expo\u00f1ente de que o Plan de Transporte P\u00fablico de Galicia funciona ben\u201d. Por\u00e9n, lamentou que o Goberno central \u201cestea atentando contra as necesidades de mobilidade dos galegos co [&hellip;]\" \/>\n<meta property=\"og:url\" content=\"https:\/\/ppdegalicia.com\/es\/o-ppdeg-afirma-que-o-constante-incremento-de-usuarios-e-o-mellor-exponente-de-que-o-plan-de-transporte-publico-de-galicia-funciona-ben\/\" \/>\n<meta property=\"og:site_name\" content=\"PP de Galicia\" \/>\n<meta property=\"article:publisher\" content=\"https:\/\/www.instagram.com\/ppdegalicia\/\" \/>\n<meta property=\"article:published_time\" content=\"2022-05-19T08:30:11+00:00\" \/>\n<meta property=\"og:image\" content=\"https:\/\/ppdegalicia.com\/wp-content\/uploads\/2022\/05\/2f7669ed91f9d147f687082445582940.jpg\" \/>\n\t<meta property=\"og:image:width\" content=\"1900\" \/>\n\t<meta property=\"og:image:height\" content=\"1267\" \/>\n\t<meta property=\"og:image:type\" content=\"image\/jpeg\" \/>\n<meta name=\"author\" content=\"ppdegaliciaredes\" \/>\n<meta name=\"twitter:card\" content=\"summary_large_image\" \/>\n<meta name=\"twitter:creator\" content=\"@ppdegalicia\" \/>\n<meta name=\"twitter:site\" content=\"@ppdegalicia\" \/>\n<meta name=\"twitter:label1\" content=\"Escrito por\" \/>\n\t<meta name=\"twitter:data1\" content=\"ppdegaliciaredes\" \/>\n\t<meta name=\"twitter:label2\" content=\"Tiempo de lectura\" \/>\n\t<meta name=\"twitter:data2\" content=\"3 minutos\" \/>\n<script type=\"application\/ld+json\" class=\"yoast-schema-graph\">{\"@context\":\"https:\\\/\\\/schema.org\",\"@graph\":[{\"@type\":\"Article\",\"@id\":\"https:\\\/\\\/ppdegalicia.com\\\/es\\\/o-ppdeg-afirma-que-o-constante-incremento-de-usuarios-e-o-mellor-exponente-de-que-o-plan-de-transporte-publico-de-galicia-funciona-ben\\\/#article\",\"isPartOf\":{\"@id\":\"https:\\\/\\\/ppdegalicia.com\\\/es\\\/o-ppdeg-afirma-que-o-constante-incremento-de-usuarios-e-o-mellor-exponente-de-que-o-plan-de-transporte-publico-de-galicia-funciona-ben\\\/\"},\"author\":{\"name\":\"ppdegaliciaredes\",\"@id\":\"https:\\\/\\\/ppdegalicia.com\\\/es\\\/#\\\/schema\\\/person\\\/5b822c6f59e872ebdd1142f307dbcb59\"},\"headline\":\"O PPdeG afirma que \u201co constante incremento de usuarios \u00e9 o mellor expo\u00f1ente de que o Plan de Transporte P\u00fablico de Galicia funciona ben\u201d\",\"datePublished\":\"2022-05-19T08:30:11+00:00\",\"mainEntityOfPage\":{\"@id\":\"https:\\\/\\\/ppdegalicia.com\\\/es\\\/o-ppdeg-afirma-que-o-constante-incremento-de-usuarios-e-o-mellor-exponente-de-que-o-plan-de-transporte-publico-de-galicia-funciona-ben\\\/\"},\"wordCount\":530,\"commentCount\":0,\"publisher\":{\"@id\":\"https:\\\/\\\/ppdegalicia.com\\\/es\\\/#organization\"},\"image\":{\"@id\":\"https:\\\/\\\/ppdegalicia.com\\\/es\\\/o-ppdeg-afirma-que-o-constante-incremento-de-usuarios-e-o-mellor-exponente-de-que-o-plan-de-transporte-publico-de-galicia-funciona-ben\\\/#primaryimage\"},\"thumbnailUrl\":\"https:\\\/\\\/ppdegalicia.com\\\/wp-content\\\/uploads\\\/2022\\\/05\\\/2f7669ed91f9d147f687082445582940.jpg\",\"articleSection\":[\"PP de Galicia\"],\"inLanguage\":\"es\",\"potentialAction\":[{\"@type\":\"CommentAction\",\"name\":\"Comment\",\"target\":[\"https:\\\/\\\/ppdegalicia.com\\\/es\\\/o-ppdeg-afirma-que-o-constante-incremento-de-usuarios-e-o-mellor-exponente-de-que-o-plan-de-transporte-publico-de-galicia-funciona-ben\\\/#respond\"]}]},{\"@type\":\"WebPage\",\"@id\":\"https:\\\/\\\/ppdegalicia.com\\\/es\\\/o-ppdeg-afirma-que-o-constante-incremento-de-usuarios-e-o-mellor-exponente-de-que-o-plan-de-transporte-publico-de-galicia-funciona-ben\\\/\",\"url\":\"https:\\\/\\\/ppdegalicia.com\\\/es\\\/o-ppdeg-afirma-que-o-constante-incremento-de-usuarios-e-o-mellor-exponente-de-que-o-plan-de-transporte-publico-de-galicia-funciona-ben\\\/\",\"name\":\"O PPdeG afirma que \u201co constante incremento de usuarios \u00e9 o mellor expo\u00f1ente de que o Plan de Transporte P\u00fablico de Galicia funciona ben\u201d - PP de Galicia\",\"isPartOf\":{\"@id\":\"https:\\\/\\\/ppdegalicia.com\\\/es\\\/#website\"},\"primaryImageOfPage\":{\"@id\":\"https:\\\/\\\/ppdegalicia.com\\\/es\\\/o-ppdeg-afirma-que-o-constante-incremento-de-usuarios-e-o-mellor-exponente-de-que-o-plan-de-transporte-publico-de-galicia-funciona-ben\\\/#primaryimage\"},\"image\":{\"@id\":\"https:\\\/\\\/ppdegalicia.com\\\/es\\\/o-ppdeg-afirma-que-o-constante-incremento-de-usuarios-e-o-mellor-exponente-de-que-o-plan-de-transporte-publico-de-galicia-funciona-ben\\\/#primaryimage\"},\"thumbnailUrl\":\"https:\\\/\\\/ppdegalicia.com\\\/wp-content\\\/uploads\\\/2022\\\/05\\\/2f7669ed91f9d147f687082445582940.jpg\",\"datePublished\":\"2022-05-19T08:30:11+00:00\",\"breadcrumb\":{\"@id\":\"https:\\\/\\\/ppdegalicia.com\\\/es\\\/o-ppdeg-afirma-que-o-constante-incremento-de-usuarios-e-o-mellor-exponente-de-que-o-plan-de-transporte-publico-de-galicia-funciona-ben\\\/#breadcrumb\"},\"inLanguage\":\"es\",\"potentialAction\":[{\"@type\":\"ReadAction\",\"target\":[\"https:\\\/\\\/ppdegalicia.com\\\/es\\\/o-ppdeg-afirma-que-o-constante-incremento-de-usuarios-e-o-mellor-exponente-de-que-o-plan-de-transporte-publico-de-galicia-funciona-ben\\\/\"]}]},{\"@type\":\"ImageObject\",\"inLanguage\":\"es\",\"@id\":\"https:\\\/\\\/ppdegalicia.com\\\/es\\\/o-ppdeg-afirma-que-o-constante-incremento-de-usuarios-e-o-mellor-exponente-de-que-o-plan-de-transporte-publico-de-galicia-funciona-ben\\\/#primaryimage\",\"url\":\"https:\\\/\\\/ppdegalicia.com\\\/wp-content\\\/uploads\\\/2022\\\/05\\\/2f7669ed91f9d147f687082445582940.jpg\",\"contentUrl\":\"https:\\\/\\\/ppdegalicia.com\\\/wp-content\\\/uploads\\\/2022\\\/05\\\/2f7669ed91f9d147f687082445582940.jpg\",\"width\":1900,\"height\":1267},{\"@type\":\"BreadcrumbList\",\"@id\":\"https:\\\/\\\/ppdegalicia.com\\\/es\\\/o-ppdeg-afirma-que-o-constante-incremento-de-usuarios-e-o-mellor-exponente-de-que-o-plan-de-transporte-publico-de-galicia-funciona-ben\\\/#breadcrumb\",\"itemListElement\":[{\"@type\":\"ListItem\",\"position\":1,\"name\":\"Portada\",\"item\":\"https:\\\/\\\/ppdegalicia.com\\\/es\\\/\"},{\"@type\":\"ListItem\",\"position\":2,\"name\":\"O PPdeG afirma que \u201co constante incremento de usuarios \u00e9 o mellor expo\u00f1ente de que o Plan de Transporte P\u00fablico de Galicia funciona ben\u201d\"}]},{\"@type\":\"WebSite\",\"@id\":\"https:\\\/\\\/ppdegalicia.com\\\/es\\\/#website\",\"url\":\"https:\\\/\\\/ppdegalicia.com\\\/es\\\/\",\"name\":\"Partido Popular de Galicia\",\"description\":\"Partido Popular de Galicia\",\"publisher\":{\"@id\":\"https:\\\/\\\/ppdegalicia.com\\\/es\\\/#organization\"},\"alternateName\":\"PP de Galicia\",\"potentialAction\":[{\"@type\":\"SearchAction\",\"target\":{\"@type\":\"EntryPoint\",\"urlTemplate\":\"https:\\\/\\\/ppdegalicia.com\\\/es\\\/?s={search_term_string}\"},\"query-input\":{\"@type\":\"PropertyValueSpecification\",\"valueRequired\":true,\"valueName\":\"search_term_string\"}}],\"inLanguage\":\"es\"},{\"@type\":\"Organization\",\"@id\":\"https:\\\/\\\/ppdegalicia.com\\\/es\\\/#organization\",\"name\":\"Partido Popular de Galicia\",\"alternateName\":\"PP de Galicia\",\"url\":\"https:\\\/\\\/ppdegalicia.com\\\/es\\\/\",\"logo\":{\"@type\":\"ImageObject\",\"inLanguage\":\"es\",\"@id\":\"https:\\\/\\\/ppdegalicia.com\\\/es\\\/#\\\/schema\\\/logo\\\/image\\\/\",\"url\":\"https:\\\/\\\/ppdegalicia.com\\\/wp-content\\\/uploads\\\/2023\\\/04\\\/logoPP512.png\",\"contentUrl\":\"https:\\\/\\\/ppdegalicia.com\\\/wp-content\\\/uploads\\\/2023\\\/04\\\/logoPP512.png\",\"width\":512,\"height\":512,\"caption\":\"Partido Popular de Galicia\"},\"image\":{\"@id\":\"https:\\\/\\\/ppdegalicia.com\\\/es\\\/#\\\/schema\\\/logo\\\/image\\\/\"},\"sameAs\":[\"https:\\\/\\\/www.instagram.com\\\/ppdegalicia\\\/\",\"https:\\\/\\\/x.com\\\/ppdegalicia\",\"https:\\\/\\\/www.tiktok.com\\\/@ppdegalicia\",\"https:\\\/\\\/www.youtube.com\\\/user\\\/ppdegalicia\"]},{\"@type\":\"Person\",\"@id\":\"https:\\\/\\\/ppdegalicia.com\\\/es\\\/#\\\/schema\\\/person\\\/5b822c6f59e872ebdd1142f307dbcb59\",\"name\":\"ppdegaliciaredes\",\"image\":{\"@type\":\"ImageObject\",\"inLanguage\":\"es\",\"@id\":\"https:\\\/\\\/secure.gravatar.com\\\/avatar\\\/3c9179cf0256d00c72a48d1f25783c58b6842cd56e85ef3a572881c8e28ccd59?s=96&d=mm&r=g\",\"url\":\"https:\\\/\\\/secure.gravatar.com\\\/avatar\\\/3c9179cf0256d00c72a48d1f25783c58b6842cd56e85ef3a572881c8e28ccd59?s=96&d=mm&r=g\",\"contentUrl\":\"https:\\\/\\\/secure.gravatar.com\\\/avatar\\\/3c9179cf0256d00c72a48d1f25783c58b6842cd56e85ef3a572881c8e28ccd59?s=96&d=mm&r=g\",\"caption\":\"ppdegaliciaredes\"},\"url\":\"https:\\\/\\\/ppdegalicia.com\\\/es\\\/author\\\/ppdegaliciaredes\\\/\"}]}<\/script>\n<!-- \/ Yoast SEO plugin. -->","yoast_head_json":{"title":"O PPdeG afirma que \u201co constante incremento de usuarios \u00e9 o mellor expo\u00f1ente de que o Plan de Transporte P\u00fablico de Galicia funciona ben\u201d - PP de Galicia","robots":{"index":"index","follow":"follow","max-snippet":"max-snippet:-1","max-image-preview":"max-image-preview:large","max-video-preview":"max-video-preview:-1"},"canonical":"https:\/\/ppdegalicia.com\/es\/o-ppdeg-afirma-que-o-constante-incremento-de-usuarios-e-o-mellor-exponente-de-que-o-plan-de-transporte-publico-de-galicia-funciona-ben\/","og_locale":"es_ES","og_type":"article","og_title":"O PPdeG afirma que \u201co constante incremento de usuarios \u00e9 o mellor expo\u00f1ente de que o Plan de Transporte P\u00fablico de Galicia funciona ben\u201d - PP de Galicia","og_description":"Santiago, 19 de maio de 2022.- A deputada do Grupo Popular Bego\u00f1a Freire afirmou hoxe no Parlamento galego que \u201co constante incremento dos usuarios \u00e9 o mellor expo\u00f1ente de que o Plan de Transporte P\u00fablico de Galicia funciona ben\u201d. Por\u00e9n, lamentou que o Goberno central \u201cestea atentando contra as necesidades de mobilidade dos galegos co [&hellip;]","og_url":"https:\/\/ppdegalicia.com\/es\/o-ppdeg-afirma-que-o-constante-incremento-de-usuarios-e-o-mellor-exponente-de-que-o-plan-de-transporte-publico-de-galicia-funciona-ben\/","og_site_name":"PP de Galicia","article_publisher":"https:\/\/www.instagram.com\/ppdegalicia\/","article_published_time":"2022-05-19T08:30:11+00:00","og_image":[{"width":1900,"height":1267,"url":"https:\/\/ppdegalicia.com\/wp-content\/uploads\/2022\/05\/2f7669ed91f9d147f687082445582940.jpg","type":"image\/jpeg"}],"author":"ppdegaliciaredes","twitter_card":"summary_large_image","twitter_creator":"@ppdegalicia","twitter_site":"@ppdegalicia","twitter_misc":{"Escrito por":"ppdegaliciaredes","Tiempo de lectura":"3 minutos"},"schema":{"@context":"https:\/\/schema.org","@graph":[{"@type":"Article","@id":"https:\/\/ppdegalicia.com\/es\/o-ppdeg-afirma-que-o-constante-incremento-de-usuarios-e-o-mellor-exponente-de-que-o-plan-de-transporte-publico-de-galicia-funciona-ben\/#article","isPartOf":{"@id":"https:\/\/ppdegalicia.com\/es\/o-ppdeg-afirma-que-o-constante-incremento-de-usuarios-e-o-mellor-exponente-de-que-o-plan-de-transporte-publico-de-galicia-funciona-ben\/"},"author":{"name":"ppdegaliciaredes","@id":"https:\/\/ppdegalicia.com\/es\/#\/schema\/person\/5b822c6f59e872ebdd1142f307dbcb59"},"headline":"O PPdeG afirma que \u201co constante incremento de usuarios \u00e9 o mellor expo\u00f1ente de que o Plan de Transporte P\u00fablico de Galicia funciona ben\u201d","datePublished":"2022-05-19T08:30:11+00:00","mainEntityOfPage":{"@id":"https:\/\/ppdegalicia.com\/es\/o-ppdeg-afirma-que-o-constante-incremento-de-usuarios-e-o-mellor-exponente-de-que-o-plan-de-transporte-publico-de-galicia-funciona-ben\/"},"wordCount":530,"commentCount":0,"publisher":{"@id":"https:\/\/ppdegalicia.com\/es\/#organization"},"image":{"@id":"https:\/\/ppdegalicia.com\/es\/o-ppdeg-afirma-que-o-constante-incremento-de-usuarios-e-o-mellor-exponente-de-que-o-plan-de-transporte-publico-de-galicia-funciona-ben\/#primaryimage"},"thumbnailUrl":"https:\/\/ppdegalicia.com\/wp-content\/uploads\/2022\/05\/2f7669ed91f9d147f687082445582940.jpg","articleSection":["PP de Galicia"],"inLanguage":"es","potentialAction":[{"@type":"CommentAction","name":"Comment","target":["https:\/\/ppdegalicia.com\/es\/o-ppdeg-afirma-que-o-constante-incremento-de-usuarios-e-o-mellor-exponente-de-que-o-plan-de-transporte-publico-de-galicia-funciona-ben\/#respond"]}]},{"@type":"WebPage","@id":"https:\/\/ppdegalicia.com\/es\/o-ppdeg-afirma-que-o-constante-incremento-de-usuarios-e-o-mellor-exponente-de-que-o-plan-de-transporte-publico-de-galicia-funciona-ben\/","url":"https:\/\/ppdegalicia.com\/es\/o-ppdeg-afirma-que-o-constante-incremento-de-usuarios-e-o-mellor-exponente-de-que-o-plan-de-transporte-publico-de-galicia-funciona-ben\/","name":"O PPdeG afirma que \u201co constante incremento de usuarios \u00e9 o mellor expo\u00f1ente de que o Plan de Transporte P\u00fablico de Galicia funciona ben\u201d - PP de Galicia","isPartOf":{"@id":"https:\/\/ppdegalicia.com\/es\/#website"},"primaryImageOfPage":{"@id":"https:\/\/ppdegalicia.com\/es\/o-ppdeg-afirma-que-o-constante-incremento-de-usuarios-e-o-mellor-exponente-de-que-o-plan-de-transporte-publico-de-galicia-funciona-ben\/#primaryimage"},"image":{"@id":"https:\/\/ppdegalicia.com\/es\/o-ppdeg-afirma-que-o-constante-incremento-de-usuarios-e-o-mellor-exponente-de-que-o-plan-de-transporte-publico-de-galicia-funciona-ben\/#primaryimage"},"thumbnailUrl":"https:\/\/ppdegalicia.com\/wp-content\/uploads\/2022\/05\/2f7669ed91f9d147f687082445582940.jpg","datePublished":"2022-05-19T08:30:11+00:00","breadcrumb":{"@id":"https:\/\/ppdegalicia.com\/es\/o-ppdeg-afirma-que-o-constante-incremento-de-usuarios-e-o-mellor-exponente-de-que-o-plan-de-transporte-publico-de-galicia-funciona-ben\/#breadcrumb"},"inLanguage":"es","potentialAction":[{"@type":"ReadAction","target":["https:\/\/ppdegalicia.com\/es\/o-ppdeg-afirma-que-o-constante-incremento-de-usuarios-e-o-mellor-exponente-de-que-o-plan-de-transporte-publico-de-galicia-funciona-ben\/"]}]},{"@type":"ImageObject","inLanguage":"es","@id":"https:\/\/ppdegalicia.com\/es\/o-ppdeg-afirma-que-o-constante-incremento-de-usuarios-e-o-mellor-exponente-de-que-o-plan-de-transporte-publico-de-galicia-funciona-ben\/#primaryimage","url":"https:\/\/ppdegalicia.com\/wp-content\/uploads\/2022\/05\/2f7669ed91f9d147f687082445582940.jpg","contentUrl":"https:\/\/ppdegalicia.com\/wp-content\/uploads\/2022\/05\/2f7669ed91f9d147f687082445582940.jpg","width":1900,"height":1267},{"@type":"BreadcrumbList","@id":"https:\/\/ppdegalicia.com\/es\/o-ppdeg-afirma-que-o-constante-incremento-de-usuarios-e-o-mellor-exponente-de-que-o-plan-de-transporte-publico-de-galicia-funciona-ben\/#breadcrumb","itemListElement":[{"@type":"ListItem","position":1,"name":"Portada","item":"https:\/\/ppdegalicia.com\/es\/"},{"@type":"ListItem","position":2,"name":"O PPdeG afirma que \u201co constante incremento de usuarios \u00e9 o mellor expo\u00f1ente de que o Plan de Transporte P\u00fablico de Galicia funciona ben\u201d"}]},{"@type":"WebSite","@id":"https:\/\/ppdegalicia.com\/es\/#website","url":"https:\/\/ppdegalicia.com\/es\/","name":"Partido Popular de Galicia","description":"Partido Popular de Galicia","publisher":{"@id":"https:\/\/ppdegalicia.com\/es\/#organization"},"alternateName":"PP de Galicia","potentialAction":[{"@type":"SearchAction","target":{"@type":"EntryPoint","urlTemplate":"https:\/\/ppdegalicia.com\/es\/?s={search_term_string}"},"query-input":{"@type":"PropertyValueSpecification","valueRequired":true,"valueName":"search_term_string"}}],"inLanguage":"es"},{"@type":"Organization","@id":"https:\/\/ppdegalicia.com\/es\/#organization","name":"Partido Popular de Galicia","alternateName":"PP de Galicia","url":"https:\/\/ppdegalicia.com\/es\/","logo":{"@type":"ImageObject","inLanguage":"es","@id":"https:\/\/ppdegalicia.com\/es\/#\/schema\/logo\/image\/","url":"https:\/\/ppdegalicia.com\/wp-content\/uploads\/2023\/04\/logoPP512.png","contentUrl":"https:\/\/ppdegalicia.com\/wp-content\/uploads\/2023\/04\/logoPP512.png","width":512,"height":512,"caption":"Partido Popular de Galicia"},"image":{"@id":"https:\/\/ppdegalicia.com\/es\/#\/schema\/logo\/image\/"},"sameAs":["https:\/\/www.instagram.com\/ppdegalicia\/","https:\/\/x.com\/ppdegalicia","https:\/\/www.tiktok.com\/@ppdegalicia","https:\/\/www.youtube.com\/user\/ppdegalicia"]},{"@type":"Person","@id":"https:\/\/ppdegalicia.com\/es\/#\/schema\/person\/5b822c6f59e872ebdd1142f307dbcb59","name":"ppdegaliciaredes","image":{"@type":"ImageObject","inLanguage":"es","@id":"https:\/\/secure.gravatar.com\/avatar\/3c9179cf0256d00c72a48d1f25783c58b6842cd56e85ef3a572881c8e28ccd59?s=96&d=mm&r=g","url":"https:\/\/secure.gravatar.com\/avatar\/3c9179cf0256d00c72a48d1f25783c58b6842cd56e85ef3a572881c8e28ccd59?s=96&d=mm&r=g","contentUrl":"https:\/\/secure.gravatar.com\/avatar\/3c9179cf0256d00c72a48d1f25783c58b6842cd56e85ef3a572881c8e28ccd59?s=96&d=mm&r=g","caption":"ppdegaliciaredes"},"url":"https:\/\/ppdegalicia.com\/es\/author\/ppdegaliciaredes\/"}]}},"_links":{"self":[{"href":"https:\/\/ppdegalicia.com\/es\/wp-json\/wp\/v2\/posts\/57043","targetHints":{"allow":["GET"]}}],"collection":[{"href":"https:\/\/ppdegalicia.com\/es\/wp-json\/wp\/v2\/posts"}],"about":[{"href":"https:\/\/ppdegalicia.com\/es\/wp-json\/wp\/v2\/types\/post"}],"author":[{"embeddable":true,"href":"https:\/\/ppdegalicia.com\/es\/wp-json\/wp\/v2\/users\/38"}],"replies":[{"embeddable":true,"href":"https:\/\/ppdegalicia.com\/es\/wp-json\/wp\/v2\/comments?post=57043"}],"version-history":[{"count":0,"href":"https:\/\/ppdegalicia.com\/es\/wp-json\/wp\/v2\/posts\/57043\/revisions"}],"wp:featuredmedia":[{"embeddable":true,"href":"https:\/\/ppdegalicia.com\/es\/wp-json\/wp\/v2\/media\/57042"}],"wp:attachment":[{"href":"https:\/\/ppdegalicia.com\/es\/wp-json\/wp\/v2\/media?parent=57043"}],"wp:term":[{"taxonomy":"category","embeddable":true,"href":"https:\/\/ppdegalicia.com\/es\/wp-json\/wp\/v2\/categories?post=57043"},{"taxonomy":"post_tag","embeddable":true,"href":"https:\/\/ppdegalicia.com\/es\/wp-json\/wp\/v2\/tags?post=57043"}],"curies":[{"name":"wp","href":"https:\/\/api.w.org\/{rel}","templated":true}]}}