{"id":57063,"date":"2022-05-25T07:22:56","date_gmt":"2022-05-25T05:22:56","guid":{"rendered":"https:\/\/ppdegalicia.com\/o-parlamento-galego-pide-ao-goberno-central-que-retire-a-obriga-de-cotizar-como-autonomo-as-persoas-con-determinados-ingresos-agrarios\/"},"modified":"2022-05-25T07:22:56","modified_gmt":"2022-05-25T05:22:56","slug":"o-parlamento-galego-pide-ao-goberno-central-que-retire-a-obriga-de-cotizar-como-autonomo-as-persoas-con-determinados-ingresos-agrarios","status":"publish","type":"post","link":"https:\/\/ppdegalicia.com\/es\/o-parlamento-galego-pide-ao-goberno-central-que-retire-a-obriga-de-cotizar-como-autonomo-as-persoas-con-determinados-ingresos-agrarios\/","title":{"rendered":"O Parlamento galego pide ao Goberno central que retire a obriga de cotizar como aut\u00f3nomo \u00e1s persoas con determinados ingresos agrarios"},"content":{"rendered":"<p><img fetchpriority=\"high\" decoding=\"async\" class=\" size-full wp-image-57062\" src=\"https:\/\/ppdegalicia.com\/wp-content\/uploads\/2022\/05\/e5839fb1c37d21e74877e07b06185241.jpg\" alt=\"\" width=\"1900\" height=\"1267\" srcset=\"https:\/\/ppdegalicia.com\/wp-content\/uploads\/2022\/05\/e5839fb1c37d21e74877e07b06185241.jpg 1900w, https:\/\/ppdegalicia.com\/wp-content\/uploads\/2022\/05\/e5839fb1c37d21e74877e07b06185241-300x200.jpg 300w, https:\/\/ppdegalicia.com\/wp-content\/uploads\/2022\/05\/e5839fb1c37d21e74877e07b06185241-1024x683.jpg 1024w, https:\/\/ppdegalicia.com\/wp-content\/uploads\/2022\/05\/e5839fb1c37d21e74877e07b06185241-768x512.jpg 768w, https:\/\/ppdegalicia.com\/wp-content\/uploads\/2022\/05\/e5839fb1c37d21e74877e07b06185241-1536x1024.jpg 1536w\" sizes=\"(max-width: 1900px) 100vw, 1900px\" \/><\/p>\n<p>Santiago, 25 de maio de 2022.- O Parlamento de Galicia aprobou hoxe por unanimidade a proposici\u00f3n non de lei do Grupo Popular a trav\u00e9s da que se solicita ao Goberno de Espa\u00f1a que restableza o r\u00e9xime de excepci\u00f3ns vixente desde o ano 2015 que exclu\u00eda da obriga de cotizar como aut\u00f3nomo a aquelas persoas que te\u00f1an ingresos como titulares de explotaci\u00f3ns agrarias cando non superen determinados limiares de renda e rendemento econ\u00f3mico.<\/p>\n<p><!--more--><\/p>\n<p>\u201cReivindicamos, en concordancia cos principais sindicatos agrarios galegos, un tratamento adecuado para que esta agricultura poida manterse e evitar que o af\u00e1n recadatorio do Goberno de Pedro S\u00e1nchez desincentive aos pequenos produtores do rural\u201d, sinalou o deputado Jos\u00e9 Manuel Balseiro.<\/p>\n<p>\u00a0<\/p>\n<p>Na s\u00faa intervenci\u00f3n, Balseiro criticou que \u201ca voracidade fiscal do Goberno socialista tam\u00e9n se estendeu ao agro galego e, m\u00e1is en concreto, os agricultores espor\u00e1dicos, que, coa reforma aprobada en 2020, obr\u00edgaos a darse de alta como aut\u00f3nomos, incluso se xa est\u00e1n cotizando por conta allea por ter outra actividade ou te\u00f1en declarados os ingresos procedentes deses cultivos\u201d.<\/p>\n<p>\u00a0<\/p>\n<p>Esta situaci\u00f3n motivou que se abriran expedientes a agricultores galegos para que se dean de alta como aut\u00f3nomos, ao tempo que o Estado obr\u00edgalles a que paguen con car\u00e1cter retroactivo as cotas atrasadas de anos anteriores.<\/p>\n<p>\u00a0<\/p>\n<p>Esta excepci\u00f3n aplic\u00e1base seguindo uns l\u00edmites en funci\u00f3n da renda xerada pola actividade agraria ou polos rendementos obtidos da explotaci\u00f3n. \u201cO establecemento destes l\u00edmites fac\u00eda posible que moitos propietarios de explotaci\u00f3ns pequenas e que tivesen outra actividade ou emprego non debesen cotizar pola s\u00faa actividade agraria ao considerala de forma clara un complemento de renda\u201d, apuntou.<\/p>\n<p>\u00a0<\/p>\n<p><strong>DURO GOLPE AO RURAL<\/strong><\/p>\n<p>\u00a0<\/p>\n<p>\u201cO Goberno de Pedro S\u00e1nchez decidiu asestar un duro golpe \u00e1 econom\u00eda de miles de familias dos concellos rurais, xa que a obriga de darse de alta pode supo\u00f1er un gasto medio de m\u00e1is de 200 euros ao mes\u201d, lamentou o deputado popular.<\/p>\n<p>\u00a0<\/p>\n<p>Diante desta situaci\u00f3n de inestabilidade e sorpresa xerada entre os afectados, Jos\u00e9 Manuel Balseiro lembrou que o ministro de Agricultura reco\u00f1eceu o erro e indicou que este r\u00e9xime ser\u00eda modificado a trav\u00e9s dunha instruci\u00f3n que, a d\u00eda de hoxe, segue pendente.<\/p>\n<p>\u00a0<\/p>\n<p>\u201cNon nos chega con declaraci\u00f3ns de boas intenci\u00f3ns do ministro, porque o que queremos \u00e9 que ese compromiso apareza na letra do Bolet\u00edn Oficial do Estado, que se garanta por lei para que non haxa lugar a malas interpretaci\u00f3ns\u201d, rematou.<\/p>\n","protected":false},"excerpt":{"rendered":"<p>Santiago, 25 de maio de 2022.- O Parlamento de Galicia aprobou hoxe por unanimidade a proposici\u00f3n non de lei do Grupo Popular a trav\u00e9s da que se solicita ao Goberno de Espa\u00f1a que restableza o r\u00e9xime de excepci\u00f3ns vixente desde o ano 2015 que exclu\u00eda da obriga de cotizar como aut\u00f3nomo a aquelas persoas que [&hellip;]<\/p>\n","protected":false},"author":38,"featured_media":57062,"comment_status":"open","ping_status":"open","sticky":false,"template":"","format":"standard","meta":{"_acf_changed":false,"footnotes":""},"categories":[1],"tags":[],"class_list":["post-57063","post","type-post","status-publish","format-standard","has-post-thumbnail","hentry","category-pp-de-galicia"],"acf":[],"yoast_head":"<!-- This site is optimized with the Yoast SEO plugin v27.3 - https:\/\/yoast.com\/product\/yoast-seo-wordpress\/ -->\n<title>O Parlamento galego pide ao Goberno central que retire a obriga de cotizar como aut\u00f3nomo \u00e1s persoas con determinados ingresos agrarios - PP de Galicia<\/title>\n<meta name=\"robots\" content=\"index, follow, max-snippet:-1, max-image-preview:large, max-video-preview:-1\" \/>\n<link rel=\"canonical\" href=\"https:\/\/ppdegalicia.com\/es\/o-parlamento-galego-pide-ao-goberno-central-que-retire-a-obriga-de-cotizar-como-autonomo-as-persoas-con-determinados-ingresos-agrarios\/\" \/>\n<meta property=\"og:locale\" content=\"es_ES\" \/>\n<meta property=\"og:type\" content=\"article\" \/>\n<meta property=\"og:title\" content=\"O Parlamento galego pide ao Goberno central que retire a obriga de cotizar como aut\u00f3nomo \u00e1s persoas con determinados ingresos agrarios - PP de Galicia\" \/>\n<meta property=\"og:description\" content=\"Santiago, 25 de maio de 2022.- O Parlamento de Galicia aprobou hoxe por unanimidade a proposici\u00f3n non de lei do Grupo Popular a trav\u00e9s da que se solicita ao Goberno de Espa\u00f1a que restableza o r\u00e9xime de excepci\u00f3ns vixente desde o ano 2015 que exclu\u00eda da obriga de cotizar como aut\u00f3nomo a aquelas persoas que [&hellip;]\" \/>\n<meta property=\"og:url\" content=\"https:\/\/ppdegalicia.com\/es\/o-parlamento-galego-pide-ao-goberno-central-que-retire-a-obriga-de-cotizar-como-autonomo-as-persoas-con-determinados-ingresos-agrarios\/\" \/>\n<meta property=\"og:site_name\" content=\"PP de Galicia\" \/>\n<meta property=\"article:publisher\" content=\"https:\/\/www.instagram.com\/ppdegalicia\/\" \/>\n<meta property=\"article:published_time\" content=\"2022-05-25T05:22:56+00:00\" \/>\n<meta property=\"og:image\" content=\"https:\/\/ppdegalicia.com\/wp-content\/uploads\/2022\/05\/e5839fb1c37d21e74877e07b06185241.jpg\" \/>\n\t<meta property=\"og:image:width\" content=\"1900\" \/>\n\t<meta property=\"og:image:height\" content=\"1267\" \/>\n\t<meta property=\"og:image:type\" content=\"image\/jpeg\" \/>\n<meta name=\"author\" content=\"ppdegaliciaredes\" \/>\n<meta name=\"twitter:card\" content=\"summary_large_image\" \/>\n<meta name=\"twitter:creator\" content=\"@ppdegalicia\" \/>\n<meta name=\"twitter:site\" content=\"@ppdegalicia\" \/>\n<meta name=\"twitter:label1\" content=\"Escrito por\" \/>\n\t<meta name=\"twitter:data1\" content=\"ppdegaliciaredes\" \/>\n\t<meta name=\"twitter:label2\" content=\"Tiempo de lectura\" \/>\n\t<meta name=\"twitter:data2\" content=\"2 minutos\" \/>\n<script type=\"application\/ld+json\" class=\"yoast-schema-graph\">{\"@context\":\"https:\\\/\\\/schema.org\",\"@graph\":[{\"@type\":\"Article\",\"@id\":\"https:\\\/\\\/ppdegalicia.com\\\/es\\\/o-parlamento-galego-pide-ao-goberno-central-que-retire-a-obriga-de-cotizar-como-autonomo-as-persoas-con-determinados-ingresos-agrarios\\\/#article\",\"isPartOf\":{\"@id\":\"https:\\\/\\\/ppdegalicia.com\\\/es\\\/o-parlamento-galego-pide-ao-goberno-central-que-retire-a-obriga-de-cotizar-como-autonomo-as-persoas-con-determinados-ingresos-agrarios\\\/\"},\"author\":{\"name\":\"ppdegaliciaredes\",\"@id\":\"https:\\\/\\\/ppdegalicia.com\\\/es\\\/#\\\/schema\\\/person\\\/5b822c6f59e872ebdd1142f307dbcb59\"},\"headline\":\"O Parlamento galego pide ao Goberno central que retire a obriga de cotizar como aut\u00f3nomo \u00e1s persoas con determinados ingresos agrarios\",\"datePublished\":\"2022-05-25T05:22:56+00:00\",\"mainEntityOfPage\":{\"@id\":\"https:\\\/\\\/ppdegalicia.com\\\/es\\\/o-parlamento-galego-pide-ao-goberno-central-que-retire-a-obriga-de-cotizar-como-autonomo-as-persoas-con-determinados-ingresos-agrarios\\\/\"},\"wordCount\":455,\"commentCount\":0,\"publisher\":{\"@id\":\"https:\\\/\\\/ppdegalicia.com\\\/es\\\/#organization\"},\"image\":{\"@id\":\"https:\\\/\\\/ppdegalicia.com\\\/es\\\/o-parlamento-galego-pide-ao-goberno-central-que-retire-a-obriga-de-cotizar-como-autonomo-as-persoas-con-determinados-ingresos-agrarios\\\/#primaryimage\"},\"thumbnailUrl\":\"https:\\\/\\\/ppdegalicia.com\\\/wp-content\\\/uploads\\\/2022\\\/05\\\/e5839fb1c37d21e74877e07b06185241.jpg\",\"articleSection\":[\"PP de Galicia\"],\"inLanguage\":\"es\",\"potentialAction\":[{\"@type\":\"CommentAction\",\"name\":\"Comment\",\"target\":[\"https:\\\/\\\/ppdegalicia.com\\\/es\\\/o-parlamento-galego-pide-ao-goberno-central-que-retire-a-obriga-de-cotizar-como-autonomo-as-persoas-con-determinados-ingresos-agrarios\\\/#respond\"]}]},{\"@type\":\"WebPage\",\"@id\":\"https:\\\/\\\/ppdegalicia.com\\\/es\\\/o-parlamento-galego-pide-ao-goberno-central-que-retire-a-obriga-de-cotizar-como-autonomo-as-persoas-con-determinados-ingresos-agrarios\\\/\",\"url\":\"https:\\\/\\\/ppdegalicia.com\\\/es\\\/o-parlamento-galego-pide-ao-goberno-central-que-retire-a-obriga-de-cotizar-como-autonomo-as-persoas-con-determinados-ingresos-agrarios\\\/\",\"name\":\"O Parlamento galego pide ao Goberno central que retire a obriga de cotizar como aut\u00f3nomo \u00e1s persoas con determinados ingresos agrarios - PP de Galicia\",\"isPartOf\":{\"@id\":\"https:\\\/\\\/ppdegalicia.com\\\/es\\\/#website\"},\"primaryImageOfPage\":{\"@id\":\"https:\\\/\\\/ppdegalicia.com\\\/es\\\/o-parlamento-galego-pide-ao-goberno-central-que-retire-a-obriga-de-cotizar-como-autonomo-as-persoas-con-determinados-ingresos-agrarios\\\/#primaryimage\"},\"image\":{\"@id\":\"https:\\\/\\\/ppdegalicia.com\\\/es\\\/o-parlamento-galego-pide-ao-goberno-central-que-retire-a-obriga-de-cotizar-como-autonomo-as-persoas-con-determinados-ingresos-agrarios\\\/#primaryimage\"},\"thumbnailUrl\":\"https:\\\/\\\/ppdegalicia.com\\\/wp-content\\\/uploads\\\/2022\\\/05\\\/e5839fb1c37d21e74877e07b06185241.jpg\",\"datePublished\":\"2022-05-25T05:22:56+00:00\",\"breadcrumb\":{\"@id\":\"https:\\\/\\\/ppdegalicia.com\\\/es\\\/o-parlamento-galego-pide-ao-goberno-central-que-retire-a-obriga-de-cotizar-como-autonomo-as-persoas-con-determinados-ingresos-agrarios\\\/#breadcrumb\"},\"inLanguage\":\"es\",\"potentialAction\":[{\"@type\":\"ReadAction\",\"target\":[\"https:\\\/\\\/ppdegalicia.com\\\/es\\\/o-parlamento-galego-pide-ao-goberno-central-que-retire-a-obriga-de-cotizar-como-autonomo-as-persoas-con-determinados-ingresos-agrarios\\\/\"]}]},{\"@type\":\"ImageObject\",\"inLanguage\":\"es\",\"@id\":\"https:\\\/\\\/ppdegalicia.com\\\/es\\\/o-parlamento-galego-pide-ao-goberno-central-que-retire-a-obriga-de-cotizar-como-autonomo-as-persoas-con-determinados-ingresos-agrarios\\\/#primaryimage\",\"url\":\"https:\\\/\\\/ppdegalicia.com\\\/wp-content\\\/uploads\\\/2022\\\/05\\\/e5839fb1c37d21e74877e07b06185241.jpg\",\"contentUrl\":\"https:\\\/\\\/ppdegalicia.com\\\/wp-content\\\/uploads\\\/2022\\\/05\\\/e5839fb1c37d21e74877e07b06185241.jpg\",\"width\":1900,\"height\":1267},{\"@type\":\"BreadcrumbList\",\"@id\":\"https:\\\/\\\/ppdegalicia.com\\\/es\\\/o-parlamento-galego-pide-ao-goberno-central-que-retire-a-obriga-de-cotizar-como-autonomo-as-persoas-con-determinados-ingresos-agrarios\\\/#breadcrumb\",\"itemListElement\":[{\"@type\":\"ListItem\",\"position\":1,\"name\":\"Portada\",\"item\":\"https:\\\/\\\/ppdegalicia.com\\\/es\\\/\"},{\"@type\":\"ListItem\",\"position\":2,\"name\":\"O Parlamento galego pide ao Goberno central que retire a obriga de cotizar como aut\u00f3nomo \u00e1s persoas con determinados ingresos agrarios\"}]},{\"@type\":\"WebSite\",\"@id\":\"https:\\\/\\\/ppdegalicia.com\\\/es\\\/#website\",\"url\":\"https:\\\/\\\/ppdegalicia.com\\\/es\\\/\",\"name\":\"Partido Popular de Galicia\",\"description\":\"Partido Popular de Galicia\",\"publisher\":{\"@id\":\"https:\\\/\\\/ppdegalicia.com\\\/es\\\/#organization\"},\"alternateName\":\"PP de Galicia\",\"potentialAction\":[{\"@type\":\"SearchAction\",\"target\":{\"@type\":\"EntryPoint\",\"urlTemplate\":\"https:\\\/\\\/ppdegalicia.com\\\/es\\\/?s={search_term_string}\"},\"query-input\":{\"@type\":\"PropertyValueSpecification\",\"valueRequired\":true,\"valueName\":\"search_term_string\"}}],\"inLanguage\":\"es\"},{\"@type\":\"Organization\",\"@id\":\"https:\\\/\\\/ppdegalicia.com\\\/es\\\/#organization\",\"name\":\"Partido Popular de Galicia\",\"alternateName\":\"PP de Galicia\",\"url\":\"https:\\\/\\\/ppdegalicia.com\\\/es\\\/\",\"logo\":{\"@type\":\"ImageObject\",\"inLanguage\":\"es\",\"@id\":\"https:\\\/\\\/ppdegalicia.com\\\/es\\\/#\\\/schema\\\/logo\\\/image\\\/\",\"url\":\"https:\\\/\\\/ppdegalicia.com\\\/wp-content\\\/uploads\\\/2023\\\/04\\\/logoPP512.png\",\"contentUrl\":\"https:\\\/\\\/ppdegalicia.com\\\/wp-content\\\/uploads\\\/2023\\\/04\\\/logoPP512.png\",\"width\":512,\"height\":512,\"caption\":\"Partido Popular de Galicia\"},\"image\":{\"@id\":\"https:\\\/\\\/ppdegalicia.com\\\/es\\\/#\\\/schema\\\/logo\\\/image\\\/\"},\"sameAs\":[\"https:\\\/\\\/www.instagram.com\\\/ppdegalicia\\\/\",\"https:\\\/\\\/x.com\\\/ppdegalicia\",\"https:\\\/\\\/www.tiktok.com\\\/@ppdegalicia\",\"https:\\\/\\\/www.youtube.com\\\/user\\\/ppdegalicia\"]},{\"@type\":\"Person\",\"@id\":\"https:\\\/\\\/ppdegalicia.com\\\/es\\\/#\\\/schema\\\/person\\\/5b822c6f59e872ebdd1142f307dbcb59\",\"name\":\"ppdegaliciaredes\",\"image\":{\"@type\":\"ImageObject\",\"inLanguage\":\"es\",\"@id\":\"https:\\\/\\\/secure.gravatar.com\\\/avatar\\\/3c9179cf0256d00c72a48d1f25783c58b6842cd56e85ef3a572881c8e28ccd59?s=96&d=mm&r=g\",\"url\":\"https:\\\/\\\/secure.gravatar.com\\\/avatar\\\/3c9179cf0256d00c72a48d1f25783c58b6842cd56e85ef3a572881c8e28ccd59?s=96&d=mm&r=g\",\"contentUrl\":\"https:\\\/\\\/secure.gravatar.com\\\/avatar\\\/3c9179cf0256d00c72a48d1f25783c58b6842cd56e85ef3a572881c8e28ccd59?s=96&d=mm&r=g\",\"caption\":\"ppdegaliciaredes\"},\"url\":\"https:\\\/\\\/ppdegalicia.com\\\/es\\\/author\\\/ppdegaliciaredes\\\/\"}]}<\/script>\n<!-- \/ Yoast SEO plugin. -->","yoast_head_json":{"title":"O Parlamento galego pide ao Goberno central que retire a obriga de cotizar como aut\u00f3nomo \u00e1s persoas con determinados ingresos agrarios - PP de Galicia","robots":{"index":"index","follow":"follow","max-snippet":"max-snippet:-1","max-image-preview":"max-image-preview:large","max-video-preview":"max-video-preview:-1"},"canonical":"https:\/\/ppdegalicia.com\/es\/o-parlamento-galego-pide-ao-goberno-central-que-retire-a-obriga-de-cotizar-como-autonomo-as-persoas-con-determinados-ingresos-agrarios\/","og_locale":"es_ES","og_type":"article","og_title":"O Parlamento galego pide ao Goberno central que retire a obriga de cotizar como aut\u00f3nomo \u00e1s persoas con determinados ingresos agrarios - PP de Galicia","og_description":"Santiago, 25 de maio de 2022.- O Parlamento de Galicia aprobou hoxe por unanimidade a proposici\u00f3n non de lei do Grupo Popular a trav\u00e9s da que se solicita ao Goberno de Espa\u00f1a que restableza o r\u00e9xime de excepci\u00f3ns vixente desde o ano 2015 que exclu\u00eda da obriga de cotizar como aut\u00f3nomo a aquelas persoas que [&hellip;]","og_url":"https:\/\/ppdegalicia.com\/es\/o-parlamento-galego-pide-ao-goberno-central-que-retire-a-obriga-de-cotizar-como-autonomo-as-persoas-con-determinados-ingresos-agrarios\/","og_site_name":"PP de Galicia","article_publisher":"https:\/\/www.instagram.com\/ppdegalicia\/","article_published_time":"2022-05-25T05:22:56+00:00","og_image":[{"width":1900,"height":1267,"url":"https:\/\/ppdegalicia.com\/wp-content\/uploads\/2022\/05\/e5839fb1c37d21e74877e07b06185241.jpg","type":"image\/jpeg"}],"author":"ppdegaliciaredes","twitter_card":"summary_large_image","twitter_creator":"@ppdegalicia","twitter_site":"@ppdegalicia","twitter_misc":{"Escrito por":"ppdegaliciaredes","Tiempo de lectura":"2 minutos"},"schema":{"@context":"https:\/\/schema.org","@graph":[{"@type":"Article","@id":"https:\/\/ppdegalicia.com\/es\/o-parlamento-galego-pide-ao-goberno-central-que-retire-a-obriga-de-cotizar-como-autonomo-as-persoas-con-determinados-ingresos-agrarios\/#article","isPartOf":{"@id":"https:\/\/ppdegalicia.com\/es\/o-parlamento-galego-pide-ao-goberno-central-que-retire-a-obriga-de-cotizar-como-autonomo-as-persoas-con-determinados-ingresos-agrarios\/"},"author":{"name":"ppdegaliciaredes","@id":"https:\/\/ppdegalicia.com\/es\/#\/schema\/person\/5b822c6f59e872ebdd1142f307dbcb59"},"headline":"O Parlamento galego pide ao Goberno central que retire a obriga de cotizar como aut\u00f3nomo \u00e1s persoas con determinados ingresos agrarios","datePublished":"2022-05-25T05:22:56+00:00","mainEntityOfPage":{"@id":"https:\/\/ppdegalicia.com\/es\/o-parlamento-galego-pide-ao-goberno-central-que-retire-a-obriga-de-cotizar-como-autonomo-as-persoas-con-determinados-ingresos-agrarios\/"},"wordCount":455,"commentCount":0,"publisher":{"@id":"https:\/\/ppdegalicia.com\/es\/#organization"},"image":{"@id":"https:\/\/ppdegalicia.com\/es\/o-parlamento-galego-pide-ao-goberno-central-que-retire-a-obriga-de-cotizar-como-autonomo-as-persoas-con-determinados-ingresos-agrarios\/#primaryimage"},"thumbnailUrl":"https:\/\/ppdegalicia.com\/wp-content\/uploads\/2022\/05\/e5839fb1c37d21e74877e07b06185241.jpg","articleSection":["PP de Galicia"],"inLanguage":"es","potentialAction":[{"@type":"CommentAction","name":"Comment","target":["https:\/\/ppdegalicia.com\/es\/o-parlamento-galego-pide-ao-goberno-central-que-retire-a-obriga-de-cotizar-como-autonomo-as-persoas-con-determinados-ingresos-agrarios\/#respond"]}]},{"@type":"WebPage","@id":"https:\/\/ppdegalicia.com\/es\/o-parlamento-galego-pide-ao-goberno-central-que-retire-a-obriga-de-cotizar-como-autonomo-as-persoas-con-determinados-ingresos-agrarios\/","url":"https:\/\/ppdegalicia.com\/es\/o-parlamento-galego-pide-ao-goberno-central-que-retire-a-obriga-de-cotizar-como-autonomo-as-persoas-con-determinados-ingresos-agrarios\/","name":"O Parlamento galego pide ao Goberno central que retire a obriga de cotizar como aut\u00f3nomo \u00e1s persoas con determinados ingresos agrarios - PP de Galicia","isPartOf":{"@id":"https:\/\/ppdegalicia.com\/es\/#website"},"primaryImageOfPage":{"@id":"https:\/\/ppdegalicia.com\/es\/o-parlamento-galego-pide-ao-goberno-central-que-retire-a-obriga-de-cotizar-como-autonomo-as-persoas-con-determinados-ingresos-agrarios\/#primaryimage"},"image":{"@id":"https:\/\/ppdegalicia.com\/es\/o-parlamento-galego-pide-ao-goberno-central-que-retire-a-obriga-de-cotizar-como-autonomo-as-persoas-con-determinados-ingresos-agrarios\/#primaryimage"},"thumbnailUrl":"https:\/\/ppdegalicia.com\/wp-content\/uploads\/2022\/05\/e5839fb1c37d21e74877e07b06185241.jpg","datePublished":"2022-05-25T05:22:56+00:00","breadcrumb":{"@id":"https:\/\/ppdegalicia.com\/es\/o-parlamento-galego-pide-ao-goberno-central-que-retire-a-obriga-de-cotizar-como-autonomo-as-persoas-con-determinados-ingresos-agrarios\/#breadcrumb"},"inLanguage":"es","potentialAction":[{"@type":"ReadAction","target":["https:\/\/ppdegalicia.com\/es\/o-parlamento-galego-pide-ao-goberno-central-que-retire-a-obriga-de-cotizar-como-autonomo-as-persoas-con-determinados-ingresos-agrarios\/"]}]},{"@type":"ImageObject","inLanguage":"es","@id":"https:\/\/ppdegalicia.com\/es\/o-parlamento-galego-pide-ao-goberno-central-que-retire-a-obriga-de-cotizar-como-autonomo-as-persoas-con-determinados-ingresos-agrarios\/#primaryimage","url":"https:\/\/ppdegalicia.com\/wp-content\/uploads\/2022\/05\/e5839fb1c37d21e74877e07b06185241.jpg","contentUrl":"https:\/\/ppdegalicia.com\/wp-content\/uploads\/2022\/05\/e5839fb1c37d21e74877e07b06185241.jpg","width":1900,"height":1267},{"@type":"BreadcrumbList","@id":"https:\/\/ppdegalicia.com\/es\/o-parlamento-galego-pide-ao-goberno-central-que-retire-a-obriga-de-cotizar-como-autonomo-as-persoas-con-determinados-ingresos-agrarios\/#breadcrumb","itemListElement":[{"@type":"ListItem","position":1,"name":"Portada","item":"https:\/\/ppdegalicia.com\/es\/"},{"@type":"ListItem","position":2,"name":"O Parlamento galego pide ao Goberno central que retire a obriga de cotizar como aut\u00f3nomo \u00e1s persoas con determinados ingresos agrarios"}]},{"@type":"WebSite","@id":"https:\/\/ppdegalicia.com\/es\/#website","url":"https:\/\/ppdegalicia.com\/es\/","name":"Partido Popular de Galicia","description":"Partido Popular de Galicia","publisher":{"@id":"https:\/\/ppdegalicia.com\/es\/#organization"},"alternateName":"PP de Galicia","potentialAction":[{"@type":"SearchAction","target":{"@type":"EntryPoint","urlTemplate":"https:\/\/ppdegalicia.com\/es\/?s={search_term_string}"},"query-input":{"@type":"PropertyValueSpecification","valueRequired":true,"valueName":"search_term_string"}}],"inLanguage":"es"},{"@type":"Organization","@id":"https:\/\/ppdegalicia.com\/es\/#organization","name":"Partido Popular de Galicia","alternateName":"PP de Galicia","url":"https:\/\/ppdegalicia.com\/es\/","logo":{"@type":"ImageObject","inLanguage":"es","@id":"https:\/\/ppdegalicia.com\/es\/#\/schema\/logo\/image\/","url":"https:\/\/ppdegalicia.com\/wp-content\/uploads\/2023\/04\/logoPP512.png","contentUrl":"https:\/\/ppdegalicia.com\/wp-content\/uploads\/2023\/04\/logoPP512.png","width":512,"height":512,"caption":"Partido Popular de Galicia"},"image":{"@id":"https:\/\/ppdegalicia.com\/es\/#\/schema\/logo\/image\/"},"sameAs":["https:\/\/www.instagram.com\/ppdegalicia\/","https:\/\/x.com\/ppdegalicia","https:\/\/www.tiktok.com\/@ppdegalicia","https:\/\/www.youtube.com\/user\/ppdegalicia"]},{"@type":"Person","@id":"https:\/\/ppdegalicia.com\/es\/#\/schema\/person\/5b822c6f59e872ebdd1142f307dbcb59","name":"ppdegaliciaredes","image":{"@type":"ImageObject","inLanguage":"es","@id":"https:\/\/secure.gravatar.com\/avatar\/3c9179cf0256d00c72a48d1f25783c58b6842cd56e85ef3a572881c8e28ccd59?s=96&d=mm&r=g","url":"https:\/\/secure.gravatar.com\/avatar\/3c9179cf0256d00c72a48d1f25783c58b6842cd56e85ef3a572881c8e28ccd59?s=96&d=mm&r=g","contentUrl":"https:\/\/secure.gravatar.com\/avatar\/3c9179cf0256d00c72a48d1f25783c58b6842cd56e85ef3a572881c8e28ccd59?s=96&d=mm&r=g","caption":"ppdegaliciaredes"},"url":"https:\/\/ppdegalicia.com\/es\/author\/ppdegaliciaredes\/"}]}},"_links":{"self":[{"href":"https:\/\/ppdegalicia.com\/es\/wp-json\/wp\/v2\/posts\/57063","targetHints":{"allow":["GET"]}}],"collection":[{"href":"https:\/\/ppdegalicia.com\/es\/wp-json\/wp\/v2\/posts"}],"about":[{"href":"https:\/\/ppdegalicia.com\/es\/wp-json\/wp\/v2\/types\/post"}],"author":[{"embeddable":true,"href":"https:\/\/ppdegalicia.com\/es\/wp-json\/wp\/v2\/users\/38"}],"replies":[{"embeddable":true,"href":"https:\/\/ppdegalicia.com\/es\/wp-json\/wp\/v2\/comments?post=57063"}],"version-history":[{"count":0,"href":"https:\/\/ppdegalicia.com\/es\/wp-json\/wp\/v2\/posts\/57063\/revisions"}],"wp:featuredmedia":[{"embeddable":true,"href":"https:\/\/ppdegalicia.com\/es\/wp-json\/wp\/v2\/media\/57062"}],"wp:attachment":[{"href":"https:\/\/ppdegalicia.com\/es\/wp-json\/wp\/v2\/media?parent=57063"}],"wp:term":[{"taxonomy":"category","embeddable":true,"href":"https:\/\/ppdegalicia.com\/es\/wp-json\/wp\/v2\/categories?post=57063"},{"taxonomy":"post_tag","embeddable":true,"href":"https:\/\/ppdegalicia.com\/es\/wp-json\/wp\/v2\/tags?post=57063"}],"curies":[{"name":"wp","href":"https:\/\/api.w.org\/{rel}","templated":true}]}}