{"id":57067,"date":"2022-05-25T21:16:07","date_gmt":"2022-05-25T19:16:07","guid":{"rendered":"https:\/\/ppdegalicia.com\/o-parlamento-galego-demanda-ao-goberno-central-medidas-que-dean-seguridade-e-solucions-aos-concellos-que-ven-anulado-o-seu-ordenamento\/"},"modified":"2022-05-25T21:16:07","modified_gmt":"2022-05-25T19:16:07","slug":"o-parlamento-galego-demanda-ao-goberno-central-medidas-que-dean-seguridade-e-solucions-aos-concellos-que-ven-anulado-o-seu-ordenamento","status":"publish","type":"post","link":"https:\/\/ppdegalicia.com\/es\/o-parlamento-galego-demanda-ao-goberno-central-medidas-que-dean-seguridade-e-solucions-aos-concellos-que-ven-anulado-o-seu-ordenamento\/","title":{"rendered":"O Parlamento galego demanda ao Goberno central medidas que dean seguridade e soluci\u00f3ns aos concellos que ven anulado o seu ordenamento"},"content":{"rendered":"<p><img fetchpriority=\"high\" decoding=\"async\" class=\" size-full wp-image-57066\" src=\"https:\/\/ppdegalicia.com\/wp-content\/uploads\/2022\/05\/90d6095880b99c809f231ad373df92a2.jpg\" alt=\"\" width=\"1900\" height=\"1267\" srcset=\"https:\/\/ppdegalicia.com\/wp-content\/uploads\/2022\/05\/90d6095880b99c809f231ad373df92a2.jpg 1900w, https:\/\/ppdegalicia.com\/wp-content\/uploads\/2022\/05\/90d6095880b99c809f231ad373df92a2-300x200.jpg 300w, https:\/\/ppdegalicia.com\/wp-content\/uploads\/2022\/05\/90d6095880b99c809f231ad373df92a2-1024x683.jpg 1024w, https:\/\/ppdegalicia.com\/wp-content\/uploads\/2022\/05\/90d6095880b99c809f231ad373df92a2-768x512.jpg 768w, https:\/\/ppdegalicia.com\/wp-content\/uploads\/2022\/05\/90d6095880b99c809f231ad373df92a2-1536x1024.jpg 1536w\" sizes=\"(max-width: 1900px) 100vw, 1900px\" \/><\/p>\n<p>Santiago, 25 de maio de 2022.- O Parlamento de Galicia aprobou hoxe a proposici\u00f3n non de lei do Grupo Popular a trav\u00e9s da que se apoia o Manifesto pola seguridade xur\u00eddica do planeamento territorial e urban\u00edstico asinado por 14 gobernos auton\u00f3micos no marco do Encontro Xacobeo 21-22 por un urbanismo responsable e que, entre outras medidas sinala a necesidade de que o Goberno central impulse medidas lexislativas para ofrecer maior seguridade xur\u00eddica e, en particular, promover soluci\u00f3ns \u00e1 problem\u00e1tica \u00e1 que se enfrontan os concellos no momento no que se anulan os seus instrumentos de ordenaci\u00f3n.<\/p>\n<p><!--more--><\/p>\n<p>A deputada popular Marisol D\u00edaz Mouteira considerou \u201cnecesario dotar de seguridade xur\u00eddica ao \u00e1mbito da ordenaci\u00f3n do territorio e mailo urbanismo, fronte ao incremento exponencial dos casos de nulidade dos planeamentos derivados de vicios formais, sen contido determinante sobre os obxectivos do plan e que se poder\u00edan resolver con sinxelos procedementos\u201d.<\/p>\n<p>Neste sentido, apuntou que \u201cson cada vez m\u00e1is numerosas as declaraci\u00f3ns de nulidade radical do planeamento territorial e urban\u00edstico, que est\u00e1n a converter as normas de desenvolvemento nun instrumento feble e pouco fiable\u201d. En concreto, lembrou os casos de Vigo, Ourense, Gondomar, R\u00e1bade, Mel\u00f3n, Abegondo, Ver\u00edn, Monterrei, Boqueix\u00f3n ou Mux\u00eda, entre outros, e dixo que \u201cse non procuramos unha soluci\u00f3n seguro que moitos m\u00e1is concellos iranse sumando \u00e1 lista de casos de anulaci\u00f3n radical do planeamento\u201d.<\/p>\n<p>SITUACI\u00d3N DISTINTA NOUTROS PA\u00cdSES<\/p>\n<p>D\u00edaz Mouteira explicou que este problema non afecta unicamente a Galicia xa que o Tribunal Supremo tira de xurisprudencia e mant\u00e9n a nulidade do planeamento sen admitir subsanaci\u00f3ns, convalidaci\u00f3ns nin conservaci\u00f3n de tr\u00e1mites. Por\u00e9n, dixo que \u201cen pa\u00edses da nosa contorna, como Francia, Italia ou Alema\u00f1a, xa se deron conta de que hab\u00eda que primar o principio de conservaci\u00f3n dos plans e a subsanaci\u00f3n dos erros e vicios, e agora nestes pa\u00edses a excepci\u00f3n \u00e9 a nulidade radical dun plan\u201d.<\/p>\n<p>Para rematar, a deputada popular salientou o consenso existente arredor deste manifesto, xa que conta co apoio de 13 comunidades aut\u00f3nomas, as\u00ed como das cidades aut\u00f3nomas de Ceuta e Melilla; as catro deputaci\u00f3ns galegas; e a Federaci\u00f3n Galega de Municipios e Provincias; ademais de colectivos como o Colexio Oficial de Arquitectos de Galicia, a Asociaci\u00f3n de Arquitectos Urbanistas ou o Pleno do Consello Superior de Arquitectos de Espa\u00f1a<\/p>\n","protected":false},"excerpt":{"rendered":"<p>Santiago, 25 de maio de 2022.- O Parlamento de Galicia aprobou hoxe a proposici\u00f3n non de lei do Grupo Popular a trav\u00e9s da que se apoia o Manifesto pola seguridade xur\u00eddica do planeamento territorial e urban\u00edstico asinado por 14 gobernos auton\u00f3micos no marco do Encontro Xacobeo 21-22 por un urbanismo responsable e que, entre outras [&hellip;]<\/p>\n","protected":false},"author":38,"featured_media":57066,"comment_status":"open","ping_status":"open","sticky":false,"template":"","format":"standard","meta":{"_acf_changed":false,"footnotes":""},"categories":[1],"tags":[],"class_list":["post-57067","post","type-post","status-publish","format-standard","has-post-thumbnail","hentry","category-pp-de-galicia"],"acf":[],"yoast_head":"<!-- This site is optimized with the Yoast SEO plugin v27.3 - https:\/\/yoast.com\/product\/yoast-seo-wordpress\/ -->\n<title>O Parlamento galego demanda ao Goberno central medidas que dean seguridade e soluci\u00f3ns aos concellos que ven anulado o seu ordenamento - PP de Galicia<\/title>\n<meta name=\"robots\" content=\"index, follow, max-snippet:-1, max-image-preview:large, max-video-preview:-1\" \/>\n<link rel=\"canonical\" href=\"https:\/\/ppdegalicia.com\/es\/o-parlamento-galego-demanda-ao-goberno-central-medidas-que-dean-seguridade-e-solucions-aos-concellos-que-ven-anulado-o-seu-ordenamento\/\" \/>\n<meta property=\"og:locale\" content=\"es_ES\" \/>\n<meta property=\"og:type\" content=\"article\" \/>\n<meta property=\"og:title\" content=\"O Parlamento galego demanda ao Goberno central medidas que dean seguridade e soluci\u00f3ns aos concellos que ven anulado o seu ordenamento - PP de Galicia\" \/>\n<meta property=\"og:description\" content=\"Santiago, 25 de maio de 2022.- O Parlamento de Galicia aprobou hoxe a proposici\u00f3n non de lei do Grupo Popular a trav\u00e9s da que se apoia o Manifesto pola seguridade xur\u00eddica do planeamento territorial e urban\u00edstico asinado por 14 gobernos auton\u00f3micos no marco do Encontro Xacobeo 21-22 por un urbanismo responsable e que, entre outras [&hellip;]\" \/>\n<meta property=\"og:url\" content=\"https:\/\/ppdegalicia.com\/es\/o-parlamento-galego-demanda-ao-goberno-central-medidas-que-dean-seguridade-e-solucions-aos-concellos-que-ven-anulado-o-seu-ordenamento\/\" \/>\n<meta property=\"og:site_name\" content=\"PP de Galicia\" \/>\n<meta property=\"article:publisher\" content=\"https:\/\/www.instagram.com\/ppdegalicia\/\" \/>\n<meta property=\"article:published_time\" content=\"2022-05-25T19:16:07+00:00\" \/>\n<meta property=\"og:image\" content=\"https:\/\/ppdegalicia.com\/wp-content\/uploads\/2022\/05\/90d6095880b99c809f231ad373df92a2.jpg\" \/>\n\t<meta property=\"og:image:width\" content=\"1900\" \/>\n\t<meta property=\"og:image:height\" content=\"1267\" \/>\n\t<meta property=\"og:image:type\" content=\"image\/jpeg\" \/>\n<meta name=\"author\" content=\"ppdegaliciaredes\" \/>\n<meta name=\"twitter:card\" content=\"summary_large_image\" \/>\n<meta name=\"twitter:creator\" content=\"@ppdegalicia\" \/>\n<meta name=\"twitter:site\" content=\"@ppdegalicia\" \/>\n<meta name=\"twitter:label1\" content=\"Escrito por\" \/>\n\t<meta name=\"twitter:data1\" content=\"ppdegaliciaredes\" \/>\n\t<meta name=\"twitter:label2\" content=\"Tiempo de lectura\" \/>\n\t<meta name=\"twitter:data2\" content=\"2 minutos\" \/>\n<script type=\"application\/ld+json\" class=\"yoast-schema-graph\">{\"@context\":\"https:\\\/\\\/schema.org\",\"@graph\":[{\"@type\":\"Article\",\"@id\":\"https:\\\/\\\/ppdegalicia.com\\\/es\\\/o-parlamento-galego-demanda-ao-goberno-central-medidas-que-dean-seguridade-e-solucions-aos-concellos-que-ven-anulado-o-seu-ordenamento\\\/#article\",\"isPartOf\":{\"@id\":\"https:\\\/\\\/ppdegalicia.com\\\/es\\\/o-parlamento-galego-demanda-ao-goberno-central-medidas-que-dean-seguridade-e-solucions-aos-concellos-que-ven-anulado-o-seu-ordenamento\\\/\"},\"author\":{\"name\":\"ppdegaliciaredes\",\"@id\":\"https:\\\/\\\/ppdegalicia.com\\\/es\\\/#\\\/schema\\\/person\\\/5b822c6f59e872ebdd1142f307dbcb59\"},\"headline\":\"O Parlamento galego demanda ao Goberno central medidas que dean seguridade e soluci\u00f3ns aos concellos que ven anulado o seu ordenamento\",\"datePublished\":\"2022-05-25T19:16:07+00:00\",\"mainEntityOfPage\":{\"@id\":\"https:\\\/\\\/ppdegalicia.com\\\/es\\\/o-parlamento-galego-demanda-ao-goberno-central-medidas-que-dean-seguridade-e-solucions-aos-concellos-que-ven-anulado-o-seu-ordenamento\\\/\"},\"wordCount\":437,\"commentCount\":0,\"publisher\":{\"@id\":\"https:\\\/\\\/ppdegalicia.com\\\/es\\\/#organization\"},\"image\":{\"@id\":\"https:\\\/\\\/ppdegalicia.com\\\/es\\\/o-parlamento-galego-demanda-ao-goberno-central-medidas-que-dean-seguridade-e-solucions-aos-concellos-que-ven-anulado-o-seu-ordenamento\\\/#primaryimage\"},\"thumbnailUrl\":\"https:\\\/\\\/ppdegalicia.com\\\/wp-content\\\/uploads\\\/2022\\\/05\\\/90d6095880b99c809f231ad373df92a2.jpg\",\"articleSection\":[\"PP de Galicia\"],\"inLanguage\":\"es\",\"potentialAction\":[{\"@type\":\"CommentAction\",\"name\":\"Comment\",\"target\":[\"https:\\\/\\\/ppdegalicia.com\\\/es\\\/o-parlamento-galego-demanda-ao-goberno-central-medidas-que-dean-seguridade-e-solucions-aos-concellos-que-ven-anulado-o-seu-ordenamento\\\/#respond\"]}]},{\"@type\":\"WebPage\",\"@id\":\"https:\\\/\\\/ppdegalicia.com\\\/es\\\/o-parlamento-galego-demanda-ao-goberno-central-medidas-que-dean-seguridade-e-solucions-aos-concellos-que-ven-anulado-o-seu-ordenamento\\\/\",\"url\":\"https:\\\/\\\/ppdegalicia.com\\\/es\\\/o-parlamento-galego-demanda-ao-goberno-central-medidas-que-dean-seguridade-e-solucions-aos-concellos-que-ven-anulado-o-seu-ordenamento\\\/\",\"name\":\"O Parlamento galego demanda ao Goberno central medidas que dean seguridade e soluci\u00f3ns aos concellos que ven anulado o seu ordenamento - PP de Galicia\",\"isPartOf\":{\"@id\":\"https:\\\/\\\/ppdegalicia.com\\\/es\\\/#website\"},\"primaryImageOfPage\":{\"@id\":\"https:\\\/\\\/ppdegalicia.com\\\/es\\\/o-parlamento-galego-demanda-ao-goberno-central-medidas-que-dean-seguridade-e-solucions-aos-concellos-que-ven-anulado-o-seu-ordenamento\\\/#primaryimage\"},\"image\":{\"@id\":\"https:\\\/\\\/ppdegalicia.com\\\/es\\\/o-parlamento-galego-demanda-ao-goberno-central-medidas-que-dean-seguridade-e-solucions-aos-concellos-que-ven-anulado-o-seu-ordenamento\\\/#primaryimage\"},\"thumbnailUrl\":\"https:\\\/\\\/ppdegalicia.com\\\/wp-content\\\/uploads\\\/2022\\\/05\\\/90d6095880b99c809f231ad373df92a2.jpg\",\"datePublished\":\"2022-05-25T19:16:07+00:00\",\"breadcrumb\":{\"@id\":\"https:\\\/\\\/ppdegalicia.com\\\/es\\\/o-parlamento-galego-demanda-ao-goberno-central-medidas-que-dean-seguridade-e-solucions-aos-concellos-que-ven-anulado-o-seu-ordenamento\\\/#breadcrumb\"},\"inLanguage\":\"es\",\"potentialAction\":[{\"@type\":\"ReadAction\",\"target\":[\"https:\\\/\\\/ppdegalicia.com\\\/es\\\/o-parlamento-galego-demanda-ao-goberno-central-medidas-que-dean-seguridade-e-solucions-aos-concellos-que-ven-anulado-o-seu-ordenamento\\\/\"]}]},{\"@type\":\"ImageObject\",\"inLanguage\":\"es\",\"@id\":\"https:\\\/\\\/ppdegalicia.com\\\/es\\\/o-parlamento-galego-demanda-ao-goberno-central-medidas-que-dean-seguridade-e-solucions-aos-concellos-que-ven-anulado-o-seu-ordenamento\\\/#primaryimage\",\"url\":\"https:\\\/\\\/ppdegalicia.com\\\/wp-content\\\/uploads\\\/2022\\\/05\\\/90d6095880b99c809f231ad373df92a2.jpg\",\"contentUrl\":\"https:\\\/\\\/ppdegalicia.com\\\/wp-content\\\/uploads\\\/2022\\\/05\\\/90d6095880b99c809f231ad373df92a2.jpg\",\"width\":1900,\"height\":1267},{\"@type\":\"BreadcrumbList\",\"@id\":\"https:\\\/\\\/ppdegalicia.com\\\/es\\\/o-parlamento-galego-demanda-ao-goberno-central-medidas-que-dean-seguridade-e-solucions-aos-concellos-que-ven-anulado-o-seu-ordenamento\\\/#breadcrumb\",\"itemListElement\":[{\"@type\":\"ListItem\",\"position\":1,\"name\":\"Portada\",\"item\":\"https:\\\/\\\/ppdegalicia.com\\\/es\\\/\"},{\"@type\":\"ListItem\",\"position\":2,\"name\":\"O Parlamento galego demanda ao Goberno central medidas que dean seguridade e soluci\u00f3ns aos concellos que ven anulado o seu ordenamento\"}]},{\"@type\":\"WebSite\",\"@id\":\"https:\\\/\\\/ppdegalicia.com\\\/es\\\/#website\",\"url\":\"https:\\\/\\\/ppdegalicia.com\\\/es\\\/\",\"name\":\"Partido Popular de Galicia\",\"description\":\"Partido Popular de Galicia\",\"publisher\":{\"@id\":\"https:\\\/\\\/ppdegalicia.com\\\/es\\\/#organization\"},\"alternateName\":\"PP de Galicia\",\"potentialAction\":[{\"@type\":\"SearchAction\",\"target\":{\"@type\":\"EntryPoint\",\"urlTemplate\":\"https:\\\/\\\/ppdegalicia.com\\\/es\\\/?s={search_term_string}\"},\"query-input\":{\"@type\":\"PropertyValueSpecification\",\"valueRequired\":true,\"valueName\":\"search_term_string\"}}],\"inLanguage\":\"es\"},{\"@type\":\"Organization\",\"@id\":\"https:\\\/\\\/ppdegalicia.com\\\/es\\\/#organization\",\"name\":\"Partido Popular de Galicia\",\"alternateName\":\"PP de Galicia\",\"url\":\"https:\\\/\\\/ppdegalicia.com\\\/es\\\/\",\"logo\":{\"@type\":\"ImageObject\",\"inLanguage\":\"es\",\"@id\":\"https:\\\/\\\/ppdegalicia.com\\\/es\\\/#\\\/schema\\\/logo\\\/image\\\/\",\"url\":\"https:\\\/\\\/ppdegalicia.com\\\/wp-content\\\/uploads\\\/2023\\\/04\\\/logoPP512.png\",\"contentUrl\":\"https:\\\/\\\/ppdegalicia.com\\\/wp-content\\\/uploads\\\/2023\\\/04\\\/logoPP512.png\",\"width\":512,\"height\":512,\"caption\":\"Partido Popular de Galicia\"},\"image\":{\"@id\":\"https:\\\/\\\/ppdegalicia.com\\\/es\\\/#\\\/schema\\\/logo\\\/image\\\/\"},\"sameAs\":[\"https:\\\/\\\/www.instagram.com\\\/ppdegalicia\\\/\",\"https:\\\/\\\/x.com\\\/ppdegalicia\",\"https:\\\/\\\/www.tiktok.com\\\/@ppdegalicia\",\"https:\\\/\\\/www.youtube.com\\\/user\\\/ppdegalicia\"]},{\"@type\":\"Person\",\"@id\":\"https:\\\/\\\/ppdegalicia.com\\\/es\\\/#\\\/schema\\\/person\\\/5b822c6f59e872ebdd1142f307dbcb59\",\"name\":\"ppdegaliciaredes\",\"image\":{\"@type\":\"ImageObject\",\"inLanguage\":\"es\",\"@id\":\"https:\\\/\\\/secure.gravatar.com\\\/avatar\\\/3c9179cf0256d00c72a48d1f25783c58b6842cd56e85ef3a572881c8e28ccd59?s=96&d=mm&r=g\",\"url\":\"https:\\\/\\\/secure.gravatar.com\\\/avatar\\\/3c9179cf0256d00c72a48d1f25783c58b6842cd56e85ef3a572881c8e28ccd59?s=96&d=mm&r=g\",\"contentUrl\":\"https:\\\/\\\/secure.gravatar.com\\\/avatar\\\/3c9179cf0256d00c72a48d1f25783c58b6842cd56e85ef3a572881c8e28ccd59?s=96&d=mm&r=g\",\"caption\":\"ppdegaliciaredes\"},\"url\":\"https:\\\/\\\/ppdegalicia.com\\\/es\\\/author\\\/ppdegaliciaredes\\\/\"}]}<\/script>\n<!-- \/ Yoast SEO plugin. -->","yoast_head_json":{"title":"O Parlamento galego demanda ao Goberno central medidas que dean seguridade e soluci\u00f3ns aos concellos que ven anulado o seu ordenamento - PP de Galicia","robots":{"index":"index","follow":"follow","max-snippet":"max-snippet:-1","max-image-preview":"max-image-preview:large","max-video-preview":"max-video-preview:-1"},"canonical":"https:\/\/ppdegalicia.com\/es\/o-parlamento-galego-demanda-ao-goberno-central-medidas-que-dean-seguridade-e-solucions-aos-concellos-que-ven-anulado-o-seu-ordenamento\/","og_locale":"es_ES","og_type":"article","og_title":"O Parlamento galego demanda ao Goberno central medidas que dean seguridade e soluci\u00f3ns aos concellos que ven anulado o seu ordenamento - PP de Galicia","og_description":"Santiago, 25 de maio de 2022.- O Parlamento de Galicia aprobou hoxe a proposici\u00f3n non de lei do Grupo Popular a trav\u00e9s da que se apoia o Manifesto pola seguridade xur\u00eddica do planeamento territorial e urban\u00edstico asinado por 14 gobernos auton\u00f3micos no marco do Encontro Xacobeo 21-22 por un urbanismo responsable e que, entre outras [&hellip;]","og_url":"https:\/\/ppdegalicia.com\/es\/o-parlamento-galego-demanda-ao-goberno-central-medidas-que-dean-seguridade-e-solucions-aos-concellos-que-ven-anulado-o-seu-ordenamento\/","og_site_name":"PP de Galicia","article_publisher":"https:\/\/www.instagram.com\/ppdegalicia\/","article_published_time":"2022-05-25T19:16:07+00:00","og_image":[{"width":1900,"height":1267,"url":"https:\/\/ppdegalicia.com\/wp-content\/uploads\/2022\/05\/90d6095880b99c809f231ad373df92a2.jpg","type":"image\/jpeg"}],"author":"ppdegaliciaredes","twitter_card":"summary_large_image","twitter_creator":"@ppdegalicia","twitter_site":"@ppdegalicia","twitter_misc":{"Escrito por":"ppdegaliciaredes","Tiempo de lectura":"2 minutos"},"schema":{"@context":"https:\/\/schema.org","@graph":[{"@type":"Article","@id":"https:\/\/ppdegalicia.com\/es\/o-parlamento-galego-demanda-ao-goberno-central-medidas-que-dean-seguridade-e-solucions-aos-concellos-que-ven-anulado-o-seu-ordenamento\/#article","isPartOf":{"@id":"https:\/\/ppdegalicia.com\/es\/o-parlamento-galego-demanda-ao-goberno-central-medidas-que-dean-seguridade-e-solucions-aos-concellos-que-ven-anulado-o-seu-ordenamento\/"},"author":{"name":"ppdegaliciaredes","@id":"https:\/\/ppdegalicia.com\/es\/#\/schema\/person\/5b822c6f59e872ebdd1142f307dbcb59"},"headline":"O Parlamento galego demanda ao Goberno central medidas que dean seguridade e soluci\u00f3ns aos concellos que ven anulado o seu ordenamento","datePublished":"2022-05-25T19:16:07+00:00","mainEntityOfPage":{"@id":"https:\/\/ppdegalicia.com\/es\/o-parlamento-galego-demanda-ao-goberno-central-medidas-que-dean-seguridade-e-solucions-aos-concellos-que-ven-anulado-o-seu-ordenamento\/"},"wordCount":437,"commentCount":0,"publisher":{"@id":"https:\/\/ppdegalicia.com\/es\/#organization"},"image":{"@id":"https:\/\/ppdegalicia.com\/es\/o-parlamento-galego-demanda-ao-goberno-central-medidas-que-dean-seguridade-e-solucions-aos-concellos-que-ven-anulado-o-seu-ordenamento\/#primaryimage"},"thumbnailUrl":"https:\/\/ppdegalicia.com\/wp-content\/uploads\/2022\/05\/90d6095880b99c809f231ad373df92a2.jpg","articleSection":["PP de Galicia"],"inLanguage":"es","potentialAction":[{"@type":"CommentAction","name":"Comment","target":["https:\/\/ppdegalicia.com\/es\/o-parlamento-galego-demanda-ao-goberno-central-medidas-que-dean-seguridade-e-solucions-aos-concellos-que-ven-anulado-o-seu-ordenamento\/#respond"]}]},{"@type":"WebPage","@id":"https:\/\/ppdegalicia.com\/es\/o-parlamento-galego-demanda-ao-goberno-central-medidas-que-dean-seguridade-e-solucions-aos-concellos-que-ven-anulado-o-seu-ordenamento\/","url":"https:\/\/ppdegalicia.com\/es\/o-parlamento-galego-demanda-ao-goberno-central-medidas-que-dean-seguridade-e-solucions-aos-concellos-que-ven-anulado-o-seu-ordenamento\/","name":"O Parlamento galego demanda ao Goberno central medidas que dean seguridade e soluci\u00f3ns aos concellos que ven anulado o seu ordenamento - PP de Galicia","isPartOf":{"@id":"https:\/\/ppdegalicia.com\/es\/#website"},"primaryImageOfPage":{"@id":"https:\/\/ppdegalicia.com\/es\/o-parlamento-galego-demanda-ao-goberno-central-medidas-que-dean-seguridade-e-solucions-aos-concellos-que-ven-anulado-o-seu-ordenamento\/#primaryimage"},"image":{"@id":"https:\/\/ppdegalicia.com\/es\/o-parlamento-galego-demanda-ao-goberno-central-medidas-que-dean-seguridade-e-solucions-aos-concellos-que-ven-anulado-o-seu-ordenamento\/#primaryimage"},"thumbnailUrl":"https:\/\/ppdegalicia.com\/wp-content\/uploads\/2022\/05\/90d6095880b99c809f231ad373df92a2.jpg","datePublished":"2022-05-25T19:16:07+00:00","breadcrumb":{"@id":"https:\/\/ppdegalicia.com\/es\/o-parlamento-galego-demanda-ao-goberno-central-medidas-que-dean-seguridade-e-solucions-aos-concellos-que-ven-anulado-o-seu-ordenamento\/#breadcrumb"},"inLanguage":"es","potentialAction":[{"@type":"ReadAction","target":["https:\/\/ppdegalicia.com\/es\/o-parlamento-galego-demanda-ao-goberno-central-medidas-que-dean-seguridade-e-solucions-aos-concellos-que-ven-anulado-o-seu-ordenamento\/"]}]},{"@type":"ImageObject","inLanguage":"es","@id":"https:\/\/ppdegalicia.com\/es\/o-parlamento-galego-demanda-ao-goberno-central-medidas-que-dean-seguridade-e-solucions-aos-concellos-que-ven-anulado-o-seu-ordenamento\/#primaryimage","url":"https:\/\/ppdegalicia.com\/wp-content\/uploads\/2022\/05\/90d6095880b99c809f231ad373df92a2.jpg","contentUrl":"https:\/\/ppdegalicia.com\/wp-content\/uploads\/2022\/05\/90d6095880b99c809f231ad373df92a2.jpg","width":1900,"height":1267},{"@type":"BreadcrumbList","@id":"https:\/\/ppdegalicia.com\/es\/o-parlamento-galego-demanda-ao-goberno-central-medidas-que-dean-seguridade-e-solucions-aos-concellos-que-ven-anulado-o-seu-ordenamento\/#breadcrumb","itemListElement":[{"@type":"ListItem","position":1,"name":"Portada","item":"https:\/\/ppdegalicia.com\/es\/"},{"@type":"ListItem","position":2,"name":"O Parlamento galego demanda ao Goberno central medidas que dean seguridade e soluci\u00f3ns aos concellos que ven anulado o seu ordenamento"}]},{"@type":"WebSite","@id":"https:\/\/ppdegalicia.com\/es\/#website","url":"https:\/\/ppdegalicia.com\/es\/","name":"Partido Popular de Galicia","description":"Partido Popular de Galicia","publisher":{"@id":"https:\/\/ppdegalicia.com\/es\/#organization"},"alternateName":"PP de Galicia","potentialAction":[{"@type":"SearchAction","target":{"@type":"EntryPoint","urlTemplate":"https:\/\/ppdegalicia.com\/es\/?s={search_term_string}"},"query-input":{"@type":"PropertyValueSpecification","valueRequired":true,"valueName":"search_term_string"}}],"inLanguage":"es"},{"@type":"Organization","@id":"https:\/\/ppdegalicia.com\/es\/#organization","name":"Partido Popular de Galicia","alternateName":"PP de Galicia","url":"https:\/\/ppdegalicia.com\/es\/","logo":{"@type":"ImageObject","inLanguage":"es","@id":"https:\/\/ppdegalicia.com\/es\/#\/schema\/logo\/image\/","url":"https:\/\/ppdegalicia.com\/wp-content\/uploads\/2023\/04\/logoPP512.png","contentUrl":"https:\/\/ppdegalicia.com\/wp-content\/uploads\/2023\/04\/logoPP512.png","width":512,"height":512,"caption":"Partido Popular de Galicia"},"image":{"@id":"https:\/\/ppdegalicia.com\/es\/#\/schema\/logo\/image\/"},"sameAs":["https:\/\/www.instagram.com\/ppdegalicia\/","https:\/\/x.com\/ppdegalicia","https:\/\/www.tiktok.com\/@ppdegalicia","https:\/\/www.youtube.com\/user\/ppdegalicia"]},{"@type":"Person","@id":"https:\/\/ppdegalicia.com\/es\/#\/schema\/person\/5b822c6f59e872ebdd1142f307dbcb59","name":"ppdegaliciaredes","image":{"@type":"ImageObject","inLanguage":"es","@id":"https:\/\/secure.gravatar.com\/avatar\/3c9179cf0256d00c72a48d1f25783c58b6842cd56e85ef3a572881c8e28ccd59?s=96&d=mm&r=g","url":"https:\/\/secure.gravatar.com\/avatar\/3c9179cf0256d00c72a48d1f25783c58b6842cd56e85ef3a572881c8e28ccd59?s=96&d=mm&r=g","contentUrl":"https:\/\/secure.gravatar.com\/avatar\/3c9179cf0256d00c72a48d1f25783c58b6842cd56e85ef3a572881c8e28ccd59?s=96&d=mm&r=g","caption":"ppdegaliciaredes"},"url":"https:\/\/ppdegalicia.com\/es\/author\/ppdegaliciaredes\/"}]}},"_links":{"self":[{"href":"https:\/\/ppdegalicia.com\/es\/wp-json\/wp\/v2\/posts\/57067","targetHints":{"allow":["GET"]}}],"collection":[{"href":"https:\/\/ppdegalicia.com\/es\/wp-json\/wp\/v2\/posts"}],"about":[{"href":"https:\/\/ppdegalicia.com\/es\/wp-json\/wp\/v2\/types\/post"}],"author":[{"embeddable":true,"href":"https:\/\/ppdegalicia.com\/es\/wp-json\/wp\/v2\/users\/38"}],"replies":[{"embeddable":true,"href":"https:\/\/ppdegalicia.com\/es\/wp-json\/wp\/v2\/comments?post=57067"}],"version-history":[{"count":0,"href":"https:\/\/ppdegalicia.com\/es\/wp-json\/wp\/v2\/posts\/57067\/revisions"}],"wp:featuredmedia":[{"embeddable":true,"href":"https:\/\/ppdegalicia.com\/es\/wp-json\/wp\/v2\/media\/57066"}],"wp:attachment":[{"href":"https:\/\/ppdegalicia.com\/es\/wp-json\/wp\/v2\/media?parent=57067"}],"wp:term":[{"taxonomy":"category","embeddable":true,"href":"https:\/\/ppdegalicia.com\/es\/wp-json\/wp\/v2\/categories?post=57067"},{"taxonomy":"post_tag","embeddable":true,"href":"https:\/\/ppdegalicia.com\/es\/wp-json\/wp\/v2\/tags?post=57067"}],"curies":[{"name":"wp","href":"https:\/\/api.w.org\/{rel}","templated":true}]}}