{"id":57081,"date":"2022-06-01T11:13:36","date_gmt":"2022-06-01T09:13:36","guid":{"rendered":"https:\/\/ppdegalicia.com\/o-parlamento-pide-ao-goberno-central-un-compromiso-firme-coas-infraestruturas-transfronteirizas-como-o-ave-vigo-porto\/"},"modified":"2022-06-01T11:13:36","modified_gmt":"2022-06-01T09:13:36","slug":"o-parlamento-pide-ao-goberno-central-un-compromiso-firme-coas-infraestruturas-transfronteirizas-como-o-ave-vigo-porto","status":"publish","type":"post","link":"https:\/\/ppdegalicia.com\/es\/o-parlamento-pide-ao-goberno-central-un-compromiso-firme-coas-infraestruturas-transfronteirizas-como-o-ave-vigo-porto\/","title":{"rendered":"O Parlamento pide ao Goberno central un compromiso firme coas infraestruturas transfronteirizas, como o AVE Vigo-Porto"},"content":{"rendered":"<p><img fetchpriority=\"high\" decoding=\"async\" class=\" size-full wp-image-57080\" src=\"https:\/\/ppdegalicia.com\/wp-content\/uploads\/2022\/06\/f67d8d0b345662a468a90977469876e2.jpg\" alt=\"\" width=\"1900\" height=\"1267\" srcset=\"https:\/\/ppdegalicia.com\/wp-content\/uploads\/2022\/06\/f67d8d0b345662a468a90977469876e2.jpg 1900w, https:\/\/ppdegalicia.com\/wp-content\/uploads\/2022\/06\/f67d8d0b345662a468a90977469876e2-300x200.jpg 300w, https:\/\/ppdegalicia.com\/wp-content\/uploads\/2022\/06\/f67d8d0b345662a468a90977469876e2-1024x683.jpg 1024w, https:\/\/ppdegalicia.com\/wp-content\/uploads\/2022\/06\/f67d8d0b345662a468a90977469876e2-768x512.jpg 768w, https:\/\/ppdegalicia.com\/wp-content\/uploads\/2022\/06\/f67d8d0b345662a468a90977469876e2-1536x1024.jpg 1536w\" sizes=\"(max-width: 1900px) 100vw, 1900px\" \/><\/p>\n<p>Santiago, 1 de xu\u00f1o de 2022.- O Parlamento de Galicia aprobou hoxe por unanimidade a proposici\u00f3n non de lei do Grupo Popular a trav\u00e9s da que se reivindica ao Goberno de Espa\u00f1a un compromiso firme cos proxectos de cooperaci\u00f3n transfronteiriza en materia de infraestruturas estrat\u00e9xicas como a sa\u00edda sur de Vigo, o trazado por territorio espa\u00f1ol do AVE Vigo-Porto, a conexi\u00f3n internacional transfronteiriza entre Macedo de Cavaleiros e A Gudi\u00f1a, pasando por Vinhais; as\u00ed como a conexi\u00f3n por estrada entre a AG-31 e a IC-28 pola fronteira da Madalena.<\/p>\n<p><!--more--><\/p>\n<p>\u201cPedimos que o Goberno de Pedro S\u00e1nchez impulse o AVE Vigo-Porto coa mesma intensidade que o est\u00e1 a facer o Executivo luso na parte portuguesa, aproveitando a oportunidade extraordinaria que supo\u00f1en os fondos europeos de reconstruci\u00f3n\u201d, manifestou o deputado popular Jos\u00e9 Antonio Armada.<\/p>\n<p>\u00a0<\/p>\n<p>\u201cAgardamos e pedimos un impulso decidido da sa\u00edda sur de Vigo por parte do Ministerio de Transportes, que a\u00ednda est\u00e1 co estudo de alternativas, e que este sexa un primeiro paso para que, dunha vez por todas, presente unha planificaci\u00f3n completa de obras e investimentos para avanzar na conexi\u00f3n en alta velocidade entre Vigo e Porto, en paralelo ao que far\u00e1 o Goberno portugu\u00e9s na parte lusa\u201d, sinalou Armada.<\/p>\n<p>\u00a0<\/p>\n<p>O deputado popular destacou que o Eixe Atl\u00e1ntico ferroviario \u00e9 unha li\u00f1a de \u00e9xito desde a s\u00faa posta en marcha, en abril de 2015, como as\u00ed o demostra a boa acollida que este servizo ten por parte dos cidad\u00e1ns. Deste xeito, indicou que \u201cpara facer a\u00ednda m\u00e1is competitiva este li\u00f1a \u00e9 preciso que o Goberno de Espa\u00f1a a impulse decididamente, cunha planificaci\u00f3n completa de obras e investimentos, a s\u00faa extensi\u00f3n cara a Portugal\u201d.<\/p>\n<p>APROVEITAR POTENCIALIDADE E SINERXIAS EURORREXI\u00d3N<\/p>\n<p>\u00a0<\/p>\n<p>Jos\u00e9 Antonio Armada explicou que o Goberno galego \u201cv\u00e9n defendendo desde hai moito tempo a necesidade de impulsar unha li\u00f1a de alta velocidade entre Vigo, Porto e Lisboa, que permita aproveitar ao m\u00e1ximo a potencialidade e as sinerxias da Eurorrexi\u00f3n e que contrib\u00faa ao desenvolvemento econ\u00f3mico e social do noroeste da Pen\u00ednsula Ib\u00e9rica\u201d.<\/p>\n<p>\u00a0<\/p>\n<p>Neste sentido, considerou necesario que o Goberno central \u201cpresente proxectos concretos \u00e1s convocatorias de fondos para impulsar a li\u00f1a Vigo-Porto e o resto de actuaci\u00f3ns estrat\u00e9xicas para que o Corredor Atl\u00e1ntico de mercador\u00edas se converta nunha oportunidade ben aproveitada para modernizar a nosa rede ferroviaria e aumentar a competitividade do noso territorio\u201d.<\/p>\n<p>\u00a0<\/p>\n<p>Armada lembrou que o Goberno de Espa\u00f1a comprometeu a elaboraci\u00f3n dun Plan director do Corredor Atl\u00e1ntico e a creaci\u00f3n dun comisionado para artellar o di\u00e1logo coas comunidades aut\u00f3nomas implicadas e cos axentes interesados. \u201cLamentablemente, a realidade \u00e9 que a d\u00eda de hoxe eses compromisos non se cumpriron nin existe previsi\u00f3n algunha sobre o seu cumprimento\u201d, dixo.<\/p>\n<p>\u00a0<\/p>\n<p>\u201cA Xunta carece de calquera tipo de informaci\u00f3n oficial sobre os proxectos presentados polo Goberno de Espa\u00f1a \u00e1s convocatorias de fondos europeos para o impulso dos corredores europeos de mercador\u00edas, ao tempo que tam\u00e9n se desco\u00f1ece se eses proxectos se corresponden coas prioridades trasladadas polo Goberno galego ao Goberno de Espa\u00f1a como actuaci\u00f3ns m\u00e1is prioritarias para a modernizaci\u00f3n da rede ferroviaria de mercador\u00edas dentro do Corredor Atl\u00e1ntico\u201d, sinalou.<\/p>\n","protected":false},"excerpt":{"rendered":"<p>Santiago, 1 de xu\u00f1o de 2022.- O Parlamento de Galicia aprobou hoxe por unanimidade a proposici\u00f3n non de lei do Grupo Popular a trav\u00e9s da que se reivindica ao Goberno de Espa\u00f1a un compromiso firme cos proxectos de cooperaci\u00f3n transfronteiriza en materia de infraestruturas estrat\u00e9xicas como a sa\u00edda sur de Vigo, o trazado por territorio [&hellip;]<\/p>\n","protected":false},"author":38,"featured_media":57080,"comment_status":"open","ping_status":"open","sticky":false,"template":"","format":"standard","meta":{"_acf_changed":false,"footnotes":""},"categories":[1],"tags":[],"class_list":["post-57081","post","type-post","status-publish","format-standard","has-post-thumbnail","hentry","category-pp-de-galicia"],"acf":[],"yoast_head":"<!-- This site is optimized with the Yoast SEO plugin v27.3 - https:\/\/yoast.com\/product\/yoast-seo-wordpress\/ -->\n<title>O Parlamento pide ao Goberno central un compromiso firme coas infraestruturas transfronteirizas, como o AVE Vigo-Porto - PP de Galicia<\/title>\n<meta name=\"robots\" content=\"index, follow, max-snippet:-1, max-image-preview:large, max-video-preview:-1\" \/>\n<link rel=\"canonical\" href=\"https:\/\/ppdegalicia.com\/es\/o-parlamento-pide-ao-goberno-central-un-compromiso-firme-coas-infraestruturas-transfronteirizas-como-o-ave-vigo-porto\/\" \/>\n<meta property=\"og:locale\" content=\"es_ES\" \/>\n<meta property=\"og:type\" content=\"article\" \/>\n<meta property=\"og:title\" content=\"O Parlamento pide ao Goberno central un compromiso firme coas infraestruturas transfronteirizas, como o AVE Vigo-Porto - PP de Galicia\" \/>\n<meta property=\"og:description\" content=\"Santiago, 1 de xu\u00f1o de 2022.- O Parlamento de Galicia aprobou hoxe por unanimidade a proposici\u00f3n non de lei do Grupo Popular a trav\u00e9s da que se reivindica ao Goberno de Espa\u00f1a un compromiso firme cos proxectos de cooperaci\u00f3n transfronteiriza en materia de infraestruturas estrat\u00e9xicas como a sa\u00edda sur de Vigo, o trazado por territorio [&hellip;]\" \/>\n<meta property=\"og:url\" content=\"https:\/\/ppdegalicia.com\/es\/o-parlamento-pide-ao-goberno-central-un-compromiso-firme-coas-infraestruturas-transfronteirizas-como-o-ave-vigo-porto\/\" \/>\n<meta property=\"og:site_name\" content=\"PP de Galicia\" \/>\n<meta property=\"article:publisher\" content=\"https:\/\/www.instagram.com\/ppdegalicia\/\" \/>\n<meta property=\"article:published_time\" content=\"2022-06-01T09:13:36+00:00\" \/>\n<meta property=\"og:image\" content=\"https:\/\/ppdegalicia.com\/wp-content\/uploads\/2022\/06\/f67d8d0b345662a468a90977469876e2.jpg\" \/>\n\t<meta property=\"og:image:width\" content=\"1900\" \/>\n\t<meta property=\"og:image:height\" content=\"1267\" \/>\n\t<meta property=\"og:image:type\" content=\"image\/jpeg\" \/>\n<meta name=\"author\" content=\"ppdegaliciaredes\" \/>\n<meta name=\"twitter:card\" content=\"summary_large_image\" \/>\n<meta name=\"twitter:creator\" content=\"@ppdegalicia\" \/>\n<meta name=\"twitter:site\" content=\"@ppdegalicia\" \/>\n<meta name=\"twitter:label1\" content=\"Escrito por\" \/>\n\t<meta name=\"twitter:data1\" content=\"ppdegaliciaredes\" \/>\n\t<meta name=\"twitter:label2\" content=\"Tiempo de lectura\" \/>\n\t<meta name=\"twitter:data2\" content=\"3 minutos\" \/>\n<script type=\"application\/ld+json\" class=\"yoast-schema-graph\">{\"@context\":\"https:\\\/\\\/schema.org\",\"@graph\":[{\"@type\":\"Article\",\"@id\":\"https:\\\/\\\/ppdegalicia.com\\\/es\\\/o-parlamento-pide-ao-goberno-central-un-compromiso-firme-coas-infraestruturas-transfronteirizas-como-o-ave-vigo-porto\\\/#article\",\"isPartOf\":{\"@id\":\"https:\\\/\\\/ppdegalicia.com\\\/es\\\/o-parlamento-pide-ao-goberno-central-un-compromiso-firme-coas-infraestruturas-transfronteirizas-como-o-ave-vigo-porto\\\/\"},\"author\":{\"name\":\"ppdegaliciaredes\",\"@id\":\"https:\\\/\\\/ppdegalicia.com\\\/es\\\/#\\\/schema\\\/person\\\/5b822c6f59e872ebdd1142f307dbcb59\"},\"headline\":\"O Parlamento pide ao Goberno central un compromiso firme coas infraestruturas transfronteirizas, como o AVE Vigo-Porto\",\"datePublished\":\"2022-06-01T09:13:36+00:00\",\"mainEntityOfPage\":{\"@id\":\"https:\\\/\\\/ppdegalicia.com\\\/es\\\/o-parlamento-pide-ao-goberno-central-un-compromiso-firme-coas-infraestruturas-transfronteirizas-como-o-ave-vigo-porto\\\/\"},\"wordCount\":582,\"commentCount\":0,\"publisher\":{\"@id\":\"https:\\\/\\\/ppdegalicia.com\\\/es\\\/#organization\"},\"image\":{\"@id\":\"https:\\\/\\\/ppdegalicia.com\\\/es\\\/o-parlamento-pide-ao-goberno-central-un-compromiso-firme-coas-infraestruturas-transfronteirizas-como-o-ave-vigo-porto\\\/#primaryimage\"},\"thumbnailUrl\":\"https:\\\/\\\/ppdegalicia.com\\\/wp-content\\\/uploads\\\/2022\\\/06\\\/f67d8d0b345662a468a90977469876e2.jpg\",\"articleSection\":[\"PP de Galicia\"],\"inLanguage\":\"es\",\"potentialAction\":[{\"@type\":\"CommentAction\",\"name\":\"Comment\",\"target\":[\"https:\\\/\\\/ppdegalicia.com\\\/es\\\/o-parlamento-pide-ao-goberno-central-un-compromiso-firme-coas-infraestruturas-transfronteirizas-como-o-ave-vigo-porto\\\/#respond\"]}]},{\"@type\":\"WebPage\",\"@id\":\"https:\\\/\\\/ppdegalicia.com\\\/es\\\/o-parlamento-pide-ao-goberno-central-un-compromiso-firme-coas-infraestruturas-transfronteirizas-como-o-ave-vigo-porto\\\/\",\"url\":\"https:\\\/\\\/ppdegalicia.com\\\/es\\\/o-parlamento-pide-ao-goberno-central-un-compromiso-firme-coas-infraestruturas-transfronteirizas-como-o-ave-vigo-porto\\\/\",\"name\":\"O Parlamento pide ao Goberno central un compromiso firme coas infraestruturas transfronteirizas, como o AVE Vigo-Porto - PP de Galicia\",\"isPartOf\":{\"@id\":\"https:\\\/\\\/ppdegalicia.com\\\/es\\\/#website\"},\"primaryImageOfPage\":{\"@id\":\"https:\\\/\\\/ppdegalicia.com\\\/es\\\/o-parlamento-pide-ao-goberno-central-un-compromiso-firme-coas-infraestruturas-transfronteirizas-como-o-ave-vigo-porto\\\/#primaryimage\"},\"image\":{\"@id\":\"https:\\\/\\\/ppdegalicia.com\\\/es\\\/o-parlamento-pide-ao-goberno-central-un-compromiso-firme-coas-infraestruturas-transfronteirizas-como-o-ave-vigo-porto\\\/#primaryimage\"},\"thumbnailUrl\":\"https:\\\/\\\/ppdegalicia.com\\\/wp-content\\\/uploads\\\/2022\\\/06\\\/f67d8d0b345662a468a90977469876e2.jpg\",\"datePublished\":\"2022-06-01T09:13:36+00:00\",\"breadcrumb\":{\"@id\":\"https:\\\/\\\/ppdegalicia.com\\\/es\\\/o-parlamento-pide-ao-goberno-central-un-compromiso-firme-coas-infraestruturas-transfronteirizas-como-o-ave-vigo-porto\\\/#breadcrumb\"},\"inLanguage\":\"es\",\"potentialAction\":[{\"@type\":\"ReadAction\",\"target\":[\"https:\\\/\\\/ppdegalicia.com\\\/es\\\/o-parlamento-pide-ao-goberno-central-un-compromiso-firme-coas-infraestruturas-transfronteirizas-como-o-ave-vigo-porto\\\/\"]}]},{\"@type\":\"ImageObject\",\"inLanguage\":\"es\",\"@id\":\"https:\\\/\\\/ppdegalicia.com\\\/es\\\/o-parlamento-pide-ao-goberno-central-un-compromiso-firme-coas-infraestruturas-transfronteirizas-como-o-ave-vigo-porto\\\/#primaryimage\",\"url\":\"https:\\\/\\\/ppdegalicia.com\\\/wp-content\\\/uploads\\\/2022\\\/06\\\/f67d8d0b345662a468a90977469876e2.jpg\",\"contentUrl\":\"https:\\\/\\\/ppdegalicia.com\\\/wp-content\\\/uploads\\\/2022\\\/06\\\/f67d8d0b345662a468a90977469876e2.jpg\",\"width\":1900,\"height\":1267},{\"@type\":\"BreadcrumbList\",\"@id\":\"https:\\\/\\\/ppdegalicia.com\\\/es\\\/o-parlamento-pide-ao-goberno-central-un-compromiso-firme-coas-infraestruturas-transfronteirizas-como-o-ave-vigo-porto\\\/#breadcrumb\",\"itemListElement\":[{\"@type\":\"ListItem\",\"position\":1,\"name\":\"Portada\",\"item\":\"https:\\\/\\\/ppdegalicia.com\\\/es\\\/\"},{\"@type\":\"ListItem\",\"position\":2,\"name\":\"O Parlamento pide ao Goberno central un compromiso firme coas infraestruturas transfronteirizas, como o AVE Vigo-Porto\"}]},{\"@type\":\"WebSite\",\"@id\":\"https:\\\/\\\/ppdegalicia.com\\\/es\\\/#website\",\"url\":\"https:\\\/\\\/ppdegalicia.com\\\/es\\\/\",\"name\":\"Partido Popular de Galicia\",\"description\":\"Partido Popular de Galicia\",\"publisher\":{\"@id\":\"https:\\\/\\\/ppdegalicia.com\\\/es\\\/#organization\"},\"alternateName\":\"PP de Galicia\",\"potentialAction\":[{\"@type\":\"SearchAction\",\"target\":{\"@type\":\"EntryPoint\",\"urlTemplate\":\"https:\\\/\\\/ppdegalicia.com\\\/es\\\/?s={search_term_string}\"},\"query-input\":{\"@type\":\"PropertyValueSpecification\",\"valueRequired\":true,\"valueName\":\"search_term_string\"}}],\"inLanguage\":\"es\"},{\"@type\":\"Organization\",\"@id\":\"https:\\\/\\\/ppdegalicia.com\\\/es\\\/#organization\",\"name\":\"Partido Popular de Galicia\",\"alternateName\":\"PP de Galicia\",\"url\":\"https:\\\/\\\/ppdegalicia.com\\\/es\\\/\",\"logo\":{\"@type\":\"ImageObject\",\"inLanguage\":\"es\",\"@id\":\"https:\\\/\\\/ppdegalicia.com\\\/es\\\/#\\\/schema\\\/logo\\\/image\\\/\",\"url\":\"https:\\\/\\\/ppdegalicia.com\\\/wp-content\\\/uploads\\\/2023\\\/04\\\/logoPP512.png\",\"contentUrl\":\"https:\\\/\\\/ppdegalicia.com\\\/wp-content\\\/uploads\\\/2023\\\/04\\\/logoPP512.png\",\"width\":512,\"height\":512,\"caption\":\"Partido Popular de Galicia\"},\"image\":{\"@id\":\"https:\\\/\\\/ppdegalicia.com\\\/es\\\/#\\\/schema\\\/logo\\\/image\\\/\"},\"sameAs\":[\"https:\\\/\\\/www.instagram.com\\\/ppdegalicia\\\/\",\"https:\\\/\\\/x.com\\\/ppdegalicia\",\"https:\\\/\\\/www.tiktok.com\\\/@ppdegalicia\",\"https:\\\/\\\/www.youtube.com\\\/user\\\/ppdegalicia\"]},{\"@type\":\"Person\",\"@id\":\"https:\\\/\\\/ppdegalicia.com\\\/es\\\/#\\\/schema\\\/person\\\/5b822c6f59e872ebdd1142f307dbcb59\",\"name\":\"ppdegaliciaredes\",\"image\":{\"@type\":\"ImageObject\",\"inLanguage\":\"es\",\"@id\":\"https:\\\/\\\/secure.gravatar.com\\\/avatar\\\/3c9179cf0256d00c72a48d1f25783c58b6842cd56e85ef3a572881c8e28ccd59?s=96&d=mm&r=g\",\"url\":\"https:\\\/\\\/secure.gravatar.com\\\/avatar\\\/3c9179cf0256d00c72a48d1f25783c58b6842cd56e85ef3a572881c8e28ccd59?s=96&d=mm&r=g\",\"contentUrl\":\"https:\\\/\\\/secure.gravatar.com\\\/avatar\\\/3c9179cf0256d00c72a48d1f25783c58b6842cd56e85ef3a572881c8e28ccd59?s=96&d=mm&r=g\",\"caption\":\"ppdegaliciaredes\"},\"url\":\"https:\\\/\\\/ppdegalicia.com\\\/es\\\/author\\\/ppdegaliciaredes\\\/\"}]}<\/script>\n<!-- \/ Yoast SEO plugin. -->","yoast_head_json":{"title":"O Parlamento pide ao Goberno central un compromiso firme coas infraestruturas transfronteirizas, como o AVE Vigo-Porto - PP de Galicia","robots":{"index":"index","follow":"follow","max-snippet":"max-snippet:-1","max-image-preview":"max-image-preview:large","max-video-preview":"max-video-preview:-1"},"canonical":"https:\/\/ppdegalicia.com\/es\/o-parlamento-pide-ao-goberno-central-un-compromiso-firme-coas-infraestruturas-transfronteirizas-como-o-ave-vigo-porto\/","og_locale":"es_ES","og_type":"article","og_title":"O Parlamento pide ao Goberno central un compromiso firme coas infraestruturas transfronteirizas, como o AVE Vigo-Porto - PP de Galicia","og_description":"Santiago, 1 de xu\u00f1o de 2022.- O Parlamento de Galicia aprobou hoxe por unanimidade a proposici\u00f3n non de lei do Grupo Popular a trav\u00e9s da que se reivindica ao Goberno de Espa\u00f1a un compromiso firme cos proxectos de cooperaci\u00f3n transfronteiriza en materia de infraestruturas estrat\u00e9xicas como a sa\u00edda sur de Vigo, o trazado por territorio [&hellip;]","og_url":"https:\/\/ppdegalicia.com\/es\/o-parlamento-pide-ao-goberno-central-un-compromiso-firme-coas-infraestruturas-transfronteirizas-como-o-ave-vigo-porto\/","og_site_name":"PP de Galicia","article_publisher":"https:\/\/www.instagram.com\/ppdegalicia\/","article_published_time":"2022-06-01T09:13:36+00:00","og_image":[{"width":1900,"height":1267,"url":"https:\/\/ppdegalicia.com\/wp-content\/uploads\/2022\/06\/f67d8d0b345662a468a90977469876e2.jpg","type":"image\/jpeg"}],"author":"ppdegaliciaredes","twitter_card":"summary_large_image","twitter_creator":"@ppdegalicia","twitter_site":"@ppdegalicia","twitter_misc":{"Escrito por":"ppdegaliciaredes","Tiempo de lectura":"3 minutos"},"schema":{"@context":"https:\/\/schema.org","@graph":[{"@type":"Article","@id":"https:\/\/ppdegalicia.com\/es\/o-parlamento-pide-ao-goberno-central-un-compromiso-firme-coas-infraestruturas-transfronteirizas-como-o-ave-vigo-porto\/#article","isPartOf":{"@id":"https:\/\/ppdegalicia.com\/es\/o-parlamento-pide-ao-goberno-central-un-compromiso-firme-coas-infraestruturas-transfronteirizas-como-o-ave-vigo-porto\/"},"author":{"name":"ppdegaliciaredes","@id":"https:\/\/ppdegalicia.com\/es\/#\/schema\/person\/5b822c6f59e872ebdd1142f307dbcb59"},"headline":"O Parlamento pide ao Goberno central un compromiso firme coas infraestruturas transfronteirizas, como o AVE Vigo-Porto","datePublished":"2022-06-01T09:13:36+00:00","mainEntityOfPage":{"@id":"https:\/\/ppdegalicia.com\/es\/o-parlamento-pide-ao-goberno-central-un-compromiso-firme-coas-infraestruturas-transfronteirizas-como-o-ave-vigo-porto\/"},"wordCount":582,"commentCount":0,"publisher":{"@id":"https:\/\/ppdegalicia.com\/es\/#organization"},"image":{"@id":"https:\/\/ppdegalicia.com\/es\/o-parlamento-pide-ao-goberno-central-un-compromiso-firme-coas-infraestruturas-transfronteirizas-como-o-ave-vigo-porto\/#primaryimage"},"thumbnailUrl":"https:\/\/ppdegalicia.com\/wp-content\/uploads\/2022\/06\/f67d8d0b345662a468a90977469876e2.jpg","articleSection":["PP de Galicia"],"inLanguage":"es","potentialAction":[{"@type":"CommentAction","name":"Comment","target":["https:\/\/ppdegalicia.com\/es\/o-parlamento-pide-ao-goberno-central-un-compromiso-firme-coas-infraestruturas-transfronteirizas-como-o-ave-vigo-porto\/#respond"]}]},{"@type":"WebPage","@id":"https:\/\/ppdegalicia.com\/es\/o-parlamento-pide-ao-goberno-central-un-compromiso-firme-coas-infraestruturas-transfronteirizas-como-o-ave-vigo-porto\/","url":"https:\/\/ppdegalicia.com\/es\/o-parlamento-pide-ao-goberno-central-un-compromiso-firme-coas-infraestruturas-transfronteirizas-como-o-ave-vigo-porto\/","name":"O Parlamento pide ao Goberno central un compromiso firme coas infraestruturas transfronteirizas, como o AVE Vigo-Porto - PP de Galicia","isPartOf":{"@id":"https:\/\/ppdegalicia.com\/es\/#website"},"primaryImageOfPage":{"@id":"https:\/\/ppdegalicia.com\/es\/o-parlamento-pide-ao-goberno-central-un-compromiso-firme-coas-infraestruturas-transfronteirizas-como-o-ave-vigo-porto\/#primaryimage"},"image":{"@id":"https:\/\/ppdegalicia.com\/es\/o-parlamento-pide-ao-goberno-central-un-compromiso-firme-coas-infraestruturas-transfronteirizas-como-o-ave-vigo-porto\/#primaryimage"},"thumbnailUrl":"https:\/\/ppdegalicia.com\/wp-content\/uploads\/2022\/06\/f67d8d0b345662a468a90977469876e2.jpg","datePublished":"2022-06-01T09:13:36+00:00","breadcrumb":{"@id":"https:\/\/ppdegalicia.com\/es\/o-parlamento-pide-ao-goberno-central-un-compromiso-firme-coas-infraestruturas-transfronteirizas-como-o-ave-vigo-porto\/#breadcrumb"},"inLanguage":"es","potentialAction":[{"@type":"ReadAction","target":["https:\/\/ppdegalicia.com\/es\/o-parlamento-pide-ao-goberno-central-un-compromiso-firme-coas-infraestruturas-transfronteirizas-como-o-ave-vigo-porto\/"]}]},{"@type":"ImageObject","inLanguage":"es","@id":"https:\/\/ppdegalicia.com\/es\/o-parlamento-pide-ao-goberno-central-un-compromiso-firme-coas-infraestruturas-transfronteirizas-como-o-ave-vigo-porto\/#primaryimage","url":"https:\/\/ppdegalicia.com\/wp-content\/uploads\/2022\/06\/f67d8d0b345662a468a90977469876e2.jpg","contentUrl":"https:\/\/ppdegalicia.com\/wp-content\/uploads\/2022\/06\/f67d8d0b345662a468a90977469876e2.jpg","width":1900,"height":1267},{"@type":"BreadcrumbList","@id":"https:\/\/ppdegalicia.com\/es\/o-parlamento-pide-ao-goberno-central-un-compromiso-firme-coas-infraestruturas-transfronteirizas-como-o-ave-vigo-porto\/#breadcrumb","itemListElement":[{"@type":"ListItem","position":1,"name":"Portada","item":"https:\/\/ppdegalicia.com\/es\/"},{"@type":"ListItem","position":2,"name":"O Parlamento pide ao Goberno central un compromiso firme coas infraestruturas transfronteirizas, como o AVE Vigo-Porto"}]},{"@type":"WebSite","@id":"https:\/\/ppdegalicia.com\/es\/#website","url":"https:\/\/ppdegalicia.com\/es\/","name":"Partido Popular de Galicia","description":"Partido Popular de Galicia","publisher":{"@id":"https:\/\/ppdegalicia.com\/es\/#organization"},"alternateName":"PP de Galicia","potentialAction":[{"@type":"SearchAction","target":{"@type":"EntryPoint","urlTemplate":"https:\/\/ppdegalicia.com\/es\/?s={search_term_string}"},"query-input":{"@type":"PropertyValueSpecification","valueRequired":true,"valueName":"search_term_string"}}],"inLanguage":"es"},{"@type":"Organization","@id":"https:\/\/ppdegalicia.com\/es\/#organization","name":"Partido Popular de Galicia","alternateName":"PP de Galicia","url":"https:\/\/ppdegalicia.com\/es\/","logo":{"@type":"ImageObject","inLanguage":"es","@id":"https:\/\/ppdegalicia.com\/es\/#\/schema\/logo\/image\/","url":"https:\/\/ppdegalicia.com\/wp-content\/uploads\/2023\/04\/logoPP512.png","contentUrl":"https:\/\/ppdegalicia.com\/wp-content\/uploads\/2023\/04\/logoPP512.png","width":512,"height":512,"caption":"Partido Popular de Galicia"},"image":{"@id":"https:\/\/ppdegalicia.com\/es\/#\/schema\/logo\/image\/"},"sameAs":["https:\/\/www.instagram.com\/ppdegalicia\/","https:\/\/x.com\/ppdegalicia","https:\/\/www.tiktok.com\/@ppdegalicia","https:\/\/www.youtube.com\/user\/ppdegalicia"]},{"@type":"Person","@id":"https:\/\/ppdegalicia.com\/es\/#\/schema\/person\/5b822c6f59e872ebdd1142f307dbcb59","name":"ppdegaliciaredes","image":{"@type":"ImageObject","inLanguage":"es","@id":"https:\/\/secure.gravatar.com\/avatar\/3c9179cf0256d00c72a48d1f25783c58b6842cd56e85ef3a572881c8e28ccd59?s=96&d=mm&r=g","url":"https:\/\/secure.gravatar.com\/avatar\/3c9179cf0256d00c72a48d1f25783c58b6842cd56e85ef3a572881c8e28ccd59?s=96&d=mm&r=g","contentUrl":"https:\/\/secure.gravatar.com\/avatar\/3c9179cf0256d00c72a48d1f25783c58b6842cd56e85ef3a572881c8e28ccd59?s=96&d=mm&r=g","caption":"ppdegaliciaredes"},"url":"https:\/\/ppdegalicia.com\/es\/author\/ppdegaliciaredes\/"}]}},"_links":{"self":[{"href":"https:\/\/ppdegalicia.com\/es\/wp-json\/wp\/v2\/posts\/57081","targetHints":{"allow":["GET"]}}],"collection":[{"href":"https:\/\/ppdegalicia.com\/es\/wp-json\/wp\/v2\/posts"}],"about":[{"href":"https:\/\/ppdegalicia.com\/es\/wp-json\/wp\/v2\/types\/post"}],"author":[{"embeddable":true,"href":"https:\/\/ppdegalicia.com\/es\/wp-json\/wp\/v2\/users\/38"}],"replies":[{"embeddable":true,"href":"https:\/\/ppdegalicia.com\/es\/wp-json\/wp\/v2\/comments?post=57081"}],"version-history":[{"count":0,"href":"https:\/\/ppdegalicia.com\/es\/wp-json\/wp\/v2\/posts\/57081\/revisions"}],"wp:featuredmedia":[{"embeddable":true,"href":"https:\/\/ppdegalicia.com\/es\/wp-json\/wp\/v2\/media\/57080"}],"wp:attachment":[{"href":"https:\/\/ppdegalicia.com\/es\/wp-json\/wp\/v2\/media?parent=57081"}],"wp:term":[{"taxonomy":"category","embeddable":true,"href":"https:\/\/ppdegalicia.com\/es\/wp-json\/wp\/v2\/categories?post=57081"},{"taxonomy":"post_tag","embeddable":true,"href":"https:\/\/ppdegalicia.com\/es\/wp-json\/wp\/v2\/tags?post=57081"}],"curies":[{"name":"wp","href":"https:\/\/api.w.org\/{rel}","templated":true}]}}