{"id":57083,"date":"2022-06-01T11:20:37","date_gmt":"2022-06-01T09:20:37","guid":{"rendered":"https:\/\/ppdegalicia.com\/paula-prado-asegura-que-galicia-e-das-comunidades-mais-avanzadas-na-proteccion-fronte-ao-uso-indebido-dos-cartos-e-do-patrimonio-publico\/"},"modified":"2022-06-01T11:20:37","modified_gmt":"2022-06-01T09:20:37","slug":"paula-prado-asegura-que-galicia-e-das-comunidades-mais-avanzadas-na-proteccion-fronte-ao-uso-indebido-dos-cartos-e-do-patrimonio-publico","status":"publish","type":"post","link":"https:\/\/ppdegalicia.com\/es\/paula-prado-asegura-que-galicia-e-das-comunidades-mais-avanzadas-na-proteccion-fronte-ao-uso-indebido-dos-cartos-e-do-patrimonio-publico\/","title":{"rendered":"Paula Prado asegura que Galicia \u00e9 das comunidades m\u00e1is avanzadas na protecci\u00f3n fronte ao uso indebido dos cartos e do patrimonio p\u00fablico"},"content":{"rendered":"<p><img fetchpriority=\"high\" decoding=\"async\" class=\" size-full wp-image-57082\" src=\"https:\/\/ppdegalicia.com\/wp-content\/uploads\/2022\/06\/dece61b15319d4aec8e736ab869177eb.jpg\" alt=\"\" width=\"1900\" height=\"1267\" srcset=\"https:\/\/ppdegalicia.com\/wp-content\/uploads\/2022\/06\/dece61b15319d4aec8e736ab869177eb.jpg 1900w, https:\/\/ppdegalicia.com\/wp-content\/uploads\/2022\/06\/dece61b15319d4aec8e736ab869177eb-300x200.jpg 300w, https:\/\/ppdegalicia.com\/wp-content\/uploads\/2022\/06\/dece61b15319d4aec8e736ab869177eb-1024x683.jpg 1024w, https:\/\/ppdegalicia.com\/wp-content\/uploads\/2022\/06\/dece61b15319d4aec8e736ab869177eb-768x512.jpg 768w, https:\/\/ppdegalicia.com\/wp-content\/uploads\/2022\/06\/dece61b15319d4aec8e736ab869177eb-1536x1024.jpg 1536w\" sizes=\"(max-width: 1900px) 100vw, 1900px\" \/><\/p>\n<p>Santiago, 1 de xu\u00f1o de 2022.- A viceportavoz do Grupo Popular, Paula Prado, asegurou hoxe no Parlamento galego que \u201cos mecanismos de transparencia e de bo goberno en Galicia funcionan con total normalidade e plena operatividade\u201d. \u201cPodemos afirmar que os contrapesos que garanten a protecci\u00f3n da cidadan\u00eda fronte a hipot\u00e9ticas arbitrariedades do poder p\u00fablico e fronte ao uso indebido dos cartos ou do patrimonio p\u00fablico son en Galicia dos m\u00e1is avanzados\u201d, salientou.<\/p>\n<p><!--more--><\/p>\n<p>Paula Prado lembrou que \u201cfoi un Goberno do PPdeG quen presentou na Xunta un ambicioso plan con medidas de impulso democr\u00e1tico, que foi obxecto de an\u00e1lise e debate neste Parlamento xa no ano 2015\u201d. Neste sentido, subli\u00f1ou que \u201ceste plan serviu para dotar \u00e1 acci\u00f3n do Goberno galego da transparencia m\u00e1xima, para conseguir un maior control externo do Goberno e para garantir unha maior participaci\u00f3n cidad\u00e1 na mellora do noso sistema de democracia representativa\u201d.<\/p>\n<p>\u00a0<\/p>\n<p><strong>MECANISMOS DE CONTROL AO GOBERNO GALEGO<\/strong><\/p>\n<p>\u00a0<\/p>\n<p>Por\u00e9n, criticou que \u201ca transparencia \u00e9 a gran materia pendente do PSOE, porque se hai unha administraci\u00f3n que incumpre, dun xeito sistem\u00e1tico e recorrente, o dereito de acceso \u00e1 informaci\u00f3n dos cidad\u00e1ns e parlamentarios, e que se salta todo ese sistema de controis e contrapesos, \u00e9 precisamente o goberno que preside o socialista Pedro S\u00e1nchez\u201d.<\/p>\n<p>\u00a0<\/p>\n<p>A viceportavoz popular defendeu o correcto funcionamento dos mecanismos de control \u00e1 acci\u00f3n do Goberno que se realizan no Parlamento galego e sinalou que \u201cafirmar o contrario \u00e9 facer un fraco favor ao reco\u00f1ecemento e prestixio da C\u00e1mara galega, e sup\u00f3n dar folgos aos que non creen nas instituci\u00f3ns democr\u00e1ticas e desde f\u00f3ra buscan restarlles lexitimidade\u201d.<\/p>\n<p>\u00a0<\/p>\n<p>As\u00ed, lembrou que o Parlamento galego \u00e9 a C\u00e1mara lexislativa auton\u00f3mica que rexistra maior actividade: case 1.270 horas durante o \u00faltimo per\u00edodo de sesi\u00f3ns desta lexislatura, o que sup\u00f3n d\u00faas horas e 29 minutos diarios. \u201cO papel da oposici\u00f3n neste Parlamento \u00e9 relevante e se traduce en que o 76 por cento das iniciativas obxecto de debate en pleno son da s\u00faa autor\u00eda\u201d, apuntou Paula Prado.<\/p>\n<p>\u00a0<\/p>\n<p>Ademais, a viceportavoz popular salientou que o 66 por cento das iniciativas foron aprobadas por unanimidade e case a metade das proposici\u00f3ns non de lei son a iniciativa da oposici\u00f3n. Finalmente, sumando plenos e comisi\u00f3ns, os membros do Goberno galego te\u00f1en comparecido unha media de d\u00faas veces cada d\u00eda nesta lexislatura.<\/p>\n<p>\u00a0<\/p>\n<p>Para rematar, e respecto \u00e1s solicitudes formuladas polos grupos da oposici\u00f3n ao Goberno galego acoll\u00e9ndose do artigo 9, durante a pasada lexislatura atend\u00e9ronse 632 petici\u00f3ns de documentaci\u00f3n, 15 m\u00e1is que as que respondeu o Goberno bipartito ao longo do seu mandato.<\/p>\n","protected":false},"excerpt":{"rendered":"<p>Santiago, 1 de xu\u00f1o de 2022.- A viceportavoz do Grupo Popular, Paula Prado, asegurou hoxe no Parlamento galego que \u201cos mecanismos de transparencia e de bo goberno en Galicia funcionan con total normalidade e plena operatividade\u201d. \u201cPodemos afirmar que os contrapesos que garanten a protecci\u00f3n da cidadan\u00eda fronte a hipot\u00e9ticas arbitrariedades do poder p\u00fablico e [&hellip;]<\/p>\n","protected":false},"author":38,"featured_media":57082,"comment_status":"open","ping_status":"open","sticky":false,"template":"","format":"standard","meta":{"_acf_changed":false,"footnotes":""},"categories":[1],"tags":[],"class_list":["post-57083","post","type-post","status-publish","format-standard","has-post-thumbnail","hentry","category-pp-de-galicia"],"acf":[],"yoast_head":"<!-- This site is optimized with the Yoast SEO plugin v27.3 - https:\/\/yoast.com\/product\/yoast-seo-wordpress\/ -->\n<title>Paula Prado asegura que Galicia \u00e9 das comunidades m\u00e1is avanzadas na protecci\u00f3n fronte ao uso indebido dos cartos e do patrimonio p\u00fablico - PP de Galicia<\/title>\n<meta name=\"robots\" content=\"index, follow, max-snippet:-1, max-image-preview:large, max-video-preview:-1\" \/>\n<link rel=\"canonical\" href=\"https:\/\/ppdegalicia.com\/es\/paula-prado-asegura-que-galicia-e-das-comunidades-mais-avanzadas-na-proteccion-fronte-ao-uso-indebido-dos-cartos-e-do-patrimonio-publico\/\" \/>\n<meta property=\"og:locale\" content=\"es_ES\" \/>\n<meta property=\"og:type\" content=\"article\" \/>\n<meta property=\"og:title\" content=\"Paula Prado asegura que Galicia \u00e9 das comunidades m\u00e1is avanzadas na protecci\u00f3n fronte ao uso indebido dos cartos e do patrimonio p\u00fablico - PP de Galicia\" \/>\n<meta property=\"og:description\" content=\"Santiago, 1 de xu\u00f1o de 2022.- A viceportavoz do Grupo Popular, Paula Prado, asegurou hoxe no Parlamento galego que \u201cos mecanismos de transparencia e de bo goberno en Galicia funcionan con total normalidade e plena operatividade\u201d. \u201cPodemos afirmar que os contrapesos que garanten a protecci\u00f3n da cidadan\u00eda fronte a hipot\u00e9ticas arbitrariedades do poder p\u00fablico e [&hellip;]\" \/>\n<meta property=\"og:url\" content=\"https:\/\/ppdegalicia.com\/es\/paula-prado-asegura-que-galicia-e-das-comunidades-mais-avanzadas-na-proteccion-fronte-ao-uso-indebido-dos-cartos-e-do-patrimonio-publico\/\" \/>\n<meta property=\"og:site_name\" content=\"PP de Galicia\" \/>\n<meta property=\"article:publisher\" content=\"https:\/\/www.instagram.com\/ppdegalicia\/\" \/>\n<meta property=\"article:published_time\" content=\"2022-06-01T09:20:37+00:00\" \/>\n<meta property=\"og:image\" content=\"https:\/\/ppdegalicia.com\/wp-content\/uploads\/2022\/06\/dece61b15319d4aec8e736ab869177eb.jpg\" \/>\n\t<meta property=\"og:image:width\" content=\"1900\" \/>\n\t<meta property=\"og:image:height\" content=\"1267\" \/>\n\t<meta property=\"og:image:type\" content=\"image\/jpeg\" \/>\n<meta name=\"author\" content=\"ppdegaliciaredes\" \/>\n<meta name=\"twitter:card\" content=\"summary_large_image\" \/>\n<meta name=\"twitter:creator\" content=\"@ppdegalicia\" \/>\n<meta name=\"twitter:site\" content=\"@ppdegalicia\" \/>\n<meta name=\"twitter:label1\" content=\"Escrito por\" \/>\n\t<meta name=\"twitter:data1\" content=\"ppdegaliciaredes\" \/>\n\t<meta name=\"twitter:label2\" content=\"Tiempo de lectura\" \/>\n\t<meta name=\"twitter:data2\" content=\"2 minutos\" \/>\n<script type=\"application\/ld+json\" class=\"yoast-schema-graph\">{\"@context\":\"https:\\\/\\\/schema.org\",\"@graph\":[{\"@type\":\"Article\",\"@id\":\"https:\\\/\\\/ppdegalicia.com\\\/es\\\/paula-prado-asegura-que-galicia-e-das-comunidades-mais-avanzadas-na-proteccion-fronte-ao-uso-indebido-dos-cartos-e-do-patrimonio-publico\\\/#article\",\"isPartOf\":{\"@id\":\"https:\\\/\\\/ppdegalicia.com\\\/es\\\/paula-prado-asegura-que-galicia-e-das-comunidades-mais-avanzadas-na-proteccion-fronte-ao-uso-indebido-dos-cartos-e-do-patrimonio-publico\\\/\"},\"author\":{\"name\":\"ppdegaliciaredes\",\"@id\":\"https:\\\/\\\/ppdegalicia.com\\\/es\\\/#\\\/schema\\\/person\\\/5b822c6f59e872ebdd1142f307dbcb59\"},\"headline\":\"Paula Prado asegura que Galicia \u00e9 das comunidades m\u00e1is avanzadas na protecci\u00f3n fronte ao uso indebido dos cartos e do patrimonio p\u00fablico\",\"datePublished\":\"2022-06-01T09:20:37+00:00\",\"mainEntityOfPage\":{\"@id\":\"https:\\\/\\\/ppdegalicia.com\\\/es\\\/paula-prado-asegura-que-galicia-e-das-comunidades-mais-avanzadas-na-proteccion-fronte-ao-uso-indebido-dos-cartos-e-do-patrimonio-publico\\\/\"},\"wordCount\":475,\"commentCount\":0,\"publisher\":{\"@id\":\"https:\\\/\\\/ppdegalicia.com\\\/es\\\/#organization\"},\"image\":{\"@id\":\"https:\\\/\\\/ppdegalicia.com\\\/es\\\/paula-prado-asegura-que-galicia-e-das-comunidades-mais-avanzadas-na-proteccion-fronte-ao-uso-indebido-dos-cartos-e-do-patrimonio-publico\\\/#primaryimage\"},\"thumbnailUrl\":\"https:\\\/\\\/ppdegalicia.com\\\/wp-content\\\/uploads\\\/2022\\\/06\\\/dece61b15319d4aec8e736ab869177eb.jpg\",\"articleSection\":[\"PP de Galicia\"],\"inLanguage\":\"es\",\"potentialAction\":[{\"@type\":\"CommentAction\",\"name\":\"Comment\",\"target\":[\"https:\\\/\\\/ppdegalicia.com\\\/es\\\/paula-prado-asegura-que-galicia-e-das-comunidades-mais-avanzadas-na-proteccion-fronte-ao-uso-indebido-dos-cartos-e-do-patrimonio-publico\\\/#respond\"]}]},{\"@type\":\"WebPage\",\"@id\":\"https:\\\/\\\/ppdegalicia.com\\\/es\\\/paula-prado-asegura-que-galicia-e-das-comunidades-mais-avanzadas-na-proteccion-fronte-ao-uso-indebido-dos-cartos-e-do-patrimonio-publico\\\/\",\"url\":\"https:\\\/\\\/ppdegalicia.com\\\/es\\\/paula-prado-asegura-que-galicia-e-das-comunidades-mais-avanzadas-na-proteccion-fronte-ao-uso-indebido-dos-cartos-e-do-patrimonio-publico\\\/\",\"name\":\"Paula Prado asegura que Galicia \u00e9 das comunidades m\u00e1is avanzadas na protecci\u00f3n fronte ao uso indebido dos cartos e do patrimonio p\u00fablico - PP de Galicia\",\"isPartOf\":{\"@id\":\"https:\\\/\\\/ppdegalicia.com\\\/es\\\/#website\"},\"primaryImageOfPage\":{\"@id\":\"https:\\\/\\\/ppdegalicia.com\\\/es\\\/paula-prado-asegura-que-galicia-e-das-comunidades-mais-avanzadas-na-proteccion-fronte-ao-uso-indebido-dos-cartos-e-do-patrimonio-publico\\\/#primaryimage\"},\"image\":{\"@id\":\"https:\\\/\\\/ppdegalicia.com\\\/es\\\/paula-prado-asegura-que-galicia-e-das-comunidades-mais-avanzadas-na-proteccion-fronte-ao-uso-indebido-dos-cartos-e-do-patrimonio-publico\\\/#primaryimage\"},\"thumbnailUrl\":\"https:\\\/\\\/ppdegalicia.com\\\/wp-content\\\/uploads\\\/2022\\\/06\\\/dece61b15319d4aec8e736ab869177eb.jpg\",\"datePublished\":\"2022-06-01T09:20:37+00:00\",\"breadcrumb\":{\"@id\":\"https:\\\/\\\/ppdegalicia.com\\\/es\\\/paula-prado-asegura-que-galicia-e-das-comunidades-mais-avanzadas-na-proteccion-fronte-ao-uso-indebido-dos-cartos-e-do-patrimonio-publico\\\/#breadcrumb\"},\"inLanguage\":\"es\",\"potentialAction\":[{\"@type\":\"ReadAction\",\"target\":[\"https:\\\/\\\/ppdegalicia.com\\\/es\\\/paula-prado-asegura-que-galicia-e-das-comunidades-mais-avanzadas-na-proteccion-fronte-ao-uso-indebido-dos-cartos-e-do-patrimonio-publico\\\/\"]}]},{\"@type\":\"ImageObject\",\"inLanguage\":\"es\",\"@id\":\"https:\\\/\\\/ppdegalicia.com\\\/es\\\/paula-prado-asegura-que-galicia-e-das-comunidades-mais-avanzadas-na-proteccion-fronte-ao-uso-indebido-dos-cartos-e-do-patrimonio-publico\\\/#primaryimage\",\"url\":\"https:\\\/\\\/ppdegalicia.com\\\/wp-content\\\/uploads\\\/2022\\\/06\\\/dece61b15319d4aec8e736ab869177eb.jpg\",\"contentUrl\":\"https:\\\/\\\/ppdegalicia.com\\\/wp-content\\\/uploads\\\/2022\\\/06\\\/dece61b15319d4aec8e736ab869177eb.jpg\",\"width\":1900,\"height\":1267},{\"@type\":\"BreadcrumbList\",\"@id\":\"https:\\\/\\\/ppdegalicia.com\\\/es\\\/paula-prado-asegura-que-galicia-e-das-comunidades-mais-avanzadas-na-proteccion-fronte-ao-uso-indebido-dos-cartos-e-do-patrimonio-publico\\\/#breadcrumb\",\"itemListElement\":[{\"@type\":\"ListItem\",\"position\":1,\"name\":\"Portada\",\"item\":\"https:\\\/\\\/ppdegalicia.com\\\/es\\\/\"},{\"@type\":\"ListItem\",\"position\":2,\"name\":\"Paula Prado asegura que Galicia \u00e9 das comunidades m\u00e1is avanzadas na protecci\u00f3n fronte ao uso indebido dos cartos e do patrimonio p\u00fablico\"}]},{\"@type\":\"WebSite\",\"@id\":\"https:\\\/\\\/ppdegalicia.com\\\/es\\\/#website\",\"url\":\"https:\\\/\\\/ppdegalicia.com\\\/es\\\/\",\"name\":\"Partido Popular de Galicia\",\"description\":\"Partido Popular de Galicia\",\"publisher\":{\"@id\":\"https:\\\/\\\/ppdegalicia.com\\\/es\\\/#organization\"},\"alternateName\":\"PP de Galicia\",\"potentialAction\":[{\"@type\":\"SearchAction\",\"target\":{\"@type\":\"EntryPoint\",\"urlTemplate\":\"https:\\\/\\\/ppdegalicia.com\\\/es\\\/?s={search_term_string}\"},\"query-input\":{\"@type\":\"PropertyValueSpecification\",\"valueRequired\":true,\"valueName\":\"search_term_string\"}}],\"inLanguage\":\"es\"},{\"@type\":\"Organization\",\"@id\":\"https:\\\/\\\/ppdegalicia.com\\\/es\\\/#organization\",\"name\":\"Partido Popular de Galicia\",\"alternateName\":\"PP de Galicia\",\"url\":\"https:\\\/\\\/ppdegalicia.com\\\/es\\\/\",\"logo\":{\"@type\":\"ImageObject\",\"inLanguage\":\"es\",\"@id\":\"https:\\\/\\\/ppdegalicia.com\\\/es\\\/#\\\/schema\\\/logo\\\/image\\\/\",\"url\":\"https:\\\/\\\/ppdegalicia.com\\\/wp-content\\\/uploads\\\/2023\\\/04\\\/logoPP512.png\",\"contentUrl\":\"https:\\\/\\\/ppdegalicia.com\\\/wp-content\\\/uploads\\\/2023\\\/04\\\/logoPP512.png\",\"width\":512,\"height\":512,\"caption\":\"Partido Popular de Galicia\"},\"image\":{\"@id\":\"https:\\\/\\\/ppdegalicia.com\\\/es\\\/#\\\/schema\\\/logo\\\/image\\\/\"},\"sameAs\":[\"https:\\\/\\\/www.instagram.com\\\/ppdegalicia\\\/\",\"https:\\\/\\\/x.com\\\/ppdegalicia\",\"https:\\\/\\\/www.tiktok.com\\\/@ppdegalicia\",\"https:\\\/\\\/www.youtube.com\\\/user\\\/ppdegalicia\"]},{\"@type\":\"Person\",\"@id\":\"https:\\\/\\\/ppdegalicia.com\\\/es\\\/#\\\/schema\\\/person\\\/5b822c6f59e872ebdd1142f307dbcb59\",\"name\":\"ppdegaliciaredes\",\"image\":{\"@type\":\"ImageObject\",\"inLanguage\":\"es\",\"@id\":\"https:\\\/\\\/secure.gravatar.com\\\/avatar\\\/3c9179cf0256d00c72a48d1f25783c58b6842cd56e85ef3a572881c8e28ccd59?s=96&d=mm&r=g\",\"url\":\"https:\\\/\\\/secure.gravatar.com\\\/avatar\\\/3c9179cf0256d00c72a48d1f25783c58b6842cd56e85ef3a572881c8e28ccd59?s=96&d=mm&r=g\",\"contentUrl\":\"https:\\\/\\\/secure.gravatar.com\\\/avatar\\\/3c9179cf0256d00c72a48d1f25783c58b6842cd56e85ef3a572881c8e28ccd59?s=96&d=mm&r=g\",\"caption\":\"ppdegaliciaredes\"},\"url\":\"https:\\\/\\\/ppdegalicia.com\\\/es\\\/author\\\/ppdegaliciaredes\\\/\"}]}<\/script>\n<!-- \/ Yoast SEO plugin. -->","yoast_head_json":{"title":"Paula Prado asegura que Galicia \u00e9 das comunidades m\u00e1is avanzadas na protecci\u00f3n fronte ao uso indebido dos cartos e do patrimonio p\u00fablico - PP de Galicia","robots":{"index":"index","follow":"follow","max-snippet":"max-snippet:-1","max-image-preview":"max-image-preview:large","max-video-preview":"max-video-preview:-1"},"canonical":"https:\/\/ppdegalicia.com\/es\/paula-prado-asegura-que-galicia-e-das-comunidades-mais-avanzadas-na-proteccion-fronte-ao-uso-indebido-dos-cartos-e-do-patrimonio-publico\/","og_locale":"es_ES","og_type":"article","og_title":"Paula Prado asegura que Galicia \u00e9 das comunidades m\u00e1is avanzadas na protecci\u00f3n fronte ao uso indebido dos cartos e do patrimonio p\u00fablico - PP de Galicia","og_description":"Santiago, 1 de xu\u00f1o de 2022.- A viceportavoz do Grupo Popular, Paula Prado, asegurou hoxe no Parlamento galego que \u201cos mecanismos de transparencia e de bo goberno en Galicia funcionan con total normalidade e plena operatividade\u201d. \u201cPodemos afirmar que os contrapesos que garanten a protecci\u00f3n da cidadan\u00eda fronte a hipot\u00e9ticas arbitrariedades do poder p\u00fablico e [&hellip;]","og_url":"https:\/\/ppdegalicia.com\/es\/paula-prado-asegura-que-galicia-e-das-comunidades-mais-avanzadas-na-proteccion-fronte-ao-uso-indebido-dos-cartos-e-do-patrimonio-publico\/","og_site_name":"PP de Galicia","article_publisher":"https:\/\/www.instagram.com\/ppdegalicia\/","article_published_time":"2022-06-01T09:20:37+00:00","og_image":[{"width":1900,"height":1267,"url":"https:\/\/ppdegalicia.com\/wp-content\/uploads\/2022\/06\/dece61b15319d4aec8e736ab869177eb.jpg","type":"image\/jpeg"}],"author":"ppdegaliciaredes","twitter_card":"summary_large_image","twitter_creator":"@ppdegalicia","twitter_site":"@ppdegalicia","twitter_misc":{"Escrito por":"ppdegaliciaredes","Tiempo de lectura":"2 minutos"},"schema":{"@context":"https:\/\/schema.org","@graph":[{"@type":"Article","@id":"https:\/\/ppdegalicia.com\/es\/paula-prado-asegura-que-galicia-e-das-comunidades-mais-avanzadas-na-proteccion-fronte-ao-uso-indebido-dos-cartos-e-do-patrimonio-publico\/#article","isPartOf":{"@id":"https:\/\/ppdegalicia.com\/es\/paula-prado-asegura-que-galicia-e-das-comunidades-mais-avanzadas-na-proteccion-fronte-ao-uso-indebido-dos-cartos-e-do-patrimonio-publico\/"},"author":{"name":"ppdegaliciaredes","@id":"https:\/\/ppdegalicia.com\/es\/#\/schema\/person\/5b822c6f59e872ebdd1142f307dbcb59"},"headline":"Paula Prado asegura que Galicia \u00e9 das comunidades m\u00e1is avanzadas na protecci\u00f3n fronte ao uso indebido dos cartos e do patrimonio p\u00fablico","datePublished":"2022-06-01T09:20:37+00:00","mainEntityOfPage":{"@id":"https:\/\/ppdegalicia.com\/es\/paula-prado-asegura-que-galicia-e-das-comunidades-mais-avanzadas-na-proteccion-fronte-ao-uso-indebido-dos-cartos-e-do-patrimonio-publico\/"},"wordCount":475,"commentCount":0,"publisher":{"@id":"https:\/\/ppdegalicia.com\/es\/#organization"},"image":{"@id":"https:\/\/ppdegalicia.com\/es\/paula-prado-asegura-que-galicia-e-das-comunidades-mais-avanzadas-na-proteccion-fronte-ao-uso-indebido-dos-cartos-e-do-patrimonio-publico\/#primaryimage"},"thumbnailUrl":"https:\/\/ppdegalicia.com\/wp-content\/uploads\/2022\/06\/dece61b15319d4aec8e736ab869177eb.jpg","articleSection":["PP de Galicia"],"inLanguage":"es","potentialAction":[{"@type":"CommentAction","name":"Comment","target":["https:\/\/ppdegalicia.com\/es\/paula-prado-asegura-que-galicia-e-das-comunidades-mais-avanzadas-na-proteccion-fronte-ao-uso-indebido-dos-cartos-e-do-patrimonio-publico\/#respond"]}]},{"@type":"WebPage","@id":"https:\/\/ppdegalicia.com\/es\/paula-prado-asegura-que-galicia-e-das-comunidades-mais-avanzadas-na-proteccion-fronte-ao-uso-indebido-dos-cartos-e-do-patrimonio-publico\/","url":"https:\/\/ppdegalicia.com\/es\/paula-prado-asegura-que-galicia-e-das-comunidades-mais-avanzadas-na-proteccion-fronte-ao-uso-indebido-dos-cartos-e-do-patrimonio-publico\/","name":"Paula Prado asegura que Galicia \u00e9 das comunidades m\u00e1is avanzadas na protecci\u00f3n fronte ao uso indebido dos cartos e do patrimonio p\u00fablico - PP de Galicia","isPartOf":{"@id":"https:\/\/ppdegalicia.com\/es\/#website"},"primaryImageOfPage":{"@id":"https:\/\/ppdegalicia.com\/es\/paula-prado-asegura-que-galicia-e-das-comunidades-mais-avanzadas-na-proteccion-fronte-ao-uso-indebido-dos-cartos-e-do-patrimonio-publico\/#primaryimage"},"image":{"@id":"https:\/\/ppdegalicia.com\/es\/paula-prado-asegura-que-galicia-e-das-comunidades-mais-avanzadas-na-proteccion-fronte-ao-uso-indebido-dos-cartos-e-do-patrimonio-publico\/#primaryimage"},"thumbnailUrl":"https:\/\/ppdegalicia.com\/wp-content\/uploads\/2022\/06\/dece61b15319d4aec8e736ab869177eb.jpg","datePublished":"2022-06-01T09:20:37+00:00","breadcrumb":{"@id":"https:\/\/ppdegalicia.com\/es\/paula-prado-asegura-que-galicia-e-das-comunidades-mais-avanzadas-na-proteccion-fronte-ao-uso-indebido-dos-cartos-e-do-patrimonio-publico\/#breadcrumb"},"inLanguage":"es","potentialAction":[{"@type":"ReadAction","target":["https:\/\/ppdegalicia.com\/es\/paula-prado-asegura-que-galicia-e-das-comunidades-mais-avanzadas-na-proteccion-fronte-ao-uso-indebido-dos-cartos-e-do-patrimonio-publico\/"]}]},{"@type":"ImageObject","inLanguage":"es","@id":"https:\/\/ppdegalicia.com\/es\/paula-prado-asegura-que-galicia-e-das-comunidades-mais-avanzadas-na-proteccion-fronte-ao-uso-indebido-dos-cartos-e-do-patrimonio-publico\/#primaryimage","url":"https:\/\/ppdegalicia.com\/wp-content\/uploads\/2022\/06\/dece61b15319d4aec8e736ab869177eb.jpg","contentUrl":"https:\/\/ppdegalicia.com\/wp-content\/uploads\/2022\/06\/dece61b15319d4aec8e736ab869177eb.jpg","width":1900,"height":1267},{"@type":"BreadcrumbList","@id":"https:\/\/ppdegalicia.com\/es\/paula-prado-asegura-que-galicia-e-das-comunidades-mais-avanzadas-na-proteccion-fronte-ao-uso-indebido-dos-cartos-e-do-patrimonio-publico\/#breadcrumb","itemListElement":[{"@type":"ListItem","position":1,"name":"Portada","item":"https:\/\/ppdegalicia.com\/es\/"},{"@type":"ListItem","position":2,"name":"Paula Prado asegura que Galicia \u00e9 das comunidades m\u00e1is avanzadas na protecci\u00f3n fronte ao uso indebido dos cartos e do patrimonio p\u00fablico"}]},{"@type":"WebSite","@id":"https:\/\/ppdegalicia.com\/es\/#website","url":"https:\/\/ppdegalicia.com\/es\/","name":"Partido Popular de Galicia","description":"Partido Popular de Galicia","publisher":{"@id":"https:\/\/ppdegalicia.com\/es\/#organization"},"alternateName":"PP de Galicia","potentialAction":[{"@type":"SearchAction","target":{"@type":"EntryPoint","urlTemplate":"https:\/\/ppdegalicia.com\/es\/?s={search_term_string}"},"query-input":{"@type":"PropertyValueSpecification","valueRequired":true,"valueName":"search_term_string"}}],"inLanguage":"es"},{"@type":"Organization","@id":"https:\/\/ppdegalicia.com\/es\/#organization","name":"Partido Popular de Galicia","alternateName":"PP de Galicia","url":"https:\/\/ppdegalicia.com\/es\/","logo":{"@type":"ImageObject","inLanguage":"es","@id":"https:\/\/ppdegalicia.com\/es\/#\/schema\/logo\/image\/","url":"https:\/\/ppdegalicia.com\/wp-content\/uploads\/2023\/04\/logoPP512.png","contentUrl":"https:\/\/ppdegalicia.com\/wp-content\/uploads\/2023\/04\/logoPP512.png","width":512,"height":512,"caption":"Partido Popular de Galicia"},"image":{"@id":"https:\/\/ppdegalicia.com\/es\/#\/schema\/logo\/image\/"},"sameAs":["https:\/\/www.instagram.com\/ppdegalicia\/","https:\/\/x.com\/ppdegalicia","https:\/\/www.tiktok.com\/@ppdegalicia","https:\/\/www.youtube.com\/user\/ppdegalicia"]},{"@type":"Person","@id":"https:\/\/ppdegalicia.com\/es\/#\/schema\/person\/5b822c6f59e872ebdd1142f307dbcb59","name":"ppdegaliciaredes","image":{"@type":"ImageObject","inLanguage":"es","@id":"https:\/\/secure.gravatar.com\/avatar\/3c9179cf0256d00c72a48d1f25783c58b6842cd56e85ef3a572881c8e28ccd59?s=96&d=mm&r=g","url":"https:\/\/secure.gravatar.com\/avatar\/3c9179cf0256d00c72a48d1f25783c58b6842cd56e85ef3a572881c8e28ccd59?s=96&d=mm&r=g","contentUrl":"https:\/\/secure.gravatar.com\/avatar\/3c9179cf0256d00c72a48d1f25783c58b6842cd56e85ef3a572881c8e28ccd59?s=96&d=mm&r=g","caption":"ppdegaliciaredes"},"url":"https:\/\/ppdegalicia.com\/es\/author\/ppdegaliciaredes\/"}]}},"_links":{"self":[{"href":"https:\/\/ppdegalicia.com\/es\/wp-json\/wp\/v2\/posts\/57083","targetHints":{"allow":["GET"]}}],"collection":[{"href":"https:\/\/ppdegalicia.com\/es\/wp-json\/wp\/v2\/posts"}],"about":[{"href":"https:\/\/ppdegalicia.com\/es\/wp-json\/wp\/v2\/types\/post"}],"author":[{"embeddable":true,"href":"https:\/\/ppdegalicia.com\/es\/wp-json\/wp\/v2\/users\/38"}],"replies":[{"embeddable":true,"href":"https:\/\/ppdegalicia.com\/es\/wp-json\/wp\/v2\/comments?post=57083"}],"version-history":[{"count":0,"href":"https:\/\/ppdegalicia.com\/es\/wp-json\/wp\/v2\/posts\/57083\/revisions"}],"wp:featuredmedia":[{"embeddable":true,"href":"https:\/\/ppdegalicia.com\/es\/wp-json\/wp\/v2\/media\/57082"}],"wp:attachment":[{"href":"https:\/\/ppdegalicia.com\/es\/wp-json\/wp\/v2\/media?parent=57083"}],"wp:term":[{"taxonomy":"category","embeddable":true,"href":"https:\/\/ppdegalicia.com\/es\/wp-json\/wp\/v2\/categories?post=57083"},{"taxonomy":"post_tag","embeddable":true,"href":"https:\/\/ppdegalicia.com\/es\/wp-json\/wp\/v2\/tags?post=57083"}],"curies":[{"name":"wp","href":"https:\/\/api.w.org\/{rel}","templated":true}]}}