{"id":57127,"date":"2022-06-09T12:15:22","date_gmt":"2022-06-09T10:15:22","guid":{"rendered":"https:\/\/ppdegalicia.com\/borja-verea-pide-que-a-xunta-priorice-a-implantacion-de-sendas-peonis-e-ciclistas-en-santiago\/"},"modified":"2022-06-09T12:15:22","modified_gmt":"2022-06-09T10:15:22","slug":"borja-verea-pide-que-a-xunta-priorice-a-implantacion-de-sendas-peonis-e-ciclistas-en-santiago","status":"publish","type":"post","link":"https:\/\/ppdegalicia.com\/es\/borja-verea-pide-que-a-xunta-priorice-a-implantacion-de-sendas-peonis-e-ciclistas-en-santiago\/","title":{"rendered":"Borja Verea pide que a Xunta priorice a implantaci\u00f3n de sendas peon\u00eds e ciclistas en Santiago"},"content":{"rendered":"<p><img fetchpriority=\"high\" decoding=\"async\" class=\" size-full wp-image-57126\" src=\"https:\/\/ppdegalicia.com\/wp-content\/uploads\/2022\/06\/eed1a214d7725c6cf05e241f491d8e9f.jpg\" alt=\"\" width=\"1900\" height=\"1267\" srcset=\"https:\/\/ppdegalicia.com\/wp-content\/uploads\/2022\/06\/eed1a214d7725c6cf05e241f491d8e9f.jpg 1900w, https:\/\/ppdegalicia.com\/wp-content\/uploads\/2022\/06\/eed1a214d7725c6cf05e241f491d8e9f-300x200.jpg 300w, https:\/\/ppdegalicia.com\/wp-content\/uploads\/2022\/06\/eed1a214d7725c6cf05e241f491d8e9f-1024x683.jpg 1024w, https:\/\/ppdegalicia.com\/wp-content\/uploads\/2022\/06\/eed1a214d7725c6cf05e241f491d8e9f-768x512.jpg 768w, https:\/\/ppdegalicia.com\/wp-content\/uploads\/2022\/06\/eed1a214d7725c6cf05e241f491d8e9f-1536x1024.jpg 1536w\" sizes=\"(max-width: 1900px) 100vw, 1900px\" \/><\/p>\n<p>Santiago, 9 de xu\u00f1o de 2022.- O Parlamento galego aprobou hoxe, sen o apoio dos deputados do PSdeG, a proposici\u00f3n non de lei do Grupo Popular a trav\u00e9s da que se solicita \u00e1 Xunta que priorice a implantaci\u00f3n de sendas peon\u00eds e ciclistas na \u00e1rea metropolitana de Santiago, nomeadamente a v\u00eda que conecta O Milladoiro-Santiago de Compostela.<\/p>\n<p><!--more--><\/p>\n<p>\u00a0<\/p>\n<p>\u00a0<\/p>\n<blockquote class=\"twitter-tweet\">\n<p dir=\"ltr\" lang=\"es\">?Ante a par\u00e1lise do concello de Santiago a <a href=\"https:\/\/twitter.com\/Xunta?ref_src=twsrc%5Etfw\">@Xunta<\/a> puso sobre a mesa un programa ambicioso con 12M\u20ac para 10 Kms de sendas peon\u00eds e ciclistas, un proxecto transformador que unir\u00eda Milladoiro con centros importante de Santiago <a href=\"https:\/\/twitter.com\/borja_verea?ref_src=twsrc%5Etfw\">@borja_verea<\/a> <a href=\"https:\/\/twitter.com\/PopularesStgo?ref_src=twsrc%5Etfw\">@PopularesStgo<\/a> <a href=\"https:\/\/t.co\/x1n2CdyGJs\">pic.twitter.com\/x1n2CdyGJs<\/a><\/p>\n<p>\u2014 GrupoPopularGalicia (@GrupoPopularGal) <a href=\"https:\/\/twitter.com\/GrupoPopularGal\/status\/1534866207916138497?ref_src=twsrc%5Etfw\">June 9, 2022<\/a><\/p><\/blockquote>\n<p>O deputado popular Borja Verea sinalou que o Plan de sendas peon\u00eds e ciclistas para Compostela supera os 10 quil\u00f3metros de percorrido e supor\u00e1 un investimento de 12,4 mill\u00f3ns de euros. \u201cUnir\u00e1 Milladoiro con Santiago, pero ademais estenderase polo centro da cidade de Santiago, unindo o Hospital Cl\u00ednico, coa Estaci\u00f3n Intermodal e con San Caetano\u201d, concretou.<\/p>\n<p>\u00a0<\/p>\n<p><strong>OPOSICI\u00d3N DO CONCELLO DE SANTIAGO<\/strong><\/p>\n<p>\u00a0<\/p>\n<p>\u201cEstamos a falar dun proxecto global, integrador e transformador, ante o que o Concello de Santiago respondeu taponando os investimentos, retrasando as reuni\u00f3ns t\u00e9cnicas e improvisando ocorrencias\u201d, lamentou o deputado popular.<\/p>\n<p>\u00a0<\/p>\n<p>Borja Verea criticou que o alcalde de Santiago \u201cnon pode botar bal\u00f3ns f\u00f3ra para culpar a outros da s\u00faa incapacidade e tampouco pode culpar \u00e1 pandemia de que hoxe a cidade non te\u00f1a un Plan de Mobilidade, que xa deber\u00eda estar operativo en 2020 pero que acabaremos o actual mandato municipal sen estar aprobado\u201d.<\/p>\n<p>\u00a0<\/p>\n<p>\u201cNon hai estratexia nin programaci\u00f3n, porque est\u00e1n gobernando a cegas e con maneiras e pol\u00edticas doutra \u00e9poca\u201d, dixo Verea.<\/p>\n<p>\u00a0<\/p>\n<p>As\u00ed mesmo, comparou o proxecto de senda peonil e ciclista coa proposta presentada polo Concello de Santiago, \u201cd\u00faas iniciativas moi diferentes en canto ao tipo de documento, o seu encaixe nun visi\u00f3n global de mobilidade, alcance, viabilidade, comodidade ou funcionalidade\u201d.<\/p>\n<p>\u00a0<\/p>\n<p>En concreto, Borja Verea explicou que o Concello non incorporou a s\u00faa proposta para o financiamento cos fondos europeos Next Generation, fronte \u00e1 prioridade que lle concede a Xunta ao seu proxecto de senda para o seu financiamento con estes fondos. Ademais, salientou que a proposta do Concello ten unha extensi\u00f3n de 2,96 quil\u00f3metros, fronte aos m\u00e1is de 10 quil\u00f3metros da iniciativa da Xunta, cun ancho que estar\u00e1 entre os 4,5 e 5 metros, fronte aos 2,5 do Concello.<\/p>\n","protected":false},"excerpt":{"rendered":"<p>Santiago, 9 de xu\u00f1o de 2022.- O Parlamento galego aprobou hoxe, sen o apoio dos deputados do PSdeG, a proposici\u00f3n non de lei do Grupo Popular a trav\u00e9s da que se solicita \u00e1 Xunta que priorice a implantaci\u00f3n de sendas peon\u00eds e ciclistas na \u00e1rea metropolitana de Santiago, nomeadamente a v\u00eda que conecta O Milladoiro-Santiago [&hellip;]<\/p>\n","protected":false},"author":38,"featured_media":57126,"comment_status":"open","ping_status":"open","sticky":false,"template":"","format":"standard","meta":{"_acf_changed":false,"footnotes":""},"categories":[1],"tags":[],"class_list":["post-57127","post","type-post","status-publish","format-standard","has-post-thumbnail","hentry","category-pp-de-galicia"],"acf":[],"yoast_head":"<!-- This site is optimized with the Yoast SEO plugin v27.3 - https:\/\/yoast.com\/product\/yoast-seo-wordpress\/ -->\n<title>Borja Verea pide que a Xunta priorice a implantaci\u00f3n de sendas peon\u00eds e ciclistas en Santiago - PP de Galicia<\/title>\n<meta name=\"robots\" content=\"index, follow, max-snippet:-1, max-image-preview:large, max-video-preview:-1\" \/>\n<link rel=\"canonical\" href=\"https:\/\/ppdegalicia.com\/es\/borja-verea-pide-que-a-xunta-priorice-a-implantacion-de-sendas-peonis-e-ciclistas-en-santiago\/\" \/>\n<meta property=\"og:locale\" content=\"es_ES\" \/>\n<meta property=\"og:type\" content=\"article\" \/>\n<meta property=\"og:title\" content=\"Borja Verea pide que a Xunta priorice a implantaci\u00f3n de sendas peon\u00eds e ciclistas en Santiago - PP de Galicia\" \/>\n<meta property=\"og:description\" content=\"Santiago, 9 de xu\u00f1o de 2022.- O Parlamento galego aprobou hoxe, sen o apoio dos deputados do PSdeG, a proposici\u00f3n non de lei do Grupo Popular a trav\u00e9s da que se solicita \u00e1 Xunta que priorice a implantaci\u00f3n de sendas peon\u00eds e ciclistas na \u00e1rea metropolitana de Santiago, nomeadamente a v\u00eda que conecta O Milladoiro-Santiago [&hellip;]\" \/>\n<meta property=\"og:url\" content=\"https:\/\/ppdegalicia.com\/es\/borja-verea-pide-que-a-xunta-priorice-a-implantacion-de-sendas-peonis-e-ciclistas-en-santiago\/\" \/>\n<meta property=\"og:site_name\" content=\"PP de Galicia\" \/>\n<meta property=\"article:publisher\" content=\"https:\/\/www.instagram.com\/ppdegalicia\/\" \/>\n<meta property=\"article:published_time\" content=\"2022-06-09T10:15:22+00:00\" \/>\n<meta property=\"og:image\" content=\"https:\/\/ppdegalicia.com\/wp-content\/uploads\/2022\/06\/eed1a214d7725c6cf05e241f491d8e9f.jpg\" \/>\n\t<meta property=\"og:image:width\" content=\"1900\" \/>\n\t<meta property=\"og:image:height\" content=\"1267\" \/>\n\t<meta property=\"og:image:type\" content=\"image\/jpeg\" \/>\n<meta name=\"author\" content=\"ppdegaliciaredes\" \/>\n<meta name=\"twitter:card\" content=\"summary_large_image\" \/>\n<meta name=\"twitter:creator\" content=\"@ppdegalicia\" \/>\n<meta name=\"twitter:site\" content=\"@ppdegalicia\" \/>\n<meta name=\"twitter:label1\" content=\"Escrito por\" \/>\n\t<meta name=\"twitter:data1\" content=\"ppdegaliciaredes\" \/>\n\t<meta name=\"twitter:label2\" content=\"Tiempo de lectura\" \/>\n\t<meta name=\"twitter:data2\" content=\"2 minutos\" \/>\n<script type=\"application\/ld+json\" class=\"yoast-schema-graph\">{\"@context\":\"https:\\\/\\\/schema.org\",\"@graph\":[{\"@type\":\"Article\",\"@id\":\"https:\\\/\\\/ppdegalicia.com\\\/es\\\/borja-verea-pide-que-a-xunta-priorice-a-implantacion-de-sendas-peonis-e-ciclistas-en-santiago\\\/#article\",\"isPartOf\":{\"@id\":\"https:\\\/\\\/ppdegalicia.com\\\/es\\\/borja-verea-pide-que-a-xunta-priorice-a-implantacion-de-sendas-peonis-e-ciclistas-en-santiago\\\/\"},\"author\":{\"name\":\"ppdegaliciaredes\",\"@id\":\"https:\\\/\\\/ppdegalicia.com\\\/es\\\/#\\\/schema\\\/person\\\/5b822c6f59e872ebdd1142f307dbcb59\"},\"headline\":\"Borja Verea pide que a Xunta priorice a implantaci\u00f3n de sendas peon\u00eds e ciclistas en Santiago\",\"datePublished\":\"2022-06-09T10:15:22+00:00\",\"mainEntityOfPage\":{\"@id\":\"https:\\\/\\\/ppdegalicia.com\\\/es\\\/borja-verea-pide-que-a-xunta-priorice-a-implantacion-de-sendas-peonis-e-ciclistas-en-santiago\\\/\"},\"wordCount\":427,\"commentCount\":0,\"publisher\":{\"@id\":\"https:\\\/\\\/ppdegalicia.com\\\/es\\\/#organization\"},\"image\":{\"@id\":\"https:\\\/\\\/ppdegalicia.com\\\/es\\\/borja-verea-pide-que-a-xunta-priorice-a-implantacion-de-sendas-peonis-e-ciclistas-en-santiago\\\/#primaryimage\"},\"thumbnailUrl\":\"https:\\\/\\\/ppdegalicia.com\\\/wp-content\\\/uploads\\\/2022\\\/06\\\/eed1a214d7725c6cf05e241f491d8e9f.jpg\",\"articleSection\":[\"PP de Galicia\"],\"inLanguage\":\"es\",\"potentialAction\":[{\"@type\":\"CommentAction\",\"name\":\"Comment\",\"target\":[\"https:\\\/\\\/ppdegalicia.com\\\/es\\\/borja-verea-pide-que-a-xunta-priorice-a-implantacion-de-sendas-peonis-e-ciclistas-en-santiago\\\/#respond\"]}]},{\"@type\":\"WebPage\",\"@id\":\"https:\\\/\\\/ppdegalicia.com\\\/es\\\/borja-verea-pide-que-a-xunta-priorice-a-implantacion-de-sendas-peonis-e-ciclistas-en-santiago\\\/\",\"url\":\"https:\\\/\\\/ppdegalicia.com\\\/es\\\/borja-verea-pide-que-a-xunta-priorice-a-implantacion-de-sendas-peonis-e-ciclistas-en-santiago\\\/\",\"name\":\"Borja Verea pide que a Xunta priorice a implantaci\u00f3n de sendas peon\u00eds e ciclistas en Santiago - PP de Galicia\",\"isPartOf\":{\"@id\":\"https:\\\/\\\/ppdegalicia.com\\\/es\\\/#website\"},\"primaryImageOfPage\":{\"@id\":\"https:\\\/\\\/ppdegalicia.com\\\/es\\\/borja-verea-pide-que-a-xunta-priorice-a-implantacion-de-sendas-peonis-e-ciclistas-en-santiago\\\/#primaryimage\"},\"image\":{\"@id\":\"https:\\\/\\\/ppdegalicia.com\\\/es\\\/borja-verea-pide-que-a-xunta-priorice-a-implantacion-de-sendas-peonis-e-ciclistas-en-santiago\\\/#primaryimage\"},\"thumbnailUrl\":\"https:\\\/\\\/ppdegalicia.com\\\/wp-content\\\/uploads\\\/2022\\\/06\\\/eed1a214d7725c6cf05e241f491d8e9f.jpg\",\"datePublished\":\"2022-06-09T10:15:22+00:00\",\"breadcrumb\":{\"@id\":\"https:\\\/\\\/ppdegalicia.com\\\/es\\\/borja-verea-pide-que-a-xunta-priorice-a-implantacion-de-sendas-peonis-e-ciclistas-en-santiago\\\/#breadcrumb\"},\"inLanguage\":\"es\",\"potentialAction\":[{\"@type\":\"ReadAction\",\"target\":[\"https:\\\/\\\/ppdegalicia.com\\\/es\\\/borja-verea-pide-que-a-xunta-priorice-a-implantacion-de-sendas-peonis-e-ciclistas-en-santiago\\\/\"]}]},{\"@type\":\"ImageObject\",\"inLanguage\":\"es\",\"@id\":\"https:\\\/\\\/ppdegalicia.com\\\/es\\\/borja-verea-pide-que-a-xunta-priorice-a-implantacion-de-sendas-peonis-e-ciclistas-en-santiago\\\/#primaryimage\",\"url\":\"https:\\\/\\\/ppdegalicia.com\\\/wp-content\\\/uploads\\\/2022\\\/06\\\/eed1a214d7725c6cf05e241f491d8e9f.jpg\",\"contentUrl\":\"https:\\\/\\\/ppdegalicia.com\\\/wp-content\\\/uploads\\\/2022\\\/06\\\/eed1a214d7725c6cf05e241f491d8e9f.jpg\",\"width\":1900,\"height\":1267},{\"@type\":\"BreadcrumbList\",\"@id\":\"https:\\\/\\\/ppdegalicia.com\\\/es\\\/borja-verea-pide-que-a-xunta-priorice-a-implantacion-de-sendas-peonis-e-ciclistas-en-santiago\\\/#breadcrumb\",\"itemListElement\":[{\"@type\":\"ListItem\",\"position\":1,\"name\":\"Portada\",\"item\":\"https:\\\/\\\/ppdegalicia.com\\\/es\\\/\"},{\"@type\":\"ListItem\",\"position\":2,\"name\":\"Borja Verea pide que a Xunta priorice a implantaci\u00f3n de sendas peon\u00eds e ciclistas en Santiago\"}]},{\"@type\":\"WebSite\",\"@id\":\"https:\\\/\\\/ppdegalicia.com\\\/es\\\/#website\",\"url\":\"https:\\\/\\\/ppdegalicia.com\\\/es\\\/\",\"name\":\"Partido Popular de Galicia\",\"description\":\"Partido Popular de Galicia\",\"publisher\":{\"@id\":\"https:\\\/\\\/ppdegalicia.com\\\/es\\\/#organization\"},\"alternateName\":\"PP de Galicia\",\"potentialAction\":[{\"@type\":\"SearchAction\",\"target\":{\"@type\":\"EntryPoint\",\"urlTemplate\":\"https:\\\/\\\/ppdegalicia.com\\\/es\\\/?s={search_term_string}\"},\"query-input\":{\"@type\":\"PropertyValueSpecification\",\"valueRequired\":true,\"valueName\":\"search_term_string\"}}],\"inLanguage\":\"es\"},{\"@type\":\"Organization\",\"@id\":\"https:\\\/\\\/ppdegalicia.com\\\/es\\\/#organization\",\"name\":\"Partido Popular de Galicia\",\"alternateName\":\"PP de Galicia\",\"url\":\"https:\\\/\\\/ppdegalicia.com\\\/es\\\/\",\"logo\":{\"@type\":\"ImageObject\",\"inLanguage\":\"es\",\"@id\":\"https:\\\/\\\/ppdegalicia.com\\\/es\\\/#\\\/schema\\\/logo\\\/image\\\/\",\"url\":\"https:\\\/\\\/ppdegalicia.com\\\/wp-content\\\/uploads\\\/2023\\\/04\\\/logoPP512.png\",\"contentUrl\":\"https:\\\/\\\/ppdegalicia.com\\\/wp-content\\\/uploads\\\/2023\\\/04\\\/logoPP512.png\",\"width\":512,\"height\":512,\"caption\":\"Partido Popular de Galicia\"},\"image\":{\"@id\":\"https:\\\/\\\/ppdegalicia.com\\\/es\\\/#\\\/schema\\\/logo\\\/image\\\/\"},\"sameAs\":[\"https:\\\/\\\/www.instagram.com\\\/ppdegalicia\\\/\",\"https:\\\/\\\/x.com\\\/ppdegalicia\",\"https:\\\/\\\/www.tiktok.com\\\/@ppdegalicia\",\"https:\\\/\\\/www.youtube.com\\\/user\\\/ppdegalicia\"]},{\"@type\":\"Person\",\"@id\":\"https:\\\/\\\/ppdegalicia.com\\\/es\\\/#\\\/schema\\\/person\\\/5b822c6f59e872ebdd1142f307dbcb59\",\"name\":\"ppdegaliciaredes\",\"image\":{\"@type\":\"ImageObject\",\"inLanguage\":\"es\",\"@id\":\"https:\\\/\\\/secure.gravatar.com\\\/avatar\\\/3c9179cf0256d00c72a48d1f25783c58b6842cd56e85ef3a572881c8e28ccd59?s=96&d=mm&r=g\",\"url\":\"https:\\\/\\\/secure.gravatar.com\\\/avatar\\\/3c9179cf0256d00c72a48d1f25783c58b6842cd56e85ef3a572881c8e28ccd59?s=96&d=mm&r=g\",\"contentUrl\":\"https:\\\/\\\/secure.gravatar.com\\\/avatar\\\/3c9179cf0256d00c72a48d1f25783c58b6842cd56e85ef3a572881c8e28ccd59?s=96&d=mm&r=g\",\"caption\":\"ppdegaliciaredes\"},\"url\":\"https:\\\/\\\/ppdegalicia.com\\\/es\\\/author\\\/ppdegaliciaredes\\\/\"}]}<\/script>\n<!-- \/ Yoast SEO plugin. -->","yoast_head_json":{"title":"Borja Verea pide que a Xunta priorice a implantaci\u00f3n de sendas peon\u00eds e ciclistas en Santiago - PP de Galicia","robots":{"index":"index","follow":"follow","max-snippet":"max-snippet:-1","max-image-preview":"max-image-preview:large","max-video-preview":"max-video-preview:-1"},"canonical":"https:\/\/ppdegalicia.com\/es\/borja-verea-pide-que-a-xunta-priorice-a-implantacion-de-sendas-peonis-e-ciclistas-en-santiago\/","og_locale":"es_ES","og_type":"article","og_title":"Borja Verea pide que a Xunta priorice a implantaci\u00f3n de sendas peon\u00eds e ciclistas en Santiago - PP de Galicia","og_description":"Santiago, 9 de xu\u00f1o de 2022.- O Parlamento galego aprobou hoxe, sen o apoio dos deputados do PSdeG, a proposici\u00f3n non de lei do Grupo Popular a trav\u00e9s da que se solicita \u00e1 Xunta que priorice a implantaci\u00f3n de sendas peon\u00eds e ciclistas na \u00e1rea metropolitana de Santiago, nomeadamente a v\u00eda que conecta O Milladoiro-Santiago [&hellip;]","og_url":"https:\/\/ppdegalicia.com\/es\/borja-verea-pide-que-a-xunta-priorice-a-implantacion-de-sendas-peonis-e-ciclistas-en-santiago\/","og_site_name":"PP de Galicia","article_publisher":"https:\/\/www.instagram.com\/ppdegalicia\/","article_published_time":"2022-06-09T10:15:22+00:00","og_image":[{"width":1900,"height":1267,"url":"https:\/\/ppdegalicia.com\/wp-content\/uploads\/2022\/06\/eed1a214d7725c6cf05e241f491d8e9f.jpg","type":"image\/jpeg"}],"author":"ppdegaliciaredes","twitter_card":"summary_large_image","twitter_creator":"@ppdegalicia","twitter_site":"@ppdegalicia","twitter_misc":{"Escrito por":"ppdegaliciaredes","Tiempo de lectura":"2 minutos"},"schema":{"@context":"https:\/\/schema.org","@graph":[{"@type":"Article","@id":"https:\/\/ppdegalicia.com\/es\/borja-verea-pide-que-a-xunta-priorice-a-implantacion-de-sendas-peonis-e-ciclistas-en-santiago\/#article","isPartOf":{"@id":"https:\/\/ppdegalicia.com\/es\/borja-verea-pide-que-a-xunta-priorice-a-implantacion-de-sendas-peonis-e-ciclistas-en-santiago\/"},"author":{"name":"ppdegaliciaredes","@id":"https:\/\/ppdegalicia.com\/es\/#\/schema\/person\/5b822c6f59e872ebdd1142f307dbcb59"},"headline":"Borja Verea pide que a Xunta priorice a implantaci\u00f3n de sendas peon\u00eds e ciclistas en Santiago","datePublished":"2022-06-09T10:15:22+00:00","mainEntityOfPage":{"@id":"https:\/\/ppdegalicia.com\/es\/borja-verea-pide-que-a-xunta-priorice-a-implantacion-de-sendas-peonis-e-ciclistas-en-santiago\/"},"wordCount":427,"commentCount":0,"publisher":{"@id":"https:\/\/ppdegalicia.com\/es\/#organization"},"image":{"@id":"https:\/\/ppdegalicia.com\/es\/borja-verea-pide-que-a-xunta-priorice-a-implantacion-de-sendas-peonis-e-ciclistas-en-santiago\/#primaryimage"},"thumbnailUrl":"https:\/\/ppdegalicia.com\/wp-content\/uploads\/2022\/06\/eed1a214d7725c6cf05e241f491d8e9f.jpg","articleSection":["PP de Galicia"],"inLanguage":"es","potentialAction":[{"@type":"CommentAction","name":"Comment","target":["https:\/\/ppdegalicia.com\/es\/borja-verea-pide-que-a-xunta-priorice-a-implantacion-de-sendas-peonis-e-ciclistas-en-santiago\/#respond"]}]},{"@type":"WebPage","@id":"https:\/\/ppdegalicia.com\/es\/borja-verea-pide-que-a-xunta-priorice-a-implantacion-de-sendas-peonis-e-ciclistas-en-santiago\/","url":"https:\/\/ppdegalicia.com\/es\/borja-verea-pide-que-a-xunta-priorice-a-implantacion-de-sendas-peonis-e-ciclistas-en-santiago\/","name":"Borja Verea pide que a Xunta priorice a implantaci\u00f3n de sendas peon\u00eds e ciclistas en Santiago - PP de Galicia","isPartOf":{"@id":"https:\/\/ppdegalicia.com\/es\/#website"},"primaryImageOfPage":{"@id":"https:\/\/ppdegalicia.com\/es\/borja-verea-pide-que-a-xunta-priorice-a-implantacion-de-sendas-peonis-e-ciclistas-en-santiago\/#primaryimage"},"image":{"@id":"https:\/\/ppdegalicia.com\/es\/borja-verea-pide-que-a-xunta-priorice-a-implantacion-de-sendas-peonis-e-ciclistas-en-santiago\/#primaryimage"},"thumbnailUrl":"https:\/\/ppdegalicia.com\/wp-content\/uploads\/2022\/06\/eed1a214d7725c6cf05e241f491d8e9f.jpg","datePublished":"2022-06-09T10:15:22+00:00","breadcrumb":{"@id":"https:\/\/ppdegalicia.com\/es\/borja-verea-pide-que-a-xunta-priorice-a-implantacion-de-sendas-peonis-e-ciclistas-en-santiago\/#breadcrumb"},"inLanguage":"es","potentialAction":[{"@type":"ReadAction","target":["https:\/\/ppdegalicia.com\/es\/borja-verea-pide-que-a-xunta-priorice-a-implantacion-de-sendas-peonis-e-ciclistas-en-santiago\/"]}]},{"@type":"ImageObject","inLanguage":"es","@id":"https:\/\/ppdegalicia.com\/es\/borja-verea-pide-que-a-xunta-priorice-a-implantacion-de-sendas-peonis-e-ciclistas-en-santiago\/#primaryimage","url":"https:\/\/ppdegalicia.com\/wp-content\/uploads\/2022\/06\/eed1a214d7725c6cf05e241f491d8e9f.jpg","contentUrl":"https:\/\/ppdegalicia.com\/wp-content\/uploads\/2022\/06\/eed1a214d7725c6cf05e241f491d8e9f.jpg","width":1900,"height":1267},{"@type":"BreadcrumbList","@id":"https:\/\/ppdegalicia.com\/es\/borja-verea-pide-que-a-xunta-priorice-a-implantacion-de-sendas-peonis-e-ciclistas-en-santiago\/#breadcrumb","itemListElement":[{"@type":"ListItem","position":1,"name":"Portada","item":"https:\/\/ppdegalicia.com\/es\/"},{"@type":"ListItem","position":2,"name":"Borja Verea pide que a Xunta priorice a implantaci\u00f3n de sendas peon\u00eds e ciclistas en Santiago"}]},{"@type":"WebSite","@id":"https:\/\/ppdegalicia.com\/es\/#website","url":"https:\/\/ppdegalicia.com\/es\/","name":"Partido Popular de Galicia","description":"Partido Popular de Galicia","publisher":{"@id":"https:\/\/ppdegalicia.com\/es\/#organization"},"alternateName":"PP de Galicia","potentialAction":[{"@type":"SearchAction","target":{"@type":"EntryPoint","urlTemplate":"https:\/\/ppdegalicia.com\/es\/?s={search_term_string}"},"query-input":{"@type":"PropertyValueSpecification","valueRequired":true,"valueName":"search_term_string"}}],"inLanguage":"es"},{"@type":"Organization","@id":"https:\/\/ppdegalicia.com\/es\/#organization","name":"Partido Popular de Galicia","alternateName":"PP de Galicia","url":"https:\/\/ppdegalicia.com\/es\/","logo":{"@type":"ImageObject","inLanguage":"es","@id":"https:\/\/ppdegalicia.com\/es\/#\/schema\/logo\/image\/","url":"https:\/\/ppdegalicia.com\/wp-content\/uploads\/2023\/04\/logoPP512.png","contentUrl":"https:\/\/ppdegalicia.com\/wp-content\/uploads\/2023\/04\/logoPP512.png","width":512,"height":512,"caption":"Partido Popular de Galicia"},"image":{"@id":"https:\/\/ppdegalicia.com\/es\/#\/schema\/logo\/image\/"},"sameAs":["https:\/\/www.instagram.com\/ppdegalicia\/","https:\/\/x.com\/ppdegalicia","https:\/\/www.tiktok.com\/@ppdegalicia","https:\/\/www.youtube.com\/user\/ppdegalicia"]},{"@type":"Person","@id":"https:\/\/ppdegalicia.com\/es\/#\/schema\/person\/5b822c6f59e872ebdd1142f307dbcb59","name":"ppdegaliciaredes","image":{"@type":"ImageObject","inLanguage":"es","@id":"https:\/\/secure.gravatar.com\/avatar\/3c9179cf0256d00c72a48d1f25783c58b6842cd56e85ef3a572881c8e28ccd59?s=96&d=mm&r=g","url":"https:\/\/secure.gravatar.com\/avatar\/3c9179cf0256d00c72a48d1f25783c58b6842cd56e85ef3a572881c8e28ccd59?s=96&d=mm&r=g","contentUrl":"https:\/\/secure.gravatar.com\/avatar\/3c9179cf0256d00c72a48d1f25783c58b6842cd56e85ef3a572881c8e28ccd59?s=96&d=mm&r=g","caption":"ppdegaliciaredes"},"url":"https:\/\/ppdegalicia.com\/es\/author\/ppdegaliciaredes\/"}]}},"_links":{"self":[{"href":"https:\/\/ppdegalicia.com\/es\/wp-json\/wp\/v2\/posts\/57127","targetHints":{"allow":["GET"]}}],"collection":[{"href":"https:\/\/ppdegalicia.com\/es\/wp-json\/wp\/v2\/posts"}],"about":[{"href":"https:\/\/ppdegalicia.com\/es\/wp-json\/wp\/v2\/types\/post"}],"author":[{"embeddable":true,"href":"https:\/\/ppdegalicia.com\/es\/wp-json\/wp\/v2\/users\/38"}],"replies":[{"embeddable":true,"href":"https:\/\/ppdegalicia.com\/es\/wp-json\/wp\/v2\/comments?post=57127"}],"version-history":[{"count":0,"href":"https:\/\/ppdegalicia.com\/es\/wp-json\/wp\/v2\/posts\/57127\/revisions"}],"wp:featuredmedia":[{"embeddable":true,"href":"https:\/\/ppdegalicia.com\/es\/wp-json\/wp\/v2\/media\/57126"}],"wp:attachment":[{"href":"https:\/\/ppdegalicia.com\/es\/wp-json\/wp\/v2\/media?parent=57127"}],"wp:term":[{"taxonomy":"category","embeddable":true,"href":"https:\/\/ppdegalicia.com\/es\/wp-json\/wp\/v2\/categories?post=57127"},{"taxonomy":"post_tag","embeddable":true,"href":"https:\/\/ppdegalicia.com\/es\/wp-json\/wp\/v2\/tags?post=57127"}],"curies":[{"name":"wp","href":"https:\/\/api.w.org\/{rel}","templated":true}]}}