{"id":57133,"date":"2022-06-12T11:12:26","date_gmt":"2022-06-12T09:12:26","guid":{"rendered":"https:\/\/ppdegalicia.com\/prado-pide-ao-goberno-central-medidas-efectivas-para-que-encher-o-deposito-de-gasolina-non-sexa-un-autentico-luxo\/"},"modified":"2022-06-12T11:12:26","modified_gmt":"2022-06-12T09:12:26","slug":"prado-pide-ao-goberno-central-medidas-efectivas-para-que-encher-o-deposito-de-gasolina-non-sexa-un-autentico-luxo","status":"publish","type":"post","link":"https:\/\/ppdegalicia.com\/es\/prado-pide-ao-goberno-central-medidas-efectivas-para-que-encher-o-deposito-de-gasolina-non-sexa-un-autentico-luxo\/","title":{"rendered":"Prado pide ao Goberno central \u201cmedidas efectivas\u201d para que encher o dep\u00f3sito de gasolina \u201cnon sexa un aut\u00e9ntico luxo\u201d"},"content":{"rendered":"<p><img fetchpriority=\"high\" decoding=\"async\" class=\" size-full wp-image-57132\" src=\"https:\/\/ppdegalicia.com\/wp-content\/uploads\/2022\/06\/68280b3682d8f58aceae62fa90e2215b.jpg\" alt=\"\" width=\"2048\" height=\"1365\" srcset=\"https:\/\/ppdegalicia.com\/wp-content\/uploads\/2022\/06\/68280b3682d8f58aceae62fa90e2215b.jpg 2048w, https:\/\/ppdegalicia.com\/wp-content\/uploads\/2022\/06\/68280b3682d8f58aceae62fa90e2215b-300x200.jpg 300w, https:\/\/ppdegalicia.com\/wp-content\/uploads\/2022\/06\/68280b3682d8f58aceae62fa90e2215b-1024x683.jpg 1024w, https:\/\/ppdegalicia.com\/wp-content\/uploads\/2022\/06\/68280b3682d8f58aceae62fa90e2215b-768x512.jpg 768w, https:\/\/ppdegalicia.com\/wp-content\/uploads\/2022\/06\/68280b3682d8f58aceae62fa90e2215b-1536x1024.jpg 1536w\" sizes=\"(max-width: 2048px) 100vw, 2048px\" \/><\/p>\n<p>A secretaria xeral do Partido Popular de Galicia, Paula Prado, solicita ao Goberno central que \u201chabilite medidas efectivas\u201d para que encher o dep\u00f3sito de gasolina \u201cnon sexa un aut\u00e9ntico luxo\u201d.<\/p>\n<p><!--more--><\/p>\n<p>\u201cO combustible est\u00e1 en m\u00e1ximos hist\u00f3ricos e os galegos s\u00f3freno cada vez que acoden a unha estaci\u00f3n de servizo\u201d, lamenta Paula Prado, que esta semana mantivo unha reuni\u00f3n co presidente da Federaci\u00f3n Galega de Estaci\u00f3ns de Servizo (Fegaes), Julio L\u00f3pez, para co\u00f1ecer as inquedanzas do sector.<\/p>\n<p>A secretaria xeral considera que encher o dep\u00f3sito \u00e9 \u201cunha necesidade\u201d para moita xente, tanto a nivel laboral como persoal, polo que \u201co Goberno de S\u00e1nchez ten que esforzarse en reverter esta situaci\u00f3n\u201d.<\/p>\n<p>Tam\u00e9n valora o \u201cgran traballo\u201d das estaci\u00f3ns de servizo galegas, que \u201cmalia as incertezas e a tensi\u00f3n do mercado\u201d seguen a ser \u201cunha referencia\u201d tanto a nivel medioambiental como tecnol\u00f3xico. \u201cA situaci\u00f3n de incerteza dos traballadores deste sector e das s\u00faas familias ten que rematar\u201d, engade.<\/p>\n<p>As\u00ed mesmo, sinala que \u201ca transici\u00f3n enerx\u00e9tica desordenada do Executivo central provocou que a\u00ednda que en 2008 o prezo do barril de Brent era maior ao de agora, neste momento o custo dun litro de combustible \u00e9 moito m\u00e1is alto que o de ent\u00f3n\u201d, algo que contrastou co presidente de Fegaes. \u201cUnha vez m\u00e1is, a s\u00faa mala xesti\u00f3n infl\u00fae no peto dos cidad\u00e1ns\u201d, di.<\/p>\n<p>Na mesma li\u00f1a, Paula Prado apunta que a isto se suma un prezo de luz e do gas \u201cdisparados\u201d, con promesas do Goberno de hai dous meses e medio que \u201cnon se fixeron efectivas\u201d xa que a\u00ednda acaba de obter o visto bo da Uni\u00f3n Europea despois de moitos anuncios e prazos incumpridos. \u201cAdemais, a inflaci\u00f3n segue aumentando e fai que cada d\u00eda custe m\u00e1is facer a compra de produtos b\u00e1sicos\u201d, subli\u00f1a.<\/p>\n<p>POL\u00cdTICA ENERX\u00c9TICA \u201cIRRESPONSABLE\u201d<\/p>\n<p>A secretaria xeral asegura que \u201cEspa\u00f1a leva meses vivindo as consecuencias dunha pol\u00edtica enerx\u00e9tica irresponsable\u201d e, mentres tanto, o Goberno \u201cbateu r\u00e9cords de recadaci\u00f3n tributaria, o cal non \u00e9 de recibo\u201d.<\/p>\n<p>A isto eng\u00e1dese, segundo apunta, o problema diplom\u00e1tico con Alxeria, que aqu\u00ed en Galicia \u201cafecta a un cento de empresas fundamentalmente do eido agroalimentario, da automoci\u00f3n, dos produtos minerais ou do forestal, sectores estrat\u00e9xicos da econom\u00eda da Comunidade\u201d.<\/p>\n<p>Por todo isto, concl\u00fae que o Goberno central \u201ccarece dunha estratexia que permita garantir a familias, pemes, aut\u00f3nomos e a todo o tecido empresarial e industrial prezos estables e, polo tanto, que evite que se sigan a bater en Espa\u00f1a m\u00e1ximos hist\u00f3ricos e subas descontroladas\u201d.<\/p>\n<p>\u00a0<\/p>\n<p>\u00a0<\/p>\n<p>\u00a0<\/p>\n<p>\u00a0<\/p>\n<p>\u00a0<\/p>\n<p>\u00a0<\/p>\n<p>\u00a0<\/p>\n<p>\u00a0<\/p>\n<p>\u00a0<\/p>\n","protected":false},"excerpt":{"rendered":"<p>A secretaria xeral do Partido Popular de Galicia, Paula Prado, solicita ao Goberno central que \u201chabilite medidas efectivas\u201d para que encher o dep\u00f3sito de gasolina \u201cnon sexa un aut\u00e9ntico luxo\u201d.<\/p>\n","protected":false},"author":38,"featured_media":57132,"comment_status":"open","ping_status":"open","sticky":false,"template":"","format":"standard","meta":{"_acf_changed":false,"footnotes":""},"categories":[1],"tags":[],"class_list":["post-57133","post","type-post","status-publish","format-standard","has-post-thumbnail","hentry","category-pp-de-galicia"],"acf":[],"yoast_head":"<!-- This site is optimized with the Yoast SEO plugin v27.3 - https:\/\/yoast.com\/product\/yoast-seo-wordpress\/ -->\n<title>Prado pide ao Goberno central \u201cmedidas efectivas\u201d para que encher o dep\u00f3sito de gasolina \u201cnon sexa un aut\u00e9ntico luxo\u201d - PP de Galicia<\/title>\n<meta name=\"robots\" content=\"index, follow, max-snippet:-1, max-image-preview:large, max-video-preview:-1\" \/>\n<link rel=\"canonical\" href=\"https:\/\/ppdegalicia.com\/es\/prado-pide-ao-goberno-central-medidas-efectivas-para-que-encher-o-deposito-de-gasolina-non-sexa-un-autentico-luxo\/\" \/>\n<meta property=\"og:locale\" content=\"es_ES\" \/>\n<meta property=\"og:type\" content=\"article\" \/>\n<meta property=\"og:title\" content=\"Prado pide ao Goberno central \u201cmedidas efectivas\u201d para que encher o dep\u00f3sito de gasolina \u201cnon sexa un aut\u00e9ntico luxo\u201d - PP de Galicia\" \/>\n<meta property=\"og:description\" content=\"A secretaria xeral do Partido Popular de Galicia, Paula Prado, solicita ao Goberno central que \u201chabilite medidas efectivas\u201d para que encher o dep\u00f3sito de gasolina \u201cnon sexa un aut\u00e9ntico luxo\u201d.\" \/>\n<meta property=\"og:url\" content=\"https:\/\/ppdegalicia.com\/es\/prado-pide-ao-goberno-central-medidas-efectivas-para-que-encher-o-deposito-de-gasolina-non-sexa-un-autentico-luxo\/\" \/>\n<meta property=\"og:site_name\" content=\"PP de Galicia\" \/>\n<meta property=\"article:publisher\" content=\"https:\/\/www.instagram.com\/ppdegalicia\/\" \/>\n<meta property=\"article:published_time\" content=\"2022-06-12T09:12:26+00:00\" \/>\n<meta property=\"og:image\" content=\"https:\/\/ppdegalicia.com\/wp-content\/uploads\/2022\/06\/68280b3682d8f58aceae62fa90e2215b.jpg\" \/>\n\t<meta property=\"og:image:width\" content=\"2048\" \/>\n\t<meta property=\"og:image:height\" content=\"1365\" \/>\n\t<meta property=\"og:image:type\" content=\"image\/jpeg\" \/>\n<meta name=\"author\" content=\"ppdegaliciaredes\" \/>\n<meta name=\"twitter:card\" content=\"summary_large_image\" \/>\n<meta name=\"twitter:creator\" content=\"@ppdegalicia\" \/>\n<meta name=\"twitter:site\" content=\"@ppdegalicia\" \/>\n<meta name=\"twitter:label1\" content=\"Escrito por\" \/>\n\t<meta name=\"twitter:data1\" content=\"ppdegaliciaredes\" \/>\n\t<meta name=\"twitter:label2\" content=\"Tiempo de lectura\" \/>\n\t<meta name=\"twitter:data2\" content=\"2 minutos\" \/>\n<script type=\"application\/ld+json\" class=\"yoast-schema-graph\">{\"@context\":\"https:\\\/\\\/schema.org\",\"@graph\":[{\"@type\":\"Article\",\"@id\":\"https:\\\/\\\/ppdegalicia.com\\\/es\\\/prado-pide-ao-goberno-central-medidas-efectivas-para-que-encher-o-deposito-de-gasolina-non-sexa-un-autentico-luxo\\\/#article\",\"isPartOf\":{\"@id\":\"https:\\\/\\\/ppdegalicia.com\\\/es\\\/prado-pide-ao-goberno-central-medidas-efectivas-para-que-encher-o-deposito-de-gasolina-non-sexa-un-autentico-luxo\\\/\"},\"author\":{\"name\":\"ppdegaliciaredes\",\"@id\":\"https:\\\/\\\/ppdegalicia.com\\\/es\\\/#\\\/schema\\\/person\\\/5b822c6f59e872ebdd1142f307dbcb59\"},\"headline\":\"Prado pide ao Goberno central \u201cmedidas efectivas\u201d para que encher o dep\u00f3sito de gasolina \u201cnon sexa un aut\u00e9ntico luxo\u201d\",\"datePublished\":\"2022-06-12T09:12:26+00:00\",\"mainEntityOfPage\":{\"@id\":\"https:\\\/\\\/ppdegalicia.com\\\/es\\\/prado-pide-ao-goberno-central-medidas-efectivas-para-que-encher-o-deposito-de-gasolina-non-sexa-un-autentico-luxo\\\/\"},\"wordCount\":480,\"commentCount\":0,\"publisher\":{\"@id\":\"https:\\\/\\\/ppdegalicia.com\\\/es\\\/#organization\"},\"image\":{\"@id\":\"https:\\\/\\\/ppdegalicia.com\\\/es\\\/prado-pide-ao-goberno-central-medidas-efectivas-para-que-encher-o-deposito-de-gasolina-non-sexa-un-autentico-luxo\\\/#primaryimage\"},\"thumbnailUrl\":\"https:\\\/\\\/ppdegalicia.com\\\/wp-content\\\/uploads\\\/2022\\\/06\\\/68280b3682d8f58aceae62fa90e2215b.jpg\",\"articleSection\":[\"PP de Galicia\"],\"inLanguage\":\"es\",\"potentialAction\":[{\"@type\":\"CommentAction\",\"name\":\"Comment\",\"target\":[\"https:\\\/\\\/ppdegalicia.com\\\/es\\\/prado-pide-ao-goberno-central-medidas-efectivas-para-que-encher-o-deposito-de-gasolina-non-sexa-un-autentico-luxo\\\/#respond\"]}]},{\"@type\":\"WebPage\",\"@id\":\"https:\\\/\\\/ppdegalicia.com\\\/es\\\/prado-pide-ao-goberno-central-medidas-efectivas-para-que-encher-o-deposito-de-gasolina-non-sexa-un-autentico-luxo\\\/\",\"url\":\"https:\\\/\\\/ppdegalicia.com\\\/es\\\/prado-pide-ao-goberno-central-medidas-efectivas-para-que-encher-o-deposito-de-gasolina-non-sexa-un-autentico-luxo\\\/\",\"name\":\"Prado pide ao Goberno central \u201cmedidas efectivas\u201d para que encher o dep\u00f3sito de gasolina \u201cnon sexa un aut\u00e9ntico luxo\u201d - PP de Galicia\",\"isPartOf\":{\"@id\":\"https:\\\/\\\/ppdegalicia.com\\\/es\\\/#website\"},\"primaryImageOfPage\":{\"@id\":\"https:\\\/\\\/ppdegalicia.com\\\/es\\\/prado-pide-ao-goberno-central-medidas-efectivas-para-que-encher-o-deposito-de-gasolina-non-sexa-un-autentico-luxo\\\/#primaryimage\"},\"image\":{\"@id\":\"https:\\\/\\\/ppdegalicia.com\\\/es\\\/prado-pide-ao-goberno-central-medidas-efectivas-para-que-encher-o-deposito-de-gasolina-non-sexa-un-autentico-luxo\\\/#primaryimage\"},\"thumbnailUrl\":\"https:\\\/\\\/ppdegalicia.com\\\/wp-content\\\/uploads\\\/2022\\\/06\\\/68280b3682d8f58aceae62fa90e2215b.jpg\",\"datePublished\":\"2022-06-12T09:12:26+00:00\",\"breadcrumb\":{\"@id\":\"https:\\\/\\\/ppdegalicia.com\\\/es\\\/prado-pide-ao-goberno-central-medidas-efectivas-para-que-encher-o-deposito-de-gasolina-non-sexa-un-autentico-luxo\\\/#breadcrumb\"},\"inLanguage\":\"es\",\"potentialAction\":[{\"@type\":\"ReadAction\",\"target\":[\"https:\\\/\\\/ppdegalicia.com\\\/es\\\/prado-pide-ao-goberno-central-medidas-efectivas-para-que-encher-o-deposito-de-gasolina-non-sexa-un-autentico-luxo\\\/\"]}]},{\"@type\":\"ImageObject\",\"inLanguage\":\"es\",\"@id\":\"https:\\\/\\\/ppdegalicia.com\\\/es\\\/prado-pide-ao-goberno-central-medidas-efectivas-para-que-encher-o-deposito-de-gasolina-non-sexa-un-autentico-luxo\\\/#primaryimage\",\"url\":\"https:\\\/\\\/ppdegalicia.com\\\/wp-content\\\/uploads\\\/2022\\\/06\\\/68280b3682d8f58aceae62fa90e2215b.jpg\",\"contentUrl\":\"https:\\\/\\\/ppdegalicia.com\\\/wp-content\\\/uploads\\\/2022\\\/06\\\/68280b3682d8f58aceae62fa90e2215b.jpg\",\"width\":2048,\"height\":1365},{\"@type\":\"BreadcrumbList\",\"@id\":\"https:\\\/\\\/ppdegalicia.com\\\/es\\\/prado-pide-ao-goberno-central-medidas-efectivas-para-que-encher-o-deposito-de-gasolina-non-sexa-un-autentico-luxo\\\/#breadcrumb\",\"itemListElement\":[{\"@type\":\"ListItem\",\"position\":1,\"name\":\"Portada\",\"item\":\"https:\\\/\\\/ppdegalicia.com\\\/es\\\/\"},{\"@type\":\"ListItem\",\"position\":2,\"name\":\"Prado pide ao Goberno central \u201cmedidas efectivas\u201d para que encher o dep\u00f3sito de gasolina \u201cnon sexa un aut\u00e9ntico luxo\u201d\"}]},{\"@type\":\"WebSite\",\"@id\":\"https:\\\/\\\/ppdegalicia.com\\\/es\\\/#website\",\"url\":\"https:\\\/\\\/ppdegalicia.com\\\/es\\\/\",\"name\":\"Partido Popular de Galicia\",\"description\":\"Partido Popular de Galicia\",\"publisher\":{\"@id\":\"https:\\\/\\\/ppdegalicia.com\\\/es\\\/#organization\"},\"alternateName\":\"PP de Galicia\",\"potentialAction\":[{\"@type\":\"SearchAction\",\"target\":{\"@type\":\"EntryPoint\",\"urlTemplate\":\"https:\\\/\\\/ppdegalicia.com\\\/es\\\/?s={search_term_string}\"},\"query-input\":{\"@type\":\"PropertyValueSpecification\",\"valueRequired\":true,\"valueName\":\"search_term_string\"}}],\"inLanguage\":\"es\"},{\"@type\":\"Organization\",\"@id\":\"https:\\\/\\\/ppdegalicia.com\\\/es\\\/#organization\",\"name\":\"Partido Popular de Galicia\",\"alternateName\":\"PP de Galicia\",\"url\":\"https:\\\/\\\/ppdegalicia.com\\\/es\\\/\",\"logo\":{\"@type\":\"ImageObject\",\"inLanguage\":\"es\",\"@id\":\"https:\\\/\\\/ppdegalicia.com\\\/es\\\/#\\\/schema\\\/logo\\\/image\\\/\",\"url\":\"https:\\\/\\\/ppdegalicia.com\\\/wp-content\\\/uploads\\\/2023\\\/04\\\/logoPP512.png\",\"contentUrl\":\"https:\\\/\\\/ppdegalicia.com\\\/wp-content\\\/uploads\\\/2023\\\/04\\\/logoPP512.png\",\"width\":512,\"height\":512,\"caption\":\"Partido Popular de Galicia\"},\"image\":{\"@id\":\"https:\\\/\\\/ppdegalicia.com\\\/es\\\/#\\\/schema\\\/logo\\\/image\\\/\"},\"sameAs\":[\"https:\\\/\\\/www.instagram.com\\\/ppdegalicia\\\/\",\"https:\\\/\\\/x.com\\\/ppdegalicia\",\"https:\\\/\\\/www.tiktok.com\\\/@ppdegalicia\",\"https:\\\/\\\/www.youtube.com\\\/user\\\/ppdegalicia\"]},{\"@type\":\"Person\",\"@id\":\"https:\\\/\\\/ppdegalicia.com\\\/es\\\/#\\\/schema\\\/person\\\/5b822c6f59e872ebdd1142f307dbcb59\",\"name\":\"ppdegaliciaredes\",\"image\":{\"@type\":\"ImageObject\",\"inLanguage\":\"es\",\"@id\":\"https:\\\/\\\/secure.gravatar.com\\\/avatar\\\/3c9179cf0256d00c72a48d1f25783c58b6842cd56e85ef3a572881c8e28ccd59?s=96&d=mm&r=g\",\"url\":\"https:\\\/\\\/secure.gravatar.com\\\/avatar\\\/3c9179cf0256d00c72a48d1f25783c58b6842cd56e85ef3a572881c8e28ccd59?s=96&d=mm&r=g\",\"contentUrl\":\"https:\\\/\\\/secure.gravatar.com\\\/avatar\\\/3c9179cf0256d00c72a48d1f25783c58b6842cd56e85ef3a572881c8e28ccd59?s=96&d=mm&r=g\",\"caption\":\"ppdegaliciaredes\"},\"url\":\"https:\\\/\\\/ppdegalicia.com\\\/es\\\/author\\\/ppdegaliciaredes\\\/\"}]}<\/script>\n<!-- \/ Yoast SEO plugin. -->","yoast_head_json":{"title":"Prado pide ao Goberno central \u201cmedidas efectivas\u201d para que encher o dep\u00f3sito de gasolina \u201cnon sexa un aut\u00e9ntico luxo\u201d - PP de Galicia","robots":{"index":"index","follow":"follow","max-snippet":"max-snippet:-1","max-image-preview":"max-image-preview:large","max-video-preview":"max-video-preview:-1"},"canonical":"https:\/\/ppdegalicia.com\/es\/prado-pide-ao-goberno-central-medidas-efectivas-para-que-encher-o-deposito-de-gasolina-non-sexa-un-autentico-luxo\/","og_locale":"es_ES","og_type":"article","og_title":"Prado pide ao Goberno central \u201cmedidas efectivas\u201d para que encher o dep\u00f3sito de gasolina \u201cnon sexa un aut\u00e9ntico luxo\u201d - PP de Galicia","og_description":"A secretaria xeral do Partido Popular de Galicia, Paula Prado, solicita ao Goberno central que \u201chabilite medidas efectivas\u201d para que encher o dep\u00f3sito de gasolina \u201cnon sexa un aut\u00e9ntico luxo\u201d.","og_url":"https:\/\/ppdegalicia.com\/es\/prado-pide-ao-goberno-central-medidas-efectivas-para-que-encher-o-deposito-de-gasolina-non-sexa-un-autentico-luxo\/","og_site_name":"PP de Galicia","article_publisher":"https:\/\/www.instagram.com\/ppdegalicia\/","article_published_time":"2022-06-12T09:12:26+00:00","og_image":[{"width":2048,"height":1365,"url":"https:\/\/ppdegalicia.com\/wp-content\/uploads\/2022\/06\/68280b3682d8f58aceae62fa90e2215b.jpg","type":"image\/jpeg"}],"author":"ppdegaliciaredes","twitter_card":"summary_large_image","twitter_creator":"@ppdegalicia","twitter_site":"@ppdegalicia","twitter_misc":{"Escrito por":"ppdegaliciaredes","Tiempo de lectura":"2 minutos"},"schema":{"@context":"https:\/\/schema.org","@graph":[{"@type":"Article","@id":"https:\/\/ppdegalicia.com\/es\/prado-pide-ao-goberno-central-medidas-efectivas-para-que-encher-o-deposito-de-gasolina-non-sexa-un-autentico-luxo\/#article","isPartOf":{"@id":"https:\/\/ppdegalicia.com\/es\/prado-pide-ao-goberno-central-medidas-efectivas-para-que-encher-o-deposito-de-gasolina-non-sexa-un-autentico-luxo\/"},"author":{"name":"ppdegaliciaredes","@id":"https:\/\/ppdegalicia.com\/es\/#\/schema\/person\/5b822c6f59e872ebdd1142f307dbcb59"},"headline":"Prado pide ao Goberno central \u201cmedidas efectivas\u201d para que encher o dep\u00f3sito de gasolina \u201cnon sexa un aut\u00e9ntico luxo\u201d","datePublished":"2022-06-12T09:12:26+00:00","mainEntityOfPage":{"@id":"https:\/\/ppdegalicia.com\/es\/prado-pide-ao-goberno-central-medidas-efectivas-para-que-encher-o-deposito-de-gasolina-non-sexa-un-autentico-luxo\/"},"wordCount":480,"commentCount":0,"publisher":{"@id":"https:\/\/ppdegalicia.com\/es\/#organization"},"image":{"@id":"https:\/\/ppdegalicia.com\/es\/prado-pide-ao-goberno-central-medidas-efectivas-para-que-encher-o-deposito-de-gasolina-non-sexa-un-autentico-luxo\/#primaryimage"},"thumbnailUrl":"https:\/\/ppdegalicia.com\/wp-content\/uploads\/2022\/06\/68280b3682d8f58aceae62fa90e2215b.jpg","articleSection":["PP de Galicia"],"inLanguage":"es","potentialAction":[{"@type":"CommentAction","name":"Comment","target":["https:\/\/ppdegalicia.com\/es\/prado-pide-ao-goberno-central-medidas-efectivas-para-que-encher-o-deposito-de-gasolina-non-sexa-un-autentico-luxo\/#respond"]}]},{"@type":"WebPage","@id":"https:\/\/ppdegalicia.com\/es\/prado-pide-ao-goberno-central-medidas-efectivas-para-que-encher-o-deposito-de-gasolina-non-sexa-un-autentico-luxo\/","url":"https:\/\/ppdegalicia.com\/es\/prado-pide-ao-goberno-central-medidas-efectivas-para-que-encher-o-deposito-de-gasolina-non-sexa-un-autentico-luxo\/","name":"Prado pide ao Goberno central \u201cmedidas efectivas\u201d para que encher o dep\u00f3sito de gasolina \u201cnon sexa un aut\u00e9ntico luxo\u201d - PP de Galicia","isPartOf":{"@id":"https:\/\/ppdegalicia.com\/es\/#website"},"primaryImageOfPage":{"@id":"https:\/\/ppdegalicia.com\/es\/prado-pide-ao-goberno-central-medidas-efectivas-para-que-encher-o-deposito-de-gasolina-non-sexa-un-autentico-luxo\/#primaryimage"},"image":{"@id":"https:\/\/ppdegalicia.com\/es\/prado-pide-ao-goberno-central-medidas-efectivas-para-que-encher-o-deposito-de-gasolina-non-sexa-un-autentico-luxo\/#primaryimage"},"thumbnailUrl":"https:\/\/ppdegalicia.com\/wp-content\/uploads\/2022\/06\/68280b3682d8f58aceae62fa90e2215b.jpg","datePublished":"2022-06-12T09:12:26+00:00","breadcrumb":{"@id":"https:\/\/ppdegalicia.com\/es\/prado-pide-ao-goberno-central-medidas-efectivas-para-que-encher-o-deposito-de-gasolina-non-sexa-un-autentico-luxo\/#breadcrumb"},"inLanguage":"es","potentialAction":[{"@type":"ReadAction","target":["https:\/\/ppdegalicia.com\/es\/prado-pide-ao-goberno-central-medidas-efectivas-para-que-encher-o-deposito-de-gasolina-non-sexa-un-autentico-luxo\/"]}]},{"@type":"ImageObject","inLanguage":"es","@id":"https:\/\/ppdegalicia.com\/es\/prado-pide-ao-goberno-central-medidas-efectivas-para-que-encher-o-deposito-de-gasolina-non-sexa-un-autentico-luxo\/#primaryimage","url":"https:\/\/ppdegalicia.com\/wp-content\/uploads\/2022\/06\/68280b3682d8f58aceae62fa90e2215b.jpg","contentUrl":"https:\/\/ppdegalicia.com\/wp-content\/uploads\/2022\/06\/68280b3682d8f58aceae62fa90e2215b.jpg","width":2048,"height":1365},{"@type":"BreadcrumbList","@id":"https:\/\/ppdegalicia.com\/es\/prado-pide-ao-goberno-central-medidas-efectivas-para-que-encher-o-deposito-de-gasolina-non-sexa-un-autentico-luxo\/#breadcrumb","itemListElement":[{"@type":"ListItem","position":1,"name":"Portada","item":"https:\/\/ppdegalicia.com\/es\/"},{"@type":"ListItem","position":2,"name":"Prado pide ao Goberno central \u201cmedidas efectivas\u201d para que encher o dep\u00f3sito de gasolina \u201cnon sexa un aut\u00e9ntico luxo\u201d"}]},{"@type":"WebSite","@id":"https:\/\/ppdegalicia.com\/es\/#website","url":"https:\/\/ppdegalicia.com\/es\/","name":"Partido Popular de Galicia","description":"Partido Popular de Galicia","publisher":{"@id":"https:\/\/ppdegalicia.com\/es\/#organization"},"alternateName":"PP de Galicia","potentialAction":[{"@type":"SearchAction","target":{"@type":"EntryPoint","urlTemplate":"https:\/\/ppdegalicia.com\/es\/?s={search_term_string}"},"query-input":{"@type":"PropertyValueSpecification","valueRequired":true,"valueName":"search_term_string"}}],"inLanguage":"es"},{"@type":"Organization","@id":"https:\/\/ppdegalicia.com\/es\/#organization","name":"Partido Popular de Galicia","alternateName":"PP de Galicia","url":"https:\/\/ppdegalicia.com\/es\/","logo":{"@type":"ImageObject","inLanguage":"es","@id":"https:\/\/ppdegalicia.com\/es\/#\/schema\/logo\/image\/","url":"https:\/\/ppdegalicia.com\/wp-content\/uploads\/2023\/04\/logoPP512.png","contentUrl":"https:\/\/ppdegalicia.com\/wp-content\/uploads\/2023\/04\/logoPP512.png","width":512,"height":512,"caption":"Partido Popular de Galicia"},"image":{"@id":"https:\/\/ppdegalicia.com\/es\/#\/schema\/logo\/image\/"},"sameAs":["https:\/\/www.instagram.com\/ppdegalicia\/","https:\/\/x.com\/ppdegalicia","https:\/\/www.tiktok.com\/@ppdegalicia","https:\/\/www.youtube.com\/user\/ppdegalicia"]},{"@type":"Person","@id":"https:\/\/ppdegalicia.com\/es\/#\/schema\/person\/5b822c6f59e872ebdd1142f307dbcb59","name":"ppdegaliciaredes","image":{"@type":"ImageObject","inLanguage":"es","@id":"https:\/\/secure.gravatar.com\/avatar\/3c9179cf0256d00c72a48d1f25783c58b6842cd56e85ef3a572881c8e28ccd59?s=96&d=mm&r=g","url":"https:\/\/secure.gravatar.com\/avatar\/3c9179cf0256d00c72a48d1f25783c58b6842cd56e85ef3a572881c8e28ccd59?s=96&d=mm&r=g","contentUrl":"https:\/\/secure.gravatar.com\/avatar\/3c9179cf0256d00c72a48d1f25783c58b6842cd56e85ef3a572881c8e28ccd59?s=96&d=mm&r=g","caption":"ppdegaliciaredes"},"url":"https:\/\/ppdegalicia.com\/es\/author\/ppdegaliciaredes\/"}]}},"_links":{"self":[{"href":"https:\/\/ppdegalicia.com\/es\/wp-json\/wp\/v2\/posts\/57133","targetHints":{"allow":["GET"]}}],"collection":[{"href":"https:\/\/ppdegalicia.com\/es\/wp-json\/wp\/v2\/posts"}],"about":[{"href":"https:\/\/ppdegalicia.com\/es\/wp-json\/wp\/v2\/types\/post"}],"author":[{"embeddable":true,"href":"https:\/\/ppdegalicia.com\/es\/wp-json\/wp\/v2\/users\/38"}],"replies":[{"embeddable":true,"href":"https:\/\/ppdegalicia.com\/es\/wp-json\/wp\/v2\/comments?post=57133"}],"version-history":[{"count":0,"href":"https:\/\/ppdegalicia.com\/es\/wp-json\/wp\/v2\/posts\/57133\/revisions"}],"wp:featuredmedia":[{"embeddable":true,"href":"https:\/\/ppdegalicia.com\/es\/wp-json\/wp\/v2\/media\/57132"}],"wp:attachment":[{"href":"https:\/\/ppdegalicia.com\/es\/wp-json\/wp\/v2\/media?parent=57133"}],"wp:term":[{"taxonomy":"category","embeddable":true,"href":"https:\/\/ppdegalicia.com\/es\/wp-json\/wp\/v2\/categories?post=57133"},{"taxonomy":"post_tag","embeddable":true,"href":"https:\/\/ppdegalicia.com\/es\/wp-json\/wp\/v2\/tags?post=57133"}],"curies":[{"name":"wp","href":"https:\/\/api.w.org\/{rel}","templated":true}]}}