{"id":57141,"date":"2022-06-14T11:25:38","date_gmt":"2022-06-14T09:25:38","guid":{"rendered":"https:\/\/ppdegalicia.com\/o-ppdeg-critica-que-o-bng-defenda-unha-proposicion-de-lei-que-e-unha-emenda-a-totalidade-ao-modelo-de-residencias-que-fan-onde-gobernan\/"},"modified":"2022-06-14T11:25:38","modified_gmt":"2022-06-14T09:25:38","slug":"o-ppdeg-critica-que-o-bng-defenda-unha-proposicion-de-lei-que-e-unha-emenda-a-totalidade-ao-modelo-de-residencias-que-fan-onde-gobernan","status":"publish","type":"post","link":"https:\/\/ppdegalicia.com\/es\/o-ppdeg-critica-que-o-bng-defenda-unha-proposicion-de-lei-que-e-unha-emenda-a-totalidade-ao-modelo-de-residencias-que-fan-onde-gobernan\/","title":{"rendered":"O PPdeG critica que o BNG defenda unha proposici\u00f3n de lei que \u00e9 unha emenda \u00e1 totalidade ao modelo de residencias que fan onde gobernan"},"content":{"rendered":"<p><img fetchpriority=\"high\" decoding=\"async\" class=\" size-full wp-image-57140\" src=\"https:\/\/ppdegalicia.com\/wp-content\/uploads\/2022\/06\/22af75798d99d5e03046a3811749c8e9.jpg\" alt=\"\" width=\"1900\" height=\"1267\" srcset=\"https:\/\/ppdegalicia.com\/wp-content\/uploads\/2022\/06\/22af75798d99d5e03046a3811749c8e9.jpg 1900w, https:\/\/ppdegalicia.com\/wp-content\/uploads\/2022\/06\/22af75798d99d5e03046a3811749c8e9-300x200.jpg 300w, https:\/\/ppdegalicia.com\/wp-content\/uploads\/2022\/06\/22af75798d99d5e03046a3811749c8e9-1024x683.jpg 1024w, https:\/\/ppdegalicia.com\/wp-content\/uploads\/2022\/06\/22af75798d99d5e03046a3811749c8e9-768x512.jpg 768w, https:\/\/ppdegalicia.com\/wp-content\/uploads\/2022\/06\/22af75798d99d5e03046a3811749c8e9-1536x1024.jpg 1536w\" sizes=\"(max-width: 1900px) 100vw, 1900px\" \/><\/p>\n<p>Santiago, 14 de xu\u00f1o de 2022.- O viceportavoz do Grupo Popular, Alberto Pazos, afirmou hoxe no Pleno do Parlamento galego que a proposici\u00f3n de lei do BNG sobre residencias de maiores \u201c\u00e9 unha emenda \u00e1 totalidade do modelo que nacionalistas e socialistas levan practicando anos al\u00e1 onde gobernan\u201d, ao tempo que sup\u00f3n \u201cun novo intento do nacionalismo galego por marcar diferenzas co resto de Espa\u00f1a nun momento no que as comunidades aut\u00f3nomas est\u00e1n traballando co Goberno central un documento de consenso que defina o novo modelo residencial para toda Espa\u00f1a\u201d.<\/p>\n<p><!--more--><\/p>\n<p>Alberto Pazos considerou \u201cun enorme exercicio de hipocris\u00eda que o BNG se erixa en defensores da xesti\u00f3n p\u00fablica directa cando antes, durante e despois da pandemia apostaron xusto polo contrario: a privatizaci\u00f3n masiva das residencias que xestionan\u201d.<\/p>\n<p>\u00a0<\/p>\n<p>En concreto, e centr\u00e1ndose nas residencias que socialistas e nacionalistas xestionan a trav\u00e9s da Deputaci\u00f3n Provincial de Lugo, dixo que te\u00f1en privatizadas ou en proceso de licitaci\u00f3n as residencias de Ribadeo, Trabada, Pol, A Fonsagrada, Pedrafita, Castroverde ou Meira. \u201cPrometen un modelo que son incapaces de ofrecer onde gobernan, e por iso carecen de credibilidade\u201d, sinalou.<\/p>\n<p>\u00a0<\/p>\n<p>O viceportavoz popular cualificou de \u201cdesafortunado\u201d presentar o modelo nacionalista de residencias no momento no que todas as comunidades aut\u00f3nomas est\u00e1n traballando co Goberno central un documento de consenso sobre o novo modelo residencial para toda Espa\u00f1a. \u201cUn modelo con condici\u00f3ns m\u00ednimas id\u00e9nticas para todos os usuarios, coas mesmas posibilidades reais e acceso, e con criterios obxectivos de financiaci\u00f3n de prazas\u201d, apuntou.<\/p>\n<p>\u00a0<\/p>\n<p><strong>INCOHERENCIA SOCIALISTA<\/strong><\/p>\n<p>\u00a0<\/p>\n<p>Relacionado con este modelo nacional, Alberto Pazos criticou que os socialistas galegos votaran a favor desta proposici\u00f3n de lei do BNG, \u201camosando falta de coherencia e de respaldo ao traballo que est\u00e1n a facer os seus compa\u00f1eiros no Goberno de Espa\u00f1a para consensuar un modelo \u00fanico de residencias a nivel estatal\u201d.<\/p>\n<p>\u00a0<\/p>\n<p>Neste sentido, Pazos lembrou que \u201co Goberno galego tam\u00e9n ten un modelo propio de residencias constru\u00eddo a trav\u00e9s da achegas de profesionais, especialistas, asociaci\u00f3ns, usuarios e tam\u00e9n dos distintos partidos pol\u00edticos, que avanzar\u00e1 na humanizaci\u00f3n das residencias, o aproveitamento das novas tecnolox\u00edas, a coordinaci\u00f3n sociosanitaria e incorporando melloras arquitect\u00f3nicas\u201d.<\/p>\n<p>\u00a0<\/p>\n<p>Para rematar, Alberto Pazos criticou a proposici\u00f3n de lei do BNG porque est\u00e1 \u201ctrufada de partidismo, ao pretender que o que non comparte as s\u00faas ideas ou prantexamentos non busca o mellor para os nosos maiores\u201d. As\u00ed, asegurou que \u201c\u00e9 un argumento totalmente falso\u201d e salientou que o PPdeG leva anos traballando para conseguir o mellor para os nosos maiores, aprobando o maior orzamento en pol\u00edtica social da historia, duplicando os recursos materiais para dependencia ou protexendo aos nosos maiores durante a pandemia\u201d. <\/p>\n","protected":false},"excerpt":{"rendered":"<p>Santiago, 14 de xu\u00f1o de 2022.- O viceportavoz do Grupo Popular, Alberto Pazos, afirmou hoxe no Pleno do Parlamento galego que a proposici\u00f3n de lei do BNG sobre residencias de maiores \u201c\u00e9 unha emenda \u00e1 totalidade do modelo que nacionalistas e socialistas levan practicando anos al\u00e1 onde gobernan\u201d, ao tempo que sup\u00f3n \u201cun novo intento [&hellip;]<\/p>\n","protected":false},"author":38,"featured_media":57140,"comment_status":"open","ping_status":"open","sticky":false,"template":"","format":"standard","meta":{"_acf_changed":false,"footnotes":""},"categories":[1],"tags":[],"class_list":["post-57141","post","type-post","status-publish","format-standard","has-post-thumbnail","hentry","category-pp-de-galicia"],"acf":[],"yoast_head":"<!-- This site is optimized with the Yoast SEO plugin v27.3 - https:\/\/yoast.com\/product\/yoast-seo-wordpress\/ -->\n<title>O PPdeG critica que o BNG defenda unha proposici\u00f3n de lei que \u00e9 unha emenda \u00e1 totalidade ao modelo de residencias que fan onde gobernan - PP de Galicia<\/title>\n<meta name=\"robots\" content=\"index, follow, max-snippet:-1, max-image-preview:large, max-video-preview:-1\" \/>\n<link rel=\"canonical\" href=\"https:\/\/ppdegalicia.com\/es\/o-ppdeg-critica-que-o-bng-defenda-unha-proposicion-de-lei-que-e-unha-emenda-a-totalidade-ao-modelo-de-residencias-que-fan-onde-gobernan\/\" \/>\n<meta property=\"og:locale\" content=\"es_ES\" \/>\n<meta property=\"og:type\" content=\"article\" \/>\n<meta property=\"og:title\" content=\"O PPdeG critica que o BNG defenda unha proposici\u00f3n de lei que \u00e9 unha emenda \u00e1 totalidade ao modelo de residencias que fan onde gobernan - PP de Galicia\" \/>\n<meta property=\"og:description\" content=\"Santiago, 14 de xu\u00f1o de 2022.- O viceportavoz do Grupo Popular, Alberto Pazos, afirmou hoxe no Pleno do Parlamento galego que a proposici\u00f3n de lei do BNG sobre residencias de maiores \u201c\u00e9 unha emenda \u00e1 totalidade do modelo que nacionalistas e socialistas levan practicando anos al\u00e1 onde gobernan\u201d, ao tempo que sup\u00f3n \u201cun novo intento [&hellip;]\" \/>\n<meta property=\"og:url\" content=\"https:\/\/ppdegalicia.com\/es\/o-ppdeg-critica-que-o-bng-defenda-unha-proposicion-de-lei-que-e-unha-emenda-a-totalidade-ao-modelo-de-residencias-que-fan-onde-gobernan\/\" \/>\n<meta property=\"og:site_name\" content=\"PP de Galicia\" \/>\n<meta property=\"article:publisher\" content=\"https:\/\/www.instagram.com\/ppdegalicia\/\" \/>\n<meta property=\"article:published_time\" content=\"2022-06-14T09:25:38+00:00\" \/>\n<meta property=\"og:image\" content=\"https:\/\/ppdegalicia.com\/wp-content\/uploads\/2022\/06\/22af75798d99d5e03046a3811749c8e9.jpg\" \/>\n\t<meta property=\"og:image:width\" content=\"1900\" \/>\n\t<meta property=\"og:image:height\" content=\"1267\" \/>\n\t<meta property=\"og:image:type\" content=\"image\/jpeg\" \/>\n<meta name=\"author\" content=\"ppdegaliciaredes\" \/>\n<meta name=\"twitter:card\" content=\"summary_large_image\" \/>\n<meta name=\"twitter:creator\" content=\"@ppdegalicia\" \/>\n<meta name=\"twitter:site\" content=\"@ppdegalicia\" \/>\n<meta name=\"twitter:label1\" content=\"Escrito por\" \/>\n\t<meta name=\"twitter:data1\" content=\"ppdegaliciaredes\" \/>\n\t<meta name=\"twitter:label2\" content=\"Tiempo de lectura\" \/>\n\t<meta name=\"twitter:data2\" content=\"2 minutos\" \/>\n<script type=\"application\/ld+json\" class=\"yoast-schema-graph\">{\"@context\":\"https:\\\/\\\/schema.org\",\"@graph\":[{\"@type\":\"Article\",\"@id\":\"https:\\\/\\\/ppdegalicia.com\\\/es\\\/o-ppdeg-critica-que-o-bng-defenda-unha-proposicion-de-lei-que-e-unha-emenda-a-totalidade-ao-modelo-de-residencias-que-fan-onde-gobernan\\\/#article\",\"isPartOf\":{\"@id\":\"https:\\\/\\\/ppdegalicia.com\\\/es\\\/o-ppdeg-critica-que-o-bng-defenda-unha-proposicion-de-lei-que-e-unha-emenda-a-totalidade-ao-modelo-de-residencias-que-fan-onde-gobernan\\\/\"},\"author\":{\"name\":\"ppdegaliciaredes\",\"@id\":\"https:\\\/\\\/ppdegalicia.com\\\/es\\\/#\\\/schema\\\/person\\\/5b822c6f59e872ebdd1142f307dbcb59\"},\"headline\":\"O PPdeG critica que o BNG defenda unha proposici\u00f3n de lei que \u00e9 unha emenda \u00e1 totalidade ao modelo de residencias que fan onde gobernan\",\"datePublished\":\"2022-06-14T09:25:38+00:00\",\"mainEntityOfPage\":{\"@id\":\"https:\\\/\\\/ppdegalicia.com\\\/es\\\/o-ppdeg-critica-que-o-bng-defenda-unha-proposicion-de-lei-que-e-unha-emenda-a-totalidade-ao-modelo-de-residencias-que-fan-onde-gobernan\\\/\"},\"wordCount\":490,\"commentCount\":0,\"publisher\":{\"@id\":\"https:\\\/\\\/ppdegalicia.com\\\/es\\\/#organization\"},\"image\":{\"@id\":\"https:\\\/\\\/ppdegalicia.com\\\/es\\\/o-ppdeg-critica-que-o-bng-defenda-unha-proposicion-de-lei-que-e-unha-emenda-a-totalidade-ao-modelo-de-residencias-que-fan-onde-gobernan\\\/#primaryimage\"},\"thumbnailUrl\":\"https:\\\/\\\/ppdegalicia.com\\\/wp-content\\\/uploads\\\/2022\\\/06\\\/22af75798d99d5e03046a3811749c8e9.jpg\",\"articleSection\":[\"PP de Galicia\"],\"inLanguage\":\"es\",\"potentialAction\":[{\"@type\":\"CommentAction\",\"name\":\"Comment\",\"target\":[\"https:\\\/\\\/ppdegalicia.com\\\/es\\\/o-ppdeg-critica-que-o-bng-defenda-unha-proposicion-de-lei-que-e-unha-emenda-a-totalidade-ao-modelo-de-residencias-que-fan-onde-gobernan\\\/#respond\"]}]},{\"@type\":\"WebPage\",\"@id\":\"https:\\\/\\\/ppdegalicia.com\\\/es\\\/o-ppdeg-critica-que-o-bng-defenda-unha-proposicion-de-lei-que-e-unha-emenda-a-totalidade-ao-modelo-de-residencias-que-fan-onde-gobernan\\\/\",\"url\":\"https:\\\/\\\/ppdegalicia.com\\\/es\\\/o-ppdeg-critica-que-o-bng-defenda-unha-proposicion-de-lei-que-e-unha-emenda-a-totalidade-ao-modelo-de-residencias-que-fan-onde-gobernan\\\/\",\"name\":\"O PPdeG critica que o BNG defenda unha proposici\u00f3n de lei que \u00e9 unha emenda \u00e1 totalidade ao modelo de residencias que fan onde gobernan - PP de Galicia\",\"isPartOf\":{\"@id\":\"https:\\\/\\\/ppdegalicia.com\\\/es\\\/#website\"},\"primaryImageOfPage\":{\"@id\":\"https:\\\/\\\/ppdegalicia.com\\\/es\\\/o-ppdeg-critica-que-o-bng-defenda-unha-proposicion-de-lei-que-e-unha-emenda-a-totalidade-ao-modelo-de-residencias-que-fan-onde-gobernan\\\/#primaryimage\"},\"image\":{\"@id\":\"https:\\\/\\\/ppdegalicia.com\\\/es\\\/o-ppdeg-critica-que-o-bng-defenda-unha-proposicion-de-lei-que-e-unha-emenda-a-totalidade-ao-modelo-de-residencias-que-fan-onde-gobernan\\\/#primaryimage\"},\"thumbnailUrl\":\"https:\\\/\\\/ppdegalicia.com\\\/wp-content\\\/uploads\\\/2022\\\/06\\\/22af75798d99d5e03046a3811749c8e9.jpg\",\"datePublished\":\"2022-06-14T09:25:38+00:00\",\"breadcrumb\":{\"@id\":\"https:\\\/\\\/ppdegalicia.com\\\/es\\\/o-ppdeg-critica-que-o-bng-defenda-unha-proposicion-de-lei-que-e-unha-emenda-a-totalidade-ao-modelo-de-residencias-que-fan-onde-gobernan\\\/#breadcrumb\"},\"inLanguage\":\"es\",\"potentialAction\":[{\"@type\":\"ReadAction\",\"target\":[\"https:\\\/\\\/ppdegalicia.com\\\/es\\\/o-ppdeg-critica-que-o-bng-defenda-unha-proposicion-de-lei-que-e-unha-emenda-a-totalidade-ao-modelo-de-residencias-que-fan-onde-gobernan\\\/\"]}]},{\"@type\":\"ImageObject\",\"inLanguage\":\"es\",\"@id\":\"https:\\\/\\\/ppdegalicia.com\\\/es\\\/o-ppdeg-critica-que-o-bng-defenda-unha-proposicion-de-lei-que-e-unha-emenda-a-totalidade-ao-modelo-de-residencias-que-fan-onde-gobernan\\\/#primaryimage\",\"url\":\"https:\\\/\\\/ppdegalicia.com\\\/wp-content\\\/uploads\\\/2022\\\/06\\\/22af75798d99d5e03046a3811749c8e9.jpg\",\"contentUrl\":\"https:\\\/\\\/ppdegalicia.com\\\/wp-content\\\/uploads\\\/2022\\\/06\\\/22af75798d99d5e03046a3811749c8e9.jpg\",\"width\":1900,\"height\":1267},{\"@type\":\"BreadcrumbList\",\"@id\":\"https:\\\/\\\/ppdegalicia.com\\\/es\\\/o-ppdeg-critica-que-o-bng-defenda-unha-proposicion-de-lei-que-e-unha-emenda-a-totalidade-ao-modelo-de-residencias-que-fan-onde-gobernan\\\/#breadcrumb\",\"itemListElement\":[{\"@type\":\"ListItem\",\"position\":1,\"name\":\"Portada\",\"item\":\"https:\\\/\\\/ppdegalicia.com\\\/es\\\/\"},{\"@type\":\"ListItem\",\"position\":2,\"name\":\"O PPdeG critica que o BNG defenda unha proposici\u00f3n de lei que \u00e9 unha emenda \u00e1 totalidade ao modelo de residencias que fan onde gobernan\"}]},{\"@type\":\"WebSite\",\"@id\":\"https:\\\/\\\/ppdegalicia.com\\\/es\\\/#website\",\"url\":\"https:\\\/\\\/ppdegalicia.com\\\/es\\\/\",\"name\":\"Partido Popular de Galicia\",\"description\":\"Partido Popular de Galicia\",\"publisher\":{\"@id\":\"https:\\\/\\\/ppdegalicia.com\\\/es\\\/#organization\"},\"alternateName\":\"PP de Galicia\",\"potentialAction\":[{\"@type\":\"SearchAction\",\"target\":{\"@type\":\"EntryPoint\",\"urlTemplate\":\"https:\\\/\\\/ppdegalicia.com\\\/es\\\/?s={search_term_string}\"},\"query-input\":{\"@type\":\"PropertyValueSpecification\",\"valueRequired\":true,\"valueName\":\"search_term_string\"}}],\"inLanguage\":\"es\"},{\"@type\":\"Organization\",\"@id\":\"https:\\\/\\\/ppdegalicia.com\\\/es\\\/#organization\",\"name\":\"Partido Popular de Galicia\",\"alternateName\":\"PP de Galicia\",\"url\":\"https:\\\/\\\/ppdegalicia.com\\\/es\\\/\",\"logo\":{\"@type\":\"ImageObject\",\"inLanguage\":\"es\",\"@id\":\"https:\\\/\\\/ppdegalicia.com\\\/es\\\/#\\\/schema\\\/logo\\\/image\\\/\",\"url\":\"https:\\\/\\\/ppdegalicia.com\\\/wp-content\\\/uploads\\\/2023\\\/04\\\/logoPP512.png\",\"contentUrl\":\"https:\\\/\\\/ppdegalicia.com\\\/wp-content\\\/uploads\\\/2023\\\/04\\\/logoPP512.png\",\"width\":512,\"height\":512,\"caption\":\"Partido Popular de Galicia\"},\"image\":{\"@id\":\"https:\\\/\\\/ppdegalicia.com\\\/es\\\/#\\\/schema\\\/logo\\\/image\\\/\"},\"sameAs\":[\"https:\\\/\\\/www.instagram.com\\\/ppdegalicia\\\/\",\"https:\\\/\\\/x.com\\\/ppdegalicia\",\"https:\\\/\\\/www.tiktok.com\\\/@ppdegalicia\",\"https:\\\/\\\/www.youtube.com\\\/user\\\/ppdegalicia\"]},{\"@type\":\"Person\",\"@id\":\"https:\\\/\\\/ppdegalicia.com\\\/es\\\/#\\\/schema\\\/person\\\/5b822c6f59e872ebdd1142f307dbcb59\",\"name\":\"ppdegaliciaredes\",\"image\":{\"@type\":\"ImageObject\",\"inLanguage\":\"es\",\"@id\":\"https:\\\/\\\/secure.gravatar.com\\\/avatar\\\/3c9179cf0256d00c72a48d1f25783c58b6842cd56e85ef3a572881c8e28ccd59?s=96&d=mm&r=g\",\"url\":\"https:\\\/\\\/secure.gravatar.com\\\/avatar\\\/3c9179cf0256d00c72a48d1f25783c58b6842cd56e85ef3a572881c8e28ccd59?s=96&d=mm&r=g\",\"contentUrl\":\"https:\\\/\\\/secure.gravatar.com\\\/avatar\\\/3c9179cf0256d00c72a48d1f25783c58b6842cd56e85ef3a572881c8e28ccd59?s=96&d=mm&r=g\",\"caption\":\"ppdegaliciaredes\"},\"url\":\"https:\\\/\\\/ppdegalicia.com\\\/es\\\/author\\\/ppdegaliciaredes\\\/\"}]}<\/script>\n<!-- \/ Yoast SEO plugin. -->","yoast_head_json":{"title":"O PPdeG critica que o BNG defenda unha proposici\u00f3n de lei que \u00e9 unha emenda \u00e1 totalidade ao modelo de residencias que fan onde gobernan - PP de Galicia","robots":{"index":"index","follow":"follow","max-snippet":"max-snippet:-1","max-image-preview":"max-image-preview:large","max-video-preview":"max-video-preview:-1"},"canonical":"https:\/\/ppdegalicia.com\/es\/o-ppdeg-critica-que-o-bng-defenda-unha-proposicion-de-lei-que-e-unha-emenda-a-totalidade-ao-modelo-de-residencias-que-fan-onde-gobernan\/","og_locale":"es_ES","og_type":"article","og_title":"O PPdeG critica que o BNG defenda unha proposici\u00f3n de lei que \u00e9 unha emenda \u00e1 totalidade ao modelo de residencias que fan onde gobernan - PP de Galicia","og_description":"Santiago, 14 de xu\u00f1o de 2022.- O viceportavoz do Grupo Popular, Alberto Pazos, afirmou hoxe no Pleno do Parlamento galego que a proposici\u00f3n de lei do BNG sobre residencias de maiores \u201c\u00e9 unha emenda \u00e1 totalidade do modelo que nacionalistas e socialistas levan practicando anos al\u00e1 onde gobernan\u201d, ao tempo que sup\u00f3n \u201cun novo intento [&hellip;]","og_url":"https:\/\/ppdegalicia.com\/es\/o-ppdeg-critica-que-o-bng-defenda-unha-proposicion-de-lei-que-e-unha-emenda-a-totalidade-ao-modelo-de-residencias-que-fan-onde-gobernan\/","og_site_name":"PP de Galicia","article_publisher":"https:\/\/www.instagram.com\/ppdegalicia\/","article_published_time":"2022-06-14T09:25:38+00:00","og_image":[{"width":1900,"height":1267,"url":"https:\/\/ppdegalicia.com\/wp-content\/uploads\/2022\/06\/22af75798d99d5e03046a3811749c8e9.jpg","type":"image\/jpeg"}],"author":"ppdegaliciaredes","twitter_card":"summary_large_image","twitter_creator":"@ppdegalicia","twitter_site":"@ppdegalicia","twitter_misc":{"Escrito por":"ppdegaliciaredes","Tiempo de lectura":"2 minutos"},"schema":{"@context":"https:\/\/schema.org","@graph":[{"@type":"Article","@id":"https:\/\/ppdegalicia.com\/es\/o-ppdeg-critica-que-o-bng-defenda-unha-proposicion-de-lei-que-e-unha-emenda-a-totalidade-ao-modelo-de-residencias-que-fan-onde-gobernan\/#article","isPartOf":{"@id":"https:\/\/ppdegalicia.com\/es\/o-ppdeg-critica-que-o-bng-defenda-unha-proposicion-de-lei-que-e-unha-emenda-a-totalidade-ao-modelo-de-residencias-que-fan-onde-gobernan\/"},"author":{"name":"ppdegaliciaredes","@id":"https:\/\/ppdegalicia.com\/es\/#\/schema\/person\/5b822c6f59e872ebdd1142f307dbcb59"},"headline":"O PPdeG critica que o BNG defenda unha proposici\u00f3n de lei que \u00e9 unha emenda \u00e1 totalidade ao modelo de residencias que fan onde gobernan","datePublished":"2022-06-14T09:25:38+00:00","mainEntityOfPage":{"@id":"https:\/\/ppdegalicia.com\/es\/o-ppdeg-critica-que-o-bng-defenda-unha-proposicion-de-lei-que-e-unha-emenda-a-totalidade-ao-modelo-de-residencias-que-fan-onde-gobernan\/"},"wordCount":490,"commentCount":0,"publisher":{"@id":"https:\/\/ppdegalicia.com\/es\/#organization"},"image":{"@id":"https:\/\/ppdegalicia.com\/es\/o-ppdeg-critica-que-o-bng-defenda-unha-proposicion-de-lei-que-e-unha-emenda-a-totalidade-ao-modelo-de-residencias-que-fan-onde-gobernan\/#primaryimage"},"thumbnailUrl":"https:\/\/ppdegalicia.com\/wp-content\/uploads\/2022\/06\/22af75798d99d5e03046a3811749c8e9.jpg","articleSection":["PP de Galicia"],"inLanguage":"es","potentialAction":[{"@type":"CommentAction","name":"Comment","target":["https:\/\/ppdegalicia.com\/es\/o-ppdeg-critica-que-o-bng-defenda-unha-proposicion-de-lei-que-e-unha-emenda-a-totalidade-ao-modelo-de-residencias-que-fan-onde-gobernan\/#respond"]}]},{"@type":"WebPage","@id":"https:\/\/ppdegalicia.com\/es\/o-ppdeg-critica-que-o-bng-defenda-unha-proposicion-de-lei-que-e-unha-emenda-a-totalidade-ao-modelo-de-residencias-que-fan-onde-gobernan\/","url":"https:\/\/ppdegalicia.com\/es\/o-ppdeg-critica-que-o-bng-defenda-unha-proposicion-de-lei-que-e-unha-emenda-a-totalidade-ao-modelo-de-residencias-que-fan-onde-gobernan\/","name":"O PPdeG critica que o BNG defenda unha proposici\u00f3n de lei que \u00e9 unha emenda \u00e1 totalidade ao modelo de residencias que fan onde gobernan - PP de Galicia","isPartOf":{"@id":"https:\/\/ppdegalicia.com\/es\/#website"},"primaryImageOfPage":{"@id":"https:\/\/ppdegalicia.com\/es\/o-ppdeg-critica-que-o-bng-defenda-unha-proposicion-de-lei-que-e-unha-emenda-a-totalidade-ao-modelo-de-residencias-que-fan-onde-gobernan\/#primaryimage"},"image":{"@id":"https:\/\/ppdegalicia.com\/es\/o-ppdeg-critica-que-o-bng-defenda-unha-proposicion-de-lei-que-e-unha-emenda-a-totalidade-ao-modelo-de-residencias-que-fan-onde-gobernan\/#primaryimage"},"thumbnailUrl":"https:\/\/ppdegalicia.com\/wp-content\/uploads\/2022\/06\/22af75798d99d5e03046a3811749c8e9.jpg","datePublished":"2022-06-14T09:25:38+00:00","breadcrumb":{"@id":"https:\/\/ppdegalicia.com\/es\/o-ppdeg-critica-que-o-bng-defenda-unha-proposicion-de-lei-que-e-unha-emenda-a-totalidade-ao-modelo-de-residencias-que-fan-onde-gobernan\/#breadcrumb"},"inLanguage":"es","potentialAction":[{"@type":"ReadAction","target":["https:\/\/ppdegalicia.com\/es\/o-ppdeg-critica-que-o-bng-defenda-unha-proposicion-de-lei-que-e-unha-emenda-a-totalidade-ao-modelo-de-residencias-que-fan-onde-gobernan\/"]}]},{"@type":"ImageObject","inLanguage":"es","@id":"https:\/\/ppdegalicia.com\/es\/o-ppdeg-critica-que-o-bng-defenda-unha-proposicion-de-lei-que-e-unha-emenda-a-totalidade-ao-modelo-de-residencias-que-fan-onde-gobernan\/#primaryimage","url":"https:\/\/ppdegalicia.com\/wp-content\/uploads\/2022\/06\/22af75798d99d5e03046a3811749c8e9.jpg","contentUrl":"https:\/\/ppdegalicia.com\/wp-content\/uploads\/2022\/06\/22af75798d99d5e03046a3811749c8e9.jpg","width":1900,"height":1267},{"@type":"BreadcrumbList","@id":"https:\/\/ppdegalicia.com\/es\/o-ppdeg-critica-que-o-bng-defenda-unha-proposicion-de-lei-que-e-unha-emenda-a-totalidade-ao-modelo-de-residencias-que-fan-onde-gobernan\/#breadcrumb","itemListElement":[{"@type":"ListItem","position":1,"name":"Portada","item":"https:\/\/ppdegalicia.com\/es\/"},{"@type":"ListItem","position":2,"name":"O PPdeG critica que o BNG defenda unha proposici\u00f3n de lei que \u00e9 unha emenda \u00e1 totalidade ao modelo de residencias que fan onde gobernan"}]},{"@type":"WebSite","@id":"https:\/\/ppdegalicia.com\/es\/#website","url":"https:\/\/ppdegalicia.com\/es\/","name":"Partido Popular de Galicia","description":"Partido Popular de Galicia","publisher":{"@id":"https:\/\/ppdegalicia.com\/es\/#organization"},"alternateName":"PP de Galicia","potentialAction":[{"@type":"SearchAction","target":{"@type":"EntryPoint","urlTemplate":"https:\/\/ppdegalicia.com\/es\/?s={search_term_string}"},"query-input":{"@type":"PropertyValueSpecification","valueRequired":true,"valueName":"search_term_string"}}],"inLanguage":"es"},{"@type":"Organization","@id":"https:\/\/ppdegalicia.com\/es\/#organization","name":"Partido Popular de Galicia","alternateName":"PP de Galicia","url":"https:\/\/ppdegalicia.com\/es\/","logo":{"@type":"ImageObject","inLanguage":"es","@id":"https:\/\/ppdegalicia.com\/es\/#\/schema\/logo\/image\/","url":"https:\/\/ppdegalicia.com\/wp-content\/uploads\/2023\/04\/logoPP512.png","contentUrl":"https:\/\/ppdegalicia.com\/wp-content\/uploads\/2023\/04\/logoPP512.png","width":512,"height":512,"caption":"Partido Popular de Galicia"},"image":{"@id":"https:\/\/ppdegalicia.com\/es\/#\/schema\/logo\/image\/"},"sameAs":["https:\/\/www.instagram.com\/ppdegalicia\/","https:\/\/x.com\/ppdegalicia","https:\/\/www.tiktok.com\/@ppdegalicia","https:\/\/www.youtube.com\/user\/ppdegalicia"]},{"@type":"Person","@id":"https:\/\/ppdegalicia.com\/es\/#\/schema\/person\/5b822c6f59e872ebdd1142f307dbcb59","name":"ppdegaliciaredes","image":{"@type":"ImageObject","inLanguage":"es","@id":"https:\/\/secure.gravatar.com\/avatar\/3c9179cf0256d00c72a48d1f25783c58b6842cd56e85ef3a572881c8e28ccd59?s=96&d=mm&r=g","url":"https:\/\/secure.gravatar.com\/avatar\/3c9179cf0256d00c72a48d1f25783c58b6842cd56e85ef3a572881c8e28ccd59?s=96&d=mm&r=g","contentUrl":"https:\/\/secure.gravatar.com\/avatar\/3c9179cf0256d00c72a48d1f25783c58b6842cd56e85ef3a572881c8e28ccd59?s=96&d=mm&r=g","caption":"ppdegaliciaredes"},"url":"https:\/\/ppdegalicia.com\/es\/author\/ppdegaliciaredes\/"}]}},"_links":{"self":[{"href":"https:\/\/ppdegalicia.com\/es\/wp-json\/wp\/v2\/posts\/57141","targetHints":{"allow":["GET"]}}],"collection":[{"href":"https:\/\/ppdegalicia.com\/es\/wp-json\/wp\/v2\/posts"}],"about":[{"href":"https:\/\/ppdegalicia.com\/es\/wp-json\/wp\/v2\/types\/post"}],"author":[{"embeddable":true,"href":"https:\/\/ppdegalicia.com\/es\/wp-json\/wp\/v2\/users\/38"}],"replies":[{"embeddable":true,"href":"https:\/\/ppdegalicia.com\/es\/wp-json\/wp\/v2\/comments?post=57141"}],"version-history":[{"count":0,"href":"https:\/\/ppdegalicia.com\/es\/wp-json\/wp\/v2\/posts\/57141\/revisions"}],"wp:featuredmedia":[{"embeddable":true,"href":"https:\/\/ppdegalicia.com\/es\/wp-json\/wp\/v2\/media\/57140"}],"wp:attachment":[{"href":"https:\/\/ppdegalicia.com\/es\/wp-json\/wp\/v2\/media?parent=57141"}],"wp:term":[{"taxonomy":"category","embeddable":true,"href":"https:\/\/ppdegalicia.com\/es\/wp-json\/wp\/v2\/categories?post=57141"},{"taxonomy":"post_tag","embeddable":true,"href":"https:\/\/ppdegalicia.com\/es\/wp-json\/wp\/v2\/tags?post=57141"}],"curies":[{"name":"wp","href":"https:\/\/api.w.org\/{rel}","templated":true}]}}