{"id":57163,"date":"2022-06-16T07:56:27","date_gmt":"2022-06-16T05:56:27","guid":{"rendered":"https:\/\/ppdegalicia.com\/non-aplicacion-dos-criterios-do-real-decreto-lei-6-2022-para-eliminar-o-procedemento-de-avaliacion-ambiental-de-determinados-parques-eolicos\/"},"modified":"2022-06-16T07:56:27","modified_gmt":"2022-06-16T05:56:27","slug":"non-aplicacion-dos-criterios-do-real-decreto-lei-6-2022-para-eliminar-o-procedemento-de-avaliacion-ambiental-de-determinados-parques-eolicos","status":"publish","type":"post","link":"https:\/\/ppdegalicia.com\/es\/non-aplicacion-dos-criterios-do-real-decreto-lei-6-2022-para-eliminar-o-procedemento-de-avaliacion-ambiental-de-determinados-parques-eolicos\/","title":{"rendered":"Demanda da non  aplicaci\u00f3n dos criterios do Real Decreto-lei 6\/2022 para eliminar o procedemento de avaliaci\u00f3n ambiental de determinados parques e\u00f3licos"},"content":{"rendered":"<p><img fetchpriority=\"high\" decoding=\"async\" class=\" size-full wp-image-57162\" src=\"https:\/\/ppdegalicia.com\/wp-content\/uploads\/2022\/06\/606f41d50b5b8b640938a7c0f978bc2f-scaled.jpg\" alt=\"\" width=\"2560\" height=\"1707\" srcset=\"https:\/\/ppdegalicia.com\/wp-content\/uploads\/2022\/06\/606f41d50b5b8b640938a7c0f978bc2f-scaled.jpg 2560w, https:\/\/ppdegalicia.com\/wp-content\/uploads\/2022\/06\/606f41d50b5b8b640938a7c0f978bc2f-300x200.jpg 300w, https:\/\/ppdegalicia.com\/wp-content\/uploads\/2022\/06\/606f41d50b5b8b640938a7c0f978bc2f-1024x683.jpg 1024w, https:\/\/ppdegalicia.com\/wp-content\/uploads\/2022\/06\/606f41d50b5b8b640938a7c0f978bc2f-768x512.jpg 768w, https:\/\/ppdegalicia.com\/wp-content\/uploads\/2022\/06\/606f41d50b5b8b640938a7c0f978bc2f-1536x1024.jpg 1536w, https:\/\/ppdegalicia.com\/wp-content\/uploads\/2022\/06\/606f41d50b5b8b640938a7c0f978bc2f-2048x1365.jpg 2048w\" sizes=\"(max-width: 2560px) 100vw, 2560px\" \/><\/p>\n<p>Demanda da Xunta de Galicia ao Goberno de Espa\u00f1a en relaci\u00f3n coa tramitaci\u00f3n ambiental dos parques e\u00f3licos e a non aplicaci\u00f3n dos criterios do Real Decreto lei 6\/2022\u00a0<\/p>\n<p><!--more--><\/p>\n<p>\u00a0<\/p>\n<p>O pasado 30 de marzo de 2022, o Goberno central publicou no Bolet\u00edn Oficial do Estado o Real Decreto-lei 6\/2022 polo que se adoptan medidas urxentes no marco do denominado como plan nacional de resposta \u00e1s consecuencias econ\u00f3micas e sociais do conflito b\u00e9lico en Ucra\u00edna.<\/p>\n<p>Da lectura deste real decreto lei despr\u00e9ndense, entre outras cuesti\u00f3ns, novidades relativas \u00e1 tramitaci\u00f3n de determinados parques e\u00f3licos de competencia estatal e que te\u00f1en como obxectivo axilizar a s\u00faa aprobaci\u00f3n.<\/p>\n<p>As\u00ed, baixo o t\u00edtulo de \u201caxilizaci\u00f3n dos procedementos relativos a proxectos de enerx\u00edas renovables\u201d , reg\u00falase un procedemento de determinaci\u00f3n de afecci\u00f3ns ambientais para substitu\u00edr ao procedemento de avaliaci\u00f3n ambiental da lei 21\/2013, de 9 de decembro.<\/p>\n<p>Coa nova regulaci\u00f3n o Ministerio para a Transici\u00f3n Ecol\u00f3xica e o Reto Demogr\u00e1fico pode conclu\u00edr mediante un informe que os proxectos e\u00f3licos non se someter\u00e1n a avaliaci\u00f3n ambiental coa soa an\u00e1lise da documentaci\u00f3n presentada polo promotor, e prescindindo de toda informaci\u00f3n p\u00fablica ou das alegaci\u00f3ns das persoas interesadas, e sen consulta das administraci\u00f3ns que te\u00f1en competencias sectoriais afectadas (patrimonio cultural, dominio p\u00fablico hidr\u00e1ulico, sa\u00fade p\u00fablica&#8230;).<\/p>\n<p>Elaborado o borrador de informe do Ministerio que excl\u00faa un parque e\u00f3lico de avaliaci\u00f3n ambiental, ao \u00f3rgano ambiental da Comunidade Aut\u00f3noma se lle traslada perante 10 d\u00edas, e se nada di nese prazo o seu silencio est\u00edmase favorable \u00e1 prescindir da avaliaci\u00f3n ambiental.<\/p>\n<p>Isto acontece nos parques e\u00f3licos cunha potencia instalada igual ou inferior a 75MW que estean ubicados en zonas de sensibilidade baixa e moderada segundo a \u201cZonificaci\u00f3n ambiental para a implantaci\u00f3n de enerx\u00edas renovables\u201d, elaborada polo propio Ministerio para a Transici\u00f3n Ecol\u00f3xica e o Reto Demogr\u00e1fico.<\/p>\n<p>Deste xeito, elim\u00ednanse tr\u00e1mites esenciais como a informaci\u00f3n p\u00fablica ou a solicitude de informes aos organismos sectoriais.<\/p>\n<p>Esta medida pon de manifesto a improvisaci\u00f3n e incoherencia de pol\u00edtica de transici\u00f3n enerx\u00e9tica impulsada polo actual Goberno central, as\u00ed como a ausencia de di\u00e1logo e consenso coas Comunidades Aut\u00f3nomas nun asunto estrat\u00e9xico como \u00e9 sentar as bases dun desenvolvemento e\u00f3lico planificado, ordenado e coas m\u00e1ximas garant\u00edas t\u00e9cnicas, xur\u00eddicas e ambientais.<\/p>\n<p>Por todo o exposto, o Grupo Parlamentario Popular presenta a seguinte proposici\u00f3n non de lei en Pleno:<\/p>\n<p><strong>\u201cO Parlamento de Galicia insta \u00e1 Xunta de Galicia a demandar ao Goberno de Espa\u00f1a que non se apliquen os criterios do Real Decreto-lei 6\/2022 para eliminar en determinados parques e\u00f3licos o procedemento de avaliaci\u00f3n ambiental, o tr\u00e1mite de informaci\u00f3n p\u00fablica e as petici\u00f3ns de informes sectoriais que permiten unha axeitada tramitaci\u00f3n ambiental\u201d.<\/strong><\/p>\n<p>\u00a0<\/p>\n<p><strong>Rexistro:<a href=\"https:\/\/www.parlamentodegalicia.es\/Expedientes\/11\/PNP-002963\">https:\/\/www.parlamentodegalicia.es\/Expedientes\/11\/PNP-002963<\/a><\/strong><\/p>\n<p>\u00a0<\/p>\n<p><strong>Nota de prensa:\u00a0<a href=\"http:\/\/www.ppdegalicia.com\/index.php\/gl\/novas\/item\/6010-o-parlamento-galego-pide-ao-goberno-central-que-non-aplique-o-decreto-que-elimina-a-tramitacion-ambiental-de-determinados-parques-eolicos\">http:\/\/www.ppdegalicia.com\/index.php\/gl\/novas\/item\/6010-o-parlamento-galego-pide-ao-goberno-central-que-non-aplique-o-decreto-que-elimina-a-tramitacion-ambiental-de-determinados-parques-eolicos<\/a><\/strong><\/p>\n<p>\u00a0<\/p>\n<p>\u00a0<\/p>\n","protected":false},"excerpt":{"rendered":"<p>Demanda da Xunta de Galicia ao Goberno de Espa\u00f1a en relaci\u00f3n coa tramitaci\u00f3n ambiental dos parques e\u00f3licos e a non aplicaci\u00f3n dos criterios do Real Decreto lei 6\/2022\u00a0<\/p>\n","protected":false},"author":38,"featured_media":57162,"comment_status":"open","ping_status":"open","sticky":false,"template":"","format":"standard","meta":{"_acf_changed":false,"footnotes":""},"categories":[1128,1],"tags":[],"class_list":["post-57163","post","type-post","status-publish","format-standard","has-post-thumbnail","hentry","category-actualidad-parlamento-de-galicia","category-pp-de-galicia"],"acf":[],"yoast_head":"<!-- This site is optimized with the Yoast SEO plugin v27.3 - https:\/\/yoast.com\/product\/yoast-seo-wordpress\/ -->\n<title>Demanda da non aplicaci\u00f3n dos criterios do Real Decreto-lei 6\/2022 para eliminar o procedemento de avaliaci\u00f3n ambiental de determinados parques e\u00f3licos - PP de Galicia<\/title>\n<meta name=\"robots\" content=\"index, follow, max-snippet:-1, max-image-preview:large, max-video-preview:-1\" \/>\n<link rel=\"canonical\" href=\"https:\/\/ppdegalicia.com\/es\/non-aplicacion-dos-criterios-do-real-decreto-lei-6-2022-para-eliminar-o-procedemento-de-avaliacion-ambiental-de-determinados-parques-eolicos\/\" \/>\n<meta property=\"og:locale\" content=\"es_ES\" \/>\n<meta property=\"og:type\" content=\"article\" \/>\n<meta property=\"og:title\" content=\"Demanda da non aplicaci\u00f3n dos criterios do Real Decreto-lei 6\/2022 para eliminar o procedemento de avaliaci\u00f3n ambiental de determinados parques e\u00f3licos - PP de Galicia\" \/>\n<meta property=\"og:description\" content=\"Demanda da Xunta de Galicia ao Goberno de Espa\u00f1a en relaci\u00f3n coa tramitaci\u00f3n ambiental dos parques e\u00f3licos e a non aplicaci\u00f3n dos criterios do Real Decreto lei 6\/2022\u00a0\" \/>\n<meta property=\"og:url\" content=\"https:\/\/ppdegalicia.com\/es\/non-aplicacion-dos-criterios-do-real-decreto-lei-6-2022-para-eliminar-o-procedemento-de-avaliacion-ambiental-de-determinados-parques-eolicos\/\" \/>\n<meta property=\"og:site_name\" content=\"PP de Galicia\" \/>\n<meta property=\"article:publisher\" content=\"https:\/\/www.instagram.com\/ppdegalicia\/\" \/>\n<meta property=\"article:published_time\" content=\"2022-06-16T05:56:27+00:00\" \/>\n<meta property=\"og:image\" content=\"https:\/\/ppdegalicia.com\/wp-content\/uploads\/2022\/06\/606f41d50b5b8b640938a7c0f978bc2f-scaled.jpg\" \/>\n\t<meta property=\"og:image:width\" content=\"2560\" \/>\n\t<meta property=\"og:image:height\" content=\"1707\" \/>\n\t<meta property=\"og:image:type\" content=\"image\/jpeg\" \/>\n<meta name=\"author\" content=\"ppdegaliciaredes\" \/>\n<meta name=\"twitter:card\" content=\"summary_large_image\" \/>\n<meta name=\"twitter:creator\" content=\"@ppdegalicia\" \/>\n<meta name=\"twitter:site\" content=\"@ppdegalicia\" \/>\n<meta name=\"twitter:label1\" content=\"Escrito por\" \/>\n\t<meta name=\"twitter:data1\" content=\"ppdegaliciaredes\" \/>\n\t<meta name=\"twitter:label2\" content=\"Tiempo de lectura\" \/>\n\t<meta name=\"twitter:data2\" content=\"3 minutos\" \/>\n<script type=\"application\/ld+json\" class=\"yoast-schema-graph\">{\"@context\":\"https:\\\/\\\/schema.org\",\"@graph\":[{\"@type\":\"Article\",\"@id\":\"https:\\\/\\\/ppdegalicia.com\\\/es\\\/non-aplicacion-dos-criterios-do-real-decreto-lei-6-2022-para-eliminar-o-procedemento-de-avaliacion-ambiental-de-determinados-parques-eolicos\\\/#article\",\"isPartOf\":{\"@id\":\"https:\\\/\\\/ppdegalicia.com\\\/es\\\/non-aplicacion-dos-criterios-do-real-decreto-lei-6-2022-para-eliminar-o-procedemento-de-avaliacion-ambiental-de-determinados-parques-eolicos\\\/\"},\"author\":{\"name\":\"ppdegaliciaredes\",\"@id\":\"https:\\\/\\\/ppdegalicia.com\\\/es\\\/#\\\/schema\\\/person\\\/5b822c6f59e872ebdd1142f307dbcb59\"},\"headline\":\"Demanda da non aplicaci\u00f3n dos criterios do Real Decreto-lei 6\\\/2022 para eliminar o procedemento de avaliaci\u00f3n ambiental de determinados parques e\u00f3licos\",\"datePublished\":\"2022-06-16T05:56:27+00:00\",\"mainEntityOfPage\":{\"@id\":\"https:\\\/\\\/ppdegalicia.com\\\/es\\\/non-aplicacion-dos-criterios-do-real-decreto-lei-6-2022-para-eliminar-o-procedemento-de-avaliacion-ambiental-de-determinados-parques-eolicos\\\/\"},\"wordCount\":543,\"commentCount\":0,\"publisher\":{\"@id\":\"https:\\\/\\\/ppdegalicia.com\\\/es\\\/#organization\"},\"image\":{\"@id\":\"https:\\\/\\\/ppdegalicia.com\\\/es\\\/non-aplicacion-dos-criterios-do-real-decreto-lei-6-2022-para-eliminar-o-procedemento-de-avaliacion-ambiental-de-determinados-parques-eolicos\\\/#primaryimage\"},\"thumbnailUrl\":\"https:\\\/\\\/ppdegalicia.com\\\/wp-content\\\/uploads\\\/2022\\\/06\\\/606f41d50b5b8b640938a7c0f978bc2f-scaled.jpg\",\"articleSection\":[\"Parlamento de Galicia\",\"PP de Galicia\"],\"inLanguage\":\"es\",\"potentialAction\":[{\"@type\":\"CommentAction\",\"name\":\"Comment\",\"target\":[\"https:\\\/\\\/ppdegalicia.com\\\/es\\\/non-aplicacion-dos-criterios-do-real-decreto-lei-6-2022-para-eliminar-o-procedemento-de-avaliacion-ambiental-de-determinados-parques-eolicos\\\/#respond\"]}]},{\"@type\":\"WebPage\",\"@id\":\"https:\\\/\\\/ppdegalicia.com\\\/es\\\/non-aplicacion-dos-criterios-do-real-decreto-lei-6-2022-para-eliminar-o-procedemento-de-avaliacion-ambiental-de-determinados-parques-eolicos\\\/\",\"url\":\"https:\\\/\\\/ppdegalicia.com\\\/es\\\/non-aplicacion-dos-criterios-do-real-decreto-lei-6-2022-para-eliminar-o-procedemento-de-avaliacion-ambiental-de-determinados-parques-eolicos\\\/\",\"name\":\"Demanda da non aplicaci\u00f3n dos criterios do Real Decreto-lei 6\\\/2022 para eliminar o procedemento de avaliaci\u00f3n ambiental de determinados parques e\u00f3licos - PP de Galicia\",\"isPartOf\":{\"@id\":\"https:\\\/\\\/ppdegalicia.com\\\/es\\\/#website\"},\"primaryImageOfPage\":{\"@id\":\"https:\\\/\\\/ppdegalicia.com\\\/es\\\/non-aplicacion-dos-criterios-do-real-decreto-lei-6-2022-para-eliminar-o-procedemento-de-avaliacion-ambiental-de-determinados-parques-eolicos\\\/#primaryimage\"},\"image\":{\"@id\":\"https:\\\/\\\/ppdegalicia.com\\\/es\\\/non-aplicacion-dos-criterios-do-real-decreto-lei-6-2022-para-eliminar-o-procedemento-de-avaliacion-ambiental-de-determinados-parques-eolicos\\\/#primaryimage\"},\"thumbnailUrl\":\"https:\\\/\\\/ppdegalicia.com\\\/wp-content\\\/uploads\\\/2022\\\/06\\\/606f41d50b5b8b640938a7c0f978bc2f-scaled.jpg\",\"datePublished\":\"2022-06-16T05:56:27+00:00\",\"breadcrumb\":{\"@id\":\"https:\\\/\\\/ppdegalicia.com\\\/es\\\/non-aplicacion-dos-criterios-do-real-decreto-lei-6-2022-para-eliminar-o-procedemento-de-avaliacion-ambiental-de-determinados-parques-eolicos\\\/#breadcrumb\"},\"inLanguage\":\"es\",\"potentialAction\":[{\"@type\":\"ReadAction\",\"target\":[\"https:\\\/\\\/ppdegalicia.com\\\/es\\\/non-aplicacion-dos-criterios-do-real-decreto-lei-6-2022-para-eliminar-o-procedemento-de-avaliacion-ambiental-de-determinados-parques-eolicos\\\/\"]}]},{\"@type\":\"ImageObject\",\"inLanguage\":\"es\",\"@id\":\"https:\\\/\\\/ppdegalicia.com\\\/es\\\/non-aplicacion-dos-criterios-do-real-decreto-lei-6-2022-para-eliminar-o-procedemento-de-avaliacion-ambiental-de-determinados-parques-eolicos\\\/#primaryimage\",\"url\":\"https:\\\/\\\/ppdegalicia.com\\\/wp-content\\\/uploads\\\/2022\\\/06\\\/606f41d50b5b8b640938a7c0f978bc2f-scaled.jpg\",\"contentUrl\":\"https:\\\/\\\/ppdegalicia.com\\\/wp-content\\\/uploads\\\/2022\\\/06\\\/606f41d50b5b8b640938a7c0f978bc2f-scaled.jpg\",\"width\":2560,\"height\":1707},{\"@type\":\"BreadcrumbList\",\"@id\":\"https:\\\/\\\/ppdegalicia.com\\\/es\\\/non-aplicacion-dos-criterios-do-real-decreto-lei-6-2022-para-eliminar-o-procedemento-de-avaliacion-ambiental-de-determinados-parques-eolicos\\\/#breadcrumb\",\"itemListElement\":[{\"@type\":\"ListItem\",\"position\":1,\"name\":\"Portada\",\"item\":\"https:\\\/\\\/ppdegalicia.com\\\/es\\\/\"},{\"@type\":\"ListItem\",\"position\":2,\"name\":\"Demanda da non aplicaci\u00f3n dos criterios do Real Decreto-lei 6\\\/2022 para eliminar o procedemento de avaliaci\u00f3n ambiental de determinados parques e\u00f3licos\"}]},{\"@type\":\"WebSite\",\"@id\":\"https:\\\/\\\/ppdegalicia.com\\\/es\\\/#website\",\"url\":\"https:\\\/\\\/ppdegalicia.com\\\/es\\\/\",\"name\":\"Partido Popular de Galicia\",\"description\":\"Partido Popular de Galicia\",\"publisher\":{\"@id\":\"https:\\\/\\\/ppdegalicia.com\\\/es\\\/#organization\"},\"alternateName\":\"PP de Galicia\",\"potentialAction\":[{\"@type\":\"SearchAction\",\"target\":{\"@type\":\"EntryPoint\",\"urlTemplate\":\"https:\\\/\\\/ppdegalicia.com\\\/es\\\/?s={search_term_string}\"},\"query-input\":{\"@type\":\"PropertyValueSpecification\",\"valueRequired\":true,\"valueName\":\"search_term_string\"}}],\"inLanguage\":\"es\"},{\"@type\":\"Organization\",\"@id\":\"https:\\\/\\\/ppdegalicia.com\\\/es\\\/#organization\",\"name\":\"Partido Popular de Galicia\",\"alternateName\":\"PP de Galicia\",\"url\":\"https:\\\/\\\/ppdegalicia.com\\\/es\\\/\",\"logo\":{\"@type\":\"ImageObject\",\"inLanguage\":\"es\",\"@id\":\"https:\\\/\\\/ppdegalicia.com\\\/es\\\/#\\\/schema\\\/logo\\\/image\\\/\",\"url\":\"https:\\\/\\\/ppdegalicia.com\\\/wp-content\\\/uploads\\\/2023\\\/04\\\/logoPP512.png\",\"contentUrl\":\"https:\\\/\\\/ppdegalicia.com\\\/wp-content\\\/uploads\\\/2023\\\/04\\\/logoPP512.png\",\"width\":512,\"height\":512,\"caption\":\"Partido Popular de Galicia\"},\"image\":{\"@id\":\"https:\\\/\\\/ppdegalicia.com\\\/es\\\/#\\\/schema\\\/logo\\\/image\\\/\"},\"sameAs\":[\"https:\\\/\\\/www.instagram.com\\\/ppdegalicia\\\/\",\"https:\\\/\\\/x.com\\\/ppdegalicia\",\"https:\\\/\\\/www.tiktok.com\\\/@ppdegalicia\",\"https:\\\/\\\/www.youtube.com\\\/user\\\/ppdegalicia\"]},{\"@type\":\"Person\",\"@id\":\"https:\\\/\\\/ppdegalicia.com\\\/es\\\/#\\\/schema\\\/person\\\/5b822c6f59e872ebdd1142f307dbcb59\",\"name\":\"ppdegaliciaredes\",\"image\":{\"@type\":\"ImageObject\",\"inLanguage\":\"es\",\"@id\":\"https:\\\/\\\/secure.gravatar.com\\\/avatar\\\/3c9179cf0256d00c72a48d1f25783c58b6842cd56e85ef3a572881c8e28ccd59?s=96&d=mm&r=g\",\"url\":\"https:\\\/\\\/secure.gravatar.com\\\/avatar\\\/3c9179cf0256d00c72a48d1f25783c58b6842cd56e85ef3a572881c8e28ccd59?s=96&d=mm&r=g\",\"contentUrl\":\"https:\\\/\\\/secure.gravatar.com\\\/avatar\\\/3c9179cf0256d00c72a48d1f25783c58b6842cd56e85ef3a572881c8e28ccd59?s=96&d=mm&r=g\",\"caption\":\"ppdegaliciaredes\"},\"url\":\"https:\\\/\\\/ppdegalicia.com\\\/es\\\/author\\\/ppdegaliciaredes\\\/\"}]}<\/script>\n<!-- \/ Yoast SEO plugin. -->","yoast_head_json":{"title":"Demanda da non aplicaci\u00f3n dos criterios do Real Decreto-lei 6\/2022 para eliminar o procedemento de avaliaci\u00f3n ambiental de determinados parques e\u00f3licos - PP de Galicia","robots":{"index":"index","follow":"follow","max-snippet":"max-snippet:-1","max-image-preview":"max-image-preview:large","max-video-preview":"max-video-preview:-1"},"canonical":"https:\/\/ppdegalicia.com\/es\/non-aplicacion-dos-criterios-do-real-decreto-lei-6-2022-para-eliminar-o-procedemento-de-avaliacion-ambiental-de-determinados-parques-eolicos\/","og_locale":"es_ES","og_type":"article","og_title":"Demanda da non aplicaci\u00f3n dos criterios do Real Decreto-lei 6\/2022 para eliminar o procedemento de avaliaci\u00f3n ambiental de determinados parques e\u00f3licos - PP de Galicia","og_description":"Demanda da Xunta de Galicia ao Goberno de Espa\u00f1a en relaci\u00f3n coa tramitaci\u00f3n ambiental dos parques e\u00f3licos e a non aplicaci\u00f3n dos criterios do Real Decreto lei 6\/2022\u00a0","og_url":"https:\/\/ppdegalicia.com\/es\/non-aplicacion-dos-criterios-do-real-decreto-lei-6-2022-para-eliminar-o-procedemento-de-avaliacion-ambiental-de-determinados-parques-eolicos\/","og_site_name":"PP de Galicia","article_publisher":"https:\/\/www.instagram.com\/ppdegalicia\/","article_published_time":"2022-06-16T05:56:27+00:00","og_image":[{"width":2560,"height":1707,"url":"https:\/\/ppdegalicia.com\/wp-content\/uploads\/2022\/06\/606f41d50b5b8b640938a7c0f978bc2f-scaled.jpg","type":"image\/jpeg"}],"author":"ppdegaliciaredes","twitter_card":"summary_large_image","twitter_creator":"@ppdegalicia","twitter_site":"@ppdegalicia","twitter_misc":{"Escrito por":"ppdegaliciaredes","Tiempo de lectura":"3 minutos"},"schema":{"@context":"https:\/\/schema.org","@graph":[{"@type":"Article","@id":"https:\/\/ppdegalicia.com\/es\/non-aplicacion-dos-criterios-do-real-decreto-lei-6-2022-para-eliminar-o-procedemento-de-avaliacion-ambiental-de-determinados-parques-eolicos\/#article","isPartOf":{"@id":"https:\/\/ppdegalicia.com\/es\/non-aplicacion-dos-criterios-do-real-decreto-lei-6-2022-para-eliminar-o-procedemento-de-avaliacion-ambiental-de-determinados-parques-eolicos\/"},"author":{"name":"ppdegaliciaredes","@id":"https:\/\/ppdegalicia.com\/es\/#\/schema\/person\/5b822c6f59e872ebdd1142f307dbcb59"},"headline":"Demanda da non aplicaci\u00f3n dos criterios do Real Decreto-lei 6\/2022 para eliminar o procedemento de avaliaci\u00f3n ambiental de determinados parques e\u00f3licos","datePublished":"2022-06-16T05:56:27+00:00","mainEntityOfPage":{"@id":"https:\/\/ppdegalicia.com\/es\/non-aplicacion-dos-criterios-do-real-decreto-lei-6-2022-para-eliminar-o-procedemento-de-avaliacion-ambiental-de-determinados-parques-eolicos\/"},"wordCount":543,"commentCount":0,"publisher":{"@id":"https:\/\/ppdegalicia.com\/es\/#organization"},"image":{"@id":"https:\/\/ppdegalicia.com\/es\/non-aplicacion-dos-criterios-do-real-decreto-lei-6-2022-para-eliminar-o-procedemento-de-avaliacion-ambiental-de-determinados-parques-eolicos\/#primaryimage"},"thumbnailUrl":"https:\/\/ppdegalicia.com\/wp-content\/uploads\/2022\/06\/606f41d50b5b8b640938a7c0f978bc2f-scaled.jpg","articleSection":["Parlamento de Galicia","PP de Galicia"],"inLanguage":"es","potentialAction":[{"@type":"CommentAction","name":"Comment","target":["https:\/\/ppdegalicia.com\/es\/non-aplicacion-dos-criterios-do-real-decreto-lei-6-2022-para-eliminar-o-procedemento-de-avaliacion-ambiental-de-determinados-parques-eolicos\/#respond"]}]},{"@type":"WebPage","@id":"https:\/\/ppdegalicia.com\/es\/non-aplicacion-dos-criterios-do-real-decreto-lei-6-2022-para-eliminar-o-procedemento-de-avaliacion-ambiental-de-determinados-parques-eolicos\/","url":"https:\/\/ppdegalicia.com\/es\/non-aplicacion-dos-criterios-do-real-decreto-lei-6-2022-para-eliminar-o-procedemento-de-avaliacion-ambiental-de-determinados-parques-eolicos\/","name":"Demanda da non aplicaci\u00f3n dos criterios do Real Decreto-lei 6\/2022 para eliminar o procedemento de avaliaci\u00f3n ambiental de determinados parques e\u00f3licos - PP de Galicia","isPartOf":{"@id":"https:\/\/ppdegalicia.com\/es\/#website"},"primaryImageOfPage":{"@id":"https:\/\/ppdegalicia.com\/es\/non-aplicacion-dos-criterios-do-real-decreto-lei-6-2022-para-eliminar-o-procedemento-de-avaliacion-ambiental-de-determinados-parques-eolicos\/#primaryimage"},"image":{"@id":"https:\/\/ppdegalicia.com\/es\/non-aplicacion-dos-criterios-do-real-decreto-lei-6-2022-para-eliminar-o-procedemento-de-avaliacion-ambiental-de-determinados-parques-eolicos\/#primaryimage"},"thumbnailUrl":"https:\/\/ppdegalicia.com\/wp-content\/uploads\/2022\/06\/606f41d50b5b8b640938a7c0f978bc2f-scaled.jpg","datePublished":"2022-06-16T05:56:27+00:00","breadcrumb":{"@id":"https:\/\/ppdegalicia.com\/es\/non-aplicacion-dos-criterios-do-real-decreto-lei-6-2022-para-eliminar-o-procedemento-de-avaliacion-ambiental-de-determinados-parques-eolicos\/#breadcrumb"},"inLanguage":"es","potentialAction":[{"@type":"ReadAction","target":["https:\/\/ppdegalicia.com\/es\/non-aplicacion-dos-criterios-do-real-decreto-lei-6-2022-para-eliminar-o-procedemento-de-avaliacion-ambiental-de-determinados-parques-eolicos\/"]}]},{"@type":"ImageObject","inLanguage":"es","@id":"https:\/\/ppdegalicia.com\/es\/non-aplicacion-dos-criterios-do-real-decreto-lei-6-2022-para-eliminar-o-procedemento-de-avaliacion-ambiental-de-determinados-parques-eolicos\/#primaryimage","url":"https:\/\/ppdegalicia.com\/wp-content\/uploads\/2022\/06\/606f41d50b5b8b640938a7c0f978bc2f-scaled.jpg","contentUrl":"https:\/\/ppdegalicia.com\/wp-content\/uploads\/2022\/06\/606f41d50b5b8b640938a7c0f978bc2f-scaled.jpg","width":2560,"height":1707},{"@type":"BreadcrumbList","@id":"https:\/\/ppdegalicia.com\/es\/non-aplicacion-dos-criterios-do-real-decreto-lei-6-2022-para-eliminar-o-procedemento-de-avaliacion-ambiental-de-determinados-parques-eolicos\/#breadcrumb","itemListElement":[{"@type":"ListItem","position":1,"name":"Portada","item":"https:\/\/ppdegalicia.com\/es\/"},{"@type":"ListItem","position":2,"name":"Demanda da non aplicaci\u00f3n dos criterios do Real Decreto-lei 6\/2022 para eliminar o procedemento de avaliaci\u00f3n ambiental de determinados parques e\u00f3licos"}]},{"@type":"WebSite","@id":"https:\/\/ppdegalicia.com\/es\/#website","url":"https:\/\/ppdegalicia.com\/es\/","name":"Partido Popular de Galicia","description":"Partido Popular de Galicia","publisher":{"@id":"https:\/\/ppdegalicia.com\/es\/#organization"},"alternateName":"PP de Galicia","potentialAction":[{"@type":"SearchAction","target":{"@type":"EntryPoint","urlTemplate":"https:\/\/ppdegalicia.com\/es\/?s={search_term_string}"},"query-input":{"@type":"PropertyValueSpecification","valueRequired":true,"valueName":"search_term_string"}}],"inLanguage":"es"},{"@type":"Organization","@id":"https:\/\/ppdegalicia.com\/es\/#organization","name":"Partido Popular de Galicia","alternateName":"PP de Galicia","url":"https:\/\/ppdegalicia.com\/es\/","logo":{"@type":"ImageObject","inLanguage":"es","@id":"https:\/\/ppdegalicia.com\/es\/#\/schema\/logo\/image\/","url":"https:\/\/ppdegalicia.com\/wp-content\/uploads\/2023\/04\/logoPP512.png","contentUrl":"https:\/\/ppdegalicia.com\/wp-content\/uploads\/2023\/04\/logoPP512.png","width":512,"height":512,"caption":"Partido Popular de Galicia"},"image":{"@id":"https:\/\/ppdegalicia.com\/es\/#\/schema\/logo\/image\/"},"sameAs":["https:\/\/www.instagram.com\/ppdegalicia\/","https:\/\/x.com\/ppdegalicia","https:\/\/www.tiktok.com\/@ppdegalicia","https:\/\/www.youtube.com\/user\/ppdegalicia"]},{"@type":"Person","@id":"https:\/\/ppdegalicia.com\/es\/#\/schema\/person\/5b822c6f59e872ebdd1142f307dbcb59","name":"ppdegaliciaredes","image":{"@type":"ImageObject","inLanguage":"es","@id":"https:\/\/secure.gravatar.com\/avatar\/3c9179cf0256d00c72a48d1f25783c58b6842cd56e85ef3a572881c8e28ccd59?s=96&d=mm&r=g","url":"https:\/\/secure.gravatar.com\/avatar\/3c9179cf0256d00c72a48d1f25783c58b6842cd56e85ef3a572881c8e28ccd59?s=96&d=mm&r=g","contentUrl":"https:\/\/secure.gravatar.com\/avatar\/3c9179cf0256d00c72a48d1f25783c58b6842cd56e85ef3a572881c8e28ccd59?s=96&d=mm&r=g","caption":"ppdegaliciaredes"},"url":"https:\/\/ppdegalicia.com\/es\/author\/ppdegaliciaredes\/"}]}},"_links":{"self":[{"href":"https:\/\/ppdegalicia.com\/es\/wp-json\/wp\/v2\/posts\/57163","targetHints":{"allow":["GET"]}}],"collection":[{"href":"https:\/\/ppdegalicia.com\/es\/wp-json\/wp\/v2\/posts"}],"about":[{"href":"https:\/\/ppdegalicia.com\/es\/wp-json\/wp\/v2\/types\/post"}],"author":[{"embeddable":true,"href":"https:\/\/ppdegalicia.com\/es\/wp-json\/wp\/v2\/users\/38"}],"replies":[{"embeddable":true,"href":"https:\/\/ppdegalicia.com\/es\/wp-json\/wp\/v2\/comments?post=57163"}],"version-history":[{"count":0,"href":"https:\/\/ppdegalicia.com\/es\/wp-json\/wp\/v2\/posts\/57163\/revisions"}],"wp:featuredmedia":[{"embeddable":true,"href":"https:\/\/ppdegalicia.com\/es\/wp-json\/wp\/v2\/media\/57162"}],"wp:attachment":[{"href":"https:\/\/ppdegalicia.com\/es\/wp-json\/wp\/v2\/media?parent=57163"}],"wp:term":[{"taxonomy":"category","embeddable":true,"href":"https:\/\/ppdegalicia.com\/es\/wp-json\/wp\/v2\/categories?post=57163"},{"taxonomy":"post_tag","embeddable":true,"href":"https:\/\/ppdegalicia.com\/es\/wp-json\/wp\/v2\/tags?post=57163"}],"curies":[{"name":"wp","href":"https:\/\/api.w.org\/{rel}","templated":true}]}}