{"id":57165,"date":"2022-06-16T08:02:59","date_gmt":"2022-06-16T06:02:59","guid":{"rendered":"https:\/\/ppdegalicia.com\/demanda-dun-concurso-de-meritos-na-policia-nacional-para-cubrir-vacantes-na-unidade-de-policia-adscrita\/"},"modified":"2022-06-16T08:02:59","modified_gmt":"2022-06-16T06:02:59","slug":"demanda-dun-concurso-de-meritos-na-policia-nacional-para-cubrir-vacantes-na-unidade-de-policia-adscrita","status":"publish","type":"post","link":"https:\/\/ppdegalicia.com\/es\/demanda-dun-concurso-de-meritos-na-policia-nacional-para-cubrir-vacantes-na-unidade-de-policia-adscrita\/","title":{"rendered":"Demanda dun concurso de m\u00e9ritos na Polic\u00eda nacional para cubrir vacantes na Unidade de Polic\u00eda Adscrita"},"content":{"rendered":"<p><img fetchpriority=\"high\" decoding=\"async\" class=\" size-full wp-image-57164\" src=\"https:\/\/ppdegalicia.com\/wp-content\/uploads\/2022\/06\/255985d2e0fe06809ba8ffd4ff36462f-scaled.jpg\" alt=\"\" width=\"2560\" height=\"1709\" srcset=\"https:\/\/ppdegalicia.com\/wp-content\/uploads\/2022\/06\/255985d2e0fe06809ba8ffd4ff36462f-scaled.jpg 2560w, https:\/\/ppdegalicia.com\/wp-content\/uploads\/2022\/06\/255985d2e0fe06809ba8ffd4ff36462f-300x200.jpg 300w, https:\/\/ppdegalicia.com\/wp-content\/uploads\/2022\/06\/255985d2e0fe06809ba8ffd4ff36462f-1024x683.jpg 1024w, https:\/\/ppdegalicia.com\/wp-content\/uploads\/2022\/06\/255985d2e0fe06809ba8ffd4ff36462f-768x513.jpg 768w, https:\/\/ppdegalicia.com\/wp-content\/uploads\/2022\/06\/255985d2e0fe06809ba8ffd4ff36462f-1536x1025.jpg 1536w, https:\/\/ppdegalicia.com\/wp-content\/uploads\/2022\/06\/255985d2e0fe06809ba8ffd4ff36462f-2048x1367.jpg 2048w\" sizes=\"(max-width: 2560px) 100vw, 2560px\" \/><\/p>\n<p>Iniciativa sobre a demanda da Xunta de Galicia ao Ministerio do Interior da articulaci\u00f3n dun concurso de m\u00e9ritos na Polic\u00eda nacional para cubrir vacantes na Unidade de Polic\u00eda Adscrita<\/p>\n<p><!--more--><\/p>\n<p>\u00a0<\/p>\n<p>O Corpo Nacional de Polic\u00eda \u00e9 unha peza clave do noso Estado de Dereito, prestando un servizo p\u00fablico que proporciona seguridade, contribu\u00edndo ao benestar e \u00e1 calidade de vida das persoas. O seu papel resulta decisivo ao ter asignadas como principais funci\u00f3ns, entre outras moitas, o coidado do libre exercicio dos dereitos cidad\u00e1ns, o mantemento da orde p\u00fablica, a protecci\u00f3n de bens e servizos, a persecuci\u00f3n do delito, a colaboraci\u00f3n coa Xustiza para o cumprimento da lei ou os labores de cooperaci\u00f3n e coordinaci\u00f3n con outras instituci\u00f3ns e entidades p\u00fablicas para garantir a protecci\u00f3n civil en todo tipo de situaci\u00f3ns onde se poida ver comprometida a seguridade da poboaci\u00f3n.<\/p>\n<p>\u00a0<\/p>\n<p>Tendo en conta a s\u00faa transcendencia, resulta prioritario prestarlle unha atenci\u00f3n especial para garantir a s\u00faa presenza, as\u00ed como a s\u00faa maior inmediatez e eficacia no desenvolvemento das s\u00faas funci\u00f3ns.<\/p>\n<p>\u00a0<\/p>\n<p>Ese foi o motivo polo que, ao longo dos case dous s\u00e9culos da s\u00faa historia, o Corpo Nacional de Polic\u00eda foi adaptando a s\u00faa estrutura organizativa e territorial, para tratar de satisfacer as necesidades do conxunto de Espa\u00f1a. Oeste xeito, a Comunidade galega conta hoxe, ademais da Xefatura Superior de Polic\u00eda de Galicia e dunha unidade espec\u00edfica adscrita \u00e1 Xunta de Galicia, cunha extensa rede de comisar\u00edas e dependencias da Polic\u00eda Nacional radicadas nas capitais de<br \/>provincia, en grandes cidades e nalgunha cabeceira de comarca, atendendo \u00e1s necesidades do servizo e \u00e1s demandas da poboaci\u00f3n. Segundo os datos da Direcci\u00f3n Xeral da Polic\u00eda, dependente do Ministerio do Interior, o Carpo Nacional de Polic\u00eda atende directamente en Galicia a unha poboaci\u00f3n de 1.184.000 habitantes, radicados no contorno das \u00e1reas urbanas, o que representa arredor dun<br \/>43,33% da poboaci\u00f3n galega.<\/p>\n<p>\u00a0<\/p>\n<p>Pero o despregue territorial de comisar\u00edas e dependencias policiais na actualidade non vai acompa\u00f1ado da dotaci\u00f3n de efectivos que ser\u00edan necesarios para unha\u00a0\u00a0correcta prestaci\u00f3n dos servizos. As carencias de persoal afectan a todas as<br \/>, comisar\u00eda galegas e mesmo a unidade adscrita \u00e1 Xunta de Galicia, que viran como as necesidades foron aumentando na \u00faltima d\u00e9cada polo incremento das s\u00faas funci\u00f3ns (delitos telem\u00e1ticos, delitos medioambientais, violencia de x\u00e9nero e dom\u00e9stica&#8230;), a reducci\u00f3n das prazas convocadas e tam\u00e9n pala falta de reposici\u00f3n de efectivos.<\/p>\n<p>\u00a0<\/p>\n<p>O pasado 17 de febreiro o DAO ( Direcci\u00f3n Adjunta Operativa) tras confirmar o d\u00e9ficit de persoal, autorizou unha cobertura de m\u00ednimos para cada unha das UPAs auton\u00f3micas, que en Galicia poder\u00eda situarse en torno aos 50 efectivos, co obxectivo de igualar a porcentaxe de cobertura das plantillas do CNP en Galicia.Segundo o anuncio feito polo DAO se convocar\u00eda un Concurso Espec\u00edfico de M\u00e9ritos polo que se convocar\u00edan as prazas o pasado mes de maio.<\/p>\n<p>\u00a0<\/p>\n<p>Transcurridos 6 meses dende este anuncio seguen sen convocarse nin cubrirse as prazas vacantes, e a unidade de policia adscrita \u00e1 Xunta de Galicia disp\u00f3n actualmente de 385 axentes dos 500 contemplados, o que se traduce nun 78% da plantilla retrocedendo aUPA a niveis de efectivos do ano 2003 a pesar de ter hoxe m\u00e1is competencias e funci\u00f3ns que hai 14 anos.<\/p>\n<p>\u00a0<\/p>\n<p>O Secretario de Estado de Seguridad, Rafael P\u00e9rez, veu a Santiago de Compostela o pasado 28 de abril a presentar un Plan de Prevenci\u00f3n e Seguridade para o tr\u00e1nsito de peregrinos no Cami\u00f1o de Santiago acompa\u00f1ado do Delegado do Goberno en Galicia Jos\u00e9 Mi\u00f1ones, visita que se quedou, unha vez m\u00e1is, nun mero anuncio do goberno de Espa\u00f1a pero que non se materializou na dotaci\u00f3n de m\u00e1is efectivos para a Unidade de Polic\u00eda Adscrita encargada de velar pola seguridade no Cami\u00f1o de Santiago, xa que unha das competencias que ten asignada aUPA \u00e9 a seguridade e vixiancia do Cami\u00f1o de Santiago, e en pleno Ano Santo 2021-22 non parece razoable que unha unidade que ten tanta importancia na atenci\u00f3n e seguridade do peregrino te\u00f1a mermados os seus efectivos en m\u00ednimos hist\u00f3ricos.<\/p>\n<p>\u00a0<\/p>\n<p>\u00c1 vista desta situaci\u00f3n, que en maior ou menor medida afecta a todo o territorio e a propia Unidade Adscrita \u00e1 Comunidade Aut\u00f3noma con repercusi\u00f3n no desempe\u00f1o das s\u00faas funci\u00f3ns e polo tanto cunha repercusi\u00f3n negativa para o conxunto da cidadania.<\/p>\n<p>\u00a0<br \/>\u00a0Por todo o exposto, os deputados e deputadas do Grupo Parlamentario Popular presentan a seguinte proposici\u00f3n non de lei en pleno:<br \/><strong>\u00abO Parlamento de Galicia Insta \u00e1 Xunta de Galicia a solicitar do Goberno de Espa\u00f1a: Que por parte do Ministerio do Interior a trav\u00e9s da Direcci\u00f3n General da Polic\u00eda se<\/strong><br \/><strong>articule un concurso de m\u00e9ritos na Polic\u00eda Nacional que permita cubrir vacantes na Unidade de Polic\u00eda Adscrita para incrementar a 500 os seus efectivos, de xeito que esta Unidade poida cumprir coas funci\u00f3ns que actualmente est\u00e1 prestando\u00bb.<\/strong><\/p>\n<p>\u00a0<\/p>\n<p><strong>Rexistro:\u00a0<a href=\"https:\/\/www.parlamentodegalicia.es\/Expedientes\/11\/PNP-002145\">https:\/\/www.parlamentodegalicia.es\/Expedientes\/11\/PNP-002145<\/a><\/strong><\/p>\n<p>\u00a0<\/p>\n<p><strong>Nota de prensa:\u00a0<a href=\"http:\/\/www.ppdegalicia.com\/index.php\/gl\/novas\/item\/6011-o-parlamento-demanda-ao-ministerio-do-interior-que-cubra-as-vacantes-existentes-na-policia-autonomica\">http:\/\/www.ppdegalicia.com\/index.php\/gl\/novas\/item\/6011-o-parlamento-demanda-ao-ministerio-do-interior-que-cubra-as-vacantes-existentes-na-policia-autonomica<\/a><\/strong><\/p>\n<p>\u00a0<\/p>\n<p>\u00a0<\/p>\n","protected":false},"excerpt":{"rendered":"<p>Iniciativa sobre a demanda da Xunta de Galicia ao Ministerio do Interior da articulaci\u00f3n dun concurso de m\u00e9ritos na Polic\u00eda nacional para cubrir vacantes na Unidade de Polic\u00eda Adscrita<\/p>\n","protected":false},"author":38,"featured_media":57164,"comment_status":"open","ping_status":"open","sticky":false,"template":"","format":"standard","meta":{"_acf_changed":false,"footnotes":""},"categories":[1128,1],"tags":[],"class_list":["post-57165","post","type-post","status-publish","format-standard","has-post-thumbnail","hentry","category-actualidad-parlamento-de-galicia","category-pp-de-galicia"],"acf":[],"yoast_head":"<!-- This site is optimized with the Yoast SEO plugin v27.3 - https:\/\/yoast.com\/product\/yoast-seo-wordpress\/ -->\n<title>Demanda dun concurso de m\u00e9ritos na Polic\u00eda nacional para cubrir vacantes na Unidade de Polic\u00eda Adscrita - PP de Galicia<\/title>\n<meta name=\"robots\" content=\"index, follow, max-snippet:-1, max-image-preview:large, max-video-preview:-1\" \/>\n<link rel=\"canonical\" href=\"https:\/\/ppdegalicia.com\/es\/demanda-dun-concurso-de-meritos-na-policia-nacional-para-cubrir-vacantes-na-unidade-de-policia-adscrita\/\" \/>\n<meta property=\"og:locale\" content=\"es_ES\" \/>\n<meta property=\"og:type\" content=\"article\" \/>\n<meta property=\"og:title\" content=\"Demanda dun concurso de m\u00e9ritos na Polic\u00eda nacional para cubrir vacantes na Unidade de Polic\u00eda Adscrita - PP de Galicia\" \/>\n<meta property=\"og:description\" content=\"Iniciativa sobre a demanda da Xunta de Galicia ao Ministerio do Interior da articulaci\u00f3n dun concurso de m\u00e9ritos na Polic\u00eda nacional para cubrir vacantes na Unidade de Polic\u00eda Adscrita\" \/>\n<meta property=\"og:url\" content=\"https:\/\/ppdegalicia.com\/es\/demanda-dun-concurso-de-meritos-na-policia-nacional-para-cubrir-vacantes-na-unidade-de-policia-adscrita\/\" \/>\n<meta property=\"og:site_name\" content=\"PP de Galicia\" \/>\n<meta property=\"article:publisher\" content=\"https:\/\/www.instagram.com\/ppdegalicia\/\" \/>\n<meta property=\"article:published_time\" content=\"2022-06-16T06:02:59+00:00\" \/>\n<meta property=\"og:image\" content=\"https:\/\/ppdegalicia.com\/wp-content\/uploads\/2022\/06\/255985d2e0fe06809ba8ffd4ff36462f-scaled.jpg\" \/>\n\t<meta property=\"og:image:width\" content=\"2560\" \/>\n\t<meta property=\"og:image:height\" content=\"1709\" \/>\n\t<meta property=\"og:image:type\" content=\"image\/jpeg\" \/>\n<meta name=\"author\" content=\"ppdegaliciaredes\" \/>\n<meta name=\"twitter:card\" content=\"summary_large_image\" \/>\n<meta name=\"twitter:creator\" content=\"@ppdegalicia\" \/>\n<meta name=\"twitter:site\" content=\"@ppdegalicia\" \/>\n<meta name=\"twitter:label1\" content=\"Escrito por\" \/>\n\t<meta name=\"twitter:data1\" content=\"ppdegaliciaredes\" \/>\n\t<meta name=\"twitter:label2\" content=\"Tiempo de lectura\" \/>\n\t<meta name=\"twitter:data2\" content=\"4 minutos\" \/>\n<script type=\"application\/ld+json\" class=\"yoast-schema-graph\">{\"@context\":\"https:\\\/\\\/schema.org\",\"@graph\":[{\"@type\":\"Article\",\"@id\":\"https:\\\/\\\/ppdegalicia.com\\\/es\\\/demanda-dun-concurso-de-meritos-na-policia-nacional-para-cubrir-vacantes-na-unidade-de-policia-adscrita\\\/#article\",\"isPartOf\":{\"@id\":\"https:\\\/\\\/ppdegalicia.com\\\/es\\\/demanda-dun-concurso-de-meritos-na-policia-nacional-para-cubrir-vacantes-na-unidade-de-policia-adscrita\\\/\"},\"author\":{\"name\":\"ppdegaliciaredes\",\"@id\":\"https:\\\/\\\/ppdegalicia.com\\\/es\\\/#\\\/schema\\\/person\\\/5b822c6f59e872ebdd1142f307dbcb59\"},\"headline\":\"Demanda dun concurso de m\u00e9ritos na Polic\u00eda nacional para cubrir vacantes na Unidade de Polic\u00eda Adscrita\",\"datePublished\":\"2022-06-16T06:02:59+00:00\",\"mainEntityOfPage\":{\"@id\":\"https:\\\/\\\/ppdegalicia.com\\\/es\\\/demanda-dun-concurso-de-meritos-na-policia-nacional-para-cubrir-vacantes-na-unidade-de-policia-adscrita\\\/\"},\"wordCount\":904,\"commentCount\":0,\"publisher\":{\"@id\":\"https:\\\/\\\/ppdegalicia.com\\\/es\\\/#organization\"},\"image\":{\"@id\":\"https:\\\/\\\/ppdegalicia.com\\\/es\\\/demanda-dun-concurso-de-meritos-na-policia-nacional-para-cubrir-vacantes-na-unidade-de-policia-adscrita\\\/#primaryimage\"},\"thumbnailUrl\":\"https:\\\/\\\/ppdegalicia.com\\\/wp-content\\\/uploads\\\/2022\\\/06\\\/255985d2e0fe06809ba8ffd4ff36462f-scaled.jpg\",\"articleSection\":[\"Parlamento de Galicia\",\"PP de Galicia\"],\"inLanguage\":\"es\",\"potentialAction\":[{\"@type\":\"CommentAction\",\"name\":\"Comment\",\"target\":[\"https:\\\/\\\/ppdegalicia.com\\\/es\\\/demanda-dun-concurso-de-meritos-na-policia-nacional-para-cubrir-vacantes-na-unidade-de-policia-adscrita\\\/#respond\"]}]},{\"@type\":\"WebPage\",\"@id\":\"https:\\\/\\\/ppdegalicia.com\\\/es\\\/demanda-dun-concurso-de-meritos-na-policia-nacional-para-cubrir-vacantes-na-unidade-de-policia-adscrita\\\/\",\"url\":\"https:\\\/\\\/ppdegalicia.com\\\/es\\\/demanda-dun-concurso-de-meritos-na-policia-nacional-para-cubrir-vacantes-na-unidade-de-policia-adscrita\\\/\",\"name\":\"Demanda dun concurso de m\u00e9ritos na Polic\u00eda nacional para cubrir vacantes na Unidade de Polic\u00eda Adscrita - PP de Galicia\",\"isPartOf\":{\"@id\":\"https:\\\/\\\/ppdegalicia.com\\\/es\\\/#website\"},\"primaryImageOfPage\":{\"@id\":\"https:\\\/\\\/ppdegalicia.com\\\/es\\\/demanda-dun-concurso-de-meritos-na-policia-nacional-para-cubrir-vacantes-na-unidade-de-policia-adscrita\\\/#primaryimage\"},\"image\":{\"@id\":\"https:\\\/\\\/ppdegalicia.com\\\/es\\\/demanda-dun-concurso-de-meritos-na-policia-nacional-para-cubrir-vacantes-na-unidade-de-policia-adscrita\\\/#primaryimage\"},\"thumbnailUrl\":\"https:\\\/\\\/ppdegalicia.com\\\/wp-content\\\/uploads\\\/2022\\\/06\\\/255985d2e0fe06809ba8ffd4ff36462f-scaled.jpg\",\"datePublished\":\"2022-06-16T06:02:59+00:00\",\"breadcrumb\":{\"@id\":\"https:\\\/\\\/ppdegalicia.com\\\/es\\\/demanda-dun-concurso-de-meritos-na-policia-nacional-para-cubrir-vacantes-na-unidade-de-policia-adscrita\\\/#breadcrumb\"},\"inLanguage\":\"es\",\"potentialAction\":[{\"@type\":\"ReadAction\",\"target\":[\"https:\\\/\\\/ppdegalicia.com\\\/es\\\/demanda-dun-concurso-de-meritos-na-policia-nacional-para-cubrir-vacantes-na-unidade-de-policia-adscrita\\\/\"]}]},{\"@type\":\"ImageObject\",\"inLanguage\":\"es\",\"@id\":\"https:\\\/\\\/ppdegalicia.com\\\/es\\\/demanda-dun-concurso-de-meritos-na-policia-nacional-para-cubrir-vacantes-na-unidade-de-policia-adscrita\\\/#primaryimage\",\"url\":\"https:\\\/\\\/ppdegalicia.com\\\/wp-content\\\/uploads\\\/2022\\\/06\\\/255985d2e0fe06809ba8ffd4ff36462f-scaled.jpg\",\"contentUrl\":\"https:\\\/\\\/ppdegalicia.com\\\/wp-content\\\/uploads\\\/2022\\\/06\\\/255985d2e0fe06809ba8ffd4ff36462f-scaled.jpg\",\"width\":2560,\"height\":1709},{\"@type\":\"BreadcrumbList\",\"@id\":\"https:\\\/\\\/ppdegalicia.com\\\/es\\\/demanda-dun-concurso-de-meritos-na-policia-nacional-para-cubrir-vacantes-na-unidade-de-policia-adscrita\\\/#breadcrumb\",\"itemListElement\":[{\"@type\":\"ListItem\",\"position\":1,\"name\":\"Portada\",\"item\":\"https:\\\/\\\/ppdegalicia.com\\\/es\\\/\"},{\"@type\":\"ListItem\",\"position\":2,\"name\":\"Demanda dun concurso de m\u00e9ritos na Polic\u00eda nacional para cubrir vacantes na Unidade de Polic\u00eda Adscrita\"}]},{\"@type\":\"WebSite\",\"@id\":\"https:\\\/\\\/ppdegalicia.com\\\/es\\\/#website\",\"url\":\"https:\\\/\\\/ppdegalicia.com\\\/es\\\/\",\"name\":\"Partido Popular de Galicia\",\"description\":\"Partido Popular de Galicia\",\"publisher\":{\"@id\":\"https:\\\/\\\/ppdegalicia.com\\\/es\\\/#organization\"},\"alternateName\":\"PP de Galicia\",\"potentialAction\":[{\"@type\":\"SearchAction\",\"target\":{\"@type\":\"EntryPoint\",\"urlTemplate\":\"https:\\\/\\\/ppdegalicia.com\\\/es\\\/?s={search_term_string}\"},\"query-input\":{\"@type\":\"PropertyValueSpecification\",\"valueRequired\":true,\"valueName\":\"search_term_string\"}}],\"inLanguage\":\"es\"},{\"@type\":\"Organization\",\"@id\":\"https:\\\/\\\/ppdegalicia.com\\\/es\\\/#organization\",\"name\":\"Partido Popular de Galicia\",\"alternateName\":\"PP de Galicia\",\"url\":\"https:\\\/\\\/ppdegalicia.com\\\/es\\\/\",\"logo\":{\"@type\":\"ImageObject\",\"inLanguage\":\"es\",\"@id\":\"https:\\\/\\\/ppdegalicia.com\\\/es\\\/#\\\/schema\\\/logo\\\/image\\\/\",\"url\":\"https:\\\/\\\/ppdegalicia.com\\\/wp-content\\\/uploads\\\/2023\\\/04\\\/logoPP512.png\",\"contentUrl\":\"https:\\\/\\\/ppdegalicia.com\\\/wp-content\\\/uploads\\\/2023\\\/04\\\/logoPP512.png\",\"width\":512,\"height\":512,\"caption\":\"Partido Popular de Galicia\"},\"image\":{\"@id\":\"https:\\\/\\\/ppdegalicia.com\\\/es\\\/#\\\/schema\\\/logo\\\/image\\\/\"},\"sameAs\":[\"https:\\\/\\\/www.instagram.com\\\/ppdegalicia\\\/\",\"https:\\\/\\\/x.com\\\/ppdegalicia\",\"https:\\\/\\\/www.tiktok.com\\\/@ppdegalicia\",\"https:\\\/\\\/www.youtube.com\\\/user\\\/ppdegalicia\"]},{\"@type\":\"Person\",\"@id\":\"https:\\\/\\\/ppdegalicia.com\\\/es\\\/#\\\/schema\\\/person\\\/5b822c6f59e872ebdd1142f307dbcb59\",\"name\":\"ppdegaliciaredes\",\"image\":{\"@type\":\"ImageObject\",\"inLanguage\":\"es\",\"@id\":\"https:\\\/\\\/secure.gravatar.com\\\/avatar\\\/3c9179cf0256d00c72a48d1f25783c58b6842cd56e85ef3a572881c8e28ccd59?s=96&d=mm&r=g\",\"url\":\"https:\\\/\\\/secure.gravatar.com\\\/avatar\\\/3c9179cf0256d00c72a48d1f25783c58b6842cd56e85ef3a572881c8e28ccd59?s=96&d=mm&r=g\",\"contentUrl\":\"https:\\\/\\\/secure.gravatar.com\\\/avatar\\\/3c9179cf0256d00c72a48d1f25783c58b6842cd56e85ef3a572881c8e28ccd59?s=96&d=mm&r=g\",\"caption\":\"ppdegaliciaredes\"},\"url\":\"https:\\\/\\\/ppdegalicia.com\\\/es\\\/author\\\/ppdegaliciaredes\\\/\"}]}<\/script>\n<!-- \/ Yoast SEO plugin. -->","yoast_head_json":{"title":"Demanda dun concurso de m\u00e9ritos na Polic\u00eda nacional para cubrir vacantes na Unidade de Polic\u00eda Adscrita - PP de Galicia","robots":{"index":"index","follow":"follow","max-snippet":"max-snippet:-1","max-image-preview":"max-image-preview:large","max-video-preview":"max-video-preview:-1"},"canonical":"https:\/\/ppdegalicia.com\/es\/demanda-dun-concurso-de-meritos-na-policia-nacional-para-cubrir-vacantes-na-unidade-de-policia-adscrita\/","og_locale":"es_ES","og_type":"article","og_title":"Demanda dun concurso de m\u00e9ritos na Polic\u00eda nacional para cubrir vacantes na Unidade de Polic\u00eda Adscrita - PP de Galicia","og_description":"Iniciativa sobre a demanda da Xunta de Galicia ao Ministerio do Interior da articulaci\u00f3n dun concurso de m\u00e9ritos na Polic\u00eda nacional para cubrir vacantes na Unidade de Polic\u00eda Adscrita","og_url":"https:\/\/ppdegalicia.com\/es\/demanda-dun-concurso-de-meritos-na-policia-nacional-para-cubrir-vacantes-na-unidade-de-policia-adscrita\/","og_site_name":"PP de Galicia","article_publisher":"https:\/\/www.instagram.com\/ppdegalicia\/","article_published_time":"2022-06-16T06:02:59+00:00","og_image":[{"width":2560,"height":1709,"url":"https:\/\/ppdegalicia.com\/wp-content\/uploads\/2022\/06\/255985d2e0fe06809ba8ffd4ff36462f-scaled.jpg","type":"image\/jpeg"}],"author":"ppdegaliciaredes","twitter_card":"summary_large_image","twitter_creator":"@ppdegalicia","twitter_site":"@ppdegalicia","twitter_misc":{"Escrito por":"ppdegaliciaredes","Tiempo de lectura":"4 minutos"},"schema":{"@context":"https:\/\/schema.org","@graph":[{"@type":"Article","@id":"https:\/\/ppdegalicia.com\/es\/demanda-dun-concurso-de-meritos-na-policia-nacional-para-cubrir-vacantes-na-unidade-de-policia-adscrita\/#article","isPartOf":{"@id":"https:\/\/ppdegalicia.com\/es\/demanda-dun-concurso-de-meritos-na-policia-nacional-para-cubrir-vacantes-na-unidade-de-policia-adscrita\/"},"author":{"name":"ppdegaliciaredes","@id":"https:\/\/ppdegalicia.com\/es\/#\/schema\/person\/5b822c6f59e872ebdd1142f307dbcb59"},"headline":"Demanda dun concurso de m\u00e9ritos na Polic\u00eda nacional para cubrir vacantes na Unidade de Polic\u00eda Adscrita","datePublished":"2022-06-16T06:02:59+00:00","mainEntityOfPage":{"@id":"https:\/\/ppdegalicia.com\/es\/demanda-dun-concurso-de-meritos-na-policia-nacional-para-cubrir-vacantes-na-unidade-de-policia-adscrita\/"},"wordCount":904,"commentCount":0,"publisher":{"@id":"https:\/\/ppdegalicia.com\/es\/#organization"},"image":{"@id":"https:\/\/ppdegalicia.com\/es\/demanda-dun-concurso-de-meritos-na-policia-nacional-para-cubrir-vacantes-na-unidade-de-policia-adscrita\/#primaryimage"},"thumbnailUrl":"https:\/\/ppdegalicia.com\/wp-content\/uploads\/2022\/06\/255985d2e0fe06809ba8ffd4ff36462f-scaled.jpg","articleSection":["Parlamento de Galicia","PP de Galicia"],"inLanguage":"es","potentialAction":[{"@type":"CommentAction","name":"Comment","target":["https:\/\/ppdegalicia.com\/es\/demanda-dun-concurso-de-meritos-na-policia-nacional-para-cubrir-vacantes-na-unidade-de-policia-adscrita\/#respond"]}]},{"@type":"WebPage","@id":"https:\/\/ppdegalicia.com\/es\/demanda-dun-concurso-de-meritos-na-policia-nacional-para-cubrir-vacantes-na-unidade-de-policia-adscrita\/","url":"https:\/\/ppdegalicia.com\/es\/demanda-dun-concurso-de-meritos-na-policia-nacional-para-cubrir-vacantes-na-unidade-de-policia-adscrita\/","name":"Demanda dun concurso de m\u00e9ritos na Polic\u00eda nacional para cubrir vacantes na Unidade de Polic\u00eda Adscrita - PP de Galicia","isPartOf":{"@id":"https:\/\/ppdegalicia.com\/es\/#website"},"primaryImageOfPage":{"@id":"https:\/\/ppdegalicia.com\/es\/demanda-dun-concurso-de-meritos-na-policia-nacional-para-cubrir-vacantes-na-unidade-de-policia-adscrita\/#primaryimage"},"image":{"@id":"https:\/\/ppdegalicia.com\/es\/demanda-dun-concurso-de-meritos-na-policia-nacional-para-cubrir-vacantes-na-unidade-de-policia-adscrita\/#primaryimage"},"thumbnailUrl":"https:\/\/ppdegalicia.com\/wp-content\/uploads\/2022\/06\/255985d2e0fe06809ba8ffd4ff36462f-scaled.jpg","datePublished":"2022-06-16T06:02:59+00:00","breadcrumb":{"@id":"https:\/\/ppdegalicia.com\/es\/demanda-dun-concurso-de-meritos-na-policia-nacional-para-cubrir-vacantes-na-unidade-de-policia-adscrita\/#breadcrumb"},"inLanguage":"es","potentialAction":[{"@type":"ReadAction","target":["https:\/\/ppdegalicia.com\/es\/demanda-dun-concurso-de-meritos-na-policia-nacional-para-cubrir-vacantes-na-unidade-de-policia-adscrita\/"]}]},{"@type":"ImageObject","inLanguage":"es","@id":"https:\/\/ppdegalicia.com\/es\/demanda-dun-concurso-de-meritos-na-policia-nacional-para-cubrir-vacantes-na-unidade-de-policia-adscrita\/#primaryimage","url":"https:\/\/ppdegalicia.com\/wp-content\/uploads\/2022\/06\/255985d2e0fe06809ba8ffd4ff36462f-scaled.jpg","contentUrl":"https:\/\/ppdegalicia.com\/wp-content\/uploads\/2022\/06\/255985d2e0fe06809ba8ffd4ff36462f-scaled.jpg","width":2560,"height":1709},{"@type":"BreadcrumbList","@id":"https:\/\/ppdegalicia.com\/es\/demanda-dun-concurso-de-meritos-na-policia-nacional-para-cubrir-vacantes-na-unidade-de-policia-adscrita\/#breadcrumb","itemListElement":[{"@type":"ListItem","position":1,"name":"Portada","item":"https:\/\/ppdegalicia.com\/es\/"},{"@type":"ListItem","position":2,"name":"Demanda dun concurso de m\u00e9ritos na Polic\u00eda nacional para cubrir vacantes na Unidade de Polic\u00eda Adscrita"}]},{"@type":"WebSite","@id":"https:\/\/ppdegalicia.com\/es\/#website","url":"https:\/\/ppdegalicia.com\/es\/","name":"Partido Popular de Galicia","description":"Partido Popular de Galicia","publisher":{"@id":"https:\/\/ppdegalicia.com\/es\/#organization"},"alternateName":"PP de Galicia","potentialAction":[{"@type":"SearchAction","target":{"@type":"EntryPoint","urlTemplate":"https:\/\/ppdegalicia.com\/es\/?s={search_term_string}"},"query-input":{"@type":"PropertyValueSpecification","valueRequired":true,"valueName":"search_term_string"}}],"inLanguage":"es"},{"@type":"Organization","@id":"https:\/\/ppdegalicia.com\/es\/#organization","name":"Partido Popular de Galicia","alternateName":"PP de Galicia","url":"https:\/\/ppdegalicia.com\/es\/","logo":{"@type":"ImageObject","inLanguage":"es","@id":"https:\/\/ppdegalicia.com\/es\/#\/schema\/logo\/image\/","url":"https:\/\/ppdegalicia.com\/wp-content\/uploads\/2023\/04\/logoPP512.png","contentUrl":"https:\/\/ppdegalicia.com\/wp-content\/uploads\/2023\/04\/logoPP512.png","width":512,"height":512,"caption":"Partido Popular de Galicia"},"image":{"@id":"https:\/\/ppdegalicia.com\/es\/#\/schema\/logo\/image\/"},"sameAs":["https:\/\/www.instagram.com\/ppdegalicia\/","https:\/\/x.com\/ppdegalicia","https:\/\/www.tiktok.com\/@ppdegalicia","https:\/\/www.youtube.com\/user\/ppdegalicia"]},{"@type":"Person","@id":"https:\/\/ppdegalicia.com\/es\/#\/schema\/person\/5b822c6f59e872ebdd1142f307dbcb59","name":"ppdegaliciaredes","image":{"@type":"ImageObject","inLanguage":"es","@id":"https:\/\/secure.gravatar.com\/avatar\/3c9179cf0256d00c72a48d1f25783c58b6842cd56e85ef3a572881c8e28ccd59?s=96&d=mm&r=g","url":"https:\/\/secure.gravatar.com\/avatar\/3c9179cf0256d00c72a48d1f25783c58b6842cd56e85ef3a572881c8e28ccd59?s=96&d=mm&r=g","contentUrl":"https:\/\/secure.gravatar.com\/avatar\/3c9179cf0256d00c72a48d1f25783c58b6842cd56e85ef3a572881c8e28ccd59?s=96&d=mm&r=g","caption":"ppdegaliciaredes"},"url":"https:\/\/ppdegalicia.com\/es\/author\/ppdegaliciaredes\/"}]}},"_links":{"self":[{"href":"https:\/\/ppdegalicia.com\/es\/wp-json\/wp\/v2\/posts\/57165","targetHints":{"allow":["GET"]}}],"collection":[{"href":"https:\/\/ppdegalicia.com\/es\/wp-json\/wp\/v2\/posts"}],"about":[{"href":"https:\/\/ppdegalicia.com\/es\/wp-json\/wp\/v2\/types\/post"}],"author":[{"embeddable":true,"href":"https:\/\/ppdegalicia.com\/es\/wp-json\/wp\/v2\/users\/38"}],"replies":[{"embeddable":true,"href":"https:\/\/ppdegalicia.com\/es\/wp-json\/wp\/v2\/comments?post=57165"}],"version-history":[{"count":0,"href":"https:\/\/ppdegalicia.com\/es\/wp-json\/wp\/v2\/posts\/57165\/revisions"}],"wp:featuredmedia":[{"embeddable":true,"href":"https:\/\/ppdegalicia.com\/es\/wp-json\/wp\/v2\/media\/57164"}],"wp:attachment":[{"href":"https:\/\/ppdegalicia.com\/es\/wp-json\/wp\/v2\/media?parent=57165"}],"wp:term":[{"taxonomy":"category","embeddable":true,"href":"https:\/\/ppdegalicia.com\/es\/wp-json\/wp\/v2\/categories?post=57165"},{"taxonomy":"post_tag","embeddable":true,"href":"https:\/\/ppdegalicia.com\/es\/wp-json\/wp\/v2\/tags?post=57165"}],"curies":[{"name":"wp","href":"https:\/\/api.w.org\/{rel}","templated":true}]}}