{"id":57169,"date":"2022-06-16T12:05:30","date_gmt":"2022-06-16T10:05:30","guid":{"rendered":"https:\/\/ppdegalicia.com\/o-parlamento-galego-demanda-seguir-ampliando-a-rede-galega-de-atencion-tempera\/"},"modified":"2022-06-16T12:05:30","modified_gmt":"2022-06-16T10:05:30","slug":"o-parlamento-galego-demanda-seguir-ampliando-a-rede-galega-de-atencion-tempera","status":"publish","type":"post","link":"https:\/\/ppdegalicia.com\/es\/o-parlamento-galego-demanda-seguir-ampliando-a-rede-galega-de-atencion-tempera\/","title":{"rendered":"O Parlamento galego demanda seguir ampliando a Rede galega de atenci\u00f3n temper\u00e1"},"content":{"rendered":"<p><img fetchpriority=\"high\" decoding=\"async\" class=\" size-full wp-image-57168\" src=\"https:\/\/ppdegalicia.com\/wp-content\/uploads\/2022\/06\/4d6554e5949c63eba8f295980c99eb33.jpg\" alt=\"\" width=\"1900\" height=\"1267\" srcset=\"https:\/\/ppdegalicia.com\/wp-content\/uploads\/2022\/06\/4d6554e5949c63eba8f295980c99eb33.jpg 1900w, https:\/\/ppdegalicia.com\/wp-content\/uploads\/2022\/06\/4d6554e5949c63eba8f295980c99eb33-300x200.jpg 300w, https:\/\/ppdegalicia.com\/wp-content\/uploads\/2022\/06\/4d6554e5949c63eba8f295980c99eb33-1024x683.jpg 1024w, https:\/\/ppdegalicia.com\/wp-content\/uploads\/2022\/06\/4d6554e5949c63eba8f295980c99eb33-768x512.jpg 768w, https:\/\/ppdegalicia.com\/wp-content\/uploads\/2022\/06\/4d6554e5949c63eba8f295980c99eb33-1536x1024.jpg 1536w\" sizes=\"(max-width: 1900px) 100vw, 1900px\" \/><\/p>\n<p>Santiago, 16 de xu\u00f1o de 2022.- O Parlamento de Galicia aprobou hoxe por unanimidade a proposici\u00f3n non de lei do Grupo Popular a trav\u00e9s da que se solicita continuar ampliando a rede galega de atenci\u00f3n temper\u00e1 mediante a posta en marcha de novas unidades especializadas en previr e tratar trastornos do desenvolvemento en nenas e nenos de ata 6 anos. A deputada popular Noelia P\u00e9rez considerou necesario que \u201cse sigan incrementando as unidades de titularidade municipal para dar unha maior cobertura territorial, reducir as listas de agarda e evitar que as familias te\u00f1an que desprazarse para recibir este servizo\u201d.<\/p>\n<p><!--more--><\/p>\n<p>Coincidindo coa celebraci\u00f3n hoxe do D\u00eda da atenci\u00f3n temper\u00e1 a nivel nacional, Noelia P\u00e9rez salientou \u201ca importancia das actuaci\u00f3ns para satisfacer as necesidades e os dereitos dos nenos con trastornos de desenvolvemento ou en risco de padecelos, as\u00ed como a importancia dun modelo baseado na prevenci\u00f3n, na identificaci\u00f3n e no tratamento precoz, facilitando ferramentas para que ga\u00f1en en autonom\u00eda\u201d.<\/p>\n<p>\u00a0<\/p>\n<p>As\u00ed mesmo, reivindicou o \u201cimportante papel que xogan os profesionais, as entidades e as administraci\u00f3ns p\u00fablicas, tanto auton\u00f3mica como as entidades locais, nunha Rede galega de atenci\u00f3n temper\u00e1 de car\u00e1cter universal e que configura un espazo com\u00fan de coordinaci\u00f3n e corresponsabilidade para facilitarlle aos cativos e \u00e1s s\u00faas familias unha prestaci\u00f3n de car\u00e1cter universal\u201d.<\/p>\n<p>\u00a0<\/p>\n<p>\u201cTemos claro que canto m\u00e1is axi\u00f1a se detecten as posibles dificultades mellores resultados se van obter da atenci\u00f3n profesional\u201d, sinalou a deputada popular, quen apuntou que \u201co acompa\u00f1amento especializado durante os primeiros anos de vida \u00e9 fundamental para adquirir ou recuperar funci\u00f3ns e habilidades persoais que melloren a s\u00faa autonom\u00eda, a s\u00faa convivencia familiar e a s\u00faa inclusi\u00f3n social\u201d, manifestou.<\/p>\n<p>\u00a0<\/p>\n<p>Noelia P\u00e9rez lembrou que o Goberno galego \u201c\u00e9 plenamente consciente da necesidade deste servizo, e mostra disto \u00e9 o incremento de 3,4 a 6 mill\u00f3ns de euros do orzamento destinado este ano a atenci\u00f3n temper\u00e1 destinado ao mantemento e posta en marcha de novas unidades en todo o territorio galego e \u00e1s axudas econ\u00f3micas que se conceden directamente \u00e1s familias para sufragar os custes derivados do servizo dun profesional privado, d\u00e1ndolle liberdade para elixir onde queren levar ao seu fillo\u201d.<\/p>\n","protected":false},"excerpt":{"rendered":"<p>Santiago, 16 de xu\u00f1o de 2022.- O Parlamento de Galicia aprobou hoxe por unanimidade a proposici\u00f3n non de lei do Grupo Popular a trav\u00e9s da que se solicita continuar ampliando a rede galega de atenci\u00f3n temper\u00e1 mediante a posta en marcha de novas unidades especializadas en previr e tratar trastornos do desenvolvemento en nenas e [&hellip;]<\/p>\n","protected":false},"author":38,"featured_media":57168,"comment_status":"open","ping_status":"open","sticky":false,"template":"","format":"standard","meta":{"_acf_changed":false,"footnotes":""},"categories":[1],"tags":[],"class_list":["post-57169","post","type-post","status-publish","format-standard","has-post-thumbnail","hentry","category-pp-de-galicia"],"acf":[],"yoast_head":"<!-- This site is optimized with the Yoast SEO plugin v27.3 - https:\/\/yoast.com\/product\/yoast-seo-wordpress\/ -->\n<title>O Parlamento galego demanda seguir ampliando a Rede galega de atenci\u00f3n temper\u00e1 - PP de Galicia<\/title>\n<meta name=\"robots\" content=\"index, follow, max-snippet:-1, max-image-preview:large, max-video-preview:-1\" \/>\n<link rel=\"canonical\" href=\"https:\/\/ppdegalicia.com\/es\/o-parlamento-galego-demanda-seguir-ampliando-a-rede-galega-de-atencion-tempera\/\" \/>\n<meta property=\"og:locale\" content=\"es_ES\" \/>\n<meta property=\"og:type\" content=\"article\" \/>\n<meta property=\"og:title\" content=\"O Parlamento galego demanda seguir ampliando a Rede galega de atenci\u00f3n temper\u00e1 - PP de Galicia\" \/>\n<meta property=\"og:description\" content=\"Santiago, 16 de xu\u00f1o de 2022.- O Parlamento de Galicia aprobou hoxe por unanimidade a proposici\u00f3n non de lei do Grupo Popular a trav\u00e9s da que se solicita continuar ampliando a rede galega de atenci\u00f3n temper\u00e1 mediante a posta en marcha de novas unidades especializadas en previr e tratar trastornos do desenvolvemento en nenas e [&hellip;]\" \/>\n<meta property=\"og:url\" content=\"https:\/\/ppdegalicia.com\/es\/o-parlamento-galego-demanda-seguir-ampliando-a-rede-galega-de-atencion-tempera\/\" \/>\n<meta property=\"og:site_name\" content=\"PP de Galicia\" \/>\n<meta property=\"article:publisher\" content=\"https:\/\/www.instagram.com\/ppdegalicia\/\" \/>\n<meta property=\"article:published_time\" content=\"2022-06-16T10:05:30+00:00\" \/>\n<meta property=\"og:image\" content=\"https:\/\/ppdegalicia.com\/wp-content\/uploads\/2022\/06\/4d6554e5949c63eba8f295980c99eb33.jpg\" \/>\n\t<meta property=\"og:image:width\" content=\"1900\" \/>\n\t<meta property=\"og:image:height\" content=\"1267\" \/>\n\t<meta property=\"og:image:type\" content=\"image\/jpeg\" \/>\n<meta name=\"author\" content=\"ppdegaliciaredes\" \/>\n<meta name=\"twitter:card\" content=\"summary_large_image\" \/>\n<meta name=\"twitter:creator\" content=\"@ppdegalicia\" \/>\n<meta name=\"twitter:site\" content=\"@ppdegalicia\" \/>\n<meta name=\"twitter:label1\" content=\"Escrito por\" \/>\n\t<meta name=\"twitter:data1\" content=\"ppdegaliciaredes\" \/>\n\t<meta name=\"twitter:label2\" content=\"Tiempo de lectura\" \/>\n\t<meta name=\"twitter:data2\" content=\"2 minutos\" \/>\n<script type=\"application\/ld+json\" class=\"yoast-schema-graph\">{\"@context\":\"https:\\\/\\\/schema.org\",\"@graph\":[{\"@type\":\"Article\",\"@id\":\"https:\\\/\\\/ppdegalicia.com\\\/es\\\/o-parlamento-galego-demanda-seguir-ampliando-a-rede-galega-de-atencion-tempera\\\/#article\",\"isPartOf\":{\"@id\":\"https:\\\/\\\/ppdegalicia.com\\\/es\\\/o-parlamento-galego-demanda-seguir-ampliando-a-rede-galega-de-atencion-tempera\\\/\"},\"author\":{\"name\":\"ppdegaliciaredes\",\"@id\":\"https:\\\/\\\/ppdegalicia.com\\\/es\\\/#\\\/schema\\\/person\\\/5b822c6f59e872ebdd1142f307dbcb59\"},\"headline\":\"O Parlamento galego demanda seguir ampliando a Rede galega de atenci\u00f3n temper\u00e1\",\"datePublished\":\"2022-06-16T10:05:30+00:00\",\"mainEntityOfPage\":{\"@id\":\"https:\\\/\\\/ppdegalicia.com\\\/es\\\/o-parlamento-galego-demanda-seguir-ampliando-a-rede-galega-de-atencion-tempera\\\/\"},\"wordCount\":398,\"commentCount\":0,\"publisher\":{\"@id\":\"https:\\\/\\\/ppdegalicia.com\\\/es\\\/#organization\"},\"image\":{\"@id\":\"https:\\\/\\\/ppdegalicia.com\\\/es\\\/o-parlamento-galego-demanda-seguir-ampliando-a-rede-galega-de-atencion-tempera\\\/#primaryimage\"},\"thumbnailUrl\":\"https:\\\/\\\/ppdegalicia.com\\\/wp-content\\\/uploads\\\/2022\\\/06\\\/4d6554e5949c63eba8f295980c99eb33.jpg\",\"articleSection\":[\"PP de Galicia\"],\"inLanguage\":\"es\",\"potentialAction\":[{\"@type\":\"CommentAction\",\"name\":\"Comment\",\"target\":[\"https:\\\/\\\/ppdegalicia.com\\\/es\\\/o-parlamento-galego-demanda-seguir-ampliando-a-rede-galega-de-atencion-tempera\\\/#respond\"]}]},{\"@type\":\"WebPage\",\"@id\":\"https:\\\/\\\/ppdegalicia.com\\\/es\\\/o-parlamento-galego-demanda-seguir-ampliando-a-rede-galega-de-atencion-tempera\\\/\",\"url\":\"https:\\\/\\\/ppdegalicia.com\\\/es\\\/o-parlamento-galego-demanda-seguir-ampliando-a-rede-galega-de-atencion-tempera\\\/\",\"name\":\"O Parlamento galego demanda seguir ampliando a Rede galega de atenci\u00f3n temper\u00e1 - PP de Galicia\",\"isPartOf\":{\"@id\":\"https:\\\/\\\/ppdegalicia.com\\\/es\\\/#website\"},\"primaryImageOfPage\":{\"@id\":\"https:\\\/\\\/ppdegalicia.com\\\/es\\\/o-parlamento-galego-demanda-seguir-ampliando-a-rede-galega-de-atencion-tempera\\\/#primaryimage\"},\"image\":{\"@id\":\"https:\\\/\\\/ppdegalicia.com\\\/es\\\/o-parlamento-galego-demanda-seguir-ampliando-a-rede-galega-de-atencion-tempera\\\/#primaryimage\"},\"thumbnailUrl\":\"https:\\\/\\\/ppdegalicia.com\\\/wp-content\\\/uploads\\\/2022\\\/06\\\/4d6554e5949c63eba8f295980c99eb33.jpg\",\"datePublished\":\"2022-06-16T10:05:30+00:00\",\"breadcrumb\":{\"@id\":\"https:\\\/\\\/ppdegalicia.com\\\/es\\\/o-parlamento-galego-demanda-seguir-ampliando-a-rede-galega-de-atencion-tempera\\\/#breadcrumb\"},\"inLanguage\":\"es\",\"potentialAction\":[{\"@type\":\"ReadAction\",\"target\":[\"https:\\\/\\\/ppdegalicia.com\\\/es\\\/o-parlamento-galego-demanda-seguir-ampliando-a-rede-galega-de-atencion-tempera\\\/\"]}]},{\"@type\":\"ImageObject\",\"inLanguage\":\"es\",\"@id\":\"https:\\\/\\\/ppdegalicia.com\\\/es\\\/o-parlamento-galego-demanda-seguir-ampliando-a-rede-galega-de-atencion-tempera\\\/#primaryimage\",\"url\":\"https:\\\/\\\/ppdegalicia.com\\\/wp-content\\\/uploads\\\/2022\\\/06\\\/4d6554e5949c63eba8f295980c99eb33.jpg\",\"contentUrl\":\"https:\\\/\\\/ppdegalicia.com\\\/wp-content\\\/uploads\\\/2022\\\/06\\\/4d6554e5949c63eba8f295980c99eb33.jpg\",\"width\":1900,\"height\":1267},{\"@type\":\"BreadcrumbList\",\"@id\":\"https:\\\/\\\/ppdegalicia.com\\\/es\\\/o-parlamento-galego-demanda-seguir-ampliando-a-rede-galega-de-atencion-tempera\\\/#breadcrumb\",\"itemListElement\":[{\"@type\":\"ListItem\",\"position\":1,\"name\":\"Portada\",\"item\":\"https:\\\/\\\/ppdegalicia.com\\\/es\\\/\"},{\"@type\":\"ListItem\",\"position\":2,\"name\":\"O Parlamento galego demanda seguir ampliando a Rede galega de atenci\u00f3n temper\u00e1\"}]},{\"@type\":\"WebSite\",\"@id\":\"https:\\\/\\\/ppdegalicia.com\\\/es\\\/#website\",\"url\":\"https:\\\/\\\/ppdegalicia.com\\\/es\\\/\",\"name\":\"Partido Popular de Galicia\",\"description\":\"Partido Popular de Galicia\",\"publisher\":{\"@id\":\"https:\\\/\\\/ppdegalicia.com\\\/es\\\/#organization\"},\"alternateName\":\"PP de Galicia\",\"potentialAction\":[{\"@type\":\"SearchAction\",\"target\":{\"@type\":\"EntryPoint\",\"urlTemplate\":\"https:\\\/\\\/ppdegalicia.com\\\/es\\\/?s={search_term_string}\"},\"query-input\":{\"@type\":\"PropertyValueSpecification\",\"valueRequired\":true,\"valueName\":\"search_term_string\"}}],\"inLanguage\":\"es\"},{\"@type\":\"Organization\",\"@id\":\"https:\\\/\\\/ppdegalicia.com\\\/es\\\/#organization\",\"name\":\"Partido Popular de Galicia\",\"alternateName\":\"PP de Galicia\",\"url\":\"https:\\\/\\\/ppdegalicia.com\\\/es\\\/\",\"logo\":{\"@type\":\"ImageObject\",\"inLanguage\":\"es\",\"@id\":\"https:\\\/\\\/ppdegalicia.com\\\/es\\\/#\\\/schema\\\/logo\\\/image\\\/\",\"url\":\"https:\\\/\\\/ppdegalicia.com\\\/wp-content\\\/uploads\\\/2023\\\/04\\\/logoPP512.png\",\"contentUrl\":\"https:\\\/\\\/ppdegalicia.com\\\/wp-content\\\/uploads\\\/2023\\\/04\\\/logoPP512.png\",\"width\":512,\"height\":512,\"caption\":\"Partido Popular de Galicia\"},\"image\":{\"@id\":\"https:\\\/\\\/ppdegalicia.com\\\/es\\\/#\\\/schema\\\/logo\\\/image\\\/\"},\"sameAs\":[\"https:\\\/\\\/www.instagram.com\\\/ppdegalicia\\\/\",\"https:\\\/\\\/x.com\\\/ppdegalicia\",\"https:\\\/\\\/www.tiktok.com\\\/@ppdegalicia\",\"https:\\\/\\\/www.youtube.com\\\/user\\\/ppdegalicia\"]},{\"@type\":\"Person\",\"@id\":\"https:\\\/\\\/ppdegalicia.com\\\/es\\\/#\\\/schema\\\/person\\\/5b822c6f59e872ebdd1142f307dbcb59\",\"name\":\"ppdegaliciaredes\",\"image\":{\"@type\":\"ImageObject\",\"inLanguage\":\"es\",\"@id\":\"https:\\\/\\\/secure.gravatar.com\\\/avatar\\\/3c9179cf0256d00c72a48d1f25783c58b6842cd56e85ef3a572881c8e28ccd59?s=96&d=mm&r=g\",\"url\":\"https:\\\/\\\/secure.gravatar.com\\\/avatar\\\/3c9179cf0256d00c72a48d1f25783c58b6842cd56e85ef3a572881c8e28ccd59?s=96&d=mm&r=g\",\"contentUrl\":\"https:\\\/\\\/secure.gravatar.com\\\/avatar\\\/3c9179cf0256d00c72a48d1f25783c58b6842cd56e85ef3a572881c8e28ccd59?s=96&d=mm&r=g\",\"caption\":\"ppdegaliciaredes\"},\"url\":\"https:\\\/\\\/ppdegalicia.com\\\/es\\\/author\\\/ppdegaliciaredes\\\/\"}]}<\/script>\n<!-- \/ Yoast SEO plugin. -->","yoast_head_json":{"title":"O Parlamento galego demanda seguir ampliando a Rede galega de atenci\u00f3n temper\u00e1 - PP de Galicia","robots":{"index":"index","follow":"follow","max-snippet":"max-snippet:-1","max-image-preview":"max-image-preview:large","max-video-preview":"max-video-preview:-1"},"canonical":"https:\/\/ppdegalicia.com\/es\/o-parlamento-galego-demanda-seguir-ampliando-a-rede-galega-de-atencion-tempera\/","og_locale":"es_ES","og_type":"article","og_title":"O Parlamento galego demanda seguir ampliando a Rede galega de atenci\u00f3n temper\u00e1 - PP de Galicia","og_description":"Santiago, 16 de xu\u00f1o de 2022.- O Parlamento de Galicia aprobou hoxe por unanimidade a proposici\u00f3n non de lei do Grupo Popular a trav\u00e9s da que se solicita continuar ampliando a rede galega de atenci\u00f3n temper\u00e1 mediante a posta en marcha de novas unidades especializadas en previr e tratar trastornos do desenvolvemento en nenas e [&hellip;]","og_url":"https:\/\/ppdegalicia.com\/es\/o-parlamento-galego-demanda-seguir-ampliando-a-rede-galega-de-atencion-tempera\/","og_site_name":"PP de Galicia","article_publisher":"https:\/\/www.instagram.com\/ppdegalicia\/","article_published_time":"2022-06-16T10:05:30+00:00","og_image":[{"width":1900,"height":1267,"url":"https:\/\/ppdegalicia.com\/wp-content\/uploads\/2022\/06\/4d6554e5949c63eba8f295980c99eb33.jpg","type":"image\/jpeg"}],"author":"ppdegaliciaredes","twitter_card":"summary_large_image","twitter_creator":"@ppdegalicia","twitter_site":"@ppdegalicia","twitter_misc":{"Escrito por":"ppdegaliciaredes","Tiempo de lectura":"2 minutos"},"schema":{"@context":"https:\/\/schema.org","@graph":[{"@type":"Article","@id":"https:\/\/ppdegalicia.com\/es\/o-parlamento-galego-demanda-seguir-ampliando-a-rede-galega-de-atencion-tempera\/#article","isPartOf":{"@id":"https:\/\/ppdegalicia.com\/es\/o-parlamento-galego-demanda-seguir-ampliando-a-rede-galega-de-atencion-tempera\/"},"author":{"name":"ppdegaliciaredes","@id":"https:\/\/ppdegalicia.com\/es\/#\/schema\/person\/5b822c6f59e872ebdd1142f307dbcb59"},"headline":"O Parlamento galego demanda seguir ampliando a Rede galega de atenci\u00f3n temper\u00e1","datePublished":"2022-06-16T10:05:30+00:00","mainEntityOfPage":{"@id":"https:\/\/ppdegalicia.com\/es\/o-parlamento-galego-demanda-seguir-ampliando-a-rede-galega-de-atencion-tempera\/"},"wordCount":398,"commentCount":0,"publisher":{"@id":"https:\/\/ppdegalicia.com\/es\/#organization"},"image":{"@id":"https:\/\/ppdegalicia.com\/es\/o-parlamento-galego-demanda-seguir-ampliando-a-rede-galega-de-atencion-tempera\/#primaryimage"},"thumbnailUrl":"https:\/\/ppdegalicia.com\/wp-content\/uploads\/2022\/06\/4d6554e5949c63eba8f295980c99eb33.jpg","articleSection":["PP de Galicia"],"inLanguage":"es","potentialAction":[{"@type":"CommentAction","name":"Comment","target":["https:\/\/ppdegalicia.com\/es\/o-parlamento-galego-demanda-seguir-ampliando-a-rede-galega-de-atencion-tempera\/#respond"]}]},{"@type":"WebPage","@id":"https:\/\/ppdegalicia.com\/es\/o-parlamento-galego-demanda-seguir-ampliando-a-rede-galega-de-atencion-tempera\/","url":"https:\/\/ppdegalicia.com\/es\/o-parlamento-galego-demanda-seguir-ampliando-a-rede-galega-de-atencion-tempera\/","name":"O Parlamento galego demanda seguir ampliando a Rede galega de atenci\u00f3n temper\u00e1 - PP de Galicia","isPartOf":{"@id":"https:\/\/ppdegalicia.com\/es\/#website"},"primaryImageOfPage":{"@id":"https:\/\/ppdegalicia.com\/es\/o-parlamento-galego-demanda-seguir-ampliando-a-rede-galega-de-atencion-tempera\/#primaryimage"},"image":{"@id":"https:\/\/ppdegalicia.com\/es\/o-parlamento-galego-demanda-seguir-ampliando-a-rede-galega-de-atencion-tempera\/#primaryimage"},"thumbnailUrl":"https:\/\/ppdegalicia.com\/wp-content\/uploads\/2022\/06\/4d6554e5949c63eba8f295980c99eb33.jpg","datePublished":"2022-06-16T10:05:30+00:00","breadcrumb":{"@id":"https:\/\/ppdegalicia.com\/es\/o-parlamento-galego-demanda-seguir-ampliando-a-rede-galega-de-atencion-tempera\/#breadcrumb"},"inLanguage":"es","potentialAction":[{"@type":"ReadAction","target":["https:\/\/ppdegalicia.com\/es\/o-parlamento-galego-demanda-seguir-ampliando-a-rede-galega-de-atencion-tempera\/"]}]},{"@type":"ImageObject","inLanguage":"es","@id":"https:\/\/ppdegalicia.com\/es\/o-parlamento-galego-demanda-seguir-ampliando-a-rede-galega-de-atencion-tempera\/#primaryimage","url":"https:\/\/ppdegalicia.com\/wp-content\/uploads\/2022\/06\/4d6554e5949c63eba8f295980c99eb33.jpg","contentUrl":"https:\/\/ppdegalicia.com\/wp-content\/uploads\/2022\/06\/4d6554e5949c63eba8f295980c99eb33.jpg","width":1900,"height":1267},{"@type":"BreadcrumbList","@id":"https:\/\/ppdegalicia.com\/es\/o-parlamento-galego-demanda-seguir-ampliando-a-rede-galega-de-atencion-tempera\/#breadcrumb","itemListElement":[{"@type":"ListItem","position":1,"name":"Portada","item":"https:\/\/ppdegalicia.com\/es\/"},{"@type":"ListItem","position":2,"name":"O Parlamento galego demanda seguir ampliando a Rede galega de atenci\u00f3n temper\u00e1"}]},{"@type":"WebSite","@id":"https:\/\/ppdegalicia.com\/es\/#website","url":"https:\/\/ppdegalicia.com\/es\/","name":"Partido Popular de Galicia","description":"Partido Popular de Galicia","publisher":{"@id":"https:\/\/ppdegalicia.com\/es\/#organization"},"alternateName":"PP de Galicia","potentialAction":[{"@type":"SearchAction","target":{"@type":"EntryPoint","urlTemplate":"https:\/\/ppdegalicia.com\/es\/?s={search_term_string}"},"query-input":{"@type":"PropertyValueSpecification","valueRequired":true,"valueName":"search_term_string"}}],"inLanguage":"es"},{"@type":"Organization","@id":"https:\/\/ppdegalicia.com\/es\/#organization","name":"Partido Popular de Galicia","alternateName":"PP de Galicia","url":"https:\/\/ppdegalicia.com\/es\/","logo":{"@type":"ImageObject","inLanguage":"es","@id":"https:\/\/ppdegalicia.com\/es\/#\/schema\/logo\/image\/","url":"https:\/\/ppdegalicia.com\/wp-content\/uploads\/2023\/04\/logoPP512.png","contentUrl":"https:\/\/ppdegalicia.com\/wp-content\/uploads\/2023\/04\/logoPP512.png","width":512,"height":512,"caption":"Partido Popular de Galicia"},"image":{"@id":"https:\/\/ppdegalicia.com\/es\/#\/schema\/logo\/image\/"},"sameAs":["https:\/\/www.instagram.com\/ppdegalicia\/","https:\/\/x.com\/ppdegalicia","https:\/\/www.tiktok.com\/@ppdegalicia","https:\/\/www.youtube.com\/user\/ppdegalicia"]},{"@type":"Person","@id":"https:\/\/ppdegalicia.com\/es\/#\/schema\/person\/5b822c6f59e872ebdd1142f307dbcb59","name":"ppdegaliciaredes","image":{"@type":"ImageObject","inLanguage":"es","@id":"https:\/\/secure.gravatar.com\/avatar\/3c9179cf0256d00c72a48d1f25783c58b6842cd56e85ef3a572881c8e28ccd59?s=96&d=mm&r=g","url":"https:\/\/secure.gravatar.com\/avatar\/3c9179cf0256d00c72a48d1f25783c58b6842cd56e85ef3a572881c8e28ccd59?s=96&d=mm&r=g","contentUrl":"https:\/\/secure.gravatar.com\/avatar\/3c9179cf0256d00c72a48d1f25783c58b6842cd56e85ef3a572881c8e28ccd59?s=96&d=mm&r=g","caption":"ppdegaliciaredes"},"url":"https:\/\/ppdegalicia.com\/es\/author\/ppdegaliciaredes\/"}]}},"_links":{"self":[{"href":"https:\/\/ppdegalicia.com\/es\/wp-json\/wp\/v2\/posts\/57169","targetHints":{"allow":["GET"]}}],"collection":[{"href":"https:\/\/ppdegalicia.com\/es\/wp-json\/wp\/v2\/posts"}],"about":[{"href":"https:\/\/ppdegalicia.com\/es\/wp-json\/wp\/v2\/types\/post"}],"author":[{"embeddable":true,"href":"https:\/\/ppdegalicia.com\/es\/wp-json\/wp\/v2\/users\/38"}],"replies":[{"embeddable":true,"href":"https:\/\/ppdegalicia.com\/es\/wp-json\/wp\/v2\/comments?post=57169"}],"version-history":[{"count":0,"href":"https:\/\/ppdegalicia.com\/es\/wp-json\/wp\/v2\/posts\/57169\/revisions"}],"wp:featuredmedia":[{"embeddable":true,"href":"https:\/\/ppdegalicia.com\/es\/wp-json\/wp\/v2\/media\/57168"}],"wp:attachment":[{"href":"https:\/\/ppdegalicia.com\/es\/wp-json\/wp\/v2\/media?parent=57169"}],"wp:term":[{"taxonomy":"category","embeddable":true,"href":"https:\/\/ppdegalicia.com\/es\/wp-json\/wp\/v2\/categories?post=57169"},{"taxonomy":"post_tag","embeddable":true,"href":"https:\/\/ppdegalicia.com\/es\/wp-json\/wp\/v2\/tags?post=57169"}],"curies":[{"name":"wp","href":"https:\/\/api.w.org\/{rel}","templated":true}]}}