{"id":57227,"date":"2022-06-29T11:14:12","date_gmt":"2022-06-29T09:14:12","guid":{"rendered":"https:\/\/ppdegalicia.com\/o-ppdeg-afirma-que-a-carga-de-traballo-dos-xulgados-de-a-coruna-e-vigo-se-atopa-moi-lonxe-do-acordado-para-establecer-gardas-de-24-horas\/"},"modified":"2022-06-29T11:14:12","modified_gmt":"2022-06-29T09:14:12","slug":"o-ppdeg-afirma-que-a-carga-de-traballo-dos-xulgados-de-a-coruna-e-vigo-se-atopa-moi-lonxe-do-acordado-para-establecer-gardas-de-24-horas","status":"publish","type":"post","link":"https:\/\/ppdegalicia.com\/es\/o-ppdeg-afirma-que-a-carga-de-traballo-dos-xulgados-de-a-coruna-e-vigo-se-atopa-moi-lonxe-do-acordado-para-establecer-gardas-de-24-horas\/","title":{"rendered":"O PPdeG afirma que a carga de traballo dos xulgados de A Coru\u00f1a e Vigo se atopa moi lonxe do acordado para establecer gardas de 24 horas"},"content":{"rendered":"<p><img fetchpriority=\"high\" decoding=\"async\" class=\" size-full wp-image-57226\" src=\"https:\/\/ppdegalicia.com\/wp-content\/uploads\/2022\/06\/b63f55e2dabe4ce78bfa9232301df2db.jpg\" alt=\"\" width=\"1900\" height=\"1267\" srcset=\"https:\/\/ppdegalicia.com\/wp-content\/uploads\/2022\/06\/b63f55e2dabe4ce78bfa9232301df2db.jpg 1900w, https:\/\/ppdegalicia.com\/wp-content\/uploads\/2022\/06\/b63f55e2dabe4ce78bfa9232301df2db-300x200.jpg 300w, https:\/\/ppdegalicia.com\/wp-content\/uploads\/2022\/06\/b63f55e2dabe4ce78bfa9232301df2db-1024x683.jpg 1024w, https:\/\/ppdegalicia.com\/wp-content\/uploads\/2022\/06\/b63f55e2dabe4ce78bfa9232301df2db-768x512.jpg 768w, https:\/\/ppdegalicia.com\/wp-content\/uploads\/2022\/06\/b63f55e2dabe4ce78bfa9232301df2db-1536x1024.jpg 1536w\" sizes=\"(max-width: 1900px) 100vw, 1900px\" \/><\/p>\n<p>Santiago, 29 de xu\u00f1o de 2022.- A viceportavoz do Grupo Popular, Paula Prado, asegurou hoxe no Pleno do Parlamento galego que a carga de traballo dos xulgados de A Coru\u00f1a e Vigo \u201cse atopa moi lonxe dos 3.300 asuntos anuais por xulgado que establece o acordo entre o Ministerio de Xustiza e o Consello Xeral do Poder Xudicial para establecer unha garda de 24 horas.<\/p>\n<p><!--more--><\/p>\n<p>Paula Prado asegurou que o sistema actual de garda nos xulgados de A Coru\u00f1a e Vigo \u201cest\u00e1 a funcionar dunha maneira correcta, sen atrancos na organizaci\u00f3n de permisos, licenzas ou vacaci\u00f3ns, polo que non parece prudente cambiar algo que est\u00e1 a funcionar correctamente\u201d. Neste sentido, explicou que o r\u00e9xime de gardas \u00e9 o propio de localidades con 8 xulgados de instruci\u00f3n, existindo dous xulgados simultaneamente de garda e a posibilidade de presentar denuncias en horario nocturno nas comisar\u00edas, onde as forzas e corpos de seguridade do Estado instr\u00faen os oportunos atestados coas dilixencias de investigaci\u00f3n que procedan previamente \u00e1 remisi\u00f3n ao xulgado.<\/p>\n<p>\u00a0<\/p>\n<p>\u201cF\u00f3ra do horario establecido, os xulgados de garda permanecen en situaci\u00f3n de dispo\u00f1ibilidade e en condici\u00f3ns de continua localizaci\u00f3n para atender calquera incidencia propia do servizo de garda que se puidera suscitar, en cuxo caso se incorporan ao mesmo de maneira inmediata\u201d, afirmou. Nestes casos, existe un sistema de compensaci\u00f3n horaria do persoal ao servizo da Administraci\u00f3n de Xustiza nos casos en que \u00e9 preciso prolongar a xornada m\u00e1is al\u00e1 do horario fixado para este tipo de xulgados, ademais das libranzas reguladas que procedan.<\/p>\n<p>\u00a0<\/p>\n<p><strong>VOLUME DE TRABALLO LONXE DO ACORDADO<\/strong><\/p>\n<p>\u00a0<\/p>\n<p>A viceportavoz popular concretou que \u201ctan s\u00f3 d\u00faas cidades con 8 xulgados, As Palmas de Gran Canaria e C\u00f3rdoba, te\u00f1en implantado un sistema de garda de 24 horas, un r\u00e9xime de traballo previsto no Regulamento do Consello Xeral do Poder Xudicial dun xeito autom\u00e1tico para partidos de 10-12 xulgados de instruci\u00f3n onde, por rotaci\u00f3n, cada d\u00eda debe estar un xulgado de garda e descansa ao d\u00eda seguinte\u201d.<\/p>\n<p>\u00a0<\/p>\n<p>No caso das cidades de A Coru\u00f1a e Vigo, os seus xulgados de instruci\u00f3n ingresaron unha media de 1.606 e 2.505 asuntos, respectivamente, ao longo do pasado ano 2021, \u201cun volume de traballo que se atopa moi lonxe dos 3.300 asuntos anuais por xulgado que establece o acordo entre o Ministerio de Xustiza e o Consello Xeral do Poder Xudicial para habilitar as gardas de 24 horas\u201d, dixo Paula Prado.<\/p>\n<p>\u00a0<\/p>\n<p>Para rematar, afirmou que o Goberno galego \u201cest\u00e1 a priorizar a creaci\u00f3n de novos xulgados de primeira instancia, que actualmente son os que est\u00e1n a soportar unha maior carga de traballo, nos partidos xudiciais que superan o m\u00f3dulo de entrada de asuntos fixados polo Consello Xeral do Poder Xudicial\u201d.<\/p>\n","protected":false},"excerpt":{"rendered":"<p>Santiago, 29 de xu\u00f1o de 2022.- A viceportavoz do Grupo Popular, Paula Prado, asegurou hoxe no Pleno do Parlamento galego que a carga de traballo dos xulgados de A Coru\u00f1a e Vigo \u201cse atopa moi lonxe dos 3.300 asuntos anuais por xulgado que establece o acordo entre o Ministerio de Xustiza e o Consello Xeral [&hellip;]<\/p>\n","protected":false},"author":38,"featured_media":57226,"comment_status":"open","ping_status":"open","sticky":false,"template":"","format":"standard","meta":{"_acf_changed":false,"footnotes":""},"categories":[1],"tags":[],"class_list":["post-57227","post","type-post","status-publish","format-standard","has-post-thumbnail","hentry","category-pp-de-galicia"],"acf":[],"yoast_head":"<!-- This site is optimized with the Yoast SEO plugin v27.3 - https:\/\/yoast.com\/product\/yoast-seo-wordpress\/ -->\n<title>O PPdeG afirma que a carga de traballo dos xulgados de A Coru\u00f1a e Vigo se atopa moi lonxe do acordado para establecer gardas de 24 horas - PP de Galicia<\/title>\n<meta name=\"robots\" content=\"index, follow, max-snippet:-1, max-image-preview:large, max-video-preview:-1\" \/>\n<link rel=\"canonical\" href=\"https:\/\/ppdegalicia.com\/es\/o-ppdeg-afirma-que-a-carga-de-traballo-dos-xulgados-de-a-coruna-e-vigo-se-atopa-moi-lonxe-do-acordado-para-establecer-gardas-de-24-horas\/\" \/>\n<meta property=\"og:locale\" content=\"es_ES\" \/>\n<meta property=\"og:type\" content=\"article\" \/>\n<meta property=\"og:title\" content=\"O PPdeG afirma que a carga de traballo dos xulgados de A Coru\u00f1a e Vigo se atopa moi lonxe do acordado para establecer gardas de 24 horas - PP de Galicia\" \/>\n<meta property=\"og:description\" content=\"Santiago, 29 de xu\u00f1o de 2022.- A viceportavoz do Grupo Popular, Paula Prado, asegurou hoxe no Pleno do Parlamento galego que a carga de traballo dos xulgados de A Coru\u00f1a e Vigo \u201cse atopa moi lonxe dos 3.300 asuntos anuais por xulgado que establece o acordo entre o Ministerio de Xustiza e o Consello Xeral [&hellip;]\" \/>\n<meta property=\"og:url\" content=\"https:\/\/ppdegalicia.com\/es\/o-ppdeg-afirma-que-a-carga-de-traballo-dos-xulgados-de-a-coruna-e-vigo-se-atopa-moi-lonxe-do-acordado-para-establecer-gardas-de-24-horas\/\" \/>\n<meta property=\"og:site_name\" content=\"PP de Galicia\" \/>\n<meta property=\"article:publisher\" content=\"https:\/\/www.instagram.com\/ppdegalicia\/\" \/>\n<meta property=\"article:published_time\" content=\"2022-06-29T09:14:12+00:00\" \/>\n<meta property=\"og:image\" content=\"https:\/\/ppdegalicia.com\/wp-content\/uploads\/2022\/06\/b63f55e2dabe4ce78bfa9232301df2db.jpg\" \/>\n\t<meta property=\"og:image:width\" content=\"1900\" \/>\n\t<meta property=\"og:image:height\" content=\"1267\" \/>\n\t<meta property=\"og:image:type\" content=\"image\/jpeg\" \/>\n<meta name=\"author\" content=\"ppdegaliciaredes\" \/>\n<meta name=\"twitter:card\" content=\"summary_large_image\" \/>\n<meta name=\"twitter:creator\" content=\"@ppdegalicia\" \/>\n<meta name=\"twitter:site\" content=\"@ppdegalicia\" \/>\n<meta name=\"twitter:label1\" content=\"Escrito por\" \/>\n\t<meta name=\"twitter:data1\" content=\"ppdegaliciaredes\" \/>\n\t<meta name=\"twitter:label2\" content=\"Tiempo de lectura\" \/>\n\t<meta name=\"twitter:data2\" content=\"2 minutos\" \/>\n<script type=\"application\/ld+json\" class=\"yoast-schema-graph\">{\"@context\":\"https:\\\/\\\/schema.org\",\"@graph\":[{\"@type\":\"Article\",\"@id\":\"https:\\\/\\\/ppdegalicia.com\\\/es\\\/o-ppdeg-afirma-que-a-carga-de-traballo-dos-xulgados-de-a-coruna-e-vigo-se-atopa-moi-lonxe-do-acordado-para-establecer-gardas-de-24-horas\\\/#article\",\"isPartOf\":{\"@id\":\"https:\\\/\\\/ppdegalicia.com\\\/es\\\/o-ppdeg-afirma-que-a-carga-de-traballo-dos-xulgados-de-a-coruna-e-vigo-se-atopa-moi-lonxe-do-acordado-para-establecer-gardas-de-24-horas\\\/\"},\"author\":{\"name\":\"ppdegaliciaredes\",\"@id\":\"https:\\\/\\\/ppdegalicia.com\\\/es\\\/#\\\/schema\\\/person\\\/5b822c6f59e872ebdd1142f307dbcb59\"},\"headline\":\"O PPdeG afirma que a carga de traballo dos xulgados de A Coru\u00f1a e Vigo se atopa moi lonxe do acordado para establecer gardas de 24 horas\",\"datePublished\":\"2022-06-29T09:14:12+00:00\",\"mainEntityOfPage\":{\"@id\":\"https:\\\/\\\/ppdegalicia.com\\\/es\\\/o-ppdeg-afirma-que-a-carga-de-traballo-dos-xulgados-de-a-coruna-e-vigo-se-atopa-moi-lonxe-do-acordado-para-establecer-gardas-de-24-horas\\\/\"},\"wordCount\":489,\"commentCount\":0,\"publisher\":{\"@id\":\"https:\\\/\\\/ppdegalicia.com\\\/es\\\/#organization\"},\"image\":{\"@id\":\"https:\\\/\\\/ppdegalicia.com\\\/es\\\/o-ppdeg-afirma-que-a-carga-de-traballo-dos-xulgados-de-a-coruna-e-vigo-se-atopa-moi-lonxe-do-acordado-para-establecer-gardas-de-24-horas\\\/#primaryimage\"},\"thumbnailUrl\":\"https:\\\/\\\/ppdegalicia.com\\\/wp-content\\\/uploads\\\/2022\\\/06\\\/b63f55e2dabe4ce78bfa9232301df2db.jpg\",\"articleSection\":[\"PP de Galicia\"],\"inLanguage\":\"es\",\"potentialAction\":[{\"@type\":\"CommentAction\",\"name\":\"Comment\",\"target\":[\"https:\\\/\\\/ppdegalicia.com\\\/es\\\/o-ppdeg-afirma-que-a-carga-de-traballo-dos-xulgados-de-a-coruna-e-vigo-se-atopa-moi-lonxe-do-acordado-para-establecer-gardas-de-24-horas\\\/#respond\"]}]},{\"@type\":\"WebPage\",\"@id\":\"https:\\\/\\\/ppdegalicia.com\\\/es\\\/o-ppdeg-afirma-que-a-carga-de-traballo-dos-xulgados-de-a-coruna-e-vigo-se-atopa-moi-lonxe-do-acordado-para-establecer-gardas-de-24-horas\\\/\",\"url\":\"https:\\\/\\\/ppdegalicia.com\\\/es\\\/o-ppdeg-afirma-que-a-carga-de-traballo-dos-xulgados-de-a-coruna-e-vigo-se-atopa-moi-lonxe-do-acordado-para-establecer-gardas-de-24-horas\\\/\",\"name\":\"O PPdeG afirma que a carga de traballo dos xulgados de A Coru\u00f1a e Vigo se atopa moi lonxe do acordado para establecer gardas de 24 horas - PP de Galicia\",\"isPartOf\":{\"@id\":\"https:\\\/\\\/ppdegalicia.com\\\/es\\\/#website\"},\"primaryImageOfPage\":{\"@id\":\"https:\\\/\\\/ppdegalicia.com\\\/es\\\/o-ppdeg-afirma-que-a-carga-de-traballo-dos-xulgados-de-a-coruna-e-vigo-se-atopa-moi-lonxe-do-acordado-para-establecer-gardas-de-24-horas\\\/#primaryimage\"},\"image\":{\"@id\":\"https:\\\/\\\/ppdegalicia.com\\\/es\\\/o-ppdeg-afirma-que-a-carga-de-traballo-dos-xulgados-de-a-coruna-e-vigo-se-atopa-moi-lonxe-do-acordado-para-establecer-gardas-de-24-horas\\\/#primaryimage\"},\"thumbnailUrl\":\"https:\\\/\\\/ppdegalicia.com\\\/wp-content\\\/uploads\\\/2022\\\/06\\\/b63f55e2dabe4ce78bfa9232301df2db.jpg\",\"datePublished\":\"2022-06-29T09:14:12+00:00\",\"breadcrumb\":{\"@id\":\"https:\\\/\\\/ppdegalicia.com\\\/es\\\/o-ppdeg-afirma-que-a-carga-de-traballo-dos-xulgados-de-a-coruna-e-vigo-se-atopa-moi-lonxe-do-acordado-para-establecer-gardas-de-24-horas\\\/#breadcrumb\"},\"inLanguage\":\"es\",\"potentialAction\":[{\"@type\":\"ReadAction\",\"target\":[\"https:\\\/\\\/ppdegalicia.com\\\/es\\\/o-ppdeg-afirma-que-a-carga-de-traballo-dos-xulgados-de-a-coruna-e-vigo-se-atopa-moi-lonxe-do-acordado-para-establecer-gardas-de-24-horas\\\/\"]}]},{\"@type\":\"ImageObject\",\"inLanguage\":\"es\",\"@id\":\"https:\\\/\\\/ppdegalicia.com\\\/es\\\/o-ppdeg-afirma-que-a-carga-de-traballo-dos-xulgados-de-a-coruna-e-vigo-se-atopa-moi-lonxe-do-acordado-para-establecer-gardas-de-24-horas\\\/#primaryimage\",\"url\":\"https:\\\/\\\/ppdegalicia.com\\\/wp-content\\\/uploads\\\/2022\\\/06\\\/b63f55e2dabe4ce78bfa9232301df2db.jpg\",\"contentUrl\":\"https:\\\/\\\/ppdegalicia.com\\\/wp-content\\\/uploads\\\/2022\\\/06\\\/b63f55e2dabe4ce78bfa9232301df2db.jpg\",\"width\":1900,\"height\":1267},{\"@type\":\"BreadcrumbList\",\"@id\":\"https:\\\/\\\/ppdegalicia.com\\\/es\\\/o-ppdeg-afirma-que-a-carga-de-traballo-dos-xulgados-de-a-coruna-e-vigo-se-atopa-moi-lonxe-do-acordado-para-establecer-gardas-de-24-horas\\\/#breadcrumb\",\"itemListElement\":[{\"@type\":\"ListItem\",\"position\":1,\"name\":\"Portada\",\"item\":\"https:\\\/\\\/ppdegalicia.com\\\/es\\\/\"},{\"@type\":\"ListItem\",\"position\":2,\"name\":\"O PPdeG afirma que a carga de traballo dos xulgados de A Coru\u00f1a e Vigo se atopa moi lonxe do acordado para establecer gardas de 24 horas\"}]},{\"@type\":\"WebSite\",\"@id\":\"https:\\\/\\\/ppdegalicia.com\\\/es\\\/#website\",\"url\":\"https:\\\/\\\/ppdegalicia.com\\\/es\\\/\",\"name\":\"Partido Popular de Galicia\",\"description\":\"Partido Popular de Galicia\",\"publisher\":{\"@id\":\"https:\\\/\\\/ppdegalicia.com\\\/es\\\/#organization\"},\"alternateName\":\"PP de Galicia\",\"potentialAction\":[{\"@type\":\"SearchAction\",\"target\":{\"@type\":\"EntryPoint\",\"urlTemplate\":\"https:\\\/\\\/ppdegalicia.com\\\/es\\\/?s={search_term_string}\"},\"query-input\":{\"@type\":\"PropertyValueSpecification\",\"valueRequired\":true,\"valueName\":\"search_term_string\"}}],\"inLanguage\":\"es\"},{\"@type\":\"Organization\",\"@id\":\"https:\\\/\\\/ppdegalicia.com\\\/es\\\/#organization\",\"name\":\"Partido Popular de Galicia\",\"alternateName\":\"PP de Galicia\",\"url\":\"https:\\\/\\\/ppdegalicia.com\\\/es\\\/\",\"logo\":{\"@type\":\"ImageObject\",\"inLanguage\":\"es\",\"@id\":\"https:\\\/\\\/ppdegalicia.com\\\/es\\\/#\\\/schema\\\/logo\\\/image\\\/\",\"url\":\"https:\\\/\\\/ppdegalicia.com\\\/wp-content\\\/uploads\\\/2023\\\/04\\\/logoPP512.png\",\"contentUrl\":\"https:\\\/\\\/ppdegalicia.com\\\/wp-content\\\/uploads\\\/2023\\\/04\\\/logoPP512.png\",\"width\":512,\"height\":512,\"caption\":\"Partido Popular de Galicia\"},\"image\":{\"@id\":\"https:\\\/\\\/ppdegalicia.com\\\/es\\\/#\\\/schema\\\/logo\\\/image\\\/\"},\"sameAs\":[\"https:\\\/\\\/www.instagram.com\\\/ppdegalicia\\\/\",\"https:\\\/\\\/x.com\\\/ppdegalicia\",\"https:\\\/\\\/www.tiktok.com\\\/@ppdegalicia\",\"https:\\\/\\\/www.youtube.com\\\/user\\\/ppdegalicia\"]},{\"@type\":\"Person\",\"@id\":\"https:\\\/\\\/ppdegalicia.com\\\/es\\\/#\\\/schema\\\/person\\\/5b822c6f59e872ebdd1142f307dbcb59\",\"name\":\"ppdegaliciaredes\",\"image\":{\"@type\":\"ImageObject\",\"inLanguage\":\"es\",\"@id\":\"https:\\\/\\\/secure.gravatar.com\\\/avatar\\\/3c9179cf0256d00c72a48d1f25783c58b6842cd56e85ef3a572881c8e28ccd59?s=96&d=mm&r=g\",\"url\":\"https:\\\/\\\/secure.gravatar.com\\\/avatar\\\/3c9179cf0256d00c72a48d1f25783c58b6842cd56e85ef3a572881c8e28ccd59?s=96&d=mm&r=g\",\"contentUrl\":\"https:\\\/\\\/secure.gravatar.com\\\/avatar\\\/3c9179cf0256d00c72a48d1f25783c58b6842cd56e85ef3a572881c8e28ccd59?s=96&d=mm&r=g\",\"caption\":\"ppdegaliciaredes\"},\"url\":\"https:\\\/\\\/ppdegalicia.com\\\/es\\\/author\\\/ppdegaliciaredes\\\/\"}]}<\/script>\n<!-- \/ Yoast SEO plugin. -->","yoast_head_json":{"title":"O PPdeG afirma que a carga de traballo dos xulgados de A Coru\u00f1a e Vigo se atopa moi lonxe do acordado para establecer gardas de 24 horas - PP de Galicia","robots":{"index":"index","follow":"follow","max-snippet":"max-snippet:-1","max-image-preview":"max-image-preview:large","max-video-preview":"max-video-preview:-1"},"canonical":"https:\/\/ppdegalicia.com\/es\/o-ppdeg-afirma-que-a-carga-de-traballo-dos-xulgados-de-a-coruna-e-vigo-se-atopa-moi-lonxe-do-acordado-para-establecer-gardas-de-24-horas\/","og_locale":"es_ES","og_type":"article","og_title":"O PPdeG afirma que a carga de traballo dos xulgados de A Coru\u00f1a e Vigo se atopa moi lonxe do acordado para establecer gardas de 24 horas - PP de Galicia","og_description":"Santiago, 29 de xu\u00f1o de 2022.- A viceportavoz do Grupo Popular, Paula Prado, asegurou hoxe no Pleno do Parlamento galego que a carga de traballo dos xulgados de A Coru\u00f1a e Vigo \u201cse atopa moi lonxe dos 3.300 asuntos anuais por xulgado que establece o acordo entre o Ministerio de Xustiza e o Consello Xeral [&hellip;]","og_url":"https:\/\/ppdegalicia.com\/es\/o-ppdeg-afirma-que-a-carga-de-traballo-dos-xulgados-de-a-coruna-e-vigo-se-atopa-moi-lonxe-do-acordado-para-establecer-gardas-de-24-horas\/","og_site_name":"PP de Galicia","article_publisher":"https:\/\/www.instagram.com\/ppdegalicia\/","article_published_time":"2022-06-29T09:14:12+00:00","og_image":[{"width":1900,"height":1267,"url":"https:\/\/ppdegalicia.com\/wp-content\/uploads\/2022\/06\/b63f55e2dabe4ce78bfa9232301df2db.jpg","type":"image\/jpeg"}],"author":"ppdegaliciaredes","twitter_card":"summary_large_image","twitter_creator":"@ppdegalicia","twitter_site":"@ppdegalicia","twitter_misc":{"Escrito por":"ppdegaliciaredes","Tiempo de lectura":"2 minutos"},"schema":{"@context":"https:\/\/schema.org","@graph":[{"@type":"Article","@id":"https:\/\/ppdegalicia.com\/es\/o-ppdeg-afirma-que-a-carga-de-traballo-dos-xulgados-de-a-coruna-e-vigo-se-atopa-moi-lonxe-do-acordado-para-establecer-gardas-de-24-horas\/#article","isPartOf":{"@id":"https:\/\/ppdegalicia.com\/es\/o-ppdeg-afirma-que-a-carga-de-traballo-dos-xulgados-de-a-coruna-e-vigo-se-atopa-moi-lonxe-do-acordado-para-establecer-gardas-de-24-horas\/"},"author":{"name":"ppdegaliciaredes","@id":"https:\/\/ppdegalicia.com\/es\/#\/schema\/person\/5b822c6f59e872ebdd1142f307dbcb59"},"headline":"O PPdeG afirma que a carga de traballo dos xulgados de A Coru\u00f1a e Vigo se atopa moi lonxe do acordado para establecer gardas de 24 horas","datePublished":"2022-06-29T09:14:12+00:00","mainEntityOfPage":{"@id":"https:\/\/ppdegalicia.com\/es\/o-ppdeg-afirma-que-a-carga-de-traballo-dos-xulgados-de-a-coruna-e-vigo-se-atopa-moi-lonxe-do-acordado-para-establecer-gardas-de-24-horas\/"},"wordCount":489,"commentCount":0,"publisher":{"@id":"https:\/\/ppdegalicia.com\/es\/#organization"},"image":{"@id":"https:\/\/ppdegalicia.com\/es\/o-ppdeg-afirma-que-a-carga-de-traballo-dos-xulgados-de-a-coruna-e-vigo-se-atopa-moi-lonxe-do-acordado-para-establecer-gardas-de-24-horas\/#primaryimage"},"thumbnailUrl":"https:\/\/ppdegalicia.com\/wp-content\/uploads\/2022\/06\/b63f55e2dabe4ce78bfa9232301df2db.jpg","articleSection":["PP de Galicia"],"inLanguage":"es","potentialAction":[{"@type":"CommentAction","name":"Comment","target":["https:\/\/ppdegalicia.com\/es\/o-ppdeg-afirma-que-a-carga-de-traballo-dos-xulgados-de-a-coruna-e-vigo-se-atopa-moi-lonxe-do-acordado-para-establecer-gardas-de-24-horas\/#respond"]}]},{"@type":"WebPage","@id":"https:\/\/ppdegalicia.com\/es\/o-ppdeg-afirma-que-a-carga-de-traballo-dos-xulgados-de-a-coruna-e-vigo-se-atopa-moi-lonxe-do-acordado-para-establecer-gardas-de-24-horas\/","url":"https:\/\/ppdegalicia.com\/es\/o-ppdeg-afirma-que-a-carga-de-traballo-dos-xulgados-de-a-coruna-e-vigo-se-atopa-moi-lonxe-do-acordado-para-establecer-gardas-de-24-horas\/","name":"O PPdeG afirma que a carga de traballo dos xulgados de A Coru\u00f1a e Vigo se atopa moi lonxe do acordado para establecer gardas de 24 horas - PP de Galicia","isPartOf":{"@id":"https:\/\/ppdegalicia.com\/es\/#website"},"primaryImageOfPage":{"@id":"https:\/\/ppdegalicia.com\/es\/o-ppdeg-afirma-que-a-carga-de-traballo-dos-xulgados-de-a-coruna-e-vigo-se-atopa-moi-lonxe-do-acordado-para-establecer-gardas-de-24-horas\/#primaryimage"},"image":{"@id":"https:\/\/ppdegalicia.com\/es\/o-ppdeg-afirma-que-a-carga-de-traballo-dos-xulgados-de-a-coruna-e-vigo-se-atopa-moi-lonxe-do-acordado-para-establecer-gardas-de-24-horas\/#primaryimage"},"thumbnailUrl":"https:\/\/ppdegalicia.com\/wp-content\/uploads\/2022\/06\/b63f55e2dabe4ce78bfa9232301df2db.jpg","datePublished":"2022-06-29T09:14:12+00:00","breadcrumb":{"@id":"https:\/\/ppdegalicia.com\/es\/o-ppdeg-afirma-que-a-carga-de-traballo-dos-xulgados-de-a-coruna-e-vigo-se-atopa-moi-lonxe-do-acordado-para-establecer-gardas-de-24-horas\/#breadcrumb"},"inLanguage":"es","potentialAction":[{"@type":"ReadAction","target":["https:\/\/ppdegalicia.com\/es\/o-ppdeg-afirma-que-a-carga-de-traballo-dos-xulgados-de-a-coruna-e-vigo-se-atopa-moi-lonxe-do-acordado-para-establecer-gardas-de-24-horas\/"]}]},{"@type":"ImageObject","inLanguage":"es","@id":"https:\/\/ppdegalicia.com\/es\/o-ppdeg-afirma-que-a-carga-de-traballo-dos-xulgados-de-a-coruna-e-vigo-se-atopa-moi-lonxe-do-acordado-para-establecer-gardas-de-24-horas\/#primaryimage","url":"https:\/\/ppdegalicia.com\/wp-content\/uploads\/2022\/06\/b63f55e2dabe4ce78bfa9232301df2db.jpg","contentUrl":"https:\/\/ppdegalicia.com\/wp-content\/uploads\/2022\/06\/b63f55e2dabe4ce78bfa9232301df2db.jpg","width":1900,"height":1267},{"@type":"BreadcrumbList","@id":"https:\/\/ppdegalicia.com\/es\/o-ppdeg-afirma-que-a-carga-de-traballo-dos-xulgados-de-a-coruna-e-vigo-se-atopa-moi-lonxe-do-acordado-para-establecer-gardas-de-24-horas\/#breadcrumb","itemListElement":[{"@type":"ListItem","position":1,"name":"Portada","item":"https:\/\/ppdegalicia.com\/es\/"},{"@type":"ListItem","position":2,"name":"O PPdeG afirma que a carga de traballo dos xulgados de A Coru\u00f1a e Vigo se atopa moi lonxe do acordado para establecer gardas de 24 horas"}]},{"@type":"WebSite","@id":"https:\/\/ppdegalicia.com\/es\/#website","url":"https:\/\/ppdegalicia.com\/es\/","name":"Partido Popular de Galicia","description":"Partido Popular de Galicia","publisher":{"@id":"https:\/\/ppdegalicia.com\/es\/#organization"},"alternateName":"PP de Galicia","potentialAction":[{"@type":"SearchAction","target":{"@type":"EntryPoint","urlTemplate":"https:\/\/ppdegalicia.com\/es\/?s={search_term_string}"},"query-input":{"@type":"PropertyValueSpecification","valueRequired":true,"valueName":"search_term_string"}}],"inLanguage":"es"},{"@type":"Organization","@id":"https:\/\/ppdegalicia.com\/es\/#organization","name":"Partido Popular de Galicia","alternateName":"PP de Galicia","url":"https:\/\/ppdegalicia.com\/es\/","logo":{"@type":"ImageObject","inLanguage":"es","@id":"https:\/\/ppdegalicia.com\/es\/#\/schema\/logo\/image\/","url":"https:\/\/ppdegalicia.com\/wp-content\/uploads\/2023\/04\/logoPP512.png","contentUrl":"https:\/\/ppdegalicia.com\/wp-content\/uploads\/2023\/04\/logoPP512.png","width":512,"height":512,"caption":"Partido Popular de Galicia"},"image":{"@id":"https:\/\/ppdegalicia.com\/es\/#\/schema\/logo\/image\/"},"sameAs":["https:\/\/www.instagram.com\/ppdegalicia\/","https:\/\/x.com\/ppdegalicia","https:\/\/www.tiktok.com\/@ppdegalicia","https:\/\/www.youtube.com\/user\/ppdegalicia"]},{"@type":"Person","@id":"https:\/\/ppdegalicia.com\/es\/#\/schema\/person\/5b822c6f59e872ebdd1142f307dbcb59","name":"ppdegaliciaredes","image":{"@type":"ImageObject","inLanguage":"es","@id":"https:\/\/secure.gravatar.com\/avatar\/3c9179cf0256d00c72a48d1f25783c58b6842cd56e85ef3a572881c8e28ccd59?s=96&d=mm&r=g","url":"https:\/\/secure.gravatar.com\/avatar\/3c9179cf0256d00c72a48d1f25783c58b6842cd56e85ef3a572881c8e28ccd59?s=96&d=mm&r=g","contentUrl":"https:\/\/secure.gravatar.com\/avatar\/3c9179cf0256d00c72a48d1f25783c58b6842cd56e85ef3a572881c8e28ccd59?s=96&d=mm&r=g","caption":"ppdegaliciaredes"},"url":"https:\/\/ppdegalicia.com\/es\/author\/ppdegaliciaredes\/"}]}},"_links":{"self":[{"href":"https:\/\/ppdegalicia.com\/es\/wp-json\/wp\/v2\/posts\/57227","targetHints":{"allow":["GET"]}}],"collection":[{"href":"https:\/\/ppdegalicia.com\/es\/wp-json\/wp\/v2\/posts"}],"about":[{"href":"https:\/\/ppdegalicia.com\/es\/wp-json\/wp\/v2\/types\/post"}],"author":[{"embeddable":true,"href":"https:\/\/ppdegalicia.com\/es\/wp-json\/wp\/v2\/users\/38"}],"replies":[{"embeddable":true,"href":"https:\/\/ppdegalicia.com\/es\/wp-json\/wp\/v2\/comments?post=57227"}],"version-history":[{"count":0,"href":"https:\/\/ppdegalicia.com\/es\/wp-json\/wp\/v2\/posts\/57227\/revisions"}],"wp:featuredmedia":[{"embeddable":true,"href":"https:\/\/ppdegalicia.com\/es\/wp-json\/wp\/v2\/media\/57226"}],"wp:attachment":[{"href":"https:\/\/ppdegalicia.com\/es\/wp-json\/wp\/v2\/media?parent=57227"}],"wp:term":[{"taxonomy":"category","embeddable":true,"href":"https:\/\/ppdegalicia.com\/es\/wp-json\/wp\/v2\/categories?post=57227"},{"taxonomy":"post_tag","embeddable":true,"href":"https:\/\/ppdegalicia.com\/es\/wp-json\/wp\/v2\/tags?post=57227"}],"curies":[{"name":"wp","href":"https:\/\/api.w.org\/{rel}","templated":true}]}}