{"id":57303,"date":"2022-07-27T13:12:33","date_gmt":"2022-07-27T11:12:33","guid":{"rendered":"https:\/\/ppdegalicia.com\/pedro-puy-salienta-que-o-cambio-na-presidencia-da-xunta-amosa-o-caracter-central-do-parlamento-na-politica-galega\/"},"modified":"2022-07-27T13:12:33","modified_gmt":"2022-07-27T11:12:33","slug":"pedro-puy-salienta-que-o-cambio-na-presidencia-da-xunta-amosa-o-caracter-central-do-parlamento-na-politica-galega","status":"publish","type":"post","link":"https:\/\/ppdegalicia.com\/es\/pedro-puy-salienta-que-o-cambio-na-presidencia-da-xunta-amosa-o-caracter-central-do-parlamento-na-politica-galega\/","title":{"rendered":"Pedro Puy salienta que o cambio na Presidencia da Xunta amosa o car\u00e1cter central do Parlamento na pol\u00edtica galega"},"content":{"rendered":"<p><img fetchpriority=\"high\" decoding=\"async\" class=\" size-full wp-image-57302\" src=\"https:\/\/ppdegalicia.com\/wp-content\/uploads\/2022\/07\/65df0bce26ad9cc4815d1f5150e87c9b.jpg\" alt=\"\" width=\"1900\" height=\"1520\" srcset=\"https:\/\/ppdegalicia.com\/wp-content\/uploads\/2022\/07\/65df0bce26ad9cc4815d1f5150e87c9b.jpg 1900w, https:\/\/ppdegalicia.com\/wp-content\/uploads\/2022\/07\/65df0bce26ad9cc4815d1f5150e87c9b-300x240.jpg 300w, https:\/\/ppdegalicia.com\/wp-content\/uploads\/2022\/07\/65df0bce26ad9cc4815d1f5150e87c9b-1024x819.jpg 1024w, https:\/\/ppdegalicia.com\/wp-content\/uploads\/2022\/07\/65df0bce26ad9cc4815d1f5150e87c9b-768x614.jpg 768w, https:\/\/ppdegalicia.com\/wp-content\/uploads\/2022\/07\/65df0bce26ad9cc4815d1f5150e87c9b-1536x1229.jpg 1536w\" sizes=\"(max-width: 1900px) 100vw, 1900px\" \/><\/p>\n<p>Santiago, 27 de xullo de 2022.- O portavoz do Grupo Popular, Pedro Puy, salientou hoxe que unha media de dous membros do Goberno galego compareceron cada d\u00eda desta lexislatura no Parlamento galego. As\u00ed mesmo, destacou que no \u00faltimo per\u00edodo de sesi\u00f3ns \u201ctivemos ocasi\u00f3n de asistir ao proceso \u00e1xil e sen sobresaltos de cambio do Presidente da Xunta \u00e1 metade da lexislatura, un exemplo de funcionamento axeitado, de rigor e seriedade do Parlamento galego, contradicindo a moitos agoreiros que aventuraban incidentes\u201d.<\/p>\n<p><!--more--><\/p>\n<p>Pedro Puy concretou que no \u00faltimo per\u00edodo de sesi\u00f3ns se celebraron cerca de 160 xuntanzas, acadando a cifra de 643 reuni\u00f3ns no que vai da XI Lexislatura. A Comisi\u00f3n 3\u00aa foi o \u00f3rgano que celebrou m\u00e1is reuni\u00f3ns (114); seguida pola Comisi\u00f3n 5\u00aa (61) e o Pleno (50). <\/p>\n<p><strong>NOVO PRESIDENTE DA XUNTA<\/strong><\/p>\n<p>\u00a0<\/p>\n<p>\u201cPero, \u00e1 marxe desta intensa actividade parlamentaria desenvolvida neste per\u00edodo de sesi\u00f3ns, tivemos oportunidade de vivir un acontecemento hist\u00f3rico para a Comunidade galega: a renuncia do Presidente da Xunta e a s\u00faa substituci\u00f3n por un novo Presidente do Goberno galego\u201d, lembrou o portavoz popular. En concreto, dixo que o proceso se iniciou coa presentaci\u00f3n da renuncia de Alberto N\u00fa\u00f1ez Feij\u00f3o no Parlamento galego o pasado 29 de abril, para liderar a oposici\u00f3n ao Goberno de Espa\u00f1a, e rematou o 14 de maio coa toma de posesi\u00f3n de Alfonso Rueda como novo Presidente da Xunta.<\/p>\n<p>\u00a0<\/p>\n<p>Durante este proceso, o Parlamento galego seguiu traballando con total normalidade, desenvolvendo a s\u00faa actividade e celebrando as comisi\u00f3ns parlamentarias correspondentes. As\u00ed, o Pleno leva celebradas nesta lexislatura 50 sesi\u00f3ns, que tiveron unha duraci\u00f3n superior \u00e1s 568 horas; ao tempo que a duraci\u00f3n das comisi\u00f3ns parlamentarias que levamos celebrado superan as 1.173 horas.<\/p>\n<p>\u00a0<\/p>\n<p>En total, o Parlamento galego reuniuse, tanto en Pleno como en Comisi\u00f3n, m\u00e1is de 1.742 horas, o que sup\u00f3n unha media diaria nesta lexislatura de 2 horas e 25 minutos.<\/p>\n<p>\u00a0<\/p>\n<p>Pedro Puy fixo unha referencia especial \u00e1 aprobaci\u00f3n de 20 textos lexislativos no que vai de lexislatura, dos que 13 foron proxectos de Lei e 7 proposici\u00f3ns de lei dos grupos parlamentarios. Entre os proxectos de Lei, salientou os de ordenaci\u00f3n do territorio; o de impulso demogr\u00e1fico; o de residuos e solos contaminados; ou o de xesti\u00f3n do ciclo integral da auga; ademais dos orzamentos para 2021 e 2022. Neste momento, unicamente se atopa en tramitaci\u00f3n o proxecto de Lei de \u00e1reas empresariais de Galicia.<\/p>\n<p>\u00a0<\/p>\n<p><strong>CONTROL AO GOBERNO<\/strong><\/p>\n<p>\u00a0<\/p>\n<p>Respecto \u00e1 actividade de control en Pleno e Comisi\u00f3n, os membros do Goberno galego te\u00f1en comparecido unha media de d\u00faas veces ao d\u00eda no Parlamento galego (547 comparecencias, preguntas ou interpelaci\u00f3ns en Pleno, e 938 comparecencias ou preguntas en Comisi\u00f3n). Neste punto, Puy destacou que o 81 por cento das acci\u00f3ns de control ao Goberno galego realizadas en Pleno corresponderon aos grupos da oposici\u00f3n, unha cifra que chega ao 71 por cento en comisi\u00f3n.<\/p>\n<p>\u00a0<\/p>\n<p>As\u00ed mesmo, no que respecto \u00e1 actividade de impulso ao Goberno galego, debat\u00e9ronse un total de 328 moci\u00f3ns ou proposici\u00f3ns non de lei en Pleno, das que tres de cada catro eran a iniciativa da oposici\u00f3n. O n\u00famero de proposici\u00f3ns non de lei aprobadas en Pleno nesta lexislatura \u00e9 de 111, das que a metade se aprobaron por unanimidade de todos os grupos parlamentarios.<\/p>\n<p>\u00a0<\/p>\n<p>Sobre a actividade de impulso realizada en Comisi\u00f3n, aprob\u00e1ronse 361 proposici\u00f3ns non de lei, das que m\u00e1is do 68 por cento se aprobaron por unanimidade (247) e m\u00e1is do 45 por cento foron a iniciativa da oposici\u00f3n (163).<\/p>\n<p>\u00a0<\/p>\n<p><strong>DI\u00c1LOGO POSITIVO<\/strong><\/p>\n<p>\u00a0<\/p>\n<p>Pedro Puy considerou \u201cpositivo que exista un clima pol\u00edtico de di\u00e1logo, que estes d\u00edas tam\u00e9n se trasladou ao di\u00e1logo directo entre a Presidencia da Xunta e os l\u00edderes dos partidos da oposici\u00f3n\u201d. As\u00ed, salientou que Alfonso Rueda recibiu aos l\u00edderes do BNG e do PSdeG e pediulles un acordo sobre petici\u00f3ns relacionadas coas necesidades de Galicia para trasladar ao Presidente do Goberno de Espa\u00f1a na entrevista que ter\u00e1n no d\u00eda de ma\u00f1\u00e1.<\/p>\n<p>\u00a0<\/p>\n<p>\u201cUnha vez se concretou esta reuni\u00f3n, o Presidente remitiu unha carta aos responsables dos grupos da oposici\u00f3n ped\u00edndolles un apoio espec\u00edfico a diversas cuesti\u00f3ns nas que xa hab\u00eda certo grao de acordo, un documento que foi contestado por parte do BNG e do PSdeG e, salvo algunha cuesti\u00f3n menor, se van aceptar as s\u00faas propostas de engadido, co que o Presidente Rueda vai ir \u00e1 entrevista con Pedro S\u00e1nchez cunha proposta amplamente consensuada en aspectos de desenvolvemento do estado de benestar\u201d, manifestou. <\/p>\n","protected":false},"excerpt":{"rendered":"<p>Santiago, 27 de xullo de 2022.- O portavoz do Grupo Popular, Pedro Puy, salientou hoxe que unha media de dous membros do Goberno galego compareceron cada d\u00eda desta lexislatura no Parlamento galego. As\u00ed mesmo, destacou que no \u00faltimo per\u00edodo de sesi\u00f3ns \u201ctivemos ocasi\u00f3n de asistir ao proceso \u00e1xil e sen sobresaltos de cambio do Presidente [&hellip;]<\/p>\n","protected":false},"author":38,"featured_media":57302,"comment_status":"open","ping_status":"open","sticky":false,"template":"","format":"standard","meta":{"_acf_changed":false,"footnotes":""},"categories":[1],"tags":[],"class_list":["post-57303","post","type-post","status-publish","format-standard","has-post-thumbnail","hentry","category-pp-de-galicia"],"acf":[],"yoast_head":"<!-- This site is optimized with the Yoast SEO plugin v27.3 - https:\/\/yoast.com\/product\/yoast-seo-wordpress\/ -->\n<title>Pedro Puy salienta que o cambio na Presidencia da Xunta amosa o car\u00e1cter central do Parlamento na pol\u00edtica galega - PP de Galicia<\/title>\n<meta name=\"robots\" content=\"index, follow, max-snippet:-1, max-image-preview:large, max-video-preview:-1\" \/>\n<link rel=\"canonical\" href=\"https:\/\/ppdegalicia.com\/es\/pedro-puy-salienta-que-o-cambio-na-presidencia-da-xunta-amosa-o-caracter-central-do-parlamento-na-politica-galega\/\" \/>\n<meta property=\"og:locale\" content=\"es_ES\" \/>\n<meta property=\"og:type\" content=\"article\" \/>\n<meta property=\"og:title\" content=\"Pedro Puy salienta que o cambio na Presidencia da Xunta amosa o car\u00e1cter central do Parlamento na pol\u00edtica galega - PP de Galicia\" \/>\n<meta property=\"og:description\" content=\"Santiago, 27 de xullo de 2022.- O portavoz do Grupo Popular, Pedro Puy, salientou hoxe que unha media de dous membros do Goberno galego compareceron cada d\u00eda desta lexislatura no Parlamento galego. As\u00ed mesmo, destacou que no \u00faltimo per\u00edodo de sesi\u00f3ns \u201ctivemos ocasi\u00f3n de asistir ao proceso \u00e1xil e sen sobresaltos de cambio do Presidente [&hellip;]\" \/>\n<meta property=\"og:url\" content=\"https:\/\/ppdegalicia.com\/es\/pedro-puy-salienta-que-o-cambio-na-presidencia-da-xunta-amosa-o-caracter-central-do-parlamento-na-politica-galega\/\" \/>\n<meta property=\"og:site_name\" content=\"PP de Galicia\" \/>\n<meta property=\"article:publisher\" content=\"https:\/\/www.instagram.com\/ppdegalicia\/\" \/>\n<meta property=\"article:published_time\" content=\"2022-07-27T11:12:33+00:00\" \/>\n<meta property=\"og:image\" content=\"https:\/\/ppdegalicia.com\/wp-content\/uploads\/2022\/07\/65df0bce26ad9cc4815d1f5150e87c9b.jpg\" \/>\n\t<meta property=\"og:image:width\" content=\"1900\" \/>\n\t<meta property=\"og:image:height\" content=\"1520\" \/>\n\t<meta property=\"og:image:type\" content=\"image\/jpeg\" \/>\n<meta name=\"author\" content=\"ppdegaliciaredes\" \/>\n<meta name=\"twitter:card\" content=\"summary_large_image\" \/>\n<meta name=\"twitter:creator\" content=\"@ppdegalicia\" \/>\n<meta name=\"twitter:site\" content=\"@ppdegalicia\" \/>\n<meta name=\"twitter:label1\" content=\"Escrito por\" \/>\n\t<meta name=\"twitter:data1\" content=\"ppdegaliciaredes\" \/>\n\t<meta name=\"twitter:label2\" content=\"Tiempo de lectura\" \/>\n\t<meta name=\"twitter:data2\" content=\"4 minutos\" \/>\n<script type=\"application\/ld+json\" class=\"yoast-schema-graph\">{\"@context\":\"https:\\\/\\\/schema.org\",\"@graph\":[{\"@type\":\"Article\",\"@id\":\"https:\\\/\\\/ppdegalicia.com\\\/es\\\/pedro-puy-salienta-que-o-cambio-na-presidencia-da-xunta-amosa-o-caracter-central-do-parlamento-na-politica-galega\\\/#article\",\"isPartOf\":{\"@id\":\"https:\\\/\\\/ppdegalicia.com\\\/es\\\/pedro-puy-salienta-que-o-cambio-na-presidencia-da-xunta-amosa-o-caracter-central-do-parlamento-na-politica-galega\\\/\"},\"author\":{\"name\":\"ppdegaliciaredes\",\"@id\":\"https:\\\/\\\/ppdegalicia.com\\\/es\\\/#\\\/schema\\\/person\\\/5b822c6f59e872ebdd1142f307dbcb59\"},\"headline\":\"Pedro Puy salienta que o cambio na Presidencia da Xunta amosa o car\u00e1cter central do Parlamento na pol\u00edtica galega\",\"datePublished\":\"2022-07-27T11:12:33+00:00\",\"mainEntityOfPage\":{\"@id\":\"https:\\\/\\\/ppdegalicia.com\\\/es\\\/pedro-puy-salienta-que-o-cambio-na-presidencia-da-xunta-amosa-o-caracter-central-do-parlamento-na-politica-galega\\\/\"},\"wordCount\":790,\"commentCount\":0,\"publisher\":{\"@id\":\"https:\\\/\\\/ppdegalicia.com\\\/es\\\/#organization\"},\"image\":{\"@id\":\"https:\\\/\\\/ppdegalicia.com\\\/es\\\/pedro-puy-salienta-que-o-cambio-na-presidencia-da-xunta-amosa-o-caracter-central-do-parlamento-na-politica-galega\\\/#primaryimage\"},\"thumbnailUrl\":\"https:\\\/\\\/ppdegalicia.com\\\/wp-content\\\/uploads\\\/2022\\\/07\\\/65df0bce26ad9cc4815d1f5150e87c9b.jpg\",\"articleSection\":[\"PP de Galicia\"],\"inLanguage\":\"es\",\"potentialAction\":[{\"@type\":\"CommentAction\",\"name\":\"Comment\",\"target\":[\"https:\\\/\\\/ppdegalicia.com\\\/es\\\/pedro-puy-salienta-que-o-cambio-na-presidencia-da-xunta-amosa-o-caracter-central-do-parlamento-na-politica-galega\\\/#respond\"]}]},{\"@type\":\"WebPage\",\"@id\":\"https:\\\/\\\/ppdegalicia.com\\\/es\\\/pedro-puy-salienta-que-o-cambio-na-presidencia-da-xunta-amosa-o-caracter-central-do-parlamento-na-politica-galega\\\/\",\"url\":\"https:\\\/\\\/ppdegalicia.com\\\/es\\\/pedro-puy-salienta-que-o-cambio-na-presidencia-da-xunta-amosa-o-caracter-central-do-parlamento-na-politica-galega\\\/\",\"name\":\"Pedro Puy salienta que o cambio na Presidencia da Xunta amosa o car\u00e1cter central do Parlamento na pol\u00edtica galega - PP de Galicia\",\"isPartOf\":{\"@id\":\"https:\\\/\\\/ppdegalicia.com\\\/es\\\/#website\"},\"primaryImageOfPage\":{\"@id\":\"https:\\\/\\\/ppdegalicia.com\\\/es\\\/pedro-puy-salienta-que-o-cambio-na-presidencia-da-xunta-amosa-o-caracter-central-do-parlamento-na-politica-galega\\\/#primaryimage\"},\"image\":{\"@id\":\"https:\\\/\\\/ppdegalicia.com\\\/es\\\/pedro-puy-salienta-que-o-cambio-na-presidencia-da-xunta-amosa-o-caracter-central-do-parlamento-na-politica-galega\\\/#primaryimage\"},\"thumbnailUrl\":\"https:\\\/\\\/ppdegalicia.com\\\/wp-content\\\/uploads\\\/2022\\\/07\\\/65df0bce26ad9cc4815d1f5150e87c9b.jpg\",\"datePublished\":\"2022-07-27T11:12:33+00:00\",\"breadcrumb\":{\"@id\":\"https:\\\/\\\/ppdegalicia.com\\\/es\\\/pedro-puy-salienta-que-o-cambio-na-presidencia-da-xunta-amosa-o-caracter-central-do-parlamento-na-politica-galega\\\/#breadcrumb\"},\"inLanguage\":\"es\",\"potentialAction\":[{\"@type\":\"ReadAction\",\"target\":[\"https:\\\/\\\/ppdegalicia.com\\\/es\\\/pedro-puy-salienta-que-o-cambio-na-presidencia-da-xunta-amosa-o-caracter-central-do-parlamento-na-politica-galega\\\/\"]}]},{\"@type\":\"ImageObject\",\"inLanguage\":\"es\",\"@id\":\"https:\\\/\\\/ppdegalicia.com\\\/es\\\/pedro-puy-salienta-que-o-cambio-na-presidencia-da-xunta-amosa-o-caracter-central-do-parlamento-na-politica-galega\\\/#primaryimage\",\"url\":\"https:\\\/\\\/ppdegalicia.com\\\/wp-content\\\/uploads\\\/2022\\\/07\\\/65df0bce26ad9cc4815d1f5150e87c9b.jpg\",\"contentUrl\":\"https:\\\/\\\/ppdegalicia.com\\\/wp-content\\\/uploads\\\/2022\\\/07\\\/65df0bce26ad9cc4815d1f5150e87c9b.jpg\",\"width\":1900,\"height\":1520},{\"@type\":\"BreadcrumbList\",\"@id\":\"https:\\\/\\\/ppdegalicia.com\\\/es\\\/pedro-puy-salienta-que-o-cambio-na-presidencia-da-xunta-amosa-o-caracter-central-do-parlamento-na-politica-galega\\\/#breadcrumb\",\"itemListElement\":[{\"@type\":\"ListItem\",\"position\":1,\"name\":\"Portada\",\"item\":\"https:\\\/\\\/ppdegalicia.com\\\/es\\\/\"},{\"@type\":\"ListItem\",\"position\":2,\"name\":\"Pedro Puy salienta que o cambio na Presidencia da Xunta amosa o car\u00e1cter central do Parlamento na pol\u00edtica galega\"}]},{\"@type\":\"WebSite\",\"@id\":\"https:\\\/\\\/ppdegalicia.com\\\/es\\\/#website\",\"url\":\"https:\\\/\\\/ppdegalicia.com\\\/es\\\/\",\"name\":\"Partido Popular de Galicia\",\"description\":\"Partido Popular de Galicia\",\"publisher\":{\"@id\":\"https:\\\/\\\/ppdegalicia.com\\\/es\\\/#organization\"},\"alternateName\":\"PP de Galicia\",\"potentialAction\":[{\"@type\":\"SearchAction\",\"target\":{\"@type\":\"EntryPoint\",\"urlTemplate\":\"https:\\\/\\\/ppdegalicia.com\\\/es\\\/?s={search_term_string}\"},\"query-input\":{\"@type\":\"PropertyValueSpecification\",\"valueRequired\":true,\"valueName\":\"search_term_string\"}}],\"inLanguage\":\"es\"},{\"@type\":\"Organization\",\"@id\":\"https:\\\/\\\/ppdegalicia.com\\\/es\\\/#organization\",\"name\":\"Partido Popular de Galicia\",\"alternateName\":\"PP de Galicia\",\"url\":\"https:\\\/\\\/ppdegalicia.com\\\/es\\\/\",\"logo\":{\"@type\":\"ImageObject\",\"inLanguage\":\"es\",\"@id\":\"https:\\\/\\\/ppdegalicia.com\\\/es\\\/#\\\/schema\\\/logo\\\/image\\\/\",\"url\":\"https:\\\/\\\/ppdegalicia.com\\\/wp-content\\\/uploads\\\/2023\\\/04\\\/logoPP512.png\",\"contentUrl\":\"https:\\\/\\\/ppdegalicia.com\\\/wp-content\\\/uploads\\\/2023\\\/04\\\/logoPP512.png\",\"width\":512,\"height\":512,\"caption\":\"Partido Popular de Galicia\"},\"image\":{\"@id\":\"https:\\\/\\\/ppdegalicia.com\\\/es\\\/#\\\/schema\\\/logo\\\/image\\\/\"},\"sameAs\":[\"https:\\\/\\\/www.instagram.com\\\/ppdegalicia\\\/\",\"https:\\\/\\\/x.com\\\/ppdegalicia\",\"https:\\\/\\\/www.tiktok.com\\\/@ppdegalicia\",\"https:\\\/\\\/www.youtube.com\\\/user\\\/ppdegalicia\"]},{\"@type\":\"Person\",\"@id\":\"https:\\\/\\\/ppdegalicia.com\\\/es\\\/#\\\/schema\\\/person\\\/5b822c6f59e872ebdd1142f307dbcb59\",\"name\":\"ppdegaliciaredes\",\"image\":{\"@type\":\"ImageObject\",\"inLanguage\":\"es\",\"@id\":\"https:\\\/\\\/secure.gravatar.com\\\/avatar\\\/3c9179cf0256d00c72a48d1f25783c58b6842cd56e85ef3a572881c8e28ccd59?s=96&d=mm&r=g\",\"url\":\"https:\\\/\\\/secure.gravatar.com\\\/avatar\\\/3c9179cf0256d00c72a48d1f25783c58b6842cd56e85ef3a572881c8e28ccd59?s=96&d=mm&r=g\",\"contentUrl\":\"https:\\\/\\\/secure.gravatar.com\\\/avatar\\\/3c9179cf0256d00c72a48d1f25783c58b6842cd56e85ef3a572881c8e28ccd59?s=96&d=mm&r=g\",\"caption\":\"ppdegaliciaredes\"},\"url\":\"https:\\\/\\\/ppdegalicia.com\\\/es\\\/author\\\/ppdegaliciaredes\\\/\"}]}<\/script>\n<!-- \/ Yoast SEO plugin. -->","yoast_head_json":{"title":"Pedro Puy salienta que o cambio na Presidencia da Xunta amosa o car\u00e1cter central do Parlamento na pol\u00edtica galega - PP de Galicia","robots":{"index":"index","follow":"follow","max-snippet":"max-snippet:-1","max-image-preview":"max-image-preview:large","max-video-preview":"max-video-preview:-1"},"canonical":"https:\/\/ppdegalicia.com\/es\/pedro-puy-salienta-que-o-cambio-na-presidencia-da-xunta-amosa-o-caracter-central-do-parlamento-na-politica-galega\/","og_locale":"es_ES","og_type":"article","og_title":"Pedro Puy salienta que o cambio na Presidencia da Xunta amosa o car\u00e1cter central do Parlamento na pol\u00edtica galega - PP de Galicia","og_description":"Santiago, 27 de xullo de 2022.- O portavoz do Grupo Popular, Pedro Puy, salientou hoxe que unha media de dous membros do Goberno galego compareceron cada d\u00eda desta lexislatura no Parlamento galego. As\u00ed mesmo, destacou que no \u00faltimo per\u00edodo de sesi\u00f3ns \u201ctivemos ocasi\u00f3n de asistir ao proceso \u00e1xil e sen sobresaltos de cambio do Presidente [&hellip;]","og_url":"https:\/\/ppdegalicia.com\/es\/pedro-puy-salienta-que-o-cambio-na-presidencia-da-xunta-amosa-o-caracter-central-do-parlamento-na-politica-galega\/","og_site_name":"PP de Galicia","article_publisher":"https:\/\/www.instagram.com\/ppdegalicia\/","article_published_time":"2022-07-27T11:12:33+00:00","og_image":[{"width":1900,"height":1520,"url":"https:\/\/ppdegalicia.com\/wp-content\/uploads\/2022\/07\/65df0bce26ad9cc4815d1f5150e87c9b.jpg","type":"image\/jpeg"}],"author":"ppdegaliciaredes","twitter_card":"summary_large_image","twitter_creator":"@ppdegalicia","twitter_site":"@ppdegalicia","twitter_misc":{"Escrito por":"ppdegaliciaredes","Tiempo de lectura":"4 minutos"},"schema":{"@context":"https:\/\/schema.org","@graph":[{"@type":"Article","@id":"https:\/\/ppdegalicia.com\/es\/pedro-puy-salienta-que-o-cambio-na-presidencia-da-xunta-amosa-o-caracter-central-do-parlamento-na-politica-galega\/#article","isPartOf":{"@id":"https:\/\/ppdegalicia.com\/es\/pedro-puy-salienta-que-o-cambio-na-presidencia-da-xunta-amosa-o-caracter-central-do-parlamento-na-politica-galega\/"},"author":{"name":"ppdegaliciaredes","@id":"https:\/\/ppdegalicia.com\/es\/#\/schema\/person\/5b822c6f59e872ebdd1142f307dbcb59"},"headline":"Pedro Puy salienta que o cambio na Presidencia da Xunta amosa o car\u00e1cter central do Parlamento na pol\u00edtica galega","datePublished":"2022-07-27T11:12:33+00:00","mainEntityOfPage":{"@id":"https:\/\/ppdegalicia.com\/es\/pedro-puy-salienta-que-o-cambio-na-presidencia-da-xunta-amosa-o-caracter-central-do-parlamento-na-politica-galega\/"},"wordCount":790,"commentCount":0,"publisher":{"@id":"https:\/\/ppdegalicia.com\/es\/#organization"},"image":{"@id":"https:\/\/ppdegalicia.com\/es\/pedro-puy-salienta-que-o-cambio-na-presidencia-da-xunta-amosa-o-caracter-central-do-parlamento-na-politica-galega\/#primaryimage"},"thumbnailUrl":"https:\/\/ppdegalicia.com\/wp-content\/uploads\/2022\/07\/65df0bce26ad9cc4815d1f5150e87c9b.jpg","articleSection":["PP de Galicia"],"inLanguage":"es","potentialAction":[{"@type":"CommentAction","name":"Comment","target":["https:\/\/ppdegalicia.com\/es\/pedro-puy-salienta-que-o-cambio-na-presidencia-da-xunta-amosa-o-caracter-central-do-parlamento-na-politica-galega\/#respond"]}]},{"@type":"WebPage","@id":"https:\/\/ppdegalicia.com\/es\/pedro-puy-salienta-que-o-cambio-na-presidencia-da-xunta-amosa-o-caracter-central-do-parlamento-na-politica-galega\/","url":"https:\/\/ppdegalicia.com\/es\/pedro-puy-salienta-que-o-cambio-na-presidencia-da-xunta-amosa-o-caracter-central-do-parlamento-na-politica-galega\/","name":"Pedro Puy salienta que o cambio na Presidencia da Xunta amosa o car\u00e1cter central do Parlamento na pol\u00edtica galega - PP de Galicia","isPartOf":{"@id":"https:\/\/ppdegalicia.com\/es\/#website"},"primaryImageOfPage":{"@id":"https:\/\/ppdegalicia.com\/es\/pedro-puy-salienta-que-o-cambio-na-presidencia-da-xunta-amosa-o-caracter-central-do-parlamento-na-politica-galega\/#primaryimage"},"image":{"@id":"https:\/\/ppdegalicia.com\/es\/pedro-puy-salienta-que-o-cambio-na-presidencia-da-xunta-amosa-o-caracter-central-do-parlamento-na-politica-galega\/#primaryimage"},"thumbnailUrl":"https:\/\/ppdegalicia.com\/wp-content\/uploads\/2022\/07\/65df0bce26ad9cc4815d1f5150e87c9b.jpg","datePublished":"2022-07-27T11:12:33+00:00","breadcrumb":{"@id":"https:\/\/ppdegalicia.com\/es\/pedro-puy-salienta-que-o-cambio-na-presidencia-da-xunta-amosa-o-caracter-central-do-parlamento-na-politica-galega\/#breadcrumb"},"inLanguage":"es","potentialAction":[{"@type":"ReadAction","target":["https:\/\/ppdegalicia.com\/es\/pedro-puy-salienta-que-o-cambio-na-presidencia-da-xunta-amosa-o-caracter-central-do-parlamento-na-politica-galega\/"]}]},{"@type":"ImageObject","inLanguage":"es","@id":"https:\/\/ppdegalicia.com\/es\/pedro-puy-salienta-que-o-cambio-na-presidencia-da-xunta-amosa-o-caracter-central-do-parlamento-na-politica-galega\/#primaryimage","url":"https:\/\/ppdegalicia.com\/wp-content\/uploads\/2022\/07\/65df0bce26ad9cc4815d1f5150e87c9b.jpg","contentUrl":"https:\/\/ppdegalicia.com\/wp-content\/uploads\/2022\/07\/65df0bce26ad9cc4815d1f5150e87c9b.jpg","width":1900,"height":1520},{"@type":"BreadcrumbList","@id":"https:\/\/ppdegalicia.com\/es\/pedro-puy-salienta-que-o-cambio-na-presidencia-da-xunta-amosa-o-caracter-central-do-parlamento-na-politica-galega\/#breadcrumb","itemListElement":[{"@type":"ListItem","position":1,"name":"Portada","item":"https:\/\/ppdegalicia.com\/es\/"},{"@type":"ListItem","position":2,"name":"Pedro Puy salienta que o cambio na Presidencia da Xunta amosa o car\u00e1cter central do Parlamento na pol\u00edtica galega"}]},{"@type":"WebSite","@id":"https:\/\/ppdegalicia.com\/es\/#website","url":"https:\/\/ppdegalicia.com\/es\/","name":"Partido Popular de Galicia","description":"Partido Popular de Galicia","publisher":{"@id":"https:\/\/ppdegalicia.com\/es\/#organization"},"alternateName":"PP de Galicia","potentialAction":[{"@type":"SearchAction","target":{"@type":"EntryPoint","urlTemplate":"https:\/\/ppdegalicia.com\/es\/?s={search_term_string}"},"query-input":{"@type":"PropertyValueSpecification","valueRequired":true,"valueName":"search_term_string"}}],"inLanguage":"es"},{"@type":"Organization","@id":"https:\/\/ppdegalicia.com\/es\/#organization","name":"Partido Popular de Galicia","alternateName":"PP de Galicia","url":"https:\/\/ppdegalicia.com\/es\/","logo":{"@type":"ImageObject","inLanguage":"es","@id":"https:\/\/ppdegalicia.com\/es\/#\/schema\/logo\/image\/","url":"https:\/\/ppdegalicia.com\/wp-content\/uploads\/2023\/04\/logoPP512.png","contentUrl":"https:\/\/ppdegalicia.com\/wp-content\/uploads\/2023\/04\/logoPP512.png","width":512,"height":512,"caption":"Partido Popular de Galicia"},"image":{"@id":"https:\/\/ppdegalicia.com\/es\/#\/schema\/logo\/image\/"},"sameAs":["https:\/\/www.instagram.com\/ppdegalicia\/","https:\/\/x.com\/ppdegalicia","https:\/\/www.tiktok.com\/@ppdegalicia","https:\/\/www.youtube.com\/user\/ppdegalicia"]},{"@type":"Person","@id":"https:\/\/ppdegalicia.com\/es\/#\/schema\/person\/5b822c6f59e872ebdd1142f307dbcb59","name":"ppdegaliciaredes","image":{"@type":"ImageObject","inLanguage":"es","@id":"https:\/\/secure.gravatar.com\/avatar\/3c9179cf0256d00c72a48d1f25783c58b6842cd56e85ef3a572881c8e28ccd59?s=96&d=mm&r=g","url":"https:\/\/secure.gravatar.com\/avatar\/3c9179cf0256d00c72a48d1f25783c58b6842cd56e85ef3a572881c8e28ccd59?s=96&d=mm&r=g","contentUrl":"https:\/\/secure.gravatar.com\/avatar\/3c9179cf0256d00c72a48d1f25783c58b6842cd56e85ef3a572881c8e28ccd59?s=96&d=mm&r=g","caption":"ppdegaliciaredes"},"url":"https:\/\/ppdegalicia.com\/es\/author\/ppdegaliciaredes\/"}]}},"_links":{"self":[{"href":"https:\/\/ppdegalicia.com\/es\/wp-json\/wp\/v2\/posts\/57303","targetHints":{"allow":["GET"]}}],"collection":[{"href":"https:\/\/ppdegalicia.com\/es\/wp-json\/wp\/v2\/posts"}],"about":[{"href":"https:\/\/ppdegalicia.com\/es\/wp-json\/wp\/v2\/types\/post"}],"author":[{"embeddable":true,"href":"https:\/\/ppdegalicia.com\/es\/wp-json\/wp\/v2\/users\/38"}],"replies":[{"embeddable":true,"href":"https:\/\/ppdegalicia.com\/es\/wp-json\/wp\/v2\/comments?post=57303"}],"version-history":[{"count":0,"href":"https:\/\/ppdegalicia.com\/es\/wp-json\/wp\/v2\/posts\/57303\/revisions"}],"wp:featuredmedia":[{"embeddable":true,"href":"https:\/\/ppdegalicia.com\/es\/wp-json\/wp\/v2\/media\/57302"}],"wp:attachment":[{"href":"https:\/\/ppdegalicia.com\/es\/wp-json\/wp\/v2\/media?parent=57303"}],"wp:term":[{"taxonomy":"category","embeddable":true,"href":"https:\/\/ppdegalicia.com\/es\/wp-json\/wp\/v2\/categories?post=57303"},{"taxonomy":"post_tag","embeddable":true,"href":"https:\/\/ppdegalicia.com\/es\/wp-json\/wp\/v2\/tags?post=57303"}],"curies":[{"name":"wp","href":"https:\/\/api.w.org\/{rel}","templated":true}]}}