{"id":57321,"date":"2022-08-03T13:17:41","date_gmt":"2022-08-03T11:17:41","guid":{"rendered":"https:\/\/ppdegalicia.com\/pedro-puy-avoga-por-un-equilibrio-entre-non-incrementar-o-gasto-para-conter-a-inflacion-e-non-conter-o-gasto-para-evitar-a-recesion\/"},"modified":"2022-08-03T13:17:41","modified_gmt":"2022-08-03T11:17:41","slug":"pedro-puy-avoga-por-un-equilibrio-entre-non-incrementar-o-gasto-para-conter-a-inflacion-e-non-conter-o-gasto-para-evitar-a-recesion","status":"publish","type":"post","link":"https:\/\/ppdegalicia.com\/es\/pedro-puy-avoga-por-un-equilibrio-entre-non-incrementar-o-gasto-para-conter-a-inflacion-e-non-conter-o-gasto-para-evitar-a-recesion\/","title":{"rendered":"Pedro Puy avoga por un equilibrio entre  \u201cnon incrementar o gasto para conter a inflaci\u00f3n e non conter o gasto para evitar a recesi\u00f3n\u201d"},"content":{"rendered":"<p><img fetchpriority=\"high\" decoding=\"async\" class=\" size-full wp-image-57320\" src=\"https:\/\/ppdegalicia.com\/wp-content\/uploads\/2022\/08\/99f0a18506293c6cbf4d08bef9f4126c.jpg\" alt=\"\" width=\"1900\" height=\"1267\" srcset=\"https:\/\/ppdegalicia.com\/wp-content\/uploads\/2022\/08\/99f0a18506293c6cbf4d08bef9f4126c.jpg 1900w, https:\/\/ppdegalicia.com\/wp-content\/uploads\/2022\/08\/99f0a18506293c6cbf4d08bef9f4126c-300x200.jpg 300w, https:\/\/ppdegalicia.com\/wp-content\/uploads\/2022\/08\/99f0a18506293c6cbf4d08bef9f4126c-1024x683.jpg 1024w, https:\/\/ppdegalicia.com\/wp-content\/uploads\/2022\/08\/99f0a18506293c6cbf4d08bef9f4126c-768x512.jpg 768w, https:\/\/ppdegalicia.com\/wp-content\/uploads\/2022\/08\/99f0a18506293c6cbf4d08bef9f4126c-1536x1024.jpg 1536w\" sizes=\"(max-width: 1900px) 100vw, 1900px\" \/><\/p>\n<p>Santiago, 3 de agosto de 2022.- O portavoz do Grupo Popular, Pedro Puy, avogou hoxe no debate de aprobaci\u00f3n do teito de gasto da Xunta para 2023 no Parlamento galego por \u201cun equilibrio entre non incrementar o gasto para conter a inflaci\u00f3n e non conter o gasto para evitar recesi\u00f3n\u201d. As\u00ed mesmo, amosou a disposici\u00f3n ao di\u00e1logo tanto na tramitaci\u00f3n dos orzamentos como na aprobaci\u00f3n do Plan Estrat\u00e9xico de Galicia 2022-2030.<\/p>\n<p><!--more--><\/p>\n<p>Pedro Puy iniciou a s\u00faa intervenci\u00f3n felicitando ao Goberno galego polo traballo realizado \u201ccon rigor e an\u00e1lise\u201d para a elaboraci\u00f3n deste teito de gasto, \u201cnun escenario macroecon\u00f3mico chego de incertezas logo dunha crise financeira, \u00e1 que seguiu o par\u00f3n da Covid-19 e que afrontamos agora coa guerra de Ucra\u00edna, que trouxo unha nova crise humanitaria e pol\u00edtica, pero que tam\u00e9n ten unha parte importante econ\u00f3mica\u201d.<\/p>\n<p>\u00a0<\/p>\n<p><strong>TRES FACTORES PARA O INCREMENTO<\/strong><\/p>\n<p>\u00a0<\/p>\n<p>Neste sentido, Puy lamentou que \u201cestamos nun contexto socioecon\u00f3mico no que Espa\u00f1a \u00e9 o \u00fanico pa\u00eds dos case 40 que integran a OCDE que non vai acadar os niveis econ\u00f3micos de prepandemia en 2024\u201d.<\/p>\n<p>\u00a0<\/p>\n<p>O portavoz popular explicou que \u201ctemos un teito de gasto a nivel da Administraci\u00f3n Xeral do Estado que medra polo incremento da inflaci\u00f3n, a creaci\u00f3n de novos tributos e porque hai un maior nivel de endebedamento autorizado\u201d. Diante desta situaci\u00f3n, afirmou que o Goberno central \u201cten moito que facer, porque o investimento vai depender dos fondos europeos\u201d, amosando a preocupaci\u00f3n tanto pola exclusi\u00f3n de Stellantis e da industria do mar das axudas europeas.<\/p>\n<p>\u00a0<\/p>\n<p>Respecto do reparto do d\u00e9ficit entre as administraci\u00f3ns, Pedro Puy criticou o reparto asim\u00e9trico realizado entre o Goberno do Estado, que se reserva o 3,9 por cento; fronte \u00e1s comunidades aut\u00f3nomas, \u00e1 que deixa o 0,3 por cento. \u201cEn definitiva, un 82 por cento da d\u00e9beda se reserva para o Estado, fronte a pouco m\u00e1is do 7 por cento para as comunidades aut\u00f3nomas\u201d, concretou.<\/p>\n<p>\u00a0<\/p>\n<p>Para rematar, salientou que \u201ca Xunta est\u00e1 a ser prudente cun teito de gasto que implica un incremento de 958 mill\u00f3ns de euros respecto a 2022\u201d e cualificou de \u201cfrustrante\u201d a valoraci\u00f3n realizada pola oposici\u00f3n, \u201cque levan meses pedindo 700 mill\u00f3ns para un plan de choque ou 200 mill\u00f3ns para a atenci\u00f3n primaria sanitaria, sen concretar de onde sacar\u00e1n estes cartos, pero agora se opo\u00f1en a unha suba do gasto en 958 mill\u00f3ns\u201d. <\/p>\n","protected":false},"excerpt":{"rendered":"<p>Santiago, 3 de agosto de 2022.- O portavoz do Grupo Popular, Pedro Puy, avogou hoxe no debate de aprobaci\u00f3n do teito de gasto da Xunta para 2023 no Parlamento galego por \u201cun equilibrio entre non incrementar o gasto para conter a inflaci\u00f3n e non conter o gasto para evitar recesi\u00f3n\u201d. As\u00ed mesmo, amosou a disposici\u00f3n [&hellip;]<\/p>\n","protected":false},"author":38,"featured_media":57320,"comment_status":"open","ping_status":"open","sticky":false,"template":"","format":"standard","meta":{"_acf_changed":false,"footnotes":""},"categories":[1],"tags":[],"class_list":["post-57321","post","type-post","status-publish","format-standard","has-post-thumbnail","hentry","category-pp-de-galicia"],"acf":[],"yoast_head":"<!-- This site is optimized with the Yoast SEO plugin v27.3 - https:\/\/yoast.com\/product\/yoast-seo-wordpress\/ -->\n<title>Pedro Puy avoga por un equilibrio entre \u201cnon incrementar o gasto para conter a inflaci\u00f3n e non conter o gasto para evitar a recesi\u00f3n\u201d - PP de Galicia<\/title>\n<meta name=\"robots\" content=\"index, follow, max-snippet:-1, max-image-preview:large, max-video-preview:-1\" \/>\n<link rel=\"canonical\" href=\"https:\/\/ppdegalicia.com\/es\/pedro-puy-avoga-por-un-equilibrio-entre-non-incrementar-o-gasto-para-conter-a-inflacion-e-non-conter-o-gasto-para-evitar-a-recesion\/\" \/>\n<meta property=\"og:locale\" content=\"es_ES\" \/>\n<meta property=\"og:type\" content=\"article\" \/>\n<meta property=\"og:title\" content=\"Pedro Puy avoga por un equilibrio entre \u201cnon incrementar o gasto para conter a inflaci\u00f3n e non conter o gasto para evitar a recesi\u00f3n\u201d - PP de Galicia\" \/>\n<meta property=\"og:description\" content=\"Santiago, 3 de agosto de 2022.- O portavoz do Grupo Popular, Pedro Puy, avogou hoxe no debate de aprobaci\u00f3n do teito de gasto da Xunta para 2023 no Parlamento galego por \u201cun equilibrio entre non incrementar o gasto para conter a inflaci\u00f3n e non conter o gasto para evitar recesi\u00f3n\u201d. As\u00ed mesmo, amosou a disposici\u00f3n [&hellip;]\" \/>\n<meta property=\"og:url\" content=\"https:\/\/ppdegalicia.com\/es\/pedro-puy-avoga-por-un-equilibrio-entre-non-incrementar-o-gasto-para-conter-a-inflacion-e-non-conter-o-gasto-para-evitar-a-recesion\/\" \/>\n<meta property=\"og:site_name\" content=\"PP de Galicia\" \/>\n<meta property=\"article:publisher\" content=\"https:\/\/www.instagram.com\/ppdegalicia\/\" \/>\n<meta property=\"article:published_time\" content=\"2022-08-03T11:17:41+00:00\" \/>\n<meta property=\"og:image\" content=\"https:\/\/ppdegalicia.com\/wp-content\/uploads\/2022\/08\/99f0a18506293c6cbf4d08bef9f4126c.jpg\" \/>\n\t<meta property=\"og:image:width\" content=\"1900\" \/>\n\t<meta property=\"og:image:height\" content=\"1267\" \/>\n\t<meta property=\"og:image:type\" content=\"image\/jpeg\" \/>\n<meta name=\"author\" content=\"ppdegaliciaredes\" \/>\n<meta name=\"twitter:card\" content=\"summary_large_image\" \/>\n<meta name=\"twitter:creator\" content=\"@ppdegalicia\" \/>\n<meta name=\"twitter:site\" content=\"@ppdegalicia\" \/>\n<meta name=\"twitter:label1\" content=\"Escrito por\" \/>\n\t<meta name=\"twitter:data1\" content=\"ppdegaliciaredes\" \/>\n\t<meta name=\"twitter:label2\" content=\"Tiempo de lectura\" \/>\n\t<meta name=\"twitter:data2\" content=\"2 minutos\" \/>\n<script type=\"application\/ld+json\" class=\"yoast-schema-graph\">{\"@context\":\"https:\\\/\\\/schema.org\",\"@graph\":[{\"@type\":\"Article\",\"@id\":\"https:\\\/\\\/ppdegalicia.com\\\/es\\\/pedro-puy-avoga-por-un-equilibrio-entre-non-incrementar-o-gasto-para-conter-a-inflacion-e-non-conter-o-gasto-para-evitar-a-recesion\\\/#article\",\"isPartOf\":{\"@id\":\"https:\\\/\\\/ppdegalicia.com\\\/es\\\/pedro-puy-avoga-por-un-equilibrio-entre-non-incrementar-o-gasto-para-conter-a-inflacion-e-non-conter-o-gasto-para-evitar-a-recesion\\\/\"},\"author\":{\"name\":\"ppdegaliciaredes\",\"@id\":\"https:\\\/\\\/ppdegalicia.com\\\/es\\\/#\\\/schema\\\/person\\\/5b822c6f59e872ebdd1142f307dbcb59\"},\"headline\":\"Pedro Puy avoga por un equilibrio entre \u201cnon incrementar o gasto para conter a inflaci\u00f3n e non conter o gasto para evitar a recesi\u00f3n\u201d\",\"datePublished\":\"2022-08-03T11:17:41+00:00\",\"mainEntityOfPage\":{\"@id\":\"https:\\\/\\\/ppdegalicia.com\\\/es\\\/pedro-puy-avoga-por-un-equilibrio-entre-non-incrementar-o-gasto-para-conter-a-inflacion-e-non-conter-o-gasto-para-evitar-a-recesion\\\/\"},\"wordCount\":439,\"commentCount\":0,\"publisher\":{\"@id\":\"https:\\\/\\\/ppdegalicia.com\\\/es\\\/#organization\"},\"image\":{\"@id\":\"https:\\\/\\\/ppdegalicia.com\\\/es\\\/pedro-puy-avoga-por-un-equilibrio-entre-non-incrementar-o-gasto-para-conter-a-inflacion-e-non-conter-o-gasto-para-evitar-a-recesion\\\/#primaryimage\"},\"thumbnailUrl\":\"https:\\\/\\\/ppdegalicia.com\\\/wp-content\\\/uploads\\\/2022\\\/08\\\/99f0a18506293c6cbf4d08bef9f4126c.jpg\",\"articleSection\":[\"PP de Galicia\"],\"inLanguage\":\"es\",\"potentialAction\":[{\"@type\":\"CommentAction\",\"name\":\"Comment\",\"target\":[\"https:\\\/\\\/ppdegalicia.com\\\/es\\\/pedro-puy-avoga-por-un-equilibrio-entre-non-incrementar-o-gasto-para-conter-a-inflacion-e-non-conter-o-gasto-para-evitar-a-recesion\\\/#respond\"]}]},{\"@type\":\"WebPage\",\"@id\":\"https:\\\/\\\/ppdegalicia.com\\\/es\\\/pedro-puy-avoga-por-un-equilibrio-entre-non-incrementar-o-gasto-para-conter-a-inflacion-e-non-conter-o-gasto-para-evitar-a-recesion\\\/\",\"url\":\"https:\\\/\\\/ppdegalicia.com\\\/es\\\/pedro-puy-avoga-por-un-equilibrio-entre-non-incrementar-o-gasto-para-conter-a-inflacion-e-non-conter-o-gasto-para-evitar-a-recesion\\\/\",\"name\":\"Pedro Puy avoga por un equilibrio entre \u201cnon incrementar o gasto para conter a inflaci\u00f3n e non conter o gasto para evitar a recesi\u00f3n\u201d - PP de Galicia\",\"isPartOf\":{\"@id\":\"https:\\\/\\\/ppdegalicia.com\\\/es\\\/#website\"},\"primaryImageOfPage\":{\"@id\":\"https:\\\/\\\/ppdegalicia.com\\\/es\\\/pedro-puy-avoga-por-un-equilibrio-entre-non-incrementar-o-gasto-para-conter-a-inflacion-e-non-conter-o-gasto-para-evitar-a-recesion\\\/#primaryimage\"},\"image\":{\"@id\":\"https:\\\/\\\/ppdegalicia.com\\\/es\\\/pedro-puy-avoga-por-un-equilibrio-entre-non-incrementar-o-gasto-para-conter-a-inflacion-e-non-conter-o-gasto-para-evitar-a-recesion\\\/#primaryimage\"},\"thumbnailUrl\":\"https:\\\/\\\/ppdegalicia.com\\\/wp-content\\\/uploads\\\/2022\\\/08\\\/99f0a18506293c6cbf4d08bef9f4126c.jpg\",\"datePublished\":\"2022-08-03T11:17:41+00:00\",\"breadcrumb\":{\"@id\":\"https:\\\/\\\/ppdegalicia.com\\\/es\\\/pedro-puy-avoga-por-un-equilibrio-entre-non-incrementar-o-gasto-para-conter-a-inflacion-e-non-conter-o-gasto-para-evitar-a-recesion\\\/#breadcrumb\"},\"inLanguage\":\"es\",\"potentialAction\":[{\"@type\":\"ReadAction\",\"target\":[\"https:\\\/\\\/ppdegalicia.com\\\/es\\\/pedro-puy-avoga-por-un-equilibrio-entre-non-incrementar-o-gasto-para-conter-a-inflacion-e-non-conter-o-gasto-para-evitar-a-recesion\\\/\"]}]},{\"@type\":\"ImageObject\",\"inLanguage\":\"es\",\"@id\":\"https:\\\/\\\/ppdegalicia.com\\\/es\\\/pedro-puy-avoga-por-un-equilibrio-entre-non-incrementar-o-gasto-para-conter-a-inflacion-e-non-conter-o-gasto-para-evitar-a-recesion\\\/#primaryimage\",\"url\":\"https:\\\/\\\/ppdegalicia.com\\\/wp-content\\\/uploads\\\/2022\\\/08\\\/99f0a18506293c6cbf4d08bef9f4126c.jpg\",\"contentUrl\":\"https:\\\/\\\/ppdegalicia.com\\\/wp-content\\\/uploads\\\/2022\\\/08\\\/99f0a18506293c6cbf4d08bef9f4126c.jpg\",\"width\":1900,\"height\":1267},{\"@type\":\"BreadcrumbList\",\"@id\":\"https:\\\/\\\/ppdegalicia.com\\\/es\\\/pedro-puy-avoga-por-un-equilibrio-entre-non-incrementar-o-gasto-para-conter-a-inflacion-e-non-conter-o-gasto-para-evitar-a-recesion\\\/#breadcrumb\",\"itemListElement\":[{\"@type\":\"ListItem\",\"position\":1,\"name\":\"Portada\",\"item\":\"https:\\\/\\\/ppdegalicia.com\\\/es\\\/\"},{\"@type\":\"ListItem\",\"position\":2,\"name\":\"Pedro Puy avoga por un equilibrio entre \u201cnon incrementar o gasto para conter a inflaci\u00f3n e non conter o gasto para evitar a recesi\u00f3n\u201d\"}]},{\"@type\":\"WebSite\",\"@id\":\"https:\\\/\\\/ppdegalicia.com\\\/es\\\/#website\",\"url\":\"https:\\\/\\\/ppdegalicia.com\\\/es\\\/\",\"name\":\"Partido Popular de Galicia\",\"description\":\"Partido Popular de Galicia\",\"publisher\":{\"@id\":\"https:\\\/\\\/ppdegalicia.com\\\/es\\\/#organization\"},\"alternateName\":\"PP de Galicia\",\"potentialAction\":[{\"@type\":\"SearchAction\",\"target\":{\"@type\":\"EntryPoint\",\"urlTemplate\":\"https:\\\/\\\/ppdegalicia.com\\\/es\\\/?s={search_term_string}\"},\"query-input\":{\"@type\":\"PropertyValueSpecification\",\"valueRequired\":true,\"valueName\":\"search_term_string\"}}],\"inLanguage\":\"es\"},{\"@type\":\"Organization\",\"@id\":\"https:\\\/\\\/ppdegalicia.com\\\/es\\\/#organization\",\"name\":\"Partido Popular de Galicia\",\"alternateName\":\"PP de Galicia\",\"url\":\"https:\\\/\\\/ppdegalicia.com\\\/es\\\/\",\"logo\":{\"@type\":\"ImageObject\",\"inLanguage\":\"es\",\"@id\":\"https:\\\/\\\/ppdegalicia.com\\\/es\\\/#\\\/schema\\\/logo\\\/image\\\/\",\"url\":\"https:\\\/\\\/ppdegalicia.com\\\/wp-content\\\/uploads\\\/2023\\\/04\\\/logoPP512.png\",\"contentUrl\":\"https:\\\/\\\/ppdegalicia.com\\\/wp-content\\\/uploads\\\/2023\\\/04\\\/logoPP512.png\",\"width\":512,\"height\":512,\"caption\":\"Partido Popular de Galicia\"},\"image\":{\"@id\":\"https:\\\/\\\/ppdegalicia.com\\\/es\\\/#\\\/schema\\\/logo\\\/image\\\/\"},\"sameAs\":[\"https:\\\/\\\/www.instagram.com\\\/ppdegalicia\\\/\",\"https:\\\/\\\/x.com\\\/ppdegalicia\",\"https:\\\/\\\/www.tiktok.com\\\/@ppdegalicia\",\"https:\\\/\\\/www.youtube.com\\\/user\\\/ppdegalicia\"]},{\"@type\":\"Person\",\"@id\":\"https:\\\/\\\/ppdegalicia.com\\\/es\\\/#\\\/schema\\\/person\\\/5b822c6f59e872ebdd1142f307dbcb59\",\"name\":\"ppdegaliciaredes\",\"image\":{\"@type\":\"ImageObject\",\"inLanguage\":\"es\",\"@id\":\"https:\\\/\\\/secure.gravatar.com\\\/avatar\\\/3c9179cf0256d00c72a48d1f25783c58b6842cd56e85ef3a572881c8e28ccd59?s=96&d=mm&r=g\",\"url\":\"https:\\\/\\\/secure.gravatar.com\\\/avatar\\\/3c9179cf0256d00c72a48d1f25783c58b6842cd56e85ef3a572881c8e28ccd59?s=96&d=mm&r=g\",\"contentUrl\":\"https:\\\/\\\/secure.gravatar.com\\\/avatar\\\/3c9179cf0256d00c72a48d1f25783c58b6842cd56e85ef3a572881c8e28ccd59?s=96&d=mm&r=g\",\"caption\":\"ppdegaliciaredes\"},\"url\":\"https:\\\/\\\/ppdegalicia.com\\\/es\\\/author\\\/ppdegaliciaredes\\\/\"}]}<\/script>\n<!-- \/ Yoast SEO plugin. -->","yoast_head_json":{"title":"Pedro Puy avoga por un equilibrio entre \u201cnon incrementar o gasto para conter a inflaci\u00f3n e non conter o gasto para evitar a recesi\u00f3n\u201d - PP de Galicia","robots":{"index":"index","follow":"follow","max-snippet":"max-snippet:-1","max-image-preview":"max-image-preview:large","max-video-preview":"max-video-preview:-1"},"canonical":"https:\/\/ppdegalicia.com\/es\/pedro-puy-avoga-por-un-equilibrio-entre-non-incrementar-o-gasto-para-conter-a-inflacion-e-non-conter-o-gasto-para-evitar-a-recesion\/","og_locale":"es_ES","og_type":"article","og_title":"Pedro Puy avoga por un equilibrio entre \u201cnon incrementar o gasto para conter a inflaci\u00f3n e non conter o gasto para evitar a recesi\u00f3n\u201d - PP de Galicia","og_description":"Santiago, 3 de agosto de 2022.- O portavoz do Grupo Popular, Pedro Puy, avogou hoxe no debate de aprobaci\u00f3n do teito de gasto da Xunta para 2023 no Parlamento galego por \u201cun equilibrio entre non incrementar o gasto para conter a inflaci\u00f3n e non conter o gasto para evitar recesi\u00f3n\u201d. As\u00ed mesmo, amosou a disposici\u00f3n [&hellip;]","og_url":"https:\/\/ppdegalicia.com\/es\/pedro-puy-avoga-por-un-equilibrio-entre-non-incrementar-o-gasto-para-conter-a-inflacion-e-non-conter-o-gasto-para-evitar-a-recesion\/","og_site_name":"PP de Galicia","article_publisher":"https:\/\/www.instagram.com\/ppdegalicia\/","article_published_time":"2022-08-03T11:17:41+00:00","og_image":[{"width":1900,"height":1267,"url":"https:\/\/ppdegalicia.com\/wp-content\/uploads\/2022\/08\/99f0a18506293c6cbf4d08bef9f4126c.jpg","type":"image\/jpeg"}],"author":"ppdegaliciaredes","twitter_card":"summary_large_image","twitter_creator":"@ppdegalicia","twitter_site":"@ppdegalicia","twitter_misc":{"Escrito por":"ppdegaliciaredes","Tiempo de lectura":"2 minutos"},"schema":{"@context":"https:\/\/schema.org","@graph":[{"@type":"Article","@id":"https:\/\/ppdegalicia.com\/es\/pedro-puy-avoga-por-un-equilibrio-entre-non-incrementar-o-gasto-para-conter-a-inflacion-e-non-conter-o-gasto-para-evitar-a-recesion\/#article","isPartOf":{"@id":"https:\/\/ppdegalicia.com\/es\/pedro-puy-avoga-por-un-equilibrio-entre-non-incrementar-o-gasto-para-conter-a-inflacion-e-non-conter-o-gasto-para-evitar-a-recesion\/"},"author":{"name":"ppdegaliciaredes","@id":"https:\/\/ppdegalicia.com\/es\/#\/schema\/person\/5b822c6f59e872ebdd1142f307dbcb59"},"headline":"Pedro Puy avoga por un equilibrio entre \u201cnon incrementar o gasto para conter a inflaci\u00f3n e non conter o gasto para evitar a recesi\u00f3n\u201d","datePublished":"2022-08-03T11:17:41+00:00","mainEntityOfPage":{"@id":"https:\/\/ppdegalicia.com\/es\/pedro-puy-avoga-por-un-equilibrio-entre-non-incrementar-o-gasto-para-conter-a-inflacion-e-non-conter-o-gasto-para-evitar-a-recesion\/"},"wordCount":439,"commentCount":0,"publisher":{"@id":"https:\/\/ppdegalicia.com\/es\/#organization"},"image":{"@id":"https:\/\/ppdegalicia.com\/es\/pedro-puy-avoga-por-un-equilibrio-entre-non-incrementar-o-gasto-para-conter-a-inflacion-e-non-conter-o-gasto-para-evitar-a-recesion\/#primaryimage"},"thumbnailUrl":"https:\/\/ppdegalicia.com\/wp-content\/uploads\/2022\/08\/99f0a18506293c6cbf4d08bef9f4126c.jpg","articleSection":["PP de Galicia"],"inLanguage":"es","potentialAction":[{"@type":"CommentAction","name":"Comment","target":["https:\/\/ppdegalicia.com\/es\/pedro-puy-avoga-por-un-equilibrio-entre-non-incrementar-o-gasto-para-conter-a-inflacion-e-non-conter-o-gasto-para-evitar-a-recesion\/#respond"]}]},{"@type":"WebPage","@id":"https:\/\/ppdegalicia.com\/es\/pedro-puy-avoga-por-un-equilibrio-entre-non-incrementar-o-gasto-para-conter-a-inflacion-e-non-conter-o-gasto-para-evitar-a-recesion\/","url":"https:\/\/ppdegalicia.com\/es\/pedro-puy-avoga-por-un-equilibrio-entre-non-incrementar-o-gasto-para-conter-a-inflacion-e-non-conter-o-gasto-para-evitar-a-recesion\/","name":"Pedro Puy avoga por un equilibrio entre \u201cnon incrementar o gasto para conter a inflaci\u00f3n e non conter o gasto para evitar a recesi\u00f3n\u201d - PP de Galicia","isPartOf":{"@id":"https:\/\/ppdegalicia.com\/es\/#website"},"primaryImageOfPage":{"@id":"https:\/\/ppdegalicia.com\/es\/pedro-puy-avoga-por-un-equilibrio-entre-non-incrementar-o-gasto-para-conter-a-inflacion-e-non-conter-o-gasto-para-evitar-a-recesion\/#primaryimage"},"image":{"@id":"https:\/\/ppdegalicia.com\/es\/pedro-puy-avoga-por-un-equilibrio-entre-non-incrementar-o-gasto-para-conter-a-inflacion-e-non-conter-o-gasto-para-evitar-a-recesion\/#primaryimage"},"thumbnailUrl":"https:\/\/ppdegalicia.com\/wp-content\/uploads\/2022\/08\/99f0a18506293c6cbf4d08bef9f4126c.jpg","datePublished":"2022-08-03T11:17:41+00:00","breadcrumb":{"@id":"https:\/\/ppdegalicia.com\/es\/pedro-puy-avoga-por-un-equilibrio-entre-non-incrementar-o-gasto-para-conter-a-inflacion-e-non-conter-o-gasto-para-evitar-a-recesion\/#breadcrumb"},"inLanguage":"es","potentialAction":[{"@type":"ReadAction","target":["https:\/\/ppdegalicia.com\/es\/pedro-puy-avoga-por-un-equilibrio-entre-non-incrementar-o-gasto-para-conter-a-inflacion-e-non-conter-o-gasto-para-evitar-a-recesion\/"]}]},{"@type":"ImageObject","inLanguage":"es","@id":"https:\/\/ppdegalicia.com\/es\/pedro-puy-avoga-por-un-equilibrio-entre-non-incrementar-o-gasto-para-conter-a-inflacion-e-non-conter-o-gasto-para-evitar-a-recesion\/#primaryimage","url":"https:\/\/ppdegalicia.com\/wp-content\/uploads\/2022\/08\/99f0a18506293c6cbf4d08bef9f4126c.jpg","contentUrl":"https:\/\/ppdegalicia.com\/wp-content\/uploads\/2022\/08\/99f0a18506293c6cbf4d08bef9f4126c.jpg","width":1900,"height":1267},{"@type":"BreadcrumbList","@id":"https:\/\/ppdegalicia.com\/es\/pedro-puy-avoga-por-un-equilibrio-entre-non-incrementar-o-gasto-para-conter-a-inflacion-e-non-conter-o-gasto-para-evitar-a-recesion\/#breadcrumb","itemListElement":[{"@type":"ListItem","position":1,"name":"Portada","item":"https:\/\/ppdegalicia.com\/es\/"},{"@type":"ListItem","position":2,"name":"Pedro Puy avoga por un equilibrio entre \u201cnon incrementar o gasto para conter a inflaci\u00f3n e non conter o gasto para evitar a recesi\u00f3n\u201d"}]},{"@type":"WebSite","@id":"https:\/\/ppdegalicia.com\/es\/#website","url":"https:\/\/ppdegalicia.com\/es\/","name":"Partido Popular de Galicia","description":"Partido Popular de Galicia","publisher":{"@id":"https:\/\/ppdegalicia.com\/es\/#organization"},"alternateName":"PP de Galicia","potentialAction":[{"@type":"SearchAction","target":{"@type":"EntryPoint","urlTemplate":"https:\/\/ppdegalicia.com\/es\/?s={search_term_string}"},"query-input":{"@type":"PropertyValueSpecification","valueRequired":true,"valueName":"search_term_string"}}],"inLanguage":"es"},{"@type":"Organization","@id":"https:\/\/ppdegalicia.com\/es\/#organization","name":"Partido Popular de Galicia","alternateName":"PP de Galicia","url":"https:\/\/ppdegalicia.com\/es\/","logo":{"@type":"ImageObject","inLanguage":"es","@id":"https:\/\/ppdegalicia.com\/es\/#\/schema\/logo\/image\/","url":"https:\/\/ppdegalicia.com\/wp-content\/uploads\/2023\/04\/logoPP512.png","contentUrl":"https:\/\/ppdegalicia.com\/wp-content\/uploads\/2023\/04\/logoPP512.png","width":512,"height":512,"caption":"Partido Popular de Galicia"},"image":{"@id":"https:\/\/ppdegalicia.com\/es\/#\/schema\/logo\/image\/"},"sameAs":["https:\/\/www.instagram.com\/ppdegalicia\/","https:\/\/x.com\/ppdegalicia","https:\/\/www.tiktok.com\/@ppdegalicia","https:\/\/www.youtube.com\/user\/ppdegalicia"]},{"@type":"Person","@id":"https:\/\/ppdegalicia.com\/es\/#\/schema\/person\/5b822c6f59e872ebdd1142f307dbcb59","name":"ppdegaliciaredes","image":{"@type":"ImageObject","inLanguage":"es","@id":"https:\/\/secure.gravatar.com\/avatar\/3c9179cf0256d00c72a48d1f25783c58b6842cd56e85ef3a572881c8e28ccd59?s=96&d=mm&r=g","url":"https:\/\/secure.gravatar.com\/avatar\/3c9179cf0256d00c72a48d1f25783c58b6842cd56e85ef3a572881c8e28ccd59?s=96&d=mm&r=g","contentUrl":"https:\/\/secure.gravatar.com\/avatar\/3c9179cf0256d00c72a48d1f25783c58b6842cd56e85ef3a572881c8e28ccd59?s=96&d=mm&r=g","caption":"ppdegaliciaredes"},"url":"https:\/\/ppdegalicia.com\/es\/author\/ppdegaliciaredes\/"}]}},"_links":{"self":[{"href":"https:\/\/ppdegalicia.com\/es\/wp-json\/wp\/v2\/posts\/57321","targetHints":{"allow":["GET"]}}],"collection":[{"href":"https:\/\/ppdegalicia.com\/es\/wp-json\/wp\/v2\/posts"}],"about":[{"href":"https:\/\/ppdegalicia.com\/es\/wp-json\/wp\/v2\/types\/post"}],"author":[{"embeddable":true,"href":"https:\/\/ppdegalicia.com\/es\/wp-json\/wp\/v2\/users\/38"}],"replies":[{"embeddable":true,"href":"https:\/\/ppdegalicia.com\/es\/wp-json\/wp\/v2\/comments?post=57321"}],"version-history":[{"count":0,"href":"https:\/\/ppdegalicia.com\/es\/wp-json\/wp\/v2\/posts\/57321\/revisions"}],"wp:featuredmedia":[{"embeddable":true,"href":"https:\/\/ppdegalicia.com\/es\/wp-json\/wp\/v2\/media\/57320"}],"wp:attachment":[{"href":"https:\/\/ppdegalicia.com\/es\/wp-json\/wp\/v2\/media?parent=57321"}],"wp:term":[{"taxonomy":"category","embeddable":true,"href":"https:\/\/ppdegalicia.com\/es\/wp-json\/wp\/v2\/categories?post=57321"},{"taxonomy":"post_tag","embeddable":true,"href":"https:\/\/ppdegalicia.com\/es\/wp-json\/wp\/v2\/tags?post=57321"}],"curies":[{"name":"wp","href":"https:\/\/api.w.org\/{rel}","templated":true}]}}