{"id":57325,"date":"2022-08-05T12:57:29","date_gmt":"2022-08-05T10:57:29","guid":{"rendered":"https:\/\/ppdegalicia.com\/o-pp-comprometese-a-contar-coa-mocidade-na-sua-lista-electoral-da-coruna-e-a-formula-para-que-as-suas-propostas-sexan-unha-realidade\/"},"modified":"2022-08-05T12:57:29","modified_gmt":"2022-08-05T10:57:29","slug":"o-pp-comprometese-a-contar-coa-mocidade-na-sua-lista-electoral-da-coruna-e-a-formula-para-que-as-suas-propostas-sexan-unha-realidade","status":"publish","type":"post","link":"https:\/\/ppdegalicia.com\/es\/o-pp-comprometese-a-contar-coa-mocidade-na-sua-lista-electoral-da-coruna-e-a-formula-para-que-as-suas-propostas-sexan-unha-realidade\/","title":{"rendered":"O PP comprom\u00e9tese a contar coa mocidade na s\u00faa lista electoral da Coru\u00f1a: \u201c\u00c9 a f\u00f3rmula para que as s\u00faas propostas sexan unha realidade\u201d"},"content":{"rendered":"<p><img fetchpriority=\"high\" decoding=\"async\" class=\" size-full wp-image-57324\" src=\"https:\/\/ppdegalicia.com\/wp-content\/uploads\/2022\/08\/e59e6e463a6daabbb326c612f9aeb4de-scaled.jpg\" alt=\"\" width=\"2560\" height=\"1708\" srcset=\"https:\/\/ppdegalicia.com\/wp-content\/uploads\/2022\/08\/e59e6e463a6daabbb326c612f9aeb4de-scaled.jpg 2560w, https:\/\/ppdegalicia.com\/wp-content\/uploads\/2022\/08\/e59e6e463a6daabbb326c612f9aeb4de-300x200.jpg 300w, https:\/\/ppdegalicia.com\/wp-content\/uploads\/2022\/08\/e59e6e463a6daabbb326c612f9aeb4de-1024x683.jpg 1024w, https:\/\/ppdegalicia.com\/wp-content\/uploads\/2022\/08\/e59e6e463a6daabbb326c612f9aeb4de-768x512.jpg 768w, https:\/\/ppdegalicia.com\/wp-content\/uploads\/2022\/08\/e59e6e463a6daabbb326c612f9aeb4de-1536x1025.jpg 1536w, https:\/\/ppdegalicia.com\/wp-content\/uploads\/2022\/08\/e59e6e463a6daabbb326c612f9aeb4de-2048x1366.jpg 2048w\" sizes=\"(max-width: 2560px) 100vw, 2560px\" \/><\/p>\n<p style=\"text-align: justify;\">Paula Prado e Miguel Lorenzo reun\u00edronse con membros de Novas Xeraci\u00f3ns da cidade<\/p>\n<p><!--more--><\/p>\n<p style=\"text-align: justify;\">A secretaria xeral dos populares galegos, Paula Prado, e o presidente local, Miguel Lorenzo, compromet\u00e9ronse hoxe a contar coa mocidade da Coru\u00f1a na lista electoral que presentar\u00e1 o PP na cidade de cara \u00e1s elecci\u00f3ns municipais. \u201c\u00c9 a f\u00f3rmula para que as s\u00faas propostas sexan unha realidade\u201d, salientou Prado.\u00a0<\/p>\n<p style=\"text-align: justify;\">A secretaria xeral e o presidente local reun\u00edronse este mediod\u00eda con membros de Novas Xeraci\u00f3ns da urbe herculina. A n\u00famero dous auton\u00f3mica constatou as\u00ed que o Partido Popular \u201cten futuro\u201d e adiantou que isto se reflectir\u00e1 en toda Galicia nos vindeiros comicios locais.<\/p>\n<p style=\"text-align: justify;\">\u00a0<\/p>\n<p style=\"text-align: justify;\">De feito, Prado sinalou que o compromiso do partido coa mocidade \u201cxa \u00e9 unha realidade desde o Goberno galego\u201d. Isto dem\u00f3strase desde a Xunta, dixo, conxelando as taxas universitarias; co bus interurbano gratu\u00edto ata os 21 anos; coa extensi\u00f3n do Carn\u00e9 Xove; ou coa maior oferta de prazas de campamentos de ver\u00e1n. \u201cIso todo sumado aos proxectos empresariais para fomentar a creaci\u00f3n de emprego e sobre todo o emprego dos m\u00e1is novos\u201d, engadiu.<\/p>\n<p style=\"text-align: justify;\">\u00a0<\/p>\n<p style=\"text-align: justify;\">Pola s\u00faa banda, Miguel Lorenzo asegurou ser consciente da \u201cfalta de oportunidades\u201d dos m\u00e1is novos, de que \u201cmoitos acaban sa\u00edndo da cidade para buscar traballo\u201d e de que tam\u00e9n hai \u201cun problema grave de vivenda\u201d. \u201cImos incidir no noso programa en pol\u00edticas que propicien que os mozos non se atopen ante este problema actual\u201d, incidiu.<\/p>\n<p style=\"text-align: justify;\">\u00a0<\/p>\n<p style=\"text-align: justify;\">As\u00ed mesmo, o presidente local apuntou un dato de que un de catro parados menores de 25 anos na Uni\u00f3n Europea \u00e9 espa\u00f1ol. Por este motivo, considera que \u201cexiste un problema ao que hai que darlle soluci\u00f3n\u201d. \u201cNon podemos perder o talento nin investir en formaci\u00f3n para que despois a xente se vaia da Coru\u00f1a\u201d, abundou.<\/p>\n<p style=\"text-align: justify;\">\u00a0<\/p>\n<p style=\"text-align: justify;\"><strong><u>DESCONEXI\u00d3N DE S\u00c1NCHEZ CON GALICIA E A CORU\u00d1A<\/u><\/strong><\/p>\n<p style=\"text-align: justify;\">Por outra banda, Paula Prado lamentou que esa atenci\u00f3n \u00e1 xuventude non exista non Goberno central, algo que exemplificou no atraso da chegada dos trens Avril \u00e1 Comunidade. \u201cS\u00e1nchez est\u00e1 castigando Galicia e \u00e1 Coru\u00f1a. N\u00f3s \u00edmoslle pedir que cumpra o seu compromiso, porque non merecemos esa desconexi\u00f3n\u201d, dixo, e ironizou con que \u201cos trens Avril parece que non van chegar nin sequera no mes do seu propio nome, en abril de 2023\u201d.<\/p>\n<p style=\"text-align: justify;\">\u00a0<\/p>\n<p style=\"text-align: justify;\">Un dos m\u00e1is activos con esta petici\u00f3n \u00e9 precisamente Miguel Lorenzo, a trav\u00e9s de iniciativas no Senado. Esta mesma semana, o presidente local foi ratificado como candidato \u00e1 alcald\u00eda da cidade, polo que Prado augurou \u201cboas novas\u201d o d\u00eda dos comicios locais: \u201cO 28 de maio de 2023 A Coru\u00f1a ser\u00e1 popular e teremos a Miguel Lorenzo de alcalde\u201d.<\/p>\n<p style=\"text-align: justify;\">\u00a0<\/p>\n<p style=\"text-align: justify;\">\u201cA cidade merece un goberno estable e non un goberno como o actual preocupado unicamente polas s\u00faas liortas internas. A Coru\u00f1a merece un goberno serio, comprometido coa cidade e que lle dea estabilidade. Iso pode achegalo o Partido Popular, e Miguel Lorenzo e o seu equipo est\u00e1n absolutamente preparados para iso\u201d, conclu\u00edu a secretaria xeral.<\/p>\n","protected":false},"excerpt":{"rendered":"<p>Paula Prado e Miguel Lorenzo reun\u00edronse con membros de Novas Xeraci\u00f3ns da cidade<\/p>\n","protected":false},"author":38,"featured_media":57324,"comment_status":"open","ping_status":"open","sticky":false,"template":"","format":"standard","meta":{"_acf_changed":false,"footnotes":""},"categories":[1],"tags":[],"class_list":["post-57325","post","type-post","status-publish","format-standard","has-post-thumbnail","hentry","category-pp-de-galicia"],"acf":[],"yoast_head":"<!-- This site is optimized with the Yoast SEO plugin v27.3 - https:\/\/yoast.com\/product\/yoast-seo-wordpress\/ -->\n<title>O PP comprom\u00e9tese a contar coa mocidade na s\u00faa lista electoral da Coru\u00f1a: \u201c\u00c9 a f\u00f3rmula para que as s\u00faas propostas sexan unha realidade\u201d - PP de Galicia<\/title>\n<meta name=\"robots\" content=\"index, follow, max-snippet:-1, max-image-preview:large, max-video-preview:-1\" \/>\n<link rel=\"canonical\" href=\"https:\/\/ppdegalicia.com\/es\/o-pp-comprometese-a-contar-coa-mocidade-na-sua-lista-electoral-da-coruna-e-a-formula-para-que-as-suas-propostas-sexan-unha-realidade\/\" \/>\n<meta property=\"og:locale\" content=\"es_ES\" \/>\n<meta property=\"og:type\" content=\"article\" \/>\n<meta property=\"og:title\" content=\"O PP comprom\u00e9tese a contar coa mocidade na s\u00faa lista electoral da Coru\u00f1a: \u201c\u00c9 a f\u00f3rmula para que as s\u00faas propostas sexan unha realidade\u201d - PP de Galicia\" \/>\n<meta property=\"og:description\" content=\"Paula Prado e Miguel Lorenzo reun\u00edronse con membros de Novas Xeraci\u00f3ns da cidade\" \/>\n<meta property=\"og:url\" content=\"https:\/\/ppdegalicia.com\/es\/o-pp-comprometese-a-contar-coa-mocidade-na-sua-lista-electoral-da-coruna-e-a-formula-para-que-as-suas-propostas-sexan-unha-realidade\/\" \/>\n<meta property=\"og:site_name\" content=\"PP de Galicia\" \/>\n<meta property=\"article:publisher\" content=\"https:\/\/www.instagram.com\/ppdegalicia\/\" \/>\n<meta property=\"article:published_time\" content=\"2022-08-05T10:57:29+00:00\" \/>\n<meta property=\"og:image\" content=\"https:\/\/ppdegalicia.com\/wp-content\/uploads\/2022\/08\/e59e6e463a6daabbb326c612f9aeb4de-scaled.jpg\" \/>\n\t<meta property=\"og:image:width\" content=\"2560\" \/>\n\t<meta property=\"og:image:height\" content=\"1708\" \/>\n\t<meta property=\"og:image:type\" content=\"image\/jpeg\" \/>\n<meta name=\"author\" content=\"ppdegaliciaredes\" \/>\n<meta name=\"twitter:card\" content=\"summary_large_image\" \/>\n<meta name=\"twitter:creator\" content=\"@ppdegalicia\" \/>\n<meta name=\"twitter:site\" content=\"@ppdegalicia\" \/>\n<meta name=\"twitter:label1\" content=\"Escrito por\" \/>\n\t<meta name=\"twitter:data1\" content=\"ppdegaliciaredes\" \/>\n\t<meta name=\"twitter:label2\" content=\"Tiempo de lectura\" \/>\n\t<meta name=\"twitter:data2\" content=\"3 minutos\" \/>\n<script type=\"application\/ld+json\" class=\"yoast-schema-graph\">{\"@context\":\"https:\\\/\\\/schema.org\",\"@graph\":[{\"@type\":\"Article\",\"@id\":\"https:\\\/\\\/ppdegalicia.com\\\/es\\\/o-pp-comprometese-a-contar-coa-mocidade-na-sua-lista-electoral-da-coruna-e-a-formula-para-que-as-suas-propostas-sexan-unha-realidade\\\/#article\",\"isPartOf\":{\"@id\":\"https:\\\/\\\/ppdegalicia.com\\\/es\\\/o-pp-comprometese-a-contar-coa-mocidade-na-sua-lista-electoral-da-coruna-e-a-formula-para-que-as-suas-propostas-sexan-unha-realidade\\\/\"},\"author\":{\"name\":\"ppdegaliciaredes\",\"@id\":\"https:\\\/\\\/ppdegalicia.com\\\/es\\\/#\\\/schema\\\/person\\\/5b822c6f59e872ebdd1142f307dbcb59\"},\"headline\":\"O PP comprom\u00e9tese a contar coa mocidade na s\u00faa lista electoral da Coru\u00f1a: \u201c\u00c9 a f\u00f3rmula para que as s\u00faas propostas sexan unha realidade\u201d\",\"datePublished\":\"2022-08-05T10:57:29+00:00\",\"mainEntityOfPage\":{\"@id\":\"https:\\\/\\\/ppdegalicia.com\\\/es\\\/o-pp-comprometese-a-contar-coa-mocidade-na-sua-lista-electoral-da-coruna-e-a-formula-para-que-as-suas-propostas-sexan-unha-realidade\\\/\"},\"wordCount\":545,\"commentCount\":0,\"publisher\":{\"@id\":\"https:\\\/\\\/ppdegalicia.com\\\/es\\\/#organization\"},\"image\":{\"@id\":\"https:\\\/\\\/ppdegalicia.com\\\/es\\\/o-pp-comprometese-a-contar-coa-mocidade-na-sua-lista-electoral-da-coruna-e-a-formula-para-que-as-suas-propostas-sexan-unha-realidade\\\/#primaryimage\"},\"thumbnailUrl\":\"https:\\\/\\\/ppdegalicia.com\\\/wp-content\\\/uploads\\\/2022\\\/08\\\/e59e6e463a6daabbb326c612f9aeb4de-scaled.jpg\",\"articleSection\":[\"PP de Galicia\"],\"inLanguage\":\"es\",\"potentialAction\":[{\"@type\":\"CommentAction\",\"name\":\"Comment\",\"target\":[\"https:\\\/\\\/ppdegalicia.com\\\/es\\\/o-pp-comprometese-a-contar-coa-mocidade-na-sua-lista-electoral-da-coruna-e-a-formula-para-que-as-suas-propostas-sexan-unha-realidade\\\/#respond\"]}]},{\"@type\":\"WebPage\",\"@id\":\"https:\\\/\\\/ppdegalicia.com\\\/es\\\/o-pp-comprometese-a-contar-coa-mocidade-na-sua-lista-electoral-da-coruna-e-a-formula-para-que-as-suas-propostas-sexan-unha-realidade\\\/\",\"url\":\"https:\\\/\\\/ppdegalicia.com\\\/es\\\/o-pp-comprometese-a-contar-coa-mocidade-na-sua-lista-electoral-da-coruna-e-a-formula-para-que-as-suas-propostas-sexan-unha-realidade\\\/\",\"name\":\"O PP comprom\u00e9tese a contar coa mocidade na s\u00faa lista electoral da Coru\u00f1a: \u201c\u00c9 a f\u00f3rmula para que as s\u00faas propostas sexan unha realidade\u201d - PP de Galicia\",\"isPartOf\":{\"@id\":\"https:\\\/\\\/ppdegalicia.com\\\/es\\\/#website\"},\"primaryImageOfPage\":{\"@id\":\"https:\\\/\\\/ppdegalicia.com\\\/es\\\/o-pp-comprometese-a-contar-coa-mocidade-na-sua-lista-electoral-da-coruna-e-a-formula-para-que-as-suas-propostas-sexan-unha-realidade\\\/#primaryimage\"},\"image\":{\"@id\":\"https:\\\/\\\/ppdegalicia.com\\\/es\\\/o-pp-comprometese-a-contar-coa-mocidade-na-sua-lista-electoral-da-coruna-e-a-formula-para-que-as-suas-propostas-sexan-unha-realidade\\\/#primaryimage\"},\"thumbnailUrl\":\"https:\\\/\\\/ppdegalicia.com\\\/wp-content\\\/uploads\\\/2022\\\/08\\\/e59e6e463a6daabbb326c612f9aeb4de-scaled.jpg\",\"datePublished\":\"2022-08-05T10:57:29+00:00\",\"breadcrumb\":{\"@id\":\"https:\\\/\\\/ppdegalicia.com\\\/es\\\/o-pp-comprometese-a-contar-coa-mocidade-na-sua-lista-electoral-da-coruna-e-a-formula-para-que-as-suas-propostas-sexan-unha-realidade\\\/#breadcrumb\"},\"inLanguage\":\"es\",\"potentialAction\":[{\"@type\":\"ReadAction\",\"target\":[\"https:\\\/\\\/ppdegalicia.com\\\/es\\\/o-pp-comprometese-a-contar-coa-mocidade-na-sua-lista-electoral-da-coruna-e-a-formula-para-que-as-suas-propostas-sexan-unha-realidade\\\/\"]}]},{\"@type\":\"ImageObject\",\"inLanguage\":\"es\",\"@id\":\"https:\\\/\\\/ppdegalicia.com\\\/es\\\/o-pp-comprometese-a-contar-coa-mocidade-na-sua-lista-electoral-da-coruna-e-a-formula-para-que-as-suas-propostas-sexan-unha-realidade\\\/#primaryimage\",\"url\":\"https:\\\/\\\/ppdegalicia.com\\\/wp-content\\\/uploads\\\/2022\\\/08\\\/e59e6e463a6daabbb326c612f9aeb4de-scaled.jpg\",\"contentUrl\":\"https:\\\/\\\/ppdegalicia.com\\\/wp-content\\\/uploads\\\/2022\\\/08\\\/e59e6e463a6daabbb326c612f9aeb4de-scaled.jpg\",\"width\":2560,\"height\":1708},{\"@type\":\"BreadcrumbList\",\"@id\":\"https:\\\/\\\/ppdegalicia.com\\\/es\\\/o-pp-comprometese-a-contar-coa-mocidade-na-sua-lista-electoral-da-coruna-e-a-formula-para-que-as-suas-propostas-sexan-unha-realidade\\\/#breadcrumb\",\"itemListElement\":[{\"@type\":\"ListItem\",\"position\":1,\"name\":\"Portada\",\"item\":\"https:\\\/\\\/ppdegalicia.com\\\/es\\\/\"},{\"@type\":\"ListItem\",\"position\":2,\"name\":\"O PP comprom\u00e9tese a contar coa mocidade na s\u00faa lista electoral da Coru\u00f1a: \u201c\u00c9 a f\u00f3rmula para que as s\u00faas propostas sexan unha realidade\u201d\"}]},{\"@type\":\"WebSite\",\"@id\":\"https:\\\/\\\/ppdegalicia.com\\\/es\\\/#website\",\"url\":\"https:\\\/\\\/ppdegalicia.com\\\/es\\\/\",\"name\":\"Partido Popular de Galicia\",\"description\":\"Partido Popular de Galicia\",\"publisher\":{\"@id\":\"https:\\\/\\\/ppdegalicia.com\\\/es\\\/#organization\"},\"alternateName\":\"PP de Galicia\",\"potentialAction\":[{\"@type\":\"SearchAction\",\"target\":{\"@type\":\"EntryPoint\",\"urlTemplate\":\"https:\\\/\\\/ppdegalicia.com\\\/es\\\/?s={search_term_string}\"},\"query-input\":{\"@type\":\"PropertyValueSpecification\",\"valueRequired\":true,\"valueName\":\"search_term_string\"}}],\"inLanguage\":\"es\"},{\"@type\":\"Organization\",\"@id\":\"https:\\\/\\\/ppdegalicia.com\\\/es\\\/#organization\",\"name\":\"Partido Popular de Galicia\",\"alternateName\":\"PP de Galicia\",\"url\":\"https:\\\/\\\/ppdegalicia.com\\\/es\\\/\",\"logo\":{\"@type\":\"ImageObject\",\"inLanguage\":\"es\",\"@id\":\"https:\\\/\\\/ppdegalicia.com\\\/es\\\/#\\\/schema\\\/logo\\\/image\\\/\",\"url\":\"https:\\\/\\\/ppdegalicia.com\\\/wp-content\\\/uploads\\\/2023\\\/04\\\/logoPP512.png\",\"contentUrl\":\"https:\\\/\\\/ppdegalicia.com\\\/wp-content\\\/uploads\\\/2023\\\/04\\\/logoPP512.png\",\"width\":512,\"height\":512,\"caption\":\"Partido Popular de Galicia\"},\"image\":{\"@id\":\"https:\\\/\\\/ppdegalicia.com\\\/es\\\/#\\\/schema\\\/logo\\\/image\\\/\"},\"sameAs\":[\"https:\\\/\\\/www.instagram.com\\\/ppdegalicia\\\/\",\"https:\\\/\\\/x.com\\\/ppdegalicia\",\"https:\\\/\\\/www.tiktok.com\\\/@ppdegalicia\",\"https:\\\/\\\/www.youtube.com\\\/user\\\/ppdegalicia\"]},{\"@type\":\"Person\",\"@id\":\"https:\\\/\\\/ppdegalicia.com\\\/es\\\/#\\\/schema\\\/person\\\/5b822c6f59e872ebdd1142f307dbcb59\",\"name\":\"ppdegaliciaredes\",\"image\":{\"@type\":\"ImageObject\",\"inLanguage\":\"es\",\"@id\":\"https:\\\/\\\/secure.gravatar.com\\\/avatar\\\/3c9179cf0256d00c72a48d1f25783c58b6842cd56e85ef3a572881c8e28ccd59?s=96&d=mm&r=g\",\"url\":\"https:\\\/\\\/secure.gravatar.com\\\/avatar\\\/3c9179cf0256d00c72a48d1f25783c58b6842cd56e85ef3a572881c8e28ccd59?s=96&d=mm&r=g\",\"contentUrl\":\"https:\\\/\\\/secure.gravatar.com\\\/avatar\\\/3c9179cf0256d00c72a48d1f25783c58b6842cd56e85ef3a572881c8e28ccd59?s=96&d=mm&r=g\",\"caption\":\"ppdegaliciaredes\"},\"url\":\"https:\\\/\\\/ppdegalicia.com\\\/es\\\/author\\\/ppdegaliciaredes\\\/\"}]}<\/script>\n<!-- \/ Yoast SEO plugin. -->","yoast_head_json":{"title":"O PP comprom\u00e9tese a contar coa mocidade na s\u00faa lista electoral da Coru\u00f1a: \u201c\u00c9 a f\u00f3rmula para que as s\u00faas propostas sexan unha realidade\u201d - PP de Galicia","robots":{"index":"index","follow":"follow","max-snippet":"max-snippet:-1","max-image-preview":"max-image-preview:large","max-video-preview":"max-video-preview:-1"},"canonical":"https:\/\/ppdegalicia.com\/es\/o-pp-comprometese-a-contar-coa-mocidade-na-sua-lista-electoral-da-coruna-e-a-formula-para-que-as-suas-propostas-sexan-unha-realidade\/","og_locale":"es_ES","og_type":"article","og_title":"O PP comprom\u00e9tese a contar coa mocidade na s\u00faa lista electoral da Coru\u00f1a: \u201c\u00c9 a f\u00f3rmula para que as s\u00faas propostas sexan unha realidade\u201d - PP de Galicia","og_description":"Paula Prado e Miguel Lorenzo reun\u00edronse con membros de Novas Xeraci\u00f3ns da cidade","og_url":"https:\/\/ppdegalicia.com\/es\/o-pp-comprometese-a-contar-coa-mocidade-na-sua-lista-electoral-da-coruna-e-a-formula-para-que-as-suas-propostas-sexan-unha-realidade\/","og_site_name":"PP de Galicia","article_publisher":"https:\/\/www.instagram.com\/ppdegalicia\/","article_published_time":"2022-08-05T10:57:29+00:00","og_image":[{"width":2560,"height":1708,"url":"https:\/\/ppdegalicia.com\/wp-content\/uploads\/2022\/08\/e59e6e463a6daabbb326c612f9aeb4de-scaled.jpg","type":"image\/jpeg"}],"author":"ppdegaliciaredes","twitter_card":"summary_large_image","twitter_creator":"@ppdegalicia","twitter_site":"@ppdegalicia","twitter_misc":{"Escrito por":"ppdegaliciaredes","Tiempo de lectura":"3 minutos"},"schema":{"@context":"https:\/\/schema.org","@graph":[{"@type":"Article","@id":"https:\/\/ppdegalicia.com\/es\/o-pp-comprometese-a-contar-coa-mocidade-na-sua-lista-electoral-da-coruna-e-a-formula-para-que-as-suas-propostas-sexan-unha-realidade\/#article","isPartOf":{"@id":"https:\/\/ppdegalicia.com\/es\/o-pp-comprometese-a-contar-coa-mocidade-na-sua-lista-electoral-da-coruna-e-a-formula-para-que-as-suas-propostas-sexan-unha-realidade\/"},"author":{"name":"ppdegaliciaredes","@id":"https:\/\/ppdegalicia.com\/es\/#\/schema\/person\/5b822c6f59e872ebdd1142f307dbcb59"},"headline":"O PP comprom\u00e9tese a contar coa mocidade na s\u00faa lista electoral da Coru\u00f1a: \u201c\u00c9 a f\u00f3rmula para que as s\u00faas propostas sexan unha realidade\u201d","datePublished":"2022-08-05T10:57:29+00:00","mainEntityOfPage":{"@id":"https:\/\/ppdegalicia.com\/es\/o-pp-comprometese-a-contar-coa-mocidade-na-sua-lista-electoral-da-coruna-e-a-formula-para-que-as-suas-propostas-sexan-unha-realidade\/"},"wordCount":545,"commentCount":0,"publisher":{"@id":"https:\/\/ppdegalicia.com\/es\/#organization"},"image":{"@id":"https:\/\/ppdegalicia.com\/es\/o-pp-comprometese-a-contar-coa-mocidade-na-sua-lista-electoral-da-coruna-e-a-formula-para-que-as-suas-propostas-sexan-unha-realidade\/#primaryimage"},"thumbnailUrl":"https:\/\/ppdegalicia.com\/wp-content\/uploads\/2022\/08\/e59e6e463a6daabbb326c612f9aeb4de-scaled.jpg","articleSection":["PP de Galicia"],"inLanguage":"es","potentialAction":[{"@type":"CommentAction","name":"Comment","target":["https:\/\/ppdegalicia.com\/es\/o-pp-comprometese-a-contar-coa-mocidade-na-sua-lista-electoral-da-coruna-e-a-formula-para-que-as-suas-propostas-sexan-unha-realidade\/#respond"]}]},{"@type":"WebPage","@id":"https:\/\/ppdegalicia.com\/es\/o-pp-comprometese-a-contar-coa-mocidade-na-sua-lista-electoral-da-coruna-e-a-formula-para-que-as-suas-propostas-sexan-unha-realidade\/","url":"https:\/\/ppdegalicia.com\/es\/o-pp-comprometese-a-contar-coa-mocidade-na-sua-lista-electoral-da-coruna-e-a-formula-para-que-as-suas-propostas-sexan-unha-realidade\/","name":"O PP comprom\u00e9tese a contar coa mocidade na s\u00faa lista electoral da Coru\u00f1a: \u201c\u00c9 a f\u00f3rmula para que as s\u00faas propostas sexan unha realidade\u201d - PP de Galicia","isPartOf":{"@id":"https:\/\/ppdegalicia.com\/es\/#website"},"primaryImageOfPage":{"@id":"https:\/\/ppdegalicia.com\/es\/o-pp-comprometese-a-contar-coa-mocidade-na-sua-lista-electoral-da-coruna-e-a-formula-para-que-as-suas-propostas-sexan-unha-realidade\/#primaryimage"},"image":{"@id":"https:\/\/ppdegalicia.com\/es\/o-pp-comprometese-a-contar-coa-mocidade-na-sua-lista-electoral-da-coruna-e-a-formula-para-que-as-suas-propostas-sexan-unha-realidade\/#primaryimage"},"thumbnailUrl":"https:\/\/ppdegalicia.com\/wp-content\/uploads\/2022\/08\/e59e6e463a6daabbb326c612f9aeb4de-scaled.jpg","datePublished":"2022-08-05T10:57:29+00:00","breadcrumb":{"@id":"https:\/\/ppdegalicia.com\/es\/o-pp-comprometese-a-contar-coa-mocidade-na-sua-lista-electoral-da-coruna-e-a-formula-para-que-as-suas-propostas-sexan-unha-realidade\/#breadcrumb"},"inLanguage":"es","potentialAction":[{"@type":"ReadAction","target":["https:\/\/ppdegalicia.com\/es\/o-pp-comprometese-a-contar-coa-mocidade-na-sua-lista-electoral-da-coruna-e-a-formula-para-que-as-suas-propostas-sexan-unha-realidade\/"]}]},{"@type":"ImageObject","inLanguage":"es","@id":"https:\/\/ppdegalicia.com\/es\/o-pp-comprometese-a-contar-coa-mocidade-na-sua-lista-electoral-da-coruna-e-a-formula-para-que-as-suas-propostas-sexan-unha-realidade\/#primaryimage","url":"https:\/\/ppdegalicia.com\/wp-content\/uploads\/2022\/08\/e59e6e463a6daabbb326c612f9aeb4de-scaled.jpg","contentUrl":"https:\/\/ppdegalicia.com\/wp-content\/uploads\/2022\/08\/e59e6e463a6daabbb326c612f9aeb4de-scaled.jpg","width":2560,"height":1708},{"@type":"BreadcrumbList","@id":"https:\/\/ppdegalicia.com\/es\/o-pp-comprometese-a-contar-coa-mocidade-na-sua-lista-electoral-da-coruna-e-a-formula-para-que-as-suas-propostas-sexan-unha-realidade\/#breadcrumb","itemListElement":[{"@type":"ListItem","position":1,"name":"Portada","item":"https:\/\/ppdegalicia.com\/es\/"},{"@type":"ListItem","position":2,"name":"O PP comprom\u00e9tese a contar coa mocidade na s\u00faa lista electoral da Coru\u00f1a: \u201c\u00c9 a f\u00f3rmula para que as s\u00faas propostas sexan unha realidade\u201d"}]},{"@type":"WebSite","@id":"https:\/\/ppdegalicia.com\/es\/#website","url":"https:\/\/ppdegalicia.com\/es\/","name":"Partido Popular de Galicia","description":"Partido Popular de Galicia","publisher":{"@id":"https:\/\/ppdegalicia.com\/es\/#organization"},"alternateName":"PP de Galicia","potentialAction":[{"@type":"SearchAction","target":{"@type":"EntryPoint","urlTemplate":"https:\/\/ppdegalicia.com\/es\/?s={search_term_string}"},"query-input":{"@type":"PropertyValueSpecification","valueRequired":true,"valueName":"search_term_string"}}],"inLanguage":"es"},{"@type":"Organization","@id":"https:\/\/ppdegalicia.com\/es\/#organization","name":"Partido Popular de Galicia","alternateName":"PP de Galicia","url":"https:\/\/ppdegalicia.com\/es\/","logo":{"@type":"ImageObject","inLanguage":"es","@id":"https:\/\/ppdegalicia.com\/es\/#\/schema\/logo\/image\/","url":"https:\/\/ppdegalicia.com\/wp-content\/uploads\/2023\/04\/logoPP512.png","contentUrl":"https:\/\/ppdegalicia.com\/wp-content\/uploads\/2023\/04\/logoPP512.png","width":512,"height":512,"caption":"Partido Popular de Galicia"},"image":{"@id":"https:\/\/ppdegalicia.com\/es\/#\/schema\/logo\/image\/"},"sameAs":["https:\/\/www.instagram.com\/ppdegalicia\/","https:\/\/x.com\/ppdegalicia","https:\/\/www.tiktok.com\/@ppdegalicia","https:\/\/www.youtube.com\/user\/ppdegalicia"]},{"@type":"Person","@id":"https:\/\/ppdegalicia.com\/es\/#\/schema\/person\/5b822c6f59e872ebdd1142f307dbcb59","name":"ppdegaliciaredes","image":{"@type":"ImageObject","inLanguage":"es","@id":"https:\/\/secure.gravatar.com\/avatar\/3c9179cf0256d00c72a48d1f25783c58b6842cd56e85ef3a572881c8e28ccd59?s=96&d=mm&r=g","url":"https:\/\/secure.gravatar.com\/avatar\/3c9179cf0256d00c72a48d1f25783c58b6842cd56e85ef3a572881c8e28ccd59?s=96&d=mm&r=g","contentUrl":"https:\/\/secure.gravatar.com\/avatar\/3c9179cf0256d00c72a48d1f25783c58b6842cd56e85ef3a572881c8e28ccd59?s=96&d=mm&r=g","caption":"ppdegaliciaredes"},"url":"https:\/\/ppdegalicia.com\/es\/author\/ppdegaliciaredes\/"}]}},"_links":{"self":[{"href":"https:\/\/ppdegalicia.com\/es\/wp-json\/wp\/v2\/posts\/57325","targetHints":{"allow":["GET"]}}],"collection":[{"href":"https:\/\/ppdegalicia.com\/es\/wp-json\/wp\/v2\/posts"}],"about":[{"href":"https:\/\/ppdegalicia.com\/es\/wp-json\/wp\/v2\/types\/post"}],"author":[{"embeddable":true,"href":"https:\/\/ppdegalicia.com\/es\/wp-json\/wp\/v2\/users\/38"}],"replies":[{"embeddable":true,"href":"https:\/\/ppdegalicia.com\/es\/wp-json\/wp\/v2\/comments?post=57325"}],"version-history":[{"count":0,"href":"https:\/\/ppdegalicia.com\/es\/wp-json\/wp\/v2\/posts\/57325\/revisions"}],"wp:featuredmedia":[{"embeddable":true,"href":"https:\/\/ppdegalicia.com\/es\/wp-json\/wp\/v2\/media\/57324"}],"wp:attachment":[{"href":"https:\/\/ppdegalicia.com\/es\/wp-json\/wp\/v2\/media?parent=57325"}],"wp:term":[{"taxonomy":"category","embeddable":true,"href":"https:\/\/ppdegalicia.com\/es\/wp-json\/wp\/v2\/categories?post=57325"},{"taxonomy":"post_tag","embeddable":true,"href":"https:\/\/ppdegalicia.com\/es\/wp-json\/wp\/v2\/tags?post=57325"}],"curies":[{"name":"wp","href":"https:\/\/api.w.org\/{rel}","templated":true}]}}