{"id":57349,"date":"2022-08-26T12:59:01","date_gmt":"2022-08-26T10:59:01","guid":{"rendered":"https:\/\/ppdegalicia.com\/o-ppdeg-inicia-o-curso-politico-ponendose-deberes-a-nivel-municipal-autonomico-e-nacional\/"},"modified":"2022-08-26T12:59:01","modified_gmt":"2022-08-26T10:59:01","slug":"o-ppdeg-inicia-o-curso-politico-ponendose-deberes-a-nivel-municipal-autonomico-e-nacional","status":"publish","type":"post","link":"https:\/\/ppdegalicia.com\/es\/o-ppdeg-inicia-o-curso-politico-ponendose-deberes-a-nivel-municipal-autonomico-e-nacional\/","title":{"rendered":"O PPdeG inicia o curso pol\u00edtico \u201cpo\u00f1\u00e9ndose deberes\u201d a nivel municipal, auton\u00f3mico e nacional"},"content":{"rendered":"<p><img fetchpriority=\"high\" decoding=\"async\" class=\" size-full wp-image-57348\" src=\"https:\/\/ppdegalicia.com\/wp-content\/uploads\/2022\/08\/ef2f9173ff3f3c9ffe42211474f8d8b5-scaled.jpg\" alt=\"\" width=\"2560\" height=\"1707\" srcset=\"https:\/\/ppdegalicia.com\/wp-content\/uploads\/2022\/08\/ef2f9173ff3f3c9ffe42211474f8d8b5-scaled.jpg 2560w, https:\/\/ppdegalicia.com\/wp-content\/uploads\/2022\/08\/ef2f9173ff3f3c9ffe42211474f8d8b5-300x200.jpg 300w, https:\/\/ppdegalicia.com\/wp-content\/uploads\/2022\/08\/ef2f9173ff3f3c9ffe42211474f8d8b5-1024x683.jpg 1024w, https:\/\/ppdegalicia.com\/wp-content\/uploads\/2022\/08\/ef2f9173ff3f3c9ffe42211474f8d8b5-768x512.jpg 768w, https:\/\/ppdegalicia.com\/wp-content\/uploads\/2022\/08\/ef2f9173ff3f3c9ffe42211474f8d8b5-1536x1024.jpg 1536w, https:\/\/ppdegalicia.com\/wp-content\/uploads\/2022\/08\/ef2f9173ff3f3c9ffe42211474f8d8b5-2048x1365.jpg 2048w\" sizes=\"(max-width: 2560px) 100vw, 2560px\" \/><\/p>\n<p style=\"text-align: justify;\">Paula Prado supervisou xunto ao Luis L\u00f3pez e Jorge Cubela os traballos de montaxe do acto que os populares celebrar\u00e1n ma\u00f1\u00e1 en Cerdedo-Cotobade<\/p>\n<p><!--more--><\/p>\n<p style=\"text-align: justify;\">A secretaria xeral do Partido Popular de Galicia, Paula Prado, afirmou que a formaci\u00f3n inicia o novo curso pol\u00edtico \u201cpo\u00f1\u00e9ndose deberes\u201d a nivel municipal, auton\u00f3mico e nacional.<\/p>\n<p style=\"text-align: justify;\">\u00a0<\/p>\n<p style=\"text-align: justify;\">Como explicou, os retos do PPdeG para os vindeiros meses xiran en torno a tres eixos: a nivel municipal, aspiran a gobernar os 313 concellos galegos para que \u201co 28 de maio de 2023 Galicia se tinga de azul\u201d; a nivel auton\u00f3mico, axudar\u00e1n a que as pol\u00edticas de Alfonso Rueda, orientadas a \u201csolucionar os problemas da xente\u201d, cheguen a todos os veci\u00f1os; e a nivel nacional, traballar\u00e1n para que Alberto N\u00fa\u00f1ez Feij\u00f3o sexa o pr\u00f3ximo presidente de Espa\u00f1a, pois \u201cPedro S\u00e1nchez \u00e9 o suspenso m\u00e1is grande que ten o PSOE\u201d e \u00e9 \u201cfundamental\u201d un cambio na Moncloa.\u00a0<\/p>\n<p style=\"text-align: justify;\">\u00a0<\/p>\n<p style=\"text-align: justify;\">As\u00ed mesmo, Prado engadiu que os populares tampouco deixar\u00e1n de \u201cpo\u00f1er deberes\u201d ao Goberno central. Nese senso, cuestionou que o Executivo nacional elaborase de forma unilateral o seu \u201cmal chamado\u201d Plan de aforro enerx\u00e9tico:\u00a0 \u201cQueremos que o Goberno conte co PP e coa axuda de Alberto N\u00fa\u00f1ez Feij\u00f3o, pero lamentablemente S\u00e1nchez prefire apoiarse nos independentistas e na esquerda m\u00e1is radical de Espa\u00f1a para sacar adiante medidas que o \u00fanico que buscan \u00e9 mantelo a el na Moncloa\u201d.<\/p>\n<p style=\"text-align: justify;\"><strong>\u00a0<\/strong><\/p>\n<p style=\"text-align: justify;\"><strong><u>M\u00c1IS DUN MILLEIRO DE PERSOAS<\/u><\/strong><\/p>\n<p style=\"text-align: justify;\">Paula Prado visitou os traballos de montaxe do acto de inicio de curso pol\u00edtico que celebrar\u00e1 ma\u00f1\u00e1 o partido en Cerdedo-Cotobade. Acompa\u00f1ada polo presidente provincial do PP de Pontevedra, Luis L\u00f3pez, e polo alcalde do municipio, Jorge Cubela, a secretaria xeral\u00a0 resaltou que o evento contar\u00e1 con m\u00e1is asistentes que nunca, pois arrancar\u00e1n o novo curso con m\u00e1is dun milleiro de afiliados e simpatizantes.<\/p>\n<p style=\"text-align: justify;\">\u00a0<\/p>\n<p style=\"text-align: justify;\">Ademais da participaci\u00f3n de Alberto N\u00fa\u00f1ez Feij\u00f3o e de Alfonso Rueda, Prado destacou a presenza en Cerdedo-Cotobade de l\u00edderes auton\u00f3micos como Juanma Moreno, Isabel D\u00edaz Ayuso, Alfonso Fern\u00e1ndez Ma\u00f1ueco e Fernando L\u00f3pez Miras.<\/p>\n<p style=\"text-align: justify;\">\u00a0<\/p>\n<p style=\"text-align: justify;\">Segundo indicou, o acto de ma\u00f1\u00e1 tam\u00e9n consolidar\u00e1 os primeiros 100 d\u00edas de Alfonso Rueda como presidente de todos os galegos \u2014a vindeira semana cumprir\u00e1 ademais 100 d\u00edas como l\u00edder do PPdeG\u2014, un per\u00edodo no que \u201cxa ten deixado a s\u00faa pegada e o seu estilo\u201d con tres obxectivos claros: o traballo, a familia e o futuro, que se est\u00e1n materializando con \u201cmedidas e pol\u00edticas importantes\u201d \u00a0na nosa Comunidade.<\/p>\n","protected":false},"excerpt":{"rendered":"<p>Paula Prado supervisou xunto ao Luis L\u00f3pez e Jorge Cubela os traballos de montaxe do acto que os populares celebrar\u00e1n ma\u00f1\u00e1 en Cerdedo-Cotobade<\/p>\n","protected":false},"author":38,"featured_media":57348,"comment_status":"open","ping_status":"open","sticky":false,"template":"","format":"standard","meta":{"_acf_changed":false,"footnotes":""},"categories":[1],"tags":[],"class_list":["post-57349","post","type-post","status-publish","format-standard","has-post-thumbnail","hentry","category-pp-de-galicia"],"acf":[],"yoast_head":"<!-- This site is optimized with the Yoast SEO plugin v27.3 - https:\/\/yoast.com\/product\/yoast-seo-wordpress\/ -->\n<title>O PPdeG inicia o curso pol\u00edtico \u201cpo\u00f1\u00e9ndose deberes\u201d a nivel municipal, auton\u00f3mico e nacional - PP de Galicia<\/title>\n<meta name=\"robots\" content=\"index, follow, max-snippet:-1, max-image-preview:large, max-video-preview:-1\" \/>\n<link rel=\"canonical\" href=\"https:\/\/ppdegalicia.com\/es\/o-ppdeg-inicia-o-curso-politico-ponendose-deberes-a-nivel-municipal-autonomico-e-nacional\/\" \/>\n<meta property=\"og:locale\" content=\"es_ES\" \/>\n<meta property=\"og:type\" content=\"article\" \/>\n<meta property=\"og:title\" content=\"O PPdeG inicia o curso pol\u00edtico \u201cpo\u00f1\u00e9ndose deberes\u201d a nivel municipal, auton\u00f3mico e nacional - PP de Galicia\" \/>\n<meta property=\"og:description\" content=\"Paula Prado supervisou xunto ao Luis L\u00f3pez e Jorge Cubela os traballos de montaxe do acto que os populares celebrar\u00e1n ma\u00f1\u00e1 en Cerdedo-Cotobade\" \/>\n<meta property=\"og:url\" content=\"https:\/\/ppdegalicia.com\/es\/o-ppdeg-inicia-o-curso-politico-ponendose-deberes-a-nivel-municipal-autonomico-e-nacional\/\" \/>\n<meta property=\"og:site_name\" content=\"PP de Galicia\" \/>\n<meta property=\"article:publisher\" content=\"https:\/\/www.instagram.com\/ppdegalicia\/\" \/>\n<meta property=\"article:published_time\" content=\"2022-08-26T10:59:01+00:00\" \/>\n<meta property=\"og:image\" content=\"https:\/\/ppdegalicia.com\/wp-content\/uploads\/2022\/08\/ef2f9173ff3f3c9ffe42211474f8d8b5-scaled.jpg\" \/>\n\t<meta property=\"og:image:width\" content=\"2560\" \/>\n\t<meta property=\"og:image:height\" content=\"1707\" \/>\n\t<meta property=\"og:image:type\" content=\"image\/jpeg\" \/>\n<meta name=\"author\" content=\"ppdegaliciaredes\" \/>\n<meta name=\"twitter:card\" content=\"summary_large_image\" \/>\n<meta name=\"twitter:creator\" content=\"@ppdegalicia\" \/>\n<meta name=\"twitter:site\" content=\"@ppdegalicia\" \/>\n<meta name=\"twitter:label1\" content=\"Escrito por\" \/>\n\t<meta name=\"twitter:data1\" content=\"ppdegaliciaredes\" \/>\n\t<meta name=\"twitter:label2\" content=\"Tiempo de lectura\" \/>\n\t<meta name=\"twitter:data2\" content=\"2 minutos\" \/>\n<script type=\"application\/ld+json\" class=\"yoast-schema-graph\">{\"@context\":\"https:\\\/\\\/schema.org\",\"@graph\":[{\"@type\":\"Article\",\"@id\":\"https:\\\/\\\/ppdegalicia.com\\\/es\\\/o-ppdeg-inicia-o-curso-politico-ponendose-deberes-a-nivel-municipal-autonomico-e-nacional\\\/#article\",\"isPartOf\":{\"@id\":\"https:\\\/\\\/ppdegalicia.com\\\/es\\\/o-ppdeg-inicia-o-curso-politico-ponendose-deberes-a-nivel-municipal-autonomico-e-nacional\\\/\"},\"author\":{\"name\":\"ppdegaliciaredes\",\"@id\":\"https:\\\/\\\/ppdegalicia.com\\\/es\\\/#\\\/schema\\\/person\\\/5b822c6f59e872ebdd1142f307dbcb59\"},\"headline\":\"O PPdeG inicia o curso pol\u00edtico \u201cpo\u00f1\u00e9ndose deberes\u201d a nivel municipal, auton\u00f3mico e nacional\",\"datePublished\":\"2022-08-26T10:59:01+00:00\",\"mainEntityOfPage\":{\"@id\":\"https:\\\/\\\/ppdegalicia.com\\\/es\\\/o-ppdeg-inicia-o-curso-politico-ponendose-deberes-a-nivel-municipal-autonomico-e-nacional\\\/\"},\"wordCount\":453,\"commentCount\":0,\"publisher\":{\"@id\":\"https:\\\/\\\/ppdegalicia.com\\\/es\\\/#organization\"},\"image\":{\"@id\":\"https:\\\/\\\/ppdegalicia.com\\\/es\\\/o-ppdeg-inicia-o-curso-politico-ponendose-deberes-a-nivel-municipal-autonomico-e-nacional\\\/#primaryimage\"},\"thumbnailUrl\":\"https:\\\/\\\/ppdegalicia.com\\\/wp-content\\\/uploads\\\/2022\\\/08\\\/ef2f9173ff3f3c9ffe42211474f8d8b5-scaled.jpg\",\"articleSection\":[\"PP de Galicia\"],\"inLanguage\":\"es\",\"potentialAction\":[{\"@type\":\"CommentAction\",\"name\":\"Comment\",\"target\":[\"https:\\\/\\\/ppdegalicia.com\\\/es\\\/o-ppdeg-inicia-o-curso-politico-ponendose-deberes-a-nivel-municipal-autonomico-e-nacional\\\/#respond\"]}]},{\"@type\":\"WebPage\",\"@id\":\"https:\\\/\\\/ppdegalicia.com\\\/es\\\/o-ppdeg-inicia-o-curso-politico-ponendose-deberes-a-nivel-municipal-autonomico-e-nacional\\\/\",\"url\":\"https:\\\/\\\/ppdegalicia.com\\\/es\\\/o-ppdeg-inicia-o-curso-politico-ponendose-deberes-a-nivel-municipal-autonomico-e-nacional\\\/\",\"name\":\"O PPdeG inicia o curso pol\u00edtico \u201cpo\u00f1\u00e9ndose deberes\u201d a nivel municipal, auton\u00f3mico e nacional - PP de Galicia\",\"isPartOf\":{\"@id\":\"https:\\\/\\\/ppdegalicia.com\\\/es\\\/#website\"},\"primaryImageOfPage\":{\"@id\":\"https:\\\/\\\/ppdegalicia.com\\\/es\\\/o-ppdeg-inicia-o-curso-politico-ponendose-deberes-a-nivel-municipal-autonomico-e-nacional\\\/#primaryimage\"},\"image\":{\"@id\":\"https:\\\/\\\/ppdegalicia.com\\\/es\\\/o-ppdeg-inicia-o-curso-politico-ponendose-deberes-a-nivel-municipal-autonomico-e-nacional\\\/#primaryimage\"},\"thumbnailUrl\":\"https:\\\/\\\/ppdegalicia.com\\\/wp-content\\\/uploads\\\/2022\\\/08\\\/ef2f9173ff3f3c9ffe42211474f8d8b5-scaled.jpg\",\"datePublished\":\"2022-08-26T10:59:01+00:00\",\"breadcrumb\":{\"@id\":\"https:\\\/\\\/ppdegalicia.com\\\/es\\\/o-ppdeg-inicia-o-curso-politico-ponendose-deberes-a-nivel-municipal-autonomico-e-nacional\\\/#breadcrumb\"},\"inLanguage\":\"es\",\"potentialAction\":[{\"@type\":\"ReadAction\",\"target\":[\"https:\\\/\\\/ppdegalicia.com\\\/es\\\/o-ppdeg-inicia-o-curso-politico-ponendose-deberes-a-nivel-municipal-autonomico-e-nacional\\\/\"]}]},{\"@type\":\"ImageObject\",\"inLanguage\":\"es\",\"@id\":\"https:\\\/\\\/ppdegalicia.com\\\/es\\\/o-ppdeg-inicia-o-curso-politico-ponendose-deberes-a-nivel-municipal-autonomico-e-nacional\\\/#primaryimage\",\"url\":\"https:\\\/\\\/ppdegalicia.com\\\/wp-content\\\/uploads\\\/2022\\\/08\\\/ef2f9173ff3f3c9ffe42211474f8d8b5-scaled.jpg\",\"contentUrl\":\"https:\\\/\\\/ppdegalicia.com\\\/wp-content\\\/uploads\\\/2022\\\/08\\\/ef2f9173ff3f3c9ffe42211474f8d8b5-scaled.jpg\",\"width\":2560,\"height\":1707},{\"@type\":\"BreadcrumbList\",\"@id\":\"https:\\\/\\\/ppdegalicia.com\\\/es\\\/o-ppdeg-inicia-o-curso-politico-ponendose-deberes-a-nivel-municipal-autonomico-e-nacional\\\/#breadcrumb\",\"itemListElement\":[{\"@type\":\"ListItem\",\"position\":1,\"name\":\"Portada\",\"item\":\"https:\\\/\\\/ppdegalicia.com\\\/es\\\/\"},{\"@type\":\"ListItem\",\"position\":2,\"name\":\"O PPdeG inicia o curso pol\u00edtico \u201cpo\u00f1\u00e9ndose deberes\u201d a nivel municipal, auton\u00f3mico e nacional\"}]},{\"@type\":\"WebSite\",\"@id\":\"https:\\\/\\\/ppdegalicia.com\\\/es\\\/#website\",\"url\":\"https:\\\/\\\/ppdegalicia.com\\\/es\\\/\",\"name\":\"Partido Popular de Galicia\",\"description\":\"Partido Popular de Galicia\",\"publisher\":{\"@id\":\"https:\\\/\\\/ppdegalicia.com\\\/es\\\/#organization\"},\"alternateName\":\"PP de Galicia\",\"potentialAction\":[{\"@type\":\"SearchAction\",\"target\":{\"@type\":\"EntryPoint\",\"urlTemplate\":\"https:\\\/\\\/ppdegalicia.com\\\/es\\\/?s={search_term_string}\"},\"query-input\":{\"@type\":\"PropertyValueSpecification\",\"valueRequired\":true,\"valueName\":\"search_term_string\"}}],\"inLanguage\":\"es\"},{\"@type\":\"Organization\",\"@id\":\"https:\\\/\\\/ppdegalicia.com\\\/es\\\/#organization\",\"name\":\"Partido Popular de Galicia\",\"alternateName\":\"PP de Galicia\",\"url\":\"https:\\\/\\\/ppdegalicia.com\\\/es\\\/\",\"logo\":{\"@type\":\"ImageObject\",\"inLanguage\":\"es\",\"@id\":\"https:\\\/\\\/ppdegalicia.com\\\/es\\\/#\\\/schema\\\/logo\\\/image\\\/\",\"url\":\"https:\\\/\\\/ppdegalicia.com\\\/wp-content\\\/uploads\\\/2023\\\/04\\\/logoPP512.png\",\"contentUrl\":\"https:\\\/\\\/ppdegalicia.com\\\/wp-content\\\/uploads\\\/2023\\\/04\\\/logoPP512.png\",\"width\":512,\"height\":512,\"caption\":\"Partido Popular de Galicia\"},\"image\":{\"@id\":\"https:\\\/\\\/ppdegalicia.com\\\/es\\\/#\\\/schema\\\/logo\\\/image\\\/\"},\"sameAs\":[\"https:\\\/\\\/www.instagram.com\\\/ppdegalicia\\\/\",\"https:\\\/\\\/x.com\\\/ppdegalicia\",\"https:\\\/\\\/www.tiktok.com\\\/@ppdegalicia\",\"https:\\\/\\\/www.youtube.com\\\/user\\\/ppdegalicia\"]},{\"@type\":\"Person\",\"@id\":\"https:\\\/\\\/ppdegalicia.com\\\/es\\\/#\\\/schema\\\/person\\\/5b822c6f59e872ebdd1142f307dbcb59\",\"name\":\"ppdegaliciaredes\",\"image\":{\"@type\":\"ImageObject\",\"inLanguage\":\"es\",\"@id\":\"https:\\\/\\\/secure.gravatar.com\\\/avatar\\\/3c9179cf0256d00c72a48d1f25783c58b6842cd56e85ef3a572881c8e28ccd59?s=96&d=mm&r=g\",\"url\":\"https:\\\/\\\/secure.gravatar.com\\\/avatar\\\/3c9179cf0256d00c72a48d1f25783c58b6842cd56e85ef3a572881c8e28ccd59?s=96&d=mm&r=g\",\"contentUrl\":\"https:\\\/\\\/secure.gravatar.com\\\/avatar\\\/3c9179cf0256d00c72a48d1f25783c58b6842cd56e85ef3a572881c8e28ccd59?s=96&d=mm&r=g\",\"caption\":\"ppdegaliciaredes\"},\"url\":\"https:\\\/\\\/ppdegalicia.com\\\/es\\\/author\\\/ppdegaliciaredes\\\/\"}]}<\/script>\n<!-- \/ Yoast SEO plugin. -->","yoast_head_json":{"title":"O PPdeG inicia o curso pol\u00edtico \u201cpo\u00f1\u00e9ndose deberes\u201d a nivel municipal, auton\u00f3mico e nacional - PP de Galicia","robots":{"index":"index","follow":"follow","max-snippet":"max-snippet:-1","max-image-preview":"max-image-preview:large","max-video-preview":"max-video-preview:-1"},"canonical":"https:\/\/ppdegalicia.com\/es\/o-ppdeg-inicia-o-curso-politico-ponendose-deberes-a-nivel-municipal-autonomico-e-nacional\/","og_locale":"es_ES","og_type":"article","og_title":"O PPdeG inicia o curso pol\u00edtico \u201cpo\u00f1\u00e9ndose deberes\u201d a nivel municipal, auton\u00f3mico e nacional - PP de Galicia","og_description":"Paula Prado supervisou xunto ao Luis L\u00f3pez e Jorge Cubela os traballos de montaxe do acto que os populares celebrar\u00e1n ma\u00f1\u00e1 en Cerdedo-Cotobade","og_url":"https:\/\/ppdegalicia.com\/es\/o-ppdeg-inicia-o-curso-politico-ponendose-deberes-a-nivel-municipal-autonomico-e-nacional\/","og_site_name":"PP de Galicia","article_publisher":"https:\/\/www.instagram.com\/ppdegalicia\/","article_published_time":"2022-08-26T10:59:01+00:00","og_image":[{"width":2560,"height":1707,"url":"https:\/\/ppdegalicia.com\/wp-content\/uploads\/2022\/08\/ef2f9173ff3f3c9ffe42211474f8d8b5-scaled.jpg","type":"image\/jpeg"}],"author":"ppdegaliciaredes","twitter_card":"summary_large_image","twitter_creator":"@ppdegalicia","twitter_site":"@ppdegalicia","twitter_misc":{"Escrito por":"ppdegaliciaredes","Tiempo de lectura":"2 minutos"},"schema":{"@context":"https:\/\/schema.org","@graph":[{"@type":"Article","@id":"https:\/\/ppdegalicia.com\/es\/o-ppdeg-inicia-o-curso-politico-ponendose-deberes-a-nivel-municipal-autonomico-e-nacional\/#article","isPartOf":{"@id":"https:\/\/ppdegalicia.com\/es\/o-ppdeg-inicia-o-curso-politico-ponendose-deberes-a-nivel-municipal-autonomico-e-nacional\/"},"author":{"name":"ppdegaliciaredes","@id":"https:\/\/ppdegalicia.com\/es\/#\/schema\/person\/5b822c6f59e872ebdd1142f307dbcb59"},"headline":"O PPdeG inicia o curso pol\u00edtico \u201cpo\u00f1\u00e9ndose deberes\u201d a nivel municipal, auton\u00f3mico e nacional","datePublished":"2022-08-26T10:59:01+00:00","mainEntityOfPage":{"@id":"https:\/\/ppdegalicia.com\/es\/o-ppdeg-inicia-o-curso-politico-ponendose-deberes-a-nivel-municipal-autonomico-e-nacional\/"},"wordCount":453,"commentCount":0,"publisher":{"@id":"https:\/\/ppdegalicia.com\/es\/#organization"},"image":{"@id":"https:\/\/ppdegalicia.com\/es\/o-ppdeg-inicia-o-curso-politico-ponendose-deberes-a-nivel-municipal-autonomico-e-nacional\/#primaryimage"},"thumbnailUrl":"https:\/\/ppdegalicia.com\/wp-content\/uploads\/2022\/08\/ef2f9173ff3f3c9ffe42211474f8d8b5-scaled.jpg","articleSection":["PP de Galicia"],"inLanguage":"es","potentialAction":[{"@type":"CommentAction","name":"Comment","target":["https:\/\/ppdegalicia.com\/es\/o-ppdeg-inicia-o-curso-politico-ponendose-deberes-a-nivel-municipal-autonomico-e-nacional\/#respond"]}]},{"@type":"WebPage","@id":"https:\/\/ppdegalicia.com\/es\/o-ppdeg-inicia-o-curso-politico-ponendose-deberes-a-nivel-municipal-autonomico-e-nacional\/","url":"https:\/\/ppdegalicia.com\/es\/o-ppdeg-inicia-o-curso-politico-ponendose-deberes-a-nivel-municipal-autonomico-e-nacional\/","name":"O PPdeG inicia o curso pol\u00edtico \u201cpo\u00f1\u00e9ndose deberes\u201d a nivel municipal, auton\u00f3mico e nacional - PP de Galicia","isPartOf":{"@id":"https:\/\/ppdegalicia.com\/es\/#website"},"primaryImageOfPage":{"@id":"https:\/\/ppdegalicia.com\/es\/o-ppdeg-inicia-o-curso-politico-ponendose-deberes-a-nivel-municipal-autonomico-e-nacional\/#primaryimage"},"image":{"@id":"https:\/\/ppdegalicia.com\/es\/o-ppdeg-inicia-o-curso-politico-ponendose-deberes-a-nivel-municipal-autonomico-e-nacional\/#primaryimage"},"thumbnailUrl":"https:\/\/ppdegalicia.com\/wp-content\/uploads\/2022\/08\/ef2f9173ff3f3c9ffe42211474f8d8b5-scaled.jpg","datePublished":"2022-08-26T10:59:01+00:00","breadcrumb":{"@id":"https:\/\/ppdegalicia.com\/es\/o-ppdeg-inicia-o-curso-politico-ponendose-deberes-a-nivel-municipal-autonomico-e-nacional\/#breadcrumb"},"inLanguage":"es","potentialAction":[{"@type":"ReadAction","target":["https:\/\/ppdegalicia.com\/es\/o-ppdeg-inicia-o-curso-politico-ponendose-deberes-a-nivel-municipal-autonomico-e-nacional\/"]}]},{"@type":"ImageObject","inLanguage":"es","@id":"https:\/\/ppdegalicia.com\/es\/o-ppdeg-inicia-o-curso-politico-ponendose-deberes-a-nivel-municipal-autonomico-e-nacional\/#primaryimage","url":"https:\/\/ppdegalicia.com\/wp-content\/uploads\/2022\/08\/ef2f9173ff3f3c9ffe42211474f8d8b5-scaled.jpg","contentUrl":"https:\/\/ppdegalicia.com\/wp-content\/uploads\/2022\/08\/ef2f9173ff3f3c9ffe42211474f8d8b5-scaled.jpg","width":2560,"height":1707},{"@type":"BreadcrumbList","@id":"https:\/\/ppdegalicia.com\/es\/o-ppdeg-inicia-o-curso-politico-ponendose-deberes-a-nivel-municipal-autonomico-e-nacional\/#breadcrumb","itemListElement":[{"@type":"ListItem","position":1,"name":"Portada","item":"https:\/\/ppdegalicia.com\/es\/"},{"@type":"ListItem","position":2,"name":"O PPdeG inicia o curso pol\u00edtico \u201cpo\u00f1\u00e9ndose deberes\u201d a nivel municipal, auton\u00f3mico e nacional"}]},{"@type":"WebSite","@id":"https:\/\/ppdegalicia.com\/es\/#website","url":"https:\/\/ppdegalicia.com\/es\/","name":"Partido Popular de Galicia","description":"Partido Popular de Galicia","publisher":{"@id":"https:\/\/ppdegalicia.com\/es\/#organization"},"alternateName":"PP de Galicia","potentialAction":[{"@type":"SearchAction","target":{"@type":"EntryPoint","urlTemplate":"https:\/\/ppdegalicia.com\/es\/?s={search_term_string}"},"query-input":{"@type":"PropertyValueSpecification","valueRequired":true,"valueName":"search_term_string"}}],"inLanguage":"es"},{"@type":"Organization","@id":"https:\/\/ppdegalicia.com\/es\/#organization","name":"Partido Popular de Galicia","alternateName":"PP de Galicia","url":"https:\/\/ppdegalicia.com\/es\/","logo":{"@type":"ImageObject","inLanguage":"es","@id":"https:\/\/ppdegalicia.com\/es\/#\/schema\/logo\/image\/","url":"https:\/\/ppdegalicia.com\/wp-content\/uploads\/2023\/04\/logoPP512.png","contentUrl":"https:\/\/ppdegalicia.com\/wp-content\/uploads\/2023\/04\/logoPP512.png","width":512,"height":512,"caption":"Partido Popular de Galicia"},"image":{"@id":"https:\/\/ppdegalicia.com\/es\/#\/schema\/logo\/image\/"},"sameAs":["https:\/\/www.instagram.com\/ppdegalicia\/","https:\/\/x.com\/ppdegalicia","https:\/\/www.tiktok.com\/@ppdegalicia","https:\/\/www.youtube.com\/user\/ppdegalicia"]},{"@type":"Person","@id":"https:\/\/ppdegalicia.com\/es\/#\/schema\/person\/5b822c6f59e872ebdd1142f307dbcb59","name":"ppdegaliciaredes","image":{"@type":"ImageObject","inLanguage":"es","@id":"https:\/\/secure.gravatar.com\/avatar\/3c9179cf0256d00c72a48d1f25783c58b6842cd56e85ef3a572881c8e28ccd59?s=96&d=mm&r=g","url":"https:\/\/secure.gravatar.com\/avatar\/3c9179cf0256d00c72a48d1f25783c58b6842cd56e85ef3a572881c8e28ccd59?s=96&d=mm&r=g","contentUrl":"https:\/\/secure.gravatar.com\/avatar\/3c9179cf0256d00c72a48d1f25783c58b6842cd56e85ef3a572881c8e28ccd59?s=96&d=mm&r=g","caption":"ppdegaliciaredes"},"url":"https:\/\/ppdegalicia.com\/es\/author\/ppdegaliciaredes\/"}]}},"_links":{"self":[{"href":"https:\/\/ppdegalicia.com\/es\/wp-json\/wp\/v2\/posts\/57349","targetHints":{"allow":["GET"]}}],"collection":[{"href":"https:\/\/ppdegalicia.com\/es\/wp-json\/wp\/v2\/posts"}],"about":[{"href":"https:\/\/ppdegalicia.com\/es\/wp-json\/wp\/v2\/types\/post"}],"author":[{"embeddable":true,"href":"https:\/\/ppdegalicia.com\/es\/wp-json\/wp\/v2\/users\/38"}],"replies":[{"embeddable":true,"href":"https:\/\/ppdegalicia.com\/es\/wp-json\/wp\/v2\/comments?post=57349"}],"version-history":[{"count":0,"href":"https:\/\/ppdegalicia.com\/es\/wp-json\/wp\/v2\/posts\/57349\/revisions"}],"wp:featuredmedia":[{"embeddable":true,"href":"https:\/\/ppdegalicia.com\/es\/wp-json\/wp\/v2\/media\/57348"}],"wp:attachment":[{"href":"https:\/\/ppdegalicia.com\/es\/wp-json\/wp\/v2\/media?parent=57349"}],"wp:term":[{"taxonomy":"category","embeddable":true,"href":"https:\/\/ppdegalicia.com\/es\/wp-json\/wp\/v2\/categories?post=57349"},{"taxonomy":"post_tag","embeddable":true,"href":"https:\/\/ppdegalicia.com\/es\/wp-json\/wp\/v2\/tags?post=57349"}],"curies":[{"name":"wp","href":"https:\/\/api.w.org\/{rel}","templated":true}]}}