{"id":57351,"date":"2022-08-27T13:32:26","date_gmt":"2022-08-27T11:32:26","guid":{"rendered":"https:\/\/ppdegalicia.com\/rueda-asegura-que-o-ppdeg-impulsara-neste-curso-politico-o-seu-poder-municipal-sigamos-traballando-desde-a-responsabilidade-a-coherencia-e-a-sinceridade\/"},"modified":"2022-08-27T13:32:26","modified_gmt":"2022-08-27T11:32:26","slug":"rueda-asegura-que-o-ppdeg-impulsara-neste-curso-politico-o-seu-poder-municipal-sigamos-traballando-desde-a-responsabilidade-a-coherencia-e-a-sinceridade","status":"publish","type":"post","link":"https:\/\/ppdegalicia.com\/es\/rueda-asegura-que-o-ppdeg-impulsara-neste-curso-politico-o-seu-poder-municipal-sigamos-traballando-desde-a-responsabilidade-a-coherencia-e-a-sinceridade\/","title":{"rendered":"Rueda asegura que o PPdeG impulsar\u00e1 neste curso pol\u00edtico o seu poder municipal: \u201cSigamos traballando desde a responsabilidade, a coherencia e a sinceridade\u201d"},"content":{"rendered":"<p><img fetchpriority=\"high\" decoding=\"async\" class=\" size-full wp-image-57350\" src=\"https:\/\/ppdegalicia.com\/wp-content\/uploads\/2022\/08\/76c374d8caf8fdc3be5951b0a5a053ad.jpg\" alt=\"\" width=\"2048\" height=\"1365\" srcset=\"https:\/\/ppdegalicia.com\/wp-content\/uploads\/2022\/08\/76c374d8caf8fdc3be5951b0a5a053ad.jpg 2048w, https:\/\/ppdegalicia.com\/wp-content\/uploads\/2022\/08\/76c374d8caf8fdc3be5951b0a5a053ad-300x200.jpg 300w, https:\/\/ppdegalicia.com\/wp-content\/uploads\/2022\/08\/76c374d8caf8fdc3be5951b0a5a053ad-1024x683.jpg 1024w, https:\/\/ppdegalicia.com\/wp-content\/uploads\/2022\/08\/76c374d8caf8fdc3be5951b0a5a053ad-768x512.jpg 768w, https:\/\/ppdegalicia.com\/wp-content\/uploads\/2022\/08\/76c374d8caf8fdc3be5951b0a5a053ad-1536x1024.jpg 1536w\" sizes=\"(max-width: 2048px) 100vw, 2048px\" \/><\/p>\n<p style=\"text-align: justify;\">Inaugurou o curso pol\u00edtico xunto a Alberto N\u00fa\u00f1ez Feij\u00f3o en Cerdedo-Cotobade<\/p>\n<p><!--more--><\/p>\n<p style=\"text-align: justify;\">O presidente do PPdeG, Alfonso Rueda, asegurou que os populares \u201crecoller\u00e1n os froitos\u201d de todo o esforzo demostrado polos candidatos \u00e1s Alcald\u00edas e impulsar\u00e1n neste curso pol\u00edtico o seu poder municipal. Por iso, animou a seguir traballando desde \u201ca responsabilidade, a coherencia e sinceridade\u201d para acadar a confianza da xente.<\/p>\n<p style=\"text-align: justify;\">\u00a0<\/p>\n<p style=\"text-align: justify;\">As\u00ed se expresaba no acto de inicio de curso pol\u00edtico celebrado en Cerdedo-Cotobade no que, acompa\u00f1ado de Alberto N\u00fa\u00f1ez Feij\u00f3o e ante preto de 1.500 asistentes, agradeceu a xenerosidade e o enorme traballo dos candidatos do PPdeG e dos seus equipos \u00e1s elecci\u00f3ns municipais, conscientes de que deben ga\u00f1ar o vindeiro 28 de maio coa maior\u00eda suficiente para poder gobernar os seus concellos.<\/p>\n<p style=\"text-align: justify;\">\u00a0<\/p>\n<p style=\"text-align: justify;\"><strong><u>OS RETOS DE GALICIA<\/u><\/strong><\/p>\n<p style=\"text-align: justify;\">O l\u00edder dos populares galegos tam\u00e9n se referiu aos complicados retos que ten por diante a Comunidade, \u201ccun Goberno central que, por acci\u00f3n ou por omisi\u00f3n, non est\u00e1 a favor de Galicia\u201d. Ante esta situaci\u00f3n, fixo fincap\u00e9 no \u201csentidi\u00f1o\u201d co que se gobernou a Xunta nos \u00faltimos anos e que permite que hoxe podamos enfrontar en mellores condici\u00f3ns o dif\u00edcil contexto actual.<\/p>\n<p style=\"text-align: justify;\">\u00a0<\/p>\n<p style=\"text-align: justify;\">Nese senso, avanzou que o Executivo auton\u00f3mico seguir\u00e1 a s\u00faa senda \u201caprobando uns Orzamentos responsables, aproveitando o maior teito de gasto da historia da Comunidade e atendendo aos que m\u00e1is nos necesiten\u201d. Sobre isto \u00faltimo, remarcou que a Xunta actualizar\u00e1 as axudas sociais para combater a inflaci\u00f3n e lembrou que, en setembro, comezar\u00e1 a gratuidade das escolas infant\u00eds para todos os galegos: \u201cM\u00e1is de 50 mill\u00f3ns de euros en axudas sociais dedicadas directamente a favorecer a conciliaci\u00f3n\u201d.<\/p>\n<p style=\"text-align: justify;\">\u00a0<\/p>\n<p style=\"text-align: justify;\">Tras subli\u00f1ar que a Comunidade manter\u00e1 as taxas universitarias m\u00e1is accesibles de Espa\u00f1a, Rueda tam\u00e9n afirmou que Galicia continuar\u00e1 baixando impostos \u00e1s rendas m\u00e1is baixas e que consolidar\u00e1 as rebaixas fiscais aos empresarios e aos aut\u00f3nomos, que son \u201cvilipendiados pola ministra de Traballo\u201d malia ser colectivos que crean riqueza.<\/p>\n<p style=\"text-align: justify;\">\u00a0<\/p>\n<p style=\"text-align: justify;\">Non obstante, reco\u00f1eceu que \u201cseguiremos reclamando con forza que se cumpra con n\u00f3s\u201d, manifestando que Galicia continuar\u00e1 esixindo m\u00e1is prazas MIR e maior implicaci\u00f3n do Executivo central para solucionar os problemas da Atenci\u00f3n Primaria, predisposici\u00f3n para atender cos fondos europeos as necesidades de financiamento de proxectos como o de Altri en Palas de Rei ou o de Stellantis en Vigo ou a chegada de infraestruturas fundamentais como os trens Avril para que a alta velocidade sexa unha realidade en toda a Comunidade tras unha inxustificable demora.<\/p>\n<p style=\"text-align: justify;\">\u00a0<\/p>\n<p style=\"text-align: justify;\">\u201cNecesitamos un Goberno central responsable\u201d, apuntou explicando que o \u00fanico l\u00edder capaz de proporcionalo \u00e9 Alberto N\u00fa\u00f1ez Feij\u00f3o, referente de unidade e consenso. \u201cEspa\u00f1a \u00e9 forte cando est\u00e1 unida\u201d, insistiu mentres po\u00f1\u00eda en valor a \u201cxenerosidade e a valent\u00eda\u201d do presidente do Partido Popular.<\/p>\n<p style=\"text-align: justify;\">\u00a0<\/p>\n<p style=\"text-align: justify;\"><strong><u>UNHA TRANSICI\u00d3N MOD\u00c9LICA<\/u><\/strong><\/p>\n<p style=\"text-align: justify;\">Durante a s\u00faa intervenci\u00f3n, Rueda tam\u00e9n agradeceu a todos os membros do PPdeG a \u201cexemplar e mod\u00e9lica\u201d transici\u00f3n que viviron os populares galegos nos \u00faltimos meses, resaltando o apoio recibido polos catro presidentes provinciais e destacando a \u201cdedicaci\u00f3n\u201d demostrada pola secretaria xeral, Paula Prado: \u201cO partido estivo \u00e1 altura das circunstancias cando m\u00e1is se precisaba\u201d.<\/p>\n<p style=\"text-align: justify;\">\u00a0<\/p>\n<p style=\"text-align: justify;\">Igualmente, fronte a unha oposici\u00f3n instalada na cr\u00edtica constante, aclarou que o Partido Popular de Galicia non vai perder o tempo en liortas internas e que vai continuar o labor que no seu d\u00eda comezou Xerardo Fern\u00e1ndez Albor, Manuel Fraga e Alberto N\u00fa\u00f1ez Feij\u00f3o.<\/p>\n","protected":false},"excerpt":{"rendered":"<p>Inaugurou o curso pol\u00edtico xunto a Alberto N\u00fa\u00f1ez Feij\u00f3o en Cerdedo-Cotobade<\/p>\n","protected":false},"author":38,"featured_media":57350,"comment_status":"open","ping_status":"open","sticky":false,"template":"","format":"standard","meta":{"_acf_changed":false,"footnotes":""},"categories":[1],"tags":[],"class_list":["post-57351","post","type-post","status-publish","format-standard","has-post-thumbnail","hentry","category-pp-de-galicia"],"acf":[],"yoast_head":"<!-- This site is optimized with the Yoast SEO plugin v27.3 - https:\/\/yoast.com\/product\/yoast-seo-wordpress\/ -->\n<title>Rueda asegura que o PPdeG impulsar\u00e1 neste curso pol\u00edtico o seu poder municipal: \u201cSigamos traballando desde a responsabilidade, a coherencia e a sinceridade\u201d - PP de Galicia<\/title>\n<meta name=\"robots\" content=\"index, follow, max-snippet:-1, max-image-preview:large, max-video-preview:-1\" \/>\n<link rel=\"canonical\" href=\"https:\/\/ppdegalicia.com\/es\/rueda-asegura-que-o-ppdeg-impulsara-neste-curso-politico-o-seu-poder-municipal-sigamos-traballando-desde-a-responsabilidade-a-coherencia-e-a-sinceridade\/\" \/>\n<meta property=\"og:locale\" content=\"es_ES\" \/>\n<meta property=\"og:type\" content=\"article\" \/>\n<meta property=\"og:title\" content=\"Rueda asegura que o PPdeG impulsar\u00e1 neste curso pol\u00edtico o seu poder municipal: \u201cSigamos traballando desde a responsabilidade, a coherencia e a sinceridade\u201d - PP de Galicia\" \/>\n<meta property=\"og:description\" content=\"Inaugurou o curso pol\u00edtico xunto a Alberto N\u00fa\u00f1ez Feij\u00f3o en Cerdedo-Cotobade\" \/>\n<meta property=\"og:url\" content=\"https:\/\/ppdegalicia.com\/es\/rueda-asegura-que-o-ppdeg-impulsara-neste-curso-politico-o-seu-poder-municipal-sigamos-traballando-desde-a-responsabilidade-a-coherencia-e-a-sinceridade\/\" \/>\n<meta property=\"og:site_name\" content=\"PP de Galicia\" \/>\n<meta property=\"article:publisher\" content=\"https:\/\/www.instagram.com\/ppdegalicia\/\" \/>\n<meta property=\"article:published_time\" content=\"2022-08-27T11:32:26+00:00\" \/>\n<meta property=\"og:image\" content=\"https:\/\/ppdegalicia.com\/wp-content\/uploads\/2022\/08\/76c374d8caf8fdc3be5951b0a5a053ad-1024x683.jpg\" \/>\n\t<meta property=\"og:image:width\" content=\"1024\" \/>\n\t<meta property=\"og:image:height\" content=\"683\" \/>\n\t<meta property=\"og:image:type\" content=\"image\/jpeg\" \/>\n<meta name=\"author\" content=\"ppdegaliciaredes\" \/>\n<meta name=\"twitter:card\" content=\"summary_large_image\" \/>\n<meta name=\"twitter:creator\" content=\"@ppdegalicia\" \/>\n<meta name=\"twitter:site\" content=\"@ppdegalicia\" \/>\n<meta name=\"twitter:label1\" content=\"Escrito por\" \/>\n\t<meta name=\"twitter:data1\" content=\"ppdegaliciaredes\" \/>\n\t<meta name=\"twitter:label2\" content=\"Tiempo de lectura\" \/>\n\t<meta name=\"twitter:data2\" content=\"3 minutos\" \/>\n<script type=\"application\/ld+json\" class=\"yoast-schema-graph\">{\"@context\":\"https:\\\/\\\/schema.org\",\"@graph\":[{\"@type\":\"Article\",\"@id\":\"https:\\\/\\\/ppdegalicia.com\\\/es\\\/rueda-asegura-que-o-ppdeg-impulsara-neste-curso-politico-o-seu-poder-municipal-sigamos-traballando-desde-a-responsabilidade-a-coherencia-e-a-sinceridade\\\/#article\",\"isPartOf\":{\"@id\":\"https:\\\/\\\/ppdegalicia.com\\\/es\\\/rueda-asegura-que-o-ppdeg-impulsara-neste-curso-politico-o-seu-poder-municipal-sigamos-traballando-desde-a-responsabilidade-a-coherencia-e-a-sinceridade\\\/\"},\"author\":{\"name\":\"ppdegaliciaredes\",\"@id\":\"https:\\\/\\\/ppdegalicia.com\\\/es\\\/#\\\/schema\\\/person\\\/5b822c6f59e872ebdd1142f307dbcb59\"},\"headline\":\"Rueda asegura que o PPdeG impulsar\u00e1 neste curso pol\u00edtico o seu poder municipal: \u201cSigamos traballando desde a responsabilidade, a coherencia e a sinceridade\u201d\",\"datePublished\":\"2022-08-27T11:32:26+00:00\",\"mainEntityOfPage\":{\"@id\":\"https:\\\/\\\/ppdegalicia.com\\\/es\\\/rueda-asegura-que-o-ppdeg-impulsara-neste-curso-politico-o-seu-poder-municipal-sigamos-traballando-desde-a-responsabilidade-a-coherencia-e-a-sinceridade\\\/\"},\"wordCount\":629,\"commentCount\":0,\"publisher\":{\"@id\":\"https:\\\/\\\/ppdegalicia.com\\\/es\\\/#organization\"},\"image\":{\"@id\":\"https:\\\/\\\/ppdegalicia.com\\\/es\\\/rueda-asegura-que-o-ppdeg-impulsara-neste-curso-politico-o-seu-poder-municipal-sigamos-traballando-desde-a-responsabilidade-a-coherencia-e-a-sinceridade\\\/#primaryimage\"},\"thumbnailUrl\":\"https:\\\/\\\/ppdegalicia.com\\\/wp-content\\\/uploads\\\/2022\\\/08\\\/76c374d8caf8fdc3be5951b0a5a053ad.jpg\",\"articleSection\":[\"PP de Galicia\"],\"inLanguage\":\"es\",\"potentialAction\":[{\"@type\":\"CommentAction\",\"name\":\"Comment\",\"target\":[\"https:\\\/\\\/ppdegalicia.com\\\/es\\\/rueda-asegura-que-o-ppdeg-impulsara-neste-curso-politico-o-seu-poder-municipal-sigamos-traballando-desde-a-responsabilidade-a-coherencia-e-a-sinceridade\\\/#respond\"]}]},{\"@type\":\"WebPage\",\"@id\":\"https:\\\/\\\/ppdegalicia.com\\\/es\\\/rueda-asegura-que-o-ppdeg-impulsara-neste-curso-politico-o-seu-poder-municipal-sigamos-traballando-desde-a-responsabilidade-a-coherencia-e-a-sinceridade\\\/\",\"url\":\"https:\\\/\\\/ppdegalicia.com\\\/es\\\/rueda-asegura-que-o-ppdeg-impulsara-neste-curso-politico-o-seu-poder-municipal-sigamos-traballando-desde-a-responsabilidade-a-coherencia-e-a-sinceridade\\\/\",\"name\":\"Rueda asegura que o PPdeG impulsar\u00e1 neste curso pol\u00edtico o seu poder municipal: \u201cSigamos traballando desde a responsabilidade, a coherencia e a sinceridade\u201d - PP de Galicia\",\"isPartOf\":{\"@id\":\"https:\\\/\\\/ppdegalicia.com\\\/es\\\/#website\"},\"primaryImageOfPage\":{\"@id\":\"https:\\\/\\\/ppdegalicia.com\\\/es\\\/rueda-asegura-que-o-ppdeg-impulsara-neste-curso-politico-o-seu-poder-municipal-sigamos-traballando-desde-a-responsabilidade-a-coherencia-e-a-sinceridade\\\/#primaryimage\"},\"image\":{\"@id\":\"https:\\\/\\\/ppdegalicia.com\\\/es\\\/rueda-asegura-que-o-ppdeg-impulsara-neste-curso-politico-o-seu-poder-municipal-sigamos-traballando-desde-a-responsabilidade-a-coherencia-e-a-sinceridade\\\/#primaryimage\"},\"thumbnailUrl\":\"https:\\\/\\\/ppdegalicia.com\\\/wp-content\\\/uploads\\\/2022\\\/08\\\/76c374d8caf8fdc3be5951b0a5a053ad.jpg\",\"datePublished\":\"2022-08-27T11:32:26+00:00\",\"breadcrumb\":{\"@id\":\"https:\\\/\\\/ppdegalicia.com\\\/es\\\/rueda-asegura-que-o-ppdeg-impulsara-neste-curso-politico-o-seu-poder-municipal-sigamos-traballando-desde-a-responsabilidade-a-coherencia-e-a-sinceridade\\\/#breadcrumb\"},\"inLanguage\":\"es\",\"potentialAction\":[{\"@type\":\"ReadAction\",\"target\":[\"https:\\\/\\\/ppdegalicia.com\\\/es\\\/rueda-asegura-que-o-ppdeg-impulsara-neste-curso-politico-o-seu-poder-municipal-sigamos-traballando-desde-a-responsabilidade-a-coherencia-e-a-sinceridade\\\/\"]}]},{\"@type\":\"ImageObject\",\"inLanguage\":\"es\",\"@id\":\"https:\\\/\\\/ppdegalicia.com\\\/es\\\/rueda-asegura-que-o-ppdeg-impulsara-neste-curso-politico-o-seu-poder-municipal-sigamos-traballando-desde-a-responsabilidade-a-coherencia-e-a-sinceridade\\\/#primaryimage\",\"url\":\"https:\\\/\\\/ppdegalicia.com\\\/wp-content\\\/uploads\\\/2022\\\/08\\\/76c374d8caf8fdc3be5951b0a5a053ad.jpg\",\"contentUrl\":\"https:\\\/\\\/ppdegalicia.com\\\/wp-content\\\/uploads\\\/2022\\\/08\\\/76c374d8caf8fdc3be5951b0a5a053ad.jpg\",\"width\":2048,\"height\":1365},{\"@type\":\"BreadcrumbList\",\"@id\":\"https:\\\/\\\/ppdegalicia.com\\\/es\\\/rueda-asegura-que-o-ppdeg-impulsara-neste-curso-politico-o-seu-poder-municipal-sigamos-traballando-desde-a-responsabilidade-a-coherencia-e-a-sinceridade\\\/#breadcrumb\",\"itemListElement\":[{\"@type\":\"ListItem\",\"position\":1,\"name\":\"Portada\",\"item\":\"https:\\\/\\\/ppdegalicia.com\\\/es\\\/\"},{\"@type\":\"ListItem\",\"position\":2,\"name\":\"Rueda asegura que o PPdeG impulsar\u00e1 neste curso pol\u00edtico o seu poder municipal: \u201cSigamos traballando desde a responsabilidade, a coherencia e a sinceridade\u201d\"}]},{\"@type\":\"WebSite\",\"@id\":\"https:\\\/\\\/ppdegalicia.com\\\/es\\\/#website\",\"url\":\"https:\\\/\\\/ppdegalicia.com\\\/es\\\/\",\"name\":\"Partido Popular de Galicia\",\"description\":\"Partido Popular de Galicia\",\"publisher\":{\"@id\":\"https:\\\/\\\/ppdegalicia.com\\\/es\\\/#organization\"},\"alternateName\":\"PP de Galicia\",\"potentialAction\":[{\"@type\":\"SearchAction\",\"target\":{\"@type\":\"EntryPoint\",\"urlTemplate\":\"https:\\\/\\\/ppdegalicia.com\\\/es\\\/?s={search_term_string}\"},\"query-input\":{\"@type\":\"PropertyValueSpecification\",\"valueRequired\":true,\"valueName\":\"search_term_string\"}}],\"inLanguage\":\"es\"},{\"@type\":\"Organization\",\"@id\":\"https:\\\/\\\/ppdegalicia.com\\\/es\\\/#organization\",\"name\":\"Partido Popular de Galicia\",\"alternateName\":\"PP de Galicia\",\"url\":\"https:\\\/\\\/ppdegalicia.com\\\/es\\\/\",\"logo\":{\"@type\":\"ImageObject\",\"inLanguage\":\"es\",\"@id\":\"https:\\\/\\\/ppdegalicia.com\\\/es\\\/#\\\/schema\\\/logo\\\/image\\\/\",\"url\":\"https:\\\/\\\/ppdegalicia.com\\\/wp-content\\\/uploads\\\/2023\\\/04\\\/logoPP512.png\",\"contentUrl\":\"https:\\\/\\\/ppdegalicia.com\\\/wp-content\\\/uploads\\\/2023\\\/04\\\/logoPP512.png\",\"width\":512,\"height\":512,\"caption\":\"Partido Popular de Galicia\"},\"image\":{\"@id\":\"https:\\\/\\\/ppdegalicia.com\\\/es\\\/#\\\/schema\\\/logo\\\/image\\\/\"},\"sameAs\":[\"https:\\\/\\\/www.instagram.com\\\/ppdegalicia\\\/\",\"https:\\\/\\\/x.com\\\/ppdegalicia\",\"https:\\\/\\\/www.tiktok.com\\\/@ppdegalicia\",\"https:\\\/\\\/www.youtube.com\\\/user\\\/ppdegalicia\"]},{\"@type\":\"Person\",\"@id\":\"https:\\\/\\\/ppdegalicia.com\\\/es\\\/#\\\/schema\\\/person\\\/5b822c6f59e872ebdd1142f307dbcb59\",\"name\":\"ppdegaliciaredes\",\"image\":{\"@type\":\"ImageObject\",\"inLanguage\":\"es\",\"@id\":\"https:\\\/\\\/secure.gravatar.com\\\/avatar\\\/3c9179cf0256d00c72a48d1f25783c58b6842cd56e85ef3a572881c8e28ccd59?s=96&d=mm&r=g\",\"url\":\"https:\\\/\\\/secure.gravatar.com\\\/avatar\\\/3c9179cf0256d00c72a48d1f25783c58b6842cd56e85ef3a572881c8e28ccd59?s=96&d=mm&r=g\",\"contentUrl\":\"https:\\\/\\\/secure.gravatar.com\\\/avatar\\\/3c9179cf0256d00c72a48d1f25783c58b6842cd56e85ef3a572881c8e28ccd59?s=96&d=mm&r=g\",\"caption\":\"ppdegaliciaredes\"},\"url\":\"https:\\\/\\\/ppdegalicia.com\\\/es\\\/author\\\/ppdegaliciaredes\\\/\"}]}<\/script>\n<!-- \/ Yoast SEO plugin. -->","yoast_head_json":{"title":"Rueda asegura que o PPdeG impulsar\u00e1 neste curso pol\u00edtico o seu poder municipal: \u201cSigamos traballando desde a responsabilidade, a coherencia e a sinceridade\u201d - PP de Galicia","robots":{"index":"index","follow":"follow","max-snippet":"max-snippet:-1","max-image-preview":"max-image-preview:large","max-video-preview":"max-video-preview:-1"},"canonical":"https:\/\/ppdegalicia.com\/es\/rueda-asegura-que-o-ppdeg-impulsara-neste-curso-politico-o-seu-poder-municipal-sigamos-traballando-desde-a-responsabilidade-a-coherencia-e-a-sinceridade\/","og_locale":"es_ES","og_type":"article","og_title":"Rueda asegura que o PPdeG impulsar\u00e1 neste curso pol\u00edtico o seu poder municipal: \u201cSigamos traballando desde a responsabilidade, a coherencia e a sinceridade\u201d - PP de Galicia","og_description":"Inaugurou o curso pol\u00edtico xunto a Alberto N\u00fa\u00f1ez Feij\u00f3o en Cerdedo-Cotobade","og_url":"https:\/\/ppdegalicia.com\/es\/rueda-asegura-que-o-ppdeg-impulsara-neste-curso-politico-o-seu-poder-municipal-sigamos-traballando-desde-a-responsabilidade-a-coherencia-e-a-sinceridade\/","og_site_name":"PP de Galicia","article_publisher":"https:\/\/www.instagram.com\/ppdegalicia\/","article_published_time":"2022-08-27T11:32:26+00:00","og_image":[{"width":1024,"height":683,"url":"https:\/\/ppdegalicia.com\/wp-content\/uploads\/2022\/08\/76c374d8caf8fdc3be5951b0a5a053ad-1024x683.jpg","type":"image\/jpeg"}],"author":"ppdegaliciaredes","twitter_card":"summary_large_image","twitter_creator":"@ppdegalicia","twitter_site":"@ppdegalicia","twitter_misc":{"Escrito por":"ppdegaliciaredes","Tiempo de lectura":"3 minutos"},"schema":{"@context":"https:\/\/schema.org","@graph":[{"@type":"Article","@id":"https:\/\/ppdegalicia.com\/es\/rueda-asegura-que-o-ppdeg-impulsara-neste-curso-politico-o-seu-poder-municipal-sigamos-traballando-desde-a-responsabilidade-a-coherencia-e-a-sinceridade\/#article","isPartOf":{"@id":"https:\/\/ppdegalicia.com\/es\/rueda-asegura-que-o-ppdeg-impulsara-neste-curso-politico-o-seu-poder-municipal-sigamos-traballando-desde-a-responsabilidade-a-coherencia-e-a-sinceridade\/"},"author":{"name":"ppdegaliciaredes","@id":"https:\/\/ppdegalicia.com\/es\/#\/schema\/person\/5b822c6f59e872ebdd1142f307dbcb59"},"headline":"Rueda asegura que o PPdeG impulsar\u00e1 neste curso pol\u00edtico o seu poder municipal: \u201cSigamos traballando desde a responsabilidade, a coherencia e a sinceridade\u201d","datePublished":"2022-08-27T11:32:26+00:00","mainEntityOfPage":{"@id":"https:\/\/ppdegalicia.com\/es\/rueda-asegura-que-o-ppdeg-impulsara-neste-curso-politico-o-seu-poder-municipal-sigamos-traballando-desde-a-responsabilidade-a-coherencia-e-a-sinceridade\/"},"wordCount":629,"commentCount":0,"publisher":{"@id":"https:\/\/ppdegalicia.com\/es\/#organization"},"image":{"@id":"https:\/\/ppdegalicia.com\/es\/rueda-asegura-que-o-ppdeg-impulsara-neste-curso-politico-o-seu-poder-municipal-sigamos-traballando-desde-a-responsabilidade-a-coherencia-e-a-sinceridade\/#primaryimage"},"thumbnailUrl":"https:\/\/ppdegalicia.com\/wp-content\/uploads\/2022\/08\/76c374d8caf8fdc3be5951b0a5a053ad.jpg","articleSection":["PP de Galicia"],"inLanguage":"es","potentialAction":[{"@type":"CommentAction","name":"Comment","target":["https:\/\/ppdegalicia.com\/es\/rueda-asegura-que-o-ppdeg-impulsara-neste-curso-politico-o-seu-poder-municipal-sigamos-traballando-desde-a-responsabilidade-a-coherencia-e-a-sinceridade\/#respond"]}]},{"@type":"WebPage","@id":"https:\/\/ppdegalicia.com\/es\/rueda-asegura-que-o-ppdeg-impulsara-neste-curso-politico-o-seu-poder-municipal-sigamos-traballando-desde-a-responsabilidade-a-coherencia-e-a-sinceridade\/","url":"https:\/\/ppdegalicia.com\/es\/rueda-asegura-que-o-ppdeg-impulsara-neste-curso-politico-o-seu-poder-municipal-sigamos-traballando-desde-a-responsabilidade-a-coherencia-e-a-sinceridade\/","name":"Rueda asegura que o PPdeG impulsar\u00e1 neste curso pol\u00edtico o seu poder municipal: \u201cSigamos traballando desde a responsabilidade, a coherencia e a sinceridade\u201d - PP de Galicia","isPartOf":{"@id":"https:\/\/ppdegalicia.com\/es\/#website"},"primaryImageOfPage":{"@id":"https:\/\/ppdegalicia.com\/es\/rueda-asegura-que-o-ppdeg-impulsara-neste-curso-politico-o-seu-poder-municipal-sigamos-traballando-desde-a-responsabilidade-a-coherencia-e-a-sinceridade\/#primaryimage"},"image":{"@id":"https:\/\/ppdegalicia.com\/es\/rueda-asegura-que-o-ppdeg-impulsara-neste-curso-politico-o-seu-poder-municipal-sigamos-traballando-desde-a-responsabilidade-a-coherencia-e-a-sinceridade\/#primaryimage"},"thumbnailUrl":"https:\/\/ppdegalicia.com\/wp-content\/uploads\/2022\/08\/76c374d8caf8fdc3be5951b0a5a053ad.jpg","datePublished":"2022-08-27T11:32:26+00:00","breadcrumb":{"@id":"https:\/\/ppdegalicia.com\/es\/rueda-asegura-que-o-ppdeg-impulsara-neste-curso-politico-o-seu-poder-municipal-sigamos-traballando-desde-a-responsabilidade-a-coherencia-e-a-sinceridade\/#breadcrumb"},"inLanguage":"es","potentialAction":[{"@type":"ReadAction","target":["https:\/\/ppdegalicia.com\/es\/rueda-asegura-que-o-ppdeg-impulsara-neste-curso-politico-o-seu-poder-municipal-sigamos-traballando-desde-a-responsabilidade-a-coherencia-e-a-sinceridade\/"]}]},{"@type":"ImageObject","inLanguage":"es","@id":"https:\/\/ppdegalicia.com\/es\/rueda-asegura-que-o-ppdeg-impulsara-neste-curso-politico-o-seu-poder-municipal-sigamos-traballando-desde-a-responsabilidade-a-coherencia-e-a-sinceridade\/#primaryimage","url":"https:\/\/ppdegalicia.com\/wp-content\/uploads\/2022\/08\/76c374d8caf8fdc3be5951b0a5a053ad.jpg","contentUrl":"https:\/\/ppdegalicia.com\/wp-content\/uploads\/2022\/08\/76c374d8caf8fdc3be5951b0a5a053ad.jpg","width":2048,"height":1365},{"@type":"BreadcrumbList","@id":"https:\/\/ppdegalicia.com\/es\/rueda-asegura-que-o-ppdeg-impulsara-neste-curso-politico-o-seu-poder-municipal-sigamos-traballando-desde-a-responsabilidade-a-coherencia-e-a-sinceridade\/#breadcrumb","itemListElement":[{"@type":"ListItem","position":1,"name":"Portada","item":"https:\/\/ppdegalicia.com\/es\/"},{"@type":"ListItem","position":2,"name":"Rueda asegura que o PPdeG impulsar\u00e1 neste curso pol\u00edtico o seu poder municipal: \u201cSigamos traballando desde a responsabilidade, a coherencia e a sinceridade\u201d"}]},{"@type":"WebSite","@id":"https:\/\/ppdegalicia.com\/es\/#website","url":"https:\/\/ppdegalicia.com\/es\/","name":"Partido Popular de Galicia","description":"Partido Popular de Galicia","publisher":{"@id":"https:\/\/ppdegalicia.com\/es\/#organization"},"alternateName":"PP de Galicia","potentialAction":[{"@type":"SearchAction","target":{"@type":"EntryPoint","urlTemplate":"https:\/\/ppdegalicia.com\/es\/?s={search_term_string}"},"query-input":{"@type":"PropertyValueSpecification","valueRequired":true,"valueName":"search_term_string"}}],"inLanguage":"es"},{"@type":"Organization","@id":"https:\/\/ppdegalicia.com\/es\/#organization","name":"Partido Popular de Galicia","alternateName":"PP de Galicia","url":"https:\/\/ppdegalicia.com\/es\/","logo":{"@type":"ImageObject","inLanguage":"es","@id":"https:\/\/ppdegalicia.com\/es\/#\/schema\/logo\/image\/","url":"https:\/\/ppdegalicia.com\/wp-content\/uploads\/2023\/04\/logoPP512.png","contentUrl":"https:\/\/ppdegalicia.com\/wp-content\/uploads\/2023\/04\/logoPP512.png","width":512,"height":512,"caption":"Partido Popular de Galicia"},"image":{"@id":"https:\/\/ppdegalicia.com\/es\/#\/schema\/logo\/image\/"},"sameAs":["https:\/\/www.instagram.com\/ppdegalicia\/","https:\/\/x.com\/ppdegalicia","https:\/\/www.tiktok.com\/@ppdegalicia","https:\/\/www.youtube.com\/user\/ppdegalicia"]},{"@type":"Person","@id":"https:\/\/ppdegalicia.com\/es\/#\/schema\/person\/5b822c6f59e872ebdd1142f307dbcb59","name":"ppdegaliciaredes","image":{"@type":"ImageObject","inLanguage":"es","@id":"https:\/\/secure.gravatar.com\/avatar\/3c9179cf0256d00c72a48d1f25783c58b6842cd56e85ef3a572881c8e28ccd59?s=96&d=mm&r=g","url":"https:\/\/secure.gravatar.com\/avatar\/3c9179cf0256d00c72a48d1f25783c58b6842cd56e85ef3a572881c8e28ccd59?s=96&d=mm&r=g","contentUrl":"https:\/\/secure.gravatar.com\/avatar\/3c9179cf0256d00c72a48d1f25783c58b6842cd56e85ef3a572881c8e28ccd59?s=96&d=mm&r=g","caption":"ppdegaliciaredes"},"url":"https:\/\/ppdegalicia.com\/es\/author\/ppdegaliciaredes\/"}]}},"_links":{"self":[{"href":"https:\/\/ppdegalicia.com\/es\/wp-json\/wp\/v2\/posts\/57351","targetHints":{"allow":["GET"]}}],"collection":[{"href":"https:\/\/ppdegalicia.com\/es\/wp-json\/wp\/v2\/posts"}],"about":[{"href":"https:\/\/ppdegalicia.com\/es\/wp-json\/wp\/v2\/types\/post"}],"author":[{"embeddable":true,"href":"https:\/\/ppdegalicia.com\/es\/wp-json\/wp\/v2\/users\/38"}],"replies":[{"embeddable":true,"href":"https:\/\/ppdegalicia.com\/es\/wp-json\/wp\/v2\/comments?post=57351"}],"version-history":[{"count":0,"href":"https:\/\/ppdegalicia.com\/es\/wp-json\/wp\/v2\/posts\/57351\/revisions"}],"wp:featuredmedia":[{"embeddable":true,"href":"https:\/\/ppdegalicia.com\/es\/wp-json\/wp\/v2\/media\/57350"}],"wp:attachment":[{"href":"https:\/\/ppdegalicia.com\/es\/wp-json\/wp\/v2\/media?parent=57351"}],"wp:term":[{"taxonomy":"category","embeddable":true,"href":"https:\/\/ppdegalicia.com\/es\/wp-json\/wp\/v2\/categories?post=57351"},{"taxonomy":"post_tag","embeddable":true,"href":"https:\/\/ppdegalicia.com\/es\/wp-json\/wp\/v2\/tags?post=57351"}],"curies":[{"name":"wp","href":"https:\/\/api.w.org\/{rel}","templated":true}]}}