{"id":57397,"date":"2022-09-16T11:31:03","date_gmt":"2022-09-16T09:31:03","guid":{"rendered":"https:\/\/ppdegalicia.com\/paula-prado-galicia-mostrarase-na-interparlamentaria-popular-como-a-comunidade-que-esta-ao-caron-das-familias\/"},"modified":"2022-09-16T11:31:03","modified_gmt":"2022-09-16T09:31:03","slug":"paula-prado-galicia-mostrarase-na-interparlamentaria-popular-como-a-comunidade-que-esta-ao-caron-das-familias","status":"publish","type":"post","link":"https:\/\/ppdegalicia.com\/es\/paula-prado-galicia-mostrarase-na-interparlamentaria-popular-como-a-comunidade-que-esta-ao-caron-das-familias\/","title":{"rendered":"Paula Prado: \u201cGalicia mostrarase na Interparlamentaria Popular como a Comunidade que est\u00e1 ao car\u00f3n das familias\u201d"},"content":{"rendered":"<p><img fetchpriority=\"high\" decoding=\"async\" class=\" size-full wp-image-57396\" src=\"https:\/\/ppdegalicia.com\/wp-content\/uploads\/2022\/09\/6ac88f51608ba0757b2d9caefa2b8cbf-scaled.jpg\" alt=\"\" width=\"2560\" height=\"1755\" srcset=\"https:\/\/ppdegalicia.com\/wp-content\/uploads\/2022\/09\/6ac88f51608ba0757b2d9caefa2b8cbf-scaled.jpg 2560w, https:\/\/ppdegalicia.com\/wp-content\/uploads\/2022\/09\/6ac88f51608ba0757b2d9caefa2b8cbf-300x206.jpg 300w, https:\/\/ppdegalicia.com\/wp-content\/uploads\/2022\/09\/6ac88f51608ba0757b2d9caefa2b8cbf-1024x702.jpg 1024w, https:\/\/ppdegalicia.com\/wp-content\/uploads\/2022\/09\/6ac88f51608ba0757b2d9caefa2b8cbf-768x526.jpg 768w, https:\/\/ppdegalicia.com\/wp-content\/uploads\/2022\/09\/6ac88f51608ba0757b2d9caefa2b8cbf-1536x1053.jpg 1536w, https:\/\/ppdegalicia.com\/wp-content\/uploads\/2022\/09\/6ac88f51608ba0757b2d9caefa2b8cbf-2048x1404.jpg 2048w\" sizes=\"(max-width: 2560px) 100vw, 2560px\" \/><\/p>\n<p style=\"text-align: justify;\">Os populares galegos estar\u00e1n representados esta fin de semana en Toledo por unha delegaci\u00f3n de m\u00e1is de medio cento de persoas encabezada polo presidente Alfonso Rueda, que expor\u00e1 o proxecto \u201cestable, unido, pr\u00f3ximo e solvente\u201d da Comunidade<\/p>\n<p><!--more--><\/p>\n<p style=\"text-align: justify;\"><strong><u>16, setembro, 2022<\/u><\/strong>. A secretaria xeral do PPdeG asegurou que Galicia se mostrar\u00e1 como a Comunidade que est\u00e1 \u201cao car\u00f3n das familias\u201d na Interparlamentaria Popular que se celebrar\u00e1 esta fin de semana en Toledo. As\u00ed o expresou durante a s\u00faa comparecencia en rolda de prensa na que estivo acompa\u00f1ada polo deputado auton\u00f3mico Mois\u00e9s Rodr\u00edguez, que \u00e9 o novo enlace do Grupo Popular no Parlamento co resto de C\u00e1maras de representaci\u00f3n.<\/p>\n<p style=\"text-align: justify;\">\u00a0<\/p>\n<p style=\"text-align: justify;\">Como sinalou, o PP est\u00e1 \u00e1 altura do que lle piden os cidad\u00e1ns e as\u00ed o amosan as pol\u00edticas que esta fin de semana por\u00e1n en com\u00fan os populares. No caso da nosa Comunidade, o partido estar\u00e1 representado por unha delegaci\u00f3n de m\u00e1is de medio cento de persoas \u2014entre deputados nacionais, senadores, deputados auton\u00f3micos e outros cargos da formaci\u00f3n\u2014\u00a0 e estar\u00e1 encabezada polo presidente Alfonso Rueda, que ma\u00f1\u00e1 expor\u00e1 o \u201cproxecto estable, unido, pr\u00f3ximo e solvente de Galicia\u201d.<\/p>\n<p style=\"text-align: justify;\">\u00a0<\/p>\n<p style=\"text-align: justify;\">Durante a tarde do s\u00e1bado, o l\u00edder do PPdeG presidir\u00e1 unha mesa redonda sobre os servizos p\u00fablicos, \u201cunha materia na que a nosa Comunidade leva a dianteira\u201d. Nese senso, Prado incidiu en que a s\u00faa formaci\u00f3n \u00e9 a das familias, tal e como se certificou de novo esta semana con novas medidas como a orde con 34,8 mill\u00f3ns de euros para crear ata 3.400 novas prazas en escolas infant\u00eds en colaboraci\u00f3n cos concellos e os Bonos Activa Comercio, que mobilizar\u00e1n 17 mill\u00f3ns de euros para impulsar as compras nos establecementos de proximidade, con descontos de ata 30 euros.<\/p>\n<p style=\"text-align: justify;\">A secretaria xeral engadiu que este compromiso xa se demostrara con medidas como a educaci\u00f3n infantil gratu\u00edta, as taxas universitarias m\u00e1is baixas de Espa\u00f1a, o desconto do 50% no transporte p\u00fablico, o calendario vacinal m\u00e1is completo ou o aforro de 107 mill\u00f3ns de euros \u00e1s familias fronte \u00e1 inflaci\u00f3n no inicio do curso escolar.<\/p>\n<p style=\"text-align: justify;\">\u00a0<\/p>\n<p style=\"text-align: justify;\">Tras engadir que o deputado Jaime de Olano tam\u00e9n intervir\u00e1 na ma\u00f1\u00e1 do s\u00e1bado nunha mesa sobre os retos econ\u00f3micos e que, xa o domingo, o vicesecretario de Organizaci\u00f3n do PP, Miguel Tellado, e o presidente de Novas Xeraci\u00f3ns, Adri\u00e1n Pardo, falar\u00e1n sobre a pol\u00edtica da Espa\u00f1a que v\u00e9n; Prado manifestou que os populares galegos agardan \u201cservir de exemplo para o resto de autonom\u00edas, \u00e1 vez que escoitamos as s\u00faas iniciativas\u201d. \u201cEstamos seguros de que ser\u00e1 un fin de semana proveitoso e que Galicia mostrar\u00e1 que est\u00e1 \u00e1 altura\u201d, subli\u00f1ou.<\/p>\n<p style=\"text-align: justify;\">\u00a0<\/p>\n<p style=\"text-align: justify;\"><strong><u>FORMOSO, UN \u201cMAL GALEGO\u201d<\/u><\/strong><\/p>\n<p style=\"text-align: justify;\">Por outra banda, referiuse \u00e1 actitude do secretario xeral do PSdeG, Valent\u00edn Gonz\u00e1lez Formoso, \u201cao que xa lle deberon dar o carn\u00e9 de bo europeo\u201d, pero que \u00e9, \u00e1 vez, \u201cun mal galego que viaxa a Estrasburgo \u00fanica e exclusivamente para falar mal de Galicia\u201d.<\/p>\n<p style=\"text-align: justify;\">\u00a0<\/p>\n<p style=\"text-align: justify;\">\u201cHoxe xa vemos o resultado: re\u00fanese co Comisario de Pesca para tratar o veto \u00e1 pesca de fondo e, ao d\u00eda seguinte, Europa confirma o veto \u00e1 pesca de fondo galega\u201d, lamentou mentres precisaba que a Xunta si est\u00e1 traballando xa para reverter esta situaci\u00f3n: \u201cO que nos queda claro que todo o que toca o Partido Socialista de Galicia, sexa aqu\u00ed, en Madrid ou en Estrasburgo, nunca acaba ben\u201d.<\/p>\n<p style=\"text-align: justify;\">\u00a0<\/p>\n<p style=\"text-align: justify;\"><strong><u>O \u201cMEDO\u201d DO GOBERNO DE S\u00c1NCHEZ<\/u><\/strong><\/p>\n<p style=\"text-align: justify;\">Igualmente, a n\u00famero dous do PPdeG referiuse \u00e1 falta de rumbo do Executivo central e do PSOE, resaltando que \u201co Goberno de S\u00e1nchez e o Partido Socialista te\u00f1en moito medo\u201d.<\/p>\n<p style=\"text-align: justify;\">\u00a0<\/p>\n<p style=\"text-align: justify;\">M\u00e1is polo mi\u00fado, explicou que o PSOE teme ao proxecto de Alberto N\u00fa\u00f1ez Feij\u00f3o, polo que env\u00eda a un \u201cministro de garda do insulto\u201d a Galicia por semana cando \u201cantes non existiamos no seu mapa\u201d; e a unha nova debacle electoral, mentres Valent\u00edn Gonz\u00e1lez Formoso marcha de viaxe por Europa para criticar a Alfonso Rueda e \u00e1 nosa Comunidade. As\u00ed mesmo, criticou que o Executivo central transmita esa sensaci\u00f3n aos cidad\u00e1ns por culpa dunha \u201cpol\u00edtica de veleta\u201d, algo que definiu como \u201co peor que pode ocorrer\u201d.<\/p>\n<p style=\"text-align: justify;\">\u00a0<\/p>\n<p style=\"text-align: justify;\">Sobre isto, tam\u00e9n recordou o medo que os socialistas tiveron durante a pandemia, \u201cpero que nunca transformaron en interlocuci\u00f3n coas Comunidades Aut\u00f3nomas\u201d; ao que senten pola situaci\u00f3n econ\u00f3mica actual, \u201cque canalizaron fac\u00e9ndoa a\u00ednda m\u00e1is grave\u201d; e a non saber que facer cos fondos europeos, \u201cque significa que sexamos o Estado que menos executa de Europa\u201d.<\/p>\n<p style=\"text-align: justify;\">\u00a0<\/p>\n<p style=\"text-align: justify;\">\u201cP\u00eddolle a S\u00e1nchez e ao Goberno do Partido Socialista que, se senten medo, escoiten dunha vez as propostas e os consellos dos que xa xestionaron situaci\u00f3ns complicadas\u201d, remarcou.<\/p>\n<p style=\"text-align: justify;\">\u00a0<\/p>\n<p style=\"text-align: justify;\">Pola s\u00faa parte, Mois\u00e9s Rodr\u00edguez puxo en valor o \u201ctraballo extraordinario\u201d dos dez deputados e trece senadores do PPdeG nas Cortes Xerais. \u201cAnte os ataques do Goberno central, temos que defender a nosa Comunidade con propostas fronte aos derrubamentos e con proxectos fronte aos insultos\u201d, sentenciou.<\/p>\n","protected":false},"excerpt":{"rendered":"<p>Os populares galegos estar\u00e1n representados esta fin de semana en Toledo por unha delegaci\u00f3n de m\u00e1is de medio cento de persoas encabezada polo presidente Alfonso Rueda, que expor\u00e1 o proxecto \u201cestable, unido, pr\u00f3ximo e solvente\u201d da Comunidade<\/p>\n","protected":false},"author":38,"featured_media":57396,"comment_status":"open","ping_status":"open","sticky":false,"template":"","format":"standard","meta":{"_acf_changed":false,"footnotes":""},"categories":[1],"tags":[],"class_list":["post-57397","post","type-post","status-publish","format-standard","has-post-thumbnail","hentry","category-pp-de-galicia"],"acf":[],"yoast_head":"<!-- This site is optimized with the Yoast SEO plugin v27.3 - https:\/\/yoast.com\/product\/yoast-seo-wordpress\/ -->\n<title>Paula Prado: \u201cGalicia mostrarase na Interparlamentaria Popular como a Comunidade que est\u00e1 ao car\u00f3n das familias\u201d - PP de Galicia<\/title>\n<meta name=\"robots\" content=\"index, follow, max-snippet:-1, max-image-preview:large, max-video-preview:-1\" \/>\n<link rel=\"canonical\" href=\"https:\/\/ppdegalicia.com\/es\/paula-prado-galicia-mostrarase-na-interparlamentaria-popular-como-a-comunidade-que-esta-ao-caron-das-familias\/\" \/>\n<meta property=\"og:locale\" content=\"es_ES\" \/>\n<meta property=\"og:type\" content=\"article\" \/>\n<meta property=\"og:title\" content=\"Paula Prado: \u201cGalicia mostrarase na Interparlamentaria Popular como a Comunidade que est\u00e1 ao car\u00f3n das familias\u201d - PP de Galicia\" \/>\n<meta property=\"og:description\" content=\"Os populares galegos estar\u00e1n representados esta fin de semana en Toledo por unha delegaci\u00f3n de m\u00e1is de medio cento de persoas encabezada polo presidente Alfonso Rueda, que expor\u00e1 o proxecto \u201cestable, unido, pr\u00f3ximo e solvente\u201d da Comunidade\" \/>\n<meta property=\"og:url\" content=\"https:\/\/ppdegalicia.com\/es\/paula-prado-galicia-mostrarase-na-interparlamentaria-popular-como-a-comunidade-que-esta-ao-caron-das-familias\/\" \/>\n<meta property=\"og:site_name\" content=\"PP de Galicia\" \/>\n<meta property=\"article:publisher\" content=\"https:\/\/www.instagram.com\/ppdegalicia\/\" \/>\n<meta property=\"article:published_time\" content=\"2022-09-16T09:31:03+00:00\" \/>\n<meta property=\"og:image\" content=\"https:\/\/ppdegalicia.com\/wp-content\/uploads\/2022\/09\/6ac88f51608ba0757b2d9caefa2b8cbf-scaled.jpg\" \/>\n\t<meta property=\"og:image:width\" content=\"2560\" \/>\n\t<meta property=\"og:image:height\" content=\"1755\" \/>\n\t<meta property=\"og:image:type\" content=\"image\/jpeg\" \/>\n<meta name=\"author\" content=\"ppdegaliciaredes\" \/>\n<meta name=\"twitter:card\" content=\"summary_large_image\" \/>\n<meta name=\"twitter:creator\" content=\"@ppdegalicia\" \/>\n<meta name=\"twitter:site\" content=\"@ppdegalicia\" \/>\n<meta name=\"twitter:label1\" content=\"Escrito por\" \/>\n\t<meta name=\"twitter:data1\" content=\"ppdegaliciaredes\" \/>\n\t<meta name=\"twitter:label2\" content=\"Tiempo de lectura\" \/>\n\t<meta name=\"twitter:data2\" content=\"4 minutos\" \/>\n<script type=\"application\/ld+json\" class=\"yoast-schema-graph\">{\"@context\":\"https:\\\/\\\/schema.org\",\"@graph\":[{\"@type\":\"Article\",\"@id\":\"https:\\\/\\\/ppdegalicia.com\\\/es\\\/paula-prado-galicia-mostrarase-na-interparlamentaria-popular-como-a-comunidade-que-esta-ao-caron-das-familias\\\/#article\",\"isPartOf\":{\"@id\":\"https:\\\/\\\/ppdegalicia.com\\\/es\\\/paula-prado-galicia-mostrarase-na-interparlamentaria-popular-como-a-comunidade-que-esta-ao-caron-das-familias\\\/\"},\"author\":{\"name\":\"ppdegaliciaredes\",\"@id\":\"https:\\\/\\\/ppdegalicia.com\\\/es\\\/#\\\/schema\\\/person\\\/5b822c6f59e872ebdd1142f307dbcb59\"},\"headline\":\"Paula Prado: \u201cGalicia mostrarase na Interparlamentaria Popular como a Comunidade que est\u00e1 ao car\u00f3n das familias\u201d\",\"datePublished\":\"2022-09-16T09:31:03+00:00\",\"mainEntityOfPage\":{\"@id\":\"https:\\\/\\\/ppdegalicia.com\\\/es\\\/paula-prado-galicia-mostrarase-na-interparlamentaria-popular-como-a-comunidade-que-esta-ao-caron-das-familias\\\/\"},\"wordCount\":878,\"commentCount\":0,\"publisher\":{\"@id\":\"https:\\\/\\\/ppdegalicia.com\\\/es\\\/#organization\"},\"image\":{\"@id\":\"https:\\\/\\\/ppdegalicia.com\\\/es\\\/paula-prado-galicia-mostrarase-na-interparlamentaria-popular-como-a-comunidade-que-esta-ao-caron-das-familias\\\/#primaryimage\"},\"thumbnailUrl\":\"https:\\\/\\\/ppdegalicia.com\\\/wp-content\\\/uploads\\\/2022\\\/09\\\/6ac88f51608ba0757b2d9caefa2b8cbf-scaled.jpg\",\"articleSection\":[\"PP de Galicia\"],\"inLanguage\":\"es\",\"potentialAction\":[{\"@type\":\"CommentAction\",\"name\":\"Comment\",\"target\":[\"https:\\\/\\\/ppdegalicia.com\\\/es\\\/paula-prado-galicia-mostrarase-na-interparlamentaria-popular-como-a-comunidade-que-esta-ao-caron-das-familias\\\/#respond\"]}]},{\"@type\":\"WebPage\",\"@id\":\"https:\\\/\\\/ppdegalicia.com\\\/es\\\/paula-prado-galicia-mostrarase-na-interparlamentaria-popular-como-a-comunidade-que-esta-ao-caron-das-familias\\\/\",\"url\":\"https:\\\/\\\/ppdegalicia.com\\\/es\\\/paula-prado-galicia-mostrarase-na-interparlamentaria-popular-como-a-comunidade-que-esta-ao-caron-das-familias\\\/\",\"name\":\"Paula Prado: \u201cGalicia mostrarase na Interparlamentaria Popular como a Comunidade que est\u00e1 ao car\u00f3n das familias\u201d - PP de Galicia\",\"isPartOf\":{\"@id\":\"https:\\\/\\\/ppdegalicia.com\\\/es\\\/#website\"},\"primaryImageOfPage\":{\"@id\":\"https:\\\/\\\/ppdegalicia.com\\\/es\\\/paula-prado-galicia-mostrarase-na-interparlamentaria-popular-como-a-comunidade-que-esta-ao-caron-das-familias\\\/#primaryimage\"},\"image\":{\"@id\":\"https:\\\/\\\/ppdegalicia.com\\\/es\\\/paula-prado-galicia-mostrarase-na-interparlamentaria-popular-como-a-comunidade-que-esta-ao-caron-das-familias\\\/#primaryimage\"},\"thumbnailUrl\":\"https:\\\/\\\/ppdegalicia.com\\\/wp-content\\\/uploads\\\/2022\\\/09\\\/6ac88f51608ba0757b2d9caefa2b8cbf-scaled.jpg\",\"datePublished\":\"2022-09-16T09:31:03+00:00\",\"breadcrumb\":{\"@id\":\"https:\\\/\\\/ppdegalicia.com\\\/es\\\/paula-prado-galicia-mostrarase-na-interparlamentaria-popular-como-a-comunidade-que-esta-ao-caron-das-familias\\\/#breadcrumb\"},\"inLanguage\":\"es\",\"potentialAction\":[{\"@type\":\"ReadAction\",\"target\":[\"https:\\\/\\\/ppdegalicia.com\\\/es\\\/paula-prado-galicia-mostrarase-na-interparlamentaria-popular-como-a-comunidade-que-esta-ao-caron-das-familias\\\/\"]}]},{\"@type\":\"ImageObject\",\"inLanguage\":\"es\",\"@id\":\"https:\\\/\\\/ppdegalicia.com\\\/es\\\/paula-prado-galicia-mostrarase-na-interparlamentaria-popular-como-a-comunidade-que-esta-ao-caron-das-familias\\\/#primaryimage\",\"url\":\"https:\\\/\\\/ppdegalicia.com\\\/wp-content\\\/uploads\\\/2022\\\/09\\\/6ac88f51608ba0757b2d9caefa2b8cbf-scaled.jpg\",\"contentUrl\":\"https:\\\/\\\/ppdegalicia.com\\\/wp-content\\\/uploads\\\/2022\\\/09\\\/6ac88f51608ba0757b2d9caefa2b8cbf-scaled.jpg\",\"width\":2560,\"height\":1755},{\"@type\":\"BreadcrumbList\",\"@id\":\"https:\\\/\\\/ppdegalicia.com\\\/es\\\/paula-prado-galicia-mostrarase-na-interparlamentaria-popular-como-a-comunidade-que-esta-ao-caron-das-familias\\\/#breadcrumb\",\"itemListElement\":[{\"@type\":\"ListItem\",\"position\":1,\"name\":\"Portada\",\"item\":\"https:\\\/\\\/ppdegalicia.com\\\/es\\\/\"},{\"@type\":\"ListItem\",\"position\":2,\"name\":\"Paula Prado: \u201cGalicia mostrarase na Interparlamentaria Popular como a Comunidade que est\u00e1 ao car\u00f3n das familias\u201d\"}]},{\"@type\":\"WebSite\",\"@id\":\"https:\\\/\\\/ppdegalicia.com\\\/es\\\/#website\",\"url\":\"https:\\\/\\\/ppdegalicia.com\\\/es\\\/\",\"name\":\"Partido Popular de Galicia\",\"description\":\"Partido Popular de Galicia\",\"publisher\":{\"@id\":\"https:\\\/\\\/ppdegalicia.com\\\/es\\\/#organization\"},\"alternateName\":\"PP de Galicia\",\"potentialAction\":[{\"@type\":\"SearchAction\",\"target\":{\"@type\":\"EntryPoint\",\"urlTemplate\":\"https:\\\/\\\/ppdegalicia.com\\\/es\\\/?s={search_term_string}\"},\"query-input\":{\"@type\":\"PropertyValueSpecification\",\"valueRequired\":true,\"valueName\":\"search_term_string\"}}],\"inLanguage\":\"es\"},{\"@type\":\"Organization\",\"@id\":\"https:\\\/\\\/ppdegalicia.com\\\/es\\\/#organization\",\"name\":\"Partido Popular de Galicia\",\"alternateName\":\"PP de Galicia\",\"url\":\"https:\\\/\\\/ppdegalicia.com\\\/es\\\/\",\"logo\":{\"@type\":\"ImageObject\",\"inLanguage\":\"es\",\"@id\":\"https:\\\/\\\/ppdegalicia.com\\\/es\\\/#\\\/schema\\\/logo\\\/image\\\/\",\"url\":\"https:\\\/\\\/ppdegalicia.com\\\/wp-content\\\/uploads\\\/2023\\\/04\\\/logoPP512.png\",\"contentUrl\":\"https:\\\/\\\/ppdegalicia.com\\\/wp-content\\\/uploads\\\/2023\\\/04\\\/logoPP512.png\",\"width\":512,\"height\":512,\"caption\":\"Partido Popular de Galicia\"},\"image\":{\"@id\":\"https:\\\/\\\/ppdegalicia.com\\\/es\\\/#\\\/schema\\\/logo\\\/image\\\/\"},\"sameAs\":[\"https:\\\/\\\/www.instagram.com\\\/ppdegalicia\\\/\",\"https:\\\/\\\/x.com\\\/ppdegalicia\",\"https:\\\/\\\/www.tiktok.com\\\/@ppdegalicia\",\"https:\\\/\\\/www.youtube.com\\\/user\\\/ppdegalicia\"]},{\"@type\":\"Person\",\"@id\":\"https:\\\/\\\/ppdegalicia.com\\\/es\\\/#\\\/schema\\\/person\\\/5b822c6f59e872ebdd1142f307dbcb59\",\"name\":\"ppdegaliciaredes\",\"image\":{\"@type\":\"ImageObject\",\"inLanguage\":\"es\",\"@id\":\"https:\\\/\\\/secure.gravatar.com\\\/avatar\\\/3c9179cf0256d00c72a48d1f25783c58b6842cd56e85ef3a572881c8e28ccd59?s=96&d=mm&r=g\",\"url\":\"https:\\\/\\\/secure.gravatar.com\\\/avatar\\\/3c9179cf0256d00c72a48d1f25783c58b6842cd56e85ef3a572881c8e28ccd59?s=96&d=mm&r=g\",\"contentUrl\":\"https:\\\/\\\/secure.gravatar.com\\\/avatar\\\/3c9179cf0256d00c72a48d1f25783c58b6842cd56e85ef3a572881c8e28ccd59?s=96&d=mm&r=g\",\"caption\":\"ppdegaliciaredes\"},\"url\":\"https:\\\/\\\/ppdegalicia.com\\\/es\\\/author\\\/ppdegaliciaredes\\\/\"}]}<\/script>\n<!-- \/ Yoast SEO plugin. -->","yoast_head_json":{"title":"Paula Prado: \u201cGalicia mostrarase na Interparlamentaria Popular como a Comunidade que est\u00e1 ao car\u00f3n das familias\u201d - PP de Galicia","robots":{"index":"index","follow":"follow","max-snippet":"max-snippet:-1","max-image-preview":"max-image-preview:large","max-video-preview":"max-video-preview:-1"},"canonical":"https:\/\/ppdegalicia.com\/es\/paula-prado-galicia-mostrarase-na-interparlamentaria-popular-como-a-comunidade-que-esta-ao-caron-das-familias\/","og_locale":"es_ES","og_type":"article","og_title":"Paula Prado: \u201cGalicia mostrarase na Interparlamentaria Popular como a Comunidade que est\u00e1 ao car\u00f3n das familias\u201d - PP de Galicia","og_description":"Os populares galegos estar\u00e1n representados esta fin de semana en Toledo por unha delegaci\u00f3n de m\u00e1is de medio cento de persoas encabezada polo presidente Alfonso Rueda, que expor\u00e1 o proxecto \u201cestable, unido, pr\u00f3ximo e solvente\u201d da Comunidade","og_url":"https:\/\/ppdegalicia.com\/es\/paula-prado-galicia-mostrarase-na-interparlamentaria-popular-como-a-comunidade-que-esta-ao-caron-das-familias\/","og_site_name":"PP de Galicia","article_publisher":"https:\/\/www.instagram.com\/ppdegalicia\/","article_published_time":"2022-09-16T09:31:03+00:00","og_image":[{"width":2560,"height":1755,"url":"https:\/\/ppdegalicia.com\/wp-content\/uploads\/2022\/09\/6ac88f51608ba0757b2d9caefa2b8cbf-scaled.jpg","type":"image\/jpeg"}],"author":"ppdegaliciaredes","twitter_card":"summary_large_image","twitter_creator":"@ppdegalicia","twitter_site":"@ppdegalicia","twitter_misc":{"Escrito por":"ppdegaliciaredes","Tiempo de lectura":"4 minutos"},"schema":{"@context":"https:\/\/schema.org","@graph":[{"@type":"Article","@id":"https:\/\/ppdegalicia.com\/es\/paula-prado-galicia-mostrarase-na-interparlamentaria-popular-como-a-comunidade-que-esta-ao-caron-das-familias\/#article","isPartOf":{"@id":"https:\/\/ppdegalicia.com\/es\/paula-prado-galicia-mostrarase-na-interparlamentaria-popular-como-a-comunidade-que-esta-ao-caron-das-familias\/"},"author":{"name":"ppdegaliciaredes","@id":"https:\/\/ppdegalicia.com\/es\/#\/schema\/person\/5b822c6f59e872ebdd1142f307dbcb59"},"headline":"Paula Prado: \u201cGalicia mostrarase na Interparlamentaria Popular como a Comunidade que est\u00e1 ao car\u00f3n das familias\u201d","datePublished":"2022-09-16T09:31:03+00:00","mainEntityOfPage":{"@id":"https:\/\/ppdegalicia.com\/es\/paula-prado-galicia-mostrarase-na-interparlamentaria-popular-como-a-comunidade-que-esta-ao-caron-das-familias\/"},"wordCount":878,"commentCount":0,"publisher":{"@id":"https:\/\/ppdegalicia.com\/es\/#organization"},"image":{"@id":"https:\/\/ppdegalicia.com\/es\/paula-prado-galicia-mostrarase-na-interparlamentaria-popular-como-a-comunidade-que-esta-ao-caron-das-familias\/#primaryimage"},"thumbnailUrl":"https:\/\/ppdegalicia.com\/wp-content\/uploads\/2022\/09\/6ac88f51608ba0757b2d9caefa2b8cbf-scaled.jpg","articleSection":["PP de Galicia"],"inLanguage":"es","potentialAction":[{"@type":"CommentAction","name":"Comment","target":["https:\/\/ppdegalicia.com\/es\/paula-prado-galicia-mostrarase-na-interparlamentaria-popular-como-a-comunidade-que-esta-ao-caron-das-familias\/#respond"]}]},{"@type":"WebPage","@id":"https:\/\/ppdegalicia.com\/es\/paula-prado-galicia-mostrarase-na-interparlamentaria-popular-como-a-comunidade-que-esta-ao-caron-das-familias\/","url":"https:\/\/ppdegalicia.com\/es\/paula-prado-galicia-mostrarase-na-interparlamentaria-popular-como-a-comunidade-que-esta-ao-caron-das-familias\/","name":"Paula Prado: \u201cGalicia mostrarase na Interparlamentaria Popular como a Comunidade que est\u00e1 ao car\u00f3n das familias\u201d - PP de Galicia","isPartOf":{"@id":"https:\/\/ppdegalicia.com\/es\/#website"},"primaryImageOfPage":{"@id":"https:\/\/ppdegalicia.com\/es\/paula-prado-galicia-mostrarase-na-interparlamentaria-popular-como-a-comunidade-que-esta-ao-caron-das-familias\/#primaryimage"},"image":{"@id":"https:\/\/ppdegalicia.com\/es\/paula-prado-galicia-mostrarase-na-interparlamentaria-popular-como-a-comunidade-que-esta-ao-caron-das-familias\/#primaryimage"},"thumbnailUrl":"https:\/\/ppdegalicia.com\/wp-content\/uploads\/2022\/09\/6ac88f51608ba0757b2d9caefa2b8cbf-scaled.jpg","datePublished":"2022-09-16T09:31:03+00:00","breadcrumb":{"@id":"https:\/\/ppdegalicia.com\/es\/paula-prado-galicia-mostrarase-na-interparlamentaria-popular-como-a-comunidade-que-esta-ao-caron-das-familias\/#breadcrumb"},"inLanguage":"es","potentialAction":[{"@type":"ReadAction","target":["https:\/\/ppdegalicia.com\/es\/paula-prado-galicia-mostrarase-na-interparlamentaria-popular-como-a-comunidade-que-esta-ao-caron-das-familias\/"]}]},{"@type":"ImageObject","inLanguage":"es","@id":"https:\/\/ppdegalicia.com\/es\/paula-prado-galicia-mostrarase-na-interparlamentaria-popular-como-a-comunidade-que-esta-ao-caron-das-familias\/#primaryimage","url":"https:\/\/ppdegalicia.com\/wp-content\/uploads\/2022\/09\/6ac88f51608ba0757b2d9caefa2b8cbf-scaled.jpg","contentUrl":"https:\/\/ppdegalicia.com\/wp-content\/uploads\/2022\/09\/6ac88f51608ba0757b2d9caefa2b8cbf-scaled.jpg","width":2560,"height":1755},{"@type":"BreadcrumbList","@id":"https:\/\/ppdegalicia.com\/es\/paula-prado-galicia-mostrarase-na-interparlamentaria-popular-como-a-comunidade-que-esta-ao-caron-das-familias\/#breadcrumb","itemListElement":[{"@type":"ListItem","position":1,"name":"Portada","item":"https:\/\/ppdegalicia.com\/es\/"},{"@type":"ListItem","position":2,"name":"Paula Prado: \u201cGalicia mostrarase na Interparlamentaria Popular como a Comunidade que est\u00e1 ao car\u00f3n das familias\u201d"}]},{"@type":"WebSite","@id":"https:\/\/ppdegalicia.com\/es\/#website","url":"https:\/\/ppdegalicia.com\/es\/","name":"Partido Popular de Galicia","description":"Partido Popular de Galicia","publisher":{"@id":"https:\/\/ppdegalicia.com\/es\/#organization"},"alternateName":"PP de Galicia","potentialAction":[{"@type":"SearchAction","target":{"@type":"EntryPoint","urlTemplate":"https:\/\/ppdegalicia.com\/es\/?s={search_term_string}"},"query-input":{"@type":"PropertyValueSpecification","valueRequired":true,"valueName":"search_term_string"}}],"inLanguage":"es"},{"@type":"Organization","@id":"https:\/\/ppdegalicia.com\/es\/#organization","name":"Partido Popular de Galicia","alternateName":"PP de Galicia","url":"https:\/\/ppdegalicia.com\/es\/","logo":{"@type":"ImageObject","inLanguage":"es","@id":"https:\/\/ppdegalicia.com\/es\/#\/schema\/logo\/image\/","url":"https:\/\/ppdegalicia.com\/wp-content\/uploads\/2023\/04\/logoPP512.png","contentUrl":"https:\/\/ppdegalicia.com\/wp-content\/uploads\/2023\/04\/logoPP512.png","width":512,"height":512,"caption":"Partido Popular de Galicia"},"image":{"@id":"https:\/\/ppdegalicia.com\/es\/#\/schema\/logo\/image\/"},"sameAs":["https:\/\/www.instagram.com\/ppdegalicia\/","https:\/\/x.com\/ppdegalicia","https:\/\/www.tiktok.com\/@ppdegalicia","https:\/\/www.youtube.com\/user\/ppdegalicia"]},{"@type":"Person","@id":"https:\/\/ppdegalicia.com\/es\/#\/schema\/person\/5b822c6f59e872ebdd1142f307dbcb59","name":"ppdegaliciaredes","image":{"@type":"ImageObject","inLanguage":"es","@id":"https:\/\/secure.gravatar.com\/avatar\/3c9179cf0256d00c72a48d1f25783c58b6842cd56e85ef3a572881c8e28ccd59?s=96&d=mm&r=g","url":"https:\/\/secure.gravatar.com\/avatar\/3c9179cf0256d00c72a48d1f25783c58b6842cd56e85ef3a572881c8e28ccd59?s=96&d=mm&r=g","contentUrl":"https:\/\/secure.gravatar.com\/avatar\/3c9179cf0256d00c72a48d1f25783c58b6842cd56e85ef3a572881c8e28ccd59?s=96&d=mm&r=g","caption":"ppdegaliciaredes"},"url":"https:\/\/ppdegalicia.com\/es\/author\/ppdegaliciaredes\/"}]}},"_links":{"self":[{"href":"https:\/\/ppdegalicia.com\/es\/wp-json\/wp\/v2\/posts\/57397","targetHints":{"allow":["GET"]}}],"collection":[{"href":"https:\/\/ppdegalicia.com\/es\/wp-json\/wp\/v2\/posts"}],"about":[{"href":"https:\/\/ppdegalicia.com\/es\/wp-json\/wp\/v2\/types\/post"}],"author":[{"embeddable":true,"href":"https:\/\/ppdegalicia.com\/es\/wp-json\/wp\/v2\/users\/38"}],"replies":[{"embeddable":true,"href":"https:\/\/ppdegalicia.com\/es\/wp-json\/wp\/v2\/comments?post=57397"}],"version-history":[{"count":0,"href":"https:\/\/ppdegalicia.com\/es\/wp-json\/wp\/v2\/posts\/57397\/revisions"}],"wp:featuredmedia":[{"embeddable":true,"href":"https:\/\/ppdegalicia.com\/es\/wp-json\/wp\/v2\/media\/57396"}],"wp:attachment":[{"href":"https:\/\/ppdegalicia.com\/es\/wp-json\/wp\/v2\/media?parent=57397"}],"wp:term":[{"taxonomy":"category","embeddable":true,"href":"https:\/\/ppdegalicia.com\/es\/wp-json\/wp\/v2\/categories?post=57397"},{"taxonomy":"post_tag","embeddable":true,"href":"https:\/\/ppdegalicia.com\/es\/wp-json\/wp\/v2\/tags?post=57397"}],"curies":[{"name":"wp","href":"https:\/\/api.w.org\/{rel}","templated":true}]}}