{"id":57425,"date":"2022-09-28T10:46:53","date_gmt":"2022-09-28T08:46:53","guid":{"rendered":"https:\/\/ppdegalicia.com\/o-parlamento-pide-ao-goberno-central-que-acelere-o-proceso-para-regular-a-dispensacion-de-medicamentos-por-parte-de-enfermeiros\/"},"modified":"2022-09-28T10:46:53","modified_gmt":"2022-09-28T08:46:53","slug":"o-parlamento-pide-ao-goberno-central-que-acelere-o-proceso-para-regular-a-dispensacion-de-medicamentos-por-parte-de-enfermeiros","status":"publish","type":"post","link":"https:\/\/ppdegalicia.com\/es\/o-parlamento-pide-ao-goberno-central-que-acelere-o-proceso-para-regular-a-dispensacion-de-medicamentos-por-parte-de-enfermeiros\/","title":{"rendered":"O Parlamento pide ao Goberno central que acelere o proceso para regular a dispensaci\u00f3n de medicamentos por parte de enfermeiros"},"content":{"rendered":"<p><img fetchpriority=\"high\" decoding=\"async\" class=\" size-full wp-image-57424\" src=\"https:\/\/ppdegalicia.com\/wp-content\/uploads\/2022\/09\/d06fdaa9f232e92a3beebf15d68190ab.jpg\" alt=\"\" width=\"1900\" height=\"1267\" srcset=\"https:\/\/ppdegalicia.com\/wp-content\/uploads\/2022\/09\/d06fdaa9f232e92a3beebf15d68190ab.jpg 1900w, https:\/\/ppdegalicia.com\/wp-content\/uploads\/2022\/09\/d06fdaa9f232e92a3beebf15d68190ab-300x200.jpg 300w, https:\/\/ppdegalicia.com\/wp-content\/uploads\/2022\/09\/d06fdaa9f232e92a3beebf15d68190ab-1024x683.jpg 1024w, https:\/\/ppdegalicia.com\/wp-content\/uploads\/2022\/09\/d06fdaa9f232e92a3beebf15d68190ab-768x512.jpg 768w, https:\/\/ppdegalicia.com\/wp-content\/uploads\/2022\/09\/d06fdaa9f232e92a3beebf15d68190ab-1536x1024.jpg 1536w\" sizes=\"(max-width: 1900px) 100vw, 1900px\" \/><\/p>\n<p>Santiago, 28 de setembro de 2022.-\u00a0 O Pleno do Parlamento de Galicia aprobou hoxe a proposici\u00f3n non de lei do Grupo Popular, que non contou co voto favorable do BNG nin do PSdeG, a trav\u00e9s da que se solicita continuar desenvolvendo a carteira de servizos para o persoal de enfermer\u00eda e se demanda ao Goberno de Espa\u00f1a que acelere o proceso de elaboraci\u00f3n e publicaci\u00f3n de normas que regulen a indicaci\u00f3n, uso e autorizaci\u00f3n de dispensaci\u00f3n de medicamentos e produtos sanitarios de uso humano por parte de enfermeiros para os doentes con patolox\u00edas cr\u00f3nicas.<\/p>\n<p><!--more--><\/p>\n<p>A deputada popular Marta Rodr\u00edguez-Vispo lembrou que \u201cGalicia foi a primeira comunidade aut\u00f3noma en crear e dotar de especialistas en enfermer\u00eda familiar e comunitaria, as\u00ed como en enfermer\u00eda pedi\u00e1trica en atenci\u00f3n primaria\u201d. \u201cNeste momento \u00e9 necesario adoptar m\u00e1is medidas dirixidas a evolucionar un modelo de atenci\u00f3n primaria, que deu excelentes resultados durante moito tempo e segue a funcionar ben, pero que necesita adaptarse aos cambios que se produciron\u201d, apuntou.<\/p>\n<p><strong>POTENCIACI\u00d3N DA ENFERMER\u00cdA<\/strong><\/p>\n<p>Rodr\u00edguez-Vispo manifestou que \u201ca potenciaci\u00f3n do labor dos profesionais de enfermer\u00eda de atenci\u00f3n primaria \u00e9 un dos aspectos fundamentais recollidos no Plan de Atenci\u00f3n Primaria 2019-2021, co obxectivo de adaptarse ao novo modelo desencadeado polo cambio demogr\u00e1fico, no que destaca a lonxevidade da poboaci\u00f3n e o aumento de espazos compartidos interprofesionalmente na atenci\u00f3n primaria\u201d.<\/p>\n<p>\u201cO que buscamos con esta iniciativa \u00e9, por un lado, desenvolver a carteira de servizos para o persoal de enfermer\u00eda, coa redacci\u00f3n de protocolos avanzados que permitan levar ao m\u00e1ximo as s\u00faas competencias, sempre e cando o doente presente un cadro leve ou cr\u00f3nico e de acordo co persoal m\u00e9dico\u201d, explicou a deputada popular.<\/p>\n<p>E, en segundo lugar, \u201cb\u00fascase reducir a carga asistencial do m\u00e9dico de familia derivando determinadas patolox\u00edas que non precisen asistencia m\u00e9dica cara a enfermer\u00eda\u201d, apuntou.<\/p>\n<p><strong>PARSIMONIA DO MINISTERIO DE SANIDADE<\/strong><\/p>\n<p>Marta Rodr\u00edguez-Vispo engadiu que, para determinar os medicamentos que as enfermeiras poden indicar, usar e autorizar a s\u00faa dispensaci\u00f3n, \u201ctiv\u00e9ronse en conta criterios t\u00e9cnicos baseados na evidencia cient\u00edfica, inclu\u00edndose as opci\u00f3ns de uso preferente no tratamento, de acordo coa bibliograf\u00eda aportada e considerando criterios de uso racional do medicamento e a eficacia, seguridade e eficiencia das diferentes alternativas dispo\u00f1ibles\u201d.<\/p>\n<p>Por \u00faltimo, a deputada popular sinalou que a Xunta \u201cleva tempo reclamando esta medida, pero debido \u00e1 parsimonia do Ministerio de Sanidade, que non foi quen de desenvolver os distintos protocolos e gu\u00edas de pr\u00e1ctica asistencial, estas medidas se atrasaron\u201d. <\/p>\n","protected":false},"excerpt":{"rendered":"<p>Santiago, 28 de setembro de 2022.-\u00a0 O Pleno do Parlamento de Galicia aprobou hoxe a proposici\u00f3n non de lei do Grupo Popular, que non contou co voto favorable do BNG nin do PSdeG, a trav\u00e9s da que se solicita continuar desenvolvendo a carteira de servizos para o persoal de enfermer\u00eda e se demanda ao Goberno [&hellip;]<\/p>\n","protected":false},"author":38,"featured_media":57424,"comment_status":"open","ping_status":"open","sticky":false,"template":"","format":"standard","meta":{"_acf_changed":false,"footnotes":""},"categories":[1],"tags":[],"class_list":["post-57425","post","type-post","status-publish","format-standard","has-post-thumbnail","hentry","category-pp-de-galicia"],"acf":[],"yoast_head":"<!-- This site is optimized with the Yoast SEO plugin v27.3 - https:\/\/yoast.com\/product\/yoast-seo-wordpress\/ -->\n<title>O Parlamento pide ao Goberno central que acelere o proceso para regular a dispensaci\u00f3n de medicamentos por parte de enfermeiros - PP de Galicia<\/title>\n<meta name=\"robots\" content=\"index, follow, max-snippet:-1, max-image-preview:large, max-video-preview:-1\" \/>\n<link rel=\"canonical\" href=\"https:\/\/ppdegalicia.com\/es\/o-parlamento-pide-ao-goberno-central-que-acelere-o-proceso-para-regular-a-dispensacion-de-medicamentos-por-parte-de-enfermeiros\/\" \/>\n<meta property=\"og:locale\" content=\"es_ES\" \/>\n<meta property=\"og:type\" content=\"article\" \/>\n<meta property=\"og:title\" content=\"O Parlamento pide ao Goberno central que acelere o proceso para regular a dispensaci\u00f3n de medicamentos por parte de enfermeiros - PP de Galicia\" \/>\n<meta property=\"og:description\" content=\"Santiago, 28 de setembro de 2022.-\u00a0 O Pleno do Parlamento de Galicia aprobou hoxe a proposici\u00f3n non de lei do Grupo Popular, que non contou co voto favorable do BNG nin do PSdeG, a trav\u00e9s da que se solicita continuar desenvolvendo a carteira de servizos para o persoal de enfermer\u00eda e se demanda ao Goberno [&hellip;]\" \/>\n<meta property=\"og:url\" content=\"https:\/\/ppdegalicia.com\/es\/o-parlamento-pide-ao-goberno-central-que-acelere-o-proceso-para-regular-a-dispensacion-de-medicamentos-por-parte-de-enfermeiros\/\" \/>\n<meta property=\"og:site_name\" content=\"PP de Galicia\" \/>\n<meta property=\"article:publisher\" content=\"https:\/\/www.instagram.com\/ppdegalicia\/\" \/>\n<meta property=\"article:published_time\" content=\"2022-09-28T08:46:53+00:00\" \/>\n<meta property=\"og:image\" content=\"https:\/\/ppdegalicia.com\/wp-content\/uploads\/2022\/09\/d06fdaa9f232e92a3beebf15d68190ab.jpg\" \/>\n\t<meta property=\"og:image:width\" content=\"1900\" \/>\n\t<meta property=\"og:image:height\" content=\"1267\" \/>\n\t<meta property=\"og:image:type\" content=\"image\/jpeg\" \/>\n<meta name=\"author\" content=\"ppdegaliciaredes\" \/>\n<meta name=\"twitter:card\" content=\"summary_large_image\" \/>\n<meta name=\"twitter:creator\" content=\"@ppdegalicia\" \/>\n<meta name=\"twitter:site\" content=\"@ppdegalicia\" \/>\n<meta name=\"twitter:label1\" content=\"Escrito por\" \/>\n\t<meta name=\"twitter:data1\" content=\"ppdegaliciaredes\" \/>\n\t<meta name=\"twitter:label2\" content=\"Tiempo de lectura\" \/>\n\t<meta name=\"twitter:data2\" content=\"2 minutos\" \/>\n<script type=\"application\/ld+json\" class=\"yoast-schema-graph\">{\"@context\":\"https:\\\/\\\/schema.org\",\"@graph\":[{\"@type\":\"Article\",\"@id\":\"https:\\\/\\\/ppdegalicia.com\\\/es\\\/o-parlamento-pide-ao-goberno-central-que-acelere-o-proceso-para-regular-a-dispensacion-de-medicamentos-por-parte-de-enfermeiros\\\/#article\",\"isPartOf\":{\"@id\":\"https:\\\/\\\/ppdegalicia.com\\\/es\\\/o-parlamento-pide-ao-goberno-central-que-acelere-o-proceso-para-regular-a-dispensacion-de-medicamentos-por-parte-de-enfermeiros\\\/\"},\"author\":{\"name\":\"ppdegaliciaredes\",\"@id\":\"https:\\\/\\\/ppdegalicia.com\\\/es\\\/#\\\/schema\\\/person\\\/5b822c6f59e872ebdd1142f307dbcb59\"},\"headline\":\"O Parlamento pide ao Goberno central que acelere o proceso para regular a dispensaci\u00f3n de medicamentos por parte de enfermeiros\",\"datePublished\":\"2022-09-28T08:46:53+00:00\",\"mainEntityOfPage\":{\"@id\":\"https:\\\/\\\/ppdegalicia.com\\\/es\\\/o-parlamento-pide-ao-goberno-central-que-acelere-o-proceso-para-regular-a-dispensacion-de-medicamentos-por-parte-de-enfermeiros\\\/\"},\"wordCount\":471,\"commentCount\":0,\"publisher\":{\"@id\":\"https:\\\/\\\/ppdegalicia.com\\\/es\\\/#organization\"},\"image\":{\"@id\":\"https:\\\/\\\/ppdegalicia.com\\\/es\\\/o-parlamento-pide-ao-goberno-central-que-acelere-o-proceso-para-regular-a-dispensacion-de-medicamentos-por-parte-de-enfermeiros\\\/#primaryimage\"},\"thumbnailUrl\":\"https:\\\/\\\/ppdegalicia.com\\\/wp-content\\\/uploads\\\/2022\\\/09\\\/d06fdaa9f232e92a3beebf15d68190ab.jpg\",\"articleSection\":[\"PP de Galicia\"],\"inLanguage\":\"es\",\"potentialAction\":[{\"@type\":\"CommentAction\",\"name\":\"Comment\",\"target\":[\"https:\\\/\\\/ppdegalicia.com\\\/es\\\/o-parlamento-pide-ao-goberno-central-que-acelere-o-proceso-para-regular-a-dispensacion-de-medicamentos-por-parte-de-enfermeiros\\\/#respond\"]}]},{\"@type\":\"WebPage\",\"@id\":\"https:\\\/\\\/ppdegalicia.com\\\/es\\\/o-parlamento-pide-ao-goberno-central-que-acelere-o-proceso-para-regular-a-dispensacion-de-medicamentos-por-parte-de-enfermeiros\\\/\",\"url\":\"https:\\\/\\\/ppdegalicia.com\\\/es\\\/o-parlamento-pide-ao-goberno-central-que-acelere-o-proceso-para-regular-a-dispensacion-de-medicamentos-por-parte-de-enfermeiros\\\/\",\"name\":\"O Parlamento pide ao Goberno central que acelere o proceso para regular a dispensaci\u00f3n de medicamentos por parte de enfermeiros - PP de Galicia\",\"isPartOf\":{\"@id\":\"https:\\\/\\\/ppdegalicia.com\\\/es\\\/#website\"},\"primaryImageOfPage\":{\"@id\":\"https:\\\/\\\/ppdegalicia.com\\\/es\\\/o-parlamento-pide-ao-goberno-central-que-acelere-o-proceso-para-regular-a-dispensacion-de-medicamentos-por-parte-de-enfermeiros\\\/#primaryimage\"},\"image\":{\"@id\":\"https:\\\/\\\/ppdegalicia.com\\\/es\\\/o-parlamento-pide-ao-goberno-central-que-acelere-o-proceso-para-regular-a-dispensacion-de-medicamentos-por-parte-de-enfermeiros\\\/#primaryimage\"},\"thumbnailUrl\":\"https:\\\/\\\/ppdegalicia.com\\\/wp-content\\\/uploads\\\/2022\\\/09\\\/d06fdaa9f232e92a3beebf15d68190ab.jpg\",\"datePublished\":\"2022-09-28T08:46:53+00:00\",\"breadcrumb\":{\"@id\":\"https:\\\/\\\/ppdegalicia.com\\\/es\\\/o-parlamento-pide-ao-goberno-central-que-acelere-o-proceso-para-regular-a-dispensacion-de-medicamentos-por-parte-de-enfermeiros\\\/#breadcrumb\"},\"inLanguage\":\"es\",\"potentialAction\":[{\"@type\":\"ReadAction\",\"target\":[\"https:\\\/\\\/ppdegalicia.com\\\/es\\\/o-parlamento-pide-ao-goberno-central-que-acelere-o-proceso-para-regular-a-dispensacion-de-medicamentos-por-parte-de-enfermeiros\\\/\"]}]},{\"@type\":\"ImageObject\",\"inLanguage\":\"es\",\"@id\":\"https:\\\/\\\/ppdegalicia.com\\\/es\\\/o-parlamento-pide-ao-goberno-central-que-acelere-o-proceso-para-regular-a-dispensacion-de-medicamentos-por-parte-de-enfermeiros\\\/#primaryimage\",\"url\":\"https:\\\/\\\/ppdegalicia.com\\\/wp-content\\\/uploads\\\/2022\\\/09\\\/d06fdaa9f232e92a3beebf15d68190ab.jpg\",\"contentUrl\":\"https:\\\/\\\/ppdegalicia.com\\\/wp-content\\\/uploads\\\/2022\\\/09\\\/d06fdaa9f232e92a3beebf15d68190ab.jpg\",\"width\":1900,\"height\":1267},{\"@type\":\"BreadcrumbList\",\"@id\":\"https:\\\/\\\/ppdegalicia.com\\\/es\\\/o-parlamento-pide-ao-goberno-central-que-acelere-o-proceso-para-regular-a-dispensacion-de-medicamentos-por-parte-de-enfermeiros\\\/#breadcrumb\",\"itemListElement\":[{\"@type\":\"ListItem\",\"position\":1,\"name\":\"Portada\",\"item\":\"https:\\\/\\\/ppdegalicia.com\\\/es\\\/\"},{\"@type\":\"ListItem\",\"position\":2,\"name\":\"O Parlamento pide ao Goberno central que acelere o proceso para regular a dispensaci\u00f3n de medicamentos por parte de enfermeiros\"}]},{\"@type\":\"WebSite\",\"@id\":\"https:\\\/\\\/ppdegalicia.com\\\/es\\\/#website\",\"url\":\"https:\\\/\\\/ppdegalicia.com\\\/es\\\/\",\"name\":\"Partido Popular de Galicia\",\"description\":\"Partido Popular de Galicia\",\"publisher\":{\"@id\":\"https:\\\/\\\/ppdegalicia.com\\\/es\\\/#organization\"},\"alternateName\":\"PP de Galicia\",\"potentialAction\":[{\"@type\":\"SearchAction\",\"target\":{\"@type\":\"EntryPoint\",\"urlTemplate\":\"https:\\\/\\\/ppdegalicia.com\\\/es\\\/?s={search_term_string}\"},\"query-input\":{\"@type\":\"PropertyValueSpecification\",\"valueRequired\":true,\"valueName\":\"search_term_string\"}}],\"inLanguage\":\"es\"},{\"@type\":\"Organization\",\"@id\":\"https:\\\/\\\/ppdegalicia.com\\\/es\\\/#organization\",\"name\":\"Partido Popular de Galicia\",\"alternateName\":\"PP de Galicia\",\"url\":\"https:\\\/\\\/ppdegalicia.com\\\/es\\\/\",\"logo\":{\"@type\":\"ImageObject\",\"inLanguage\":\"es\",\"@id\":\"https:\\\/\\\/ppdegalicia.com\\\/es\\\/#\\\/schema\\\/logo\\\/image\\\/\",\"url\":\"https:\\\/\\\/ppdegalicia.com\\\/wp-content\\\/uploads\\\/2023\\\/04\\\/logoPP512.png\",\"contentUrl\":\"https:\\\/\\\/ppdegalicia.com\\\/wp-content\\\/uploads\\\/2023\\\/04\\\/logoPP512.png\",\"width\":512,\"height\":512,\"caption\":\"Partido Popular de Galicia\"},\"image\":{\"@id\":\"https:\\\/\\\/ppdegalicia.com\\\/es\\\/#\\\/schema\\\/logo\\\/image\\\/\"},\"sameAs\":[\"https:\\\/\\\/www.instagram.com\\\/ppdegalicia\\\/\",\"https:\\\/\\\/x.com\\\/ppdegalicia\",\"https:\\\/\\\/www.tiktok.com\\\/@ppdegalicia\",\"https:\\\/\\\/www.youtube.com\\\/user\\\/ppdegalicia\"]},{\"@type\":\"Person\",\"@id\":\"https:\\\/\\\/ppdegalicia.com\\\/es\\\/#\\\/schema\\\/person\\\/5b822c6f59e872ebdd1142f307dbcb59\",\"name\":\"ppdegaliciaredes\",\"image\":{\"@type\":\"ImageObject\",\"inLanguage\":\"es\",\"@id\":\"https:\\\/\\\/secure.gravatar.com\\\/avatar\\\/3c9179cf0256d00c72a48d1f25783c58b6842cd56e85ef3a572881c8e28ccd59?s=96&d=mm&r=g\",\"url\":\"https:\\\/\\\/secure.gravatar.com\\\/avatar\\\/3c9179cf0256d00c72a48d1f25783c58b6842cd56e85ef3a572881c8e28ccd59?s=96&d=mm&r=g\",\"contentUrl\":\"https:\\\/\\\/secure.gravatar.com\\\/avatar\\\/3c9179cf0256d00c72a48d1f25783c58b6842cd56e85ef3a572881c8e28ccd59?s=96&d=mm&r=g\",\"caption\":\"ppdegaliciaredes\"},\"url\":\"https:\\\/\\\/ppdegalicia.com\\\/es\\\/author\\\/ppdegaliciaredes\\\/\"}]}<\/script>\n<!-- \/ Yoast SEO plugin. -->","yoast_head_json":{"title":"O Parlamento pide ao Goberno central que acelere o proceso para regular a dispensaci\u00f3n de medicamentos por parte de enfermeiros - PP de Galicia","robots":{"index":"index","follow":"follow","max-snippet":"max-snippet:-1","max-image-preview":"max-image-preview:large","max-video-preview":"max-video-preview:-1"},"canonical":"https:\/\/ppdegalicia.com\/es\/o-parlamento-pide-ao-goberno-central-que-acelere-o-proceso-para-regular-a-dispensacion-de-medicamentos-por-parte-de-enfermeiros\/","og_locale":"es_ES","og_type":"article","og_title":"O Parlamento pide ao Goberno central que acelere o proceso para regular a dispensaci\u00f3n de medicamentos por parte de enfermeiros - PP de Galicia","og_description":"Santiago, 28 de setembro de 2022.-\u00a0 O Pleno do Parlamento de Galicia aprobou hoxe a proposici\u00f3n non de lei do Grupo Popular, que non contou co voto favorable do BNG nin do PSdeG, a trav\u00e9s da que se solicita continuar desenvolvendo a carteira de servizos para o persoal de enfermer\u00eda e se demanda ao Goberno [&hellip;]","og_url":"https:\/\/ppdegalicia.com\/es\/o-parlamento-pide-ao-goberno-central-que-acelere-o-proceso-para-regular-a-dispensacion-de-medicamentos-por-parte-de-enfermeiros\/","og_site_name":"PP de Galicia","article_publisher":"https:\/\/www.instagram.com\/ppdegalicia\/","article_published_time":"2022-09-28T08:46:53+00:00","og_image":[{"width":1900,"height":1267,"url":"https:\/\/ppdegalicia.com\/wp-content\/uploads\/2022\/09\/d06fdaa9f232e92a3beebf15d68190ab.jpg","type":"image\/jpeg"}],"author":"ppdegaliciaredes","twitter_card":"summary_large_image","twitter_creator":"@ppdegalicia","twitter_site":"@ppdegalicia","twitter_misc":{"Escrito por":"ppdegaliciaredes","Tiempo de lectura":"2 minutos"},"schema":{"@context":"https:\/\/schema.org","@graph":[{"@type":"Article","@id":"https:\/\/ppdegalicia.com\/es\/o-parlamento-pide-ao-goberno-central-que-acelere-o-proceso-para-regular-a-dispensacion-de-medicamentos-por-parte-de-enfermeiros\/#article","isPartOf":{"@id":"https:\/\/ppdegalicia.com\/es\/o-parlamento-pide-ao-goberno-central-que-acelere-o-proceso-para-regular-a-dispensacion-de-medicamentos-por-parte-de-enfermeiros\/"},"author":{"name":"ppdegaliciaredes","@id":"https:\/\/ppdegalicia.com\/es\/#\/schema\/person\/5b822c6f59e872ebdd1142f307dbcb59"},"headline":"O Parlamento pide ao Goberno central que acelere o proceso para regular a dispensaci\u00f3n de medicamentos por parte de enfermeiros","datePublished":"2022-09-28T08:46:53+00:00","mainEntityOfPage":{"@id":"https:\/\/ppdegalicia.com\/es\/o-parlamento-pide-ao-goberno-central-que-acelere-o-proceso-para-regular-a-dispensacion-de-medicamentos-por-parte-de-enfermeiros\/"},"wordCount":471,"commentCount":0,"publisher":{"@id":"https:\/\/ppdegalicia.com\/es\/#organization"},"image":{"@id":"https:\/\/ppdegalicia.com\/es\/o-parlamento-pide-ao-goberno-central-que-acelere-o-proceso-para-regular-a-dispensacion-de-medicamentos-por-parte-de-enfermeiros\/#primaryimage"},"thumbnailUrl":"https:\/\/ppdegalicia.com\/wp-content\/uploads\/2022\/09\/d06fdaa9f232e92a3beebf15d68190ab.jpg","articleSection":["PP de Galicia"],"inLanguage":"es","potentialAction":[{"@type":"CommentAction","name":"Comment","target":["https:\/\/ppdegalicia.com\/es\/o-parlamento-pide-ao-goberno-central-que-acelere-o-proceso-para-regular-a-dispensacion-de-medicamentos-por-parte-de-enfermeiros\/#respond"]}]},{"@type":"WebPage","@id":"https:\/\/ppdegalicia.com\/es\/o-parlamento-pide-ao-goberno-central-que-acelere-o-proceso-para-regular-a-dispensacion-de-medicamentos-por-parte-de-enfermeiros\/","url":"https:\/\/ppdegalicia.com\/es\/o-parlamento-pide-ao-goberno-central-que-acelere-o-proceso-para-regular-a-dispensacion-de-medicamentos-por-parte-de-enfermeiros\/","name":"O Parlamento pide ao Goberno central que acelere o proceso para regular a dispensaci\u00f3n de medicamentos por parte de enfermeiros - PP de Galicia","isPartOf":{"@id":"https:\/\/ppdegalicia.com\/es\/#website"},"primaryImageOfPage":{"@id":"https:\/\/ppdegalicia.com\/es\/o-parlamento-pide-ao-goberno-central-que-acelere-o-proceso-para-regular-a-dispensacion-de-medicamentos-por-parte-de-enfermeiros\/#primaryimage"},"image":{"@id":"https:\/\/ppdegalicia.com\/es\/o-parlamento-pide-ao-goberno-central-que-acelere-o-proceso-para-regular-a-dispensacion-de-medicamentos-por-parte-de-enfermeiros\/#primaryimage"},"thumbnailUrl":"https:\/\/ppdegalicia.com\/wp-content\/uploads\/2022\/09\/d06fdaa9f232e92a3beebf15d68190ab.jpg","datePublished":"2022-09-28T08:46:53+00:00","breadcrumb":{"@id":"https:\/\/ppdegalicia.com\/es\/o-parlamento-pide-ao-goberno-central-que-acelere-o-proceso-para-regular-a-dispensacion-de-medicamentos-por-parte-de-enfermeiros\/#breadcrumb"},"inLanguage":"es","potentialAction":[{"@type":"ReadAction","target":["https:\/\/ppdegalicia.com\/es\/o-parlamento-pide-ao-goberno-central-que-acelere-o-proceso-para-regular-a-dispensacion-de-medicamentos-por-parte-de-enfermeiros\/"]}]},{"@type":"ImageObject","inLanguage":"es","@id":"https:\/\/ppdegalicia.com\/es\/o-parlamento-pide-ao-goberno-central-que-acelere-o-proceso-para-regular-a-dispensacion-de-medicamentos-por-parte-de-enfermeiros\/#primaryimage","url":"https:\/\/ppdegalicia.com\/wp-content\/uploads\/2022\/09\/d06fdaa9f232e92a3beebf15d68190ab.jpg","contentUrl":"https:\/\/ppdegalicia.com\/wp-content\/uploads\/2022\/09\/d06fdaa9f232e92a3beebf15d68190ab.jpg","width":1900,"height":1267},{"@type":"BreadcrumbList","@id":"https:\/\/ppdegalicia.com\/es\/o-parlamento-pide-ao-goberno-central-que-acelere-o-proceso-para-regular-a-dispensacion-de-medicamentos-por-parte-de-enfermeiros\/#breadcrumb","itemListElement":[{"@type":"ListItem","position":1,"name":"Portada","item":"https:\/\/ppdegalicia.com\/es\/"},{"@type":"ListItem","position":2,"name":"O Parlamento pide ao Goberno central que acelere o proceso para regular a dispensaci\u00f3n de medicamentos por parte de enfermeiros"}]},{"@type":"WebSite","@id":"https:\/\/ppdegalicia.com\/es\/#website","url":"https:\/\/ppdegalicia.com\/es\/","name":"Partido Popular de Galicia","description":"Partido Popular de Galicia","publisher":{"@id":"https:\/\/ppdegalicia.com\/es\/#organization"},"alternateName":"PP de Galicia","potentialAction":[{"@type":"SearchAction","target":{"@type":"EntryPoint","urlTemplate":"https:\/\/ppdegalicia.com\/es\/?s={search_term_string}"},"query-input":{"@type":"PropertyValueSpecification","valueRequired":true,"valueName":"search_term_string"}}],"inLanguage":"es"},{"@type":"Organization","@id":"https:\/\/ppdegalicia.com\/es\/#organization","name":"Partido Popular de Galicia","alternateName":"PP de Galicia","url":"https:\/\/ppdegalicia.com\/es\/","logo":{"@type":"ImageObject","inLanguage":"es","@id":"https:\/\/ppdegalicia.com\/es\/#\/schema\/logo\/image\/","url":"https:\/\/ppdegalicia.com\/wp-content\/uploads\/2023\/04\/logoPP512.png","contentUrl":"https:\/\/ppdegalicia.com\/wp-content\/uploads\/2023\/04\/logoPP512.png","width":512,"height":512,"caption":"Partido Popular de Galicia"},"image":{"@id":"https:\/\/ppdegalicia.com\/es\/#\/schema\/logo\/image\/"},"sameAs":["https:\/\/www.instagram.com\/ppdegalicia\/","https:\/\/x.com\/ppdegalicia","https:\/\/www.tiktok.com\/@ppdegalicia","https:\/\/www.youtube.com\/user\/ppdegalicia"]},{"@type":"Person","@id":"https:\/\/ppdegalicia.com\/es\/#\/schema\/person\/5b822c6f59e872ebdd1142f307dbcb59","name":"ppdegaliciaredes","image":{"@type":"ImageObject","inLanguage":"es","@id":"https:\/\/secure.gravatar.com\/avatar\/3c9179cf0256d00c72a48d1f25783c58b6842cd56e85ef3a572881c8e28ccd59?s=96&d=mm&r=g","url":"https:\/\/secure.gravatar.com\/avatar\/3c9179cf0256d00c72a48d1f25783c58b6842cd56e85ef3a572881c8e28ccd59?s=96&d=mm&r=g","contentUrl":"https:\/\/secure.gravatar.com\/avatar\/3c9179cf0256d00c72a48d1f25783c58b6842cd56e85ef3a572881c8e28ccd59?s=96&d=mm&r=g","caption":"ppdegaliciaredes"},"url":"https:\/\/ppdegalicia.com\/es\/author\/ppdegaliciaredes\/"}]}},"_links":{"self":[{"href":"https:\/\/ppdegalicia.com\/es\/wp-json\/wp\/v2\/posts\/57425","targetHints":{"allow":["GET"]}}],"collection":[{"href":"https:\/\/ppdegalicia.com\/es\/wp-json\/wp\/v2\/posts"}],"about":[{"href":"https:\/\/ppdegalicia.com\/es\/wp-json\/wp\/v2\/types\/post"}],"author":[{"embeddable":true,"href":"https:\/\/ppdegalicia.com\/es\/wp-json\/wp\/v2\/users\/38"}],"replies":[{"embeddable":true,"href":"https:\/\/ppdegalicia.com\/es\/wp-json\/wp\/v2\/comments?post=57425"}],"version-history":[{"count":0,"href":"https:\/\/ppdegalicia.com\/es\/wp-json\/wp\/v2\/posts\/57425\/revisions"}],"wp:featuredmedia":[{"embeddable":true,"href":"https:\/\/ppdegalicia.com\/es\/wp-json\/wp\/v2\/media\/57424"}],"wp:attachment":[{"href":"https:\/\/ppdegalicia.com\/es\/wp-json\/wp\/v2\/media?parent=57425"}],"wp:term":[{"taxonomy":"category","embeddable":true,"href":"https:\/\/ppdegalicia.com\/es\/wp-json\/wp\/v2\/categories?post=57425"},{"taxonomy":"post_tag","embeddable":true,"href":"https:\/\/ppdegalicia.com\/es\/wp-json\/wp\/v2\/tags?post=57425"}],"curies":[{"name":"wp","href":"https:\/\/api.w.org\/{rel}","templated":true}]}}