{"id":57455,"date":"2022-10-04T11:03:30","date_gmt":"2022-10-04T09:03:30","guid":{"rendered":"https:\/\/ppdegalicia.com\/o-parlamento-galego-aproba-a-lei-de-medidas-extraordinarias-para-a-provision-de-postos-de-dificil-cobertura-na-sanidade\/"},"modified":"2022-10-04T11:03:30","modified_gmt":"2022-10-04T09:03:30","slug":"o-parlamento-galego-aproba-a-lei-de-medidas-extraordinarias-para-a-provision-de-postos-de-dificil-cobertura-na-sanidade","status":"publish","type":"post","link":"https:\/\/ppdegalicia.com\/es\/o-parlamento-galego-aproba-a-lei-de-medidas-extraordinarias-para-a-provision-de-postos-de-dificil-cobertura-na-sanidade\/","title":{"rendered":"O Parlamento galego aproba a lei de medidas extraordinarias para a provisi\u00f3n de postos de dif\u00edcil cobertura na sanidade"},"content":{"rendered":"<p><img fetchpriority=\"high\" decoding=\"async\" class=\" size-full wp-image-57454\" src=\"https:\/\/ppdegalicia.com\/wp-content\/uploads\/2022\/10\/f44c193e7d479ca3bf22850666474a1c.jpg\" alt=\"\" width=\"1900\" height=\"1267\" srcset=\"https:\/\/ppdegalicia.com\/wp-content\/uploads\/2022\/10\/f44c193e7d479ca3bf22850666474a1c.jpg 1900w, https:\/\/ppdegalicia.com\/wp-content\/uploads\/2022\/10\/f44c193e7d479ca3bf22850666474a1c-300x200.jpg 300w, https:\/\/ppdegalicia.com\/wp-content\/uploads\/2022\/10\/f44c193e7d479ca3bf22850666474a1c-1024x683.jpg 1024w, https:\/\/ppdegalicia.com\/wp-content\/uploads\/2022\/10\/f44c193e7d479ca3bf22850666474a1c-768x512.jpg 768w, https:\/\/ppdegalicia.com\/wp-content\/uploads\/2022\/10\/f44c193e7d479ca3bf22850666474a1c-1536x1024.jpg 1536w\" sizes=\"(max-width: 1900px) 100vw, 1900px\" \/><\/p>\n<p>Santiago, 4 de outubro de 2022.-\u00a0 O Pleno do Parlamento de Galicia aprobou hoxe, co voto en contra de BNG e PSdeG, a nova lei de medidas extraordinarias dirixidas a impulsar a provisi\u00f3n de postos de dif\u00edcil cobertura na sanidade galega, \u201cco obxectivo de dar soluci\u00f3n ao gran problema de falta de facultativos que afecta a toda Espa\u00f1a\u201d, manifestou a portavoz popular de Sanidade, Encarna Amigo.<\/p>\n<p><!--more--><\/p>\n<p>\u201cFronte a un Goberno galego propositivo e que pon enriba da mesa soluci\u00f3ns concretas, eficaces e realistas aos problemas m\u00e1is graves que afectan ao sistema p\u00fablico de sa\u00fade en toda Espa\u00f1a, atop\u00e1monos cunha oposici\u00f3n sen propostas e que o \u00fanico que lles preocupa \u00e9 que unha boa medida non lles estrague unha boa campa\u00f1a para as elecci\u00f3ns municipais\u201d, lamentou.<\/p>\n<p>\u201cAtop\u00e1monos ante unha situaci\u00f3n complexa de provisi\u00f3n de prazas na sanidade, na que compre tomar decisi\u00f3ns valentes e precisas\u201d, sinalou Encarna Amigo, quen salientou que \u201co acceso mediante concurso \u00e9 un incentivo real, como o puidemos comprobar coa primeira quenda do proceso de adxudicaci\u00f3n das prazas de dif\u00edcil cobertura ofertadas este ano para atenci\u00f3n primaria, na que 91 profesionais optaron por ir a cubrir prazas que hai anos que ningu\u00e9n escoll\u00eda\u201d.<\/p>\n<p>Encarna Amigo explicou que, \u201cgrazas ao mesmo mecanismo que estender\u00e1 esta lei, nas vindeiras semanas teremos cubertas cun facultativo fixo, en todas as \u00e1reas sanitarias, prazas para as que antes era moi dif\u00edcil conseguir un m\u00e9dico\u201d, ante o que engadiu que \u201ccada convocatoria desenvolverase mediante un decreto aprobado polo Consello da Xunta, que se fundamentar\u00e1 nun informe previo onde se xustifique debidamente, con criterios obxectivos, as dificultades de cobertura dos postos de traballo que se van a ofrecer\u201d.<\/p>\n<p><strong>SUPLIR CARENCIAS E ABANDONO GOBERNO CENTRAL<\/strong><\/p>\n<p>A portavoz popular incidiu que \u201co que est\u00e1 facendo o Goberno galego con esta nova lei \u00e9 suplir as carencias e o abandono ao que ten sometido o Goberno de Pedro S\u00e1nchez ao todo o Sistema Nacional de Sa\u00fade\u201d. \u201cAs soluci\u00f3ns para paliar o d\u00e9ficit de especialistas en atenci\u00f3n primaria e para incentivar as prazas de dif\u00edcil cobertura na sanidade, que son responsabilidade do Goberno central, non terminan de chegar, polo que a Xunta est\u00e1 a po\u00f1er todos os recursos, dentro das s\u00faas competencias, e segue a avanzar con medidas propias\u201d, manifestou.<\/p>\n<p>Deste xeito, e dirix\u00edndose aos deputados socialistas, Amigo cualificou de \u201cabraiante a capacidade que te\u00f1en de estar constantemente po\u00f1\u00e9ndolle deberes \u00e1 Xunta, cando o \u00fanico Goberno que non est\u00e1 facendo a parte que lle toca \u00e9 o de Pedro S\u00e1nchez\u201d. As\u00ed, apuntou que \u201co \u00fanico que lles interesa \u00e9 obstaculizar o proceso de aprobaci\u00f3n desta lei, probablemente porque as soluci\u00f3ns que pode achegar en termos de mellora da asistencia en moitos concellos non lles conve\u00f1en aos seus intereses electorais\u201d.<\/p>\n<p>Respecto do BNG, Encarna Amigo subli\u00f1ou que \u201c\u00e9 o \u00fanico partido nacionalista no Congreso, xunto con Bildu, que se puxeron do lado do PSOE votando en contra de que o Goberno central tome as medidas que lle esixiron varios gobernos auton\u00f3micos, inclu\u00eddos o vasco e o catal\u00e1n\u201d. \u201cEles si defenderon soluci\u00f3ns para a s\u00faa sanidade p\u00fablica, pero xa sabemos que o BNG se ten que elixir entre Galicia e o PSOE, sempre elixe o PSOE\u201d, indicou.<\/p>\n","protected":false},"excerpt":{"rendered":"<p>Santiago, 4 de outubro de 2022.-\u00a0 O Pleno do Parlamento de Galicia aprobou hoxe, co voto en contra de BNG e PSdeG, a nova lei de medidas extraordinarias dirixidas a impulsar a provisi\u00f3n de postos de dif\u00edcil cobertura na sanidade galega, \u201cco obxectivo de dar soluci\u00f3n ao gran problema de falta de facultativos que afecta [&hellip;]<\/p>\n","protected":false},"author":38,"featured_media":57454,"comment_status":"open","ping_status":"open","sticky":false,"template":"","format":"standard","meta":{"_acf_changed":false,"footnotes":""},"categories":[1],"tags":[],"class_list":["post-57455","post","type-post","status-publish","format-standard","has-post-thumbnail","hentry","category-pp-de-galicia"],"acf":[],"yoast_head":"<!-- This site is optimized with the Yoast SEO plugin v27.3 - https:\/\/yoast.com\/product\/yoast-seo-wordpress\/ -->\n<title>O Parlamento galego aproba a lei de medidas extraordinarias para a provisi\u00f3n de postos de dif\u00edcil cobertura na sanidade - PP de Galicia<\/title>\n<meta name=\"robots\" content=\"index, follow, max-snippet:-1, max-image-preview:large, max-video-preview:-1\" \/>\n<link rel=\"canonical\" href=\"https:\/\/ppdegalicia.com\/es\/o-parlamento-galego-aproba-a-lei-de-medidas-extraordinarias-para-a-provision-de-postos-de-dificil-cobertura-na-sanidade\/\" \/>\n<meta property=\"og:locale\" content=\"es_ES\" \/>\n<meta property=\"og:type\" content=\"article\" \/>\n<meta property=\"og:title\" content=\"O Parlamento galego aproba a lei de medidas extraordinarias para a provisi\u00f3n de postos de dif\u00edcil cobertura na sanidade - PP de Galicia\" \/>\n<meta property=\"og:description\" content=\"Santiago, 4 de outubro de 2022.-\u00a0 O Pleno do Parlamento de Galicia aprobou hoxe, co voto en contra de BNG e PSdeG, a nova lei de medidas extraordinarias dirixidas a impulsar a provisi\u00f3n de postos de dif\u00edcil cobertura na sanidade galega, \u201cco obxectivo de dar soluci\u00f3n ao gran problema de falta de facultativos que afecta [&hellip;]\" \/>\n<meta property=\"og:url\" content=\"https:\/\/ppdegalicia.com\/es\/o-parlamento-galego-aproba-a-lei-de-medidas-extraordinarias-para-a-provision-de-postos-de-dificil-cobertura-na-sanidade\/\" \/>\n<meta property=\"og:site_name\" content=\"PP de Galicia\" \/>\n<meta property=\"article:publisher\" content=\"https:\/\/www.instagram.com\/ppdegalicia\/\" \/>\n<meta property=\"article:published_time\" content=\"2022-10-04T09:03:30+00:00\" \/>\n<meta property=\"og:image\" content=\"https:\/\/ppdegalicia.com\/wp-content\/uploads\/2022\/10\/f44c193e7d479ca3bf22850666474a1c.jpg\" \/>\n\t<meta property=\"og:image:width\" content=\"1900\" \/>\n\t<meta property=\"og:image:height\" content=\"1267\" \/>\n\t<meta property=\"og:image:type\" content=\"image\/jpeg\" \/>\n<meta name=\"author\" content=\"ppdegaliciaredes\" \/>\n<meta name=\"twitter:card\" content=\"summary_large_image\" \/>\n<meta name=\"twitter:creator\" content=\"@ppdegalicia\" \/>\n<meta name=\"twitter:site\" content=\"@ppdegalicia\" \/>\n<meta name=\"twitter:label1\" content=\"Escrito por\" \/>\n\t<meta name=\"twitter:data1\" content=\"ppdegaliciaredes\" \/>\n\t<meta name=\"twitter:label2\" content=\"Tiempo de lectura\" \/>\n\t<meta name=\"twitter:data2\" content=\"3 minutos\" \/>\n<script type=\"application\/ld+json\" class=\"yoast-schema-graph\">{\"@context\":\"https:\\\/\\\/schema.org\",\"@graph\":[{\"@type\":\"Article\",\"@id\":\"https:\\\/\\\/ppdegalicia.com\\\/es\\\/o-parlamento-galego-aproba-a-lei-de-medidas-extraordinarias-para-a-provision-de-postos-de-dificil-cobertura-na-sanidade\\\/#article\",\"isPartOf\":{\"@id\":\"https:\\\/\\\/ppdegalicia.com\\\/es\\\/o-parlamento-galego-aproba-a-lei-de-medidas-extraordinarias-para-a-provision-de-postos-de-dificil-cobertura-na-sanidade\\\/\"},\"author\":{\"name\":\"ppdegaliciaredes\",\"@id\":\"https:\\\/\\\/ppdegalicia.com\\\/es\\\/#\\\/schema\\\/person\\\/5b822c6f59e872ebdd1142f307dbcb59\"},\"headline\":\"O Parlamento galego aproba a lei de medidas extraordinarias para a provisi\u00f3n de postos de dif\u00edcil cobertura na sanidade\",\"datePublished\":\"2022-10-04T09:03:30+00:00\",\"mainEntityOfPage\":{\"@id\":\"https:\\\/\\\/ppdegalicia.com\\\/es\\\/o-parlamento-galego-aproba-a-lei-de-medidas-extraordinarias-para-a-provision-de-postos-de-dificil-cobertura-na-sanidade\\\/\"},\"wordCount\":585,\"commentCount\":0,\"publisher\":{\"@id\":\"https:\\\/\\\/ppdegalicia.com\\\/es\\\/#organization\"},\"image\":{\"@id\":\"https:\\\/\\\/ppdegalicia.com\\\/es\\\/o-parlamento-galego-aproba-a-lei-de-medidas-extraordinarias-para-a-provision-de-postos-de-dificil-cobertura-na-sanidade\\\/#primaryimage\"},\"thumbnailUrl\":\"https:\\\/\\\/ppdegalicia.com\\\/wp-content\\\/uploads\\\/2022\\\/10\\\/f44c193e7d479ca3bf22850666474a1c.jpg\",\"articleSection\":[\"PP de Galicia\"],\"inLanguage\":\"es\",\"potentialAction\":[{\"@type\":\"CommentAction\",\"name\":\"Comment\",\"target\":[\"https:\\\/\\\/ppdegalicia.com\\\/es\\\/o-parlamento-galego-aproba-a-lei-de-medidas-extraordinarias-para-a-provision-de-postos-de-dificil-cobertura-na-sanidade\\\/#respond\"]}]},{\"@type\":\"WebPage\",\"@id\":\"https:\\\/\\\/ppdegalicia.com\\\/es\\\/o-parlamento-galego-aproba-a-lei-de-medidas-extraordinarias-para-a-provision-de-postos-de-dificil-cobertura-na-sanidade\\\/\",\"url\":\"https:\\\/\\\/ppdegalicia.com\\\/es\\\/o-parlamento-galego-aproba-a-lei-de-medidas-extraordinarias-para-a-provision-de-postos-de-dificil-cobertura-na-sanidade\\\/\",\"name\":\"O Parlamento galego aproba a lei de medidas extraordinarias para a provisi\u00f3n de postos de dif\u00edcil cobertura na sanidade - PP de Galicia\",\"isPartOf\":{\"@id\":\"https:\\\/\\\/ppdegalicia.com\\\/es\\\/#website\"},\"primaryImageOfPage\":{\"@id\":\"https:\\\/\\\/ppdegalicia.com\\\/es\\\/o-parlamento-galego-aproba-a-lei-de-medidas-extraordinarias-para-a-provision-de-postos-de-dificil-cobertura-na-sanidade\\\/#primaryimage\"},\"image\":{\"@id\":\"https:\\\/\\\/ppdegalicia.com\\\/es\\\/o-parlamento-galego-aproba-a-lei-de-medidas-extraordinarias-para-a-provision-de-postos-de-dificil-cobertura-na-sanidade\\\/#primaryimage\"},\"thumbnailUrl\":\"https:\\\/\\\/ppdegalicia.com\\\/wp-content\\\/uploads\\\/2022\\\/10\\\/f44c193e7d479ca3bf22850666474a1c.jpg\",\"datePublished\":\"2022-10-04T09:03:30+00:00\",\"breadcrumb\":{\"@id\":\"https:\\\/\\\/ppdegalicia.com\\\/es\\\/o-parlamento-galego-aproba-a-lei-de-medidas-extraordinarias-para-a-provision-de-postos-de-dificil-cobertura-na-sanidade\\\/#breadcrumb\"},\"inLanguage\":\"es\",\"potentialAction\":[{\"@type\":\"ReadAction\",\"target\":[\"https:\\\/\\\/ppdegalicia.com\\\/es\\\/o-parlamento-galego-aproba-a-lei-de-medidas-extraordinarias-para-a-provision-de-postos-de-dificil-cobertura-na-sanidade\\\/\"]}]},{\"@type\":\"ImageObject\",\"inLanguage\":\"es\",\"@id\":\"https:\\\/\\\/ppdegalicia.com\\\/es\\\/o-parlamento-galego-aproba-a-lei-de-medidas-extraordinarias-para-a-provision-de-postos-de-dificil-cobertura-na-sanidade\\\/#primaryimage\",\"url\":\"https:\\\/\\\/ppdegalicia.com\\\/wp-content\\\/uploads\\\/2022\\\/10\\\/f44c193e7d479ca3bf22850666474a1c.jpg\",\"contentUrl\":\"https:\\\/\\\/ppdegalicia.com\\\/wp-content\\\/uploads\\\/2022\\\/10\\\/f44c193e7d479ca3bf22850666474a1c.jpg\",\"width\":1900,\"height\":1267},{\"@type\":\"BreadcrumbList\",\"@id\":\"https:\\\/\\\/ppdegalicia.com\\\/es\\\/o-parlamento-galego-aproba-a-lei-de-medidas-extraordinarias-para-a-provision-de-postos-de-dificil-cobertura-na-sanidade\\\/#breadcrumb\",\"itemListElement\":[{\"@type\":\"ListItem\",\"position\":1,\"name\":\"Portada\",\"item\":\"https:\\\/\\\/ppdegalicia.com\\\/es\\\/\"},{\"@type\":\"ListItem\",\"position\":2,\"name\":\"O Parlamento galego aproba a lei de medidas extraordinarias para a provisi\u00f3n de postos de dif\u00edcil cobertura na sanidade\"}]},{\"@type\":\"WebSite\",\"@id\":\"https:\\\/\\\/ppdegalicia.com\\\/es\\\/#website\",\"url\":\"https:\\\/\\\/ppdegalicia.com\\\/es\\\/\",\"name\":\"Partido Popular de Galicia\",\"description\":\"Partido Popular de Galicia\",\"publisher\":{\"@id\":\"https:\\\/\\\/ppdegalicia.com\\\/es\\\/#organization\"},\"alternateName\":\"PP de Galicia\",\"potentialAction\":[{\"@type\":\"SearchAction\",\"target\":{\"@type\":\"EntryPoint\",\"urlTemplate\":\"https:\\\/\\\/ppdegalicia.com\\\/es\\\/?s={search_term_string}\"},\"query-input\":{\"@type\":\"PropertyValueSpecification\",\"valueRequired\":true,\"valueName\":\"search_term_string\"}}],\"inLanguage\":\"es\"},{\"@type\":\"Organization\",\"@id\":\"https:\\\/\\\/ppdegalicia.com\\\/es\\\/#organization\",\"name\":\"Partido Popular de Galicia\",\"alternateName\":\"PP de Galicia\",\"url\":\"https:\\\/\\\/ppdegalicia.com\\\/es\\\/\",\"logo\":{\"@type\":\"ImageObject\",\"inLanguage\":\"es\",\"@id\":\"https:\\\/\\\/ppdegalicia.com\\\/es\\\/#\\\/schema\\\/logo\\\/image\\\/\",\"url\":\"https:\\\/\\\/ppdegalicia.com\\\/wp-content\\\/uploads\\\/2023\\\/04\\\/logoPP512.png\",\"contentUrl\":\"https:\\\/\\\/ppdegalicia.com\\\/wp-content\\\/uploads\\\/2023\\\/04\\\/logoPP512.png\",\"width\":512,\"height\":512,\"caption\":\"Partido Popular de Galicia\"},\"image\":{\"@id\":\"https:\\\/\\\/ppdegalicia.com\\\/es\\\/#\\\/schema\\\/logo\\\/image\\\/\"},\"sameAs\":[\"https:\\\/\\\/www.instagram.com\\\/ppdegalicia\\\/\",\"https:\\\/\\\/x.com\\\/ppdegalicia\",\"https:\\\/\\\/www.tiktok.com\\\/@ppdegalicia\",\"https:\\\/\\\/www.youtube.com\\\/user\\\/ppdegalicia\"]},{\"@type\":\"Person\",\"@id\":\"https:\\\/\\\/ppdegalicia.com\\\/es\\\/#\\\/schema\\\/person\\\/5b822c6f59e872ebdd1142f307dbcb59\",\"name\":\"ppdegaliciaredes\",\"image\":{\"@type\":\"ImageObject\",\"inLanguage\":\"es\",\"@id\":\"https:\\\/\\\/secure.gravatar.com\\\/avatar\\\/3c9179cf0256d00c72a48d1f25783c58b6842cd56e85ef3a572881c8e28ccd59?s=96&d=mm&r=g\",\"url\":\"https:\\\/\\\/secure.gravatar.com\\\/avatar\\\/3c9179cf0256d00c72a48d1f25783c58b6842cd56e85ef3a572881c8e28ccd59?s=96&d=mm&r=g\",\"contentUrl\":\"https:\\\/\\\/secure.gravatar.com\\\/avatar\\\/3c9179cf0256d00c72a48d1f25783c58b6842cd56e85ef3a572881c8e28ccd59?s=96&d=mm&r=g\",\"caption\":\"ppdegaliciaredes\"},\"url\":\"https:\\\/\\\/ppdegalicia.com\\\/es\\\/author\\\/ppdegaliciaredes\\\/\"}]}<\/script>\n<!-- \/ Yoast SEO plugin. -->","yoast_head_json":{"title":"O Parlamento galego aproba a lei de medidas extraordinarias para a provisi\u00f3n de postos de dif\u00edcil cobertura na sanidade - PP de Galicia","robots":{"index":"index","follow":"follow","max-snippet":"max-snippet:-1","max-image-preview":"max-image-preview:large","max-video-preview":"max-video-preview:-1"},"canonical":"https:\/\/ppdegalicia.com\/es\/o-parlamento-galego-aproba-a-lei-de-medidas-extraordinarias-para-a-provision-de-postos-de-dificil-cobertura-na-sanidade\/","og_locale":"es_ES","og_type":"article","og_title":"O Parlamento galego aproba a lei de medidas extraordinarias para a provisi\u00f3n de postos de dif\u00edcil cobertura na sanidade - PP de Galicia","og_description":"Santiago, 4 de outubro de 2022.-\u00a0 O Pleno do Parlamento de Galicia aprobou hoxe, co voto en contra de BNG e PSdeG, a nova lei de medidas extraordinarias dirixidas a impulsar a provisi\u00f3n de postos de dif\u00edcil cobertura na sanidade galega, \u201cco obxectivo de dar soluci\u00f3n ao gran problema de falta de facultativos que afecta [&hellip;]","og_url":"https:\/\/ppdegalicia.com\/es\/o-parlamento-galego-aproba-a-lei-de-medidas-extraordinarias-para-a-provision-de-postos-de-dificil-cobertura-na-sanidade\/","og_site_name":"PP de Galicia","article_publisher":"https:\/\/www.instagram.com\/ppdegalicia\/","article_published_time":"2022-10-04T09:03:30+00:00","og_image":[{"width":1900,"height":1267,"url":"https:\/\/ppdegalicia.com\/wp-content\/uploads\/2022\/10\/f44c193e7d479ca3bf22850666474a1c.jpg","type":"image\/jpeg"}],"author":"ppdegaliciaredes","twitter_card":"summary_large_image","twitter_creator":"@ppdegalicia","twitter_site":"@ppdegalicia","twitter_misc":{"Escrito por":"ppdegaliciaredes","Tiempo de lectura":"3 minutos"},"schema":{"@context":"https:\/\/schema.org","@graph":[{"@type":"Article","@id":"https:\/\/ppdegalicia.com\/es\/o-parlamento-galego-aproba-a-lei-de-medidas-extraordinarias-para-a-provision-de-postos-de-dificil-cobertura-na-sanidade\/#article","isPartOf":{"@id":"https:\/\/ppdegalicia.com\/es\/o-parlamento-galego-aproba-a-lei-de-medidas-extraordinarias-para-a-provision-de-postos-de-dificil-cobertura-na-sanidade\/"},"author":{"name":"ppdegaliciaredes","@id":"https:\/\/ppdegalicia.com\/es\/#\/schema\/person\/5b822c6f59e872ebdd1142f307dbcb59"},"headline":"O Parlamento galego aproba a lei de medidas extraordinarias para a provisi\u00f3n de postos de dif\u00edcil cobertura na sanidade","datePublished":"2022-10-04T09:03:30+00:00","mainEntityOfPage":{"@id":"https:\/\/ppdegalicia.com\/es\/o-parlamento-galego-aproba-a-lei-de-medidas-extraordinarias-para-a-provision-de-postos-de-dificil-cobertura-na-sanidade\/"},"wordCount":585,"commentCount":0,"publisher":{"@id":"https:\/\/ppdegalicia.com\/es\/#organization"},"image":{"@id":"https:\/\/ppdegalicia.com\/es\/o-parlamento-galego-aproba-a-lei-de-medidas-extraordinarias-para-a-provision-de-postos-de-dificil-cobertura-na-sanidade\/#primaryimage"},"thumbnailUrl":"https:\/\/ppdegalicia.com\/wp-content\/uploads\/2022\/10\/f44c193e7d479ca3bf22850666474a1c.jpg","articleSection":["PP de Galicia"],"inLanguage":"es","potentialAction":[{"@type":"CommentAction","name":"Comment","target":["https:\/\/ppdegalicia.com\/es\/o-parlamento-galego-aproba-a-lei-de-medidas-extraordinarias-para-a-provision-de-postos-de-dificil-cobertura-na-sanidade\/#respond"]}]},{"@type":"WebPage","@id":"https:\/\/ppdegalicia.com\/es\/o-parlamento-galego-aproba-a-lei-de-medidas-extraordinarias-para-a-provision-de-postos-de-dificil-cobertura-na-sanidade\/","url":"https:\/\/ppdegalicia.com\/es\/o-parlamento-galego-aproba-a-lei-de-medidas-extraordinarias-para-a-provision-de-postos-de-dificil-cobertura-na-sanidade\/","name":"O Parlamento galego aproba a lei de medidas extraordinarias para a provisi\u00f3n de postos de dif\u00edcil cobertura na sanidade - PP de Galicia","isPartOf":{"@id":"https:\/\/ppdegalicia.com\/es\/#website"},"primaryImageOfPage":{"@id":"https:\/\/ppdegalicia.com\/es\/o-parlamento-galego-aproba-a-lei-de-medidas-extraordinarias-para-a-provision-de-postos-de-dificil-cobertura-na-sanidade\/#primaryimage"},"image":{"@id":"https:\/\/ppdegalicia.com\/es\/o-parlamento-galego-aproba-a-lei-de-medidas-extraordinarias-para-a-provision-de-postos-de-dificil-cobertura-na-sanidade\/#primaryimage"},"thumbnailUrl":"https:\/\/ppdegalicia.com\/wp-content\/uploads\/2022\/10\/f44c193e7d479ca3bf22850666474a1c.jpg","datePublished":"2022-10-04T09:03:30+00:00","breadcrumb":{"@id":"https:\/\/ppdegalicia.com\/es\/o-parlamento-galego-aproba-a-lei-de-medidas-extraordinarias-para-a-provision-de-postos-de-dificil-cobertura-na-sanidade\/#breadcrumb"},"inLanguage":"es","potentialAction":[{"@type":"ReadAction","target":["https:\/\/ppdegalicia.com\/es\/o-parlamento-galego-aproba-a-lei-de-medidas-extraordinarias-para-a-provision-de-postos-de-dificil-cobertura-na-sanidade\/"]}]},{"@type":"ImageObject","inLanguage":"es","@id":"https:\/\/ppdegalicia.com\/es\/o-parlamento-galego-aproba-a-lei-de-medidas-extraordinarias-para-a-provision-de-postos-de-dificil-cobertura-na-sanidade\/#primaryimage","url":"https:\/\/ppdegalicia.com\/wp-content\/uploads\/2022\/10\/f44c193e7d479ca3bf22850666474a1c.jpg","contentUrl":"https:\/\/ppdegalicia.com\/wp-content\/uploads\/2022\/10\/f44c193e7d479ca3bf22850666474a1c.jpg","width":1900,"height":1267},{"@type":"BreadcrumbList","@id":"https:\/\/ppdegalicia.com\/es\/o-parlamento-galego-aproba-a-lei-de-medidas-extraordinarias-para-a-provision-de-postos-de-dificil-cobertura-na-sanidade\/#breadcrumb","itemListElement":[{"@type":"ListItem","position":1,"name":"Portada","item":"https:\/\/ppdegalicia.com\/es\/"},{"@type":"ListItem","position":2,"name":"O Parlamento galego aproba a lei de medidas extraordinarias para a provisi\u00f3n de postos de dif\u00edcil cobertura na sanidade"}]},{"@type":"WebSite","@id":"https:\/\/ppdegalicia.com\/es\/#website","url":"https:\/\/ppdegalicia.com\/es\/","name":"Partido Popular de Galicia","description":"Partido Popular de Galicia","publisher":{"@id":"https:\/\/ppdegalicia.com\/es\/#organization"},"alternateName":"PP de Galicia","potentialAction":[{"@type":"SearchAction","target":{"@type":"EntryPoint","urlTemplate":"https:\/\/ppdegalicia.com\/es\/?s={search_term_string}"},"query-input":{"@type":"PropertyValueSpecification","valueRequired":true,"valueName":"search_term_string"}}],"inLanguage":"es"},{"@type":"Organization","@id":"https:\/\/ppdegalicia.com\/es\/#organization","name":"Partido Popular de Galicia","alternateName":"PP de Galicia","url":"https:\/\/ppdegalicia.com\/es\/","logo":{"@type":"ImageObject","inLanguage":"es","@id":"https:\/\/ppdegalicia.com\/es\/#\/schema\/logo\/image\/","url":"https:\/\/ppdegalicia.com\/wp-content\/uploads\/2023\/04\/logoPP512.png","contentUrl":"https:\/\/ppdegalicia.com\/wp-content\/uploads\/2023\/04\/logoPP512.png","width":512,"height":512,"caption":"Partido Popular de Galicia"},"image":{"@id":"https:\/\/ppdegalicia.com\/es\/#\/schema\/logo\/image\/"},"sameAs":["https:\/\/www.instagram.com\/ppdegalicia\/","https:\/\/x.com\/ppdegalicia","https:\/\/www.tiktok.com\/@ppdegalicia","https:\/\/www.youtube.com\/user\/ppdegalicia"]},{"@type":"Person","@id":"https:\/\/ppdegalicia.com\/es\/#\/schema\/person\/5b822c6f59e872ebdd1142f307dbcb59","name":"ppdegaliciaredes","image":{"@type":"ImageObject","inLanguage":"es","@id":"https:\/\/secure.gravatar.com\/avatar\/3c9179cf0256d00c72a48d1f25783c58b6842cd56e85ef3a572881c8e28ccd59?s=96&d=mm&r=g","url":"https:\/\/secure.gravatar.com\/avatar\/3c9179cf0256d00c72a48d1f25783c58b6842cd56e85ef3a572881c8e28ccd59?s=96&d=mm&r=g","contentUrl":"https:\/\/secure.gravatar.com\/avatar\/3c9179cf0256d00c72a48d1f25783c58b6842cd56e85ef3a572881c8e28ccd59?s=96&d=mm&r=g","caption":"ppdegaliciaredes"},"url":"https:\/\/ppdegalicia.com\/es\/author\/ppdegaliciaredes\/"}]}},"_links":{"self":[{"href":"https:\/\/ppdegalicia.com\/es\/wp-json\/wp\/v2\/posts\/57455","targetHints":{"allow":["GET"]}}],"collection":[{"href":"https:\/\/ppdegalicia.com\/es\/wp-json\/wp\/v2\/posts"}],"about":[{"href":"https:\/\/ppdegalicia.com\/es\/wp-json\/wp\/v2\/types\/post"}],"author":[{"embeddable":true,"href":"https:\/\/ppdegalicia.com\/es\/wp-json\/wp\/v2\/users\/38"}],"replies":[{"embeddable":true,"href":"https:\/\/ppdegalicia.com\/es\/wp-json\/wp\/v2\/comments?post=57455"}],"version-history":[{"count":0,"href":"https:\/\/ppdegalicia.com\/es\/wp-json\/wp\/v2\/posts\/57455\/revisions"}],"wp:featuredmedia":[{"embeddable":true,"href":"https:\/\/ppdegalicia.com\/es\/wp-json\/wp\/v2\/media\/57454"}],"wp:attachment":[{"href":"https:\/\/ppdegalicia.com\/es\/wp-json\/wp\/v2\/media?parent=57455"}],"wp:term":[{"taxonomy":"category","embeddable":true,"href":"https:\/\/ppdegalicia.com\/es\/wp-json\/wp\/v2\/categories?post=57455"},{"taxonomy":"post_tag","embeddable":true,"href":"https:\/\/ppdegalicia.com\/es\/wp-json\/wp\/v2\/tags?post=57455"}],"curies":[{"name":"wp","href":"https:\/\/api.w.org\/{rel}","templated":true}]}}