{"id":57461,"date":"2022-10-04T14:59:54","date_gmt":"2022-10-04T12:59:54","guid":{"rendered":"https:\/\/ppdegalicia.com\/o-grupo-popular-salienta-que-a-xunta-inviste-cada-ano-no-transporte-publico-por-estrada-80-millons-de-euros-o-dobre-do-que-esta-a-pedir-o-bng\/"},"modified":"2022-10-04T14:59:54","modified_gmt":"2022-10-04T12:59:54","slug":"o-grupo-popular-salienta-que-a-xunta-inviste-cada-ano-no-transporte-publico-por-estrada-80-millons-de-euros-o-dobre-do-que-esta-a-pedir-o-bng","status":"publish","type":"post","link":"https:\/\/ppdegalicia.com\/es\/o-grupo-popular-salienta-que-a-xunta-inviste-cada-ano-no-transporte-publico-por-estrada-80-millons-de-euros-o-dobre-do-que-esta-a-pedir-o-bng\/","title":{"rendered":"O Grupo Popular salienta que a Xunta inviste cada ano no transporte p\u00fablico por estrada 80 mill\u00f3ns de euros, o dobre do que est\u00e1 a pedir o BNG"},"content":{"rendered":"<p><img fetchpriority=\"high\" decoding=\"async\" class=\" size-full wp-image-57460\" src=\"https:\/\/ppdegalicia.com\/wp-content\/uploads\/2022\/10\/8521dffc9cb65f13c88a5d887dc6bf35.jpg\" alt=\"\" width=\"1900\" height=\"1267\" srcset=\"https:\/\/ppdegalicia.com\/wp-content\/uploads\/2022\/10\/8521dffc9cb65f13c88a5d887dc6bf35.jpg 1900w, https:\/\/ppdegalicia.com\/wp-content\/uploads\/2022\/10\/8521dffc9cb65f13c88a5d887dc6bf35-300x200.jpg 300w, https:\/\/ppdegalicia.com\/wp-content\/uploads\/2022\/10\/8521dffc9cb65f13c88a5d887dc6bf35-1024x683.jpg 1024w, https:\/\/ppdegalicia.com\/wp-content\/uploads\/2022\/10\/8521dffc9cb65f13c88a5d887dc6bf35-768x512.jpg 768w, https:\/\/ppdegalicia.com\/wp-content\/uploads\/2022\/10\/8521dffc9cb65f13c88a5d887dc6bf35-1536x1024.jpg 1536w\" sizes=\"(max-width: 1900px) 100vw, 1900px\" \/><\/p>\n<p>Santiago, 4 de outubro de 2022.- O portavoz de Infraestruturas do Grupo Popular, Jos\u00e9 Manuel Balseiro, salientou no Pleno do Parlamento galego que \u201cGalicia disp\u00f3n dunha rede de transporte p\u00fablico de competencia auton\u00f3mica conformada por m\u00e1is de 3.400 li\u00f1as renovadas e modernas, nas que se est\u00e1 a investir cada ano 80 mill\u00f3ns de euros, unha cifra que duplica a que solicita o BNG\u201d na s\u00faa moci\u00f3n parlamentaria debatida esta tarde.<\/p>\n<p><!--more--><\/p>\n<p>Refer\u00edndose en concreto \u00e1 provincia de Lugo, Balseiro destacou que \u201cos datos acreditan a transformaci\u00f3n do transporte vivida nos \u00faltimos anos\u201d. As\u00ed, explicou que se multiplicaron por catro os quil\u00f3metros totais percorridos (pasando de 2 a 8,4 mill\u00f3ns de quil\u00f3metros), se multiplicou por 8 o n\u00famero de li\u00f1as (pasando de 76 a 549) e existen o triplo de paradas (2.600 fronte \u00e1s 7.400 actuais).<\/p>\n<p>\u00a0<\/p>\n<p><strong>CAMBIAR O PUNTO DE MIRA<\/strong><\/p>\n<p>\u00a0<\/p>\n<p>Jos\u00e9 Manuel Balseiro criticou que o BNG \u201cs\u00e9rvese de incidencias puntuais para cuestionar o bo funcionamento xeral do transporte p\u00fablico por autob\u00fas en Galicia, pedindo \u00e1 Xunta ao mesmo tempo aquilo que os nacionalistas non fan al\u00ed onde gobernan\u201d.<\/p>\n<p>\u00a0<\/p>\n<p>\u201cCambien o punto de mira e sexan un pouco m\u00e1is sensibles cos centos de cidad\u00e1ns que cada d\u00eda quedan sen billete nas estaci\u00f3ns de tren galegas, e censuren a ca\u00f3tica xesti\u00f3n de Renfe, que enche trens con viaxeiros fantasma e deixa a moitos outros en terra por falta de reforzos, que se ven obrigados a utilizar a \u00fanica alternativa posible: o autob\u00fas da Xunta\u201d, indicou.<\/p>\n<p>\u00a0<\/p>\n<p>Deste xeito, demandou aos nacionalistas galegos que \u201cdean a batalla por garantir m\u00e1is frecuencias, mellores horarios, unha modalidade acorde cos tempos e un servizo ferroviario p\u00fablico digno\u201d. \u201cNon nos vale que, como soluci\u00f3n, pidan que a Xunta asuma o transporte por ferrocarril en Galicia, porque non se trata de pagar con cartos dos galegos o que lle corresponde asumir \u00e1 Facenda estatal\u201d, dixo. <\/p>\n","protected":false},"excerpt":{"rendered":"<p>Santiago, 4 de outubro de 2022.- O portavoz de Infraestruturas do Grupo Popular, Jos\u00e9 Manuel Balseiro, salientou no Pleno do Parlamento galego que \u201cGalicia disp\u00f3n dunha rede de transporte p\u00fablico de competencia auton\u00f3mica conformada por m\u00e1is de 3.400 li\u00f1as renovadas e modernas, nas que se est\u00e1 a investir cada ano 80 mill\u00f3ns de euros, unha [&hellip;]<\/p>\n","protected":false},"author":38,"featured_media":57460,"comment_status":"open","ping_status":"open","sticky":false,"template":"","format":"standard","meta":{"_acf_changed":false,"footnotes":""},"categories":[1],"tags":[],"class_list":["post-57461","post","type-post","status-publish","format-standard","has-post-thumbnail","hentry","category-pp-de-galicia"],"acf":[],"yoast_head":"<!-- This site is optimized with the Yoast SEO plugin v27.3 - https:\/\/yoast.com\/product\/yoast-seo-wordpress\/ -->\n<title>O Grupo Popular salienta que a Xunta inviste cada ano no transporte p\u00fablico por estrada 80 mill\u00f3ns de euros, o dobre do que est\u00e1 a pedir o BNG - PP de Galicia<\/title>\n<meta name=\"robots\" content=\"index, follow, max-snippet:-1, max-image-preview:large, max-video-preview:-1\" \/>\n<link rel=\"canonical\" href=\"https:\/\/ppdegalicia.com\/es\/o-grupo-popular-salienta-que-a-xunta-inviste-cada-ano-no-transporte-publico-por-estrada-80-millons-de-euros-o-dobre-do-que-esta-a-pedir-o-bng\/\" \/>\n<meta property=\"og:locale\" content=\"es_ES\" \/>\n<meta property=\"og:type\" content=\"article\" \/>\n<meta property=\"og:title\" content=\"O Grupo Popular salienta que a Xunta inviste cada ano no transporte p\u00fablico por estrada 80 mill\u00f3ns de euros, o dobre do que est\u00e1 a pedir o BNG - PP de Galicia\" \/>\n<meta property=\"og:description\" content=\"Santiago, 4 de outubro de 2022.- O portavoz de Infraestruturas do Grupo Popular, Jos\u00e9 Manuel Balseiro, salientou no Pleno do Parlamento galego que \u201cGalicia disp\u00f3n dunha rede de transporte p\u00fablico de competencia auton\u00f3mica conformada por m\u00e1is de 3.400 li\u00f1as renovadas e modernas, nas que se est\u00e1 a investir cada ano 80 mill\u00f3ns de euros, unha [&hellip;]\" \/>\n<meta property=\"og:url\" content=\"https:\/\/ppdegalicia.com\/es\/o-grupo-popular-salienta-que-a-xunta-inviste-cada-ano-no-transporte-publico-por-estrada-80-millons-de-euros-o-dobre-do-que-esta-a-pedir-o-bng\/\" \/>\n<meta property=\"og:site_name\" content=\"PP de Galicia\" \/>\n<meta property=\"article:publisher\" content=\"https:\/\/www.instagram.com\/ppdegalicia\/\" \/>\n<meta property=\"article:published_time\" content=\"2022-10-04T12:59:54+00:00\" \/>\n<meta property=\"og:image\" content=\"https:\/\/ppdegalicia.com\/wp-content\/uploads\/2022\/10\/8521dffc9cb65f13c88a5d887dc6bf35.jpg\" \/>\n\t<meta property=\"og:image:width\" content=\"1900\" \/>\n\t<meta property=\"og:image:height\" content=\"1267\" \/>\n\t<meta property=\"og:image:type\" content=\"image\/jpeg\" \/>\n<meta name=\"author\" content=\"ppdegaliciaredes\" \/>\n<meta name=\"twitter:card\" content=\"summary_large_image\" \/>\n<meta name=\"twitter:creator\" content=\"@ppdegalicia\" \/>\n<meta name=\"twitter:site\" content=\"@ppdegalicia\" \/>\n<meta name=\"twitter:label1\" content=\"Escrito por\" \/>\n\t<meta name=\"twitter:data1\" content=\"ppdegaliciaredes\" \/>\n\t<meta name=\"twitter:label2\" content=\"Tiempo de lectura\" \/>\n\t<meta name=\"twitter:data2\" content=\"2 minutos\" \/>\n<script type=\"application\/ld+json\" class=\"yoast-schema-graph\">{\"@context\":\"https:\\\/\\\/schema.org\",\"@graph\":[{\"@type\":\"Article\",\"@id\":\"https:\\\/\\\/ppdegalicia.com\\\/es\\\/o-grupo-popular-salienta-que-a-xunta-inviste-cada-ano-no-transporte-publico-por-estrada-80-millons-de-euros-o-dobre-do-que-esta-a-pedir-o-bng\\\/#article\",\"isPartOf\":{\"@id\":\"https:\\\/\\\/ppdegalicia.com\\\/es\\\/o-grupo-popular-salienta-que-a-xunta-inviste-cada-ano-no-transporte-publico-por-estrada-80-millons-de-euros-o-dobre-do-que-esta-a-pedir-o-bng\\\/\"},\"author\":{\"name\":\"ppdegaliciaredes\",\"@id\":\"https:\\\/\\\/ppdegalicia.com\\\/es\\\/#\\\/schema\\\/person\\\/5b822c6f59e872ebdd1142f307dbcb59\"},\"headline\":\"O Grupo Popular salienta que a Xunta inviste cada ano no transporte p\u00fablico por estrada 80 mill\u00f3ns de euros, o dobre do que est\u00e1 a pedir o BNG\",\"datePublished\":\"2022-10-04T12:59:54+00:00\",\"mainEntityOfPage\":{\"@id\":\"https:\\\/\\\/ppdegalicia.com\\\/es\\\/o-grupo-popular-salienta-que-a-xunta-inviste-cada-ano-no-transporte-publico-por-estrada-80-millons-de-euros-o-dobre-do-que-esta-a-pedir-o-bng\\\/\"},\"wordCount\":350,\"commentCount\":0,\"publisher\":{\"@id\":\"https:\\\/\\\/ppdegalicia.com\\\/es\\\/#organization\"},\"image\":{\"@id\":\"https:\\\/\\\/ppdegalicia.com\\\/es\\\/o-grupo-popular-salienta-que-a-xunta-inviste-cada-ano-no-transporte-publico-por-estrada-80-millons-de-euros-o-dobre-do-que-esta-a-pedir-o-bng\\\/#primaryimage\"},\"thumbnailUrl\":\"https:\\\/\\\/ppdegalicia.com\\\/wp-content\\\/uploads\\\/2022\\\/10\\\/8521dffc9cb65f13c88a5d887dc6bf35.jpg\",\"articleSection\":[\"PP de Galicia\"],\"inLanguage\":\"es\",\"potentialAction\":[{\"@type\":\"CommentAction\",\"name\":\"Comment\",\"target\":[\"https:\\\/\\\/ppdegalicia.com\\\/es\\\/o-grupo-popular-salienta-que-a-xunta-inviste-cada-ano-no-transporte-publico-por-estrada-80-millons-de-euros-o-dobre-do-que-esta-a-pedir-o-bng\\\/#respond\"]}]},{\"@type\":\"WebPage\",\"@id\":\"https:\\\/\\\/ppdegalicia.com\\\/es\\\/o-grupo-popular-salienta-que-a-xunta-inviste-cada-ano-no-transporte-publico-por-estrada-80-millons-de-euros-o-dobre-do-que-esta-a-pedir-o-bng\\\/\",\"url\":\"https:\\\/\\\/ppdegalicia.com\\\/es\\\/o-grupo-popular-salienta-que-a-xunta-inviste-cada-ano-no-transporte-publico-por-estrada-80-millons-de-euros-o-dobre-do-que-esta-a-pedir-o-bng\\\/\",\"name\":\"O Grupo Popular salienta que a Xunta inviste cada ano no transporte p\u00fablico por estrada 80 mill\u00f3ns de euros, o dobre do que est\u00e1 a pedir o BNG - PP de Galicia\",\"isPartOf\":{\"@id\":\"https:\\\/\\\/ppdegalicia.com\\\/es\\\/#website\"},\"primaryImageOfPage\":{\"@id\":\"https:\\\/\\\/ppdegalicia.com\\\/es\\\/o-grupo-popular-salienta-que-a-xunta-inviste-cada-ano-no-transporte-publico-por-estrada-80-millons-de-euros-o-dobre-do-que-esta-a-pedir-o-bng\\\/#primaryimage\"},\"image\":{\"@id\":\"https:\\\/\\\/ppdegalicia.com\\\/es\\\/o-grupo-popular-salienta-que-a-xunta-inviste-cada-ano-no-transporte-publico-por-estrada-80-millons-de-euros-o-dobre-do-que-esta-a-pedir-o-bng\\\/#primaryimage\"},\"thumbnailUrl\":\"https:\\\/\\\/ppdegalicia.com\\\/wp-content\\\/uploads\\\/2022\\\/10\\\/8521dffc9cb65f13c88a5d887dc6bf35.jpg\",\"datePublished\":\"2022-10-04T12:59:54+00:00\",\"breadcrumb\":{\"@id\":\"https:\\\/\\\/ppdegalicia.com\\\/es\\\/o-grupo-popular-salienta-que-a-xunta-inviste-cada-ano-no-transporte-publico-por-estrada-80-millons-de-euros-o-dobre-do-que-esta-a-pedir-o-bng\\\/#breadcrumb\"},\"inLanguage\":\"es\",\"potentialAction\":[{\"@type\":\"ReadAction\",\"target\":[\"https:\\\/\\\/ppdegalicia.com\\\/es\\\/o-grupo-popular-salienta-que-a-xunta-inviste-cada-ano-no-transporte-publico-por-estrada-80-millons-de-euros-o-dobre-do-que-esta-a-pedir-o-bng\\\/\"]}]},{\"@type\":\"ImageObject\",\"inLanguage\":\"es\",\"@id\":\"https:\\\/\\\/ppdegalicia.com\\\/es\\\/o-grupo-popular-salienta-que-a-xunta-inviste-cada-ano-no-transporte-publico-por-estrada-80-millons-de-euros-o-dobre-do-que-esta-a-pedir-o-bng\\\/#primaryimage\",\"url\":\"https:\\\/\\\/ppdegalicia.com\\\/wp-content\\\/uploads\\\/2022\\\/10\\\/8521dffc9cb65f13c88a5d887dc6bf35.jpg\",\"contentUrl\":\"https:\\\/\\\/ppdegalicia.com\\\/wp-content\\\/uploads\\\/2022\\\/10\\\/8521dffc9cb65f13c88a5d887dc6bf35.jpg\",\"width\":1900,\"height\":1267},{\"@type\":\"BreadcrumbList\",\"@id\":\"https:\\\/\\\/ppdegalicia.com\\\/es\\\/o-grupo-popular-salienta-que-a-xunta-inviste-cada-ano-no-transporte-publico-por-estrada-80-millons-de-euros-o-dobre-do-que-esta-a-pedir-o-bng\\\/#breadcrumb\",\"itemListElement\":[{\"@type\":\"ListItem\",\"position\":1,\"name\":\"Portada\",\"item\":\"https:\\\/\\\/ppdegalicia.com\\\/es\\\/\"},{\"@type\":\"ListItem\",\"position\":2,\"name\":\"O Grupo Popular salienta que a Xunta inviste cada ano no transporte p\u00fablico por estrada 80 mill\u00f3ns de euros, o dobre do que est\u00e1 a pedir o BNG\"}]},{\"@type\":\"WebSite\",\"@id\":\"https:\\\/\\\/ppdegalicia.com\\\/es\\\/#website\",\"url\":\"https:\\\/\\\/ppdegalicia.com\\\/es\\\/\",\"name\":\"Partido Popular de Galicia\",\"description\":\"Partido Popular de Galicia\",\"publisher\":{\"@id\":\"https:\\\/\\\/ppdegalicia.com\\\/es\\\/#organization\"},\"alternateName\":\"PP de Galicia\",\"potentialAction\":[{\"@type\":\"SearchAction\",\"target\":{\"@type\":\"EntryPoint\",\"urlTemplate\":\"https:\\\/\\\/ppdegalicia.com\\\/es\\\/?s={search_term_string}\"},\"query-input\":{\"@type\":\"PropertyValueSpecification\",\"valueRequired\":true,\"valueName\":\"search_term_string\"}}],\"inLanguage\":\"es\"},{\"@type\":\"Organization\",\"@id\":\"https:\\\/\\\/ppdegalicia.com\\\/es\\\/#organization\",\"name\":\"Partido Popular de Galicia\",\"alternateName\":\"PP de Galicia\",\"url\":\"https:\\\/\\\/ppdegalicia.com\\\/es\\\/\",\"logo\":{\"@type\":\"ImageObject\",\"inLanguage\":\"es\",\"@id\":\"https:\\\/\\\/ppdegalicia.com\\\/es\\\/#\\\/schema\\\/logo\\\/image\\\/\",\"url\":\"https:\\\/\\\/ppdegalicia.com\\\/wp-content\\\/uploads\\\/2023\\\/04\\\/logoPP512.png\",\"contentUrl\":\"https:\\\/\\\/ppdegalicia.com\\\/wp-content\\\/uploads\\\/2023\\\/04\\\/logoPP512.png\",\"width\":512,\"height\":512,\"caption\":\"Partido Popular de Galicia\"},\"image\":{\"@id\":\"https:\\\/\\\/ppdegalicia.com\\\/es\\\/#\\\/schema\\\/logo\\\/image\\\/\"},\"sameAs\":[\"https:\\\/\\\/www.instagram.com\\\/ppdegalicia\\\/\",\"https:\\\/\\\/x.com\\\/ppdegalicia\",\"https:\\\/\\\/www.tiktok.com\\\/@ppdegalicia\",\"https:\\\/\\\/www.youtube.com\\\/user\\\/ppdegalicia\"]},{\"@type\":\"Person\",\"@id\":\"https:\\\/\\\/ppdegalicia.com\\\/es\\\/#\\\/schema\\\/person\\\/5b822c6f59e872ebdd1142f307dbcb59\",\"name\":\"ppdegaliciaredes\",\"image\":{\"@type\":\"ImageObject\",\"inLanguage\":\"es\",\"@id\":\"https:\\\/\\\/secure.gravatar.com\\\/avatar\\\/3c9179cf0256d00c72a48d1f25783c58b6842cd56e85ef3a572881c8e28ccd59?s=96&d=mm&r=g\",\"url\":\"https:\\\/\\\/secure.gravatar.com\\\/avatar\\\/3c9179cf0256d00c72a48d1f25783c58b6842cd56e85ef3a572881c8e28ccd59?s=96&d=mm&r=g\",\"contentUrl\":\"https:\\\/\\\/secure.gravatar.com\\\/avatar\\\/3c9179cf0256d00c72a48d1f25783c58b6842cd56e85ef3a572881c8e28ccd59?s=96&d=mm&r=g\",\"caption\":\"ppdegaliciaredes\"},\"url\":\"https:\\\/\\\/ppdegalicia.com\\\/es\\\/author\\\/ppdegaliciaredes\\\/\"}]}<\/script>\n<!-- \/ Yoast SEO plugin. -->","yoast_head_json":{"title":"O Grupo Popular salienta que a Xunta inviste cada ano no transporte p\u00fablico por estrada 80 mill\u00f3ns de euros, o dobre do que est\u00e1 a pedir o BNG - PP de Galicia","robots":{"index":"index","follow":"follow","max-snippet":"max-snippet:-1","max-image-preview":"max-image-preview:large","max-video-preview":"max-video-preview:-1"},"canonical":"https:\/\/ppdegalicia.com\/es\/o-grupo-popular-salienta-que-a-xunta-inviste-cada-ano-no-transporte-publico-por-estrada-80-millons-de-euros-o-dobre-do-que-esta-a-pedir-o-bng\/","og_locale":"es_ES","og_type":"article","og_title":"O Grupo Popular salienta que a Xunta inviste cada ano no transporte p\u00fablico por estrada 80 mill\u00f3ns de euros, o dobre do que est\u00e1 a pedir o BNG - PP de Galicia","og_description":"Santiago, 4 de outubro de 2022.- O portavoz de Infraestruturas do Grupo Popular, Jos\u00e9 Manuel Balseiro, salientou no Pleno do Parlamento galego que \u201cGalicia disp\u00f3n dunha rede de transporte p\u00fablico de competencia auton\u00f3mica conformada por m\u00e1is de 3.400 li\u00f1as renovadas e modernas, nas que se est\u00e1 a investir cada ano 80 mill\u00f3ns de euros, unha [&hellip;]","og_url":"https:\/\/ppdegalicia.com\/es\/o-grupo-popular-salienta-que-a-xunta-inviste-cada-ano-no-transporte-publico-por-estrada-80-millons-de-euros-o-dobre-do-que-esta-a-pedir-o-bng\/","og_site_name":"PP de Galicia","article_publisher":"https:\/\/www.instagram.com\/ppdegalicia\/","article_published_time":"2022-10-04T12:59:54+00:00","og_image":[{"width":1900,"height":1267,"url":"https:\/\/ppdegalicia.com\/wp-content\/uploads\/2022\/10\/8521dffc9cb65f13c88a5d887dc6bf35.jpg","type":"image\/jpeg"}],"author":"ppdegaliciaredes","twitter_card":"summary_large_image","twitter_creator":"@ppdegalicia","twitter_site":"@ppdegalicia","twitter_misc":{"Escrito por":"ppdegaliciaredes","Tiempo de lectura":"2 minutos"},"schema":{"@context":"https:\/\/schema.org","@graph":[{"@type":"Article","@id":"https:\/\/ppdegalicia.com\/es\/o-grupo-popular-salienta-que-a-xunta-inviste-cada-ano-no-transporte-publico-por-estrada-80-millons-de-euros-o-dobre-do-que-esta-a-pedir-o-bng\/#article","isPartOf":{"@id":"https:\/\/ppdegalicia.com\/es\/o-grupo-popular-salienta-que-a-xunta-inviste-cada-ano-no-transporte-publico-por-estrada-80-millons-de-euros-o-dobre-do-que-esta-a-pedir-o-bng\/"},"author":{"name":"ppdegaliciaredes","@id":"https:\/\/ppdegalicia.com\/es\/#\/schema\/person\/5b822c6f59e872ebdd1142f307dbcb59"},"headline":"O Grupo Popular salienta que a Xunta inviste cada ano no transporte p\u00fablico por estrada 80 mill\u00f3ns de euros, o dobre do que est\u00e1 a pedir o BNG","datePublished":"2022-10-04T12:59:54+00:00","mainEntityOfPage":{"@id":"https:\/\/ppdegalicia.com\/es\/o-grupo-popular-salienta-que-a-xunta-inviste-cada-ano-no-transporte-publico-por-estrada-80-millons-de-euros-o-dobre-do-que-esta-a-pedir-o-bng\/"},"wordCount":350,"commentCount":0,"publisher":{"@id":"https:\/\/ppdegalicia.com\/es\/#organization"},"image":{"@id":"https:\/\/ppdegalicia.com\/es\/o-grupo-popular-salienta-que-a-xunta-inviste-cada-ano-no-transporte-publico-por-estrada-80-millons-de-euros-o-dobre-do-que-esta-a-pedir-o-bng\/#primaryimage"},"thumbnailUrl":"https:\/\/ppdegalicia.com\/wp-content\/uploads\/2022\/10\/8521dffc9cb65f13c88a5d887dc6bf35.jpg","articleSection":["PP de Galicia"],"inLanguage":"es","potentialAction":[{"@type":"CommentAction","name":"Comment","target":["https:\/\/ppdegalicia.com\/es\/o-grupo-popular-salienta-que-a-xunta-inviste-cada-ano-no-transporte-publico-por-estrada-80-millons-de-euros-o-dobre-do-que-esta-a-pedir-o-bng\/#respond"]}]},{"@type":"WebPage","@id":"https:\/\/ppdegalicia.com\/es\/o-grupo-popular-salienta-que-a-xunta-inviste-cada-ano-no-transporte-publico-por-estrada-80-millons-de-euros-o-dobre-do-que-esta-a-pedir-o-bng\/","url":"https:\/\/ppdegalicia.com\/es\/o-grupo-popular-salienta-que-a-xunta-inviste-cada-ano-no-transporte-publico-por-estrada-80-millons-de-euros-o-dobre-do-que-esta-a-pedir-o-bng\/","name":"O Grupo Popular salienta que a Xunta inviste cada ano no transporte p\u00fablico por estrada 80 mill\u00f3ns de euros, o dobre do que est\u00e1 a pedir o BNG - PP de Galicia","isPartOf":{"@id":"https:\/\/ppdegalicia.com\/es\/#website"},"primaryImageOfPage":{"@id":"https:\/\/ppdegalicia.com\/es\/o-grupo-popular-salienta-que-a-xunta-inviste-cada-ano-no-transporte-publico-por-estrada-80-millons-de-euros-o-dobre-do-que-esta-a-pedir-o-bng\/#primaryimage"},"image":{"@id":"https:\/\/ppdegalicia.com\/es\/o-grupo-popular-salienta-que-a-xunta-inviste-cada-ano-no-transporte-publico-por-estrada-80-millons-de-euros-o-dobre-do-que-esta-a-pedir-o-bng\/#primaryimage"},"thumbnailUrl":"https:\/\/ppdegalicia.com\/wp-content\/uploads\/2022\/10\/8521dffc9cb65f13c88a5d887dc6bf35.jpg","datePublished":"2022-10-04T12:59:54+00:00","breadcrumb":{"@id":"https:\/\/ppdegalicia.com\/es\/o-grupo-popular-salienta-que-a-xunta-inviste-cada-ano-no-transporte-publico-por-estrada-80-millons-de-euros-o-dobre-do-que-esta-a-pedir-o-bng\/#breadcrumb"},"inLanguage":"es","potentialAction":[{"@type":"ReadAction","target":["https:\/\/ppdegalicia.com\/es\/o-grupo-popular-salienta-que-a-xunta-inviste-cada-ano-no-transporte-publico-por-estrada-80-millons-de-euros-o-dobre-do-que-esta-a-pedir-o-bng\/"]}]},{"@type":"ImageObject","inLanguage":"es","@id":"https:\/\/ppdegalicia.com\/es\/o-grupo-popular-salienta-que-a-xunta-inviste-cada-ano-no-transporte-publico-por-estrada-80-millons-de-euros-o-dobre-do-que-esta-a-pedir-o-bng\/#primaryimage","url":"https:\/\/ppdegalicia.com\/wp-content\/uploads\/2022\/10\/8521dffc9cb65f13c88a5d887dc6bf35.jpg","contentUrl":"https:\/\/ppdegalicia.com\/wp-content\/uploads\/2022\/10\/8521dffc9cb65f13c88a5d887dc6bf35.jpg","width":1900,"height":1267},{"@type":"BreadcrumbList","@id":"https:\/\/ppdegalicia.com\/es\/o-grupo-popular-salienta-que-a-xunta-inviste-cada-ano-no-transporte-publico-por-estrada-80-millons-de-euros-o-dobre-do-que-esta-a-pedir-o-bng\/#breadcrumb","itemListElement":[{"@type":"ListItem","position":1,"name":"Portada","item":"https:\/\/ppdegalicia.com\/es\/"},{"@type":"ListItem","position":2,"name":"O Grupo Popular salienta que a Xunta inviste cada ano no transporte p\u00fablico por estrada 80 mill\u00f3ns de euros, o dobre do que est\u00e1 a pedir o BNG"}]},{"@type":"WebSite","@id":"https:\/\/ppdegalicia.com\/es\/#website","url":"https:\/\/ppdegalicia.com\/es\/","name":"Partido Popular de Galicia","description":"Partido Popular de Galicia","publisher":{"@id":"https:\/\/ppdegalicia.com\/es\/#organization"},"alternateName":"PP de Galicia","potentialAction":[{"@type":"SearchAction","target":{"@type":"EntryPoint","urlTemplate":"https:\/\/ppdegalicia.com\/es\/?s={search_term_string}"},"query-input":{"@type":"PropertyValueSpecification","valueRequired":true,"valueName":"search_term_string"}}],"inLanguage":"es"},{"@type":"Organization","@id":"https:\/\/ppdegalicia.com\/es\/#organization","name":"Partido Popular de Galicia","alternateName":"PP de Galicia","url":"https:\/\/ppdegalicia.com\/es\/","logo":{"@type":"ImageObject","inLanguage":"es","@id":"https:\/\/ppdegalicia.com\/es\/#\/schema\/logo\/image\/","url":"https:\/\/ppdegalicia.com\/wp-content\/uploads\/2023\/04\/logoPP512.png","contentUrl":"https:\/\/ppdegalicia.com\/wp-content\/uploads\/2023\/04\/logoPP512.png","width":512,"height":512,"caption":"Partido Popular de Galicia"},"image":{"@id":"https:\/\/ppdegalicia.com\/es\/#\/schema\/logo\/image\/"},"sameAs":["https:\/\/www.instagram.com\/ppdegalicia\/","https:\/\/x.com\/ppdegalicia","https:\/\/www.tiktok.com\/@ppdegalicia","https:\/\/www.youtube.com\/user\/ppdegalicia"]},{"@type":"Person","@id":"https:\/\/ppdegalicia.com\/es\/#\/schema\/person\/5b822c6f59e872ebdd1142f307dbcb59","name":"ppdegaliciaredes","image":{"@type":"ImageObject","inLanguage":"es","@id":"https:\/\/secure.gravatar.com\/avatar\/3c9179cf0256d00c72a48d1f25783c58b6842cd56e85ef3a572881c8e28ccd59?s=96&d=mm&r=g","url":"https:\/\/secure.gravatar.com\/avatar\/3c9179cf0256d00c72a48d1f25783c58b6842cd56e85ef3a572881c8e28ccd59?s=96&d=mm&r=g","contentUrl":"https:\/\/secure.gravatar.com\/avatar\/3c9179cf0256d00c72a48d1f25783c58b6842cd56e85ef3a572881c8e28ccd59?s=96&d=mm&r=g","caption":"ppdegaliciaredes"},"url":"https:\/\/ppdegalicia.com\/es\/author\/ppdegaliciaredes\/"}]}},"_links":{"self":[{"href":"https:\/\/ppdegalicia.com\/es\/wp-json\/wp\/v2\/posts\/57461","targetHints":{"allow":["GET"]}}],"collection":[{"href":"https:\/\/ppdegalicia.com\/es\/wp-json\/wp\/v2\/posts"}],"about":[{"href":"https:\/\/ppdegalicia.com\/es\/wp-json\/wp\/v2\/types\/post"}],"author":[{"embeddable":true,"href":"https:\/\/ppdegalicia.com\/es\/wp-json\/wp\/v2\/users\/38"}],"replies":[{"embeddable":true,"href":"https:\/\/ppdegalicia.com\/es\/wp-json\/wp\/v2\/comments?post=57461"}],"version-history":[{"count":0,"href":"https:\/\/ppdegalicia.com\/es\/wp-json\/wp\/v2\/posts\/57461\/revisions"}],"wp:featuredmedia":[{"embeddable":true,"href":"https:\/\/ppdegalicia.com\/es\/wp-json\/wp\/v2\/media\/57460"}],"wp:attachment":[{"href":"https:\/\/ppdegalicia.com\/es\/wp-json\/wp\/v2\/media?parent=57461"}],"wp:term":[{"taxonomy":"category","embeddable":true,"href":"https:\/\/ppdegalicia.com\/es\/wp-json\/wp\/v2\/categories?post=57461"},{"taxonomy":"post_tag","embeddable":true,"href":"https:\/\/ppdegalicia.com\/es\/wp-json\/wp\/v2\/tags?post=57461"}],"curies":[{"name":"wp","href":"https:\/\/api.w.org\/{rel}","templated":true}]}}