{"id":57469,"date":"2022-10-05T13:02:19","date_gmt":"2022-10-05T11:02:19","guid":{"rendered":"https:\/\/ppdegalicia.com\/o-parlamento-demanda-ao-goberno-central-un-perte-para-os-proxectos-industriais-priorizados-por-galicia\/"},"modified":"2022-10-05T13:02:19","modified_gmt":"2022-10-05T11:02:19","slug":"o-parlamento-demanda-ao-goberno-central-un-perte-para-os-proxectos-industriais-priorizados-por-galicia","status":"publish","type":"post","link":"https:\/\/ppdegalicia.com\/es\/o-parlamento-demanda-ao-goberno-central-un-perte-para-os-proxectos-industriais-priorizados-por-galicia\/","title":{"rendered":"O Parlamento demanda ao Goberno central un PERTE para os proxectos industriais priorizados por Galicia"},"content":{"rendered":"<p><img fetchpriority=\"high\" decoding=\"async\" class=\" size-full wp-image-57468\" src=\"https:\/\/ppdegalicia.com\/wp-content\/uploads\/2022\/10\/477f7c24fbeca0ac30bcb2183eae2221.jpg\" alt=\"\" width=\"1900\" height=\"1267\" srcset=\"https:\/\/ppdegalicia.com\/wp-content\/uploads\/2022\/10\/477f7c24fbeca0ac30bcb2183eae2221.jpg 1900w, https:\/\/ppdegalicia.com\/wp-content\/uploads\/2022\/10\/477f7c24fbeca0ac30bcb2183eae2221-300x200.jpg 300w, https:\/\/ppdegalicia.com\/wp-content\/uploads\/2022\/10\/477f7c24fbeca0ac30bcb2183eae2221-1024x683.jpg 1024w, https:\/\/ppdegalicia.com\/wp-content\/uploads\/2022\/10\/477f7c24fbeca0ac30bcb2183eae2221-768x512.jpg 768w, https:\/\/ppdegalicia.com\/wp-content\/uploads\/2022\/10\/477f7c24fbeca0ac30bcb2183eae2221-1536x1024.jpg 1536w\" sizes=\"(max-width: 1900px) 100vw, 1900px\" \/><\/p>\n<p>Santiago, 5 de outubro de 2022.-\u00a0 O Parlamento de Galicia aprobou hoxe a proposici\u00f3n non de lei do Grupo Popular, co voto en contra do PSdeG, a trav\u00e9s da que se solicita ao Goberno de Espa\u00f1a un PERTE singular para destinar os fondos necesarios que permitan dar viabilidade aos proxectos industriais priorizados pola Comunidade galega.<\/p>\n<p><!--more--><\/p>\n<p>As\u00ed mesmo, p\u00eddese que destine os 7.700 mill\u00f3ns de euros adicionais de fondos europeos que recibir\u00e1 pola evoluci\u00f3n do crecemento da econom\u00eda nos \u00faltimos dous anos a articular novos PERTE en \u00e1mbitos como a bioeconom\u00eda, o forestal, o t\u00e9xtil e a cultura, que deber\u00edan ser xestionados polas comunidades aut\u00f3nomas para evitar que se deixen sen executar uns fondos que son imprescindibles para os sectores econ\u00f3micos.<\/p>\n<p>A viceportavoz do Grupo Popular, Marta N\u00f3voa, manifestou que \u201cGalicia ve nos fondos europeos unha oportunidade para a transformaci\u00f3n industrial a partir de tres vectores de crecemento cruciais na pr\u00f3xima d\u00e9cada: a sustentabilidade, a dixitalizaci\u00f3n e a innovaci\u00f3n\u201d. As\u00ed, dixo que \u201cqueremos abrir paso a unha econom\u00eda m\u00e1is verde, m\u00e1is dixital e de m\u00e1is co\u00f1ecemento\u201d.<\/p>\n<p>\u201cEstamos a falar dunha oportunidade hist\u00f3rica para a que Galicia se ten preparado desde o primeiro momento a trav\u00e9s do traballo conxunto con expertos e o tecido produtivo galego, co obxecto de presentar unha candidatura de pa\u00eds\u201d, engadiu. Esta candidatura est\u00e1 baseada na colaboraci\u00f3n p\u00fablico-privada e aspira a obter as maiores sinerxias posibles en favor da viabilidade de proxectos tractores que axuden a consolidar e ampliar as cadeas de valor industrial estrat\u00e9xicas da econom\u00eda galega, pensando especialmente nas pequenas e medianas empresas, o desenvolvemento do rural e a xeraci\u00f3n de emprego estable e de calidade.<\/p>\n<p><strong>CR\u00d3NICA DUN FRACASO<\/strong><\/p>\n<p>Por\u00e9n, lamentou que \u201ca realidade en Espa\u00f1a \u00e9 que a execuci\u00f3n dos fondos europeos Next Generation est\u00e1 a ser a cr\u00f3nica dun fracaso\u201d. As\u00ed, explicou que a propia vicepresidenta Calvi\u00f1o asegurou o pasado xoves no Congreso ter lanzado convocatorias por 9.372 mill\u00f3ns de euros dos m\u00e1is de 33.000 mill\u00f3ns de investimento p\u00fablico asignado aos PERTE, \u201c\u00e9 dicir, s\u00f3 un 28 por cento despois de 15 meses de recibir a aprobaci\u00f3n da Comisi\u00f3n Europea para executar estes fondos\u201d.<\/p>\n<p>Ademais, cerca de 2.400 mill\u00f3ns de euros do PERTE do veh\u00edculo el\u00e9ctrico e conectado, o 80 por cento dos fondos, quedaron sen adxudicar logo da resoluci\u00f3n provisional, deixando f\u00f3ra \u00e1 principal factor\u00eda de Espa\u00f1a: Stellantis Vigo.<\/p>\n<p>\u201cEstas cifras po\u00f1en de manifesto, en primeiro lugar, a pouca axilidade do\u00a0 Goberno de Pedro S\u00e1nchez, que se suma \u00e1 discrecionalidade e \u00e1 falta de transparencia amosada ata o de agora na xesti\u00f3n dos fondos, as\u00ed como a dificultade de encaixe \u00e1 que deben facer fronte alg\u00fans proxectos e os seus investimentos\u201d, afirmou a viceportavoz popular. Ademais, apuntou que estes datos \u201camosan o pouco interese por parte do Goberno central en constru\u00edr un novo modelo econ\u00f3mico, con m\u00e1is industrias e m\u00e1is empregos\u201d.<\/p>\n<p><strong>NOVO MODELO INDUSTRIAL<\/strong><\/p>\n<p>Marta N\u00f3voa asegurou que \u201cGalicia est\u00e1 pedindo paso para ser un lugar atractivo para investir e contribu\u00edr ao novo modelo industrial desde a innovaci\u00f3n, a dixitalizaci\u00f3n, a sostibilidade e o talento, polo que canto antes se resolva o apoio do Goberno central aos proxectos galegos, pasando das boas palabras aos feitos, antes ser\u00e1n unha realidade para os milleiros de galegos que esperan pola oportunidade\u201d.<\/p>\n<p>Para rematar, a viceportavoz popular alertou de que, de acordo co regulamento europeo polo que se establece o Mecanismo de Recuperaci\u00f3n e Resiliencia, \u201co 70 por cento dos fondos destinados a cada pa\u00eds deber\u00e1n estar asignados ou comprometidos xuridicamente a finais de 2022 e o 30 por cento restante o 31 de decembro de 2023 a m\u00e1is tardar\u201d.<\/p>\n","protected":false},"excerpt":{"rendered":"<p>Santiago, 5 de outubro de 2022.-\u00a0 O Parlamento de Galicia aprobou hoxe a proposici\u00f3n non de lei do Grupo Popular, co voto en contra do PSdeG, a trav\u00e9s da que se solicita ao Goberno de Espa\u00f1a un PERTE singular para destinar os fondos necesarios que permitan dar viabilidade aos proxectos industriais priorizados pola Comunidade galega.<\/p>\n","protected":false},"author":38,"featured_media":57468,"comment_status":"open","ping_status":"open","sticky":false,"template":"","format":"standard","meta":{"_acf_changed":false,"footnotes":""},"categories":[1],"tags":[],"class_list":["post-57469","post","type-post","status-publish","format-standard","has-post-thumbnail","hentry","category-pp-de-galicia"],"acf":[],"yoast_head":"<!-- This site is optimized with the Yoast SEO plugin v27.3 - https:\/\/yoast.com\/product\/yoast-seo-wordpress\/ -->\n<title>O Parlamento demanda ao Goberno central un PERTE para os proxectos industriais priorizados por Galicia - PP de Galicia<\/title>\n<meta name=\"robots\" content=\"index, follow, max-snippet:-1, max-image-preview:large, max-video-preview:-1\" \/>\n<link rel=\"canonical\" href=\"https:\/\/ppdegalicia.com\/es\/o-parlamento-demanda-ao-goberno-central-un-perte-para-os-proxectos-industriais-priorizados-por-galicia\/\" \/>\n<meta property=\"og:locale\" content=\"es_ES\" \/>\n<meta property=\"og:type\" content=\"article\" \/>\n<meta property=\"og:title\" content=\"O Parlamento demanda ao Goberno central un PERTE para os proxectos industriais priorizados por Galicia - PP de Galicia\" \/>\n<meta property=\"og:description\" content=\"Santiago, 5 de outubro de 2022.-\u00a0 O Parlamento de Galicia aprobou hoxe a proposici\u00f3n non de lei do Grupo Popular, co voto en contra do PSdeG, a trav\u00e9s da que se solicita ao Goberno de Espa\u00f1a un PERTE singular para destinar os fondos necesarios que permitan dar viabilidade aos proxectos industriais priorizados pola Comunidade galega.\" \/>\n<meta property=\"og:url\" content=\"https:\/\/ppdegalicia.com\/es\/o-parlamento-demanda-ao-goberno-central-un-perte-para-os-proxectos-industriais-priorizados-por-galicia\/\" \/>\n<meta property=\"og:site_name\" content=\"PP de Galicia\" \/>\n<meta property=\"article:publisher\" content=\"https:\/\/www.instagram.com\/ppdegalicia\/\" \/>\n<meta property=\"article:published_time\" content=\"2022-10-05T11:02:19+00:00\" \/>\n<meta property=\"og:image\" content=\"https:\/\/ppdegalicia.com\/wp-content\/uploads\/2022\/10\/477f7c24fbeca0ac30bcb2183eae2221.jpg\" \/>\n\t<meta property=\"og:image:width\" content=\"1900\" \/>\n\t<meta property=\"og:image:height\" content=\"1267\" \/>\n\t<meta property=\"og:image:type\" content=\"image\/jpeg\" \/>\n<meta name=\"author\" content=\"ppdegaliciaredes\" \/>\n<meta name=\"twitter:card\" content=\"summary_large_image\" \/>\n<meta name=\"twitter:creator\" content=\"@ppdegalicia\" \/>\n<meta name=\"twitter:site\" content=\"@ppdegalicia\" \/>\n<meta name=\"twitter:label1\" content=\"Escrito por\" \/>\n\t<meta name=\"twitter:data1\" content=\"ppdegaliciaredes\" \/>\n\t<meta name=\"twitter:label2\" content=\"Tiempo de lectura\" \/>\n\t<meta name=\"twitter:data2\" content=\"3 minutos\" \/>\n<script type=\"application\/ld+json\" class=\"yoast-schema-graph\">{\"@context\":\"https:\\\/\\\/schema.org\",\"@graph\":[{\"@type\":\"Article\",\"@id\":\"https:\\\/\\\/ppdegalicia.com\\\/es\\\/o-parlamento-demanda-ao-goberno-central-un-perte-para-os-proxectos-industriais-priorizados-por-galicia\\\/#article\",\"isPartOf\":{\"@id\":\"https:\\\/\\\/ppdegalicia.com\\\/es\\\/o-parlamento-demanda-ao-goberno-central-un-perte-para-os-proxectos-industriais-priorizados-por-galicia\\\/\"},\"author\":{\"name\":\"ppdegaliciaredes\",\"@id\":\"https:\\\/\\\/ppdegalicia.com\\\/es\\\/#\\\/schema\\\/person\\\/5b822c6f59e872ebdd1142f307dbcb59\"},\"headline\":\"O Parlamento demanda ao Goberno central un PERTE para os proxectos industriais priorizados por Galicia\",\"datePublished\":\"2022-10-05T11:02:19+00:00\",\"mainEntityOfPage\":{\"@id\":\"https:\\\/\\\/ppdegalicia.com\\\/es\\\/o-parlamento-demanda-ao-goberno-central-un-perte-para-os-proxectos-industriais-priorizados-por-galicia\\\/\"},\"wordCount\":656,\"commentCount\":0,\"publisher\":{\"@id\":\"https:\\\/\\\/ppdegalicia.com\\\/es\\\/#organization\"},\"image\":{\"@id\":\"https:\\\/\\\/ppdegalicia.com\\\/es\\\/o-parlamento-demanda-ao-goberno-central-un-perte-para-os-proxectos-industriais-priorizados-por-galicia\\\/#primaryimage\"},\"thumbnailUrl\":\"https:\\\/\\\/ppdegalicia.com\\\/wp-content\\\/uploads\\\/2022\\\/10\\\/477f7c24fbeca0ac30bcb2183eae2221.jpg\",\"articleSection\":[\"PP de Galicia\"],\"inLanguage\":\"es\",\"potentialAction\":[{\"@type\":\"CommentAction\",\"name\":\"Comment\",\"target\":[\"https:\\\/\\\/ppdegalicia.com\\\/es\\\/o-parlamento-demanda-ao-goberno-central-un-perte-para-os-proxectos-industriais-priorizados-por-galicia\\\/#respond\"]}]},{\"@type\":\"WebPage\",\"@id\":\"https:\\\/\\\/ppdegalicia.com\\\/es\\\/o-parlamento-demanda-ao-goberno-central-un-perte-para-os-proxectos-industriais-priorizados-por-galicia\\\/\",\"url\":\"https:\\\/\\\/ppdegalicia.com\\\/es\\\/o-parlamento-demanda-ao-goberno-central-un-perte-para-os-proxectos-industriais-priorizados-por-galicia\\\/\",\"name\":\"O Parlamento demanda ao Goberno central un PERTE para os proxectos industriais priorizados por Galicia - PP de Galicia\",\"isPartOf\":{\"@id\":\"https:\\\/\\\/ppdegalicia.com\\\/es\\\/#website\"},\"primaryImageOfPage\":{\"@id\":\"https:\\\/\\\/ppdegalicia.com\\\/es\\\/o-parlamento-demanda-ao-goberno-central-un-perte-para-os-proxectos-industriais-priorizados-por-galicia\\\/#primaryimage\"},\"image\":{\"@id\":\"https:\\\/\\\/ppdegalicia.com\\\/es\\\/o-parlamento-demanda-ao-goberno-central-un-perte-para-os-proxectos-industriais-priorizados-por-galicia\\\/#primaryimage\"},\"thumbnailUrl\":\"https:\\\/\\\/ppdegalicia.com\\\/wp-content\\\/uploads\\\/2022\\\/10\\\/477f7c24fbeca0ac30bcb2183eae2221.jpg\",\"datePublished\":\"2022-10-05T11:02:19+00:00\",\"breadcrumb\":{\"@id\":\"https:\\\/\\\/ppdegalicia.com\\\/es\\\/o-parlamento-demanda-ao-goberno-central-un-perte-para-os-proxectos-industriais-priorizados-por-galicia\\\/#breadcrumb\"},\"inLanguage\":\"es\",\"potentialAction\":[{\"@type\":\"ReadAction\",\"target\":[\"https:\\\/\\\/ppdegalicia.com\\\/es\\\/o-parlamento-demanda-ao-goberno-central-un-perte-para-os-proxectos-industriais-priorizados-por-galicia\\\/\"]}]},{\"@type\":\"ImageObject\",\"inLanguage\":\"es\",\"@id\":\"https:\\\/\\\/ppdegalicia.com\\\/es\\\/o-parlamento-demanda-ao-goberno-central-un-perte-para-os-proxectos-industriais-priorizados-por-galicia\\\/#primaryimage\",\"url\":\"https:\\\/\\\/ppdegalicia.com\\\/wp-content\\\/uploads\\\/2022\\\/10\\\/477f7c24fbeca0ac30bcb2183eae2221.jpg\",\"contentUrl\":\"https:\\\/\\\/ppdegalicia.com\\\/wp-content\\\/uploads\\\/2022\\\/10\\\/477f7c24fbeca0ac30bcb2183eae2221.jpg\",\"width\":1900,\"height\":1267},{\"@type\":\"BreadcrumbList\",\"@id\":\"https:\\\/\\\/ppdegalicia.com\\\/es\\\/o-parlamento-demanda-ao-goberno-central-un-perte-para-os-proxectos-industriais-priorizados-por-galicia\\\/#breadcrumb\",\"itemListElement\":[{\"@type\":\"ListItem\",\"position\":1,\"name\":\"Portada\",\"item\":\"https:\\\/\\\/ppdegalicia.com\\\/es\\\/\"},{\"@type\":\"ListItem\",\"position\":2,\"name\":\"O Parlamento demanda ao Goberno central un PERTE para os proxectos industriais priorizados por Galicia\"}]},{\"@type\":\"WebSite\",\"@id\":\"https:\\\/\\\/ppdegalicia.com\\\/es\\\/#website\",\"url\":\"https:\\\/\\\/ppdegalicia.com\\\/es\\\/\",\"name\":\"Partido Popular de Galicia\",\"description\":\"Partido Popular de Galicia\",\"publisher\":{\"@id\":\"https:\\\/\\\/ppdegalicia.com\\\/es\\\/#organization\"},\"alternateName\":\"PP de Galicia\",\"potentialAction\":[{\"@type\":\"SearchAction\",\"target\":{\"@type\":\"EntryPoint\",\"urlTemplate\":\"https:\\\/\\\/ppdegalicia.com\\\/es\\\/?s={search_term_string}\"},\"query-input\":{\"@type\":\"PropertyValueSpecification\",\"valueRequired\":true,\"valueName\":\"search_term_string\"}}],\"inLanguage\":\"es\"},{\"@type\":\"Organization\",\"@id\":\"https:\\\/\\\/ppdegalicia.com\\\/es\\\/#organization\",\"name\":\"Partido Popular de Galicia\",\"alternateName\":\"PP de Galicia\",\"url\":\"https:\\\/\\\/ppdegalicia.com\\\/es\\\/\",\"logo\":{\"@type\":\"ImageObject\",\"inLanguage\":\"es\",\"@id\":\"https:\\\/\\\/ppdegalicia.com\\\/es\\\/#\\\/schema\\\/logo\\\/image\\\/\",\"url\":\"https:\\\/\\\/ppdegalicia.com\\\/wp-content\\\/uploads\\\/2023\\\/04\\\/logoPP512.png\",\"contentUrl\":\"https:\\\/\\\/ppdegalicia.com\\\/wp-content\\\/uploads\\\/2023\\\/04\\\/logoPP512.png\",\"width\":512,\"height\":512,\"caption\":\"Partido Popular de Galicia\"},\"image\":{\"@id\":\"https:\\\/\\\/ppdegalicia.com\\\/es\\\/#\\\/schema\\\/logo\\\/image\\\/\"},\"sameAs\":[\"https:\\\/\\\/www.instagram.com\\\/ppdegalicia\\\/\",\"https:\\\/\\\/x.com\\\/ppdegalicia\",\"https:\\\/\\\/www.tiktok.com\\\/@ppdegalicia\",\"https:\\\/\\\/www.youtube.com\\\/user\\\/ppdegalicia\"]},{\"@type\":\"Person\",\"@id\":\"https:\\\/\\\/ppdegalicia.com\\\/es\\\/#\\\/schema\\\/person\\\/5b822c6f59e872ebdd1142f307dbcb59\",\"name\":\"ppdegaliciaredes\",\"image\":{\"@type\":\"ImageObject\",\"inLanguage\":\"es\",\"@id\":\"https:\\\/\\\/secure.gravatar.com\\\/avatar\\\/3c9179cf0256d00c72a48d1f25783c58b6842cd56e85ef3a572881c8e28ccd59?s=96&d=mm&r=g\",\"url\":\"https:\\\/\\\/secure.gravatar.com\\\/avatar\\\/3c9179cf0256d00c72a48d1f25783c58b6842cd56e85ef3a572881c8e28ccd59?s=96&d=mm&r=g\",\"contentUrl\":\"https:\\\/\\\/secure.gravatar.com\\\/avatar\\\/3c9179cf0256d00c72a48d1f25783c58b6842cd56e85ef3a572881c8e28ccd59?s=96&d=mm&r=g\",\"caption\":\"ppdegaliciaredes\"},\"url\":\"https:\\\/\\\/ppdegalicia.com\\\/es\\\/author\\\/ppdegaliciaredes\\\/\"}]}<\/script>\n<!-- \/ Yoast SEO plugin. -->","yoast_head_json":{"title":"O Parlamento demanda ao Goberno central un PERTE para os proxectos industriais priorizados por Galicia - PP de Galicia","robots":{"index":"index","follow":"follow","max-snippet":"max-snippet:-1","max-image-preview":"max-image-preview:large","max-video-preview":"max-video-preview:-1"},"canonical":"https:\/\/ppdegalicia.com\/es\/o-parlamento-demanda-ao-goberno-central-un-perte-para-os-proxectos-industriais-priorizados-por-galicia\/","og_locale":"es_ES","og_type":"article","og_title":"O Parlamento demanda ao Goberno central un PERTE para os proxectos industriais priorizados por Galicia - PP de Galicia","og_description":"Santiago, 5 de outubro de 2022.-\u00a0 O Parlamento de Galicia aprobou hoxe a proposici\u00f3n non de lei do Grupo Popular, co voto en contra do PSdeG, a trav\u00e9s da que se solicita ao Goberno de Espa\u00f1a un PERTE singular para destinar os fondos necesarios que permitan dar viabilidade aos proxectos industriais priorizados pola Comunidade galega.","og_url":"https:\/\/ppdegalicia.com\/es\/o-parlamento-demanda-ao-goberno-central-un-perte-para-os-proxectos-industriais-priorizados-por-galicia\/","og_site_name":"PP de Galicia","article_publisher":"https:\/\/www.instagram.com\/ppdegalicia\/","article_published_time":"2022-10-05T11:02:19+00:00","og_image":[{"width":1900,"height":1267,"url":"https:\/\/ppdegalicia.com\/wp-content\/uploads\/2022\/10\/477f7c24fbeca0ac30bcb2183eae2221.jpg","type":"image\/jpeg"}],"author":"ppdegaliciaredes","twitter_card":"summary_large_image","twitter_creator":"@ppdegalicia","twitter_site":"@ppdegalicia","twitter_misc":{"Escrito por":"ppdegaliciaredes","Tiempo de lectura":"3 minutos"},"schema":{"@context":"https:\/\/schema.org","@graph":[{"@type":"Article","@id":"https:\/\/ppdegalicia.com\/es\/o-parlamento-demanda-ao-goberno-central-un-perte-para-os-proxectos-industriais-priorizados-por-galicia\/#article","isPartOf":{"@id":"https:\/\/ppdegalicia.com\/es\/o-parlamento-demanda-ao-goberno-central-un-perte-para-os-proxectos-industriais-priorizados-por-galicia\/"},"author":{"name":"ppdegaliciaredes","@id":"https:\/\/ppdegalicia.com\/es\/#\/schema\/person\/5b822c6f59e872ebdd1142f307dbcb59"},"headline":"O Parlamento demanda ao Goberno central un PERTE para os proxectos industriais priorizados por Galicia","datePublished":"2022-10-05T11:02:19+00:00","mainEntityOfPage":{"@id":"https:\/\/ppdegalicia.com\/es\/o-parlamento-demanda-ao-goberno-central-un-perte-para-os-proxectos-industriais-priorizados-por-galicia\/"},"wordCount":656,"commentCount":0,"publisher":{"@id":"https:\/\/ppdegalicia.com\/es\/#organization"},"image":{"@id":"https:\/\/ppdegalicia.com\/es\/o-parlamento-demanda-ao-goberno-central-un-perte-para-os-proxectos-industriais-priorizados-por-galicia\/#primaryimage"},"thumbnailUrl":"https:\/\/ppdegalicia.com\/wp-content\/uploads\/2022\/10\/477f7c24fbeca0ac30bcb2183eae2221.jpg","articleSection":["PP de Galicia"],"inLanguage":"es","potentialAction":[{"@type":"CommentAction","name":"Comment","target":["https:\/\/ppdegalicia.com\/es\/o-parlamento-demanda-ao-goberno-central-un-perte-para-os-proxectos-industriais-priorizados-por-galicia\/#respond"]}]},{"@type":"WebPage","@id":"https:\/\/ppdegalicia.com\/es\/o-parlamento-demanda-ao-goberno-central-un-perte-para-os-proxectos-industriais-priorizados-por-galicia\/","url":"https:\/\/ppdegalicia.com\/es\/o-parlamento-demanda-ao-goberno-central-un-perte-para-os-proxectos-industriais-priorizados-por-galicia\/","name":"O Parlamento demanda ao Goberno central un PERTE para os proxectos industriais priorizados por Galicia - PP de Galicia","isPartOf":{"@id":"https:\/\/ppdegalicia.com\/es\/#website"},"primaryImageOfPage":{"@id":"https:\/\/ppdegalicia.com\/es\/o-parlamento-demanda-ao-goberno-central-un-perte-para-os-proxectos-industriais-priorizados-por-galicia\/#primaryimage"},"image":{"@id":"https:\/\/ppdegalicia.com\/es\/o-parlamento-demanda-ao-goberno-central-un-perte-para-os-proxectos-industriais-priorizados-por-galicia\/#primaryimage"},"thumbnailUrl":"https:\/\/ppdegalicia.com\/wp-content\/uploads\/2022\/10\/477f7c24fbeca0ac30bcb2183eae2221.jpg","datePublished":"2022-10-05T11:02:19+00:00","breadcrumb":{"@id":"https:\/\/ppdegalicia.com\/es\/o-parlamento-demanda-ao-goberno-central-un-perte-para-os-proxectos-industriais-priorizados-por-galicia\/#breadcrumb"},"inLanguage":"es","potentialAction":[{"@type":"ReadAction","target":["https:\/\/ppdegalicia.com\/es\/o-parlamento-demanda-ao-goberno-central-un-perte-para-os-proxectos-industriais-priorizados-por-galicia\/"]}]},{"@type":"ImageObject","inLanguage":"es","@id":"https:\/\/ppdegalicia.com\/es\/o-parlamento-demanda-ao-goberno-central-un-perte-para-os-proxectos-industriais-priorizados-por-galicia\/#primaryimage","url":"https:\/\/ppdegalicia.com\/wp-content\/uploads\/2022\/10\/477f7c24fbeca0ac30bcb2183eae2221.jpg","contentUrl":"https:\/\/ppdegalicia.com\/wp-content\/uploads\/2022\/10\/477f7c24fbeca0ac30bcb2183eae2221.jpg","width":1900,"height":1267},{"@type":"BreadcrumbList","@id":"https:\/\/ppdegalicia.com\/es\/o-parlamento-demanda-ao-goberno-central-un-perte-para-os-proxectos-industriais-priorizados-por-galicia\/#breadcrumb","itemListElement":[{"@type":"ListItem","position":1,"name":"Portada","item":"https:\/\/ppdegalicia.com\/es\/"},{"@type":"ListItem","position":2,"name":"O Parlamento demanda ao Goberno central un PERTE para os proxectos industriais priorizados por Galicia"}]},{"@type":"WebSite","@id":"https:\/\/ppdegalicia.com\/es\/#website","url":"https:\/\/ppdegalicia.com\/es\/","name":"Partido Popular de Galicia","description":"Partido Popular de Galicia","publisher":{"@id":"https:\/\/ppdegalicia.com\/es\/#organization"},"alternateName":"PP de Galicia","potentialAction":[{"@type":"SearchAction","target":{"@type":"EntryPoint","urlTemplate":"https:\/\/ppdegalicia.com\/es\/?s={search_term_string}"},"query-input":{"@type":"PropertyValueSpecification","valueRequired":true,"valueName":"search_term_string"}}],"inLanguage":"es"},{"@type":"Organization","@id":"https:\/\/ppdegalicia.com\/es\/#organization","name":"Partido Popular de Galicia","alternateName":"PP de Galicia","url":"https:\/\/ppdegalicia.com\/es\/","logo":{"@type":"ImageObject","inLanguage":"es","@id":"https:\/\/ppdegalicia.com\/es\/#\/schema\/logo\/image\/","url":"https:\/\/ppdegalicia.com\/wp-content\/uploads\/2023\/04\/logoPP512.png","contentUrl":"https:\/\/ppdegalicia.com\/wp-content\/uploads\/2023\/04\/logoPP512.png","width":512,"height":512,"caption":"Partido Popular de Galicia"},"image":{"@id":"https:\/\/ppdegalicia.com\/es\/#\/schema\/logo\/image\/"},"sameAs":["https:\/\/www.instagram.com\/ppdegalicia\/","https:\/\/x.com\/ppdegalicia","https:\/\/www.tiktok.com\/@ppdegalicia","https:\/\/www.youtube.com\/user\/ppdegalicia"]},{"@type":"Person","@id":"https:\/\/ppdegalicia.com\/es\/#\/schema\/person\/5b822c6f59e872ebdd1142f307dbcb59","name":"ppdegaliciaredes","image":{"@type":"ImageObject","inLanguage":"es","@id":"https:\/\/secure.gravatar.com\/avatar\/3c9179cf0256d00c72a48d1f25783c58b6842cd56e85ef3a572881c8e28ccd59?s=96&d=mm&r=g","url":"https:\/\/secure.gravatar.com\/avatar\/3c9179cf0256d00c72a48d1f25783c58b6842cd56e85ef3a572881c8e28ccd59?s=96&d=mm&r=g","contentUrl":"https:\/\/secure.gravatar.com\/avatar\/3c9179cf0256d00c72a48d1f25783c58b6842cd56e85ef3a572881c8e28ccd59?s=96&d=mm&r=g","caption":"ppdegaliciaredes"},"url":"https:\/\/ppdegalicia.com\/es\/author\/ppdegaliciaredes\/"}]}},"_links":{"self":[{"href":"https:\/\/ppdegalicia.com\/es\/wp-json\/wp\/v2\/posts\/57469","targetHints":{"allow":["GET"]}}],"collection":[{"href":"https:\/\/ppdegalicia.com\/es\/wp-json\/wp\/v2\/posts"}],"about":[{"href":"https:\/\/ppdegalicia.com\/es\/wp-json\/wp\/v2\/types\/post"}],"author":[{"embeddable":true,"href":"https:\/\/ppdegalicia.com\/es\/wp-json\/wp\/v2\/users\/38"}],"replies":[{"embeddable":true,"href":"https:\/\/ppdegalicia.com\/es\/wp-json\/wp\/v2\/comments?post=57469"}],"version-history":[{"count":0,"href":"https:\/\/ppdegalicia.com\/es\/wp-json\/wp\/v2\/posts\/57469\/revisions"}],"wp:featuredmedia":[{"embeddable":true,"href":"https:\/\/ppdegalicia.com\/es\/wp-json\/wp\/v2\/media\/57468"}],"wp:attachment":[{"href":"https:\/\/ppdegalicia.com\/es\/wp-json\/wp\/v2\/media?parent=57469"}],"wp:term":[{"taxonomy":"category","embeddable":true,"href":"https:\/\/ppdegalicia.com\/es\/wp-json\/wp\/v2\/categories?post=57469"},{"taxonomy":"post_tag","embeddable":true,"href":"https:\/\/ppdegalicia.com\/es\/wp-json\/wp\/v2\/tags?post=57469"}],"curies":[{"name":"wp","href":"https:\/\/api.w.org\/{rel}","templated":true}]}}