{"id":57473,"date":"2022-10-05T14:46:47","date_gmt":"2022-10-05T12:46:47","guid":{"rendered":"https:\/\/ppdegalicia.com\/o-parlamento-galego-pide-ao-goberno-de-espana-demandas-especiais-para-galicia-na-sua-presidencia-da-union-europea-en-2023\/"},"modified":"2022-10-05T14:46:47","modified_gmt":"2022-10-05T12:46:47","slug":"o-parlamento-galego-pide-ao-goberno-de-espana-demandas-especiais-para-galicia-na-sua-presidencia-da-union-europea-en-2023","status":"publish","type":"post","link":"https:\/\/ppdegalicia.com\/es\/o-parlamento-galego-pide-ao-goberno-de-espana-demandas-especiais-para-galicia-na-sua-presidencia-da-union-europea-en-2023\/","title":{"rendered":"O Parlamento galego pide ao Goberno de Espa\u00f1a demandas especiais para Galicia na s\u00faa Presidencia da Uni\u00f3n Europea en 2023"},"content":{"rendered":"<p><img fetchpriority=\"high\" decoding=\"async\" class=\" size-full wp-image-57472\" src=\"https:\/\/ppdegalicia.com\/wp-content\/uploads\/2022\/10\/1672f0212137985300fc216136474009.jpg\" alt=\"\" width=\"1900\" height=\"1267\" srcset=\"https:\/\/ppdegalicia.com\/wp-content\/uploads\/2022\/10\/1672f0212137985300fc216136474009.jpg 1900w, https:\/\/ppdegalicia.com\/wp-content\/uploads\/2022\/10\/1672f0212137985300fc216136474009-300x200.jpg 300w, https:\/\/ppdegalicia.com\/wp-content\/uploads\/2022\/10\/1672f0212137985300fc216136474009-1024x683.jpg 1024w, https:\/\/ppdegalicia.com\/wp-content\/uploads\/2022\/10\/1672f0212137985300fc216136474009-768x512.jpg 768w, https:\/\/ppdegalicia.com\/wp-content\/uploads\/2022\/10\/1672f0212137985300fc216136474009-1536x1024.jpg 1536w\" sizes=\"(max-width: 1900px) 100vw, 1900px\" \/><\/p>\n<p>Santiago, 5 de outubro de 2022.- O Pleno do Parlamento de Galicia aprobou hoxe a proposici\u00f3n non de lei do Grupo Popular, co voto en contra de BNG e PSdeG, a trav\u00e9s da que se demanda ao Goberno de Espa\u00f1a que incorpore na s\u00faa axenda lexislativa e no programa de traballo para a presidencia espa\u00f1ola do Consello da Uni\u00f3n Europea de 2023 diversas demandas de especial interese para Galicia, en cuesti\u00f3ns como os fondos europeos, a pesca, o medio rural, a cultura, a enerx\u00eda, os transportes, a demograf\u00eda e o despoboamento, a pol\u00edtica exterior, as relaci\u00f3ns con Am\u00e9rica ou a defensa. Ademais, solic\u00edtase que estas demandas se remitan \u00e1s Cortes Xerais, no marco do relatorio constitu\u00eddo na Comisi\u00f3n Mixta para a Uni\u00f3n Europea, para participar na preparaci\u00f3n da presidencia espa\u00f1ola do Consello da Uni\u00f3n Europea durante o segundo semestre de 2023.<\/p>\n<p><!--more--><\/p>\n<p>O portavoz do Grupo Popular, Pedro Puy, cualificou de \u201coportunidade \u00fanica\u201d a Presidencia espa\u00f1ola do Consello da Uni\u00f3n Europea entre os meses de xu\u00f1o e decembro de 2023, polo que considerou que \u201cexisten motivos dabondo para que Galicia faga chegar as s\u00faas prioridades\u201d en asuntos relacionados coa pol\u00edtica europea.<\/p>\n<p>\u00a0<\/p>\n<p>Puy destacou a \u201cclara vocaci\u00f3n europe\u00edsta\u201d de Galicia, concretando que \u201caproximadamente dous terzos da normativa socioecon\u00f3mica m\u00e1is relevante que se aplica en Galicia ten a s\u00faa fonte xur\u00eddica nas instituci\u00f3ns europeas\u201d. \u201cNon se pode entender o desenvolvemento econ\u00f3mico e social da Comunidade galega nas \u00faltimas d\u00e9cadas sen ter en conta as inxentes cantidades econ\u00f3micas que recibimos procedentes de Europa\u201d, subli\u00f1ou. En concreto, cifrou en m\u00e1is de 32.000 mill\u00f3ns o investimento realizado en infraestruturas e actuaci\u00f3ns con axudas europeas, \u201cunha cifra impresionante na que a\u00ednda non se te\u00f1en en conta os cartos que vir\u00e1n polos fondos Next Generation\u201d.<\/p>\n<p>\u00a0<\/p>\n<p><strong>ADIANTARSE AO TRABALLO DAS CORTES XERAIS<\/strong><\/p>\n<p>\u00a0<\/p>\n<p>\u201cCon esta proposici\u00f3n non de lei adiant\u00e1monos ao traballo que desenvolver\u00e1 a Comisi\u00f3n espec\u00edfica posta en marcha nas Cortes Xerais con motivo da Presidencia espa\u00f1ola da Uni\u00f3n Europea, centrando as demandas de especial interese para Galicia\u201d, manifestou.<\/p>\n<p>\u00a0<\/p>\n<p>En concreto, a iniciativa aprobada hoxe abrangue 10 \u00e1mbitos: fondos europeos, para asegurar unha xesti\u00f3n e execuci\u00f3n eficaces dos fondos Next Generation, de xeito que cheguen ao tecido produtivo galego, especialmente \u00e1s pequenas e medianas empresas; a pesca, para reorientar as normas europeas e asegurar a sustentabilidade social, econ\u00f3mica e medioambiental da cadea mar-industria; o medio rural, adaptando as normas europeas sobre agricultura, gander\u00eda e montes \u00e1 realidade galega; a cultura, promovendo o fen\u00f3meno xacobeo na Uni\u00f3n Europea como parte da nova Axenda Europea para a Cultura e a Estratexia da UE para as relaci\u00f3ns culturais internacionais; ou a enerx\u00eda, apostando por un modelo de transici\u00f3n enerx\u00e9tica ordenada, garantista, sustentable e respectuoso co medio ambiente, que permita achegar \u00e1s familias, pemes e industria un prezo competitivo.<\/p>\n<p>\u00a0<\/p>\n<p>As\u00ed mesmo, prop\u00f3\u00f1ense medidas no \u00e1mbito dos transportes, para aproveitar ao m\u00e1ximo os fondos europeos dispo\u00f1ibles para impulsar as sinerxias entre Galicia e Portugal, co fin de poder reforzar a competitividade; na demograf\u00eda e o despoboamento, integr\u00e1ndoos nos distintos programas de financiamento da Uni\u00f3n Europea; a pol\u00edtica exterior, reforzando a protecci\u00f3n consular dos europeos en terceiros pa\u00edses; as relaci\u00f3ns con Am\u00e9rica; e, por \u00faltimo, a defensa, velando porque a renovada importancia da pol\u00edtica europea de defensa beneficie a Galicia.<\/p>\n","protected":false},"excerpt":{"rendered":"<p>Santiago, 5 de outubro de 2022.- O Pleno do Parlamento de Galicia aprobou hoxe a proposici\u00f3n non de lei do Grupo Popular, co voto en contra de BNG e PSdeG, a trav\u00e9s da que se demanda ao Goberno de Espa\u00f1a que incorpore na s\u00faa axenda lexislativa e no programa de traballo para a presidencia espa\u00f1ola [&hellip;]<\/p>\n","protected":false},"author":38,"featured_media":57472,"comment_status":"open","ping_status":"open","sticky":false,"template":"","format":"standard","meta":{"_acf_changed":false,"footnotes":""},"categories":[1],"tags":[],"class_list":["post-57473","post","type-post","status-publish","format-standard","has-post-thumbnail","hentry","category-pp-de-galicia"],"acf":[],"yoast_head":"<!-- This site is optimized with the Yoast SEO plugin v27.3 - https:\/\/yoast.com\/product\/yoast-seo-wordpress\/ -->\n<title>O Parlamento galego pide ao Goberno de Espa\u00f1a demandas especiais para Galicia na s\u00faa Presidencia da Uni\u00f3n Europea en 2023 - PP de Galicia<\/title>\n<meta name=\"robots\" content=\"index, follow, max-snippet:-1, max-image-preview:large, max-video-preview:-1\" \/>\n<link rel=\"canonical\" href=\"https:\/\/ppdegalicia.com\/es\/o-parlamento-galego-pide-ao-goberno-de-espana-demandas-especiais-para-galicia-na-sua-presidencia-da-union-europea-en-2023\/\" \/>\n<meta property=\"og:locale\" content=\"es_ES\" \/>\n<meta property=\"og:type\" content=\"article\" \/>\n<meta property=\"og:title\" content=\"O Parlamento galego pide ao Goberno de Espa\u00f1a demandas especiais para Galicia na s\u00faa Presidencia da Uni\u00f3n Europea en 2023 - PP de Galicia\" \/>\n<meta property=\"og:description\" content=\"Santiago, 5 de outubro de 2022.- O Pleno do Parlamento de Galicia aprobou hoxe a proposici\u00f3n non de lei do Grupo Popular, co voto en contra de BNG e PSdeG, a trav\u00e9s da que se demanda ao Goberno de Espa\u00f1a que incorpore na s\u00faa axenda lexislativa e no programa de traballo para a presidencia espa\u00f1ola [&hellip;]\" \/>\n<meta property=\"og:url\" content=\"https:\/\/ppdegalicia.com\/es\/o-parlamento-galego-pide-ao-goberno-de-espana-demandas-especiais-para-galicia-na-sua-presidencia-da-union-europea-en-2023\/\" \/>\n<meta property=\"og:site_name\" content=\"PP de Galicia\" \/>\n<meta property=\"article:publisher\" content=\"https:\/\/www.instagram.com\/ppdegalicia\/\" \/>\n<meta property=\"article:published_time\" content=\"2022-10-05T12:46:47+00:00\" \/>\n<meta property=\"og:image\" content=\"https:\/\/ppdegalicia.com\/wp-content\/uploads\/2022\/10\/1672f0212137985300fc216136474009.jpg\" \/>\n\t<meta property=\"og:image:width\" content=\"1900\" \/>\n\t<meta property=\"og:image:height\" content=\"1267\" \/>\n\t<meta property=\"og:image:type\" content=\"image\/jpeg\" \/>\n<meta name=\"author\" content=\"ppdegaliciaredes\" \/>\n<meta name=\"twitter:card\" content=\"summary_large_image\" \/>\n<meta name=\"twitter:creator\" content=\"@ppdegalicia\" \/>\n<meta name=\"twitter:site\" content=\"@ppdegalicia\" \/>\n<meta name=\"twitter:label1\" content=\"Escrito por\" \/>\n\t<meta name=\"twitter:data1\" content=\"ppdegaliciaredes\" \/>\n\t<meta name=\"twitter:label2\" content=\"Tiempo de lectura\" \/>\n\t<meta name=\"twitter:data2\" content=\"3 minutos\" \/>\n<script type=\"application\/ld+json\" class=\"yoast-schema-graph\">{\"@context\":\"https:\\\/\\\/schema.org\",\"@graph\":[{\"@type\":\"Article\",\"@id\":\"https:\\\/\\\/ppdegalicia.com\\\/es\\\/o-parlamento-galego-pide-ao-goberno-de-espana-demandas-especiais-para-galicia-na-sua-presidencia-da-union-europea-en-2023\\\/#article\",\"isPartOf\":{\"@id\":\"https:\\\/\\\/ppdegalicia.com\\\/es\\\/o-parlamento-galego-pide-ao-goberno-de-espana-demandas-especiais-para-galicia-na-sua-presidencia-da-union-europea-en-2023\\\/\"},\"author\":{\"name\":\"ppdegaliciaredes\",\"@id\":\"https:\\\/\\\/ppdegalicia.com\\\/es\\\/#\\\/schema\\\/person\\\/5b822c6f59e872ebdd1142f307dbcb59\"},\"headline\":\"O Parlamento galego pide ao Goberno de Espa\u00f1a demandas especiais para Galicia na s\u00faa Presidencia da Uni\u00f3n Europea en 2023\",\"datePublished\":\"2022-10-05T12:46:47+00:00\",\"mainEntityOfPage\":{\"@id\":\"https:\\\/\\\/ppdegalicia.com\\\/es\\\/o-parlamento-galego-pide-ao-goberno-de-espana-demandas-especiais-para-galicia-na-sua-presidencia-da-union-europea-en-2023\\\/\"},\"wordCount\":619,\"commentCount\":0,\"publisher\":{\"@id\":\"https:\\\/\\\/ppdegalicia.com\\\/es\\\/#organization\"},\"image\":{\"@id\":\"https:\\\/\\\/ppdegalicia.com\\\/es\\\/o-parlamento-galego-pide-ao-goberno-de-espana-demandas-especiais-para-galicia-na-sua-presidencia-da-union-europea-en-2023\\\/#primaryimage\"},\"thumbnailUrl\":\"https:\\\/\\\/ppdegalicia.com\\\/wp-content\\\/uploads\\\/2022\\\/10\\\/1672f0212137985300fc216136474009.jpg\",\"articleSection\":[\"PP de Galicia\"],\"inLanguage\":\"es\",\"potentialAction\":[{\"@type\":\"CommentAction\",\"name\":\"Comment\",\"target\":[\"https:\\\/\\\/ppdegalicia.com\\\/es\\\/o-parlamento-galego-pide-ao-goberno-de-espana-demandas-especiais-para-galicia-na-sua-presidencia-da-union-europea-en-2023\\\/#respond\"]}]},{\"@type\":\"WebPage\",\"@id\":\"https:\\\/\\\/ppdegalicia.com\\\/es\\\/o-parlamento-galego-pide-ao-goberno-de-espana-demandas-especiais-para-galicia-na-sua-presidencia-da-union-europea-en-2023\\\/\",\"url\":\"https:\\\/\\\/ppdegalicia.com\\\/es\\\/o-parlamento-galego-pide-ao-goberno-de-espana-demandas-especiais-para-galicia-na-sua-presidencia-da-union-europea-en-2023\\\/\",\"name\":\"O Parlamento galego pide ao Goberno de Espa\u00f1a demandas especiais para Galicia na s\u00faa Presidencia da Uni\u00f3n Europea en 2023 - PP de Galicia\",\"isPartOf\":{\"@id\":\"https:\\\/\\\/ppdegalicia.com\\\/es\\\/#website\"},\"primaryImageOfPage\":{\"@id\":\"https:\\\/\\\/ppdegalicia.com\\\/es\\\/o-parlamento-galego-pide-ao-goberno-de-espana-demandas-especiais-para-galicia-na-sua-presidencia-da-union-europea-en-2023\\\/#primaryimage\"},\"image\":{\"@id\":\"https:\\\/\\\/ppdegalicia.com\\\/es\\\/o-parlamento-galego-pide-ao-goberno-de-espana-demandas-especiais-para-galicia-na-sua-presidencia-da-union-europea-en-2023\\\/#primaryimage\"},\"thumbnailUrl\":\"https:\\\/\\\/ppdegalicia.com\\\/wp-content\\\/uploads\\\/2022\\\/10\\\/1672f0212137985300fc216136474009.jpg\",\"datePublished\":\"2022-10-05T12:46:47+00:00\",\"breadcrumb\":{\"@id\":\"https:\\\/\\\/ppdegalicia.com\\\/es\\\/o-parlamento-galego-pide-ao-goberno-de-espana-demandas-especiais-para-galicia-na-sua-presidencia-da-union-europea-en-2023\\\/#breadcrumb\"},\"inLanguage\":\"es\",\"potentialAction\":[{\"@type\":\"ReadAction\",\"target\":[\"https:\\\/\\\/ppdegalicia.com\\\/es\\\/o-parlamento-galego-pide-ao-goberno-de-espana-demandas-especiais-para-galicia-na-sua-presidencia-da-union-europea-en-2023\\\/\"]}]},{\"@type\":\"ImageObject\",\"inLanguage\":\"es\",\"@id\":\"https:\\\/\\\/ppdegalicia.com\\\/es\\\/o-parlamento-galego-pide-ao-goberno-de-espana-demandas-especiais-para-galicia-na-sua-presidencia-da-union-europea-en-2023\\\/#primaryimage\",\"url\":\"https:\\\/\\\/ppdegalicia.com\\\/wp-content\\\/uploads\\\/2022\\\/10\\\/1672f0212137985300fc216136474009.jpg\",\"contentUrl\":\"https:\\\/\\\/ppdegalicia.com\\\/wp-content\\\/uploads\\\/2022\\\/10\\\/1672f0212137985300fc216136474009.jpg\",\"width\":1900,\"height\":1267},{\"@type\":\"BreadcrumbList\",\"@id\":\"https:\\\/\\\/ppdegalicia.com\\\/es\\\/o-parlamento-galego-pide-ao-goberno-de-espana-demandas-especiais-para-galicia-na-sua-presidencia-da-union-europea-en-2023\\\/#breadcrumb\",\"itemListElement\":[{\"@type\":\"ListItem\",\"position\":1,\"name\":\"Portada\",\"item\":\"https:\\\/\\\/ppdegalicia.com\\\/es\\\/\"},{\"@type\":\"ListItem\",\"position\":2,\"name\":\"O Parlamento galego pide ao Goberno de Espa\u00f1a demandas especiais para Galicia na s\u00faa Presidencia da Uni\u00f3n Europea en 2023\"}]},{\"@type\":\"WebSite\",\"@id\":\"https:\\\/\\\/ppdegalicia.com\\\/es\\\/#website\",\"url\":\"https:\\\/\\\/ppdegalicia.com\\\/es\\\/\",\"name\":\"Partido Popular de Galicia\",\"description\":\"Partido Popular de Galicia\",\"publisher\":{\"@id\":\"https:\\\/\\\/ppdegalicia.com\\\/es\\\/#organization\"},\"alternateName\":\"PP de Galicia\",\"potentialAction\":[{\"@type\":\"SearchAction\",\"target\":{\"@type\":\"EntryPoint\",\"urlTemplate\":\"https:\\\/\\\/ppdegalicia.com\\\/es\\\/?s={search_term_string}\"},\"query-input\":{\"@type\":\"PropertyValueSpecification\",\"valueRequired\":true,\"valueName\":\"search_term_string\"}}],\"inLanguage\":\"es\"},{\"@type\":\"Organization\",\"@id\":\"https:\\\/\\\/ppdegalicia.com\\\/es\\\/#organization\",\"name\":\"Partido Popular de Galicia\",\"alternateName\":\"PP de Galicia\",\"url\":\"https:\\\/\\\/ppdegalicia.com\\\/es\\\/\",\"logo\":{\"@type\":\"ImageObject\",\"inLanguage\":\"es\",\"@id\":\"https:\\\/\\\/ppdegalicia.com\\\/es\\\/#\\\/schema\\\/logo\\\/image\\\/\",\"url\":\"https:\\\/\\\/ppdegalicia.com\\\/wp-content\\\/uploads\\\/2023\\\/04\\\/logoPP512.png\",\"contentUrl\":\"https:\\\/\\\/ppdegalicia.com\\\/wp-content\\\/uploads\\\/2023\\\/04\\\/logoPP512.png\",\"width\":512,\"height\":512,\"caption\":\"Partido Popular de Galicia\"},\"image\":{\"@id\":\"https:\\\/\\\/ppdegalicia.com\\\/es\\\/#\\\/schema\\\/logo\\\/image\\\/\"},\"sameAs\":[\"https:\\\/\\\/www.instagram.com\\\/ppdegalicia\\\/\",\"https:\\\/\\\/x.com\\\/ppdegalicia\",\"https:\\\/\\\/www.tiktok.com\\\/@ppdegalicia\",\"https:\\\/\\\/www.youtube.com\\\/user\\\/ppdegalicia\"]},{\"@type\":\"Person\",\"@id\":\"https:\\\/\\\/ppdegalicia.com\\\/es\\\/#\\\/schema\\\/person\\\/5b822c6f59e872ebdd1142f307dbcb59\",\"name\":\"ppdegaliciaredes\",\"image\":{\"@type\":\"ImageObject\",\"inLanguage\":\"es\",\"@id\":\"https:\\\/\\\/secure.gravatar.com\\\/avatar\\\/3c9179cf0256d00c72a48d1f25783c58b6842cd56e85ef3a572881c8e28ccd59?s=96&d=mm&r=g\",\"url\":\"https:\\\/\\\/secure.gravatar.com\\\/avatar\\\/3c9179cf0256d00c72a48d1f25783c58b6842cd56e85ef3a572881c8e28ccd59?s=96&d=mm&r=g\",\"contentUrl\":\"https:\\\/\\\/secure.gravatar.com\\\/avatar\\\/3c9179cf0256d00c72a48d1f25783c58b6842cd56e85ef3a572881c8e28ccd59?s=96&d=mm&r=g\",\"caption\":\"ppdegaliciaredes\"},\"url\":\"https:\\\/\\\/ppdegalicia.com\\\/es\\\/author\\\/ppdegaliciaredes\\\/\"}]}<\/script>\n<!-- \/ Yoast SEO plugin. -->","yoast_head_json":{"title":"O Parlamento galego pide ao Goberno de Espa\u00f1a demandas especiais para Galicia na s\u00faa Presidencia da Uni\u00f3n Europea en 2023 - PP de Galicia","robots":{"index":"index","follow":"follow","max-snippet":"max-snippet:-1","max-image-preview":"max-image-preview:large","max-video-preview":"max-video-preview:-1"},"canonical":"https:\/\/ppdegalicia.com\/es\/o-parlamento-galego-pide-ao-goberno-de-espana-demandas-especiais-para-galicia-na-sua-presidencia-da-union-europea-en-2023\/","og_locale":"es_ES","og_type":"article","og_title":"O Parlamento galego pide ao Goberno de Espa\u00f1a demandas especiais para Galicia na s\u00faa Presidencia da Uni\u00f3n Europea en 2023 - PP de Galicia","og_description":"Santiago, 5 de outubro de 2022.- O Pleno do Parlamento de Galicia aprobou hoxe a proposici\u00f3n non de lei do Grupo Popular, co voto en contra de BNG e PSdeG, a trav\u00e9s da que se demanda ao Goberno de Espa\u00f1a que incorpore na s\u00faa axenda lexislativa e no programa de traballo para a presidencia espa\u00f1ola [&hellip;]","og_url":"https:\/\/ppdegalicia.com\/es\/o-parlamento-galego-pide-ao-goberno-de-espana-demandas-especiais-para-galicia-na-sua-presidencia-da-union-europea-en-2023\/","og_site_name":"PP de Galicia","article_publisher":"https:\/\/www.instagram.com\/ppdegalicia\/","article_published_time":"2022-10-05T12:46:47+00:00","og_image":[{"width":1900,"height":1267,"url":"https:\/\/ppdegalicia.com\/wp-content\/uploads\/2022\/10\/1672f0212137985300fc216136474009.jpg","type":"image\/jpeg"}],"author":"ppdegaliciaredes","twitter_card":"summary_large_image","twitter_creator":"@ppdegalicia","twitter_site":"@ppdegalicia","twitter_misc":{"Escrito por":"ppdegaliciaredes","Tiempo de lectura":"3 minutos"},"schema":{"@context":"https:\/\/schema.org","@graph":[{"@type":"Article","@id":"https:\/\/ppdegalicia.com\/es\/o-parlamento-galego-pide-ao-goberno-de-espana-demandas-especiais-para-galicia-na-sua-presidencia-da-union-europea-en-2023\/#article","isPartOf":{"@id":"https:\/\/ppdegalicia.com\/es\/o-parlamento-galego-pide-ao-goberno-de-espana-demandas-especiais-para-galicia-na-sua-presidencia-da-union-europea-en-2023\/"},"author":{"name":"ppdegaliciaredes","@id":"https:\/\/ppdegalicia.com\/es\/#\/schema\/person\/5b822c6f59e872ebdd1142f307dbcb59"},"headline":"O Parlamento galego pide ao Goberno de Espa\u00f1a demandas especiais para Galicia na s\u00faa Presidencia da Uni\u00f3n Europea en 2023","datePublished":"2022-10-05T12:46:47+00:00","mainEntityOfPage":{"@id":"https:\/\/ppdegalicia.com\/es\/o-parlamento-galego-pide-ao-goberno-de-espana-demandas-especiais-para-galicia-na-sua-presidencia-da-union-europea-en-2023\/"},"wordCount":619,"commentCount":0,"publisher":{"@id":"https:\/\/ppdegalicia.com\/es\/#organization"},"image":{"@id":"https:\/\/ppdegalicia.com\/es\/o-parlamento-galego-pide-ao-goberno-de-espana-demandas-especiais-para-galicia-na-sua-presidencia-da-union-europea-en-2023\/#primaryimage"},"thumbnailUrl":"https:\/\/ppdegalicia.com\/wp-content\/uploads\/2022\/10\/1672f0212137985300fc216136474009.jpg","articleSection":["PP de Galicia"],"inLanguage":"es","potentialAction":[{"@type":"CommentAction","name":"Comment","target":["https:\/\/ppdegalicia.com\/es\/o-parlamento-galego-pide-ao-goberno-de-espana-demandas-especiais-para-galicia-na-sua-presidencia-da-union-europea-en-2023\/#respond"]}]},{"@type":"WebPage","@id":"https:\/\/ppdegalicia.com\/es\/o-parlamento-galego-pide-ao-goberno-de-espana-demandas-especiais-para-galicia-na-sua-presidencia-da-union-europea-en-2023\/","url":"https:\/\/ppdegalicia.com\/es\/o-parlamento-galego-pide-ao-goberno-de-espana-demandas-especiais-para-galicia-na-sua-presidencia-da-union-europea-en-2023\/","name":"O Parlamento galego pide ao Goberno de Espa\u00f1a demandas especiais para Galicia na s\u00faa Presidencia da Uni\u00f3n Europea en 2023 - PP de Galicia","isPartOf":{"@id":"https:\/\/ppdegalicia.com\/es\/#website"},"primaryImageOfPage":{"@id":"https:\/\/ppdegalicia.com\/es\/o-parlamento-galego-pide-ao-goberno-de-espana-demandas-especiais-para-galicia-na-sua-presidencia-da-union-europea-en-2023\/#primaryimage"},"image":{"@id":"https:\/\/ppdegalicia.com\/es\/o-parlamento-galego-pide-ao-goberno-de-espana-demandas-especiais-para-galicia-na-sua-presidencia-da-union-europea-en-2023\/#primaryimage"},"thumbnailUrl":"https:\/\/ppdegalicia.com\/wp-content\/uploads\/2022\/10\/1672f0212137985300fc216136474009.jpg","datePublished":"2022-10-05T12:46:47+00:00","breadcrumb":{"@id":"https:\/\/ppdegalicia.com\/es\/o-parlamento-galego-pide-ao-goberno-de-espana-demandas-especiais-para-galicia-na-sua-presidencia-da-union-europea-en-2023\/#breadcrumb"},"inLanguage":"es","potentialAction":[{"@type":"ReadAction","target":["https:\/\/ppdegalicia.com\/es\/o-parlamento-galego-pide-ao-goberno-de-espana-demandas-especiais-para-galicia-na-sua-presidencia-da-union-europea-en-2023\/"]}]},{"@type":"ImageObject","inLanguage":"es","@id":"https:\/\/ppdegalicia.com\/es\/o-parlamento-galego-pide-ao-goberno-de-espana-demandas-especiais-para-galicia-na-sua-presidencia-da-union-europea-en-2023\/#primaryimage","url":"https:\/\/ppdegalicia.com\/wp-content\/uploads\/2022\/10\/1672f0212137985300fc216136474009.jpg","contentUrl":"https:\/\/ppdegalicia.com\/wp-content\/uploads\/2022\/10\/1672f0212137985300fc216136474009.jpg","width":1900,"height":1267},{"@type":"BreadcrumbList","@id":"https:\/\/ppdegalicia.com\/es\/o-parlamento-galego-pide-ao-goberno-de-espana-demandas-especiais-para-galicia-na-sua-presidencia-da-union-europea-en-2023\/#breadcrumb","itemListElement":[{"@type":"ListItem","position":1,"name":"Portada","item":"https:\/\/ppdegalicia.com\/es\/"},{"@type":"ListItem","position":2,"name":"O Parlamento galego pide ao Goberno de Espa\u00f1a demandas especiais para Galicia na s\u00faa Presidencia da Uni\u00f3n Europea en 2023"}]},{"@type":"WebSite","@id":"https:\/\/ppdegalicia.com\/es\/#website","url":"https:\/\/ppdegalicia.com\/es\/","name":"Partido Popular de Galicia","description":"Partido Popular de Galicia","publisher":{"@id":"https:\/\/ppdegalicia.com\/es\/#organization"},"alternateName":"PP de Galicia","potentialAction":[{"@type":"SearchAction","target":{"@type":"EntryPoint","urlTemplate":"https:\/\/ppdegalicia.com\/es\/?s={search_term_string}"},"query-input":{"@type":"PropertyValueSpecification","valueRequired":true,"valueName":"search_term_string"}}],"inLanguage":"es"},{"@type":"Organization","@id":"https:\/\/ppdegalicia.com\/es\/#organization","name":"Partido Popular de Galicia","alternateName":"PP de Galicia","url":"https:\/\/ppdegalicia.com\/es\/","logo":{"@type":"ImageObject","inLanguage":"es","@id":"https:\/\/ppdegalicia.com\/es\/#\/schema\/logo\/image\/","url":"https:\/\/ppdegalicia.com\/wp-content\/uploads\/2023\/04\/logoPP512.png","contentUrl":"https:\/\/ppdegalicia.com\/wp-content\/uploads\/2023\/04\/logoPP512.png","width":512,"height":512,"caption":"Partido Popular de Galicia"},"image":{"@id":"https:\/\/ppdegalicia.com\/es\/#\/schema\/logo\/image\/"},"sameAs":["https:\/\/www.instagram.com\/ppdegalicia\/","https:\/\/x.com\/ppdegalicia","https:\/\/www.tiktok.com\/@ppdegalicia","https:\/\/www.youtube.com\/user\/ppdegalicia"]},{"@type":"Person","@id":"https:\/\/ppdegalicia.com\/es\/#\/schema\/person\/5b822c6f59e872ebdd1142f307dbcb59","name":"ppdegaliciaredes","image":{"@type":"ImageObject","inLanguage":"es","@id":"https:\/\/secure.gravatar.com\/avatar\/3c9179cf0256d00c72a48d1f25783c58b6842cd56e85ef3a572881c8e28ccd59?s=96&d=mm&r=g","url":"https:\/\/secure.gravatar.com\/avatar\/3c9179cf0256d00c72a48d1f25783c58b6842cd56e85ef3a572881c8e28ccd59?s=96&d=mm&r=g","contentUrl":"https:\/\/secure.gravatar.com\/avatar\/3c9179cf0256d00c72a48d1f25783c58b6842cd56e85ef3a572881c8e28ccd59?s=96&d=mm&r=g","caption":"ppdegaliciaredes"},"url":"https:\/\/ppdegalicia.com\/es\/author\/ppdegaliciaredes\/"}]}},"_links":{"self":[{"href":"https:\/\/ppdegalicia.com\/es\/wp-json\/wp\/v2\/posts\/57473","targetHints":{"allow":["GET"]}}],"collection":[{"href":"https:\/\/ppdegalicia.com\/es\/wp-json\/wp\/v2\/posts"}],"about":[{"href":"https:\/\/ppdegalicia.com\/es\/wp-json\/wp\/v2\/types\/post"}],"author":[{"embeddable":true,"href":"https:\/\/ppdegalicia.com\/es\/wp-json\/wp\/v2\/users\/38"}],"replies":[{"embeddable":true,"href":"https:\/\/ppdegalicia.com\/es\/wp-json\/wp\/v2\/comments?post=57473"}],"version-history":[{"count":0,"href":"https:\/\/ppdegalicia.com\/es\/wp-json\/wp\/v2\/posts\/57473\/revisions"}],"wp:featuredmedia":[{"embeddable":true,"href":"https:\/\/ppdegalicia.com\/es\/wp-json\/wp\/v2\/media\/57472"}],"wp:attachment":[{"href":"https:\/\/ppdegalicia.com\/es\/wp-json\/wp\/v2\/media?parent=57473"}],"wp:term":[{"taxonomy":"category","embeddable":true,"href":"https:\/\/ppdegalicia.com\/es\/wp-json\/wp\/v2\/categories?post=57473"},{"taxonomy":"post_tag","embeddable":true,"href":"https:\/\/ppdegalicia.com\/es\/wp-json\/wp\/v2\/tags?post=57473"}],"curies":[{"name":"wp","href":"https:\/\/api.w.org\/{rel}","templated":true}]}}