{"id":57481,"date":"2022-10-07T12:16:32","date_gmt":"2022-10-07T10:16:32","guid":{"rendered":"https:\/\/ppdegalicia.com\/paula-prado-avanza-que-o-2023-sera-un-ano-de-moitos-insultos-do-goberno-de-sanchez-pero-de-nulos-investimentos-a-galicia\/"},"modified":"2022-10-07T12:16:32","modified_gmt":"2022-10-07T10:16:32","slug":"paula-prado-avanza-que-o-2023-sera-un-ano-de-moitos-insultos-do-goberno-de-sanchez-pero-de-nulos-investimentos-a-galicia","status":"publish","type":"post","link":"https:\/\/ppdegalicia.com\/es\/paula-prado-avanza-que-o-2023-sera-un-ano-de-moitos-insultos-do-goberno-de-sanchez-pero-de-nulos-investimentos-a-galicia\/","title":{"rendered":"Paula Prado avanza que o 2023 ser\u00e1 \u201cun ano de moitos insultos do Goberno de S\u00e1nchez, pero de nulos investimentos a Galicia\u201d"},"content":{"rendered":"<p><img fetchpriority=\"high\" decoding=\"async\" class=\" size-full wp-image-57480\" src=\"https:\/\/ppdegalicia.com\/wp-content\/uploads\/2022\/10\/d054faa07a98715a7d1de7165210509b-scaled.jpg\" alt=\"\" width=\"2560\" height=\"1707\" srcset=\"https:\/\/ppdegalicia.com\/wp-content\/uploads\/2022\/10\/d054faa07a98715a7d1de7165210509b-scaled.jpg 2560w, https:\/\/ppdegalicia.com\/wp-content\/uploads\/2022\/10\/d054faa07a98715a7d1de7165210509b-300x200.jpg 300w, https:\/\/ppdegalicia.com\/wp-content\/uploads\/2022\/10\/d054faa07a98715a7d1de7165210509b-1024x683.jpg 1024w, https:\/\/ppdegalicia.com\/wp-content\/uploads\/2022\/10\/d054faa07a98715a7d1de7165210509b-768x512.jpg 768w, https:\/\/ppdegalicia.com\/wp-content\/uploads\/2022\/10\/d054faa07a98715a7d1de7165210509b-1536x1024.jpg 1536w, https:\/\/ppdegalicia.com\/wp-content\/uploads\/2022\/10\/d054faa07a98715a7d1de7165210509b-2048x1365.jpg 2048w\" sizes=\"(max-width: 2560px) 100vw, 2560px\" \/><\/p>\n<p style=\"text-align: justify;\">Comparece en rolda de prensa en Santiago xunto ao secretario executivo do PP no Exterior, Antonio Rodr\u00edguez Miranda<\/p>\n<p><!--more--><\/p>\n<p style=\"text-align: justify;\">A secretaria xeral do PPdeG, Paula Prado, afirmou que os Presupostos Xerais do Estado presentados polo Executivo central esta semana demostran que os galegos non son unha prioridade para o Goberno de Pedro S\u00e1nchez, cuxos ministros visitan a Comunidade \u201ccase a diario\u201d para \u201ctraer insultos\u201d. \u201cAdianto que as\u00ed ser\u00e1 o ano 2023: un ano de moitos insultos, pero de nulos investimentos a Galicia\u201d, subli\u00f1ou.<\/p>\n<p style=\"text-align: justify;\">\u00a0<\/p>\n<p style=\"text-align: justify;\">Como indicou, as Contas p\u00fablicas estatais \u201cnon te\u00f1en en conta a Galicia\u201d e non atenden \u00e1s propostas da nosa Comunidade como si se fai coas de Catalu\u00f1a. \u201cS\u00e1nchez beneficia unha vez m\u00e1is aos seus socios. Os Presupostos Xerais do Estado volven ser os Presupostos Electoralistas do Estado, nos que vale m\u00e1is quedar ben con independentistas e separatistas que con Comunidades fieis como a nosa\u201d.<\/p>\n<p style=\"text-align: justify;\">\u00a0<\/p>\n<p style=\"text-align: justify;\">Igualmente, sinalou que se trata duns orzamentos que non son \u201cde verdade\u201d, con \u201ccifras infladas e fume para Galicia\u201d, criticando que, ademais, hai partidas que nin sequera aparecen \u2014a sa\u00edda sur de Vigo, a modernizaci\u00f3n do tren Ferrol-Coru\u00f1a ou o AVE por Cerdedo\u2014 nin \u201ctampouco veremos en 2023 o inicio das autov\u00edas Vigo-O Porri\u00f1o, da Mari\u00f1a, Lugo-Ourense ou Ourense-Ponferrada\u201d.<\/p>\n<p style=\"text-align: justify;\">\u00a0<\/p>\n<p style=\"text-align: justify;\">\u201cOs Orzamentos Xerais m\u00e1is expansivos da Historia son uns Orzamentos retra\u00eddos para a nosa Comunidade\u201d, dixo explicando que estancan o investimento, baixan ata o 8% o noso peso estatal \u2014co Goberno de Rajoy chegouse a alcanzar case o 14%\u2014 e incorporan partidas que \u201csabemos de sobra que non se van executar\u201d.<\/p>\n<p style=\"text-align: justify;\">\u00a0<\/p>\n<p style=\"text-align: justify;\">Por todo isto, asegurou que desde o PPdeG, a trav\u00e9s dos seus 13 senadores e 10 deputados nacionais, \u201cimos seguir loitando porque a nosa Comunidade te\u00f1a voz e deixe de estar marxinada por S\u00e1nchez\u201d, algo que avanzou que tam\u00e9n far\u00e1n os populares desde a Xunta e desde o Parlamento. \u201cAfortunadamente son os \u00faltimos Orzamentos de S\u00e1nchez antes da chegada de Alberto N\u00fa\u00f1ez Feij\u00f3o \u00e1 Moncloa\u201d, subli\u00f1ou.<\/p>\n<p style=\"text-align: justify;\">\u00a0<\/p>\n<p style=\"text-align: justify;\"><strong><u>SER A VOZ DA GALICIA EXTERIOR<\/u><\/strong><\/p>\n<p style=\"text-align: justify;\">Nunha rolda de prensa na que estivo acompa\u00f1ada polo secretario executivo do PP no Exterior, Antonio Rodr\u00edguez Miranda, Paula Prado referiuse \u00e1 reuni\u00f3n que onte \u00e1 tarde mantivo a Comisi\u00f3n de Acci\u00f3n Exterior do PPdeG: \u201cComprom\u00e9tome a que a Galicia exterior siga tendo voz e siga sentindo o Partido Popular como seu\u201d.<\/p>\n<p style=\"text-align: justify;\">\u00a0<\/p>\n<p style=\"text-align: justify;\">Con esta fin, apuntou que que o presidente Alfonso Rueda viaxar\u00e1 \u00e1 Arxentina e a Uruguay a vindeira semana, \u201cun xeito de deixar claro que, tam\u00e9n nesta nova etapa do PPdeG, imos ter presentes os galegos e galegas do exterior\u201d. \u201cNon somos un partido que viaxa a Colombia, Chile ou Brasil unicamente para sacar fotos e non falar de Galicia, como fai o BNG; somos un partido que viaxa a pa\u00edses como Arxentina ou Uruguay para escoitar as inquedanzas dos nosos irm\u00e1ns e irm\u00e1s. O PP seguir\u00e1 sendo o que m\u00e1is se parece \u00e1 Galicia do exterior\u201d, manifestou.<\/p>\n<p style=\"text-align: justify;\">\u00a0<\/p>\n<p style=\"text-align: justify;\">Pola s\u00faa parte, Rodr\u00edguez Miranda fixo referencia \u00e1 derrogaci\u00f3n do voto rogado po\u00f1endo en valor o \u201cconsenso parlamentario\u201d \u00e1 hora de conseguilo. As\u00ed mesmo, confirmou que o PP far\u00e1 unha \u201cvixilancia proactiva\u201d para que realmente se cumpra o esp\u00edrito da lei no desenvolvemento do regulamento e para axudar a que se leve a cabo da forma \u201cm\u00e1is eficaz posible\u201d o que as Cortes Xerais indicaron: \u201cQue os residentes no exterior te\u00f1an efectividade plena dun dereito fundamental como o de sufraxio, que ata o de agora non se manti\u00f1a\u201d.<\/p>\n","protected":false},"excerpt":{"rendered":"<p>Comparece en rolda de prensa en Santiago xunto ao secretario executivo do PP no Exterior, Antonio Rodr\u00edguez Miranda<\/p>\n","protected":false},"author":38,"featured_media":57480,"comment_status":"open","ping_status":"open","sticky":false,"template":"","format":"standard","meta":{"_acf_changed":false,"footnotes":""},"categories":[1],"tags":[],"class_list":["post-57481","post","type-post","status-publish","format-standard","has-post-thumbnail","hentry","category-pp-de-galicia"],"acf":[],"yoast_head":"<!-- This site is optimized with the Yoast SEO plugin v27.3 - https:\/\/yoast.com\/product\/yoast-seo-wordpress\/ -->\n<title>Paula Prado avanza que o 2023 ser\u00e1 \u201cun ano de moitos insultos do Goberno de S\u00e1nchez, pero de nulos investimentos a Galicia\u201d - PP de Galicia<\/title>\n<meta name=\"robots\" content=\"index, follow, max-snippet:-1, max-image-preview:large, max-video-preview:-1\" \/>\n<link rel=\"canonical\" href=\"https:\/\/ppdegalicia.com\/es\/paula-prado-avanza-que-o-2023-sera-un-ano-de-moitos-insultos-do-goberno-de-sanchez-pero-de-nulos-investimentos-a-galicia\/\" \/>\n<meta property=\"og:locale\" content=\"es_ES\" \/>\n<meta property=\"og:type\" content=\"article\" \/>\n<meta property=\"og:title\" content=\"Paula Prado avanza que o 2023 ser\u00e1 \u201cun ano de moitos insultos do Goberno de S\u00e1nchez, pero de nulos investimentos a Galicia\u201d - PP de Galicia\" \/>\n<meta property=\"og:description\" content=\"Comparece en rolda de prensa en Santiago xunto ao secretario executivo do PP no Exterior, Antonio Rodr\u00edguez Miranda\" \/>\n<meta property=\"og:url\" content=\"https:\/\/ppdegalicia.com\/es\/paula-prado-avanza-que-o-2023-sera-un-ano-de-moitos-insultos-do-goberno-de-sanchez-pero-de-nulos-investimentos-a-galicia\/\" \/>\n<meta property=\"og:site_name\" content=\"PP de Galicia\" \/>\n<meta property=\"article:publisher\" content=\"https:\/\/www.instagram.com\/ppdegalicia\/\" \/>\n<meta property=\"article:published_time\" content=\"2022-10-07T10:16:32+00:00\" \/>\n<meta property=\"og:image\" content=\"https:\/\/ppdegalicia.com\/wp-content\/uploads\/2022\/10\/d054faa07a98715a7d1de7165210509b-scaled.jpg\" \/>\n\t<meta property=\"og:image:width\" content=\"2560\" \/>\n\t<meta property=\"og:image:height\" content=\"1707\" \/>\n\t<meta property=\"og:image:type\" content=\"image\/jpeg\" \/>\n<meta name=\"author\" content=\"ppdegaliciaredes\" \/>\n<meta name=\"twitter:card\" content=\"summary_large_image\" \/>\n<meta name=\"twitter:creator\" content=\"@ppdegalicia\" \/>\n<meta name=\"twitter:site\" content=\"@ppdegalicia\" \/>\n<meta name=\"twitter:label1\" content=\"Escrito por\" \/>\n\t<meta name=\"twitter:data1\" content=\"ppdegaliciaredes\" \/>\n\t<meta name=\"twitter:label2\" content=\"Tiempo de lectura\" \/>\n\t<meta name=\"twitter:data2\" content=\"3 minutos\" \/>\n<script type=\"application\/ld+json\" class=\"yoast-schema-graph\">{\"@context\":\"https:\\\/\\\/schema.org\",\"@graph\":[{\"@type\":\"Article\",\"@id\":\"https:\\\/\\\/ppdegalicia.com\\\/es\\\/paula-prado-avanza-que-o-2023-sera-un-ano-de-moitos-insultos-do-goberno-de-sanchez-pero-de-nulos-investimentos-a-galicia\\\/#article\",\"isPartOf\":{\"@id\":\"https:\\\/\\\/ppdegalicia.com\\\/es\\\/paula-prado-avanza-que-o-2023-sera-un-ano-de-moitos-insultos-do-goberno-de-sanchez-pero-de-nulos-investimentos-a-galicia\\\/\"},\"author\":{\"name\":\"ppdegaliciaredes\",\"@id\":\"https:\\\/\\\/ppdegalicia.com\\\/es\\\/#\\\/schema\\\/person\\\/5b822c6f59e872ebdd1142f307dbcb59\"},\"headline\":\"Paula Prado avanza que o 2023 ser\u00e1 \u201cun ano de moitos insultos do Goberno de S\u00e1nchez, pero de nulos investimentos a Galicia\u201d\",\"datePublished\":\"2022-10-07T10:16:32+00:00\",\"mainEntityOfPage\":{\"@id\":\"https:\\\/\\\/ppdegalicia.com\\\/es\\\/paula-prado-avanza-que-o-2023-sera-un-ano-de-moitos-insultos-do-goberno-de-sanchez-pero-de-nulos-investimentos-a-galicia\\\/\"},\"wordCount\":620,\"commentCount\":0,\"publisher\":{\"@id\":\"https:\\\/\\\/ppdegalicia.com\\\/es\\\/#organization\"},\"image\":{\"@id\":\"https:\\\/\\\/ppdegalicia.com\\\/es\\\/paula-prado-avanza-que-o-2023-sera-un-ano-de-moitos-insultos-do-goberno-de-sanchez-pero-de-nulos-investimentos-a-galicia\\\/#primaryimage\"},\"thumbnailUrl\":\"https:\\\/\\\/ppdegalicia.com\\\/wp-content\\\/uploads\\\/2022\\\/10\\\/d054faa07a98715a7d1de7165210509b-scaled.jpg\",\"articleSection\":[\"PP de Galicia\"],\"inLanguage\":\"es\",\"potentialAction\":[{\"@type\":\"CommentAction\",\"name\":\"Comment\",\"target\":[\"https:\\\/\\\/ppdegalicia.com\\\/es\\\/paula-prado-avanza-que-o-2023-sera-un-ano-de-moitos-insultos-do-goberno-de-sanchez-pero-de-nulos-investimentos-a-galicia\\\/#respond\"]}]},{\"@type\":\"WebPage\",\"@id\":\"https:\\\/\\\/ppdegalicia.com\\\/es\\\/paula-prado-avanza-que-o-2023-sera-un-ano-de-moitos-insultos-do-goberno-de-sanchez-pero-de-nulos-investimentos-a-galicia\\\/\",\"url\":\"https:\\\/\\\/ppdegalicia.com\\\/es\\\/paula-prado-avanza-que-o-2023-sera-un-ano-de-moitos-insultos-do-goberno-de-sanchez-pero-de-nulos-investimentos-a-galicia\\\/\",\"name\":\"Paula Prado avanza que o 2023 ser\u00e1 \u201cun ano de moitos insultos do Goberno de S\u00e1nchez, pero de nulos investimentos a Galicia\u201d - PP de Galicia\",\"isPartOf\":{\"@id\":\"https:\\\/\\\/ppdegalicia.com\\\/es\\\/#website\"},\"primaryImageOfPage\":{\"@id\":\"https:\\\/\\\/ppdegalicia.com\\\/es\\\/paula-prado-avanza-que-o-2023-sera-un-ano-de-moitos-insultos-do-goberno-de-sanchez-pero-de-nulos-investimentos-a-galicia\\\/#primaryimage\"},\"image\":{\"@id\":\"https:\\\/\\\/ppdegalicia.com\\\/es\\\/paula-prado-avanza-que-o-2023-sera-un-ano-de-moitos-insultos-do-goberno-de-sanchez-pero-de-nulos-investimentos-a-galicia\\\/#primaryimage\"},\"thumbnailUrl\":\"https:\\\/\\\/ppdegalicia.com\\\/wp-content\\\/uploads\\\/2022\\\/10\\\/d054faa07a98715a7d1de7165210509b-scaled.jpg\",\"datePublished\":\"2022-10-07T10:16:32+00:00\",\"breadcrumb\":{\"@id\":\"https:\\\/\\\/ppdegalicia.com\\\/es\\\/paula-prado-avanza-que-o-2023-sera-un-ano-de-moitos-insultos-do-goberno-de-sanchez-pero-de-nulos-investimentos-a-galicia\\\/#breadcrumb\"},\"inLanguage\":\"es\",\"potentialAction\":[{\"@type\":\"ReadAction\",\"target\":[\"https:\\\/\\\/ppdegalicia.com\\\/es\\\/paula-prado-avanza-que-o-2023-sera-un-ano-de-moitos-insultos-do-goberno-de-sanchez-pero-de-nulos-investimentos-a-galicia\\\/\"]}]},{\"@type\":\"ImageObject\",\"inLanguage\":\"es\",\"@id\":\"https:\\\/\\\/ppdegalicia.com\\\/es\\\/paula-prado-avanza-que-o-2023-sera-un-ano-de-moitos-insultos-do-goberno-de-sanchez-pero-de-nulos-investimentos-a-galicia\\\/#primaryimage\",\"url\":\"https:\\\/\\\/ppdegalicia.com\\\/wp-content\\\/uploads\\\/2022\\\/10\\\/d054faa07a98715a7d1de7165210509b-scaled.jpg\",\"contentUrl\":\"https:\\\/\\\/ppdegalicia.com\\\/wp-content\\\/uploads\\\/2022\\\/10\\\/d054faa07a98715a7d1de7165210509b-scaled.jpg\",\"width\":2560,\"height\":1707},{\"@type\":\"BreadcrumbList\",\"@id\":\"https:\\\/\\\/ppdegalicia.com\\\/es\\\/paula-prado-avanza-que-o-2023-sera-un-ano-de-moitos-insultos-do-goberno-de-sanchez-pero-de-nulos-investimentos-a-galicia\\\/#breadcrumb\",\"itemListElement\":[{\"@type\":\"ListItem\",\"position\":1,\"name\":\"Portada\",\"item\":\"https:\\\/\\\/ppdegalicia.com\\\/es\\\/\"},{\"@type\":\"ListItem\",\"position\":2,\"name\":\"Paula Prado avanza que o 2023 ser\u00e1 \u201cun ano de moitos insultos do Goberno de S\u00e1nchez, pero de nulos investimentos a Galicia\u201d\"}]},{\"@type\":\"WebSite\",\"@id\":\"https:\\\/\\\/ppdegalicia.com\\\/es\\\/#website\",\"url\":\"https:\\\/\\\/ppdegalicia.com\\\/es\\\/\",\"name\":\"Partido Popular de Galicia\",\"description\":\"Partido Popular de Galicia\",\"publisher\":{\"@id\":\"https:\\\/\\\/ppdegalicia.com\\\/es\\\/#organization\"},\"alternateName\":\"PP de Galicia\",\"potentialAction\":[{\"@type\":\"SearchAction\",\"target\":{\"@type\":\"EntryPoint\",\"urlTemplate\":\"https:\\\/\\\/ppdegalicia.com\\\/es\\\/?s={search_term_string}\"},\"query-input\":{\"@type\":\"PropertyValueSpecification\",\"valueRequired\":true,\"valueName\":\"search_term_string\"}}],\"inLanguage\":\"es\"},{\"@type\":\"Organization\",\"@id\":\"https:\\\/\\\/ppdegalicia.com\\\/es\\\/#organization\",\"name\":\"Partido Popular de Galicia\",\"alternateName\":\"PP de Galicia\",\"url\":\"https:\\\/\\\/ppdegalicia.com\\\/es\\\/\",\"logo\":{\"@type\":\"ImageObject\",\"inLanguage\":\"es\",\"@id\":\"https:\\\/\\\/ppdegalicia.com\\\/es\\\/#\\\/schema\\\/logo\\\/image\\\/\",\"url\":\"https:\\\/\\\/ppdegalicia.com\\\/wp-content\\\/uploads\\\/2023\\\/04\\\/logoPP512.png\",\"contentUrl\":\"https:\\\/\\\/ppdegalicia.com\\\/wp-content\\\/uploads\\\/2023\\\/04\\\/logoPP512.png\",\"width\":512,\"height\":512,\"caption\":\"Partido Popular de Galicia\"},\"image\":{\"@id\":\"https:\\\/\\\/ppdegalicia.com\\\/es\\\/#\\\/schema\\\/logo\\\/image\\\/\"},\"sameAs\":[\"https:\\\/\\\/www.instagram.com\\\/ppdegalicia\\\/\",\"https:\\\/\\\/x.com\\\/ppdegalicia\",\"https:\\\/\\\/www.tiktok.com\\\/@ppdegalicia\",\"https:\\\/\\\/www.youtube.com\\\/user\\\/ppdegalicia\"]},{\"@type\":\"Person\",\"@id\":\"https:\\\/\\\/ppdegalicia.com\\\/es\\\/#\\\/schema\\\/person\\\/5b822c6f59e872ebdd1142f307dbcb59\",\"name\":\"ppdegaliciaredes\",\"image\":{\"@type\":\"ImageObject\",\"inLanguage\":\"es\",\"@id\":\"https:\\\/\\\/secure.gravatar.com\\\/avatar\\\/3c9179cf0256d00c72a48d1f25783c58b6842cd56e85ef3a572881c8e28ccd59?s=96&d=mm&r=g\",\"url\":\"https:\\\/\\\/secure.gravatar.com\\\/avatar\\\/3c9179cf0256d00c72a48d1f25783c58b6842cd56e85ef3a572881c8e28ccd59?s=96&d=mm&r=g\",\"contentUrl\":\"https:\\\/\\\/secure.gravatar.com\\\/avatar\\\/3c9179cf0256d00c72a48d1f25783c58b6842cd56e85ef3a572881c8e28ccd59?s=96&d=mm&r=g\",\"caption\":\"ppdegaliciaredes\"},\"url\":\"https:\\\/\\\/ppdegalicia.com\\\/es\\\/author\\\/ppdegaliciaredes\\\/\"}]}<\/script>\n<!-- \/ Yoast SEO plugin. -->","yoast_head_json":{"title":"Paula Prado avanza que o 2023 ser\u00e1 \u201cun ano de moitos insultos do Goberno de S\u00e1nchez, pero de nulos investimentos a Galicia\u201d - PP de Galicia","robots":{"index":"index","follow":"follow","max-snippet":"max-snippet:-1","max-image-preview":"max-image-preview:large","max-video-preview":"max-video-preview:-1"},"canonical":"https:\/\/ppdegalicia.com\/es\/paula-prado-avanza-que-o-2023-sera-un-ano-de-moitos-insultos-do-goberno-de-sanchez-pero-de-nulos-investimentos-a-galicia\/","og_locale":"es_ES","og_type":"article","og_title":"Paula Prado avanza que o 2023 ser\u00e1 \u201cun ano de moitos insultos do Goberno de S\u00e1nchez, pero de nulos investimentos a Galicia\u201d - PP de Galicia","og_description":"Comparece en rolda de prensa en Santiago xunto ao secretario executivo do PP no Exterior, Antonio Rodr\u00edguez Miranda","og_url":"https:\/\/ppdegalicia.com\/es\/paula-prado-avanza-que-o-2023-sera-un-ano-de-moitos-insultos-do-goberno-de-sanchez-pero-de-nulos-investimentos-a-galicia\/","og_site_name":"PP de Galicia","article_publisher":"https:\/\/www.instagram.com\/ppdegalicia\/","article_published_time":"2022-10-07T10:16:32+00:00","og_image":[{"width":2560,"height":1707,"url":"https:\/\/ppdegalicia.com\/wp-content\/uploads\/2022\/10\/d054faa07a98715a7d1de7165210509b-scaled.jpg","type":"image\/jpeg"}],"author":"ppdegaliciaredes","twitter_card":"summary_large_image","twitter_creator":"@ppdegalicia","twitter_site":"@ppdegalicia","twitter_misc":{"Escrito por":"ppdegaliciaredes","Tiempo de lectura":"3 minutos"},"schema":{"@context":"https:\/\/schema.org","@graph":[{"@type":"Article","@id":"https:\/\/ppdegalicia.com\/es\/paula-prado-avanza-que-o-2023-sera-un-ano-de-moitos-insultos-do-goberno-de-sanchez-pero-de-nulos-investimentos-a-galicia\/#article","isPartOf":{"@id":"https:\/\/ppdegalicia.com\/es\/paula-prado-avanza-que-o-2023-sera-un-ano-de-moitos-insultos-do-goberno-de-sanchez-pero-de-nulos-investimentos-a-galicia\/"},"author":{"name":"ppdegaliciaredes","@id":"https:\/\/ppdegalicia.com\/es\/#\/schema\/person\/5b822c6f59e872ebdd1142f307dbcb59"},"headline":"Paula Prado avanza que o 2023 ser\u00e1 \u201cun ano de moitos insultos do Goberno de S\u00e1nchez, pero de nulos investimentos a Galicia\u201d","datePublished":"2022-10-07T10:16:32+00:00","mainEntityOfPage":{"@id":"https:\/\/ppdegalicia.com\/es\/paula-prado-avanza-que-o-2023-sera-un-ano-de-moitos-insultos-do-goberno-de-sanchez-pero-de-nulos-investimentos-a-galicia\/"},"wordCount":620,"commentCount":0,"publisher":{"@id":"https:\/\/ppdegalicia.com\/es\/#organization"},"image":{"@id":"https:\/\/ppdegalicia.com\/es\/paula-prado-avanza-que-o-2023-sera-un-ano-de-moitos-insultos-do-goberno-de-sanchez-pero-de-nulos-investimentos-a-galicia\/#primaryimage"},"thumbnailUrl":"https:\/\/ppdegalicia.com\/wp-content\/uploads\/2022\/10\/d054faa07a98715a7d1de7165210509b-scaled.jpg","articleSection":["PP de Galicia"],"inLanguage":"es","potentialAction":[{"@type":"CommentAction","name":"Comment","target":["https:\/\/ppdegalicia.com\/es\/paula-prado-avanza-que-o-2023-sera-un-ano-de-moitos-insultos-do-goberno-de-sanchez-pero-de-nulos-investimentos-a-galicia\/#respond"]}]},{"@type":"WebPage","@id":"https:\/\/ppdegalicia.com\/es\/paula-prado-avanza-que-o-2023-sera-un-ano-de-moitos-insultos-do-goberno-de-sanchez-pero-de-nulos-investimentos-a-galicia\/","url":"https:\/\/ppdegalicia.com\/es\/paula-prado-avanza-que-o-2023-sera-un-ano-de-moitos-insultos-do-goberno-de-sanchez-pero-de-nulos-investimentos-a-galicia\/","name":"Paula Prado avanza que o 2023 ser\u00e1 \u201cun ano de moitos insultos do Goberno de S\u00e1nchez, pero de nulos investimentos a Galicia\u201d - PP de Galicia","isPartOf":{"@id":"https:\/\/ppdegalicia.com\/es\/#website"},"primaryImageOfPage":{"@id":"https:\/\/ppdegalicia.com\/es\/paula-prado-avanza-que-o-2023-sera-un-ano-de-moitos-insultos-do-goberno-de-sanchez-pero-de-nulos-investimentos-a-galicia\/#primaryimage"},"image":{"@id":"https:\/\/ppdegalicia.com\/es\/paula-prado-avanza-que-o-2023-sera-un-ano-de-moitos-insultos-do-goberno-de-sanchez-pero-de-nulos-investimentos-a-galicia\/#primaryimage"},"thumbnailUrl":"https:\/\/ppdegalicia.com\/wp-content\/uploads\/2022\/10\/d054faa07a98715a7d1de7165210509b-scaled.jpg","datePublished":"2022-10-07T10:16:32+00:00","breadcrumb":{"@id":"https:\/\/ppdegalicia.com\/es\/paula-prado-avanza-que-o-2023-sera-un-ano-de-moitos-insultos-do-goberno-de-sanchez-pero-de-nulos-investimentos-a-galicia\/#breadcrumb"},"inLanguage":"es","potentialAction":[{"@type":"ReadAction","target":["https:\/\/ppdegalicia.com\/es\/paula-prado-avanza-que-o-2023-sera-un-ano-de-moitos-insultos-do-goberno-de-sanchez-pero-de-nulos-investimentos-a-galicia\/"]}]},{"@type":"ImageObject","inLanguage":"es","@id":"https:\/\/ppdegalicia.com\/es\/paula-prado-avanza-que-o-2023-sera-un-ano-de-moitos-insultos-do-goberno-de-sanchez-pero-de-nulos-investimentos-a-galicia\/#primaryimage","url":"https:\/\/ppdegalicia.com\/wp-content\/uploads\/2022\/10\/d054faa07a98715a7d1de7165210509b-scaled.jpg","contentUrl":"https:\/\/ppdegalicia.com\/wp-content\/uploads\/2022\/10\/d054faa07a98715a7d1de7165210509b-scaled.jpg","width":2560,"height":1707},{"@type":"BreadcrumbList","@id":"https:\/\/ppdegalicia.com\/es\/paula-prado-avanza-que-o-2023-sera-un-ano-de-moitos-insultos-do-goberno-de-sanchez-pero-de-nulos-investimentos-a-galicia\/#breadcrumb","itemListElement":[{"@type":"ListItem","position":1,"name":"Portada","item":"https:\/\/ppdegalicia.com\/es\/"},{"@type":"ListItem","position":2,"name":"Paula Prado avanza que o 2023 ser\u00e1 \u201cun ano de moitos insultos do Goberno de S\u00e1nchez, pero de nulos investimentos a Galicia\u201d"}]},{"@type":"WebSite","@id":"https:\/\/ppdegalicia.com\/es\/#website","url":"https:\/\/ppdegalicia.com\/es\/","name":"Partido Popular de Galicia","description":"Partido Popular de Galicia","publisher":{"@id":"https:\/\/ppdegalicia.com\/es\/#organization"},"alternateName":"PP de Galicia","potentialAction":[{"@type":"SearchAction","target":{"@type":"EntryPoint","urlTemplate":"https:\/\/ppdegalicia.com\/es\/?s={search_term_string}"},"query-input":{"@type":"PropertyValueSpecification","valueRequired":true,"valueName":"search_term_string"}}],"inLanguage":"es"},{"@type":"Organization","@id":"https:\/\/ppdegalicia.com\/es\/#organization","name":"Partido Popular de Galicia","alternateName":"PP de Galicia","url":"https:\/\/ppdegalicia.com\/es\/","logo":{"@type":"ImageObject","inLanguage":"es","@id":"https:\/\/ppdegalicia.com\/es\/#\/schema\/logo\/image\/","url":"https:\/\/ppdegalicia.com\/wp-content\/uploads\/2023\/04\/logoPP512.png","contentUrl":"https:\/\/ppdegalicia.com\/wp-content\/uploads\/2023\/04\/logoPP512.png","width":512,"height":512,"caption":"Partido Popular de Galicia"},"image":{"@id":"https:\/\/ppdegalicia.com\/es\/#\/schema\/logo\/image\/"},"sameAs":["https:\/\/www.instagram.com\/ppdegalicia\/","https:\/\/x.com\/ppdegalicia","https:\/\/www.tiktok.com\/@ppdegalicia","https:\/\/www.youtube.com\/user\/ppdegalicia"]},{"@type":"Person","@id":"https:\/\/ppdegalicia.com\/es\/#\/schema\/person\/5b822c6f59e872ebdd1142f307dbcb59","name":"ppdegaliciaredes","image":{"@type":"ImageObject","inLanguage":"es","@id":"https:\/\/secure.gravatar.com\/avatar\/3c9179cf0256d00c72a48d1f25783c58b6842cd56e85ef3a572881c8e28ccd59?s=96&d=mm&r=g","url":"https:\/\/secure.gravatar.com\/avatar\/3c9179cf0256d00c72a48d1f25783c58b6842cd56e85ef3a572881c8e28ccd59?s=96&d=mm&r=g","contentUrl":"https:\/\/secure.gravatar.com\/avatar\/3c9179cf0256d00c72a48d1f25783c58b6842cd56e85ef3a572881c8e28ccd59?s=96&d=mm&r=g","caption":"ppdegaliciaredes"},"url":"https:\/\/ppdegalicia.com\/es\/author\/ppdegaliciaredes\/"}]}},"_links":{"self":[{"href":"https:\/\/ppdegalicia.com\/es\/wp-json\/wp\/v2\/posts\/57481","targetHints":{"allow":["GET"]}}],"collection":[{"href":"https:\/\/ppdegalicia.com\/es\/wp-json\/wp\/v2\/posts"}],"about":[{"href":"https:\/\/ppdegalicia.com\/es\/wp-json\/wp\/v2\/types\/post"}],"author":[{"embeddable":true,"href":"https:\/\/ppdegalicia.com\/es\/wp-json\/wp\/v2\/users\/38"}],"replies":[{"embeddable":true,"href":"https:\/\/ppdegalicia.com\/es\/wp-json\/wp\/v2\/comments?post=57481"}],"version-history":[{"count":0,"href":"https:\/\/ppdegalicia.com\/es\/wp-json\/wp\/v2\/posts\/57481\/revisions"}],"wp:featuredmedia":[{"embeddable":true,"href":"https:\/\/ppdegalicia.com\/es\/wp-json\/wp\/v2\/media\/57480"}],"wp:attachment":[{"href":"https:\/\/ppdegalicia.com\/es\/wp-json\/wp\/v2\/media?parent=57481"}],"wp:term":[{"taxonomy":"category","embeddable":true,"href":"https:\/\/ppdegalicia.com\/es\/wp-json\/wp\/v2\/categories?post=57481"},{"taxonomy":"post_tag","embeddable":true,"href":"https:\/\/ppdegalicia.com\/es\/wp-json\/wp\/v2\/tags?post=57481"}],"curies":[{"name":"wp","href":"https:\/\/api.w.org\/{rel}","templated":true}]}}