{"id":57489,"date":"2022-10-10T11:43:38","date_gmt":"2022-10-10T09:43:38","guid":{"rendered":"https:\/\/ppdegalicia.com\/pedro-puy-insiste-na-urxencia-de-que-a-pesca-de-fondo-tena-seguridade-xuridica-e-garantias-sobre-as-zonas-nas-que-pode-realizar-a-sua-actividade\/"},"modified":"2022-10-10T11:43:38","modified_gmt":"2022-10-10T09:43:38","slug":"pedro-puy-insiste-na-urxencia-de-que-a-pesca-de-fondo-tena-seguridade-xuridica-e-garantias-sobre-as-zonas-nas-que-pode-realizar-a-sua-actividade","status":"publish","type":"post","link":"https:\/\/ppdegalicia.com\/es\/pedro-puy-insiste-na-urxencia-de-que-a-pesca-de-fondo-tena-seguridade-xuridica-e-garantias-sobre-as-zonas-nas-que-pode-realizar-a-sua-actividade\/","title":{"rendered":"Pedro Puy insiste na urxencia de que a pesca de fondo te\u00f1a seguridade xur\u00eddica e garant\u00edas sobre as zonas nas que pode realizar a s\u00faa actividade"},"content":{"rendered":"<p><img fetchpriority=\"high\" decoding=\"async\" class=\" size-full wp-image-57488\" src=\"https:\/\/ppdegalicia.com\/wp-content\/uploads\/2022\/10\/1ec2a12723aafca982d5b879ea870cbd.jpg\" alt=\"\" width=\"1900\" height=\"1267\" srcset=\"https:\/\/ppdegalicia.com\/wp-content\/uploads\/2022\/10\/1ec2a12723aafca982d5b879ea870cbd.jpg 1900w, https:\/\/ppdegalicia.com\/wp-content\/uploads\/2022\/10\/1ec2a12723aafca982d5b879ea870cbd-300x200.jpg 300w, https:\/\/ppdegalicia.com\/wp-content\/uploads\/2022\/10\/1ec2a12723aafca982d5b879ea870cbd-1024x683.jpg 1024w, https:\/\/ppdegalicia.com\/wp-content\/uploads\/2022\/10\/1ec2a12723aafca982d5b879ea870cbd-768x512.jpg 768w, https:\/\/ppdegalicia.com\/wp-content\/uploads\/2022\/10\/1ec2a12723aafca982d5b879ea870cbd-1536x1024.jpg 1536w\" sizes=\"(max-width: 1900px) 100vw, 1900px\" \/><\/p>\n<p>Santiago, 10 de outubro de 2022.-\u00a0 O portavoz do Grupo Popular, Pedro Puy, insistiu hoxe no Parlamento galego que \u00e9 \u201curxente aportar \u00e1 flota pesqueira que utiliza artes de fondo seguridade xur\u00eddica e garant\u00edas en relaci\u00f3n \u00e1s zonas nas que pode realizar a s\u00faa actividade e de que xeito\u201d, polo que considerou \u201cimprescindible que desde o Goberno de Pedro S\u00e1nchez se axilice a elaboraci\u00f3n e presentaci\u00f3n do recurso para frear este veto, solicitando a s\u00faa suspensi\u00f3n temporal e avanzar na v\u00eda da moratoria\u201d.<\/p>\n<p><!--more--><\/p>\n<p>Pedro Puy manifestou que \u201cunha das cuesti\u00f3ns que m\u00e1is preocupan nestes momentos aos deputados do Grupo Popular \u00e9 a entrada en vigor do veto \u00e1 pesca de fondo en 87 \u00e1reas de pesca da Uni\u00f3n Europea\u201d. En concreto, manifestou que \u201cesta decisi\u00f3n deixa ao sector nunha incerteza total, vai provocar a concentraci\u00f3n de buques en determinados caladoiros e choca de fronte coa explotaci\u00f3n sustentable dos recursos que di defender o Executivo comunitario\u201d.<\/p>\n<p><strong>APOIO DESDE TODOS OS NIVEIS<\/strong><\/p>\n<p>Neste sentido, o portavoz popular agradeceu a numerosa presenza e felicitou aos organizadores \u201cpolo \u00e9xito da concentraci\u00f3n celebrada o pasado s\u00e1bado en Ribeira, no que quedou claro que todos os galegos estamos detr\u00e1s do noso sector pesqueiro, amosando o noso apoio para que se presione desde todos os niveis pol\u00edticos e administrativos na busca dunha soluci\u00f3n para o noso sector pesqueiro de arrastre\u201d.<\/p>\n<p>Preguntado sobre as negociaci\u00f3ns e os contactos realizados polo Goberno galego en Bruxelas sobre este problema, lembrou a recente comparecencia da conselleira de Pesca no Parlamento galego na que \u201cdeu conta dunha folla de ruta a seguir, en constante contacto co sector para conseguir a revisi\u00f3n desta normativa europea\u201d. En concreto, a conselleira asistiu a pasada semana a unha reuni\u00f3n da Conferencia das Rexi\u00f3ns Perif\u00e9ricas e Mar\u00edtimas (CRPM), \u00e1 que seguir\u00e1 esta mesma semana unha nova reuni\u00f3n t\u00e9cnica e a vindeira outra pol\u00edtica sobre o veto \u00e1 pesca de arrastre. <\/p>\n<p>Pedro Puy sinalou que \u201cos socialistas galegos deber\u00edan ter aprendido que estar en Bruxelas non garante unha boa xesti\u00f3n deste problema\u201d e lembrou que o seu secretario xeral \u201cestivo co comisario de Pesca unhas horas antes de que se aplicase o veto e sa\u00edu asegurando que lle sacara\u00a0 o compromiso de revisar as restrici\u00f3ns ao arrastre de fondo\u201d, pero aos tres d\u00edas se confirmou esa restrici\u00f3n.<\/p>\n<p>\u201cCando un fala de relaci\u00f3ns coa Comisi\u00f3n Europea non hai que deixarse levar por optimismos\u201d, sinalou o portavoz popular, quen destacou que a conselleira de Pesca \u201cten moita experiencia e co\u00f1ecemento do sector, as\u00ed como un asesoramento completo tanto da asesor\u00eda xur\u00eddica da Xunta como de expertos externos na materia, para seguir a folla de ruta marcada que non leva a titulares que aos poucos d\u00edas desmenten os feitos\u201d.<\/p>\n","protected":false},"excerpt":{"rendered":"<p>Santiago, 10 de outubro de 2022.-\u00a0 O portavoz do Grupo Popular, Pedro Puy, insistiu hoxe no Parlamento galego que \u00e9 \u201curxente aportar \u00e1 flota pesqueira que utiliza artes de fondo seguridade xur\u00eddica e garant\u00edas en relaci\u00f3n \u00e1s zonas nas que pode realizar a s\u00faa actividade e de que xeito\u201d, polo que considerou \u201cimprescindible que desde [&hellip;]<\/p>\n","protected":false},"author":38,"featured_media":57488,"comment_status":"open","ping_status":"open","sticky":false,"template":"","format":"standard","meta":{"_acf_changed":false,"footnotes":""},"categories":[1],"tags":[],"class_list":["post-57489","post","type-post","status-publish","format-standard","has-post-thumbnail","hentry","category-pp-de-galicia"],"acf":[],"yoast_head":"<!-- This site is optimized with the Yoast SEO plugin v27.3 - https:\/\/yoast.com\/product\/yoast-seo-wordpress\/ -->\n<title>Pedro Puy insiste na urxencia de que a pesca de fondo te\u00f1a seguridade xur\u00eddica e garant\u00edas sobre as zonas nas que pode realizar a s\u00faa actividade - PP de Galicia<\/title>\n<meta name=\"robots\" content=\"index, follow, max-snippet:-1, max-image-preview:large, max-video-preview:-1\" \/>\n<link rel=\"canonical\" href=\"https:\/\/ppdegalicia.com\/es\/pedro-puy-insiste-na-urxencia-de-que-a-pesca-de-fondo-tena-seguridade-xuridica-e-garantias-sobre-as-zonas-nas-que-pode-realizar-a-sua-actividade\/\" \/>\n<meta property=\"og:locale\" content=\"es_ES\" \/>\n<meta property=\"og:type\" content=\"article\" \/>\n<meta property=\"og:title\" content=\"Pedro Puy insiste na urxencia de que a pesca de fondo te\u00f1a seguridade xur\u00eddica e garant\u00edas sobre as zonas nas que pode realizar a s\u00faa actividade - PP de Galicia\" \/>\n<meta property=\"og:description\" content=\"Santiago, 10 de outubro de 2022.-\u00a0 O portavoz do Grupo Popular, Pedro Puy, insistiu hoxe no Parlamento galego que \u00e9 \u201curxente aportar \u00e1 flota pesqueira que utiliza artes de fondo seguridade xur\u00eddica e garant\u00edas en relaci\u00f3n \u00e1s zonas nas que pode realizar a s\u00faa actividade e de que xeito\u201d, polo que considerou \u201cimprescindible que desde [&hellip;]\" \/>\n<meta property=\"og:url\" content=\"https:\/\/ppdegalicia.com\/es\/pedro-puy-insiste-na-urxencia-de-que-a-pesca-de-fondo-tena-seguridade-xuridica-e-garantias-sobre-as-zonas-nas-que-pode-realizar-a-sua-actividade\/\" \/>\n<meta property=\"og:site_name\" content=\"PP de Galicia\" \/>\n<meta property=\"article:publisher\" content=\"https:\/\/www.instagram.com\/ppdegalicia\/\" \/>\n<meta property=\"article:published_time\" content=\"2022-10-10T09:43:38+00:00\" \/>\n<meta property=\"og:image\" content=\"https:\/\/ppdegalicia.com\/wp-content\/uploads\/2022\/10\/1ec2a12723aafca982d5b879ea870cbd.jpg\" \/>\n\t<meta property=\"og:image:width\" content=\"1900\" \/>\n\t<meta property=\"og:image:height\" content=\"1267\" \/>\n\t<meta property=\"og:image:type\" content=\"image\/jpeg\" \/>\n<meta name=\"author\" content=\"ppdegaliciaredes\" \/>\n<meta name=\"twitter:card\" content=\"summary_large_image\" \/>\n<meta name=\"twitter:creator\" content=\"@ppdegalicia\" \/>\n<meta name=\"twitter:site\" content=\"@ppdegalicia\" \/>\n<meta name=\"twitter:label1\" content=\"Escrito por\" \/>\n\t<meta name=\"twitter:data1\" content=\"ppdegaliciaredes\" \/>\n\t<meta name=\"twitter:label2\" content=\"Tiempo de lectura\" \/>\n\t<meta name=\"twitter:data2\" content=\"2 minutos\" \/>\n<script type=\"application\/ld+json\" class=\"yoast-schema-graph\">{\"@context\":\"https:\\\/\\\/schema.org\",\"@graph\":[{\"@type\":\"Article\",\"@id\":\"https:\\\/\\\/ppdegalicia.com\\\/es\\\/pedro-puy-insiste-na-urxencia-de-que-a-pesca-de-fondo-tena-seguridade-xuridica-e-garantias-sobre-as-zonas-nas-que-pode-realizar-a-sua-actividade\\\/#article\",\"isPartOf\":{\"@id\":\"https:\\\/\\\/ppdegalicia.com\\\/es\\\/pedro-puy-insiste-na-urxencia-de-que-a-pesca-de-fondo-tena-seguridade-xuridica-e-garantias-sobre-as-zonas-nas-que-pode-realizar-a-sua-actividade\\\/\"},\"author\":{\"name\":\"ppdegaliciaredes\",\"@id\":\"https:\\\/\\\/ppdegalicia.com\\\/es\\\/#\\\/schema\\\/person\\\/5b822c6f59e872ebdd1142f307dbcb59\"},\"headline\":\"Pedro Puy insiste na urxencia de que a pesca de fondo te\u00f1a seguridade xur\u00eddica e garant\u00edas sobre as zonas nas que pode realizar a s\u00faa actividade\",\"datePublished\":\"2022-10-10T09:43:38+00:00\",\"mainEntityOfPage\":{\"@id\":\"https:\\\/\\\/ppdegalicia.com\\\/es\\\/pedro-puy-insiste-na-urxencia-de-que-a-pesca-de-fondo-tena-seguridade-xuridica-e-garantias-sobre-as-zonas-nas-que-pode-realizar-a-sua-actividade\\\/\"},\"wordCount\":512,\"commentCount\":0,\"publisher\":{\"@id\":\"https:\\\/\\\/ppdegalicia.com\\\/es\\\/#organization\"},\"image\":{\"@id\":\"https:\\\/\\\/ppdegalicia.com\\\/es\\\/pedro-puy-insiste-na-urxencia-de-que-a-pesca-de-fondo-tena-seguridade-xuridica-e-garantias-sobre-as-zonas-nas-que-pode-realizar-a-sua-actividade\\\/#primaryimage\"},\"thumbnailUrl\":\"https:\\\/\\\/ppdegalicia.com\\\/wp-content\\\/uploads\\\/2022\\\/10\\\/1ec2a12723aafca982d5b879ea870cbd.jpg\",\"articleSection\":[\"PP de Galicia\"],\"inLanguage\":\"es\",\"potentialAction\":[{\"@type\":\"CommentAction\",\"name\":\"Comment\",\"target\":[\"https:\\\/\\\/ppdegalicia.com\\\/es\\\/pedro-puy-insiste-na-urxencia-de-que-a-pesca-de-fondo-tena-seguridade-xuridica-e-garantias-sobre-as-zonas-nas-que-pode-realizar-a-sua-actividade\\\/#respond\"]}]},{\"@type\":\"WebPage\",\"@id\":\"https:\\\/\\\/ppdegalicia.com\\\/es\\\/pedro-puy-insiste-na-urxencia-de-que-a-pesca-de-fondo-tena-seguridade-xuridica-e-garantias-sobre-as-zonas-nas-que-pode-realizar-a-sua-actividade\\\/\",\"url\":\"https:\\\/\\\/ppdegalicia.com\\\/es\\\/pedro-puy-insiste-na-urxencia-de-que-a-pesca-de-fondo-tena-seguridade-xuridica-e-garantias-sobre-as-zonas-nas-que-pode-realizar-a-sua-actividade\\\/\",\"name\":\"Pedro Puy insiste na urxencia de que a pesca de fondo te\u00f1a seguridade xur\u00eddica e garant\u00edas sobre as zonas nas que pode realizar a s\u00faa actividade - PP de Galicia\",\"isPartOf\":{\"@id\":\"https:\\\/\\\/ppdegalicia.com\\\/es\\\/#website\"},\"primaryImageOfPage\":{\"@id\":\"https:\\\/\\\/ppdegalicia.com\\\/es\\\/pedro-puy-insiste-na-urxencia-de-que-a-pesca-de-fondo-tena-seguridade-xuridica-e-garantias-sobre-as-zonas-nas-que-pode-realizar-a-sua-actividade\\\/#primaryimage\"},\"image\":{\"@id\":\"https:\\\/\\\/ppdegalicia.com\\\/es\\\/pedro-puy-insiste-na-urxencia-de-que-a-pesca-de-fondo-tena-seguridade-xuridica-e-garantias-sobre-as-zonas-nas-que-pode-realizar-a-sua-actividade\\\/#primaryimage\"},\"thumbnailUrl\":\"https:\\\/\\\/ppdegalicia.com\\\/wp-content\\\/uploads\\\/2022\\\/10\\\/1ec2a12723aafca982d5b879ea870cbd.jpg\",\"datePublished\":\"2022-10-10T09:43:38+00:00\",\"breadcrumb\":{\"@id\":\"https:\\\/\\\/ppdegalicia.com\\\/es\\\/pedro-puy-insiste-na-urxencia-de-que-a-pesca-de-fondo-tena-seguridade-xuridica-e-garantias-sobre-as-zonas-nas-que-pode-realizar-a-sua-actividade\\\/#breadcrumb\"},\"inLanguage\":\"es\",\"potentialAction\":[{\"@type\":\"ReadAction\",\"target\":[\"https:\\\/\\\/ppdegalicia.com\\\/es\\\/pedro-puy-insiste-na-urxencia-de-que-a-pesca-de-fondo-tena-seguridade-xuridica-e-garantias-sobre-as-zonas-nas-que-pode-realizar-a-sua-actividade\\\/\"]}]},{\"@type\":\"ImageObject\",\"inLanguage\":\"es\",\"@id\":\"https:\\\/\\\/ppdegalicia.com\\\/es\\\/pedro-puy-insiste-na-urxencia-de-que-a-pesca-de-fondo-tena-seguridade-xuridica-e-garantias-sobre-as-zonas-nas-que-pode-realizar-a-sua-actividade\\\/#primaryimage\",\"url\":\"https:\\\/\\\/ppdegalicia.com\\\/wp-content\\\/uploads\\\/2022\\\/10\\\/1ec2a12723aafca982d5b879ea870cbd.jpg\",\"contentUrl\":\"https:\\\/\\\/ppdegalicia.com\\\/wp-content\\\/uploads\\\/2022\\\/10\\\/1ec2a12723aafca982d5b879ea870cbd.jpg\",\"width\":1900,\"height\":1267},{\"@type\":\"BreadcrumbList\",\"@id\":\"https:\\\/\\\/ppdegalicia.com\\\/es\\\/pedro-puy-insiste-na-urxencia-de-que-a-pesca-de-fondo-tena-seguridade-xuridica-e-garantias-sobre-as-zonas-nas-que-pode-realizar-a-sua-actividade\\\/#breadcrumb\",\"itemListElement\":[{\"@type\":\"ListItem\",\"position\":1,\"name\":\"Portada\",\"item\":\"https:\\\/\\\/ppdegalicia.com\\\/es\\\/\"},{\"@type\":\"ListItem\",\"position\":2,\"name\":\"Pedro Puy insiste na urxencia de que a pesca de fondo te\u00f1a seguridade xur\u00eddica e garant\u00edas sobre as zonas nas que pode realizar a s\u00faa actividade\"}]},{\"@type\":\"WebSite\",\"@id\":\"https:\\\/\\\/ppdegalicia.com\\\/es\\\/#website\",\"url\":\"https:\\\/\\\/ppdegalicia.com\\\/es\\\/\",\"name\":\"Partido Popular de Galicia\",\"description\":\"Partido Popular de Galicia\",\"publisher\":{\"@id\":\"https:\\\/\\\/ppdegalicia.com\\\/es\\\/#organization\"},\"alternateName\":\"PP de Galicia\",\"potentialAction\":[{\"@type\":\"SearchAction\",\"target\":{\"@type\":\"EntryPoint\",\"urlTemplate\":\"https:\\\/\\\/ppdegalicia.com\\\/es\\\/?s={search_term_string}\"},\"query-input\":{\"@type\":\"PropertyValueSpecification\",\"valueRequired\":true,\"valueName\":\"search_term_string\"}}],\"inLanguage\":\"es\"},{\"@type\":\"Organization\",\"@id\":\"https:\\\/\\\/ppdegalicia.com\\\/es\\\/#organization\",\"name\":\"Partido Popular de Galicia\",\"alternateName\":\"PP de Galicia\",\"url\":\"https:\\\/\\\/ppdegalicia.com\\\/es\\\/\",\"logo\":{\"@type\":\"ImageObject\",\"inLanguage\":\"es\",\"@id\":\"https:\\\/\\\/ppdegalicia.com\\\/es\\\/#\\\/schema\\\/logo\\\/image\\\/\",\"url\":\"https:\\\/\\\/ppdegalicia.com\\\/wp-content\\\/uploads\\\/2023\\\/04\\\/logoPP512.png\",\"contentUrl\":\"https:\\\/\\\/ppdegalicia.com\\\/wp-content\\\/uploads\\\/2023\\\/04\\\/logoPP512.png\",\"width\":512,\"height\":512,\"caption\":\"Partido Popular de Galicia\"},\"image\":{\"@id\":\"https:\\\/\\\/ppdegalicia.com\\\/es\\\/#\\\/schema\\\/logo\\\/image\\\/\"},\"sameAs\":[\"https:\\\/\\\/www.instagram.com\\\/ppdegalicia\\\/\",\"https:\\\/\\\/x.com\\\/ppdegalicia\",\"https:\\\/\\\/www.tiktok.com\\\/@ppdegalicia\",\"https:\\\/\\\/www.youtube.com\\\/user\\\/ppdegalicia\"]},{\"@type\":\"Person\",\"@id\":\"https:\\\/\\\/ppdegalicia.com\\\/es\\\/#\\\/schema\\\/person\\\/5b822c6f59e872ebdd1142f307dbcb59\",\"name\":\"ppdegaliciaredes\",\"image\":{\"@type\":\"ImageObject\",\"inLanguage\":\"es\",\"@id\":\"https:\\\/\\\/secure.gravatar.com\\\/avatar\\\/3c9179cf0256d00c72a48d1f25783c58b6842cd56e85ef3a572881c8e28ccd59?s=96&d=mm&r=g\",\"url\":\"https:\\\/\\\/secure.gravatar.com\\\/avatar\\\/3c9179cf0256d00c72a48d1f25783c58b6842cd56e85ef3a572881c8e28ccd59?s=96&d=mm&r=g\",\"contentUrl\":\"https:\\\/\\\/secure.gravatar.com\\\/avatar\\\/3c9179cf0256d00c72a48d1f25783c58b6842cd56e85ef3a572881c8e28ccd59?s=96&d=mm&r=g\",\"caption\":\"ppdegaliciaredes\"},\"url\":\"https:\\\/\\\/ppdegalicia.com\\\/es\\\/author\\\/ppdegaliciaredes\\\/\"}]}<\/script>\n<!-- \/ Yoast SEO plugin. -->","yoast_head_json":{"title":"Pedro Puy insiste na urxencia de que a pesca de fondo te\u00f1a seguridade xur\u00eddica e garant\u00edas sobre as zonas nas que pode realizar a s\u00faa actividade - PP de Galicia","robots":{"index":"index","follow":"follow","max-snippet":"max-snippet:-1","max-image-preview":"max-image-preview:large","max-video-preview":"max-video-preview:-1"},"canonical":"https:\/\/ppdegalicia.com\/es\/pedro-puy-insiste-na-urxencia-de-que-a-pesca-de-fondo-tena-seguridade-xuridica-e-garantias-sobre-as-zonas-nas-que-pode-realizar-a-sua-actividade\/","og_locale":"es_ES","og_type":"article","og_title":"Pedro Puy insiste na urxencia de que a pesca de fondo te\u00f1a seguridade xur\u00eddica e garant\u00edas sobre as zonas nas que pode realizar a s\u00faa actividade - PP de Galicia","og_description":"Santiago, 10 de outubro de 2022.-\u00a0 O portavoz do Grupo Popular, Pedro Puy, insistiu hoxe no Parlamento galego que \u00e9 \u201curxente aportar \u00e1 flota pesqueira que utiliza artes de fondo seguridade xur\u00eddica e garant\u00edas en relaci\u00f3n \u00e1s zonas nas que pode realizar a s\u00faa actividade e de que xeito\u201d, polo que considerou \u201cimprescindible que desde [&hellip;]","og_url":"https:\/\/ppdegalicia.com\/es\/pedro-puy-insiste-na-urxencia-de-que-a-pesca-de-fondo-tena-seguridade-xuridica-e-garantias-sobre-as-zonas-nas-que-pode-realizar-a-sua-actividade\/","og_site_name":"PP de Galicia","article_publisher":"https:\/\/www.instagram.com\/ppdegalicia\/","article_published_time":"2022-10-10T09:43:38+00:00","og_image":[{"width":1900,"height":1267,"url":"https:\/\/ppdegalicia.com\/wp-content\/uploads\/2022\/10\/1ec2a12723aafca982d5b879ea870cbd.jpg","type":"image\/jpeg"}],"author":"ppdegaliciaredes","twitter_card":"summary_large_image","twitter_creator":"@ppdegalicia","twitter_site":"@ppdegalicia","twitter_misc":{"Escrito por":"ppdegaliciaredes","Tiempo de lectura":"2 minutos"},"schema":{"@context":"https:\/\/schema.org","@graph":[{"@type":"Article","@id":"https:\/\/ppdegalicia.com\/es\/pedro-puy-insiste-na-urxencia-de-que-a-pesca-de-fondo-tena-seguridade-xuridica-e-garantias-sobre-as-zonas-nas-que-pode-realizar-a-sua-actividade\/#article","isPartOf":{"@id":"https:\/\/ppdegalicia.com\/es\/pedro-puy-insiste-na-urxencia-de-que-a-pesca-de-fondo-tena-seguridade-xuridica-e-garantias-sobre-as-zonas-nas-que-pode-realizar-a-sua-actividade\/"},"author":{"name":"ppdegaliciaredes","@id":"https:\/\/ppdegalicia.com\/es\/#\/schema\/person\/5b822c6f59e872ebdd1142f307dbcb59"},"headline":"Pedro Puy insiste na urxencia de que a pesca de fondo te\u00f1a seguridade xur\u00eddica e garant\u00edas sobre as zonas nas que pode realizar a s\u00faa actividade","datePublished":"2022-10-10T09:43:38+00:00","mainEntityOfPage":{"@id":"https:\/\/ppdegalicia.com\/es\/pedro-puy-insiste-na-urxencia-de-que-a-pesca-de-fondo-tena-seguridade-xuridica-e-garantias-sobre-as-zonas-nas-que-pode-realizar-a-sua-actividade\/"},"wordCount":512,"commentCount":0,"publisher":{"@id":"https:\/\/ppdegalicia.com\/es\/#organization"},"image":{"@id":"https:\/\/ppdegalicia.com\/es\/pedro-puy-insiste-na-urxencia-de-que-a-pesca-de-fondo-tena-seguridade-xuridica-e-garantias-sobre-as-zonas-nas-que-pode-realizar-a-sua-actividade\/#primaryimage"},"thumbnailUrl":"https:\/\/ppdegalicia.com\/wp-content\/uploads\/2022\/10\/1ec2a12723aafca982d5b879ea870cbd.jpg","articleSection":["PP de Galicia"],"inLanguage":"es","potentialAction":[{"@type":"CommentAction","name":"Comment","target":["https:\/\/ppdegalicia.com\/es\/pedro-puy-insiste-na-urxencia-de-que-a-pesca-de-fondo-tena-seguridade-xuridica-e-garantias-sobre-as-zonas-nas-que-pode-realizar-a-sua-actividade\/#respond"]}]},{"@type":"WebPage","@id":"https:\/\/ppdegalicia.com\/es\/pedro-puy-insiste-na-urxencia-de-que-a-pesca-de-fondo-tena-seguridade-xuridica-e-garantias-sobre-as-zonas-nas-que-pode-realizar-a-sua-actividade\/","url":"https:\/\/ppdegalicia.com\/es\/pedro-puy-insiste-na-urxencia-de-que-a-pesca-de-fondo-tena-seguridade-xuridica-e-garantias-sobre-as-zonas-nas-que-pode-realizar-a-sua-actividade\/","name":"Pedro Puy insiste na urxencia de que a pesca de fondo te\u00f1a seguridade xur\u00eddica e garant\u00edas sobre as zonas nas que pode realizar a s\u00faa actividade - PP de Galicia","isPartOf":{"@id":"https:\/\/ppdegalicia.com\/es\/#website"},"primaryImageOfPage":{"@id":"https:\/\/ppdegalicia.com\/es\/pedro-puy-insiste-na-urxencia-de-que-a-pesca-de-fondo-tena-seguridade-xuridica-e-garantias-sobre-as-zonas-nas-que-pode-realizar-a-sua-actividade\/#primaryimage"},"image":{"@id":"https:\/\/ppdegalicia.com\/es\/pedro-puy-insiste-na-urxencia-de-que-a-pesca-de-fondo-tena-seguridade-xuridica-e-garantias-sobre-as-zonas-nas-que-pode-realizar-a-sua-actividade\/#primaryimage"},"thumbnailUrl":"https:\/\/ppdegalicia.com\/wp-content\/uploads\/2022\/10\/1ec2a12723aafca982d5b879ea870cbd.jpg","datePublished":"2022-10-10T09:43:38+00:00","breadcrumb":{"@id":"https:\/\/ppdegalicia.com\/es\/pedro-puy-insiste-na-urxencia-de-que-a-pesca-de-fondo-tena-seguridade-xuridica-e-garantias-sobre-as-zonas-nas-que-pode-realizar-a-sua-actividade\/#breadcrumb"},"inLanguage":"es","potentialAction":[{"@type":"ReadAction","target":["https:\/\/ppdegalicia.com\/es\/pedro-puy-insiste-na-urxencia-de-que-a-pesca-de-fondo-tena-seguridade-xuridica-e-garantias-sobre-as-zonas-nas-que-pode-realizar-a-sua-actividade\/"]}]},{"@type":"ImageObject","inLanguage":"es","@id":"https:\/\/ppdegalicia.com\/es\/pedro-puy-insiste-na-urxencia-de-que-a-pesca-de-fondo-tena-seguridade-xuridica-e-garantias-sobre-as-zonas-nas-que-pode-realizar-a-sua-actividade\/#primaryimage","url":"https:\/\/ppdegalicia.com\/wp-content\/uploads\/2022\/10\/1ec2a12723aafca982d5b879ea870cbd.jpg","contentUrl":"https:\/\/ppdegalicia.com\/wp-content\/uploads\/2022\/10\/1ec2a12723aafca982d5b879ea870cbd.jpg","width":1900,"height":1267},{"@type":"BreadcrumbList","@id":"https:\/\/ppdegalicia.com\/es\/pedro-puy-insiste-na-urxencia-de-que-a-pesca-de-fondo-tena-seguridade-xuridica-e-garantias-sobre-as-zonas-nas-que-pode-realizar-a-sua-actividade\/#breadcrumb","itemListElement":[{"@type":"ListItem","position":1,"name":"Portada","item":"https:\/\/ppdegalicia.com\/es\/"},{"@type":"ListItem","position":2,"name":"Pedro Puy insiste na urxencia de que a pesca de fondo te\u00f1a seguridade xur\u00eddica e garant\u00edas sobre as zonas nas que pode realizar a s\u00faa actividade"}]},{"@type":"WebSite","@id":"https:\/\/ppdegalicia.com\/es\/#website","url":"https:\/\/ppdegalicia.com\/es\/","name":"Partido Popular de Galicia","description":"Partido Popular de Galicia","publisher":{"@id":"https:\/\/ppdegalicia.com\/es\/#organization"},"alternateName":"PP de Galicia","potentialAction":[{"@type":"SearchAction","target":{"@type":"EntryPoint","urlTemplate":"https:\/\/ppdegalicia.com\/es\/?s={search_term_string}"},"query-input":{"@type":"PropertyValueSpecification","valueRequired":true,"valueName":"search_term_string"}}],"inLanguage":"es"},{"@type":"Organization","@id":"https:\/\/ppdegalicia.com\/es\/#organization","name":"Partido Popular de Galicia","alternateName":"PP de Galicia","url":"https:\/\/ppdegalicia.com\/es\/","logo":{"@type":"ImageObject","inLanguage":"es","@id":"https:\/\/ppdegalicia.com\/es\/#\/schema\/logo\/image\/","url":"https:\/\/ppdegalicia.com\/wp-content\/uploads\/2023\/04\/logoPP512.png","contentUrl":"https:\/\/ppdegalicia.com\/wp-content\/uploads\/2023\/04\/logoPP512.png","width":512,"height":512,"caption":"Partido Popular de Galicia"},"image":{"@id":"https:\/\/ppdegalicia.com\/es\/#\/schema\/logo\/image\/"},"sameAs":["https:\/\/www.instagram.com\/ppdegalicia\/","https:\/\/x.com\/ppdegalicia","https:\/\/www.tiktok.com\/@ppdegalicia","https:\/\/www.youtube.com\/user\/ppdegalicia"]},{"@type":"Person","@id":"https:\/\/ppdegalicia.com\/es\/#\/schema\/person\/5b822c6f59e872ebdd1142f307dbcb59","name":"ppdegaliciaredes","image":{"@type":"ImageObject","inLanguage":"es","@id":"https:\/\/secure.gravatar.com\/avatar\/3c9179cf0256d00c72a48d1f25783c58b6842cd56e85ef3a572881c8e28ccd59?s=96&d=mm&r=g","url":"https:\/\/secure.gravatar.com\/avatar\/3c9179cf0256d00c72a48d1f25783c58b6842cd56e85ef3a572881c8e28ccd59?s=96&d=mm&r=g","contentUrl":"https:\/\/secure.gravatar.com\/avatar\/3c9179cf0256d00c72a48d1f25783c58b6842cd56e85ef3a572881c8e28ccd59?s=96&d=mm&r=g","caption":"ppdegaliciaredes"},"url":"https:\/\/ppdegalicia.com\/es\/author\/ppdegaliciaredes\/"}]}},"_links":{"self":[{"href":"https:\/\/ppdegalicia.com\/es\/wp-json\/wp\/v2\/posts\/57489","targetHints":{"allow":["GET"]}}],"collection":[{"href":"https:\/\/ppdegalicia.com\/es\/wp-json\/wp\/v2\/posts"}],"about":[{"href":"https:\/\/ppdegalicia.com\/es\/wp-json\/wp\/v2\/types\/post"}],"author":[{"embeddable":true,"href":"https:\/\/ppdegalicia.com\/es\/wp-json\/wp\/v2\/users\/38"}],"replies":[{"embeddable":true,"href":"https:\/\/ppdegalicia.com\/es\/wp-json\/wp\/v2\/comments?post=57489"}],"version-history":[{"count":0,"href":"https:\/\/ppdegalicia.com\/es\/wp-json\/wp\/v2\/posts\/57489\/revisions"}],"wp:featuredmedia":[{"embeddable":true,"href":"https:\/\/ppdegalicia.com\/es\/wp-json\/wp\/v2\/media\/57488"}],"wp:attachment":[{"href":"https:\/\/ppdegalicia.com\/es\/wp-json\/wp\/v2\/media?parent=57489"}],"wp:term":[{"taxonomy":"category","embeddable":true,"href":"https:\/\/ppdegalicia.com\/es\/wp-json\/wp\/v2\/categories?post=57489"},{"taxonomy":"post_tag","embeddable":true,"href":"https:\/\/ppdegalicia.com\/es\/wp-json\/wp\/v2\/tags?post=57489"}],"curies":[{"name":"wp","href":"https:\/\/api.w.org\/{rel}","templated":true}]}}