{"id":57503,"date":"2022-10-13T11:20:05","date_gmt":"2022-10-13T09:20:05","guid":{"rendered":"https:\/\/ppdegalicia.com\/os-deputados-galegos-defenden-as-prioridades-da-eurorrexion-galicia-norte-de-portugal\/"},"modified":"2022-10-13T11:20:05","modified_gmt":"2022-10-13T09:20:05","slug":"os-deputados-galegos-defenden-as-prioridades-da-eurorrexion-galicia-norte-de-portugal","status":"publish","type":"post","link":"https:\/\/ppdegalicia.com\/es\/os-deputados-galegos-defenden-as-prioridades-da-eurorrexion-galicia-norte-de-portugal\/","title":{"rendered":"Os deputados galegos defenden as prioridades da Eurorrexi\u00f3n Galicia-Norte de Portugal"},"content":{"rendered":"<p><img fetchpriority=\"high\" decoding=\"async\" class=\" size-full wp-image-57502\" src=\"https:\/\/ppdegalicia.com\/wp-content\/uploads\/2022\/10\/0cb9e51bb71f8ae1f180c716d68fe8be.jpg\" alt=\"\" width=\"639\" height=\"480\" srcset=\"https:\/\/ppdegalicia.com\/wp-content\/uploads\/2022\/10\/0cb9e51bb71f8ae1f180c716d68fe8be.jpg 639w, https:\/\/ppdegalicia.com\/wp-content\/uploads\/2022\/10\/0cb9e51bb71f8ae1f180c716d68fe8be-300x225.jpg 300w\" sizes=\"(max-width: 639px) 100vw, 639px\" \/><\/p>\n<p style=\"text-align: justify;\">Os deputados galegos Ana Pastor, Celso Delgado e Juan Constenla participaron no X Foro Parlamentario Hispano-Portugu\u00e9s, celebrado na cidade lusa de Braga, para defender as prioridades da Eurorrexi\u00f3n Galicia-Norte de Portugal no contexto das relaci\u00f3ns bilaterais.<\/p>\n<p><!--more--><\/p>\n<p style=\"text-align: justify;\">\u00a0<\/p>\n<p style=\"text-align: justify;\">Os parlamentarios, que formaban parte dunha delegaci\u00f3n de deputados do Congreso de Espa\u00f1a e da Asemblea da Rep\u00fablica de Portugal, destacaron a importancia dos fondos europeos, especialmente os Next Generation, que constit\u00faen \u201cunha oportunidade \u00fanica\u201d para impulsar as infraestruturas de comunicaci\u00f3n de Galicia e o Norte de Portugal. Igualmente, tam\u00e9n se referiron \u00e1 aprobaci\u00f3n do Interreg Espa\u00f1a-Portugal (POCTEP 2021-2027), que \u00e9 o principal programa de cooperaci\u00f3n transfronteiriza da Uni\u00f3n Europea e que \u201cdebe ter un notable impacto na nosa Eurorrexi\u00f3n\u201d.<\/p>\n<p style=\"text-align: justify;\">\u00a0<\/p>\n<p style=\"text-align: justify;\">En materia de infraestruturas ferroviarias, cualificaron a conexi\u00f3n en alta velocidade entre Vigo, Porto e Lisboa como \u201cunha actuaci\u00f3n prioritaria\u201d e reclamaron un compromiso expl\u00edcito do Goberno de Espa\u00f1a para o desenvolvemento da li\u00f1a do AVE no tramo entre Vigo e a fronteira portuguesa, inclu\u00edndo a \u201ctan necesaria\u201d obra da Sa\u00edda Sur de Vigo.<\/p>\n<p style=\"text-align: justify;\">\u00a0<\/p>\n<p style=\"text-align: justify;\">Ademais, pediron garantir que o actual tren Celta Porto-Vigo opere \u201cen boas condici\u00f3ns de rendemento e frecuencias\u201d, e resaltaron a necesidade de avanzar no desenvolvemento das obras de modernizaci\u00f3n e electrificaci\u00f3n vinculado \u00e1 fronteira e na parte espa\u00f1ola do tramo Tui-Guillarei.<\/p>\n<p style=\"text-align: justify;\">\u00a0<\/p>\n<p style=\"text-align: justify;\">En canto \u00e1s infraestruturas viarias, solicitaron \u201capoio e impulso\u201d \u00e1 conexi\u00f3n transfronteiriza internacional por estrada entre o Noroeste portugu\u00e9s e Galicia \u2014concretamente por Macedo de Cavaleiros, pasando por Vinhais ata chegar \u00e1 Gudi\u00f1a\u2014 para potenciar a estaci\u00f3n de alta velocidade Porta de Galicia, o acondicionamento e mellora da estrada OU-540 entre Celanova e a fronteira portuguesa, e a ampliaci\u00f3n da plataforma para a construci\u00f3n dunha ciclov\u00eda da Ponte Internacional na Eurocidade de Salvaterra-Mon\u00e7\u00e3o.<\/p>\n<p style=\"text-align: justify;\">\u00a0<\/p>\n<p style=\"text-align: justify;\">Os deputados galegos tam\u00e9n insistiron en \u201cdivulgar as manifestaci\u00f3ns culturais e creativas como matriz dunha identidade com\u00fan e de promoci\u00f3n tur\u00edstica da Eurorrexi\u00f3n\u201d, salientando a promoci\u00f3n tur\u00edstica do Xacobeo e, en particular, do Cami\u00f1o Portugu\u00e9s, \u201cque a d\u00eda de hoxe \u00e9 o segundo m\u00e1is transitado, o que est\u00e1 a experimentar un maior incremento no n\u00famero de peregrinos e polo que se tramita a s\u00faa inclusi\u00f3n na lista de Patrimonio Inmaterial da Humanidade da UNESCO\u201d.<\/p>\n<p style=\"text-align: justify;\">\u00a0<\/p>\n<p style=\"text-align: justify;\">Por outra banda, puxeron en valor a importancia de impulsar a elaboraci\u00f3n do Estatuto do Traballador Transfronteirizo entre Espa\u00f1a e Portugal, fixado como \u00abmedida prioritaria\u00bb no \u00faltimo Cume en Trujillo no 2021, e enmarcada na Estratexia Com\u00fan de Desenvolvemento Transfronteirizo: \u201cTr\u00e1tase dun proxecto que non pode ser reducido a unha gu\u00eda pr\u00e1ctica informativa e que ten como finalidade principal mellorar as condici\u00f3ns de traballo e a mobilidade dos traballadores transfronteirizos para aumentar as s\u00faas oportunidades de acceso a postos de calidade e dar cobertura \u00e1s ofertas das empresas da Eurorrexi\u00f3n\u201d.\u00a0<\/p>\n<p style=\"text-align: justify;\">\u00a0<\/p>\n<p style=\"text-align: justify;\">As\u00ed mesmo, precisaron que hai que reforzar a cooperaci\u00f3n de proximidade \u2014especialmente nas zonas con maior densidade poboacional como \u00e9 o caso da conca do Mi\u00f1o\u2014 apoiando os servizos colectivos de proximidade, compartindo recursos e favorecendo a utilizaci\u00f3n conxunta de equipamentos \u2014\u00e1reas de educaci\u00f3n, sa\u00fade, servizos sociais, protecci\u00f3n civil, cultura ou deporte\u2014, evitando duplicidades innecesarias e eliminando os custos de contexto transfronteirizo, \u201cque lastran de forma moi negativa a econom\u00eda da Eurorrexi\u00f3n\u201d.<\/p>\n<p style=\"text-align: justify;\">\u00a0<\/p>\n<p style=\"text-align: justify;\">Finalmente, expresaron no Foro o rexeitamento \u00e1 decisi\u00f3n da Comisi\u00f3n Europea de vetar a pesca de fondo en 87 \u00e1reas do Atl\u00e1ntico, que xera enormes problemas \u00e1 frota espa\u00f1ola, singularmente \u00e1 galega e \u00e1 portuguesa.<\/p>\n","protected":false},"excerpt":{"rendered":"<p>Os deputados galegos Ana Pastor, Celso Delgado e Juan Constenla participaron no X Foro Parlamentario Hispano-Portugu\u00e9s, celebrado na cidade lusa de Braga, para defender as prioridades da Eurorrexi\u00f3n Galicia-Norte de Portugal no contexto das relaci\u00f3ns bilaterais.<\/p>\n","protected":false},"author":38,"featured_media":57502,"comment_status":"open","ping_status":"open","sticky":false,"template":"","format":"standard","meta":{"_acf_changed":false,"footnotes":""},"categories":[1],"tags":[],"class_list":["post-57503","post","type-post","status-publish","format-standard","has-post-thumbnail","hentry","category-pp-de-galicia"],"acf":[],"yoast_head":"<!-- This site is optimized with the Yoast SEO plugin v27.3 - https:\/\/yoast.com\/product\/yoast-seo-wordpress\/ -->\n<title>Os deputados galegos defenden as prioridades da Eurorrexi\u00f3n Galicia-Norte de Portugal - PP de Galicia<\/title>\n<meta name=\"robots\" content=\"index, follow, max-snippet:-1, max-image-preview:large, max-video-preview:-1\" \/>\n<link rel=\"canonical\" href=\"https:\/\/ppdegalicia.com\/es\/os-deputados-galegos-defenden-as-prioridades-da-eurorrexion-galicia-norte-de-portugal\/\" \/>\n<meta property=\"og:locale\" content=\"es_ES\" \/>\n<meta property=\"og:type\" content=\"article\" \/>\n<meta property=\"og:title\" content=\"Os deputados galegos defenden as prioridades da Eurorrexi\u00f3n Galicia-Norte de Portugal - PP de Galicia\" \/>\n<meta property=\"og:description\" content=\"Os deputados galegos Ana Pastor, Celso Delgado e Juan Constenla participaron no X Foro Parlamentario Hispano-Portugu\u00e9s, celebrado na cidade lusa de Braga, para defender as prioridades da Eurorrexi\u00f3n Galicia-Norte de Portugal no contexto das relaci\u00f3ns bilaterais.\" \/>\n<meta property=\"og:url\" content=\"https:\/\/ppdegalicia.com\/es\/os-deputados-galegos-defenden-as-prioridades-da-eurorrexion-galicia-norte-de-portugal\/\" \/>\n<meta property=\"og:site_name\" content=\"PP de Galicia\" \/>\n<meta property=\"article:publisher\" content=\"https:\/\/www.instagram.com\/ppdegalicia\/\" \/>\n<meta property=\"article:published_time\" content=\"2022-10-13T09:20:05+00:00\" \/>\n<meta property=\"og:image\" content=\"https:\/\/ppdegalicia.com\/wp-content\/uploads\/2022\/10\/0cb9e51bb71f8ae1f180c716d68fe8be.jpg\" \/>\n\t<meta property=\"og:image:width\" content=\"639\" \/>\n\t<meta property=\"og:image:height\" content=\"480\" \/>\n\t<meta property=\"og:image:type\" content=\"image\/jpeg\" \/>\n<meta name=\"author\" content=\"ppdegaliciaredes\" \/>\n<meta name=\"twitter:card\" content=\"summary_large_image\" \/>\n<meta name=\"twitter:creator\" content=\"@ppdegalicia\" \/>\n<meta name=\"twitter:site\" content=\"@ppdegalicia\" \/>\n<meta name=\"twitter:label1\" content=\"Escrito por\" \/>\n\t<meta name=\"twitter:data1\" content=\"ppdegaliciaredes\" \/>\n\t<meta name=\"twitter:label2\" content=\"Tiempo de lectura\" \/>\n\t<meta name=\"twitter:data2\" content=\"3 minutos\" \/>\n<script type=\"application\/ld+json\" class=\"yoast-schema-graph\">{\"@context\":\"https:\\\/\\\/schema.org\",\"@graph\":[{\"@type\":\"Article\",\"@id\":\"https:\\\/\\\/ppdegalicia.com\\\/es\\\/os-deputados-galegos-defenden-as-prioridades-da-eurorrexion-galicia-norte-de-portugal\\\/#article\",\"isPartOf\":{\"@id\":\"https:\\\/\\\/ppdegalicia.com\\\/es\\\/os-deputados-galegos-defenden-as-prioridades-da-eurorrexion-galicia-norte-de-portugal\\\/\"},\"author\":{\"name\":\"ppdegaliciaredes\",\"@id\":\"https:\\\/\\\/ppdegalicia.com\\\/es\\\/#\\\/schema\\\/person\\\/5b822c6f59e872ebdd1142f307dbcb59\"},\"headline\":\"Os deputados galegos defenden as prioridades da Eurorrexi\u00f3n Galicia-Norte de Portugal\",\"datePublished\":\"2022-10-13T09:20:05+00:00\",\"mainEntityOfPage\":{\"@id\":\"https:\\\/\\\/ppdegalicia.com\\\/es\\\/os-deputados-galegos-defenden-as-prioridades-da-eurorrexion-galicia-norte-de-portugal\\\/\"},\"wordCount\":623,\"commentCount\":0,\"publisher\":{\"@id\":\"https:\\\/\\\/ppdegalicia.com\\\/es\\\/#organization\"},\"image\":{\"@id\":\"https:\\\/\\\/ppdegalicia.com\\\/es\\\/os-deputados-galegos-defenden-as-prioridades-da-eurorrexion-galicia-norte-de-portugal\\\/#primaryimage\"},\"thumbnailUrl\":\"https:\\\/\\\/ppdegalicia.com\\\/wp-content\\\/uploads\\\/2022\\\/10\\\/0cb9e51bb71f8ae1f180c716d68fe8be.jpg\",\"articleSection\":[\"PP de Galicia\"],\"inLanguage\":\"es\",\"potentialAction\":[{\"@type\":\"CommentAction\",\"name\":\"Comment\",\"target\":[\"https:\\\/\\\/ppdegalicia.com\\\/es\\\/os-deputados-galegos-defenden-as-prioridades-da-eurorrexion-galicia-norte-de-portugal\\\/#respond\"]}]},{\"@type\":\"WebPage\",\"@id\":\"https:\\\/\\\/ppdegalicia.com\\\/es\\\/os-deputados-galegos-defenden-as-prioridades-da-eurorrexion-galicia-norte-de-portugal\\\/\",\"url\":\"https:\\\/\\\/ppdegalicia.com\\\/es\\\/os-deputados-galegos-defenden-as-prioridades-da-eurorrexion-galicia-norte-de-portugal\\\/\",\"name\":\"Os deputados galegos defenden as prioridades da Eurorrexi\u00f3n Galicia-Norte de Portugal - PP de Galicia\",\"isPartOf\":{\"@id\":\"https:\\\/\\\/ppdegalicia.com\\\/es\\\/#website\"},\"primaryImageOfPage\":{\"@id\":\"https:\\\/\\\/ppdegalicia.com\\\/es\\\/os-deputados-galegos-defenden-as-prioridades-da-eurorrexion-galicia-norte-de-portugal\\\/#primaryimage\"},\"image\":{\"@id\":\"https:\\\/\\\/ppdegalicia.com\\\/es\\\/os-deputados-galegos-defenden-as-prioridades-da-eurorrexion-galicia-norte-de-portugal\\\/#primaryimage\"},\"thumbnailUrl\":\"https:\\\/\\\/ppdegalicia.com\\\/wp-content\\\/uploads\\\/2022\\\/10\\\/0cb9e51bb71f8ae1f180c716d68fe8be.jpg\",\"datePublished\":\"2022-10-13T09:20:05+00:00\",\"breadcrumb\":{\"@id\":\"https:\\\/\\\/ppdegalicia.com\\\/es\\\/os-deputados-galegos-defenden-as-prioridades-da-eurorrexion-galicia-norte-de-portugal\\\/#breadcrumb\"},\"inLanguage\":\"es\",\"potentialAction\":[{\"@type\":\"ReadAction\",\"target\":[\"https:\\\/\\\/ppdegalicia.com\\\/es\\\/os-deputados-galegos-defenden-as-prioridades-da-eurorrexion-galicia-norte-de-portugal\\\/\"]}]},{\"@type\":\"ImageObject\",\"inLanguage\":\"es\",\"@id\":\"https:\\\/\\\/ppdegalicia.com\\\/es\\\/os-deputados-galegos-defenden-as-prioridades-da-eurorrexion-galicia-norte-de-portugal\\\/#primaryimage\",\"url\":\"https:\\\/\\\/ppdegalicia.com\\\/wp-content\\\/uploads\\\/2022\\\/10\\\/0cb9e51bb71f8ae1f180c716d68fe8be.jpg\",\"contentUrl\":\"https:\\\/\\\/ppdegalicia.com\\\/wp-content\\\/uploads\\\/2022\\\/10\\\/0cb9e51bb71f8ae1f180c716d68fe8be.jpg\",\"width\":639,\"height\":480},{\"@type\":\"BreadcrumbList\",\"@id\":\"https:\\\/\\\/ppdegalicia.com\\\/es\\\/os-deputados-galegos-defenden-as-prioridades-da-eurorrexion-galicia-norte-de-portugal\\\/#breadcrumb\",\"itemListElement\":[{\"@type\":\"ListItem\",\"position\":1,\"name\":\"Portada\",\"item\":\"https:\\\/\\\/ppdegalicia.com\\\/es\\\/\"},{\"@type\":\"ListItem\",\"position\":2,\"name\":\"Os deputados galegos defenden as prioridades da Eurorrexi\u00f3n Galicia-Norte de Portugal\"}]},{\"@type\":\"WebSite\",\"@id\":\"https:\\\/\\\/ppdegalicia.com\\\/es\\\/#website\",\"url\":\"https:\\\/\\\/ppdegalicia.com\\\/es\\\/\",\"name\":\"Partido Popular de Galicia\",\"description\":\"Partido Popular de Galicia\",\"publisher\":{\"@id\":\"https:\\\/\\\/ppdegalicia.com\\\/es\\\/#organization\"},\"alternateName\":\"PP de Galicia\",\"potentialAction\":[{\"@type\":\"SearchAction\",\"target\":{\"@type\":\"EntryPoint\",\"urlTemplate\":\"https:\\\/\\\/ppdegalicia.com\\\/es\\\/?s={search_term_string}\"},\"query-input\":{\"@type\":\"PropertyValueSpecification\",\"valueRequired\":true,\"valueName\":\"search_term_string\"}}],\"inLanguage\":\"es\"},{\"@type\":\"Organization\",\"@id\":\"https:\\\/\\\/ppdegalicia.com\\\/es\\\/#organization\",\"name\":\"Partido Popular de Galicia\",\"alternateName\":\"PP de Galicia\",\"url\":\"https:\\\/\\\/ppdegalicia.com\\\/es\\\/\",\"logo\":{\"@type\":\"ImageObject\",\"inLanguage\":\"es\",\"@id\":\"https:\\\/\\\/ppdegalicia.com\\\/es\\\/#\\\/schema\\\/logo\\\/image\\\/\",\"url\":\"https:\\\/\\\/ppdegalicia.com\\\/wp-content\\\/uploads\\\/2023\\\/04\\\/logoPP512.png\",\"contentUrl\":\"https:\\\/\\\/ppdegalicia.com\\\/wp-content\\\/uploads\\\/2023\\\/04\\\/logoPP512.png\",\"width\":512,\"height\":512,\"caption\":\"Partido Popular de Galicia\"},\"image\":{\"@id\":\"https:\\\/\\\/ppdegalicia.com\\\/es\\\/#\\\/schema\\\/logo\\\/image\\\/\"},\"sameAs\":[\"https:\\\/\\\/www.instagram.com\\\/ppdegalicia\\\/\",\"https:\\\/\\\/x.com\\\/ppdegalicia\",\"https:\\\/\\\/www.tiktok.com\\\/@ppdegalicia\",\"https:\\\/\\\/www.youtube.com\\\/user\\\/ppdegalicia\"]},{\"@type\":\"Person\",\"@id\":\"https:\\\/\\\/ppdegalicia.com\\\/es\\\/#\\\/schema\\\/person\\\/5b822c6f59e872ebdd1142f307dbcb59\",\"name\":\"ppdegaliciaredes\",\"image\":{\"@type\":\"ImageObject\",\"inLanguage\":\"es\",\"@id\":\"https:\\\/\\\/secure.gravatar.com\\\/avatar\\\/3c9179cf0256d00c72a48d1f25783c58b6842cd56e85ef3a572881c8e28ccd59?s=96&d=mm&r=g\",\"url\":\"https:\\\/\\\/secure.gravatar.com\\\/avatar\\\/3c9179cf0256d00c72a48d1f25783c58b6842cd56e85ef3a572881c8e28ccd59?s=96&d=mm&r=g\",\"contentUrl\":\"https:\\\/\\\/secure.gravatar.com\\\/avatar\\\/3c9179cf0256d00c72a48d1f25783c58b6842cd56e85ef3a572881c8e28ccd59?s=96&d=mm&r=g\",\"caption\":\"ppdegaliciaredes\"},\"url\":\"https:\\\/\\\/ppdegalicia.com\\\/es\\\/author\\\/ppdegaliciaredes\\\/\"}]}<\/script>\n<!-- \/ Yoast SEO plugin. -->","yoast_head_json":{"title":"Os deputados galegos defenden as prioridades da Eurorrexi\u00f3n Galicia-Norte de Portugal - PP de Galicia","robots":{"index":"index","follow":"follow","max-snippet":"max-snippet:-1","max-image-preview":"max-image-preview:large","max-video-preview":"max-video-preview:-1"},"canonical":"https:\/\/ppdegalicia.com\/es\/os-deputados-galegos-defenden-as-prioridades-da-eurorrexion-galicia-norte-de-portugal\/","og_locale":"es_ES","og_type":"article","og_title":"Os deputados galegos defenden as prioridades da Eurorrexi\u00f3n Galicia-Norte de Portugal - PP de Galicia","og_description":"Os deputados galegos Ana Pastor, Celso Delgado e Juan Constenla participaron no X Foro Parlamentario Hispano-Portugu\u00e9s, celebrado na cidade lusa de Braga, para defender as prioridades da Eurorrexi\u00f3n Galicia-Norte de Portugal no contexto das relaci\u00f3ns bilaterais.","og_url":"https:\/\/ppdegalicia.com\/es\/os-deputados-galegos-defenden-as-prioridades-da-eurorrexion-galicia-norte-de-portugal\/","og_site_name":"PP de Galicia","article_publisher":"https:\/\/www.instagram.com\/ppdegalicia\/","article_published_time":"2022-10-13T09:20:05+00:00","og_image":[{"width":639,"height":480,"url":"https:\/\/ppdegalicia.com\/wp-content\/uploads\/2022\/10\/0cb9e51bb71f8ae1f180c716d68fe8be.jpg","type":"image\/jpeg"}],"author":"ppdegaliciaredes","twitter_card":"summary_large_image","twitter_creator":"@ppdegalicia","twitter_site":"@ppdegalicia","twitter_misc":{"Escrito por":"ppdegaliciaredes","Tiempo de lectura":"3 minutos"},"schema":{"@context":"https:\/\/schema.org","@graph":[{"@type":"Article","@id":"https:\/\/ppdegalicia.com\/es\/os-deputados-galegos-defenden-as-prioridades-da-eurorrexion-galicia-norte-de-portugal\/#article","isPartOf":{"@id":"https:\/\/ppdegalicia.com\/es\/os-deputados-galegos-defenden-as-prioridades-da-eurorrexion-galicia-norte-de-portugal\/"},"author":{"name":"ppdegaliciaredes","@id":"https:\/\/ppdegalicia.com\/es\/#\/schema\/person\/5b822c6f59e872ebdd1142f307dbcb59"},"headline":"Os deputados galegos defenden as prioridades da Eurorrexi\u00f3n Galicia-Norte de Portugal","datePublished":"2022-10-13T09:20:05+00:00","mainEntityOfPage":{"@id":"https:\/\/ppdegalicia.com\/es\/os-deputados-galegos-defenden-as-prioridades-da-eurorrexion-galicia-norte-de-portugal\/"},"wordCount":623,"commentCount":0,"publisher":{"@id":"https:\/\/ppdegalicia.com\/es\/#organization"},"image":{"@id":"https:\/\/ppdegalicia.com\/es\/os-deputados-galegos-defenden-as-prioridades-da-eurorrexion-galicia-norte-de-portugal\/#primaryimage"},"thumbnailUrl":"https:\/\/ppdegalicia.com\/wp-content\/uploads\/2022\/10\/0cb9e51bb71f8ae1f180c716d68fe8be.jpg","articleSection":["PP de Galicia"],"inLanguage":"es","potentialAction":[{"@type":"CommentAction","name":"Comment","target":["https:\/\/ppdegalicia.com\/es\/os-deputados-galegos-defenden-as-prioridades-da-eurorrexion-galicia-norte-de-portugal\/#respond"]}]},{"@type":"WebPage","@id":"https:\/\/ppdegalicia.com\/es\/os-deputados-galegos-defenden-as-prioridades-da-eurorrexion-galicia-norte-de-portugal\/","url":"https:\/\/ppdegalicia.com\/es\/os-deputados-galegos-defenden-as-prioridades-da-eurorrexion-galicia-norte-de-portugal\/","name":"Os deputados galegos defenden as prioridades da Eurorrexi\u00f3n Galicia-Norte de Portugal - PP de Galicia","isPartOf":{"@id":"https:\/\/ppdegalicia.com\/es\/#website"},"primaryImageOfPage":{"@id":"https:\/\/ppdegalicia.com\/es\/os-deputados-galegos-defenden-as-prioridades-da-eurorrexion-galicia-norte-de-portugal\/#primaryimage"},"image":{"@id":"https:\/\/ppdegalicia.com\/es\/os-deputados-galegos-defenden-as-prioridades-da-eurorrexion-galicia-norte-de-portugal\/#primaryimage"},"thumbnailUrl":"https:\/\/ppdegalicia.com\/wp-content\/uploads\/2022\/10\/0cb9e51bb71f8ae1f180c716d68fe8be.jpg","datePublished":"2022-10-13T09:20:05+00:00","breadcrumb":{"@id":"https:\/\/ppdegalicia.com\/es\/os-deputados-galegos-defenden-as-prioridades-da-eurorrexion-galicia-norte-de-portugal\/#breadcrumb"},"inLanguage":"es","potentialAction":[{"@type":"ReadAction","target":["https:\/\/ppdegalicia.com\/es\/os-deputados-galegos-defenden-as-prioridades-da-eurorrexion-galicia-norte-de-portugal\/"]}]},{"@type":"ImageObject","inLanguage":"es","@id":"https:\/\/ppdegalicia.com\/es\/os-deputados-galegos-defenden-as-prioridades-da-eurorrexion-galicia-norte-de-portugal\/#primaryimage","url":"https:\/\/ppdegalicia.com\/wp-content\/uploads\/2022\/10\/0cb9e51bb71f8ae1f180c716d68fe8be.jpg","contentUrl":"https:\/\/ppdegalicia.com\/wp-content\/uploads\/2022\/10\/0cb9e51bb71f8ae1f180c716d68fe8be.jpg","width":639,"height":480},{"@type":"BreadcrumbList","@id":"https:\/\/ppdegalicia.com\/es\/os-deputados-galegos-defenden-as-prioridades-da-eurorrexion-galicia-norte-de-portugal\/#breadcrumb","itemListElement":[{"@type":"ListItem","position":1,"name":"Portada","item":"https:\/\/ppdegalicia.com\/es\/"},{"@type":"ListItem","position":2,"name":"Os deputados galegos defenden as prioridades da Eurorrexi\u00f3n Galicia-Norte de Portugal"}]},{"@type":"WebSite","@id":"https:\/\/ppdegalicia.com\/es\/#website","url":"https:\/\/ppdegalicia.com\/es\/","name":"Partido Popular de Galicia","description":"Partido Popular de Galicia","publisher":{"@id":"https:\/\/ppdegalicia.com\/es\/#organization"},"alternateName":"PP de Galicia","potentialAction":[{"@type":"SearchAction","target":{"@type":"EntryPoint","urlTemplate":"https:\/\/ppdegalicia.com\/es\/?s={search_term_string}"},"query-input":{"@type":"PropertyValueSpecification","valueRequired":true,"valueName":"search_term_string"}}],"inLanguage":"es"},{"@type":"Organization","@id":"https:\/\/ppdegalicia.com\/es\/#organization","name":"Partido Popular de Galicia","alternateName":"PP de Galicia","url":"https:\/\/ppdegalicia.com\/es\/","logo":{"@type":"ImageObject","inLanguage":"es","@id":"https:\/\/ppdegalicia.com\/es\/#\/schema\/logo\/image\/","url":"https:\/\/ppdegalicia.com\/wp-content\/uploads\/2023\/04\/logoPP512.png","contentUrl":"https:\/\/ppdegalicia.com\/wp-content\/uploads\/2023\/04\/logoPP512.png","width":512,"height":512,"caption":"Partido Popular de Galicia"},"image":{"@id":"https:\/\/ppdegalicia.com\/es\/#\/schema\/logo\/image\/"},"sameAs":["https:\/\/www.instagram.com\/ppdegalicia\/","https:\/\/x.com\/ppdegalicia","https:\/\/www.tiktok.com\/@ppdegalicia","https:\/\/www.youtube.com\/user\/ppdegalicia"]},{"@type":"Person","@id":"https:\/\/ppdegalicia.com\/es\/#\/schema\/person\/5b822c6f59e872ebdd1142f307dbcb59","name":"ppdegaliciaredes","image":{"@type":"ImageObject","inLanguage":"es","@id":"https:\/\/secure.gravatar.com\/avatar\/3c9179cf0256d00c72a48d1f25783c58b6842cd56e85ef3a572881c8e28ccd59?s=96&d=mm&r=g","url":"https:\/\/secure.gravatar.com\/avatar\/3c9179cf0256d00c72a48d1f25783c58b6842cd56e85ef3a572881c8e28ccd59?s=96&d=mm&r=g","contentUrl":"https:\/\/secure.gravatar.com\/avatar\/3c9179cf0256d00c72a48d1f25783c58b6842cd56e85ef3a572881c8e28ccd59?s=96&d=mm&r=g","caption":"ppdegaliciaredes"},"url":"https:\/\/ppdegalicia.com\/es\/author\/ppdegaliciaredes\/"}]}},"_links":{"self":[{"href":"https:\/\/ppdegalicia.com\/es\/wp-json\/wp\/v2\/posts\/57503","targetHints":{"allow":["GET"]}}],"collection":[{"href":"https:\/\/ppdegalicia.com\/es\/wp-json\/wp\/v2\/posts"}],"about":[{"href":"https:\/\/ppdegalicia.com\/es\/wp-json\/wp\/v2\/types\/post"}],"author":[{"embeddable":true,"href":"https:\/\/ppdegalicia.com\/es\/wp-json\/wp\/v2\/users\/38"}],"replies":[{"embeddable":true,"href":"https:\/\/ppdegalicia.com\/es\/wp-json\/wp\/v2\/comments?post=57503"}],"version-history":[{"count":0,"href":"https:\/\/ppdegalicia.com\/es\/wp-json\/wp\/v2\/posts\/57503\/revisions"}],"wp:featuredmedia":[{"embeddable":true,"href":"https:\/\/ppdegalicia.com\/es\/wp-json\/wp\/v2\/media\/57502"}],"wp:attachment":[{"href":"https:\/\/ppdegalicia.com\/es\/wp-json\/wp\/v2\/media?parent=57503"}],"wp:term":[{"taxonomy":"category","embeddable":true,"href":"https:\/\/ppdegalicia.com\/es\/wp-json\/wp\/v2\/categories?post=57503"},{"taxonomy":"post_tag","embeddable":true,"href":"https:\/\/ppdegalicia.com\/es\/wp-json\/wp\/v2\/tags?post=57503"}],"curies":[{"name":"wp","href":"https:\/\/api.w.org\/{rel}","templated":true}]}}