{"id":57517,"date":"2022-10-18T10:58:13","date_gmt":"2022-10-18T08:58:13","guid":{"rendered":"https:\/\/ppdegalicia.com\/o-ppdeg-salienta-que-a-xunta-rexenerou-mais-de-15-millons-de-metros-cadrados-de-bancos-marisqueiros-e-sementou-mais-de-200-millons-de-unidades-de-ameixa\/"},"modified":"2022-10-18T10:58:13","modified_gmt":"2022-10-18T08:58:13","slug":"o-ppdeg-salienta-que-a-xunta-rexenerou-mais-de-15-millons-de-metros-cadrados-de-bancos-marisqueiros-e-sementou-mais-de-200-millons-de-unidades-de-ameixa","status":"publish","type":"post","link":"https:\/\/ppdegalicia.com\/es\/o-ppdeg-salienta-que-a-xunta-rexenerou-mais-de-15-millons-de-metros-cadrados-de-bancos-marisqueiros-e-sementou-mais-de-200-millons-de-unidades-de-ameixa\/","title":{"rendered":"O PPdeG salienta que a Xunta rexenerou m\u00e1is de 15 mill\u00f3ns de metros cadrados de bancos marisqueiros e sementou m\u00e1is de 200 mill\u00f3ns de unidades de ameixa"},"content":{"rendered":"<p><img fetchpriority=\"high\" decoding=\"async\" class=\" size-full wp-image-57516\" src=\"https:\/\/ppdegalicia.com\/wp-content\/uploads\/2022\/10\/b3aeb625bc1c514a41376861edc862ea.jpg\" alt=\"\" width=\"1900\" height=\"1266\" srcset=\"https:\/\/ppdegalicia.com\/wp-content\/uploads\/2022\/10\/b3aeb625bc1c514a41376861edc862ea.jpg 1900w, https:\/\/ppdegalicia.com\/wp-content\/uploads\/2022\/10\/b3aeb625bc1c514a41376861edc862ea-300x200.jpg 300w, https:\/\/ppdegalicia.com\/wp-content\/uploads\/2022\/10\/b3aeb625bc1c514a41376861edc862ea-1024x682.jpg 1024w, https:\/\/ppdegalicia.com\/wp-content\/uploads\/2022\/10\/b3aeb625bc1c514a41376861edc862ea-768x512.jpg 768w, https:\/\/ppdegalicia.com\/wp-content\/uploads\/2022\/10\/b3aeb625bc1c514a41376861edc862ea-1536x1023.jpg 1536w\" sizes=\"(max-width: 1900px) 100vw, 1900px\" \/><\/p>\n<p>Santiago, 18 de outubro de 2022.-\u00a0 A deputada do Grupo Popular Elena Su\u00e1rez salientou hoxe no Pleno do Parlamento galego que a Xunta facilitou nos \u00faltimos dez anos a rexeneraci\u00f3n de m\u00e1is de 15 mill\u00f3ns de metros cadrados de bancos marisqueiros e a sementeira de m\u00e1is de 200 mill\u00f3ns de unidades de semente de ameixa. Por\u00e9n, criticou \u201co bloqueo das administraci\u00f3ns socialistas\u201d \u00e1 hora de executar obras de saneamento en diversos concellos galegos, como \u00e9 o caso de Vilagarc\u00eda, Burela ou Vilanova de Arousa.<\/p>\n<p><!--more--><\/p>\n<p>Elena Su\u00e1rez incidiu que \u201ca Xunta ten no saneamento integral das r\u00edas de Galicia un dos seus principais obxectivos, porque estamos convencidos de que da calidade da auga das r\u00edas depende un ecosistema \u00fanico no mundo que ten un gran valor\u201d. <\/p>\n<p><strong>COMPETENCIA MUNICIPAL<\/strong><\/p>\n<p>Neste sentido, a deputada popular lembrou que \u201cen Espa\u00f1a o saneamento, a depuraci\u00f3n e o control de vertidos \u00e9 unha competencia estritamente municipal, o que non \u00e9 escusa para que a Xunta estea a colaborar cos concellos para apoialos nesta materia\u201d. <\/p>\n<p>\u201cO Goberno galego ten avanzado moito no saneamento das r\u00edas galegas, pero tam\u00e9n \u00e9 consciente de que queda moito cami\u00f1o por percorrer, e o importante \u00e9 que se est\u00e1n po\u00f1endo as bases para conseguilo\u201d, manifestou. As\u00ed, salientou que a Xunta ten investidos m\u00e1is de 1.100 mill\u00f3ns de euros en actuaci\u00f3ns encami\u00f1adas a mellorar e garantir a calidade da auga, dos que m\u00e1is de 500 mill\u00f3ns centr\u00e1ronse no saneamento das r\u00edas galegas.<\/p>\n<p><strong>OPOSICI\u00d3N \u00c1 LEI DE MELLORA DA CALIDADE DA AUGA<\/strong><\/p>\n<p>Por\u00e9n, lamentou que administraci\u00f3ns gobernadas polos socialistas \u201cestean a bloquear diversas actuaci\u00f3ns en Galicia\u201d dirixidas a mellorar a auga das r\u00edas galegas. A modo de exemplo, citou as obras de mellora dos colectores e a ampliaci\u00f3n da depuradora municipal de Vilagarc\u00eda, un proxecto para o que a Xunta ten comprometidos 33 mill\u00f3ns de euros pero que leva case un ano \u00e1 espera dunha xesti\u00f3n do Concello; as dificultades que est\u00e1 a po\u00f1er o Ministerio de Transici\u00f3n Ecol\u00f3xica para sacar adiante un proxecto de saneamento en Burela; ou a negativa da Direcci\u00f3n Xeral de Costas do Goberno central para autorizar a obra no colector de Vilanova de Arousa.<\/p>\n<p>\u201cPero \u00e9 que ademais, neste Parlamento, socialistas e nacionalistas votaron en contra da Lei de mellora do ciclo integral da auga, que persegue, entre outros obxectivos, eliminar as verteduras contaminantes aos nosos r\u00edos e r\u00edas\u201d, sinalou a deputada popular, quen recriminou aos socialistas que \u201cna r\u00faa reivindiquen o saneamento das r\u00edas pero no Parlamento votan en contra dunha medida para contribu\u00edr a melloralo\u201d. <\/p>\n","protected":false},"excerpt":{"rendered":"<p>Santiago, 18 de outubro de 2022.-\u00a0 A deputada do Grupo Popular Elena Su\u00e1rez salientou hoxe no Pleno do Parlamento galego que a Xunta facilitou nos \u00faltimos dez anos a rexeneraci\u00f3n de m\u00e1is de 15 mill\u00f3ns de metros cadrados de bancos marisqueiros e a sementeira de m\u00e1is de 200 mill\u00f3ns de unidades de semente de ameixa. [&hellip;]<\/p>\n","protected":false},"author":38,"featured_media":57516,"comment_status":"open","ping_status":"open","sticky":false,"template":"","format":"standard","meta":{"_acf_changed":false,"footnotes":""},"categories":[1],"tags":[],"class_list":["post-57517","post","type-post","status-publish","format-standard","has-post-thumbnail","hentry","category-pp-de-galicia"],"acf":[],"yoast_head":"<!-- This site is optimized with the Yoast SEO plugin v27.3 - https:\/\/yoast.com\/product\/yoast-seo-wordpress\/ -->\n<title>O PPdeG salienta que a Xunta rexenerou m\u00e1is de 15 mill\u00f3ns de metros cadrados de bancos marisqueiros e sementou m\u00e1is de 200 mill\u00f3ns de unidades de ameixa - PP de Galicia<\/title>\n<meta name=\"robots\" content=\"index, follow, max-snippet:-1, max-image-preview:large, max-video-preview:-1\" \/>\n<link rel=\"canonical\" href=\"https:\/\/ppdegalicia.com\/es\/o-ppdeg-salienta-que-a-xunta-rexenerou-mais-de-15-millons-de-metros-cadrados-de-bancos-marisqueiros-e-sementou-mais-de-200-millons-de-unidades-de-ameixa\/\" \/>\n<meta property=\"og:locale\" content=\"es_ES\" \/>\n<meta property=\"og:type\" content=\"article\" \/>\n<meta property=\"og:title\" content=\"O PPdeG salienta que a Xunta rexenerou m\u00e1is de 15 mill\u00f3ns de metros cadrados de bancos marisqueiros e sementou m\u00e1is de 200 mill\u00f3ns de unidades de ameixa - PP de Galicia\" \/>\n<meta property=\"og:description\" content=\"Santiago, 18 de outubro de 2022.-\u00a0 A deputada do Grupo Popular Elena Su\u00e1rez salientou hoxe no Pleno do Parlamento galego que a Xunta facilitou nos \u00faltimos dez anos a rexeneraci\u00f3n de m\u00e1is de 15 mill\u00f3ns de metros cadrados de bancos marisqueiros e a sementeira de m\u00e1is de 200 mill\u00f3ns de unidades de semente de ameixa. [&hellip;]\" \/>\n<meta property=\"og:url\" content=\"https:\/\/ppdegalicia.com\/es\/o-ppdeg-salienta-que-a-xunta-rexenerou-mais-de-15-millons-de-metros-cadrados-de-bancos-marisqueiros-e-sementou-mais-de-200-millons-de-unidades-de-ameixa\/\" \/>\n<meta property=\"og:site_name\" content=\"PP de Galicia\" \/>\n<meta property=\"article:publisher\" content=\"https:\/\/www.instagram.com\/ppdegalicia\/\" \/>\n<meta property=\"article:published_time\" content=\"2022-10-18T08:58:13+00:00\" \/>\n<meta property=\"og:image\" content=\"https:\/\/ppdegalicia.com\/wp-content\/uploads\/2022\/10\/b3aeb625bc1c514a41376861edc862ea.jpg\" \/>\n\t<meta property=\"og:image:width\" content=\"1900\" \/>\n\t<meta property=\"og:image:height\" content=\"1266\" \/>\n\t<meta property=\"og:image:type\" content=\"image\/jpeg\" \/>\n<meta name=\"author\" content=\"ppdegaliciaredes\" \/>\n<meta name=\"twitter:card\" content=\"summary_large_image\" \/>\n<meta name=\"twitter:creator\" content=\"@ppdegalicia\" \/>\n<meta name=\"twitter:site\" content=\"@ppdegalicia\" \/>\n<meta name=\"twitter:label1\" content=\"Escrito por\" \/>\n\t<meta name=\"twitter:data1\" content=\"ppdegaliciaredes\" \/>\n\t<meta name=\"twitter:label2\" content=\"Tiempo de lectura\" \/>\n\t<meta name=\"twitter:data2\" content=\"2 minutos\" \/>\n<script type=\"application\/ld+json\" class=\"yoast-schema-graph\">{\"@context\":\"https:\\\/\\\/schema.org\",\"@graph\":[{\"@type\":\"Article\",\"@id\":\"https:\\\/\\\/ppdegalicia.com\\\/es\\\/o-ppdeg-salienta-que-a-xunta-rexenerou-mais-de-15-millons-de-metros-cadrados-de-bancos-marisqueiros-e-sementou-mais-de-200-millons-de-unidades-de-ameixa\\\/#article\",\"isPartOf\":{\"@id\":\"https:\\\/\\\/ppdegalicia.com\\\/es\\\/o-ppdeg-salienta-que-a-xunta-rexenerou-mais-de-15-millons-de-metros-cadrados-de-bancos-marisqueiros-e-sementou-mais-de-200-millons-de-unidades-de-ameixa\\\/\"},\"author\":{\"name\":\"ppdegaliciaredes\",\"@id\":\"https:\\\/\\\/ppdegalicia.com\\\/es\\\/#\\\/schema\\\/person\\\/5b822c6f59e872ebdd1142f307dbcb59\"},\"headline\":\"O PPdeG salienta que a Xunta rexenerou m\u00e1is de 15 mill\u00f3ns de metros cadrados de bancos marisqueiros e sementou m\u00e1is de 200 mill\u00f3ns de unidades de ameixa\",\"datePublished\":\"2022-10-18T08:58:13+00:00\",\"mainEntityOfPage\":{\"@id\":\"https:\\\/\\\/ppdegalicia.com\\\/es\\\/o-ppdeg-salienta-que-a-xunta-rexenerou-mais-de-15-millons-de-metros-cadrados-de-bancos-marisqueiros-e-sementou-mais-de-200-millons-de-unidades-de-ameixa\\\/\"},\"wordCount\":477,\"commentCount\":0,\"publisher\":{\"@id\":\"https:\\\/\\\/ppdegalicia.com\\\/es\\\/#organization\"},\"image\":{\"@id\":\"https:\\\/\\\/ppdegalicia.com\\\/es\\\/o-ppdeg-salienta-que-a-xunta-rexenerou-mais-de-15-millons-de-metros-cadrados-de-bancos-marisqueiros-e-sementou-mais-de-200-millons-de-unidades-de-ameixa\\\/#primaryimage\"},\"thumbnailUrl\":\"https:\\\/\\\/ppdegalicia.com\\\/wp-content\\\/uploads\\\/2022\\\/10\\\/b3aeb625bc1c514a41376861edc862ea.jpg\",\"articleSection\":[\"PP de Galicia\"],\"inLanguage\":\"es\",\"potentialAction\":[{\"@type\":\"CommentAction\",\"name\":\"Comment\",\"target\":[\"https:\\\/\\\/ppdegalicia.com\\\/es\\\/o-ppdeg-salienta-que-a-xunta-rexenerou-mais-de-15-millons-de-metros-cadrados-de-bancos-marisqueiros-e-sementou-mais-de-200-millons-de-unidades-de-ameixa\\\/#respond\"]}]},{\"@type\":\"WebPage\",\"@id\":\"https:\\\/\\\/ppdegalicia.com\\\/es\\\/o-ppdeg-salienta-que-a-xunta-rexenerou-mais-de-15-millons-de-metros-cadrados-de-bancos-marisqueiros-e-sementou-mais-de-200-millons-de-unidades-de-ameixa\\\/\",\"url\":\"https:\\\/\\\/ppdegalicia.com\\\/es\\\/o-ppdeg-salienta-que-a-xunta-rexenerou-mais-de-15-millons-de-metros-cadrados-de-bancos-marisqueiros-e-sementou-mais-de-200-millons-de-unidades-de-ameixa\\\/\",\"name\":\"O PPdeG salienta que a Xunta rexenerou m\u00e1is de 15 mill\u00f3ns de metros cadrados de bancos marisqueiros e sementou m\u00e1is de 200 mill\u00f3ns de unidades de ameixa - PP de Galicia\",\"isPartOf\":{\"@id\":\"https:\\\/\\\/ppdegalicia.com\\\/es\\\/#website\"},\"primaryImageOfPage\":{\"@id\":\"https:\\\/\\\/ppdegalicia.com\\\/es\\\/o-ppdeg-salienta-que-a-xunta-rexenerou-mais-de-15-millons-de-metros-cadrados-de-bancos-marisqueiros-e-sementou-mais-de-200-millons-de-unidades-de-ameixa\\\/#primaryimage\"},\"image\":{\"@id\":\"https:\\\/\\\/ppdegalicia.com\\\/es\\\/o-ppdeg-salienta-que-a-xunta-rexenerou-mais-de-15-millons-de-metros-cadrados-de-bancos-marisqueiros-e-sementou-mais-de-200-millons-de-unidades-de-ameixa\\\/#primaryimage\"},\"thumbnailUrl\":\"https:\\\/\\\/ppdegalicia.com\\\/wp-content\\\/uploads\\\/2022\\\/10\\\/b3aeb625bc1c514a41376861edc862ea.jpg\",\"datePublished\":\"2022-10-18T08:58:13+00:00\",\"breadcrumb\":{\"@id\":\"https:\\\/\\\/ppdegalicia.com\\\/es\\\/o-ppdeg-salienta-que-a-xunta-rexenerou-mais-de-15-millons-de-metros-cadrados-de-bancos-marisqueiros-e-sementou-mais-de-200-millons-de-unidades-de-ameixa\\\/#breadcrumb\"},\"inLanguage\":\"es\",\"potentialAction\":[{\"@type\":\"ReadAction\",\"target\":[\"https:\\\/\\\/ppdegalicia.com\\\/es\\\/o-ppdeg-salienta-que-a-xunta-rexenerou-mais-de-15-millons-de-metros-cadrados-de-bancos-marisqueiros-e-sementou-mais-de-200-millons-de-unidades-de-ameixa\\\/\"]}]},{\"@type\":\"ImageObject\",\"inLanguage\":\"es\",\"@id\":\"https:\\\/\\\/ppdegalicia.com\\\/es\\\/o-ppdeg-salienta-que-a-xunta-rexenerou-mais-de-15-millons-de-metros-cadrados-de-bancos-marisqueiros-e-sementou-mais-de-200-millons-de-unidades-de-ameixa\\\/#primaryimage\",\"url\":\"https:\\\/\\\/ppdegalicia.com\\\/wp-content\\\/uploads\\\/2022\\\/10\\\/b3aeb625bc1c514a41376861edc862ea.jpg\",\"contentUrl\":\"https:\\\/\\\/ppdegalicia.com\\\/wp-content\\\/uploads\\\/2022\\\/10\\\/b3aeb625bc1c514a41376861edc862ea.jpg\",\"width\":1900,\"height\":1266},{\"@type\":\"BreadcrumbList\",\"@id\":\"https:\\\/\\\/ppdegalicia.com\\\/es\\\/o-ppdeg-salienta-que-a-xunta-rexenerou-mais-de-15-millons-de-metros-cadrados-de-bancos-marisqueiros-e-sementou-mais-de-200-millons-de-unidades-de-ameixa\\\/#breadcrumb\",\"itemListElement\":[{\"@type\":\"ListItem\",\"position\":1,\"name\":\"Portada\",\"item\":\"https:\\\/\\\/ppdegalicia.com\\\/es\\\/\"},{\"@type\":\"ListItem\",\"position\":2,\"name\":\"O PPdeG salienta que a Xunta rexenerou m\u00e1is de 15 mill\u00f3ns de metros cadrados de bancos marisqueiros e sementou m\u00e1is de 200 mill\u00f3ns de unidades de ameixa\"}]},{\"@type\":\"WebSite\",\"@id\":\"https:\\\/\\\/ppdegalicia.com\\\/es\\\/#website\",\"url\":\"https:\\\/\\\/ppdegalicia.com\\\/es\\\/\",\"name\":\"Partido Popular de Galicia\",\"description\":\"Partido Popular de Galicia\",\"publisher\":{\"@id\":\"https:\\\/\\\/ppdegalicia.com\\\/es\\\/#organization\"},\"alternateName\":\"PP de Galicia\",\"potentialAction\":[{\"@type\":\"SearchAction\",\"target\":{\"@type\":\"EntryPoint\",\"urlTemplate\":\"https:\\\/\\\/ppdegalicia.com\\\/es\\\/?s={search_term_string}\"},\"query-input\":{\"@type\":\"PropertyValueSpecification\",\"valueRequired\":true,\"valueName\":\"search_term_string\"}}],\"inLanguage\":\"es\"},{\"@type\":\"Organization\",\"@id\":\"https:\\\/\\\/ppdegalicia.com\\\/es\\\/#organization\",\"name\":\"Partido Popular de Galicia\",\"alternateName\":\"PP de Galicia\",\"url\":\"https:\\\/\\\/ppdegalicia.com\\\/es\\\/\",\"logo\":{\"@type\":\"ImageObject\",\"inLanguage\":\"es\",\"@id\":\"https:\\\/\\\/ppdegalicia.com\\\/es\\\/#\\\/schema\\\/logo\\\/image\\\/\",\"url\":\"https:\\\/\\\/ppdegalicia.com\\\/wp-content\\\/uploads\\\/2023\\\/04\\\/logoPP512.png\",\"contentUrl\":\"https:\\\/\\\/ppdegalicia.com\\\/wp-content\\\/uploads\\\/2023\\\/04\\\/logoPP512.png\",\"width\":512,\"height\":512,\"caption\":\"Partido Popular de Galicia\"},\"image\":{\"@id\":\"https:\\\/\\\/ppdegalicia.com\\\/es\\\/#\\\/schema\\\/logo\\\/image\\\/\"},\"sameAs\":[\"https:\\\/\\\/www.instagram.com\\\/ppdegalicia\\\/\",\"https:\\\/\\\/x.com\\\/ppdegalicia\",\"https:\\\/\\\/www.tiktok.com\\\/@ppdegalicia\",\"https:\\\/\\\/www.youtube.com\\\/user\\\/ppdegalicia\"]},{\"@type\":\"Person\",\"@id\":\"https:\\\/\\\/ppdegalicia.com\\\/es\\\/#\\\/schema\\\/person\\\/5b822c6f59e872ebdd1142f307dbcb59\",\"name\":\"ppdegaliciaredes\",\"image\":{\"@type\":\"ImageObject\",\"inLanguage\":\"es\",\"@id\":\"https:\\\/\\\/secure.gravatar.com\\\/avatar\\\/3c9179cf0256d00c72a48d1f25783c58b6842cd56e85ef3a572881c8e28ccd59?s=96&d=mm&r=g\",\"url\":\"https:\\\/\\\/secure.gravatar.com\\\/avatar\\\/3c9179cf0256d00c72a48d1f25783c58b6842cd56e85ef3a572881c8e28ccd59?s=96&d=mm&r=g\",\"contentUrl\":\"https:\\\/\\\/secure.gravatar.com\\\/avatar\\\/3c9179cf0256d00c72a48d1f25783c58b6842cd56e85ef3a572881c8e28ccd59?s=96&d=mm&r=g\",\"caption\":\"ppdegaliciaredes\"},\"url\":\"https:\\\/\\\/ppdegalicia.com\\\/es\\\/author\\\/ppdegaliciaredes\\\/\"}]}<\/script>\n<!-- \/ Yoast SEO plugin. -->","yoast_head_json":{"title":"O PPdeG salienta que a Xunta rexenerou m\u00e1is de 15 mill\u00f3ns de metros cadrados de bancos marisqueiros e sementou m\u00e1is de 200 mill\u00f3ns de unidades de ameixa - PP de Galicia","robots":{"index":"index","follow":"follow","max-snippet":"max-snippet:-1","max-image-preview":"max-image-preview:large","max-video-preview":"max-video-preview:-1"},"canonical":"https:\/\/ppdegalicia.com\/es\/o-ppdeg-salienta-que-a-xunta-rexenerou-mais-de-15-millons-de-metros-cadrados-de-bancos-marisqueiros-e-sementou-mais-de-200-millons-de-unidades-de-ameixa\/","og_locale":"es_ES","og_type":"article","og_title":"O PPdeG salienta que a Xunta rexenerou m\u00e1is de 15 mill\u00f3ns de metros cadrados de bancos marisqueiros e sementou m\u00e1is de 200 mill\u00f3ns de unidades de ameixa - PP de Galicia","og_description":"Santiago, 18 de outubro de 2022.-\u00a0 A deputada do Grupo Popular Elena Su\u00e1rez salientou hoxe no Pleno do Parlamento galego que a Xunta facilitou nos \u00faltimos dez anos a rexeneraci\u00f3n de m\u00e1is de 15 mill\u00f3ns de metros cadrados de bancos marisqueiros e a sementeira de m\u00e1is de 200 mill\u00f3ns de unidades de semente de ameixa. [&hellip;]","og_url":"https:\/\/ppdegalicia.com\/es\/o-ppdeg-salienta-que-a-xunta-rexenerou-mais-de-15-millons-de-metros-cadrados-de-bancos-marisqueiros-e-sementou-mais-de-200-millons-de-unidades-de-ameixa\/","og_site_name":"PP de Galicia","article_publisher":"https:\/\/www.instagram.com\/ppdegalicia\/","article_published_time":"2022-10-18T08:58:13+00:00","og_image":[{"width":1900,"height":1266,"url":"https:\/\/ppdegalicia.com\/wp-content\/uploads\/2022\/10\/b3aeb625bc1c514a41376861edc862ea.jpg","type":"image\/jpeg"}],"author":"ppdegaliciaredes","twitter_card":"summary_large_image","twitter_creator":"@ppdegalicia","twitter_site":"@ppdegalicia","twitter_misc":{"Escrito por":"ppdegaliciaredes","Tiempo de lectura":"2 minutos"},"schema":{"@context":"https:\/\/schema.org","@graph":[{"@type":"Article","@id":"https:\/\/ppdegalicia.com\/es\/o-ppdeg-salienta-que-a-xunta-rexenerou-mais-de-15-millons-de-metros-cadrados-de-bancos-marisqueiros-e-sementou-mais-de-200-millons-de-unidades-de-ameixa\/#article","isPartOf":{"@id":"https:\/\/ppdegalicia.com\/es\/o-ppdeg-salienta-que-a-xunta-rexenerou-mais-de-15-millons-de-metros-cadrados-de-bancos-marisqueiros-e-sementou-mais-de-200-millons-de-unidades-de-ameixa\/"},"author":{"name":"ppdegaliciaredes","@id":"https:\/\/ppdegalicia.com\/es\/#\/schema\/person\/5b822c6f59e872ebdd1142f307dbcb59"},"headline":"O PPdeG salienta que a Xunta rexenerou m\u00e1is de 15 mill\u00f3ns de metros cadrados de bancos marisqueiros e sementou m\u00e1is de 200 mill\u00f3ns de unidades de ameixa","datePublished":"2022-10-18T08:58:13+00:00","mainEntityOfPage":{"@id":"https:\/\/ppdegalicia.com\/es\/o-ppdeg-salienta-que-a-xunta-rexenerou-mais-de-15-millons-de-metros-cadrados-de-bancos-marisqueiros-e-sementou-mais-de-200-millons-de-unidades-de-ameixa\/"},"wordCount":477,"commentCount":0,"publisher":{"@id":"https:\/\/ppdegalicia.com\/es\/#organization"},"image":{"@id":"https:\/\/ppdegalicia.com\/es\/o-ppdeg-salienta-que-a-xunta-rexenerou-mais-de-15-millons-de-metros-cadrados-de-bancos-marisqueiros-e-sementou-mais-de-200-millons-de-unidades-de-ameixa\/#primaryimage"},"thumbnailUrl":"https:\/\/ppdegalicia.com\/wp-content\/uploads\/2022\/10\/b3aeb625bc1c514a41376861edc862ea.jpg","articleSection":["PP de Galicia"],"inLanguage":"es","potentialAction":[{"@type":"CommentAction","name":"Comment","target":["https:\/\/ppdegalicia.com\/es\/o-ppdeg-salienta-que-a-xunta-rexenerou-mais-de-15-millons-de-metros-cadrados-de-bancos-marisqueiros-e-sementou-mais-de-200-millons-de-unidades-de-ameixa\/#respond"]}]},{"@type":"WebPage","@id":"https:\/\/ppdegalicia.com\/es\/o-ppdeg-salienta-que-a-xunta-rexenerou-mais-de-15-millons-de-metros-cadrados-de-bancos-marisqueiros-e-sementou-mais-de-200-millons-de-unidades-de-ameixa\/","url":"https:\/\/ppdegalicia.com\/es\/o-ppdeg-salienta-que-a-xunta-rexenerou-mais-de-15-millons-de-metros-cadrados-de-bancos-marisqueiros-e-sementou-mais-de-200-millons-de-unidades-de-ameixa\/","name":"O PPdeG salienta que a Xunta rexenerou m\u00e1is de 15 mill\u00f3ns de metros cadrados de bancos marisqueiros e sementou m\u00e1is de 200 mill\u00f3ns de unidades de ameixa - PP de Galicia","isPartOf":{"@id":"https:\/\/ppdegalicia.com\/es\/#website"},"primaryImageOfPage":{"@id":"https:\/\/ppdegalicia.com\/es\/o-ppdeg-salienta-que-a-xunta-rexenerou-mais-de-15-millons-de-metros-cadrados-de-bancos-marisqueiros-e-sementou-mais-de-200-millons-de-unidades-de-ameixa\/#primaryimage"},"image":{"@id":"https:\/\/ppdegalicia.com\/es\/o-ppdeg-salienta-que-a-xunta-rexenerou-mais-de-15-millons-de-metros-cadrados-de-bancos-marisqueiros-e-sementou-mais-de-200-millons-de-unidades-de-ameixa\/#primaryimage"},"thumbnailUrl":"https:\/\/ppdegalicia.com\/wp-content\/uploads\/2022\/10\/b3aeb625bc1c514a41376861edc862ea.jpg","datePublished":"2022-10-18T08:58:13+00:00","breadcrumb":{"@id":"https:\/\/ppdegalicia.com\/es\/o-ppdeg-salienta-que-a-xunta-rexenerou-mais-de-15-millons-de-metros-cadrados-de-bancos-marisqueiros-e-sementou-mais-de-200-millons-de-unidades-de-ameixa\/#breadcrumb"},"inLanguage":"es","potentialAction":[{"@type":"ReadAction","target":["https:\/\/ppdegalicia.com\/es\/o-ppdeg-salienta-que-a-xunta-rexenerou-mais-de-15-millons-de-metros-cadrados-de-bancos-marisqueiros-e-sementou-mais-de-200-millons-de-unidades-de-ameixa\/"]}]},{"@type":"ImageObject","inLanguage":"es","@id":"https:\/\/ppdegalicia.com\/es\/o-ppdeg-salienta-que-a-xunta-rexenerou-mais-de-15-millons-de-metros-cadrados-de-bancos-marisqueiros-e-sementou-mais-de-200-millons-de-unidades-de-ameixa\/#primaryimage","url":"https:\/\/ppdegalicia.com\/wp-content\/uploads\/2022\/10\/b3aeb625bc1c514a41376861edc862ea.jpg","contentUrl":"https:\/\/ppdegalicia.com\/wp-content\/uploads\/2022\/10\/b3aeb625bc1c514a41376861edc862ea.jpg","width":1900,"height":1266},{"@type":"BreadcrumbList","@id":"https:\/\/ppdegalicia.com\/es\/o-ppdeg-salienta-que-a-xunta-rexenerou-mais-de-15-millons-de-metros-cadrados-de-bancos-marisqueiros-e-sementou-mais-de-200-millons-de-unidades-de-ameixa\/#breadcrumb","itemListElement":[{"@type":"ListItem","position":1,"name":"Portada","item":"https:\/\/ppdegalicia.com\/es\/"},{"@type":"ListItem","position":2,"name":"O PPdeG salienta que a Xunta rexenerou m\u00e1is de 15 mill\u00f3ns de metros cadrados de bancos marisqueiros e sementou m\u00e1is de 200 mill\u00f3ns de unidades de ameixa"}]},{"@type":"WebSite","@id":"https:\/\/ppdegalicia.com\/es\/#website","url":"https:\/\/ppdegalicia.com\/es\/","name":"Partido Popular de Galicia","description":"Partido Popular de Galicia","publisher":{"@id":"https:\/\/ppdegalicia.com\/es\/#organization"},"alternateName":"PP de Galicia","potentialAction":[{"@type":"SearchAction","target":{"@type":"EntryPoint","urlTemplate":"https:\/\/ppdegalicia.com\/es\/?s={search_term_string}"},"query-input":{"@type":"PropertyValueSpecification","valueRequired":true,"valueName":"search_term_string"}}],"inLanguage":"es"},{"@type":"Organization","@id":"https:\/\/ppdegalicia.com\/es\/#organization","name":"Partido Popular de Galicia","alternateName":"PP de Galicia","url":"https:\/\/ppdegalicia.com\/es\/","logo":{"@type":"ImageObject","inLanguage":"es","@id":"https:\/\/ppdegalicia.com\/es\/#\/schema\/logo\/image\/","url":"https:\/\/ppdegalicia.com\/wp-content\/uploads\/2023\/04\/logoPP512.png","contentUrl":"https:\/\/ppdegalicia.com\/wp-content\/uploads\/2023\/04\/logoPP512.png","width":512,"height":512,"caption":"Partido Popular de Galicia"},"image":{"@id":"https:\/\/ppdegalicia.com\/es\/#\/schema\/logo\/image\/"},"sameAs":["https:\/\/www.instagram.com\/ppdegalicia\/","https:\/\/x.com\/ppdegalicia","https:\/\/www.tiktok.com\/@ppdegalicia","https:\/\/www.youtube.com\/user\/ppdegalicia"]},{"@type":"Person","@id":"https:\/\/ppdegalicia.com\/es\/#\/schema\/person\/5b822c6f59e872ebdd1142f307dbcb59","name":"ppdegaliciaredes","image":{"@type":"ImageObject","inLanguage":"es","@id":"https:\/\/secure.gravatar.com\/avatar\/3c9179cf0256d00c72a48d1f25783c58b6842cd56e85ef3a572881c8e28ccd59?s=96&d=mm&r=g","url":"https:\/\/secure.gravatar.com\/avatar\/3c9179cf0256d00c72a48d1f25783c58b6842cd56e85ef3a572881c8e28ccd59?s=96&d=mm&r=g","contentUrl":"https:\/\/secure.gravatar.com\/avatar\/3c9179cf0256d00c72a48d1f25783c58b6842cd56e85ef3a572881c8e28ccd59?s=96&d=mm&r=g","caption":"ppdegaliciaredes"},"url":"https:\/\/ppdegalicia.com\/es\/author\/ppdegaliciaredes\/"}]}},"_links":{"self":[{"href":"https:\/\/ppdegalicia.com\/es\/wp-json\/wp\/v2\/posts\/57517","targetHints":{"allow":["GET"]}}],"collection":[{"href":"https:\/\/ppdegalicia.com\/es\/wp-json\/wp\/v2\/posts"}],"about":[{"href":"https:\/\/ppdegalicia.com\/es\/wp-json\/wp\/v2\/types\/post"}],"author":[{"embeddable":true,"href":"https:\/\/ppdegalicia.com\/es\/wp-json\/wp\/v2\/users\/38"}],"replies":[{"embeddable":true,"href":"https:\/\/ppdegalicia.com\/es\/wp-json\/wp\/v2\/comments?post=57517"}],"version-history":[{"count":0,"href":"https:\/\/ppdegalicia.com\/es\/wp-json\/wp\/v2\/posts\/57517\/revisions"}],"wp:featuredmedia":[{"embeddable":true,"href":"https:\/\/ppdegalicia.com\/es\/wp-json\/wp\/v2\/media\/57516"}],"wp:attachment":[{"href":"https:\/\/ppdegalicia.com\/es\/wp-json\/wp\/v2\/media?parent=57517"}],"wp:term":[{"taxonomy":"category","embeddable":true,"href":"https:\/\/ppdegalicia.com\/es\/wp-json\/wp\/v2\/categories?post=57517"},{"taxonomy":"post_tag","embeddable":true,"href":"https:\/\/ppdegalicia.com\/es\/wp-json\/wp\/v2\/tags?post=57517"}],"curies":[{"name":"wp","href":"https:\/\/api.w.org\/{rel}","templated":true}]}}