{"id":57519,"date":"2022-10-18T10:59:26","date_gmt":"2022-10-18T08:59:26","guid":{"rendered":"https:\/\/ppdegalicia.com\/o-ppdeg-demanda-ao-goberno-central-que-amplie-o-alcance-e-dotacion-do-perte-de-economia-circular\/"},"modified":"2022-10-18T10:59:26","modified_gmt":"2022-10-18T08:59:26","slug":"o-ppdeg-demanda-ao-goberno-central-que-amplie-o-alcance-e-dotacion-do-perte-de-economia-circular","status":"publish","type":"post","link":"https:\/\/ppdegalicia.com\/es\/o-ppdeg-demanda-ao-goberno-central-que-amplie-o-alcance-e-dotacion-do-perte-de-economia-circular\/","title":{"rendered":"O PPdeG demanda ao Goberno central que ampl\u00ede o alcance e dotaci\u00f3n do PERTE de Econom\u00eda Circular"},"content":{"rendered":"<p><img fetchpriority=\"high\" decoding=\"async\" class=\" size-full wp-image-57518\" src=\"https:\/\/ppdegalicia.com\/wp-content\/uploads\/2022\/10\/ad599b9fcc57857fe9e8210e5336a36d.jpg\" alt=\"\" width=\"1900\" height=\"1267\" srcset=\"https:\/\/ppdegalicia.com\/wp-content\/uploads\/2022\/10\/ad599b9fcc57857fe9e8210e5336a36d.jpg 1900w, https:\/\/ppdegalicia.com\/wp-content\/uploads\/2022\/10\/ad599b9fcc57857fe9e8210e5336a36d-300x200.jpg 300w, https:\/\/ppdegalicia.com\/wp-content\/uploads\/2022\/10\/ad599b9fcc57857fe9e8210e5336a36d-1024x683.jpg 1024w, https:\/\/ppdegalicia.com\/wp-content\/uploads\/2022\/10\/ad599b9fcc57857fe9e8210e5336a36d-768x512.jpg 768w, https:\/\/ppdegalicia.com\/wp-content\/uploads\/2022\/10\/ad599b9fcc57857fe9e8210e5336a36d-1536x1024.jpg 1536w\" sizes=\"(max-width: 1900px) 100vw, 1900px\" \/><\/p>\n<p>Santiago, 18 de outubro de 2022.-\u00a0 A portavoz de Medio Ambiente do Grupo Popular, Marisol D\u00edaz Mouteira, demandou hoxe no Pleno do Parlamento galego que \u201co Goberno central ampl\u00ede o alcance e dotaci\u00f3n do PERTE de Econom\u00eda Circular, de xeito que te\u00f1an cabida os proxectos tractores da Xunta de Galicia\u201d.<\/p>\n<p><!--more--><\/p>\n<p>As\u00ed mesmo, lembrou que Galicia foi pioneira na aprobaci\u00f3n en 2019 da Estratexia de Econom\u00eda Circular 2020-2030, que seguir\u00e1 desenvolvendo coa colaboraci\u00f3n e participaci\u00f3n da sociedade civil, do tecido empresarial e os diferentes axentes das administraci\u00f3ns p\u00fablicas.<\/p>\n<p>Marisol D\u00edaz lamentou que os PERTE \u201cest\u00e1n tan fragmentados que impiden que se poidan financiar proxectos transversais de entidade que contrib\u00faan ao verdadeiro cambio do modelo econ\u00f3mico\u201d. \u201cE, por se fose pouco, contan cunha escasa dotaci\u00f3n que impide que proxectos de gran calado obte\u00f1an o financiamento suficiente para sa\u00edr adiante\u201d, apuntou.<\/p>\n<p>No debate dunha moci\u00f3n sobre o impulso da econom\u00eda circular, a portavoz popular destacou que \u201ca Xunta xa ten un plan para un novo modelo de econom\u00eda circular co horizonte do 2030; un plan vivo, cambiante e adaptable a cada circunstancia, e no que xogan un papel esencial as empresas; un plan que apoia e facilita a cooperaci\u00f3n cos concellos na xesti\u00f3n dos recursos; e un plan que ten en conta \u00e1 cidadan\u00eda e, de xeito moi particular, aos m\u00e1is novos\u201d. <\/p>\n","protected":false},"excerpt":{"rendered":"<p>Santiago, 18 de outubro de 2022.-\u00a0 A portavoz de Medio Ambiente do Grupo Popular, Marisol D\u00edaz Mouteira, demandou hoxe no Pleno do Parlamento galego que \u201co Goberno central ampl\u00ede o alcance e dotaci\u00f3n do PERTE de Econom\u00eda Circular, de xeito que te\u00f1an cabida os proxectos tractores da Xunta de Galicia\u201d.<\/p>\n","protected":false},"author":38,"featured_media":57518,"comment_status":"open","ping_status":"open","sticky":false,"template":"","format":"standard","meta":{"_acf_changed":false,"footnotes":""},"categories":[1],"tags":[],"class_list":["post-57519","post","type-post","status-publish","format-standard","has-post-thumbnail","hentry","category-pp-de-galicia"],"acf":[],"yoast_head":"<!-- This site is optimized with the Yoast SEO plugin v27.3 - https:\/\/yoast.com\/product\/yoast-seo-wordpress\/ -->\n<title>O PPdeG demanda ao Goberno central que ampl\u00ede o alcance e dotaci\u00f3n do PERTE de Econom\u00eda Circular - PP de Galicia<\/title>\n<meta name=\"robots\" content=\"index, follow, max-snippet:-1, max-image-preview:large, max-video-preview:-1\" \/>\n<link rel=\"canonical\" href=\"https:\/\/ppdegalicia.com\/es\/o-ppdeg-demanda-ao-goberno-central-que-amplie-o-alcance-e-dotacion-do-perte-de-economia-circular\/\" \/>\n<meta property=\"og:locale\" content=\"es_ES\" \/>\n<meta property=\"og:type\" content=\"article\" \/>\n<meta property=\"og:title\" content=\"O PPdeG demanda ao Goberno central que ampl\u00ede o alcance e dotaci\u00f3n do PERTE de Econom\u00eda Circular - PP de Galicia\" \/>\n<meta property=\"og:description\" content=\"Santiago, 18 de outubro de 2022.-\u00a0 A portavoz de Medio Ambiente do Grupo Popular, Marisol D\u00edaz Mouteira, demandou hoxe no Pleno do Parlamento galego que \u201co Goberno central ampl\u00ede o alcance e dotaci\u00f3n do PERTE de Econom\u00eda Circular, de xeito que te\u00f1an cabida os proxectos tractores da Xunta de Galicia\u201d.\" \/>\n<meta property=\"og:url\" content=\"https:\/\/ppdegalicia.com\/es\/o-ppdeg-demanda-ao-goberno-central-que-amplie-o-alcance-e-dotacion-do-perte-de-economia-circular\/\" \/>\n<meta property=\"og:site_name\" content=\"PP de Galicia\" \/>\n<meta property=\"article:publisher\" content=\"https:\/\/www.instagram.com\/ppdegalicia\/\" \/>\n<meta property=\"article:published_time\" content=\"2022-10-18T08:59:26+00:00\" \/>\n<meta property=\"og:image\" content=\"https:\/\/ppdegalicia.com\/wp-content\/uploads\/2022\/10\/ad599b9fcc57857fe9e8210e5336a36d.jpg\" \/>\n\t<meta property=\"og:image:width\" content=\"1900\" \/>\n\t<meta property=\"og:image:height\" content=\"1267\" \/>\n\t<meta property=\"og:image:type\" content=\"image\/jpeg\" \/>\n<meta name=\"author\" content=\"ppdegaliciaredes\" \/>\n<meta name=\"twitter:card\" content=\"summary_large_image\" \/>\n<meta name=\"twitter:creator\" content=\"@ppdegalicia\" \/>\n<meta name=\"twitter:site\" content=\"@ppdegalicia\" \/>\n<meta name=\"twitter:label1\" content=\"Escrito por\" \/>\n\t<meta name=\"twitter:data1\" content=\"ppdegaliciaredes\" \/>\n\t<meta name=\"twitter:label2\" content=\"Tiempo de lectura\" \/>\n\t<meta name=\"twitter:data2\" content=\"1 minuto\" \/>\n<script type=\"application\/ld+json\" class=\"yoast-schema-graph\">{\"@context\":\"https:\\\/\\\/schema.org\",\"@graph\":[{\"@type\":\"Article\",\"@id\":\"https:\\\/\\\/ppdegalicia.com\\\/es\\\/o-ppdeg-demanda-ao-goberno-central-que-amplie-o-alcance-e-dotacion-do-perte-de-economia-circular\\\/#article\",\"isPartOf\":{\"@id\":\"https:\\\/\\\/ppdegalicia.com\\\/es\\\/o-ppdeg-demanda-ao-goberno-central-que-amplie-o-alcance-e-dotacion-do-perte-de-economia-circular\\\/\"},\"author\":{\"name\":\"ppdegaliciaredes\",\"@id\":\"https:\\\/\\\/ppdegalicia.com\\\/es\\\/#\\\/schema\\\/person\\\/5b822c6f59e872ebdd1142f307dbcb59\"},\"headline\":\"O PPdeG demanda ao Goberno central que ampl\u00ede o alcance e dotaci\u00f3n do PERTE de Econom\u00eda Circular\",\"datePublished\":\"2022-10-18T08:59:26+00:00\",\"mainEntityOfPage\":{\"@id\":\"https:\\\/\\\/ppdegalicia.com\\\/es\\\/o-ppdeg-demanda-ao-goberno-central-que-amplie-o-alcance-e-dotacion-do-perte-de-economia-circular\\\/\"},\"wordCount\":260,\"commentCount\":0,\"publisher\":{\"@id\":\"https:\\\/\\\/ppdegalicia.com\\\/es\\\/#organization\"},\"image\":{\"@id\":\"https:\\\/\\\/ppdegalicia.com\\\/es\\\/o-ppdeg-demanda-ao-goberno-central-que-amplie-o-alcance-e-dotacion-do-perte-de-economia-circular\\\/#primaryimage\"},\"thumbnailUrl\":\"https:\\\/\\\/ppdegalicia.com\\\/wp-content\\\/uploads\\\/2022\\\/10\\\/ad599b9fcc57857fe9e8210e5336a36d.jpg\",\"articleSection\":[\"PP de Galicia\"],\"inLanguage\":\"es\",\"potentialAction\":[{\"@type\":\"CommentAction\",\"name\":\"Comment\",\"target\":[\"https:\\\/\\\/ppdegalicia.com\\\/es\\\/o-ppdeg-demanda-ao-goberno-central-que-amplie-o-alcance-e-dotacion-do-perte-de-economia-circular\\\/#respond\"]}]},{\"@type\":\"WebPage\",\"@id\":\"https:\\\/\\\/ppdegalicia.com\\\/es\\\/o-ppdeg-demanda-ao-goberno-central-que-amplie-o-alcance-e-dotacion-do-perte-de-economia-circular\\\/\",\"url\":\"https:\\\/\\\/ppdegalicia.com\\\/es\\\/o-ppdeg-demanda-ao-goberno-central-que-amplie-o-alcance-e-dotacion-do-perte-de-economia-circular\\\/\",\"name\":\"O PPdeG demanda ao Goberno central que ampl\u00ede o alcance e dotaci\u00f3n do PERTE de Econom\u00eda Circular - PP de Galicia\",\"isPartOf\":{\"@id\":\"https:\\\/\\\/ppdegalicia.com\\\/es\\\/#website\"},\"primaryImageOfPage\":{\"@id\":\"https:\\\/\\\/ppdegalicia.com\\\/es\\\/o-ppdeg-demanda-ao-goberno-central-que-amplie-o-alcance-e-dotacion-do-perte-de-economia-circular\\\/#primaryimage\"},\"image\":{\"@id\":\"https:\\\/\\\/ppdegalicia.com\\\/es\\\/o-ppdeg-demanda-ao-goberno-central-que-amplie-o-alcance-e-dotacion-do-perte-de-economia-circular\\\/#primaryimage\"},\"thumbnailUrl\":\"https:\\\/\\\/ppdegalicia.com\\\/wp-content\\\/uploads\\\/2022\\\/10\\\/ad599b9fcc57857fe9e8210e5336a36d.jpg\",\"datePublished\":\"2022-10-18T08:59:26+00:00\",\"breadcrumb\":{\"@id\":\"https:\\\/\\\/ppdegalicia.com\\\/es\\\/o-ppdeg-demanda-ao-goberno-central-que-amplie-o-alcance-e-dotacion-do-perte-de-economia-circular\\\/#breadcrumb\"},\"inLanguage\":\"es\",\"potentialAction\":[{\"@type\":\"ReadAction\",\"target\":[\"https:\\\/\\\/ppdegalicia.com\\\/es\\\/o-ppdeg-demanda-ao-goberno-central-que-amplie-o-alcance-e-dotacion-do-perte-de-economia-circular\\\/\"]}]},{\"@type\":\"ImageObject\",\"inLanguage\":\"es\",\"@id\":\"https:\\\/\\\/ppdegalicia.com\\\/es\\\/o-ppdeg-demanda-ao-goberno-central-que-amplie-o-alcance-e-dotacion-do-perte-de-economia-circular\\\/#primaryimage\",\"url\":\"https:\\\/\\\/ppdegalicia.com\\\/wp-content\\\/uploads\\\/2022\\\/10\\\/ad599b9fcc57857fe9e8210e5336a36d.jpg\",\"contentUrl\":\"https:\\\/\\\/ppdegalicia.com\\\/wp-content\\\/uploads\\\/2022\\\/10\\\/ad599b9fcc57857fe9e8210e5336a36d.jpg\",\"width\":1900,\"height\":1267},{\"@type\":\"BreadcrumbList\",\"@id\":\"https:\\\/\\\/ppdegalicia.com\\\/es\\\/o-ppdeg-demanda-ao-goberno-central-que-amplie-o-alcance-e-dotacion-do-perte-de-economia-circular\\\/#breadcrumb\",\"itemListElement\":[{\"@type\":\"ListItem\",\"position\":1,\"name\":\"Portada\",\"item\":\"https:\\\/\\\/ppdegalicia.com\\\/es\\\/\"},{\"@type\":\"ListItem\",\"position\":2,\"name\":\"O PPdeG demanda ao Goberno central que ampl\u00ede o alcance e dotaci\u00f3n do PERTE de Econom\u00eda Circular\"}]},{\"@type\":\"WebSite\",\"@id\":\"https:\\\/\\\/ppdegalicia.com\\\/es\\\/#website\",\"url\":\"https:\\\/\\\/ppdegalicia.com\\\/es\\\/\",\"name\":\"Partido Popular de Galicia\",\"description\":\"Partido Popular de Galicia\",\"publisher\":{\"@id\":\"https:\\\/\\\/ppdegalicia.com\\\/es\\\/#organization\"},\"alternateName\":\"PP de Galicia\",\"potentialAction\":[{\"@type\":\"SearchAction\",\"target\":{\"@type\":\"EntryPoint\",\"urlTemplate\":\"https:\\\/\\\/ppdegalicia.com\\\/es\\\/?s={search_term_string}\"},\"query-input\":{\"@type\":\"PropertyValueSpecification\",\"valueRequired\":true,\"valueName\":\"search_term_string\"}}],\"inLanguage\":\"es\"},{\"@type\":\"Organization\",\"@id\":\"https:\\\/\\\/ppdegalicia.com\\\/es\\\/#organization\",\"name\":\"Partido Popular de Galicia\",\"alternateName\":\"PP de Galicia\",\"url\":\"https:\\\/\\\/ppdegalicia.com\\\/es\\\/\",\"logo\":{\"@type\":\"ImageObject\",\"inLanguage\":\"es\",\"@id\":\"https:\\\/\\\/ppdegalicia.com\\\/es\\\/#\\\/schema\\\/logo\\\/image\\\/\",\"url\":\"https:\\\/\\\/ppdegalicia.com\\\/wp-content\\\/uploads\\\/2023\\\/04\\\/logoPP512.png\",\"contentUrl\":\"https:\\\/\\\/ppdegalicia.com\\\/wp-content\\\/uploads\\\/2023\\\/04\\\/logoPP512.png\",\"width\":512,\"height\":512,\"caption\":\"Partido Popular de Galicia\"},\"image\":{\"@id\":\"https:\\\/\\\/ppdegalicia.com\\\/es\\\/#\\\/schema\\\/logo\\\/image\\\/\"},\"sameAs\":[\"https:\\\/\\\/www.instagram.com\\\/ppdegalicia\\\/\",\"https:\\\/\\\/x.com\\\/ppdegalicia\",\"https:\\\/\\\/www.tiktok.com\\\/@ppdegalicia\",\"https:\\\/\\\/www.youtube.com\\\/user\\\/ppdegalicia\"]},{\"@type\":\"Person\",\"@id\":\"https:\\\/\\\/ppdegalicia.com\\\/es\\\/#\\\/schema\\\/person\\\/5b822c6f59e872ebdd1142f307dbcb59\",\"name\":\"ppdegaliciaredes\",\"image\":{\"@type\":\"ImageObject\",\"inLanguage\":\"es\",\"@id\":\"https:\\\/\\\/secure.gravatar.com\\\/avatar\\\/3c9179cf0256d00c72a48d1f25783c58b6842cd56e85ef3a572881c8e28ccd59?s=96&d=mm&r=g\",\"url\":\"https:\\\/\\\/secure.gravatar.com\\\/avatar\\\/3c9179cf0256d00c72a48d1f25783c58b6842cd56e85ef3a572881c8e28ccd59?s=96&d=mm&r=g\",\"contentUrl\":\"https:\\\/\\\/secure.gravatar.com\\\/avatar\\\/3c9179cf0256d00c72a48d1f25783c58b6842cd56e85ef3a572881c8e28ccd59?s=96&d=mm&r=g\",\"caption\":\"ppdegaliciaredes\"},\"url\":\"https:\\\/\\\/ppdegalicia.com\\\/es\\\/author\\\/ppdegaliciaredes\\\/\"}]}<\/script>\n<!-- \/ Yoast SEO plugin. -->","yoast_head_json":{"title":"O PPdeG demanda ao Goberno central que ampl\u00ede o alcance e dotaci\u00f3n do PERTE de Econom\u00eda Circular - PP de Galicia","robots":{"index":"index","follow":"follow","max-snippet":"max-snippet:-1","max-image-preview":"max-image-preview:large","max-video-preview":"max-video-preview:-1"},"canonical":"https:\/\/ppdegalicia.com\/es\/o-ppdeg-demanda-ao-goberno-central-que-amplie-o-alcance-e-dotacion-do-perte-de-economia-circular\/","og_locale":"es_ES","og_type":"article","og_title":"O PPdeG demanda ao Goberno central que ampl\u00ede o alcance e dotaci\u00f3n do PERTE de Econom\u00eda Circular - PP de Galicia","og_description":"Santiago, 18 de outubro de 2022.-\u00a0 A portavoz de Medio Ambiente do Grupo Popular, Marisol D\u00edaz Mouteira, demandou hoxe no Pleno do Parlamento galego que \u201co Goberno central ampl\u00ede o alcance e dotaci\u00f3n do PERTE de Econom\u00eda Circular, de xeito que te\u00f1an cabida os proxectos tractores da Xunta de Galicia\u201d.","og_url":"https:\/\/ppdegalicia.com\/es\/o-ppdeg-demanda-ao-goberno-central-que-amplie-o-alcance-e-dotacion-do-perte-de-economia-circular\/","og_site_name":"PP de Galicia","article_publisher":"https:\/\/www.instagram.com\/ppdegalicia\/","article_published_time":"2022-10-18T08:59:26+00:00","og_image":[{"width":1900,"height":1267,"url":"https:\/\/ppdegalicia.com\/wp-content\/uploads\/2022\/10\/ad599b9fcc57857fe9e8210e5336a36d.jpg","type":"image\/jpeg"}],"author":"ppdegaliciaredes","twitter_card":"summary_large_image","twitter_creator":"@ppdegalicia","twitter_site":"@ppdegalicia","twitter_misc":{"Escrito por":"ppdegaliciaredes","Tiempo de lectura":"1 minuto"},"schema":{"@context":"https:\/\/schema.org","@graph":[{"@type":"Article","@id":"https:\/\/ppdegalicia.com\/es\/o-ppdeg-demanda-ao-goberno-central-que-amplie-o-alcance-e-dotacion-do-perte-de-economia-circular\/#article","isPartOf":{"@id":"https:\/\/ppdegalicia.com\/es\/o-ppdeg-demanda-ao-goberno-central-que-amplie-o-alcance-e-dotacion-do-perte-de-economia-circular\/"},"author":{"name":"ppdegaliciaredes","@id":"https:\/\/ppdegalicia.com\/es\/#\/schema\/person\/5b822c6f59e872ebdd1142f307dbcb59"},"headline":"O PPdeG demanda ao Goberno central que ampl\u00ede o alcance e dotaci\u00f3n do PERTE de Econom\u00eda Circular","datePublished":"2022-10-18T08:59:26+00:00","mainEntityOfPage":{"@id":"https:\/\/ppdegalicia.com\/es\/o-ppdeg-demanda-ao-goberno-central-que-amplie-o-alcance-e-dotacion-do-perte-de-economia-circular\/"},"wordCount":260,"commentCount":0,"publisher":{"@id":"https:\/\/ppdegalicia.com\/es\/#organization"},"image":{"@id":"https:\/\/ppdegalicia.com\/es\/o-ppdeg-demanda-ao-goberno-central-que-amplie-o-alcance-e-dotacion-do-perte-de-economia-circular\/#primaryimage"},"thumbnailUrl":"https:\/\/ppdegalicia.com\/wp-content\/uploads\/2022\/10\/ad599b9fcc57857fe9e8210e5336a36d.jpg","articleSection":["PP de Galicia"],"inLanguage":"es","potentialAction":[{"@type":"CommentAction","name":"Comment","target":["https:\/\/ppdegalicia.com\/es\/o-ppdeg-demanda-ao-goberno-central-que-amplie-o-alcance-e-dotacion-do-perte-de-economia-circular\/#respond"]}]},{"@type":"WebPage","@id":"https:\/\/ppdegalicia.com\/es\/o-ppdeg-demanda-ao-goberno-central-que-amplie-o-alcance-e-dotacion-do-perte-de-economia-circular\/","url":"https:\/\/ppdegalicia.com\/es\/o-ppdeg-demanda-ao-goberno-central-que-amplie-o-alcance-e-dotacion-do-perte-de-economia-circular\/","name":"O PPdeG demanda ao Goberno central que ampl\u00ede o alcance e dotaci\u00f3n do PERTE de Econom\u00eda Circular - PP de Galicia","isPartOf":{"@id":"https:\/\/ppdegalicia.com\/es\/#website"},"primaryImageOfPage":{"@id":"https:\/\/ppdegalicia.com\/es\/o-ppdeg-demanda-ao-goberno-central-que-amplie-o-alcance-e-dotacion-do-perte-de-economia-circular\/#primaryimage"},"image":{"@id":"https:\/\/ppdegalicia.com\/es\/o-ppdeg-demanda-ao-goberno-central-que-amplie-o-alcance-e-dotacion-do-perte-de-economia-circular\/#primaryimage"},"thumbnailUrl":"https:\/\/ppdegalicia.com\/wp-content\/uploads\/2022\/10\/ad599b9fcc57857fe9e8210e5336a36d.jpg","datePublished":"2022-10-18T08:59:26+00:00","breadcrumb":{"@id":"https:\/\/ppdegalicia.com\/es\/o-ppdeg-demanda-ao-goberno-central-que-amplie-o-alcance-e-dotacion-do-perte-de-economia-circular\/#breadcrumb"},"inLanguage":"es","potentialAction":[{"@type":"ReadAction","target":["https:\/\/ppdegalicia.com\/es\/o-ppdeg-demanda-ao-goberno-central-que-amplie-o-alcance-e-dotacion-do-perte-de-economia-circular\/"]}]},{"@type":"ImageObject","inLanguage":"es","@id":"https:\/\/ppdegalicia.com\/es\/o-ppdeg-demanda-ao-goberno-central-que-amplie-o-alcance-e-dotacion-do-perte-de-economia-circular\/#primaryimage","url":"https:\/\/ppdegalicia.com\/wp-content\/uploads\/2022\/10\/ad599b9fcc57857fe9e8210e5336a36d.jpg","contentUrl":"https:\/\/ppdegalicia.com\/wp-content\/uploads\/2022\/10\/ad599b9fcc57857fe9e8210e5336a36d.jpg","width":1900,"height":1267},{"@type":"BreadcrumbList","@id":"https:\/\/ppdegalicia.com\/es\/o-ppdeg-demanda-ao-goberno-central-que-amplie-o-alcance-e-dotacion-do-perte-de-economia-circular\/#breadcrumb","itemListElement":[{"@type":"ListItem","position":1,"name":"Portada","item":"https:\/\/ppdegalicia.com\/es\/"},{"@type":"ListItem","position":2,"name":"O PPdeG demanda ao Goberno central que ampl\u00ede o alcance e dotaci\u00f3n do PERTE de Econom\u00eda Circular"}]},{"@type":"WebSite","@id":"https:\/\/ppdegalicia.com\/es\/#website","url":"https:\/\/ppdegalicia.com\/es\/","name":"Partido Popular de Galicia","description":"Partido Popular de Galicia","publisher":{"@id":"https:\/\/ppdegalicia.com\/es\/#organization"},"alternateName":"PP de Galicia","potentialAction":[{"@type":"SearchAction","target":{"@type":"EntryPoint","urlTemplate":"https:\/\/ppdegalicia.com\/es\/?s={search_term_string}"},"query-input":{"@type":"PropertyValueSpecification","valueRequired":true,"valueName":"search_term_string"}}],"inLanguage":"es"},{"@type":"Organization","@id":"https:\/\/ppdegalicia.com\/es\/#organization","name":"Partido Popular de Galicia","alternateName":"PP de Galicia","url":"https:\/\/ppdegalicia.com\/es\/","logo":{"@type":"ImageObject","inLanguage":"es","@id":"https:\/\/ppdegalicia.com\/es\/#\/schema\/logo\/image\/","url":"https:\/\/ppdegalicia.com\/wp-content\/uploads\/2023\/04\/logoPP512.png","contentUrl":"https:\/\/ppdegalicia.com\/wp-content\/uploads\/2023\/04\/logoPP512.png","width":512,"height":512,"caption":"Partido Popular de Galicia"},"image":{"@id":"https:\/\/ppdegalicia.com\/es\/#\/schema\/logo\/image\/"},"sameAs":["https:\/\/www.instagram.com\/ppdegalicia\/","https:\/\/x.com\/ppdegalicia","https:\/\/www.tiktok.com\/@ppdegalicia","https:\/\/www.youtube.com\/user\/ppdegalicia"]},{"@type":"Person","@id":"https:\/\/ppdegalicia.com\/es\/#\/schema\/person\/5b822c6f59e872ebdd1142f307dbcb59","name":"ppdegaliciaredes","image":{"@type":"ImageObject","inLanguage":"es","@id":"https:\/\/secure.gravatar.com\/avatar\/3c9179cf0256d00c72a48d1f25783c58b6842cd56e85ef3a572881c8e28ccd59?s=96&d=mm&r=g","url":"https:\/\/secure.gravatar.com\/avatar\/3c9179cf0256d00c72a48d1f25783c58b6842cd56e85ef3a572881c8e28ccd59?s=96&d=mm&r=g","contentUrl":"https:\/\/secure.gravatar.com\/avatar\/3c9179cf0256d00c72a48d1f25783c58b6842cd56e85ef3a572881c8e28ccd59?s=96&d=mm&r=g","caption":"ppdegaliciaredes"},"url":"https:\/\/ppdegalicia.com\/es\/author\/ppdegaliciaredes\/"}]}},"_links":{"self":[{"href":"https:\/\/ppdegalicia.com\/es\/wp-json\/wp\/v2\/posts\/57519","targetHints":{"allow":["GET"]}}],"collection":[{"href":"https:\/\/ppdegalicia.com\/es\/wp-json\/wp\/v2\/posts"}],"about":[{"href":"https:\/\/ppdegalicia.com\/es\/wp-json\/wp\/v2\/types\/post"}],"author":[{"embeddable":true,"href":"https:\/\/ppdegalicia.com\/es\/wp-json\/wp\/v2\/users\/38"}],"replies":[{"embeddable":true,"href":"https:\/\/ppdegalicia.com\/es\/wp-json\/wp\/v2\/comments?post=57519"}],"version-history":[{"count":0,"href":"https:\/\/ppdegalicia.com\/es\/wp-json\/wp\/v2\/posts\/57519\/revisions"}],"wp:featuredmedia":[{"embeddable":true,"href":"https:\/\/ppdegalicia.com\/es\/wp-json\/wp\/v2\/media\/57518"}],"wp:attachment":[{"href":"https:\/\/ppdegalicia.com\/es\/wp-json\/wp\/v2\/media?parent=57519"}],"wp:term":[{"taxonomy":"category","embeddable":true,"href":"https:\/\/ppdegalicia.com\/es\/wp-json\/wp\/v2\/categories?post=57519"},{"taxonomy":"post_tag","embeddable":true,"href":"https:\/\/ppdegalicia.com\/es\/wp-json\/wp\/v2\/tags?post=57519"}],"curies":[{"name":"wp","href":"https:\/\/api.w.org\/{rel}","templated":true}]}}