{"id":57543,"date":"2022-10-21T12:28:29","date_gmt":"2022-10-21T10:28:29","guid":{"rendered":"https:\/\/ppdegalicia.com\/o-parlamento-pide-a-implantacion-de-titulos-universitarios-de-grao-ou-master-con-mencion-dual-que-faciliten-a-insercion-laboral-dos-estudantes\/"},"modified":"2022-10-21T12:28:29","modified_gmt":"2022-10-21T10:28:29","slug":"o-parlamento-pide-a-implantacion-de-titulos-universitarios-de-grao-ou-master-con-mencion-dual-que-faciliten-a-insercion-laboral-dos-estudantes","status":"publish","type":"post","link":"https:\/\/ppdegalicia.com\/es\/o-parlamento-pide-a-implantacion-de-titulos-universitarios-de-grao-ou-master-con-mencion-dual-que-faciliten-a-insercion-laboral-dos-estudantes\/","title":{"rendered":"O Parlamento pide a implantaci\u00f3n de t\u00edtulos universitarios de grao ou master con Menci\u00f3n Dual que faciliten a inserci\u00f3n laboral dos estudantes"},"content":{"rendered":"<p><img fetchpriority=\"high\" decoding=\"async\" class=\" size-full wp-image-57542\" src=\"https:\/\/ppdegalicia.com\/wp-content\/uploads\/2022\/10\/1f58058e5645bede769e1fd27e893b50.jpg\" alt=\"\" width=\"1900\" height=\"1267\" srcset=\"https:\/\/ppdegalicia.com\/wp-content\/uploads\/2022\/10\/1f58058e5645bede769e1fd27e893b50.jpg 1900w, https:\/\/ppdegalicia.com\/wp-content\/uploads\/2022\/10\/1f58058e5645bede769e1fd27e893b50-300x200.jpg 300w, https:\/\/ppdegalicia.com\/wp-content\/uploads\/2022\/10\/1f58058e5645bede769e1fd27e893b50-1024x683.jpg 1024w, https:\/\/ppdegalicia.com\/wp-content\/uploads\/2022\/10\/1f58058e5645bede769e1fd27e893b50-768x512.jpg 768w, https:\/\/ppdegalicia.com\/wp-content\/uploads\/2022\/10\/1f58058e5645bede769e1fd27e893b50-1536x1024.jpg 1536w\" sizes=\"(max-width: 1900px) 100vw, 1900px\" \/><\/p>\n<p>Santiago, 21 de outubro de 2022.-\u00a0 O Parlamento de Galicia aprobou hoxe a proposici\u00f3n non de lei do Grupo Popular, sen o apoio dos deputados do BNG, a trav\u00e9s da que se insta \u00e1 Xunta a habilitar, en colaboraci\u00f3n coas universidades galegas, mecanismos que reforcen a formaci\u00f3n integral e a empregabilidade dos estudantes galegos a trav\u00e9s dunha implantaci\u00f3n progresiva de t\u00edtulos de grao ou de master con Menci\u00f3n Dual, que atenda \u00e1s necesidades do tecido socioprodutivo de Galicia e mellore os futuros perf\u00eds profesionais.<\/p>\n<p><!--more--><\/p>\n<p>\u201cConsideramos que \u00e9 un asunto importante para mellorar a inserci\u00f3n laboral dos estudantes universitarios a trav\u00e9s da mellora da s\u00faa formaci\u00f3n pr\u00e1ctica e transferindo o co\u00f1ecemento das empresas e instituci\u00f3ns ao alumnado\u201d, sinalou o portavoz popular de Educaci\u00f3n, Ovidio Rodeiro.<\/p>\n<p>Na s\u00faa intervenci\u00f3n, Rodeiro salientou que \u201ca FP Dual est\u00e1 a funcionar e acadar bos resultados de inserci\u00f3n laboral\u201d, polo que considerou \u201cunha oportunidade lograr unha universidade galega m\u00e1is conectada \u00e1 realidade empresarial\u201d. <\/p>\n<p><strong>EXPERIENCIAS PROFESIONAIS<\/strong><\/p>\n<p>Neste sentido, apuntou que a Xunta e as universidades de Santiago, Vigo e A Coru\u00f1a \u201clevan varios anos traballando na racionalizaci\u00f3n e modernizaci\u00f3n da oferta de titulaci\u00f3ns universitarias en Galicia\u201d. Este traballo tivo como resultado a elaboraci\u00f3n do acordo marco para un novo mapa de titulaci\u00f3ns do sistema universitario de Galicia para o per\u00edodo 2022-2026, dando continuidade ao realizado entre 2017 e 2021.<\/p>\n<p>\u201cAdemais de avanzar na variedade da oferta formativa, consideramos que, de xeito complementario, as titulaci\u00f3ns universitarias poden verse reforzadas con experiencias que sumen ao \u00e1mbito acad\u00e9mico e empresarial\u201d, indicou Ovidio Rodeiro. As\u00ed, explicou que \u201cse trata de potenciar a formaci\u00f3n pr\u00e1ctica en centros de traballo para os estudantes universitarios, co obxectivo de mellorar os perf\u00eds profesionais e poder dar resposta \u00e1s novas necesidades da sociedade e do mercado laboral\u201d.<\/p>\n<p>O\u00a0 Grupo Popular defende que o Goberno galego e as universidades avancen na formaci\u00f3n integral e na empregabilidade dos universitarios a trav\u00e9s da Menci\u00f3n Dual en t\u00edtulos universitarios implantados en Galicia. \u201cAdemais de impulsar os tr\u00e1mites precisos para determinar que t\u00edtulos de grao ou master ser\u00edan os m\u00e1is axeitados para a Menci\u00f3n Dual, faise preciso establecer canles de colaboraci\u00f3n co tecido socioprodutivo de Galicia para acertar no proxecto formativo com\u00fan entre o centro universitario e a entidade colaboradora\u201d, sinalou.<\/p>\n","protected":false},"excerpt":{"rendered":"<p>Santiago, 21 de outubro de 2022.-\u00a0 O Parlamento de Galicia aprobou hoxe a proposici\u00f3n non de lei do Grupo Popular, sen o apoio dos deputados do BNG, a trav\u00e9s da que se insta \u00e1 Xunta a habilitar, en colaboraci\u00f3n coas universidades galegas, mecanismos que reforcen a formaci\u00f3n integral e a empregabilidade dos estudantes galegos a [&hellip;]<\/p>\n","protected":false},"author":38,"featured_media":57542,"comment_status":"open","ping_status":"open","sticky":false,"template":"","format":"standard","meta":{"_acf_changed":false,"footnotes":""},"categories":[1],"tags":[],"class_list":["post-57543","post","type-post","status-publish","format-standard","has-post-thumbnail","hentry","category-pp-de-galicia"],"acf":[],"yoast_head":"<!-- This site is optimized with the Yoast SEO plugin v27.3 - https:\/\/yoast.com\/product\/yoast-seo-wordpress\/ -->\n<title>O Parlamento pide a implantaci\u00f3n de t\u00edtulos universitarios de grao ou master con Menci\u00f3n Dual que faciliten a inserci\u00f3n laboral dos estudantes - PP de Galicia<\/title>\n<meta name=\"robots\" content=\"index, follow, max-snippet:-1, max-image-preview:large, max-video-preview:-1\" \/>\n<link rel=\"canonical\" href=\"https:\/\/ppdegalicia.com\/es\/o-parlamento-pide-a-implantacion-de-titulos-universitarios-de-grao-ou-master-con-mencion-dual-que-faciliten-a-insercion-laboral-dos-estudantes\/\" \/>\n<meta property=\"og:locale\" content=\"es_ES\" \/>\n<meta property=\"og:type\" content=\"article\" \/>\n<meta property=\"og:title\" content=\"O Parlamento pide a implantaci\u00f3n de t\u00edtulos universitarios de grao ou master con Menci\u00f3n Dual que faciliten a inserci\u00f3n laboral dos estudantes - PP de Galicia\" \/>\n<meta property=\"og:description\" content=\"Santiago, 21 de outubro de 2022.-\u00a0 O Parlamento de Galicia aprobou hoxe a proposici\u00f3n non de lei do Grupo Popular, sen o apoio dos deputados do BNG, a trav\u00e9s da que se insta \u00e1 Xunta a habilitar, en colaboraci\u00f3n coas universidades galegas, mecanismos que reforcen a formaci\u00f3n integral e a empregabilidade dos estudantes galegos a [&hellip;]\" \/>\n<meta property=\"og:url\" content=\"https:\/\/ppdegalicia.com\/es\/o-parlamento-pide-a-implantacion-de-titulos-universitarios-de-grao-ou-master-con-mencion-dual-que-faciliten-a-insercion-laboral-dos-estudantes\/\" \/>\n<meta property=\"og:site_name\" content=\"PP de Galicia\" \/>\n<meta property=\"article:publisher\" content=\"https:\/\/www.instagram.com\/ppdegalicia\/\" \/>\n<meta property=\"article:published_time\" content=\"2022-10-21T10:28:29+00:00\" \/>\n<meta property=\"og:image\" content=\"https:\/\/ppdegalicia.com\/wp-content\/uploads\/2022\/10\/1f58058e5645bede769e1fd27e893b50.jpg\" \/>\n\t<meta property=\"og:image:width\" content=\"1900\" \/>\n\t<meta property=\"og:image:height\" content=\"1267\" \/>\n\t<meta property=\"og:image:type\" content=\"image\/jpeg\" \/>\n<meta name=\"author\" content=\"ppdegaliciaredes\" \/>\n<meta name=\"twitter:card\" content=\"summary_large_image\" \/>\n<meta name=\"twitter:creator\" content=\"@ppdegalicia\" \/>\n<meta name=\"twitter:site\" content=\"@ppdegalicia\" \/>\n<meta name=\"twitter:label1\" content=\"Escrito por\" \/>\n\t<meta name=\"twitter:data1\" content=\"ppdegaliciaredes\" \/>\n\t<meta name=\"twitter:label2\" content=\"Tiempo de lectura\" \/>\n\t<meta name=\"twitter:data2\" content=\"2 minutos\" \/>\n<script type=\"application\/ld+json\" class=\"yoast-schema-graph\">{\"@context\":\"https:\\\/\\\/schema.org\",\"@graph\":[{\"@type\":\"Article\",\"@id\":\"https:\\\/\\\/ppdegalicia.com\\\/es\\\/o-parlamento-pide-a-implantacion-de-titulos-universitarios-de-grao-ou-master-con-mencion-dual-que-faciliten-a-insercion-laboral-dos-estudantes\\\/#article\",\"isPartOf\":{\"@id\":\"https:\\\/\\\/ppdegalicia.com\\\/es\\\/o-parlamento-pide-a-implantacion-de-titulos-universitarios-de-grao-ou-master-con-mencion-dual-que-faciliten-a-insercion-laboral-dos-estudantes\\\/\"},\"author\":{\"name\":\"ppdegaliciaredes\",\"@id\":\"https:\\\/\\\/ppdegalicia.com\\\/es\\\/#\\\/schema\\\/person\\\/5b822c6f59e872ebdd1142f307dbcb59\"},\"headline\":\"O Parlamento pide a implantaci\u00f3n de t\u00edtulos universitarios de grao ou master con Menci\u00f3n Dual que faciliten a inserci\u00f3n laboral dos estudantes\",\"datePublished\":\"2022-10-21T10:28:29+00:00\",\"mainEntityOfPage\":{\"@id\":\"https:\\\/\\\/ppdegalicia.com\\\/es\\\/o-parlamento-pide-a-implantacion-de-titulos-universitarios-de-grao-ou-master-con-mencion-dual-que-faciliten-a-insercion-laboral-dos-estudantes\\\/\"},\"wordCount\":434,\"commentCount\":0,\"publisher\":{\"@id\":\"https:\\\/\\\/ppdegalicia.com\\\/es\\\/#organization\"},\"image\":{\"@id\":\"https:\\\/\\\/ppdegalicia.com\\\/es\\\/o-parlamento-pide-a-implantacion-de-titulos-universitarios-de-grao-ou-master-con-mencion-dual-que-faciliten-a-insercion-laboral-dos-estudantes\\\/#primaryimage\"},\"thumbnailUrl\":\"https:\\\/\\\/ppdegalicia.com\\\/wp-content\\\/uploads\\\/2022\\\/10\\\/1f58058e5645bede769e1fd27e893b50.jpg\",\"articleSection\":[\"PP de Galicia\"],\"inLanguage\":\"es\",\"potentialAction\":[{\"@type\":\"CommentAction\",\"name\":\"Comment\",\"target\":[\"https:\\\/\\\/ppdegalicia.com\\\/es\\\/o-parlamento-pide-a-implantacion-de-titulos-universitarios-de-grao-ou-master-con-mencion-dual-que-faciliten-a-insercion-laboral-dos-estudantes\\\/#respond\"]}]},{\"@type\":\"WebPage\",\"@id\":\"https:\\\/\\\/ppdegalicia.com\\\/es\\\/o-parlamento-pide-a-implantacion-de-titulos-universitarios-de-grao-ou-master-con-mencion-dual-que-faciliten-a-insercion-laboral-dos-estudantes\\\/\",\"url\":\"https:\\\/\\\/ppdegalicia.com\\\/es\\\/o-parlamento-pide-a-implantacion-de-titulos-universitarios-de-grao-ou-master-con-mencion-dual-que-faciliten-a-insercion-laboral-dos-estudantes\\\/\",\"name\":\"O Parlamento pide a implantaci\u00f3n de t\u00edtulos universitarios de grao ou master con Menci\u00f3n Dual que faciliten a inserci\u00f3n laboral dos estudantes - PP de Galicia\",\"isPartOf\":{\"@id\":\"https:\\\/\\\/ppdegalicia.com\\\/es\\\/#website\"},\"primaryImageOfPage\":{\"@id\":\"https:\\\/\\\/ppdegalicia.com\\\/es\\\/o-parlamento-pide-a-implantacion-de-titulos-universitarios-de-grao-ou-master-con-mencion-dual-que-faciliten-a-insercion-laboral-dos-estudantes\\\/#primaryimage\"},\"image\":{\"@id\":\"https:\\\/\\\/ppdegalicia.com\\\/es\\\/o-parlamento-pide-a-implantacion-de-titulos-universitarios-de-grao-ou-master-con-mencion-dual-que-faciliten-a-insercion-laboral-dos-estudantes\\\/#primaryimage\"},\"thumbnailUrl\":\"https:\\\/\\\/ppdegalicia.com\\\/wp-content\\\/uploads\\\/2022\\\/10\\\/1f58058e5645bede769e1fd27e893b50.jpg\",\"datePublished\":\"2022-10-21T10:28:29+00:00\",\"breadcrumb\":{\"@id\":\"https:\\\/\\\/ppdegalicia.com\\\/es\\\/o-parlamento-pide-a-implantacion-de-titulos-universitarios-de-grao-ou-master-con-mencion-dual-que-faciliten-a-insercion-laboral-dos-estudantes\\\/#breadcrumb\"},\"inLanguage\":\"es\",\"potentialAction\":[{\"@type\":\"ReadAction\",\"target\":[\"https:\\\/\\\/ppdegalicia.com\\\/es\\\/o-parlamento-pide-a-implantacion-de-titulos-universitarios-de-grao-ou-master-con-mencion-dual-que-faciliten-a-insercion-laboral-dos-estudantes\\\/\"]}]},{\"@type\":\"ImageObject\",\"inLanguage\":\"es\",\"@id\":\"https:\\\/\\\/ppdegalicia.com\\\/es\\\/o-parlamento-pide-a-implantacion-de-titulos-universitarios-de-grao-ou-master-con-mencion-dual-que-faciliten-a-insercion-laboral-dos-estudantes\\\/#primaryimage\",\"url\":\"https:\\\/\\\/ppdegalicia.com\\\/wp-content\\\/uploads\\\/2022\\\/10\\\/1f58058e5645bede769e1fd27e893b50.jpg\",\"contentUrl\":\"https:\\\/\\\/ppdegalicia.com\\\/wp-content\\\/uploads\\\/2022\\\/10\\\/1f58058e5645bede769e1fd27e893b50.jpg\",\"width\":1900,\"height\":1267},{\"@type\":\"BreadcrumbList\",\"@id\":\"https:\\\/\\\/ppdegalicia.com\\\/es\\\/o-parlamento-pide-a-implantacion-de-titulos-universitarios-de-grao-ou-master-con-mencion-dual-que-faciliten-a-insercion-laboral-dos-estudantes\\\/#breadcrumb\",\"itemListElement\":[{\"@type\":\"ListItem\",\"position\":1,\"name\":\"Portada\",\"item\":\"https:\\\/\\\/ppdegalicia.com\\\/es\\\/\"},{\"@type\":\"ListItem\",\"position\":2,\"name\":\"O Parlamento pide a implantaci\u00f3n de t\u00edtulos universitarios de grao ou master con Menci\u00f3n Dual que faciliten a inserci\u00f3n laboral dos estudantes\"}]},{\"@type\":\"WebSite\",\"@id\":\"https:\\\/\\\/ppdegalicia.com\\\/es\\\/#website\",\"url\":\"https:\\\/\\\/ppdegalicia.com\\\/es\\\/\",\"name\":\"Partido Popular de Galicia\",\"description\":\"Partido Popular de Galicia\",\"publisher\":{\"@id\":\"https:\\\/\\\/ppdegalicia.com\\\/es\\\/#organization\"},\"alternateName\":\"PP de Galicia\",\"potentialAction\":[{\"@type\":\"SearchAction\",\"target\":{\"@type\":\"EntryPoint\",\"urlTemplate\":\"https:\\\/\\\/ppdegalicia.com\\\/es\\\/?s={search_term_string}\"},\"query-input\":{\"@type\":\"PropertyValueSpecification\",\"valueRequired\":true,\"valueName\":\"search_term_string\"}}],\"inLanguage\":\"es\"},{\"@type\":\"Organization\",\"@id\":\"https:\\\/\\\/ppdegalicia.com\\\/es\\\/#organization\",\"name\":\"Partido Popular de Galicia\",\"alternateName\":\"PP de Galicia\",\"url\":\"https:\\\/\\\/ppdegalicia.com\\\/es\\\/\",\"logo\":{\"@type\":\"ImageObject\",\"inLanguage\":\"es\",\"@id\":\"https:\\\/\\\/ppdegalicia.com\\\/es\\\/#\\\/schema\\\/logo\\\/image\\\/\",\"url\":\"https:\\\/\\\/ppdegalicia.com\\\/wp-content\\\/uploads\\\/2023\\\/04\\\/logoPP512.png\",\"contentUrl\":\"https:\\\/\\\/ppdegalicia.com\\\/wp-content\\\/uploads\\\/2023\\\/04\\\/logoPP512.png\",\"width\":512,\"height\":512,\"caption\":\"Partido Popular de Galicia\"},\"image\":{\"@id\":\"https:\\\/\\\/ppdegalicia.com\\\/es\\\/#\\\/schema\\\/logo\\\/image\\\/\"},\"sameAs\":[\"https:\\\/\\\/www.instagram.com\\\/ppdegalicia\\\/\",\"https:\\\/\\\/x.com\\\/ppdegalicia\",\"https:\\\/\\\/www.tiktok.com\\\/@ppdegalicia\",\"https:\\\/\\\/www.youtube.com\\\/user\\\/ppdegalicia\"]},{\"@type\":\"Person\",\"@id\":\"https:\\\/\\\/ppdegalicia.com\\\/es\\\/#\\\/schema\\\/person\\\/5b822c6f59e872ebdd1142f307dbcb59\",\"name\":\"ppdegaliciaredes\",\"image\":{\"@type\":\"ImageObject\",\"inLanguage\":\"es\",\"@id\":\"https:\\\/\\\/secure.gravatar.com\\\/avatar\\\/3c9179cf0256d00c72a48d1f25783c58b6842cd56e85ef3a572881c8e28ccd59?s=96&d=mm&r=g\",\"url\":\"https:\\\/\\\/secure.gravatar.com\\\/avatar\\\/3c9179cf0256d00c72a48d1f25783c58b6842cd56e85ef3a572881c8e28ccd59?s=96&d=mm&r=g\",\"contentUrl\":\"https:\\\/\\\/secure.gravatar.com\\\/avatar\\\/3c9179cf0256d00c72a48d1f25783c58b6842cd56e85ef3a572881c8e28ccd59?s=96&d=mm&r=g\",\"caption\":\"ppdegaliciaredes\"},\"url\":\"https:\\\/\\\/ppdegalicia.com\\\/es\\\/author\\\/ppdegaliciaredes\\\/\"}]}<\/script>\n<!-- \/ Yoast SEO plugin. -->","yoast_head_json":{"title":"O Parlamento pide a implantaci\u00f3n de t\u00edtulos universitarios de grao ou master con Menci\u00f3n Dual que faciliten a inserci\u00f3n laboral dos estudantes - PP de Galicia","robots":{"index":"index","follow":"follow","max-snippet":"max-snippet:-1","max-image-preview":"max-image-preview:large","max-video-preview":"max-video-preview:-1"},"canonical":"https:\/\/ppdegalicia.com\/es\/o-parlamento-pide-a-implantacion-de-titulos-universitarios-de-grao-ou-master-con-mencion-dual-que-faciliten-a-insercion-laboral-dos-estudantes\/","og_locale":"es_ES","og_type":"article","og_title":"O Parlamento pide a implantaci\u00f3n de t\u00edtulos universitarios de grao ou master con Menci\u00f3n Dual que faciliten a inserci\u00f3n laboral dos estudantes - PP de Galicia","og_description":"Santiago, 21 de outubro de 2022.-\u00a0 O Parlamento de Galicia aprobou hoxe a proposici\u00f3n non de lei do Grupo Popular, sen o apoio dos deputados do BNG, a trav\u00e9s da que se insta \u00e1 Xunta a habilitar, en colaboraci\u00f3n coas universidades galegas, mecanismos que reforcen a formaci\u00f3n integral e a empregabilidade dos estudantes galegos a [&hellip;]","og_url":"https:\/\/ppdegalicia.com\/es\/o-parlamento-pide-a-implantacion-de-titulos-universitarios-de-grao-ou-master-con-mencion-dual-que-faciliten-a-insercion-laboral-dos-estudantes\/","og_site_name":"PP de Galicia","article_publisher":"https:\/\/www.instagram.com\/ppdegalicia\/","article_published_time":"2022-10-21T10:28:29+00:00","og_image":[{"width":1900,"height":1267,"url":"https:\/\/ppdegalicia.com\/wp-content\/uploads\/2022\/10\/1f58058e5645bede769e1fd27e893b50.jpg","type":"image\/jpeg"}],"author":"ppdegaliciaredes","twitter_card":"summary_large_image","twitter_creator":"@ppdegalicia","twitter_site":"@ppdegalicia","twitter_misc":{"Escrito por":"ppdegaliciaredes","Tiempo de lectura":"2 minutos"},"schema":{"@context":"https:\/\/schema.org","@graph":[{"@type":"Article","@id":"https:\/\/ppdegalicia.com\/es\/o-parlamento-pide-a-implantacion-de-titulos-universitarios-de-grao-ou-master-con-mencion-dual-que-faciliten-a-insercion-laboral-dos-estudantes\/#article","isPartOf":{"@id":"https:\/\/ppdegalicia.com\/es\/o-parlamento-pide-a-implantacion-de-titulos-universitarios-de-grao-ou-master-con-mencion-dual-que-faciliten-a-insercion-laboral-dos-estudantes\/"},"author":{"name":"ppdegaliciaredes","@id":"https:\/\/ppdegalicia.com\/es\/#\/schema\/person\/5b822c6f59e872ebdd1142f307dbcb59"},"headline":"O Parlamento pide a implantaci\u00f3n de t\u00edtulos universitarios de grao ou master con Menci\u00f3n Dual que faciliten a inserci\u00f3n laboral dos estudantes","datePublished":"2022-10-21T10:28:29+00:00","mainEntityOfPage":{"@id":"https:\/\/ppdegalicia.com\/es\/o-parlamento-pide-a-implantacion-de-titulos-universitarios-de-grao-ou-master-con-mencion-dual-que-faciliten-a-insercion-laboral-dos-estudantes\/"},"wordCount":434,"commentCount":0,"publisher":{"@id":"https:\/\/ppdegalicia.com\/es\/#organization"},"image":{"@id":"https:\/\/ppdegalicia.com\/es\/o-parlamento-pide-a-implantacion-de-titulos-universitarios-de-grao-ou-master-con-mencion-dual-que-faciliten-a-insercion-laboral-dos-estudantes\/#primaryimage"},"thumbnailUrl":"https:\/\/ppdegalicia.com\/wp-content\/uploads\/2022\/10\/1f58058e5645bede769e1fd27e893b50.jpg","articleSection":["PP de Galicia"],"inLanguage":"es","potentialAction":[{"@type":"CommentAction","name":"Comment","target":["https:\/\/ppdegalicia.com\/es\/o-parlamento-pide-a-implantacion-de-titulos-universitarios-de-grao-ou-master-con-mencion-dual-que-faciliten-a-insercion-laboral-dos-estudantes\/#respond"]}]},{"@type":"WebPage","@id":"https:\/\/ppdegalicia.com\/es\/o-parlamento-pide-a-implantacion-de-titulos-universitarios-de-grao-ou-master-con-mencion-dual-que-faciliten-a-insercion-laboral-dos-estudantes\/","url":"https:\/\/ppdegalicia.com\/es\/o-parlamento-pide-a-implantacion-de-titulos-universitarios-de-grao-ou-master-con-mencion-dual-que-faciliten-a-insercion-laboral-dos-estudantes\/","name":"O Parlamento pide a implantaci\u00f3n de t\u00edtulos universitarios de grao ou master con Menci\u00f3n Dual que faciliten a inserci\u00f3n laboral dos estudantes - PP de Galicia","isPartOf":{"@id":"https:\/\/ppdegalicia.com\/es\/#website"},"primaryImageOfPage":{"@id":"https:\/\/ppdegalicia.com\/es\/o-parlamento-pide-a-implantacion-de-titulos-universitarios-de-grao-ou-master-con-mencion-dual-que-faciliten-a-insercion-laboral-dos-estudantes\/#primaryimage"},"image":{"@id":"https:\/\/ppdegalicia.com\/es\/o-parlamento-pide-a-implantacion-de-titulos-universitarios-de-grao-ou-master-con-mencion-dual-que-faciliten-a-insercion-laboral-dos-estudantes\/#primaryimage"},"thumbnailUrl":"https:\/\/ppdegalicia.com\/wp-content\/uploads\/2022\/10\/1f58058e5645bede769e1fd27e893b50.jpg","datePublished":"2022-10-21T10:28:29+00:00","breadcrumb":{"@id":"https:\/\/ppdegalicia.com\/es\/o-parlamento-pide-a-implantacion-de-titulos-universitarios-de-grao-ou-master-con-mencion-dual-que-faciliten-a-insercion-laboral-dos-estudantes\/#breadcrumb"},"inLanguage":"es","potentialAction":[{"@type":"ReadAction","target":["https:\/\/ppdegalicia.com\/es\/o-parlamento-pide-a-implantacion-de-titulos-universitarios-de-grao-ou-master-con-mencion-dual-que-faciliten-a-insercion-laboral-dos-estudantes\/"]}]},{"@type":"ImageObject","inLanguage":"es","@id":"https:\/\/ppdegalicia.com\/es\/o-parlamento-pide-a-implantacion-de-titulos-universitarios-de-grao-ou-master-con-mencion-dual-que-faciliten-a-insercion-laboral-dos-estudantes\/#primaryimage","url":"https:\/\/ppdegalicia.com\/wp-content\/uploads\/2022\/10\/1f58058e5645bede769e1fd27e893b50.jpg","contentUrl":"https:\/\/ppdegalicia.com\/wp-content\/uploads\/2022\/10\/1f58058e5645bede769e1fd27e893b50.jpg","width":1900,"height":1267},{"@type":"BreadcrumbList","@id":"https:\/\/ppdegalicia.com\/es\/o-parlamento-pide-a-implantacion-de-titulos-universitarios-de-grao-ou-master-con-mencion-dual-que-faciliten-a-insercion-laboral-dos-estudantes\/#breadcrumb","itemListElement":[{"@type":"ListItem","position":1,"name":"Portada","item":"https:\/\/ppdegalicia.com\/es\/"},{"@type":"ListItem","position":2,"name":"O Parlamento pide a implantaci\u00f3n de t\u00edtulos universitarios de grao ou master con Menci\u00f3n Dual que faciliten a inserci\u00f3n laboral dos estudantes"}]},{"@type":"WebSite","@id":"https:\/\/ppdegalicia.com\/es\/#website","url":"https:\/\/ppdegalicia.com\/es\/","name":"Partido Popular de Galicia","description":"Partido Popular de Galicia","publisher":{"@id":"https:\/\/ppdegalicia.com\/es\/#organization"},"alternateName":"PP de Galicia","potentialAction":[{"@type":"SearchAction","target":{"@type":"EntryPoint","urlTemplate":"https:\/\/ppdegalicia.com\/es\/?s={search_term_string}"},"query-input":{"@type":"PropertyValueSpecification","valueRequired":true,"valueName":"search_term_string"}}],"inLanguage":"es"},{"@type":"Organization","@id":"https:\/\/ppdegalicia.com\/es\/#organization","name":"Partido Popular de Galicia","alternateName":"PP de Galicia","url":"https:\/\/ppdegalicia.com\/es\/","logo":{"@type":"ImageObject","inLanguage":"es","@id":"https:\/\/ppdegalicia.com\/es\/#\/schema\/logo\/image\/","url":"https:\/\/ppdegalicia.com\/wp-content\/uploads\/2023\/04\/logoPP512.png","contentUrl":"https:\/\/ppdegalicia.com\/wp-content\/uploads\/2023\/04\/logoPP512.png","width":512,"height":512,"caption":"Partido Popular de Galicia"},"image":{"@id":"https:\/\/ppdegalicia.com\/es\/#\/schema\/logo\/image\/"},"sameAs":["https:\/\/www.instagram.com\/ppdegalicia\/","https:\/\/x.com\/ppdegalicia","https:\/\/www.tiktok.com\/@ppdegalicia","https:\/\/www.youtube.com\/user\/ppdegalicia"]},{"@type":"Person","@id":"https:\/\/ppdegalicia.com\/es\/#\/schema\/person\/5b822c6f59e872ebdd1142f307dbcb59","name":"ppdegaliciaredes","image":{"@type":"ImageObject","inLanguage":"es","@id":"https:\/\/secure.gravatar.com\/avatar\/3c9179cf0256d00c72a48d1f25783c58b6842cd56e85ef3a572881c8e28ccd59?s=96&d=mm&r=g","url":"https:\/\/secure.gravatar.com\/avatar\/3c9179cf0256d00c72a48d1f25783c58b6842cd56e85ef3a572881c8e28ccd59?s=96&d=mm&r=g","contentUrl":"https:\/\/secure.gravatar.com\/avatar\/3c9179cf0256d00c72a48d1f25783c58b6842cd56e85ef3a572881c8e28ccd59?s=96&d=mm&r=g","caption":"ppdegaliciaredes"},"url":"https:\/\/ppdegalicia.com\/es\/author\/ppdegaliciaredes\/"}]}},"_links":{"self":[{"href":"https:\/\/ppdegalicia.com\/es\/wp-json\/wp\/v2\/posts\/57543","targetHints":{"allow":["GET"]}}],"collection":[{"href":"https:\/\/ppdegalicia.com\/es\/wp-json\/wp\/v2\/posts"}],"about":[{"href":"https:\/\/ppdegalicia.com\/es\/wp-json\/wp\/v2\/types\/post"}],"author":[{"embeddable":true,"href":"https:\/\/ppdegalicia.com\/es\/wp-json\/wp\/v2\/users\/38"}],"replies":[{"embeddable":true,"href":"https:\/\/ppdegalicia.com\/es\/wp-json\/wp\/v2\/comments?post=57543"}],"version-history":[{"count":0,"href":"https:\/\/ppdegalicia.com\/es\/wp-json\/wp\/v2\/posts\/57543\/revisions"}],"wp:featuredmedia":[{"embeddable":true,"href":"https:\/\/ppdegalicia.com\/es\/wp-json\/wp\/v2\/media\/57542"}],"wp:attachment":[{"href":"https:\/\/ppdegalicia.com\/es\/wp-json\/wp\/v2\/media?parent=57543"}],"wp:term":[{"taxonomy":"category","embeddable":true,"href":"https:\/\/ppdegalicia.com\/es\/wp-json\/wp\/v2\/categories?post=57543"},{"taxonomy":"post_tag","embeddable":true,"href":"https:\/\/ppdegalicia.com\/es\/wp-json\/wp\/v2\/tags?post=57543"}],"curies":[{"name":"wp","href":"https:\/\/api.w.org\/{rel}","templated":true}]}}