{"id":57553,"date":"2022-10-26T11:34:22","date_gmt":"2022-10-26T09:34:22","guid":{"rendered":"https:\/\/ppdegalicia.com\/miguel-tellado-el-gobierno-central-tiene-que-poner-todos-los-medios-para-saber-las-causas-del-naufragio-del-villa-de-pitanxo-y-recuperar-los-cuerpos-de-las-victimas\/"},"modified":"2022-10-26T11:34:22","modified_gmt":"2022-10-26T09:34:22","slug":"miguel-tellado-el-gobierno-central-tiene-que-poner-todos-los-medios-para-saber-las-causas-del-naufragio-del-villa-de-pitanxo-y-recuperar-los-cuerpos-de-las-victimas","status":"publish","type":"post","link":"https:\/\/ppdegalicia.com\/es\/miguel-tellado-el-gobierno-central-tiene-que-poner-todos-los-medios-para-saber-las-causas-del-naufragio-del-villa-de-pitanxo-y-recuperar-los-cuerpos-de-las-victimas\/","title":{"rendered":"Miguel Tellado: \u201cEl Gobierno central tiene que poner todos los medios para saber las causas del naufragio del Villa de Pitanxo y recuperar los cuerpos de las v\u00edctimas\u201d"},"content":{"rendered":"<p><img fetchpriority=\"high\" decoding=\"async\" class=\" size-full wp-image-57552\" src=\"https:\/\/ppdegalicia.com\/wp-content\/uploads\/2022\/10\/2a49ae62e30342cd0543c9be6c3bfcb6.jpg\" alt=\"\" width=\"1240\" height=\"698\" srcset=\"https:\/\/ppdegalicia.com\/wp-content\/uploads\/2022\/10\/2a49ae62e30342cd0543c9be6c3bfcb6.jpg 1240w, https:\/\/ppdegalicia.com\/wp-content\/uploads\/2022\/10\/2a49ae62e30342cd0543c9be6c3bfcb6-300x169.jpg 300w, https:\/\/ppdegalicia.com\/wp-content\/uploads\/2022\/10\/2a49ae62e30342cd0543c9be6c3bfcb6-1024x576.jpg 1024w, https:\/\/ppdegalicia.com\/wp-content\/uploads\/2022\/10\/2a49ae62e30342cd0543c9be6c3bfcb6-768x432.jpg 768w\" sizes=\"(max-width: 1240px) 100vw, 1240px\" \/><\/p>\n<p>Hoy, en una entrevista en el programa <em>Galicia por diante<\/em>, de Radio Galega<\/p>\n<p><!--more--><\/p>\n<ul>\n<li>El vicesecretario de Organizaci\u00f3n Territorial del PP recuerda que los populares siempre defendieron el derecho de las familias de las v\u00edctimas del Villa de Pitanxo a conocer lo sucedido y a solicitar al Ejecutivo central trate de recuperar los cuerpos de sus familiares, celebrando que la Uni\u00f3n Europea, a trav\u00e9s de la Comisi\u00f3n de Peticiones, tambi\u00e9n se posicione con ellas. \u201cEs incomprensible la falta de sensibilidad del Gobierno de Espa\u00f1a y de su presidente\u201d, apunta cuestionando que Pedro S\u00e1nchez no haya recibido a las familias como si hicieron otras autoridades como Alberto N\u00fa\u00f1ez Feij\u00f3o: \u201cNo entendemos que el Gobierno no actuara hasta ahora y solo lo haga por la presi\u00f3n recibida\u201d.<\/li>\n<\/ul>\n<p>\u00a0<\/p>\n<ul>\n<li>Sobre el veto a la pesca de fondo, lamenta que el Gobierno de Espa\u00f1a no est\u00e9 defendiendo a los pescadores gallegos ni a los de las Comunidades que operan en los 87 caladeros afectados por la decisi\u00f3n Comisi\u00f3n Europea, que en Galicia afecta a uno de cada cuatro barcos de su flota y a 4.500 familias, suponiendo p\u00e9rdidas potenciales de 230 millones de euros anuales y el 53% de las ventas de producto fresco.<\/li>\n<\/ul>\n<p>\u00a0<\/p>\n<ul>\n<li>Insiste en que el Gobierno debe implicarse en la defensa del sector pesquero: \u201cTendr\u00eda que haber enviado a Bruselas la evaluaci\u00f3n del impacto socioecon\u00f3mico de este veto, presentado ya un recurso judicial y pedido la suspensi\u00f3n cautelar y no ha hecho ninguna de estas tres cosas. Hay una desatenci\u00f3n absoluta hacia nuestra flota, que ha sido abandonada en la defensa de nuestros intereses\u201d.<\/li>\n<\/ul>\n<p>\u00a0<\/p>\n<ul>\n<li>Afirma que los Presupuestos Generales del Estado son unas \u201ccuentas irreales\u201d, basadas en previsiones macroecon\u00f3micas que todos los organismos internacionales han demostrado que no se podr\u00e1n cumplir: \u201cSon la campa\u00f1a propagand\u00edstica de un Ejecutivo que est\u00e1 m\u00e1s preocupado por las elecciones generales del pr\u00f3ximo a\u00f1o que por atender la grave situaci\u00f3n que vive el pa\u00eds derivada de la pandemia, la guerra de Ucrania y la falta de gesti\u00f3n y previsi\u00f3n de un Gobierno que no gobierna\u201d.<\/li>\n<\/ul>\n<p>\u00a0<\/p>\n<ul>\n<li>Critica que, pese a que las familias espa\u00f1olas y las peque\u00f1as y medianas empresas son un 10% menos competitivas por una \u201cinflaci\u00f3n galopante\u201d, el Gobierno de S\u00e1nchez decida incrementar la presi\u00f3n fiscal: \u201cNo muestra sensibilidad hacia la problem\u00e1tica real del ciudadano real. Es un Gobierno que vive fuera de la realidad\u201d.<\/li>\n<\/ul>\n<p>\u00a0<\/p>\n<ul>\n<li>Ante las comparaciones realizadas por el Gobierno de Espa\u00f1a, aclara que el PP nunca ha pedido bajadas masivas de impuestos como ocurri\u00f3 en el Reino Unido, sino que defiende bajadas selectivas y dirigidas a reactivar la econom\u00eda y a paliar la crisis que padecen, especialmente, las familias de rentas medias y bajas. Al igual que lo acontecido en el Reino Unido, se\u00f1ala que Pedro S\u00e1nchez tambi\u00e9n pretende sacar adelante unas cuentas ficticias, que redundar\u00e1n en mayor d\u00e9ficit, mayor deuda y en la p\u00e9rdida de competitividad para nuestra econom\u00eda.<\/li>\n<\/ul>\n<p>\u00a0<\/p>\n<ul>\n<li>\u201cLos fondos europeos son una gran oportunidad para reactivar nuestra econom\u00eda que el Gobierno est\u00e1 desaprovechando\u201d, dice sobre la \u201cevidente mala gesti\u00f3n\u201d del Ejecutivo central, al que pide mayor participaci\u00f3n de las Comunidades Aut\u00f3nomas en el proceso, mayor agilidad en la ejecuci\u00f3n y mayor transparencia.<\/li>\n<\/ul>\n","protected":false},"excerpt":{"rendered":"<p>Hoy, en una entrevista en el programa Galicia por diante, de Radio Galega<\/p>\n","protected":false},"author":38,"featured_media":57552,"comment_status":"open","ping_status":"open","sticky":false,"template":"","format":"standard","meta":{"_acf_changed":false,"footnotes":""},"categories":[1],"tags":[],"class_list":["post-57553","post","type-post","status-publish","format-standard","has-post-thumbnail","hentry","category-pp-de-galicia"],"acf":[],"yoast_head":"<!-- This site is optimized with the Yoast SEO plugin v27.3 - https:\/\/yoast.com\/product\/yoast-seo-wordpress\/ -->\n<title>Miguel Tellado: \u201cEl Gobierno central tiene que poner todos los medios para saber las causas del naufragio del Villa de Pitanxo y recuperar los cuerpos de las v\u00edctimas\u201d - PP de Galicia<\/title>\n<meta name=\"robots\" content=\"index, follow, max-snippet:-1, max-image-preview:large, max-video-preview:-1\" \/>\n<link rel=\"canonical\" href=\"https:\/\/ppdegalicia.com\/es\/miguel-tellado-el-gobierno-central-tiene-que-poner-todos-los-medios-para-saber-las-causas-del-naufragio-del-villa-de-pitanxo-y-recuperar-los-cuerpos-de-las-victimas\/\" \/>\n<meta property=\"og:locale\" content=\"es_ES\" \/>\n<meta property=\"og:type\" content=\"article\" \/>\n<meta property=\"og:title\" content=\"Miguel Tellado: \u201cEl Gobierno central tiene que poner todos los medios para saber las causas del naufragio del Villa de Pitanxo y recuperar los cuerpos de las v\u00edctimas\u201d - PP de Galicia\" \/>\n<meta property=\"og:description\" content=\"Hoy, en una entrevista en el programa Galicia por diante, de Radio Galega\" \/>\n<meta property=\"og:url\" content=\"https:\/\/ppdegalicia.com\/es\/miguel-tellado-el-gobierno-central-tiene-que-poner-todos-los-medios-para-saber-las-causas-del-naufragio-del-villa-de-pitanxo-y-recuperar-los-cuerpos-de-las-victimas\/\" \/>\n<meta property=\"og:site_name\" content=\"PP de Galicia\" \/>\n<meta property=\"article:publisher\" content=\"https:\/\/www.instagram.com\/ppdegalicia\/\" \/>\n<meta property=\"article:published_time\" content=\"2022-10-26T09:34:22+00:00\" \/>\n<meta property=\"og:image\" content=\"https:\/\/ppdegalicia.com\/wp-content\/uploads\/2022\/10\/2a49ae62e30342cd0543c9be6c3bfcb6.jpg\" \/>\n\t<meta property=\"og:image:width\" content=\"1240\" \/>\n\t<meta property=\"og:image:height\" content=\"698\" \/>\n\t<meta property=\"og:image:type\" content=\"image\/jpeg\" \/>\n<meta name=\"author\" content=\"ppdegaliciaredes\" \/>\n<meta name=\"twitter:card\" content=\"summary_large_image\" \/>\n<meta name=\"twitter:creator\" content=\"@ppdegalicia\" \/>\n<meta name=\"twitter:site\" content=\"@ppdegalicia\" \/>\n<meta name=\"twitter:label1\" content=\"Escrito por\" \/>\n\t<meta name=\"twitter:data1\" content=\"ppdegaliciaredes\" \/>\n\t<meta name=\"twitter:label2\" content=\"Tiempo de lectura\" \/>\n\t<meta name=\"twitter:data2\" content=\"3 minutos\" \/>\n<script type=\"application\/ld+json\" class=\"yoast-schema-graph\">{\"@context\":\"https:\\\/\\\/schema.org\",\"@graph\":[{\"@type\":\"Article\",\"@id\":\"https:\\\/\\\/ppdegalicia.com\\\/es\\\/miguel-tellado-el-gobierno-central-tiene-que-poner-todos-los-medios-para-saber-las-causas-del-naufragio-del-villa-de-pitanxo-y-recuperar-los-cuerpos-de-las-victimas\\\/#article\",\"isPartOf\":{\"@id\":\"https:\\\/\\\/ppdegalicia.com\\\/es\\\/miguel-tellado-el-gobierno-central-tiene-que-poner-todos-los-medios-para-saber-las-causas-del-naufragio-del-villa-de-pitanxo-y-recuperar-los-cuerpos-de-las-victimas\\\/\"},\"author\":{\"name\":\"ppdegaliciaredes\",\"@id\":\"https:\\\/\\\/ppdegalicia.com\\\/es\\\/#\\\/schema\\\/person\\\/5b822c6f59e872ebdd1142f307dbcb59\"},\"headline\":\"Miguel Tellado: \u201cEl Gobierno central tiene que poner todos los medios para saber las causas del naufragio del Villa de Pitanxo y recuperar los cuerpos de las v\u00edctimas\u201d\",\"datePublished\":\"2022-10-26T09:34:22+00:00\",\"mainEntityOfPage\":{\"@id\":\"https:\\\/\\\/ppdegalicia.com\\\/es\\\/miguel-tellado-el-gobierno-central-tiene-que-poner-todos-los-medios-para-saber-las-causas-del-naufragio-del-villa-de-pitanxo-y-recuperar-los-cuerpos-de-las-victimas\\\/\"},\"wordCount\":596,\"commentCount\":0,\"publisher\":{\"@id\":\"https:\\\/\\\/ppdegalicia.com\\\/es\\\/#organization\"},\"image\":{\"@id\":\"https:\\\/\\\/ppdegalicia.com\\\/es\\\/miguel-tellado-el-gobierno-central-tiene-que-poner-todos-los-medios-para-saber-las-causas-del-naufragio-del-villa-de-pitanxo-y-recuperar-los-cuerpos-de-las-victimas\\\/#primaryimage\"},\"thumbnailUrl\":\"https:\\\/\\\/ppdegalicia.com\\\/wp-content\\\/uploads\\\/2022\\\/10\\\/2a49ae62e30342cd0543c9be6c3bfcb6.jpg\",\"articleSection\":[\"PP de Galicia\"],\"inLanguage\":\"es\",\"potentialAction\":[{\"@type\":\"CommentAction\",\"name\":\"Comment\",\"target\":[\"https:\\\/\\\/ppdegalicia.com\\\/es\\\/miguel-tellado-el-gobierno-central-tiene-que-poner-todos-los-medios-para-saber-las-causas-del-naufragio-del-villa-de-pitanxo-y-recuperar-los-cuerpos-de-las-victimas\\\/#respond\"]}]},{\"@type\":\"WebPage\",\"@id\":\"https:\\\/\\\/ppdegalicia.com\\\/es\\\/miguel-tellado-el-gobierno-central-tiene-que-poner-todos-los-medios-para-saber-las-causas-del-naufragio-del-villa-de-pitanxo-y-recuperar-los-cuerpos-de-las-victimas\\\/\",\"url\":\"https:\\\/\\\/ppdegalicia.com\\\/es\\\/miguel-tellado-el-gobierno-central-tiene-que-poner-todos-los-medios-para-saber-las-causas-del-naufragio-del-villa-de-pitanxo-y-recuperar-los-cuerpos-de-las-victimas\\\/\",\"name\":\"Miguel Tellado: \u201cEl Gobierno central tiene que poner todos los medios para saber las causas del naufragio del Villa de Pitanxo y recuperar los cuerpos de las v\u00edctimas\u201d - PP de Galicia\",\"isPartOf\":{\"@id\":\"https:\\\/\\\/ppdegalicia.com\\\/es\\\/#website\"},\"primaryImageOfPage\":{\"@id\":\"https:\\\/\\\/ppdegalicia.com\\\/es\\\/miguel-tellado-el-gobierno-central-tiene-que-poner-todos-los-medios-para-saber-las-causas-del-naufragio-del-villa-de-pitanxo-y-recuperar-los-cuerpos-de-las-victimas\\\/#primaryimage\"},\"image\":{\"@id\":\"https:\\\/\\\/ppdegalicia.com\\\/es\\\/miguel-tellado-el-gobierno-central-tiene-que-poner-todos-los-medios-para-saber-las-causas-del-naufragio-del-villa-de-pitanxo-y-recuperar-los-cuerpos-de-las-victimas\\\/#primaryimage\"},\"thumbnailUrl\":\"https:\\\/\\\/ppdegalicia.com\\\/wp-content\\\/uploads\\\/2022\\\/10\\\/2a49ae62e30342cd0543c9be6c3bfcb6.jpg\",\"datePublished\":\"2022-10-26T09:34:22+00:00\",\"breadcrumb\":{\"@id\":\"https:\\\/\\\/ppdegalicia.com\\\/es\\\/miguel-tellado-el-gobierno-central-tiene-que-poner-todos-los-medios-para-saber-las-causas-del-naufragio-del-villa-de-pitanxo-y-recuperar-los-cuerpos-de-las-victimas\\\/#breadcrumb\"},\"inLanguage\":\"es\",\"potentialAction\":[{\"@type\":\"ReadAction\",\"target\":[\"https:\\\/\\\/ppdegalicia.com\\\/es\\\/miguel-tellado-el-gobierno-central-tiene-que-poner-todos-los-medios-para-saber-las-causas-del-naufragio-del-villa-de-pitanxo-y-recuperar-los-cuerpos-de-las-victimas\\\/\"]}]},{\"@type\":\"ImageObject\",\"inLanguage\":\"es\",\"@id\":\"https:\\\/\\\/ppdegalicia.com\\\/es\\\/miguel-tellado-el-gobierno-central-tiene-que-poner-todos-los-medios-para-saber-las-causas-del-naufragio-del-villa-de-pitanxo-y-recuperar-los-cuerpos-de-las-victimas\\\/#primaryimage\",\"url\":\"https:\\\/\\\/ppdegalicia.com\\\/wp-content\\\/uploads\\\/2022\\\/10\\\/2a49ae62e30342cd0543c9be6c3bfcb6.jpg\",\"contentUrl\":\"https:\\\/\\\/ppdegalicia.com\\\/wp-content\\\/uploads\\\/2022\\\/10\\\/2a49ae62e30342cd0543c9be6c3bfcb6.jpg\",\"width\":1240,\"height\":698},{\"@type\":\"BreadcrumbList\",\"@id\":\"https:\\\/\\\/ppdegalicia.com\\\/es\\\/miguel-tellado-el-gobierno-central-tiene-que-poner-todos-los-medios-para-saber-las-causas-del-naufragio-del-villa-de-pitanxo-y-recuperar-los-cuerpos-de-las-victimas\\\/#breadcrumb\",\"itemListElement\":[{\"@type\":\"ListItem\",\"position\":1,\"name\":\"Portada\",\"item\":\"https:\\\/\\\/ppdegalicia.com\\\/es\\\/\"},{\"@type\":\"ListItem\",\"position\":2,\"name\":\"Miguel Tellado: \u201cEl Gobierno central tiene que poner todos los medios para saber las causas del naufragio del Villa de Pitanxo y recuperar los cuerpos de las v\u00edctimas\u201d\"}]},{\"@type\":\"WebSite\",\"@id\":\"https:\\\/\\\/ppdegalicia.com\\\/es\\\/#website\",\"url\":\"https:\\\/\\\/ppdegalicia.com\\\/es\\\/\",\"name\":\"Partido Popular de Galicia\",\"description\":\"Partido Popular de Galicia\",\"publisher\":{\"@id\":\"https:\\\/\\\/ppdegalicia.com\\\/es\\\/#organization\"},\"alternateName\":\"PP de Galicia\",\"potentialAction\":[{\"@type\":\"SearchAction\",\"target\":{\"@type\":\"EntryPoint\",\"urlTemplate\":\"https:\\\/\\\/ppdegalicia.com\\\/es\\\/?s={search_term_string}\"},\"query-input\":{\"@type\":\"PropertyValueSpecification\",\"valueRequired\":true,\"valueName\":\"search_term_string\"}}],\"inLanguage\":\"es\"},{\"@type\":\"Organization\",\"@id\":\"https:\\\/\\\/ppdegalicia.com\\\/es\\\/#organization\",\"name\":\"Partido Popular de Galicia\",\"alternateName\":\"PP de Galicia\",\"url\":\"https:\\\/\\\/ppdegalicia.com\\\/es\\\/\",\"logo\":{\"@type\":\"ImageObject\",\"inLanguage\":\"es\",\"@id\":\"https:\\\/\\\/ppdegalicia.com\\\/es\\\/#\\\/schema\\\/logo\\\/image\\\/\",\"url\":\"https:\\\/\\\/ppdegalicia.com\\\/wp-content\\\/uploads\\\/2023\\\/04\\\/logoPP512.png\",\"contentUrl\":\"https:\\\/\\\/ppdegalicia.com\\\/wp-content\\\/uploads\\\/2023\\\/04\\\/logoPP512.png\",\"width\":512,\"height\":512,\"caption\":\"Partido Popular de Galicia\"},\"image\":{\"@id\":\"https:\\\/\\\/ppdegalicia.com\\\/es\\\/#\\\/schema\\\/logo\\\/image\\\/\"},\"sameAs\":[\"https:\\\/\\\/www.instagram.com\\\/ppdegalicia\\\/\",\"https:\\\/\\\/x.com\\\/ppdegalicia\",\"https:\\\/\\\/www.tiktok.com\\\/@ppdegalicia\",\"https:\\\/\\\/www.youtube.com\\\/user\\\/ppdegalicia\"]},{\"@type\":\"Person\",\"@id\":\"https:\\\/\\\/ppdegalicia.com\\\/es\\\/#\\\/schema\\\/person\\\/5b822c6f59e872ebdd1142f307dbcb59\",\"name\":\"ppdegaliciaredes\",\"image\":{\"@type\":\"ImageObject\",\"inLanguage\":\"es\",\"@id\":\"https:\\\/\\\/secure.gravatar.com\\\/avatar\\\/3c9179cf0256d00c72a48d1f25783c58b6842cd56e85ef3a572881c8e28ccd59?s=96&d=mm&r=g\",\"url\":\"https:\\\/\\\/secure.gravatar.com\\\/avatar\\\/3c9179cf0256d00c72a48d1f25783c58b6842cd56e85ef3a572881c8e28ccd59?s=96&d=mm&r=g\",\"contentUrl\":\"https:\\\/\\\/secure.gravatar.com\\\/avatar\\\/3c9179cf0256d00c72a48d1f25783c58b6842cd56e85ef3a572881c8e28ccd59?s=96&d=mm&r=g\",\"caption\":\"ppdegaliciaredes\"},\"url\":\"https:\\\/\\\/ppdegalicia.com\\\/es\\\/author\\\/ppdegaliciaredes\\\/\"}]}<\/script>\n<!-- \/ Yoast SEO plugin. -->","yoast_head_json":{"title":"Miguel Tellado: \u201cEl Gobierno central tiene que poner todos los medios para saber las causas del naufragio del Villa de Pitanxo y recuperar los cuerpos de las v\u00edctimas\u201d - PP de Galicia","robots":{"index":"index","follow":"follow","max-snippet":"max-snippet:-1","max-image-preview":"max-image-preview:large","max-video-preview":"max-video-preview:-1"},"canonical":"https:\/\/ppdegalicia.com\/es\/miguel-tellado-el-gobierno-central-tiene-que-poner-todos-los-medios-para-saber-las-causas-del-naufragio-del-villa-de-pitanxo-y-recuperar-los-cuerpos-de-las-victimas\/","og_locale":"es_ES","og_type":"article","og_title":"Miguel Tellado: \u201cEl Gobierno central tiene que poner todos los medios para saber las causas del naufragio del Villa de Pitanxo y recuperar los cuerpos de las v\u00edctimas\u201d - PP de Galicia","og_description":"Hoy, en una entrevista en el programa Galicia por diante, de Radio Galega","og_url":"https:\/\/ppdegalicia.com\/es\/miguel-tellado-el-gobierno-central-tiene-que-poner-todos-los-medios-para-saber-las-causas-del-naufragio-del-villa-de-pitanxo-y-recuperar-los-cuerpos-de-las-victimas\/","og_site_name":"PP de Galicia","article_publisher":"https:\/\/www.instagram.com\/ppdegalicia\/","article_published_time":"2022-10-26T09:34:22+00:00","og_image":[{"width":1240,"height":698,"url":"https:\/\/ppdegalicia.com\/wp-content\/uploads\/2022\/10\/2a49ae62e30342cd0543c9be6c3bfcb6.jpg","type":"image\/jpeg"}],"author":"ppdegaliciaredes","twitter_card":"summary_large_image","twitter_creator":"@ppdegalicia","twitter_site":"@ppdegalicia","twitter_misc":{"Escrito por":"ppdegaliciaredes","Tiempo de lectura":"3 minutos"},"schema":{"@context":"https:\/\/schema.org","@graph":[{"@type":"Article","@id":"https:\/\/ppdegalicia.com\/es\/miguel-tellado-el-gobierno-central-tiene-que-poner-todos-los-medios-para-saber-las-causas-del-naufragio-del-villa-de-pitanxo-y-recuperar-los-cuerpos-de-las-victimas\/#article","isPartOf":{"@id":"https:\/\/ppdegalicia.com\/es\/miguel-tellado-el-gobierno-central-tiene-que-poner-todos-los-medios-para-saber-las-causas-del-naufragio-del-villa-de-pitanxo-y-recuperar-los-cuerpos-de-las-victimas\/"},"author":{"name":"ppdegaliciaredes","@id":"https:\/\/ppdegalicia.com\/es\/#\/schema\/person\/5b822c6f59e872ebdd1142f307dbcb59"},"headline":"Miguel Tellado: \u201cEl Gobierno central tiene que poner todos los medios para saber las causas del naufragio del Villa de Pitanxo y recuperar los cuerpos de las v\u00edctimas\u201d","datePublished":"2022-10-26T09:34:22+00:00","mainEntityOfPage":{"@id":"https:\/\/ppdegalicia.com\/es\/miguel-tellado-el-gobierno-central-tiene-que-poner-todos-los-medios-para-saber-las-causas-del-naufragio-del-villa-de-pitanxo-y-recuperar-los-cuerpos-de-las-victimas\/"},"wordCount":596,"commentCount":0,"publisher":{"@id":"https:\/\/ppdegalicia.com\/es\/#organization"},"image":{"@id":"https:\/\/ppdegalicia.com\/es\/miguel-tellado-el-gobierno-central-tiene-que-poner-todos-los-medios-para-saber-las-causas-del-naufragio-del-villa-de-pitanxo-y-recuperar-los-cuerpos-de-las-victimas\/#primaryimage"},"thumbnailUrl":"https:\/\/ppdegalicia.com\/wp-content\/uploads\/2022\/10\/2a49ae62e30342cd0543c9be6c3bfcb6.jpg","articleSection":["PP de Galicia"],"inLanguage":"es","potentialAction":[{"@type":"CommentAction","name":"Comment","target":["https:\/\/ppdegalicia.com\/es\/miguel-tellado-el-gobierno-central-tiene-que-poner-todos-los-medios-para-saber-las-causas-del-naufragio-del-villa-de-pitanxo-y-recuperar-los-cuerpos-de-las-victimas\/#respond"]}]},{"@type":"WebPage","@id":"https:\/\/ppdegalicia.com\/es\/miguel-tellado-el-gobierno-central-tiene-que-poner-todos-los-medios-para-saber-las-causas-del-naufragio-del-villa-de-pitanxo-y-recuperar-los-cuerpos-de-las-victimas\/","url":"https:\/\/ppdegalicia.com\/es\/miguel-tellado-el-gobierno-central-tiene-que-poner-todos-los-medios-para-saber-las-causas-del-naufragio-del-villa-de-pitanxo-y-recuperar-los-cuerpos-de-las-victimas\/","name":"Miguel Tellado: \u201cEl Gobierno central tiene que poner todos los medios para saber las causas del naufragio del Villa de Pitanxo y recuperar los cuerpos de las v\u00edctimas\u201d - PP de Galicia","isPartOf":{"@id":"https:\/\/ppdegalicia.com\/es\/#website"},"primaryImageOfPage":{"@id":"https:\/\/ppdegalicia.com\/es\/miguel-tellado-el-gobierno-central-tiene-que-poner-todos-los-medios-para-saber-las-causas-del-naufragio-del-villa-de-pitanxo-y-recuperar-los-cuerpos-de-las-victimas\/#primaryimage"},"image":{"@id":"https:\/\/ppdegalicia.com\/es\/miguel-tellado-el-gobierno-central-tiene-que-poner-todos-los-medios-para-saber-las-causas-del-naufragio-del-villa-de-pitanxo-y-recuperar-los-cuerpos-de-las-victimas\/#primaryimage"},"thumbnailUrl":"https:\/\/ppdegalicia.com\/wp-content\/uploads\/2022\/10\/2a49ae62e30342cd0543c9be6c3bfcb6.jpg","datePublished":"2022-10-26T09:34:22+00:00","breadcrumb":{"@id":"https:\/\/ppdegalicia.com\/es\/miguel-tellado-el-gobierno-central-tiene-que-poner-todos-los-medios-para-saber-las-causas-del-naufragio-del-villa-de-pitanxo-y-recuperar-los-cuerpos-de-las-victimas\/#breadcrumb"},"inLanguage":"es","potentialAction":[{"@type":"ReadAction","target":["https:\/\/ppdegalicia.com\/es\/miguel-tellado-el-gobierno-central-tiene-que-poner-todos-los-medios-para-saber-las-causas-del-naufragio-del-villa-de-pitanxo-y-recuperar-los-cuerpos-de-las-victimas\/"]}]},{"@type":"ImageObject","inLanguage":"es","@id":"https:\/\/ppdegalicia.com\/es\/miguel-tellado-el-gobierno-central-tiene-que-poner-todos-los-medios-para-saber-las-causas-del-naufragio-del-villa-de-pitanxo-y-recuperar-los-cuerpos-de-las-victimas\/#primaryimage","url":"https:\/\/ppdegalicia.com\/wp-content\/uploads\/2022\/10\/2a49ae62e30342cd0543c9be6c3bfcb6.jpg","contentUrl":"https:\/\/ppdegalicia.com\/wp-content\/uploads\/2022\/10\/2a49ae62e30342cd0543c9be6c3bfcb6.jpg","width":1240,"height":698},{"@type":"BreadcrumbList","@id":"https:\/\/ppdegalicia.com\/es\/miguel-tellado-el-gobierno-central-tiene-que-poner-todos-los-medios-para-saber-las-causas-del-naufragio-del-villa-de-pitanxo-y-recuperar-los-cuerpos-de-las-victimas\/#breadcrumb","itemListElement":[{"@type":"ListItem","position":1,"name":"Portada","item":"https:\/\/ppdegalicia.com\/es\/"},{"@type":"ListItem","position":2,"name":"Miguel Tellado: \u201cEl Gobierno central tiene que poner todos los medios para saber las causas del naufragio del Villa de Pitanxo y recuperar los cuerpos de las v\u00edctimas\u201d"}]},{"@type":"WebSite","@id":"https:\/\/ppdegalicia.com\/es\/#website","url":"https:\/\/ppdegalicia.com\/es\/","name":"Partido Popular de Galicia","description":"Partido Popular de Galicia","publisher":{"@id":"https:\/\/ppdegalicia.com\/es\/#organization"},"alternateName":"PP de Galicia","potentialAction":[{"@type":"SearchAction","target":{"@type":"EntryPoint","urlTemplate":"https:\/\/ppdegalicia.com\/es\/?s={search_term_string}"},"query-input":{"@type":"PropertyValueSpecification","valueRequired":true,"valueName":"search_term_string"}}],"inLanguage":"es"},{"@type":"Organization","@id":"https:\/\/ppdegalicia.com\/es\/#organization","name":"Partido Popular de Galicia","alternateName":"PP de Galicia","url":"https:\/\/ppdegalicia.com\/es\/","logo":{"@type":"ImageObject","inLanguage":"es","@id":"https:\/\/ppdegalicia.com\/es\/#\/schema\/logo\/image\/","url":"https:\/\/ppdegalicia.com\/wp-content\/uploads\/2023\/04\/logoPP512.png","contentUrl":"https:\/\/ppdegalicia.com\/wp-content\/uploads\/2023\/04\/logoPP512.png","width":512,"height":512,"caption":"Partido Popular de Galicia"},"image":{"@id":"https:\/\/ppdegalicia.com\/es\/#\/schema\/logo\/image\/"},"sameAs":["https:\/\/www.instagram.com\/ppdegalicia\/","https:\/\/x.com\/ppdegalicia","https:\/\/www.tiktok.com\/@ppdegalicia","https:\/\/www.youtube.com\/user\/ppdegalicia"]},{"@type":"Person","@id":"https:\/\/ppdegalicia.com\/es\/#\/schema\/person\/5b822c6f59e872ebdd1142f307dbcb59","name":"ppdegaliciaredes","image":{"@type":"ImageObject","inLanguage":"es","@id":"https:\/\/secure.gravatar.com\/avatar\/3c9179cf0256d00c72a48d1f25783c58b6842cd56e85ef3a572881c8e28ccd59?s=96&d=mm&r=g","url":"https:\/\/secure.gravatar.com\/avatar\/3c9179cf0256d00c72a48d1f25783c58b6842cd56e85ef3a572881c8e28ccd59?s=96&d=mm&r=g","contentUrl":"https:\/\/secure.gravatar.com\/avatar\/3c9179cf0256d00c72a48d1f25783c58b6842cd56e85ef3a572881c8e28ccd59?s=96&d=mm&r=g","caption":"ppdegaliciaredes"},"url":"https:\/\/ppdegalicia.com\/es\/author\/ppdegaliciaredes\/"}]}},"_links":{"self":[{"href":"https:\/\/ppdegalicia.com\/es\/wp-json\/wp\/v2\/posts\/57553","targetHints":{"allow":["GET"]}}],"collection":[{"href":"https:\/\/ppdegalicia.com\/es\/wp-json\/wp\/v2\/posts"}],"about":[{"href":"https:\/\/ppdegalicia.com\/es\/wp-json\/wp\/v2\/types\/post"}],"author":[{"embeddable":true,"href":"https:\/\/ppdegalicia.com\/es\/wp-json\/wp\/v2\/users\/38"}],"replies":[{"embeddable":true,"href":"https:\/\/ppdegalicia.com\/es\/wp-json\/wp\/v2\/comments?post=57553"}],"version-history":[{"count":0,"href":"https:\/\/ppdegalicia.com\/es\/wp-json\/wp\/v2\/posts\/57553\/revisions"}],"wp:featuredmedia":[{"embeddable":true,"href":"https:\/\/ppdegalicia.com\/es\/wp-json\/wp\/v2\/media\/57552"}],"wp:attachment":[{"href":"https:\/\/ppdegalicia.com\/es\/wp-json\/wp\/v2\/media?parent=57553"}],"wp:term":[{"taxonomy":"category","embeddable":true,"href":"https:\/\/ppdegalicia.com\/es\/wp-json\/wp\/v2\/categories?post=57553"},{"taxonomy":"post_tag","embeddable":true,"href":"https:\/\/ppdegalicia.com\/es\/wp-json\/wp\/v2\/tags?post=57553"}],"curies":[{"name":"wp","href":"https:\/\/api.w.org\/{rel}","templated":true}]}}