{"id":57565,"date":"2022-10-29T14:25:29","date_gmt":"2022-10-29T12:25:29","guid":{"rendered":"https:\/\/ppdegalicia.com\/rueda-asegura-que-lugo-e-espana-necesitan-gobernos-do-pp-os-unicos-que-poden-aportar-aos-cidadans-certezas-e-solucions\/"},"modified":"2022-10-29T14:25:29","modified_gmt":"2022-10-29T12:25:29","slug":"rueda-asegura-que-lugo-e-espana-necesitan-gobernos-do-pp-os-unicos-que-poden-aportar-aos-cidadans-certezas-e-solucions","status":"publish","type":"post","link":"https:\/\/ppdegalicia.com\/es\/rueda-asegura-que-lugo-e-espana-necesitan-gobernos-do-pp-os-unicos-que-poden-aportar-aos-cidadans-certezas-e-solucions\/","title":{"rendered":"Rueda asegura que Lugo e Espa\u00f1a necesitan gobernos do PP, os \u00fanicos que poden aportar aos cidad\u00e1ns \u201ccertezas e soluci\u00f3ns\u201d"},"content":{"rendered":"<p><img fetchpriority=\"high\" decoding=\"async\" class=\" size-full wp-image-57564\" src=\"https:\/\/ppdegalicia.com\/wp-content\/uploads\/2022\/10\/717ddced9263266295b93b119ff864e2.jpg\" alt=\"\" width=\"1600\" height=\"1170\" srcset=\"https:\/\/ppdegalicia.com\/wp-content\/uploads\/2022\/10\/717ddced9263266295b93b119ff864e2.jpg 1600w, https:\/\/ppdegalicia.com\/wp-content\/uploads\/2022\/10\/717ddced9263266295b93b119ff864e2-300x219.jpg 300w, https:\/\/ppdegalicia.com\/wp-content\/uploads\/2022\/10\/717ddced9263266295b93b119ff864e2-1024x749.jpg 1024w, https:\/\/ppdegalicia.com\/wp-content\/uploads\/2022\/10\/717ddced9263266295b93b119ff864e2-768x562.jpg 768w, https:\/\/ppdegalicia.com\/wp-content\/uploads\/2022\/10\/717ddced9263266295b93b119ff864e2-1536x1123.jpg 1536w\" sizes=\"(max-width: 1600px) 100vw, 1600px\" \/><\/p>\n<p>Hoxe, xunto a Alberto N\u00fa\u00f1ez Feij\u00f3o e Elena Candia na tradicional pulpada do PP de Lugo<\/p>\n<p><!--more--><\/p>\n<p style=\"text-align: justify;\">\u00a0<strong>\u00a0<\/strong><\/p>\n<p style=\"text-align: justify;\">\u201cO cami\u00f1o que fixemos xuntos ata o de agora seguir\u00e9molo facendo xuntos para que Alberto N\u00fa\u00f1ez Feij\u00f3o sexa presidente de Espa\u00f1a, para que Elena Candia sexa alcaldesa de Lugo e para que o PPdeG acade a quinta maior\u00eda absoluta\u201d, subli\u00f1a o l\u00edder dos populares galegos.<\/p>\n<p style=\"text-align: justify;\">\u00a0<\/p>\n<p style=\"text-align: justify;\">De cara aos vindeiros comicios municipais, incide na necesidade de presentar unha alternativa da man dos veci\u00f1os, escoitar e tomar nota das s\u00faas necesidades, e saber renovar ideas e propostas. \u201cAbramos o partido \u00e1 xente\u201d, di salientado a importancia de continuar unidos para conseguir grandes obxectivos.<\/p>\n<p style=\"text-align: justify;\">\u00a0<\/p>\n<p style=\"text-align: justify;\">Asegura que Lugo precisa un cambio e resalta que a candidata do PP \u00e1 Alcald\u00eda leva meses \u201cescoitando, pateando e traballando con ganas, coas cousas claras e con vontade de ser alcaldesa de Lugo e de continuar tendo na provincia un partido forte que fai as cousas ben\u201d.<\/p>\n<p style=\"text-align: justify;\">\u00a0<\/p>\n<p style=\"text-align: justify;\">\u201cFeij\u00f3o foi o mellor presidente da Xunta e ser\u00e1 o mellor presidente de Espa\u00f1a\u201d, indica sobre o \u201cmagn\u00edfico\u201d labor do presidente do Partido Popular, lembrando que en Galicia deixou un partido unido que hoxe segue traballando e est\u00e1 plenamente mobilizado para acadar os mellores resultados.<\/p>\n<p style=\"text-align: justify;\">\u00a0<\/p>\n<p style=\"text-align: justify;\">Sinala que, malia ter por diante unha situaci\u00f3n econ\u00f3mica moi dif\u00edcil, os populares seguen traballando para estar \u00e1 altura, como demostra a aprobaci\u00f3n dos Orzamentos da Xunta para 2023, nos que tres de cada catro euros dest\u00ednanse a apoiar \u00e1s familias, \u00e1s empresas a todos aqueles que m\u00e1is precisan a axuda das administraci\u00f3ns: \u201cPara todo isto \u00e9 a pol\u00edtica e para todo isto \u00e9 o Partido Popular\u201d.<\/p>\n<p style=\"text-align: justify;\">\u00a0<\/p>\n<p style=\"text-align: justify;\">Lamenta que a Comunidade estea perdendo oportunidades por culpa dun Goberno central que promete fondos europeos a iniciativas que non existen, mentres proxectos \u201cperfectamente dese\u00f1ados e preparados\u201d como o de Altri, en Palas de Rei, seguen agardando unha resposta dende hai meses. \u201cGalicia non lle queren quitar nada a ningu\u00e9n, pero temos dereito ao que nos corresponde\u201d, concl\u00fae.<\/p>\n","protected":false},"excerpt":{"rendered":"<p>Hoxe, xunto a Alberto N\u00fa\u00f1ez Feij\u00f3o e Elena Candia na tradicional pulpada do PP de Lugo<\/p>\n","protected":false},"author":38,"featured_media":57564,"comment_status":"open","ping_status":"open","sticky":false,"template":"","format":"standard","meta":{"_acf_changed":false,"footnotes":""},"categories":[1],"tags":[],"class_list":["post-57565","post","type-post","status-publish","format-standard","has-post-thumbnail","hentry","category-pp-de-galicia"],"acf":[],"yoast_head":"<!-- This site is optimized with the Yoast SEO plugin v27.3 - https:\/\/yoast.com\/product\/yoast-seo-wordpress\/ -->\n<title>Rueda asegura que Lugo e Espa\u00f1a necesitan gobernos do PP, os \u00fanicos que poden aportar aos cidad\u00e1ns \u201ccertezas e soluci\u00f3ns\u201d - PP de Galicia<\/title>\n<meta name=\"robots\" content=\"index, follow, max-snippet:-1, max-image-preview:large, max-video-preview:-1\" \/>\n<link rel=\"canonical\" href=\"https:\/\/ppdegalicia.com\/es\/rueda-asegura-que-lugo-e-espana-necesitan-gobernos-do-pp-os-unicos-que-poden-aportar-aos-cidadans-certezas-e-solucions\/\" \/>\n<meta property=\"og:locale\" content=\"es_ES\" \/>\n<meta property=\"og:type\" content=\"article\" \/>\n<meta property=\"og:title\" content=\"Rueda asegura que Lugo e Espa\u00f1a necesitan gobernos do PP, os \u00fanicos que poden aportar aos cidad\u00e1ns \u201ccertezas e soluci\u00f3ns\u201d - PP de Galicia\" \/>\n<meta property=\"og:description\" content=\"Hoxe, xunto a Alberto N\u00fa\u00f1ez Feij\u00f3o e Elena Candia na tradicional pulpada do PP de Lugo\" \/>\n<meta property=\"og:url\" content=\"https:\/\/ppdegalicia.com\/es\/rueda-asegura-que-lugo-e-espana-necesitan-gobernos-do-pp-os-unicos-que-poden-aportar-aos-cidadans-certezas-e-solucions\/\" \/>\n<meta property=\"og:site_name\" content=\"PP de Galicia\" \/>\n<meta property=\"article:publisher\" content=\"https:\/\/www.instagram.com\/ppdegalicia\/\" \/>\n<meta property=\"article:published_time\" content=\"2022-10-29T12:25:29+00:00\" \/>\n<meta property=\"og:image\" content=\"https:\/\/ppdegalicia.com\/wp-content\/uploads\/2022\/10\/717ddced9263266295b93b119ff864e2.jpg\" \/>\n\t<meta property=\"og:image:width\" content=\"1600\" \/>\n\t<meta property=\"og:image:height\" content=\"1170\" \/>\n\t<meta property=\"og:image:type\" content=\"image\/jpeg\" \/>\n<meta name=\"author\" content=\"ppdegaliciaredes\" \/>\n<meta name=\"twitter:card\" content=\"summary_large_image\" \/>\n<meta name=\"twitter:creator\" content=\"@ppdegalicia\" \/>\n<meta name=\"twitter:site\" content=\"@ppdegalicia\" \/>\n<meta name=\"twitter:label1\" content=\"Escrito por\" \/>\n\t<meta name=\"twitter:data1\" content=\"ppdegaliciaredes\" \/>\n\t<meta name=\"twitter:label2\" content=\"Tiempo de lectura\" \/>\n\t<meta name=\"twitter:data2\" content=\"2 minutos\" \/>\n<script type=\"application\/ld+json\" class=\"yoast-schema-graph\">{\"@context\":\"https:\\\/\\\/schema.org\",\"@graph\":[{\"@type\":\"Article\",\"@id\":\"https:\\\/\\\/ppdegalicia.com\\\/es\\\/rueda-asegura-que-lugo-e-espana-necesitan-gobernos-do-pp-os-unicos-que-poden-aportar-aos-cidadans-certezas-e-solucions\\\/#article\",\"isPartOf\":{\"@id\":\"https:\\\/\\\/ppdegalicia.com\\\/es\\\/rueda-asegura-que-lugo-e-espana-necesitan-gobernos-do-pp-os-unicos-que-poden-aportar-aos-cidadans-certezas-e-solucions\\\/\"},\"author\":{\"name\":\"ppdegaliciaredes\",\"@id\":\"https:\\\/\\\/ppdegalicia.com\\\/es\\\/#\\\/schema\\\/person\\\/5b822c6f59e872ebdd1142f307dbcb59\"},\"headline\":\"Rueda asegura que Lugo e Espa\u00f1a necesitan gobernos do PP, os \u00fanicos que poden aportar aos cidad\u00e1ns \u201ccertezas e soluci\u00f3ns\u201d\",\"datePublished\":\"2022-10-29T12:25:29+00:00\",\"mainEntityOfPage\":{\"@id\":\"https:\\\/\\\/ppdegalicia.com\\\/es\\\/rueda-asegura-que-lugo-e-espana-necesitan-gobernos-do-pp-os-unicos-que-poden-aportar-aos-cidadans-certezas-e-solucions\\\/\"},\"wordCount\":369,\"commentCount\":0,\"publisher\":{\"@id\":\"https:\\\/\\\/ppdegalicia.com\\\/es\\\/#organization\"},\"image\":{\"@id\":\"https:\\\/\\\/ppdegalicia.com\\\/es\\\/rueda-asegura-que-lugo-e-espana-necesitan-gobernos-do-pp-os-unicos-que-poden-aportar-aos-cidadans-certezas-e-solucions\\\/#primaryimage\"},\"thumbnailUrl\":\"https:\\\/\\\/ppdegalicia.com\\\/wp-content\\\/uploads\\\/2022\\\/10\\\/717ddced9263266295b93b119ff864e2.jpg\",\"articleSection\":[\"PP de Galicia\"],\"inLanguage\":\"es\",\"potentialAction\":[{\"@type\":\"CommentAction\",\"name\":\"Comment\",\"target\":[\"https:\\\/\\\/ppdegalicia.com\\\/es\\\/rueda-asegura-que-lugo-e-espana-necesitan-gobernos-do-pp-os-unicos-que-poden-aportar-aos-cidadans-certezas-e-solucions\\\/#respond\"]}]},{\"@type\":\"WebPage\",\"@id\":\"https:\\\/\\\/ppdegalicia.com\\\/es\\\/rueda-asegura-que-lugo-e-espana-necesitan-gobernos-do-pp-os-unicos-que-poden-aportar-aos-cidadans-certezas-e-solucions\\\/\",\"url\":\"https:\\\/\\\/ppdegalicia.com\\\/es\\\/rueda-asegura-que-lugo-e-espana-necesitan-gobernos-do-pp-os-unicos-que-poden-aportar-aos-cidadans-certezas-e-solucions\\\/\",\"name\":\"Rueda asegura que Lugo e Espa\u00f1a necesitan gobernos do PP, os \u00fanicos que poden aportar aos cidad\u00e1ns \u201ccertezas e soluci\u00f3ns\u201d - PP de Galicia\",\"isPartOf\":{\"@id\":\"https:\\\/\\\/ppdegalicia.com\\\/es\\\/#website\"},\"primaryImageOfPage\":{\"@id\":\"https:\\\/\\\/ppdegalicia.com\\\/es\\\/rueda-asegura-que-lugo-e-espana-necesitan-gobernos-do-pp-os-unicos-que-poden-aportar-aos-cidadans-certezas-e-solucions\\\/#primaryimage\"},\"image\":{\"@id\":\"https:\\\/\\\/ppdegalicia.com\\\/es\\\/rueda-asegura-que-lugo-e-espana-necesitan-gobernos-do-pp-os-unicos-que-poden-aportar-aos-cidadans-certezas-e-solucions\\\/#primaryimage\"},\"thumbnailUrl\":\"https:\\\/\\\/ppdegalicia.com\\\/wp-content\\\/uploads\\\/2022\\\/10\\\/717ddced9263266295b93b119ff864e2.jpg\",\"datePublished\":\"2022-10-29T12:25:29+00:00\",\"breadcrumb\":{\"@id\":\"https:\\\/\\\/ppdegalicia.com\\\/es\\\/rueda-asegura-que-lugo-e-espana-necesitan-gobernos-do-pp-os-unicos-que-poden-aportar-aos-cidadans-certezas-e-solucions\\\/#breadcrumb\"},\"inLanguage\":\"es\",\"potentialAction\":[{\"@type\":\"ReadAction\",\"target\":[\"https:\\\/\\\/ppdegalicia.com\\\/es\\\/rueda-asegura-que-lugo-e-espana-necesitan-gobernos-do-pp-os-unicos-que-poden-aportar-aos-cidadans-certezas-e-solucions\\\/\"]}]},{\"@type\":\"ImageObject\",\"inLanguage\":\"es\",\"@id\":\"https:\\\/\\\/ppdegalicia.com\\\/es\\\/rueda-asegura-que-lugo-e-espana-necesitan-gobernos-do-pp-os-unicos-que-poden-aportar-aos-cidadans-certezas-e-solucions\\\/#primaryimage\",\"url\":\"https:\\\/\\\/ppdegalicia.com\\\/wp-content\\\/uploads\\\/2022\\\/10\\\/717ddced9263266295b93b119ff864e2.jpg\",\"contentUrl\":\"https:\\\/\\\/ppdegalicia.com\\\/wp-content\\\/uploads\\\/2022\\\/10\\\/717ddced9263266295b93b119ff864e2.jpg\",\"width\":1600,\"height\":1170},{\"@type\":\"BreadcrumbList\",\"@id\":\"https:\\\/\\\/ppdegalicia.com\\\/es\\\/rueda-asegura-que-lugo-e-espana-necesitan-gobernos-do-pp-os-unicos-que-poden-aportar-aos-cidadans-certezas-e-solucions\\\/#breadcrumb\",\"itemListElement\":[{\"@type\":\"ListItem\",\"position\":1,\"name\":\"Portada\",\"item\":\"https:\\\/\\\/ppdegalicia.com\\\/es\\\/\"},{\"@type\":\"ListItem\",\"position\":2,\"name\":\"Rueda asegura que Lugo e Espa\u00f1a necesitan gobernos do PP, os \u00fanicos que poden aportar aos cidad\u00e1ns \u201ccertezas e soluci\u00f3ns\u201d\"}]},{\"@type\":\"WebSite\",\"@id\":\"https:\\\/\\\/ppdegalicia.com\\\/es\\\/#website\",\"url\":\"https:\\\/\\\/ppdegalicia.com\\\/es\\\/\",\"name\":\"Partido Popular de Galicia\",\"description\":\"Partido Popular de Galicia\",\"publisher\":{\"@id\":\"https:\\\/\\\/ppdegalicia.com\\\/es\\\/#organization\"},\"alternateName\":\"PP de Galicia\",\"potentialAction\":[{\"@type\":\"SearchAction\",\"target\":{\"@type\":\"EntryPoint\",\"urlTemplate\":\"https:\\\/\\\/ppdegalicia.com\\\/es\\\/?s={search_term_string}\"},\"query-input\":{\"@type\":\"PropertyValueSpecification\",\"valueRequired\":true,\"valueName\":\"search_term_string\"}}],\"inLanguage\":\"es\"},{\"@type\":\"Organization\",\"@id\":\"https:\\\/\\\/ppdegalicia.com\\\/es\\\/#organization\",\"name\":\"Partido Popular de Galicia\",\"alternateName\":\"PP de Galicia\",\"url\":\"https:\\\/\\\/ppdegalicia.com\\\/es\\\/\",\"logo\":{\"@type\":\"ImageObject\",\"inLanguage\":\"es\",\"@id\":\"https:\\\/\\\/ppdegalicia.com\\\/es\\\/#\\\/schema\\\/logo\\\/image\\\/\",\"url\":\"https:\\\/\\\/ppdegalicia.com\\\/wp-content\\\/uploads\\\/2023\\\/04\\\/logoPP512.png\",\"contentUrl\":\"https:\\\/\\\/ppdegalicia.com\\\/wp-content\\\/uploads\\\/2023\\\/04\\\/logoPP512.png\",\"width\":512,\"height\":512,\"caption\":\"Partido Popular de Galicia\"},\"image\":{\"@id\":\"https:\\\/\\\/ppdegalicia.com\\\/es\\\/#\\\/schema\\\/logo\\\/image\\\/\"},\"sameAs\":[\"https:\\\/\\\/www.instagram.com\\\/ppdegalicia\\\/\",\"https:\\\/\\\/x.com\\\/ppdegalicia\",\"https:\\\/\\\/www.tiktok.com\\\/@ppdegalicia\",\"https:\\\/\\\/www.youtube.com\\\/user\\\/ppdegalicia\"]},{\"@type\":\"Person\",\"@id\":\"https:\\\/\\\/ppdegalicia.com\\\/es\\\/#\\\/schema\\\/person\\\/5b822c6f59e872ebdd1142f307dbcb59\",\"name\":\"ppdegaliciaredes\",\"image\":{\"@type\":\"ImageObject\",\"inLanguage\":\"es\",\"@id\":\"https:\\\/\\\/secure.gravatar.com\\\/avatar\\\/3c9179cf0256d00c72a48d1f25783c58b6842cd56e85ef3a572881c8e28ccd59?s=96&d=mm&r=g\",\"url\":\"https:\\\/\\\/secure.gravatar.com\\\/avatar\\\/3c9179cf0256d00c72a48d1f25783c58b6842cd56e85ef3a572881c8e28ccd59?s=96&d=mm&r=g\",\"contentUrl\":\"https:\\\/\\\/secure.gravatar.com\\\/avatar\\\/3c9179cf0256d00c72a48d1f25783c58b6842cd56e85ef3a572881c8e28ccd59?s=96&d=mm&r=g\",\"caption\":\"ppdegaliciaredes\"},\"url\":\"https:\\\/\\\/ppdegalicia.com\\\/es\\\/author\\\/ppdegaliciaredes\\\/\"}]}<\/script>\n<!-- \/ Yoast SEO plugin. -->","yoast_head_json":{"title":"Rueda asegura que Lugo e Espa\u00f1a necesitan gobernos do PP, os \u00fanicos que poden aportar aos cidad\u00e1ns \u201ccertezas e soluci\u00f3ns\u201d - PP de Galicia","robots":{"index":"index","follow":"follow","max-snippet":"max-snippet:-1","max-image-preview":"max-image-preview:large","max-video-preview":"max-video-preview:-1"},"canonical":"https:\/\/ppdegalicia.com\/es\/rueda-asegura-que-lugo-e-espana-necesitan-gobernos-do-pp-os-unicos-que-poden-aportar-aos-cidadans-certezas-e-solucions\/","og_locale":"es_ES","og_type":"article","og_title":"Rueda asegura que Lugo e Espa\u00f1a necesitan gobernos do PP, os \u00fanicos que poden aportar aos cidad\u00e1ns \u201ccertezas e soluci\u00f3ns\u201d - PP de Galicia","og_description":"Hoxe, xunto a Alberto N\u00fa\u00f1ez Feij\u00f3o e Elena Candia na tradicional pulpada do PP de Lugo","og_url":"https:\/\/ppdegalicia.com\/es\/rueda-asegura-que-lugo-e-espana-necesitan-gobernos-do-pp-os-unicos-que-poden-aportar-aos-cidadans-certezas-e-solucions\/","og_site_name":"PP de Galicia","article_publisher":"https:\/\/www.instagram.com\/ppdegalicia\/","article_published_time":"2022-10-29T12:25:29+00:00","og_image":[{"width":1600,"height":1170,"url":"https:\/\/ppdegalicia.com\/wp-content\/uploads\/2022\/10\/717ddced9263266295b93b119ff864e2.jpg","type":"image\/jpeg"}],"author":"ppdegaliciaredes","twitter_card":"summary_large_image","twitter_creator":"@ppdegalicia","twitter_site":"@ppdegalicia","twitter_misc":{"Escrito por":"ppdegaliciaredes","Tiempo de lectura":"2 minutos"},"schema":{"@context":"https:\/\/schema.org","@graph":[{"@type":"Article","@id":"https:\/\/ppdegalicia.com\/es\/rueda-asegura-que-lugo-e-espana-necesitan-gobernos-do-pp-os-unicos-que-poden-aportar-aos-cidadans-certezas-e-solucions\/#article","isPartOf":{"@id":"https:\/\/ppdegalicia.com\/es\/rueda-asegura-que-lugo-e-espana-necesitan-gobernos-do-pp-os-unicos-que-poden-aportar-aos-cidadans-certezas-e-solucions\/"},"author":{"name":"ppdegaliciaredes","@id":"https:\/\/ppdegalicia.com\/es\/#\/schema\/person\/5b822c6f59e872ebdd1142f307dbcb59"},"headline":"Rueda asegura que Lugo e Espa\u00f1a necesitan gobernos do PP, os \u00fanicos que poden aportar aos cidad\u00e1ns \u201ccertezas e soluci\u00f3ns\u201d","datePublished":"2022-10-29T12:25:29+00:00","mainEntityOfPage":{"@id":"https:\/\/ppdegalicia.com\/es\/rueda-asegura-que-lugo-e-espana-necesitan-gobernos-do-pp-os-unicos-que-poden-aportar-aos-cidadans-certezas-e-solucions\/"},"wordCount":369,"commentCount":0,"publisher":{"@id":"https:\/\/ppdegalicia.com\/es\/#organization"},"image":{"@id":"https:\/\/ppdegalicia.com\/es\/rueda-asegura-que-lugo-e-espana-necesitan-gobernos-do-pp-os-unicos-que-poden-aportar-aos-cidadans-certezas-e-solucions\/#primaryimage"},"thumbnailUrl":"https:\/\/ppdegalicia.com\/wp-content\/uploads\/2022\/10\/717ddced9263266295b93b119ff864e2.jpg","articleSection":["PP de Galicia"],"inLanguage":"es","potentialAction":[{"@type":"CommentAction","name":"Comment","target":["https:\/\/ppdegalicia.com\/es\/rueda-asegura-que-lugo-e-espana-necesitan-gobernos-do-pp-os-unicos-que-poden-aportar-aos-cidadans-certezas-e-solucions\/#respond"]}]},{"@type":"WebPage","@id":"https:\/\/ppdegalicia.com\/es\/rueda-asegura-que-lugo-e-espana-necesitan-gobernos-do-pp-os-unicos-que-poden-aportar-aos-cidadans-certezas-e-solucions\/","url":"https:\/\/ppdegalicia.com\/es\/rueda-asegura-que-lugo-e-espana-necesitan-gobernos-do-pp-os-unicos-que-poden-aportar-aos-cidadans-certezas-e-solucions\/","name":"Rueda asegura que Lugo e Espa\u00f1a necesitan gobernos do PP, os \u00fanicos que poden aportar aos cidad\u00e1ns \u201ccertezas e soluci\u00f3ns\u201d - PP de Galicia","isPartOf":{"@id":"https:\/\/ppdegalicia.com\/es\/#website"},"primaryImageOfPage":{"@id":"https:\/\/ppdegalicia.com\/es\/rueda-asegura-que-lugo-e-espana-necesitan-gobernos-do-pp-os-unicos-que-poden-aportar-aos-cidadans-certezas-e-solucions\/#primaryimage"},"image":{"@id":"https:\/\/ppdegalicia.com\/es\/rueda-asegura-que-lugo-e-espana-necesitan-gobernos-do-pp-os-unicos-que-poden-aportar-aos-cidadans-certezas-e-solucions\/#primaryimage"},"thumbnailUrl":"https:\/\/ppdegalicia.com\/wp-content\/uploads\/2022\/10\/717ddced9263266295b93b119ff864e2.jpg","datePublished":"2022-10-29T12:25:29+00:00","breadcrumb":{"@id":"https:\/\/ppdegalicia.com\/es\/rueda-asegura-que-lugo-e-espana-necesitan-gobernos-do-pp-os-unicos-que-poden-aportar-aos-cidadans-certezas-e-solucions\/#breadcrumb"},"inLanguage":"es","potentialAction":[{"@type":"ReadAction","target":["https:\/\/ppdegalicia.com\/es\/rueda-asegura-que-lugo-e-espana-necesitan-gobernos-do-pp-os-unicos-que-poden-aportar-aos-cidadans-certezas-e-solucions\/"]}]},{"@type":"ImageObject","inLanguage":"es","@id":"https:\/\/ppdegalicia.com\/es\/rueda-asegura-que-lugo-e-espana-necesitan-gobernos-do-pp-os-unicos-que-poden-aportar-aos-cidadans-certezas-e-solucions\/#primaryimage","url":"https:\/\/ppdegalicia.com\/wp-content\/uploads\/2022\/10\/717ddced9263266295b93b119ff864e2.jpg","contentUrl":"https:\/\/ppdegalicia.com\/wp-content\/uploads\/2022\/10\/717ddced9263266295b93b119ff864e2.jpg","width":1600,"height":1170},{"@type":"BreadcrumbList","@id":"https:\/\/ppdegalicia.com\/es\/rueda-asegura-que-lugo-e-espana-necesitan-gobernos-do-pp-os-unicos-que-poden-aportar-aos-cidadans-certezas-e-solucions\/#breadcrumb","itemListElement":[{"@type":"ListItem","position":1,"name":"Portada","item":"https:\/\/ppdegalicia.com\/es\/"},{"@type":"ListItem","position":2,"name":"Rueda asegura que Lugo e Espa\u00f1a necesitan gobernos do PP, os \u00fanicos que poden aportar aos cidad\u00e1ns \u201ccertezas e soluci\u00f3ns\u201d"}]},{"@type":"WebSite","@id":"https:\/\/ppdegalicia.com\/es\/#website","url":"https:\/\/ppdegalicia.com\/es\/","name":"Partido Popular de Galicia","description":"Partido Popular de Galicia","publisher":{"@id":"https:\/\/ppdegalicia.com\/es\/#organization"},"alternateName":"PP de Galicia","potentialAction":[{"@type":"SearchAction","target":{"@type":"EntryPoint","urlTemplate":"https:\/\/ppdegalicia.com\/es\/?s={search_term_string}"},"query-input":{"@type":"PropertyValueSpecification","valueRequired":true,"valueName":"search_term_string"}}],"inLanguage":"es"},{"@type":"Organization","@id":"https:\/\/ppdegalicia.com\/es\/#organization","name":"Partido Popular de Galicia","alternateName":"PP de Galicia","url":"https:\/\/ppdegalicia.com\/es\/","logo":{"@type":"ImageObject","inLanguage":"es","@id":"https:\/\/ppdegalicia.com\/es\/#\/schema\/logo\/image\/","url":"https:\/\/ppdegalicia.com\/wp-content\/uploads\/2023\/04\/logoPP512.png","contentUrl":"https:\/\/ppdegalicia.com\/wp-content\/uploads\/2023\/04\/logoPP512.png","width":512,"height":512,"caption":"Partido Popular de Galicia"},"image":{"@id":"https:\/\/ppdegalicia.com\/es\/#\/schema\/logo\/image\/"},"sameAs":["https:\/\/www.instagram.com\/ppdegalicia\/","https:\/\/x.com\/ppdegalicia","https:\/\/www.tiktok.com\/@ppdegalicia","https:\/\/www.youtube.com\/user\/ppdegalicia"]},{"@type":"Person","@id":"https:\/\/ppdegalicia.com\/es\/#\/schema\/person\/5b822c6f59e872ebdd1142f307dbcb59","name":"ppdegaliciaredes","image":{"@type":"ImageObject","inLanguage":"es","@id":"https:\/\/secure.gravatar.com\/avatar\/3c9179cf0256d00c72a48d1f25783c58b6842cd56e85ef3a572881c8e28ccd59?s=96&d=mm&r=g","url":"https:\/\/secure.gravatar.com\/avatar\/3c9179cf0256d00c72a48d1f25783c58b6842cd56e85ef3a572881c8e28ccd59?s=96&d=mm&r=g","contentUrl":"https:\/\/secure.gravatar.com\/avatar\/3c9179cf0256d00c72a48d1f25783c58b6842cd56e85ef3a572881c8e28ccd59?s=96&d=mm&r=g","caption":"ppdegaliciaredes"},"url":"https:\/\/ppdegalicia.com\/es\/author\/ppdegaliciaredes\/"}]}},"_links":{"self":[{"href":"https:\/\/ppdegalicia.com\/es\/wp-json\/wp\/v2\/posts\/57565","targetHints":{"allow":["GET"]}}],"collection":[{"href":"https:\/\/ppdegalicia.com\/es\/wp-json\/wp\/v2\/posts"}],"about":[{"href":"https:\/\/ppdegalicia.com\/es\/wp-json\/wp\/v2\/types\/post"}],"author":[{"embeddable":true,"href":"https:\/\/ppdegalicia.com\/es\/wp-json\/wp\/v2\/users\/38"}],"replies":[{"embeddable":true,"href":"https:\/\/ppdegalicia.com\/es\/wp-json\/wp\/v2\/comments?post=57565"}],"version-history":[{"count":0,"href":"https:\/\/ppdegalicia.com\/es\/wp-json\/wp\/v2\/posts\/57565\/revisions"}],"wp:featuredmedia":[{"embeddable":true,"href":"https:\/\/ppdegalicia.com\/es\/wp-json\/wp\/v2\/media\/57564"}],"wp:attachment":[{"href":"https:\/\/ppdegalicia.com\/es\/wp-json\/wp\/v2\/media?parent=57565"}],"wp:term":[{"taxonomy":"category","embeddable":true,"href":"https:\/\/ppdegalicia.com\/es\/wp-json\/wp\/v2\/categories?post=57565"},{"taxonomy":"post_tag","embeddable":true,"href":"https:\/\/ppdegalicia.com\/es\/wp-json\/wp\/v2\/tags?post=57565"}],"curies":[{"name":"wp","href":"https:\/\/api.w.org\/{rel}","templated":true}]}}