{"id":57567,"date":"2022-10-30T11:22:21","date_gmt":"2022-10-30T09:22:21","guid":{"rendered":"https:\/\/ppdegalicia.com\/o-ppdeg-reivindica-os-orzamentos-da-xunta-para-2023-como-exemplo-do-compromiso-coa-educacion-maior-investimento-da-historia-aumento-das-axudas-para-material-escolar-e-impulso-a-fp\/"},"modified":"2022-10-30T11:22:21","modified_gmt":"2022-10-30T09:22:21","slug":"o-ppdeg-reivindica-os-orzamentos-da-xunta-para-2023-como-exemplo-do-compromiso-coa-educacion-maior-investimento-da-historia-aumento-das-axudas-para-material-escolar-e-impulso-a-fp","status":"publish","type":"post","link":"https:\/\/ppdegalicia.com\/es\/o-ppdeg-reivindica-os-orzamentos-da-xunta-para-2023-como-exemplo-do-compromiso-coa-educacion-maior-investimento-da-historia-aumento-das-axudas-para-material-escolar-e-impulso-a-fp\/","title":{"rendered":"O PPdeG reivindica os Orzamentos da Xunta para 2023 como exemplo do compromiso coa educaci\u00f3n: maior investimento da historia, aumento das axudas para material escolar e impulso \u00e1 FP"},"content":{"rendered":"<p><img fetchpriority=\"high\" decoding=\"async\" class=\" size-full wp-image-57566\" src=\"https:\/\/ppdegalicia.com\/wp-content\/uploads\/2022\/10\/6fe33563829b8e236aedc057a51b250e.jpg\" alt=\"\" width=\"2047\" height=\"1364\" srcset=\"https:\/\/ppdegalicia.com\/wp-content\/uploads\/2022\/10\/6fe33563829b8e236aedc057a51b250e.jpg 2047w, https:\/\/ppdegalicia.com\/wp-content\/uploads\/2022\/10\/6fe33563829b8e236aedc057a51b250e-300x200.jpg 300w, https:\/\/ppdegalicia.com\/wp-content\/uploads\/2022\/10\/6fe33563829b8e236aedc057a51b250e-1024x682.jpg 1024w, https:\/\/ppdegalicia.com\/wp-content\/uploads\/2022\/10\/6fe33563829b8e236aedc057a51b250e-768x512.jpg 768w, https:\/\/ppdegalicia.com\/wp-content\/uploads\/2022\/10\/6fe33563829b8e236aedc057a51b250e-1536x1023.jpg 1536w\" sizes=\"(max-width: 2047px) 100vw, 2047px\" \/><\/p>\n<p style=\"text-align: justify;\">Paula Prado e Rom\u00e1n Rodr\u00edguez visitan coa Comisi\u00f3n de Educaci\u00f3n, presidida por Ovidio Rodeiro, o novo Centro de Innovaci\u00f3n Educativa e Dixital<\/p>\n<p><!--more--><\/p>\n<p style=\"text-align: justify;\">\u201cSomos maior\u00eda os que cremos nunha educaci\u00f3n de calidade que garanta a igualdade de oportunidades para todas as persoas\u201d, afirmou a secretaria xeral do PPdeG, Paula Prado, que puxo en valor o compromiso da formaci\u00f3n e da Xunta de Galicia coa educaci\u00f3n p\u00fablica galega, tal e como demostran os Orzamentos auton\u00f3micos para 2023.<\/p>\n<p style=\"text-align: justify;\">\u00a0<\/p>\n<p style=\"text-align: justify;\">Desta forma se expresaba durante a s\u00faa visita esta semana \u00e1s instalaci\u00f3ns do novo Centro de Innovaci\u00f3n Educativa e Dixital (CIEDix), no Edificio Font\u00e1n da Cidade da Cultura, acompa\u00f1ada por Rom\u00e1n Rodr\u00edguez e pola Comisi\u00f3n de Educaci\u00f3n, presidida por Ovidio Rodeiro.\u00a0 Al\u00ed, os populares lembraron que as contas da Conseller\u00eda de Cultura, Educaci\u00f3n, FP e Universidades para 2023 ascenden a 2.895 mill\u00f3ns de euros, o orzamento m\u00e1is alto da historia cun crecemento do 5,2% con respecto aos do presente ano.<\/p>\n<p style=\"text-align: justify;\">Nese senso, os populares subli\u00f1aron que os presupostos da Xunta consolidan e reforzan li\u00f1as de actuaci\u00f3n cunha perspectiva social. As\u00ed, destacaron o aumento das axudas de apoio \u00e1s familias para material escolar, que sube de 5,5 a 10 mill\u00f3ns de euros; o incremento dos gastos de funcionamento que reciben os centros, que medran un 7,5% para facer fronte \u00e1 suba da factura enerx\u00e9tica; ou os 2 mill\u00f3ns de euros \u2014un 40% de crecemento\u2014 de axudas para a aprendizaxe de linguas estranxeiras.<\/p>\n<p style=\"text-align: justify;\">Ademais, fixeron fincap\u00e9 no impulso da Xunta \u00e1 Formaci\u00f3n Profesional, que dispor\u00e1 dun orzamento de 19,4 mill\u00f3ns de euros, o que sup\u00f3n un 52% de crecemento. \u201cDesenvolvemos moitos programas de innovaci\u00f3n, inclusi\u00f3n e tam\u00e9n de potenciaci\u00f3n da FP, diferentes acci\u00f3ns encami\u00f1adas a lograr grandes resultados educativos\u201d, explicou Rom\u00e1n Rodr\u00edguez.<\/p>\n<p style=\"text-align: justify;\">Tras salientar os bos datos das Comunidades Aut\u00f3nomas gobernadas polo PP en variables que miden a calidade, a equidade e a igualdade de oportunidades no sistema educativo, Rodr\u00edguez remarcou a vontade clara dos populares de seguir apostando pola educaci\u00f3n, \u201ca principal ferramenta que nos prepara para o futuro\u201d.<\/p>\n<p style=\"text-align: justify;\">Despois da visita, a Comisi\u00f3n de Educaci\u00f3n celebrou unha reuni\u00f3n na sede auton\u00f3mica do partido. Como resaltou Prado, este foro, composto por mulleres e homes do mundo da educaci\u00f3n e da innovaci\u00f3n, busca ser un laboratorio de ideas \u201conde nutrirse das propostas m\u00e1is vangardistas e continuar tendo a mellor educaci\u00f3n de toda Espa\u00f1a\u201d.<\/p>\n<p style=\"text-align: justify;\"><strong><u>O CIEDix, UN PUNTO DE INFLEXI\u00d3N PARA A EDUCACI\u00d3N <\/u><\/strong><\/p>\n<p style=\"text-align: justify;\">Antes da s\u00faa xuntanza na sede auton\u00f3mica do partido, os populares recalcaron na s\u00faa visita ao novo Centro de Innovaci\u00f3n Educativa e Dixital, en Santiago de Compostela, que este ser\u00e1 un punto de inflexi\u00f3n para a educaci\u00f3n galega, indo un paso por diante no cambio metodol\u00f3xico e no emprego de novos recursos did\u00e1cticos para reforzar a posici\u00f3n de Galicia \u00e1 vangarda do ensino.<\/p>\n<p style=\"text-align: justify;\">\u00a0<\/p>\n<p style=\"text-align: justify;\">Enmarcado na Estratexia de Educaci\u00f3n Dixital 2030, funcionar\u00e1 como lugar de referencia para toda a comunidade escolar e catalizador das novas tendencias. As\u00ed, coa activaci\u00f3n deste centro, \u201cGalicia completa un proceso no que foi pioneira a nivel nacional ao presentar a iniciativa, e que sit\u00faa \u00e1 Comunidade na li\u00f1a doutros pa\u00edses europeos como Alema\u00f1a ou Dinamarca\u201d, manifestaron os populares.<\/p>\n","protected":false},"excerpt":{"rendered":"<p>Paula Prado e Rom\u00e1n Rodr\u00edguez visitan coa Comisi\u00f3n de Educaci\u00f3n, presidida por Ovidio Rodeiro, o novo Centro de Innovaci\u00f3n Educativa e Dixital<\/p>\n","protected":false},"author":38,"featured_media":57566,"comment_status":"open","ping_status":"open","sticky":false,"template":"","format":"standard","meta":{"_acf_changed":false,"footnotes":""},"categories":[1],"tags":[],"class_list":["post-57567","post","type-post","status-publish","format-standard","has-post-thumbnail","hentry","category-pp-de-galicia"],"acf":[],"yoast_head":"<!-- This site is optimized with the Yoast SEO plugin v27.3 - https:\/\/yoast.com\/product\/yoast-seo-wordpress\/ -->\n<title>O PPdeG reivindica os Orzamentos da Xunta para 2023 como exemplo do compromiso coa educaci\u00f3n: maior investimento da historia, aumento das axudas para material escolar e impulso \u00e1 FP - PP de Galicia<\/title>\n<meta name=\"robots\" content=\"index, follow, max-snippet:-1, max-image-preview:large, max-video-preview:-1\" \/>\n<link rel=\"canonical\" href=\"https:\/\/ppdegalicia.com\/es\/o-ppdeg-reivindica-os-orzamentos-da-xunta-para-2023-como-exemplo-do-compromiso-coa-educacion-maior-investimento-da-historia-aumento-das-axudas-para-material-escolar-e-impulso-a-fp\/\" \/>\n<meta property=\"og:locale\" content=\"es_ES\" \/>\n<meta property=\"og:type\" content=\"article\" \/>\n<meta property=\"og:title\" content=\"O PPdeG reivindica os Orzamentos da Xunta para 2023 como exemplo do compromiso coa educaci\u00f3n: maior investimento da historia, aumento das axudas para material escolar e impulso \u00e1 FP - PP de Galicia\" \/>\n<meta property=\"og:description\" content=\"Paula Prado e Rom\u00e1n Rodr\u00edguez visitan coa Comisi\u00f3n de Educaci\u00f3n, presidida por Ovidio Rodeiro, o novo Centro de Innovaci\u00f3n Educativa e Dixital\" \/>\n<meta property=\"og:url\" content=\"https:\/\/ppdegalicia.com\/es\/o-ppdeg-reivindica-os-orzamentos-da-xunta-para-2023-como-exemplo-do-compromiso-coa-educacion-maior-investimento-da-historia-aumento-das-axudas-para-material-escolar-e-impulso-a-fp\/\" \/>\n<meta property=\"og:site_name\" content=\"PP de Galicia\" \/>\n<meta property=\"article:publisher\" content=\"https:\/\/www.instagram.com\/ppdegalicia\/\" \/>\n<meta property=\"article:published_time\" content=\"2022-10-30T09:22:21+00:00\" \/>\n<meta property=\"og:image\" content=\"https:\/\/ppdegalicia.com\/wp-content\/uploads\/2022\/10\/6fe33563829b8e236aedc057a51b250e.jpg\" \/>\n\t<meta property=\"og:image:width\" content=\"2047\" \/>\n\t<meta property=\"og:image:height\" content=\"1364\" \/>\n\t<meta property=\"og:image:type\" content=\"image\/jpeg\" \/>\n<meta name=\"author\" content=\"ppdegaliciaredes\" \/>\n<meta name=\"twitter:card\" content=\"summary_large_image\" \/>\n<meta name=\"twitter:creator\" content=\"@ppdegalicia\" \/>\n<meta name=\"twitter:site\" content=\"@ppdegalicia\" \/>\n<meta name=\"twitter:label1\" content=\"Escrito por\" \/>\n\t<meta name=\"twitter:data1\" content=\"ppdegaliciaredes\" \/>\n\t<meta name=\"twitter:label2\" content=\"Tiempo de lectura\" \/>\n\t<meta name=\"twitter:data2\" content=\"3 minutos\" \/>\n<script type=\"application\/ld+json\" class=\"yoast-schema-graph\">{\"@context\":\"https:\\\/\\\/schema.org\",\"@graph\":[{\"@type\":\"Article\",\"@id\":\"https:\\\/\\\/ppdegalicia.com\\\/es\\\/o-ppdeg-reivindica-os-orzamentos-da-xunta-para-2023-como-exemplo-do-compromiso-coa-educacion-maior-investimento-da-historia-aumento-das-axudas-para-material-escolar-e-impulso-a-fp\\\/#article\",\"isPartOf\":{\"@id\":\"https:\\\/\\\/ppdegalicia.com\\\/es\\\/o-ppdeg-reivindica-os-orzamentos-da-xunta-para-2023-como-exemplo-do-compromiso-coa-educacion-maior-investimento-da-historia-aumento-das-axudas-para-material-escolar-e-impulso-a-fp\\\/\"},\"author\":{\"name\":\"ppdegaliciaredes\",\"@id\":\"https:\\\/\\\/ppdegalicia.com\\\/es\\\/#\\\/schema\\\/person\\\/5b822c6f59e872ebdd1142f307dbcb59\"},\"headline\":\"O PPdeG reivindica os Orzamentos da Xunta para 2023 como exemplo do compromiso coa educaci\u00f3n: maior investimento da historia, aumento das axudas para material escolar e impulso \u00e1 FP\",\"datePublished\":\"2022-10-30T09:22:21+00:00\",\"mainEntityOfPage\":{\"@id\":\"https:\\\/\\\/ppdegalicia.com\\\/es\\\/o-ppdeg-reivindica-os-orzamentos-da-xunta-para-2023-como-exemplo-do-compromiso-coa-educacion-maior-investimento-da-historia-aumento-das-axudas-para-material-escolar-e-impulso-a-fp\\\/\"},\"wordCount\":599,\"commentCount\":0,\"publisher\":{\"@id\":\"https:\\\/\\\/ppdegalicia.com\\\/es\\\/#organization\"},\"image\":{\"@id\":\"https:\\\/\\\/ppdegalicia.com\\\/es\\\/o-ppdeg-reivindica-os-orzamentos-da-xunta-para-2023-como-exemplo-do-compromiso-coa-educacion-maior-investimento-da-historia-aumento-das-axudas-para-material-escolar-e-impulso-a-fp\\\/#primaryimage\"},\"thumbnailUrl\":\"https:\\\/\\\/ppdegalicia.com\\\/wp-content\\\/uploads\\\/2022\\\/10\\\/6fe33563829b8e236aedc057a51b250e.jpg\",\"articleSection\":[\"PP de Galicia\"],\"inLanguage\":\"es\",\"potentialAction\":[{\"@type\":\"CommentAction\",\"name\":\"Comment\",\"target\":[\"https:\\\/\\\/ppdegalicia.com\\\/es\\\/o-ppdeg-reivindica-os-orzamentos-da-xunta-para-2023-como-exemplo-do-compromiso-coa-educacion-maior-investimento-da-historia-aumento-das-axudas-para-material-escolar-e-impulso-a-fp\\\/#respond\"]}]},{\"@type\":\"WebPage\",\"@id\":\"https:\\\/\\\/ppdegalicia.com\\\/es\\\/o-ppdeg-reivindica-os-orzamentos-da-xunta-para-2023-como-exemplo-do-compromiso-coa-educacion-maior-investimento-da-historia-aumento-das-axudas-para-material-escolar-e-impulso-a-fp\\\/\",\"url\":\"https:\\\/\\\/ppdegalicia.com\\\/es\\\/o-ppdeg-reivindica-os-orzamentos-da-xunta-para-2023-como-exemplo-do-compromiso-coa-educacion-maior-investimento-da-historia-aumento-das-axudas-para-material-escolar-e-impulso-a-fp\\\/\",\"name\":\"O PPdeG reivindica os Orzamentos da Xunta para 2023 como exemplo do compromiso coa educaci\u00f3n: maior investimento da historia, aumento das axudas para material escolar e impulso \u00e1 FP - PP de Galicia\",\"isPartOf\":{\"@id\":\"https:\\\/\\\/ppdegalicia.com\\\/es\\\/#website\"},\"primaryImageOfPage\":{\"@id\":\"https:\\\/\\\/ppdegalicia.com\\\/es\\\/o-ppdeg-reivindica-os-orzamentos-da-xunta-para-2023-como-exemplo-do-compromiso-coa-educacion-maior-investimento-da-historia-aumento-das-axudas-para-material-escolar-e-impulso-a-fp\\\/#primaryimage\"},\"image\":{\"@id\":\"https:\\\/\\\/ppdegalicia.com\\\/es\\\/o-ppdeg-reivindica-os-orzamentos-da-xunta-para-2023-como-exemplo-do-compromiso-coa-educacion-maior-investimento-da-historia-aumento-das-axudas-para-material-escolar-e-impulso-a-fp\\\/#primaryimage\"},\"thumbnailUrl\":\"https:\\\/\\\/ppdegalicia.com\\\/wp-content\\\/uploads\\\/2022\\\/10\\\/6fe33563829b8e236aedc057a51b250e.jpg\",\"datePublished\":\"2022-10-30T09:22:21+00:00\",\"breadcrumb\":{\"@id\":\"https:\\\/\\\/ppdegalicia.com\\\/es\\\/o-ppdeg-reivindica-os-orzamentos-da-xunta-para-2023-como-exemplo-do-compromiso-coa-educacion-maior-investimento-da-historia-aumento-das-axudas-para-material-escolar-e-impulso-a-fp\\\/#breadcrumb\"},\"inLanguage\":\"es\",\"potentialAction\":[{\"@type\":\"ReadAction\",\"target\":[\"https:\\\/\\\/ppdegalicia.com\\\/es\\\/o-ppdeg-reivindica-os-orzamentos-da-xunta-para-2023-como-exemplo-do-compromiso-coa-educacion-maior-investimento-da-historia-aumento-das-axudas-para-material-escolar-e-impulso-a-fp\\\/\"]}]},{\"@type\":\"ImageObject\",\"inLanguage\":\"es\",\"@id\":\"https:\\\/\\\/ppdegalicia.com\\\/es\\\/o-ppdeg-reivindica-os-orzamentos-da-xunta-para-2023-como-exemplo-do-compromiso-coa-educacion-maior-investimento-da-historia-aumento-das-axudas-para-material-escolar-e-impulso-a-fp\\\/#primaryimage\",\"url\":\"https:\\\/\\\/ppdegalicia.com\\\/wp-content\\\/uploads\\\/2022\\\/10\\\/6fe33563829b8e236aedc057a51b250e.jpg\",\"contentUrl\":\"https:\\\/\\\/ppdegalicia.com\\\/wp-content\\\/uploads\\\/2022\\\/10\\\/6fe33563829b8e236aedc057a51b250e.jpg\",\"width\":2047,\"height\":1364},{\"@type\":\"BreadcrumbList\",\"@id\":\"https:\\\/\\\/ppdegalicia.com\\\/es\\\/o-ppdeg-reivindica-os-orzamentos-da-xunta-para-2023-como-exemplo-do-compromiso-coa-educacion-maior-investimento-da-historia-aumento-das-axudas-para-material-escolar-e-impulso-a-fp\\\/#breadcrumb\",\"itemListElement\":[{\"@type\":\"ListItem\",\"position\":1,\"name\":\"Portada\",\"item\":\"https:\\\/\\\/ppdegalicia.com\\\/es\\\/\"},{\"@type\":\"ListItem\",\"position\":2,\"name\":\"O PPdeG reivindica os Orzamentos da Xunta para 2023 como exemplo do compromiso coa educaci\u00f3n: maior investimento da historia, aumento das axudas para material escolar e impulso \u00e1 FP\"}]},{\"@type\":\"WebSite\",\"@id\":\"https:\\\/\\\/ppdegalicia.com\\\/es\\\/#website\",\"url\":\"https:\\\/\\\/ppdegalicia.com\\\/es\\\/\",\"name\":\"Partido Popular de Galicia\",\"description\":\"Partido Popular de Galicia\",\"publisher\":{\"@id\":\"https:\\\/\\\/ppdegalicia.com\\\/es\\\/#organization\"},\"alternateName\":\"PP de Galicia\",\"potentialAction\":[{\"@type\":\"SearchAction\",\"target\":{\"@type\":\"EntryPoint\",\"urlTemplate\":\"https:\\\/\\\/ppdegalicia.com\\\/es\\\/?s={search_term_string}\"},\"query-input\":{\"@type\":\"PropertyValueSpecification\",\"valueRequired\":true,\"valueName\":\"search_term_string\"}}],\"inLanguage\":\"es\"},{\"@type\":\"Organization\",\"@id\":\"https:\\\/\\\/ppdegalicia.com\\\/es\\\/#organization\",\"name\":\"Partido Popular de Galicia\",\"alternateName\":\"PP de Galicia\",\"url\":\"https:\\\/\\\/ppdegalicia.com\\\/es\\\/\",\"logo\":{\"@type\":\"ImageObject\",\"inLanguage\":\"es\",\"@id\":\"https:\\\/\\\/ppdegalicia.com\\\/es\\\/#\\\/schema\\\/logo\\\/image\\\/\",\"url\":\"https:\\\/\\\/ppdegalicia.com\\\/wp-content\\\/uploads\\\/2023\\\/04\\\/logoPP512.png\",\"contentUrl\":\"https:\\\/\\\/ppdegalicia.com\\\/wp-content\\\/uploads\\\/2023\\\/04\\\/logoPP512.png\",\"width\":512,\"height\":512,\"caption\":\"Partido Popular de Galicia\"},\"image\":{\"@id\":\"https:\\\/\\\/ppdegalicia.com\\\/es\\\/#\\\/schema\\\/logo\\\/image\\\/\"},\"sameAs\":[\"https:\\\/\\\/www.instagram.com\\\/ppdegalicia\\\/\",\"https:\\\/\\\/x.com\\\/ppdegalicia\",\"https:\\\/\\\/www.tiktok.com\\\/@ppdegalicia\",\"https:\\\/\\\/www.youtube.com\\\/user\\\/ppdegalicia\"]},{\"@type\":\"Person\",\"@id\":\"https:\\\/\\\/ppdegalicia.com\\\/es\\\/#\\\/schema\\\/person\\\/5b822c6f59e872ebdd1142f307dbcb59\",\"name\":\"ppdegaliciaredes\",\"image\":{\"@type\":\"ImageObject\",\"inLanguage\":\"es\",\"@id\":\"https:\\\/\\\/secure.gravatar.com\\\/avatar\\\/3c9179cf0256d00c72a48d1f25783c58b6842cd56e85ef3a572881c8e28ccd59?s=96&d=mm&r=g\",\"url\":\"https:\\\/\\\/secure.gravatar.com\\\/avatar\\\/3c9179cf0256d00c72a48d1f25783c58b6842cd56e85ef3a572881c8e28ccd59?s=96&d=mm&r=g\",\"contentUrl\":\"https:\\\/\\\/secure.gravatar.com\\\/avatar\\\/3c9179cf0256d00c72a48d1f25783c58b6842cd56e85ef3a572881c8e28ccd59?s=96&d=mm&r=g\",\"caption\":\"ppdegaliciaredes\"},\"url\":\"https:\\\/\\\/ppdegalicia.com\\\/es\\\/author\\\/ppdegaliciaredes\\\/\"}]}<\/script>\n<!-- \/ Yoast SEO plugin. -->","yoast_head_json":{"title":"O PPdeG reivindica os Orzamentos da Xunta para 2023 como exemplo do compromiso coa educaci\u00f3n: maior investimento da historia, aumento das axudas para material escolar e impulso \u00e1 FP - PP de Galicia","robots":{"index":"index","follow":"follow","max-snippet":"max-snippet:-1","max-image-preview":"max-image-preview:large","max-video-preview":"max-video-preview:-1"},"canonical":"https:\/\/ppdegalicia.com\/es\/o-ppdeg-reivindica-os-orzamentos-da-xunta-para-2023-como-exemplo-do-compromiso-coa-educacion-maior-investimento-da-historia-aumento-das-axudas-para-material-escolar-e-impulso-a-fp\/","og_locale":"es_ES","og_type":"article","og_title":"O PPdeG reivindica os Orzamentos da Xunta para 2023 como exemplo do compromiso coa educaci\u00f3n: maior investimento da historia, aumento das axudas para material escolar e impulso \u00e1 FP - PP de Galicia","og_description":"Paula Prado e Rom\u00e1n Rodr\u00edguez visitan coa Comisi\u00f3n de Educaci\u00f3n, presidida por Ovidio Rodeiro, o novo Centro de Innovaci\u00f3n Educativa e Dixital","og_url":"https:\/\/ppdegalicia.com\/es\/o-ppdeg-reivindica-os-orzamentos-da-xunta-para-2023-como-exemplo-do-compromiso-coa-educacion-maior-investimento-da-historia-aumento-das-axudas-para-material-escolar-e-impulso-a-fp\/","og_site_name":"PP de Galicia","article_publisher":"https:\/\/www.instagram.com\/ppdegalicia\/","article_published_time":"2022-10-30T09:22:21+00:00","og_image":[{"width":2047,"height":1364,"url":"https:\/\/ppdegalicia.com\/wp-content\/uploads\/2022\/10\/6fe33563829b8e236aedc057a51b250e.jpg","type":"image\/jpeg"}],"author":"ppdegaliciaredes","twitter_card":"summary_large_image","twitter_creator":"@ppdegalicia","twitter_site":"@ppdegalicia","twitter_misc":{"Escrito por":"ppdegaliciaredes","Tiempo de lectura":"3 minutos"},"schema":{"@context":"https:\/\/schema.org","@graph":[{"@type":"Article","@id":"https:\/\/ppdegalicia.com\/es\/o-ppdeg-reivindica-os-orzamentos-da-xunta-para-2023-como-exemplo-do-compromiso-coa-educacion-maior-investimento-da-historia-aumento-das-axudas-para-material-escolar-e-impulso-a-fp\/#article","isPartOf":{"@id":"https:\/\/ppdegalicia.com\/es\/o-ppdeg-reivindica-os-orzamentos-da-xunta-para-2023-como-exemplo-do-compromiso-coa-educacion-maior-investimento-da-historia-aumento-das-axudas-para-material-escolar-e-impulso-a-fp\/"},"author":{"name":"ppdegaliciaredes","@id":"https:\/\/ppdegalicia.com\/es\/#\/schema\/person\/5b822c6f59e872ebdd1142f307dbcb59"},"headline":"O PPdeG reivindica os Orzamentos da Xunta para 2023 como exemplo do compromiso coa educaci\u00f3n: maior investimento da historia, aumento das axudas para material escolar e impulso \u00e1 FP","datePublished":"2022-10-30T09:22:21+00:00","mainEntityOfPage":{"@id":"https:\/\/ppdegalicia.com\/es\/o-ppdeg-reivindica-os-orzamentos-da-xunta-para-2023-como-exemplo-do-compromiso-coa-educacion-maior-investimento-da-historia-aumento-das-axudas-para-material-escolar-e-impulso-a-fp\/"},"wordCount":599,"commentCount":0,"publisher":{"@id":"https:\/\/ppdegalicia.com\/es\/#organization"},"image":{"@id":"https:\/\/ppdegalicia.com\/es\/o-ppdeg-reivindica-os-orzamentos-da-xunta-para-2023-como-exemplo-do-compromiso-coa-educacion-maior-investimento-da-historia-aumento-das-axudas-para-material-escolar-e-impulso-a-fp\/#primaryimage"},"thumbnailUrl":"https:\/\/ppdegalicia.com\/wp-content\/uploads\/2022\/10\/6fe33563829b8e236aedc057a51b250e.jpg","articleSection":["PP de Galicia"],"inLanguage":"es","potentialAction":[{"@type":"CommentAction","name":"Comment","target":["https:\/\/ppdegalicia.com\/es\/o-ppdeg-reivindica-os-orzamentos-da-xunta-para-2023-como-exemplo-do-compromiso-coa-educacion-maior-investimento-da-historia-aumento-das-axudas-para-material-escolar-e-impulso-a-fp\/#respond"]}]},{"@type":"WebPage","@id":"https:\/\/ppdegalicia.com\/es\/o-ppdeg-reivindica-os-orzamentos-da-xunta-para-2023-como-exemplo-do-compromiso-coa-educacion-maior-investimento-da-historia-aumento-das-axudas-para-material-escolar-e-impulso-a-fp\/","url":"https:\/\/ppdegalicia.com\/es\/o-ppdeg-reivindica-os-orzamentos-da-xunta-para-2023-como-exemplo-do-compromiso-coa-educacion-maior-investimento-da-historia-aumento-das-axudas-para-material-escolar-e-impulso-a-fp\/","name":"O PPdeG reivindica os Orzamentos da Xunta para 2023 como exemplo do compromiso coa educaci\u00f3n: maior investimento da historia, aumento das axudas para material escolar e impulso \u00e1 FP - PP de Galicia","isPartOf":{"@id":"https:\/\/ppdegalicia.com\/es\/#website"},"primaryImageOfPage":{"@id":"https:\/\/ppdegalicia.com\/es\/o-ppdeg-reivindica-os-orzamentos-da-xunta-para-2023-como-exemplo-do-compromiso-coa-educacion-maior-investimento-da-historia-aumento-das-axudas-para-material-escolar-e-impulso-a-fp\/#primaryimage"},"image":{"@id":"https:\/\/ppdegalicia.com\/es\/o-ppdeg-reivindica-os-orzamentos-da-xunta-para-2023-como-exemplo-do-compromiso-coa-educacion-maior-investimento-da-historia-aumento-das-axudas-para-material-escolar-e-impulso-a-fp\/#primaryimage"},"thumbnailUrl":"https:\/\/ppdegalicia.com\/wp-content\/uploads\/2022\/10\/6fe33563829b8e236aedc057a51b250e.jpg","datePublished":"2022-10-30T09:22:21+00:00","breadcrumb":{"@id":"https:\/\/ppdegalicia.com\/es\/o-ppdeg-reivindica-os-orzamentos-da-xunta-para-2023-como-exemplo-do-compromiso-coa-educacion-maior-investimento-da-historia-aumento-das-axudas-para-material-escolar-e-impulso-a-fp\/#breadcrumb"},"inLanguage":"es","potentialAction":[{"@type":"ReadAction","target":["https:\/\/ppdegalicia.com\/es\/o-ppdeg-reivindica-os-orzamentos-da-xunta-para-2023-como-exemplo-do-compromiso-coa-educacion-maior-investimento-da-historia-aumento-das-axudas-para-material-escolar-e-impulso-a-fp\/"]}]},{"@type":"ImageObject","inLanguage":"es","@id":"https:\/\/ppdegalicia.com\/es\/o-ppdeg-reivindica-os-orzamentos-da-xunta-para-2023-como-exemplo-do-compromiso-coa-educacion-maior-investimento-da-historia-aumento-das-axudas-para-material-escolar-e-impulso-a-fp\/#primaryimage","url":"https:\/\/ppdegalicia.com\/wp-content\/uploads\/2022\/10\/6fe33563829b8e236aedc057a51b250e.jpg","contentUrl":"https:\/\/ppdegalicia.com\/wp-content\/uploads\/2022\/10\/6fe33563829b8e236aedc057a51b250e.jpg","width":2047,"height":1364},{"@type":"BreadcrumbList","@id":"https:\/\/ppdegalicia.com\/es\/o-ppdeg-reivindica-os-orzamentos-da-xunta-para-2023-como-exemplo-do-compromiso-coa-educacion-maior-investimento-da-historia-aumento-das-axudas-para-material-escolar-e-impulso-a-fp\/#breadcrumb","itemListElement":[{"@type":"ListItem","position":1,"name":"Portada","item":"https:\/\/ppdegalicia.com\/es\/"},{"@type":"ListItem","position":2,"name":"O PPdeG reivindica os Orzamentos da Xunta para 2023 como exemplo do compromiso coa educaci\u00f3n: maior investimento da historia, aumento das axudas para material escolar e impulso \u00e1 FP"}]},{"@type":"WebSite","@id":"https:\/\/ppdegalicia.com\/es\/#website","url":"https:\/\/ppdegalicia.com\/es\/","name":"Partido Popular de Galicia","description":"Partido Popular de Galicia","publisher":{"@id":"https:\/\/ppdegalicia.com\/es\/#organization"},"alternateName":"PP de Galicia","potentialAction":[{"@type":"SearchAction","target":{"@type":"EntryPoint","urlTemplate":"https:\/\/ppdegalicia.com\/es\/?s={search_term_string}"},"query-input":{"@type":"PropertyValueSpecification","valueRequired":true,"valueName":"search_term_string"}}],"inLanguage":"es"},{"@type":"Organization","@id":"https:\/\/ppdegalicia.com\/es\/#organization","name":"Partido Popular de Galicia","alternateName":"PP de Galicia","url":"https:\/\/ppdegalicia.com\/es\/","logo":{"@type":"ImageObject","inLanguage":"es","@id":"https:\/\/ppdegalicia.com\/es\/#\/schema\/logo\/image\/","url":"https:\/\/ppdegalicia.com\/wp-content\/uploads\/2023\/04\/logoPP512.png","contentUrl":"https:\/\/ppdegalicia.com\/wp-content\/uploads\/2023\/04\/logoPP512.png","width":512,"height":512,"caption":"Partido Popular de Galicia"},"image":{"@id":"https:\/\/ppdegalicia.com\/es\/#\/schema\/logo\/image\/"},"sameAs":["https:\/\/www.instagram.com\/ppdegalicia\/","https:\/\/x.com\/ppdegalicia","https:\/\/www.tiktok.com\/@ppdegalicia","https:\/\/www.youtube.com\/user\/ppdegalicia"]},{"@type":"Person","@id":"https:\/\/ppdegalicia.com\/es\/#\/schema\/person\/5b822c6f59e872ebdd1142f307dbcb59","name":"ppdegaliciaredes","image":{"@type":"ImageObject","inLanguage":"es","@id":"https:\/\/secure.gravatar.com\/avatar\/3c9179cf0256d00c72a48d1f25783c58b6842cd56e85ef3a572881c8e28ccd59?s=96&d=mm&r=g","url":"https:\/\/secure.gravatar.com\/avatar\/3c9179cf0256d00c72a48d1f25783c58b6842cd56e85ef3a572881c8e28ccd59?s=96&d=mm&r=g","contentUrl":"https:\/\/secure.gravatar.com\/avatar\/3c9179cf0256d00c72a48d1f25783c58b6842cd56e85ef3a572881c8e28ccd59?s=96&d=mm&r=g","caption":"ppdegaliciaredes"},"url":"https:\/\/ppdegalicia.com\/es\/author\/ppdegaliciaredes\/"}]}},"_links":{"self":[{"href":"https:\/\/ppdegalicia.com\/es\/wp-json\/wp\/v2\/posts\/57567","targetHints":{"allow":["GET"]}}],"collection":[{"href":"https:\/\/ppdegalicia.com\/es\/wp-json\/wp\/v2\/posts"}],"about":[{"href":"https:\/\/ppdegalicia.com\/es\/wp-json\/wp\/v2\/types\/post"}],"author":[{"embeddable":true,"href":"https:\/\/ppdegalicia.com\/es\/wp-json\/wp\/v2\/users\/38"}],"replies":[{"embeddable":true,"href":"https:\/\/ppdegalicia.com\/es\/wp-json\/wp\/v2\/comments?post=57567"}],"version-history":[{"count":0,"href":"https:\/\/ppdegalicia.com\/es\/wp-json\/wp\/v2\/posts\/57567\/revisions"}],"wp:featuredmedia":[{"embeddable":true,"href":"https:\/\/ppdegalicia.com\/es\/wp-json\/wp\/v2\/media\/57566"}],"wp:attachment":[{"href":"https:\/\/ppdegalicia.com\/es\/wp-json\/wp\/v2\/media?parent=57567"}],"wp:term":[{"taxonomy":"category","embeddable":true,"href":"https:\/\/ppdegalicia.com\/es\/wp-json\/wp\/v2\/categories?post=57567"},{"taxonomy":"post_tag","embeddable":true,"href":"https:\/\/ppdegalicia.com\/es\/wp-json\/wp\/v2\/tags?post=57567"}],"curies":[{"name":"wp","href":"https:\/\/api.w.org\/{rel}","templated":true}]}}