{"id":57569,"date":"2022-10-30T13:41:29","date_gmt":"2022-10-30T11:41:29","guid":{"rendered":"https:\/\/ppdegalicia.com\/pedro-puy-situa-a-galicia-como-a-mellor-proba-de-eficiencia-ao-facer-compatible-as-rebaixas-fiscais-co-mantemento-dos-servizos-publicos\/"},"modified":"2022-10-30T13:41:29","modified_gmt":"2022-10-30T11:41:29","slug":"pedro-puy-situa-a-galicia-como-a-mellor-proba-de-eficiencia-ao-facer-compatible-as-rebaixas-fiscais-co-mantemento-dos-servizos-publicos","status":"publish","type":"post","link":"https:\/\/ppdegalicia.com\/es\/pedro-puy-situa-a-galicia-como-a-mellor-proba-de-eficiencia-ao-facer-compatible-as-rebaixas-fiscais-co-mantemento-dos-servizos-publicos\/","title":{"rendered":"Pedro Puy sit\u00faa a Galicia como \u201ca mellor proba\u201d de eficiencia ao facer compatible as rebaixas fiscais co mantemento dos servizos p\u00fablicos"},"content":{"rendered":"<p><img fetchpriority=\"high\" decoding=\"async\" class=\" size-full wp-image-57568\" src=\"https:\/\/ppdegalicia.com\/wp-content\/uploads\/2022\/10\/6c7cdabe20068751a992f7c7b11b7c62.jpg\" alt=\"\" width=\"1600\" height=\"900\" srcset=\"https:\/\/ppdegalicia.com\/wp-content\/uploads\/2022\/10\/6c7cdabe20068751a992f7c7b11b7c62.jpg 1600w, https:\/\/ppdegalicia.com\/wp-content\/uploads\/2022\/10\/6c7cdabe20068751a992f7c7b11b7c62-300x169.jpg 300w, https:\/\/ppdegalicia.com\/wp-content\/uploads\/2022\/10\/6c7cdabe20068751a992f7c7b11b7c62-1024x576.jpg 1024w, https:\/\/ppdegalicia.com\/wp-content\/uploads\/2022\/10\/6c7cdabe20068751a992f7c7b11b7c62-768x432.jpg 768w, https:\/\/ppdegalicia.com\/wp-content\/uploads\/2022\/10\/6c7cdabe20068751a992f7c7b11b7c62-1536x864.jpg 1536w\" sizes=\"(max-width: 1600px) 100vw, 1600px\" \/><\/p>\n<p>31 de outubro de 2022. O portavoz do Grupo Popular, Pedro Puy, situou hoxe a Galicia como \u201ca mellor proba\u201d de eficiencia cos recursos p\u00fablicos, porque demostrou que \u201c\u00e9 compatible facer rebaixas fiscais selectivas apropiadas para unha situaci\u00f3n concreta, neste caso que favorecen as rendas m\u00e1is baixas, ao mesmo tempo que se mant\u00e9n a calidade dos servizos p\u00fablicos\u201d.<\/p>\n<p><!--more--><\/p>\n<p>As\u00ed mesmo, considerou \u201cunha falta de respecto ao autogoberno e unha falta de lealdade institucional no sentido financeiro do termo\u201d a intenci\u00f3n do Goberno de Pedro S\u00e1nchez de crear un imposto \u00e1s rendas altas nas comunidades que reduzan ou eliminen o imposto de patrimonio.<\/p>\n<p>Nunha entrevista na Cadena Ser, Pedro Puy manifestou que \u201cdicir que non se pode facer m\u00e1is con menos \u00e9 dubidar que existen melloras de eficiencia na xesti\u00f3n dos servizos p\u00fablicos\u201d e sinalou que \u201ccalquera gobernante ten que aspirar a facer as cousas mellor cos recursos que ten\u201d. \u201cAs propias familias galegas o fan todos os d\u00edas, utilizando os recursos que dispo\u00f1en da maneira m\u00e1is eficiente posible\u201d, apuntou.<\/p>\n<p><strong>TARXETA B\u00c1SICA PARA UNHA CONXUNTURA CONCRETA<\/strong><\/p>\n<p>Puy situou a Galicia como \u201ca proba\u201d de que se pode manter o nivel de servizos con menos recadaci\u00f3n e lembrou que os impostos en Galicia \u201cnon se rebaixan ata o punto no que se deterioren os servizos p\u00fablicos, porque, se un atende tanto aos indicadores de calidade como de satisfacci\u00f3n dos usuarios, demostran que a calidade dos servizos p\u00fablicos en Galicia mellorou\u201d.<\/p>\n<p>Respecto da tarxeta b\u00e1sica, lembrou que foi \u201cun instrumento que se dese\u00f1ou para unha conxuntura concreta, como foi a crise da Covid-19, e que tivo uns resultados magn\u00edficos\u201d. Por\u00e9n, engadiu que \u201cunha vez que se recupera a actividade, desaparecen os ERTES e o emprego comeza a activarse, a Xunta considera que se debe volver \u00e1s pol\u00edticas sociais que estaban funcionando ben antes da crise\u201d. \u201cAgora se reforza o gasto social incrementando o bono t\u00e9rmico, as axudas para as familias con pobreza enerx\u00e9tica ou mellorando a Risga\u201d, entre outras cuesti\u00f3ns.<\/p>\n<p>\u201cComprendo que pode haber queixas dos colectivos que entenden que a tarxeta b\u00e1sica \u00e9 un bo complemento de todo o anterior, pero ao final imos ver os resultados, xa que estas pol\u00edticas sociais est\u00e1n reducindo a desigualdade en Galicia, que ten neste \u00e1mbito unhas cifras envexables para calquera outra comunidade aut\u00f3noma\u201d, afirmou.<\/p>\n<p>Cuestionado sobre o imposto do patrimonio, o portavoz popular indicou que este tributo \u201cnon existe en ning\u00fan pa\u00eds da Uni\u00f3n Europea e o feito de que siga en Espa\u00f1a est\u00e1 empezando a xerar distorsi\u00f3ns, porque hai pa\u00edses que son moi competitivos e comunidades que intentan atraer capital non tendo este tributo\u201d. Neste sentido, dixo que este imposto \u201cten moitos inconvenientes te\u00f3ricos, e a proba \u00e9 que non existe en ning\u00fan pa\u00eds europeo e incluso o Partido Socialista o suprimiu no seu d\u00eda no Goberno de Zapatero, que despois o tivo que recuperar pola crise de 2008\u201d.<\/p>\n<p>No caso de Galicia, lembrou que \u201chai m\u00e1is de un ano se decidiu unha diminuci\u00f3n paulatina cara \u00e1 s\u00faa desaparici\u00f3n\u201d, e concretou que nos orzamentos para 2023 sup\u00f3n unha rebaixa de 17 mill\u00f3ns de euros, fronte aos case 600 mill\u00f3ns de beneficios fiscais para as persoas que m\u00e1is o precisan.<\/p>\n<p>\u201cO problema \u00e9 que se a xente, por non pagar o imposto de patrimonio, cambia o seu domicilio, cousa que \u00e9 bastante sinxela, non s\u00f3 se deixa de ingresar este gravame na Comunidade galega sen\u00f3n que tam\u00e9n arrastra aos demais tributos, nomeadamente o imposto sobre a renda\u201d, sinalou.<\/p>\n<p><strong>SORPRENDENTE NOVO GRAVAME ESTATAL<\/strong><\/p>\n<p>Relacionado con este imposto, Puy cualificou de \u201csorprendente\u201d que o Goberno de Pedro S\u00e1nchez cree un novo gravame para as rendas altas co que \u201cest\u00e1 vulnerando claramente a autonom\u00eda fiscal das comunidades aut\u00f3nomas\u201d. \u201cSe hai unha comunidade aut\u00f3noma que rebaixa un imposto no seu \u00e1mbito competencial e o Estado o que fai \u00e9 suplilo con outro, realmente o que se est\u00e1 impedindo \u00e9 o exercicio das competencias das comunidades aut\u00f3nomas\u201d, manifestou.<\/p>\n<p>Pedro Puy lamentou que \u201c\u00e9 a primeira vez que un goberno de Espa\u00f1a irrompe en decisi\u00f3ns tributarias democr\u00e1ticas que se adoptan nas comunidades aut\u00f3nomas para curtocircuitar as pol\u00edticas que, dentro das nosas competencias, decidimos desde as comunidades aut\u00f3nomas\u201d.<\/p>\n<p>Durante a entrevista, Pedro Puy tam\u00e9n respondeu a preguntas sobre a tramitaci\u00f3n dos orzamentos da Xunta para 2023 e considerou que \u201cneste momento, que coinciden con unha \u00e9poca preelectoral, vai ser complexo\u201d chegar a acordos coa oposici\u00f3n. Por\u00e9n, avanzou que desde o Grupo Popular \u201cafrontamos este debate coa intenci\u00f3n de que, se hai emendas que permitan mellorar o texto dos orzamentos, ser\u00e1n tidas en conta\u201d.<\/p>\n<p><strong>POL\u00cdTICA FISCAL AXEITADA<\/strong><\/p>\n<p>Pedro Puy defendeu unha contas \u201ccontinuistas\u201d porque \u201cen li\u00f1as xerais a pol\u00edtica orzamentaria que se est\u00e1 facendo desde a Xunta est\u00e1 a dar resultados\u201d. \u201cGalicia est\u00e1 acadando os niveis de converxencia m\u00e1is altos co conxunto de Espa\u00f1a en termos de PIB per c\u00e1pita, ao tempo que a desigualdade est\u00e1 por baixo da media de Espa\u00f1a e da Uni\u00f3n Europea; temos moi bos resultados no \u00e1mbito educativo e dos servizos sociais; e, desde o punto de vista orzamentario, sen grandes d\u00e9bedas e incluso mellorando a nosa posici\u00f3n de endebedamento, polo que \u00e9 l\u00f3xico que sigamos nesa li\u00f1a\u201d, salientou.<\/p>\n<p>O portavoz popular destacou que os orzamentos para 2023 \u201cson os m\u00e1is altos da historia de Galicia, cun importante esforzo de consolidaci\u00f3n da pol\u00edtica fiscal que se fixo nos \u00faltimos anos\u201d, beneficiando \u201c\u00e1s persoas que te\u00f1en menor renda\u201d. En concreto, salientou as medidas de deflactaci\u00f3n dos primeiros tres tramos do IRPF, os que ingresan menos de 30.000 euros; ou a equiparaci\u00f3n das deduci\u00f3ns \u00e1s familias de dous fillos coas de familia numerosa. Unha pol\u00edtica fiscal \u201caxeitada de axudar a quen m\u00e1is o precisa, con rebaixas fiscais selectivas de arredor de 600 mill\u00f3ns de euros que van dirixidas ao gasto social\u201d, dixo. <\/p>\n","protected":false},"excerpt":{"rendered":"<p>31 de outubro de 2022. O portavoz do Grupo Popular, Pedro Puy, situou hoxe a Galicia como \u201ca mellor proba\u201d de eficiencia cos recursos p\u00fablicos, porque demostrou que \u201c\u00e9 compatible facer rebaixas fiscais selectivas apropiadas para unha situaci\u00f3n concreta, neste caso que favorecen as rendas m\u00e1is baixas, ao mesmo tempo que se mant\u00e9n a calidade [&hellip;]<\/p>\n","protected":false},"author":38,"featured_media":57568,"comment_status":"open","ping_status":"open","sticky":false,"template":"","format":"standard","meta":{"_acf_changed":false,"footnotes":""},"categories":[1],"tags":[],"class_list":["post-57569","post","type-post","status-publish","format-standard","has-post-thumbnail","hentry","category-pp-de-galicia"],"acf":[],"yoast_head":"<!-- This site is optimized with the Yoast SEO plugin v27.3 - https:\/\/yoast.com\/product\/yoast-seo-wordpress\/ -->\n<title>Pedro Puy sit\u00faa a Galicia como \u201ca mellor proba\u201d de eficiencia ao facer compatible as rebaixas fiscais co mantemento dos servizos p\u00fablicos - PP de Galicia<\/title>\n<meta name=\"robots\" content=\"index, follow, max-snippet:-1, max-image-preview:large, max-video-preview:-1\" \/>\n<link rel=\"canonical\" href=\"https:\/\/ppdegalicia.com\/es\/pedro-puy-situa-a-galicia-como-a-mellor-proba-de-eficiencia-ao-facer-compatible-as-rebaixas-fiscais-co-mantemento-dos-servizos-publicos\/\" \/>\n<meta property=\"og:locale\" content=\"es_ES\" \/>\n<meta property=\"og:type\" content=\"article\" \/>\n<meta property=\"og:title\" content=\"Pedro Puy sit\u00faa a Galicia como \u201ca mellor proba\u201d de eficiencia ao facer compatible as rebaixas fiscais co mantemento dos servizos p\u00fablicos - PP de Galicia\" \/>\n<meta property=\"og:description\" content=\"31 de outubro de 2022. O portavoz do Grupo Popular, Pedro Puy, situou hoxe a Galicia como \u201ca mellor proba\u201d de eficiencia cos recursos p\u00fablicos, porque demostrou que \u201c\u00e9 compatible facer rebaixas fiscais selectivas apropiadas para unha situaci\u00f3n concreta, neste caso que favorecen as rendas m\u00e1is baixas, ao mesmo tempo que se mant\u00e9n a calidade [&hellip;]\" \/>\n<meta property=\"og:url\" content=\"https:\/\/ppdegalicia.com\/es\/pedro-puy-situa-a-galicia-como-a-mellor-proba-de-eficiencia-ao-facer-compatible-as-rebaixas-fiscais-co-mantemento-dos-servizos-publicos\/\" \/>\n<meta property=\"og:site_name\" content=\"PP de Galicia\" \/>\n<meta property=\"article:publisher\" content=\"https:\/\/www.instagram.com\/ppdegalicia\/\" \/>\n<meta property=\"article:published_time\" content=\"2022-10-30T11:41:29+00:00\" \/>\n<meta property=\"og:image\" content=\"https:\/\/ppdegalicia.com\/wp-content\/uploads\/2022\/10\/6c7cdabe20068751a992f7c7b11b7c62.jpg\" \/>\n\t<meta property=\"og:image:width\" content=\"1600\" \/>\n\t<meta property=\"og:image:height\" content=\"900\" \/>\n\t<meta property=\"og:image:type\" content=\"image\/jpeg\" \/>\n<meta name=\"author\" content=\"ppdegaliciaredes\" \/>\n<meta name=\"twitter:card\" content=\"summary_large_image\" \/>\n<meta name=\"twitter:creator\" content=\"@ppdegalicia\" \/>\n<meta name=\"twitter:site\" content=\"@ppdegalicia\" \/>\n<meta name=\"twitter:label1\" content=\"Escrito por\" \/>\n\t<meta name=\"twitter:data1\" content=\"ppdegaliciaredes\" \/>\n\t<meta name=\"twitter:label2\" content=\"Tiempo de lectura\" \/>\n\t<meta name=\"twitter:data2\" content=\"5 minutos\" \/>\n<script type=\"application\/ld+json\" class=\"yoast-schema-graph\">{\"@context\":\"https:\\\/\\\/schema.org\",\"@graph\":[{\"@type\":\"Article\",\"@id\":\"https:\\\/\\\/ppdegalicia.com\\\/es\\\/pedro-puy-situa-a-galicia-como-a-mellor-proba-de-eficiencia-ao-facer-compatible-as-rebaixas-fiscais-co-mantemento-dos-servizos-publicos\\\/#article\",\"isPartOf\":{\"@id\":\"https:\\\/\\\/ppdegalicia.com\\\/es\\\/pedro-puy-situa-a-galicia-como-a-mellor-proba-de-eficiencia-ao-facer-compatible-as-rebaixas-fiscais-co-mantemento-dos-servizos-publicos\\\/\"},\"author\":{\"name\":\"ppdegaliciaredes\",\"@id\":\"https:\\\/\\\/ppdegalicia.com\\\/es\\\/#\\\/schema\\\/person\\\/5b822c6f59e872ebdd1142f307dbcb59\"},\"headline\":\"Pedro Puy sit\u00faa a Galicia como \u201ca mellor proba\u201d de eficiencia ao facer compatible as rebaixas fiscais co mantemento dos servizos p\u00fablicos\",\"datePublished\":\"2022-10-30T11:41:29+00:00\",\"mainEntityOfPage\":{\"@id\":\"https:\\\/\\\/ppdegalicia.com\\\/es\\\/pedro-puy-situa-a-galicia-como-a-mellor-proba-de-eficiencia-ao-facer-compatible-as-rebaixas-fiscais-co-mantemento-dos-servizos-publicos\\\/\"},\"wordCount\":1044,\"commentCount\":0,\"publisher\":{\"@id\":\"https:\\\/\\\/ppdegalicia.com\\\/es\\\/#organization\"},\"image\":{\"@id\":\"https:\\\/\\\/ppdegalicia.com\\\/es\\\/pedro-puy-situa-a-galicia-como-a-mellor-proba-de-eficiencia-ao-facer-compatible-as-rebaixas-fiscais-co-mantemento-dos-servizos-publicos\\\/#primaryimage\"},\"thumbnailUrl\":\"https:\\\/\\\/ppdegalicia.com\\\/wp-content\\\/uploads\\\/2022\\\/10\\\/6c7cdabe20068751a992f7c7b11b7c62.jpg\",\"articleSection\":[\"PP de Galicia\"],\"inLanguage\":\"es\",\"potentialAction\":[{\"@type\":\"CommentAction\",\"name\":\"Comment\",\"target\":[\"https:\\\/\\\/ppdegalicia.com\\\/es\\\/pedro-puy-situa-a-galicia-como-a-mellor-proba-de-eficiencia-ao-facer-compatible-as-rebaixas-fiscais-co-mantemento-dos-servizos-publicos\\\/#respond\"]}]},{\"@type\":\"WebPage\",\"@id\":\"https:\\\/\\\/ppdegalicia.com\\\/es\\\/pedro-puy-situa-a-galicia-como-a-mellor-proba-de-eficiencia-ao-facer-compatible-as-rebaixas-fiscais-co-mantemento-dos-servizos-publicos\\\/\",\"url\":\"https:\\\/\\\/ppdegalicia.com\\\/es\\\/pedro-puy-situa-a-galicia-como-a-mellor-proba-de-eficiencia-ao-facer-compatible-as-rebaixas-fiscais-co-mantemento-dos-servizos-publicos\\\/\",\"name\":\"Pedro Puy sit\u00faa a Galicia como \u201ca mellor proba\u201d de eficiencia ao facer compatible as rebaixas fiscais co mantemento dos servizos p\u00fablicos - PP de Galicia\",\"isPartOf\":{\"@id\":\"https:\\\/\\\/ppdegalicia.com\\\/es\\\/#website\"},\"primaryImageOfPage\":{\"@id\":\"https:\\\/\\\/ppdegalicia.com\\\/es\\\/pedro-puy-situa-a-galicia-como-a-mellor-proba-de-eficiencia-ao-facer-compatible-as-rebaixas-fiscais-co-mantemento-dos-servizos-publicos\\\/#primaryimage\"},\"image\":{\"@id\":\"https:\\\/\\\/ppdegalicia.com\\\/es\\\/pedro-puy-situa-a-galicia-como-a-mellor-proba-de-eficiencia-ao-facer-compatible-as-rebaixas-fiscais-co-mantemento-dos-servizos-publicos\\\/#primaryimage\"},\"thumbnailUrl\":\"https:\\\/\\\/ppdegalicia.com\\\/wp-content\\\/uploads\\\/2022\\\/10\\\/6c7cdabe20068751a992f7c7b11b7c62.jpg\",\"datePublished\":\"2022-10-30T11:41:29+00:00\",\"breadcrumb\":{\"@id\":\"https:\\\/\\\/ppdegalicia.com\\\/es\\\/pedro-puy-situa-a-galicia-como-a-mellor-proba-de-eficiencia-ao-facer-compatible-as-rebaixas-fiscais-co-mantemento-dos-servizos-publicos\\\/#breadcrumb\"},\"inLanguage\":\"es\",\"potentialAction\":[{\"@type\":\"ReadAction\",\"target\":[\"https:\\\/\\\/ppdegalicia.com\\\/es\\\/pedro-puy-situa-a-galicia-como-a-mellor-proba-de-eficiencia-ao-facer-compatible-as-rebaixas-fiscais-co-mantemento-dos-servizos-publicos\\\/\"]}]},{\"@type\":\"ImageObject\",\"inLanguage\":\"es\",\"@id\":\"https:\\\/\\\/ppdegalicia.com\\\/es\\\/pedro-puy-situa-a-galicia-como-a-mellor-proba-de-eficiencia-ao-facer-compatible-as-rebaixas-fiscais-co-mantemento-dos-servizos-publicos\\\/#primaryimage\",\"url\":\"https:\\\/\\\/ppdegalicia.com\\\/wp-content\\\/uploads\\\/2022\\\/10\\\/6c7cdabe20068751a992f7c7b11b7c62.jpg\",\"contentUrl\":\"https:\\\/\\\/ppdegalicia.com\\\/wp-content\\\/uploads\\\/2022\\\/10\\\/6c7cdabe20068751a992f7c7b11b7c62.jpg\",\"width\":1600,\"height\":900},{\"@type\":\"BreadcrumbList\",\"@id\":\"https:\\\/\\\/ppdegalicia.com\\\/es\\\/pedro-puy-situa-a-galicia-como-a-mellor-proba-de-eficiencia-ao-facer-compatible-as-rebaixas-fiscais-co-mantemento-dos-servizos-publicos\\\/#breadcrumb\",\"itemListElement\":[{\"@type\":\"ListItem\",\"position\":1,\"name\":\"Portada\",\"item\":\"https:\\\/\\\/ppdegalicia.com\\\/es\\\/\"},{\"@type\":\"ListItem\",\"position\":2,\"name\":\"Pedro Puy sit\u00faa a Galicia como \u201ca mellor proba\u201d de eficiencia ao facer compatible as rebaixas fiscais co mantemento dos servizos p\u00fablicos\"}]},{\"@type\":\"WebSite\",\"@id\":\"https:\\\/\\\/ppdegalicia.com\\\/es\\\/#website\",\"url\":\"https:\\\/\\\/ppdegalicia.com\\\/es\\\/\",\"name\":\"Partido Popular de Galicia\",\"description\":\"Partido Popular de Galicia\",\"publisher\":{\"@id\":\"https:\\\/\\\/ppdegalicia.com\\\/es\\\/#organization\"},\"alternateName\":\"PP de Galicia\",\"potentialAction\":[{\"@type\":\"SearchAction\",\"target\":{\"@type\":\"EntryPoint\",\"urlTemplate\":\"https:\\\/\\\/ppdegalicia.com\\\/es\\\/?s={search_term_string}\"},\"query-input\":{\"@type\":\"PropertyValueSpecification\",\"valueRequired\":true,\"valueName\":\"search_term_string\"}}],\"inLanguage\":\"es\"},{\"@type\":\"Organization\",\"@id\":\"https:\\\/\\\/ppdegalicia.com\\\/es\\\/#organization\",\"name\":\"Partido Popular de Galicia\",\"alternateName\":\"PP de Galicia\",\"url\":\"https:\\\/\\\/ppdegalicia.com\\\/es\\\/\",\"logo\":{\"@type\":\"ImageObject\",\"inLanguage\":\"es\",\"@id\":\"https:\\\/\\\/ppdegalicia.com\\\/es\\\/#\\\/schema\\\/logo\\\/image\\\/\",\"url\":\"https:\\\/\\\/ppdegalicia.com\\\/wp-content\\\/uploads\\\/2023\\\/04\\\/logoPP512.png\",\"contentUrl\":\"https:\\\/\\\/ppdegalicia.com\\\/wp-content\\\/uploads\\\/2023\\\/04\\\/logoPP512.png\",\"width\":512,\"height\":512,\"caption\":\"Partido Popular de Galicia\"},\"image\":{\"@id\":\"https:\\\/\\\/ppdegalicia.com\\\/es\\\/#\\\/schema\\\/logo\\\/image\\\/\"},\"sameAs\":[\"https:\\\/\\\/www.instagram.com\\\/ppdegalicia\\\/\",\"https:\\\/\\\/x.com\\\/ppdegalicia\",\"https:\\\/\\\/www.tiktok.com\\\/@ppdegalicia\",\"https:\\\/\\\/www.youtube.com\\\/user\\\/ppdegalicia\"]},{\"@type\":\"Person\",\"@id\":\"https:\\\/\\\/ppdegalicia.com\\\/es\\\/#\\\/schema\\\/person\\\/5b822c6f59e872ebdd1142f307dbcb59\",\"name\":\"ppdegaliciaredes\",\"image\":{\"@type\":\"ImageObject\",\"inLanguage\":\"es\",\"@id\":\"https:\\\/\\\/secure.gravatar.com\\\/avatar\\\/3c9179cf0256d00c72a48d1f25783c58b6842cd56e85ef3a572881c8e28ccd59?s=96&d=mm&r=g\",\"url\":\"https:\\\/\\\/secure.gravatar.com\\\/avatar\\\/3c9179cf0256d00c72a48d1f25783c58b6842cd56e85ef3a572881c8e28ccd59?s=96&d=mm&r=g\",\"contentUrl\":\"https:\\\/\\\/secure.gravatar.com\\\/avatar\\\/3c9179cf0256d00c72a48d1f25783c58b6842cd56e85ef3a572881c8e28ccd59?s=96&d=mm&r=g\",\"caption\":\"ppdegaliciaredes\"},\"url\":\"https:\\\/\\\/ppdegalicia.com\\\/es\\\/author\\\/ppdegaliciaredes\\\/\"}]}<\/script>\n<!-- \/ Yoast SEO plugin. -->","yoast_head_json":{"title":"Pedro Puy sit\u00faa a Galicia como \u201ca mellor proba\u201d de eficiencia ao facer compatible as rebaixas fiscais co mantemento dos servizos p\u00fablicos - PP de Galicia","robots":{"index":"index","follow":"follow","max-snippet":"max-snippet:-1","max-image-preview":"max-image-preview:large","max-video-preview":"max-video-preview:-1"},"canonical":"https:\/\/ppdegalicia.com\/es\/pedro-puy-situa-a-galicia-como-a-mellor-proba-de-eficiencia-ao-facer-compatible-as-rebaixas-fiscais-co-mantemento-dos-servizos-publicos\/","og_locale":"es_ES","og_type":"article","og_title":"Pedro Puy sit\u00faa a Galicia como \u201ca mellor proba\u201d de eficiencia ao facer compatible as rebaixas fiscais co mantemento dos servizos p\u00fablicos - PP de Galicia","og_description":"31 de outubro de 2022. O portavoz do Grupo Popular, Pedro Puy, situou hoxe a Galicia como \u201ca mellor proba\u201d de eficiencia cos recursos p\u00fablicos, porque demostrou que \u201c\u00e9 compatible facer rebaixas fiscais selectivas apropiadas para unha situaci\u00f3n concreta, neste caso que favorecen as rendas m\u00e1is baixas, ao mesmo tempo que se mant\u00e9n a calidade [&hellip;]","og_url":"https:\/\/ppdegalicia.com\/es\/pedro-puy-situa-a-galicia-como-a-mellor-proba-de-eficiencia-ao-facer-compatible-as-rebaixas-fiscais-co-mantemento-dos-servizos-publicos\/","og_site_name":"PP de Galicia","article_publisher":"https:\/\/www.instagram.com\/ppdegalicia\/","article_published_time":"2022-10-30T11:41:29+00:00","og_image":[{"width":1600,"height":900,"url":"https:\/\/ppdegalicia.com\/wp-content\/uploads\/2022\/10\/6c7cdabe20068751a992f7c7b11b7c62.jpg","type":"image\/jpeg"}],"author":"ppdegaliciaredes","twitter_card":"summary_large_image","twitter_creator":"@ppdegalicia","twitter_site":"@ppdegalicia","twitter_misc":{"Escrito por":"ppdegaliciaredes","Tiempo de lectura":"5 minutos"},"schema":{"@context":"https:\/\/schema.org","@graph":[{"@type":"Article","@id":"https:\/\/ppdegalicia.com\/es\/pedro-puy-situa-a-galicia-como-a-mellor-proba-de-eficiencia-ao-facer-compatible-as-rebaixas-fiscais-co-mantemento-dos-servizos-publicos\/#article","isPartOf":{"@id":"https:\/\/ppdegalicia.com\/es\/pedro-puy-situa-a-galicia-como-a-mellor-proba-de-eficiencia-ao-facer-compatible-as-rebaixas-fiscais-co-mantemento-dos-servizos-publicos\/"},"author":{"name":"ppdegaliciaredes","@id":"https:\/\/ppdegalicia.com\/es\/#\/schema\/person\/5b822c6f59e872ebdd1142f307dbcb59"},"headline":"Pedro Puy sit\u00faa a Galicia como \u201ca mellor proba\u201d de eficiencia ao facer compatible as rebaixas fiscais co mantemento dos servizos p\u00fablicos","datePublished":"2022-10-30T11:41:29+00:00","mainEntityOfPage":{"@id":"https:\/\/ppdegalicia.com\/es\/pedro-puy-situa-a-galicia-como-a-mellor-proba-de-eficiencia-ao-facer-compatible-as-rebaixas-fiscais-co-mantemento-dos-servizos-publicos\/"},"wordCount":1044,"commentCount":0,"publisher":{"@id":"https:\/\/ppdegalicia.com\/es\/#organization"},"image":{"@id":"https:\/\/ppdegalicia.com\/es\/pedro-puy-situa-a-galicia-como-a-mellor-proba-de-eficiencia-ao-facer-compatible-as-rebaixas-fiscais-co-mantemento-dos-servizos-publicos\/#primaryimage"},"thumbnailUrl":"https:\/\/ppdegalicia.com\/wp-content\/uploads\/2022\/10\/6c7cdabe20068751a992f7c7b11b7c62.jpg","articleSection":["PP de Galicia"],"inLanguage":"es","potentialAction":[{"@type":"CommentAction","name":"Comment","target":["https:\/\/ppdegalicia.com\/es\/pedro-puy-situa-a-galicia-como-a-mellor-proba-de-eficiencia-ao-facer-compatible-as-rebaixas-fiscais-co-mantemento-dos-servizos-publicos\/#respond"]}]},{"@type":"WebPage","@id":"https:\/\/ppdegalicia.com\/es\/pedro-puy-situa-a-galicia-como-a-mellor-proba-de-eficiencia-ao-facer-compatible-as-rebaixas-fiscais-co-mantemento-dos-servizos-publicos\/","url":"https:\/\/ppdegalicia.com\/es\/pedro-puy-situa-a-galicia-como-a-mellor-proba-de-eficiencia-ao-facer-compatible-as-rebaixas-fiscais-co-mantemento-dos-servizos-publicos\/","name":"Pedro Puy sit\u00faa a Galicia como \u201ca mellor proba\u201d de eficiencia ao facer compatible as rebaixas fiscais co mantemento dos servizos p\u00fablicos - PP de Galicia","isPartOf":{"@id":"https:\/\/ppdegalicia.com\/es\/#website"},"primaryImageOfPage":{"@id":"https:\/\/ppdegalicia.com\/es\/pedro-puy-situa-a-galicia-como-a-mellor-proba-de-eficiencia-ao-facer-compatible-as-rebaixas-fiscais-co-mantemento-dos-servizos-publicos\/#primaryimage"},"image":{"@id":"https:\/\/ppdegalicia.com\/es\/pedro-puy-situa-a-galicia-como-a-mellor-proba-de-eficiencia-ao-facer-compatible-as-rebaixas-fiscais-co-mantemento-dos-servizos-publicos\/#primaryimage"},"thumbnailUrl":"https:\/\/ppdegalicia.com\/wp-content\/uploads\/2022\/10\/6c7cdabe20068751a992f7c7b11b7c62.jpg","datePublished":"2022-10-30T11:41:29+00:00","breadcrumb":{"@id":"https:\/\/ppdegalicia.com\/es\/pedro-puy-situa-a-galicia-como-a-mellor-proba-de-eficiencia-ao-facer-compatible-as-rebaixas-fiscais-co-mantemento-dos-servizos-publicos\/#breadcrumb"},"inLanguage":"es","potentialAction":[{"@type":"ReadAction","target":["https:\/\/ppdegalicia.com\/es\/pedro-puy-situa-a-galicia-como-a-mellor-proba-de-eficiencia-ao-facer-compatible-as-rebaixas-fiscais-co-mantemento-dos-servizos-publicos\/"]}]},{"@type":"ImageObject","inLanguage":"es","@id":"https:\/\/ppdegalicia.com\/es\/pedro-puy-situa-a-galicia-como-a-mellor-proba-de-eficiencia-ao-facer-compatible-as-rebaixas-fiscais-co-mantemento-dos-servizos-publicos\/#primaryimage","url":"https:\/\/ppdegalicia.com\/wp-content\/uploads\/2022\/10\/6c7cdabe20068751a992f7c7b11b7c62.jpg","contentUrl":"https:\/\/ppdegalicia.com\/wp-content\/uploads\/2022\/10\/6c7cdabe20068751a992f7c7b11b7c62.jpg","width":1600,"height":900},{"@type":"BreadcrumbList","@id":"https:\/\/ppdegalicia.com\/es\/pedro-puy-situa-a-galicia-como-a-mellor-proba-de-eficiencia-ao-facer-compatible-as-rebaixas-fiscais-co-mantemento-dos-servizos-publicos\/#breadcrumb","itemListElement":[{"@type":"ListItem","position":1,"name":"Portada","item":"https:\/\/ppdegalicia.com\/es\/"},{"@type":"ListItem","position":2,"name":"Pedro Puy sit\u00faa a Galicia como \u201ca mellor proba\u201d de eficiencia ao facer compatible as rebaixas fiscais co mantemento dos servizos p\u00fablicos"}]},{"@type":"WebSite","@id":"https:\/\/ppdegalicia.com\/es\/#website","url":"https:\/\/ppdegalicia.com\/es\/","name":"Partido Popular de Galicia","description":"Partido Popular de Galicia","publisher":{"@id":"https:\/\/ppdegalicia.com\/es\/#organization"},"alternateName":"PP de Galicia","potentialAction":[{"@type":"SearchAction","target":{"@type":"EntryPoint","urlTemplate":"https:\/\/ppdegalicia.com\/es\/?s={search_term_string}"},"query-input":{"@type":"PropertyValueSpecification","valueRequired":true,"valueName":"search_term_string"}}],"inLanguage":"es"},{"@type":"Organization","@id":"https:\/\/ppdegalicia.com\/es\/#organization","name":"Partido Popular de Galicia","alternateName":"PP de Galicia","url":"https:\/\/ppdegalicia.com\/es\/","logo":{"@type":"ImageObject","inLanguage":"es","@id":"https:\/\/ppdegalicia.com\/es\/#\/schema\/logo\/image\/","url":"https:\/\/ppdegalicia.com\/wp-content\/uploads\/2023\/04\/logoPP512.png","contentUrl":"https:\/\/ppdegalicia.com\/wp-content\/uploads\/2023\/04\/logoPP512.png","width":512,"height":512,"caption":"Partido Popular de Galicia"},"image":{"@id":"https:\/\/ppdegalicia.com\/es\/#\/schema\/logo\/image\/"},"sameAs":["https:\/\/www.instagram.com\/ppdegalicia\/","https:\/\/x.com\/ppdegalicia","https:\/\/www.tiktok.com\/@ppdegalicia","https:\/\/www.youtube.com\/user\/ppdegalicia"]},{"@type":"Person","@id":"https:\/\/ppdegalicia.com\/es\/#\/schema\/person\/5b822c6f59e872ebdd1142f307dbcb59","name":"ppdegaliciaredes","image":{"@type":"ImageObject","inLanguage":"es","@id":"https:\/\/secure.gravatar.com\/avatar\/3c9179cf0256d00c72a48d1f25783c58b6842cd56e85ef3a572881c8e28ccd59?s=96&d=mm&r=g","url":"https:\/\/secure.gravatar.com\/avatar\/3c9179cf0256d00c72a48d1f25783c58b6842cd56e85ef3a572881c8e28ccd59?s=96&d=mm&r=g","contentUrl":"https:\/\/secure.gravatar.com\/avatar\/3c9179cf0256d00c72a48d1f25783c58b6842cd56e85ef3a572881c8e28ccd59?s=96&d=mm&r=g","caption":"ppdegaliciaredes"},"url":"https:\/\/ppdegalicia.com\/es\/author\/ppdegaliciaredes\/"}]}},"_links":{"self":[{"href":"https:\/\/ppdegalicia.com\/es\/wp-json\/wp\/v2\/posts\/57569","targetHints":{"allow":["GET"]}}],"collection":[{"href":"https:\/\/ppdegalicia.com\/es\/wp-json\/wp\/v2\/posts"}],"about":[{"href":"https:\/\/ppdegalicia.com\/es\/wp-json\/wp\/v2\/types\/post"}],"author":[{"embeddable":true,"href":"https:\/\/ppdegalicia.com\/es\/wp-json\/wp\/v2\/users\/38"}],"replies":[{"embeddable":true,"href":"https:\/\/ppdegalicia.com\/es\/wp-json\/wp\/v2\/comments?post=57569"}],"version-history":[{"count":0,"href":"https:\/\/ppdegalicia.com\/es\/wp-json\/wp\/v2\/posts\/57569\/revisions"}],"wp:featuredmedia":[{"embeddable":true,"href":"https:\/\/ppdegalicia.com\/es\/wp-json\/wp\/v2\/media\/57568"}],"wp:attachment":[{"href":"https:\/\/ppdegalicia.com\/es\/wp-json\/wp\/v2\/media?parent=57569"}],"wp:term":[{"taxonomy":"category","embeddable":true,"href":"https:\/\/ppdegalicia.com\/es\/wp-json\/wp\/v2\/categories?post=57569"},{"taxonomy":"post_tag","embeddable":true,"href":"https:\/\/ppdegalicia.com\/es\/wp-json\/wp\/v2\/tags?post=57569"}],"curies":[{"name":"wp","href":"https:\/\/api.w.org\/{rel}","templated":true}]}}