{"id":57573,"date":"2022-11-03T13:13:19","date_gmt":"2022-11-03T11:13:19","guid":{"rendered":"https:\/\/ppdegalicia.com\/rueda-o-lugo-que-ofrece-o-pp-e-o-que-queren-a-maioria-dos-lucenses-e-por-iso-continuaremos-facendo-a-politica-mais-util-para-a-provincia\/"},"modified":"2022-11-03T13:13:19","modified_gmt":"2022-11-03T11:13:19","slug":"rueda-o-lugo-que-ofrece-o-pp-e-o-que-queren-a-maioria-dos-lucenses-e-por-iso-continuaremos-facendo-a-politica-mais-util-para-a-provincia","status":"publish","type":"post","link":"https:\/\/ppdegalicia.com\/es\/rueda-o-lugo-que-ofrece-o-pp-e-o-que-queren-a-maioria-dos-lucenses-e-por-iso-continuaremos-facendo-a-politica-mais-util-para-a-provincia\/","title":{"rendered":"Rueda: \u201cO Lugo que ofrece o PP \u00e9 o que queren a maior\u00eda dos lucenses e por iso continuaremos facendo a pol\u00edtica m\u00e1is \u00fatil para a provincia\u201d"},"content":{"rendered":"<p><img fetchpriority=\"high\" decoding=\"async\" class=\" size-full wp-image-57572\" src=\"https:\/\/ppdegalicia.com\/wp-content\/uploads\/2022\/11\/d52db21c8b73dfa7443cd2f08e42db28.jpg\" alt=\"\" width=\"2048\" height=\"1325\" srcset=\"https:\/\/ppdegalicia.com\/wp-content\/uploads\/2022\/11\/d52db21c8b73dfa7443cd2f08e42db28.jpg 2048w, https:\/\/ppdegalicia.com\/wp-content\/uploads\/2022\/11\/d52db21c8b73dfa7443cd2f08e42db28-300x194.jpg 300w, https:\/\/ppdegalicia.com\/wp-content\/uploads\/2022\/11\/d52db21c8b73dfa7443cd2f08e42db28-1024x663.jpg 1024w, https:\/\/ppdegalicia.com\/wp-content\/uploads\/2022\/11\/d52db21c8b73dfa7443cd2f08e42db28-768x497.jpg 768w, https:\/\/ppdegalicia.com\/wp-content\/uploads\/2022\/11\/d52db21c8b73dfa7443cd2f08e42db28-1536x994.jpg 1536w\" sizes=\"(max-width: 2048px) 100vw, 2048px\" \/><\/p>\n<p>Na Xunta Directiva Provincial de Lugo,\u00a0o presidente do PPdeG puxo en valor o traballo dos populares de Lugo \u201cpisando a r\u00faa nos seus 67 concellos, falando coa xente, preparando un proxecto que devolva a ilusi\u00f3n aos lucenses, recollendo e mellorando o traballo feito e facendo a pol\u00edtica m\u00e1is \u00fatil para a provincia\u201d.<\/p>\n<p><!--more--><\/p>\n<p>\u201cO Lugo que ofrece o Partido Popular \u00e9 o que queren a maior\u00eda dos lucenses: un Lugo innovador, de oportunidades, amable, conectado e coas infraestruturas que merece\u201d, engadiu\u00a0o l\u00edder dos populares galegos,\u00a0antes de asegurar\u00a0que \u201cnos Orzamentos de 2023 a Xunta investir\u00e1 en cada lugu\u00e9s m\u00e1is que en calquera outro habitante do resto das provincias\u201d e cifra en m\u00e1is de 1.700 mill\u00f3ns de euros o investimento auton\u00f3mico en Lugo para \u201cfavorecer o seu benestar e impulsar a s\u00faa prosperidade\u201d<\/p>\n<p>\u00a0<\/p>\n<p>\u201cAs contas para o pr\u00f3ximo ano vannos permitir mellorar o HULA, o Hospital da Mari\u00f1a, ultimar o centro de sa\u00fade do Barrio da Residencia e tratar de incorporar a 130 profesionais; as\u00ed como apostar por infraestruturas como a Ronda Leste e por m\u00e1is coidados e centros como o de Antas de Ulla e a reforma do das G\u00e1ndaras\u201d, anunciou Rueda, quen non dubidou\u00a0en afirmar que \u201cElena Candia \u00e9 a mellor candidata para conseguir un Lugo mellor\u201d e por iso se mostrou convencido de que \u201cos lucenses a escoller\u00e1n como a alcaldesa que merecen e necesitan\u201d<\/p>\n<p>\u00a0<\/p>\n<p>Finalmente, referiuse \u00e1 candidata \u00e1 alcald\u00eda de Lugo salientando que \u201cElena Candia \u00e9 unha servidora capaz e con car\u00e1cter que ten demostrado que non lle asustan os retos dif\u00edciles. Malia todas as circunstancias que lle pod\u00edan aconsellar non dar un paso \u00e1 fronte, ela escolleu Lugo\u201d.<\/p>\n<p>\u00a0<\/p>\n<p><strong><u>ELENA CANDIA<\/u><\/strong><strong><u>: \u201cRUEDA CUMPRE A PALABRA DADA\u201d<\/u><\/strong><\/p>\n<p><strong><u>\u00a0<\/u><\/strong><\/p>\n<p>Pola s\u00faa parte,\u00a0a presidenta provincial e candidata \u00e1 alcald\u00eda de Lugo, Elena Candia, puxo en valor que a Xunta de Galicia \u00e9 a administraci\u00f3n que m\u00e1is inviste con diferencia en Lugo e contrapuxo esta actitude coa do Goberno central, ao afirmar:\u00a0\u201cFronte a un Pedro S\u00e1nchez que esnaquizou todos os proxectos de infraestruturas proxectados co goberno de Mariano Rajoy; Alfonso Rueda non s\u00f3 cumpre a palabra dada, sen\u00f3n que fai realidade iniciativas tan importantes para os lucenses como a Rolda Leste\u201d.<\/p>\n<p>\u00a0<\/p>\n<p>Candia reivindicou as emendas presentadas polos populares aos Orzamentos Xerais do Estado para 2023, nas que piden \u201calto e claro\u201d que non se desconecte a Lugo da Alta Velocidade; \u201ce para iso hai que recuperar a construci\u00f3n das variantes eliminadas\u201d, dixo.<\/p>\n<p>\u00a0<\/p>\n<p>En clave local, a candidata \u00e1 alcald\u00eda prometeu que seguir\u00e1 traballando coas asociaci\u00f3ns, colectivos e o tecido socioecon\u00f3mico de Lugo para \u201cconstru\u00edr man a man un verdadeiro proxecto de cidade\u201d e lembrou que seguen renovando as agrupaci\u00f3ns locais para ter proxectos ga\u00f1adores que axuden a conseguir a Deputaci\u00f3n.<\/p>\n","protected":false},"excerpt":{"rendered":"<p>Na Xunta Directiva Provincial de Lugo,\u00a0o presidente do PPdeG puxo en valor o traballo dos populares de Lugo \u201cpisando a r\u00faa nos seus 67 concellos, falando coa xente, preparando un proxecto que devolva a ilusi\u00f3n aos lucenses, recollendo e mellorando o traballo feito e facendo a pol\u00edtica m\u00e1is \u00fatil para a provincia\u201d.<\/p>\n","protected":false},"author":38,"featured_media":57572,"comment_status":"open","ping_status":"open","sticky":false,"template":"","format":"standard","meta":{"_acf_changed":false,"footnotes":""},"categories":[1],"tags":[],"class_list":["post-57573","post","type-post","status-publish","format-standard","has-post-thumbnail","hentry","category-pp-de-galicia"],"acf":[],"yoast_head":"<!-- This site is optimized with the Yoast SEO plugin v27.3 - https:\/\/yoast.com\/product\/yoast-seo-wordpress\/ -->\n<title>Rueda: \u201cO Lugo que ofrece o PP \u00e9 o que queren a maior\u00eda dos lucenses e por iso continuaremos facendo a pol\u00edtica m\u00e1is \u00fatil para a provincia\u201d - PP de Galicia<\/title>\n<meta name=\"robots\" content=\"index, follow, max-snippet:-1, max-image-preview:large, max-video-preview:-1\" \/>\n<link rel=\"canonical\" href=\"https:\/\/ppdegalicia.com\/es\/rueda-o-lugo-que-ofrece-o-pp-e-o-que-queren-a-maioria-dos-lucenses-e-por-iso-continuaremos-facendo-a-politica-mais-util-para-a-provincia\/\" \/>\n<meta property=\"og:locale\" content=\"es_ES\" \/>\n<meta property=\"og:type\" content=\"article\" \/>\n<meta property=\"og:title\" content=\"Rueda: \u201cO Lugo que ofrece o PP \u00e9 o que queren a maior\u00eda dos lucenses e por iso continuaremos facendo a pol\u00edtica m\u00e1is \u00fatil para a provincia\u201d - PP de Galicia\" \/>\n<meta property=\"og:description\" content=\"Na Xunta Directiva Provincial de Lugo,\u00a0o presidente do PPdeG puxo en valor o traballo dos populares de Lugo \u201cpisando a r\u00faa nos seus 67 concellos, falando coa xente, preparando un proxecto que devolva a ilusi\u00f3n aos lucenses, recollendo e mellorando o traballo feito e facendo a pol\u00edtica m\u00e1is \u00fatil para a provincia\u201d.\" \/>\n<meta property=\"og:url\" content=\"https:\/\/ppdegalicia.com\/es\/rueda-o-lugo-que-ofrece-o-pp-e-o-que-queren-a-maioria-dos-lucenses-e-por-iso-continuaremos-facendo-a-politica-mais-util-para-a-provincia\/\" \/>\n<meta property=\"og:site_name\" content=\"PP de Galicia\" \/>\n<meta property=\"article:publisher\" content=\"https:\/\/www.instagram.com\/ppdegalicia\/\" \/>\n<meta property=\"article:published_time\" content=\"2022-11-03T11:13:19+00:00\" \/>\n<meta property=\"og:image\" content=\"https:\/\/ppdegalicia.com\/wp-content\/uploads\/2022\/11\/d52db21c8b73dfa7443cd2f08e42db28.jpg\" \/>\n\t<meta property=\"og:image:width\" content=\"2048\" \/>\n\t<meta property=\"og:image:height\" content=\"1325\" \/>\n\t<meta property=\"og:image:type\" content=\"image\/jpeg\" \/>\n<meta name=\"author\" content=\"ppdegaliciaredes\" \/>\n<meta name=\"twitter:card\" content=\"summary_large_image\" \/>\n<meta name=\"twitter:creator\" content=\"@ppdegalicia\" \/>\n<meta name=\"twitter:site\" content=\"@ppdegalicia\" \/>\n<meta name=\"twitter:label1\" content=\"Escrito por\" \/>\n\t<meta name=\"twitter:data1\" content=\"ppdegaliciaredes\" \/>\n\t<meta name=\"twitter:label2\" content=\"Tiempo de lectura\" \/>\n\t<meta name=\"twitter:data2\" content=\"2 minutos\" \/>\n<script type=\"application\/ld+json\" class=\"yoast-schema-graph\">{\"@context\":\"https:\\\/\\\/schema.org\",\"@graph\":[{\"@type\":\"Article\",\"@id\":\"https:\\\/\\\/ppdegalicia.com\\\/es\\\/rueda-o-lugo-que-ofrece-o-pp-e-o-que-queren-a-maioria-dos-lucenses-e-por-iso-continuaremos-facendo-a-politica-mais-util-para-a-provincia\\\/#article\",\"isPartOf\":{\"@id\":\"https:\\\/\\\/ppdegalicia.com\\\/es\\\/rueda-o-lugo-que-ofrece-o-pp-e-o-que-queren-a-maioria-dos-lucenses-e-por-iso-continuaremos-facendo-a-politica-mais-util-para-a-provincia\\\/\"},\"author\":{\"name\":\"ppdegaliciaredes\",\"@id\":\"https:\\\/\\\/ppdegalicia.com\\\/es\\\/#\\\/schema\\\/person\\\/5b822c6f59e872ebdd1142f307dbcb59\"},\"headline\":\"Rueda: \u201cO Lugo que ofrece o PP \u00e9 o que queren a maior\u00eda dos lucenses e por iso continuaremos facendo a pol\u00edtica m\u00e1is \u00fatil para a provincia\u201d\",\"datePublished\":\"2022-11-03T11:13:19+00:00\",\"mainEntityOfPage\":{\"@id\":\"https:\\\/\\\/ppdegalicia.com\\\/es\\\/rueda-o-lugo-que-ofrece-o-pp-e-o-que-queren-a-maioria-dos-lucenses-e-por-iso-continuaremos-facendo-a-politica-mais-util-para-a-provincia\\\/\"},\"wordCount\":505,\"commentCount\":0,\"publisher\":{\"@id\":\"https:\\\/\\\/ppdegalicia.com\\\/es\\\/#organization\"},\"image\":{\"@id\":\"https:\\\/\\\/ppdegalicia.com\\\/es\\\/rueda-o-lugo-que-ofrece-o-pp-e-o-que-queren-a-maioria-dos-lucenses-e-por-iso-continuaremos-facendo-a-politica-mais-util-para-a-provincia\\\/#primaryimage\"},\"thumbnailUrl\":\"https:\\\/\\\/ppdegalicia.com\\\/wp-content\\\/uploads\\\/2022\\\/11\\\/d52db21c8b73dfa7443cd2f08e42db28.jpg\",\"articleSection\":[\"PP de Galicia\"],\"inLanguage\":\"es\",\"potentialAction\":[{\"@type\":\"CommentAction\",\"name\":\"Comment\",\"target\":[\"https:\\\/\\\/ppdegalicia.com\\\/es\\\/rueda-o-lugo-que-ofrece-o-pp-e-o-que-queren-a-maioria-dos-lucenses-e-por-iso-continuaremos-facendo-a-politica-mais-util-para-a-provincia\\\/#respond\"]}]},{\"@type\":\"WebPage\",\"@id\":\"https:\\\/\\\/ppdegalicia.com\\\/es\\\/rueda-o-lugo-que-ofrece-o-pp-e-o-que-queren-a-maioria-dos-lucenses-e-por-iso-continuaremos-facendo-a-politica-mais-util-para-a-provincia\\\/\",\"url\":\"https:\\\/\\\/ppdegalicia.com\\\/es\\\/rueda-o-lugo-que-ofrece-o-pp-e-o-que-queren-a-maioria-dos-lucenses-e-por-iso-continuaremos-facendo-a-politica-mais-util-para-a-provincia\\\/\",\"name\":\"Rueda: \u201cO Lugo que ofrece o PP \u00e9 o que queren a maior\u00eda dos lucenses e por iso continuaremos facendo a pol\u00edtica m\u00e1is \u00fatil para a provincia\u201d - PP de Galicia\",\"isPartOf\":{\"@id\":\"https:\\\/\\\/ppdegalicia.com\\\/es\\\/#website\"},\"primaryImageOfPage\":{\"@id\":\"https:\\\/\\\/ppdegalicia.com\\\/es\\\/rueda-o-lugo-que-ofrece-o-pp-e-o-que-queren-a-maioria-dos-lucenses-e-por-iso-continuaremos-facendo-a-politica-mais-util-para-a-provincia\\\/#primaryimage\"},\"image\":{\"@id\":\"https:\\\/\\\/ppdegalicia.com\\\/es\\\/rueda-o-lugo-que-ofrece-o-pp-e-o-que-queren-a-maioria-dos-lucenses-e-por-iso-continuaremos-facendo-a-politica-mais-util-para-a-provincia\\\/#primaryimage\"},\"thumbnailUrl\":\"https:\\\/\\\/ppdegalicia.com\\\/wp-content\\\/uploads\\\/2022\\\/11\\\/d52db21c8b73dfa7443cd2f08e42db28.jpg\",\"datePublished\":\"2022-11-03T11:13:19+00:00\",\"breadcrumb\":{\"@id\":\"https:\\\/\\\/ppdegalicia.com\\\/es\\\/rueda-o-lugo-que-ofrece-o-pp-e-o-que-queren-a-maioria-dos-lucenses-e-por-iso-continuaremos-facendo-a-politica-mais-util-para-a-provincia\\\/#breadcrumb\"},\"inLanguage\":\"es\",\"potentialAction\":[{\"@type\":\"ReadAction\",\"target\":[\"https:\\\/\\\/ppdegalicia.com\\\/es\\\/rueda-o-lugo-que-ofrece-o-pp-e-o-que-queren-a-maioria-dos-lucenses-e-por-iso-continuaremos-facendo-a-politica-mais-util-para-a-provincia\\\/\"]}]},{\"@type\":\"ImageObject\",\"inLanguage\":\"es\",\"@id\":\"https:\\\/\\\/ppdegalicia.com\\\/es\\\/rueda-o-lugo-que-ofrece-o-pp-e-o-que-queren-a-maioria-dos-lucenses-e-por-iso-continuaremos-facendo-a-politica-mais-util-para-a-provincia\\\/#primaryimage\",\"url\":\"https:\\\/\\\/ppdegalicia.com\\\/wp-content\\\/uploads\\\/2022\\\/11\\\/d52db21c8b73dfa7443cd2f08e42db28.jpg\",\"contentUrl\":\"https:\\\/\\\/ppdegalicia.com\\\/wp-content\\\/uploads\\\/2022\\\/11\\\/d52db21c8b73dfa7443cd2f08e42db28.jpg\",\"width\":2048,\"height\":1325},{\"@type\":\"BreadcrumbList\",\"@id\":\"https:\\\/\\\/ppdegalicia.com\\\/es\\\/rueda-o-lugo-que-ofrece-o-pp-e-o-que-queren-a-maioria-dos-lucenses-e-por-iso-continuaremos-facendo-a-politica-mais-util-para-a-provincia\\\/#breadcrumb\",\"itemListElement\":[{\"@type\":\"ListItem\",\"position\":1,\"name\":\"Portada\",\"item\":\"https:\\\/\\\/ppdegalicia.com\\\/es\\\/\"},{\"@type\":\"ListItem\",\"position\":2,\"name\":\"Rueda: \u201cO Lugo que ofrece o PP \u00e9 o que queren a maior\u00eda dos lucenses e por iso continuaremos facendo a pol\u00edtica m\u00e1is \u00fatil para a provincia\u201d\"}]},{\"@type\":\"WebSite\",\"@id\":\"https:\\\/\\\/ppdegalicia.com\\\/es\\\/#website\",\"url\":\"https:\\\/\\\/ppdegalicia.com\\\/es\\\/\",\"name\":\"Partido Popular de Galicia\",\"description\":\"Partido Popular de Galicia\",\"publisher\":{\"@id\":\"https:\\\/\\\/ppdegalicia.com\\\/es\\\/#organization\"},\"alternateName\":\"PP de Galicia\",\"potentialAction\":[{\"@type\":\"SearchAction\",\"target\":{\"@type\":\"EntryPoint\",\"urlTemplate\":\"https:\\\/\\\/ppdegalicia.com\\\/es\\\/?s={search_term_string}\"},\"query-input\":{\"@type\":\"PropertyValueSpecification\",\"valueRequired\":true,\"valueName\":\"search_term_string\"}}],\"inLanguage\":\"es\"},{\"@type\":\"Organization\",\"@id\":\"https:\\\/\\\/ppdegalicia.com\\\/es\\\/#organization\",\"name\":\"Partido Popular de Galicia\",\"alternateName\":\"PP de Galicia\",\"url\":\"https:\\\/\\\/ppdegalicia.com\\\/es\\\/\",\"logo\":{\"@type\":\"ImageObject\",\"inLanguage\":\"es\",\"@id\":\"https:\\\/\\\/ppdegalicia.com\\\/es\\\/#\\\/schema\\\/logo\\\/image\\\/\",\"url\":\"https:\\\/\\\/ppdegalicia.com\\\/wp-content\\\/uploads\\\/2023\\\/04\\\/logoPP512.png\",\"contentUrl\":\"https:\\\/\\\/ppdegalicia.com\\\/wp-content\\\/uploads\\\/2023\\\/04\\\/logoPP512.png\",\"width\":512,\"height\":512,\"caption\":\"Partido Popular de Galicia\"},\"image\":{\"@id\":\"https:\\\/\\\/ppdegalicia.com\\\/es\\\/#\\\/schema\\\/logo\\\/image\\\/\"},\"sameAs\":[\"https:\\\/\\\/www.instagram.com\\\/ppdegalicia\\\/\",\"https:\\\/\\\/x.com\\\/ppdegalicia\",\"https:\\\/\\\/www.tiktok.com\\\/@ppdegalicia\",\"https:\\\/\\\/www.youtube.com\\\/user\\\/ppdegalicia\"]},{\"@type\":\"Person\",\"@id\":\"https:\\\/\\\/ppdegalicia.com\\\/es\\\/#\\\/schema\\\/person\\\/5b822c6f59e872ebdd1142f307dbcb59\",\"name\":\"ppdegaliciaredes\",\"image\":{\"@type\":\"ImageObject\",\"inLanguage\":\"es\",\"@id\":\"https:\\\/\\\/secure.gravatar.com\\\/avatar\\\/3c9179cf0256d00c72a48d1f25783c58b6842cd56e85ef3a572881c8e28ccd59?s=96&d=mm&r=g\",\"url\":\"https:\\\/\\\/secure.gravatar.com\\\/avatar\\\/3c9179cf0256d00c72a48d1f25783c58b6842cd56e85ef3a572881c8e28ccd59?s=96&d=mm&r=g\",\"contentUrl\":\"https:\\\/\\\/secure.gravatar.com\\\/avatar\\\/3c9179cf0256d00c72a48d1f25783c58b6842cd56e85ef3a572881c8e28ccd59?s=96&d=mm&r=g\",\"caption\":\"ppdegaliciaredes\"},\"url\":\"https:\\\/\\\/ppdegalicia.com\\\/es\\\/author\\\/ppdegaliciaredes\\\/\"}]}<\/script>\n<!-- \/ Yoast SEO plugin. -->","yoast_head_json":{"title":"Rueda: \u201cO Lugo que ofrece o PP \u00e9 o que queren a maior\u00eda dos lucenses e por iso continuaremos facendo a pol\u00edtica m\u00e1is \u00fatil para a provincia\u201d - PP de Galicia","robots":{"index":"index","follow":"follow","max-snippet":"max-snippet:-1","max-image-preview":"max-image-preview:large","max-video-preview":"max-video-preview:-1"},"canonical":"https:\/\/ppdegalicia.com\/es\/rueda-o-lugo-que-ofrece-o-pp-e-o-que-queren-a-maioria-dos-lucenses-e-por-iso-continuaremos-facendo-a-politica-mais-util-para-a-provincia\/","og_locale":"es_ES","og_type":"article","og_title":"Rueda: \u201cO Lugo que ofrece o PP \u00e9 o que queren a maior\u00eda dos lucenses e por iso continuaremos facendo a pol\u00edtica m\u00e1is \u00fatil para a provincia\u201d - PP de Galicia","og_description":"Na Xunta Directiva Provincial de Lugo,\u00a0o presidente do PPdeG puxo en valor o traballo dos populares de Lugo \u201cpisando a r\u00faa nos seus 67 concellos, falando coa xente, preparando un proxecto que devolva a ilusi\u00f3n aos lucenses, recollendo e mellorando o traballo feito e facendo a pol\u00edtica m\u00e1is \u00fatil para a provincia\u201d.","og_url":"https:\/\/ppdegalicia.com\/es\/rueda-o-lugo-que-ofrece-o-pp-e-o-que-queren-a-maioria-dos-lucenses-e-por-iso-continuaremos-facendo-a-politica-mais-util-para-a-provincia\/","og_site_name":"PP de Galicia","article_publisher":"https:\/\/www.instagram.com\/ppdegalicia\/","article_published_time":"2022-11-03T11:13:19+00:00","og_image":[{"width":2048,"height":1325,"url":"https:\/\/ppdegalicia.com\/wp-content\/uploads\/2022\/11\/d52db21c8b73dfa7443cd2f08e42db28.jpg","type":"image\/jpeg"}],"author":"ppdegaliciaredes","twitter_card":"summary_large_image","twitter_creator":"@ppdegalicia","twitter_site":"@ppdegalicia","twitter_misc":{"Escrito por":"ppdegaliciaredes","Tiempo de lectura":"2 minutos"},"schema":{"@context":"https:\/\/schema.org","@graph":[{"@type":"Article","@id":"https:\/\/ppdegalicia.com\/es\/rueda-o-lugo-que-ofrece-o-pp-e-o-que-queren-a-maioria-dos-lucenses-e-por-iso-continuaremos-facendo-a-politica-mais-util-para-a-provincia\/#article","isPartOf":{"@id":"https:\/\/ppdegalicia.com\/es\/rueda-o-lugo-que-ofrece-o-pp-e-o-que-queren-a-maioria-dos-lucenses-e-por-iso-continuaremos-facendo-a-politica-mais-util-para-a-provincia\/"},"author":{"name":"ppdegaliciaredes","@id":"https:\/\/ppdegalicia.com\/es\/#\/schema\/person\/5b822c6f59e872ebdd1142f307dbcb59"},"headline":"Rueda: \u201cO Lugo que ofrece o PP \u00e9 o que queren a maior\u00eda dos lucenses e por iso continuaremos facendo a pol\u00edtica m\u00e1is \u00fatil para a provincia\u201d","datePublished":"2022-11-03T11:13:19+00:00","mainEntityOfPage":{"@id":"https:\/\/ppdegalicia.com\/es\/rueda-o-lugo-que-ofrece-o-pp-e-o-que-queren-a-maioria-dos-lucenses-e-por-iso-continuaremos-facendo-a-politica-mais-util-para-a-provincia\/"},"wordCount":505,"commentCount":0,"publisher":{"@id":"https:\/\/ppdegalicia.com\/es\/#organization"},"image":{"@id":"https:\/\/ppdegalicia.com\/es\/rueda-o-lugo-que-ofrece-o-pp-e-o-que-queren-a-maioria-dos-lucenses-e-por-iso-continuaremos-facendo-a-politica-mais-util-para-a-provincia\/#primaryimage"},"thumbnailUrl":"https:\/\/ppdegalicia.com\/wp-content\/uploads\/2022\/11\/d52db21c8b73dfa7443cd2f08e42db28.jpg","articleSection":["PP de Galicia"],"inLanguage":"es","potentialAction":[{"@type":"CommentAction","name":"Comment","target":["https:\/\/ppdegalicia.com\/es\/rueda-o-lugo-que-ofrece-o-pp-e-o-que-queren-a-maioria-dos-lucenses-e-por-iso-continuaremos-facendo-a-politica-mais-util-para-a-provincia\/#respond"]}]},{"@type":"WebPage","@id":"https:\/\/ppdegalicia.com\/es\/rueda-o-lugo-que-ofrece-o-pp-e-o-que-queren-a-maioria-dos-lucenses-e-por-iso-continuaremos-facendo-a-politica-mais-util-para-a-provincia\/","url":"https:\/\/ppdegalicia.com\/es\/rueda-o-lugo-que-ofrece-o-pp-e-o-que-queren-a-maioria-dos-lucenses-e-por-iso-continuaremos-facendo-a-politica-mais-util-para-a-provincia\/","name":"Rueda: \u201cO Lugo que ofrece o PP \u00e9 o que queren a maior\u00eda dos lucenses e por iso continuaremos facendo a pol\u00edtica m\u00e1is \u00fatil para a provincia\u201d - PP de Galicia","isPartOf":{"@id":"https:\/\/ppdegalicia.com\/es\/#website"},"primaryImageOfPage":{"@id":"https:\/\/ppdegalicia.com\/es\/rueda-o-lugo-que-ofrece-o-pp-e-o-que-queren-a-maioria-dos-lucenses-e-por-iso-continuaremos-facendo-a-politica-mais-util-para-a-provincia\/#primaryimage"},"image":{"@id":"https:\/\/ppdegalicia.com\/es\/rueda-o-lugo-que-ofrece-o-pp-e-o-que-queren-a-maioria-dos-lucenses-e-por-iso-continuaremos-facendo-a-politica-mais-util-para-a-provincia\/#primaryimage"},"thumbnailUrl":"https:\/\/ppdegalicia.com\/wp-content\/uploads\/2022\/11\/d52db21c8b73dfa7443cd2f08e42db28.jpg","datePublished":"2022-11-03T11:13:19+00:00","breadcrumb":{"@id":"https:\/\/ppdegalicia.com\/es\/rueda-o-lugo-que-ofrece-o-pp-e-o-que-queren-a-maioria-dos-lucenses-e-por-iso-continuaremos-facendo-a-politica-mais-util-para-a-provincia\/#breadcrumb"},"inLanguage":"es","potentialAction":[{"@type":"ReadAction","target":["https:\/\/ppdegalicia.com\/es\/rueda-o-lugo-que-ofrece-o-pp-e-o-que-queren-a-maioria-dos-lucenses-e-por-iso-continuaremos-facendo-a-politica-mais-util-para-a-provincia\/"]}]},{"@type":"ImageObject","inLanguage":"es","@id":"https:\/\/ppdegalicia.com\/es\/rueda-o-lugo-que-ofrece-o-pp-e-o-que-queren-a-maioria-dos-lucenses-e-por-iso-continuaremos-facendo-a-politica-mais-util-para-a-provincia\/#primaryimage","url":"https:\/\/ppdegalicia.com\/wp-content\/uploads\/2022\/11\/d52db21c8b73dfa7443cd2f08e42db28.jpg","contentUrl":"https:\/\/ppdegalicia.com\/wp-content\/uploads\/2022\/11\/d52db21c8b73dfa7443cd2f08e42db28.jpg","width":2048,"height":1325},{"@type":"BreadcrumbList","@id":"https:\/\/ppdegalicia.com\/es\/rueda-o-lugo-que-ofrece-o-pp-e-o-que-queren-a-maioria-dos-lucenses-e-por-iso-continuaremos-facendo-a-politica-mais-util-para-a-provincia\/#breadcrumb","itemListElement":[{"@type":"ListItem","position":1,"name":"Portada","item":"https:\/\/ppdegalicia.com\/es\/"},{"@type":"ListItem","position":2,"name":"Rueda: \u201cO Lugo que ofrece o PP \u00e9 o que queren a maior\u00eda dos lucenses e por iso continuaremos facendo a pol\u00edtica m\u00e1is \u00fatil para a provincia\u201d"}]},{"@type":"WebSite","@id":"https:\/\/ppdegalicia.com\/es\/#website","url":"https:\/\/ppdegalicia.com\/es\/","name":"Partido Popular de Galicia","description":"Partido Popular de Galicia","publisher":{"@id":"https:\/\/ppdegalicia.com\/es\/#organization"},"alternateName":"PP de Galicia","potentialAction":[{"@type":"SearchAction","target":{"@type":"EntryPoint","urlTemplate":"https:\/\/ppdegalicia.com\/es\/?s={search_term_string}"},"query-input":{"@type":"PropertyValueSpecification","valueRequired":true,"valueName":"search_term_string"}}],"inLanguage":"es"},{"@type":"Organization","@id":"https:\/\/ppdegalicia.com\/es\/#organization","name":"Partido Popular de Galicia","alternateName":"PP de Galicia","url":"https:\/\/ppdegalicia.com\/es\/","logo":{"@type":"ImageObject","inLanguage":"es","@id":"https:\/\/ppdegalicia.com\/es\/#\/schema\/logo\/image\/","url":"https:\/\/ppdegalicia.com\/wp-content\/uploads\/2023\/04\/logoPP512.png","contentUrl":"https:\/\/ppdegalicia.com\/wp-content\/uploads\/2023\/04\/logoPP512.png","width":512,"height":512,"caption":"Partido Popular de Galicia"},"image":{"@id":"https:\/\/ppdegalicia.com\/es\/#\/schema\/logo\/image\/"},"sameAs":["https:\/\/www.instagram.com\/ppdegalicia\/","https:\/\/x.com\/ppdegalicia","https:\/\/www.tiktok.com\/@ppdegalicia","https:\/\/www.youtube.com\/user\/ppdegalicia"]},{"@type":"Person","@id":"https:\/\/ppdegalicia.com\/es\/#\/schema\/person\/5b822c6f59e872ebdd1142f307dbcb59","name":"ppdegaliciaredes","image":{"@type":"ImageObject","inLanguage":"es","@id":"https:\/\/secure.gravatar.com\/avatar\/3c9179cf0256d00c72a48d1f25783c58b6842cd56e85ef3a572881c8e28ccd59?s=96&d=mm&r=g","url":"https:\/\/secure.gravatar.com\/avatar\/3c9179cf0256d00c72a48d1f25783c58b6842cd56e85ef3a572881c8e28ccd59?s=96&d=mm&r=g","contentUrl":"https:\/\/secure.gravatar.com\/avatar\/3c9179cf0256d00c72a48d1f25783c58b6842cd56e85ef3a572881c8e28ccd59?s=96&d=mm&r=g","caption":"ppdegaliciaredes"},"url":"https:\/\/ppdegalicia.com\/es\/author\/ppdegaliciaredes\/"}]}},"_links":{"self":[{"href":"https:\/\/ppdegalicia.com\/es\/wp-json\/wp\/v2\/posts\/57573","targetHints":{"allow":["GET"]}}],"collection":[{"href":"https:\/\/ppdegalicia.com\/es\/wp-json\/wp\/v2\/posts"}],"about":[{"href":"https:\/\/ppdegalicia.com\/es\/wp-json\/wp\/v2\/types\/post"}],"author":[{"embeddable":true,"href":"https:\/\/ppdegalicia.com\/es\/wp-json\/wp\/v2\/users\/38"}],"replies":[{"embeddable":true,"href":"https:\/\/ppdegalicia.com\/es\/wp-json\/wp\/v2\/comments?post=57573"}],"version-history":[{"count":0,"href":"https:\/\/ppdegalicia.com\/es\/wp-json\/wp\/v2\/posts\/57573\/revisions"}],"wp:featuredmedia":[{"embeddable":true,"href":"https:\/\/ppdegalicia.com\/es\/wp-json\/wp\/v2\/media\/57572"}],"wp:attachment":[{"href":"https:\/\/ppdegalicia.com\/es\/wp-json\/wp\/v2\/media?parent=57573"}],"wp:term":[{"taxonomy":"category","embeddable":true,"href":"https:\/\/ppdegalicia.com\/es\/wp-json\/wp\/v2\/categories?post=57573"},{"taxonomy":"post_tag","embeddable":true,"href":"https:\/\/ppdegalicia.com\/es\/wp-json\/wp\/v2\/tags?post=57573"}],"curies":[{"name":"wp","href":"https:\/\/api.w.org\/{rel}","templated":true}]}}